{"id":1968,"date":"2024-12-07T09:41:26","date_gmt":"2024-12-07T08:41:26","guid":{"rendered":"https:\/\/www.strassenweb.de\/nachrichten\/isabella-rossellinis-dunkle-bauernkueche-aus-holz-markiert-einen-wandel-in-der-welt-der-einrichtungstrends-ihr-reichhaltiger-strukturierter-raum-ist-die-zukunft-des-designs\/"},"modified":"2024-12-07T09:41:27","modified_gmt":"2024-12-07T08:41:27","slug":"isabella-rossellinis-dunkle-bauernkueche-aus-holz-markiert-einen-wandel-in-der-welt-der-einrichtungstrends-ihr-reichhaltiger-strukturierter-raum-ist-die-zukunft-des-designs","status":"publish","type":"post","link":"https:\/\/www.strassenweb.de\/nachrichten\/isabella-rossellinis-dunkle-bauernkueche-aus-holz-markiert-einen-wandel-in-der-welt-der-einrichtungstrends-ihr-reichhaltiger-strukturierter-raum-ist-die-zukunft-des-designs\/","title":{"rendered":"Isabella Rossellinis dunkle Bauernk\u00fcche aus Holz markiert einen Wandel in der Welt der Einrichtungstrends \u2013 ihr reichhaltiger, strukturierter Raum ist die Zukunft des Designs"},"content":{"rendered":"<p><\/p>\n<div id=\"article-body\" class=\"article__body \">\n<p>Die Schauspielerin Isabella Rossellini ist vielleicht ein Synonym f\u00fcr Hollywood, aber sie hat in Bellport, Long Island, ein zweites Erbe. Zusammen mit dem Architekten Pietro Cicognani hat das <em>Blauer Samt<\/em> star hat ein \u00e4u\u00dferst originelles Landhaus (mit dem Namen Mama Farm) geschaffen, das sich \u00fcber Konventionen hinwegsetzt \u2013 und kein Raum verk\u00f6rpert dies so sehr wie die K\u00fcche.<\/p>\n<div id=\"ad-unit-1\" class=\"ad-unit\"><\/div>\n<p>Es mag nur passend erscheinen, dass ein Haus auf einer Fl\u00e4che von 28 Hektar \u00fcber eine Bauernk\u00fcche verf\u00fcgt, die ihre rustikalen Wurzeln zelebriert \u2013 doch im Gegensatz zu herk\u00f6mmlichen R\u00e4umen mit diesem bevorzugten Designstil steht ein Merkmal im Vordergrund: edles dunkles Holz.<\/p>\n<aside class=\"hawk-nest\" data-block-type=\"embed\" data-render-type=\"fte\" data-skip=\"dealsy\" data-widget-type=\"seasonal\">\n<div class=\"hawk-master-widget-hawk-base-wrapper\"><\/div>\n<\/aside>\n<p>Der Ruf dunkler Holzk\u00fcchen ist seit langem umstritten, aber obwohl dieses Finish gewagt ist, zahlt es sich in den richtigen R\u00e4umen aus. Die K\u00fcche von Rossellini ist der Beweis daf\u00fcr, dass das Eintauchen in dunklere Farbt\u00f6ne in Ihren Raum (einschlie\u00dflich Schr\u00e4nke, R\u00fcckwand und Decke) beruhigende Ergebnisse hat, die geerdet, erdig und zeitlos wirken. Kein Wunder also, dass dieser Stil zu den Top-K\u00fcchentrends 2025 geh\u00f6rt, wie Designer erkl\u00e4ren.<\/p>\n<div id=\"desktop-in-article\" class=\"in-article ad-unit\">\n<div id=\"desktop-taboola-mid-article\"><\/div>\n<\/div>\n<div id=\"mobile-in-article\" class=\"in-article ad-unit\">\n<div id=\"mobile-taboola-mid-article\"><\/div>\n<\/div>\n<div class=\"instagram-embed\">\n<blockquote class=\"instagram-media\" data-instgrm-captioned data-instgrm-version=\"6\" style=\"width:99.375%; width:-webkit-calc(100% - 2px); width:calc(100% - 2px);\">\n<p>Ein Beitrag geteilt von Isabella Rossellini (@isabellarossellini)<\/p>\n<p>Ein Foto gepostet von am <\/p>\n<\/blockquote>\n<\/div>\n<p>\u201eDie Zeiten, in denen helle H\u00f6lzer gepaart mit wei\u00dfen W\u00e4nden und skandinavischen M\u00f6beln die Norm in Innenr\u00e4umen waren, sind l\u00e4ngst vorbei. \u201eDie Designwelt verlagert sich langsam hin zu dunkleren H\u00f6lzern wie Eiche, Walnuss und Teakholz, gewinnt an Beliebtheit und wird als Bodenbelag, M\u00f6bel, Wandverkleidung und insbesondere in K\u00fcchen verwendet\u201c, kommentiert Cathy Dean, CEO und Gr\u00fcnderin von <u>Studiodekan.<\/u><\/p>\n<div class=\"van_vid_carousel\">\n<div class=\"van_vid_carousel__padding\">\n<div class=\"van_vid_carousel__container\"><\/div>\n<\/div>\n<\/div>\n<p>Wie Dean erkl\u00e4rt, wirken dunkle Holzk\u00fcchen (insbesondere dort, wo viel Holz verwendet wird, wie in Rossellinis Raum zu sehen) taktil und nat\u00fcrlich. Auf diese Weise k\u00f6nnen Sie Ihrem Raum das Gef\u00fchl geben, mit der Erde verbunden zu sein, da keine k\u00fcnstlichen Farben erforderlich sind, die von einer authentischen, organischen \u00c4sthetik abweichen.<\/p>\n<div id=\"ad-unit-2\" class=\"ad-unit\"><\/div>\n<p>\u201eWir lieben es, die Natur in unsere Innenarchitektur zu integrieren, und Holz ist eine warme und haptische M\u00f6glichkeit, dies zu erreichen.\u201c \u201eF\u00fcr uns ist die Farbe des Holzes genauso wichtig und wirkungsvoll wie die Farbe oder die Farbe der M\u00f6bel. \u00dcberlegen Sie daher sorgf\u00e4ltig, wie sie zu Ihren Gesamtpl\u00e4nen und Themen passt.\u201c<\/p>\n<figure class=\"van-image-figure inline-layout \" data-bordeaux-image-check>\n<div class=\"image-full-width-wrapper\">\n<div class=\"image-widthsetter\" style=\"max-width:2000px;\"><\/div>\n<\/div>\n<\/figure>\n<p>Matt Phillips, der Betriebsleiter bei <u>Rotpunkt<\/u>stimmt zu. Als K\u00fcchenexperte sagt er, er habe beobachtet, dass Innenarchitekturtrends weiterhin von der Natur inspirierte \u00c4sthetik, nachhaltige Materialien und energieeffiziente Armaturen umfassen \u2013 und K\u00fcchen aus dunklem Holz seien die beste M\u00f6glichkeit, alle drei zu nutzen.<\/p>\n<div id=\"slice-container-newsletterForm-articleInbodyContent-DnPeTL3XZ34D5M9DwsEJpg\" class=\"slice-container newsletter-inbodyContent-slice newsletterForm-articleInbodyContent-DnPeTL3XZ34D5M9DwsEJpg slice-container-newsletterForm\"><\/div>\n<p>\u201eDunklere Holzdekore bieten moderne Planungsm\u00f6glichkeiten f\u00fcr den zeitgen\u00f6ssischen Wohnraum in der K\u00fcche und inspirieren nicht nur eine st\u00e4rkere Verbindung zur Natur, sondern befriedigen auch die anhaltende Vorliebe des Marktes f\u00fcr dunkle Farben, satte Texturen und auff\u00e4llige St\u00fccke im Zuhause\u201c, bemerkt er.<\/p>\n<p>\u201eDunklere Farben galten schon immer als luxuri\u00f6ser, und in Kombination mit hochwertigen Rohstoffen wie Walnuss und Glas k\u00f6nnen Hausbesitzer der K\u00fcche einen raffinierten Look verleihen, der ihr Tiefe und Dimension verleiht.\u201c<\/p>\n<h2 id=\"shop-the-look-3\">Shoppen Sie den Look<\/h2>\n<p>Wir m\u00fcssen nicht unsere ganze K\u00fcche renovieren, um die Vorteile von Holz genie\u00dfen zu k\u00f6nnen. Diese Picks eignen sich perfekt, um Ihrem Raum eine erdige \u00c4sthetik zu verleihen (f\u00fcr unter 50 $).<\/p>\n<div class=\"product-container hero-product-container product-block-no-wrap\"><\/div>\n<p>\u201eMit Blick auf das n\u00e4chste Jahr wird der Bedarf an ma\u00dfgeschneiderten Speicherl\u00f6sungen nur noch zunehmen und weiterhin den individuellen Bed\u00fcrfnissen und Lebensstilen rund um das Zuhause gerecht werden\u201c, f\u00fcgt Phillips in seinen Prognosen hinzu.<\/p>\n<p>\u201eTats\u00e4chlich gehe ich davon aus, dass \u00fcbergro\u00dfe Schr\u00e4nke und vertikale Aufbewahrungsl\u00f6sungen, die den Platzbedarf maximieren, weiter zunehmen werden, da sie dazu beitragen, den Raum effektiver zu nutzen, indem sie neue Optionen f\u00fcr den Wohnraum in der K\u00fcche aus dunklem Holz schaffen.\u201c Die Inspiration beginnt mit Isabella Rossellini.<\/p>\n<hr>\n<\/div>\n<p><script async src=\"\/\/www.instagram.com\/embed.js\"><\/script><\/p>\n","protected":false},"excerpt":{"rendered":"<p>Die Schauspielerin Isabella Rossellini ist vielleicht ein Synonym f\u00fcr Hollywood, aber sie hat in Bellport, Long Island, ein zweites Erbe. Zusammen mit dem Architekten Pietro<\/p>\n","protected":false},"author":1,"featured_media":1969,"comment_status":"closed","ping_status":"","sticky":false,"template":"","format":"standard","meta":{"footnotes":""},"categories":[118],"tags":[287,3493,81,281,3498,9,3492,166,3495,1246,170,3490,15,2057,182,3496,3491,3497,3494,2195,1228],"class_list":["post-1968","post","type-post","status-publish","format-standard","has-post-thumbnail","hentry","category-haus-garten","tag-aus","tag-bauernkueche","tag-der","tag-des","tag-designs","tag-die","tag-dunkle","tag-einen","tag-einrichtungstrends","tag-holz","tag-ihr","tag-isabella","tag-ist","tag-markiert","tag-raum","tag-reichhaltiger","tag-rossellinis","tag-strukturierter","tag-wandel","tag-welt","tag-zukunft","generate-columns","tablet-grid-50","mobile-grid-100","grid-parent","grid-50"],"yoast_head":"<!-- This site is optimized with the Yoast SEO plugin v27.3 - https:\/\/yoast.com\/product\/yoast-seo-wordpress\/ -->\n<title>Isabella Rossellinis dunkle Bauernk\u00fcche aus Holz markiert einen Wandel in der Welt der Einrichtungstrends \u2013 ihr reichhaltiger, strukturierter Raum ist die Zukunft des Designs - Nachrichten - Stra\u00dfenweb<\/title>\n<meta name=\"robots\" content=\"index, follow, max-snippet:-1, max-image-preview:large, max-video-preview:-1\" \/>\n<link rel=\"canonical\" href=\"https:\/\/www.strassenweb.de\/nachrichten\/isabella-rossellinis-dunkle-bauernkueche-aus-holz-markiert-einen-wandel-in-der-welt-der-einrichtungstrends-ihr-reichhaltiger-strukturierter-raum-ist-die-zukunft-des-designs\/\" \/>\n<meta property=\"og:locale\" content=\"de_DE\" \/>\n<meta property=\"og:type\" content=\"article\" \/>\n<meta property=\"og:title\" content=\"Isabella Rossellinis dunkle Bauernk\u00fcche aus Holz markiert einen Wandel in der Welt der Einrichtungstrends \u2013 ihr reichhaltiger, strukturierter Raum ist die Zukunft des Designs - Nachrichten - Stra\u00dfenweb\" \/>\n<meta property=\"og:description\" content=\"Die Schauspielerin Isabella Rossellini ist vielleicht ein Synonym f\u00fcr Hollywood, aber sie hat in Bellport, Long Island, ein zweites Erbe. Zusammen mit dem Architekten Pietro\" \/>\n<meta property=\"og:url\" content=\"https:\/\/www.strassenweb.de\/nachrichten\/isabella-rossellinis-dunkle-bauernkueche-aus-holz-markiert-einen-wandel-in-der-welt-der-einrichtungstrends-ihr-reichhaltiger-strukturierter-raum-ist-die-zukunft-des-designs\/\" \/>\n<meta property=\"og:site_name\" content=\"Stra\u00dfenweb\" \/>\n<meta property=\"article:publisher\" content=\"https:\/\/www.facebook.com\/strassenweb\/\" \/>\n<meta property=\"article:published_time\" content=\"2024-12-07T08:41:26+00:00\" \/>\n<meta property=\"article:modified_time\" content=\"2024-12-07T08:41:27+00:00\" \/>\n<meta property=\"og:image\" content=\"https:\/\/www.strassenweb.de\/nachrichten\/wp-content\/uploads\/2024\/12\/Isabella-Rossellinis-dunkle-Bauernkueche-aus-Holz-markiert-einen-Wandel-in.jpg\" \/>\n\t<meta property=\"og:image:width\" content=\"1200\" \/>\n\t<meta property=\"og:image:height\" content=\"675\" \/>\n\t<meta property=\"og:image:type\" content=\"image\/jpeg\" \/>\n<meta name=\"author\" content=\"Robert Hoffmann\" \/>\n<meta name=\"twitter:card\" content=\"summary_large_image\" \/>\n<meta name=\"twitter:label1\" content=\"Verfasst von\" \/>\n\t<meta name=\"twitter:data1\" content=\"Robert Hoffmann\" \/>\n\t<meta name=\"twitter:label2\" content=\"Gesch\u00e4tzte Lesezeit\" \/>\n\t<meta name=\"twitter:data2\" content=\"3\u00a0Minuten\" \/>\n<script type=\"application\/ld+json\" class=\"yoast-schema-graph\">{\"@context\":\"https:\\\/\\\/schema.org\",\"@graph\":[{\"@type\":\"Article\",\"@id\":\"https:\\\/\\\/www.strassenweb.de\\\/nachrichten\\\/isabella-rossellinis-dunkle-bauernkueche-aus-holz-markiert-einen-wandel-in-der-welt-der-einrichtungstrends-ihr-reichhaltiger-strukturierter-raum-ist-die-zukunft-des-designs\\\/#article\",\"isPartOf\":{\"@id\":\"https:\\\/\\\/www.strassenweb.de\\\/nachrichten\\\/isabella-rossellinis-dunkle-bauernkueche-aus-holz-markiert-einen-wandel-in-der-welt-der-einrichtungstrends-ihr-reichhaltiger-strukturierter-raum-ist-die-zukunft-des-designs\\\/\"},\"author\":{\"name\":\"Robert Hoffmann\",\"@id\":\"https:\\\/\\\/www.strassenweb.de\\\/nachrichten\\\/#\\\/schema\\\/person\\\/87c9c9067f1211da429a744dc5a5aa41\"},\"headline\":\"Isabella Rossellinis dunkle Bauernk\u00fcche aus Holz markiert einen Wandel in der Welt der Einrichtungstrends \u2013 ihr reichhaltiger, strukturierter Raum ist die Zukunft des Designs\",\"datePublished\":\"2024-12-07T08:41:26+00:00\",\"dateModified\":\"2024-12-07T08:41:27+00:00\",\"mainEntityOfPage\":{\"@id\":\"https:\\\/\\\/www.strassenweb.de\\\/nachrichten\\\/isabella-rossellinis-dunkle-bauernkueche-aus-holz-markiert-einen-wandel-in-der-welt-der-einrichtungstrends-ihr-reichhaltiger-strukturierter-raum-ist-die-zukunft-des-designs\\\/\"},\"wordCount\":658,\"publisher\":{\"@id\":\"https:\\\/\\\/www.strassenweb.de\\\/nachrichten\\\/#organization\"},\"image\":{\"@id\":\"https:\\\/\\\/www.strassenweb.de\\\/nachrichten\\\/isabella-rossellinis-dunkle-bauernkueche-aus-holz-markiert-einen-wandel-in-der-welt-der-einrichtungstrends-ihr-reichhaltiger-strukturierter-raum-ist-die-zukunft-des-designs\\\/#primaryimage\"},\"thumbnailUrl\":\"https:\\\/\\\/www.strassenweb.de\\\/nachrichten\\\/wp-content\\\/uploads\\\/2024\\\/12\\\/Isabella-Rossellinis-dunkle-Bauernkueche-aus-Holz-markiert-einen-Wandel-in.jpg\",\"keywords\":[\"aus\",\"Bauernk\u00fcche\",\"der\",\"des\",\"Designs\",\"die\",\"dunkle\",\"einen\",\"Einrichtungstrends\",\"Holz\",\"Ihr\",\"Isabella\",\"ist\",\"markiert\",\"Raum\",\"reichhaltiger\",\"Rossellinis\",\"strukturierter\",\"Wandel\",\"Welt\",\"Zukunft\"],\"articleSection\":[\"Haus &amp; Garten\"],\"inLanguage\":\"de\"},{\"@type\":\"WebPage\",\"@id\":\"https:\\\/\\\/www.strassenweb.de\\\/nachrichten\\\/isabella-rossellinis-dunkle-bauernkueche-aus-holz-markiert-einen-wandel-in-der-welt-der-einrichtungstrends-ihr-reichhaltiger-strukturierter-raum-ist-die-zukunft-des-designs\\\/\",\"url\":\"https:\\\/\\\/www.strassenweb.de\\\/nachrichten\\\/isabella-rossellinis-dunkle-bauernkueche-aus-holz-markiert-einen-wandel-in-der-welt-der-einrichtungstrends-ihr-reichhaltiger-strukturierter-raum-ist-die-zukunft-des-designs\\\/\",\"name\":\"Isabella Rossellinis dunkle Bauernk\u00fcche aus Holz markiert einen Wandel in der Welt der Einrichtungstrends \u2013 ihr reichhaltiger, strukturierter Raum ist die Zukunft des Designs - Nachrichten - Stra\u00dfenweb\",\"isPartOf\":{\"@id\":\"https:\\\/\\\/www.strassenweb.de\\\/nachrichten\\\/#website\"},\"primaryImageOfPage\":{\"@id\":\"https:\\\/\\\/www.strassenweb.de\\\/nachrichten\\\/isabella-rossellinis-dunkle-bauernkueche-aus-holz-markiert-einen-wandel-in-der-welt-der-einrichtungstrends-ihr-reichhaltiger-strukturierter-raum-ist-die-zukunft-des-designs\\\/#primaryimage\"},\"image\":{\"@id\":\"https:\\\/\\\/www.strassenweb.de\\\/nachrichten\\\/isabella-rossellinis-dunkle-bauernkueche-aus-holz-markiert-einen-wandel-in-der-welt-der-einrichtungstrends-ihr-reichhaltiger-strukturierter-raum-ist-die-zukunft-des-designs\\\/#primaryimage\"},\"thumbnailUrl\":\"https:\\\/\\\/www.strassenweb.de\\\/nachrichten\\\/wp-content\\\/uploads\\\/2024\\\/12\\\/Isabella-Rossellinis-dunkle-Bauernkueche-aus-Holz-markiert-einen-Wandel-in.jpg\",\"datePublished\":\"2024-12-07T08:41:26+00:00\",\"dateModified\":\"2024-12-07T08:41:27+00:00\",\"breadcrumb\":{\"@id\":\"https:\\\/\\\/www.strassenweb.de\\\/nachrichten\\\/isabella-rossellinis-dunkle-bauernkueche-aus-holz-markiert-einen-wandel-in-der-welt-der-einrichtungstrends-ihr-reichhaltiger-strukturierter-raum-ist-die-zukunft-des-designs\\\/#breadcrumb\"},\"inLanguage\":\"de\",\"potentialAction\":[{\"@type\":\"ReadAction\",\"target\":[\"https:\\\/\\\/www.strassenweb.de\\\/nachrichten\\\/isabella-rossellinis-dunkle-bauernkueche-aus-holz-markiert-einen-wandel-in-der-welt-der-einrichtungstrends-ihr-reichhaltiger-strukturierter-raum-ist-die-zukunft-des-designs\\\/\"]}]},{\"@type\":\"ImageObject\",\"inLanguage\":\"de\",\"@id\":\"https:\\\/\\\/www.strassenweb.de\\\/nachrichten\\\/isabella-rossellinis-dunkle-bauernkueche-aus-holz-markiert-einen-wandel-in-der-welt-der-einrichtungstrends-ihr-reichhaltiger-strukturierter-raum-ist-die-zukunft-des-designs\\\/#primaryimage\",\"url\":\"https:\\\/\\\/www.strassenweb.de\\\/nachrichten\\\/wp-content\\\/uploads\\\/2024\\\/12\\\/Isabella-Rossellinis-dunkle-Bauernkueche-aus-Holz-markiert-einen-Wandel-in.jpg\",\"contentUrl\":\"https:\\\/\\\/www.strassenweb.de\\\/nachrichten\\\/wp-content\\\/uploads\\\/2024\\\/12\\\/Isabella-Rossellinis-dunkle-Bauernkueche-aus-Holz-markiert-einen-Wandel-in.jpg\",\"width\":1200,\"height\":675,\"caption\":\"Isabella Rossellinis dunkle Bauernk\u00fcche aus Holz markiert einen Wandel in der Welt der Einrichtungstrends \u2013 ihr reichhaltiger, strukturierter Raum ist die Zukunft des Designs\"},{\"@type\":\"BreadcrumbList\",\"@id\":\"https:\\\/\\\/www.strassenweb.de\\\/nachrichten\\\/isabella-rossellinis-dunkle-bauernkueche-aus-holz-markiert-einen-wandel-in-der-welt-der-einrichtungstrends-ihr-reichhaltiger-strukturierter-raum-ist-die-zukunft-des-designs\\\/#breadcrumb\",\"itemListElement\":[{\"@type\":\"ListItem\",\"position\":1,\"name\":\"Home\",\"item\":\"https:\\\/\\\/www.strassenweb.de\\\/nachrichten\\\/\"},{\"@type\":\"ListItem\",\"position\":2,\"name\":\"Isabella Rossellinis dunkle Bauernk\u00fcche aus Holz markiert einen Wandel in der Welt der Einrichtungstrends \u2013 ihr reichhaltiger, strukturierter Raum ist die Zukunft des Designs\"}]},{\"@type\":\"WebSite\",\"@id\":\"https:\\\/\\\/www.strassenweb.de\\\/nachrichten\\\/#website\",\"url\":\"https:\\\/\\\/www.strassenweb.de\\\/nachrichten\\\/\",\"name\":\"Stra\u00dfenweb\",\"description\":\"Stra\u00dfenverzeichnis f\u00fcr Deutschland\",\"publisher\":{\"@id\":\"https:\\\/\\\/www.strassenweb.de\\\/nachrichten\\\/#organization\"},\"potentialAction\":[{\"@type\":\"SearchAction\",\"target\":{\"@type\":\"EntryPoint\",\"urlTemplate\":\"https:\\\/\\\/www.strassenweb.de\\\/nachrichten\\\/?s={search_term_string}\"},\"query-input\":{\"@type\":\"PropertyValueSpecification\",\"valueRequired\":true,\"valueName\":\"search_term_string\"}}],\"inLanguage\":\"de\"},{\"@type\":\"Organization\",\"@id\":\"https:\\\/\\\/www.strassenweb.de\\\/nachrichten\\\/#organization\",\"name\":\"Stra\u00dfenweb\",\"url\":\"https:\\\/\\\/www.strassenweb.de\\\/nachrichten\\\/\",\"logo\":{\"@type\":\"ImageObject\",\"inLanguage\":\"de\",\"@id\":\"https:\\\/\\\/www.strassenweb.de\\\/nachrichten\\\/#\\\/schema\\\/logo\\\/image\\\/\",\"url\":\"https:\\\/\\\/www.strassenweb.de\\\/nachrichten\\\/wp-content\\\/uploads\\\/2024\\\/09\\\/cropped-favicon.png\",\"contentUrl\":\"https:\\\/\\\/www.strassenweb.de\\\/nachrichten\\\/wp-content\\\/uploads\\\/2024\\\/09\\\/cropped-favicon.png\",\"width\":512,\"height\":512,\"caption\":\"Stra\u00dfenweb\"},\"image\":{\"@id\":\"https:\\\/\\\/www.strassenweb.de\\\/nachrichten\\\/#\\\/schema\\\/logo\\\/image\\\/\"},\"sameAs\":[\"https:\\\/\\\/www.facebook.com\\\/strassenweb\\\/\"]},{\"@type\":\"Person\",\"@id\":\"https:\\\/\\\/www.strassenweb.de\\\/nachrichten\\\/#\\\/schema\\\/person\\\/87c9c9067f1211da429a744dc5a5aa41\",\"name\":\"Robert Hoffmann\",\"image\":{\"@type\":\"ImageObject\",\"inLanguage\":\"de\",\"@id\":\"https:\\\/\\\/www.strassenweb.de\\\/nachrichten\\\/wp-content\\\/uploads\\\/2024\\\/09\\\/strassenweb-150x150.jpg\",\"url\":\"https:\\\/\\\/www.strassenweb.de\\\/nachrichten\\\/wp-content\\\/uploads\\\/2024\\\/09\\\/strassenweb-150x150.jpg\",\"contentUrl\":\"https:\\\/\\\/www.strassenweb.de\\\/nachrichten\\\/wp-content\\\/uploads\\\/2024\\\/09\\\/strassenweb-150x150.jpg\",\"caption\":\"Robert Hoffmann\"},\"description\":\"Ich hei\u00dfe Robert Hoffmann und ich bin ein leidenschaftlicher Verfechter von \u00d6kologie und Biodiversit\u00e4t. Seit meiner Kindheit in den W\u00e4ldern Bayerns f\u00fchle ich mich mit der Natur verbunden und bin entschlossen, sie zu sch\u00fctzen. Heute widme ich mein Leben der Sensibilisierung anderer f\u00fcr die Bedeutung des Umweltschutzes f\u00fcr zuk\u00fcnftige Generationen.\",\"sameAs\":[\"https:\\\/\\\/www.strassenweb.de\\\/\"]}]}<\/script>\n<!-- \/ Yoast SEO plugin. -->","yoast_head_json":{"title":"Isabella Rossellinis dunkle Bauernk\u00fcche aus Holz markiert einen Wandel in der Welt der Einrichtungstrends \u2013 ihr reichhaltiger, strukturierter Raum ist die Zukunft des Designs - Nachrichten - Stra\u00dfenweb","robots":{"index":"index","follow":"follow","max-snippet":"max-snippet:-1","max-image-preview":"max-image-preview:large","max-video-preview":"max-video-preview:-1"},"canonical":"https:\/\/www.strassenweb.de\/nachrichten\/isabella-rossellinis-dunkle-bauernkueche-aus-holz-markiert-einen-wandel-in-der-welt-der-einrichtungstrends-ihr-reichhaltiger-strukturierter-raum-ist-die-zukunft-des-designs\/","og_locale":"de_DE","og_type":"article","og_title":"Isabella Rossellinis dunkle Bauernk\u00fcche aus Holz markiert einen Wandel in der Welt der Einrichtungstrends \u2013 ihr reichhaltiger, strukturierter Raum ist die Zukunft des Designs - Nachrichten - Stra\u00dfenweb","og_description":"Die Schauspielerin Isabella Rossellini ist vielleicht ein Synonym f\u00fcr Hollywood, aber sie hat in Bellport, Long Island, ein zweites Erbe. Zusammen mit dem Architekten Pietro","og_url":"https:\/\/www.strassenweb.de\/nachrichten\/isabella-rossellinis-dunkle-bauernkueche-aus-holz-markiert-einen-wandel-in-der-welt-der-einrichtungstrends-ihr-reichhaltiger-strukturierter-raum-ist-die-zukunft-des-designs\/","og_site_name":"Stra\u00dfenweb","article_publisher":"https:\/\/www.facebook.com\/strassenweb\/","article_published_time":"2024-12-07T08:41:26+00:00","article_modified_time":"2024-12-07T08:41:27+00:00","og_image":[{"width":1200,"height":675,"url":"https:\/\/www.strassenweb.de\/nachrichten\/wp-content\/uploads\/2024\/12\/Isabella-Rossellinis-dunkle-Bauernkueche-aus-Holz-markiert-einen-Wandel-in.jpg","type":"image\/jpeg"}],"author":"Robert Hoffmann","twitter_card":"summary_large_image","twitter_misc":{"Verfasst von":"Robert Hoffmann","Gesch\u00e4tzte Lesezeit":"3\u00a0Minuten"},"schema":{"@context":"https:\/\/schema.org","@graph":[{"@type":"Article","@id":"https:\/\/www.strassenweb.de\/nachrichten\/isabella-rossellinis-dunkle-bauernkueche-aus-holz-markiert-einen-wandel-in-der-welt-der-einrichtungstrends-ihr-reichhaltiger-strukturierter-raum-ist-die-zukunft-des-designs\/#article","isPartOf":{"@id":"https:\/\/www.strassenweb.de\/nachrichten\/isabella-rossellinis-dunkle-bauernkueche-aus-holz-markiert-einen-wandel-in-der-welt-der-einrichtungstrends-ihr-reichhaltiger-strukturierter-raum-ist-die-zukunft-des-designs\/"},"author":{"name":"Robert Hoffmann","@id":"https:\/\/www.strassenweb.de\/nachrichten\/#\/schema\/person\/87c9c9067f1211da429a744dc5a5aa41"},"headline":"Isabella Rossellinis dunkle Bauernk\u00fcche aus Holz markiert einen Wandel in der Welt der Einrichtungstrends \u2013 ihr reichhaltiger, strukturierter Raum ist die Zukunft des Designs","datePublished":"2024-12-07T08:41:26+00:00","dateModified":"2024-12-07T08:41:27+00:00","mainEntityOfPage":{"@id":"https:\/\/www.strassenweb.de\/nachrichten\/isabella-rossellinis-dunkle-bauernkueche-aus-holz-markiert-einen-wandel-in-der-welt-der-einrichtungstrends-ihr-reichhaltiger-strukturierter-raum-ist-die-zukunft-des-designs\/"},"wordCount":658,"publisher":{"@id":"https:\/\/www.strassenweb.de\/nachrichten\/#organization"},"image":{"@id":"https:\/\/www.strassenweb.de\/nachrichten\/isabella-rossellinis-dunkle-bauernkueche-aus-holz-markiert-einen-wandel-in-der-welt-der-einrichtungstrends-ihr-reichhaltiger-strukturierter-raum-ist-die-zukunft-des-designs\/#primaryimage"},"thumbnailUrl":"https:\/\/www.strassenweb.de\/nachrichten\/wp-content\/uploads\/2024\/12\/Isabella-Rossellinis-dunkle-Bauernkueche-aus-Holz-markiert-einen-Wandel-in.jpg","keywords":["aus","Bauernk\u00fcche","der","des","Designs","die","dunkle","einen","Einrichtungstrends","Holz","Ihr","Isabella","ist","markiert","Raum","reichhaltiger","Rossellinis","strukturierter","Wandel","Welt","Zukunft"],"articleSection":["Haus &amp; Garten"],"inLanguage":"de"},{"@type":"WebPage","@id":"https:\/\/www.strassenweb.de\/nachrichten\/isabella-rossellinis-dunkle-bauernkueche-aus-holz-markiert-einen-wandel-in-der-welt-der-einrichtungstrends-ihr-reichhaltiger-strukturierter-raum-ist-die-zukunft-des-designs\/","url":"https:\/\/www.strassenweb.de\/nachrichten\/isabella-rossellinis-dunkle-bauernkueche-aus-holz-markiert-einen-wandel-in-der-welt-der-einrichtungstrends-ihr-reichhaltiger-strukturierter-raum-ist-die-zukunft-des-designs\/","name":"Isabella Rossellinis dunkle Bauernk\u00fcche aus Holz markiert einen Wandel in der Welt der Einrichtungstrends \u2013 ihr reichhaltiger, strukturierter Raum ist die Zukunft des Designs - Nachrichten - Stra\u00dfenweb","isPartOf":{"@id":"https:\/\/www.strassenweb.de\/nachrichten\/#website"},"primaryImageOfPage":{"@id":"https:\/\/www.strassenweb.de\/nachrichten\/isabella-rossellinis-dunkle-bauernkueche-aus-holz-markiert-einen-wandel-in-der-welt-der-einrichtungstrends-ihr-reichhaltiger-strukturierter-raum-ist-die-zukunft-des-designs\/#primaryimage"},"image":{"@id":"https:\/\/www.strassenweb.de\/nachrichten\/isabella-rossellinis-dunkle-bauernkueche-aus-holz-markiert-einen-wandel-in-der-welt-der-einrichtungstrends-ihr-reichhaltiger-strukturierter-raum-ist-die-zukunft-des-designs\/#primaryimage"},"thumbnailUrl":"https:\/\/www.strassenweb.de\/nachrichten\/wp-content\/uploads\/2024\/12\/Isabella-Rossellinis-dunkle-Bauernkueche-aus-Holz-markiert-einen-Wandel-in.jpg","datePublished":"2024-12-07T08:41:26+00:00","dateModified":"2024-12-07T08:41:27+00:00","breadcrumb":{"@id":"https:\/\/www.strassenweb.de\/nachrichten\/isabella-rossellinis-dunkle-bauernkueche-aus-holz-markiert-einen-wandel-in-der-welt-der-einrichtungstrends-ihr-reichhaltiger-strukturierter-raum-ist-die-zukunft-des-designs\/#breadcrumb"},"inLanguage":"de","potentialAction":[{"@type":"ReadAction","target":["https:\/\/www.strassenweb.de\/nachrichten\/isabella-rossellinis-dunkle-bauernkueche-aus-holz-markiert-einen-wandel-in-der-welt-der-einrichtungstrends-ihr-reichhaltiger-strukturierter-raum-ist-die-zukunft-des-designs\/"]}]},{"@type":"ImageObject","inLanguage":"de","@id":"https:\/\/www.strassenweb.de\/nachrichten\/isabella-rossellinis-dunkle-bauernkueche-aus-holz-markiert-einen-wandel-in-der-welt-der-einrichtungstrends-ihr-reichhaltiger-strukturierter-raum-ist-die-zukunft-des-designs\/#primaryimage","url":"https:\/\/www.strassenweb.de\/nachrichten\/wp-content\/uploads\/2024\/12\/Isabella-Rossellinis-dunkle-Bauernkueche-aus-Holz-markiert-einen-Wandel-in.jpg","contentUrl":"https:\/\/www.strassenweb.de\/nachrichten\/wp-content\/uploads\/2024\/12\/Isabella-Rossellinis-dunkle-Bauernkueche-aus-Holz-markiert-einen-Wandel-in.jpg","width":1200,"height":675,"caption":"Isabella Rossellinis dunkle Bauernk\u00fcche aus Holz markiert einen Wandel in der Welt der Einrichtungstrends \u2013 ihr reichhaltiger, strukturierter Raum ist die Zukunft des Designs"},{"@type":"BreadcrumbList","@id":"https:\/\/www.strassenweb.de\/nachrichten\/isabella-rossellinis-dunkle-bauernkueche-aus-holz-markiert-einen-wandel-in-der-welt-der-einrichtungstrends-ihr-reichhaltiger-strukturierter-raum-ist-die-zukunft-des-designs\/#breadcrumb","itemListElement":[{"@type":"ListItem","position":1,"name":"Home","item":"https:\/\/www.strassenweb.de\/nachrichten\/"},{"@type":"ListItem","position":2,"name":"Isabella Rossellinis dunkle Bauernk\u00fcche aus Holz markiert einen Wandel in der Welt der Einrichtungstrends \u2013 ihr reichhaltiger, strukturierter Raum ist die Zukunft des Designs"}]},{"@type":"WebSite","@id":"https:\/\/www.strassenweb.de\/nachrichten\/#website","url":"https:\/\/www.strassenweb.de\/nachrichten\/","name":"Stra\u00dfenweb","description":"Stra\u00dfenverzeichnis f\u00fcr Deutschland","publisher":{"@id":"https:\/\/www.strassenweb.de\/nachrichten\/#organization"},"potentialAction":[{"@type":"SearchAction","target":{"@type":"EntryPoint","urlTemplate":"https:\/\/www.strassenweb.de\/nachrichten\/?s={search_term_string}"},"query-input":{"@type":"PropertyValueSpecification","valueRequired":true,"valueName":"search_term_string"}}],"inLanguage":"de"},{"@type":"Organization","@id":"https:\/\/www.strassenweb.de\/nachrichten\/#organization","name":"Stra\u00dfenweb","url":"https:\/\/www.strassenweb.de\/nachrichten\/","logo":{"@type":"ImageObject","inLanguage":"de","@id":"https:\/\/www.strassenweb.de\/nachrichten\/#\/schema\/logo\/image\/","url":"https:\/\/www.strassenweb.de\/nachrichten\/wp-content\/uploads\/2024\/09\/cropped-favicon.png","contentUrl":"https:\/\/www.strassenweb.de\/nachrichten\/wp-content\/uploads\/2024\/09\/cropped-favicon.png","width":512,"height":512,"caption":"Stra\u00dfenweb"},"image":{"@id":"https:\/\/www.strassenweb.de\/nachrichten\/#\/schema\/logo\/image\/"},"sameAs":["https:\/\/www.facebook.com\/strassenweb\/"]},{"@type":"Person","@id":"https:\/\/www.strassenweb.de\/nachrichten\/#\/schema\/person\/87c9c9067f1211da429a744dc5a5aa41","name":"Robert Hoffmann","image":{"@type":"ImageObject","inLanguage":"de","@id":"https:\/\/www.strassenweb.de\/nachrichten\/wp-content\/uploads\/2024\/09\/strassenweb-150x150.jpg","url":"https:\/\/www.strassenweb.de\/nachrichten\/wp-content\/uploads\/2024\/09\/strassenweb-150x150.jpg","contentUrl":"https:\/\/www.strassenweb.de\/nachrichten\/wp-content\/uploads\/2024\/09\/strassenweb-150x150.jpg","caption":"Robert Hoffmann"},"description":"Ich hei\u00dfe Robert Hoffmann und ich bin ein leidenschaftlicher Verfechter von \u00d6kologie und Biodiversit\u00e4t. Seit meiner Kindheit in den W\u00e4ldern Bayerns f\u00fchle ich mich mit der Natur verbunden und bin entschlossen, sie zu sch\u00fctzen. Heute widme ich mein Leben der Sensibilisierung anderer f\u00fcr die Bedeutung des Umweltschutzes f\u00fcr zuk\u00fcnftige Generationen.","sameAs":["https:\/\/www.strassenweb.de\/"]}]}},"_links":{"self":[{"href":"https:\/\/www.strassenweb.de\/nachrichten\/wp-json\/wp\/v2\/posts\/1968","targetHints":{"allow":["GET"]}}],"collection":[{"href":"https:\/\/www.strassenweb.de\/nachrichten\/wp-json\/wp\/v2\/posts"}],"about":[{"href":"https:\/\/www.strassenweb.de\/nachrichten\/wp-json\/wp\/v2\/types\/post"}],"author":[{"embeddable":true,"href":"https:\/\/www.strassenweb.de\/nachrichten\/wp-json\/wp\/v2\/users\/1"}],"replies":[{"embeddable":true,"href":"https:\/\/www.strassenweb.de\/nachrichten\/wp-json\/wp\/v2\/comments?post=1968"}],"version-history":[{"count":0,"href":"https:\/\/www.strassenweb.de\/nachrichten\/wp-json\/wp\/v2\/posts\/1968\/revisions"}],"wp:featuredmedia":[{"embeddable":true,"href":"https:\/\/www.strassenweb.de\/nachrichten\/wp-json\/wp\/v2\/media\/1969"}],"wp:attachment":[{"href":"https:\/\/www.strassenweb.de\/nachrichten\/wp-json\/wp\/v2\/media?parent=1968"}],"wp:term":[{"taxonomy":"category","embeddable":true,"href":"https:\/\/www.strassenweb.de\/nachrichten\/wp-json\/wp\/v2\/categories?post=1968"},{"taxonomy":"post_tag","embeddable":true,"href":"https:\/\/www.strassenweb.de\/nachrichten\/wp-json\/wp\/v2\/tags?post=1968"}],"curies":[{"name":"wp","href":"https:\/\/api.w.org\/{rel}","templated":true}]}}