{"id":1941,"date":"2024-12-05T21:46:41","date_gmt":"2024-12-05T20:46:41","guid":{"rendered":"https:\/\/www.strassenweb.de\/nachrichten\/5-sichere-farbkombinationen-fuer-kuechenschraenke-die-immer-funktionieren\/"},"modified":"2024-12-05T21:46:42","modified_gmt":"2024-12-05T20:46:42","slug":"5-sichere-farbkombinationen-fuer-kuechenschraenke-die-immer-funktionieren","status":"publish","type":"post","link":"https:\/\/www.strassenweb.de\/nachrichten\/5-sichere-farbkombinationen-fuer-kuechenschraenke-die-immer-funktionieren\/","title":{"rendered":"5 sichere Farbkombinationen f\u00fcr K\u00fcchenschr\u00e4nke, die immer funktionieren"},"content":{"rendered":"<p><\/p>\n<div id=\"article-body\" class=\"article__body \">\n<p>Es gibt nichts St\u00f6renderes als zwei K\u00fcchenfarben, die nicht zusammenpassen. So sehr Sie es auch versuchen, Sie k\u00f6nnen die widerspr\u00fcchlichen Farben nicht ignorieren, und egal, was sonst noch im Raum passiert, sie werden immer im Mittelpunkt stehen. Dennoch kann es sehr einschr\u00e4nkend sein, in einer K\u00fcche nur eine Farbe zu verwenden, ganz zu schweigen von langweilig, daher ist es wichtig, die richtigen Farbkombinationen zu finden. Und eine bew\u00e4hrte M\u00f6glichkeit, mehrere Farben in Ihre K\u00fcche zu bringen? Die Schr\u00e4nke.<\/p>\n<div id=\"ad-unit-1\" class=\"ad-unit\"><\/div>\n<p>Aber die perfekte Farbkombination f\u00fcr K\u00fcchenschr\u00e4nke zu finden, ist keine leichte Aufgabe. Zum Gl\u00fcck kommen hier Designexperten zum Einsatz, die aktuelle Ratschl\u00e4ge und hei\u00dfe Tipps geben. Von k\u00fchn und brillant bis hin zu gem\u00fctlich und ruhig \u2013 wir haben die passende Kombination f\u00fcr Ihre K\u00fcchenschr\u00e4nke.<\/p>\n<h3 class=\"article-body__section\" id=\"section-the-color-combinations-that-always-work-on-kitchen-cabinets\"><span>Die Farbkombinationen, die bei K\u00fcchenschr\u00e4nken immer funktionieren<\/span><\/h3>\n<aside class=\"hawk-nest\" data-block-type=\"embed\" data-render-type=\"fte\" data-skip=\"dealsy\" data-widget-type=\"seasonal\">\n<div class=\"hawk-master-widget-hawk-base-wrapper\"><\/div>\n<\/aside>\n<p>Farbe in Ihre K\u00fcche zu bringen ist leichter gesagt als getan. Die Verwendung zeitloser Farbkombinationen f\u00fcr Ihre K\u00fcchenm\u00f6bel ist wie der ultimative Cheat-Code, der Ihnen mit Leichtigkeit den Weg zu einer stilvollen K\u00fcche ebnet. Verbringen Sie nicht Stunden damit, sich mit Farbkarten herumzuschlagen, wenn Designexperten die harte Arbeit bereits f\u00fcr Sie erledigt haben.<\/p>\n<div id=\"desktop-in-article\" class=\"in-article ad-unit\">\n<div id=\"desktop-taboola-mid-article\"><\/div>\n<\/div>\n<div id=\"mobile-in-article\" class=\"in-article ad-unit\">\n<div id=\"mobile-taboola-mid-article\"><\/div>\n<\/div>\n<h3 class=\"article-body__section\" id=\"section-1-black-and-white\"><span>1. Schwarz und Wei\u00df <\/span><\/h3>\n<figure class=\"van-image-figure inline-layout \" data-bordeaux-image-check>\n<div class=\"image-full-width-wrapper\">\n<div class=\"image-widthsetter\" style=\"max-width:2000px;\"><\/div>\n<\/div>\n<\/figure>\n<p>Es ist nicht ohne Grund ein Klassiker, oder? <u>Schwarz-wei\u00dfe K\u00fcche<\/u> Die Farben der Schr\u00e4nke harmonieren perfekt miteinander und sorgen f\u00fcr ein elegantes, modernes Finish. Schwarze Unterschr\u00e4nke verleihen der K\u00fcche Ernsthaftigkeit und Tiefe, w\u00e4hrend wei\u00dfe Wandschr\u00e4nke dazu beitragen, den Blick nach oben zu lenken und ein enormes Raumgef\u00fchl zu schaffen.<\/p>\n<div class=\"van_vid_carousel\">\n<div class=\"van_vid_carousel__padding\">\n<div class=\"van_vid_carousel__container\"><\/div>\n<\/div>\n<\/div>\n<p>\u201eHaben Sie keine Angst davor, Ihre M\u00f6bel dunkel zu gestalten, insbesondere in Kombination mit einem guten Mittelneutralton\u201c, sagt Patrick O&#8217;Donnell, Markenbotschafter bei <u>Farrow &#038; Ball<\/u>. \u201eDunkle K\u00fcchen sind auff\u00e4llig und dennoch zeitlos und eignen sich besonders gut dazu, einem kleinen Raum Pr\u00e4senz zu verleihen. Dies gilt umso mehr, wenn es sich bei Ihren Schr\u00e4nken um die Unterschr\u00e4nke handelt, da dies Ihrem Raum \u201eStruktur\u201c verleiht. Denken Sie an etwas Elegantes wie unsere schw\u00e4rzesten blauen Gel\u00e4nder.&#8216;<\/p>\n<div id=\"ad-unit-2\" class=\"ad-unit\"><\/div>\n<p>F\u00fcr eine raffiniertere Interpretation von Monochrom w\u00e4hlen Sie rauchige Grau- oder Blauschwarzt\u00f6ne in Kombination mit gebrochenen Wei\u00dft\u00f6nen wie Eierschalen- und Elfenbeint\u00f6nen. Vervollst\u00e4ndigen Sie den Look mit viel Textur und rustikalen Elementen, um den Kontrast abzumildern.<\/p>\n<h3 class=\"article-body__section\" id=\"section-2-dark-green-and-light-green\"><span>2. Dunkelgr\u00fcn und Hellgr\u00fcn <\/span><\/h3>\n<figure class=\"van-image-figure inline-layout \" data-bordeaux-image-check>\n<div class=\"image-full-width-wrapper\">\n<div class=\"image-widthsetter\" style=\"max-width:2000px;\"><\/div>\n<\/div>\n<\/figure>\n<p>Das Einzige, was besser ist als ein <u>gr\u00fcne K\u00fcche<\/u> ist eine gr\u00fcne K\u00fcche mit mehreren Gr\u00fcnt\u00f6nen. Der klangliche Unterschied verleiht Ihren Schr\u00e4nken mehr Dimension und erweckt sie vor Ihren Augen zum Leben. Hier k\u00f6nnen Sie Spa\u00df mit den gr\u00fcnen Farbt\u00f6nen haben, egal ob Waldgr\u00fcn auf Salbei, Khaki auf Pistazie oder Moos auf Mint.<\/p>\n<p>\u201eF\u00fcr ein lebendiges, modernes Farbschema kombinieren Sie die komplement\u00e4ren Gr\u00fcnt\u00f6ne \u201eHarley Green\u201c und \u201eTea with Florence\u201c, um einen subtilen Kontrast zu schaffen\u201c, r\u00e4t Ruth Mottershead, Kreativdirektorin bei <u>Kleiner Greene.<\/u><\/p>\n<p>Gr\u00fcn ist bekannterma\u00dfen die angenehmste Farbe f\u00fcr die Augen und verursacht weniger Stress und Erm\u00fcdung in einem Bereich, der f\u00fcr beides bekannt ist. Wenn Sie in Kochb\u00fcchern geblinzelt haben und sich beim Abendessen m\u00fcde f\u00fchlen, dann k\u00f6nnte eine doppelte Dosis davon Sie beleben und kreativ machen.<\/p>\n<h3 class=\"article-body__section\" id=\"section-3-white-and-navy\"><span>3. Wei\u00df und Marineblau <\/span><\/h3>\n<figure class=\"van-image-figure inline-layout \" data-bordeaux-image-check>\n<div class=\"image-full-width-wrapper\">\n<div class=\"image-widthsetter\" style=\"max-width:2000px;\"><\/div>\n<\/div>\n<\/figure>\n<p>Wei\u00df und Marineblau ergeben eine klassische K\u00fcchenschrankkombination, die k\u00fcstennah ist, ohne niedlich zu wirken, und klassisch, ohne langweilig zu sein. Diese beiden Farbt\u00f6ne verleihen Ihrem Interieur einen klaren, raffinierten Stil und sorgen f\u00fcr einen Look, der Jahrzehnte \u00fcberdauert.<\/p>\n<p>\u201eIn dieser K\u00fcche haben wir ein klassisches Wei\u00df mit warmem Holz und einem wundersch\u00f6nen tiefen Blau f\u00fcr die Insel gew\u00e4hlt. Es f\u00fchlt sich zusammenh\u00e4ngend, klassisch und frisch an\u201c, erkl\u00e4rt Allison Ruda, Gr\u00fcnderin von <u>Allison Ruda Innenarchitektur<\/u>. \u201eDas ist eine gro\u00dfartige M\u00f6glichkeit, eine wei\u00dfe K\u00fcche zu haben, ohne dass sie steril oder langweilig wirkt.\u201c \u201eDie Holzschr\u00e4nke im unteren Bereich sorgen f\u00fcr viel W\u00e4rme und Charme und die wundersch\u00f6nen blauen Schr\u00e4nke auf der Insel sorgen f\u00fcr etwas Charakter und Erdung.\u201c<\/p>\n<h3 class=\"article-body__section\" id=\"section-4-blue-gray-and-gray\"><span>4. Blaugrau und Grau <\/span><\/h3>\n<figure class=\"van-image-figure inline-layout \" data-bordeaux-image-check>\n<div class=\"image-full-width-wrapper\">\n<div class=\"image-widthsetter\" style=\"max-width:2000px;\"><\/div>\n<\/div>\n<\/figure>\n<p>Blaugraue und graue K\u00fcchenschr\u00e4nke sind eine himmlische Kombination. Die Kombination ist subtil und raffiniert und beweist, dass ein k\u00fchles Farbschema dennoch einladend wirken kann.<\/p>\n<p>Die Kombination verleiht Ihrer K\u00fcche mehr Dimension und erzeugt Schatten und Tiefe an unerwarteten Stellen. Die beiden Graut\u00f6ne sorgen f\u00fcr einen organischen und geerdeten Ton-in-Ton-Look und verleihen jeder Schrankreihe Dimensionalit\u00e4t.<\/p>\n<p>Margaret Donaldson, Innenarchitektin und Gr\u00fcnderin von <u>MDI-Luxusdesign<\/u>verwendet Benjamin Moores Sterling 1591 f\u00fcr ihre Au\u00dfenschr\u00e4nke und Adagio 1593 f\u00fcr die Insel. \u201eSterling ist ein helles, klares Grau, das hell und frisch wirkt, w\u00e4hrend Adagio ein kr\u00e4ftigeres Blaugrau ist, das als Akzentfarbe Tiefe und Interesse verleiht\u201c, sagt sie. \u201eDies ist eine k\u00fchle Farbpalette mit einer sch\u00f6nen Balance aus Licht f\u00fcr den Umfang und Tiefe f\u00fcr die Insel.\u201c<\/p>\n<h3 class=\"article-body__section\" id=\"section-5-green-and-blue\"><span>5. Gr\u00fcn und Blau <\/span><\/h3>\n<figure class=\"van-image-figure inline-layout \" data-bordeaux-image-check>\n<div class=\"image-full-width-wrapper\">\n<div class=\"image-widthsetter\" style=\"max-width:2000px;\"><\/div>\n<\/div>\n<\/figure>\n<p>Blau und Gr\u00fcn sind ohnehin eine etwas unerwartete Farbkombination <u>analoge Farben<\/u> und in der Vergangenheit haben wir uns davor gescheut, Farben zu kombinieren, die zu \u00e4hnlich sind. Aber die Trends \u00e4ndern sich und analoge Schemata sind auf dem Vormarsch, und Blau- und Gr\u00fcnt\u00f6ne sind die beruhigendsten und lebenswertesten von allen. Diese Kombination kann auch mit vielen verschiedenen K\u00fcchenstilen kombiniert werden, wie Designerin Danielle Novy sagt: \u201eGes\u00e4ttigte Gr\u00fcn- und Blaugr\u00fcnt\u00f6ne sind ziemlich vielseitige Farben f\u00fcr K\u00fcchenschr\u00e4nke.\u201c<\/p>\n<p>Das Ergebnis wird Ihre K\u00fcche mit elektrischen Farbst\u00f6\u00dfen beleben. Suchen Sie nach Blaut\u00f6nen wie Azurblau, Kobaltblau und Himmelblau. je mehr Tiefe, desto besser. Auch bei gr\u00fcnen Farbt\u00f6nen sorgt alles in einem herrlichen Smaragd- oder Flaschengr\u00fcnton f\u00fcr die bereichernde, belebende Einrichtung, die Sie suchen.<\/p>\n<p>\u201eTiefe Gr\u00fcn- und Marinet\u00f6ne bilden einen perfekten Kontrast zu k\u00fchlen Marmoroberfl\u00e4chen.\u201c Erw\u00e4gen Sie ein h\u00f6heres Finish der M\u00f6bel, etwa seidenmatt oder hochgl\u00e4nzend, um etwas dunkleren R\u00e4umen Reflexion und Dimension zu verleihen\u201c, schl\u00e4gt Helen Shaw, Marketingleiterin bei, vor <u>Benjamin Moore<\/u>.<\/p>\n<hr>\n<p>Das Kombinieren von K\u00fcchenschr\u00e4nken kann schwierig sein, sorgt aber letztendlich f\u00fcr einen erf\u00fcllenderen, bereicherten K\u00fcchenraum. Von klassischen Arrangements bis hin zu gewagten Kompositionen gibt es f\u00fcr jeden Raum und Stil die passende Farbkombination.<\/p>\n<\/div>\n","protected":false},"excerpt":{"rendered":"<p>Es gibt nichts St\u00f6renderes als zwei K\u00fcchenfarben, die nicht zusammenpassen. So sehr Sie es auch versuchen, Sie k\u00f6nnen die widerspr\u00fcchlichen Farben nicht ignorieren, und egal,<\/p>\n","protected":false},"author":1,"featured_media":1942,"comment_status":"closed","ping_status":"","sticky":false,"template":"","format":"standard","meta":{"footnotes":""},"categories":[118],"tags":[9,3452,94,55,175,3453,3451],"class_list":["post-1941","post","type-post","status-publish","format-standard","has-post-thumbnail","hentry","category-haus-garten","tag-die","tag-farbkombinationen","tag-funktionieren","tag-fuer","tag-immer","tag-kuechenschraenke","tag-sichere","generate-columns","tablet-grid-50","mobile-grid-100","grid-parent","grid-50"],"yoast_head":"<!-- This site is optimized with the Yoast SEO plugin v27.3 - https:\/\/yoast.com\/product\/yoast-seo-wordpress\/ -->\n<title>5 sichere Farbkombinationen f\u00fcr K\u00fcchenschr\u00e4nke, die immer funktionieren - Nachrichten - Stra\u00dfenweb<\/title>\n<meta name=\"robots\" content=\"index, follow, max-snippet:-1, max-image-preview:large, max-video-preview:-1\" \/>\n<link rel=\"canonical\" href=\"https:\/\/www.strassenweb.de\/nachrichten\/5-sichere-farbkombinationen-fuer-kuechenschraenke-die-immer-funktionieren\/\" \/>\n<meta property=\"og:locale\" content=\"de_DE\" \/>\n<meta property=\"og:type\" content=\"article\" \/>\n<meta property=\"og:title\" content=\"5 sichere Farbkombinationen f\u00fcr K\u00fcchenschr\u00e4nke, die immer funktionieren - Nachrichten - Stra\u00dfenweb\" \/>\n<meta property=\"og:description\" content=\"Es gibt nichts St\u00f6renderes als zwei K\u00fcchenfarben, die nicht zusammenpassen. So sehr Sie es auch versuchen, Sie k\u00f6nnen die widerspr\u00fcchlichen Farben nicht ignorieren, und egal,\" \/>\n<meta property=\"og:url\" content=\"https:\/\/www.strassenweb.de\/nachrichten\/5-sichere-farbkombinationen-fuer-kuechenschraenke-die-immer-funktionieren\/\" \/>\n<meta property=\"og:site_name\" content=\"Stra\u00dfenweb\" \/>\n<meta property=\"article:publisher\" content=\"https:\/\/www.facebook.com\/strassenweb\/\" \/>\n<meta property=\"article:published_time\" content=\"2024-12-05T20:46:41+00:00\" \/>\n<meta property=\"article:modified_time\" content=\"2024-12-05T20:46:42+00:00\" \/>\n<meta property=\"og:image\" content=\"https:\/\/www.strassenweb.de\/nachrichten\/wp-content\/uploads\/2024\/12\/5-sichere-Farbkombinationen-fuer-Kuechenschraenke-die-immer-funktionieren.jpg\" \/>\n\t<meta property=\"og:image:width\" content=\"1200\" \/>\n\t<meta property=\"og:image:height\" content=\"675\" \/>\n\t<meta property=\"og:image:type\" content=\"image\/jpeg\" \/>\n<meta name=\"author\" content=\"Robert Hoffmann\" \/>\n<meta name=\"twitter:card\" content=\"summary_large_image\" \/>\n<meta name=\"twitter:label1\" content=\"Verfasst von\" \/>\n\t<meta name=\"twitter:data1\" content=\"Robert Hoffmann\" \/>\n\t<meta name=\"twitter:label2\" content=\"Gesch\u00e4tzte Lesezeit\" \/>\n\t<meta name=\"twitter:data2\" content=\"5\u00a0Minuten\" \/>\n<script type=\"application\/ld+json\" class=\"yoast-schema-graph\">{\"@context\":\"https:\\\/\\\/schema.org\",\"@graph\":[{\"@type\":\"Article\",\"@id\":\"https:\\\/\\\/www.strassenweb.de\\\/nachrichten\\\/5-sichere-farbkombinationen-fuer-kuechenschraenke-die-immer-funktionieren\\\/#article\",\"isPartOf\":{\"@id\":\"https:\\\/\\\/www.strassenweb.de\\\/nachrichten\\\/5-sichere-farbkombinationen-fuer-kuechenschraenke-die-immer-funktionieren\\\/\"},\"author\":{\"name\":\"Robert Hoffmann\",\"@id\":\"https:\\\/\\\/www.strassenweb.de\\\/nachrichten\\\/#\\\/schema\\\/person\\\/87c9c9067f1211da429a744dc5a5aa41\"},\"headline\":\"5 sichere Farbkombinationen f\u00fcr K\u00fcchenschr\u00e4nke, die immer funktionieren\",\"datePublished\":\"2024-12-05T20:46:41+00:00\",\"dateModified\":\"2024-12-05T20:46:42+00:00\",\"mainEntityOfPage\":{\"@id\":\"https:\\\/\\\/www.strassenweb.de\\\/nachrichten\\\/5-sichere-farbkombinationen-fuer-kuechenschraenke-die-immer-funktionieren\\\/\"},\"wordCount\":1072,\"publisher\":{\"@id\":\"https:\\\/\\\/www.strassenweb.de\\\/nachrichten\\\/#organization\"},\"image\":{\"@id\":\"https:\\\/\\\/www.strassenweb.de\\\/nachrichten\\\/5-sichere-farbkombinationen-fuer-kuechenschraenke-die-immer-funktionieren\\\/#primaryimage\"},\"thumbnailUrl\":\"https:\\\/\\\/www.strassenweb.de\\\/nachrichten\\\/wp-content\\\/uploads\\\/2024\\\/12\\\/5-sichere-Farbkombinationen-fuer-Kuechenschraenke-die-immer-funktionieren.jpg\",\"keywords\":[\"die\",\"Farbkombinationen\",\"funktionieren\",\"f\u00fcr\",\"immer\",\"K\u00fcchenschr\u00e4nke\",\"sichere\"],\"articleSection\":[\"Haus &amp; Garten\"],\"inLanguage\":\"de\"},{\"@type\":\"WebPage\",\"@id\":\"https:\\\/\\\/www.strassenweb.de\\\/nachrichten\\\/5-sichere-farbkombinationen-fuer-kuechenschraenke-die-immer-funktionieren\\\/\",\"url\":\"https:\\\/\\\/www.strassenweb.de\\\/nachrichten\\\/5-sichere-farbkombinationen-fuer-kuechenschraenke-die-immer-funktionieren\\\/\",\"name\":\"5 sichere Farbkombinationen f\u00fcr K\u00fcchenschr\u00e4nke, die immer funktionieren - Nachrichten - Stra\u00dfenweb\",\"isPartOf\":{\"@id\":\"https:\\\/\\\/www.strassenweb.de\\\/nachrichten\\\/#website\"},\"primaryImageOfPage\":{\"@id\":\"https:\\\/\\\/www.strassenweb.de\\\/nachrichten\\\/5-sichere-farbkombinationen-fuer-kuechenschraenke-die-immer-funktionieren\\\/#primaryimage\"},\"image\":{\"@id\":\"https:\\\/\\\/www.strassenweb.de\\\/nachrichten\\\/5-sichere-farbkombinationen-fuer-kuechenschraenke-die-immer-funktionieren\\\/#primaryimage\"},\"thumbnailUrl\":\"https:\\\/\\\/www.strassenweb.de\\\/nachrichten\\\/wp-content\\\/uploads\\\/2024\\\/12\\\/5-sichere-Farbkombinationen-fuer-Kuechenschraenke-die-immer-funktionieren.jpg\",\"datePublished\":\"2024-12-05T20:46:41+00:00\",\"dateModified\":\"2024-12-05T20:46:42+00:00\",\"breadcrumb\":{\"@id\":\"https:\\\/\\\/www.strassenweb.de\\\/nachrichten\\\/5-sichere-farbkombinationen-fuer-kuechenschraenke-die-immer-funktionieren\\\/#breadcrumb\"},\"inLanguage\":\"de\",\"potentialAction\":[{\"@type\":\"ReadAction\",\"target\":[\"https:\\\/\\\/www.strassenweb.de\\\/nachrichten\\\/5-sichere-farbkombinationen-fuer-kuechenschraenke-die-immer-funktionieren\\\/\"]}]},{\"@type\":\"ImageObject\",\"inLanguage\":\"de\",\"@id\":\"https:\\\/\\\/www.strassenweb.de\\\/nachrichten\\\/5-sichere-farbkombinationen-fuer-kuechenschraenke-die-immer-funktionieren\\\/#primaryimage\",\"url\":\"https:\\\/\\\/www.strassenweb.de\\\/nachrichten\\\/wp-content\\\/uploads\\\/2024\\\/12\\\/5-sichere-Farbkombinationen-fuer-Kuechenschraenke-die-immer-funktionieren.jpg\",\"contentUrl\":\"https:\\\/\\\/www.strassenweb.de\\\/nachrichten\\\/wp-content\\\/uploads\\\/2024\\\/12\\\/5-sichere-Farbkombinationen-fuer-Kuechenschraenke-die-immer-funktionieren.jpg\",\"width\":1200,\"height\":675,\"caption\":\"5 sichere Farbkombinationen f\u00fcr K\u00fcchenschr\u00e4nke, die immer funktionieren\"},{\"@type\":\"BreadcrumbList\",\"@id\":\"https:\\\/\\\/www.strassenweb.de\\\/nachrichten\\\/5-sichere-farbkombinationen-fuer-kuechenschraenke-die-immer-funktionieren\\\/#breadcrumb\",\"itemListElement\":[{\"@type\":\"ListItem\",\"position\":1,\"name\":\"Home\",\"item\":\"https:\\\/\\\/www.strassenweb.de\\\/nachrichten\\\/\"},{\"@type\":\"ListItem\",\"position\":2,\"name\":\"5 sichere Farbkombinationen f\u00fcr K\u00fcchenschr\u00e4nke, die immer funktionieren\"}]},{\"@type\":\"WebSite\",\"@id\":\"https:\\\/\\\/www.strassenweb.de\\\/nachrichten\\\/#website\",\"url\":\"https:\\\/\\\/www.strassenweb.de\\\/nachrichten\\\/\",\"name\":\"Stra\u00dfenweb\",\"description\":\"Stra\u00dfenverzeichnis f\u00fcr Deutschland\",\"publisher\":{\"@id\":\"https:\\\/\\\/www.strassenweb.de\\\/nachrichten\\\/#organization\"},\"potentialAction\":[{\"@type\":\"SearchAction\",\"target\":{\"@type\":\"EntryPoint\",\"urlTemplate\":\"https:\\\/\\\/www.strassenweb.de\\\/nachrichten\\\/?s={search_term_string}\"},\"query-input\":{\"@type\":\"PropertyValueSpecification\",\"valueRequired\":true,\"valueName\":\"search_term_string\"}}],\"inLanguage\":\"de\"},{\"@type\":\"Organization\",\"@id\":\"https:\\\/\\\/www.strassenweb.de\\\/nachrichten\\\/#organization\",\"name\":\"Stra\u00dfenweb\",\"url\":\"https:\\\/\\\/www.strassenweb.de\\\/nachrichten\\\/\",\"logo\":{\"@type\":\"ImageObject\",\"inLanguage\":\"de\",\"@id\":\"https:\\\/\\\/www.strassenweb.de\\\/nachrichten\\\/#\\\/schema\\\/logo\\\/image\\\/\",\"url\":\"https:\\\/\\\/www.strassenweb.de\\\/nachrichten\\\/wp-content\\\/uploads\\\/2024\\\/09\\\/cropped-favicon.png\",\"contentUrl\":\"https:\\\/\\\/www.strassenweb.de\\\/nachrichten\\\/wp-content\\\/uploads\\\/2024\\\/09\\\/cropped-favicon.png\",\"width\":512,\"height\":512,\"caption\":\"Stra\u00dfenweb\"},\"image\":{\"@id\":\"https:\\\/\\\/www.strassenweb.de\\\/nachrichten\\\/#\\\/schema\\\/logo\\\/image\\\/\"},\"sameAs\":[\"https:\\\/\\\/www.facebook.com\\\/strassenweb\\\/\"]},{\"@type\":\"Person\",\"@id\":\"https:\\\/\\\/www.strassenweb.de\\\/nachrichten\\\/#\\\/schema\\\/person\\\/87c9c9067f1211da429a744dc5a5aa41\",\"name\":\"Robert Hoffmann\",\"image\":{\"@type\":\"ImageObject\",\"inLanguage\":\"de\",\"@id\":\"https:\\\/\\\/www.strassenweb.de\\\/nachrichten\\\/wp-content\\\/uploads\\\/2024\\\/09\\\/strassenweb-150x150.jpg\",\"url\":\"https:\\\/\\\/www.strassenweb.de\\\/nachrichten\\\/wp-content\\\/uploads\\\/2024\\\/09\\\/strassenweb-150x150.jpg\",\"contentUrl\":\"https:\\\/\\\/www.strassenweb.de\\\/nachrichten\\\/wp-content\\\/uploads\\\/2024\\\/09\\\/strassenweb-150x150.jpg\",\"caption\":\"Robert Hoffmann\"},\"description\":\"Ich hei\u00dfe Robert Hoffmann und ich bin ein leidenschaftlicher Verfechter von \u00d6kologie und Biodiversit\u00e4t. Seit meiner Kindheit in den W\u00e4ldern Bayerns f\u00fchle ich mich mit der Natur verbunden und bin entschlossen, sie zu sch\u00fctzen. Heute widme ich mein Leben der Sensibilisierung anderer f\u00fcr die Bedeutung des Umweltschutzes f\u00fcr zuk\u00fcnftige Generationen.\",\"sameAs\":[\"https:\\\/\\\/www.strassenweb.de\\\/\"]}]}<\/script>\n<!-- \/ Yoast SEO plugin. -->","yoast_head_json":{"title":"5 sichere Farbkombinationen f\u00fcr K\u00fcchenschr\u00e4nke, die immer funktionieren - Nachrichten - Stra\u00dfenweb","robots":{"index":"index","follow":"follow","max-snippet":"max-snippet:-1","max-image-preview":"max-image-preview:large","max-video-preview":"max-video-preview:-1"},"canonical":"https:\/\/www.strassenweb.de\/nachrichten\/5-sichere-farbkombinationen-fuer-kuechenschraenke-die-immer-funktionieren\/","og_locale":"de_DE","og_type":"article","og_title":"5 sichere Farbkombinationen f\u00fcr K\u00fcchenschr\u00e4nke, die immer funktionieren - Nachrichten - Stra\u00dfenweb","og_description":"Es gibt nichts St\u00f6renderes als zwei K\u00fcchenfarben, die nicht zusammenpassen. So sehr Sie es auch versuchen, Sie k\u00f6nnen die widerspr\u00fcchlichen Farben nicht ignorieren, und egal,","og_url":"https:\/\/www.strassenweb.de\/nachrichten\/5-sichere-farbkombinationen-fuer-kuechenschraenke-die-immer-funktionieren\/","og_site_name":"Stra\u00dfenweb","article_publisher":"https:\/\/www.facebook.com\/strassenweb\/","article_published_time":"2024-12-05T20:46:41+00:00","article_modified_time":"2024-12-05T20:46:42+00:00","og_image":[{"width":1200,"height":675,"url":"https:\/\/www.strassenweb.de\/nachrichten\/wp-content\/uploads\/2024\/12\/5-sichere-Farbkombinationen-fuer-Kuechenschraenke-die-immer-funktionieren.jpg","type":"image\/jpeg"}],"author":"Robert Hoffmann","twitter_card":"summary_large_image","twitter_misc":{"Verfasst von":"Robert Hoffmann","Gesch\u00e4tzte Lesezeit":"5\u00a0Minuten"},"schema":{"@context":"https:\/\/schema.org","@graph":[{"@type":"Article","@id":"https:\/\/www.strassenweb.de\/nachrichten\/5-sichere-farbkombinationen-fuer-kuechenschraenke-die-immer-funktionieren\/#article","isPartOf":{"@id":"https:\/\/www.strassenweb.de\/nachrichten\/5-sichere-farbkombinationen-fuer-kuechenschraenke-die-immer-funktionieren\/"},"author":{"name":"Robert Hoffmann","@id":"https:\/\/www.strassenweb.de\/nachrichten\/#\/schema\/person\/87c9c9067f1211da429a744dc5a5aa41"},"headline":"5 sichere Farbkombinationen f\u00fcr K\u00fcchenschr\u00e4nke, die immer funktionieren","datePublished":"2024-12-05T20:46:41+00:00","dateModified":"2024-12-05T20:46:42+00:00","mainEntityOfPage":{"@id":"https:\/\/www.strassenweb.de\/nachrichten\/5-sichere-farbkombinationen-fuer-kuechenschraenke-die-immer-funktionieren\/"},"wordCount":1072,"publisher":{"@id":"https:\/\/www.strassenweb.de\/nachrichten\/#organization"},"image":{"@id":"https:\/\/www.strassenweb.de\/nachrichten\/5-sichere-farbkombinationen-fuer-kuechenschraenke-die-immer-funktionieren\/#primaryimage"},"thumbnailUrl":"https:\/\/www.strassenweb.de\/nachrichten\/wp-content\/uploads\/2024\/12\/5-sichere-Farbkombinationen-fuer-Kuechenschraenke-die-immer-funktionieren.jpg","keywords":["die","Farbkombinationen","funktionieren","f\u00fcr","immer","K\u00fcchenschr\u00e4nke","sichere"],"articleSection":["Haus &amp; Garten"],"inLanguage":"de"},{"@type":"WebPage","@id":"https:\/\/www.strassenweb.de\/nachrichten\/5-sichere-farbkombinationen-fuer-kuechenschraenke-die-immer-funktionieren\/","url":"https:\/\/www.strassenweb.de\/nachrichten\/5-sichere-farbkombinationen-fuer-kuechenschraenke-die-immer-funktionieren\/","name":"5 sichere Farbkombinationen f\u00fcr K\u00fcchenschr\u00e4nke, die immer funktionieren - Nachrichten - Stra\u00dfenweb","isPartOf":{"@id":"https:\/\/www.strassenweb.de\/nachrichten\/#website"},"primaryImageOfPage":{"@id":"https:\/\/www.strassenweb.de\/nachrichten\/5-sichere-farbkombinationen-fuer-kuechenschraenke-die-immer-funktionieren\/#primaryimage"},"image":{"@id":"https:\/\/www.strassenweb.de\/nachrichten\/5-sichere-farbkombinationen-fuer-kuechenschraenke-die-immer-funktionieren\/#primaryimage"},"thumbnailUrl":"https:\/\/www.strassenweb.de\/nachrichten\/wp-content\/uploads\/2024\/12\/5-sichere-Farbkombinationen-fuer-Kuechenschraenke-die-immer-funktionieren.jpg","datePublished":"2024-12-05T20:46:41+00:00","dateModified":"2024-12-05T20:46:42+00:00","breadcrumb":{"@id":"https:\/\/www.strassenweb.de\/nachrichten\/5-sichere-farbkombinationen-fuer-kuechenschraenke-die-immer-funktionieren\/#breadcrumb"},"inLanguage":"de","potentialAction":[{"@type":"ReadAction","target":["https:\/\/www.strassenweb.de\/nachrichten\/5-sichere-farbkombinationen-fuer-kuechenschraenke-die-immer-funktionieren\/"]}]},{"@type":"ImageObject","inLanguage":"de","@id":"https:\/\/www.strassenweb.de\/nachrichten\/5-sichere-farbkombinationen-fuer-kuechenschraenke-die-immer-funktionieren\/#primaryimage","url":"https:\/\/www.strassenweb.de\/nachrichten\/wp-content\/uploads\/2024\/12\/5-sichere-Farbkombinationen-fuer-Kuechenschraenke-die-immer-funktionieren.jpg","contentUrl":"https:\/\/www.strassenweb.de\/nachrichten\/wp-content\/uploads\/2024\/12\/5-sichere-Farbkombinationen-fuer-Kuechenschraenke-die-immer-funktionieren.jpg","width":1200,"height":675,"caption":"5 sichere Farbkombinationen f\u00fcr K\u00fcchenschr\u00e4nke, die immer funktionieren"},{"@type":"BreadcrumbList","@id":"https:\/\/www.strassenweb.de\/nachrichten\/5-sichere-farbkombinationen-fuer-kuechenschraenke-die-immer-funktionieren\/#breadcrumb","itemListElement":[{"@type":"ListItem","position":1,"name":"Home","item":"https:\/\/www.strassenweb.de\/nachrichten\/"},{"@type":"ListItem","position":2,"name":"5 sichere Farbkombinationen f\u00fcr K\u00fcchenschr\u00e4nke, die immer funktionieren"}]},{"@type":"WebSite","@id":"https:\/\/www.strassenweb.de\/nachrichten\/#website","url":"https:\/\/www.strassenweb.de\/nachrichten\/","name":"Stra\u00dfenweb","description":"Stra\u00dfenverzeichnis f\u00fcr Deutschland","publisher":{"@id":"https:\/\/www.strassenweb.de\/nachrichten\/#organization"},"potentialAction":[{"@type":"SearchAction","target":{"@type":"EntryPoint","urlTemplate":"https:\/\/www.strassenweb.de\/nachrichten\/?s={search_term_string}"},"query-input":{"@type":"PropertyValueSpecification","valueRequired":true,"valueName":"search_term_string"}}],"inLanguage":"de"},{"@type":"Organization","@id":"https:\/\/www.strassenweb.de\/nachrichten\/#organization","name":"Stra\u00dfenweb","url":"https:\/\/www.strassenweb.de\/nachrichten\/","logo":{"@type":"ImageObject","inLanguage":"de","@id":"https:\/\/www.strassenweb.de\/nachrichten\/#\/schema\/logo\/image\/","url":"https:\/\/www.strassenweb.de\/nachrichten\/wp-content\/uploads\/2024\/09\/cropped-favicon.png","contentUrl":"https:\/\/www.strassenweb.de\/nachrichten\/wp-content\/uploads\/2024\/09\/cropped-favicon.png","width":512,"height":512,"caption":"Stra\u00dfenweb"},"image":{"@id":"https:\/\/www.strassenweb.de\/nachrichten\/#\/schema\/logo\/image\/"},"sameAs":["https:\/\/www.facebook.com\/strassenweb\/"]},{"@type":"Person","@id":"https:\/\/www.strassenweb.de\/nachrichten\/#\/schema\/person\/87c9c9067f1211da429a744dc5a5aa41","name":"Robert Hoffmann","image":{"@type":"ImageObject","inLanguage":"de","@id":"https:\/\/www.strassenweb.de\/nachrichten\/wp-content\/uploads\/2024\/09\/strassenweb-150x150.jpg","url":"https:\/\/www.strassenweb.de\/nachrichten\/wp-content\/uploads\/2024\/09\/strassenweb-150x150.jpg","contentUrl":"https:\/\/www.strassenweb.de\/nachrichten\/wp-content\/uploads\/2024\/09\/strassenweb-150x150.jpg","caption":"Robert Hoffmann"},"description":"Ich hei\u00dfe Robert Hoffmann und ich bin ein leidenschaftlicher Verfechter von \u00d6kologie und Biodiversit\u00e4t. Seit meiner Kindheit in den W\u00e4ldern Bayerns f\u00fchle ich mich mit der Natur verbunden und bin entschlossen, sie zu sch\u00fctzen. Heute widme ich mein Leben der Sensibilisierung anderer f\u00fcr die Bedeutung des Umweltschutzes f\u00fcr zuk\u00fcnftige Generationen.","sameAs":["https:\/\/www.strassenweb.de\/"]}]}},"_links":{"self":[{"href":"https:\/\/www.strassenweb.de\/nachrichten\/wp-json\/wp\/v2\/posts\/1941","targetHints":{"allow":["GET"]}}],"collection":[{"href":"https:\/\/www.strassenweb.de\/nachrichten\/wp-json\/wp\/v2\/posts"}],"about":[{"href":"https:\/\/www.strassenweb.de\/nachrichten\/wp-json\/wp\/v2\/types\/post"}],"author":[{"embeddable":true,"href":"https:\/\/www.strassenweb.de\/nachrichten\/wp-json\/wp\/v2\/users\/1"}],"replies":[{"embeddable":true,"href":"https:\/\/www.strassenweb.de\/nachrichten\/wp-json\/wp\/v2\/comments?post=1941"}],"version-history":[{"count":0,"href":"https:\/\/www.strassenweb.de\/nachrichten\/wp-json\/wp\/v2\/posts\/1941\/revisions"}],"wp:featuredmedia":[{"embeddable":true,"href":"https:\/\/www.strassenweb.de\/nachrichten\/wp-json\/wp\/v2\/media\/1942"}],"wp:attachment":[{"href":"https:\/\/www.strassenweb.de\/nachrichten\/wp-json\/wp\/v2\/media?parent=1941"}],"wp:term":[{"taxonomy":"category","embeddable":true,"href":"https:\/\/www.strassenweb.de\/nachrichten\/wp-json\/wp\/v2\/categories?post=1941"},{"taxonomy":"post_tag","embeddable":true,"href":"https:\/\/www.strassenweb.de\/nachrichten\/wp-json\/wp\/v2\/tags?post=1941"}],"curies":[{"name":"wp","href":"https:\/\/api.w.org\/{rel}","templated":true}]}}