{"id":194,"date":"2024-09-25T00:14:28","date_gmt":"2024-09-24T22:14:28","guid":{"rendered":"https:\/\/www.strassenweb.de\/nachrichten\/moderne-eleganz-und-historischer-charme-sind-in-diesem-historischen-bauernhof-perfekt-ausbalanciert\/"},"modified":"2024-09-25T00:14:29","modified_gmt":"2024-09-24T22:14:29","slug":"moderne-eleganz-und-historischer-charme-sind-in-diesem-historischen-bauernhof-perfekt-ausbalanciert","status":"publish","type":"post","link":"https:\/\/www.strassenweb.de\/nachrichten\/moderne-eleganz-und-historischer-charme-sind-in-diesem-historischen-bauernhof-perfekt-ausbalanciert\/","title":{"rendered":"Moderne Eleganz und historischer Charme sind in diesem historischen Bauernhof perfekt ausbalanciert"},"content":{"rendered":"<p><\/p>\n<div id=\"article-body\" class=\"article__body \">\n<p>Das Wort \u201eTransitional\u201c wird derzeit in der Welt der Innenarchitektur h\u00e4ufig verwendet. Es bezieht sich auf einen Stil, den wir alle begehren, und obwohl es sich um einen zeitlosen Look handelt, liegt er dieses Jahr voll im Trend.<\/p>\n<div id=\"ad-unit-1\" class=\"ad-unit\"><\/div>\n<p>\u00dcbergangsh\u00e4user sind solche, die Altes und Neues perfekt und m\u00fchelos in Einklang bringen \u2013 sie mischen Stile und Epochen, um R\u00e4ume zu schaffen, die man nicht wirklich definieren kann, die aber trotzdem funktionieren. Und es ist das perfekte Wort f\u00fcr dieses Bauernhaus aus dem 18. Jahrhundert, das von PS &#038; Daughters meisterhaft umgebaut wurde.<\/p>\n<figure class=\"van-image-figure inline-layout \" data-bordeaux-image-check>\n<div class=\"image-full-width-wrapper\">\n<div class=\"image-widthsetter\" style=\"max-width:2400px;\"><\/div>\n<\/div>\n<\/figure>\n<p>Das sch\u00f6ne Anwesen liegt in den gr\u00fcnen Vororten von Philadelphias Main Line und wurde seit \u00fcber einem Jahrzehnt nicht mehr anger\u00fchrt. Phoebe Schuh, Gr\u00fcnderin von PS &#038; Daughters, erkl\u00e4rt: \u201eVor der Renovierung war das Haus wirklich abgenutzt. Es hatte f\u00fcr eine einzelne Person ausreichend funktioniert (es gab eine Kartoffelchipsdose als Getr\u00e4nketisch und einen alten Konferenztisch als Esstisch), aber es war nicht gut gepflegt und aus gestalterischer Sicht weitgehend vernachl\u00e4ssigt worden.\u201c<\/p>\n<div id=\"desktop-in-article\" class=\"in-article ad-unit\">\n<div id=\"desktop-taboola-mid-article\"><\/div>\n<\/div>\n<div id=\"mobile-in-article\" class=\"in-article ad-unit\">\n<div id=\"mobile-taboola-mid-article\"><\/div>\n<\/div>\n<figure class=\"van-image-figure inline-layout \" data-bordeaux-image-check>\n<div class=\"image-full-width-wrapper\">\n<div class=\"image-widthsetter\" style=\"max-width:2000px;\"><\/div>\n<\/div>\n<\/figure>\n<p>\u201e15 bis 20 Jahre lang wurde nicht viel daran gemacht\u201c, f\u00e4hrt sie fort. \u201eFenster und Au\u00dfenverkleidung waren kaputt, das Zedernholzdach war unbehandelt geblieben. Die obere Terrasse mit Blick auf den Pool und den Wald war am Einst\u00fcrzen. Die W\u00e4nde strahlten noch immer den Stil der sp\u00e4ten 90er aus. Es war definitiv nicht bereit f\u00fcr eine moderne Familie, es ihr Zuhause zu nennen!\u201c<\/p>\n<div class=\"van_vid_carousel\">\n<div class=\"van_vid_carousel__padding\">\n<div class=\"van_vid_carousel__container\"><\/div>\n<\/div>\n<\/div>\n<figure class=\"van-image-figure inline-layout \" data-bordeaux-image-check>\n<div class=\"image-full-width-wrapper\">\n<div class=\"image-widthsetter\" style=\"max-width:2000px;\"><\/div>\n<\/div>\n<\/figure>\n<p>Nat\u00fcrlich w\u00fcrde die Renovierung des Anwesens mit Herausforderungen verbunden sein, aber es waren die Geschichte und der Charakter des Hauses, die Phoebe zu dem Projekt hingezogen haben. Sie erkl\u00e4rt: \u201eWir sind besessen davon, einzigartige R\u00e4ume zu schaffen, die die Architektur eines Hauses w\u00fcrdigen, die Visionen unserer Kunden widerspiegeln und einen modernen Lebensstil unterst\u00fctzen, der auf die Bed\u00fcrfnisse unserer Kunden zugeschnitten ist.\u201c<\/p>\n<div id=\"ad-unit-2\" class=\"ad-unit\"><\/div>\n<p>\u201eDieses Projekt bot all diese M\u00f6glichkeiten, denn wir hatten die Chance, f\u00fcr eine neue Patchwork-Familie mit Kindern unterschiedlichen Alters zu entwerfen, die aus verschiedenen Teilen der Welt kamen, um sich in diesem Anwesen niederzulassen, das auf dem Gel\u00e4nde einer alten Farm in Pennsylvania errichtet wurde. Dar\u00fcber hinaus brachten unsere Kunden eine Kunstsammlung von Weltklasse mit, die wir \u00fcberdenken und in das Design integrieren konnten, was immer wirklich Spa\u00df macht.\u201c<\/p>\n<figure class=\"van-image-figure inline-layout \" data-bordeaux-image-check>\n<div class=\"image-full-width-wrapper\">\n<div class=\"image-widthsetter\" style=\"max-width:2400px;\"><\/div>\n<\/div>\n<\/figure>\n<p>Der Auftrag f\u00fcr Phoebe bestand daher darin, das alte Haus zu \u00fcbernehmen und seinen urspr\u00fcnglichen Charme zu bewahren, ihn aber in die Gegenwart zu bringen. Ein \u00dcbergangshaus zu schaffen, das das Beste aus Alt und Neu vereint.<\/p>\n<p>Der Hausbesitzer wollte \u201eEntspannung, Eleganz und Komfort f\u00fcr eine lustige Patchwork-Familie mit Kindern\u201c, sagt Phoebe. \u201eSie wollten nicht, dass die R\u00e4ume zu kostbar sind, aber sie liebt \u00fcppigen Samt und den Mix aus Mustern und Lagen.\u201c<\/p>\n<figure class=\"van-image-figure inline-layout \" data-bordeaux-image-check>\n<div class=\"image-full-width-wrapper\">\n<div class=\"image-widthsetter\" style=\"max-width:2000px;\"><\/div>\n<\/div>\n<\/figure>\n<p>Das Haus wurde nicht nur neu konzipiert, sondern neu erfunden. Es ist jetzt ein Familienhaus mit sieben Schlafzimmern und acht Badezimmern, das mit modernen Annehmlichkeiten ausgestattet ist (ein Pool, eine Lounge im Freien, ein Spielzimmer und ein Spielezimmer, um nur einige zu nennen). Aber es gibt \u00fcberall Anspielungen auf den urspr\u00fcnglichen Raum, und moderne, ma\u00dfgefertigte St\u00fccke vermischen sich in fast jedem Raum mit Vintage-Fundst\u00fccken.<\/p>\n<figure class=\"van-image-figure inline-layout \" data-bordeaux-image-check>\n<div class=\"image-full-width-wrapper\">\n<div class=\"image-widthsetter\" style=\"max-width:2000px;\"><\/div>\n<\/div>\n<\/figure>\n<p>Einer von Phoebes Lieblingsr\u00e4umen bei der Renovierung war das Hauptbadezimmer, ein luxuri\u00f6ser Raum, der mit Kalkutta-Marmorsteinen verkleidet ist. \u201eDer Kunde erz\u00e4hlte uns, dass er in seinem Sommerhaus ein Fenster in der Dusche hatte. Auf alles andere hatte er keinen gro\u00dfen Einfluss, aber er lie\u00df es uns einfach wissen. Er hatte ein Fenster und eine Dusche und es gefiel ihm wirklich gut, daher war das Nassraumkonzept geboren\u201c, erkl\u00e4rt sie.<\/p>\n<p>\u201eWir haben in einem Bereich, in dem sich fr\u00fcher eine freistehende Badewanne befand, eine riesige Dusche geschaffen und einen viel gr\u00f6\u00dferen Teil des Badezimmers mit einer neuen freistehenden Badewanne und einer schwebenden Marmorplatte als Duschbank umschlossen. Au\u00dferdem haben wir den gesamten Raum mit wei\u00dfem Marmor und wundersch\u00f6nen Mosaiken an der Decke sowie Armaturen aus geb\u00fcrstetem Messing verkleidet.\u201c<\/p>\n<figure class=\"van-image-figure inline-layout \" data-bordeaux-image-check>\n<div class=\"image-full-width-wrapper\">\n<div class=\"image-widthsetter\" style=\"max-width:2400px;\"><\/div>\n<\/div>\n<\/figure>\n<p>Da dies ein kinder- und familienorientiertes Zuhause werden sollte, war ein Spielzimmer ein Muss. Der Raum bietet f\u00fcr jedes Alter etwas.<\/p>\n<aside class=\"hawk-nest\" data-render-type=\"fte\" data-skip=\"dealsy\" data-widget-type=\"seasonal\">\n<div class=\"hawk-master-widget-hawk-base-wrapper\"><\/div>\n<\/aside>\n<p>\u201eIch habe es geliebt, das Spielzimmer zu gestalten\u201c, sagt Phoebe. \u201eDie Gestaltung eines Kletterger\u00fcsts im Spielzimmer und eines \u00fcbergro\u00dfen, juwelenfarbenen Wandgem\u00e4ldes mit vertr\u00e4umten Berggipfeln und einer gew\u00f6lbten, individuell eingebauten Leseecke haben das Kinderspielzimmer auf eine neue Ebene gehoben.\u201c<\/p>\n<p>\u201eSobald man dort unten ankommt, ist es ein Ort, an dem Teenager klettern, M\u00e4dchen im Teenageralter basteln und Kleinkinder auf den modularen Baukl\u00f6tzen herumklettern k\u00f6nnen. Es ist wirklich ein Ort, an dem Kinder jeden Alters gerne abh\u00e4ngen und spielen.\u201c<\/p>\n<figure class=\"van-image-figure inline-layout \" data-bordeaux-image-check>\n<div class=\"image-full-width-wrapper\">\n<div class=\"image-widthsetter\" style=\"max-width:2000px;\"><\/div>\n<\/div>\n<\/figure>\n<p>\u201eZus\u00e4tzlich zu den gestalterischen Herausforderungen, die fast jedes Projekt mit sich bringt, standen wir vor einer Reihe bautechnischer Herausforderungen, die sich im Verlauf der Abrissarbeiten zeigten\u201c, erkl\u00e4rt Phoebe.<\/p>\n<p>\u201eWie bei allen derartigen Herausforderungen wollten wir sie als Gelegenheit nutzen, um gutes Design zur L\u00f6sung zu machen. Der Stuck auf der gesamten R\u00fcckseite war abgeplatzt, also nutzten wir die Gelegenheit, den Stuck zu entfernen, das Haus richtig abzudichten und die neue Au\u00dfenfassade mit einer strahlend wei\u00dfen Verkleidung und einem Fundament aus Steinfurnier mit einer wundersch\u00f6nen Kalksteinterrasse, einem neuen Glasgel\u00e4nder und einem Mahagoni-Handlauf fortzuf\u00fchren.\u201c<\/p>\n<figure class=\"van-image-figure inline-layout \" data-bordeaux-image-check>\n<div class=\"image-full-width-wrapper\">\n<div class=\"image-widthsetter\" style=\"max-width:2400px;\"><\/div>\n<\/div>\n<\/figure>\n<p>Und gegen Ende des Projekts ergab sich noch eine speziellere Herausforderung, die PS &#038; Daughters einfach nicht ignorieren konnten.<\/p>\n<p>\u201eAls unser Kunde uns frech sagte: \u201aWie kann es sein, dass wir einen Rover auf den Mars bringen k\u00f6nnen, ich aber die Dusche volle 5 Minuten laufen lassen muss, bevor das Wasser hei\u00df wird?\u2018, wussten wir, dass wir etwas tun konnten, um das Erlebnis zu verbessern\u201c, erkl\u00e4rt Phoebe. \u201eAlso verlegten wir in der elften Stunde des Projekts eine eigene Leitung vom Warmwasserbereiter direkt zur Master-Suite. Alles war abgeschlossen und wir waren bereit, wirklich mit der Arbeit an einer M\u00e4ngelliste zu beginnen, als der Kunde dieses \u00e4rgerliche Detail enth\u00fcllte und wir einfach das Gef\u00fchl hatten, wir k\u00f6nnten das Grundst\u00fcck nicht verlassen, ohne ihm diese offensichtliche L\u00f6sung zu geben.\u201c<\/p>\n<p>\u201eEr hatte nicht Unrecht, der Warmwasserbereiter war auf der anderen Seite des Hauses und der Weg war einfach zu weit, also arbeitete das gesamte Team zusammen, um eine direkte Leitung direkt zu seiner Dusche zu verlegen. Wir hatten wirklich das Gef\u00fchl, dass uns das alle zusammengebracht hat, und wir waren wirklich begeistert, dass wir es so sp\u00e4t im Projekt noch erreichen konnten.\u201c<\/p>\n<hr>\n<p>Dieses Haus wurde von einem ungeliebten historischen Bauernhaus, das offensichtlich viel Potenzial hatte, in ein Familienhaus verwandelt, das sich einerseits ausgesprochen zeitgen\u00f6ssisch anf\u00fchlt, mit kr\u00e4ftigen Farben, ausdrucksstarken Kunstwerken und luxuri\u00f6sen Oberfl\u00e4chen, andererseits aber auch den urspr\u00fcnglichen Stil des Geb\u00e4udes widerspiegelt. Es ist der Inbegriff des \u00dcbergangsdesigns.<\/p>\n<\/div>\n","protected":false},"excerpt":{"rendered":"<p>Das Wort \u201eTransitional\u201c wird derzeit in der Welt der Innenarchitektur h\u00e4ufig verwendet. Es bezieht sich auf einen Stil, den wir alle begehren, und obwohl es<\/p>\n","protected":false},"author":1,"featured_media":195,"comment_status":"closed","ping_status":"","sticky":false,"template":"","format":"standard","meta":{"footnotes":""},"categories":[118],"tags":[394,392,390,32,388,391,389,387,393,58,37],"class_list":["post-194","post","type-post","status-publish","format-standard","has-post-thumbnail","hentry","category-haus-garten","tag-ausbalanciert","tag-bauernhof","tag-charme","tag-diesem","tag-eleganz","tag-historischen","tag-historischer","tag-moderne","tag-perfekt","tag-sind","tag-und","generate-columns","tablet-grid-50","mobile-grid-100","grid-parent","grid-50"],"yoast_head":"<!-- This site is optimized with the Yoast SEO plugin v27.3 - https:\/\/yoast.com\/product\/yoast-seo-wordpress\/ -->\n<title>Moderne Eleganz und historischer Charme sind in diesem historischen Bauernhof perfekt ausbalanciert - Nachrichten - Stra\u00dfenweb<\/title>\n<meta name=\"robots\" content=\"index, follow, max-snippet:-1, max-image-preview:large, max-video-preview:-1\" \/>\n<link rel=\"canonical\" href=\"https:\/\/www.strassenweb.de\/nachrichten\/moderne-eleganz-und-historischer-charme-sind-in-diesem-historischen-bauernhof-perfekt-ausbalanciert\/\" \/>\n<meta property=\"og:locale\" content=\"de_DE\" \/>\n<meta property=\"og:type\" content=\"article\" \/>\n<meta property=\"og:title\" content=\"Moderne Eleganz und historischer Charme sind in diesem historischen Bauernhof perfekt ausbalanciert - Nachrichten - Stra\u00dfenweb\" \/>\n<meta property=\"og:description\" content=\"Das Wort \u201eTransitional\u201c wird derzeit in der Welt der Innenarchitektur h\u00e4ufig verwendet. Es bezieht sich auf einen Stil, den wir alle begehren, und obwohl es\" \/>\n<meta property=\"og:url\" content=\"https:\/\/www.strassenweb.de\/nachrichten\/moderne-eleganz-und-historischer-charme-sind-in-diesem-historischen-bauernhof-perfekt-ausbalanciert\/\" \/>\n<meta property=\"og:site_name\" content=\"Stra\u00dfenweb\" \/>\n<meta property=\"article:publisher\" content=\"https:\/\/www.facebook.com\/strassenweb\/\" \/>\n<meta property=\"article:published_time\" content=\"2024-09-24T22:14:28+00:00\" \/>\n<meta property=\"article:modified_time\" content=\"2024-09-24T22:14:29+00:00\" \/>\n<meta property=\"og:image\" content=\"https:\/\/www.strassenweb.de\/nachrichten\/wp-content\/uploads\/2024\/09\/Moderne-Eleganz-und-historischer-Charme-sind-in-diesem-historischen-Bauernhof.jpg\" \/>\n\t<meta property=\"og:image:width\" content=\"1200\" \/>\n\t<meta property=\"og:image:height\" content=\"675\" \/>\n\t<meta property=\"og:image:type\" content=\"image\/jpeg\" \/>\n<meta name=\"author\" content=\"Robert Hoffmann\" \/>\n<meta name=\"twitter:card\" content=\"summary_large_image\" \/>\n<meta name=\"twitter:label1\" content=\"Verfasst von\" \/>\n\t<meta name=\"twitter:data1\" content=\"Robert Hoffmann\" \/>\n\t<meta name=\"twitter:label2\" content=\"Gesch\u00e4tzte Lesezeit\" \/>\n\t<meta name=\"twitter:data2\" content=\"6\u00a0Minuten\" \/>\n<script type=\"application\/ld+json\" class=\"yoast-schema-graph\">{\"@context\":\"https:\\\/\\\/schema.org\",\"@graph\":[{\"@type\":\"Article\",\"@id\":\"https:\\\/\\\/www.strassenweb.de\\\/nachrichten\\\/moderne-eleganz-und-historischer-charme-sind-in-diesem-historischen-bauernhof-perfekt-ausbalanciert\\\/#article\",\"isPartOf\":{\"@id\":\"https:\\\/\\\/www.strassenweb.de\\\/nachrichten\\\/moderne-eleganz-und-historischer-charme-sind-in-diesem-historischen-bauernhof-perfekt-ausbalanciert\\\/\"},\"author\":{\"name\":\"Robert Hoffmann\",\"@id\":\"https:\\\/\\\/www.strassenweb.de\\\/nachrichten\\\/#\\\/schema\\\/person\\\/87c9c9067f1211da429a744dc5a5aa41\"},\"headline\":\"Moderne Eleganz und historischer Charme sind in diesem historischen Bauernhof perfekt ausbalanciert\",\"datePublished\":\"2024-09-24T22:14:28+00:00\",\"dateModified\":\"2024-09-24T22:14:29+00:00\",\"mainEntityOfPage\":{\"@id\":\"https:\\\/\\\/www.strassenweb.de\\\/nachrichten\\\/moderne-eleganz-und-historischer-charme-sind-in-diesem-historischen-bauernhof-perfekt-ausbalanciert\\\/\"},\"wordCount\":1129,\"publisher\":{\"@id\":\"https:\\\/\\\/www.strassenweb.de\\\/nachrichten\\\/#organization\"},\"image\":{\"@id\":\"https:\\\/\\\/www.strassenweb.de\\\/nachrichten\\\/moderne-eleganz-und-historischer-charme-sind-in-diesem-historischen-bauernhof-perfekt-ausbalanciert\\\/#primaryimage\"},\"thumbnailUrl\":\"https:\\\/\\\/www.strassenweb.de\\\/nachrichten\\\/wp-content\\\/uploads\\\/2024\\\/09\\\/Moderne-Eleganz-und-historischer-Charme-sind-in-diesem-historischen-Bauernhof.jpg\",\"keywords\":[\"ausbalanciert\",\"Bauernhof\",\"Charme\",\"diesem\",\"Eleganz\",\"historischen\",\"historischer\",\"Moderne\",\"perfekt\",\"sind\",\"und\"],\"articleSection\":[\"Haus &amp; Garten\"],\"inLanguage\":\"de\"},{\"@type\":\"WebPage\",\"@id\":\"https:\\\/\\\/www.strassenweb.de\\\/nachrichten\\\/moderne-eleganz-und-historischer-charme-sind-in-diesem-historischen-bauernhof-perfekt-ausbalanciert\\\/\",\"url\":\"https:\\\/\\\/www.strassenweb.de\\\/nachrichten\\\/moderne-eleganz-und-historischer-charme-sind-in-diesem-historischen-bauernhof-perfekt-ausbalanciert\\\/\",\"name\":\"Moderne Eleganz und historischer Charme sind in diesem historischen Bauernhof perfekt ausbalanciert - Nachrichten - Stra\u00dfenweb\",\"isPartOf\":{\"@id\":\"https:\\\/\\\/www.strassenweb.de\\\/nachrichten\\\/#website\"},\"primaryImageOfPage\":{\"@id\":\"https:\\\/\\\/www.strassenweb.de\\\/nachrichten\\\/moderne-eleganz-und-historischer-charme-sind-in-diesem-historischen-bauernhof-perfekt-ausbalanciert\\\/#primaryimage\"},\"image\":{\"@id\":\"https:\\\/\\\/www.strassenweb.de\\\/nachrichten\\\/moderne-eleganz-und-historischer-charme-sind-in-diesem-historischen-bauernhof-perfekt-ausbalanciert\\\/#primaryimage\"},\"thumbnailUrl\":\"https:\\\/\\\/www.strassenweb.de\\\/nachrichten\\\/wp-content\\\/uploads\\\/2024\\\/09\\\/Moderne-Eleganz-und-historischer-Charme-sind-in-diesem-historischen-Bauernhof.jpg\",\"datePublished\":\"2024-09-24T22:14:28+00:00\",\"dateModified\":\"2024-09-24T22:14:29+00:00\",\"breadcrumb\":{\"@id\":\"https:\\\/\\\/www.strassenweb.de\\\/nachrichten\\\/moderne-eleganz-und-historischer-charme-sind-in-diesem-historischen-bauernhof-perfekt-ausbalanciert\\\/#breadcrumb\"},\"inLanguage\":\"de\",\"potentialAction\":[{\"@type\":\"ReadAction\",\"target\":[\"https:\\\/\\\/www.strassenweb.de\\\/nachrichten\\\/moderne-eleganz-und-historischer-charme-sind-in-diesem-historischen-bauernhof-perfekt-ausbalanciert\\\/\"]}]},{\"@type\":\"ImageObject\",\"inLanguage\":\"de\",\"@id\":\"https:\\\/\\\/www.strassenweb.de\\\/nachrichten\\\/moderne-eleganz-und-historischer-charme-sind-in-diesem-historischen-bauernhof-perfekt-ausbalanciert\\\/#primaryimage\",\"url\":\"https:\\\/\\\/www.strassenweb.de\\\/nachrichten\\\/wp-content\\\/uploads\\\/2024\\\/09\\\/Moderne-Eleganz-und-historischer-Charme-sind-in-diesem-historischen-Bauernhof.jpg\",\"contentUrl\":\"https:\\\/\\\/www.strassenweb.de\\\/nachrichten\\\/wp-content\\\/uploads\\\/2024\\\/09\\\/Moderne-Eleganz-und-historischer-Charme-sind-in-diesem-historischen-Bauernhof.jpg\",\"width\":1200,\"height\":675,\"caption\":\"Moderne Eleganz und historischer Charme sind in diesem historischen Bauernhof perfekt ausbalanciert\"},{\"@type\":\"BreadcrumbList\",\"@id\":\"https:\\\/\\\/www.strassenweb.de\\\/nachrichten\\\/moderne-eleganz-und-historischer-charme-sind-in-diesem-historischen-bauernhof-perfekt-ausbalanciert\\\/#breadcrumb\",\"itemListElement\":[{\"@type\":\"ListItem\",\"position\":1,\"name\":\"Home\",\"item\":\"https:\\\/\\\/www.strassenweb.de\\\/nachrichten\\\/\"},{\"@type\":\"ListItem\",\"position\":2,\"name\":\"Moderne Eleganz und historischer Charme sind in diesem historischen Bauernhof perfekt ausbalanciert\"}]},{\"@type\":\"WebSite\",\"@id\":\"https:\\\/\\\/www.strassenweb.de\\\/nachrichten\\\/#website\",\"url\":\"https:\\\/\\\/www.strassenweb.de\\\/nachrichten\\\/\",\"name\":\"Stra\u00dfenweb\",\"description\":\"Stra\u00dfenverzeichnis f\u00fcr Deutschland\",\"publisher\":{\"@id\":\"https:\\\/\\\/www.strassenweb.de\\\/nachrichten\\\/#organization\"},\"potentialAction\":[{\"@type\":\"SearchAction\",\"target\":{\"@type\":\"EntryPoint\",\"urlTemplate\":\"https:\\\/\\\/www.strassenweb.de\\\/nachrichten\\\/?s={search_term_string}\"},\"query-input\":{\"@type\":\"PropertyValueSpecification\",\"valueRequired\":true,\"valueName\":\"search_term_string\"}}],\"inLanguage\":\"de\"},{\"@type\":\"Organization\",\"@id\":\"https:\\\/\\\/www.strassenweb.de\\\/nachrichten\\\/#organization\",\"name\":\"Stra\u00dfenweb\",\"url\":\"https:\\\/\\\/www.strassenweb.de\\\/nachrichten\\\/\",\"logo\":{\"@type\":\"ImageObject\",\"inLanguage\":\"de\",\"@id\":\"https:\\\/\\\/www.strassenweb.de\\\/nachrichten\\\/#\\\/schema\\\/logo\\\/image\\\/\",\"url\":\"https:\\\/\\\/www.strassenweb.de\\\/nachrichten\\\/wp-content\\\/uploads\\\/2024\\\/09\\\/cropped-favicon.png\",\"contentUrl\":\"https:\\\/\\\/www.strassenweb.de\\\/nachrichten\\\/wp-content\\\/uploads\\\/2024\\\/09\\\/cropped-favicon.png\",\"width\":512,\"height\":512,\"caption\":\"Stra\u00dfenweb\"},\"image\":{\"@id\":\"https:\\\/\\\/www.strassenweb.de\\\/nachrichten\\\/#\\\/schema\\\/logo\\\/image\\\/\"},\"sameAs\":[\"https:\\\/\\\/www.facebook.com\\\/strassenweb\\\/\"]},{\"@type\":\"Person\",\"@id\":\"https:\\\/\\\/www.strassenweb.de\\\/nachrichten\\\/#\\\/schema\\\/person\\\/87c9c9067f1211da429a744dc5a5aa41\",\"name\":\"Robert Hoffmann\",\"image\":{\"@type\":\"ImageObject\",\"inLanguage\":\"de\",\"@id\":\"https:\\\/\\\/www.strassenweb.de\\\/nachrichten\\\/wp-content\\\/uploads\\\/2024\\\/09\\\/strassenweb-150x150.jpg\",\"url\":\"https:\\\/\\\/www.strassenweb.de\\\/nachrichten\\\/wp-content\\\/uploads\\\/2024\\\/09\\\/strassenweb-150x150.jpg\",\"contentUrl\":\"https:\\\/\\\/www.strassenweb.de\\\/nachrichten\\\/wp-content\\\/uploads\\\/2024\\\/09\\\/strassenweb-150x150.jpg\",\"caption\":\"Robert Hoffmann\"},\"description\":\"Ich hei\u00dfe Robert Hoffmann und ich bin ein leidenschaftlicher Verfechter von \u00d6kologie und Biodiversit\u00e4t. Seit meiner Kindheit in den W\u00e4ldern Bayerns f\u00fchle ich mich mit der Natur verbunden und bin entschlossen, sie zu sch\u00fctzen. Heute widme ich mein Leben der Sensibilisierung anderer f\u00fcr die Bedeutung des Umweltschutzes f\u00fcr zuk\u00fcnftige Generationen.\",\"sameAs\":[\"https:\\\/\\\/www.strassenweb.de\\\/\"]}]}<\/script>\n<!-- \/ Yoast SEO plugin. -->","yoast_head_json":{"title":"Moderne Eleganz und historischer Charme sind in diesem historischen Bauernhof perfekt ausbalanciert - Nachrichten - Stra\u00dfenweb","robots":{"index":"index","follow":"follow","max-snippet":"max-snippet:-1","max-image-preview":"max-image-preview:large","max-video-preview":"max-video-preview:-1"},"canonical":"https:\/\/www.strassenweb.de\/nachrichten\/moderne-eleganz-und-historischer-charme-sind-in-diesem-historischen-bauernhof-perfekt-ausbalanciert\/","og_locale":"de_DE","og_type":"article","og_title":"Moderne Eleganz und historischer Charme sind in diesem historischen Bauernhof perfekt ausbalanciert - Nachrichten - Stra\u00dfenweb","og_description":"Das Wort \u201eTransitional\u201c wird derzeit in der Welt der Innenarchitektur h\u00e4ufig verwendet. Es bezieht sich auf einen Stil, den wir alle begehren, und obwohl es","og_url":"https:\/\/www.strassenweb.de\/nachrichten\/moderne-eleganz-und-historischer-charme-sind-in-diesem-historischen-bauernhof-perfekt-ausbalanciert\/","og_site_name":"Stra\u00dfenweb","article_publisher":"https:\/\/www.facebook.com\/strassenweb\/","article_published_time":"2024-09-24T22:14:28+00:00","article_modified_time":"2024-09-24T22:14:29+00:00","og_image":[{"width":1200,"height":675,"url":"https:\/\/www.strassenweb.de\/nachrichten\/wp-content\/uploads\/2024\/09\/Moderne-Eleganz-und-historischer-Charme-sind-in-diesem-historischen-Bauernhof.jpg","type":"image\/jpeg"}],"author":"Robert Hoffmann","twitter_card":"summary_large_image","twitter_misc":{"Verfasst von":"Robert Hoffmann","Gesch\u00e4tzte Lesezeit":"6\u00a0Minuten"},"schema":{"@context":"https:\/\/schema.org","@graph":[{"@type":"Article","@id":"https:\/\/www.strassenweb.de\/nachrichten\/moderne-eleganz-und-historischer-charme-sind-in-diesem-historischen-bauernhof-perfekt-ausbalanciert\/#article","isPartOf":{"@id":"https:\/\/www.strassenweb.de\/nachrichten\/moderne-eleganz-und-historischer-charme-sind-in-diesem-historischen-bauernhof-perfekt-ausbalanciert\/"},"author":{"name":"Robert Hoffmann","@id":"https:\/\/www.strassenweb.de\/nachrichten\/#\/schema\/person\/87c9c9067f1211da429a744dc5a5aa41"},"headline":"Moderne Eleganz und historischer Charme sind in diesem historischen Bauernhof perfekt ausbalanciert","datePublished":"2024-09-24T22:14:28+00:00","dateModified":"2024-09-24T22:14:29+00:00","mainEntityOfPage":{"@id":"https:\/\/www.strassenweb.de\/nachrichten\/moderne-eleganz-und-historischer-charme-sind-in-diesem-historischen-bauernhof-perfekt-ausbalanciert\/"},"wordCount":1129,"publisher":{"@id":"https:\/\/www.strassenweb.de\/nachrichten\/#organization"},"image":{"@id":"https:\/\/www.strassenweb.de\/nachrichten\/moderne-eleganz-und-historischer-charme-sind-in-diesem-historischen-bauernhof-perfekt-ausbalanciert\/#primaryimage"},"thumbnailUrl":"https:\/\/www.strassenweb.de\/nachrichten\/wp-content\/uploads\/2024\/09\/Moderne-Eleganz-und-historischer-Charme-sind-in-diesem-historischen-Bauernhof.jpg","keywords":["ausbalanciert","Bauernhof","Charme","diesem","Eleganz","historischen","historischer","Moderne","perfekt","sind","und"],"articleSection":["Haus &amp; Garten"],"inLanguage":"de"},{"@type":"WebPage","@id":"https:\/\/www.strassenweb.de\/nachrichten\/moderne-eleganz-und-historischer-charme-sind-in-diesem-historischen-bauernhof-perfekt-ausbalanciert\/","url":"https:\/\/www.strassenweb.de\/nachrichten\/moderne-eleganz-und-historischer-charme-sind-in-diesem-historischen-bauernhof-perfekt-ausbalanciert\/","name":"Moderne Eleganz und historischer Charme sind in diesem historischen Bauernhof perfekt ausbalanciert - Nachrichten - Stra\u00dfenweb","isPartOf":{"@id":"https:\/\/www.strassenweb.de\/nachrichten\/#website"},"primaryImageOfPage":{"@id":"https:\/\/www.strassenweb.de\/nachrichten\/moderne-eleganz-und-historischer-charme-sind-in-diesem-historischen-bauernhof-perfekt-ausbalanciert\/#primaryimage"},"image":{"@id":"https:\/\/www.strassenweb.de\/nachrichten\/moderne-eleganz-und-historischer-charme-sind-in-diesem-historischen-bauernhof-perfekt-ausbalanciert\/#primaryimage"},"thumbnailUrl":"https:\/\/www.strassenweb.de\/nachrichten\/wp-content\/uploads\/2024\/09\/Moderne-Eleganz-und-historischer-Charme-sind-in-diesem-historischen-Bauernhof.jpg","datePublished":"2024-09-24T22:14:28+00:00","dateModified":"2024-09-24T22:14:29+00:00","breadcrumb":{"@id":"https:\/\/www.strassenweb.de\/nachrichten\/moderne-eleganz-und-historischer-charme-sind-in-diesem-historischen-bauernhof-perfekt-ausbalanciert\/#breadcrumb"},"inLanguage":"de","potentialAction":[{"@type":"ReadAction","target":["https:\/\/www.strassenweb.de\/nachrichten\/moderne-eleganz-und-historischer-charme-sind-in-diesem-historischen-bauernhof-perfekt-ausbalanciert\/"]}]},{"@type":"ImageObject","inLanguage":"de","@id":"https:\/\/www.strassenweb.de\/nachrichten\/moderne-eleganz-und-historischer-charme-sind-in-diesem-historischen-bauernhof-perfekt-ausbalanciert\/#primaryimage","url":"https:\/\/www.strassenweb.de\/nachrichten\/wp-content\/uploads\/2024\/09\/Moderne-Eleganz-und-historischer-Charme-sind-in-diesem-historischen-Bauernhof.jpg","contentUrl":"https:\/\/www.strassenweb.de\/nachrichten\/wp-content\/uploads\/2024\/09\/Moderne-Eleganz-und-historischer-Charme-sind-in-diesem-historischen-Bauernhof.jpg","width":1200,"height":675,"caption":"Moderne Eleganz und historischer Charme sind in diesem historischen Bauernhof perfekt ausbalanciert"},{"@type":"BreadcrumbList","@id":"https:\/\/www.strassenweb.de\/nachrichten\/moderne-eleganz-und-historischer-charme-sind-in-diesem-historischen-bauernhof-perfekt-ausbalanciert\/#breadcrumb","itemListElement":[{"@type":"ListItem","position":1,"name":"Home","item":"https:\/\/www.strassenweb.de\/nachrichten\/"},{"@type":"ListItem","position":2,"name":"Moderne Eleganz und historischer Charme sind in diesem historischen Bauernhof perfekt ausbalanciert"}]},{"@type":"WebSite","@id":"https:\/\/www.strassenweb.de\/nachrichten\/#website","url":"https:\/\/www.strassenweb.de\/nachrichten\/","name":"Stra\u00dfenweb","description":"Stra\u00dfenverzeichnis f\u00fcr Deutschland","publisher":{"@id":"https:\/\/www.strassenweb.de\/nachrichten\/#organization"},"potentialAction":[{"@type":"SearchAction","target":{"@type":"EntryPoint","urlTemplate":"https:\/\/www.strassenweb.de\/nachrichten\/?s={search_term_string}"},"query-input":{"@type":"PropertyValueSpecification","valueRequired":true,"valueName":"search_term_string"}}],"inLanguage":"de"},{"@type":"Organization","@id":"https:\/\/www.strassenweb.de\/nachrichten\/#organization","name":"Stra\u00dfenweb","url":"https:\/\/www.strassenweb.de\/nachrichten\/","logo":{"@type":"ImageObject","inLanguage":"de","@id":"https:\/\/www.strassenweb.de\/nachrichten\/#\/schema\/logo\/image\/","url":"https:\/\/www.strassenweb.de\/nachrichten\/wp-content\/uploads\/2024\/09\/cropped-favicon.png","contentUrl":"https:\/\/www.strassenweb.de\/nachrichten\/wp-content\/uploads\/2024\/09\/cropped-favicon.png","width":512,"height":512,"caption":"Stra\u00dfenweb"},"image":{"@id":"https:\/\/www.strassenweb.de\/nachrichten\/#\/schema\/logo\/image\/"},"sameAs":["https:\/\/www.facebook.com\/strassenweb\/"]},{"@type":"Person","@id":"https:\/\/www.strassenweb.de\/nachrichten\/#\/schema\/person\/87c9c9067f1211da429a744dc5a5aa41","name":"Robert Hoffmann","image":{"@type":"ImageObject","inLanguage":"de","@id":"https:\/\/www.strassenweb.de\/nachrichten\/wp-content\/uploads\/2024\/09\/strassenweb-150x150.jpg","url":"https:\/\/www.strassenweb.de\/nachrichten\/wp-content\/uploads\/2024\/09\/strassenweb-150x150.jpg","contentUrl":"https:\/\/www.strassenweb.de\/nachrichten\/wp-content\/uploads\/2024\/09\/strassenweb-150x150.jpg","caption":"Robert Hoffmann"},"description":"Ich hei\u00dfe Robert Hoffmann und ich bin ein leidenschaftlicher Verfechter von \u00d6kologie und Biodiversit\u00e4t. Seit meiner Kindheit in den W\u00e4ldern Bayerns f\u00fchle ich mich mit der Natur verbunden und bin entschlossen, sie zu sch\u00fctzen. Heute widme ich mein Leben der Sensibilisierung anderer f\u00fcr die Bedeutung des Umweltschutzes f\u00fcr zuk\u00fcnftige Generationen.","sameAs":["https:\/\/www.strassenweb.de\/"]}]}},"_links":{"self":[{"href":"https:\/\/www.strassenweb.de\/nachrichten\/wp-json\/wp\/v2\/posts\/194","targetHints":{"allow":["GET"]}}],"collection":[{"href":"https:\/\/www.strassenweb.de\/nachrichten\/wp-json\/wp\/v2\/posts"}],"about":[{"href":"https:\/\/www.strassenweb.de\/nachrichten\/wp-json\/wp\/v2\/types\/post"}],"author":[{"embeddable":true,"href":"https:\/\/www.strassenweb.de\/nachrichten\/wp-json\/wp\/v2\/users\/1"}],"replies":[{"embeddable":true,"href":"https:\/\/www.strassenweb.de\/nachrichten\/wp-json\/wp\/v2\/comments?post=194"}],"version-history":[{"count":0,"href":"https:\/\/www.strassenweb.de\/nachrichten\/wp-json\/wp\/v2\/posts\/194\/revisions"}],"wp:featuredmedia":[{"embeddable":true,"href":"https:\/\/www.strassenweb.de\/nachrichten\/wp-json\/wp\/v2\/media\/195"}],"wp:attachment":[{"href":"https:\/\/www.strassenweb.de\/nachrichten\/wp-json\/wp\/v2\/media?parent=194"}],"wp:term":[{"taxonomy":"category","embeddable":true,"href":"https:\/\/www.strassenweb.de\/nachrichten\/wp-json\/wp\/v2\/categories?post=194"},{"taxonomy":"post_tag","embeddable":true,"href":"https:\/\/www.strassenweb.de\/nachrichten\/wp-json\/wp\/v2\/tags?post=194"}],"curies":[{"name":"wp","href":"https:\/\/api.w.org\/{rel}","templated":true}]}}