{"id":1926,"date":"2024-12-05T01:39:23","date_gmt":"2024-12-05T00:39:23","guid":{"rendered":"https:\/\/www.strassenweb.de\/nachrichten\/ich-dachte-ich-mag-nur-extra-feste-matratzen-bis-simbas-hybrid-pro-meine-meinung-aenderte\/"},"modified":"2024-12-05T01:39:25","modified_gmt":"2024-12-05T00:39:25","slug":"ich-dachte-ich-mag-nur-extra-feste-matratzen-bis-simbas-hybrid-pro-meine-meinung-aenderte","status":"publish","type":"post","link":"https:\/\/www.strassenweb.de\/nachrichten\/ich-dachte-ich-mag-nur-extra-feste-matratzen-bis-simbas-hybrid-pro-meine-meinung-aenderte\/","title":{"rendered":"Ich dachte, ich mag nur \u201eextra feste\u201c Matratzen, bis Simbas Hybrid Pro meine Meinung \u00e4nderte"},"content":{"rendered":"<div id=\"article-body\" class=\"article__body \">\n<aside class=\"hawk-nest\" data-block-type=\"embed\" data-model-name=\"I_thought_I_only_liked_extra_firm_mattresses_until_Simbas_Hybrid_Pro_changed_my_mind\" data-name=\"TOP widget\" data-render-type=\"fte\" data-widget-type=\"review\">\n<div class=\"hawk-master-widget-hawk-base-wrapper\"><\/div>\n<\/aside>\n<p>Es ist eine Untertreibung zu sagen, dass mir Matratzen am Herzen liegen. Zwischen den Versionen, die wir in unserem eigenen Zuhause ausprobiert (und zur\u00fcckgekehrt) haben, sowie den vielen Betten, in denen ich jedes Jahr schlafe, w\u00e4hrend ich Reisegeschichten schreibe, habe ich einige klare Meinungen dar\u00fcber entwickelt, wo ich jeden Abend meinen Kopf hinlege. Eine R\u00fcckenverletzung in meinen Drei\u00dfigern bedeutet, dass mein K\u00f6rper etwas w\u00e4hlerisch ist, was Unterst\u00fctzung, Festigkeit und Druckentlastung angeht.<\/p>\n<div id=\"ad-unit-1\" class=\"ad-unit\"><\/div>\n<p>Auf meiner Suche nach dem perfekten Bett verbrachte ich einmal zwei Stunden mit einem preisgekr\u00f6nten Matratzenverk\u00e4ufer in meiner Stadt, der mich durch die vielen Schritte zur Auswahl einer Matratze f\u00fchrte. Es ist sowohl eine Wissenschaft als auch eine Kunst. Der H\u00f6hepunkt dieses Meisterkurses war ein Rundgang durch ihre Matratzenfabrik, bei dem ich abwechselnd Watte auf eine Kissenoberseite legte und die Einfassung selbst vern\u00e4hte.<\/p>\n<aside class=\"hawk-nest\" data-block-type=\"embed\" data-render-type=\"fte\" data-skip=\"dealsy\" data-widget-type=\"seasonal\">\n<div class=\"hawk-master-widget-hawk-base-wrapper\"><\/div>\n<\/aside>\n<p>Ob es darum geht, Matratzen, Spielzeug oder Technik zu testen, ich gehe jede Rezension sorgf\u00e4ltig und \u00fcberlegt an. Da ich selbst Verbraucher bin, wei\u00df ich, dass die meisten K\u00e4ufer nur \u00fcber begrenzte Zeit und Ressourcen verf\u00fcgen \u2013 und nach jemandem suchen, der ihnen das R\u00e4tselraten bei ihren Eink\u00e4ufen nimmt. Beim Testen von Schlafprodukten auf <em>H&#038;G<\/em>Wir sind immer auf der Suche nach der besten Matratze auf dem Markt. Deshalb habe ich selbst auf diesem Bett geschlafen, Experimente durchgef\u00fchrt, um die Leistung der Matratze zu testen, und sogar meine Kinder eingeladen, die Betten auszuprobieren und ihr Feedback zu geben. Wir haben den Simba Hybrid Pro einen Monat lang bei uns zu Hause getestet und ihn w\u00e4hrend des Testzeitraums sowohl im Hauptschlafzimmer als auch im Schlafzimmer eines Teenagers aufgestellt.<\/p>\n<div id=\"desktop-in-article\" class=\"in-article ad-unit\">\n<div id=\"desktop-taboola-mid-article\"><\/div>\n<\/div>\n<div id=\"mobile-in-article\" class=\"in-article ad-unit\">\n<div id=\"mobile-taboola-mid-article\"><\/div>\n<\/div>\n<h2 id=\"simba-hybrid-pro-mattress-review-tried-and-tested-3\">Testbericht zur Simba Hybrid Pro-Matratze \u2013 erprobt und getestet<\/h2>\n<p>Im Gegensatz zu einer durchschnittlichen Hybridmatratze f\u00fchlt sich die Simba Hybrid Pro gleichzeitig weich und unterst\u00fctzend an. Mit 5.000 Aerocoil-Stahlmikrofedern in zwei Schichten ist die Basis dieser Matratze solide. Die Federn sind mit Simbatex-Memory-Schaum, einer Schicht aus Wollmischung und einem hypoallergenen Strickbezug \u00fcberzogen. Die Hybrid Pro ist Simbas Hybridmatratze der Spitzenklasse und kostet 1.799 US-Dollar f\u00fcr eine Queen-Size-Matratze, was einem durchschnittlichen Preis f\u00fcr \u00e4hnliche Produkte entspricht.<\/p>\n<div class=\"van_vid_carousel\">\n<div class=\"van_vid_carousel__padding\">\n<div class=\"van_vid_carousel__container\"><\/div>\n<\/div>\n<\/div>\n<div class=\"hawk-nest\" data-image=\"https:\/\/www.strassenweb.de\/nachrichten\/wp-content\/uploads\/2024\/12\/6nH6ZQT9GH2eYGy6twhRcE-200-100.jpg\" data-link=\"https:\/\/click.linksynergy.com\/deeplink?id=kXQk6%2AivFEQ&amp;mid=53275&amp;u1=hawk-custom-tracking&amp;murl=https%3A%2F%2Fsimba.shop%2Fproducts%2Fmattress-pro\" data-link-merchant=\"Simba Sleep US\" data-link-text=\"View Deal\" data-model-name=\"Simba Hybrid Pro Mattress | $1,799 for a Queen\" data-show-fallback=\"button\" data-webp-image=\"https:\/\/www.strassenweb.de\/nachrichten\/wp-content\/uploads\/2024\/12\/6nH6ZQT9GH2eYGy6twhRcE-200-100.jpg.webp\" data-widget-introduction='&lt;p&gt;&lt;strong&gt;Simba Hybrid Pro Mattress | &lt;\/strong&gt;&lt;a href=\"https:\/\/click.linksynergy.com\/deeplink?id=kXQk6%2AivFEQ&amp;mid=53275&amp;u1=hawk-custom-tracking&amp;murl=https%3A%2F%2Fsimba.shop%2Fproducts%2Fmattress-pro\" data-link-merchant=\"Simba Sleep US\"\" target=\"_blank\" rel=\"nofollow\"&gt;&lt;strong&gt;$1,799 for a Queen&lt;\/strong&gt;&lt;\/a&gt;&lt;\/p&gt;' data-widget-type=\"deal\" data-render-type=\"editorial\">\n<div class=\"hawk-master-widget-hawk-base-wrapper\">\n<div class=\"hawk-deal-widget-container\">\n<div class=\"hawk-deal-widget-wrap\">\n<div class=\"hawk-deal-widget-image-container\"><\/div>\n<div class=\"hawk-deal-widget-main\">\n<p xmlns=\"http:\/\/www.w3.org\/1999\/xhtml\"><strong>Simba Hybrid Pro Matratze | <\/strong><strong>1.799 $ f\u00fcr eine K\u00f6nigin<\/strong><\/p>\n<\/div>\n<\/div>\n<div class=\"hawk-deal-widget-footer\">\n<div class=\"hawk-deal-widget-button-wrapper\">\n<div class=\"hawk-deal-widget-preferred-partner-wrapper\"><span>Angebot ansehen<\/span><\/div>\n<\/div>\n<\/div>\n<\/div>\n<\/div>\n<\/div>\n<h3 class=\"article-body__section\" id=\"section-simba-hybrid-pro-mattress-specifications\"><span>Spezifikationen der Simba Hybrid Pro-Matratze<\/span><\/h3>\n<figure class=\"van-image-figure inline-layout \" data-bordeaux-image-check>\n<div class=\"image-full-width-wrapper\">\n<div class=\"image-widthsetter\" style=\"max-width:2000px;\"><\/div>\n<\/div>\n<\/figure>\n<div id=\"slice-container-table-PPB2iC4MLX6Lud6XLxUYoe-TeWvczG2HlOrGhPm6iGtDB327PqkiiF6\" class=\"slice-container table-wrapper table-PPB2iC4MLX6Lud6XLxUYoe-TeWvczG2HlOrGhPm6iGtDB327PqkiiF6 slice-container-table\">\n<div class=\"table__instruction\">Wischen Sie, um horizontal zu scrollen<svg viewbox=\"0 0 23 30\" fill=\"none\" xmlns=\"http:\/\/www.w3.org\/2000\/svg\"><path d=\"M21.554 15.726a2.878 2.878 0 0 0-1.705-.374 2.881 2.881 0 0 0-1.388-3.068 2.877 2.877 0 0 0-1.992-.333 2.884 2.884 0 0 0-.1-.766 2.865 2.865 0 0 0-1.346-1.75c-.47-.27-.996-.4-1.527-.385l2.742-4.73a2.87 2.87 0 0 0 .323-.83h2.612V2.084h-2.661A2.861 2.861 0 0 0 15.18.385a2.903 2.903 0 0 0-3.952 1.055l-.373.644H2.983l1.003-1L2.99.09 1.28 1.793l-.999.995L2.99 5.484l.998-.994-1.003-.999h7.054L6.505 9.586c-.34.066-.905.186-1.523.366-1.405.41-2.321.895-2.8 1.483-.742.911-1.159 2.513-1.277 4.898l-.001.01c-.067 1.816.946 6.943.99 7.16a.688.688 0 0 0 1.35-.266c-.01-.051-1.023-5.177-.963-6.84.127-2.556.598-3.64.97-4.098.133-.163.602-.587 2.104-1.027l.206-.058-1.425 2.458a.685.685 0 0 0 .252.937c.33.19.75.077.94-.251L12.42 2.126a1.52 1.52 0 0 1 2.07-.552c.35.2.6.527.705.916.105.39.051.797-.15 1.145l-4.767 8.222a.685.685 0 0 0 .252.937c.33.19.75.077.94-.25l.794-1.368c.201-.348.529-.597.92-.702a1.508 1.508 0 0 1 1.854 1.066c.105.39.052.796-.15 1.144l-.377.652-.002.002-.898 1.55a.685.685 0 0 0 .252.938c.329.189.75.077.94-.251l.9-1.551c.201-.348.528-.597.92-.702a1.512 1.512 0 0 1 1.703 2.21l-1.223 2.11a.685.685 0 0 0 .252.938c.33.189.75.076.941-.252l.5-.862c.202-.348.529-.597.92-.702.392-.104.8-.051 1.15.15.723.416.972 1.34.554 2.06l-3.525 6.08c-.517.892-1.57 1.795-3.044 2.611-1.156.64-2.163.998-2.173 1.002a.685.685 0 0 0 .23 1.333.688.688 0 0 0 .229-.04c.18-.062 4.419-1.575 5.952-4.22l3.524-6.08a2.878 2.878 0 0 0-1.059-3.934Z\" fill=\"#333\"><\/path><\/svg><\/div>\n<div class=\"table__container\">\n<table tabindex=\"0\" class=\"table__wrapper table__wrapper--inbodyContent table__wrapper--sticky table__wrapper--divider\">\n<tbody class=\"table__body\">\n<tr class=\"table__body__row\">\n<td class=\"table_body__data\" colspan=\"1\" style=\"text-align:left\">Preis<\/td>\n<td class=\"table_body__data\" colspan=\"1\" style=\"text-align:left\">1.399 bis 2.099 US-Dollar<\/td>\n<\/tr>\n<tr class=\"table__body__row\">\n<td class=\"table_body__data\" colspan=\"1\" style=\"text-align:left\">Festigkeit<\/td>\n<td class=\"table_body__data\" colspan=\"1\" style=\"text-align:left\">Medium<\/td>\n<\/tr>\n<tr class=\"table__body__row\">\n<td class=\"table_body__data\" colspan=\"1\" style=\"text-align:left\">Dicke<\/td>\n<td class=\"table_body__data\" colspan=\"1\" style=\"text-align:left\">14 Zoll<\/td>\n<\/tr>\n<tr class=\"table__body__row\">\n<td class=\"table_body__data\" colspan=\"1\" style=\"text-align:left\">Typ<\/td>\n<td class=\"table_body__data\" colspan=\"1\" style=\"text-align:left\">Hybrid<\/td>\n<\/tr>\n<tr class=\"table__body__row\">\n<td class=\"table_body__data\" colspan=\"1\" style=\"text-align:left\">Gr\u00f6\u00dfen<\/td>\n<td class=\"table_body__data\" colspan=\"1\" style=\"text-align:left\">Twin, Twin XL, Full, Queen, King, California King<\/td>\n<\/tr>\n<tr class=\"table__body__row\">\n<td class=\"table_body__data\" colspan=\"1\" style=\"text-align:left\">Schlafversuch<\/td>\n<td class=\"table_body__data\" colspan=\"1\" style=\"text-align:left\">100 N\u00e4chte<\/td>\n<\/tr>\n<tr class=\"table__body__row\">\n<td class=\"table_body__data\" colspan=\"1\" style=\"text-align:left\">Garantie<\/td>\n<td class=\"table_body__data\" colspan=\"1\" style=\"text-align:left\">10 Jahre<\/td>\n<\/tr>\n<tr class=\"table__body__row\">\n<td class=\"table_body__data\" colspan=\"1\" style=\"text-align:left\">Lieferung<\/td>\n<td class=\"table_body__data\" colspan=\"1\" style=\"text-align:left\">Kostenloser Versand und kostenlose R\u00fccksendungen<\/td>\n<\/tr>\n<\/tbody>\n<\/table>\n<\/div>\n<\/div>\n<h3 class=\"article-body__section\" id=\"section-who-would-the-simba-hybrid-pro-mattress-suit\"><span>F\u00fcr wen w\u00fcrde die Simba Hybrid Pro-Matratze geeignet sein?<\/span><\/h3>\n<figure class=\"van-image-figure inline-layout \" data-bordeaux-image-check>\n<div class=\"image-full-width-wrapper\">\n<div class=\"image-widthsetter\" style=\"max-width:2400px;\"><\/div>\n<\/div>\n<\/figure>\n<ul>\n<li><strong>Partner mit unterschiedlichen Schlafpr\u00e4ferenzen: <\/strong>Aufgrund einer Bandscheibenverletzung im R\u00fccken ben\u00f6tige ich eine feste und st\u00fctzende Matratze, aber mein Mann bevorzugt eine weiche Matratze. Es fiel uns schwer, Kompromisse einzugehen, aber die Simba Hybrid Pro-Matratze f\u00fchlt sich wie ein Sieg an.<\/li>\n<li><strong>Hei\u00dfe Schl\u00e4fer: <\/strong>Als jemand, der oft \u00fcberhitzt aufwacht, achte ich pers\u00f6nlich bei einer Matratze vor allem auf die Temperaturkontrolle. Zubeh\u00f6r wie die besten K\u00fchllaken und K\u00fchlmatratzenauflagen sind gro\u00dfartig, aber ich fand, dass Simbas Matratze ohne Eingriff wunderbar k\u00fchlt.<\/li>\n<li><strong>Seitenschl\u00e4fer: <\/strong>Die Simba Hybrid Pro-Matratze f\u00fchlt sich f\u00fcr R\u00fcckenschl\u00e4fer gro\u00dfartig an, wie mein 11-j\u00e4hriger Sohn best\u00e4tigt hat, der sie mehrere N\u00e4chte lang getestet hat. Da ich selbst Seitenschl\u00e4fer bin, bef\u00fcrchtete ich, dass das weichere Gef\u00fchl einen Mangel an Unterst\u00fctzung bedeuten w\u00fcrde. Tats\u00e4chlich fand ich das Gegenteil der Fall. Ich wachte ausgeruht auf und hatte keinerlei Schmerzen.<\/li>\n<\/ul>\n<h3 class=\"article-body__section\" id=\"section-what-is-the-simba-hybrid-pro-like-to-sleep-on\"><span>Wie schl\u00e4ft man auf dem Simba Hybrid Pro?<\/span><\/h3>\n<figure class=\"van-image-figure inline-layout \" data-bordeaux-image-check>\n<div class=\"image-full-width-wrapper\">\n<div class=\"image-widthsetter\" style=\"max-width:2400px;\"><\/div>\n<\/div>\n<\/figure>\n<ul>\n<li><strong>Druckentlastung: <\/strong>Als ich mich zum ersten Mal auf dem Simba Hybrid Pro ausstreckte, war ich zugegebenerma\u00dfen skeptisch, ob er die Unterst\u00fctzung und Druckentlastung bieten w\u00fcrde, die ich brauchte, insbesondere in meinem unteren Lendenbereich. Das anf\u00e4ngliche Gef\u00fchl ist weich \u2013 ich bin ziemlich stark eingesunken. Mir war jedoch sofort klar, dass die Federn dieser Matratze st\u00e4rker sind als bei einigen anderen Hybridmatratzen, die wir in der Vergangenheit ausprobiert haben. In den ersten beiden N\u00e4chten auf dem Hybrid Pro wachte ich zwar mit einer gewissen Steifheit im unteren R\u00fccken auf, aber das lag daran, dass sich mein K\u00f6rper an eine andere Art der Unterst\u00fctzung als bei meiner vorherigen Federkernmatratze gew\u00f6hnt hatte. Diese Matratze bietet eine hervorragende Druckentlastung, ohne das Gef\u00fchl zu haben, auf einem Brett zu schlafen, was ein gro\u00dfes Plus ist. Auf einer Matratzenh\u00e4rteskala von 1 bis 10 w\u00fcrde ich diese Matratze mit 6,5 bewerten, obwohl sie aufgrund der St\u00fctzschichten eher mit 8 oder 9 schl\u00e4ft.<\/li>\n<li><strong>Thermoregulierung: <\/strong>Seitdem ich das mittlere Alter erreicht habe, schlafe ich hei\u00dfer als jemals zuvor in meinem Leben \u2013 daher ist die W\u00e4rmeregulierung ein Faktor, der mir bei der Wahl einer Matratze wichtig ist. In der Vergangenheit empfand ich fast alle Schaumstoff- oder Hybridmatratzen als sehr hei\u00df zum Schlafen. Noch bevor der Simba Hybrid Pro auf den Markt kam, freute ich mich \u00fcber die positiven Bewertungen, in denen die hervorragende W\u00e4rmeregulierung erw\u00e4hnt wurde. Simba sagt, dass dies an Graphitflocken im Schaum liegt. Graphit ist hochleitf\u00e4hig und leitet \u00fcbersch\u00fcssige W\u00e4rmeenergie vom K\u00f6rper weg und aus dem Bett heraus. Ich habe festgestellt, dass meine Erfahrung mit den positiven Bewertungen \u00fcbereinstimmt. Selbst mit einem Matratzenschoner aus 100 % Baumwolle auf der k\u00fchlenden Wollschicht wachte ich morgens meistens ausgeruht und k\u00fchl auf. Ich habe das Bett mit und ohne Matratzenschoner getestet und festgestellt, dass die W\u00e4rmeregulierung ohne Matratzenschoner besser ist \u2013 aber der d\u00fcnne Bezug scheint zum Schutz einen zu ben\u00f6tigen. Simba verkauft einen Matratzenschoner, der m\u00f6glicherweise eine bessere Option ist als der von uns verwendete. Obwohl diese Matratze k\u00fchler war als die meisten anderen, fanden wir nach ein paar Wochen einige Schwei\u00dfflecken auf dem Bezug \u2013 selbst mit dem besten Matratzenschoner. Der Bezug auf der Schlafoberfl\u00e4che besteht aus einem feinen, weichen Poly-Mischgewebe. Dies tr\u00e4gt zur K\u00fchlung und Atmungsaktivit\u00e4t bei, macht die Hybrid Pro jedoch weniger \u201escheuerbest\u00e4ndig\u201c als herk\u00f6mmliche Matratzen. Simba empfiehlt die punktuelle Reinigung mit leichten kreisenden Bewegungen und einem milden Reinigungsmittel. In unserem Fall war diese Technik erfolglos. Simba verkauft Bez\u00fcge separat, wenn einer besch\u00e4digt ist oder Sie lieber einen Ersatz zur Hand haben m\u00f6chten. Um Verwirrung zu vermeiden, sind die Anweisungen zum Austauschen der Abdeckung illustriert. Angesichts der feinen Maschenstruktur des Bezugs gehe ich davon aus, dass die meisten Verbraucher den Bezug w\u00e4hrend der Lebensdauer der Matratze mindestens einmal austauschen.<\/li>\n<\/ul>\n<figure class=\"van-image-figure inline-layout \" data-bordeaux-image-check>\n<div class=\"image-full-width-wrapper\">\n<div class=\"image-widthsetter\" style=\"max-width:2400px;\"><\/div>\n<\/div>\n<\/figure>\n<ul>\n<li><strong>Bewegungsisolation: <\/strong>Angesichts der bequemen Oberseite des Simba Hybrid Pro hatte ich Bedenken hinsichtlich der Bewegungsisolation. Ich neige dazu, die ganze Nacht in einer Position zu schlafen, w\u00e4hrend sich mein Partner regelm\u00e4\u00dfig bewegt. Ich testete die Bewegungsisolation, indem ich ein Weinglas mit Wasser auf die Matratze stellte und dann ein 3,6 kg schweres Handgewicht in die N\u00e4he stellte. Das Glas neigte sich dem Gewicht entgegen, kippte aber nicht um. Sobald ich auf dem Bett sa\u00df, kippte es. Dies ist eine ziemlich genaue Darstellung unseres Schlaferlebnisses im Bett. Ich wurde durch leichtes Hin- und Herw\u00e4lzen nicht gest\u00f6rt, aber wenn mein Partner ins Bett oder aus dem Bett stieg, sp\u00fcrte ich, wie sich mein K\u00f6rper ver\u00e4nderte. Ich w\u00fcrde die Bewegungsisolation der Hybrid Pro als durchschnittlich f\u00fcr Matratzen insgesamt einstufen \u2013 und als etwas \u00fcberdurchschnittlich f\u00fcr Hybridmatratzen. Wenn Sie auf der Suche nach einem High-Tech-Hybrid mit hervorragender Bewegungsisolation sind, empfehle ich die Tempur-Pedic ProAdapt-Matratze.<\/li>\n<li><strong>Kantenunterst\u00fctzung: <\/strong>Wie bei vielen Hybridmatratzen bietet die Simba Hybrid Pro nicht so viel Kantenunterst\u00fctzung wie eine herk\u00f6mmliche Federkernmatratze. Als ich mich auf die Kante setzte, um ein Paar Schuhe anzuziehen, sank ich ziemlich tief in die Matratze ein. Allerdings beeintr\u00e4chtigt dieser Mangel an Kantenunterst\u00fctzung nicht den Schlaf. Ich hatte zu keinem Zeitpunkt das Gef\u00fchl, dass ich beim Liegen von der Bettkante kippen w\u00fcrde. Die Kantenunterst\u00fctzung schien bei direktem Druck wie beim Sitzen nachzulassen, aber wenn mein K\u00f6rpergewicht gleichm\u00e4\u00dfig verteilt war, hielten die Kanten stand. Wenn ein Handgewicht \u00fcber den Rand der Matratze gelegt wird, sinkt diese zwar erheblich, aber wenn das gleiche Gewicht entlang der Matratze in der N\u00e4he des Randes platziert wird, beh\u00e4lt die Matratze ihre Form gut. Wenn Sie ein wenig Hilfe beim Ein- und Aussteigen ben\u00f6tigen, empfehle ich eine Matratze mit hervorragender Kantenunterst\u00fctzung, wie zum Beispiel die DreamCloud Luxury Hybrid Matratze.<\/li>\n<li><strong>Praktische Punkte: <\/strong>Die Simba-Matratze kam per FedEx in einer kompakten Box an. Der Fahrer stellte die Kiste wegen ihres Gewichts auf dem Gehweg und nicht auf der Veranda ab, aber da ich SMS-Benachrichtigungen \u00fcber die Lieferung erhalten hatte, konnte ich sie schnell mit einem Transportwagen hineinbewegen. Zwei Erwachsene brauchten, um ihn nach oben in unserem Haus zu tragen. Anfangs hatte ich Bedenken, dass das Unternehmen aufgrund der Gr\u00f6\u00dfe des Kartons versehentlich eine Zwillingsmatratze verschickt hatte. Beim \u00d6ffnen wurde die K\u00f6nigin jedoch in der Mitte gefaltet und dann aufgerollt. Trotz starker Komprimierung dehnte sich die Matratze innerhalb weniger Stunden auf ihre volle Gr\u00f6\u00dfe aus. Simba sagt, dass ihre Matratzen innerhalb von sechs Stunden nach dem Auspacken einsatzbereit sind, obwohl sie sich m\u00f6glicherweise bis zu 72 Stunden lang weiter ausdehnen. Ich habe keinen Unterschied in der Festigkeit zwischen der ersten und der dritten Nacht bemerkt. Simba bietet auf jeder Matratze einen 100-N\u00e4chte-Testschlaf auf einer Matratze an. Gef\u00e4llt es dir nicht? Sie koordinieren die Entfernung und senden entweder ein anderes Modell oder erstatten Ihnen Ihr Geld. Wenn Sie es lieben, erhalten Sie dennoch eine 10-j\u00e4hrige Matratzengarantie.<\/li>\n<\/ul>\n<h3 class=\"article-body__section\" id=\"section-how-does-the-simba-hybrid-pro-rate-online\"><span>Wie schneidet der Simba Hybrid Pro online ab?<\/span><\/h3>\n<figure class=\"van-image-figure inline-layout \" data-bordeaux-image-check>\n<div class=\"image-full-width-wrapper\">\n<div class=\"image-widthsetter\" style=\"max-width:2400px;\"><\/div>\n<\/div>\n<\/figure>\n<p>Simba verf\u00fcgt \u00fcber Hunderttausende Online-Bewertungen auf der eigenen Website, bei Einzelh\u00e4ndlern wie Amazon und auf Bewertungsseiten wie Trustpilot. Insgesamt sind die Bewertungen alle positiv und liegen im Durchschnitt bei \u00fcber 4 Sternen auf einer Skala von 1 bis 5. Viele Kunden bemerken, dass andere Hybridmatratzen f\u00fcr sie nicht funktionierten, die Simba Hybrid Pro jedoch ihre Schmerzen linderte. In vielen Rezensionen wird auch die hervorragende Thermoregulierung erw\u00e4hnt. Bemerkenswert ist, dass den meisten negativen Bewertungen ein Hinweis beigef\u00fcgt war, dass Simba dem nachgegangen ist und \u00fcber einen hervorragenden Kundenservice verf\u00fcgt.<\/p>\n<div id=\"ad-unit-2\" class=\"ad-unit\"><\/div>\n<h3 class=\"article-body__section\" id=\"section-should-i-buy-the-simba-hybrid-pro\"><span>Soll ich den Simba Hybrid Pro kaufen?<\/span><\/h3>\n<figure class=\"van-image-figure inline-layout \" data-bordeaux-image-check>\n<div class=\"image-full-width-wrapper\">\n<div class=\"image-widthsetter\" style=\"max-width:2400px;\"><\/div>\n<\/div>\n<\/figure>\n<p>Kaum eine Entscheidung ist \u00fcberw\u00e4ltigender als die Wahl einer neuen Matratze. F\u00fcr die meisten Menschen ist es eine kostspielige Anschaffung, die sich jeden Tag aufs Neue auf ihr Leben auswirkt. F\u00fcr K\u00e4ufer, die die Simba Hybrid Pro in Betracht ziehen, mag der Preis von 1.799 US-Dollar hoch erscheinen \u2013 aber im Bereich der Luxus-Hybridmatratzen ist sie konkurrenzf\u00e4hig. Der 100-N\u00e4chte-Testschlaf ist ein gro\u00dfer Vorteil der Simba-Matratzen. Einige Rezensenten bemerkten, dass Simba das Bett problemlos gegen ein festeres Modell austauschte, als das Hybrid Pro f\u00fcr ihre Bed\u00fcrfnisse zu weich war. Obwohl das leichte Innenfutter nicht unser Lieblingsmerkmal war, sch\u00e4tze ich die M\u00f6glichkeit, Ersatzbez\u00fcge zu erwerben, sehr.<\/p>\n<p>Obwohl die Simba Hybrid Pro mit ihrem \u00fcberlegenen Design meine Meinung \u00fcber Hybridmatratzen insgesamt ge\u00e4ndert hat, habe ich mich entschieden, vorerst bei meiner orthop\u00e4dischen Matratze zu bleiben. Zum Gl\u00fcck hat sich unser halbw\u00fcchsiger Sohn entschieden, seine Stearns &#038; Foster-Matratze durch das Produkt von Simba zu ersetzen. Wir gehen davon aus, dass er sich viele Jahre lang gut halten wird, wenn er w\u00e4chst.<\/p>\n<div class=\"hawk-nest\" data-image=\"https:\/\/www.strassenweb.de\/nachrichten\/wp-content\/uploads\/2024\/12\/6nH6ZQT9GH2eYGy6twhRcE-200-100.jpg\" data-link=\"https:\/\/click.linksynergy.com\/deeplink?id=kXQk6%2AivFEQ&amp;mid=53275&amp;u1=hawk-custom-tracking&amp;murl=https%3A%2F%2Fsimba.shop%2Fproducts%2Fmattress-pro\" data-link-merchant=\"Simba Sleep US\" data-link-text=\"View Deal\" data-model-name=\"Simba Hybrid Pro Mattress | $1,799 for a Queen\" data-show-fallback=\"button\" data-webp-image=\"https:\/\/www.strassenweb.de\/nachrichten\/wp-content\/uploads\/2024\/12\/6nH6ZQT9GH2eYGy6twhRcE-200-100.jpg.webp\" data-widget-introduction='&lt;p&gt;&lt;strong&gt;Simba Hybrid Pro Mattress | &lt;\/strong&gt;&lt;a href=\"https:\/\/click.linksynergy.com\/deeplink?id=kXQk6%2AivFEQ&amp;mid=53275&amp;u1=hawk-custom-tracking&amp;murl=https%3A%2F%2Fsimba.shop%2Fproducts%2Fmattress-pro\" data-link-merchant=\"Simba Sleep US\"\" target=\"_blank\" rel=\"nofollow\"&gt;&lt;strong&gt;$1,799 for a Queen&lt;\/strong&gt;&lt;\/a&gt;&lt;\/p&gt;' data-widget-type=\"deal\" data-render-type=\"editorial\">\n<div class=\"hawk-master-widget-hawk-base-wrapper\">\n<div class=\"hawk-deal-widget-container\">\n<div class=\"hawk-deal-widget-wrap\">\n<div class=\"hawk-deal-widget-image-container\"><img decoding=\"async\" src=\"https:\/\/www.strassenweb.de\/nachrichten\/wp-content\/uploads\/2024\/12\/6nH6ZQT9GH2eYGy6twhRcE-200-100.jpg\" alt=\"Simba Hybrid Pro Matratze | 1.799 $ f\u00fcr eine K\u00f6nigin\" title=\"Simba Hybrid Pro Matratze | 1.799 $ f\u00fcr eine K\u00f6nigin\" class=\"hawk-lazy-image-deal-widget\" draggable=\"false\" loading=\"lazy\" width=\"140\" height=\"160\"><\/div>\n<div class=\"hawk-deal-widget-main\">\n<p xmlns=\"http:\/\/www.w3.org\/1999\/xhtml\"><strong>Simba Hybrid Pro Matratze | <\/strong><strong>1.799 $ f\u00fcr eine K\u00f6nigin<\/strong><\/p>\n<\/div>\n<\/div>\n<div class=\"hawk-deal-widget-footer\">\n<div class=\"hawk-deal-widget-button-wrapper\">\n<div class=\"hawk-deal-widget-preferred-partner-wrapper\"><span>Angebot ansehen<\/span><\/div>\n<\/div>\n<\/div>\n<\/div>\n<\/div>\n<\/div>\n<h3 class=\"article-body__section\" id=\"section-how-we-test-mattresses\"><span>So testen wir Matratzen<\/span><\/h3>\n<figure class=\"van-image-figure inline-layout \" data-bordeaux-image-check>\n<div class=\"image-full-width-wrapper\">\n<div class=\"image-widthsetter\" style=\"max-width:2400px;\"><\/div>\n<\/div>\n<\/figure>\n<p>Ich geh\u00f6re zu einem Team erfahrener Tester, die sich darum k\u00fcmmern, die beste Matratze der Welt zu finden. Gemeinsam repr\u00e4sentieren wir ein breites Spektrum an Altersgruppen, Schlafstilen und K\u00f6rpertypen. Wir testen Matratzen mindestens 30 N\u00e4chte lang bei uns zu Hause, bevor wir unsere ersten Bewertungen schreiben. Dies ber\u00fccksichtigt die Zeit, die ben\u00f6tigt wird, um sich an eine neue Matratze zu gew\u00f6hnen, und gibt einen genauen Hinweis auf die langfristige Leistung.<\/p>\n<p>Wir bewerten jede Matratze anhand derselben Kriterien: Druckentlastung; Thermoregulierung; Bewegungsisolation; und Kantenunterst\u00fctzung. Um die Druckentlastung zu beurteilen, legen wir uns auf die Matratze und wechseln dabei zwischen Bauch, R\u00fccken und Seiten, um zu pr\u00fcfen, wie bequem sich die Matratze in jeder Schlafposition anf\u00fchlt. Um die Thermoregulation zu beurteilen, schalten wir unsere Klimaanlage aus, um Hitzewellen und K\u00e4lteeinbr\u00fcche zu \u00fcberstehen, und notieren, wann immer wir schwei\u00dfgebadet aufwachen.<\/p>\n<p>Um die Bewegungsisolation zu beurteilen, f\u00fcllen wir ein Glas mit Wasser und stellen es in die Mitte der Matratze. Dann nehmen wir ein Gewicht, legen es auf die Matratze und bewegen uns dabei schrittweise n\u00e4her an das Glas heran. Je mehr sich das Glas bewegt und je mehr Wasser versch\u00fcttet wird, desto schlechter ist die Bewegungsisolierung und desto weniger eignet sich die Matratze f\u00fcr Paare und Personen mit leichtem Schlaf. Um die Kantenunterst\u00fctzung zu beurteilen, setzen wir uns auf die Seite der Matratze und messen, wie weit wir fallen. Je tiefer wir fallen, desto schlechter ist die Kantenunterst\u00fctzung und desto schwieriger kann es sein, in das Bett hinein und wieder herauszukommen.<\/p>\n<p>Wir ber\u00fccksichtigen auch die praktischen Aspekte des Matratzenkaufs, von der Dauer des Probeschlafens bis hin zu den Einzelheiten der Lieferung. Wir vergleichen unsere Ergebnisse gerne mit verifizierten Kundenbewertungen, um gemeinsame Vor- und Nachteile einer Langzeitanwendung herauszuarbeiten. Abschlie\u00dfend bringen wir alles noch einmal auf den Preis der Matratze zur\u00fcck, um Ihnen bei der Bestimmung des Preis-Leistungs-Verh\u00e4ltnisses zu helfen.<\/p>\n<aside class=\"hawk-nest\" data-block-type=\"embed\" data-model-name=\"I_thought_I_only_liked_extra_firm_mattresses_until_Simbas_Hybrid_Pro_changed_my_mind\" data-name=\"BOT widget\" data-render-type=\"fte\" data-widget-type=\"review\">\n<div class=\"hawk-master-widget-hawk-base-wrapper\"><\/div>\n<\/aside>\n<\/div>\n","protected":false},"excerpt":{"rendered":"<p>Es ist eine Untertreibung zu sagen, dass mir Matratzen am Herzen liegen. Zwischen den Versionen, die wir in unserem eigenen Zuhause ausprobiert (und zur\u00fcckgekehrt) haben,<\/p>\n","protected":false},"author":1,"featured_media":1927,"comment_status":"closed","ping_status":"","sticky":false,"template":"","format":"standard","meta":{"footnotes":""},"categories":[118],"tags":[3434,180,174,3429,3430,3433,129,1830,3431,1054,3369,54,2764,3432],"class_list":["post-1926","post","type-post","status-publish","format-standard","has-post-thumbnail","hentry","category-haus-garten","tag-aenderte","tag-bis","tag-dachte","tag-extra","tag-feste","tag-hybrid","tag-ich","tag-mag","tag-matratzen","tag-meine","tag-meinung","tag-nur","tag-pro","tag-simbas","generate-columns","tablet-grid-50","mobile-grid-100","grid-parent","grid-50"],"yoast_head":"<!-- This site is optimized with the Yoast SEO plugin v27.3 - https:\/\/yoast.com\/product\/yoast-seo-wordpress\/ -->\n<title>Ich dachte, ich mag nur \u201eextra feste\u201c Matratzen, bis Simbas Hybrid Pro meine Meinung \u00e4nderte - Nachrichten - Stra\u00dfenweb<\/title>\n<meta name=\"robots\" content=\"index, follow, max-snippet:-1, max-image-preview:large, max-video-preview:-1\" \/>\n<link rel=\"canonical\" href=\"https:\/\/www.strassenweb.de\/nachrichten\/ich-dachte-ich-mag-nur-extra-feste-matratzen-bis-simbas-hybrid-pro-meine-meinung-aenderte\/\" \/>\n<meta property=\"og:locale\" content=\"de_DE\" \/>\n<meta property=\"og:type\" content=\"article\" \/>\n<meta property=\"og:title\" content=\"Ich dachte, ich mag nur \u201eextra feste\u201c Matratzen, bis Simbas Hybrid Pro meine Meinung \u00e4nderte - Nachrichten - Stra\u00dfenweb\" \/>\n<meta property=\"og:description\" content=\"Es ist eine Untertreibung zu sagen, dass mir Matratzen am Herzen liegen. Zwischen den Versionen, die wir in unserem eigenen Zuhause ausprobiert (und zur\u00fcckgekehrt) haben,\" \/>\n<meta property=\"og:url\" content=\"https:\/\/www.strassenweb.de\/nachrichten\/ich-dachte-ich-mag-nur-extra-feste-matratzen-bis-simbas-hybrid-pro-meine-meinung-aenderte\/\" \/>\n<meta property=\"og:site_name\" content=\"Stra\u00dfenweb\" \/>\n<meta property=\"article:publisher\" content=\"https:\/\/www.facebook.com\/strassenweb\/\" \/>\n<meta property=\"article:published_time\" content=\"2024-12-05T00:39:23+00:00\" \/>\n<meta property=\"article:modified_time\" content=\"2024-12-05T00:39:25+00:00\" \/>\n<meta property=\"og:image\" content=\"https:\/\/www.strassenweb.de\/nachrichten\/wp-content\/uploads\/2024\/12\/Ich-dachte-ich-mag-nur-\u201eextra-feste-Matratzen-bis-Simbas.jpg\" \/>\n\t<meta property=\"og:image:width\" content=\"1200\" \/>\n\t<meta property=\"og:image:height\" content=\"675\" \/>\n\t<meta property=\"og:image:type\" content=\"image\/jpeg\" \/>\n<meta name=\"author\" content=\"Robert Hoffmann\" \/>\n<meta name=\"twitter:card\" content=\"summary_large_image\" \/>\n<meta name=\"twitter:label1\" content=\"Verfasst von\" \/>\n\t<meta name=\"twitter:data1\" content=\"Robert Hoffmann\" \/>\n\t<meta name=\"twitter:label2\" content=\"Gesch\u00e4tzte Lesezeit\" \/>\n\t<meta name=\"twitter:data2\" content=\"11\u00a0Minuten\" \/>\n<script type=\"application\/ld+json\" class=\"yoast-schema-graph\">{\"@context\":\"https:\\\/\\\/schema.org\",\"@graph\":[{\"@type\":\"Article\",\"@id\":\"https:\\\/\\\/www.strassenweb.de\\\/nachrichten\\\/ich-dachte-ich-mag-nur-extra-feste-matratzen-bis-simbas-hybrid-pro-meine-meinung-aenderte\\\/#article\",\"isPartOf\":{\"@id\":\"https:\\\/\\\/www.strassenweb.de\\\/nachrichten\\\/ich-dachte-ich-mag-nur-extra-feste-matratzen-bis-simbas-hybrid-pro-meine-meinung-aenderte\\\/\"},\"author\":{\"name\":\"Robert Hoffmann\",\"@id\":\"https:\\\/\\\/www.strassenweb.de\\\/nachrichten\\\/#\\\/schema\\\/person\\\/87c9c9067f1211da429a744dc5a5aa41\"},\"headline\":\"Ich dachte, ich mag nur \u201eextra feste\u201c Matratzen, bis Simbas Hybrid Pro meine Meinung \u00e4nderte\",\"datePublished\":\"2024-12-05T00:39:23+00:00\",\"dateModified\":\"2024-12-05T00:39:25+00:00\",\"mainEntityOfPage\":{\"@id\":\"https:\\\/\\\/www.strassenweb.de\\\/nachrichten\\\/ich-dachte-ich-mag-nur-extra-feste-matratzen-bis-simbas-hybrid-pro-meine-meinung-aenderte\\\/\"},\"wordCount\":2226,\"publisher\":{\"@id\":\"https:\\\/\\\/www.strassenweb.de\\\/nachrichten\\\/#organization\"},\"image\":{\"@id\":\"https:\\\/\\\/www.strassenweb.de\\\/nachrichten\\\/ich-dachte-ich-mag-nur-extra-feste-matratzen-bis-simbas-hybrid-pro-meine-meinung-aenderte\\\/#primaryimage\"},\"thumbnailUrl\":\"https:\\\/\\\/www.strassenweb.de\\\/nachrichten\\\/wp-content\\\/uploads\\\/2024\\\/12\\\/Ich-dachte-ich-mag-nur-\u201eextra-feste-Matratzen-bis-Simbas.jpg\",\"keywords\":[\"\u00e4nderte\",\"bis\",\"dachte\",\"extra\",\"feste\",\"Hybrid\",\"ich\",\"mag\",\"Matratzen\",\"meine\",\"Meinung\",\"nur\",\"Pro\",\"Simbas\"],\"articleSection\":[\"Haus &amp; Garten\"],\"inLanguage\":\"de\"},{\"@type\":\"WebPage\",\"@id\":\"https:\\\/\\\/www.strassenweb.de\\\/nachrichten\\\/ich-dachte-ich-mag-nur-extra-feste-matratzen-bis-simbas-hybrid-pro-meine-meinung-aenderte\\\/\",\"url\":\"https:\\\/\\\/www.strassenweb.de\\\/nachrichten\\\/ich-dachte-ich-mag-nur-extra-feste-matratzen-bis-simbas-hybrid-pro-meine-meinung-aenderte\\\/\",\"name\":\"Ich dachte, ich mag nur \u201eextra feste\u201c Matratzen, bis Simbas Hybrid Pro meine Meinung \u00e4nderte - Nachrichten - Stra\u00dfenweb\",\"isPartOf\":{\"@id\":\"https:\\\/\\\/www.strassenweb.de\\\/nachrichten\\\/#website\"},\"primaryImageOfPage\":{\"@id\":\"https:\\\/\\\/www.strassenweb.de\\\/nachrichten\\\/ich-dachte-ich-mag-nur-extra-feste-matratzen-bis-simbas-hybrid-pro-meine-meinung-aenderte\\\/#primaryimage\"},\"image\":{\"@id\":\"https:\\\/\\\/www.strassenweb.de\\\/nachrichten\\\/ich-dachte-ich-mag-nur-extra-feste-matratzen-bis-simbas-hybrid-pro-meine-meinung-aenderte\\\/#primaryimage\"},\"thumbnailUrl\":\"https:\\\/\\\/www.strassenweb.de\\\/nachrichten\\\/wp-content\\\/uploads\\\/2024\\\/12\\\/Ich-dachte-ich-mag-nur-\u201eextra-feste-Matratzen-bis-Simbas.jpg\",\"datePublished\":\"2024-12-05T00:39:23+00:00\",\"dateModified\":\"2024-12-05T00:39:25+00:00\",\"breadcrumb\":{\"@id\":\"https:\\\/\\\/www.strassenweb.de\\\/nachrichten\\\/ich-dachte-ich-mag-nur-extra-feste-matratzen-bis-simbas-hybrid-pro-meine-meinung-aenderte\\\/#breadcrumb\"},\"inLanguage\":\"de\",\"potentialAction\":[{\"@type\":\"ReadAction\",\"target\":[\"https:\\\/\\\/www.strassenweb.de\\\/nachrichten\\\/ich-dachte-ich-mag-nur-extra-feste-matratzen-bis-simbas-hybrid-pro-meine-meinung-aenderte\\\/\"]}]},{\"@type\":\"ImageObject\",\"inLanguage\":\"de\",\"@id\":\"https:\\\/\\\/www.strassenweb.de\\\/nachrichten\\\/ich-dachte-ich-mag-nur-extra-feste-matratzen-bis-simbas-hybrid-pro-meine-meinung-aenderte\\\/#primaryimage\",\"url\":\"https:\\\/\\\/www.strassenweb.de\\\/nachrichten\\\/wp-content\\\/uploads\\\/2024\\\/12\\\/Ich-dachte-ich-mag-nur-\u201eextra-feste-Matratzen-bis-Simbas.jpg\",\"contentUrl\":\"https:\\\/\\\/www.strassenweb.de\\\/nachrichten\\\/wp-content\\\/uploads\\\/2024\\\/12\\\/Ich-dachte-ich-mag-nur-\u201eextra-feste-Matratzen-bis-Simbas.jpg\",\"width\":1200,\"height\":675,\"caption\":\"Ich dachte, ich mag nur \u201eextra feste\u201c Matratzen, bis Simbas Hybrid Pro meine Meinung \u00e4nderte\"},{\"@type\":\"BreadcrumbList\",\"@id\":\"https:\\\/\\\/www.strassenweb.de\\\/nachrichten\\\/ich-dachte-ich-mag-nur-extra-feste-matratzen-bis-simbas-hybrid-pro-meine-meinung-aenderte\\\/#breadcrumb\",\"itemListElement\":[{\"@type\":\"ListItem\",\"position\":1,\"name\":\"Home\",\"item\":\"https:\\\/\\\/www.strassenweb.de\\\/nachrichten\\\/\"},{\"@type\":\"ListItem\",\"position\":2,\"name\":\"Ich dachte, ich mag nur \u201eextra feste\u201c Matratzen, bis Simbas Hybrid Pro meine Meinung \u00e4nderte\"}]},{\"@type\":\"WebSite\",\"@id\":\"https:\\\/\\\/www.strassenweb.de\\\/nachrichten\\\/#website\",\"url\":\"https:\\\/\\\/www.strassenweb.de\\\/nachrichten\\\/\",\"name\":\"Stra\u00dfenweb\",\"description\":\"Stra\u00dfenverzeichnis f\u00fcr Deutschland\",\"publisher\":{\"@id\":\"https:\\\/\\\/www.strassenweb.de\\\/nachrichten\\\/#organization\"},\"potentialAction\":[{\"@type\":\"SearchAction\",\"target\":{\"@type\":\"EntryPoint\",\"urlTemplate\":\"https:\\\/\\\/www.strassenweb.de\\\/nachrichten\\\/?s={search_term_string}\"},\"query-input\":{\"@type\":\"PropertyValueSpecification\",\"valueRequired\":true,\"valueName\":\"search_term_string\"}}],\"inLanguage\":\"de\"},{\"@type\":\"Organization\",\"@id\":\"https:\\\/\\\/www.strassenweb.de\\\/nachrichten\\\/#organization\",\"name\":\"Stra\u00dfenweb\",\"url\":\"https:\\\/\\\/www.strassenweb.de\\\/nachrichten\\\/\",\"logo\":{\"@type\":\"ImageObject\",\"inLanguage\":\"de\",\"@id\":\"https:\\\/\\\/www.strassenweb.de\\\/nachrichten\\\/#\\\/schema\\\/logo\\\/image\\\/\",\"url\":\"https:\\\/\\\/www.strassenweb.de\\\/nachrichten\\\/wp-content\\\/uploads\\\/2024\\\/09\\\/cropped-favicon.png\",\"contentUrl\":\"https:\\\/\\\/www.strassenweb.de\\\/nachrichten\\\/wp-content\\\/uploads\\\/2024\\\/09\\\/cropped-favicon.png\",\"width\":512,\"height\":512,\"caption\":\"Stra\u00dfenweb\"},\"image\":{\"@id\":\"https:\\\/\\\/www.strassenweb.de\\\/nachrichten\\\/#\\\/schema\\\/logo\\\/image\\\/\"},\"sameAs\":[\"https:\\\/\\\/www.facebook.com\\\/strassenweb\\\/\"]},{\"@type\":\"Person\",\"@id\":\"https:\\\/\\\/www.strassenweb.de\\\/nachrichten\\\/#\\\/schema\\\/person\\\/87c9c9067f1211da429a744dc5a5aa41\",\"name\":\"Robert Hoffmann\",\"image\":{\"@type\":\"ImageObject\",\"inLanguage\":\"de\",\"@id\":\"https:\\\/\\\/www.strassenweb.de\\\/nachrichten\\\/wp-content\\\/uploads\\\/2024\\\/09\\\/strassenweb-150x150.jpg\",\"url\":\"https:\\\/\\\/www.strassenweb.de\\\/nachrichten\\\/wp-content\\\/uploads\\\/2024\\\/09\\\/strassenweb-150x150.jpg\",\"contentUrl\":\"https:\\\/\\\/www.strassenweb.de\\\/nachrichten\\\/wp-content\\\/uploads\\\/2024\\\/09\\\/strassenweb-150x150.jpg\",\"caption\":\"Robert Hoffmann\"},\"description\":\"Ich hei\u00dfe Robert Hoffmann und ich bin ein leidenschaftlicher Verfechter von \u00d6kologie und Biodiversit\u00e4t. Seit meiner Kindheit in den W\u00e4ldern Bayerns f\u00fchle ich mich mit der Natur verbunden und bin entschlossen, sie zu sch\u00fctzen. Heute widme ich mein Leben der Sensibilisierung anderer f\u00fcr die Bedeutung des Umweltschutzes f\u00fcr zuk\u00fcnftige Generationen.\",\"sameAs\":[\"https:\\\/\\\/www.strassenweb.de\\\/\"]}]}<\/script>\n<!-- \/ Yoast SEO plugin. -->","yoast_head_json":{"title":"Ich dachte, ich mag nur \u201eextra feste\u201c Matratzen, bis Simbas Hybrid Pro meine Meinung \u00e4nderte - Nachrichten - Stra\u00dfenweb","robots":{"index":"index","follow":"follow","max-snippet":"max-snippet:-1","max-image-preview":"max-image-preview:large","max-video-preview":"max-video-preview:-1"},"canonical":"https:\/\/www.strassenweb.de\/nachrichten\/ich-dachte-ich-mag-nur-extra-feste-matratzen-bis-simbas-hybrid-pro-meine-meinung-aenderte\/","og_locale":"de_DE","og_type":"article","og_title":"Ich dachte, ich mag nur \u201eextra feste\u201c Matratzen, bis Simbas Hybrid Pro meine Meinung \u00e4nderte - Nachrichten - Stra\u00dfenweb","og_description":"Es ist eine Untertreibung zu sagen, dass mir Matratzen am Herzen liegen. Zwischen den Versionen, die wir in unserem eigenen Zuhause ausprobiert (und zur\u00fcckgekehrt) haben,","og_url":"https:\/\/www.strassenweb.de\/nachrichten\/ich-dachte-ich-mag-nur-extra-feste-matratzen-bis-simbas-hybrid-pro-meine-meinung-aenderte\/","og_site_name":"Stra\u00dfenweb","article_publisher":"https:\/\/www.facebook.com\/strassenweb\/","article_published_time":"2024-12-05T00:39:23+00:00","article_modified_time":"2024-12-05T00:39:25+00:00","og_image":[{"width":1200,"height":675,"url":"https:\/\/www.strassenweb.de\/nachrichten\/wp-content\/uploads\/2024\/12\/Ich-dachte-ich-mag-nur-\u201eextra-feste-Matratzen-bis-Simbas.jpg","type":"image\/jpeg"}],"author":"Robert Hoffmann","twitter_card":"summary_large_image","twitter_misc":{"Verfasst von":"Robert Hoffmann","Gesch\u00e4tzte Lesezeit":"11\u00a0Minuten"},"schema":{"@context":"https:\/\/schema.org","@graph":[{"@type":"Article","@id":"https:\/\/www.strassenweb.de\/nachrichten\/ich-dachte-ich-mag-nur-extra-feste-matratzen-bis-simbas-hybrid-pro-meine-meinung-aenderte\/#article","isPartOf":{"@id":"https:\/\/www.strassenweb.de\/nachrichten\/ich-dachte-ich-mag-nur-extra-feste-matratzen-bis-simbas-hybrid-pro-meine-meinung-aenderte\/"},"author":{"name":"Robert Hoffmann","@id":"https:\/\/www.strassenweb.de\/nachrichten\/#\/schema\/person\/87c9c9067f1211da429a744dc5a5aa41"},"headline":"Ich dachte, ich mag nur \u201eextra feste\u201c Matratzen, bis Simbas Hybrid Pro meine Meinung \u00e4nderte","datePublished":"2024-12-05T00:39:23+00:00","dateModified":"2024-12-05T00:39:25+00:00","mainEntityOfPage":{"@id":"https:\/\/www.strassenweb.de\/nachrichten\/ich-dachte-ich-mag-nur-extra-feste-matratzen-bis-simbas-hybrid-pro-meine-meinung-aenderte\/"},"wordCount":2226,"publisher":{"@id":"https:\/\/www.strassenweb.de\/nachrichten\/#organization"},"image":{"@id":"https:\/\/www.strassenweb.de\/nachrichten\/ich-dachte-ich-mag-nur-extra-feste-matratzen-bis-simbas-hybrid-pro-meine-meinung-aenderte\/#primaryimage"},"thumbnailUrl":"https:\/\/www.strassenweb.de\/nachrichten\/wp-content\/uploads\/2024\/12\/Ich-dachte-ich-mag-nur-\u201eextra-feste-Matratzen-bis-Simbas.jpg","keywords":["\u00e4nderte","bis","dachte","extra","feste","Hybrid","ich","mag","Matratzen","meine","Meinung","nur","Pro","Simbas"],"articleSection":["Haus &amp; Garten"],"inLanguage":"de"},{"@type":"WebPage","@id":"https:\/\/www.strassenweb.de\/nachrichten\/ich-dachte-ich-mag-nur-extra-feste-matratzen-bis-simbas-hybrid-pro-meine-meinung-aenderte\/","url":"https:\/\/www.strassenweb.de\/nachrichten\/ich-dachte-ich-mag-nur-extra-feste-matratzen-bis-simbas-hybrid-pro-meine-meinung-aenderte\/","name":"Ich dachte, ich mag nur \u201eextra feste\u201c Matratzen, bis Simbas Hybrid Pro meine Meinung \u00e4nderte - Nachrichten - Stra\u00dfenweb","isPartOf":{"@id":"https:\/\/www.strassenweb.de\/nachrichten\/#website"},"primaryImageOfPage":{"@id":"https:\/\/www.strassenweb.de\/nachrichten\/ich-dachte-ich-mag-nur-extra-feste-matratzen-bis-simbas-hybrid-pro-meine-meinung-aenderte\/#primaryimage"},"image":{"@id":"https:\/\/www.strassenweb.de\/nachrichten\/ich-dachte-ich-mag-nur-extra-feste-matratzen-bis-simbas-hybrid-pro-meine-meinung-aenderte\/#primaryimage"},"thumbnailUrl":"https:\/\/www.strassenweb.de\/nachrichten\/wp-content\/uploads\/2024\/12\/Ich-dachte-ich-mag-nur-\u201eextra-feste-Matratzen-bis-Simbas.jpg","datePublished":"2024-12-05T00:39:23+00:00","dateModified":"2024-12-05T00:39:25+00:00","breadcrumb":{"@id":"https:\/\/www.strassenweb.de\/nachrichten\/ich-dachte-ich-mag-nur-extra-feste-matratzen-bis-simbas-hybrid-pro-meine-meinung-aenderte\/#breadcrumb"},"inLanguage":"de","potentialAction":[{"@type":"ReadAction","target":["https:\/\/www.strassenweb.de\/nachrichten\/ich-dachte-ich-mag-nur-extra-feste-matratzen-bis-simbas-hybrid-pro-meine-meinung-aenderte\/"]}]},{"@type":"ImageObject","inLanguage":"de","@id":"https:\/\/www.strassenweb.de\/nachrichten\/ich-dachte-ich-mag-nur-extra-feste-matratzen-bis-simbas-hybrid-pro-meine-meinung-aenderte\/#primaryimage","url":"https:\/\/www.strassenweb.de\/nachrichten\/wp-content\/uploads\/2024\/12\/Ich-dachte-ich-mag-nur-\u201eextra-feste-Matratzen-bis-Simbas.jpg","contentUrl":"https:\/\/www.strassenweb.de\/nachrichten\/wp-content\/uploads\/2024\/12\/Ich-dachte-ich-mag-nur-\u201eextra-feste-Matratzen-bis-Simbas.jpg","width":1200,"height":675,"caption":"Ich dachte, ich mag nur \u201eextra feste\u201c Matratzen, bis Simbas Hybrid Pro meine Meinung \u00e4nderte"},{"@type":"BreadcrumbList","@id":"https:\/\/www.strassenweb.de\/nachrichten\/ich-dachte-ich-mag-nur-extra-feste-matratzen-bis-simbas-hybrid-pro-meine-meinung-aenderte\/#breadcrumb","itemListElement":[{"@type":"ListItem","position":1,"name":"Home","item":"https:\/\/www.strassenweb.de\/nachrichten\/"},{"@type":"ListItem","position":2,"name":"Ich dachte, ich mag nur \u201eextra feste\u201c Matratzen, bis Simbas Hybrid Pro meine Meinung \u00e4nderte"}]},{"@type":"WebSite","@id":"https:\/\/www.strassenweb.de\/nachrichten\/#website","url":"https:\/\/www.strassenweb.de\/nachrichten\/","name":"Stra\u00dfenweb","description":"Stra\u00dfenverzeichnis f\u00fcr Deutschland","publisher":{"@id":"https:\/\/www.strassenweb.de\/nachrichten\/#organization"},"potentialAction":[{"@type":"SearchAction","target":{"@type":"EntryPoint","urlTemplate":"https:\/\/www.strassenweb.de\/nachrichten\/?s={search_term_string}"},"query-input":{"@type":"PropertyValueSpecification","valueRequired":true,"valueName":"search_term_string"}}],"inLanguage":"de"},{"@type":"Organization","@id":"https:\/\/www.strassenweb.de\/nachrichten\/#organization","name":"Stra\u00dfenweb","url":"https:\/\/www.strassenweb.de\/nachrichten\/","logo":{"@type":"ImageObject","inLanguage":"de","@id":"https:\/\/www.strassenweb.de\/nachrichten\/#\/schema\/logo\/image\/","url":"https:\/\/www.strassenweb.de\/nachrichten\/wp-content\/uploads\/2024\/09\/cropped-favicon.png","contentUrl":"https:\/\/www.strassenweb.de\/nachrichten\/wp-content\/uploads\/2024\/09\/cropped-favicon.png","width":512,"height":512,"caption":"Stra\u00dfenweb"},"image":{"@id":"https:\/\/www.strassenweb.de\/nachrichten\/#\/schema\/logo\/image\/"},"sameAs":["https:\/\/www.facebook.com\/strassenweb\/"]},{"@type":"Person","@id":"https:\/\/www.strassenweb.de\/nachrichten\/#\/schema\/person\/87c9c9067f1211da429a744dc5a5aa41","name":"Robert Hoffmann","image":{"@type":"ImageObject","inLanguage":"de","@id":"https:\/\/www.strassenweb.de\/nachrichten\/wp-content\/uploads\/2024\/09\/strassenweb-150x150.jpg","url":"https:\/\/www.strassenweb.de\/nachrichten\/wp-content\/uploads\/2024\/09\/strassenweb-150x150.jpg","contentUrl":"https:\/\/www.strassenweb.de\/nachrichten\/wp-content\/uploads\/2024\/09\/strassenweb-150x150.jpg","caption":"Robert Hoffmann"},"description":"Ich hei\u00dfe Robert Hoffmann und ich bin ein leidenschaftlicher Verfechter von \u00d6kologie und Biodiversit\u00e4t. Seit meiner Kindheit in den W\u00e4ldern Bayerns f\u00fchle ich mich mit der Natur verbunden und bin entschlossen, sie zu sch\u00fctzen. Heute widme ich mein Leben der Sensibilisierung anderer f\u00fcr die Bedeutung des Umweltschutzes f\u00fcr zuk\u00fcnftige Generationen.","sameAs":["https:\/\/www.strassenweb.de\/"]}]}},"_links":{"self":[{"href":"https:\/\/www.strassenweb.de\/nachrichten\/wp-json\/wp\/v2\/posts\/1926","targetHints":{"allow":["GET"]}}],"collection":[{"href":"https:\/\/www.strassenweb.de\/nachrichten\/wp-json\/wp\/v2\/posts"}],"about":[{"href":"https:\/\/www.strassenweb.de\/nachrichten\/wp-json\/wp\/v2\/types\/post"}],"author":[{"embeddable":true,"href":"https:\/\/www.strassenweb.de\/nachrichten\/wp-json\/wp\/v2\/users\/1"}],"replies":[{"embeddable":true,"href":"https:\/\/www.strassenweb.de\/nachrichten\/wp-json\/wp\/v2\/comments?post=1926"}],"version-history":[{"count":0,"href":"https:\/\/www.strassenweb.de\/nachrichten\/wp-json\/wp\/v2\/posts\/1926\/revisions"}],"wp:featuredmedia":[{"embeddable":true,"href":"https:\/\/www.strassenweb.de\/nachrichten\/wp-json\/wp\/v2\/media\/1927"}],"wp:attachment":[{"href":"https:\/\/www.strassenweb.de\/nachrichten\/wp-json\/wp\/v2\/media?parent=1926"}],"wp:term":[{"taxonomy":"category","embeddable":true,"href":"https:\/\/www.strassenweb.de\/nachrichten\/wp-json\/wp\/v2\/categories?post=1926"},{"taxonomy":"post_tag","embeddable":true,"href":"https:\/\/www.strassenweb.de\/nachrichten\/wp-json\/wp\/v2\/tags?post=1926"}],"curies":[{"name":"wp","href":"https:\/\/api.w.org\/{rel}","templated":true}]}}