{"id":1914,"date":"2024-12-04T13:41:44","date_gmt":"2024-12-04T12:41:44","guid":{"rendered":"https:\/\/www.strassenweb.de\/nachrichten\/khloe-kardashian-schmueckte-ihren-weissen-baum-mit-perlmuttfarbenen-ornamenten-fuer-einen-koeniglichen-look-der-luxus-verkoerpert-den-look-gibt-es-ab-10\/"},"modified":"2024-12-04T13:41:45","modified_gmt":"2024-12-04T12:41:45","slug":"khloe-kardashian-schmueckte-ihren-weissen-baum-mit-perlmuttfarbenen-ornamenten-fuer-einen-koeniglichen-look-der-luxus-verkoerpert-den-look-gibt-es-ab-10","status":"publish","type":"post","link":"https:\/\/www.strassenweb.de\/nachrichten\/khloe-kardashian-schmueckte-ihren-weissen-baum-mit-perlmuttfarbenen-ornamenten-fuer-einen-koeniglichen-look-der-luxus-verkoerpert-den-look-gibt-es-ab-10\/","title":{"rendered":"Khloe Kardashian schm\u00fcckte ihren wei\u00dfen Baum mit perlmuttfarbenen Ornamenten f\u00fcr einen k\u00f6niglichen Look, der Luxus verk\u00f6rpert \u2013 den Look gibt es ab 10 $"},"content":{"rendered":"<p><\/p>\n<div id=\"article-body\" class=\"article__body \">\n<p>Anfang Dezember sprie\u00dfen die Weihnachtsb\u00e4ume in einer gesunden Ernte, und wir lassen uns von den gr\u00f6\u00dften und leuchtendsten B\u00e4umen inspirieren.<\/p>\n<div id=\"ad-unit-1\" class=\"ad-unit\"><\/div>\n<p>Khloe Kardashian ist nur ein Beispiel f\u00fcr eine glamour\u00f6se Herangehensweise an Weihnachten. Wie auf ihrer Instagram-Seite zu sehen ist, hat sich der Reality-TV-Star f\u00fcr ein wei\u00df-goldenes Farbschema f\u00fcr ihren Baum entschieden, das mit einigen luxuri\u00f6sen Details den Geist eines Winterwunderlandes heraufbeschw\u00f6rt.<\/p>\n<aside class=\"hawk-nest\" data-block-type=\"embed\" data-render-type=\"fte\" data-skip=\"dealsy\" data-widget-type=\"seasonal\">\n<div class=\"hawk-master-widget-hawk-base-wrapper\"><\/div>\n<\/aside>\n<p>Die wei\u00dfen Kiefernnadeln am Weihnachtsbaum werden durch goldene Lichter akzentuiert, die einen warmen Glanz erzeugen und einen Kontrast zum eisigen Farbton bilden. Wei\u00dfe, perlmuttartige Ornamente verleihen dem Baum ebenfalls etwas Glanz und Struktur, ohne vom Farbschema abzulenken.<\/p>\n<div id=\"desktop-in-article\" class=\"in-article ad-unit\">\n<div id=\"desktop-taboola-mid-article\"><\/div>\n<\/div>\n<div id=\"mobile-in-article\" class=\"in-article ad-unit\">\n<div id=\"mobile-taboola-mid-article\"><\/div>\n<\/div>\n<p>Obwohl das Aussehen luxuri\u00f6s ist, ist es super einfach nachzubilden. Beginnen Sie mit einem wei\u00dfen Baum als Basis und f\u00fcgen Sie dann einige wei\u00dfe Lichter und perlmuttfarbene Kugeln hinzu, um ein elegantes und schickes Erscheinungsbild zu erzielen. Kaufen Sie den Look unten.<\/p>\n<div class=\"van_vid_carousel\">\n<div class=\"van_vid_carousel__padding\">\n<div class=\"van_vid_carousel__container\"><\/div>\n<\/div>\n<\/div>\n<div class=\"instagram-embed\">\n<blockquote class=\"instagram-media\" data-instgrm-captioned data-instgrm-version=\"6\" style=\"width:99.375%; width:-webkit-calc(100% - 2px); width:calc(100% - 2px);\">\n<p>Ein von Khlo\u00e9 Kardashian (@khloekardashian) geteilter Beitrag<\/p>\n<p>Ein Foto gepostet von am <\/p>\n<\/blockquote>\n<\/div>\n<h2 id=\"shop-the-khloe-kardashian-christmas-tree-look-3\">Kaufen Sie den Weihnachtsbaum-Look von Khloe Kardashian<\/h2>\n<div class=\"product-container hero-product-container product-block-no-wrap\"><\/div>\n<p>\u201eKhloe Kardashians Weihnachtsbaum l\u00f6st sich von dem traditionellen Gr\u00fcn, das wir alle \u00fcber die Feiertage lieben und erwarten \u2013 und ist dennoch zeitlos.\u201c Auch wenn ich manchmal genug von B\u00e4umen habe, die sich von ihrem nat\u00fcrlichen Gr\u00fcn abheben, hat Kardashian ein ultra-luxuri\u00f6ses Arrangement entworfen, das Jahr f\u00fcr Jahr gut aussehen wird\u201c, kommentiert Megan Slack, die Leiterin der Promi-Nachrichten hier bei <em>H\u00e4user und G\u00e4rten.<\/em><\/p>\n<div id=\"ad-unit-2\" class=\"ad-unit\"><\/div>\n<p>\u201eDie Hinzuf\u00fcgung von goldenen Lichtern und wundersch\u00f6nen Perlmutt-Ornamenten sorgt f\u00fcr ein luxuri\u00f6ses Finish, das sowohl modern als auch k\u00f6niglich wirkt.\u201c Sie hat mich fast davon \u00fcberzeugt, dieses Weihnachten selbst mit der Tradition zu brechen.\u2018<\/p>\n<hr>\n<div id=\"slice-container-newsletterForm-articleInbodyContent-qvAmPVHoEzQ57jbb6rAbi6\" class=\"slice-container newsletter-inbodyContent-slice newsletterForm-articleInbodyContent-qvAmPVHoEzQ57jbb6rAbi6 slice-container-newsletterForm\"><\/div>\n<\/div>\n<p><script async src=\"\/\/www.instagram.com\/embed.js\"><\/script><\/p>\n","protected":false},"excerpt":{"rendered":"<p>Anfang Dezember sprie\u00dfen die Weihnachtsb\u00e4ume in einer gesunden Ernte, und wir lassen uns von den gr\u00f6\u00dften und leuchtendsten B\u00e4umen inspirieren. Khloe Kardashian ist nur ein<\/p>\n","protected":false},"author":1,"featured_media":1915,"comment_status":"closed","ping_status":"","sticky":false,"template":"","format":"standard","meta":{"footnotes":""},"categories":[118],"tags":[3408,78,81,166,55,53,325,2539,2538,3420,986,146,3419,3418,3417,3421,2930],"class_list":["post-1914","post","type-post","status-publish","format-standard","has-post-thumbnail","hentry","category-haus-garten","tag-baum","tag-den","tag-der","tag-einen","tag-fuer","tag-gibt","tag-ihren","tag-kardashian","tag-khloe","tag-koeniglichen","tag-luxus","tag-mit","tag-ornamenten","tag-perlmuttfarbenen","tag-schmueckte","tag-verkoerpert","tag-weissen","generate-columns","tablet-grid-50","mobile-grid-100","grid-parent","grid-50"],"yoast_head":"<!-- This site is optimized with the Yoast SEO plugin v27.3 - https:\/\/yoast.com\/product\/yoast-seo-wordpress\/ -->\n<title>Khloe Kardashian schm\u00fcckte ihren wei\u00dfen Baum mit perlmuttfarbenen Ornamenten f\u00fcr einen k\u00f6niglichen Look, der Luxus verk\u00f6rpert \u2013 den Look gibt es ab 10 $ - Nachrichten - Stra\u00dfenweb<\/title>\n<meta name=\"robots\" content=\"index, follow, max-snippet:-1, max-image-preview:large, max-video-preview:-1\" \/>\n<link rel=\"canonical\" href=\"https:\/\/www.strassenweb.de\/nachrichten\/khloe-kardashian-schmueckte-ihren-weissen-baum-mit-perlmuttfarbenen-ornamenten-fuer-einen-koeniglichen-look-der-luxus-verkoerpert-den-look-gibt-es-ab-10\/\" \/>\n<meta property=\"og:locale\" content=\"de_DE\" \/>\n<meta property=\"og:type\" content=\"article\" \/>\n<meta property=\"og:title\" content=\"Khloe Kardashian schm\u00fcckte ihren wei\u00dfen Baum mit perlmuttfarbenen Ornamenten f\u00fcr einen k\u00f6niglichen Look, der Luxus verk\u00f6rpert \u2013 den Look gibt es ab 10 $ - Nachrichten - Stra\u00dfenweb\" \/>\n<meta property=\"og:description\" content=\"Anfang Dezember sprie\u00dfen die Weihnachtsb\u00e4ume in einer gesunden Ernte, und wir lassen uns von den gr\u00f6\u00dften und leuchtendsten B\u00e4umen inspirieren. Khloe Kardashian ist nur ein\" \/>\n<meta property=\"og:url\" content=\"https:\/\/www.strassenweb.de\/nachrichten\/khloe-kardashian-schmueckte-ihren-weissen-baum-mit-perlmuttfarbenen-ornamenten-fuer-einen-koeniglichen-look-der-luxus-verkoerpert-den-look-gibt-es-ab-10\/\" \/>\n<meta property=\"og:site_name\" content=\"Stra\u00dfenweb\" \/>\n<meta property=\"article:publisher\" content=\"https:\/\/www.facebook.com\/strassenweb\/\" \/>\n<meta property=\"article:published_time\" content=\"2024-12-04T12:41:44+00:00\" \/>\n<meta property=\"article:modified_time\" content=\"2024-12-04T12:41:45+00:00\" \/>\n<meta property=\"og:image\" content=\"https:\/\/www.strassenweb.de\/nachrichten\/wp-content\/uploads\/2024\/12\/Khloe-Kardashian-schmueckte-ihren-weissen-Baum-mit-perlmuttfarbenen-Ornamenten-fuer.jpg\" \/>\n\t<meta property=\"og:image:width\" content=\"1200\" \/>\n\t<meta property=\"og:image:height\" content=\"675\" \/>\n\t<meta property=\"og:image:type\" content=\"image\/jpeg\" \/>\n<meta name=\"author\" content=\"Robert Hoffmann\" \/>\n<meta name=\"twitter:card\" content=\"summary_large_image\" \/>\n<meta name=\"twitter:label1\" content=\"Verfasst von\" \/>\n\t<meta name=\"twitter:data1\" content=\"Robert Hoffmann\" \/>\n\t<meta name=\"twitter:label2\" content=\"Gesch\u00e4tzte Lesezeit\" \/>\n\t<meta name=\"twitter:data2\" content=\"1\u00a0Minute\" \/>\n<script type=\"application\/ld+json\" class=\"yoast-schema-graph\">{\"@context\":\"https:\\\/\\\/schema.org\",\"@graph\":[{\"@type\":\"Article\",\"@id\":\"https:\\\/\\\/www.strassenweb.de\\\/nachrichten\\\/khloe-kardashian-schmueckte-ihren-weissen-baum-mit-perlmuttfarbenen-ornamenten-fuer-einen-koeniglichen-look-der-luxus-verkoerpert-den-look-gibt-es-ab-10\\\/#article\",\"isPartOf\":{\"@id\":\"https:\\\/\\\/www.strassenweb.de\\\/nachrichten\\\/khloe-kardashian-schmueckte-ihren-weissen-baum-mit-perlmuttfarbenen-ornamenten-fuer-einen-koeniglichen-look-der-luxus-verkoerpert-den-look-gibt-es-ab-10\\\/\"},\"author\":{\"name\":\"Robert Hoffmann\",\"@id\":\"https:\\\/\\\/www.strassenweb.de\\\/nachrichten\\\/#\\\/schema\\\/person\\\/87c9c9067f1211da429a744dc5a5aa41\"},\"headline\":\"Khloe Kardashian schm\u00fcckte ihren wei\u00dfen Baum mit perlmuttfarbenen Ornamenten f\u00fcr einen k\u00f6niglichen Look, der Luxus verk\u00f6rpert \u2013 den Look gibt es ab 10 $\",\"datePublished\":\"2024-12-04T12:41:44+00:00\",\"dateModified\":\"2024-12-04T12:41:45+00:00\",\"mainEntityOfPage\":{\"@id\":\"https:\\\/\\\/www.strassenweb.de\\\/nachrichten\\\/khloe-kardashian-schmueckte-ihren-weissen-baum-mit-perlmuttfarbenen-ornamenten-fuer-einen-koeniglichen-look-der-luxus-verkoerpert-den-look-gibt-es-ab-10\\\/\"},\"wordCount\":312,\"publisher\":{\"@id\":\"https:\\\/\\\/www.strassenweb.de\\\/nachrichten\\\/#organization\"},\"image\":{\"@id\":\"https:\\\/\\\/www.strassenweb.de\\\/nachrichten\\\/khloe-kardashian-schmueckte-ihren-weissen-baum-mit-perlmuttfarbenen-ornamenten-fuer-einen-koeniglichen-look-der-luxus-verkoerpert-den-look-gibt-es-ab-10\\\/#primaryimage\"},\"thumbnailUrl\":\"https:\\\/\\\/www.strassenweb.de\\\/nachrichten\\\/wp-content\\\/uploads\\\/2024\\\/12\\\/Khloe-Kardashian-schmueckte-ihren-weissen-Baum-mit-perlmuttfarbenen-Ornamenten-fuer.jpg\",\"keywords\":[\"Baum\",\"den\",\"der\",\"einen\",\"f\u00fcr\",\"gibt\",\"ihren\",\"Kardashian\",\"Khloe\",\"k\u00f6niglichen\",\"Luxus\",\"mit\",\"Ornamenten\",\"perlmuttfarbenen\",\"schm\u00fcckte\",\"verk\u00f6rpert\",\"wei\u00dfen\"],\"articleSection\":[\"Haus &amp; Garten\"],\"inLanguage\":\"de\"},{\"@type\":\"WebPage\",\"@id\":\"https:\\\/\\\/www.strassenweb.de\\\/nachrichten\\\/khloe-kardashian-schmueckte-ihren-weissen-baum-mit-perlmuttfarbenen-ornamenten-fuer-einen-koeniglichen-look-der-luxus-verkoerpert-den-look-gibt-es-ab-10\\\/\",\"url\":\"https:\\\/\\\/www.strassenweb.de\\\/nachrichten\\\/khloe-kardashian-schmueckte-ihren-weissen-baum-mit-perlmuttfarbenen-ornamenten-fuer-einen-koeniglichen-look-der-luxus-verkoerpert-den-look-gibt-es-ab-10\\\/\",\"name\":\"Khloe Kardashian schm\u00fcckte ihren wei\u00dfen Baum mit perlmuttfarbenen Ornamenten f\u00fcr einen k\u00f6niglichen Look, der Luxus verk\u00f6rpert \u2013 den Look gibt es ab 10 $ - Nachrichten - Stra\u00dfenweb\",\"isPartOf\":{\"@id\":\"https:\\\/\\\/www.strassenweb.de\\\/nachrichten\\\/#website\"},\"primaryImageOfPage\":{\"@id\":\"https:\\\/\\\/www.strassenweb.de\\\/nachrichten\\\/khloe-kardashian-schmueckte-ihren-weissen-baum-mit-perlmuttfarbenen-ornamenten-fuer-einen-koeniglichen-look-der-luxus-verkoerpert-den-look-gibt-es-ab-10\\\/#primaryimage\"},\"image\":{\"@id\":\"https:\\\/\\\/www.strassenweb.de\\\/nachrichten\\\/khloe-kardashian-schmueckte-ihren-weissen-baum-mit-perlmuttfarbenen-ornamenten-fuer-einen-koeniglichen-look-der-luxus-verkoerpert-den-look-gibt-es-ab-10\\\/#primaryimage\"},\"thumbnailUrl\":\"https:\\\/\\\/www.strassenweb.de\\\/nachrichten\\\/wp-content\\\/uploads\\\/2024\\\/12\\\/Khloe-Kardashian-schmueckte-ihren-weissen-Baum-mit-perlmuttfarbenen-Ornamenten-fuer.jpg\",\"datePublished\":\"2024-12-04T12:41:44+00:00\",\"dateModified\":\"2024-12-04T12:41:45+00:00\",\"breadcrumb\":{\"@id\":\"https:\\\/\\\/www.strassenweb.de\\\/nachrichten\\\/khloe-kardashian-schmueckte-ihren-weissen-baum-mit-perlmuttfarbenen-ornamenten-fuer-einen-koeniglichen-look-der-luxus-verkoerpert-den-look-gibt-es-ab-10\\\/#breadcrumb\"},\"inLanguage\":\"de\",\"potentialAction\":[{\"@type\":\"ReadAction\",\"target\":[\"https:\\\/\\\/www.strassenweb.de\\\/nachrichten\\\/khloe-kardashian-schmueckte-ihren-weissen-baum-mit-perlmuttfarbenen-ornamenten-fuer-einen-koeniglichen-look-der-luxus-verkoerpert-den-look-gibt-es-ab-10\\\/\"]}]},{\"@type\":\"ImageObject\",\"inLanguage\":\"de\",\"@id\":\"https:\\\/\\\/www.strassenweb.de\\\/nachrichten\\\/khloe-kardashian-schmueckte-ihren-weissen-baum-mit-perlmuttfarbenen-ornamenten-fuer-einen-koeniglichen-look-der-luxus-verkoerpert-den-look-gibt-es-ab-10\\\/#primaryimage\",\"url\":\"https:\\\/\\\/www.strassenweb.de\\\/nachrichten\\\/wp-content\\\/uploads\\\/2024\\\/12\\\/Khloe-Kardashian-schmueckte-ihren-weissen-Baum-mit-perlmuttfarbenen-Ornamenten-fuer.jpg\",\"contentUrl\":\"https:\\\/\\\/www.strassenweb.de\\\/nachrichten\\\/wp-content\\\/uploads\\\/2024\\\/12\\\/Khloe-Kardashian-schmueckte-ihren-weissen-Baum-mit-perlmuttfarbenen-Ornamenten-fuer.jpg\",\"width\":1200,\"height\":675,\"caption\":\"Khloe Kardashian schm\u00fcckte ihren wei\u00dfen Baum mit perlmuttfarbenen Ornamenten f\u00fcr einen k\u00f6niglichen Look, der Luxus verk\u00f6rpert \u2013 den Look gibt es ab 10 $\"},{\"@type\":\"BreadcrumbList\",\"@id\":\"https:\\\/\\\/www.strassenweb.de\\\/nachrichten\\\/khloe-kardashian-schmueckte-ihren-weissen-baum-mit-perlmuttfarbenen-ornamenten-fuer-einen-koeniglichen-look-der-luxus-verkoerpert-den-look-gibt-es-ab-10\\\/#breadcrumb\",\"itemListElement\":[{\"@type\":\"ListItem\",\"position\":1,\"name\":\"Home\",\"item\":\"https:\\\/\\\/www.strassenweb.de\\\/nachrichten\\\/\"},{\"@type\":\"ListItem\",\"position\":2,\"name\":\"Khloe Kardashian schm\u00fcckte ihren wei\u00dfen Baum mit perlmuttfarbenen Ornamenten f\u00fcr einen k\u00f6niglichen Look, der Luxus verk\u00f6rpert \u2013 den Look gibt es ab 10 $\"}]},{\"@type\":\"WebSite\",\"@id\":\"https:\\\/\\\/www.strassenweb.de\\\/nachrichten\\\/#website\",\"url\":\"https:\\\/\\\/www.strassenweb.de\\\/nachrichten\\\/\",\"name\":\"Stra\u00dfenweb\",\"description\":\"Stra\u00dfenverzeichnis f\u00fcr Deutschland\",\"publisher\":{\"@id\":\"https:\\\/\\\/www.strassenweb.de\\\/nachrichten\\\/#organization\"},\"potentialAction\":[{\"@type\":\"SearchAction\",\"target\":{\"@type\":\"EntryPoint\",\"urlTemplate\":\"https:\\\/\\\/www.strassenweb.de\\\/nachrichten\\\/?s={search_term_string}\"},\"query-input\":{\"@type\":\"PropertyValueSpecification\",\"valueRequired\":true,\"valueName\":\"search_term_string\"}}],\"inLanguage\":\"de\"},{\"@type\":\"Organization\",\"@id\":\"https:\\\/\\\/www.strassenweb.de\\\/nachrichten\\\/#organization\",\"name\":\"Stra\u00dfenweb\",\"url\":\"https:\\\/\\\/www.strassenweb.de\\\/nachrichten\\\/\",\"logo\":{\"@type\":\"ImageObject\",\"inLanguage\":\"de\",\"@id\":\"https:\\\/\\\/www.strassenweb.de\\\/nachrichten\\\/#\\\/schema\\\/logo\\\/image\\\/\",\"url\":\"https:\\\/\\\/www.strassenweb.de\\\/nachrichten\\\/wp-content\\\/uploads\\\/2024\\\/09\\\/cropped-favicon.png\",\"contentUrl\":\"https:\\\/\\\/www.strassenweb.de\\\/nachrichten\\\/wp-content\\\/uploads\\\/2024\\\/09\\\/cropped-favicon.png\",\"width\":512,\"height\":512,\"caption\":\"Stra\u00dfenweb\"},\"image\":{\"@id\":\"https:\\\/\\\/www.strassenweb.de\\\/nachrichten\\\/#\\\/schema\\\/logo\\\/image\\\/\"},\"sameAs\":[\"https:\\\/\\\/www.facebook.com\\\/strassenweb\\\/\"]},{\"@type\":\"Person\",\"@id\":\"https:\\\/\\\/www.strassenweb.de\\\/nachrichten\\\/#\\\/schema\\\/person\\\/87c9c9067f1211da429a744dc5a5aa41\",\"name\":\"Robert Hoffmann\",\"image\":{\"@type\":\"ImageObject\",\"inLanguage\":\"de\",\"@id\":\"https:\\\/\\\/www.strassenweb.de\\\/nachrichten\\\/wp-content\\\/uploads\\\/2024\\\/09\\\/strassenweb-150x150.jpg\",\"url\":\"https:\\\/\\\/www.strassenweb.de\\\/nachrichten\\\/wp-content\\\/uploads\\\/2024\\\/09\\\/strassenweb-150x150.jpg\",\"contentUrl\":\"https:\\\/\\\/www.strassenweb.de\\\/nachrichten\\\/wp-content\\\/uploads\\\/2024\\\/09\\\/strassenweb-150x150.jpg\",\"caption\":\"Robert Hoffmann\"},\"description\":\"Ich hei\u00dfe Robert Hoffmann und ich bin ein leidenschaftlicher Verfechter von \u00d6kologie und Biodiversit\u00e4t. Seit meiner Kindheit in den W\u00e4ldern Bayerns f\u00fchle ich mich mit der Natur verbunden und bin entschlossen, sie zu sch\u00fctzen. Heute widme ich mein Leben der Sensibilisierung anderer f\u00fcr die Bedeutung des Umweltschutzes f\u00fcr zuk\u00fcnftige Generationen.\",\"sameAs\":[\"https:\\\/\\\/www.strassenweb.de\\\/\"]}]}<\/script>\n<!-- \/ Yoast SEO plugin. -->","yoast_head_json":{"title":"Khloe Kardashian schm\u00fcckte ihren wei\u00dfen Baum mit perlmuttfarbenen Ornamenten f\u00fcr einen k\u00f6niglichen Look, der Luxus verk\u00f6rpert \u2013 den Look gibt es ab 10 $ - Nachrichten - Stra\u00dfenweb","robots":{"index":"index","follow":"follow","max-snippet":"max-snippet:-1","max-image-preview":"max-image-preview:large","max-video-preview":"max-video-preview:-1"},"canonical":"https:\/\/www.strassenweb.de\/nachrichten\/khloe-kardashian-schmueckte-ihren-weissen-baum-mit-perlmuttfarbenen-ornamenten-fuer-einen-koeniglichen-look-der-luxus-verkoerpert-den-look-gibt-es-ab-10\/","og_locale":"de_DE","og_type":"article","og_title":"Khloe Kardashian schm\u00fcckte ihren wei\u00dfen Baum mit perlmuttfarbenen Ornamenten f\u00fcr einen k\u00f6niglichen Look, der Luxus verk\u00f6rpert \u2013 den Look gibt es ab 10 $ - Nachrichten - Stra\u00dfenweb","og_description":"Anfang Dezember sprie\u00dfen die Weihnachtsb\u00e4ume in einer gesunden Ernte, und wir lassen uns von den gr\u00f6\u00dften und leuchtendsten B\u00e4umen inspirieren. Khloe Kardashian ist nur ein","og_url":"https:\/\/www.strassenweb.de\/nachrichten\/khloe-kardashian-schmueckte-ihren-weissen-baum-mit-perlmuttfarbenen-ornamenten-fuer-einen-koeniglichen-look-der-luxus-verkoerpert-den-look-gibt-es-ab-10\/","og_site_name":"Stra\u00dfenweb","article_publisher":"https:\/\/www.facebook.com\/strassenweb\/","article_published_time":"2024-12-04T12:41:44+00:00","article_modified_time":"2024-12-04T12:41:45+00:00","og_image":[{"width":1200,"height":675,"url":"https:\/\/www.strassenweb.de\/nachrichten\/wp-content\/uploads\/2024\/12\/Khloe-Kardashian-schmueckte-ihren-weissen-Baum-mit-perlmuttfarbenen-Ornamenten-fuer.jpg","type":"image\/jpeg"}],"author":"Robert Hoffmann","twitter_card":"summary_large_image","twitter_misc":{"Verfasst von":"Robert Hoffmann","Gesch\u00e4tzte Lesezeit":"1\u00a0Minute"},"schema":{"@context":"https:\/\/schema.org","@graph":[{"@type":"Article","@id":"https:\/\/www.strassenweb.de\/nachrichten\/khloe-kardashian-schmueckte-ihren-weissen-baum-mit-perlmuttfarbenen-ornamenten-fuer-einen-koeniglichen-look-der-luxus-verkoerpert-den-look-gibt-es-ab-10\/#article","isPartOf":{"@id":"https:\/\/www.strassenweb.de\/nachrichten\/khloe-kardashian-schmueckte-ihren-weissen-baum-mit-perlmuttfarbenen-ornamenten-fuer-einen-koeniglichen-look-der-luxus-verkoerpert-den-look-gibt-es-ab-10\/"},"author":{"name":"Robert Hoffmann","@id":"https:\/\/www.strassenweb.de\/nachrichten\/#\/schema\/person\/87c9c9067f1211da429a744dc5a5aa41"},"headline":"Khloe Kardashian schm\u00fcckte ihren wei\u00dfen Baum mit perlmuttfarbenen Ornamenten f\u00fcr einen k\u00f6niglichen Look, der Luxus verk\u00f6rpert \u2013 den Look gibt es ab 10 $","datePublished":"2024-12-04T12:41:44+00:00","dateModified":"2024-12-04T12:41:45+00:00","mainEntityOfPage":{"@id":"https:\/\/www.strassenweb.de\/nachrichten\/khloe-kardashian-schmueckte-ihren-weissen-baum-mit-perlmuttfarbenen-ornamenten-fuer-einen-koeniglichen-look-der-luxus-verkoerpert-den-look-gibt-es-ab-10\/"},"wordCount":312,"publisher":{"@id":"https:\/\/www.strassenweb.de\/nachrichten\/#organization"},"image":{"@id":"https:\/\/www.strassenweb.de\/nachrichten\/khloe-kardashian-schmueckte-ihren-weissen-baum-mit-perlmuttfarbenen-ornamenten-fuer-einen-koeniglichen-look-der-luxus-verkoerpert-den-look-gibt-es-ab-10\/#primaryimage"},"thumbnailUrl":"https:\/\/www.strassenweb.de\/nachrichten\/wp-content\/uploads\/2024\/12\/Khloe-Kardashian-schmueckte-ihren-weissen-Baum-mit-perlmuttfarbenen-Ornamenten-fuer.jpg","keywords":["Baum","den","der","einen","f\u00fcr","gibt","ihren","Kardashian","Khloe","k\u00f6niglichen","Luxus","mit","Ornamenten","perlmuttfarbenen","schm\u00fcckte","verk\u00f6rpert","wei\u00dfen"],"articleSection":["Haus &amp; Garten"],"inLanguage":"de"},{"@type":"WebPage","@id":"https:\/\/www.strassenweb.de\/nachrichten\/khloe-kardashian-schmueckte-ihren-weissen-baum-mit-perlmuttfarbenen-ornamenten-fuer-einen-koeniglichen-look-der-luxus-verkoerpert-den-look-gibt-es-ab-10\/","url":"https:\/\/www.strassenweb.de\/nachrichten\/khloe-kardashian-schmueckte-ihren-weissen-baum-mit-perlmuttfarbenen-ornamenten-fuer-einen-koeniglichen-look-der-luxus-verkoerpert-den-look-gibt-es-ab-10\/","name":"Khloe Kardashian schm\u00fcckte ihren wei\u00dfen Baum mit perlmuttfarbenen Ornamenten f\u00fcr einen k\u00f6niglichen Look, der Luxus verk\u00f6rpert \u2013 den Look gibt es ab 10 $ - Nachrichten - Stra\u00dfenweb","isPartOf":{"@id":"https:\/\/www.strassenweb.de\/nachrichten\/#website"},"primaryImageOfPage":{"@id":"https:\/\/www.strassenweb.de\/nachrichten\/khloe-kardashian-schmueckte-ihren-weissen-baum-mit-perlmuttfarbenen-ornamenten-fuer-einen-koeniglichen-look-der-luxus-verkoerpert-den-look-gibt-es-ab-10\/#primaryimage"},"image":{"@id":"https:\/\/www.strassenweb.de\/nachrichten\/khloe-kardashian-schmueckte-ihren-weissen-baum-mit-perlmuttfarbenen-ornamenten-fuer-einen-koeniglichen-look-der-luxus-verkoerpert-den-look-gibt-es-ab-10\/#primaryimage"},"thumbnailUrl":"https:\/\/www.strassenweb.de\/nachrichten\/wp-content\/uploads\/2024\/12\/Khloe-Kardashian-schmueckte-ihren-weissen-Baum-mit-perlmuttfarbenen-Ornamenten-fuer.jpg","datePublished":"2024-12-04T12:41:44+00:00","dateModified":"2024-12-04T12:41:45+00:00","breadcrumb":{"@id":"https:\/\/www.strassenweb.de\/nachrichten\/khloe-kardashian-schmueckte-ihren-weissen-baum-mit-perlmuttfarbenen-ornamenten-fuer-einen-koeniglichen-look-der-luxus-verkoerpert-den-look-gibt-es-ab-10\/#breadcrumb"},"inLanguage":"de","potentialAction":[{"@type":"ReadAction","target":["https:\/\/www.strassenweb.de\/nachrichten\/khloe-kardashian-schmueckte-ihren-weissen-baum-mit-perlmuttfarbenen-ornamenten-fuer-einen-koeniglichen-look-der-luxus-verkoerpert-den-look-gibt-es-ab-10\/"]}]},{"@type":"ImageObject","inLanguage":"de","@id":"https:\/\/www.strassenweb.de\/nachrichten\/khloe-kardashian-schmueckte-ihren-weissen-baum-mit-perlmuttfarbenen-ornamenten-fuer-einen-koeniglichen-look-der-luxus-verkoerpert-den-look-gibt-es-ab-10\/#primaryimage","url":"https:\/\/www.strassenweb.de\/nachrichten\/wp-content\/uploads\/2024\/12\/Khloe-Kardashian-schmueckte-ihren-weissen-Baum-mit-perlmuttfarbenen-Ornamenten-fuer.jpg","contentUrl":"https:\/\/www.strassenweb.de\/nachrichten\/wp-content\/uploads\/2024\/12\/Khloe-Kardashian-schmueckte-ihren-weissen-Baum-mit-perlmuttfarbenen-Ornamenten-fuer.jpg","width":1200,"height":675,"caption":"Khloe Kardashian schm\u00fcckte ihren wei\u00dfen Baum mit perlmuttfarbenen Ornamenten f\u00fcr einen k\u00f6niglichen Look, der Luxus verk\u00f6rpert \u2013 den Look gibt es ab 10 $"},{"@type":"BreadcrumbList","@id":"https:\/\/www.strassenweb.de\/nachrichten\/khloe-kardashian-schmueckte-ihren-weissen-baum-mit-perlmuttfarbenen-ornamenten-fuer-einen-koeniglichen-look-der-luxus-verkoerpert-den-look-gibt-es-ab-10\/#breadcrumb","itemListElement":[{"@type":"ListItem","position":1,"name":"Home","item":"https:\/\/www.strassenweb.de\/nachrichten\/"},{"@type":"ListItem","position":2,"name":"Khloe Kardashian schm\u00fcckte ihren wei\u00dfen Baum mit perlmuttfarbenen Ornamenten f\u00fcr einen k\u00f6niglichen Look, der Luxus verk\u00f6rpert \u2013 den Look gibt es ab 10 $"}]},{"@type":"WebSite","@id":"https:\/\/www.strassenweb.de\/nachrichten\/#website","url":"https:\/\/www.strassenweb.de\/nachrichten\/","name":"Stra\u00dfenweb","description":"Stra\u00dfenverzeichnis f\u00fcr Deutschland","publisher":{"@id":"https:\/\/www.strassenweb.de\/nachrichten\/#organization"},"potentialAction":[{"@type":"SearchAction","target":{"@type":"EntryPoint","urlTemplate":"https:\/\/www.strassenweb.de\/nachrichten\/?s={search_term_string}"},"query-input":{"@type":"PropertyValueSpecification","valueRequired":true,"valueName":"search_term_string"}}],"inLanguage":"de"},{"@type":"Organization","@id":"https:\/\/www.strassenweb.de\/nachrichten\/#organization","name":"Stra\u00dfenweb","url":"https:\/\/www.strassenweb.de\/nachrichten\/","logo":{"@type":"ImageObject","inLanguage":"de","@id":"https:\/\/www.strassenweb.de\/nachrichten\/#\/schema\/logo\/image\/","url":"https:\/\/www.strassenweb.de\/nachrichten\/wp-content\/uploads\/2024\/09\/cropped-favicon.png","contentUrl":"https:\/\/www.strassenweb.de\/nachrichten\/wp-content\/uploads\/2024\/09\/cropped-favicon.png","width":512,"height":512,"caption":"Stra\u00dfenweb"},"image":{"@id":"https:\/\/www.strassenweb.de\/nachrichten\/#\/schema\/logo\/image\/"},"sameAs":["https:\/\/www.facebook.com\/strassenweb\/"]},{"@type":"Person","@id":"https:\/\/www.strassenweb.de\/nachrichten\/#\/schema\/person\/87c9c9067f1211da429a744dc5a5aa41","name":"Robert Hoffmann","image":{"@type":"ImageObject","inLanguage":"de","@id":"https:\/\/www.strassenweb.de\/nachrichten\/wp-content\/uploads\/2024\/09\/strassenweb-150x150.jpg","url":"https:\/\/www.strassenweb.de\/nachrichten\/wp-content\/uploads\/2024\/09\/strassenweb-150x150.jpg","contentUrl":"https:\/\/www.strassenweb.de\/nachrichten\/wp-content\/uploads\/2024\/09\/strassenweb-150x150.jpg","caption":"Robert Hoffmann"},"description":"Ich hei\u00dfe Robert Hoffmann und ich bin ein leidenschaftlicher Verfechter von \u00d6kologie und Biodiversit\u00e4t. Seit meiner Kindheit in den W\u00e4ldern Bayerns f\u00fchle ich mich mit der Natur verbunden und bin entschlossen, sie zu sch\u00fctzen. Heute widme ich mein Leben der Sensibilisierung anderer f\u00fcr die Bedeutung des Umweltschutzes f\u00fcr zuk\u00fcnftige Generationen.","sameAs":["https:\/\/www.strassenweb.de\/"]}]}},"_links":{"self":[{"href":"https:\/\/www.strassenweb.de\/nachrichten\/wp-json\/wp\/v2\/posts\/1914","targetHints":{"allow":["GET"]}}],"collection":[{"href":"https:\/\/www.strassenweb.de\/nachrichten\/wp-json\/wp\/v2\/posts"}],"about":[{"href":"https:\/\/www.strassenweb.de\/nachrichten\/wp-json\/wp\/v2\/types\/post"}],"author":[{"embeddable":true,"href":"https:\/\/www.strassenweb.de\/nachrichten\/wp-json\/wp\/v2\/users\/1"}],"replies":[{"embeddable":true,"href":"https:\/\/www.strassenweb.de\/nachrichten\/wp-json\/wp\/v2\/comments?post=1914"}],"version-history":[{"count":0,"href":"https:\/\/www.strassenweb.de\/nachrichten\/wp-json\/wp\/v2\/posts\/1914\/revisions"}],"wp:featuredmedia":[{"embeddable":true,"href":"https:\/\/www.strassenweb.de\/nachrichten\/wp-json\/wp\/v2\/media\/1915"}],"wp:attachment":[{"href":"https:\/\/www.strassenweb.de\/nachrichten\/wp-json\/wp\/v2\/media?parent=1914"}],"wp:term":[{"taxonomy":"category","embeddable":true,"href":"https:\/\/www.strassenweb.de\/nachrichten\/wp-json\/wp\/v2\/categories?post=1914"},{"taxonomy":"post_tag","embeddable":true,"href":"https:\/\/www.strassenweb.de\/nachrichten\/wp-json\/wp\/v2\/tags?post=1914"}],"curies":[{"name":"wp","href":"https:\/\/api.w.org\/{rel}","templated":true}]}}