{"id":191,"date":"2024-09-24T22:50:06","date_gmt":"2024-09-24T20:50:06","guid":{"rendered":"https:\/\/www.strassenweb.de\/nachrichten\/pages-vokuhila-wyomings-rat-an-die-regierung-um-einen-anstieg-der-arbeitslosigkeit-aufgrund-des-saisonalen-faktors-zu-verhindern-moege-es-das-ganze-jahr-ueber-sommer-seinquo\/"},"modified":"2024-09-24T22:50:07","modified_gmt":"2024-09-24T20:50:07","slug":"pages-vokuhila-wyomings-rat-an-die-regierung-um-einen-anstieg-der-arbeitslosigkeit-aufgrund-des-saisonalen-faktors-zu-verhindern-moege-es-das-ganze-jahr-ueber-sommer-seinquo","status":"publish","type":"post","link":"https:\/\/www.strassenweb.de\/nachrichten\/pages-vokuhila-wyomings-rat-an-die-regierung-um-einen-anstieg-der-arbeitslosigkeit-aufgrund-des-saisonalen-faktors-zu-verhindern-moege-es-das-ganze-jahr-ueber-sommer-seinquo\/","title":{"rendered":"\u201ePages Vokuhila\u201c Wyomings Rat an die Regierung, um einen Anstieg der Arbeitslosigkeit aufgrund des saisonalen Faktors zu verhindern: &quot;M\u00f6ge es das ganze Jahr \u00fcber Sommer sein&quot;"},"content":{"rendered":"<footer class=\"article-main__signed\"><\/footer>\n<p>Er <b>Gro\u00dfraum Wyoming<\/b> und Sandra Sabat\u00e9s besprechen in der Rubrik &#8218;die neuesten Nachrichten aus dem Wirtschaftsbereich<b>Mullet-Seiten<\/b>&#8218;. Der erste Abschnitt der Saison beginnt mit a <b>Ratschl\u00e4ge des Moderators<\/b> zur T\u00fcte: \u201eNehmen Sie immer eine von zu Hause mit, damit Sie im Supermarkt Geld sparen k\u00f6nnen.\u201c <b>10 Cent<\/b>&#8222;.<\/p>\n<p>Sandra pr\u00e4sentiert die neuesten ver\u00f6ffentlichten Daten <b>Anstellung<\/b>. \u201eNach dem Ende des Sommers leidet es und die Arbeitslosigkeit steigt fast an <b>22.000 Menschen<\/b>&#8222;, gibt er an. &#8222;Dieser Anstieg ist auf die Schlie\u00dfung der Sommersaison zur\u00fcckzuf\u00fchren, in der mehr als <b>193.000 Arbeitspl\u00e4tze<\/b> Damit liegt die Gesamtzahl bei mehr als zweieinhalb Millionen Arbeitslosen. Dies ist der niedrigste Augustwert seit 2008, was insbesondere die Zahl hervorhebt <b>Jugendarbeitslosigkeit<\/b>&#8222;, f\u00fcgt der Moderator hinzu. &#8222;Die <b>saisonaler Faktor<\/b>Deshalb schl\u00e4gt er vor, dass die Regierung per Gesetz vorschreibt, dass das ganze Jahr \u00fcber Sommer ist\u201c, sagt Wyoming.<\/p>\n<p>Die n\u00e4chste Neuigkeit ist die Multiplikation in <b>Deutschland<\/b> von Angeboten zur Rekrutierung junger Spanier in verschiedenen Positionen wie Pflegehelfern, Fahrern oder Elektrikern. \u201eEs handelt sich hierbei um Anzeigen, bei denen keine Vorerfahrung bzw <b>Kenntnisse in Deutsch<\/b> Und das mit einer Verg\u00fctung, die bis zu 2.500 Euro erreichen k\u00f6nnte\u201c, erkl\u00e4rt Sabat\u00e9s. \u201eEs scheint, dass sich die Geschichte oft wiederholt.\u201c <b>junge Spanierin<\/b> \u201eWenn sie wie ihre Gro\u00dfeltern nach neuen M\u00f6glichkeiten in Deutschland suchen\u201c, \u00fcberlegt Wyoming, \u201eh\u00e4tte das nat\u00fcrlich Konsequenzen: Die Neuverfilmung von \u201a\u2018<b>Komm nach Deutschland, Pepe<\/b>\u201eEs wird jetzt \u201aKomm nach Deutschland, Bruder\u2018 hei\u00dfen.\u201c<\/p>\n<div><\/div>\n<p>Im Vereinigten K\u00f6nigreich wurde vorgeschlagen, die zu reduzieren <b>viert\u00e4gige Arbeitswoche<\/b>. \u201eDie Regierung hat einen Plan angek\u00fcndigt, der es britischen Arbeitnehmern erm\u00f6glichen soll, sich um eine Stelle zu bewerben <b>vier Tage die Woche<\/b> Allerdings m\u00fcssten sie weiterhin die in ihren Vertr\u00e4gen festgelegten Stunden erf\u00fcllen\u201c, erkl\u00e4rt der Moderator. \u201eAls Person, die diese Methode ausprobiert hat, glaube ich, dass diese Ma\u00dfnahme.\u201c <b>profitieren kann<\/b> Vieles f\u00fcr britische Arbeiter\u201c, argumentiert Wyoming, \u201eangefangen bei der Oasis-Gruppe, von nun an <b>Gallagher-Br\u00fcder<\/b> Sie k\u00f6nnen nur von Montag bis Donnerstag k\u00e4mpfen.\u201c<\/p>\n","protected":false},"excerpt":{"rendered":"<p>Er Gro\u00dfraum Wyoming und Sandra Sabat\u00e9s besprechen in der Rubrik &#8218;die neuesten Nachrichten aus dem WirtschaftsbereichMullet-Seiten&#8218;. Der erste Abschnitt der Saison beginnt mit a Ratschl\u00e4ge<\/p>\n","protected":false},"author":1,"featured_media":192,"comment_status":"closed","ping_status":"","sticky":false,"template":"","format":"standard","meta":{"footnotes":""},"categories":[4],"tags":[376,377,378,112,81,281,9,166,380,383,384,372,382,375,140,379,386,385,260,381,373,374],"class_list":["post-191","post","type-post","status-publish","format-standard","has-post-thumbnail","hentry","category-aktuelle-nachrichten","tag-anstieg","tag-arbeitslosigkeit","tag-aufgrund","tag-das","tag-der","tag-des","tag-die","tag-einen","tag-faktors","tag-ganze","tag-jahr","tag-pages","tag-quotmoege","tag-rat","tag-regierung","tag-saisonalen","tag-seinquot","tag-sommer","tag-ueber","tag-verhindern","tag-vokuhila","tag-wyomings","generate-columns","tablet-grid-50","mobile-grid-100","grid-parent","grid-50"],"yoast_head":"<!-- This site is optimized with the Yoast SEO plugin v27.3 - https:\/\/yoast.com\/product\/yoast-seo-wordpress\/ -->\n<title>\u201ePages Vokuhila\u201c Wyomings Rat an die Regierung, um einen Anstieg der Arbeitslosigkeit aufgrund des saisonalen Faktors zu verhindern: &quot;M\u00f6ge es das ganze Jahr \u00fcber Sommer sein&quot; - Nachrichten - Stra\u00dfenweb<\/title>\n<meta name=\"robots\" content=\"index, follow, max-snippet:-1, max-image-preview:large, max-video-preview:-1\" \/>\n<link rel=\"canonical\" href=\"https:\/\/www.strassenweb.de\/nachrichten\/pages-vokuhila-wyomings-rat-an-die-regierung-um-einen-anstieg-der-arbeitslosigkeit-aufgrund-des-saisonalen-faktors-zu-verhindern-moege-es-das-ganze-jahr-ueber-sommer-seinquo\/\" \/>\n<meta property=\"og:locale\" content=\"de_DE\" \/>\n<meta property=\"og:type\" content=\"article\" \/>\n<meta property=\"og:title\" content=\"\u201ePages Vokuhila\u201c Wyomings Rat an die Regierung, um einen Anstieg der Arbeitslosigkeit aufgrund des saisonalen Faktors zu verhindern: &quot;M\u00f6ge es das ganze Jahr \u00fcber Sommer sein&quot; - Nachrichten - Stra\u00dfenweb\" \/>\n<meta property=\"og:description\" content=\"Er Gro\u00dfraum Wyoming und Sandra Sabat\u00e9s besprechen in der Rubrik &#8218;die neuesten Nachrichten aus dem WirtschaftsbereichMullet-Seiten&#8218;. Der erste Abschnitt der Saison beginnt mit a Ratschl\u00e4ge\" \/>\n<meta property=\"og:url\" content=\"https:\/\/www.strassenweb.de\/nachrichten\/pages-vokuhila-wyomings-rat-an-die-regierung-um-einen-anstieg-der-arbeitslosigkeit-aufgrund-des-saisonalen-faktors-zu-verhindern-moege-es-das-ganze-jahr-ueber-sommer-seinquo\/\" \/>\n<meta property=\"og:site_name\" content=\"Stra\u00dfenweb\" \/>\n<meta property=\"article:publisher\" content=\"https:\/\/www.facebook.com\/strassenweb\/\" \/>\n<meta property=\"article:published_time\" content=\"2024-09-24T20:50:06+00:00\" \/>\n<meta property=\"article:modified_time\" content=\"2024-09-24T20:50:07+00:00\" \/>\n<meta property=\"og:image\" content=\"https:\/\/www.strassenweb.de\/nachrichten\/wp-content\/uploads\/2024\/09\/\u201ePages-Vokuhila-Wyomings-Rat-an-die-Regierung-um-einen-Anstieg.jpg\" \/>\n\t<meta property=\"og:image:width\" content=\"1280\" \/>\n\t<meta property=\"og:image:height\" content=\"720\" \/>\n\t<meta property=\"og:image:type\" content=\"image\/jpeg\" \/>\n<meta name=\"author\" content=\"Robert Hoffmann\" \/>\n<meta name=\"twitter:card\" content=\"summary_large_image\" \/>\n<meta name=\"twitter:label1\" content=\"Verfasst von\" \/>\n\t<meta name=\"twitter:data1\" content=\"Robert Hoffmann\" \/>\n\t<meta name=\"twitter:label2\" content=\"Gesch\u00e4tzte Lesezeit\" \/>\n\t<meta name=\"twitter:data2\" content=\"2\u00a0Minuten\" \/>\n<script type=\"application\/ld+json\" class=\"yoast-schema-graph\">{\"@context\":\"https:\\\/\\\/schema.org\",\"@graph\":[{\"@type\":\"Article\",\"@id\":\"https:\\\/\\\/www.strassenweb.de\\\/nachrichten\\\/pages-vokuhila-wyomings-rat-an-die-regierung-um-einen-anstieg-der-arbeitslosigkeit-aufgrund-des-saisonalen-faktors-zu-verhindern-moege-es-das-ganze-jahr-ueber-sommer-seinquo\\\/#article\",\"isPartOf\":{\"@id\":\"https:\\\/\\\/www.strassenweb.de\\\/nachrichten\\\/pages-vokuhila-wyomings-rat-an-die-regierung-um-einen-anstieg-der-arbeitslosigkeit-aufgrund-des-saisonalen-faktors-zu-verhindern-moege-es-das-ganze-jahr-ueber-sommer-seinquo\\\/\"},\"author\":{\"name\":\"Robert Hoffmann\",\"@id\":\"https:\\\/\\\/www.strassenweb.de\\\/nachrichten\\\/#\\\/schema\\\/person\\\/87c9c9067f1211da429a744dc5a5aa41\"},\"headline\":\"\u201ePages Vokuhila\u201c Wyomings Rat an die Regierung, um einen Anstieg der Arbeitslosigkeit aufgrund des saisonalen Faktors zu verhindern: &quot;M\u00f6ge es das ganze Jahr \u00fcber Sommer sein&quot;\",\"datePublished\":\"2024-09-24T20:50:06+00:00\",\"dateModified\":\"2024-09-24T20:50:07+00:00\",\"mainEntityOfPage\":{\"@id\":\"https:\\\/\\\/www.strassenweb.de\\\/nachrichten\\\/pages-vokuhila-wyomings-rat-an-die-regierung-um-einen-anstieg-der-arbeitslosigkeit-aufgrund-des-saisonalen-faktors-zu-verhindern-moege-es-das-ganze-jahr-ueber-sommer-seinquo\\\/\"},\"wordCount\":368,\"publisher\":{\"@id\":\"https:\\\/\\\/www.strassenweb.de\\\/nachrichten\\\/#organization\"},\"image\":{\"@id\":\"https:\\\/\\\/www.strassenweb.de\\\/nachrichten\\\/pages-vokuhila-wyomings-rat-an-die-regierung-um-einen-anstieg-der-arbeitslosigkeit-aufgrund-des-saisonalen-faktors-zu-verhindern-moege-es-das-ganze-jahr-ueber-sommer-seinquo\\\/#primaryimage\"},\"thumbnailUrl\":\"https:\\\/\\\/www.strassenweb.de\\\/nachrichten\\\/wp-content\\\/uploads\\\/2024\\\/09\\\/\u201ePages-Vokuhila-Wyomings-Rat-an-die-Regierung-um-einen-Anstieg.jpg\",\"keywords\":[\"Anstieg\",\"Arbeitslosigkeit\",\"aufgrund\",\"das\",\"der\",\"des\",\"die\",\"einen\",\"Faktors\",\"ganze\",\"Jahr\",\"Pages\",\"quotM\u00f6ge\",\"Rat\",\"Regierung\",\"saisonalen\",\"seinquot\",\"Sommer\",\"\u00fcber\",\"verhindern\",\"Vokuhila\",\"Wyomings\"],\"articleSection\":[\"Aktuelle Nachrichten\"],\"inLanguage\":\"de\"},{\"@type\":\"WebPage\",\"@id\":\"https:\\\/\\\/www.strassenweb.de\\\/nachrichten\\\/pages-vokuhila-wyomings-rat-an-die-regierung-um-einen-anstieg-der-arbeitslosigkeit-aufgrund-des-saisonalen-faktors-zu-verhindern-moege-es-das-ganze-jahr-ueber-sommer-seinquo\\\/\",\"url\":\"https:\\\/\\\/www.strassenweb.de\\\/nachrichten\\\/pages-vokuhila-wyomings-rat-an-die-regierung-um-einen-anstieg-der-arbeitslosigkeit-aufgrund-des-saisonalen-faktors-zu-verhindern-moege-es-das-ganze-jahr-ueber-sommer-seinquo\\\/\",\"name\":\"\u201ePages Vokuhila\u201c Wyomings Rat an die Regierung, um einen Anstieg der Arbeitslosigkeit aufgrund des saisonalen Faktors zu verhindern: &quot;M\u00f6ge es das ganze Jahr \u00fcber Sommer sein&quot; - Nachrichten - Stra\u00dfenweb\",\"isPartOf\":{\"@id\":\"https:\\\/\\\/www.strassenweb.de\\\/nachrichten\\\/#website\"},\"primaryImageOfPage\":{\"@id\":\"https:\\\/\\\/www.strassenweb.de\\\/nachrichten\\\/pages-vokuhila-wyomings-rat-an-die-regierung-um-einen-anstieg-der-arbeitslosigkeit-aufgrund-des-saisonalen-faktors-zu-verhindern-moege-es-das-ganze-jahr-ueber-sommer-seinquo\\\/#primaryimage\"},\"image\":{\"@id\":\"https:\\\/\\\/www.strassenweb.de\\\/nachrichten\\\/pages-vokuhila-wyomings-rat-an-die-regierung-um-einen-anstieg-der-arbeitslosigkeit-aufgrund-des-saisonalen-faktors-zu-verhindern-moege-es-das-ganze-jahr-ueber-sommer-seinquo\\\/#primaryimage\"},\"thumbnailUrl\":\"https:\\\/\\\/www.strassenweb.de\\\/nachrichten\\\/wp-content\\\/uploads\\\/2024\\\/09\\\/\u201ePages-Vokuhila-Wyomings-Rat-an-die-Regierung-um-einen-Anstieg.jpg\",\"datePublished\":\"2024-09-24T20:50:06+00:00\",\"dateModified\":\"2024-09-24T20:50:07+00:00\",\"breadcrumb\":{\"@id\":\"https:\\\/\\\/www.strassenweb.de\\\/nachrichten\\\/pages-vokuhila-wyomings-rat-an-die-regierung-um-einen-anstieg-der-arbeitslosigkeit-aufgrund-des-saisonalen-faktors-zu-verhindern-moege-es-das-ganze-jahr-ueber-sommer-seinquo\\\/#breadcrumb\"},\"inLanguage\":\"de\",\"potentialAction\":[{\"@type\":\"ReadAction\",\"target\":[\"https:\\\/\\\/www.strassenweb.de\\\/nachrichten\\\/pages-vokuhila-wyomings-rat-an-die-regierung-um-einen-anstieg-der-arbeitslosigkeit-aufgrund-des-saisonalen-faktors-zu-verhindern-moege-es-das-ganze-jahr-ueber-sommer-seinquo\\\/\"]}]},{\"@type\":\"ImageObject\",\"inLanguage\":\"de\",\"@id\":\"https:\\\/\\\/www.strassenweb.de\\\/nachrichten\\\/pages-vokuhila-wyomings-rat-an-die-regierung-um-einen-anstieg-der-arbeitslosigkeit-aufgrund-des-saisonalen-faktors-zu-verhindern-moege-es-das-ganze-jahr-ueber-sommer-seinquo\\\/#primaryimage\",\"url\":\"https:\\\/\\\/www.strassenweb.de\\\/nachrichten\\\/wp-content\\\/uploads\\\/2024\\\/09\\\/\u201ePages-Vokuhila-Wyomings-Rat-an-die-Regierung-um-einen-Anstieg.jpg\",\"contentUrl\":\"https:\\\/\\\/www.strassenweb.de\\\/nachrichten\\\/wp-content\\\/uploads\\\/2024\\\/09\\\/\u201ePages-Vokuhila-Wyomings-Rat-an-die-Regierung-um-einen-Anstieg.jpg\",\"width\":1280,\"height\":720,\"caption\":\"\u201ePages Vokuhila\u201c Wyomings Rat an die Regierung, um einen Anstieg der Arbeitslosigkeit aufgrund des saisonalen Faktors zu verhindern: &quot;M\u00f6ge es das ganze Jahr \u00fcber Sommer sein&quot;\"},{\"@type\":\"BreadcrumbList\",\"@id\":\"https:\\\/\\\/www.strassenweb.de\\\/nachrichten\\\/pages-vokuhila-wyomings-rat-an-die-regierung-um-einen-anstieg-der-arbeitslosigkeit-aufgrund-des-saisonalen-faktors-zu-verhindern-moege-es-das-ganze-jahr-ueber-sommer-seinquo\\\/#breadcrumb\",\"itemListElement\":[{\"@type\":\"ListItem\",\"position\":1,\"name\":\"Home\",\"item\":\"https:\\\/\\\/www.strassenweb.de\\\/nachrichten\\\/\"},{\"@type\":\"ListItem\",\"position\":2,\"name\":\"\u201ePages Vokuhila\u201c Wyomings Rat an die Regierung, um einen Anstieg der Arbeitslosigkeit aufgrund des saisonalen Faktors zu verhindern: &quot;M\u00f6ge es das ganze Jahr \u00fcber Sommer sein&quot;\"}]},{\"@type\":\"WebSite\",\"@id\":\"https:\\\/\\\/www.strassenweb.de\\\/nachrichten\\\/#website\",\"url\":\"https:\\\/\\\/www.strassenweb.de\\\/nachrichten\\\/\",\"name\":\"Stra\u00dfenweb\",\"description\":\"Stra\u00dfenverzeichnis f\u00fcr Deutschland\",\"publisher\":{\"@id\":\"https:\\\/\\\/www.strassenweb.de\\\/nachrichten\\\/#organization\"},\"potentialAction\":[{\"@type\":\"SearchAction\",\"target\":{\"@type\":\"EntryPoint\",\"urlTemplate\":\"https:\\\/\\\/www.strassenweb.de\\\/nachrichten\\\/?s={search_term_string}\"},\"query-input\":{\"@type\":\"PropertyValueSpecification\",\"valueRequired\":true,\"valueName\":\"search_term_string\"}}],\"inLanguage\":\"de\"},{\"@type\":\"Organization\",\"@id\":\"https:\\\/\\\/www.strassenweb.de\\\/nachrichten\\\/#organization\",\"name\":\"Stra\u00dfenweb\",\"url\":\"https:\\\/\\\/www.strassenweb.de\\\/nachrichten\\\/\",\"logo\":{\"@type\":\"ImageObject\",\"inLanguage\":\"de\",\"@id\":\"https:\\\/\\\/www.strassenweb.de\\\/nachrichten\\\/#\\\/schema\\\/logo\\\/image\\\/\",\"url\":\"https:\\\/\\\/www.strassenweb.de\\\/nachrichten\\\/wp-content\\\/uploads\\\/2024\\\/09\\\/cropped-favicon.png\",\"contentUrl\":\"https:\\\/\\\/www.strassenweb.de\\\/nachrichten\\\/wp-content\\\/uploads\\\/2024\\\/09\\\/cropped-favicon.png\",\"width\":512,\"height\":512,\"caption\":\"Stra\u00dfenweb\"},\"image\":{\"@id\":\"https:\\\/\\\/www.strassenweb.de\\\/nachrichten\\\/#\\\/schema\\\/logo\\\/image\\\/\"},\"sameAs\":[\"https:\\\/\\\/www.facebook.com\\\/strassenweb\\\/\"]},{\"@type\":\"Person\",\"@id\":\"https:\\\/\\\/www.strassenweb.de\\\/nachrichten\\\/#\\\/schema\\\/person\\\/87c9c9067f1211da429a744dc5a5aa41\",\"name\":\"Robert Hoffmann\",\"image\":{\"@type\":\"ImageObject\",\"inLanguage\":\"de\",\"@id\":\"https:\\\/\\\/www.strassenweb.de\\\/nachrichten\\\/wp-content\\\/uploads\\\/2024\\\/09\\\/strassenweb-150x150.jpg\",\"url\":\"https:\\\/\\\/www.strassenweb.de\\\/nachrichten\\\/wp-content\\\/uploads\\\/2024\\\/09\\\/strassenweb-150x150.jpg\",\"contentUrl\":\"https:\\\/\\\/www.strassenweb.de\\\/nachrichten\\\/wp-content\\\/uploads\\\/2024\\\/09\\\/strassenweb-150x150.jpg\",\"caption\":\"Robert Hoffmann\"},\"description\":\"Ich hei\u00dfe Robert Hoffmann und ich bin ein leidenschaftlicher Verfechter von \u00d6kologie und Biodiversit\u00e4t. Seit meiner Kindheit in den W\u00e4ldern Bayerns f\u00fchle ich mich mit der Natur verbunden und bin entschlossen, sie zu sch\u00fctzen. Heute widme ich mein Leben der Sensibilisierung anderer f\u00fcr die Bedeutung des Umweltschutzes f\u00fcr zuk\u00fcnftige Generationen.\",\"sameAs\":[\"https:\\\/\\\/www.strassenweb.de\\\/\"]}]}<\/script>\n<!-- \/ Yoast SEO plugin. -->","yoast_head_json":{"title":"\u201ePages Vokuhila\u201c Wyomings Rat an die Regierung, um einen Anstieg der Arbeitslosigkeit aufgrund des saisonalen Faktors zu verhindern: &quot;M\u00f6ge es das ganze Jahr \u00fcber Sommer sein&quot; - Nachrichten - Stra\u00dfenweb","robots":{"index":"index","follow":"follow","max-snippet":"max-snippet:-1","max-image-preview":"max-image-preview:large","max-video-preview":"max-video-preview:-1"},"canonical":"https:\/\/www.strassenweb.de\/nachrichten\/pages-vokuhila-wyomings-rat-an-die-regierung-um-einen-anstieg-der-arbeitslosigkeit-aufgrund-des-saisonalen-faktors-zu-verhindern-moege-es-das-ganze-jahr-ueber-sommer-seinquo\/","og_locale":"de_DE","og_type":"article","og_title":"\u201ePages Vokuhila\u201c Wyomings Rat an die Regierung, um einen Anstieg der Arbeitslosigkeit aufgrund des saisonalen Faktors zu verhindern: &quot;M\u00f6ge es das ganze Jahr \u00fcber Sommer sein&quot; - Nachrichten - Stra\u00dfenweb","og_description":"Er Gro\u00dfraum Wyoming und Sandra Sabat\u00e9s besprechen in der Rubrik &#8218;die neuesten Nachrichten aus dem WirtschaftsbereichMullet-Seiten&#8218;. Der erste Abschnitt der Saison beginnt mit a Ratschl\u00e4ge","og_url":"https:\/\/www.strassenweb.de\/nachrichten\/pages-vokuhila-wyomings-rat-an-die-regierung-um-einen-anstieg-der-arbeitslosigkeit-aufgrund-des-saisonalen-faktors-zu-verhindern-moege-es-das-ganze-jahr-ueber-sommer-seinquo\/","og_site_name":"Stra\u00dfenweb","article_publisher":"https:\/\/www.facebook.com\/strassenweb\/","article_published_time":"2024-09-24T20:50:06+00:00","article_modified_time":"2024-09-24T20:50:07+00:00","og_image":[{"width":1280,"height":720,"url":"https:\/\/www.strassenweb.de\/nachrichten\/wp-content\/uploads\/2024\/09\/\u201ePages-Vokuhila-Wyomings-Rat-an-die-Regierung-um-einen-Anstieg.jpg","type":"image\/jpeg"}],"author":"Robert Hoffmann","twitter_card":"summary_large_image","twitter_misc":{"Verfasst von":"Robert Hoffmann","Gesch\u00e4tzte Lesezeit":"2\u00a0Minuten"},"schema":{"@context":"https:\/\/schema.org","@graph":[{"@type":"Article","@id":"https:\/\/www.strassenweb.de\/nachrichten\/pages-vokuhila-wyomings-rat-an-die-regierung-um-einen-anstieg-der-arbeitslosigkeit-aufgrund-des-saisonalen-faktors-zu-verhindern-moege-es-das-ganze-jahr-ueber-sommer-seinquo\/#article","isPartOf":{"@id":"https:\/\/www.strassenweb.de\/nachrichten\/pages-vokuhila-wyomings-rat-an-die-regierung-um-einen-anstieg-der-arbeitslosigkeit-aufgrund-des-saisonalen-faktors-zu-verhindern-moege-es-das-ganze-jahr-ueber-sommer-seinquo\/"},"author":{"name":"Robert Hoffmann","@id":"https:\/\/www.strassenweb.de\/nachrichten\/#\/schema\/person\/87c9c9067f1211da429a744dc5a5aa41"},"headline":"\u201ePages Vokuhila\u201c Wyomings Rat an die Regierung, um einen Anstieg der Arbeitslosigkeit aufgrund des saisonalen Faktors zu verhindern: &quot;M\u00f6ge es das ganze Jahr \u00fcber Sommer sein&quot;","datePublished":"2024-09-24T20:50:06+00:00","dateModified":"2024-09-24T20:50:07+00:00","mainEntityOfPage":{"@id":"https:\/\/www.strassenweb.de\/nachrichten\/pages-vokuhila-wyomings-rat-an-die-regierung-um-einen-anstieg-der-arbeitslosigkeit-aufgrund-des-saisonalen-faktors-zu-verhindern-moege-es-das-ganze-jahr-ueber-sommer-seinquo\/"},"wordCount":368,"publisher":{"@id":"https:\/\/www.strassenweb.de\/nachrichten\/#organization"},"image":{"@id":"https:\/\/www.strassenweb.de\/nachrichten\/pages-vokuhila-wyomings-rat-an-die-regierung-um-einen-anstieg-der-arbeitslosigkeit-aufgrund-des-saisonalen-faktors-zu-verhindern-moege-es-das-ganze-jahr-ueber-sommer-seinquo\/#primaryimage"},"thumbnailUrl":"https:\/\/www.strassenweb.de\/nachrichten\/wp-content\/uploads\/2024\/09\/\u201ePages-Vokuhila-Wyomings-Rat-an-die-Regierung-um-einen-Anstieg.jpg","keywords":["Anstieg","Arbeitslosigkeit","aufgrund","das","der","des","die","einen","Faktors","ganze","Jahr","Pages","quotM\u00f6ge","Rat","Regierung","saisonalen","seinquot","Sommer","\u00fcber","verhindern","Vokuhila","Wyomings"],"articleSection":["Aktuelle Nachrichten"],"inLanguage":"de"},{"@type":"WebPage","@id":"https:\/\/www.strassenweb.de\/nachrichten\/pages-vokuhila-wyomings-rat-an-die-regierung-um-einen-anstieg-der-arbeitslosigkeit-aufgrund-des-saisonalen-faktors-zu-verhindern-moege-es-das-ganze-jahr-ueber-sommer-seinquo\/","url":"https:\/\/www.strassenweb.de\/nachrichten\/pages-vokuhila-wyomings-rat-an-die-regierung-um-einen-anstieg-der-arbeitslosigkeit-aufgrund-des-saisonalen-faktors-zu-verhindern-moege-es-das-ganze-jahr-ueber-sommer-seinquo\/","name":"\u201ePages Vokuhila\u201c Wyomings Rat an die Regierung, um einen Anstieg der Arbeitslosigkeit aufgrund des saisonalen Faktors zu verhindern: &quot;M\u00f6ge es das ganze Jahr \u00fcber Sommer sein&quot; - Nachrichten - Stra\u00dfenweb","isPartOf":{"@id":"https:\/\/www.strassenweb.de\/nachrichten\/#website"},"primaryImageOfPage":{"@id":"https:\/\/www.strassenweb.de\/nachrichten\/pages-vokuhila-wyomings-rat-an-die-regierung-um-einen-anstieg-der-arbeitslosigkeit-aufgrund-des-saisonalen-faktors-zu-verhindern-moege-es-das-ganze-jahr-ueber-sommer-seinquo\/#primaryimage"},"image":{"@id":"https:\/\/www.strassenweb.de\/nachrichten\/pages-vokuhila-wyomings-rat-an-die-regierung-um-einen-anstieg-der-arbeitslosigkeit-aufgrund-des-saisonalen-faktors-zu-verhindern-moege-es-das-ganze-jahr-ueber-sommer-seinquo\/#primaryimage"},"thumbnailUrl":"https:\/\/www.strassenweb.de\/nachrichten\/wp-content\/uploads\/2024\/09\/\u201ePages-Vokuhila-Wyomings-Rat-an-die-Regierung-um-einen-Anstieg.jpg","datePublished":"2024-09-24T20:50:06+00:00","dateModified":"2024-09-24T20:50:07+00:00","breadcrumb":{"@id":"https:\/\/www.strassenweb.de\/nachrichten\/pages-vokuhila-wyomings-rat-an-die-regierung-um-einen-anstieg-der-arbeitslosigkeit-aufgrund-des-saisonalen-faktors-zu-verhindern-moege-es-das-ganze-jahr-ueber-sommer-seinquo\/#breadcrumb"},"inLanguage":"de","potentialAction":[{"@type":"ReadAction","target":["https:\/\/www.strassenweb.de\/nachrichten\/pages-vokuhila-wyomings-rat-an-die-regierung-um-einen-anstieg-der-arbeitslosigkeit-aufgrund-des-saisonalen-faktors-zu-verhindern-moege-es-das-ganze-jahr-ueber-sommer-seinquo\/"]}]},{"@type":"ImageObject","inLanguage":"de","@id":"https:\/\/www.strassenweb.de\/nachrichten\/pages-vokuhila-wyomings-rat-an-die-regierung-um-einen-anstieg-der-arbeitslosigkeit-aufgrund-des-saisonalen-faktors-zu-verhindern-moege-es-das-ganze-jahr-ueber-sommer-seinquo\/#primaryimage","url":"https:\/\/www.strassenweb.de\/nachrichten\/wp-content\/uploads\/2024\/09\/\u201ePages-Vokuhila-Wyomings-Rat-an-die-Regierung-um-einen-Anstieg.jpg","contentUrl":"https:\/\/www.strassenweb.de\/nachrichten\/wp-content\/uploads\/2024\/09\/\u201ePages-Vokuhila-Wyomings-Rat-an-die-Regierung-um-einen-Anstieg.jpg","width":1280,"height":720,"caption":"\u201ePages Vokuhila\u201c Wyomings Rat an die Regierung, um einen Anstieg der Arbeitslosigkeit aufgrund des saisonalen Faktors zu verhindern: &quot;M\u00f6ge es das ganze Jahr \u00fcber Sommer sein&quot;"},{"@type":"BreadcrumbList","@id":"https:\/\/www.strassenweb.de\/nachrichten\/pages-vokuhila-wyomings-rat-an-die-regierung-um-einen-anstieg-der-arbeitslosigkeit-aufgrund-des-saisonalen-faktors-zu-verhindern-moege-es-das-ganze-jahr-ueber-sommer-seinquo\/#breadcrumb","itemListElement":[{"@type":"ListItem","position":1,"name":"Home","item":"https:\/\/www.strassenweb.de\/nachrichten\/"},{"@type":"ListItem","position":2,"name":"\u201ePages Vokuhila\u201c Wyomings Rat an die Regierung, um einen Anstieg der Arbeitslosigkeit aufgrund des saisonalen Faktors zu verhindern: &quot;M\u00f6ge es das ganze Jahr \u00fcber Sommer sein&quot;"}]},{"@type":"WebSite","@id":"https:\/\/www.strassenweb.de\/nachrichten\/#website","url":"https:\/\/www.strassenweb.de\/nachrichten\/","name":"Stra\u00dfenweb","description":"Stra\u00dfenverzeichnis f\u00fcr Deutschland","publisher":{"@id":"https:\/\/www.strassenweb.de\/nachrichten\/#organization"},"potentialAction":[{"@type":"SearchAction","target":{"@type":"EntryPoint","urlTemplate":"https:\/\/www.strassenweb.de\/nachrichten\/?s={search_term_string}"},"query-input":{"@type":"PropertyValueSpecification","valueRequired":true,"valueName":"search_term_string"}}],"inLanguage":"de"},{"@type":"Organization","@id":"https:\/\/www.strassenweb.de\/nachrichten\/#organization","name":"Stra\u00dfenweb","url":"https:\/\/www.strassenweb.de\/nachrichten\/","logo":{"@type":"ImageObject","inLanguage":"de","@id":"https:\/\/www.strassenweb.de\/nachrichten\/#\/schema\/logo\/image\/","url":"https:\/\/www.strassenweb.de\/nachrichten\/wp-content\/uploads\/2024\/09\/cropped-favicon.png","contentUrl":"https:\/\/www.strassenweb.de\/nachrichten\/wp-content\/uploads\/2024\/09\/cropped-favicon.png","width":512,"height":512,"caption":"Stra\u00dfenweb"},"image":{"@id":"https:\/\/www.strassenweb.de\/nachrichten\/#\/schema\/logo\/image\/"},"sameAs":["https:\/\/www.facebook.com\/strassenweb\/"]},{"@type":"Person","@id":"https:\/\/www.strassenweb.de\/nachrichten\/#\/schema\/person\/87c9c9067f1211da429a744dc5a5aa41","name":"Robert Hoffmann","image":{"@type":"ImageObject","inLanguage":"de","@id":"https:\/\/www.strassenweb.de\/nachrichten\/wp-content\/uploads\/2024\/09\/strassenweb-150x150.jpg","url":"https:\/\/www.strassenweb.de\/nachrichten\/wp-content\/uploads\/2024\/09\/strassenweb-150x150.jpg","contentUrl":"https:\/\/www.strassenweb.de\/nachrichten\/wp-content\/uploads\/2024\/09\/strassenweb-150x150.jpg","caption":"Robert Hoffmann"},"description":"Ich hei\u00dfe Robert Hoffmann und ich bin ein leidenschaftlicher Verfechter von \u00d6kologie und Biodiversit\u00e4t. Seit meiner Kindheit in den W\u00e4ldern Bayerns f\u00fchle ich mich mit der Natur verbunden und bin entschlossen, sie zu sch\u00fctzen. Heute widme ich mein Leben der Sensibilisierung anderer f\u00fcr die Bedeutung des Umweltschutzes f\u00fcr zuk\u00fcnftige Generationen.","sameAs":["https:\/\/www.strassenweb.de\/"]}]}},"_links":{"self":[{"href":"https:\/\/www.strassenweb.de\/nachrichten\/wp-json\/wp\/v2\/posts\/191","targetHints":{"allow":["GET"]}}],"collection":[{"href":"https:\/\/www.strassenweb.de\/nachrichten\/wp-json\/wp\/v2\/posts"}],"about":[{"href":"https:\/\/www.strassenweb.de\/nachrichten\/wp-json\/wp\/v2\/types\/post"}],"author":[{"embeddable":true,"href":"https:\/\/www.strassenweb.de\/nachrichten\/wp-json\/wp\/v2\/users\/1"}],"replies":[{"embeddable":true,"href":"https:\/\/www.strassenweb.de\/nachrichten\/wp-json\/wp\/v2\/comments?post=191"}],"version-history":[{"count":0,"href":"https:\/\/www.strassenweb.de\/nachrichten\/wp-json\/wp\/v2\/posts\/191\/revisions"}],"wp:featuredmedia":[{"embeddable":true,"href":"https:\/\/www.strassenweb.de\/nachrichten\/wp-json\/wp\/v2\/media\/192"}],"wp:attachment":[{"href":"https:\/\/www.strassenweb.de\/nachrichten\/wp-json\/wp\/v2\/media?parent=191"}],"wp:term":[{"taxonomy":"category","embeddable":true,"href":"https:\/\/www.strassenweb.de\/nachrichten\/wp-json\/wp\/v2\/categories?post=191"},{"taxonomy":"post_tag","embeddable":true,"href":"https:\/\/www.strassenweb.de\/nachrichten\/wp-json\/wp\/v2\/tags?post=191"}],"curies":[{"name":"wp","href":"https:\/\/api.w.org\/{rel}","templated":true}]}}