{"id":1909,"date":"2024-12-04T05:57:01","date_gmt":"2024-12-04T04:57:01","guid":{"rendered":"https:\/\/www.strassenweb.de\/nachrichten\/kris-jenner-setzt-in-ihrem-eingangsbereich-mit-einem-unerwarteten-motiv-ein-statement-experten-sagen-dass-ihr-maximalistischer-look-zeitlose-qualitaeten-hat\/"},"modified":"2024-12-04T05:57:01","modified_gmt":"2024-12-04T04:57:01","slug":"kris-jenner-setzt-in-ihrem-eingangsbereich-mit-einem-unerwarteten-motiv-ein-statement-experten-sagen-dass-ihr-maximalistischer-look-zeitlose-qualitaeten-hat","status":"publish","type":"post","link":"https:\/\/www.strassenweb.de\/nachrichten\/kris-jenner-setzt-in-ihrem-eingangsbereich-mit-einem-unerwarteten-motiv-ein-statement-experten-sagen-dass-ihr-maximalistischer-look-zeitlose-qualitaeten-hat\/","title":{"rendered":"Kris Jenner setzt in ihrem Eingangsbereich mit einem unerwarteten Motiv ein Statement \u2013 \u200b\u200bExperten sagen, dass ihr maximalistischer Look zeitlose Qualit\u00e4ten hat"},"content":{"rendered":"<p><\/p>\n<div id=\"article-body\" class=\"article__body \">\n<p>Einige von uns entscheiden sich daf\u00fcr, Tiere als geliebte Haustiere in ihr Zuhause aufzunehmen; andere entscheiden sich daf\u00fcr, wilden Tieren mit Drucken und Skulpturen zu huldigen. Unabh\u00e4ngig davon kann man mit Sicherheit sagen, dass Tiermotive im Zuhause erhalten bleiben werden.<\/p>\n<div id=\"ad-unit-1\" class=\"ad-unit\"><\/div>\n<p>Kris Jenners Variante des Tiermotivs setzt in ihrem Eingangsbereich ein Statement mit einem gro\u00dfen, wei\u00dfen Tisch mit un\u00fcbersehbaren L\u00f6wenfigurenbeinen. Es verleiht dem neutralen Raum, zu dem eine schwarz-wei\u00dfe Wendeltreppe sowie eine gro\u00dfe Pflanze in einer komplizierten blau-wei\u00dfen Vase geh\u00f6ren, Struktur und visuelles Interesse.<\/p>\n<aside class=\"hawk-nest\" data-block-type=\"embed\" data-render-type=\"fte\" data-skip=\"dealsy\" data-widget-type=\"seasonal\">\n<div class=\"hawk-master-widget-hawk-base-wrapper\"><\/div>\n<\/aside>\n<p>Tierdrucke und -motive k\u00f6nnen sicherlich eine mutige Designentscheidung sein, aber Experten sind sich einig, dass sie nie aus der Mode kommt und \u00fcberraschend vielseitig ist.<\/p>\n<div id=\"desktop-in-article\" class=\"in-article ad-unit\">\n<div id=\"desktop-taboola-mid-article\"><\/div>\n<\/div>\n<div id=\"mobile-in-article\" class=\"in-article ad-unit\">\n<div id=\"mobile-taboola-mid-article\"><\/div>\n<\/div>\n<div class=\"instagram-embed\">\n<blockquote class=\"instagram-media\" data-instgrm-captioned data-instgrm-version=\"6\" style=\"width:99.375%; width:-webkit-calc(100% - 2px); width:calc(100% - 2px);\">\n<p>Ein von Kris Jenner (@krisjenner) geteilter Beitrag<\/p>\n<p>Ein Foto gepostet von am <\/p>\n<\/blockquote>\n<\/div>\n<h2 id=\"shop-the-animal-print-edit-3\">Kaufen Sie die Auswahl mit Tiermotiven<\/h2>\n<div class=\"product-container hero-product-container product-block-no-wrap\"><\/div>\n<p>Ob durch ein Sofa mit Leopardenmuster oder eine Tapete mit einer Dschungelszene \u2013 Tierbilder sind eine spielerische M\u00f6glichkeit, maximalistisches Dekor zu erschlie\u00dfen.<\/p>\n<div class=\"van_vid_carousel\">\n<div class=\"van_vid_carousel__padding\">\n<div class=\"van_vid_carousel__container\"><\/div>\n<\/div>\n<\/div>\n<p>\u201eTiermotive verleihen Innenr\u00e4umen einen unbestreitbaren Charme und verbinden je nach Verwendungszweck Launenhaftigkeit, Raffinesse oder sogar Dramatik\u201c, sagt Designerin Nina Lichtenstein. \u201eVon kr\u00e4ftigen Tiermotiven bis hin zu zartem Dekor mit Tiermotiven haben sich diese Elemente als zeitlos erwiesen und sich gleichzeitig weiterentwickelt, um dem zeitgen\u00f6ssischen Geschmack gerecht zu werden.\u201c Aber wie kann man sie effektiv integrieren?<\/p>\n<div id=\"ad-unit-2\" class=\"ad-unit\"><\/div>\n<p>F\u00fcr einen kleinen, aber ausreichenden Einstieg empfiehlt Lichtenstein, mit Akzentst\u00fccken zu beginnen.<\/p>\n<p>\u201eVerwenden Sie Dekokissen, Teppiche oder Kunstwerke, um Tiermotive auf subtile Weise einzuf\u00fchren\u201c, schl\u00e4gt sie vor. \u201eEin Kissen mit Zebramuster oder eine gerahmte Flamingo-Illustration k\u00f6nnen Pers\u00f6nlichkeit verleihen, ohne den Raum zu \u00fcberfordern.\u201c<\/p>\n<div id=\"slice-container-newsletterForm-articleInbodyContent-oPuJkCddnbmQpErHZJYkHN\" class=\"slice-container newsletter-inbodyContent-slice newsletterForm-articleInbodyContent-oPuJkCddnbmQpErHZJYkHN slice-container-newsletterForm\"><\/div>\n<p>Sie f\u00e4hrt fort: \u201eF\u00fcr einen mutigen Look sollten Sie M\u00f6bel mit tierischen Designs in Betracht ziehen, wie zum Beispiel eine Polsterung mit Leopardenmuster oder eine Bank mit Klauenf\u00fc\u00dfen.\u201c \u201eDiese St\u00fccke k\u00f6nnen zum Mittelpunkt eines Raumes werden.\u201c<\/p>\n<p>Ziehen Sie dar\u00fcber hinaus Tapeten und Figuren in Betracht, um eine allumfassende und szenische Mischung aus Tierdekor zu schaffen.<\/p>\n<p>\u201eTapeten oder Vorh\u00e4nge mit Tiermuster k\u00f6nnen einem Raum Leben und Struktur verleihen\u201c, erkl\u00e4rt Lichtenstein. \u201eEntscheiden Sie sich f\u00fcr weichere, einfarbige Drucke f\u00fcr einen anspruchsvollen Ansatz oder lebendige Designs f\u00fcr eine verspielte Note.\u201c Auch kleine Tiere oder Skulpturen aus Keramik k\u00f6nnen Regalen oder Kaminsimsen Charme verleihen. \u201eDiese eignen sich hervorragend f\u00fcr kuratierte Vignetten, die Ihre Pers\u00f6nlichkeit widerspiegeln.\u201c<\/p>\n<figure class=\"van-image-figure inline-layout \" data-bordeaux-image-check>\n<div class=\"image-full-width-wrapper\">\n<div class=\"image-widthsetter\" style=\"max-width:2000px;\"><\/div>\n<\/div>\n<\/figure>\n<p>Lichtenstein sagt, dass die Wahl des Tiersymbols v\u00f6llig pers\u00f6nlich ist; Einige Heftklammern passen jedoch in bestimmte Designschemata.<\/p>\n<p>\u201eTiermotive faszinieren weiterhin sowohl Designer als auch Hausbesitzer\u201c, sagt sie. \u201eW\u00e4hrend Leoparden-, Zebra- und Gepardendrucke Dauerbrenner bleiben, umfassen neuere Trends auch exotische Tiere.\u201c Flamingos, Tiger und Pfauen tauchen in der Dekoration auf, insbesondere in tropischen und b\u00f6hmischen Themen. Da Nachhaltigkeit und biophiles Design zunehmend an Bedeutung gewinnen, sind Tiermotive, die an nat\u00fcrliche Umgebungen gebunden sind (z. B. V\u00f6gel, Bienen und Schmetterlinge), beliebter denn je.\u201c<\/p>\n<p>Versuchen Sie f\u00fcr einen modernen, zeitgem\u00e4\u00dfen Ansatz bei der Dekoration mit Tiermotiven, abstrakte Kunstwerke mit subtilen Tierdarstellungen in Ihr Zuhause zu integrieren.<\/p>\n<hr>\n<\/div>\n<p><script async src=\"\/\/www.instagram.com\/embed.js\"><\/script><\/p>\n","protected":false},"excerpt":{"rendered":"<p>Einige von uns entscheiden sich daf\u00fcr, Tiere als geliebte Haustiere in ihr Zuhause aufzunehmen; andere entscheiden sich daf\u00fcr, wilden Tieren mit Drucken und Skulpturen zu<\/p>\n","protected":false},"author":1,"featured_media":1756,"comment_status":"closed","ping_status":"","sticky":false,"template":"","format":"standard","meta":{"footnotes":""},"categories":[118],"tags":[51,43,22,214,667,189,170,534,2927,2926,3411,146,3410,219,284,2018,1250,2495,3412],"class_list":["post-1909","post","type-post","status-publish","format-standard","has-post-thumbnail","hentry","category-haus-garten","tag-dass","tag-ein","tag-einem","tag-eingangsbereich","tag-experten","tag-hat","tag-ihr","tag-ihrem","tag-jenner","tag-kris","tag-maximalistischer","tag-mit","tag-motiv","tag-qualitaeten","tag-sagen","tag-setzt","tag-statement","tag-unerwarteten","tag-zeitlose","generate-columns","tablet-grid-50","mobile-grid-100","grid-parent","grid-50"],"yoast_head":"<!-- This site is optimized with the Yoast SEO plugin v27.3 - https:\/\/yoast.com\/product\/yoast-seo-wordpress\/ -->\n<title>Kris Jenner setzt in ihrem Eingangsbereich mit einem unerwarteten Motiv ein Statement \u2013 \u200b\u200bExperten sagen, dass ihr maximalistischer Look zeitlose Qualit\u00e4ten hat - Nachrichten - Stra\u00dfenweb<\/title>\n<meta name=\"robots\" content=\"index, follow, max-snippet:-1, max-image-preview:large, max-video-preview:-1\" \/>\n<link rel=\"canonical\" href=\"https:\/\/www.strassenweb.de\/nachrichten\/kris-jenner-setzt-in-ihrem-eingangsbereich-mit-einem-unerwarteten-motiv-ein-statement-experten-sagen-dass-ihr-maximalistischer-look-zeitlose-qualitaeten-hat\/\" \/>\n<meta property=\"og:locale\" content=\"de_DE\" \/>\n<meta property=\"og:type\" content=\"article\" \/>\n<meta property=\"og:title\" content=\"Kris Jenner setzt in ihrem Eingangsbereich mit einem unerwarteten Motiv ein Statement \u2013 \u200b\u200bExperten sagen, dass ihr maximalistischer Look zeitlose Qualit\u00e4ten hat - Nachrichten - Stra\u00dfenweb\" \/>\n<meta property=\"og:description\" content=\"Einige von uns entscheiden sich daf\u00fcr, Tiere als geliebte Haustiere in ihr Zuhause aufzunehmen; andere entscheiden sich daf\u00fcr, wilden Tieren mit Drucken und Skulpturen zu\" \/>\n<meta property=\"og:url\" content=\"https:\/\/www.strassenweb.de\/nachrichten\/kris-jenner-setzt-in-ihrem-eingangsbereich-mit-einem-unerwarteten-motiv-ein-statement-experten-sagen-dass-ihr-maximalistischer-look-zeitlose-qualitaeten-hat\/\" \/>\n<meta property=\"og:site_name\" content=\"Stra\u00dfenweb\" \/>\n<meta property=\"article:publisher\" content=\"https:\/\/www.facebook.com\/strassenweb\/\" \/>\n<meta property=\"article:published_time\" content=\"2024-12-04T04:57:01+00:00\" \/>\n<meta property=\"og:image\" content=\"https:\/\/www.strassenweb.de\/nachrichten\/wp-content\/uploads\/2024\/11\/Kris-Jenner-nutzt-diese-kultige-Eismaschine-fuer-ihre-Gaeste-\u2013.jpg\" \/>\n\t<meta property=\"og:image:width\" content=\"1200\" \/>\n\t<meta property=\"og:image:height\" content=\"675\" \/>\n\t<meta property=\"og:image:type\" content=\"image\/jpeg\" \/>\n<meta name=\"author\" content=\"Robert Hoffmann\" \/>\n<meta name=\"twitter:card\" content=\"summary_large_image\" \/>\n<meta name=\"twitter:label1\" content=\"Verfasst von\" \/>\n\t<meta name=\"twitter:data1\" content=\"Robert Hoffmann\" \/>\n\t<meta name=\"twitter:label2\" content=\"Gesch\u00e4tzte Lesezeit\" \/>\n\t<meta name=\"twitter:data2\" content=\"3\u00a0Minuten\" \/>\n<script type=\"application\/ld+json\" class=\"yoast-schema-graph\">{\"@context\":\"https:\\\/\\\/schema.org\",\"@graph\":[{\"@type\":\"Article\",\"@id\":\"https:\\\/\\\/www.strassenweb.de\\\/nachrichten\\\/kris-jenner-setzt-in-ihrem-eingangsbereich-mit-einem-unerwarteten-motiv-ein-statement-experten-sagen-dass-ihr-maximalistischer-look-zeitlose-qualitaeten-hat\\\/#article\",\"isPartOf\":{\"@id\":\"https:\\\/\\\/www.strassenweb.de\\\/nachrichten\\\/kris-jenner-setzt-in-ihrem-eingangsbereich-mit-einem-unerwarteten-motiv-ein-statement-experten-sagen-dass-ihr-maximalistischer-look-zeitlose-qualitaeten-hat\\\/\"},\"author\":{\"name\":\"Robert Hoffmann\",\"@id\":\"https:\\\/\\\/www.strassenweb.de\\\/nachrichten\\\/#\\\/schema\\\/person\\\/87c9c9067f1211da429a744dc5a5aa41\"},\"headline\":\"Kris Jenner setzt in ihrem Eingangsbereich mit einem unerwarteten Motiv ein Statement \u2013 \u200b\u200bExperten sagen, dass ihr maximalistischer Look zeitlose Qualit\u00e4ten hat\",\"datePublished\":\"2024-12-04T04:57:01+00:00\",\"mainEntityOfPage\":{\"@id\":\"https:\\\/\\\/www.strassenweb.de\\\/nachrichten\\\/kris-jenner-setzt-in-ihrem-eingangsbereich-mit-einem-unerwarteten-motiv-ein-statement-experten-sagen-dass-ihr-maximalistischer-look-zeitlose-qualitaeten-hat\\\/\"},\"wordCount\":528,\"publisher\":{\"@id\":\"https:\\\/\\\/www.strassenweb.de\\\/nachrichten\\\/#organization\"},\"image\":{\"@id\":\"https:\\\/\\\/www.strassenweb.de\\\/nachrichten\\\/kris-jenner-setzt-in-ihrem-eingangsbereich-mit-einem-unerwarteten-motiv-ein-statement-experten-sagen-dass-ihr-maximalistischer-look-zeitlose-qualitaeten-hat\\\/#primaryimage\"},\"thumbnailUrl\":\"https:\\\/\\\/www.strassenweb.de\\\/nachrichten\\\/wp-content\\\/uploads\\\/2024\\\/11\\\/Kris-Jenner-nutzt-diese-kultige-Eismaschine-fuer-ihre-Gaeste-\u2013.jpg\",\"keywords\":[\"dass\",\"ein\",\"einem\",\"Eingangsbereich\",\"Experten\",\"hat\",\"Ihr\",\"ihrem\",\"Jenner\",\"Kris\",\"maximalistischer\",\"mit\",\"Motiv\",\"Qualit\u00e4ten\",\"sagen\",\"setzt\",\"Statement\",\"unerwarteten\",\"zeitlose\"],\"articleSection\":[\"Haus &amp; Garten\"],\"inLanguage\":\"de\"},{\"@type\":\"WebPage\",\"@id\":\"https:\\\/\\\/www.strassenweb.de\\\/nachrichten\\\/kris-jenner-setzt-in-ihrem-eingangsbereich-mit-einem-unerwarteten-motiv-ein-statement-experten-sagen-dass-ihr-maximalistischer-look-zeitlose-qualitaeten-hat\\\/\",\"url\":\"https:\\\/\\\/www.strassenweb.de\\\/nachrichten\\\/kris-jenner-setzt-in-ihrem-eingangsbereich-mit-einem-unerwarteten-motiv-ein-statement-experten-sagen-dass-ihr-maximalistischer-look-zeitlose-qualitaeten-hat\\\/\",\"name\":\"Kris Jenner setzt in ihrem Eingangsbereich mit einem unerwarteten Motiv ein Statement \u2013 \u200b\u200bExperten sagen, dass ihr maximalistischer Look zeitlose Qualit\u00e4ten hat - Nachrichten - Stra\u00dfenweb\",\"isPartOf\":{\"@id\":\"https:\\\/\\\/www.strassenweb.de\\\/nachrichten\\\/#website\"},\"primaryImageOfPage\":{\"@id\":\"https:\\\/\\\/www.strassenweb.de\\\/nachrichten\\\/kris-jenner-setzt-in-ihrem-eingangsbereich-mit-einem-unerwarteten-motiv-ein-statement-experten-sagen-dass-ihr-maximalistischer-look-zeitlose-qualitaeten-hat\\\/#primaryimage\"},\"image\":{\"@id\":\"https:\\\/\\\/www.strassenweb.de\\\/nachrichten\\\/kris-jenner-setzt-in-ihrem-eingangsbereich-mit-einem-unerwarteten-motiv-ein-statement-experten-sagen-dass-ihr-maximalistischer-look-zeitlose-qualitaeten-hat\\\/#primaryimage\"},\"thumbnailUrl\":\"https:\\\/\\\/www.strassenweb.de\\\/nachrichten\\\/wp-content\\\/uploads\\\/2024\\\/11\\\/Kris-Jenner-nutzt-diese-kultige-Eismaschine-fuer-ihre-Gaeste-\u2013.jpg\",\"datePublished\":\"2024-12-04T04:57:01+00:00\",\"breadcrumb\":{\"@id\":\"https:\\\/\\\/www.strassenweb.de\\\/nachrichten\\\/kris-jenner-setzt-in-ihrem-eingangsbereich-mit-einem-unerwarteten-motiv-ein-statement-experten-sagen-dass-ihr-maximalistischer-look-zeitlose-qualitaeten-hat\\\/#breadcrumb\"},\"inLanguage\":\"de\",\"potentialAction\":[{\"@type\":\"ReadAction\",\"target\":[\"https:\\\/\\\/www.strassenweb.de\\\/nachrichten\\\/kris-jenner-setzt-in-ihrem-eingangsbereich-mit-einem-unerwarteten-motiv-ein-statement-experten-sagen-dass-ihr-maximalistischer-look-zeitlose-qualitaeten-hat\\\/\"]}]},{\"@type\":\"ImageObject\",\"inLanguage\":\"de\",\"@id\":\"https:\\\/\\\/www.strassenweb.de\\\/nachrichten\\\/kris-jenner-setzt-in-ihrem-eingangsbereich-mit-einem-unerwarteten-motiv-ein-statement-experten-sagen-dass-ihr-maximalistischer-look-zeitlose-qualitaeten-hat\\\/#primaryimage\",\"url\":\"https:\\\/\\\/www.strassenweb.de\\\/nachrichten\\\/wp-content\\\/uploads\\\/2024\\\/11\\\/Kris-Jenner-nutzt-diese-kultige-Eismaschine-fuer-ihre-Gaeste-\u2013.jpg\",\"contentUrl\":\"https:\\\/\\\/www.strassenweb.de\\\/nachrichten\\\/wp-content\\\/uploads\\\/2024\\\/11\\\/Kris-Jenner-nutzt-diese-kultige-Eismaschine-fuer-ihre-Gaeste-\u2013.jpg\",\"width\":1200,\"height\":675,\"caption\":\"Kris Jenner nutzt diese kultige Eismaschine f\u00fcr ihre G\u00e4ste \u2013 sie ist derzeit zu einem der niedrigsten Preise erh\u00e4ltlich, die wir je gesehen haben\"},{\"@type\":\"BreadcrumbList\",\"@id\":\"https:\\\/\\\/www.strassenweb.de\\\/nachrichten\\\/kris-jenner-setzt-in-ihrem-eingangsbereich-mit-einem-unerwarteten-motiv-ein-statement-experten-sagen-dass-ihr-maximalistischer-look-zeitlose-qualitaeten-hat\\\/#breadcrumb\",\"itemListElement\":[{\"@type\":\"ListItem\",\"position\":1,\"name\":\"Home\",\"item\":\"https:\\\/\\\/www.strassenweb.de\\\/nachrichten\\\/\"},{\"@type\":\"ListItem\",\"position\":2,\"name\":\"Kris Jenner setzt in ihrem Eingangsbereich mit einem unerwarteten Motiv ein Statement \u2013 \u200b\u200bExperten sagen, dass ihr maximalistischer Look zeitlose Qualit\u00e4ten hat\"}]},{\"@type\":\"WebSite\",\"@id\":\"https:\\\/\\\/www.strassenweb.de\\\/nachrichten\\\/#website\",\"url\":\"https:\\\/\\\/www.strassenweb.de\\\/nachrichten\\\/\",\"name\":\"Stra\u00dfenweb\",\"description\":\"Stra\u00dfenverzeichnis f\u00fcr Deutschland\",\"publisher\":{\"@id\":\"https:\\\/\\\/www.strassenweb.de\\\/nachrichten\\\/#organization\"},\"potentialAction\":[{\"@type\":\"SearchAction\",\"target\":{\"@type\":\"EntryPoint\",\"urlTemplate\":\"https:\\\/\\\/www.strassenweb.de\\\/nachrichten\\\/?s={search_term_string}\"},\"query-input\":{\"@type\":\"PropertyValueSpecification\",\"valueRequired\":true,\"valueName\":\"search_term_string\"}}],\"inLanguage\":\"de\"},{\"@type\":\"Organization\",\"@id\":\"https:\\\/\\\/www.strassenweb.de\\\/nachrichten\\\/#organization\",\"name\":\"Stra\u00dfenweb\",\"url\":\"https:\\\/\\\/www.strassenweb.de\\\/nachrichten\\\/\",\"logo\":{\"@type\":\"ImageObject\",\"inLanguage\":\"de\",\"@id\":\"https:\\\/\\\/www.strassenweb.de\\\/nachrichten\\\/#\\\/schema\\\/logo\\\/image\\\/\",\"url\":\"https:\\\/\\\/www.strassenweb.de\\\/nachrichten\\\/wp-content\\\/uploads\\\/2024\\\/09\\\/cropped-favicon.png\",\"contentUrl\":\"https:\\\/\\\/www.strassenweb.de\\\/nachrichten\\\/wp-content\\\/uploads\\\/2024\\\/09\\\/cropped-favicon.png\",\"width\":512,\"height\":512,\"caption\":\"Stra\u00dfenweb\"},\"image\":{\"@id\":\"https:\\\/\\\/www.strassenweb.de\\\/nachrichten\\\/#\\\/schema\\\/logo\\\/image\\\/\"},\"sameAs\":[\"https:\\\/\\\/www.facebook.com\\\/strassenweb\\\/\"]},{\"@type\":\"Person\",\"@id\":\"https:\\\/\\\/www.strassenweb.de\\\/nachrichten\\\/#\\\/schema\\\/person\\\/87c9c9067f1211da429a744dc5a5aa41\",\"name\":\"Robert Hoffmann\",\"image\":{\"@type\":\"ImageObject\",\"inLanguage\":\"de\",\"@id\":\"https:\\\/\\\/www.strassenweb.de\\\/nachrichten\\\/wp-content\\\/uploads\\\/2024\\\/09\\\/strassenweb-150x150.jpg\",\"url\":\"https:\\\/\\\/www.strassenweb.de\\\/nachrichten\\\/wp-content\\\/uploads\\\/2024\\\/09\\\/strassenweb-150x150.jpg\",\"contentUrl\":\"https:\\\/\\\/www.strassenweb.de\\\/nachrichten\\\/wp-content\\\/uploads\\\/2024\\\/09\\\/strassenweb-150x150.jpg\",\"caption\":\"Robert Hoffmann\"},\"description\":\"Ich hei\u00dfe Robert Hoffmann und ich bin ein leidenschaftlicher Verfechter von \u00d6kologie und Biodiversit\u00e4t. Seit meiner Kindheit in den W\u00e4ldern Bayerns f\u00fchle ich mich mit der Natur verbunden und bin entschlossen, sie zu sch\u00fctzen. Heute widme ich mein Leben der Sensibilisierung anderer f\u00fcr die Bedeutung des Umweltschutzes f\u00fcr zuk\u00fcnftige Generationen.\",\"sameAs\":[\"https:\\\/\\\/www.strassenweb.de\\\/\"]}]}<\/script>\n<!-- \/ Yoast SEO plugin. -->","yoast_head_json":{"title":"Kris Jenner setzt in ihrem Eingangsbereich mit einem unerwarteten Motiv ein Statement \u2013 \u200b\u200bExperten sagen, dass ihr maximalistischer Look zeitlose Qualit\u00e4ten hat - Nachrichten - Stra\u00dfenweb","robots":{"index":"index","follow":"follow","max-snippet":"max-snippet:-1","max-image-preview":"max-image-preview:large","max-video-preview":"max-video-preview:-1"},"canonical":"https:\/\/www.strassenweb.de\/nachrichten\/kris-jenner-setzt-in-ihrem-eingangsbereich-mit-einem-unerwarteten-motiv-ein-statement-experten-sagen-dass-ihr-maximalistischer-look-zeitlose-qualitaeten-hat\/","og_locale":"de_DE","og_type":"article","og_title":"Kris Jenner setzt in ihrem Eingangsbereich mit einem unerwarteten Motiv ein Statement \u2013 \u200b\u200bExperten sagen, dass ihr maximalistischer Look zeitlose Qualit\u00e4ten hat - Nachrichten - Stra\u00dfenweb","og_description":"Einige von uns entscheiden sich daf\u00fcr, Tiere als geliebte Haustiere in ihr Zuhause aufzunehmen; andere entscheiden sich daf\u00fcr, wilden Tieren mit Drucken und Skulpturen zu","og_url":"https:\/\/www.strassenweb.de\/nachrichten\/kris-jenner-setzt-in-ihrem-eingangsbereich-mit-einem-unerwarteten-motiv-ein-statement-experten-sagen-dass-ihr-maximalistischer-look-zeitlose-qualitaeten-hat\/","og_site_name":"Stra\u00dfenweb","article_publisher":"https:\/\/www.facebook.com\/strassenweb\/","article_published_time":"2024-12-04T04:57:01+00:00","og_image":[{"width":1200,"height":675,"url":"https:\/\/www.strassenweb.de\/nachrichten\/wp-content\/uploads\/2024\/11\/Kris-Jenner-nutzt-diese-kultige-Eismaschine-fuer-ihre-Gaeste-\u2013.jpg","type":"image\/jpeg"}],"author":"Robert Hoffmann","twitter_card":"summary_large_image","twitter_misc":{"Verfasst von":"Robert Hoffmann","Gesch\u00e4tzte Lesezeit":"3\u00a0Minuten"},"schema":{"@context":"https:\/\/schema.org","@graph":[{"@type":"Article","@id":"https:\/\/www.strassenweb.de\/nachrichten\/kris-jenner-setzt-in-ihrem-eingangsbereich-mit-einem-unerwarteten-motiv-ein-statement-experten-sagen-dass-ihr-maximalistischer-look-zeitlose-qualitaeten-hat\/#article","isPartOf":{"@id":"https:\/\/www.strassenweb.de\/nachrichten\/kris-jenner-setzt-in-ihrem-eingangsbereich-mit-einem-unerwarteten-motiv-ein-statement-experten-sagen-dass-ihr-maximalistischer-look-zeitlose-qualitaeten-hat\/"},"author":{"name":"Robert Hoffmann","@id":"https:\/\/www.strassenweb.de\/nachrichten\/#\/schema\/person\/87c9c9067f1211da429a744dc5a5aa41"},"headline":"Kris Jenner setzt in ihrem Eingangsbereich mit einem unerwarteten Motiv ein Statement \u2013 \u200b\u200bExperten sagen, dass ihr maximalistischer Look zeitlose Qualit\u00e4ten hat","datePublished":"2024-12-04T04:57:01+00:00","mainEntityOfPage":{"@id":"https:\/\/www.strassenweb.de\/nachrichten\/kris-jenner-setzt-in-ihrem-eingangsbereich-mit-einem-unerwarteten-motiv-ein-statement-experten-sagen-dass-ihr-maximalistischer-look-zeitlose-qualitaeten-hat\/"},"wordCount":528,"publisher":{"@id":"https:\/\/www.strassenweb.de\/nachrichten\/#organization"},"image":{"@id":"https:\/\/www.strassenweb.de\/nachrichten\/kris-jenner-setzt-in-ihrem-eingangsbereich-mit-einem-unerwarteten-motiv-ein-statement-experten-sagen-dass-ihr-maximalistischer-look-zeitlose-qualitaeten-hat\/#primaryimage"},"thumbnailUrl":"https:\/\/www.strassenweb.de\/nachrichten\/wp-content\/uploads\/2024\/11\/Kris-Jenner-nutzt-diese-kultige-Eismaschine-fuer-ihre-Gaeste-\u2013.jpg","keywords":["dass","ein","einem","Eingangsbereich","Experten","hat","Ihr","ihrem","Jenner","Kris","maximalistischer","mit","Motiv","Qualit\u00e4ten","sagen","setzt","Statement","unerwarteten","zeitlose"],"articleSection":["Haus &amp; Garten"],"inLanguage":"de"},{"@type":"WebPage","@id":"https:\/\/www.strassenweb.de\/nachrichten\/kris-jenner-setzt-in-ihrem-eingangsbereich-mit-einem-unerwarteten-motiv-ein-statement-experten-sagen-dass-ihr-maximalistischer-look-zeitlose-qualitaeten-hat\/","url":"https:\/\/www.strassenweb.de\/nachrichten\/kris-jenner-setzt-in-ihrem-eingangsbereich-mit-einem-unerwarteten-motiv-ein-statement-experten-sagen-dass-ihr-maximalistischer-look-zeitlose-qualitaeten-hat\/","name":"Kris Jenner setzt in ihrem Eingangsbereich mit einem unerwarteten Motiv ein Statement \u2013 \u200b\u200bExperten sagen, dass ihr maximalistischer Look zeitlose Qualit\u00e4ten hat - Nachrichten - Stra\u00dfenweb","isPartOf":{"@id":"https:\/\/www.strassenweb.de\/nachrichten\/#website"},"primaryImageOfPage":{"@id":"https:\/\/www.strassenweb.de\/nachrichten\/kris-jenner-setzt-in-ihrem-eingangsbereich-mit-einem-unerwarteten-motiv-ein-statement-experten-sagen-dass-ihr-maximalistischer-look-zeitlose-qualitaeten-hat\/#primaryimage"},"image":{"@id":"https:\/\/www.strassenweb.de\/nachrichten\/kris-jenner-setzt-in-ihrem-eingangsbereich-mit-einem-unerwarteten-motiv-ein-statement-experten-sagen-dass-ihr-maximalistischer-look-zeitlose-qualitaeten-hat\/#primaryimage"},"thumbnailUrl":"https:\/\/www.strassenweb.de\/nachrichten\/wp-content\/uploads\/2024\/11\/Kris-Jenner-nutzt-diese-kultige-Eismaschine-fuer-ihre-Gaeste-\u2013.jpg","datePublished":"2024-12-04T04:57:01+00:00","breadcrumb":{"@id":"https:\/\/www.strassenweb.de\/nachrichten\/kris-jenner-setzt-in-ihrem-eingangsbereich-mit-einem-unerwarteten-motiv-ein-statement-experten-sagen-dass-ihr-maximalistischer-look-zeitlose-qualitaeten-hat\/#breadcrumb"},"inLanguage":"de","potentialAction":[{"@type":"ReadAction","target":["https:\/\/www.strassenweb.de\/nachrichten\/kris-jenner-setzt-in-ihrem-eingangsbereich-mit-einem-unerwarteten-motiv-ein-statement-experten-sagen-dass-ihr-maximalistischer-look-zeitlose-qualitaeten-hat\/"]}]},{"@type":"ImageObject","inLanguage":"de","@id":"https:\/\/www.strassenweb.de\/nachrichten\/kris-jenner-setzt-in-ihrem-eingangsbereich-mit-einem-unerwarteten-motiv-ein-statement-experten-sagen-dass-ihr-maximalistischer-look-zeitlose-qualitaeten-hat\/#primaryimage","url":"https:\/\/www.strassenweb.de\/nachrichten\/wp-content\/uploads\/2024\/11\/Kris-Jenner-nutzt-diese-kultige-Eismaschine-fuer-ihre-Gaeste-\u2013.jpg","contentUrl":"https:\/\/www.strassenweb.de\/nachrichten\/wp-content\/uploads\/2024\/11\/Kris-Jenner-nutzt-diese-kultige-Eismaschine-fuer-ihre-Gaeste-\u2013.jpg","width":1200,"height":675,"caption":"Kris Jenner nutzt diese kultige Eismaschine f\u00fcr ihre G\u00e4ste \u2013 sie ist derzeit zu einem der niedrigsten Preise erh\u00e4ltlich, die wir je gesehen haben"},{"@type":"BreadcrumbList","@id":"https:\/\/www.strassenweb.de\/nachrichten\/kris-jenner-setzt-in-ihrem-eingangsbereich-mit-einem-unerwarteten-motiv-ein-statement-experten-sagen-dass-ihr-maximalistischer-look-zeitlose-qualitaeten-hat\/#breadcrumb","itemListElement":[{"@type":"ListItem","position":1,"name":"Home","item":"https:\/\/www.strassenweb.de\/nachrichten\/"},{"@type":"ListItem","position":2,"name":"Kris Jenner setzt in ihrem Eingangsbereich mit einem unerwarteten Motiv ein Statement \u2013 \u200b\u200bExperten sagen, dass ihr maximalistischer Look zeitlose Qualit\u00e4ten hat"}]},{"@type":"WebSite","@id":"https:\/\/www.strassenweb.de\/nachrichten\/#website","url":"https:\/\/www.strassenweb.de\/nachrichten\/","name":"Stra\u00dfenweb","description":"Stra\u00dfenverzeichnis f\u00fcr Deutschland","publisher":{"@id":"https:\/\/www.strassenweb.de\/nachrichten\/#organization"},"potentialAction":[{"@type":"SearchAction","target":{"@type":"EntryPoint","urlTemplate":"https:\/\/www.strassenweb.de\/nachrichten\/?s={search_term_string}"},"query-input":{"@type":"PropertyValueSpecification","valueRequired":true,"valueName":"search_term_string"}}],"inLanguage":"de"},{"@type":"Organization","@id":"https:\/\/www.strassenweb.de\/nachrichten\/#organization","name":"Stra\u00dfenweb","url":"https:\/\/www.strassenweb.de\/nachrichten\/","logo":{"@type":"ImageObject","inLanguage":"de","@id":"https:\/\/www.strassenweb.de\/nachrichten\/#\/schema\/logo\/image\/","url":"https:\/\/www.strassenweb.de\/nachrichten\/wp-content\/uploads\/2024\/09\/cropped-favicon.png","contentUrl":"https:\/\/www.strassenweb.de\/nachrichten\/wp-content\/uploads\/2024\/09\/cropped-favicon.png","width":512,"height":512,"caption":"Stra\u00dfenweb"},"image":{"@id":"https:\/\/www.strassenweb.de\/nachrichten\/#\/schema\/logo\/image\/"},"sameAs":["https:\/\/www.facebook.com\/strassenweb\/"]},{"@type":"Person","@id":"https:\/\/www.strassenweb.de\/nachrichten\/#\/schema\/person\/87c9c9067f1211da429a744dc5a5aa41","name":"Robert Hoffmann","image":{"@type":"ImageObject","inLanguage":"de","@id":"https:\/\/www.strassenweb.de\/nachrichten\/wp-content\/uploads\/2024\/09\/strassenweb-150x150.jpg","url":"https:\/\/www.strassenweb.de\/nachrichten\/wp-content\/uploads\/2024\/09\/strassenweb-150x150.jpg","contentUrl":"https:\/\/www.strassenweb.de\/nachrichten\/wp-content\/uploads\/2024\/09\/strassenweb-150x150.jpg","caption":"Robert Hoffmann"},"description":"Ich hei\u00dfe Robert Hoffmann und ich bin ein leidenschaftlicher Verfechter von \u00d6kologie und Biodiversit\u00e4t. Seit meiner Kindheit in den W\u00e4ldern Bayerns f\u00fchle ich mich mit der Natur verbunden und bin entschlossen, sie zu sch\u00fctzen. Heute widme ich mein Leben der Sensibilisierung anderer f\u00fcr die Bedeutung des Umweltschutzes f\u00fcr zuk\u00fcnftige Generationen.","sameAs":["https:\/\/www.strassenweb.de\/"]}]}},"_links":{"self":[{"href":"https:\/\/www.strassenweb.de\/nachrichten\/wp-json\/wp\/v2\/posts\/1909","targetHints":{"allow":["GET"]}}],"collection":[{"href":"https:\/\/www.strassenweb.de\/nachrichten\/wp-json\/wp\/v2\/posts"}],"about":[{"href":"https:\/\/www.strassenweb.de\/nachrichten\/wp-json\/wp\/v2\/types\/post"}],"author":[{"embeddable":true,"href":"https:\/\/www.strassenweb.de\/nachrichten\/wp-json\/wp\/v2\/users\/1"}],"replies":[{"embeddable":true,"href":"https:\/\/www.strassenweb.de\/nachrichten\/wp-json\/wp\/v2\/comments?post=1909"}],"version-history":[{"count":0,"href":"https:\/\/www.strassenweb.de\/nachrichten\/wp-json\/wp\/v2\/posts\/1909\/revisions"}],"wp:featuredmedia":[{"embeddable":true,"href":"https:\/\/www.strassenweb.de\/nachrichten\/wp-json\/wp\/v2\/media\/1756"}],"wp:attachment":[{"href":"https:\/\/www.strassenweb.de\/nachrichten\/wp-json\/wp\/v2\/media?parent=1909"}],"wp:term":[{"taxonomy":"category","embeddable":true,"href":"https:\/\/www.strassenweb.de\/nachrichten\/wp-json\/wp\/v2\/categories?post=1909"},{"taxonomy":"post_tag","embeddable":true,"href":"https:\/\/www.strassenweb.de\/nachrichten\/wp-json\/wp\/v2\/tags?post=1909"}],"curies":[{"name":"wp","href":"https:\/\/api.w.org\/{rel}","templated":true}]}}