{"id":1906,"date":"2024-12-04T02:26:51","date_gmt":"2024-12-04T01:26:51","guid":{"rendered":"https:\/\/www.strassenweb.de\/nachrichten\/die-weihnachtsdekoration-des-weissen-hauses-orientiert-sich-an-der-ruhe-und-dem-licht-der-weihnachtszeit-und-der-baum-folgt-diesem-trend-fuer-2024\/"},"modified":"2024-12-04T02:26:53","modified_gmt":"2024-12-04T01:26:53","slug":"die-weihnachtsdekoration-des-weissen-hauses-orientiert-sich-an-der-ruhe-und-dem-licht-der-weihnachtszeit-und-der-baum-folgt-diesem-trend-fuer-2024","status":"publish","type":"post","link":"https:\/\/www.strassenweb.de\/nachrichten\/die-weihnachtsdekoration-des-weissen-hauses-orientiert-sich-an-der-ruhe-und-dem-licht-der-weihnachtszeit-und-der-baum-folgt-diesem-trend-fuer-2024\/","title":{"rendered":"Die Weihnachtsdekoration des Wei\u00dfen Hauses orientiert sich \u201ean der Ruhe und dem Licht der Weihnachtszeit\u201c \u2013 und der Baum folgt diesem Trend f\u00fcr 2024"},"content":{"rendered":"<p><\/p>\n<div id=\"article-body\" class=\"article__body \">\n<p>Pr\u00e4sident Joe Biden und First Lady Jill Biden haben das Wei\u00dfe Haus zum letzten Mal geschm\u00fcckt \u2013 und sie gehen in Hochform davon.<\/p>\n<div id=\"ad-unit-1\" class=\"ad-unit\"><\/div>\n<p>In diesem Jahr verfolgte das Paar das Thema \u201eFrieden und Licht\u201c \u2013 eine Ideologie, die die Designelemente f\u00fcr jeden Raum im Haus pr\u00e4gte. Komplett mit 83 Weihnachtsb\u00e4umen, 9.810 Fu\u00df Band, \u00fcber 28.125 Ornamenten, 2.200 Tauben und \u00fcber 165.075 Weihnachtslichtern \u2013 das Wei\u00dfe Haus weihnachtlich zu schm\u00fccken, ist keine leichte Aufgabe. Dank der Hilfe von 300 engagierten Freiwilligen hat sich die Arbeit jedoch gelohnt.<\/p>\n<p>\u201eDie Feiertage hatten schon immer einen besonderen Platz in unseren Herzen und wir haben es geliebt, die T\u00fcren des Volkshauses jedes Jahr weiter und weiter zu \u00f6ffnen und den Geist des guten Willens und der Dankbarkeit fortzusetzen.\u201c \u201eAmerikas Geschichte ist Ihre Geschichte, und wir hoffen, dass Sie sich hier zu Hause f\u00fchlen\u201c, teilten der Pr\u00e4sident und die First Lady in einem Begr\u00fc\u00dfungsschreiben zu Beginn des Gedenk-Ferienf\u00fchrers f\u00fcr das Wei\u00dfe Haus 2024 mit (\u00fcber das Wei\u00dfe Haus).<\/p>\n<div id=\"desktop-in-article\" class=\"in-article ad-unit\">\n<div id=\"desktop-taboola-mid-article\"><\/div>\n<\/div>\n<div id=\"mobile-in-article\" class=\"in-article ad-unit\">\n<div id=\"mobile-taboola-mid-article\"><\/div>\n<\/div>\n<figure class=\"van-image-figure inline-layout \" data-bordeaux-image-check>\n<div class=\"image-full-width-wrapper\">\n<div class=\"image-widthsetter\" style=\"max-width:2000px;\"><\/div>\n<\/div><figcaption class=\"inline-layout \">\n<div class=\"caption-text\">\n<p>Das Siegel des Pr\u00e4sidenten der Vereinigten Staaten h\u00e4ngt hoch \u00fcber der Weihnachtsdekoration in der Cross Hall.<\/p>\n<\/div>\n<\/figcaption><\/figure>\n<p>\u201eW\u00e4hrend wir hier im Wei\u00dfen Haus unsere letzten Feiertage feiern, lassen wir uns von den Werten leiten, die uns heilig sind: Glaube, Familie, Dienst an unserem Land, Freundlichkeit gegen\u00fcber unseren Nachbarn und die Kraft der Gemeinschaft und Verbundenheit\u201c, f\u00fcgen die Bidens hinzu . \u201eEs war die Ehre unseres Lebens, als Ihre Pr\u00e4sidentin und First Lady zu dienen.\u201c Wir hoffen, dass die Nation mit dem Frieden und dem Licht der Feiertage gesegnet wird. Wir w\u00fcnschen Ihnen frohe Weihnachten und sch\u00f6ne Feiertage.\u2018<\/p>\n<div class=\"van_vid_carousel\">\n<div class=\"van_vid_carousel__padding\">\n<div class=\"van_vid_carousel__container\"><\/div>\n<\/div>\n<\/div>\n<figure class=\"van-image-figure inline-layout \" data-bordeaux-image-check>\n<div class=\"image-full-width-wrapper\">\n<div class=\"image-widthsetter\" style=\"max-width:2000px;\"><\/div>\n<\/div>\n<\/figure>\n<figure class=\"van-image-figure inline-layout \" data-bordeaux-image-check>\n<div class=\"image-full-width-wrapper\">\n<div class=\"image-widthsetter\" style=\"max-width:2000px;\"><\/div>\n<\/div><figcaption class=\"inline-layout \">\n<div class=\"caption-text\">\n<p>Auf dem Kaminsims im Staatsspeisesaal sind Ornamente zu sehen.<\/p>\n<\/div>\n<\/figcaption><\/figure>\n<p>Es mag keine \u00dcberraschung sein, dass die Weihnachtsdekoration des Wei\u00dfen Hauses sowohl luxuri\u00f6s als auch maximalistisch ist \u2013 aber in all ihrer Regentschaft verf\u00fcgt sie \u00fcber pers\u00f6nliche Qualit\u00e4ten, die in jeder Art von Zuhause reproduziert werden k\u00f6nnen. Nichts verk\u00f6rpert dies so sehr wie der Weihnachtsbaum (oder besser gesagt einer der 83 verf\u00fcgbaren) im State Dining Room.<\/p>\n<div id=\"ad-unit-2\" class=\"ad-unit\"><\/div>\n<figure class=\"van-image-figure inline-layout \" data-bordeaux-image-check>\n<div class=\"image-full-width-wrapper\">\n<div class=\"image-widthsetter\" style=\"max-width:2000px;\"><\/div>\n<\/div><figcaption class=\"inline-layout \">\n<div class=\"caption-text\">\n<p>Weihnachtsbaum im Staatsspeisesaal<\/p>\n<\/div>\n<\/figcaption><\/figure>\n<p>In diesem Raum schm\u00fcckte Dr. Biden den Baum mit Ornamenten mit Selbstportr\u00e4ts von Studenten aus dem ganzen Land. Dadurch wurde sichergestellt, dass sich die Kinder in der diesj\u00e4hrigen Weihnachtsdekoration wiederfinden und gleichzeitig den pers\u00f6nlichen, handgefertigten Designtrend aufgreifen, der in diesem Jahr besonders beliebt ist. Es liegt jedoch nicht nur im Trend.<\/p>\n<p>Designexperten sagen, dass handgefertigte Ornamente (einschlie\u00dflich der sentimentalen St\u00fccke, die von Ihren Lieben hergestellt wurden) eine der schicksten Arten der Weihnachtsdekoration sind \u2013 und wenn sie f\u00fcr das Wei\u00dfe Haus gut genug ist, ist sie auch f\u00fcr uns gut genug.<\/p>\n<div id=\"slice-container-newsletterForm-articleInbodyContent-ZMJHW7sk42GMLPCdCQnuEd\" class=\"slice-container newsletter-inbodyContent-slice newsletterForm-articleInbodyContent-ZMJHW7sk42GMLPCdCQnuEd slice-container-newsletterForm\"><\/div>\n<figure class=\"van-image-figure inline-layout \" data-bordeaux-image-check>\n<div class=\"image-full-width-wrapper\">\n<div class=\"image-widthsetter\" style=\"max-width:2000px;\"><\/div>\n<\/div><figcaption class=\"inline-layout \">\n<div class=\"caption-text\">\n<p>Selbstportr\u00e4ts von Sch\u00fclern aus dem ganzen Land sorgen daf\u00fcr, dass sich Kinder in der diesj\u00e4hrigen Feiertagsausstellung im Staatsspeisesaal wiederfinden.<\/p>\n<\/div>\n<\/figcaption><\/figure>\n<figure class=\"van-image-figure inline-layout \" data-bordeaux-image-check>\n<div class=\"image-full-width-wrapper\">\n<div class=\"image-widthsetter\" style=\"max-width:2000px;\"><\/div>\n<\/div><figcaption class=\"inline-layout \">\n<div class=\"caption-text\">\n<p>Verzierungen sind im Roten Raum zu sehen, wo wei\u00dfe Papiertauben Friedensbotschaften \u00fcberbringen.<\/p>\n<\/div>\n<\/figcaption><\/figure>\n<p>\u201eF\u00fcgen Sie pers\u00f6nliche Akzente hinzu, die Ihre Weihnachtsdekoration zu etwas ganz Besonderem machen.\u201c Pr\u00e4sentieren Sie wertvolle Familienfotos, erstellen Sie einen personalisierten Adventskalender oder h\u00e4ngen Sie handgefertigte Ornamente an Ihren Baum. Es sind diese kleinen Details, die ein Zuhause zu etwas Besonderem und Einzigartigem machen\u201c, sagt Ola Jordan, Innenarchitekt bei EZ Living Furniture.<\/p>\n<p>\u201eIch ermutige meine Kunden immer, Elemente zu integrieren, die f\u00fcr sie von Bedeutung sind, sei es eine Sammlung von Vintage-Ornamenten oder ein handgefertigter Kranz, der \u00fcber Generationen weitergegeben wurde.\u201c<\/p>\n<figure class=\"van-image-figure inline-layout \" data-bordeaux-image-check>\n<div class=\"image-full-width-wrapper\">\n<div class=\"image-widthsetter\" style=\"max-width:2000px;\"><\/div>\n<\/div><figcaption class=\"inline-layout \">\n<div class=\"caption-text\">\n<p>Weihnachtsdekoration in der Ostkolonnade.<\/p>\n<\/div>\n<\/figcaption><\/figure>\n<h2 id=\"shop-the-personal-christmas-decor-edit-3\">Kaufen Sie die pers\u00f6nliche Auswahl an Weihnachtsdekorationen<\/h2>\n<div class=\"product-container hero-product-container product-block-no-wrap\"><\/div>\n<hr>\n<aside class=\"hawk-nest\" data-block-type=\"embed\" data-render-type=\"fte\" data-skip=\"dealsy\" data-widget-type=\"seasonal\">\n<div class=\"hawk-master-widget-hawk-base-wrapper\"><\/div>\n<\/aside>\n<\/div>\n","protected":false},"excerpt":{"rendered":"<p>Pr\u00e4sident Joe Biden und First Lady Jill Biden haben das Wei\u00dfe Haus zum letzten Mal geschm\u00fcckt \u2013 und sie gehen in Hochform davon. In diesem<\/p>\n","protected":false},"author":1,"featured_media":1907,"comment_status":"closed","ping_status":"","sticky":false,"template":"","format":"standard","meta":{"footnotes":""},"categories":[118],"tags":[3408,91,81,281,9,32,3409,55,736,688,3405,3406,142,504,37,1592,3407,2930],"class_list":["post-1906","post","type-post","status-publish","format-standard","has-post-thumbnail","hentry","category-haus-garten","tag-baum","tag-dem","tag-der","tag-des","tag-die","tag-diesem","tag-folgt","tag-fuer","tag-hauses","tag-licht","tag-orientiert","tag-ruhe","tag-sich","tag-trend","tag-und","tag-weihnachtsdekoration","tag-weihnachtszeit","tag-weissen","generate-columns","tablet-grid-50","mobile-grid-100","grid-parent","grid-50"],"yoast_head":"<!-- This site is optimized with the Yoast SEO plugin v27.3 - https:\/\/yoast.com\/product\/yoast-seo-wordpress\/ -->\n<title>Die Weihnachtsdekoration des Wei\u00dfen Hauses orientiert sich \u201ean der Ruhe und dem Licht der Weihnachtszeit\u201c \u2013 und der Baum folgt diesem Trend f\u00fcr 2024 - Nachrichten - Stra\u00dfenweb<\/title>\n<meta name=\"robots\" content=\"index, follow, max-snippet:-1, max-image-preview:large, max-video-preview:-1\" \/>\n<link rel=\"canonical\" href=\"https:\/\/www.strassenweb.de\/nachrichten\/die-weihnachtsdekoration-des-weissen-hauses-orientiert-sich-an-der-ruhe-und-dem-licht-der-weihnachtszeit-und-der-baum-folgt-diesem-trend-fuer-2024\/\" \/>\n<meta property=\"og:locale\" content=\"de_DE\" \/>\n<meta property=\"og:type\" content=\"article\" \/>\n<meta property=\"og:title\" content=\"Die Weihnachtsdekoration des Wei\u00dfen Hauses orientiert sich \u201ean der Ruhe und dem Licht der Weihnachtszeit\u201c \u2013 und der Baum folgt diesem Trend f\u00fcr 2024 - Nachrichten - Stra\u00dfenweb\" \/>\n<meta property=\"og:description\" content=\"Pr\u00e4sident Joe Biden und First Lady Jill Biden haben das Wei\u00dfe Haus zum letzten Mal geschm\u00fcckt \u2013 und sie gehen in Hochform davon. In diesem\" \/>\n<meta property=\"og:url\" content=\"https:\/\/www.strassenweb.de\/nachrichten\/die-weihnachtsdekoration-des-weissen-hauses-orientiert-sich-an-der-ruhe-und-dem-licht-der-weihnachtszeit-und-der-baum-folgt-diesem-trend-fuer-2024\/\" \/>\n<meta property=\"og:site_name\" content=\"Stra\u00dfenweb\" \/>\n<meta property=\"article:publisher\" content=\"https:\/\/www.facebook.com\/strassenweb\/\" \/>\n<meta property=\"article:published_time\" content=\"2024-12-04T01:26:51+00:00\" \/>\n<meta property=\"article:modified_time\" content=\"2024-12-04T01:26:53+00:00\" \/>\n<meta property=\"og:image\" content=\"https:\/\/www.strassenweb.de\/nachrichten\/wp-content\/uploads\/2024\/12\/Die-Weihnachtsdekoration-des-Weissen-Hauses-orientiert-sich-\u201ean-der-Ruhe.jpg\" \/>\n\t<meta property=\"og:image:width\" content=\"1200\" \/>\n\t<meta property=\"og:image:height\" content=\"675\" \/>\n\t<meta property=\"og:image:type\" content=\"image\/jpeg\" \/>\n<meta name=\"author\" content=\"Robert Hoffmann\" \/>\n<meta name=\"twitter:card\" content=\"summary_large_image\" \/>\n<meta name=\"twitter:label1\" content=\"Verfasst von\" \/>\n\t<meta name=\"twitter:data1\" content=\"Robert Hoffmann\" \/>\n\t<meta name=\"twitter:label2\" content=\"Gesch\u00e4tzte Lesezeit\" \/>\n\t<meta name=\"twitter:data2\" content=\"3\u00a0Minuten\" \/>\n<script type=\"application\/ld+json\" class=\"yoast-schema-graph\">{\"@context\":\"https:\\\/\\\/schema.org\",\"@graph\":[{\"@type\":\"Article\",\"@id\":\"https:\\\/\\\/www.strassenweb.de\\\/nachrichten\\\/die-weihnachtsdekoration-des-weissen-hauses-orientiert-sich-an-der-ruhe-und-dem-licht-der-weihnachtszeit-und-der-baum-folgt-diesem-trend-fuer-2024\\\/#article\",\"isPartOf\":{\"@id\":\"https:\\\/\\\/www.strassenweb.de\\\/nachrichten\\\/die-weihnachtsdekoration-des-weissen-hauses-orientiert-sich-an-der-ruhe-und-dem-licht-der-weihnachtszeit-und-der-baum-folgt-diesem-trend-fuer-2024\\\/\"},\"author\":{\"name\":\"Robert Hoffmann\",\"@id\":\"https:\\\/\\\/www.strassenweb.de\\\/nachrichten\\\/#\\\/schema\\\/person\\\/87c9c9067f1211da429a744dc5a5aa41\"},\"headline\":\"Die Weihnachtsdekoration des Wei\u00dfen Hauses orientiert sich \u201ean der Ruhe und dem Licht der Weihnachtszeit\u201c \u2013 und der Baum folgt diesem Trend f\u00fcr 2024\",\"datePublished\":\"2024-12-04T01:26:51+00:00\",\"dateModified\":\"2024-12-04T01:26:53+00:00\",\"mainEntityOfPage\":{\"@id\":\"https:\\\/\\\/www.strassenweb.de\\\/nachrichten\\\/die-weihnachtsdekoration-des-weissen-hauses-orientiert-sich-an-der-ruhe-und-dem-licht-der-weihnachtszeit-und-der-baum-folgt-diesem-trend-fuer-2024\\\/\"},\"wordCount\":603,\"publisher\":{\"@id\":\"https:\\\/\\\/www.strassenweb.de\\\/nachrichten\\\/#organization\"},\"image\":{\"@id\":\"https:\\\/\\\/www.strassenweb.de\\\/nachrichten\\\/die-weihnachtsdekoration-des-weissen-hauses-orientiert-sich-an-der-ruhe-und-dem-licht-der-weihnachtszeit-und-der-baum-folgt-diesem-trend-fuer-2024\\\/#primaryimage\"},\"thumbnailUrl\":\"https:\\\/\\\/www.strassenweb.de\\\/nachrichten\\\/wp-content\\\/uploads\\\/2024\\\/12\\\/Die-Weihnachtsdekoration-des-Weissen-Hauses-orientiert-sich-\u201ean-der-Ruhe.jpg\",\"keywords\":[\"Baum\",\"dem\",\"der\",\"des\",\"die\",\"diesem\",\"folgt\",\"f\u00fcr\",\"Hauses\",\"Licht\",\"orientiert\",\"Ruhe\",\"sich\",\"Trend\",\"und\",\"Weihnachtsdekoration\",\"Weihnachtszeit\",\"wei\u00dfen\"],\"articleSection\":[\"Haus &amp; Garten\"],\"inLanguage\":\"de\"},{\"@type\":\"WebPage\",\"@id\":\"https:\\\/\\\/www.strassenweb.de\\\/nachrichten\\\/die-weihnachtsdekoration-des-weissen-hauses-orientiert-sich-an-der-ruhe-und-dem-licht-der-weihnachtszeit-und-der-baum-folgt-diesem-trend-fuer-2024\\\/\",\"url\":\"https:\\\/\\\/www.strassenweb.de\\\/nachrichten\\\/die-weihnachtsdekoration-des-weissen-hauses-orientiert-sich-an-der-ruhe-und-dem-licht-der-weihnachtszeit-und-der-baum-folgt-diesem-trend-fuer-2024\\\/\",\"name\":\"Die Weihnachtsdekoration des Wei\u00dfen Hauses orientiert sich \u201ean der Ruhe und dem Licht der Weihnachtszeit\u201c \u2013 und der Baum folgt diesem Trend f\u00fcr 2024 - Nachrichten - Stra\u00dfenweb\",\"isPartOf\":{\"@id\":\"https:\\\/\\\/www.strassenweb.de\\\/nachrichten\\\/#website\"},\"primaryImageOfPage\":{\"@id\":\"https:\\\/\\\/www.strassenweb.de\\\/nachrichten\\\/die-weihnachtsdekoration-des-weissen-hauses-orientiert-sich-an-der-ruhe-und-dem-licht-der-weihnachtszeit-und-der-baum-folgt-diesem-trend-fuer-2024\\\/#primaryimage\"},\"image\":{\"@id\":\"https:\\\/\\\/www.strassenweb.de\\\/nachrichten\\\/die-weihnachtsdekoration-des-weissen-hauses-orientiert-sich-an-der-ruhe-und-dem-licht-der-weihnachtszeit-und-der-baum-folgt-diesem-trend-fuer-2024\\\/#primaryimage\"},\"thumbnailUrl\":\"https:\\\/\\\/www.strassenweb.de\\\/nachrichten\\\/wp-content\\\/uploads\\\/2024\\\/12\\\/Die-Weihnachtsdekoration-des-Weissen-Hauses-orientiert-sich-\u201ean-der-Ruhe.jpg\",\"datePublished\":\"2024-12-04T01:26:51+00:00\",\"dateModified\":\"2024-12-04T01:26:53+00:00\",\"breadcrumb\":{\"@id\":\"https:\\\/\\\/www.strassenweb.de\\\/nachrichten\\\/die-weihnachtsdekoration-des-weissen-hauses-orientiert-sich-an-der-ruhe-und-dem-licht-der-weihnachtszeit-und-der-baum-folgt-diesem-trend-fuer-2024\\\/#breadcrumb\"},\"inLanguage\":\"de\",\"potentialAction\":[{\"@type\":\"ReadAction\",\"target\":[\"https:\\\/\\\/www.strassenweb.de\\\/nachrichten\\\/die-weihnachtsdekoration-des-weissen-hauses-orientiert-sich-an-der-ruhe-und-dem-licht-der-weihnachtszeit-und-der-baum-folgt-diesem-trend-fuer-2024\\\/\"]}]},{\"@type\":\"ImageObject\",\"inLanguage\":\"de\",\"@id\":\"https:\\\/\\\/www.strassenweb.de\\\/nachrichten\\\/die-weihnachtsdekoration-des-weissen-hauses-orientiert-sich-an-der-ruhe-und-dem-licht-der-weihnachtszeit-und-der-baum-folgt-diesem-trend-fuer-2024\\\/#primaryimage\",\"url\":\"https:\\\/\\\/www.strassenweb.de\\\/nachrichten\\\/wp-content\\\/uploads\\\/2024\\\/12\\\/Die-Weihnachtsdekoration-des-Weissen-Hauses-orientiert-sich-\u201ean-der-Ruhe.jpg\",\"contentUrl\":\"https:\\\/\\\/www.strassenweb.de\\\/nachrichten\\\/wp-content\\\/uploads\\\/2024\\\/12\\\/Die-Weihnachtsdekoration-des-Weissen-Hauses-orientiert-sich-\u201ean-der-Ruhe.jpg\",\"width\":1200,\"height\":675,\"caption\":\"Die Weihnachtsdekoration des Wei\u00dfen Hauses orientiert sich \u201ean der Ruhe und dem Licht der Weihnachtszeit\u201c \u2013 und der Baum folgt diesem Trend f\u00fcr 2024\"},{\"@type\":\"BreadcrumbList\",\"@id\":\"https:\\\/\\\/www.strassenweb.de\\\/nachrichten\\\/die-weihnachtsdekoration-des-weissen-hauses-orientiert-sich-an-der-ruhe-und-dem-licht-der-weihnachtszeit-und-der-baum-folgt-diesem-trend-fuer-2024\\\/#breadcrumb\",\"itemListElement\":[{\"@type\":\"ListItem\",\"position\":1,\"name\":\"Home\",\"item\":\"https:\\\/\\\/www.strassenweb.de\\\/nachrichten\\\/\"},{\"@type\":\"ListItem\",\"position\":2,\"name\":\"Die Weihnachtsdekoration des Wei\u00dfen Hauses orientiert sich \u201ean der Ruhe und dem Licht der Weihnachtszeit\u201c \u2013 und der Baum folgt diesem Trend f\u00fcr 2024\"}]},{\"@type\":\"WebSite\",\"@id\":\"https:\\\/\\\/www.strassenweb.de\\\/nachrichten\\\/#website\",\"url\":\"https:\\\/\\\/www.strassenweb.de\\\/nachrichten\\\/\",\"name\":\"Stra\u00dfenweb\",\"description\":\"Stra\u00dfenverzeichnis f\u00fcr Deutschland\",\"publisher\":{\"@id\":\"https:\\\/\\\/www.strassenweb.de\\\/nachrichten\\\/#organization\"},\"potentialAction\":[{\"@type\":\"SearchAction\",\"target\":{\"@type\":\"EntryPoint\",\"urlTemplate\":\"https:\\\/\\\/www.strassenweb.de\\\/nachrichten\\\/?s={search_term_string}\"},\"query-input\":{\"@type\":\"PropertyValueSpecification\",\"valueRequired\":true,\"valueName\":\"search_term_string\"}}],\"inLanguage\":\"de\"},{\"@type\":\"Organization\",\"@id\":\"https:\\\/\\\/www.strassenweb.de\\\/nachrichten\\\/#organization\",\"name\":\"Stra\u00dfenweb\",\"url\":\"https:\\\/\\\/www.strassenweb.de\\\/nachrichten\\\/\",\"logo\":{\"@type\":\"ImageObject\",\"inLanguage\":\"de\",\"@id\":\"https:\\\/\\\/www.strassenweb.de\\\/nachrichten\\\/#\\\/schema\\\/logo\\\/image\\\/\",\"url\":\"https:\\\/\\\/www.strassenweb.de\\\/nachrichten\\\/wp-content\\\/uploads\\\/2024\\\/09\\\/cropped-favicon.png\",\"contentUrl\":\"https:\\\/\\\/www.strassenweb.de\\\/nachrichten\\\/wp-content\\\/uploads\\\/2024\\\/09\\\/cropped-favicon.png\",\"width\":512,\"height\":512,\"caption\":\"Stra\u00dfenweb\"},\"image\":{\"@id\":\"https:\\\/\\\/www.strassenweb.de\\\/nachrichten\\\/#\\\/schema\\\/logo\\\/image\\\/\"},\"sameAs\":[\"https:\\\/\\\/www.facebook.com\\\/strassenweb\\\/\"]},{\"@type\":\"Person\",\"@id\":\"https:\\\/\\\/www.strassenweb.de\\\/nachrichten\\\/#\\\/schema\\\/person\\\/87c9c9067f1211da429a744dc5a5aa41\",\"name\":\"Robert Hoffmann\",\"image\":{\"@type\":\"ImageObject\",\"inLanguage\":\"de\",\"@id\":\"https:\\\/\\\/www.strassenweb.de\\\/nachrichten\\\/wp-content\\\/uploads\\\/2024\\\/09\\\/strassenweb-150x150.jpg\",\"url\":\"https:\\\/\\\/www.strassenweb.de\\\/nachrichten\\\/wp-content\\\/uploads\\\/2024\\\/09\\\/strassenweb-150x150.jpg\",\"contentUrl\":\"https:\\\/\\\/www.strassenweb.de\\\/nachrichten\\\/wp-content\\\/uploads\\\/2024\\\/09\\\/strassenweb-150x150.jpg\",\"caption\":\"Robert Hoffmann\"},\"description\":\"Ich hei\u00dfe Robert Hoffmann und ich bin ein leidenschaftlicher Verfechter von \u00d6kologie und Biodiversit\u00e4t. Seit meiner Kindheit in den W\u00e4ldern Bayerns f\u00fchle ich mich mit der Natur verbunden und bin entschlossen, sie zu sch\u00fctzen. Heute widme ich mein Leben der Sensibilisierung anderer f\u00fcr die Bedeutung des Umweltschutzes f\u00fcr zuk\u00fcnftige Generationen.\",\"sameAs\":[\"https:\\\/\\\/www.strassenweb.de\\\/\"]}]}<\/script>\n<!-- \/ Yoast SEO plugin. -->","yoast_head_json":{"title":"Die Weihnachtsdekoration des Wei\u00dfen Hauses orientiert sich \u201ean der Ruhe und dem Licht der Weihnachtszeit\u201c \u2013 und der Baum folgt diesem Trend f\u00fcr 2024 - Nachrichten - Stra\u00dfenweb","robots":{"index":"index","follow":"follow","max-snippet":"max-snippet:-1","max-image-preview":"max-image-preview:large","max-video-preview":"max-video-preview:-1"},"canonical":"https:\/\/www.strassenweb.de\/nachrichten\/die-weihnachtsdekoration-des-weissen-hauses-orientiert-sich-an-der-ruhe-und-dem-licht-der-weihnachtszeit-und-der-baum-folgt-diesem-trend-fuer-2024\/","og_locale":"de_DE","og_type":"article","og_title":"Die Weihnachtsdekoration des Wei\u00dfen Hauses orientiert sich \u201ean der Ruhe und dem Licht der Weihnachtszeit\u201c \u2013 und der Baum folgt diesem Trend f\u00fcr 2024 - Nachrichten - Stra\u00dfenweb","og_description":"Pr\u00e4sident Joe Biden und First Lady Jill Biden haben das Wei\u00dfe Haus zum letzten Mal geschm\u00fcckt \u2013 und sie gehen in Hochform davon. In diesem","og_url":"https:\/\/www.strassenweb.de\/nachrichten\/die-weihnachtsdekoration-des-weissen-hauses-orientiert-sich-an-der-ruhe-und-dem-licht-der-weihnachtszeit-und-der-baum-folgt-diesem-trend-fuer-2024\/","og_site_name":"Stra\u00dfenweb","article_publisher":"https:\/\/www.facebook.com\/strassenweb\/","article_published_time":"2024-12-04T01:26:51+00:00","article_modified_time":"2024-12-04T01:26:53+00:00","og_image":[{"width":1200,"height":675,"url":"https:\/\/www.strassenweb.de\/nachrichten\/wp-content\/uploads\/2024\/12\/Die-Weihnachtsdekoration-des-Weissen-Hauses-orientiert-sich-\u201ean-der-Ruhe.jpg","type":"image\/jpeg"}],"author":"Robert Hoffmann","twitter_card":"summary_large_image","twitter_misc":{"Verfasst von":"Robert Hoffmann","Gesch\u00e4tzte Lesezeit":"3\u00a0Minuten"},"schema":{"@context":"https:\/\/schema.org","@graph":[{"@type":"Article","@id":"https:\/\/www.strassenweb.de\/nachrichten\/die-weihnachtsdekoration-des-weissen-hauses-orientiert-sich-an-der-ruhe-und-dem-licht-der-weihnachtszeit-und-der-baum-folgt-diesem-trend-fuer-2024\/#article","isPartOf":{"@id":"https:\/\/www.strassenweb.de\/nachrichten\/die-weihnachtsdekoration-des-weissen-hauses-orientiert-sich-an-der-ruhe-und-dem-licht-der-weihnachtszeit-und-der-baum-folgt-diesem-trend-fuer-2024\/"},"author":{"name":"Robert Hoffmann","@id":"https:\/\/www.strassenweb.de\/nachrichten\/#\/schema\/person\/87c9c9067f1211da429a744dc5a5aa41"},"headline":"Die Weihnachtsdekoration des Wei\u00dfen Hauses orientiert sich \u201ean der Ruhe und dem Licht der Weihnachtszeit\u201c \u2013 und der Baum folgt diesem Trend f\u00fcr 2024","datePublished":"2024-12-04T01:26:51+00:00","dateModified":"2024-12-04T01:26:53+00:00","mainEntityOfPage":{"@id":"https:\/\/www.strassenweb.de\/nachrichten\/die-weihnachtsdekoration-des-weissen-hauses-orientiert-sich-an-der-ruhe-und-dem-licht-der-weihnachtszeit-und-der-baum-folgt-diesem-trend-fuer-2024\/"},"wordCount":603,"publisher":{"@id":"https:\/\/www.strassenweb.de\/nachrichten\/#organization"},"image":{"@id":"https:\/\/www.strassenweb.de\/nachrichten\/die-weihnachtsdekoration-des-weissen-hauses-orientiert-sich-an-der-ruhe-und-dem-licht-der-weihnachtszeit-und-der-baum-folgt-diesem-trend-fuer-2024\/#primaryimage"},"thumbnailUrl":"https:\/\/www.strassenweb.de\/nachrichten\/wp-content\/uploads\/2024\/12\/Die-Weihnachtsdekoration-des-Weissen-Hauses-orientiert-sich-\u201ean-der-Ruhe.jpg","keywords":["Baum","dem","der","des","die","diesem","folgt","f\u00fcr","Hauses","Licht","orientiert","Ruhe","sich","Trend","und","Weihnachtsdekoration","Weihnachtszeit","wei\u00dfen"],"articleSection":["Haus &amp; Garten"],"inLanguage":"de"},{"@type":"WebPage","@id":"https:\/\/www.strassenweb.de\/nachrichten\/die-weihnachtsdekoration-des-weissen-hauses-orientiert-sich-an-der-ruhe-und-dem-licht-der-weihnachtszeit-und-der-baum-folgt-diesem-trend-fuer-2024\/","url":"https:\/\/www.strassenweb.de\/nachrichten\/die-weihnachtsdekoration-des-weissen-hauses-orientiert-sich-an-der-ruhe-und-dem-licht-der-weihnachtszeit-und-der-baum-folgt-diesem-trend-fuer-2024\/","name":"Die Weihnachtsdekoration des Wei\u00dfen Hauses orientiert sich \u201ean der Ruhe und dem Licht der Weihnachtszeit\u201c \u2013 und der Baum folgt diesem Trend f\u00fcr 2024 - Nachrichten - Stra\u00dfenweb","isPartOf":{"@id":"https:\/\/www.strassenweb.de\/nachrichten\/#website"},"primaryImageOfPage":{"@id":"https:\/\/www.strassenweb.de\/nachrichten\/die-weihnachtsdekoration-des-weissen-hauses-orientiert-sich-an-der-ruhe-und-dem-licht-der-weihnachtszeit-und-der-baum-folgt-diesem-trend-fuer-2024\/#primaryimage"},"image":{"@id":"https:\/\/www.strassenweb.de\/nachrichten\/die-weihnachtsdekoration-des-weissen-hauses-orientiert-sich-an-der-ruhe-und-dem-licht-der-weihnachtszeit-und-der-baum-folgt-diesem-trend-fuer-2024\/#primaryimage"},"thumbnailUrl":"https:\/\/www.strassenweb.de\/nachrichten\/wp-content\/uploads\/2024\/12\/Die-Weihnachtsdekoration-des-Weissen-Hauses-orientiert-sich-\u201ean-der-Ruhe.jpg","datePublished":"2024-12-04T01:26:51+00:00","dateModified":"2024-12-04T01:26:53+00:00","breadcrumb":{"@id":"https:\/\/www.strassenweb.de\/nachrichten\/die-weihnachtsdekoration-des-weissen-hauses-orientiert-sich-an-der-ruhe-und-dem-licht-der-weihnachtszeit-und-der-baum-folgt-diesem-trend-fuer-2024\/#breadcrumb"},"inLanguage":"de","potentialAction":[{"@type":"ReadAction","target":["https:\/\/www.strassenweb.de\/nachrichten\/die-weihnachtsdekoration-des-weissen-hauses-orientiert-sich-an-der-ruhe-und-dem-licht-der-weihnachtszeit-und-der-baum-folgt-diesem-trend-fuer-2024\/"]}]},{"@type":"ImageObject","inLanguage":"de","@id":"https:\/\/www.strassenweb.de\/nachrichten\/die-weihnachtsdekoration-des-weissen-hauses-orientiert-sich-an-der-ruhe-und-dem-licht-der-weihnachtszeit-und-der-baum-folgt-diesem-trend-fuer-2024\/#primaryimage","url":"https:\/\/www.strassenweb.de\/nachrichten\/wp-content\/uploads\/2024\/12\/Die-Weihnachtsdekoration-des-Weissen-Hauses-orientiert-sich-\u201ean-der-Ruhe.jpg","contentUrl":"https:\/\/www.strassenweb.de\/nachrichten\/wp-content\/uploads\/2024\/12\/Die-Weihnachtsdekoration-des-Weissen-Hauses-orientiert-sich-\u201ean-der-Ruhe.jpg","width":1200,"height":675,"caption":"Die Weihnachtsdekoration des Wei\u00dfen Hauses orientiert sich \u201ean der Ruhe und dem Licht der Weihnachtszeit\u201c \u2013 und der Baum folgt diesem Trend f\u00fcr 2024"},{"@type":"BreadcrumbList","@id":"https:\/\/www.strassenweb.de\/nachrichten\/die-weihnachtsdekoration-des-weissen-hauses-orientiert-sich-an-der-ruhe-und-dem-licht-der-weihnachtszeit-und-der-baum-folgt-diesem-trend-fuer-2024\/#breadcrumb","itemListElement":[{"@type":"ListItem","position":1,"name":"Home","item":"https:\/\/www.strassenweb.de\/nachrichten\/"},{"@type":"ListItem","position":2,"name":"Die Weihnachtsdekoration des Wei\u00dfen Hauses orientiert sich \u201ean der Ruhe und dem Licht der Weihnachtszeit\u201c \u2013 und der Baum folgt diesem Trend f\u00fcr 2024"}]},{"@type":"WebSite","@id":"https:\/\/www.strassenweb.de\/nachrichten\/#website","url":"https:\/\/www.strassenweb.de\/nachrichten\/","name":"Stra\u00dfenweb","description":"Stra\u00dfenverzeichnis f\u00fcr Deutschland","publisher":{"@id":"https:\/\/www.strassenweb.de\/nachrichten\/#organization"},"potentialAction":[{"@type":"SearchAction","target":{"@type":"EntryPoint","urlTemplate":"https:\/\/www.strassenweb.de\/nachrichten\/?s={search_term_string}"},"query-input":{"@type":"PropertyValueSpecification","valueRequired":true,"valueName":"search_term_string"}}],"inLanguage":"de"},{"@type":"Organization","@id":"https:\/\/www.strassenweb.de\/nachrichten\/#organization","name":"Stra\u00dfenweb","url":"https:\/\/www.strassenweb.de\/nachrichten\/","logo":{"@type":"ImageObject","inLanguage":"de","@id":"https:\/\/www.strassenweb.de\/nachrichten\/#\/schema\/logo\/image\/","url":"https:\/\/www.strassenweb.de\/nachrichten\/wp-content\/uploads\/2024\/09\/cropped-favicon.png","contentUrl":"https:\/\/www.strassenweb.de\/nachrichten\/wp-content\/uploads\/2024\/09\/cropped-favicon.png","width":512,"height":512,"caption":"Stra\u00dfenweb"},"image":{"@id":"https:\/\/www.strassenweb.de\/nachrichten\/#\/schema\/logo\/image\/"},"sameAs":["https:\/\/www.facebook.com\/strassenweb\/"]},{"@type":"Person","@id":"https:\/\/www.strassenweb.de\/nachrichten\/#\/schema\/person\/87c9c9067f1211da429a744dc5a5aa41","name":"Robert Hoffmann","image":{"@type":"ImageObject","inLanguage":"de","@id":"https:\/\/www.strassenweb.de\/nachrichten\/wp-content\/uploads\/2024\/09\/strassenweb-150x150.jpg","url":"https:\/\/www.strassenweb.de\/nachrichten\/wp-content\/uploads\/2024\/09\/strassenweb-150x150.jpg","contentUrl":"https:\/\/www.strassenweb.de\/nachrichten\/wp-content\/uploads\/2024\/09\/strassenweb-150x150.jpg","caption":"Robert Hoffmann"},"description":"Ich hei\u00dfe Robert Hoffmann und ich bin ein leidenschaftlicher Verfechter von \u00d6kologie und Biodiversit\u00e4t. Seit meiner Kindheit in den W\u00e4ldern Bayerns f\u00fchle ich mich mit der Natur verbunden und bin entschlossen, sie zu sch\u00fctzen. Heute widme ich mein Leben der Sensibilisierung anderer f\u00fcr die Bedeutung des Umweltschutzes f\u00fcr zuk\u00fcnftige Generationen.","sameAs":["https:\/\/www.strassenweb.de\/"]}]}},"_links":{"self":[{"href":"https:\/\/www.strassenweb.de\/nachrichten\/wp-json\/wp\/v2\/posts\/1906","targetHints":{"allow":["GET"]}}],"collection":[{"href":"https:\/\/www.strassenweb.de\/nachrichten\/wp-json\/wp\/v2\/posts"}],"about":[{"href":"https:\/\/www.strassenweb.de\/nachrichten\/wp-json\/wp\/v2\/types\/post"}],"author":[{"embeddable":true,"href":"https:\/\/www.strassenweb.de\/nachrichten\/wp-json\/wp\/v2\/users\/1"}],"replies":[{"embeddable":true,"href":"https:\/\/www.strassenweb.de\/nachrichten\/wp-json\/wp\/v2\/comments?post=1906"}],"version-history":[{"count":0,"href":"https:\/\/www.strassenweb.de\/nachrichten\/wp-json\/wp\/v2\/posts\/1906\/revisions"}],"wp:featuredmedia":[{"embeddable":true,"href":"https:\/\/www.strassenweb.de\/nachrichten\/wp-json\/wp\/v2\/media\/1907"}],"wp:attachment":[{"href":"https:\/\/www.strassenweb.de\/nachrichten\/wp-json\/wp\/v2\/media?parent=1906"}],"wp:term":[{"taxonomy":"category","embeddable":true,"href":"https:\/\/www.strassenweb.de\/nachrichten\/wp-json\/wp\/v2\/categories?post=1906"},{"taxonomy":"post_tag","embeddable":true,"href":"https:\/\/www.strassenweb.de\/nachrichten\/wp-json\/wp\/v2\/tags?post=1906"}],"curies":[{"name":"wp","href":"https:\/\/api.w.org\/{rel}","templated":true}]}}