{"id":1894,"date":"2024-12-03T09:41:43","date_gmt":"2024-12-03T08:41:43","guid":{"rendered":"https:\/\/www.strassenweb.de\/nachrichten\/eva-mendes-und-ryan-gosling-verwenden-miniatur-weihnachtsbaeume-um-ihrer-kuecheninsel-eine-einzigartige-festliche-note-zu-verleihen-den-look-gibt-es-fuer-10\/"},"modified":"2024-12-03T09:41:44","modified_gmt":"2024-12-03T08:41:44","slug":"eva-mendes-und-ryan-gosling-verwenden-miniatur-weihnachtsbaeume-um-ihrer-kuecheninsel-eine-einzigartige-festliche-note-zu-verleihen-den-look-gibt-es-fuer-10","status":"publish","type":"post","link":"https:\/\/www.strassenweb.de\/nachrichten\/eva-mendes-und-ryan-gosling-verwenden-miniatur-weihnachtsbaeume-um-ihrer-kuecheninsel-eine-einzigartige-festliche-note-zu-verleihen-den-look-gibt-es-fuer-10\/","title":{"rendered":"Eva Mendes und Ryan Gosling verwenden Miniatur-Weihnachtsb\u00e4ume, um ihrer K\u00fccheninsel eine einzigartige festliche Note zu verleihen \u2013 den Look gibt es f\u00fcr 10 $"},"content":{"rendered":"<p><\/p>\n<div id=\"article-body\" class=\"article__body \">\n<p>Nachdem Thanksgiving offiziell hinter uns liegt, hei\u00dfen wir Sie in weihnachtlicher Dekoration mit offenen Armen willkommen. F\u00fcr viele von uns bedeutet das, dass wir unsere Zubeh\u00f6rkisten entstauben oder uns neue besorgen m\u00fcssen.<\/p>\n<div id=\"ad-unit-1\" class=\"ad-unit\"><\/div>\n<p>Eva Mendes hat uns mit ihren K\u00fccheninselaufs\u00e4tzen einige weihnachtliche Deko-Ideen gegeben. In einem k\u00fcrzlich auf ihrer Instagram-Seite geteilten Beitrag k\u00f6nnen wir das sehen <em>Geisterreiter <\/em>Und <em>Anh\u00e4ngerkupplung <\/em>Star hat ihrer K\u00fcchentheke einige Minib\u00e4ume und einen festlichen Blumenstrau\u00df hinzugef\u00fcgt. Die urlaubsfreundlichen Accessoires passen perfekt zu ihren dauerhafteren K\u00fccheneinrichtungen, darunter ein goldener Wasserhahn und gewebte Lampenschirme.<\/p>\n<aside class=\"hawk-nest\" data-block-type=\"embed\" data-render-type=\"fte\" data-skip=\"dealsy\" data-widget-type=\"seasonal\">\n<div class=\"hawk-master-widget-hawk-base-wrapper\"><\/div>\n<\/aside>\n<p>W\u00e4hrend Tischdekorationen ein Hauptaugenmerk f\u00fcr diejenigen von uns sind, die an Weihnachten G\u00e4ste bewirten und Gastgeber sind, ist das Hinzuf\u00fcgen festlicher Dekorationen an unerwarteten Orten eine fantastische M\u00f6glichkeit, die Fr\u00f6hlichkeit im ganzen Haus zu verbreiten.<\/p>\n<div id=\"desktop-in-article\" class=\"in-article ad-unit\">\n<div id=\"desktop-taboola-mid-article\"><\/div>\n<\/div>\n<div id=\"mobile-in-article\" class=\"in-article ad-unit\">\n<div id=\"mobile-taboola-mid-article\"><\/div>\n<\/div>\n<div class=\"instagram-embed\">\n<blockquote class=\"instagram-media\" data-instgrm-captioned data-instgrm-version=\"6\" style=\"width:99.375%; width:-webkit-calc(100% - 2px); width:calc(100% - 2px);\">\n<p>Ein von Eva Mendes (@evamendes) geteilter Beitrag<\/p>\n<p>Ein Foto gepostet von am <\/p>\n<\/blockquote>\n<\/div>\n<div class=\"product-container hero-product-container product-block-no-wrap\"><\/div>\n<p>Auch wenn es spannend sein kann, neue Artikel zu kaufen, ist es wichtig, die Artikel zu ber\u00fccksichtigen, die Sie bereits zur Hand haben, um sicherzustellen, dass sich auf Oberfl\u00e4chen wie Ihren K\u00fcchenarbeitsplatten keine Unordnung ansammelt.<\/p>\n<div class=\"van_vid_carousel\">\n<div class=\"van_vid_carousel__padding\">\n<div class=\"van_vid_carousel__container\"><\/div>\n<\/div>\n<\/div>\n<p>\u201eBevor Sie sich in die Aufregung des Dekorierens st\u00fcrzen, nehmen Sie sich die Zeit, alle Unordnung zu beseitigen.\u201c \u201eEin klarer und aufger\u00e4umter Raum sorgt f\u00fcr eine ruhige, entspannende und einladende Umgebung, die sich perfekt zum Entspannen w\u00e4hrend der gesch\u00e4ftigen Ferienzeit eignet\u201c, sagt Rebecca Baddeley, Designleiterin bei JD Williams. \u201eSortieren Sie, welche Ihrer Gegenst\u00e4nde Sie nicht mehr ben\u00f6tigen, damit Sie Platz f\u00fcr die festliche Dekoration, Geschenke und G\u00e4ste schaffen, die bald Ihr Zuhause f\u00fcllen werden.\u201c<\/p>\n<div id=\"ad-unit-2\" class=\"ad-unit\"><\/div>\n<p>Sobald ein sauberer Raum eingerichtet ist, empfiehlt Baddeley, eine allgemeine Palette f\u00fcr Ihre Weihnachtsdekoration zu entwerfen, egal ob Sie ein paar einfache Accessoires zu Ihren Arbeitsplatten hinzuf\u00fcgen oder eine Tischlandschaft planen.<\/p>\n<p>\u201eEntscheiden Sie zun\u00e4chst, welches Farbschema Ihren Stil widerspiegelt \u2013 Rot-, Gr\u00fcn-, Gold- und Wei\u00dft\u00f6ne eignen sich perfekt f\u00fcr die Integration weihnachtlicher Farben\u201c, sagt sie. \u201eAls n\u00e4chstes verwenden Sie eine festliche Tischdecke oder einen festlichen L\u00e4ufer als Unterlage f\u00fcr Ihre Pr\u00e4sentation.\u201c F\u00fcr einen eleganten Touch denken Sie an Samt oder Leinen. M\u00f6glicherweise m\u00f6chten Sie L\u00e4ufer und Servietten in der gleichen Farbe w\u00e4hlen, um eine harmonische Atmosph\u00e4re auf Ihrem Tisch zu schaffen.<\/p>\n<div id=\"slice-container-newsletterForm-articleInbodyContent-6bcVc36Qh6tDEPXiKWJzt9\" class=\"slice-container newsletter-inbodyContent-slice newsletterForm-articleInbodyContent-6bcVc36Qh6tDEPXiKWJzt9 slice-container-newsletterForm\"><\/div>\n<p>Sie f\u00e4hrt fort: \u201eVerwenden Sie als Herzst\u00fcck saisonale Blumen wie wei\u00dfe Lilien, rote Rosen oder Amaryllis und arrangieren Sie diese in einer Vase.\u201c Integrieren Sie immergr\u00fcne Zweige f\u00fcr zus\u00e4tzliche Struktur. Auch traditionelle Weihnachtspflanzen wie Weihnachtssterne, Alpenveilchen und Mini-Kiefern k\u00f6nnen verwendet werden, um einen Blickfang zu schaffen. Verwenden Sie Weihnachtsservietten, Namensschilder, B\u00e4nder und Knallbonbons f\u00fcr eine zus\u00e4tzliche dekorative Note.<\/p>\n<p>Dar\u00fcber hinaus empfehlen wir, einige Duftkerzen auf einer Theke oder Tischdekoration anzubringen, um die festliche Atmosph\u00e4re in Ihrem Raum noch weiter zu verbessern.<\/p>\n<p>Baddeley hat ein paar Duftempfehlungen: \u201eExperimentieren Sie mit verschiedenen D\u00fcften wie K\u00fcrbis, Zimt und Apfel, damit Ihr Zuhause nach Weihnachten duftet.\u201c<\/p>\n<\/div>\n<p><script async src=\"\/\/www.instagram.com\/embed.js\"><\/script><\/p>\n","protected":false},"excerpt":{"rendered":"<p>Nachdem Thanksgiving offiziell hinter uns liegt, hei\u00dfen wir Sie in weihnachtlicher Dekoration mit offenen Armen willkommen. F\u00fcr viele von uns bedeutet das, dass wir unsere<\/p>\n","protected":false},"author":1,"featured_media":1895,"comment_status":"closed","ping_status":"","sticky":false,"template":"","format":"standard","meta":{"footnotes":""},"categories":[118],"tags":[78,74,2301,2016,2971,55,53,3390,11,3392,2017,3391,1389,3389,37,783,126],"class_list":["post-1894","post","type-post","status-publish","format-standard","has-post-thumbnail","hentry","category-haus-garten","tag-den","tag-eine","tag-einzigartige","tag-eva","tag-festliche","tag-fuer","tag-gibt","tag-gosling","tag-ihrer","tag-kuecheninsel","tag-mendes","tag-miniaturweihnachtsbaeume","tag-note","tag-ryan","tag-und","tag-verleihen","tag-verwenden","generate-columns","tablet-grid-50","mobile-grid-100","grid-parent","grid-50"],"yoast_head":"<!-- This site is optimized with the Yoast SEO plugin v27.3 - https:\/\/yoast.com\/product\/yoast-seo-wordpress\/ -->\n<title>Eva Mendes und Ryan Gosling verwenden Miniatur-Weihnachtsb\u00e4ume, um ihrer K\u00fccheninsel eine einzigartige festliche Note zu verleihen \u2013 den Look gibt es f\u00fcr 10 $ - Nachrichten - Stra\u00dfenweb<\/title>\n<meta name=\"robots\" content=\"index, follow, max-snippet:-1, max-image-preview:large, max-video-preview:-1\" \/>\n<link rel=\"canonical\" href=\"https:\/\/www.strassenweb.de\/nachrichten\/eva-mendes-und-ryan-gosling-verwenden-miniatur-weihnachtsbaeume-um-ihrer-kuecheninsel-eine-einzigartige-festliche-note-zu-verleihen-den-look-gibt-es-fuer-10\/\" \/>\n<meta property=\"og:locale\" content=\"de_DE\" \/>\n<meta property=\"og:type\" content=\"article\" \/>\n<meta property=\"og:title\" content=\"Eva Mendes und Ryan Gosling verwenden Miniatur-Weihnachtsb\u00e4ume, um ihrer K\u00fccheninsel eine einzigartige festliche Note zu verleihen \u2013 den Look gibt es f\u00fcr 10 $ - Nachrichten - Stra\u00dfenweb\" \/>\n<meta property=\"og:description\" content=\"Nachdem Thanksgiving offiziell hinter uns liegt, hei\u00dfen wir Sie in weihnachtlicher Dekoration mit offenen Armen willkommen. F\u00fcr viele von uns bedeutet das, dass wir unsere\" \/>\n<meta property=\"og:url\" content=\"https:\/\/www.strassenweb.de\/nachrichten\/eva-mendes-und-ryan-gosling-verwenden-miniatur-weihnachtsbaeume-um-ihrer-kuecheninsel-eine-einzigartige-festliche-note-zu-verleihen-den-look-gibt-es-fuer-10\/\" \/>\n<meta property=\"og:site_name\" content=\"Stra\u00dfenweb\" \/>\n<meta property=\"article:publisher\" content=\"https:\/\/www.facebook.com\/strassenweb\/\" \/>\n<meta property=\"article:published_time\" content=\"2024-12-03T08:41:43+00:00\" \/>\n<meta property=\"article:modified_time\" content=\"2024-12-03T08:41:44+00:00\" \/>\n<meta property=\"og:image\" content=\"https:\/\/www.strassenweb.de\/nachrichten\/wp-content\/uploads\/2024\/12\/Eva-Mendes-und-Ryan-Gosling-verwenden-Miniatur-Weihnachtsbaeume-um-ihrer-Kuecheninsel.jpg\" \/>\n\t<meta property=\"og:image:width\" content=\"1200\" \/>\n\t<meta property=\"og:image:height\" content=\"675\" \/>\n\t<meta property=\"og:image:type\" content=\"image\/jpeg\" \/>\n<meta name=\"author\" content=\"Robert Hoffmann\" \/>\n<meta name=\"twitter:card\" content=\"summary_large_image\" \/>\n<meta name=\"twitter:label1\" content=\"Verfasst von\" \/>\n\t<meta name=\"twitter:data1\" content=\"Robert Hoffmann\" \/>\n\t<meta name=\"twitter:label2\" content=\"Gesch\u00e4tzte Lesezeit\" \/>\n\t<meta name=\"twitter:data2\" content=\"3\u00a0Minuten\" \/>\n<script type=\"application\/ld+json\" class=\"yoast-schema-graph\">{\"@context\":\"https:\\\/\\\/schema.org\",\"@graph\":[{\"@type\":\"Article\",\"@id\":\"https:\\\/\\\/www.strassenweb.de\\\/nachrichten\\\/eva-mendes-und-ryan-gosling-verwenden-miniatur-weihnachtsbaeume-um-ihrer-kuecheninsel-eine-einzigartige-festliche-note-zu-verleihen-den-look-gibt-es-fuer-10\\\/#article\",\"isPartOf\":{\"@id\":\"https:\\\/\\\/www.strassenweb.de\\\/nachrichten\\\/eva-mendes-und-ryan-gosling-verwenden-miniatur-weihnachtsbaeume-um-ihrer-kuecheninsel-eine-einzigartige-festliche-note-zu-verleihen-den-look-gibt-es-fuer-10\\\/\"},\"author\":{\"name\":\"Robert Hoffmann\",\"@id\":\"https:\\\/\\\/www.strassenweb.de\\\/nachrichten\\\/#\\\/schema\\\/person\\\/87c9c9067f1211da429a744dc5a5aa41\"},\"headline\":\"Eva Mendes und Ryan Gosling verwenden Miniatur-Weihnachtsb\u00e4ume, um ihrer K\u00fccheninsel eine einzigartige festliche Note zu verleihen \u2013 den Look gibt es f\u00fcr 10 $\",\"datePublished\":\"2024-12-03T08:41:43+00:00\",\"dateModified\":\"2024-12-03T08:41:44+00:00\",\"mainEntityOfPage\":{\"@id\":\"https:\\\/\\\/www.strassenweb.de\\\/nachrichten\\\/eva-mendes-und-ryan-gosling-verwenden-miniatur-weihnachtsbaeume-um-ihrer-kuecheninsel-eine-einzigartige-festliche-note-zu-verleihen-den-look-gibt-es-fuer-10\\\/\"},\"wordCount\":530,\"publisher\":{\"@id\":\"https:\\\/\\\/www.strassenweb.de\\\/nachrichten\\\/#organization\"},\"image\":{\"@id\":\"https:\\\/\\\/www.strassenweb.de\\\/nachrichten\\\/eva-mendes-und-ryan-gosling-verwenden-miniatur-weihnachtsbaeume-um-ihrer-kuecheninsel-eine-einzigartige-festliche-note-zu-verleihen-den-look-gibt-es-fuer-10\\\/#primaryimage\"},\"thumbnailUrl\":\"https:\\\/\\\/www.strassenweb.de\\\/nachrichten\\\/wp-content\\\/uploads\\\/2024\\\/12\\\/Eva-Mendes-und-Ryan-Gosling-verwenden-Miniatur-Weihnachtsbaeume-um-ihrer-Kuecheninsel.jpg\",\"keywords\":[\"den\",\"eine\",\"einzigartige\",\"Eva\",\"festliche\",\"f\u00fcr\",\"gibt\",\"Gosling\",\"ihrer\",\"K\u00fccheninsel\",\"Mendes\",\"MiniaturWeihnachtsb\u00e4ume\",\"Note\",\"Ryan\",\"und\",\"verleihen\",\"verwenden\"],\"articleSection\":[\"Haus &amp; Garten\"],\"inLanguage\":\"de\"},{\"@type\":\"WebPage\",\"@id\":\"https:\\\/\\\/www.strassenweb.de\\\/nachrichten\\\/eva-mendes-und-ryan-gosling-verwenden-miniatur-weihnachtsbaeume-um-ihrer-kuecheninsel-eine-einzigartige-festliche-note-zu-verleihen-den-look-gibt-es-fuer-10\\\/\",\"url\":\"https:\\\/\\\/www.strassenweb.de\\\/nachrichten\\\/eva-mendes-und-ryan-gosling-verwenden-miniatur-weihnachtsbaeume-um-ihrer-kuecheninsel-eine-einzigartige-festliche-note-zu-verleihen-den-look-gibt-es-fuer-10\\\/\",\"name\":\"Eva Mendes und Ryan Gosling verwenden Miniatur-Weihnachtsb\u00e4ume, um ihrer K\u00fccheninsel eine einzigartige festliche Note zu verleihen \u2013 den Look gibt es f\u00fcr 10 $ - Nachrichten - Stra\u00dfenweb\",\"isPartOf\":{\"@id\":\"https:\\\/\\\/www.strassenweb.de\\\/nachrichten\\\/#website\"},\"primaryImageOfPage\":{\"@id\":\"https:\\\/\\\/www.strassenweb.de\\\/nachrichten\\\/eva-mendes-und-ryan-gosling-verwenden-miniatur-weihnachtsbaeume-um-ihrer-kuecheninsel-eine-einzigartige-festliche-note-zu-verleihen-den-look-gibt-es-fuer-10\\\/#primaryimage\"},\"image\":{\"@id\":\"https:\\\/\\\/www.strassenweb.de\\\/nachrichten\\\/eva-mendes-und-ryan-gosling-verwenden-miniatur-weihnachtsbaeume-um-ihrer-kuecheninsel-eine-einzigartige-festliche-note-zu-verleihen-den-look-gibt-es-fuer-10\\\/#primaryimage\"},\"thumbnailUrl\":\"https:\\\/\\\/www.strassenweb.de\\\/nachrichten\\\/wp-content\\\/uploads\\\/2024\\\/12\\\/Eva-Mendes-und-Ryan-Gosling-verwenden-Miniatur-Weihnachtsbaeume-um-ihrer-Kuecheninsel.jpg\",\"datePublished\":\"2024-12-03T08:41:43+00:00\",\"dateModified\":\"2024-12-03T08:41:44+00:00\",\"breadcrumb\":{\"@id\":\"https:\\\/\\\/www.strassenweb.de\\\/nachrichten\\\/eva-mendes-und-ryan-gosling-verwenden-miniatur-weihnachtsbaeume-um-ihrer-kuecheninsel-eine-einzigartige-festliche-note-zu-verleihen-den-look-gibt-es-fuer-10\\\/#breadcrumb\"},\"inLanguage\":\"de\",\"potentialAction\":[{\"@type\":\"ReadAction\",\"target\":[\"https:\\\/\\\/www.strassenweb.de\\\/nachrichten\\\/eva-mendes-und-ryan-gosling-verwenden-miniatur-weihnachtsbaeume-um-ihrer-kuecheninsel-eine-einzigartige-festliche-note-zu-verleihen-den-look-gibt-es-fuer-10\\\/\"]}]},{\"@type\":\"ImageObject\",\"inLanguage\":\"de\",\"@id\":\"https:\\\/\\\/www.strassenweb.de\\\/nachrichten\\\/eva-mendes-und-ryan-gosling-verwenden-miniatur-weihnachtsbaeume-um-ihrer-kuecheninsel-eine-einzigartige-festliche-note-zu-verleihen-den-look-gibt-es-fuer-10\\\/#primaryimage\",\"url\":\"https:\\\/\\\/www.strassenweb.de\\\/nachrichten\\\/wp-content\\\/uploads\\\/2024\\\/12\\\/Eva-Mendes-und-Ryan-Gosling-verwenden-Miniatur-Weihnachtsbaeume-um-ihrer-Kuecheninsel.jpg\",\"contentUrl\":\"https:\\\/\\\/www.strassenweb.de\\\/nachrichten\\\/wp-content\\\/uploads\\\/2024\\\/12\\\/Eva-Mendes-und-Ryan-Gosling-verwenden-Miniatur-Weihnachtsbaeume-um-ihrer-Kuecheninsel.jpg\",\"width\":1200,\"height\":675,\"caption\":\"Eva Mendes und Ryan Gosling verwenden Miniatur-Weihnachtsb\u00e4ume, um ihrer K\u00fccheninsel eine einzigartige festliche Note zu verleihen \u2013 den Look gibt es f\u00fcr 10 $\"},{\"@type\":\"BreadcrumbList\",\"@id\":\"https:\\\/\\\/www.strassenweb.de\\\/nachrichten\\\/eva-mendes-und-ryan-gosling-verwenden-miniatur-weihnachtsbaeume-um-ihrer-kuecheninsel-eine-einzigartige-festliche-note-zu-verleihen-den-look-gibt-es-fuer-10\\\/#breadcrumb\",\"itemListElement\":[{\"@type\":\"ListItem\",\"position\":1,\"name\":\"Home\",\"item\":\"https:\\\/\\\/www.strassenweb.de\\\/nachrichten\\\/\"},{\"@type\":\"ListItem\",\"position\":2,\"name\":\"Eva Mendes und Ryan Gosling verwenden Miniatur-Weihnachtsb\u00e4ume, um ihrer K\u00fccheninsel eine einzigartige festliche Note zu verleihen \u2013 den Look gibt es f\u00fcr 10 $\"}]},{\"@type\":\"WebSite\",\"@id\":\"https:\\\/\\\/www.strassenweb.de\\\/nachrichten\\\/#website\",\"url\":\"https:\\\/\\\/www.strassenweb.de\\\/nachrichten\\\/\",\"name\":\"Stra\u00dfenweb\",\"description\":\"Stra\u00dfenverzeichnis f\u00fcr Deutschland\",\"publisher\":{\"@id\":\"https:\\\/\\\/www.strassenweb.de\\\/nachrichten\\\/#organization\"},\"potentialAction\":[{\"@type\":\"SearchAction\",\"target\":{\"@type\":\"EntryPoint\",\"urlTemplate\":\"https:\\\/\\\/www.strassenweb.de\\\/nachrichten\\\/?s={search_term_string}\"},\"query-input\":{\"@type\":\"PropertyValueSpecification\",\"valueRequired\":true,\"valueName\":\"search_term_string\"}}],\"inLanguage\":\"de\"},{\"@type\":\"Organization\",\"@id\":\"https:\\\/\\\/www.strassenweb.de\\\/nachrichten\\\/#organization\",\"name\":\"Stra\u00dfenweb\",\"url\":\"https:\\\/\\\/www.strassenweb.de\\\/nachrichten\\\/\",\"logo\":{\"@type\":\"ImageObject\",\"inLanguage\":\"de\",\"@id\":\"https:\\\/\\\/www.strassenweb.de\\\/nachrichten\\\/#\\\/schema\\\/logo\\\/image\\\/\",\"url\":\"https:\\\/\\\/www.strassenweb.de\\\/nachrichten\\\/wp-content\\\/uploads\\\/2024\\\/09\\\/cropped-favicon.png\",\"contentUrl\":\"https:\\\/\\\/www.strassenweb.de\\\/nachrichten\\\/wp-content\\\/uploads\\\/2024\\\/09\\\/cropped-favicon.png\",\"width\":512,\"height\":512,\"caption\":\"Stra\u00dfenweb\"},\"image\":{\"@id\":\"https:\\\/\\\/www.strassenweb.de\\\/nachrichten\\\/#\\\/schema\\\/logo\\\/image\\\/\"},\"sameAs\":[\"https:\\\/\\\/www.facebook.com\\\/strassenweb\\\/\"]},{\"@type\":\"Person\",\"@id\":\"https:\\\/\\\/www.strassenweb.de\\\/nachrichten\\\/#\\\/schema\\\/person\\\/87c9c9067f1211da429a744dc5a5aa41\",\"name\":\"Robert Hoffmann\",\"image\":{\"@type\":\"ImageObject\",\"inLanguage\":\"de\",\"@id\":\"https:\\\/\\\/www.strassenweb.de\\\/nachrichten\\\/wp-content\\\/uploads\\\/2024\\\/09\\\/strassenweb-150x150.jpg\",\"url\":\"https:\\\/\\\/www.strassenweb.de\\\/nachrichten\\\/wp-content\\\/uploads\\\/2024\\\/09\\\/strassenweb-150x150.jpg\",\"contentUrl\":\"https:\\\/\\\/www.strassenweb.de\\\/nachrichten\\\/wp-content\\\/uploads\\\/2024\\\/09\\\/strassenweb-150x150.jpg\",\"caption\":\"Robert Hoffmann\"},\"description\":\"Ich hei\u00dfe Robert Hoffmann und ich bin ein leidenschaftlicher Verfechter von \u00d6kologie und Biodiversit\u00e4t. Seit meiner Kindheit in den W\u00e4ldern Bayerns f\u00fchle ich mich mit der Natur verbunden und bin entschlossen, sie zu sch\u00fctzen. Heute widme ich mein Leben der Sensibilisierung anderer f\u00fcr die Bedeutung des Umweltschutzes f\u00fcr zuk\u00fcnftige Generationen.\",\"sameAs\":[\"https:\\\/\\\/www.strassenweb.de\\\/\"]}]}<\/script>\n<!-- \/ Yoast SEO plugin. -->","yoast_head_json":{"title":"Eva Mendes und Ryan Gosling verwenden Miniatur-Weihnachtsb\u00e4ume, um ihrer K\u00fccheninsel eine einzigartige festliche Note zu verleihen \u2013 den Look gibt es f\u00fcr 10 $ - Nachrichten - Stra\u00dfenweb","robots":{"index":"index","follow":"follow","max-snippet":"max-snippet:-1","max-image-preview":"max-image-preview:large","max-video-preview":"max-video-preview:-1"},"canonical":"https:\/\/www.strassenweb.de\/nachrichten\/eva-mendes-und-ryan-gosling-verwenden-miniatur-weihnachtsbaeume-um-ihrer-kuecheninsel-eine-einzigartige-festliche-note-zu-verleihen-den-look-gibt-es-fuer-10\/","og_locale":"de_DE","og_type":"article","og_title":"Eva Mendes und Ryan Gosling verwenden Miniatur-Weihnachtsb\u00e4ume, um ihrer K\u00fccheninsel eine einzigartige festliche Note zu verleihen \u2013 den Look gibt es f\u00fcr 10 $ - Nachrichten - Stra\u00dfenweb","og_description":"Nachdem Thanksgiving offiziell hinter uns liegt, hei\u00dfen wir Sie in weihnachtlicher Dekoration mit offenen Armen willkommen. F\u00fcr viele von uns bedeutet das, dass wir unsere","og_url":"https:\/\/www.strassenweb.de\/nachrichten\/eva-mendes-und-ryan-gosling-verwenden-miniatur-weihnachtsbaeume-um-ihrer-kuecheninsel-eine-einzigartige-festliche-note-zu-verleihen-den-look-gibt-es-fuer-10\/","og_site_name":"Stra\u00dfenweb","article_publisher":"https:\/\/www.facebook.com\/strassenweb\/","article_published_time":"2024-12-03T08:41:43+00:00","article_modified_time":"2024-12-03T08:41:44+00:00","og_image":[{"width":1200,"height":675,"url":"https:\/\/www.strassenweb.de\/nachrichten\/wp-content\/uploads\/2024\/12\/Eva-Mendes-und-Ryan-Gosling-verwenden-Miniatur-Weihnachtsbaeume-um-ihrer-Kuecheninsel.jpg","type":"image\/jpeg"}],"author":"Robert Hoffmann","twitter_card":"summary_large_image","twitter_misc":{"Verfasst von":"Robert Hoffmann","Gesch\u00e4tzte Lesezeit":"3\u00a0Minuten"},"schema":{"@context":"https:\/\/schema.org","@graph":[{"@type":"Article","@id":"https:\/\/www.strassenweb.de\/nachrichten\/eva-mendes-und-ryan-gosling-verwenden-miniatur-weihnachtsbaeume-um-ihrer-kuecheninsel-eine-einzigartige-festliche-note-zu-verleihen-den-look-gibt-es-fuer-10\/#article","isPartOf":{"@id":"https:\/\/www.strassenweb.de\/nachrichten\/eva-mendes-und-ryan-gosling-verwenden-miniatur-weihnachtsbaeume-um-ihrer-kuecheninsel-eine-einzigartige-festliche-note-zu-verleihen-den-look-gibt-es-fuer-10\/"},"author":{"name":"Robert Hoffmann","@id":"https:\/\/www.strassenweb.de\/nachrichten\/#\/schema\/person\/87c9c9067f1211da429a744dc5a5aa41"},"headline":"Eva Mendes und Ryan Gosling verwenden Miniatur-Weihnachtsb\u00e4ume, um ihrer K\u00fccheninsel eine einzigartige festliche Note zu verleihen \u2013 den Look gibt es f\u00fcr 10 $","datePublished":"2024-12-03T08:41:43+00:00","dateModified":"2024-12-03T08:41:44+00:00","mainEntityOfPage":{"@id":"https:\/\/www.strassenweb.de\/nachrichten\/eva-mendes-und-ryan-gosling-verwenden-miniatur-weihnachtsbaeume-um-ihrer-kuecheninsel-eine-einzigartige-festliche-note-zu-verleihen-den-look-gibt-es-fuer-10\/"},"wordCount":530,"publisher":{"@id":"https:\/\/www.strassenweb.de\/nachrichten\/#organization"},"image":{"@id":"https:\/\/www.strassenweb.de\/nachrichten\/eva-mendes-und-ryan-gosling-verwenden-miniatur-weihnachtsbaeume-um-ihrer-kuecheninsel-eine-einzigartige-festliche-note-zu-verleihen-den-look-gibt-es-fuer-10\/#primaryimage"},"thumbnailUrl":"https:\/\/www.strassenweb.de\/nachrichten\/wp-content\/uploads\/2024\/12\/Eva-Mendes-und-Ryan-Gosling-verwenden-Miniatur-Weihnachtsbaeume-um-ihrer-Kuecheninsel.jpg","keywords":["den","eine","einzigartige","Eva","festliche","f\u00fcr","gibt","Gosling","ihrer","K\u00fccheninsel","Mendes","MiniaturWeihnachtsb\u00e4ume","Note","Ryan","und","verleihen","verwenden"],"articleSection":["Haus &amp; Garten"],"inLanguage":"de"},{"@type":"WebPage","@id":"https:\/\/www.strassenweb.de\/nachrichten\/eva-mendes-und-ryan-gosling-verwenden-miniatur-weihnachtsbaeume-um-ihrer-kuecheninsel-eine-einzigartige-festliche-note-zu-verleihen-den-look-gibt-es-fuer-10\/","url":"https:\/\/www.strassenweb.de\/nachrichten\/eva-mendes-und-ryan-gosling-verwenden-miniatur-weihnachtsbaeume-um-ihrer-kuecheninsel-eine-einzigartige-festliche-note-zu-verleihen-den-look-gibt-es-fuer-10\/","name":"Eva Mendes und Ryan Gosling verwenden Miniatur-Weihnachtsb\u00e4ume, um ihrer K\u00fccheninsel eine einzigartige festliche Note zu verleihen \u2013 den Look gibt es f\u00fcr 10 $ - Nachrichten - Stra\u00dfenweb","isPartOf":{"@id":"https:\/\/www.strassenweb.de\/nachrichten\/#website"},"primaryImageOfPage":{"@id":"https:\/\/www.strassenweb.de\/nachrichten\/eva-mendes-und-ryan-gosling-verwenden-miniatur-weihnachtsbaeume-um-ihrer-kuecheninsel-eine-einzigartige-festliche-note-zu-verleihen-den-look-gibt-es-fuer-10\/#primaryimage"},"image":{"@id":"https:\/\/www.strassenweb.de\/nachrichten\/eva-mendes-und-ryan-gosling-verwenden-miniatur-weihnachtsbaeume-um-ihrer-kuecheninsel-eine-einzigartige-festliche-note-zu-verleihen-den-look-gibt-es-fuer-10\/#primaryimage"},"thumbnailUrl":"https:\/\/www.strassenweb.de\/nachrichten\/wp-content\/uploads\/2024\/12\/Eva-Mendes-und-Ryan-Gosling-verwenden-Miniatur-Weihnachtsbaeume-um-ihrer-Kuecheninsel.jpg","datePublished":"2024-12-03T08:41:43+00:00","dateModified":"2024-12-03T08:41:44+00:00","breadcrumb":{"@id":"https:\/\/www.strassenweb.de\/nachrichten\/eva-mendes-und-ryan-gosling-verwenden-miniatur-weihnachtsbaeume-um-ihrer-kuecheninsel-eine-einzigartige-festliche-note-zu-verleihen-den-look-gibt-es-fuer-10\/#breadcrumb"},"inLanguage":"de","potentialAction":[{"@type":"ReadAction","target":["https:\/\/www.strassenweb.de\/nachrichten\/eva-mendes-und-ryan-gosling-verwenden-miniatur-weihnachtsbaeume-um-ihrer-kuecheninsel-eine-einzigartige-festliche-note-zu-verleihen-den-look-gibt-es-fuer-10\/"]}]},{"@type":"ImageObject","inLanguage":"de","@id":"https:\/\/www.strassenweb.de\/nachrichten\/eva-mendes-und-ryan-gosling-verwenden-miniatur-weihnachtsbaeume-um-ihrer-kuecheninsel-eine-einzigartige-festliche-note-zu-verleihen-den-look-gibt-es-fuer-10\/#primaryimage","url":"https:\/\/www.strassenweb.de\/nachrichten\/wp-content\/uploads\/2024\/12\/Eva-Mendes-und-Ryan-Gosling-verwenden-Miniatur-Weihnachtsbaeume-um-ihrer-Kuecheninsel.jpg","contentUrl":"https:\/\/www.strassenweb.de\/nachrichten\/wp-content\/uploads\/2024\/12\/Eva-Mendes-und-Ryan-Gosling-verwenden-Miniatur-Weihnachtsbaeume-um-ihrer-Kuecheninsel.jpg","width":1200,"height":675,"caption":"Eva Mendes und Ryan Gosling verwenden Miniatur-Weihnachtsb\u00e4ume, um ihrer K\u00fccheninsel eine einzigartige festliche Note zu verleihen \u2013 den Look gibt es f\u00fcr 10 $"},{"@type":"BreadcrumbList","@id":"https:\/\/www.strassenweb.de\/nachrichten\/eva-mendes-und-ryan-gosling-verwenden-miniatur-weihnachtsbaeume-um-ihrer-kuecheninsel-eine-einzigartige-festliche-note-zu-verleihen-den-look-gibt-es-fuer-10\/#breadcrumb","itemListElement":[{"@type":"ListItem","position":1,"name":"Home","item":"https:\/\/www.strassenweb.de\/nachrichten\/"},{"@type":"ListItem","position":2,"name":"Eva Mendes und Ryan Gosling verwenden Miniatur-Weihnachtsb\u00e4ume, um ihrer K\u00fccheninsel eine einzigartige festliche Note zu verleihen \u2013 den Look gibt es f\u00fcr 10 $"}]},{"@type":"WebSite","@id":"https:\/\/www.strassenweb.de\/nachrichten\/#website","url":"https:\/\/www.strassenweb.de\/nachrichten\/","name":"Stra\u00dfenweb","description":"Stra\u00dfenverzeichnis f\u00fcr Deutschland","publisher":{"@id":"https:\/\/www.strassenweb.de\/nachrichten\/#organization"},"potentialAction":[{"@type":"SearchAction","target":{"@type":"EntryPoint","urlTemplate":"https:\/\/www.strassenweb.de\/nachrichten\/?s={search_term_string}"},"query-input":{"@type":"PropertyValueSpecification","valueRequired":true,"valueName":"search_term_string"}}],"inLanguage":"de"},{"@type":"Organization","@id":"https:\/\/www.strassenweb.de\/nachrichten\/#organization","name":"Stra\u00dfenweb","url":"https:\/\/www.strassenweb.de\/nachrichten\/","logo":{"@type":"ImageObject","inLanguage":"de","@id":"https:\/\/www.strassenweb.de\/nachrichten\/#\/schema\/logo\/image\/","url":"https:\/\/www.strassenweb.de\/nachrichten\/wp-content\/uploads\/2024\/09\/cropped-favicon.png","contentUrl":"https:\/\/www.strassenweb.de\/nachrichten\/wp-content\/uploads\/2024\/09\/cropped-favicon.png","width":512,"height":512,"caption":"Stra\u00dfenweb"},"image":{"@id":"https:\/\/www.strassenweb.de\/nachrichten\/#\/schema\/logo\/image\/"},"sameAs":["https:\/\/www.facebook.com\/strassenweb\/"]},{"@type":"Person","@id":"https:\/\/www.strassenweb.de\/nachrichten\/#\/schema\/person\/87c9c9067f1211da429a744dc5a5aa41","name":"Robert Hoffmann","image":{"@type":"ImageObject","inLanguage":"de","@id":"https:\/\/www.strassenweb.de\/nachrichten\/wp-content\/uploads\/2024\/09\/strassenweb-150x150.jpg","url":"https:\/\/www.strassenweb.de\/nachrichten\/wp-content\/uploads\/2024\/09\/strassenweb-150x150.jpg","contentUrl":"https:\/\/www.strassenweb.de\/nachrichten\/wp-content\/uploads\/2024\/09\/strassenweb-150x150.jpg","caption":"Robert Hoffmann"},"description":"Ich hei\u00dfe Robert Hoffmann und ich bin ein leidenschaftlicher Verfechter von \u00d6kologie und Biodiversit\u00e4t. Seit meiner Kindheit in den W\u00e4ldern Bayerns f\u00fchle ich mich mit der Natur verbunden und bin entschlossen, sie zu sch\u00fctzen. Heute widme ich mein Leben der Sensibilisierung anderer f\u00fcr die Bedeutung des Umweltschutzes f\u00fcr zuk\u00fcnftige Generationen.","sameAs":["https:\/\/www.strassenweb.de\/"]}]}},"_links":{"self":[{"href":"https:\/\/www.strassenweb.de\/nachrichten\/wp-json\/wp\/v2\/posts\/1894","targetHints":{"allow":["GET"]}}],"collection":[{"href":"https:\/\/www.strassenweb.de\/nachrichten\/wp-json\/wp\/v2\/posts"}],"about":[{"href":"https:\/\/www.strassenweb.de\/nachrichten\/wp-json\/wp\/v2\/types\/post"}],"author":[{"embeddable":true,"href":"https:\/\/www.strassenweb.de\/nachrichten\/wp-json\/wp\/v2\/users\/1"}],"replies":[{"embeddable":true,"href":"https:\/\/www.strassenweb.de\/nachrichten\/wp-json\/wp\/v2\/comments?post=1894"}],"version-history":[{"count":0,"href":"https:\/\/www.strassenweb.de\/nachrichten\/wp-json\/wp\/v2\/posts\/1894\/revisions"}],"wp:featuredmedia":[{"embeddable":true,"href":"https:\/\/www.strassenweb.de\/nachrichten\/wp-json\/wp\/v2\/media\/1895"}],"wp:attachment":[{"href":"https:\/\/www.strassenweb.de\/nachrichten\/wp-json\/wp\/v2\/media?parent=1894"}],"wp:term":[{"taxonomy":"category","embeddable":true,"href":"https:\/\/www.strassenweb.de\/nachrichten\/wp-json\/wp\/v2\/categories?post=1894"},{"taxonomy":"post_tag","embeddable":true,"href":"https:\/\/www.strassenweb.de\/nachrichten\/wp-json\/wp\/v2\/tags?post=1894"}],"curies":[{"name":"wp","href":"https:\/\/api.w.org\/{rel}","templated":true}]}}