{"id":1879,"date":"2024-12-02T13:40:24","date_gmt":"2024-12-02T12:40:24","guid":{"rendered":"https:\/\/www.strassenweb.de\/nachrichten\/frueher-dachte-ich-dieser-altmodische-weihnachtsdekor-trend-sei-so-kitschig-innenarchitekten-haben-meine-meinung-fuer-2024-geaendert\/"},"modified":"2024-12-02T13:40:25","modified_gmt":"2024-12-02T12:40:25","slug":"frueher-dachte-ich-dieser-altmodische-weihnachtsdekor-trend-sei-so-kitschig-innenarchitekten-haben-meine-meinung-fuer-2024-geaendert","status":"publish","type":"post","link":"https:\/\/www.strassenweb.de\/nachrichten\/frueher-dachte-ich-dieser-altmodische-weihnachtsdekor-trend-sei-so-kitschig-innenarchitekten-haben-meine-meinung-fuer-2024-geaendert\/","title":{"rendered":"Fr\u00fcher dachte ich, dieser altmodische Weihnachtsdekor-Trend sei so kitschig \u2013 Innenarchitekten haben meine Meinung f\u00fcr 2024 ge\u00e4ndert"},"content":{"rendered":"<p><\/p>\n<div id=\"article-body\" class=\"article__body \">\n<p>An den Feiertagen geht es vor allem darum, Festlichkeit und Freude zu zeigen. Ich halte nichts davon, es zu Weihnachten noch einmal zu kombinieren, da es meiner Meinung nach den Zweck verfehlt \u2013 man hat nicht alle Tage die M\u00f6glichkeit, glitzernde Dinge dort aufzuh\u00e4ngen, wo man es f\u00fcr richtig h\u00e4lt.<\/p>\n<div id=\"ad-unit-1\" class=\"ad-unit\"><\/div>\n<p>Kitsch und Retro harmonieren harmonisch mit der fr\u00f6hlichen Dekadenz von Weihnachten, daher k\u00f6nnte dieses Dekorationsobjekt dieses Jahr perfekt passen. Ich war bei Lametta aufgrund seiner kitschigen Konnotation immer etwas unsicher, aber da Retro-Weihnachtstrends immer beliebter werden, haben diese Designer Lametta ein dringend ben\u00f6tigtes Revival gegeben. Und es ist nicht irgendeine Art von Lametta, die f\u00fcr Innenarchitekten zum Grundnahrungsmittel wird, es ist dieses h\u00fcbsche eiszapfenartige Zeug, das offiziell Lametta-Lametta genannt wird.<\/p>\n<aside class=\"hawk-nest\" data-block-type=\"embed\" data-render-type=\"fte\" data-skip=\"dealsy\" data-widget-type=\"seasonal\">\n<div class=\"hawk-master-widget-hawk-base-wrapper\"><\/div>\n<\/aside>\n<p>Es stellt sich heraus, dass diese zartere Form von Lametta zu jedem Weihnachtsbaumthema passt, von der Vintage-Atmosph\u00e4re, mit der es oft assoziiert wird, bis hin zu minimalistischeren und sogar rustikaleren Designs, bei denen man von Lametta vielleicht nicht erwarten w\u00fcrde, dass sie funktionieren. Lametta sorgt f\u00fcr die luxuri\u00f6se Note, die zu Weihnachten unerl\u00e4sslich ist.<\/p>\n<div id=\"desktop-in-article\" class=\"in-article ad-unit\">\n<div id=\"desktop-taboola-mid-article\"><\/div>\n<\/div>\n<div id=\"mobile-in-article\" class=\"in-article ad-unit\">\n<div id=\"mobile-taboola-mid-article\"><\/div>\n<\/div>\n<p>Werfen wir einen Blick auf die Interpretation des Retro-Dekorst\u00fccks durch den Designer, von B\u00e4umen im maximalistischen Stil bis hin zu minimalistischen monochromen Looks.<\/p>\n<div class=\"van_vid_carousel\">\n<div class=\"van_vid_carousel__padding\">\n<div class=\"van_vid_carousel__container\"><\/div>\n<\/div>\n<\/div>\n<h3 class=\"article-body__section\" id=\"section-1-combine-lametta-tinsel-with-vintage-ornaments\"><span>1. Kombinieren Sie Lametta-Lametta mit Vintage-Ornamenten<\/span><\/h3>\n<figure class=\"van-image-figure inline-layout \" data-bordeaux-image-check>\n<div class=\"image-full-width-wrapper\">\n<div class=\"image-widthsetter\" style=\"max-width:2000px;\"><\/div>\n<\/div><figcaption class=\"inline-layout \">\n<div class=\"caption-text\">\n<p>Gray Walker Interiors hat diesen Baum mit erkennbarem Lametta-Lametta und Retro-Glaskugeln geschm\u00fcckt.<\/p>\n<\/div>\n<\/figcaption><\/figure>\n<p>In den letzten Jahren kam es zu einem gro\u00dfen Retro-Revival \u2013 wir konnten es in allen Bereichen des Designs beobachten, von M\u00f6beln bis hin zu Haushaltswaren. Weihnachten geht mit Tradition einher. Gibt es also ein besseres Thema, das Sie in Ihren Weihnachtsbaum integrieren k\u00f6nnten, als eines, das nostalgische Erinnerungen weckt?<\/p>\n<div id=\"ad-unit-2\" class=\"ad-unit\"><\/div>\n<p>Gray Walker Interiors hat ihren Baum mit sofort erkennbarem Lametta-Lametta und Glaskugeln im Vintage-Stil geschm\u00fcckt. Retro-Ornamente im Kitsch-Stil geh\u00f6ren zu den h\u00e4ufigsten Dekorarten in Sammlungen auf der ganzen Welt. Normalerweise bestehen sie aus Glas und sind zart, aber kr\u00e4ftig in Farbe und Form, und oft ist das Motiv auch etwas Unerwartetes. Sie passen hervorragend zu allen Arten von Lametta, insbesondere zu Eiszapfen, und vereinen Glanz und Farbe zu einem Ganzen.<\/p>\n<p>Gray ist ein gro\u00dfer Bef\u00fcrworter von Lametta und Vintage-Dekoration und erkl\u00e4rt: \u201eIch liebe einen altmodischen Weihnachtsbaum, der vor einem Fenster mit Blick auf die Stra\u00dfe und, wenn m\u00f6glich, neben einem Kamin steht!\u201c Jede Menge wei\u00dfe Lichter, klassische Dekorationen und strategisch verteiltes Lametta sind meine pers\u00f6nliche Formel.\u201c<\/p>\n<div class=\"product-container hero-product-container product-block-no-wrap\"><\/div>\n<h3 class=\"article-body__section\" id=\"section-2-create-a-rustic-shimmering-tree\"><span>2. Gestalten Sie einen rustikal schimmernden Baum<\/span><\/h3>\n<div class=\"instagram-embed\">\n<blockquote class=\"instagram-media\" data-instgrm-captioned data-instgrm-version=\"6\" style=\"width:99.375%; width:-webkit-calc(100% - 2px); width:calc(100% - 2px);\">\n<p>Ein von Amber Lewis (@amberinteriors) geteilter Beitrag<\/p>\n<p>Ein Foto gepostet von am <\/p>\n<\/blockquote>\n<\/div>\n<p>Eiszapfen-Lametta sieht auf allen Arten von Weihnachtsb\u00e4umen gut aus, sieht aber \u00fcberraschend gut auf einem neutralen Baum mit paarigen R\u00fccken aus, wie er im Wohnzimmer der Designerin Amber Lewis steht. Amber verwendet weniger Schmuck an ihrem Baum und verwendet wei\u00dfe und braune Kugeln, sodass das Lametta die Show stiehlt und in seiner ganzen Pracht erstrahlt.<\/p>\n<p>Der in Los Angeles ans\u00e4ssige Innenarchitekt Liad Schwartz sagt, dass Ihr Baum durch die Einhaltung einer zusammenh\u00e4ngenden Farbpalette m\u00fchelos stilvoll aussieht, egal welche Trends Sie einf\u00fchren m\u00f6chten. \u201eStellen Sie sich das so vor, als w\u00fcrden Sie Ihren Baum in die Gestaltungsgeschichte Ihres Raums einbinden.\u201c Ganz gleich, ob Sie sich f\u00fcr klassisches Gold und Silber oder trendige Juwelent\u00f6ne entscheiden \u2013 wenn Sie alles koh\u00e4rent halten, wirkt Ihr Baum gewollt und sch\u00f6n integriert.\u201c<\/p>\n<p>Der Schl\u00fcssel zu diesem Look liegt darin, eine minimale Basis zu w\u00e4hlen und eine Handvoll Kugeln zu verwenden, die zum Farbton des Lametta passen. Scheuen Sie sich nicht, mit der Lametta wild zu werden. Sie k\u00f6nnen es sich leisten, wenn Sie mit einer minimalen Auswahl an Kugeln arbeiten.<\/p>\n<h3 class=\"article-body__section\" id=\"section-3-go-monochromatic-and-delicate\"><span>3. Gehen Sie einfarbig und zart vor<\/span><\/h3>\n<figure class=\"van-image-figure inline-layout \" data-bordeaux-image-check>\n<div class=\"image-full-width-wrapper\">\n<div class=\"image-widthsetter\" style=\"max-width:2000px;\"><\/div>\n<\/div>\n<\/figure>\n<p>Obwohl es oft als laut und stolz angesehen wird, kann Eiszapfen-Lametta recht elegant aussehen, wenn es sparsam arrangiert wird. Es m\u00fcssen keine gro\u00dfen Mengen verwendet werden. Mit nur einer Handvoll Streifen kann ein zarter, mattierter Look erzeugt werden, der Ihren Baum betont, anstatt ihn zu dominieren. Minimale Weihnachtslooks liegen voll im Trend und konzentrieren sich auf die feineren Details.<\/p>\n<p>Die Designerin Kathy Kuo meint, dass die Annahme des Retro-Weihnachtstrends nicht bedeutet, mutig und farbenfroh zu sein, insbesondere wenn der Rest Ihres Baumes schlicht ist. \u201eEine m\u00e4\u00dfige Verwendung von Lametta ist eine sch\u00f6ne M\u00f6glichkeit, Ihrem Zuhause w\u00e4hrend der Weihnachtszeit etwas metallischen Glamour und Glanz zu verleihen.\u201c \u201eLametta hat den Ruf, ein bisschen retro zu sein, aber ich denke, das kann eine gute Sache sein, besonders wenn es mit einem minimalistischen Ansatz f\u00fcr Baumschmuck kombiniert wird, damit das Lametta nicht zu sehr mit zus\u00e4tzlichen Dekorationselementen konkurriert.\u201c<\/p>\n<p>Die klassischen Metallic-T\u00f6ne sorgen f\u00fcr Glanz und beeintr\u00e4chtigen Ihre sch\u00f6nen Kugeln oder Ornamente nicht und kollidieren nicht mit ihnen. Du<strong> <\/strong>Sie k\u00f6nnen Lametta-Lametta wirklich g\u00fcnstig bei Amazon und Target kaufen, und es gibt eine Vielzahl von Farben zur Auswahl. Mir gefallen Silber oder Gold am besten f\u00fcr einen klassischen Look, der zu jedem Stil passt, den Sie bevorzugen.<\/p>\n<div class=\"product-container hero-product-container product-block-no-wrap\"><\/div>\n<h3 class=\"article-body__section\" id=\"section-4-go-all-out-with-the-tinsel\"><span>4. Gehen Sie mit dem Lametta aufs Ganze<\/span><\/h3>\n<div class=\"instagram-embed\">\n<blockquote class=\"instagram-media\" data-instgrm-captioned data-instgrm-version=\"6\" style=\"width:99.375%; width:-webkit-calc(100% - 2px); width:calc(100% - 2px);\">\n<p>Ein Beitrag geteilt von Leben Riebe (@vintageholiday)<\/p>\n<p>Ein Foto gepostet von am <\/p>\n<\/blockquote>\n<\/div>\n<p>Es w\u00e4re nicht fair, einen maximalistischen Baum wegzulassen. An Weihnachten dreht sich alles um \u00fcberm\u00e4\u00dfige Zurschaustellung und \u00fcppige Dekoration, die zu den Grundpfeilern des Maximalismus geh\u00f6ren. Instagammer Leben Riebeis h\u00e4lt sich mit dem Lametta nicht zur\u00fcck. Inspiriert von der vergangenen Dekadenz hat er diesen k\u00fcnstlichen Fliederbaum mit silbernem Lametta \u00fcberzogen. Man kann nicht sagen, dass es nicht original ist!<\/p>\n<p>Designer Jonathan Adler verfolgt den gleichen Ansatz und setzt besonders in dieser Jahreszeit auf das \u00dcberma\u00df. Er sagt: \u201eDie Feiertage sind keine Zeit, sich zur\u00fcckzuhalten: Je mehr Glitzer, desto besser.\u201c Und was ist funkelnder als ein silberner Baum? Oder ein wei\u00dfer Baum voller Kugeln? Was auch immer Sie tun, sparen Sie nicht. \u201eNichts ist trauriger als ein Baum mit unzureichenden Accessoires.\u201c Es gibt keine Regeln dar\u00fcber, wie viel Dekoration Sie verwenden sollten. Je mehr, desto besser f\u00fcr die ultimative Festlichkeit!<\/p>\n<p>Leben Riebe (AKA @vintageholiday) l\u00e4sst sich von historischen Looks inspirieren und erweckt die Vergangenheit mit neuen Dekorationsstilen zum Leben. Er beschreibt seinen Baum als eine Erinnerung an Vintage-Weihnachten aus den 1940er Jahren. Leben sagt, dass das Lametta \u201ewie ein Wasserfall herabst\u00fcrzt\u201c, und er hat nicht unrecht, es hat eine magische, drapierte Qualit\u00e4t, die m\u00fchelos den Baum hinunterf\u00e4llt. Seien Sie jedoch gewarnt, Sie ben\u00f6tigen m\u00f6glicherweise ein paar Packungen Lametta, um diesen Look zu erzielen &#8230;<\/p>\n<hr>\n<p>Ich h\u00f6re nicht mehr, dass irgendjemand Eiszapfen-Lametta \u201eklebrig\u201c oder \u201ekitschig\u201c nennt, denn in meinen Augen ist es die Dekoration, die wir alle brauchen, um ein festliches, lustiges und funkelndes Meisterwerk zu schaffen. Ich habe immer gez\u00f6gert, das Lametta hervorzuholen, wenn es um meine eigene Weihnachtsdekoration ging, aber ich bin froh, dass der Retro-Stil sein gro\u00dfes Comeback erlebt hat. Diese atemberaubenden B\u00e4ume haben die wahre Eleganz des Lametta zur Geltung gebracht und mich daran erinnert, wie vielseitig und elegant es sein kann.<\/p>\n<\/div>\n<p><script async src=\"\/\/www.instagram.com\/embed.js\"><\/script><\/p>\n","protected":false},"excerpt":{"rendered":"<p>An den Feiertagen geht es vor allem darum, Festlichkeit und Freude zu zeigen. Ich halte nichts davon, es zu Weihnachten noch einmal zu kombinieren, da<\/p>\n","protected":false},"author":1,"featured_media":1880,"comment_status":"closed","ping_status":"","sticky":false,"template":"","format":"standard","meta":{"footnotes":""},"categories":[118],"tags":[3366,174,1554,3365,55,3370,469,129,717,3368,1054,3369,1249,3367],"class_list":["post-1879","post","type-post","status-publish","format-standard","has-post-thumbnail","hentry","category-haus-garten","tag-altmodische","tag-dachte","tag-dieser","tag-frueher","tag-fuer","tag-geaendert","tag-haben","tag-ich","tag-innenarchitekten","tag-kitschig","tag-meine","tag-meinung","tag-sei","tag-weihnachtsdekortrend","generate-columns","tablet-grid-50","mobile-grid-100","grid-parent","grid-50"],"yoast_head":"<!-- This site is optimized with the Yoast SEO plugin v27.3 - https:\/\/yoast.com\/product\/yoast-seo-wordpress\/ -->\n<title>Fr\u00fcher dachte ich, dieser altmodische Weihnachtsdekor-Trend sei so kitschig \u2013 Innenarchitekten haben meine Meinung f\u00fcr 2024 ge\u00e4ndert - Nachrichten - Stra\u00dfenweb<\/title>\n<meta name=\"robots\" content=\"index, follow, max-snippet:-1, max-image-preview:large, max-video-preview:-1\" \/>\n<link rel=\"canonical\" href=\"https:\/\/www.strassenweb.de\/nachrichten\/frueher-dachte-ich-dieser-altmodische-weihnachtsdekor-trend-sei-so-kitschig-innenarchitekten-haben-meine-meinung-fuer-2024-geaendert\/\" \/>\n<meta property=\"og:locale\" content=\"de_DE\" \/>\n<meta property=\"og:type\" content=\"article\" \/>\n<meta property=\"og:title\" content=\"Fr\u00fcher dachte ich, dieser altmodische Weihnachtsdekor-Trend sei so kitschig \u2013 Innenarchitekten haben meine Meinung f\u00fcr 2024 ge\u00e4ndert - Nachrichten - Stra\u00dfenweb\" \/>\n<meta property=\"og:description\" content=\"An den Feiertagen geht es vor allem darum, Festlichkeit und Freude zu zeigen. Ich halte nichts davon, es zu Weihnachten noch einmal zu kombinieren, da\" \/>\n<meta property=\"og:url\" content=\"https:\/\/www.strassenweb.de\/nachrichten\/frueher-dachte-ich-dieser-altmodische-weihnachtsdekor-trend-sei-so-kitschig-innenarchitekten-haben-meine-meinung-fuer-2024-geaendert\/\" \/>\n<meta property=\"og:site_name\" content=\"Stra\u00dfenweb\" \/>\n<meta property=\"article:publisher\" content=\"https:\/\/www.facebook.com\/strassenweb\/\" \/>\n<meta property=\"article:published_time\" content=\"2024-12-02T12:40:24+00:00\" \/>\n<meta property=\"article:modified_time\" content=\"2024-12-02T12:40:25+00:00\" \/>\n<meta property=\"og:image\" content=\"https:\/\/www.strassenweb.de\/nachrichten\/wp-content\/uploads\/2024\/12\/Frueher-dachte-ich-dieser-altmodische-Weihnachtsdekor-Trend-sei-so-kitschig-\u2013.jpg\" \/>\n\t<meta property=\"og:image:width\" content=\"1200\" \/>\n\t<meta property=\"og:image:height\" content=\"675\" \/>\n\t<meta property=\"og:image:type\" content=\"image\/jpeg\" \/>\n<meta name=\"author\" content=\"Robert Hoffmann\" \/>\n<meta name=\"twitter:card\" content=\"summary_large_image\" \/>\n<meta name=\"twitter:label1\" content=\"Verfasst von\" \/>\n\t<meta name=\"twitter:data1\" content=\"Robert Hoffmann\" \/>\n\t<meta name=\"twitter:label2\" content=\"Gesch\u00e4tzte Lesezeit\" \/>\n\t<meta name=\"twitter:data2\" content=\"6\u00a0Minuten\" \/>\n<script type=\"application\/ld+json\" class=\"yoast-schema-graph\">{\"@context\":\"https:\\\/\\\/schema.org\",\"@graph\":[{\"@type\":\"Article\",\"@id\":\"https:\\\/\\\/www.strassenweb.de\\\/nachrichten\\\/frueher-dachte-ich-dieser-altmodische-weihnachtsdekor-trend-sei-so-kitschig-innenarchitekten-haben-meine-meinung-fuer-2024-geaendert\\\/#article\",\"isPartOf\":{\"@id\":\"https:\\\/\\\/www.strassenweb.de\\\/nachrichten\\\/frueher-dachte-ich-dieser-altmodische-weihnachtsdekor-trend-sei-so-kitschig-innenarchitekten-haben-meine-meinung-fuer-2024-geaendert\\\/\"},\"author\":{\"name\":\"Robert Hoffmann\",\"@id\":\"https:\\\/\\\/www.strassenweb.de\\\/nachrichten\\\/#\\\/schema\\\/person\\\/87c9c9067f1211da429a744dc5a5aa41\"},\"headline\":\"Fr\u00fcher dachte ich, dieser altmodische Weihnachtsdekor-Trend sei so kitschig \u2013 Innenarchitekten haben meine Meinung f\u00fcr 2024 ge\u00e4ndert\",\"datePublished\":\"2024-12-02T12:40:24+00:00\",\"dateModified\":\"2024-12-02T12:40:25+00:00\",\"mainEntityOfPage\":{\"@id\":\"https:\\\/\\\/www.strassenweb.de\\\/nachrichten\\\/frueher-dachte-ich-dieser-altmodische-weihnachtsdekor-trend-sei-so-kitschig-innenarchitekten-haben-meine-meinung-fuer-2024-geaendert\\\/\"},\"wordCount\":1190,\"publisher\":{\"@id\":\"https:\\\/\\\/www.strassenweb.de\\\/nachrichten\\\/#organization\"},\"image\":{\"@id\":\"https:\\\/\\\/www.strassenweb.de\\\/nachrichten\\\/frueher-dachte-ich-dieser-altmodische-weihnachtsdekor-trend-sei-so-kitschig-innenarchitekten-haben-meine-meinung-fuer-2024-geaendert\\\/#primaryimage\"},\"thumbnailUrl\":\"https:\\\/\\\/www.strassenweb.de\\\/nachrichten\\\/wp-content\\\/uploads\\\/2024\\\/12\\\/Frueher-dachte-ich-dieser-altmodische-Weihnachtsdekor-Trend-sei-so-kitschig-\u2013.jpg\",\"keywords\":[\"altmodische\",\"dachte\",\"dieser\",\"Fr\u00fcher\",\"f\u00fcr\",\"ge\u00e4ndert\",\"haben\",\"ich\",\"Innenarchitekten\",\"kitschig\",\"meine\",\"Meinung\",\"sei\",\"WeihnachtsdekorTrend\"],\"articleSection\":[\"Haus &amp; Garten\"],\"inLanguage\":\"de\"},{\"@type\":\"WebPage\",\"@id\":\"https:\\\/\\\/www.strassenweb.de\\\/nachrichten\\\/frueher-dachte-ich-dieser-altmodische-weihnachtsdekor-trend-sei-so-kitschig-innenarchitekten-haben-meine-meinung-fuer-2024-geaendert\\\/\",\"url\":\"https:\\\/\\\/www.strassenweb.de\\\/nachrichten\\\/frueher-dachte-ich-dieser-altmodische-weihnachtsdekor-trend-sei-so-kitschig-innenarchitekten-haben-meine-meinung-fuer-2024-geaendert\\\/\",\"name\":\"Fr\u00fcher dachte ich, dieser altmodische Weihnachtsdekor-Trend sei so kitschig \u2013 Innenarchitekten haben meine Meinung f\u00fcr 2024 ge\u00e4ndert - Nachrichten - Stra\u00dfenweb\",\"isPartOf\":{\"@id\":\"https:\\\/\\\/www.strassenweb.de\\\/nachrichten\\\/#website\"},\"primaryImageOfPage\":{\"@id\":\"https:\\\/\\\/www.strassenweb.de\\\/nachrichten\\\/frueher-dachte-ich-dieser-altmodische-weihnachtsdekor-trend-sei-so-kitschig-innenarchitekten-haben-meine-meinung-fuer-2024-geaendert\\\/#primaryimage\"},\"image\":{\"@id\":\"https:\\\/\\\/www.strassenweb.de\\\/nachrichten\\\/frueher-dachte-ich-dieser-altmodische-weihnachtsdekor-trend-sei-so-kitschig-innenarchitekten-haben-meine-meinung-fuer-2024-geaendert\\\/#primaryimage\"},\"thumbnailUrl\":\"https:\\\/\\\/www.strassenweb.de\\\/nachrichten\\\/wp-content\\\/uploads\\\/2024\\\/12\\\/Frueher-dachte-ich-dieser-altmodische-Weihnachtsdekor-Trend-sei-so-kitschig-\u2013.jpg\",\"datePublished\":\"2024-12-02T12:40:24+00:00\",\"dateModified\":\"2024-12-02T12:40:25+00:00\",\"breadcrumb\":{\"@id\":\"https:\\\/\\\/www.strassenweb.de\\\/nachrichten\\\/frueher-dachte-ich-dieser-altmodische-weihnachtsdekor-trend-sei-so-kitschig-innenarchitekten-haben-meine-meinung-fuer-2024-geaendert\\\/#breadcrumb\"},\"inLanguage\":\"de\",\"potentialAction\":[{\"@type\":\"ReadAction\",\"target\":[\"https:\\\/\\\/www.strassenweb.de\\\/nachrichten\\\/frueher-dachte-ich-dieser-altmodische-weihnachtsdekor-trend-sei-so-kitschig-innenarchitekten-haben-meine-meinung-fuer-2024-geaendert\\\/\"]}]},{\"@type\":\"ImageObject\",\"inLanguage\":\"de\",\"@id\":\"https:\\\/\\\/www.strassenweb.de\\\/nachrichten\\\/frueher-dachte-ich-dieser-altmodische-weihnachtsdekor-trend-sei-so-kitschig-innenarchitekten-haben-meine-meinung-fuer-2024-geaendert\\\/#primaryimage\",\"url\":\"https:\\\/\\\/www.strassenweb.de\\\/nachrichten\\\/wp-content\\\/uploads\\\/2024\\\/12\\\/Frueher-dachte-ich-dieser-altmodische-Weihnachtsdekor-Trend-sei-so-kitschig-\u2013.jpg\",\"contentUrl\":\"https:\\\/\\\/www.strassenweb.de\\\/nachrichten\\\/wp-content\\\/uploads\\\/2024\\\/12\\\/Frueher-dachte-ich-dieser-altmodische-Weihnachtsdekor-Trend-sei-so-kitschig-\u2013.jpg\",\"width\":1200,\"height\":675,\"caption\":\"Fr\u00fcher dachte ich, dieser altmodische Weihnachtsdekor-Trend sei so kitschig \u2013 Innenarchitekten haben meine Meinung f\u00fcr 2024 ge\u00e4ndert\"},{\"@type\":\"BreadcrumbList\",\"@id\":\"https:\\\/\\\/www.strassenweb.de\\\/nachrichten\\\/frueher-dachte-ich-dieser-altmodische-weihnachtsdekor-trend-sei-so-kitschig-innenarchitekten-haben-meine-meinung-fuer-2024-geaendert\\\/#breadcrumb\",\"itemListElement\":[{\"@type\":\"ListItem\",\"position\":1,\"name\":\"Home\",\"item\":\"https:\\\/\\\/www.strassenweb.de\\\/nachrichten\\\/\"},{\"@type\":\"ListItem\",\"position\":2,\"name\":\"Fr\u00fcher dachte ich, dieser altmodische Weihnachtsdekor-Trend sei so kitschig \u2013 Innenarchitekten haben meine Meinung f\u00fcr 2024 ge\u00e4ndert\"}]},{\"@type\":\"WebSite\",\"@id\":\"https:\\\/\\\/www.strassenweb.de\\\/nachrichten\\\/#website\",\"url\":\"https:\\\/\\\/www.strassenweb.de\\\/nachrichten\\\/\",\"name\":\"Stra\u00dfenweb\",\"description\":\"Stra\u00dfenverzeichnis f\u00fcr Deutschland\",\"publisher\":{\"@id\":\"https:\\\/\\\/www.strassenweb.de\\\/nachrichten\\\/#organization\"},\"potentialAction\":[{\"@type\":\"SearchAction\",\"target\":{\"@type\":\"EntryPoint\",\"urlTemplate\":\"https:\\\/\\\/www.strassenweb.de\\\/nachrichten\\\/?s={search_term_string}\"},\"query-input\":{\"@type\":\"PropertyValueSpecification\",\"valueRequired\":true,\"valueName\":\"search_term_string\"}}],\"inLanguage\":\"de\"},{\"@type\":\"Organization\",\"@id\":\"https:\\\/\\\/www.strassenweb.de\\\/nachrichten\\\/#organization\",\"name\":\"Stra\u00dfenweb\",\"url\":\"https:\\\/\\\/www.strassenweb.de\\\/nachrichten\\\/\",\"logo\":{\"@type\":\"ImageObject\",\"inLanguage\":\"de\",\"@id\":\"https:\\\/\\\/www.strassenweb.de\\\/nachrichten\\\/#\\\/schema\\\/logo\\\/image\\\/\",\"url\":\"https:\\\/\\\/www.strassenweb.de\\\/nachrichten\\\/wp-content\\\/uploads\\\/2024\\\/09\\\/cropped-favicon.png\",\"contentUrl\":\"https:\\\/\\\/www.strassenweb.de\\\/nachrichten\\\/wp-content\\\/uploads\\\/2024\\\/09\\\/cropped-favicon.png\",\"width\":512,\"height\":512,\"caption\":\"Stra\u00dfenweb\"},\"image\":{\"@id\":\"https:\\\/\\\/www.strassenweb.de\\\/nachrichten\\\/#\\\/schema\\\/logo\\\/image\\\/\"},\"sameAs\":[\"https:\\\/\\\/www.facebook.com\\\/strassenweb\\\/\"]},{\"@type\":\"Person\",\"@id\":\"https:\\\/\\\/www.strassenweb.de\\\/nachrichten\\\/#\\\/schema\\\/person\\\/87c9c9067f1211da429a744dc5a5aa41\",\"name\":\"Robert Hoffmann\",\"image\":{\"@type\":\"ImageObject\",\"inLanguage\":\"de\",\"@id\":\"https:\\\/\\\/www.strassenweb.de\\\/nachrichten\\\/wp-content\\\/uploads\\\/2024\\\/09\\\/strassenweb-150x150.jpg\",\"url\":\"https:\\\/\\\/www.strassenweb.de\\\/nachrichten\\\/wp-content\\\/uploads\\\/2024\\\/09\\\/strassenweb-150x150.jpg\",\"contentUrl\":\"https:\\\/\\\/www.strassenweb.de\\\/nachrichten\\\/wp-content\\\/uploads\\\/2024\\\/09\\\/strassenweb-150x150.jpg\",\"caption\":\"Robert Hoffmann\"},\"description\":\"Ich hei\u00dfe Robert Hoffmann und ich bin ein leidenschaftlicher Verfechter von \u00d6kologie und Biodiversit\u00e4t. Seit meiner Kindheit in den W\u00e4ldern Bayerns f\u00fchle ich mich mit der Natur verbunden und bin entschlossen, sie zu sch\u00fctzen. Heute widme ich mein Leben der Sensibilisierung anderer f\u00fcr die Bedeutung des Umweltschutzes f\u00fcr zuk\u00fcnftige Generationen.\",\"sameAs\":[\"https:\\\/\\\/www.strassenweb.de\\\/\"]}]}<\/script>\n<!-- \/ Yoast SEO plugin. -->","yoast_head_json":{"title":"Fr\u00fcher dachte ich, dieser altmodische Weihnachtsdekor-Trend sei so kitschig \u2013 Innenarchitekten haben meine Meinung f\u00fcr 2024 ge\u00e4ndert - Nachrichten - Stra\u00dfenweb","robots":{"index":"index","follow":"follow","max-snippet":"max-snippet:-1","max-image-preview":"max-image-preview:large","max-video-preview":"max-video-preview:-1"},"canonical":"https:\/\/www.strassenweb.de\/nachrichten\/frueher-dachte-ich-dieser-altmodische-weihnachtsdekor-trend-sei-so-kitschig-innenarchitekten-haben-meine-meinung-fuer-2024-geaendert\/","og_locale":"de_DE","og_type":"article","og_title":"Fr\u00fcher dachte ich, dieser altmodische Weihnachtsdekor-Trend sei so kitschig \u2013 Innenarchitekten haben meine Meinung f\u00fcr 2024 ge\u00e4ndert - Nachrichten - Stra\u00dfenweb","og_description":"An den Feiertagen geht es vor allem darum, Festlichkeit und Freude zu zeigen. Ich halte nichts davon, es zu Weihnachten noch einmal zu kombinieren, da","og_url":"https:\/\/www.strassenweb.de\/nachrichten\/frueher-dachte-ich-dieser-altmodische-weihnachtsdekor-trend-sei-so-kitschig-innenarchitekten-haben-meine-meinung-fuer-2024-geaendert\/","og_site_name":"Stra\u00dfenweb","article_publisher":"https:\/\/www.facebook.com\/strassenweb\/","article_published_time":"2024-12-02T12:40:24+00:00","article_modified_time":"2024-12-02T12:40:25+00:00","og_image":[{"width":1200,"height":675,"url":"https:\/\/www.strassenweb.de\/nachrichten\/wp-content\/uploads\/2024\/12\/Frueher-dachte-ich-dieser-altmodische-Weihnachtsdekor-Trend-sei-so-kitschig-\u2013.jpg","type":"image\/jpeg"}],"author":"Robert Hoffmann","twitter_card":"summary_large_image","twitter_misc":{"Verfasst von":"Robert Hoffmann","Gesch\u00e4tzte Lesezeit":"6\u00a0Minuten"},"schema":{"@context":"https:\/\/schema.org","@graph":[{"@type":"Article","@id":"https:\/\/www.strassenweb.de\/nachrichten\/frueher-dachte-ich-dieser-altmodische-weihnachtsdekor-trend-sei-so-kitschig-innenarchitekten-haben-meine-meinung-fuer-2024-geaendert\/#article","isPartOf":{"@id":"https:\/\/www.strassenweb.de\/nachrichten\/frueher-dachte-ich-dieser-altmodische-weihnachtsdekor-trend-sei-so-kitschig-innenarchitekten-haben-meine-meinung-fuer-2024-geaendert\/"},"author":{"name":"Robert Hoffmann","@id":"https:\/\/www.strassenweb.de\/nachrichten\/#\/schema\/person\/87c9c9067f1211da429a744dc5a5aa41"},"headline":"Fr\u00fcher dachte ich, dieser altmodische Weihnachtsdekor-Trend sei so kitschig \u2013 Innenarchitekten haben meine Meinung f\u00fcr 2024 ge\u00e4ndert","datePublished":"2024-12-02T12:40:24+00:00","dateModified":"2024-12-02T12:40:25+00:00","mainEntityOfPage":{"@id":"https:\/\/www.strassenweb.de\/nachrichten\/frueher-dachte-ich-dieser-altmodische-weihnachtsdekor-trend-sei-so-kitschig-innenarchitekten-haben-meine-meinung-fuer-2024-geaendert\/"},"wordCount":1190,"publisher":{"@id":"https:\/\/www.strassenweb.de\/nachrichten\/#organization"},"image":{"@id":"https:\/\/www.strassenweb.de\/nachrichten\/frueher-dachte-ich-dieser-altmodische-weihnachtsdekor-trend-sei-so-kitschig-innenarchitekten-haben-meine-meinung-fuer-2024-geaendert\/#primaryimage"},"thumbnailUrl":"https:\/\/www.strassenweb.de\/nachrichten\/wp-content\/uploads\/2024\/12\/Frueher-dachte-ich-dieser-altmodische-Weihnachtsdekor-Trend-sei-so-kitschig-\u2013.jpg","keywords":["altmodische","dachte","dieser","Fr\u00fcher","f\u00fcr","ge\u00e4ndert","haben","ich","Innenarchitekten","kitschig","meine","Meinung","sei","WeihnachtsdekorTrend"],"articleSection":["Haus &amp; Garten"],"inLanguage":"de"},{"@type":"WebPage","@id":"https:\/\/www.strassenweb.de\/nachrichten\/frueher-dachte-ich-dieser-altmodische-weihnachtsdekor-trend-sei-so-kitschig-innenarchitekten-haben-meine-meinung-fuer-2024-geaendert\/","url":"https:\/\/www.strassenweb.de\/nachrichten\/frueher-dachte-ich-dieser-altmodische-weihnachtsdekor-trend-sei-so-kitschig-innenarchitekten-haben-meine-meinung-fuer-2024-geaendert\/","name":"Fr\u00fcher dachte ich, dieser altmodische Weihnachtsdekor-Trend sei so kitschig \u2013 Innenarchitekten haben meine Meinung f\u00fcr 2024 ge\u00e4ndert - Nachrichten - Stra\u00dfenweb","isPartOf":{"@id":"https:\/\/www.strassenweb.de\/nachrichten\/#website"},"primaryImageOfPage":{"@id":"https:\/\/www.strassenweb.de\/nachrichten\/frueher-dachte-ich-dieser-altmodische-weihnachtsdekor-trend-sei-so-kitschig-innenarchitekten-haben-meine-meinung-fuer-2024-geaendert\/#primaryimage"},"image":{"@id":"https:\/\/www.strassenweb.de\/nachrichten\/frueher-dachte-ich-dieser-altmodische-weihnachtsdekor-trend-sei-so-kitschig-innenarchitekten-haben-meine-meinung-fuer-2024-geaendert\/#primaryimage"},"thumbnailUrl":"https:\/\/www.strassenweb.de\/nachrichten\/wp-content\/uploads\/2024\/12\/Frueher-dachte-ich-dieser-altmodische-Weihnachtsdekor-Trend-sei-so-kitschig-\u2013.jpg","datePublished":"2024-12-02T12:40:24+00:00","dateModified":"2024-12-02T12:40:25+00:00","breadcrumb":{"@id":"https:\/\/www.strassenweb.de\/nachrichten\/frueher-dachte-ich-dieser-altmodische-weihnachtsdekor-trend-sei-so-kitschig-innenarchitekten-haben-meine-meinung-fuer-2024-geaendert\/#breadcrumb"},"inLanguage":"de","potentialAction":[{"@type":"ReadAction","target":["https:\/\/www.strassenweb.de\/nachrichten\/frueher-dachte-ich-dieser-altmodische-weihnachtsdekor-trend-sei-so-kitschig-innenarchitekten-haben-meine-meinung-fuer-2024-geaendert\/"]}]},{"@type":"ImageObject","inLanguage":"de","@id":"https:\/\/www.strassenweb.de\/nachrichten\/frueher-dachte-ich-dieser-altmodische-weihnachtsdekor-trend-sei-so-kitschig-innenarchitekten-haben-meine-meinung-fuer-2024-geaendert\/#primaryimage","url":"https:\/\/www.strassenweb.de\/nachrichten\/wp-content\/uploads\/2024\/12\/Frueher-dachte-ich-dieser-altmodische-Weihnachtsdekor-Trend-sei-so-kitschig-\u2013.jpg","contentUrl":"https:\/\/www.strassenweb.de\/nachrichten\/wp-content\/uploads\/2024\/12\/Frueher-dachte-ich-dieser-altmodische-Weihnachtsdekor-Trend-sei-so-kitschig-\u2013.jpg","width":1200,"height":675,"caption":"Fr\u00fcher dachte ich, dieser altmodische Weihnachtsdekor-Trend sei so kitschig \u2013 Innenarchitekten haben meine Meinung f\u00fcr 2024 ge\u00e4ndert"},{"@type":"BreadcrumbList","@id":"https:\/\/www.strassenweb.de\/nachrichten\/frueher-dachte-ich-dieser-altmodische-weihnachtsdekor-trend-sei-so-kitschig-innenarchitekten-haben-meine-meinung-fuer-2024-geaendert\/#breadcrumb","itemListElement":[{"@type":"ListItem","position":1,"name":"Home","item":"https:\/\/www.strassenweb.de\/nachrichten\/"},{"@type":"ListItem","position":2,"name":"Fr\u00fcher dachte ich, dieser altmodische Weihnachtsdekor-Trend sei so kitschig \u2013 Innenarchitekten haben meine Meinung f\u00fcr 2024 ge\u00e4ndert"}]},{"@type":"WebSite","@id":"https:\/\/www.strassenweb.de\/nachrichten\/#website","url":"https:\/\/www.strassenweb.de\/nachrichten\/","name":"Stra\u00dfenweb","description":"Stra\u00dfenverzeichnis f\u00fcr Deutschland","publisher":{"@id":"https:\/\/www.strassenweb.de\/nachrichten\/#organization"},"potentialAction":[{"@type":"SearchAction","target":{"@type":"EntryPoint","urlTemplate":"https:\/\/www.strassenweb.de\/nachrichten\/?s={search_term_string}"},"query-input":{"@type":"PropertyValueSpecification","valueRequired":true,"valueName":"search_term_string"}}],"inLanguage":"de"},{"@type":"Organization","@id":"https:\/\/www.strassenweb.de\/nachrichten\/#organization","name":"Stra\u00dfenweb","url":"https:\/\/www.strassenweb.de\/nachrichten\/","logo":{"@type":"ImageObject","inLanguage":"de","@id":"https:\/\/www.strassenweb.de\/nachrichten\/#\/schema\/logo\/image\/","url":"https:\/\/www.strassenweb.de\/nachrichten\/wp-content\/uploads\/2024\/09\/cropped-favicon.png","contentUrl":"https:\/\/www.strassenweb.de\/nachrichten\/wp-content\/uploads\/2024\/09\/cropped-favicon.png","width":512,"height":512,"caption":"Stra\u00dfenweb"},"image":{"@id":"https:\/\/www.strassenweb.de\/nachrichten\/#\/schema\/logo\/image\/"},"sameAs":["https:\/\/www.facebook.com\/strassenweb\/"]},{"@type":"Person","@id":"https:\/\/www.strassenweb.de\/nachrichten\/#\/schema\/person\/87c9c9067f1211da429a744dc5a5aa41","name":"Robert Hoffmann","image":{"@type":"ImageObject","inLanguage":"de","@id":"https:\/\/www.strassenweb.de\/nachrichten\/wp-content\/uploads\/2024\/09\/strassenweb-150x150.jpg","url":"https:\/\/www.strassenweb.de\/nachrichten\/wp-content\/uploads\/2024\/09\/strassenweb-150x150.jpg","contentUrl":"https:\/\/www.strassenweb.de\/nachrichten\/wp-content\/uploads\/2024\/09\/strassenweb-150x150.jpg","caption":"Robert Hoffmann"},"description":"Ich hei\u00dfe Robert Hoffmann und ich bin ein leidenschaftlicher Verfechter von \u00d6kologie und Biodiversit\u00e4t. Seit meiner Kindheit in den W\u00e4ldern Bayerns f\u00fchle ich mich mit der Natur verbunden und bin entschlossen, sie zu sch\u00fctzen. Heute widme ich mein Leben der Sensibilisierung anderer f\u00fcr die Bedeutung des Umweltschutzes f\u00fcr zuk\u00fcnftige Generationen.","sameAs":["https:\/\/www.strassenweb.de\/"]}]}},"_links":{"self":[{"href":"https:\/\/www.strassenweb.de\/nachrichten\/wp-json\/wp\/v2\/posts\/1879","targetHints":{"allow":["GET"]}}],"collection":[{"href":"https:\/\/www.strassenweb.de\/nachrichten\/wp-json\/wp\/v2\/posts"}],"about":[{"href":"https:\/\/www.strassenweb.de\/nachrichten\/wp-json\/wp\/v2\/types\/post"}],"author":[{"embeddable":true,"href":"https:\/\/www.strassenweb.de\/nachrichten\/wp-json\/wp\/v2\/users\/1"}],"replies":[{"embeddable":true,"href":"https:\/\/www.strassenweb.de\/nachrichten\/wp-json\/wp\/v2\/comments?post=1879"}],"version-history":[{"count":0,"href":"https:\/\/www.strassenweb.de\/nachrichten\/wp-json\/wp\/v2\/posts\/1879\/revisions"}],"wp:featuredmedia":[{"embeddable":true,"href":"https:\/\/www.strassenweb.de\/nachrichten\/wp-json\/wp\/v2\/media\/1880"}],"wp:attachment":[{"href":"https:\/\/www.strassenweb.de\/nachrichten\/wp-json\/wp\/v2\/media?parent=1879"}],"wp:term":[{"taxonomy":"category","embeddable":true,"href":"https:\/\/www.strassenweb.de\/nachrichten\/wp-json\/wp\/v2\/categories?post=1879"},{"taxonomy":"post_tag","embeddable":true,"href":"https:\/\/www.strassenweb.de\/nachrichten\/wp-json\/wp\/v2\/tags?post=1879"}],"curies":[{"name":"wp","href":"https:\/\/api.w.org\/{rel}","templated":true}]}}