{"id":1856,"date":"2024-12-01T05:28:44","date_gmt":"2024-12-01T04:28:44","guid":{"rendered":"https:\/\/www.strassenweb.de\/nachrichten\/khloe-kardashians-faszinierende-weihnachtliche-verandadekoration-ist-wirklich-spektakulaer-und-es-ist-so-einfach-den-look-selbst-nachzubilden\/"},"modified":"2024-12-01T05:28:46","modified_gmt":"2024-12-01T04:28:46","slug":"khloe-kardashians-faszinierende-weihnachtliche-verandadekoration-ist-wirklich-spektakulaer-und-es-ist-so-einfach-den-look-selbst-nachzubilden","status":"publish","type":"post","link":"https:\/\/www.strassenweb.de\/nachrichten\/khloe-kardashians-faszinierende-weihnachtliche-verandadekoration-ist-wirklich-spektakulaer-und-es-ist-so-einfach-den-look-selbst-nachzubilden\/","title":{"rendered":"Khloe Kardashians faszinierende weihnachtliche Verandadekoration ist wirklich spektakul\u00e4r \u2013 und es ist so einfach, den Look selbst nachzubilden"},"content":{"rendered":"<p><\/p>\n<div id=\"article-body\" class=\"article__body \">\n<p>Ihre weihnachtliche Veranda sollte der Ausgangspunkt f\u00fcr die weihnachtliche Ausstattung Ihres Zuhauses sein. Schlie\u00dflich kommt es auf den ersten Eindruck an. Stellen Sie also sicher, dass Ihre Ideen f\u00fcr die Weihnachtsveranda zum Strahlen und Entz\u00fccken bereit sind.<\/p>\n<div id=\"ad-unit-1\" class=\"ad-unit\"><\/div>\n<p>Die amerikanische Medienpers\u00f6nlichkeit Khloe Kardashian ist nie jemand, der halbe Sachen macht, und ihre zauberhafte Weihnachtsdekoration im Freien ist ein meisterhafter Beweis f\u00fcr dieses Gef\u00fchl.<\/p>\n<aside class=\"hawk-nest\" data-block-type=\"embed\" data-render-type=\"fte\" data-skip=\"dealsy\" data-widget-type=\"seasonal\">\n<div class=\"hawk-master-widget-hawk-base-wrapper\"><\/div>\n<\/aside>\n<p>Wenn Ihre Fassade ausgesprochen absto\u00dfend und unfestlich wirkt, kann eine einfache Feiertagsumgestaltung sie zu Weihnachten von einem h\u00e4sslichen Entlein in ein erstklassiges Anwesen verwandeln.<\/p>\n<div id=\"desktop-in-article\" class=\"in-article ad-unit\">\n<div id=\"desktop-taboola-mid-article\"><\/div>\n<\/div>\n<div id=\"mobile-in-article\" class=\"in-article ad-unit\">\n<div id=\"mobile-taboola-mid-article\"><\/div>\n<\/div>\n<div class=\"instagram-embed\">\n<blockquote class=\"instagram-media\" data-instgrm-captioned data-instgrm-version=\"6\" style=\"width:99.375%; width:-webkit-calc(100% - 2px); width:calc(100% - 2px);\">\n<p>Ein von Ivan Solis (@ivansocal) geteilter Beitrag<\/p>\n<p>Ein Foto gepostet von am <\/p>\n<\/blockquote>\n<\/div>\n<h2 id=\"shop-the-look-3\">Shoppen Sie den Look<\/h2>\n<div class=\"product-container hero-product-container product-block-no-wrap\"><\/div>\n<p>Die Weihnachtsbeleuchtung f\u00fcr B\u00e4ume im Freien, die Sie abends verwenden m\u00f6chten, ist in einem Vorgarten von entscheidender Bedeutung. F\u00fcr die Innenarchitektin Monique Tollgard ist eine wundersch\u00f6n dekorierte Veranda zu Weihnachten auch ein Vorgeschmack auf den Stil, der darin steckt: \u201eDer Eingang ist in dieser Saison die erste Begegnung f\u00fcr Sie, Ihre G\u00e4ste und Ihr Zuhause.\u201c Die Materialien und Farben, die wir zu Weihnachten verwenden, erm\u00f6glichen es uns, den \u201eroten Faden\u201c des Hauses sofort einzuf\u00fchren.<\/p>\n<div class=\"van_vid_carousel\">\n<div class=\"van_vid_carousel__padding\">\n<div class=\"van_vid_carousel__container\"><\/div>\n<\/div>\n<\/div>\n<p>Gestalten Sie es mit Ihrer Bepflanzung, um besondere Merkmale hervorzuheben, aber stellen Sie sicher, dass die Bereiche, in denen Sie sich treffen, ausreichend Licht haben, um funktional zu sein. Dieses \u00fcberaus wichtige Ambiente in der Abendd\u00e4mmerung verleiht den Ank\u00fcnften am Abend ein besonderes Gef\u00fchl und steigert die Attraktivit\u00e4t Ihres Bordsteins.<\/p>\n<div id=\"ad-unit-2\" class=\"ad-unit\"><\/div>\n<p>Durch eine effektive Beleuchtung k\u00f6nnen Sie diesen Raum l\u00e4nger nutzen. Ebenso wie Sie die Innenbeleuchtung planen, achten Sie auf eine Vielzahl von Quellen, von solarbetriebenen Lampen \u00fcber bewegungsempfindliche Wandleuchten bis hin zu traditionellen Lichterketten und Girlanden.<\/p>\n<p>\u201eBeleuchten Sie B\u00e4ume und Str\u00e4ucher und sorgen Sie mit warmen LED-Streifen unter Stufen und B\u00e4nken f\u00fcr stimmungsvolles Licht\u201c, sagt Gartendesigner Tony Woods vom Garden Club London. \u201eInstallieren Sie Au\u00dfensteckdosen, damit Sie tempor\u00e4re Beleuchtung hinzuf\u00fcgen k\u00f6nnen, z. B. Soffittenketten.\u201c Und denken Sie an die Farbe Ihrer Blumenzwiebeln: \u201eEin warmes Wei\u00df l\u00e4sst die n\u00e4chtliche Terrasse einladend wirken\u201c, r\u00e4t Gartendesignerin Katie Gould.<\/p>\n<div id=\"slice-container-newsletterForm-articleInbodyContent-FrZpEyMwuMQSBoTJr5uMBf\" class=\"slice-container newsletter-inbodyContent-slice newsletterForm-articleInbodyContent-FrZpEyMwuMQSBoTJr5uMBf slice-container-newsletterForm\"><\/div>\n<p>Eine festliche Veranda kann mit ein wenig Aufwand und Fantasie in etwas ganz Au\u00dfergew\u00f6hnliches verwandelt werden. Treten Sie in die Fu\u00dfstapfen von Khloe Kardashian und hinterlassen Sie einen ersten Eindruck, der auch in den Wintermonaten anh\u00e4lt.<\/p>\n<\/div>\n<p><script async src=\"\/\/www.instagram.com\/embed.js\"><\/script><\/p>\n","protected":false},"excerpt":{"rendered":"<p>Ihre weihnachtliche Veranda sollte der Ausgangspunkt f\u00fcr die weihnachtliche Ausstattung Ihres Zuhauses sein. Schlie\u00dflich kommt es auf den ersten Eindruck an. Stellen Sie also sicher,<\/p>\n","protected":false},"author":1,"featured_media":1857,"comment_status":"closed","ping_status":"","sticky":false,"template":"","format":"standard","meta":{"footnotes":""},"categories":[118],"tags":[78,355,3325,15,3324,2538,2039,1697,3327,37,3326,3011,429],"class_list":["post-1856","post","type-post","status-publish","format-standard","has-post-thumbnail","hentry","category-haus-garten","tag-den","tag-einfach","tag-faszinierende","tag-ist","tag-kardashians","tag-khloe","tag-nachzubilden","tag-selbst","tag-spektakulaer","tag-und","tag-verandadekoration","tag-weihnachtliche","tag-wirklich","generate-columns","tablet-grid-50","mobile-grid-100","grid-parent","grid-50"],"yoast_head":"<!-- This site is optimized with the Yoast SEO plugin v27.3 - https:\/\/yoast.com\/product\/yoast-seo-wordpress\/ -->\n<title>Khloe Kardashians faszinierende weihnachtliche Verandadekoration ist wirklich spektakul\u00e4r \u2013 und es ist so einfach, den Look selbst nachzubilden - Nachrichten - Stra\u00dfenweb<\/title>\n<meta name=\"robots\" content=\"index, follow, max-snippet:-1, max-image-preview:large, max-video-preview:-1\" \/>\n<link rel=\"canonical\" href=\"https:\/\/www.strassenweb.de\/nachrichten\/khloe-kardashians-faszinierende-weihnachtliche-verandadekoration-ist-wirklich-spektakulaer-und-es-ist-so-einfach-den-look-selbst-nachzubilden\/\" \/>\n<meta property=\"og:locale\" content=\"de_DE\" \/>\n<meta property=\"og:type\" content=\"article\" \/>\n<meta property=\"og:title\" content=\"Khloe Kardashians faszinierende weihnachtliche Verandadekoration ist wirklich spektakul\u00e4r \u2013 und es ist so einfach, den Look selbst nachzubilden - Nachrichten - Stra\u00dfenweb\" \/>\n<meta property=\"og:description\" content=\"Ihre weihnachtliche Veranda sollte der Ausgangspunkt f\u00fcr die weihnachtliche Ausstattung Ihres Zuhauses sein. Schlie\u00dflich kommt es auf den ersten Eindruck an. Stellen Sie also sicher,\" \/>\n<meta property=\"og:url\" content=\"https:\/\/www.strassenweb.de\/nachrichten\/khloe-kardashians-faszinierende-weihnachtliche-verandadekoration-ist-wirklich-spektakulaer-und-es-ist-so-einfach-den-look-selbst-nachzubilden\/\" \/>\n<meta property=\"og:site_name\" content=\"Stra\u00dfenweb\" \/>\n<meta property=\"article:publisher\" content=\"https:\/\/www.facebook.com\/strassenweb\/\" \/>\n<meta property=\"article:published_time\" content=\"2024-12-01T04:28:44+00:00\" \/>\n<meta property=\"article:modified_time\" content=\"2024-12-01T04:28:46+00:00\" \/>\n<meta property=\"og:image\" content=\"https:\/\/www.strassenweb.de\/nachrichten\/wp-content\/uploads\/2024\/12\/Khloe-Kardashians-faszinierende-weihnachtliche-Verandadekoration-ist-wirklich-spektakulaer-\u2013-und.jpg\" \/>\n\t<meta property=\"og:image:width\" content=\"1200\" \/>\n\t<meta property=\"og:image:height\" content=\"675\" \/>\n\t<meta property=\"og:image:type\" content=\"image\/jpeg\" \/>\n<meta name=\"author\" content=\"Robert Hoffmann\" \/>\n<meta name=\"twitter:card\" content=\"summary_large_image\" \/>\n<meta name=\"twitter:label1\" content=\"Verfasst von\" \/>\n\t<meta name=\"twitter:data1\" content=\"Robert Hoffmann\" \/>\n\t<meta name=\"twitter:label2\" content=\"Gesch\u00e4tzte Lesezeit\" \/>\n\t<meta name=\"twitter:data2\" content=\"2\u00a0Minuten\" \/>\n<script type=\"application\/ld+json\" class=\"yoast-schema-graph\">{\"@context\":\"https:\\\/\\\/schema.org\",\"@graph\":[{\"@type\":\"Article\",\"@id\":\"https:\\\/\\\/www.strassenweb.de\\\/nachrichten\\\/khloe-kardashians-faszinierende-weihnachtliche-verandadekoration-ist-wirklich-spektakulaer-und-es-ist-so-einfach-den-look-selbst-nachzubilden\\\/#article\",\"isPartOf\":{\"@id\":\"https:\\\/\\\/www.strassenweb.de\\\/nachrichten\\\/khloe-kardashians-faszinierende-weihnachtliche-verandadekoration-ist-wirklich-spektakulaer-und-es-ist-so-einfach-den-look-selbst-nachzubilden\\\/\"},\"author\":{\"name\":\"Robert Hoffmann\",\"@id\":\"https:\\\/\\\/www.strassenweb.de\\\/nachrichten\\\/#\\\/schema\\\/person\\\/87c9c9067f1211da429a744dc5a5aa41\"},\"headline\":\"Khloe Kardashians faszinierende weihnachtliche Verandadekoration ist wirklich spektakul\u00e4r \u2013 und es ist so einfach, den Look selbst nachzubilden\",\"datePublished\":\"2024-12-01T04:28:44+00:00\",\"dateModified\":\"2024-12-01T04:28:46+00:00\",\"mainEntityOfPage\":{\"@id\":\"https:\\\/\\\/www.strassenweb.de\\\/nachrichten\\\/khloe-kardashians-faszinierende-weihnachtliche-verandadekoration-ist-wirklich-spektakulaer-und-es-ist-so-einfach-den-look-selbst-nachzubilden\\\/\"},\"wordCount\":414,\"publisher\":{\"@id\":\"https:\\\/\\\/www.strassenweb.de\\\/nachrichten\\\/#organization\"},\"image\":{\"@id\":\"https:\\\/\\\/www.strassenweb.de\\\/nachrichten\\\/khloe-kardashians-faszinierende-weihnachtliche-verandadekoration-ist-wirklich-spektakulaer-und-es-ist-so-einfach-den-look-selbst-nachzubilden\\\/#primaryimage\"},\"thumbnailUrl\":\"https:\\\/\\\/www.strassenweb.de\\\/nachrichten\\\/wp-content\\\/uploads\\\/2024\\\/12\\\/Khloe-Kardashians-faszinierende-weihnachtliche-Verandadekoration-ist-wirklich-spektakulaer-\u2013-und.jpg\",\"keywords\":[\"den\",\"einfach\",\"faszinierende\",\"ist\",\"Kardashians\",\"Khloe\",\"nachzubilden\",\"selbst\",\"spektakul\u00e4r\",\"und\",\"Verandadekoration\",\"weihnachtliche\",\"wirklich\"],\"articleSection\":[\"Haus &amp; Garten\"],\"inLanguage\":\"de\"},{\"@type\":\"WebPage\",\"@id\":\"https:\\\/\\\/www.strassenweb.de\\\/nachrichten\\\/khloe-kardashians-faszinierende-weihnachtliche-verandadekoration-ist-wirklich-spektakulaer-und-es-ist-so-einfach-den-look-selbst-nachzubilden\\\/\",\"url\":\"https:\\\/\\\/www.strassenweb.de\\\/nachrichten\\\/khloe-kardashians-faszinierende-weihnachtliche-verandadekoration-ist-wirklich-spektakulaer-und-es-ist-so-einfach-den-look-selbst-nachzubilden\\\/\",\"name\":\"Khloe Kardashians faszinierende weihnachtliche Verandadekoration ist wirklich spektakul\u00e4r \u2013 und es ist so einfach, den Look selbst nachzubilden - Nachrichten - Stra\u00dfenweb\",\"isPartOf\":{\"@id\":\"https:\\\/\\\/www.strassenweb.de\\\/nachrichten\\\/#website\"},\"primaryImageOfPage\":{\"@id\":\"https:\\\/\\\/www.strassenweb.de\\\/nachrichten\\\/khloe-kardashians-faszinierende-weihnachtliche-verandadekoration-ist-wirklich-spektakulaer-und-es-ist-so-einfach-den-look-selbst-nachzubilden\\\/#primaryimage\"},\"image\":{\"@id\":\"https:\\\/\\\/www.strassenweb.de\\\/nachrichten\\\/khloe-kardashians-faszinierende-weihnachtliche-verandadekoration-ist-wirklich-spektakulaer-und-es-ist-so-einfach-den-look-selbst-nachzubilden\\\/#primaryimage\"},\"thumbnailUrl\":\"https:\\\/\\\/www.strassenweb.de\\\/nachrichten\\\/wp-content\\\/uploads\\\/2024\\\/12\\\/Khloe-Kardashians-faszinierende-weihnachtliche-Verandadekoration-ist-wirklich-spektakulaer-\u2013-und.jpg\",\"datePublished\":\"2024-12-01T04:28:44+00:00\",\"dateModified\":\"2024-12-01T04:28:46+00:00\",\"breadcrumb\":{\"@id\":\"https:\\\/\\\/www.strassenweb.de\\\/nachrichten\\\/khloe-kardashians-faszinierende-weihnachtliche-verandadekoration-ist-wirklich-spektakulaer-und-es-ist-so-einfach-den-look-selbst-nachzubilden\\\/#breadcrumb\"},\"inLanguage\":\"de\",\"potentialAction\":[{\"@type\":\"ReadAction\",\"target\":[\"https:\\\/\\\/www.strassenweb.de\\\/nachrichten\\\/khloe-kardashians-faszinierende-weihnachtliche-verandadekoration-ist-wirklich-spektakulaer-und-es-ist-so-einfach-den-look-selbst-nachzubilden\\\/\"]}]},{\"@type\":\"ImageObject\",\"inLanguage\":\"de\",\"@id\":\"https:\\\/\\\/www.strassenweb.de\\\/nachrichten\\\/khloe-kardashians-faszinierende-weihnachtliche-verandadekoration-ist-wirklich-spektakulaer-und-es-ist-so-einfach-den-look-selbst-nachzubilden\\\/#primaryimage\",\"url\":\"https:\\\/\\\/www.strassenweb.de\\\/nachrichten\\\/wp-content\\\/uploads\\\/2024\\\/12\\\/Khloe-Kardashians-faszinierende-weihnachtliche-Verandadekoration-ist-wirklich-spektakulaer-\u2013-und.jpg\",\"contentUrl\":\"https:\\\/\\\/www.strassenweb.de\\\/nachrichten\\\/wp-content\\\/uploads\\\/2024\\\/12\\\/Khloe-Kardashians-faszinierende-weihnachtliche-Verandadekoration-ist-wirklich-spektakulaer-\u2013-und.jpg\",\"width\":1200,\"height\":675,\"caption\":\"Khloe Kardashians faszinierende weihnachtliche Verandadekoration ist wirklich spektakul\u00e4r \u2013 und es ist so einfach, den Look selbst nachzubilden\"},{\"@type\":\"BreadcrumbList\",\"@id\":\"https:\\\/\\\/www.strassenweb.de\\\/nachrichten\\\/khloe-kardashians-faszinierende-weihnachtliche-verandadekoration-ist-wirklich-spektakulaer-und-es-ist-so-einfach-den-look-selbst-nachzubilden\\\/#breadcrumb\",\"itemListElement\":[{\"@type\":\"ListItem\",\"position\":1,\"name\":\"Home\",\"item\":\"https:\\\/\\\/www.strassenweb.de\\\/nachrichten\\\/\"},{\"@type\":\"ListItem\",\"position\":2,\"name\":\"Khloe Kardashians faszinierende weihnachtliche Verandadekoration ist wirklich spektakul\u00e4r \u2013 und es ist so einfach, den Look selbst nachzubilden\"}]},{\"@type\":\"WebSite\",\"@id\":\"https:\\\/\\\/www.strassenweb.de\\\/nachrichten\\\/#website\",\"url\":\"https:\\\/\\\/www.strassenweb.de\\\/nachrichten\\\/\",\"name\":\"Stra\u00dfenweb\",\"description\":\"Stra\u00dfenverzeichnis f\u00fcr Deutschland\",\"publisher\":{\"@id\":\"https:\\\/\\\/www.strassenweb.de\\\/nachrichten\\\/#organization\"},\"potentialAction\":[{\"@type\":\"SearchAction\",\"target\":{\"@type\":\"EntryPoint\",\"urlTemplate\":\"https:\\\/\\\/www.strassenweb.de\\\/nachrichten\\\/?s={search_term_string}\"},\"query-input\":{\"@type\":\"PropertyValueSpecification\",\"valueRequired\":true,\"valueName\":\"search_term_string\"}}],\"inLanguage\":\"de\"},{\"@type\":\"Organization\",\"@id\":\"https:\\\/\\\/www.strassenweb.de\\\/nachrichten\\\/#organization\",\"name\":\"Stra\u00dfenweb\",\"url\":\"https:\\\/\\\/www.strassenweb.de\\\/nachrichten\\\/\",\"logo\":{\"@type\":\"ImageObject\",\"inLanguage\":\"de\",\"@id\":\"https:\\\/\\\/www.strassenweb.de\\\/nachrichten\\\/#\\\/schema\\\/logo\\\/image\\\/\",\"url\":\"https:\\\/\\\/www.strassenweb.de\\\/nachrichten\\\/wp-content\\\/uploads\\\/2024\\\/09\\\/cropped-favicon.png\",\"contentUrl\":\"https:\\\/\\\/www.strassenweb.de\\\/nachrichten\\\/wp-content\\\/uploads\\\/2024\\\/09\\\/cropped-favicon.png\",\"width\":512,\"height\":512,\"caption\":\"Stra\u00dfenweb\"},\"image\":{\"@id\":\"https:\\\/\\\/www.strassenweb.de\\\/nachrichten\\\/#\\\/schema\\\/logo\\\/image\\\/\"},\"sameAs\":[\"https:\\\/\\\/www.facebook.com\\\/strassenweb\\\/\"]},{\"@type\":\"Person\",\"@id\":\"https:\\\/\\\/www.strassenweb.de\\\/nachrichten\\\/#\\\/schema\\\/person\\\/87c9c9067f1211da429a744dc5a5aa41\",\"name\":\"Robert Hoffmann\",\"image\":{\"@type\":\"ImageObject\",\"inLanguage\":\"de\",\"@id\":\"https:\\\/\\\/www.strassenweb.de\\\/nachrichten\\\/wp-content\\\/uploads\\\/2024\\\/09\\\/strassenweb-150x150.jpg\",\"url\":\"https:\\\/\\\/www.strassenweb.de\\\/nachrichten\\\/wp-content\\\/uploads\\\/2024\\\/09\\\/strassenweb-150x150.jpg\",\"contentUrl\":\"https:\\\/\\\/www.strassenweb.de\\\/nachrichten\\\/wp-content\\\/uploads\\\/2024\\\/09\\\/strassenweb-150x150.jpg\",\"caption\":\"Robert Hoffmann\"},\"description\":\"Ich hei\u00dfe Robert Hoffmann und ich bin ein leidenschaftlicher Verfechter von \u00d6kologie und Biodiversit\u00e4t. Seit meiner Kindheit in den W\u00e4ldern Bayerns f\u00fchle ich mich mit der Natur verbunden und bin entschlossen, sie zu sch\u00fctzen. Heute widme ich mein Leben der Sensibilisierung anderer f\u00fcr die Bedeutung des Umweltschutzes f\u00fcr zuk\u00fcnftige Generationen.\",\"sameAs\":[\"https:\\\/\\\/www.strassenweb.de\\\/\"]}]}<\/script>\n<!-- \/ Yoast SEO plugin. -->","yoast_head_json":{"title":"Khloe Kardashians faszinierende weihnachtliche Verandadekoration ist wirklich spektakul\u00e4r \u2013 und es ist so einfach, den Look selbst nachzubilden - Nachrichten - Stra\u00dfenweb","robots":{"index":"index","follow":"follow","max-snippet":"max-snippet:-1","max-image-preview":"max-image-preview:large","max-video-preview":"max-video-preview:-1"},"canonical":"https:\/\/www.strassenweb.de\/nachrichten\/khloe-kardashians-faszinierende-weihnachtliche-verandadekoration-ist-wirklich-spektakulaer-und-es-ist-so-einfach-den-look-selbst-nachzubilden\/","og_locale":"de_DE","og_type":"article","og_title":"Khloe Kardashians faszinierende weihnachtliche Verandadekoration ist wirklich spektakul\u00e4r \u2013 und es ist so einfach, den Look selbst nachzubilden - Nachrichten - Stra\u00dfenweb","og_description":"Ihre weihnachtliche Veranda sollte der Ausgangspunkt f\u00fcr die weihnachtliche Ausstattung Ihres Zuhauses sein. Schlie\u00dflich kommt es auf den ersten Eindruck an. Stellen Sie also sicher,","og_url":"https:\/\/www.strassenweb.de\/nachrichten\/khloe-kardashians-faszinierende-weihnachtliche-verandadekoration-ist-wirklich-spektakulaer-und-es-ist-so-einfach-den-look-selbst-nachzubilden\/","og_site_name":"Stra\u00dfenweb","article_publisher":"https:\/\/www.facebook.com\/strassenweb\/","article_published_time":"2024-12-01T04:28:44+00:00","article_modified_time":"2024-12-01T04:28:46+00:00","og_image":[{"width":1200,"height":675,"url":"https:\/\/www.strassenweb.de\/nachrichten\/wp-content\/uploads\/2024\/12\/Khloe-Kardashians-faszinierende-weihnachtliche-Verandadekoration-ist-wirklich-spektakulaer-\u2013-und.jpg","type":"image\/jpeg"}],"author":"Robert Hoffmann","twitter_card":"summary_large_image","twitter_misc":{"Verfasst von":"Robert Hoffmann","Gesch\u00e4tzte Lesezeit":"2\u00a0Minuten"},"schema":{"@context":"https:\/\/schema.org","@graph":[{"@type":"Article","@id":"https:\/\/www.strassenweb.de\/nachrichten\/khloe-kardashians-faszinierende-weihnachtliche-verandadekoration-ist-wirklich-spektakulaer-und-es-ist-so-einfach-den-look-selbst-nachzubilden\/#article","isPartOf":{"@id":"https:\/\/www.strassenweb.de\/nachrichten\/khloe-kardashians-faszinierende-weihnachtliche-verandadekoration-ist-wirklich-spektakulaer-und-es-ist-so-einfach-den-look-selbst-nachzubilden\/"},"author":{"name":"Robert Hoffmann","@id":"https:\/\/www.strassenweb.de\/nachrichten\/#\/schema\/person\/87c9c9067f1211da429a744dc5a5aa41"},"headline":"Khloe Kardashians faszinierende weihnachtliche Verandadekoration ist wirklich spektakul\u00e4r \u2013 und es ist so einfach, den Look selbst nachzubilden","datePublished":"2024-12-01T04:28:44+00:00","dateModified":"2024-12-01T04:28:46+00:00","mainEntityOfPage":{"@id":"https:\/\/www.strassenweb.de\/nachrichten\/khloe-kardashians-faszinierende-weihnachtliche-verandadekoration-ist-wirklich-spektakulaer-und-es-ist-so-einfach-den-look-selbst-nachzubilden\/"},"wordCount":414,"publisher":{"@id":"https:\/\/www.strassenweb.de\/nachrichten\/#organization"},"image":{"@id":"https:\/\/www.strassenweb.de\/nachrichten\/khloe-kardashians-faszinierende-weihnachtliche-verandadekoration-ist-wirklich-spektakulaer-und-es-ist-so-einfach-den-look-selbst-nachzubilden\/#primaryimage"},"thumbnailUrl":"https:\/\/www.strassenweb.de\/nachrichten\/wp-content\/uploads\/2024\/12\/Khloe-Kardashians-faszinierende-weihnachtliche-Verandadekoration-ist-wirklich-spektakulaer-\u2013-und.jpg","keywords":["den","einfach","faszinierende","ist","Kardashians","Khloe","nachzubilden","selbst","spektakul\u00e4r","und","Verandadekoration","weihnachtliche","wirklich"],"articleSection":["Haus &amp; Garten"],"inLanguage":"de"},{"@type":"WebPage","@id":"https:\/\/www.strassenweb.de\/nachrichten\/khloe-kardashians-faszinierende-weihnachtliche-verandadekoration-ist-wirklich-spektakulaer-und-es-ist-so-einfach-den-look-selbst-nachzubilden\/","url":"https:\/\/www.strassenweb.de\/nachrichten\/khloe-kardashians-faszinierende-weihnachtliche-verandadekoration-ist-wirklich-spektakulaer-und-es-ist-so-einfach-den-look-selbst-nachzubilden\/","name":"Khloe Kardashians faszinierende weihnachtliche Verandadekoration ist wirklich spektakul\u00e4r \u2013 und es ist so einfach, den Look selbst nachzubilden - Nachrichten - Stra\u00dfenweb","isPartOf":{"@id":"https:\/\/www.strassenweb.de\/nachrichten\/#website"},"primaryImageOfPage":{"@id":"https:\/\/www.strassenweb.de\/nachrichten\/khloe-kardashians-faszinierende-weihnachtliche-verandadekoration-ist-wirklich-spektakulaer-und-es-ist-so-einfach-den-look-selbst-nachzubilden\/#primaryimage"},"image":{"@id":"https:\/\/www.strassenweb.de\/nachrichten\/khloe-kardashians-faszinierende-weihnachtliche-verandadekoration-ist-wirklich-spektakulaer-und-es-ist-so-einfach-den-look-selbst-nachzubilden\/#primaryimage"},"thumbnailUrl":"https:\/\/www.strassenweb.de\/nachrichten\/wp-content\/uploads\/2024\/12\/Khloe-Kardashians-faszinierende-weihnachtliche-Verandadekoration-ist-wirklich-spektakulaer-\u2013-und.jpg","datePublished":"2024-12-01T04:28:44+00:00","dateModified":"2024-12-01T04:28:46+00:00","breadcrumb":{"@id":"https:\/\/www.strassenweb.de\/nachrichten\/khloe-kardashians-faszinierende-weihnachtliche-verandadekoration-ist-wirklich-spektakulaer-und-es-ist-so-einfach-den-look-selbst-nachzubilden\/#breadcrumb"},"inLanguage":"de","potentialAction":[{"@type":"ReadAction","target":["https:\/\/www.strassenweb.de\/nachrichten\/khloe-kardashians-faszinierende-weihnachtliche-verandadekoration-ist-wirklich-spektakulaer-und-es-ist-so-einfach-den-look-selbst-nachzubilden\/"]}]},{"@type":"ImageObject","inLanguage":"de","@id":"https:\/\/www.strassenweb.de\/nachrichten\/khloe-kardashians-faszinierende-weihnachtliche-verandadekoration-ist-wirklich-spektakulaer-und-es-ist-so-einfach-den-look-selbst-nachzubilden\/#primaryimage","url":"https:\/\/www.strassenweb.de\/nachrichten\/wp-content\/uploads\/2024\/12\/Khloe-Kardashians-faszinierende-weihnachtliche-Verandadekoration-ist-wirklich-spektakulaer-\u2013-und.jpg","contentUrl":"https:\/\/www.strassenweb.de\/nachrichten\/wp-content\/uploads\/2024\/12\/Khloe-Kardashians-faszinierende-weihnachtliche-Verandadekoration-ist-wirklich-spektakulaer-\u2013-und.jpg","width":1200,"height":675,"caption":"Khloe Kardashians faszinierende weihnachtliche Verandadekoration ist wirklich spektakul\u00e4r \u2013 und es ist so einfach, den Look selbst nachzubilden"},{"@type":"BreadcrumbList","@id":"https:\/\/www.strassenweb.de\/nachrichten\/khloe-kardashians-faszinierende-weihnachtliche-verandadekoration-ist-wirklich-spektakulaer-und-es-ist-so-einfach-den-look-selbst-nachzubilden\/#breadcrumb","itemListElement":[{"@type":"ListItem","position":1,"name":"Home","item":"https:\/\/www.strassenweb.de\/nachrichten\/"},{"@type":"ListItem","position":2,"name":"Khloe Kardashians faszinierende weihnachtliche Verandadekoration ist wirklich spektakul\u00e4r \u2013 und es ist so einfach, den Look selbst nachzubilden"}]},{"@type":"WebSite","@id":"https:\/\/www.strassenweb.de\/nachrichten\/#website","url":"https:\/\/www.strassenweb.de\/nachrichten\/","name":"Stra\u00dfenweb","description":"Stra\u00dfenverzeichnis f\u00fcr Deutschland","publisher":{"@id":"https:\/\/www.strassenweb.de\/nachrichten\/#organization"},"potentialAction":[{"@type":"SearchAction","target":{"@type":"EntryPoint","urlTemplate":"https:\/\/www.strassenweb.de\/nachrichten\/?s={search_term_string}"},"query-input":{"@type":"PropertyValueSpecification","valueRequired":true,"valueName":"search_term_string"}}],"inLanguage":"de"},{"@type":"Organization","@id":"https:\/\/www.strassenweb.de\/nachrichten\/#organization","name":"Stra\u00dfenweb","url":"https:\/\/www.strassenweb.de\/nachrichten\/","logo":{"@type":"ImageObject","inLanguage":"de","@id":"https:\/\/www.strassenweb.de\/nachrichten\/#\/schema\/logo\/image\/","url":"https:\/\/www.strassenweb.de\/nachrichten\/wp-content\/uploads\/2024\/09\/cropped-favicon.png","contentUrl":"https:\/\/www.strassenweb.de\/nachrichten\/wp-content\/uploads\/2024\/09\/cropped-favicon.png","width":512,"height":512,"caption":"Stra\u00dfenweb"},"image":{"@id":"https:\/\/www.strassenweb.de\/nachrichten\/#\/schema\/logo\/image\/"},"sameAs":["https:\/\/www.facebook.com\/strassenweb\/"]},{"@type":"Person","@id":"https:\/\/www.strassenweb.de\/nachrichten\/#\/schema\/person\/87c9c9067f1211da429a744dc5a5aa41","name":"Robert Hoffmann","image":{"@type":"ImageObject","inLanguage":"de","@id":"https:\/\/www.strassenweb.de\/nachrichten\/wp-content\/uploads\/2024\/09\/strassenweb-150x150.jpg","url":"https:\/\/www.strassenweb.de\/nachrichten\/wp-content\/uploads\/2024\/09\/strassenweb-150x150.jpg","contentUrl":"https:\/\/www.strassenweb.de\/nachrichten\/wp-content\/uploads\/2024\/09\/strassenweb-150x150.jpg","caption":"Robert Hoffmann"},"description":"Ich hei\u00dfe Robert Hoffmann und ich bin ein leidenschaftlicher Verfechter von \u00d6kologie und Biodiversit\u00e4t. Seit meiner Kindheit in den W\u00e4ldern Bayerns f\u00fchle ich mich mit der Natur verbunden und bin entschlossen, sie zu sch\u00fctzen. Heute widme ich mein Leben der Sensibilisierung anderer f\u00fcr die Bedeutung des Umweltschutzes f\u00fcr zuk\u00fcnftige Generationen.","sameAs":["https:\/\/www.strassenweb.de\/"]}]}},"_links":{"self":[{"href":"https:\/\/www.strassenweb.de\/nachrichten\/wp-json\/wp\/v2\/posts\/1856","targetHints":{"allow":["GET"]}}],"collection":[{"href":"https:\/\/www.strassenweb.de\/nachrichten\/wp-json\/wp\/v2\/posts"}],"about":[{"href":"https:\/\/www.strassenweb.de\/nachrichten\/wp-json\/wp\/v2\/types\/post"}],"author":[{"embeddable":true,"href":"https:\/\/www.strassenweb.de\/nachrichten\/wp-json\/wp\/v2\/users\/1"}],"replies":[{"embeddable":true,"href":"https:\/\/www.strassenweb.de\/nachrichten\/wp-json\/wp\/v2\/comments?post=1856"}],"version-history":[{"count":0,"href":"https:\/\/www.strassenweb.de\/nachrichten\/wp-json\/wp\/v2\/posts\/1856\/revisions"}],"wp:featuredmedia":[{"embeddable":true,"href":"https:\/\/www.strassenweb.de\/nachrichten\/wp-json\/wp\/v2\/media\/1857"}],"wp:attachment":[{"href":"https:\/\/www.strassenweb.de\/nachrichten\/wp-json\/wp\/v2\/media?parent=1856"}],"wp:term":[{"taxonomy":"category","embeddable":true,"href":"https:\/\/www.strassenweb.de\/nachrichten\/wp-json\/wp\/v2\/categories?post=1856"},{"taxonomy":"post_tag","embeddable":true,"href":"https:\/\/www.strassenweb.de\/nachrichten\/wp-json\/wp\/v2\/tags?post=1856"}],"curies":[{"name":"wp","href":"https:\/\/api.w.org\/{rel}","templated":true}]}}