{"id":1831,"date":"2024-11-29T14:44:24","date_gmt":"2024-11-29T13:44:24","guid":{"rendered":"https:\/\/www.strassenweb.de\/nachrichten\/dieser-wirklich-erstaunliche-tragbare-diffusor-fuer-aetherische-oele-von-neom-hat-meine-peinlichen-gerueche-im-eingangsbereich-beseitigt-er-ist-zum-niedrigsten-preis-aller-zeiten-erhaeltlich\/"},"modified":"2024-11-29T14:44:24","modified_gmt":"2024-11-29T13:44:24","slug":"dieser-wirklich-erstaunliche-tragbare-diffusor-fuer-aetherische-oele-von-neom-hat-meine-peinlichen-gerueche-im-eingangsbereich-beseitigt-er-ist-zum-niedrigsten-preis-aller-zeiten-erhaeltlich","status":"publish","type":"post","link":"https:\/\/www.strassenweb.de\/nachrichten\/dieser-wirklich-erstaunliche-tragbare-diffusor-fuer-aetherische-oele-von-neom-hat-meine-peinlichen-gerueche-im-eingangsbereich-beseitigt-er-ist-zum-niedrigsten-preis-aller-zeiten-erhaeltlich\/","title":{"rendered":"Dieser wirklich erstaunliche tragbare Diffusor f\u00fcr \u00e4therische \u00d6le von NEOM hat meine peinlichen Ger\u00fcche im Eingangsbereich beseitigt \u2013 er ist zum niedrigsten Preis aller Zeiten erh\u00e4ltlich"},"content":{"rendered":"<div id=\"article-body\" class=\"article__body \">\n<p>Obwohl nur zwei Personen in meinem Haus leben, haben wir eine <em>viel<\/em> von Schuhen. Ich versuche, sie in einem Aufbewahrungsschrank aufzubewahren, aber einige laufen \u00fcber, und seien wir ehrlich, Schuhe k\u00f6nnen stinken.<\/p>\n<div id=\"ad-unit-1\" class=\"ad-unit\"><\/div>\n<p>Die Turnschuhe meiner Turnhalle und die schwer zu reinigenden Kletterschuhe meines Partners verursachten seit Monaten Ger\u00fcche in unserem Eingangsbereich, da sie nach dem Gebrauch gel\u00fcftet werden mussten.<\/p>\n<aside class=\"hawk-nest\" data-block-type=\"embed\" data-render-type=\"fte\" data-skip=\"dealsy\" data-widget-type=\"seasonal\"><\/aside>\n<p>Gl\u00fccklicherweise hat sich der wiederaufladbare \u00d6ldiffusor NEOM bei Amazon, der derzeit zum niedrigsten Preis aller Zeiten im Angebot ist, als mein Retter im Eingangsbereich erwiesen und besser funktioniert als Schuhsprays und nat\u00fcrliche Desodorierungsmittel.<\/p>\n<div id=\"desktop-in-article\" class=\"in-article ad-unit\">\n<div id=\"desktop-taboola-mid-article\"><\/div>\n<\/div>\n<div id=\"mobile-in-article\" class=\"in-article ad-unit\">\n<div id=\"mobile-taboola-mid-article\"><\/div>\n<\/div>\n<h2 id=\"why-i-love-the-neom-rechargeable-oil-diffuser-3\">Warum ich den wiederaufladbaren \u00d6ldiffusor von NEOM liebe<\/h2>\n<p>Ich hatte verschiedene Dinge ausprobiert, um den Schuhgeruch in meinem Eingangsbereich zu bek\u00e4mpfen, und dann probierte ich den Neom Portable Wellbeing Pod Mini aus, und er l\u00f6ste jedes einzelne Problem, Hurra!<\/p>\n<div class=\"van_vid_carousel\">\n<div class=\"van_vid_carousel__padding\">\n<div class=\"van_vid_carousel__container\"><\/div>\n<\/div>\n<\/div>\n<p>Ich war davon angetan, weil es vollst\u00e4ndig tragbar ist und ich mir keine Gedanken \u00fcber Kabel machen musste. Ich m\u00fcsste nur daran denken, es regelm\u00e4\u00dfig aufzuladen \u2013 die versprochene Lebensdauer betr\u00e4gt 50 Stunden.<\/p>\n<div id=\"ad-unit-2\" class=\"ad-unit\"><\/div>\n<p>Wenn es um Ger\u00fcche geht, ist es f\u00fcr mich immer die erste Anlaufstelle, die Quelle zu bek\u00e4mpfen, und das hatte ich bereits angegeben <u>Reinigung mit Essig<\/u> Und <u>Backpulver<\/u> ein Wirbel ohne Erfolg.<\/p>\n<p>Allerdings sind Kletterschuhe aufgrund ihrer empfindlichen Konstruktion bekannterma\u00dfen schwer zu reinigen, daher musste ich den Geruch \u00fcberdecken, anstatt ihn loszuwerden.<\/p>\n<p>Zuerst habe ich versucht, einen batteriebetriebenen Lufterfrischer zu verwenden, aber dieser verstr\u00f6mte nur alle halbe Stunde einen Duft und verflog nach nur wenigen Minuten. Es war auch so laut, dass ich jedes Mal zusammenzuckte, wenn es losging.<\/p>\n<p>Da begann ich dar\u00fcber nachzudenken <u>beste Diffusoren f\u00fcr \u00e4therische \u00d6le<\/u>in dem Wissen, dass sie einen kontinuierlichen Duft verstr\u00f6men w\u00fcrden, ohne dass eine Kerze brennt. Ich hatte keine Steckdose in der N\u00e4he der T\u00fcr, daher war das tragbare Neom eine Rettung, da es \u00fcber USB wiederaufladbar ist.<\/p>\n<h3 class=\"article-body__section\" id=\"section-setting-up-the-neom-portable-wellbeing-pod-mini\"><span>Einrichten des Neom Portable Wellbeing Pod Mini<\/span><\/h3>\n<div id=\"slice-container-imageGallery-4VW6YiENhApaWx2vrDrCfX-EFF93huODQPzyrFK01vYetA1gIIO8cbQ\" class=\"slice-container imageGallery-wrapper imageGallery-4VW6YiENhApaWx2vrDrCfX-EFF93huODQPzyrFK01vYetA1gIIO8cbQ slice-container-imageGallery\">\n<div data-hydrate=\"true\" class=\"inline-gallery first-slide-only\">\n<div class=\"inline-gallery__count\">Bild <!-- -->1<!-- --> von <!-- -->4<\/div>\n<div class=\"inline-gallery__arrows show\">\n<div class=\"arrows__arrows-inner\">\n<div data-testid=\"arrow-click-left\" class=\"arrows__left disable\" data-analytics-id=\"gallery-see-more\"><svg xmlns=\"http:\/\/www.w3.org\/2000\/svg\" viewbox=\"0 0 32 32\" width=\"32\" height=\"32\"><path d=\"M4.2 0l25.6 16.011L4.2 32V0z\"><\/path><\/svg><\/div>\n<div data-testid=\"arrow-click-right\" class=\"arrows__right \" data-analytics-id=\"gallery-see-more\"><svg xmlns=\"http:\/\/www.w3.org\/2000\/svg\" viewbox=\"0 0 32 32\" width=\"32\" height=\"32\"><path d=\"M4.2 0l25.6 16.011L4.2 32V0z\"><\/path><\/svg><\/div>\n<\/div>\n<\/div>\n<div style=\"overflow-x:hidden\" class=\"inline-gallery__items\">\n<div style=\"-webkit-flex-direction:row;flex-direction:row;-webkit-transition:all 0s ease 0s;transition:all 0s ease 0s;-webkit-transform:translate(0%, 0);transform:translate(0%, 0);direction:ltr;display:flex;will-change:transform\" class=\"react-swipeable-view-container\">\n<div style=\"width:100%;-webkit-flex-shrink:0;flex-shrink:0;overflow:auto\" aria-hidden=\"false\" data-swipeable=\"true\">\n<div class=\"items__item\">\n<div class=\"item__image-cont\">\n<div class=\"image-cont__image\">\n<figure class=\"image-wrapped__wrapper\" data-bordeaux-image-check=\"false\">\n<div class=\"image-wrapped__widthsetter\" style=\"max-width:2000px\">\n<div class=\"image-wrapped__aspect-padding\" style=\"padding-bottom:120%\">\n<div style=\"display:contents\"><picture data-hydrate=\"true\"><source class=\"image-wrapped__image image__image\" type=\"image\/webp\"   data-normal=\"https:\/\/vanilla.futurecdn.net\/cyclingnews\/media\/img\/missing-image.svg\" data-original-mos=\"https:\/\/www.strassenweb.de\/nachrichten\/wp-content\/uploads\/2024\/11\/rrfbDY558YPMjRXccQJcvT.jpg\" data-pin-media=\"https:\/\/www.strassenweb.de\/nachrichten\/wp-content\/uploads\/2024\/11\/rrfbDY558YPMjRXccQJcvT.jpg\" data-pin-nopin=\"true\" data-slice-image=\"true\"><\/source><source class=\"image-wrapped__image image__image\" type=\"image\/jpeg\"   data-normal=\"https:\/\/vanilla.futurecdn.net\/cyclingnews\/media\/img\/missing-image.svg\" data-original-mos=\"https:\/\/www.strassenweb.de\/nachrichten\/wp-content\/uploads\/2024\/11\/rrfbDY558YPMjRXccQJcvT.jpg\" data-pin-media=\"https:\/\/www.strassenweb.de\/nachrichten\/wp-content\/uploads\/2024\/11\/rrfbDY558YPMjRXccQJcvT.jpg\" data-pin-nopin=\"true\" data-slice-image=\"true\"><\/source><\/picture><\/div>\n<\/div>\n<\/div>\n<\/figure>\n<\/div>\n<p><button class=\"image-cont__expand\" data-testid=\"expandButton\" data-analytics-id=\"gallery-expand-image\"><svg xmlns=\"http:\/\/www.w3.org\/2000\/svg\" width=\"32\" height=\"32\" viewbox=\"0 0 32 32\"><path d=\"M31.557 12.067L31.773 0 19.791.213l.05 3.216 6.225-.115-7.347 7.39 2.422 2.434 7.34-7.382-.108 6.213 3.184.098zM.215 19.903L0 31.97l11.984-.213-.05-3.217-6.225.113 7.348-7.388-2.42-2.436-7.34 7.383L3.402 20l-3.187-.098zM20.004 31.704L32 32.001l-.293-12.059-3.195.03.154 6.263-7.396-7.44-2.407 2.42 7.389 7.43-6.174-.148-.074 3.207zM12.213.33L.22.034l.293 12.059 3.195-.032-.152-6.26 7.394 7.438 2.404-2.418L5.967 3.39l6.174.15.072-3.209z\"><\/path><\/svg><\/button><\/div>\n<div class=\"item__description\"><\/div>\n<\/div>\n<\/div>\n<div style=\"width:100%;-webkit-flex-shrink:0;flex-shrink:0;overflow:auto\" aria-hidden=\"true\" data-swipeable=\"true\">\n<div class=\"items__item\">\n<div class=\"item__image-cont\">\n<div class=\"image-cont__image\">\n<figure class=\"image-wrapped__wrapper\" data-bordeaux-image-check=\"false\">\n<div class=\"image-wrapped__widthsetter\" style=\"max-width:2000px\">\n<div class=\"image-wrapped__aspect-padding\" style=\"padding-bottom:120%\">\n<div style=\"display:contents\"><picture data-hydrate=\"true\"><source class=\"image-wrapped__image image__image\" type=\"image\/webp\"   data-normal=\"https:\/\/vanilla.futurecdn.net\/cyclingnews\/media\/img\/missing-image.svg\" data-original-mos=\"https:\/\/www.strassenweb.de\/nachrichten\/wp-content\/uploads\/2024\/11\/b2EQ5YuDW7VL7kyo6tDDvT.jpg\" data-pin-media=\"https:\/\/www.strassenweb.de\/nachrichten\/wp-content\/uploads\/2024\/11\/b2EQ5YuDW7VL7kyo6tDDvT.jpg\" data-pin-nopin=\"true\" data-slice-image=\"true\"><\/source><source class=\"image-wrapped__image image__image\" type=\"image\/jpeg\"   data-normal=\"https:\/\/vanilla.futurecdn.net\/cyclingnews\/media\/img\/missing-image.svg\" data-original-mos=\"https:\/\/www.strassenweb.de\/nachrichten\/wp-content\/uploads\/2024\/11\/b2EQ5YuDW7VL7kyo6tDDvT.jpg\" data-pin-media=\"https:\/\/www.strassenweb.de\/nachrichten\/wp-content\/uploads\/2024\/11\/b2EQ5YuDW7VL7kyo6tDDvT.jpg\" data-pin-nopin=\"true\" data-slice-image=\"true\"><\/source><img decoding=\"async\" alt=\"Das Werkzeug zum Entfernen der Verschl\u00fcsse von den NEOM-\u00d6lflaschen\"  class=\"image-wrapped__image image__image\" loading=\"lazy\" data-normal=\"https:\/\/vanilla.futurecdn.net\/cyclingnews\/media\/img\/missing-image.svg\" src=\"https:\/\/www.strassenweb.de\/nachrichten\/wp-content\/uploads\/2024\/11\/b2EQ5YuDW7VL7kyo6tDDvT.jpg\" data-pin-media=\"https:\/\/www.strassenweb.de\/nachrichten\/wp-content\/uploads\/2024\/11\/b2EQ5YuDW7VL7kyo6tDDvT.jpg\" data-pin-nopin=\"true\" data-slice-image=\"true\"><\/picture><\/div>\n<\/div>\n<\/div>\n<\/figure>\n<\/div>\n<p><button class=\"image-cont__expand\" data-testid=\"expandButton\" data-analytics-id=\"gallery-expand-image\"><svg xmlns=\"http:\/\/www.w3.org\/2000\/svg\" width=\"32\" height=\"32\" viewbox=\"0 0 32 32\"><path d=\"M31.557 12.067L31.773 0 19.791.213l.05 3.216 6.225-.115-7.347 7.39 2.422 2.434 7.34-7.382-.108 6.213 3.184.098zM.215 19.903L0 31.97l11.984-.213-.05-3.217-6.225.113 7.348-7.388-2.42-2.436-7.34 7.383L3.402 20l-3.187-.098zM20.004 31.704L32 32.001l-.293-12.059-3.195.03.154 6.263-7.396-7.44-2.407 2.42 7.389 7.43-6.174-.148-.074 3.207zM12.213.33L.22.034l.293 12.059 3.195-.032-.152-6.26 7.394 7.438 2.404-2.418L5.967 3.39l6.174.15.072-3.209z\"><\/path><\/svg><\/button><\/div>\n<div class=\"item__description\"><\/div>\n<\/div>\n<\/div>\n<div style=\"width:100%;-webkit-flex-shrink:0;flex-shrink:0;overflow:auto\" aria-hidden=\"true\" data-swipeable=\"true\">\n<div class=\"items__item\">\n<div class=\"item__image-cont\">\n<div class=\"image-cont__image\">\n<figure class=\"image-wrapped__wrapper\" data-bordeaux-image-check=\"false\">\n<div class=\"image-wrapped__widthsetter\" style=\"max-width:2000px\">\n<div class=\"image-wrapped__aspect-padding\" style=\"padding-bottom:120%\">\n<div style=\"display:contents\"><picture data-hydrate=\"true\"><source class=\"image-wrapped__image image__image\" type=\"image\/webp\"   data-normal=\"https:\/\/vanilla.futurecdn.net\/cyclingnews\/media\/img\/missing-image.svg\" data-original-mos=\"https:\/\/www.strassenweb.de\/nachrichten\/wp-content\/uploads\/2024\/11\/9AuFNNKBqRndjdXXZGf6vT.jpg\" data-pin-media=\"https:\/\/www.strassenweb.de\/nachrichten\/wp-content\/uploads\/2024\/11\/9AuFNNKBqRndjdXXZGf6vT.jpg\" data-pin-nopin=\"true\" data-slice-image=\"true\"><\/source><source class=\"image-wrapped__image image__image\" type=\"image\/jpeg\"   data-normal=\"https:\/\/vanilla.futurecdn.net\/cyclingnews\/media\/img\/missing-image.svg\" data-original-mos=\"https:\/\/www.strassenweb.de\/nachrichten\/wp-content\/uploads\/2024\/11\/9AuFNNKBqRndjdXXZGf6vT.jpg\" data-pin-media=\"https:\/\/www.strassenweb.de\/nachrichten\/wp-content\/uploads\/2024\/11\/9AuFNNKBqRndjdXXZGf6vT.jpg\" data-pin-nopin=\"true\" data-slice-image=\"true\"><\/source><img decoding=\"async\" alt=\"Entfernen des Verschlusses von der NEOM-Flasche mit \u00e4therischen \u00d6len\"  class=\"image-wrapped__image image__image\" loading=\"lazy\" data-normal=\"https:\/\/vanilla.futurecdn.net\/cyclingnews\/media\/img\/missing-image.svg\" src=\"https:\/\/www.strassenweb.de\/nachrichten\/wp-content\/uploads\/2024\/11\/9AuFNNKBqRndjdXXZGf6vT.jpg\" data-pin-media=\"https:\/\/www.strassenweb.de\/nachrichten\/wp-content\/uploads\/2024\/11\/9AuFNNKBqRndjdXXZGf6vT.jpg\" data-pin-nopin=\"true\" data-slice-image=\"true\"><\/picture><\/div>\n<\/div>\n<\/div>\n<\/figure>\n<\/div>\n<p><button class=\"image-cont__expand\" data-testid=\"expandButton\" data-analytics-id=\"gallery-expand-image\"><svg xmlns=\"http:\/\/www.w3.org\/2000\/svg\" width=\"32\" height=\"32\" viewbox=\"0 0 32 32\"><path d=\"M31.557 12.067L31.773 0 19.791.213l.05 3.216 6.225-.115-7.347 7.39 2.422 2.434 7.34-7.382-.108 6.213 3.184.098zM.215 19.903L0 31.97l11.984-.213-.05-3.217-6.225.113 7.348-7.388-2.42-2.436-7.34 7.383L3.402 20l-3.187-.098zM20.004 31.704L32 32.001l-.293-12.059-3.195.03.154 6.263-7.396-7.44-2.407 2.42 7.389 7.43-6.174-.148-.074 3.207zM12.213.33L.22.034l.293 12.059 3.195-.032-.152-6.26 7.394 7.438 2.404-2.418L5.967 3.39l6.174.15.072-3.209z\"><\/path><\/svg><\/button><\/div>\n<div class=\"item__description\"><\/div>\n<\/div>\n<\/div>\n<div style=\"width:100%;-webkit-flex-shrink:0;flex-shrink:0;overflow:auto\" aria-hidden=\"true\" data-swipeable=\"true\">\n<div class=\"items__item\">\n<div class=\"item__image-cont\">\n<div class=\"image-cont__image\">\n<figure class=\"image-wrapped__wrapper\" data-bordeaux-image-check=\"false\">\n<div class=\"image-wrapped__widthsetter\" style=\"max-width:2000px\">\n<div class=\"image-wrapped__aspect-padding\" style=\"padding-bottom:120%\">\n<div style=\"display:contents\"><picture data-hydrate=\"true\"><source class=\"image-wrapped__image image__image\" type=\"image\/webp\"   data-normal=\"https:\/\/vanilla.futurecdn.net\/cyclingnews\/media\/img\/missing-image.svg\" data-original-mos=\"https:\/\/www.strassenweb.de\/nachrichten\/wp-content\/uploads\/2024\/11\/oDUfqCJihNVTsVr9YeUpuT.jpg\" data-pin-media=\"https:\/\/www.strassenweb.de\/nachrichten\/wp-content\/uploads\/2024\/11\/oDUfqCJihNVTsVr9YeUpuT.jpg\" data-pin-nopin=\"true\" data-slice-image=\"true\"><\/source><source class=\"image-wrapped__image image__image\" type=\"image\/jpeg\"   data-normal=\"https:\/\/vanilla.futurecdn.net\/cyclingnews\/media\/img\/missing-image.svg\" data-original-mos=\"https:\/\/www.strassenweb.de\/nachrichten\/wp-content\/uploads\/2024\/11\/oDUfqCJihNVTsVr9YeUpuT.jpg\" data-pin-media=\"https:\/\/www.strassenweb.de\/nachrichten\/wp-content\/uploads\/2024\/11\/oDUfqCJihNVTsVr9YeUpuT.jpg\" data-pin-nopin=\"true\" data-slice-image=\"true\"><\/source><img decoding=\"async\" alt=\"Die NEOM-Flasche mit \u00e4therischen \u00d6len in der Diffusorkappe\"  class=\"image-wrapped__image image__image\" loading=\"lazy\" data-normal=\"https:\/\/vanilla.futurecdn.net\/cyclingnews\/media\/img\/missing-image.svg\" src=\"https:\/\/www.strassenweb.de\/nachrichten\/wp-content\/uploads\/2024\/11\/oDUfqCJihNVTsVr9YeUpuT.jpg\" data-pin-media=\"https:\/\/www.strassenweb.de\/nachrichten\/wp-content\/uploads\/2024\/11\/oDUfqCJihNVTsVr9YeUpuT.jpg\" data-pin-nopin=\"true\" data-slice-image=\"true\"><\/picture><\/div>\n<\/div>\n<\/div>\n<\/figure>\n<\/div>\n<p><button class=\"image-cont__expand\" data-testid=\"expandButton\" data-analytics-id=\"gallery-expand-image\"><svg xmlns=\"http:\/\/www.w3.org\/2000\/svg\" width=\"32\" height=\"32\" viewbox=\"0 0 32 32\"><path d=\"M31.557 12.067L31.773 0 19.791.213l.05 3.216 6.225-.115-7.347 7.39 2.422 2.434 7.34-7.382-.108 6.213 3.184.098zM.215 19.903L0 31.97l11.984-.213-.05-3.217-6.225.113 7.348-7.388-2.42-2.436-7.34 7.383L3.402 20l-3.187-.098zM20.004 31.704L32 32.001l-.293-12.059-3.195.03.154 6.263-7.396-7.44-2.407 2.42 7.389 7.43-6.174-.148-.074 3.207zM12.213.33L.22.034l.293 12.059 3.195-.032-.152-6.26 7.394 7.438 2.404-2.418L5.967 3.39l6.174.15.072-3.209z\"><\/path><\/svg><\/button><\/div>\n<div class=\"item__description\"><\/div>\n<\/div>\n<\/div>\n<\/div>\n<\/div>\n<\/div>\n<\/div>\n<p>Der Diffusor selbst ist winzig \u2013 er passt problemlos in eine Hand und ist klein genug, um in einen Getr\u00e4nkehalter im Auto zu passen, wenn das Ihr kleiner Platz ist. Das brachte mich zun\u00e4chst dazu, mich zu fragen, ob es leistungsstark genug sein w\u00fcrde, um tats\u00e4chlich irgendetwas zu tun \u2013 aber ich w\u00fcrde bald angenehm \u00fcberrascht sein.<\/p>\n<p>Der Zusammenbau war einfach, aber etwas fummelig. Das Entfernen des Einsatzes ist einfach \u2013 Sie dr\u00fccken einfach einen Knopf an der Basis und die Oberseite springt heraus. Im Inneren des Diffusors befindet sich eine leere \u00d6lflasche als Platzhalter, die Sie abschrauben k\u00f6nnen, um auch die volle Flasche anzubringen.<\/p>\n<p>Die Fresh-Flaschen verf\u00fcgen \u00fcber einen traditionellen Tropfstopper in der Flasche, der Diffusor verf\u00fcgt jedoch \u00fcber ein Werkzeug, um diesen zu entfernen. Das war etwas fummelig, da ich in meinen Fingern eine etwas eingeschr\u00e4nkte Beweglichkeit habe, aber mit gen\u00fcgend Licht und ein paar Versuchen l\u00f6ste sich der Stopper. Ich musste lediglich die Flasche festschrauben und wieder in das Ger\u00e4t schieben.<\/p>\n<p>Achten Sie nur darauf, dass Sie es nicht auf den Kopf stellen, w\u00e4hrend sich die \u00d6lflasche darin befindet. Im Handbuch wird davor gewarnt, dies zu tun, aber ich habe das \u00fcbersehen und meines ist durchgesickert.<\/p>\n<h3 class=\"article-body__section\" id=\"section-using-the-neom-portable-wellbeing-pod-mini-diffuser\"><span>Verwendung des tragbaren Neom Wellbeing Pod Mini-Diffusors<\/span><\/h3>\n<figure class=\"van-image-figure inline-layout \" data-bordeaux-image-check>\n<div class=\"image-full-width-wrapper\">\n<div class=\"image-widthsetter\" style=\"max-width:2000px;\"><\/div>\n<\/div><figcaption class=\"inline-layout \">\n<div class=\"caption-text\">\n<p>Ich habe es auf der niedrigsten Stufe gestartet<\/p>\n<\/div>\n<\/figcaption><\/figure>\n<p>Es wurde direkt nach dem Auspacken aufgeladen, also dr\u00fcckte ich den Einschaltknopf und lie\u00df es auf dem Tisch liegen. Ein Wort der Warnung: Machen Sie nicht dasselbe <u>Fehler beim Raumduft<\/u> Ich habe es getan und halte dein Gesicht direkt dar\u00fcber, wenn du es einschaltest. Der Duft wurde sofort freigesetzt und ich bekam eine gute Nase voll davon <em>\u00dcberwintern <\/em>mitgelieferte \u00e4therische \u00d6lmischung.<\/p>\n<p>Zum Gl\u00fcck riecht es fantastisch, aber ich empfehle nicht, es direkt einzuatmen, wenn Ihnen Ihre Lunge am Herzen liegt.<\/p>\n<p>Ich lie\u00df es auf der niedrigsten Stufe, die laut Anleitung alle zwei Minuten und 45 Sekunden 15 Sekunden lang Duft freisetzte, um den Grundwert zu ermitteln. Ich war sofort beeindruckt.<\/p>\n<p>Der Duft war sehr stark \u2013 so stark, dass ich, obwohl der Diffusor auf meinem Kaminsims \u00fcber den st\u00f6renden Schuhen stand, den Duft auf der anderen Seite meines offenen Wohnraums (ungef\u00e4hr 17 Fu\u00df entfernt) schon nach ein paar Minuten auf der niedrigsten Stufe riechen konnte Einstellung.<\/p>\n<p>Man kann mit Sicherheit sagen, dass der Eingangsbereich nicht mehr nach abgestandenen, verschwitzten Schuhen riecht.<\/p>\n<h3 class=\"article-body__section\" id=\"section-my-verdict\"><span>Mein Urteil<\/span><\/h3>\n<figure class=\"van-image-figure inline-layout \" data-bordeaux-image-check>\n<div class=\"image-full-width-wrapper\">\n<div class=\"image-widthsetter\" style=\"max-width:2000px;\"><\/div>\n<\/div>\n<\/figure>\n<p>Dieser leistungsstarke kleine tragbare Diffusor f\u00fcr \u00e4therische \u00d6le sieht nicht nur toll aus und nimmt nur wenig Platz ein, er erf\u00fcllt auch seine Aufgabe hervorragend.<\/p>\n<p>Es hat sich als eine gro\u00dfartige M\u00f6glichkeit erwiesen <u>ein Haus teuer riechen lassen<\/u>mit einem starken, raffinierten Duft, auch wenn etwas \u00dcbelriechendes in der N\u00e4he ist!<\/p>\n<p>Es k\u00f6nnte leicht ein sein <u>Duftgeheimnis f\u00fcr den Eingangsbereich, das von Luxus-Spa-Direktoren genutzt wird<\/u>) und ein schlankes Profil. Es sieht viel raffinierter aus als mein sperriger Lufterfrischer aus Plastik, den er sofort ersetzt hat <u>l\u00e4sst mein kleines Zuhause teuer aussehen<\/u>.<\/p>\n<p>Mir gef\u00e4llt auch, dass sich der Diffusor nach zwei Stunden automatisch ausschaltet, um den Akku zu schonen. Der Duft bleibt trotzdem bestehen, aber ich schalte ihn einfach wieder ein, wenn ich vorbeigehe oder G\u00e4ste unterwegs sind.<\/p>\n<p>Ich muss den Diffusor noch reinigen, aber die Bedienungsanleitung verspricht mir, dass er selbstreinigend ist. Alles, was Sie tun m\u00fcssen, ist, die mitgelieferte leere Flasche zu zwei Dritteln mit Reinigungsalkohol zu f\u00fcllen, der bei Walmart erh\u00e4ltlich ist, und den Diffusor eine Stunde lang laufen zu lassen. So einfach ist das.<\/p>\n<div class=\"product-container hero-product-container product-block-no-wrap\"><\/div>\n<hr>\n<p>Dank dieses praktischen Ger\u00e4ts muss ich mir keine Sorgen mehr machen, dass G\u00e4ste beim ersten Mal bei mir zu Hause die Nase r\u00fcmpfen. Ich kann wirklich nichts Schlechtes dar\u00fcber sagen, au\u00dfer dass man nur die Marken-NEOM-Nachf\u00fcller verwenden kann, um sicherzustellen, dass die Flaschen in das Ger\u00e4t passen. Bei so vielen D\u00fcften im Angebot ist das jedoch kein allzu gro\u00dfes Hindernis, wenn Sie es versuchen <u>W\u00e4hlen Sie einen charakteristischen Duft f\u00fcr Ihr Zuhause<\/u>oder versuchen Sie es <u>Duftschichtung<\/u>.<\/p>\n<p><u>Menschen mit gut riechenden Eing\u00e4ngen<\/u><\/p>\n<\/div>\n","protected":false},"excerpt":{"rendered":"<p>Obwohl nur zwei Personen in meinem Haus leben, haben wir eine viel von Schuhen. Ich versuche, sie in einem Aufbewahrungsschrank aufzubewahren, aber einige laufen \u00fcber,<\/p>\n","protected":false},"author":1,"featured_media":1832,"comment_status":"closed","ping_status":"","sticky":false,"template":"","format":"standard","meta":{"footnotes":""},"categories":[118],"tags":[115,3277,3280,1554,3276,214,2759,3274,55,3049,189,15,1054,3278,3168,1561,3279,1135,3275,21,429,116,67],"class_list":["post-1831","post","type-post","status-publish","format-standard","has-post-thumbnail","hentry","category-haus-garten","tag-aller","tag-aetherische","tag-beseitigt","tag-dieser","tag-diffusor","tag-eingangsbereich","tag-erhaeltlich","tag-erstaunliche","tag-fuer","tag-gerueche","tag-hat","tag-ist","tag-meine","tag-neom","tag-niedrigsten","tag-oele","tag-peinlichen","tag-preis","tag-tragbare","tag-von","tag-wirklich","tag-zeiten","tag-zum","generate-columns","tablet-grid-50","mobile-grid-100","grid-parent","grid-50"],"yoast_head":"<!-- This site is optimized with the Yoast SEO plugin v27.3 - https:\/\/yoast.com\/product\/yoast-seo-wordpress\/ -->\n<title>Dieser wirklich erstaunliche tragbare Diffusor f\u00fcr \u00e4therische \u00d6le von NEOM hat meine peinlichen Ger\u00fcche im Eingangsbereich beseitigt \u2013 er ist zum niedrigsten Preis aller Zeiten erh\u00e4ltlich - Nachrichten - Stra\u00dfenweb<\/title>\n<meta name=\"robots\" content=\"index, follow, max-snippet:-1, max-image-preview:large, max-video-preview:-1\" \/>\n<link rel=\"canonical\" href=\"https:\/\/www.strassenweb.de\/nachrichten\/dieser-wirklich-erstaunliche-tragbare-diffusor-fuer-aetherische-oele-von-neom-hat-meine-peinlichen-gerueche-im-eingangsbereich-beseitigt-er-ist-zum-niedrigsten-preis-aller-zeiten-erhaeltlich\/\" \/>\n<meta property=\"og:locale\" content=\"de_DE\" \/>\n<meta property=\"og:type\" content=\"article\" \/>\n<meta property=\"og:title\" content=\"Dieser wirklich erstaunliche tragbare Diffusor f\u00fcr \u00e4therische \u00d6le von NEOM hat meine peinlichen Ger\u00fcche im Eingangsbereich beseitigt \u2013 er ist zum niedrigsten Preis aller Zeiten erh\u00e4ltlich - Nachrichten - Stra\u00dfenweb\" \/>\n<meta property=\"og:description\" content=\"Obwohl nur zwei Personen in meinem Haus leben, haben wir eine viel von Schuhen. Ich versuche, sie in einem Aufbewahrungsschrank aufzubewahren, aber einige laufen \u00fcber,\" \/>\n<meta property=\"og:url\" content=\"https:\/\/www.strassenweb.de\/nachrichten\/dieser-wirklich-erstaunliche-tragbare-diffusor-fuer-aetherische-oele-von-neom-hat-meine-peinlichen-gerueche-im-eingangsbereich-beseitigt-er-ist-zum-niedrigsten-preis-aller-zeiten-erhaeltlich\/\" \/>\n<meta property=\"og:site_name\" content=\"Stra\u00dfenweb\" \/>\n<meta property=\"article:publisher\" content=\"https:\/\/www.facebook.com\/strassenweb\/\" \/>\n<meta property=\"article:published_time\" content=\"2024-11-29T13:44:24+00:00\" \/>\n<meta property=\"og:image\" content=\"https:\/\/www.strassenweb.de\/nachrichten\/wp-content\/uploads\/2024\/11\/Dieser-wirklich-erstaunliche-tragbare-Diffusor-fuer-aetherische-Oele-von-NEOM.jpg\" \/>\n\t<meta property=\"og:image:width\" content=\"1000\" \/>\n\t<meta property=\"og:image:height\" content=\"562\" \/>\n\t<meta property=\"og:image:type\" content=\"image\/jpeg\" \/>\n<meta name=\"author\" content=\"Robert Hoffmann\" \/>\n<meta name=\"twitter:card\" content=\"summary_large_image\" \/>\n<meta name=\"twitter:label1\" content=\"Verfasst von\" \/>\n\t<meta name=\"twitter:data1\" content=\"Robert Hoffmann\" \/>\n\t<meta name=\"twitter:label2\" content=\"Gesch\u00e4tzte Lesezeit\" \/>\n\t<meta name=\"twitter:data2\" content=\"5\u00a0Minuten\" \/>\n<script type=\"application\/ld+json\" class=\"yoast-schema-graph\">{\"@context\":\"https:\\\/\\\/schema.org\",\"@graph\":[{\"@type\":\"Article\",\"@id\":\"https:\\\/\\\/www.strassenweb.de\\\/nachrichten\\\/dieser-wirklich-erstaunliche-tragbare-diffusor-fuer-aetherische-oele-von-neom-hat-meine-peinlichen-gerueche-im-eingangsbereich-beseitigt-er-ist-zum-niedrigsten-preis-aller-zeiten-erhaeltlich\\\/#article\",\"isPartOf\":{\"@id\":\"https:\\\/\\\/www.strassenweb.de\\\/nachrichten\\\/dieser-wirklich-erstaunliche-tragbare-diffusor-fuer-aetherische-oele-von-neom-hat-meine-peinlichen-gerueche-im-eingangsbereich-beseitigt-er-ist-zum-niedrigsten-preis-aller-zeiten-erhaeltlich\\\/\"},\"author\":{\"name\":\"Robert Hoffmann\",\"@id\":\"https:\\\/\\\/www.strassenweb.de\\\/nachrichten\\\/#\\\/schema\\\/person\\\/87c9c9067f1211da429a744dc5a5aa41\"},\"headline\":\"Dieser wirklich erstaunliche tragbare Diffusor f\u00fcr \u00e4therische \u00d6le von NEOM hat meine peinlichen Ger\u00fcche im Eingangsbereich beseitigt \u2013 er ist zum niedrigsten Preis aller Zeiten erh\u00e4ltlich\",\"datePublished\":\"2024-11-29T13:44:24+00:00\",\"mainEntityOfPage\":{\"@id\":\"https:\\\/\\\/www.strassenweb.de\\\/nachrichten\\\/dieser-wirklich-erstaunliche-tragbare-diffusor-fuer-aetherische-oele-von-neom-hat-meine-peinlichen-gerueche-im-eingangsbereich-beseitigt-er-ist-zum-niedrigsten-preis-aller-zeiten-erhaeltlich\\\/\"},\"wordCount\":1037,\"publisher\":{\"@id\":\"https:\\\/\\\/www.strassenweb.de\\\/nachrichten\\\/#organization\"},\"image\":{\"@id\":\"https:\\\/\\\/www.strassenweb.de\\\/nachrichten\\\/dieser-wirklich-erstaunliche-tragbare-diffusor-fuer-aetherische-oele-von-neom-hat-meine-peinlichen-gerueche-im-eingangsbereich-beseitigt-er-ist-zum-niedrigsten-preis-aller-zeiten-erhaeltlich\\\/#primaryimage\"},\"thumbnailUrl\":\"https:\\\/\\\/www.strassenweb.de\\\/nachrichten\\\/wp-content\\\/uploads\\\/2024\\\/11\\\/Dieser-wirklich-erstaunliche-tragbare-Diffusor-fuer-aetherische-Oele-von-NEOM.jpg\",\"keywords\":[\"aller\",\"\u00e4therische\",\"beseitigt\",\"dieser\",\"Diffusor\",\"Eingangsbereich\",\"erh\u00e4ltlich\",\"erstaunliche\",\"f\u00fcr\",\"Ger\u00fcche\",\"hat\",\"ist\",\"meine\",\"NEOM\",\"niedrigsten\",\"\u00f6le\",\"peinlichen\",\"Preis\",\"tragbare\",\"von\",\"wirklich\",\"Zeiten\",\"zum\"],\"articleSection\":[\"Haus &amp; Garten\"],\"inLanguage\":\"de\"},{\"@type\":\"WebPage\",\"@id\":\"https:\\\/\\\/www.strassenweb.de\\\/nachrichten\\\/dieser-wirklich-erstaunliche-tragbare-diffusor-fuer-aetherische-oele-von-neom-hat-meine-peinlichen-gerueche-im-eingangsbereich-beseitigt-er-ist-zum-niedrigsten-preis-aller-zeiten-erhaeltlich\\\/\",\"url\":\"https:\\\/\\\/www.strassenweb.de\\\/nachrichten\\\/dieser-wirklich-erstaunliche-tragbare-diffusor-fuer-aetherische-oele-von-neom-hat-meine-peinlichen-gerueche-im-eingangsbereich-beseitigt-er-ist-zum-niedrigsten-preis-aller-zeiten-erhaeltlich\\\/\",\"name\":\"Dieser wirklich erstaunliche tragbare Diffusor f\u00fcr \u00e4therische \u00d6le von NEOM hat meine peinlichen Ger\u00fcche im Eingangsbereich beseitigt \u2013 er ist zum niedrigsten Preis aller Zeiten erh\u00e4ltlich - Nachrichten - Stra\u00dfenweb\",\"isPartOf\":{\"@id\":\"https:\\\/\\\/www.strassenweb.de\\\/nachrichten\\\/#website\"},\"primaryImageOfPage\":{\"@id\":\"https:\\\/\\\/www.strassenweb.de\\\/nachrichten\\\/dieser-wirklich-erstaunliche-tragbare-diffusor-fuer-aetherische-oele-von-neom-hat-meine-peinlichen-gerueche-im-eingangsbereich-beseitigt-er-ist-zum-niedrigsten-preis-aller-zeiten-erhaeltlich\\\/#primaryimage\"},\"image\":{\"@id\":\"https:\\\/\\\/www.strassenweb.de\\\/nachrichten\\\/dieser-wirklich-erstaunliche-tragbare-diffusor-fuer-aetherische-oele-von-neom-hat-meine-peinlichen-gerueche-im-eingangsbereich-beseitigt-er-ist-zum-niedrigsten-preis-aller-zeiten-erhaeltlich\\\/#primaryimage\"},\"thumbnailUrl\":\"https:\\\/\\\/www.strassenweb.de\\\/nachrichten\\\/wp-content\\\/uploads\\\/2024\\\/11\\\/Dieser-wirklich-erstaunliche-tragbare-Diffusor-fuer-aetherische-Oele-von-NEOM.jpg\",\"datePublished\":\"2024-11-29T13:44:24+00:00\",\"breadcrumb\":{\"@id\":\"https:\\\/\\\/www.strassenweb.de\\\/nachrichten\\\/dieser-wirklich-erstaunliche-tragbare-diffusor-fuer-aetherische-oele-von-neom-hat-meine-peinlichen-gerueche-im-eingangsbereich-beseitigt-er-ist-zum-niedrigsten-preis-aller-zeiten-erhaeltlich\\\/#breadcrumb\"},\"inLanguage\":\"de\",\"potentialAction\":[{\"@type\":\"ReadAction\",\"target\":[\"https:\\\/\\\/www.strassenweb.de\\\/nachrichten\\\/dieser-wirklich-erstaunliche-tragbare-diffusor-fuer-aetherische-oele-von-neom-hat-meine-peinlichen-gerueche-im-eingangsbereich-beseitigt-er-ist-zum-niedrigsten-preis-aller-zeiten-erhaeltlich\\\/\"]}]},{\"@type\":\"ImageObject\",\"inLanguage\":\"de\",\"@id\":\"https:\\\/\\\/www.strassenweb.de\\\/nachrichten\\\/dieser-wirklich-erstaunliche-tragbare-diffusor-fuer-aetherische-oele-von-neom-hat-meine-peinlichen-gerueche-im-eingangsbereich-beseitigt-er-ist-zum-niedrigsten-preis-aller-zeiten-erhaeltlich\\\/#primaryimage\",\"url\":\"https:\\\/\\\/www.strassenweb.de\\\/nachrichten\\\/wp-content\\\/uploads\\\/2024\\\/11\\\/Dieser-wirklich-erstaunliche-tragbare-Diffusor-fuer-aetherische-Oele-von-NEOM.jpg\",\"contentUrl\":\"https:\\\/\\\/www.strassenweb.de\\\/nachrichten\\\/wp-content\\\/uploads\\\/2024\\\/11\\\/Dieser-wirklich-erstaunliche-tragbare-Diffusor-fuer-aetherische-Oele-von-NEOM.jpg\",\"width\":1000,\"height\":562,\"caption\":\"Dieser wirklich erstaunliche tragbare Diffusor f\u00fcr \u00e4therische \u00d6le von NEOM hat meine peinlichen Ger\u00fcche im Eingangsbereich beseitigt \u2013 er ist zum niedrigsten Preis aller Zeiten erh\u00e4ltlich\"},{\"@type\":\"BreadcrumbList\",\"@id\":\"https:\\\/\\\/www.strassenweb.de\\\/nachrichten\\\/dieser-wirklich-erstaunliche-tragbare-diffusor-fuer-aetherische-oele-von-neom-hat-meine-peinlichen-gerueche-im-eingangsbereich-beseitigt-er-ist-zum-niedrigsten-preis-aller-zeiten-erhaeltlich\\\/#breadcrumb\",\"itemListElement\":[{\"@type\":\"ListItem\",\"position\":1,\"name\":\"Home\",\"item\":\"https:\\\/\\\/www.strassenweb.de\\\/nachrichten\\\/\"},{\"@type\":\"ListItem\",\"position\":2,\"name\":\"Dieser wirklich erstaunliche tragbare Diffusor f\u00fcr \u00e4therische \u00d6le von NEOM hat meine peinlichen Ger\u00fcche im Eingangsbereich beseitigt \u2013 er ist zum niedrigsten Preis aller Zeiten erh\u00e4ltlich\"}]},{\"@type\":\"WebSite\",\"@id\":\"https:\\\/\\\/www.strassenweb.de\\\/nachrichten\\\/#website\",\"url\":\"https:\\\/\\\/www.strassenweb.de\\\/nachrichten\\\/\",\"name\":\"Stra\u00dfenweb\",\"description\":\"Stra\u00dfenverzeichnis f\u00fcr Deutschland\",\"publisher\":{\"@id\":\"https:\\\/\\\/www.strassenweb.de\\\/nachrichten\\\/#organization\"},\"potentialAction\":[{\"@type\":\"SearchAction\",\"target\":{\"@type\":\"EntryPoint\",\"urlTemplate\":\"https:\\\/\\\/www.strassenweb.de\\\/nachrichten\\\/?s={search_term_string}\"},\"query-input\":{\"@type\":\"PropertyValueSpecification\",\"valueRequired\":true,\"valueName\":\"search_term_string\"}}],\"inLanguage\":\"de\"},{\"@type\":\"Organization\",\"@id\":\"https:\\\/\\\/www.strassenweb.de\\\/nachrichten\\\/#organization\",\"name\":\"Stra\u00dfenweb\",\"url\":\"https:\\\/\\\/www.strassenweb.de\\\/nachrichten\\\/\",\"logo\":{\"@type\":\"ImageObject\",\"inLanguage\":\"de\",\"@id\":\"https:\\\/\\\/www.strassenweb.de\\\/nachrichten\\\/#\\\/schema\\\/logo\\\/image\\\/\",\"url\":\"https:\\\/\\\/www.strassenweb.de\\\/nachrichten\\\/wp-content\\\/uploads\\\/2024\\\/09\\\/cropped-favicon.png\",\"contentUrl\":\"https:\\\/\\\/www.strassenweb.de\\\/nachrichten\\\/wp-content\\\/uploads\\\/2024\\\/09\\\/cropped-favicon.png\",\"width\":512,\"height\":512,\"caption\":\"Stra\u00dfenweb\"},\"image\":{\"@id\":\"https:\\\/\\\/www.strassenweb.de\\\/nachrichten\\\/#\\\/schema\\\/logo\\\/image\\\/\"},\"sameAs\":[\"https:\\\/\\\/www.facebook.com\\\/strassenweb\\\/\"]},{\"@type\":\"Person\",\"@id\":\"https:\\\/\\\/www.strassenweb.de\\\/nachrichten\\\/#\\\/schema\\\/person\\\/87c9c9067f1211da429a744dc5a5aa41\",\"name\":\"Robert Hoffmann\",\"image\":{\"@type\":\"ImageObject\",\"inLanguage\":\"de\",\"@id\":\"https:\\\/\\\/www.strassenweb.de\\\/nachrichten\\\/wp-content\\\/uploads\\\/2024\\\/09\\\/strassenweb-150x150.jpg\",\"url\":\"https:\\\/\\\/www.strassenweb.de\\\/nachrichten\\\/wp-content\\\/uploads\\\/2024\\\/09\\\/strassenweb-150x150.jpg\",\"contentUrl\":\"https:\\\/\\\/www.strassenweb.de\\\/nachrichten\\\/wp-content\\\/uploads\\\/2024\\\/09\\\/strassenweb-150x150.jpg\",\"caption\":\"Robert Hoffmann\"},\"description\":\"Ich hei\u00dfe Robert Hoffmann und ich bin ein leidenschaftlicher Verfechter von \u00d6kologie und Biodiversit\u00e4t. Seit meiner Kindheit in den W\u00e4ldern Bayerns f\u00fchle ich mich mit der Natur verbunden und bin entschlossen, sie zu sch\u00fctzen. Heute widme ich mein Leben der Sensibilisierung anderer f\u00fcr die Bedeutung des Umweltschutzes f\u00fcr zuk\u00fcnftige Generationen.\",\"sameAs\":[\"https:\\\/\\\/www.strassenweb.de\\\/\"]}]}<\/script>\n<!-- \/ Yoast SEO plugin. -->","yoast_head_json":{"title":"Dieser wirklich erstaunliche tragbare Diffusor f\u00fcr \u00e4therische \u00d6le von NEOM hat meine peinlichen Ger\u00fcche im Eingangsbereich beseitigt \u2013 er ist zum niedrigsten Preis aller Zeiten erh\u00e4ltlich - Nachrichten - Stra\u00dfenweb","robots":{"index":"index","follow":"follow","max-snippet":"max-snippet:-1","max-image-preview":"max-image-preview:large","max-video-preview":"max-video-preview:-1"},"canonical":"https:\/\/www.strassenweb.de\/nachrichten\/dieser-wirklich-erstaunliche-tragbare-diffusor-fuer-aetherische-oele-von-neom-hat-meine-peinlichen-gerueche-im-eingangsbereich-beseitigt-er-ist-zum-niedrigsten-preis-aller-zeiten-erhaeltlich\/","og_locale":"de_DE","og_type":"article","og_title":"Dieser wirklich erstaunliche tragbare Diffusor f\u00fcr \u00e4therische \u00d6le von NEOM hat meine peinlichen Ger\u00fcche im Eingangsbereich beseitigt \u2013 er ist zum niedrigsten Preis aller Zeiten erh\u00e4ltlich - Nachrichten - Stra\u00dfenweb","og_description":"Obwohl nur zwei Personen in meinem Haus leben, haben wir eine viel von Schuhen. Ich versuche, sie in einem Aufbewahrungsschrank aufzubewahren, aber einige laufen \u00fcber,","og_url":"https:\/\/www.strassenweb.de\/nachrichten\/dieser-wirklich-erstaunliche-tragbare-diffusor-fuer-aetherische-oele-von-neom-hat-meine-peinlichen-gerueche-im-eingangsbereich-beseitigt-er-ist-zum-niedrigsten-preis-aller-zeiten-erhaeltlich\/","og_site_name":"Stra\u00dfenweb","article_publisher":"https:\/\/www.facebook.com\/strassenweb\/","article_published_time":"2024-11-29T13:44:24+00:00","og_image":[{"width":1000,"height":562,"url":"https:\/\/www.strassenweb.de\/nachrichten\/wp-content\/uploads\/2024\/11\/Dieser-wirklich-erstaunliche-tragbare-Diffusor-fuer-aetherische-Oele-von-NEOM.jpg","type":"image\/jpeg"}],"author":"Robert Hoffmann","twitter_card":"summary_large_image","twitter_misc":{"Verfasst von":"Robert Hoffmann","Gesch\u00e4tzte Lesezeit":"5\u00a0Minuten"},"schema":{"@context":"https:\/\/schema.org","@graph":[{"@type":"Article","@id":"https:\/\/www.strassenweb.de\/nachrichten\/dieser-wirklich-erstaunliche-tragbare-diffusor-fuer-aetherische-oele-von-neom-hat-meine-peinlichen-gerueche-im-eingangsbereich-beseitigt-er-ist-zum-niedrigsten-preis-aller-zeiten-erhaeltlich\/#article","isPartOf":{"@id":"https:\/\/www.strassenweb.de\/nachrichten\/dieser-wirklich-erstaunliche-tragbare-diffusor-fuer-aetherische-oele-von-neom-hat-meine-peinlichen-gerueche-im-eingangsbereich-beseitigt-er-ist-zum-niedrigsten-preis-aller-zeiten-erhaeltlich\/"},"author":{"name":"Robert Hoffmann","@id":"https:\/\/www.strassenweb.de\/nachrichten\/#\/schema\/person\/87c9c9067f1211da429a744dc5a5aa41"},"headline":"Dieser wirklich erstaunliche tragbare Diffusor f\u00fcr \u00e4therische \u00d6le von NEOM hat meine peinlichen Ger\u00fcche im Eingangsbereich beseitigt \u2013 er ist zum niedrigsten Preis aller Zeiten erh\u00e4ltlich","datePublished":"2024-11-29T13:44:24+00:00","mainEntityOfPage":{"@id":"https:\/\/www.strassenweb.de\/nachrichten\/dieser-wirklich-erstaunliche-tragbare-diffusor-fuer-aetherische-oele-von-neom-hat-meine-peinlichen-gerueche-im-eingangsbereich-beseitigt-er-ist-zum-niedrigsten-preis-aller-zeiten-erhaeltlich\/"},"wordCount":1037,"publisher":{"@id":"https:\/\/www.strassenweb.de\/nachrichten\/#organization"},"image":{"@id":"https:\/\/www.strassenweb.de\/nachrichten\/dieser-wirklich-erstaunliche-tragbare-diffusor-fuer-aetherische-oele-von-neom-hat-meine-peinlichen-gerueche-im-eingangsbereich-beseitigt-er-ist-zum-niedrigsten-preis-aller-zeiten-erhaeltlich\/#primaryimage"},"thumbnailUrl":"https:\/\/www.strassenweb.de\/nachrichten\/wp-content\/uploads\/2024\/11\/Dieser-wirklich-erstaunliche-tragbare-Diffusor-fuer-aetherische-Oele-von-NEOM.jpg","keywords":["aller","\u00e4therische","beseitigt","dieser","Diffusor","Eingangsbereich","erh\u00e4ltlich","erstaunliche","f\u00fcr","Ger\u00fcche","hat","ist","meine","NEOM","niedrigsten","\u00f6le","peinlichen","Preis","tragbare","von","wirklich","Zeiten","zum"],"articleSection":["Haus &amp; Garten"],"inLanguage":"de"},{"@type":"WebPage","@id":"https:\/\/www.strassenweb.de\/nachrichten\/dieser-wirklich-erstaunliche-tragbare-diffusor-fuer-aetherische-oele-von-neom-hat-meine-peinlichen-gerueche-im-eingangsbereich-beseitigt-er-ist-zum-niedrigsten-preis-aller-zeiten-erhaeltlich\/","url":"https:\/\/www.strassenweb.de\/nachrichten\/dieser-wirklich-erstaunliche-tragbare-diffusor-fuer-aetherische-oele-von-neom-hat-meine-peinlichen-gerueche-im-eingangsbereich-beseitigt-er-ist-zum-niedrigsten-preis-aller-zeiten-erhaeltlich\/","name":"Dieser wirklich erstaunliche tragbare Diffusor f\u00fcr \u00e4therische \u00d6le von NEOM hat meine peinlichen Ger\u00fcche im Eingangsbereich beseitigt \u2013 er ist zum niedrigsten Preis aller Zeiten erh\u00e4ltlich - Nachrichten - Stra\u00dfenweb","isPartOf":{"@id":"https:\/\/www.strassenweb.de\/nachrichten\/#website"},"primaryImageOfPage":{"@id":"https:\/\/www.strassenweb.de\/nachrichten\/dieser-wirklich-erstaunliche-tragbare-diffusor-fuer-aetherische-oele-von-neom-hat-meine-peinlichen-gerueche-im-eingangsbereich-beseitigt-er-ist-zum-niedrigsten-preis-aller-zeiten-erhaeltlich\/#primaryimage"},"image":{"@id":"https:\/\/www.strassenweb.de\/nachrichten\/dieser-wirklich-erstaunliche-tragbare-diffusor-fuer-aetherische-oele-von-neom-hat-meine-peinlichen-gerueche-im-eingangsbereich-beseitigt-er-ist-zum-niedrigsten-preis-aller-zeiten-erhaeltlich\/#primaryimage"},"thumbnailUrl":"https:\/\/www.strassenweb.de\/nachrichten\/wp-content\/uploads\/2024\/11\/Dieser-wirklich-erstaunliche-tragbare-Diffusor-fuer-aetherische-Oele-von-NEOM.jpg","datePublished":"2024-11-29T13:44:24+00:00","breadcrumb":{"@id":"https:\/\/www.strassenweb.de\/nachrichten\/dieser-wirklich-erstaunliche-tragbare-diffusor-fuer-aetherische-oele-von-neom-hat-meine-peinlichen-gerueche-im-eingangsbereich-beseitigt-er-ist-zum-niedrigsten-preis-aller-zeiten-erhaeltlich\/#breadcrumb"},"inLanguage":"de","potentialAction":[{"@type":"ReadAction","target":["https:\/\/www.strassenweb.de\/nachrichten\/dieser-wirklich-erstaunliche-tragbare-diffusor-fuer-aetherische-oele-von-neom-hat-meine-peinlichen-gerueche-im-eingangsbereich-beseitigt-er-ist-zum-niedrigsten-preis-aller-zeiten-erhaeltlich\/"]}]},{"@type":"ImageObject","inLanguage":"de","@id":"https:\/\/www.strassenweb.de\/nachrichten\/dieser-wirklich-erstaunliche-tragbare-diffusor-fuer-aetherische-oele-von-neom-hat-meine-peinlichen-gerueche-im-eingangsbereich-beseitigt-er-ist-zum-niedrigsten-preis-aller-zeiten-erhaeltlich\/#primaryimage","url":"https:\/\/www.strassenweb.de\/nachrichten\/wp-content\/uploads\/2024\/11\/Dieser-wirklich-erstaunliche-tragbare-Diffusor-fuer-aetherische-Oele-von-NEOM.jpg","contentUrl":"https:\/\/www.strassenweb.de\/nachrichten\/wp-content\/uploads\/2024\/11\/Dieser-wirklich-erstaunliche-tragbare-Diffusor-fuer-aetherische-Oele-von-NEOM.jpg","width":1000,"height":562,"caption":"Dieser wirklich erstaunliche tragbare Diffusor f\u00fcr \u00e4therische \u00d6le von NEOM hat meine peinlichen Ger\u00fcche im Eingangsbereich beseitigt \u2013 er ist zum niedrigsten Preis aller Zeiten erh\u00e4ltlich"},{"@type":"BreadcrumbList","@id":"https:\/\/www.strassenweb.de\/nachrichten\/dieser-wirklich-erstaunliche-tragbare-diffusor-fuer-aetherische-oele-von-neom-hat-meine-peinlichen-gerueche-im-eingangsbereich-beseitigt-er-ist-zum-niedrigsten-preis-aller-zeiten-erhaeltlich\/#breadcrumb","itemListElement":[{"@type":"ListItem","position":1,"name":"Home","item":"https:\/\/www.strassenweb.de\/nachrichten\/"},{"@type":"ListItem","position":2,"name":"Dieser wirklich erstaunliche tragbare Diffusor f\u00fcr \u00e4therische \u00d6le von NEOM hat meine peinlichen Ger\u00fcche im Eingangsbereich beseitigt \u2013 er ist zum niedrigsten Preis aller Zeiten erh\u00e4ltlich"}]},{"@type":"WebSite","@id":"https:\/\/www.strassenweb.de\/nachrichten\/#website","url":"https:\/\/www.strassenweb.de\/nachrichten\/","name":"Stra\u00dfenweb","description":"Stra\u00dfenverzeichnis f\u00fcr Deutschland","publisher":{"@id":"https:\/\/www.strassenweb.de\/nachrichten\/#organization"},"potentialAction":[{"@type":"SearchAction","target":{"@type":"EntryPoint","urlTemplate":"https:\/\/www.strassenweb.de\/nachrichten\/?s={search_term_string}"},"query-input":{"@type":"PropertyValueSpecification","valueRequired":true,"valueName":"search_term_string"}}],"inLanguage":"de"},{"@type":"Organization","@id":"https:\/\/www.strassenweb.de\/nachrichten\/#organization","name":"Stra\u00dfenweb","url":"https:\/\/www.strassenweb.de\/nachrichten\/","logo":{"@type":"ImageObject","inLanguage":"de","@id":"https:\/\/www.strassenweb.de\/nachrichten\/#\/schema\/logo\/image\/","url":"https:\/\/www.strassenweb.de\/nachrichten\/wp-content\/uploads\/2024\/09\/cropped-favicon.png","contentUrl":"https:\/\/www.strassenweb.de\/nachrichten\/wp-content\/uploads\/2024\/09\/cropped-favicon.png","width":512,"height":512,"caption":"Stra\u00dfenweb"},"image":{"@id":"https:\/\/www.strassenweb.de\/nachrichten\/#\/schema\/logo\/image\/"},"sameAs":["https:\/\/www.facebook.com\/strassenweb\/"]},{"@type":"Person","@id":"https:\/\/www.strassenweb.de\/nachrichten\/#\/schema\/person\/87c9c9067f1211da429a744dc5a5aa41","name":"Robert Hoffmann","image":{"@type":"ImageObject","inLanguage":"de","@id":"https:\/\/www.strassenweb.de\/nachrichten\/wp-content\/uploads\/2024\/09\/strassenweb-150x150.jpg","url":"https:\/\/www.strassenweb.de\/nachrichten\/wp-content\/uploads\/2024\/09\/strassenweb-150x150.jpg","contentUrl":"https:\/\/www.strassenweb.de\/nachrichten\/wp-content\/uploads\/2024\/09\/strassenweb-150x150.jpg","caption":"Robert Hoffmann"},"description":"Ich hei\u00dfe Robert Hoffmann und ich bin ein leidenschaftlicher Verfechter von \u00d6kologie und Biodiversit\u00e4t. Seit meiner Kindheit in den W\u00e4ldern Bayerns f\u00fchle ich mich mit der Natur verbunden und bin entschlossen, sie zu sch\u00fctzen. Heute widme ich mein Leben der Sensibilisierung anderer f\u00fcr die Bedeutung des Umweltschutzes f\u00fcr zuk\u00fcnftige Generationen.","sameAs":["https:\/\/www.strassenweb.de\/"]}]}},"_links":{"self":[{"href":"https:\/\/www.strassenweb.de\/nachrichten\/wp-json\/wp\/v2\/posts\/1831","targetHints":{"allow":["GET"]}}],"collection":[{"href":"https:\/\/www.strassenweb.de\/nachrichten\/wp-json\/wp\/v2\/posts"}],"about":[{"href":"https:\/\/www.strassenweb.de\/nachrichten\/wp-json\/wp\/v2\/types\/post"}],"author":[{"embeddable":true,"href":"https:\/\/www.strassenweb.de\/nachrichten\/wp-json\/wp\/v2\/users\/1"}],"replies":[{"embeddable":true,"href":"https:\/\/www.strassenweb.de\/nachrichten\/wp-json\/wp\/v2\/comments?post=1831"}],"version-history":[{"count":0,"href":"https:\/\/www.strassenweb.de\/nachrichten\/wp-json\/wp\/v2\/posts\/1831\/revisions"}],"wp:featuredmedia":[{"embeddable":true,"href":"https:\/\/www.strassenweb.de\/nachrichten\/wp-json\/wp\/v2\/media\/1832"}],"wp:attachment":[{"href":"https:\/\/www.strassenweb.de\/nachrichten\/wp-json\/wp\/v2\/media?parent=1831"}],"wp:term":[{"taxonomy":"category","embeddable":true,"href":"https:\/\/www.strassenweb.de\/nachrichten\/wp-json\/wp\/v2\/categories?post=1831"},{"taxonomy":"post_tag","embeddable":true,"href":"https:\/\/www.strassenweb.de\/nachrichten\/wp-json\/wp\/v2\/tags?post=1831"}],"curies":[{"name":"wp","href":"https:\/\/api.w.org\/{rel}","templated":true}]}}