{"id":1816,"date":"2024-11-28T19:09:11","date_gmt":"2024-11-28T18:09:11","guid":{"rendered":"https:\/\/www.strassenweb.de\/nachrichten\/braucht-eine-bettdecke-einen-bezug-experten-raten-zum-trend-zu-bezugslosen-bettdecken\/"},"modified":"2024-11-28T19:09:12","modified_gmt":"2024-11-28T18:09:12","slug":"braucht-eine-bettdecke-einen-bezug-experten-raten-zum-trend-zu-bezugslosen-bettdecken","status":"publish","type":"post","link":"https:\/\/www.strassenweb.de\/nachrichten\/braucht-eine-bettdecke-einen-bezug-experten-raten-zum-trend-zu-bezugslosen-bettdecken\/","title":{"rendered":"Braucht eine Bettdecke einen Bezug? Experten raten zum Trend zu bezugslosen Bettdecken"},"content":{"rendered":"<p><\/p>\n<div id=\"article-body\" class=\"article__body \">\n<p>Als <em>H&#038;G<\/em>Als ans\u00e4ssiger Schlafredakteur ist es meine Aufgabe, \u00fcber alle neuen Begriffe und Produkte im Bereich Bettw\u00e4sche auf dem Laufenden zu bleiben. K\u00fcrzlich bin ich auf das Konzept einer \u201eBettdecke ohne Bezug\u201c gesto\u00dfen: ein einzelnes, einheitliches St\u00fcck, das mit Daunen oder einer Daunenalternative gef\u00fcllt und dann in eine Stoffh\u00fclle eingewickelt wird.<\/p>\n<div id=\"ad-unit-1\" class=\"ad-unit\"><\/div>\n<p>Anh\u00e4nger der bezugslosen Bettdecke erkl\u00e4ren, dass sie eine m\u00fchelose Aufwertung Ihrer Tagesdecke darstellt: Sie k\u00f6nnen sie direkt in die Waschmaschine werfen, da Sie keinen Stauraum f\u00fcr Bettbez\u00fcge suchen m\u00fcssen.<\/p>\n<aside class=\"hawk-nest\" data-block-type=\"embed\" data-render-type=\"fte\" data-skip=\"dealsy\" data-widget-type=\"seasonal\">\n<div class=\"hawk-master-widget-hawk-base-wrapper\"><\/div>\n<\/aside>\n<p>Ich hatte das Gl\u00fcck, einige der weltbesten Bettdeckeneins\u00e4tze auszuprobieren. Meiner professionellen Meinung nach ist eine Bettdecke ohne Bezug nur ein anderes Wort f\u00fcr eine Bettdecke. Dennoch deutet der Aufstieg des Trends zu bezugslosen Bettdecken auf ein Wiederaufleben der jahrhundertealten Debatte zwischen Bettdecke und Bettdecke hin.<\/p>\n<div id=\"desktop-in-article\" class=\"in-article ad-unit\">\n<div id=\"desktop-taboola-mid-article\"><\/div>\n<\/div>\n<div id=\"mobile-in-article\" class=\"in-article ad-unit\">\n<div id=\"mobile-taboola-mid-article\"><\/div>\n<\/div>\n<h2 id=\"does-a-duvet-need-a-cover-experts-advise-3\">Braucht eine Bettdecke einen Bezug? Experten beraten<\/h2>\n<p>Ich habe eine Gruppe von Produkttestern und Bettwarendesignern gebeten, zu erkl\u00e4ren, ob eine Bettdecke einen Bezug braucht, d. Um Ihnen Zeit und Geld zu sparen, habe ich einige meiner Lieblingsbettdecken und Bettdecken (oder Bettdecken ohne Bezug) zusammengestellt, von denen viele im Bettw\u00e4sche-Ausverkauf zu einem g\u00fcnstigeren Preis angeboten werden.<\/p>\n<div class=\"van_vid_carousel\">\n<div class=\"van_vid_carousel__padding\">\n<div class=\"van_vid_carousel__container\"><\/div>\n<\/div>\n<\/div>\n<h3 class=\"article-body__section\" id=\"section-what-is-a-coverless-duvet\"><span>Was ist eine Bettdecke ohne Bezug?<\/span><\/h3>\n<figure class=\"van-image-figure inline-layout \" data-bordeaux-image-check>\n<div class=\"image-full-width-wrapper\">\n<div class=\"image-widthsetter\" style=\"max-width:2400px;\"><\/div>\n<\/div>\n<\/figure>\n<p>Bevor wir beginnen, ist es immer hilfreich, unsere Begriffe zu definieren. Eine Bettdecke ohne Bezug ist nur ein anderes Wort f\u00fcr eine Bettdecke. Der Unterschied zwischen einer Bettdecke und einer Bettdecke besteht darin, dass eine Bettdecke aus zwei Komponenten besteht: einem Bettdeckeneinsatz und einem Bettbezug. Eine Bettdecke ist ein einzelnes St\u00fcck, das mit Daunen oder einer Daunenalternative gef\u00fcllt und in einen Bezug eingen\u00e4ht ist.<\/p>\n<div id=\"ad-unit-2\" class=\"ad-unit\"><\/div>\n<p>Unsere Leiterin von Solved, Punteha van Terheyden, kaufte vor einigen Jahren ihre erste Bettdecke ohne Bezug. \u201eIch habe endlos viel gewaschen, als wir meinem Kind beigebracht haben, nachts trocken zu sein, und nach drei Monaten voller Unf\u00e4lle hatten wir genug.\u201c Ich habe ein Set bezugsloser Bettdecken bei Amazon gekauft und sie waren fabelhaft. Sie waschen und trocknen hervorragend und riechen nicht nach Schimmel. Sie sind au\u00dferdem spektakul\u00e4r warm und bleiben gleichzeitig atmungsaktiv, was der Schl\u00fcssel zum erholsamen Schlaf meiner Tochter ist. Ich kann sie jedem w\u00e4rmstens empfehlen, der Kinder oder Enkelkinder hat oder sonst regelm\u00e4\u00dfig Bettdecken waschen muss. Eine einzelne Gr\u00f6\u00dfe passt problemlos in meine 8-kg-Waschmaschine.&#8216;<\/p>\n<div class=\"product-container hero-product-container product-block-no-wrap\"><\/div>\n<h3 class=\"article-body__section\" id=\"section-should-i-buy-a-coverless-duvet\"><span>Soll ich eine Bettdecke ohne Bezug kaufen?<\/span><\/h3>\n<figure class=\"van-image-figure inline-layout \" data-bordeaux-image-check>\n<div class=\"image-full-width-wrapper\">\n<div class=\"image-widthsetter\" style=\"max-width:2400px;\"><\/div>\n<\/div>\n<\/figure>\n<p>Bevor Sie eine Bettdecke ohne Bezug kaufen, empfehle ich Ihnen, die Vor- und Nachteile von Bettdecken im Vergleich zu Bettdecken (oder Bettdecken ohne Bezug) abzuw\u00e4gen. Ich habe den Bettw\u00e4schedesigner, Gr\u00fcnder und CEO von Pure Parima, Parima Ijaz, gebeten, uns einen \u00dcberblick zu geben.<\/p>\n<p>\u201eBettdecken ohne Bezug bieten die Einfachheit eines All-in-One-Designs, bei dem F\u00fcllung und Bezug in einem einzigen St\u00fcck kombiniert werden\u201c, erkl\u00e4rt Parima. \u201eDadurch k\u00f6nnen sie einfacher zu verwenden sein, ohne dass man sich Gedanken \u00fcber ein Verrutschen oder Zusammenziehen machen muss.\u201c Beachten Sie jedoch, dass in einige kleinere Waschmaschinen und Trockner m\u00f6glicherweise keine gro\u00dfen Bettdecken passen. \u00dcberpr\u00fcfen Sie daher unbedingt das Pflegeetikett. Dar\u00fcber hinaus sind Bettdecken in der Regel mit Polyester gef\u00fcllt, was die M\u00f6glichkeiten f\u00fcr diejenigen, die nat\u00fcrliche F\u00fcllungen suchen, m\u00f6glicherweise einschr\u00e4nkt.\u201c<\/p>\n<p>\u201eHerk\u00f6mmliche Bettdecken hingegen bieten eine bemerkenswerte Vielseitigkeit in Bezug auf Materialien, Stoffe und Gewichte\u201c, sagt Parima. \u201eMit der M\u00f6glichkeit, die Bez\u00fcge auszutauschen, erm\u00f6glichen sie eine einfache Auffrischung des Stils Ihres Schlafzimmers, ohne dass Sie in ein komplett neues Bettw\u00e4scheset investieren m\u00fcssen.\u201c Das Trennen des Bezugs vom Einsatz vereinfacht auch die Reinigung, da Sie den Bezug h\u00e4ufiger waschen k\u00f6nnen, um die Frische zu bewahren. Die Verwendung eines Oberlakens mit einem Bettbezug kann die Zeit zwischen den W\u00e4schen noch weiter verl\u00e4ngern, da das Oberlaken h\u00e4ufiger gewaschen werden kann.<\/p>\n<p>Die Verwendung eines Bettbezugs hat auch praktische Vorteile. \u201eDas Trennen des Bezugs vom Einsatz vereinfacht auch die Reinigung, da man den Bezug h\u00e4ufiger waschen kann, um die Frische zu bewahren\u201c, sagt Parima. \u201eF\u00fcr diejenigen, denen das Volumen wichtig ist, bieten leichte Bettdeckeneins\u00e4tze eine d\u00fcnnere Alternative und bieten dennoch die Flexibilit\u00e4t austauschbarer Bez\u00fcge. Beide Optionen erf\u00fcllen unterschiedliche Bed\u00fcrfnisse, unabh\u00e4ngig davon, ob Sie die Einfachheit einer Bettdecke oder den anpassbaren Stil und die Pflegevorteile einer Bettdecke bevorzugen. Auch Features wie Schlaufen und B\u00e4nder in Bettdecken k\u00f6nnen dabei helfen, die Einlage sicher an Ort und Stelle zu halten, sodass sie im t\u00e4glichen Gebrauch genauso praktisch sind wie Bettdecken.\u201c<\/p>\n<div class=\"product-container hero-product-container product-block-no-wrap\"><\/div>\n<hr>\n<p>Ob ein Bettdeckenbezug einen Bezug ben\u00f6tigt oder nicht, h\u00e4ngt davon ab, wie leicht sich dieser Einsatz waschen l\u00e4sst. Wenn Ihre Bettdecke maschinenwaschbar ist, m\u00fcssen Sie nicht mit einem Bettbezug schlafen. Sie sollten Ihre Einlage mindestens alle zwei Monate waschen \u2013 fr\u00fcher, wenn Sie Flecken oder Ger\u00fcche bemerken. Wenn Ihr Bettdeckenbezug nicht maschinenwaschbar ist, ben\u00f6tigen Sie einen Bettbezug, um Ihr Bett und Ihren K\u00f6rper frei von Schwei\u00df, Fl\u00fcssigkeiten und Flecken zu halten. Achten Sie darauf, auf dem Pflegeetikett nach W\u00e4schesymbolen zu suchen, die zeigen, wie Sie Ihre Bettw\u00e4sche am besten reinigen.<\/p>\n<\/div>\n","protected":false},"excerpt":{"rendered":"<p>Als H&#038;GAls ans\u00e4ssiger Schlafredakteur ist es meine Aufgabe, \u00fcber alle neuen Begriffe und Produkte im Bereich Bettw\u00e4sche auf dem Laufenden zu bleiben. K\u00fcrzlich bin ich<\/p>\n","protected":false},"author":1,"featured_media":1817,"comment_status":"closed","ping_status":"","sticky":false,"template":"","format":"standard","meta":{"footnotes":""},"categories":[118],"tags":[1823,3255,3252,3254,433,74,166,667,3253,504,67],"class_list":["post-1816","post","type-post","status-publish","format-standard","has-post-thumbnail","hentry","category-haus-garten","tag-bettdecke","tag-bettdecken","tag-bezug","tag-bezugslosen","tag-braucht","tag-eine","tag-einen","tag-experten","tag-raten","tag-trend","tag-zum","generate-columns","tablet-grid-50","mobile-grid-100","grid-parent","grid-50"],"yoast_head":"<!-- This site is optimized with the Yoast SEO plugin v27.3 - https:\/\/yoast.com\/product\/yoast-seo-wordpress\/ -->\n<title>Braucht eine Bettdecke einen Bezug? Experten raten zum Trend zu bezugslosen Bettdecken - Nachrichten - Stra\u00dfenweb<\/title>\n<meta name=\"robots\" content=\"index, follow, max-snippet:-1, max-image-preview:large, max-video-preview:-1\" \/>\n<link rel=\"canonical\" href=\"https:\/\/www.strassenweb.de\/nachrichten\/braucht-eine-bettdecke-einen-bezug-experten-raten-zum-trend-zu-bezugslosen-bettdecken\/\" \/>\n<meta property=\"og:locale\" content=\"de_DE\" \/>\n<meta property=\"og:type\" content=\"article\" \/>\n<meta property=\"og:title\" content=\"Braucht eine Bettdecke einen Bezug? Experten raten zum Trend zu bezugslosen Bettdecken - Nachrichten - Stra\u00dfenweb\" \/>\n<meta property=\"og:description\" content=\"Als H&#038;GAls ans\u00e4ssiger Schlafredakteur ist es meine Aufgabe, \u00fcber alle neuen Begriffe und Produkte im Bereich Bettw\u00e4sche auf dem Laufenden zu bleiben. K\u00fcrzlich bin ich\" \/>\n<meta property=\"og:url\" content=\"https:\/\/www.strassenweb.de\/nachrichten\/braucht-eine-bettdecke-einen-bezug-experten-raten-zum-trend-zu-bezugslosen-bettdecken\/\" \/>\n<meta property=\"og:site_name\" content=\"Stra\u00dfenweb\" \/>\n<meta property=\"article:publisher\" content=\"https:\/\/www.facebook.com\/strassenweb\/\" \/>\n<meta property=\"article:published_time\" content=\"2024-11-28T18:09:11+00:00\" \/>\n<meta property=\"article:modified_time\" content=\"2024-11-28T18:09:12+00:00\" \/>\n<meta property=\"og:image\" content=\"https:\/\/www.strassenweb.de\/nachrichten\/wp-content\/uploads\/2024\/11\/Braucht-eine-Bettdecke-einen-Bezug-Experten-raten-zum-Trend-zu.jpg\" \/>\n\t<meta property=\"og:image:width\" content=\"1200\" \/>\n\t<meta property=\"og:image:height\" content=\"675\" \/>\n\t<meta property=\"og:image:type\" content=\"image\/jpeg\" \/>\n<meta name=\"author\" content=\"Robert Hoffmann\" \/>\n<meta name=\"twitter:card\" content=\"summary_large_image\" \/>\n<meta name=\"twitter:label1\" content=\"Verfasst von\" \/>\n\t<meta name=\"twitter:data1\" content=\"Robert Hoffmann\" \/>\n\t<meta name=\"twitter:label2\" content=\"Gesch\u00e4tzte Lesezeit\" \/>\n\t<meta name=\"twitter:data2\" content=\"4\u00a0Minuten\" \/>\n<script type=\"application\/ld+json\" class=\"yoast-schema-graph\">{\"@context\":\"https:\\\/\\\/schema.org\",\"@graph\":[{\"@type\":\"Article\",\"@id\":\"https:\\\/\\\/www.strassenweb.de\\\/nachrichten\\\/braucht-eine-bettdecke-einen-bezug-experten-raten-zum-trend-zu-bezugslosen-bettdecken\\\/#article\",\"isPartOf\":{\"@id\":\"https:\\\/\\\/www.strassenweb.de\\\/nachrichten\\\/braucht-eine-bettdecke-einen-bezug-experten-raten-zum-trend-zu-bezugslosen-bettdecken\\\/\"},\"author\":{\"name\":\"Robert Hoffmann\",\"@id\":\"https:\\\/\\\/www.strassenweb.de\\\/nachrichten\\\/#\\\/schema\\\/person\\\/87c9c9067f1211da429a744dc5a5aa41\"},\"headline\":\"Braucht eine Bettdecke einen Bezug? Experten raten zum Trend zu bezugslosen Bettdecken\",\"datePublished\":\"2024-11-28T18:09:11+00:00\",\"dateModified\":\"2024-11-28T18:09:12+00:00\",\"mainEntityOfPage\":{\"@id\":\"https:\\\/\\\/www.strassenweb.de\\\/nachrichten\\\/braucht-eine-bettdecke-einen-bezug-experten-raten-zum-trend-zu-bezugslosen-bettdecken\\\/\"},\"wordCount\":864,\"publisher\":{\"@id\":\"https:\\\/\\\/www.strassenweb.de\\\/nachrichten\\\/#organization\"},\"image\":{\"@id\":\"https:\\\/\\\/www.strassenweb.de\\\/nachrichten\\\/braucht-eine-bettdecke-einen-bezug-experten-raten-zum-trend-zu-bezugslosen-bettdecken\\\/#primaryimage\"},\"thumbnailUrl\":\"https:\\\/\\\/www.strassenweb.de\\\/nachrichten\\\/wp-content\\\/uploads\\\/2024\\\/11\\\/Braucht-eine-Bettdecke-einen-Bezug-Experten-raten-zum-Trend-zu.jpg\",\"keywords\":[\"Bettdecke\",\"Bettdecken\",\"Bezug\",\"bezugslosen\",\"braucht\",\"eine\",\"einen\",\"Experten\",\"raten\",\"Trend\",\"zum\"],\"articleSection\":[\"Haus &amp; Garten\"],\"inLanguage\":\"de\"},{\"@type\":\"WebPage\",\"@id\":\"https:\\\/\\\/www.strassenweb.de\\\/nachrichten\\\/braucht-eine-bettdecke-einen-bezug-experten-raten-zum-trend-zu-bezugslosen-bettdecken\\\/\",\"url\":\"https:\\\/\\\/www.strassenweb.de\\\/nachrichten\\\/braucht-eine-bettdecke-einen-bezug-experten-raten-zum-trend-zu-bezugslosen-bettdecken\\\/\",\"name\":\"Braucht eine Bettdecke einen Bezug? Experten raten zum Trend zu bezugslosen Bettdecken - Nachrichten - Stra\u00dfenweb\",\"isPartOf\":{\"@id\":\"https:\\\/\\\/www.strassenweb.de\\\/nachrichten\\\/#website\"},\"primaryImageOfPage\":{\"@id\":\"https:\\\/\\\/www.strassenweb.de\\\/nachrichten\\\/braucht-eine-bettdecke-einen-bezug-experten-raten-zum-trend-zu-bezugslosen-bettdecken\\\/#primaryimage\"},\"image\":{\"@id\":\"https:\\\/\\\/www.strassenweb.de\\\/nachrichten\\\/braucht-eine-bettdecke-einen-bezug-experten-raten-zum-trend-zu-bezugslosen-bettdecken\\\/#primaryimage\"},\"thumbnailUrl\":\"https:\\\/\\\/www.strassenweb.de\\\/nachrichten\\\/wp-content\\\/uploads\\\/2024\\\/11\\\/Braucht-eine-Bettdecke-einen-Bezug-Experten-raten-zum-Trend-zu.jpg\",\"datePublished\":\"2024-11-28T18:09:11+00:00\",\"dateModified\":\"2024-11-28T18:09:12+00:00\",\"breadcrumb\":{\"@id\":\"https:\\\/\\\/www.strassenweb.de\\\/nachrichten\\\/braucht-eine-bettdecke-einen-bezug-experten-raten-zum-trend-zu-bezugslosen-bettdecken\\\/#breadcrumb\"},\"inLanguage\":\"de\",\"potentialAction\":[{\"@type\":\"ReadAction\",\"target\":[\"https:\\\/\\\/www.strassenweb.de\\\/nachrichten\\\/braucht-eine-bettdecke-einen-bezug-experten-raten-zum-trend-zu-bezugslosen-bettdecken\\\/\"]}]},{\"@type\":\"ImageObject\",\"inLanguage\":\"de\",\"@id\":\"https:\\\/\\\/www.strassenweb.de\\\/nachrichten\\\/braucht-eine-bettdecke-einen-bezug-experten-raten-zum-trend-zu-bezugslosen-bettdecken\\\/#primaryimage\",\"url\":\"https:\\\/\\\/www.strassenweb.de\\\/nachrichten\\\/wp-content\\\/uploads\\\/2024\\\/11\\\/Braucht-eine-Bettdecke-einen-Bezug-Experten-raten-zum-Trend-zu.jpg\",\"contentUrl\":\"https:\\\/\\\/www.strassenweb.de\\\/nachrichten\\\/wp-content\\\/uploads\\\/2024\\\/11\\\/Braucht-eine-Bettdecke-einen-Bezug-Experten-raten-zum-Trend-zu.jpg\",\"width\":1200,\"height\":675,\"caption\":\"Braucht eine Bettdecke einen Bezug? Experten raten zum Trend zu bezugslosen Bettdecken\"},{\"@type\":\"BreadcrumbList\",\"@id\":\"https:\\\/\\\/www.strassenweb.de\\\/nachrichten\\\/braucht-eine-bettdecke-einen-bezug-experten-raten-zum-trend-zu-bezugslosen-bettdecken\\\/#breadcrumb\",\"itemListElement\":[{\"@type\":\"ListItem\",\"position\":1,\"name\":\"Home\",\"item\":\"https:\\\/\\\/www.strassenweb.de\\\/nachrichten\\\/\"},{\"@type\":\"ListItem\",\"position\":2,\"name\":\"Braucht eine Bettdecke einen Bezug? Experten raten zum Trend zu bezugslosen Bettdecken\"}]},{\"@type\":\"WebSite\",\"@id\":\"https:\\\/\\\/www.strassenweb.de\\\/nachrichten\\\/#website\",\"url\":\"https:\\\/\\\/www.strassenweb.de\\\/nachrichten\\\/\",\"name\":\"Stra\u00dfenweb\",\"description\":\"Stra\u00dfenverzeichnis f\u00fcr Deutschland\",\"publisher\":{\"@id\":\"https:\\\/\\\/www.strassenweb.de\\\/nachrichten\\\/#organization\"},\"potentialAction\":[{\"@type\":\"SearchAction\",\"target\":{\"@type\":\"EntryPoint\",\"urlTemplate\":\"https:\\\/\\\/www.strassenweb.de\\\/nachrichten\\\/?s={search_term_string}\"},\"query-input\":{\"@type\":\"PropertyValueSpecification\",\"valueRequired\":true,\"valueName\":\"search_term_string\"}}],\"inLanguage\":\"de\"},{\"@type\":\"Organization\",\"@id\":\"https:\\\/\\\/www.strassenweb.de\\\/nachrichten\\\/#organization\",\"name\":\"Stra\u00dfenweb\",\"url\":\"https:\\\/\\\/www.strassenweb.de\\\/nachrichten\\\/\",\"logo\":{\"@type\":\"ImageObject\",\"inLanguage\":\"de\",\"@id\":\"https:\\\/\\\/www.strassenweb.de\\\/nachrichten\\\/#\\\/schema\\\/logo\\\/image\\\/\",\"url\":\"https:\\\/\\\/www.strassenweb.de\\\/nachrichten\\\/wp-content\\\/uploads\\\/2024\\\/09\\\/cropped-favicon.png\",\"contentUrl\":\"https:\\\/\\\/www.strassenweb.de\\\/nachrichten\\\/wp-content\\\/uploads\\\/2024\\\/09\\\/cropped-favicon.png\",\"width\":512,\"height\":512,\"caption\":\"Stra\u00dfenweb\"},\"image\":{\"@id\":\"https:\\\/\\\/www.strassenweb.de\\\/nachrichten\\\/#\\\/schema\\\/logo\\\/image\\\/\"},\"sameAs\":[\"https:\\\/\\\/www.facebook.com\\\/strassenweb\\\/\"]},{\"@type\":\"Person\",\"@id\":\"https:\\\/\\\/www.strassenweb.de\\\/nachrichten\\\/#\\\/schema\\\/person\\\/87c9c9067f1211da429a744dc5a5aa41\",\"name\":\"Robert Hoffmann\",\"image\":{\"@type\":\"ImageObject\",\"inLanguage\":\"de\",\"@id\":\"https:\\\/\\\/www.strassenweb.de\\\/nachrichten\\\/wp-content\\\/uploads\\\/2024\\\/09\\\/strassenweb-150x150.jpg\",\"url\":\"https:\\\/\\\/www.strassenweb.de\\\/nachrichten\\\/wp-content\\\/uploads\\\/2024\\\/09\\\/strassenweb-150x150.jpg\",\"contentUrl\":\"https:\\\/\\\/www.strassenweb.de\\\/nachrichten\\\/wp-content\\\/uploads\\\/2024\\\/09\\\/strassenweb-150x150.jpg\",\"caption\":\"Robert Hoffmann\"},\"description\":\"Ich hei\u00dfe Robert Hoffmann und ich bin ein leidenschaftlicher Verfechter von \u00d6kologie und Biodiversit\u00e4t. Seit meiner Kindheit in den W\u00e4ldern Bayerns f\u00fchle ich mich mit der Natur verbunden und bin entschlossen, sie zu sch\u00fctzen. Heute widme ich mein Leben der Sensibilisierung anderer f\u00fcr die Bedeutung des Umweltschutzes f\u00fcr zuk\u00fcnftige Generationen.\",\"sameAs\":[\"https:\\\/\\\/www.strassenweb.de\\\/\"]}]}<\/script>\n<!-- \/ Yoast SEO plugin. -->","yoast_head_json":{"title":"Braucht eine Bettdecke einen Bezug? Experten raten zum Trend zu bezugslosen Bettdecken - Nachrichten - Stra\u00dfenweb","robots":{"index":"index","follow":"follow","max-snippet":"max-snippet:-1","max-image-preview":"max-image-preview:large","max-video-preview":"max-video-preview:-1"},"canonical":"https:\/\/www.strassenweb.de\/nachrichten\/braucht-eine-bettdecke-einen-bezug-experten-raten-zum-trend-zu-bezugslosen-bettdecken\/","og_locale":"de_DE","og_type":"article","og_title":"Braucht eine Bettdecke einen Bezug? Experten raten zum Trend zu bezugslosen Bettdecken - Nachrichten - Stra\u00dfenweb","og_description":"Als H&#038;GAls ans\u00e4ssiger Schlafredakteur ist es meine Aufgabe, \u00fcber alle neuen Begriffe und Produkte im Bereich Bettw\u00e4sche auf dem Laufenden zu bleiben. K\u00fcrzlich bin ich","og_url":"https:\/\/www.strassenweb.de\/nachrichten\/braucht-eine-bettdecke-einen-bezug-experten-raten-zum-trend-zu-bezugslosen-bettdecken\/","og_site_name":"Stra\u00dfenweb","article_publisher":"https:\/\/www.facebook.com\/strassenweb\/","article_published_time":"2024-11-28T18:09:11+00:00","article_modified_time":"2024-11-28T18:09:12+00:00","og_image":[{"width":1200,"height":675,"url":"https:\/\/www.strassenweb.de\/nachrichten\/wp-content\/uploads\/2024\/11\/Braucht-eine-Bettdecke-einen-Bezug-Experten-raten-zum-Trend-zu.jpg","type":"image\/jpeg"}],"author":"Robert Hoffmann","twitter_card":"summary_large_image","twitter_misc":{"Verfasst von":"Robert Hoffmann","Gesch\u00e4tzte Lesezeit":"4\u00a0Minuten"},"schema":{"@context":"https:\/\/schema.org","@graph":[{"@type":"Article","@id":"https:\/\/www.strassenweb.de\/nachrichten\/braucht-eine-bettdecke-einen-bezug-experten-raten-zum-trend-zu-bezugslosen-bettdecken\/#article","isPartOf":{"@id":"https:\/\/www.strassenweb.de\/nachrichten\/braucht-eine-bettdecke-einen-bezug-experten-raten-zum-trend-zu-bezugslosen-bettdecken\/"},"author":{"name":"Robert Hoffmann","@id":"https:\/\/www.strassenweb.de\/nachrichten\/#\/schema\/person\/87c9c9067f1211da429a744dc5a5aa41"},"headline":"Braucht eine Bettdecke einen Bezug? Experten raten zum Trend zu bezugslosen Bettdecken","datePublished":"2024-11-28T18:09:11+00:00","dateModified":"2024-11-28T18:09:12+00:00","mainEntityOfPage":{"@id":"https:\/\/www.strassenweb.de\/nachrichten\/braucht-eine-bettdecke-einen-bezug-experten-raten-zum-trend-zu-bezugslosen-bettdecken\/"},"wordCount":864,"publisher":{"@id":"https:\/\/www.strassenweb.de\/nachrichten\/#organization"},"image":{"@id":"https:\/\/www.strassenweb.de\/nachrichten\/braucht-eine-bettdecke-einen-bezug-experten-raten-zum-trend-zu-bezugslosen-bettdecken\/#primaryimage"},"thumbnailUrl":"https:\/\/www.strassenweb.de\/nachrichten\/wp-content\/uploads\/2024\/11\/Braucht-eine-Bettdecke-einen-Bezug-Experten-raten-zum-Trend-zu.jpg","keywords":["Bettdecke","Bettdecken","Bezug","bezugslosen","braucht","eine","einen","Experten","raten","Trend","zum"],"articleSection":["Haus &amp; Garten"],"inLanguage":"de"},{"@type":"WebPage","@id":"https:\/\/www.strassenweb.de\/nachrichten\/braucht-eine-bettdecke-einen-bezug-experten-raten-zum-trend-zu-bezugslosen-bettdecken\/","url":"https:\/\/www.strassenweb.de\/nachrichten\/braucht-eine-bettdecke-einen-bezug-experten-raten-zum-trend-zu-bezugslosen-bettdecken\/","name":"Braucht eine Bettdecke einen Bezug? Experten raten zum Trend zu bezugslosen Bettdecken - Nachrichten - Stra\u00dfenweb","isPartOf":{"@id":"https:\/\/www.strassenweb.de\/nachrichten\/#website"},"primaryImageOfPage":{"@id":"https:\/\/www.strassenweb.de\/nachrichten\/braucht-eine-bettdecke-einen-bezug-experten-raten-zum-trend-zu-bezugslosen-bettdecken\/#primaryimage"},"image":{"@id":"https:\/\/www.strassenweb.de\/nachrichten\/braucht-eine-bettdecke-einen-bezug-experten-raten-zum-trend-zu-bezugslosen-bettdecken\/#primaryimage"},"thumbnailUrl":"https:\/\/www.strassenweb.de\/nachrichten\/wp-content\/uploads\/2024\/11\/Braucht-eine-Bettdecke-einen-Bezug-Experten-raten-zum-Trend-zu.jpg","datePublished":"2024-11-28T18:09:11+00:00","dateModified":"2024-11-28T18:09:12+00:00","breadcrumb":{"@id":"https:\/\/www.strassenweb.de\/nachrichten\/braucht-eine-bettdecke-einen-bezug-experten-raten-zum-trend-zu-bezugslosen-bettdecken\/#breadcrumb"},"inLanguage":"de","potentialAction":[{"@type":"ReadAction","target":["https:\/\/www.strassenweb.de\/nachrichten\/braucht-eine-bettdecke-einen-bezug-experten-raten-zum-trend-zu-bezugslosen-bettdecken\/"]}]},{"@type":"ImageObject","inLanguage":"de","@id":"https:\/\/www.strassenweb.de\/nachrichten\/braucht-eine-bettdecke-einen-bezug-experten-raten-zum-trend-zu-bezugslosen-bettdecken\/#primaryimage","url":"https:\/\/www.strassenweb.de\/nachrichten\/wp-content\/uploads\/2024\/11\/Braucht-eine-Bettdecke-einen-Bezug-Experten-raten-zum-Trend-zu.jpg","contentUrl":"https:\/\/www.strassenweb.de\/nachrichten\/wp-content\/uploads\/2024\/11\/Braucht-eine-Bettdecke-einen-Bezug-Experten-raten-zum-Trend-zu.jpg","width":1200,"height":675,"caption":"Braucht eine Bettdecke einen Bezug? Experten raten zum Trend zu bezugslosen Bettdecken"},{"@type":"BreadcrumbList","@id":"https:\/\/www.strassenweb.de\/nachrichten\/braucht-eine-bettdecke-einen-bezug-experten-raten-zum-trend-zu-bezugslosen-bettdecken\/#breadcrumb","itemListElement":[{"@type":"ListItem","position":1,"name":"Home","item":"https:\/\/www.strassenweb.de\/nachrichten\/"},{"@type":"ListItem","position":2,"name":"Braucht eine Bettdecke einen Bezug? Experten raten zum Trend zu bezugslosen Bettdecken"}]},{"@type":"WebSite","@id":"https:\/\/www.strassenweb.de\/nachrichten\/#website","url":"https:\/\/www.strassenweb.de\/nachrichten\/","name":"Stra\u00dfenweb","description":"Stra\u00dfenverzeichnis f\u00fcr Deutschland","publisher":{"@id":"https:\/\/www.strassenweb.de\/nachrichten\/#organization"},"potentialAction":[{"@type":"SearchAction","target":{"@type":"EntryPoint","urlTemplate":"https:\/\/www.strassenweb.de\/nachrichten\/?s={search_term_string}"},"query-input":{"@type":"PropertyValueSpecification","valueRequired":true,"valueName":"search_term_string"}}],"inLanguage":"de"},{"@type":"Organization","@id":"https:\/\/www.strassenweb.de\/nachrichten\/#organization","name":"Stra\u00dfenweb","url":"https:\/\/www.strassenweb.de\/nachrichten\/","logo":{"@type":"ImageObject","inLanguage":"de","@id":"https:\/\/www.strassenweb.de\/nachrichten\/#\/schema\/logo\/image\/","url":"https:\/\/www.strassenweb.de\/nachrichten\/wp-content\/uploads\/2024\/09\/cropped-favicon.png","contentUrl":"https:\/\/www.strassenweb.de\/nachrichten\/wp-content\/uploads\/2024\/09\/cropped-favicon.png","width":512,"height":512,"caption":"Stra\u00dfenweb"},"image":{"@id":"https:\/\/www.strassenweb.de\/nachrichten\/#\/schema\/logo\/image\/"},"sameAs":["https:\/\/www.facebook.com\/strassenweb\/"]},{"@type":"Person","@id":"https:\/\/www.strassenweb.de\/nachrichten\/#\/schema\/person\/87c9c9067f1211da429a744dc5a5aa41","name":"Robert Hoffmann","image":{"@type":"ImageObject","inLanguage":"de","@id":"https:\/\/www.strassenweb.de\/nachrichten\/wp-content\/uploads\/2024\/09\/strassenweb-150x150.jpg","url":"https:\/\/www.strassenweb.de\/nachrichten\/wp-content\/uploads\/2024\/09\/strassenweb-150x150.jpg","contentUrl":"https:\/\/www.strassenweb.de\/nachrichten\/wp-content\/uploads\/2024\/09\/strassenweb-150x150.jpg","caption":"Robert Hoffmann"},"description":"Ich hei\u00dfe Robert Hoffmann und ich bin ein leidenschaftlicher Verfechter von \u00d6kologie und Biodiversit\u00e4t. Seit meiner Kindheit in den W\u00e4ldern Bayerns f\u00fchle ich mich mit der Natur verbunden und bin entschlossen, sie zu sch\u00fctzen. Heute widme ich mein Leben der Sensibilisierung anderer f\u00fcr die Bedeutung des Umweltschutzes f\u00fcr zuk\u00fcnftige Generationen.","sameAs":["https:\/\/www.strassenweb.de\/"]}]}},"_links":{"self":[{"href":"https:\/\/www.strassenweb.de\/nachrichten\/wp-json\/wp\/v2\/posts\/1816","targetHints":{"allow":["GET"]}}],"collection":[{"href":"https:\/\/www.strassenweb.de\/nachrichten\/wp-json\/wp\/v2\/posts"}],"about":[{"href":"https:\/\/www.strassenweb.de\/nachrichten\/wp-json\/wp\/v2\/types\/post"}],"author":[{"embeddable":true,"href":"https:\/\/www.strassenweb.de\/nachrichten\/wp-json\/wp\/v2\/users\/1"}],"replies":[{"embeddable":true,"href":"https:\/\/www.strassenweb.de\/nachrichten\/wp-json\/wp\/v2\/comments?post=1816"}],"version-history":[{"count":0,"href":"https:\/\/www.strassenweb.de\/nachrichten\/wp-json\/wp\/v2\/posts\/1816\/revisions"}],"wp:featuredmedia":[{"embeddable":true,"href":"https:\/\/www.strassenweb.de\/nachrichten\/wp-json\/wp\/v2\/media\/1817"}],"wp:attachment":[{"href":"https:\/\/www.strassenweb.de\/nachrichten\/wp-json\/wp\/v2\/media?parent=1816"}],"wp:term":[{"taxonomy":"category","embeddable":true,"href":"https:\/\/www.strassenweb.de\/nachrichten\/wp-json\/wp\/v2\/categories?post=1816"},{"taxonomy":"post_tag","embeddable":true,"href":"https:\/\/www.strassenweb.de\/nachrichten\/wp-json\/wp\/v2\/tags?post=1816"}],"curies":[{"name":"wp","href":"https:\/\/api.w.org\/{rel}","templated":true}]}}