{"id":1801,"date":"2024-11-27T21:54:03","date_gmt":"2024-11-27T20:54:03","guid":{"rendered":"https:\/\/www.strassenweb.de\/nachrichten\/ich-bin-ein-shopping-redakteur-der-mitten-in-der-renovierung-auf-der-suche-nach-luxurioes-aussehenden-moebeln-ist-das-sind-die-besten-moebelangebote-auf-die-ich-bei-den-black-friday-verkae\/"},"modified":"2024-11-27T21:54:04","modified_gmt":"2024-11-27T20:54:04","slug":"ich-bin-ein-shopping-redakteur-der-mitten-in-der-renovierung-auf-der-suche-nach-luxurioes-aussehenden-moebeln-ist-das-sind-die-besten-moebelangebote-auf-die-ich-bei-den-black-friday-verkae","status":"publish","type":"post","link":"https:\/\/www.strassenweb.de\/nachrichten\/ich-bin-ein-shopping-redakteur-der-mitten-in-der-renovierung-auf-der-suche-nach-luxurioes-aussehenden-moebeln-ist-das-sind-die-besten-moebelangebote-auf-die-ich-bei-den-black-friday-verkae\/","title":{"rendered":"Ich bin ein Shopping-Redakteur, der mitten in der Renovierung auf der Suche nach luxuri\u00f6s aussehenden M\u00f6beln ist \u2013 das sind die besten M\u00f6belangebote, auf die ich bei den Black Friday-Verk\u00e4ufen gewartet habe"},"content":{"rendered":"<p><\/p>\n<div id=\"article-body\" class=\"article__body \">\n<p>Ich bin der Erste, der zugibt, dass ich Champagnergeschmack habe, obwohl ich ein Limonadenbudget habe. Und weil ich mitten in der Renovierung bin, wird das Budget noch kleiner.<\/p>\n<div id=\"ad-unit-1\" class=\"ad-unit\"><\/div>\n<p>Als geduldiger Shopping-Redakteur wusste ich also, dass die Hausangebote am Black Friday wirklich der richtige Zeitpunkt f\u00fcr mich waren, zu gl\u00e4nzen. Der Black Friday ist eine der besten Zeiten des Jahres, um tolle Schn\u00e4ppchen bei teuren Artikeln wie M\u00f6beln zu machen, insbesondere wenn Ihr gesamtes Geld f\u00fcr langweilige Dinge wie Verputzarbeiten ausgegeben wurde.<\/p>\n<aside class=\"hawk-nest\" data-block-type=\"embed\" data-render-type=\"fte\" data-skip=\"dealsy\" data-widget-type=\"seasonal\"><\/aside>\n<p>Von Sofas \u00fcber Betten und stilvolle Akzentst\u00fchle bis hin zu Beistelltischen ist es eine schwierige Aufgabe, St\u00fccke zu finden, die Ihnen am Herzen liegen und gleichzeitig Ihren Geldbeutel fest im Griff haben. Deshalb nutze ich die Angebote dieses Jahres, um meine Wunschliste f\u00fcr den M\u00f6beleinkauf abzuhaken, und nehme Sie mit auf die Reise.<\/p>\n<div id=\"desktop-in-article\" class=\"in-article ad-unit\">\n<div id=\"desktop-taboola-mid-article\"><\/div>\n<\/div>\n<div id=\"mobile-in-article\" class=\"in-article ad-unit\">\n<div id=\"mobile-taboola-mid-article\"><\/div>\n<\/div>\n<h2 id=\"the-best-black-friday-furniture-deals-i-m-personally-shopping-3\">Die besten Black Friday-M\u00f6belangebote, die ich pers\u00f6nlich einkaufe<\/h2>\n<figure class=\"van-image-figure inline-layout \" data-bordeaux-image-check>\n<div class=\"image-full-width-wrapper\">\n<div class=\"image-widthsetter\" style=\"max-width:2000px;\"><\/div>\n<\/div>\n<\/figure>\n<p>Da meine Hausrenovierung in vollem Gange ist, gehe ich bei diesen Verk\u00e4ufen strategisch und sehr vern\u00fcnftig vor. Mein bester Rat ist, sich vor dem Auschecken zu fragen: Brauche ich es und kann ich es mir leisten? Denken Sie daran: Es ist keine Ersparnis, wenn Sie es nicht zum vollen Preis lieben und den Artikel nicht kaufen w\u00fcrden (wie auch immer). ein Bett oder ein Stuhl) so oder so.<\/p>\n<div class=\"van_vid_carousel\">\n<div class=\"van_vid_carousel__padding\">\n<div class=\"van_vid_carousel__container\"><\/div>\n<\/div>\n<\/div>\n<p>Wenn Sie an diesem Black Friday auch M\u00f6belangebote kaufen m\u00f6chten, habe ich einige der besten Angebote zusammengestellt, die die Angebote zu bieten haben, damit Sie Ihre R\u00e4umlichkeiten umgestalten k\u00f6nnen, ohne Ihr Budget zu sprengen. Hier sind meine liebsten preisg\u00fcnstigen Funde.<\/p>\n<div id=\"ad-unit-2\" class=\"ad-unit\"><\/div>\n<h3 class=\"article-body__section\" id=\"section-shop-12-black-friday-furniture-deals\"><span>Shoppen Sie 12 Black Friday-M\u00f6belangebote<\/span><\/h3>\n<div class=\"product-container hero-product-container product-block-no-wrap\"><\/div>\n<hr>\n<p>Wenn Sie bei gro\u00dfen Sale-Events wie dem Black Friday in hochwertige M\u00f6bel investieren, reicht Ihr Budget deutlich aus. Es ist das uralte Testament: Wer billig ausgibt, gibt zweimal aus. Wenn Sie also wirklich tolle St\u00fccke kaufen, werden Sie wahrscheinlich l\u00e4nger Freude daran haben. Wenn Sie auch Ihren Raum auffrischen m\u00f6chten, hoffe ich, dass diese Zusammenfassung der besten Black Friday-M\u00f6belangebote Sie dazu inspiriert hat, intelligent einzukaufen.<\/p>\n<\/div>\n","protected":false},"excerpt":{"rendered":"<p>Ich bin der Erste, der zugibt, dass ich Champagnergeschmack habe, obwohl ich ein Limonadenbudget habe. Und weil ich mitten in der Renovierung bin, wird das<\/p>\n","protected":false},"author":1,"featured_media":1802,"comment_status":"closed","ping_status":"","sticky":false,"template":"","format":"standard","meta":{"footnotes":""},"categories":[118],"tags":[46,3232,152,484,1210,2651,112,78,81,9,43,3235,3236,823,129,15,1988,3230,3234,3233,341,3231,3229,58,1252],"class_list":["post-1801","post","type-post","status-publish","format-standard","has-post-thumbnail","hentry","category-haus-garten","tag-auf","tag-aussehenden","tag-bei","tag-besten","tag-bin","tag-black","tag-das","tag-den","tag-der","tag-die","tag-ein","tag-fridayverkaeufen","tag-gewartet","tag-habe","tag-ich","tag-ist","tag-luxurioes","tag-mitten","tag-moebelangebote","tag-moebeln","tag-nach","tag-renovierung","tag-shoppingredakteur","tag-sind","tag-suche","generate-columns","tablet-grid-50","mobile-grid-100","grid-parent","grid-50"],"yoast_head":"<!-- This site is optimized with the Yoast SEO plugin v27.3 - https:\/\/yoast.com\/product\/yoast-seo-wordpress\/ -->\n<title>Ich bin ein Shopping-Redakteur, der mitten in der Renovierung auf der Suche nach luxuri\u00f6s aussehenden M\u00f6beln ist \u2013 das sind die besten M\u00f6belangebote, auf die ich bei den Black Friday-Verk\u00e4ufen gewartet habe - Nachrichten - Stra\u00dfenweb<\/title>\n<meta name=\"robots\" content=\"index, follow, max-snippet:-1, max-image-preview:large, max-video-preview:-1\" \/>\n<link rel=\"canonical\" href=\"https:\/\/www.strassenweb.de\/nachrichten\/ich-bin-ein-shopping-redakteur-der-mitten-in-der-renovierung-auf-der-suche-nach-luxurioes-aussehenden-moebeln-ist-das-sind-die-besten-moebelangebote-auf-die-ich-bei-den-black-friday-verkae\/\" \/>\n<meta property=\"og:locale\" content=\"de_DE\" \/>\n<meta property=\"og:type\" content=\"article\" \/>\n<meta property=\"og:title\" content=\"Ich bin ein Shopping-Redakteur, der mitten in der Renovierung auf der Suche nach luxuri\u00f6s aussehenden M\u00f6beln ist \u2013 das sind die besten M\u00f6belangebote, auf die ich bei den Black Friday-Verk\u00e4ufen gewartet habe - Nachrichten - Stra\u00dfenweb\" \/>\n<meta property=\"og:description\" content=\"Ich bin der Erste, der zugibt, dass ich Champagnergeschmack habe, obwohl ich ein Limonadenbudget habe. Und weil ich mitten in der Renovierung bin, wird das\" \/>\n<meta property=\"og:url\" content=\"https:\/\/www.strassenweb.de\/nachrichten\/ich-bin-ein-shopping-redakteur-der-mitten-in-der-renovierung-auf-der-suche-nach-luxurioes-aussehenden-moebeln-ist-das-sind-die-besten-moebelangebote-auf-die-ich-bei-den-black-friday-verkae\/\" \/>\n<meta property=\"og:site_name\" content=\"Stra\u00dfenweb\" \/>\n<meta property=\"article:publisher\" content=\"https:\/\/www.facebook.com\/strassenweb\/\" \/>\n<meta property=\"article:published_time\" content=\"2024-11-27T20:54:03+00:00\" \/>\n<meta property=\"article:modified_time\" content=\"2024-11-27T20:54:04+00:00\" \/>\n<meta property=\"og:image\" content=\"https:\/\/www.strassenweb.de\/nachrichten\/wp-content\/uploads\/2024\/11\/Ich-bin-ein-Shopping-Redakteur-der-mitten-in-der-Renovierung-auf.jpg\" \/>\n\t<meta property=\"og:image:width\" content=\"1200\" \/>\n\t<meta property=\"og:image:height\" content=\"675\" \/>\n\t<meta property=\"og:image:type\" content=\"image\/jpeg\" \/>\n<meta name=\"author\" content=\"Robert Hoffmann\" \/>\n<meta name=\"twitter:card\" content=\"summary_large_image\" \/>\n<meta name=\"twitter:label1\" content=\"Verfasst von\" \/>\n\t<meta name=\"twitter:data1\" content=\"Robert Hoffmann\" \/>\n\t<meta name=\"twitter:label2\" content=\"Gesch\u00e4tzte Lesezeit\" \/>\n\t<meta name=\"twitter:data2\" content=\"2\u00a0Minuten\" \/>\n<script type=\"application\/ld+json\" class=\"yoast-schema-graph\">{\"@context\":\"https:\\\/\\\/schema.org\",\"@graph\":[{\"@type\":\"Article\",\"@id\":\"https:\\\/\\\/www.strassenweb.de\\\/nachrichten\\\/ich-bin-ein-shopping-redakteur-der-mitten-in-der-renovierung-auf-der-suche-nach-luxurioes-aussehenden-moebeln-ist-das-sind-die-besten-moebelangebote-auf-die-ich-bei-den-black-friday-verkae\\\/#article\",\"isPartOf\":{\"@id\":\"https:\\\/\\\/www.strassenweb.de\\\/nachrichten\\\/ich-bin-ein-shopping-redakteur-der-mitten-in-der-renovierung-auf-der-suche-nach-luxurioes-aussehenden-moebeln-ist-das-sind-die-besten-moebelangebote-auf-die-ich-bei-den-black-friday-verkae\\\/\"},\"author\":{\"name\":\"Robert Hoffmann\",\"@id\":\"https:\\\/\\\/www.strassenweb.de\\\/nachrichten\\\/#\\\/schema\\\/person\\\/87c9c9067f1211da429a744dc5a5aa41\"},\"headline\":\"Ich bin ein Shopping-Redakteur, der mitten in der Renovierung auf der Suche nach luxuri\u00f6s aussehenden M\u00f6beln ist \u2013 das sind die besten M\u00f6belangebote, auf die ich bei den Black Friday-Verk\u00e4ufen gewartet habe\",\"datePublished\":\"2024-11-27T20:54:03+00:00\",\"dateModified\":\"2024-11-27T20:54:04+00:00\",\"mainEntityOfPage\":{\"@id\":\"https:\\\/\\\/www.strassenweb.de\\\/nachrichten\\\/ich-bin-ein-shopping-redakteur-der-mitten-in-der-renovierung-auf-der-suche-nach-luxurioes-aussehenden-moebeln-ist-das-sind-die-besten-moebelangebote-auf-die-ich-bei-den-black-friday-verkae\\\/\"},\"wordCount\":380,\"publisher\":{\"@id\":\"https:\\\/\\\/www.strassenweb.de\\\/nachrichten\\\/#organization\"},\"image\":{\"@id\":\"https:\\\/\\\/www.strassenweb.de\\\/nachrichten\\\/ich-bin-ein-shopping-redakteur-der-mitten-in-der-renovierung-auf-der-suche-nach-luxurioes-aussehenden-moebeln-ist-das-sind-die-besten-moebelangebote-auf-die-ich-bei-den-black-friday-verkae\\\/#primaryimage\"},\"thumbnailUrl\":\"https:\\\/\\\/www.strassenweb.de\\\/nachrichten\\\/wp-content\\\/uploads\\\/2024\\\/11\\\/Ich-bin-ein-Shopping-Redakteur-der-mitten-in-der-Renovierung-auf.jpg\",\"keywords\":[\"auf\",\"aussehenden\",\"Bei\",\"besten\",\"bin\",\"Black\",\"das\",\"den\",\"der\",\"die\",\"ein\",\"FridayVerk\u00e4ufen\",\"gewartet\",\"habe\",\"ich\",\"ist\",\"luxuri\u00f6s\",\"mitten\",\"M\u00f6belangebote\",\"M\u00f6beln\",\"Nach\",\"Renovierung\",\"ShoppingRedakteur\",\"sind\",\"Suche\"],\"articleSection\":[\"Haus &amp; Garten\"],\"inLanguage\":\"de\"},{\"@type\":\"WebPage\",\"@id\":\"https:\\\/\\\/www.strassenweb.de\\\/nachrichten\\\/ich-bin-ein-shopping-redakteur-der-mitten-in-der-renovierung-auf-der-suche-nach-luxurioes-aussehenden-moebeln-ist-das-sind-die-besten-moebelangebote-auf-die-ich-bei-den-black-friday-verkae\\\/\",\"url\":\"https:\\\/\\\/www.strassenweb.de\\\/nachrichten\\\/ich-bin-ein-shopping-redakteur-der-mitten-in-der-renovierung-auf-der-suche-nach-luxurioes-aussehenden-moebeln-ist-das-sind-die-besten-moebelangebote-auf-die-ich-bei-den-black-friday-verkae\\\/\",\"name\":\"Ich bin ein Shopping-Redakteur, der mitten in der Renovierung auf der Suche nach luxuri\u00f6s aussehenden M\u00f6beln ist \u2013 das sind die besten M\u00f6belangebote, auf die ich bei den Black Friday-Verk\u00e4ufen gewartet habe - Nachrichten - Stra\u00dfenweb\",\"isPartOf\":{\"@id\":\"https:\\\/\\\/www.strassenweb.de\\\/nachrichten\\\/#website\"},\"primaryImageOfPage\":{\"@id\":\"https:\\\/\\\/www.strassenweb.de\\\/nachrichten\\\/ich-bin-ein-shopping-redakteur-der-mitten-in-der-renovierung-auf-der-suche-nach-luxurioes-aussehenden-moebeln-ist-das-sind-die-besten-moebelangebote-auf-die-ich-bei-den-black-friday-verkae\\\/#primaryimage\"},\"image\":{\"@id\":\"https:\\\/\\\/www.strassenweb.de\\\/nachrichten\\\/ich-bin-ein-shopping-redakteur-der-mitten-in-der-renovierung-auf-der-suche-nach-luxurioes-aussehenden-moebeln-ist-das-sind-die-besten-moebelangebote-auf-die-ich-bei-den-black-friday-verkae\\\/#primaryimage\"},\"thumbnailUrl\":\"https:\\\/\\\/www.strassenweb.de\\\/nachrichten\\\/wp-content\\\/uploads\\\/2024\\\/11\\\/Ich-bin-ein-Shopping-Redakteur-der-mitten-in-der-Renovierung-auf.jpg\",\"datePublished\":\"2024-11-27T20:54:03+00:00\",\"dateModified\":\"2024-11-27T20:54:04+00:00\",\"breadcrumb\":{\"@id\":\"https:\\\/\\\/www.strassenweb.de\\\/nachrichten\\\/ich-bin-ein-shopping-redakteur-der-mitten-in-der-renovierung-auf-der-suche-nach-luxurioes-aussehenden-moebeln-ist-das-sind-die-besten-moebelangebote-auf-die-ich-bei-den-black-friday-verkae\\\/#breadcrumb\"},\"inLanguage\":\"de\",\"potentialAction\":[{\"@type\":\"ReadAction\",\"target\":[\"https:\\\/\\\/www.strassenweb.de\\\/nachrichten\\\/ich-bin-ein-shopping-redakteur-der-mitten-in-der-renovierung-auf-der-suche-nach-luxurioes-aussehenden-moebeln-ist-das-sind-die-besten-moebelangebote-auf-die-ich-bei-den-black-friday-verkae\\\/\"]}]},{\"@type\":\"ImageObject\",\"inLanguage\":\"de\",\"@id\":\"https:\\\/\\\/www.strassenweb.de\\\/nachrichten\\\/ich-bin-ein-shopping-redakteur-der-mitten-in-der-renovierung-auf-der-suche-nach-luxurioes-aussehenden-moebeln-ist-das-sind-die-besten-moebelangebote-auf-die-ich-bei-den-black-friday-verkae\\\/#primaryimage\",\"url\":\"https:\\\/\\\/www.strassenweb.de\\\/nachrichten\\\/wp-content\\\/uploads\\\/2024\\\/11\\\/Ich-bin-ein-Shopping-Redakteur-der-mitten-in-der-Renovierung-auf.jpg\",\"contentUrl\":\"https:\\\/\\\/www.strassenweb.de\\\/nachrichten\\\/wp-content\\\/uploads\\\/2024\\\/11\\\/Ich-bin-ein-Shopping-Redakteur-der-mitten-in-der-Renovierung-auf.jpg\",\"width\":1200,\"height\":675,\"caption\":\"Ich bin ein Shopping-Redakteur, der mitten in der Renovierung auf der Suche nach luxuri\u00f6s aussehenden M\u00f6beln ist \u2013 das sind die besten M\u00f6belangebote, auf die ich bei den Black Friday-Verk\u00e4ufen gewartet habe\"},{\"@type\":\"BreadcrumbList\",\"@id\":\"https:\\\/\\\/www.strassenweb.de\\\/nachrichten\\\/ich-bin-ein-shopping-redakteur-der-mitten-in-der-renovierung-auf-der-suche-nach-luxurioes-aussehenden-moebeln-ist-das-sind-die-besten-moebelangebote-auf-die-ich-bei-den-black-friday-verkae\\\/#breadcrumb\",\"itemListElement\":[{\"@type\":\"ListItem\",\"position\":1,\"name\":\"Home\",\"item\":\"https:\\\/\\\/www.strassenweb.de\\\/nachrichten\\\/\"},{\"@type\":\"ListItem\",\"position\":2,\"name\":\"Ich bin ein Shopping-Redakteur, der mitten in der Renovierung auf der Suche nach luxuri\u00f6s aussehenden M\u00f6beln ist \u2013 das sind die besten M\u00f6belangebote, auf die ich bei den Black Friday-Verk\u00e4ufen gewartet habe\"}]},{\"@type\":\"WebSite\",\"@id\":\"https:\\\/\\\/www.strassenweb.de\\\/nachrichten\\\/#website\",\"url\":\"https:\\\/\\\/www.strassenweb.de\\\/nachrichten\\\/\",\"name\":\"Stra\u00dfenweb\",\"description\":\"Stra\u00dfenverzeichnis f\u00fcr Deutschland\",\"publisher\":{\"@id\":\"https:\\\/\\\/www.strassenweb.de\\\/nachrichten\\\/#organization\"},\"potentialAction\":[{\"@type\":\"SearchAction\",\"target\":{\"@type\":\"EntryPoint\",\"urlTemplate\":\"https:\\\/\\\/www.strassenweb.de\\\/nachrichten\\\/?s={search_term_string}\"},\"query-input\":{\"@type\":\"PropertyValueSpecification\",\"valueRequired\":true,\"valueName\":\"search_term_string\"}}],\"inLanguage\":\"de\"},{\"@type\":\"Organization\",\"@id\":\"https:\\\/\\\/www.strassenweb.de\\\/nachrichten\\\/#organization\",\"name\":\"Stra\u00dfenweb\",\"url\":\"https:\\\/\\\/www.strassenweb.de\\\/nachrichten\\\/\",\"logo\":{\"@type\":\"ImageObject\",\"inLanguage\":\"de\",\"@id\":\"https:\\\/\\\/www.strassenweb.de\\\/nachrichten\\\/#\\\/schema\\\/logo\\\/image\\\/\",\"url\":\"https:\\\/\\\/www.strassenweb.de\\\/nachrichten\\\/wp-content\\\/uploads\\\/2024\\\/09\\\/cropped-favicon.png\",\"contentUrl\":\"https:\\\/\\\/www.strassenweb.de\\\/nachrichten\\\/wp-content\\\/uploads\\\/2024\\\/09\\\/cropped-favicon.png\",\"width\":512,\"height\":512,\"caption\":\"Stra\u00dfenweb\"},\"image\":{\"@id\":\"https:\\\/\\\/www.strassenweb.de\\\/nachrichten\\\/#\\\/schema\\\/logo\\\/image\\\/\"},\"sameAs\":[\"https:\\\/\\\/www.facebook.com\\\/strassenweb\\\/\"]},{\"@type\":\"Person\",\"@id\":\"https:\\\/\\\/www.strassenweb.de\\\/nachrichten\\\/#\\\/schema\\\/person\\\/87c9c9067f1211da429a744dc5a5aa41\",\"name\":\"Robert Hoffmann\",\"image\":{\"@type\":\"ImageObject\",\"inLanguage\":\"de\",\"@id\":\"https:\\\/\\\/www.strassenweb.de\\\/nachrichten\\\/wp-content\\\/uploads\\\/2024\\\/09\\\/strassenweb-150x150.jpg\",\"url\":\"https:\\\/\\\/www.strassenweb.de\\\/nachrichten\\\/wp-content\\\/uploads\\\/2024\\\/09\\\/strassenweb-150x150.jpg\",\"contentUrl\":\"https:\\\/\\\/www.strassenweb.de\\\/nachrichten\\\/wp-content\\\/uploads\\\/2024\\\/09\\\/strassenweb-150x150.jpg\",\"caption\":\"Robert Hoffmann\"},\"description\":\"Ich hei\u00dfe Robert Hoffmann und ich bin ein leidenschaftlicher Verfechter von \u00d6kologie und Biodiversit\u00e4t. Seit meiner Kindheit in den W\u00e4ldern Bayerns f\u00fchle ich mich mit der Natur verbunden und bin entschlossen, sie zu sch\u00fctzen. Heute widme ich mein Leben der Sensibilisierung anderer f\u00fcr die Bedeutung des Umweltschutzes f\u00fcr zuk\u00fcnftige Generationen.\",\"sameAs\":[\"https:\\\/\\\/www.strassenweb.de\\\/\"]}]}<\/script>\n<!-- \/ Yoast SEO plugin. -->","yoast_head_json":{"title":"Ich bin ein Shopping-Redakteur, der mitten in der Renovierung auf der Suche nach luxuri\u00f6s aussehenden M\u00f6beln ist \u2013 das sind die besten M\u00f6belangebote, auf die ich bei den Black Friday-Verk\u00e4ufen gewartet habe - Nachrichten - Stra\u00dfenweb","robots":{"index":"index","follow":"follow","max-snippet":"max-snippet:-1","max-image-preview":"max-image-preview:large","max-video-preview":"max-video-preview:-1"},"canonical":"https:\/\/www.strassenweb.de\/nachrichten\/ich-bin-ein-shopping-redakteur-der-mitten-in-der-renovierung-auf-der-suche-nach-luxurioes-aussehenden-moebeln-ist-das-sind-die-besten-moebelangebote-auf-die-ich-bei-den-black-friday-verkae\/","og_locale":"de_DE","og_type":"article","og_title":"Ich bin ein Shopping-Redakteur, der mitten in der Renovierung auf der Suche nach luxuri\u00f6s aussehenden M\u00f6beln ist \u2013 das sind die besten M\u00f6belangebote, auf die ich bei den Black Friday-Verk\u00e4ufen gewartet habe - Nachrichten - Stra\u00dfenweb","og_description":"Ich bin der Erste, der zugibt, dass ich Champagnergeschmack habe, obwohl ich ein Limonadenbudget habe. Und weil ich mitten in der Renovierung bin, wird das","og_url":"https:\/\/www.strassenweb.de\/nachrichten\/ich-bin-ein-shopping-redakteur-der-mitten-in-der-renovierung-auf-der-suche-nach-luxurioes-aussehenden-moebeln-ist-das-sind-die-besten-moebelangebote-auf-die-ich-bei-den-black-friday-verkae\/","og_site_name":"Stra\u00dfenweb","article_publisher":"https:\/\/www.facebook.com\/strassenweb\/","article_published_time":"2024-11-27T20:54:03+00:00","article_modified_time":"2024-11-27T20:54:04+00:00","og_image":[{"width":1200,"height":675,"url":"https:\/\/www.strassenweb.de\/nachrichten\/wp-content\/uploads\/2024\/11\/Ich-bin-ein-Shopping-Redakteur-der-mitten-in-der-Renovierung-auf.jpg","type":"image\/jpeg"}],"author":"Robert Hoffmann","twitter_card":"summary_large_image","twitter_misc":{"Verfasst von":"Robert Hoffmann","Gesch\u00e4tzte Lesezeit":"2\u00a0Minuten"},"schema":{"@context":"https:\/\/schema.org","@graph":[{"@type":"Article","@id":"https:\/\/www.strassenweb.de\/nachrichten\/ich-bin-ein-shopping-redakteur-der-mitten-in-der-renovierung-auf-der-suche-nach-luxurioes-aussehenden-moebeln-ist-das-sind-die-besten-moebelangebote-auf-die-ich-bei-den-black-friday-verkae\/#article","isPartOf":{"@id":"https:\/\/www.strassenweb.de\/nachrichten\/ich-bin-ein-shopping-redakteur-der-mitten-in-der-renovierung-auf-der-suche-nach-luxurioes-aussehenden-moebeln-ist-das-sind-die-besten-moebelangebote-auf-die-ich-bei-den-black-friday-verkae\/"},"author":{"name":"Robert Hoffmann","@id":"https:\/\/www.strassenweb.de\/nachrichten\/#\/schema\/person\/87c9c9067f1211da429a744dc5a5aa41"},"headline":"Ich bin ein Shopping-Redakteur, der mitten in der Renovierung auf der Suche nach luxuri\u00f6s aussehenden M\u00f6beln ist \u2013 das sind die besten M\u00f6belangebote, auf die ich bei den Black Friday-Verk\u00e4ufen gewartet habe","datePublished":"2024-11-27T20:54:03+00:00","dateModified":"2024-11-27T20:54:04+00:00","mainEntityOfPage":{"@id":"https:\/\/www.strassenweb.de\/nachrichten\/ich-bin-ein-shopping-redakteur-der-mitten-in-der-renovierung-auf-der-suche-nach-luxurioes-aussehenden-moebeln-ist-das-sind-die-besten-moebelangebote-auf-die-ich-bei-den-black-friday-verkae\/"},"wordCount":380,"publisher":{"@id":"https:\/\/www.strassenweb.de\/nachrichten\/#organization"},"image":{"@id":"https:\/\/www.strassenweb.de\/nachrichten\/ich-bin-ein-shopping-redakteur-der-mitten-in-der-renovierung-auf-der-suche-nach-luxurioes-aussehenden-moebeln-ist-das-sind-die-besten-moebelangebote-auf-die-ich-bei-den-black-friday-verkae\/#primaryimage"},"thumbnailUrl":"https:\/\/www.strassenweb.de\/nachrichten\/wp-content\/uploads\/2024\/11\/Ich-bin-ein-Shopping-Redakteur-der-mitten-in-der-Renovierung-auf.jpg","keywords":["auf","aussehenden","Bei","besten","bin","Black","das","den","der","die","ein","FridayVerk\u00e4ufen","gewartet","habe","ich","ist","luxuri\u00f6s","mitten","M\u00f6belangebote","M\u00f6beln","Nach","Renovierung","ShoppingRedakteur","sind","Suche"],"articleSection":["Haus &amp; Garten"],"inLanguage":"de"},{"@type":"WebPage","@id":"https:\/\/www.strassenweb.de\/nachrichten\/ich-bin-ein-shopping-redakteur-der-mitten-in-der-renovierung-auf-der-suche-nach-luxurioes-aussehenden-moebeln-ist-das-sind-die-besten-moebelangebote-auf-die-ich-bei-den-black-friday-verkae\/","url":"https:\/\/www.strassenweb.de\/nachrichten\/ich-bin-ein-shopping-redakteur-der-mitten-in-der-renovierung-auf-der-suche-nach-luxurioes-aussehenden-moebeln-ist-das-sind-die-besten-moebelangebote-auf-die-ich-bei-den-black-friday-verkae\/","name":"Ich bin ein Shopping-Redakteur, der mitten in der Renovierung auf der Suche nach luxuri\u00f6s aussehenden M\u00f6beln ist \u2013 das sind die besten M\u00f6belangebote, auf die ich bei den Black Friday-Verk\u00e4ufen gewartet habe - Nachrichten - Stra\u00dfenweb","isPartOf":{"@id":"https:\/\/www.strassenweb.de\/nachrichten\/#website"},"primaryImageOfPage":{"@id":"https:\/\/www.strassenweb.de\/nachrichten\/ich-bin-ein-shopping-redakteur-der-mitten-in-der-renovierung-auf-der-suche-nach-luxurioes-aussehenden-moebeln-ist-das-sind-die-besten-moebelangebote-auf-die-ich-bei-den-black-friday-verkae\/#primaryimage"},"image":{"@id":"https:\/\/www.strassenweb.de\/nachrichten\/ich-bin-ein-shopping-redakteur-der-mitten-in-der-renovierung-auf-der-suche-nach-luxurioes-aussehenden-moebeln-ist-das-sind-die-besten-moebelangebote-auf-die-ich-bei-den-black-friday-verkae\/#primaryimage"},"thumbnailUrl":"https:\/\/www.strassenweb.de\/nachrichten\/wp-content\/uploads\/2024\/11\/Ich-bin-ein-Shopping-Redakteur-der-mitten-in-der-Renovierung-auf.jpg","datePublished":"2024-11-27T20:54:03+00:00","dateModified":"2024-11-27T20:54:04+00:00","breadcrumb":{"@id":"https:\/\/www.strassenweb.de\/nachrichten\/ich-bin-ein-shopping-redakteur-der-mitten-in-der-renovierung-auf-der-suche-nach-luxurioes-aussehenden-moebeln-ist-das-sind-die-besten-moebelangebote-auf-die-ich-bei-den-black-friday-verkae\/#breadcrumb"},"inLanguage":"de","potentialAction":[{"@type":"ReadAction","target":["https:\/\/www.strassenweb.de\/nachrichten\/ich-bin-ein-shopping-redakteur-der-mitten-in-der-renovierung-auf-der-suche-nach-luxurioes-aussehenden-moebeln-ist-das-sind-die-besten-moebelangebote-auf-die-ich-bei-den-black-friday-verkae\/"]}]},{"@type":"ImageObject","inLanguage":"de","@id":"https:\/\/www.strassenweb.de\/nachrichten\/ich-bin-ein-shopping-redakteur-der-mitten-in-der-renovierung-auf-der-suche-nach-luxurioes-aussehenden-moebeln-ist-das-sind-die-besten-moebelangebote-auf-die-ich-bei-den-black-friday-verkae\/#primaryimage","url":"https:\/\/www.strassenweb.de\/nachrichten\/wp-content\/uploads\/2024\/11\/Ich-bin-ein-Shopping-Redakteur-der-mitten-in-der-Renovierung-auf.jpg","contentUrl":"https:\/\/www.strassenweb.de\/nachrichten\/wp-content\/uploads\/2024\/11\/Ich-bin-ein-Shopping-Redakteur-der-mitten-in-der-Renovierung-auf.jpg","width":1200,"height":675,"caption":"Ich bin ein Shopping-Redakteur, der mitten in der Renovierung auf der Suche nach luxuri\u00f6s aussehenden M\u00f6beln ist \u2013 das sind die besten M\u00f6belangebote, auf die ich bei den Black Friday-Verk\u00e4ufen gewartet habe"},{"@type":"BreadcrumbList","@id":"https:\/\/www.strassenweb.de\/nachrichten\/ich-bin-ein-shopping-redakteur-der-mitten-in-der-renovierung-auf-der-suche-nach-luxurioes-aussehenden-moebeln-ist-das-sind-die-besten-moebelangebote-auf-die-ich-bei-den-black-friday-verkae\/#breadcrumb","itemListElement":[{"@type":"ListItem","position":1,"name":"Home","item":"https:\/\/www.strassenweb.de\/nachrichten\/"},{"@type":"ListItem","position":2,"name":"Ich bin ein Shopping-Redakteur, der mitten in der Renovierung auf der Suche nach luxuri\u00f6s aussehenden M\u00f6beln ist \u2013 das sind die besten M\u00f6belangebote, auf die ich bei den Black Friday-Verk\u00e4ufen gewartet habe"}]},{"@type":"WebSite","@id":"https:\/\/www.strassenweb.de\/nachrichten\/#website","url":"https:\/\/www.strassenweb.de\/nachrichten\/","name":"Stra\u00dfenweb","description":"Stra\u00dfenverzeichnis f\u00fcr Deutschland","publisher":{"@id":"https:\/\/www.strassenweb.de\/nachrichten\/#organization"},"potentialAction":[{"@type":"SearchAction","target":{"@type":"EntryPoint","urlTemplate":"https:\/\/www.strassenweb.de\/nachrichten\/?s={search_term_string}"},"query-input":{"@type":"PropertyValueSpecification","valueRequired":true,"valueName":"search_term_string"}}],"inLanguage":"de"},{"@type":"Organization","@id":"https:\/\/www.strassenweb.de\/nachrichten\/#organization","name":"Stra\u00dfenweb","url":"https:\/\/www.strassenweb.de\/nachrichten\/","logo":{"@type":"ImageObject","inLanguage":"de","@id":"https:\/\/www.strassenweb.de\/nachrichten\/#\/schema\/logo\/image\/","url":"https:\/\/www.strassenweb.de\/nachrichten\/wp-content\/uploads\/2024\/09\/cropped-favicon.png","contentUrl":"https:\/\/www.strassenweb.de\/nachrichten\/wp-content\/uploads\/2024\/09\/cropped-favicon.png","width":512,"height":512,"caption":"Stra\u00dfenweb"},"image":{"@id":"https:\/\/www.strassenweb.de\/nachrichten\/#\/schema\/logo\/image\/"},"sameAs":["https:\/\/www.facebook.com\/strassenweb\/"]},{"@type":"Person","@id":"https:\/\/www.strassenweb.de\/nachrichten\/#\/schema\/person\/87c9c9067f1211da429a744dc5a5aa41","name":"Robert Hoffmann","image":{"@type":"ImageObject","inLanguage":"de","@id":"https:\/\/www.strassenweb.de\/nachrichten\/wp-content\/uploads\/2024\/09\/strassenweb-150x150.jpg","url":"https:\/\/www.strassenweb.de\/nachrichten\/wp-content\/uploads\/2024\/09\/strassenweb-150x150.jpg","contentUrl":"https:\/\/www.strassenweb.de\/nachrichten\/wp-content\/uploads\/2024\/09\/strassenweb-150x150.jpg","caption":"Robert Hoffmann"},"description":"Ich hei\u00dfe Robert Hoffmann und ich bin ein leidenschaftlicher Verfechter von \u00d6kologie und Biodiversit\u00e4t. Seit meiner Kindheit in den W\u00e4ldern Bayerns f\u00fchle ich mich mit der Natur verbunden und bin entschlossen, sie zu sch\u00fctzen. Heute widme ich mein Leben der Sensibilisierung anderer f\u00fcr die Bedeutung des Umweltschutzes f\u00fcr zuk\u00fcnftige Generationen.","sameAs":["https:\/\/www.strassenweb.de\/"]}]}},"_links":{"self":[{"href":"https:\/\/www.strassenweb.de\/nachrichten\/wp-json\/wp\/v2\/posts\/1801","targetHints":{"allow":["GET"]}}],"collection":[{"href":"https:\/\/www.strassenweb.de\/nachrichten\/wp-json\/wp\/v2\/posts"}],"about":[{"href":"https:\/\/www.strassenweb.de\/nachrichten\/wp-json\/wp\/v2\/types\/post"}],"author":[{"embeddable":true,"href":"https:\/\/www.strassenweb.de\/nachrichten\/wp-json\/wp\/v2\/users\/1"}],"replies":[{"embeddable":true,"href":"https:\/\/www.strassenweb.de\/nachrichten\/wp-json\/wp\/v2\/comments?post=1801"}],"version-history":[{"count":0,"href":"https:\/\/www.strassenweb.de\/nachrichten\/wp-json\/wp\/v2\/posts\/1801\/revisions"}],"wp:featuredmedia":[{"embeddable":true,"href":"https:\/\/www.strassenweb.de\/nachrichten\/wp-json\/wp\/v2\/media\/1802"}],"wp:attachment":[{"href":"https:\/\/www.strassenweb.de\/nachrichten\/wp-json\/wp\/v2\/media?parent=1801"}],"wp:term":[{"taxonomy":"category","embeddable":true,"href":"https:\/\/www.strassenweb.de\/nachrichten\/wp-json\/wp\/v2\/categories?post=1801"},{"taxonomy":"post_tag","embeddable":true,"href":"https:\/\/www.strassenweb.de\/nachrichten\/wp-json\/wp\/v2\/tags?post=1801"}],"curies":[{"name":"wp","href":"https:\/\/api.w.org\/{rel}","templated":true}]}}