{"id":179,"date":"2024-09-24T19:04:07","date_gmt":"2024-09-24T17:04:07","guid":{"rendered":"https:\/\/www.strassenweb.de\/nachrichten\/jahrestag-der-anschlaege-von-1972-nach-einer-schiesserei-in-der-naehe-des-israelischen-konsulats-toetet-die-deutsche-polizei-in-muenchen-einen-verdaechtigen\/"},"modified":"2024-09-24T19:04:08","modified_gmt":"2024-09-24T17:04:08","slug":"jahrestag-der-anschlaege-von-1972-nach-einer-schiesserei-in-der-naehe-des-israelischen-konsulats-toetet-die-deutsche-polizei-in-muenchen-einen-verdaechtigen","status":"publish","type":"post","link":"https:\/\/www.strassenweb.de\/nachrichten\/jahrestag-der-anschlaege-von-1972-nach-einer-schiesserei-in-der-naehe-des-israelischen-konsulats-toetet-die-deutsche-polizei-in-muenchen-einen-verdaechtigen\/","title":{"rendered":"Jahrestag der Anschl\u00e4ge von 1972: Nach einer Schie\u00dferei in der N\u00e4he des israelischen Konsulats t\u00f6tet die deutsche Polizei in M\u00fcnchen einen Verd\u00e4chtigen"},"content":{"rendered":"<footer class=\"article-main__signed\"><\/footer>\n<p>Die Sicherheitskr\u00e4fte der deutschen Stadt M\u00fcnchen haben das Leben einer \u201everd\u00e4chtigen\u201c Person beendet <b>Er soll mehrere Sch\u00fcsse abgegeben haben <\/b>in der N\u00e4he des israelischen Konsulats und eines Dokumentationszentrums zum Nationalsozialismus, ohne Hinweise auf Personensch\u00e4den. Die Person, die durch Polizeisch\u00fcsse verletzt wurde<b>Er starb kurz darauf<\/b>berichtete der bayerische Innenminister Joachim Hermann.<\/p>\n<p>Er <b>Die Schie\u00dferei fand an diesem Donnerstag statt<\/b> Im Bereich des Karolinenplatzes, in der N\u00e4he des israelischen Generalkonsulats in M\u00fcnchen, S\u00fcddeutschland, neben einem Dokumentationszentrum zum Nationalsozialismus, als ein Mann mit einer Langwaffe auf Polizeikr\u00e4fte schoss, woraufhin die Polizei eintraf Beamte reagierten.<\/p>\n<p>\u00dcber den mutma\u00dflichen T\u00e4ter der Schie\u00dferei wurden derzeit keine Einzelheiten bekannt gegeben, obwohl die Polizei vermutet, dass ein Zusammenhang damit besteht <b>Jahrestag der Ermordung der zehn Sportler<\/b>Israelis bei den Olympischen Spielen in M\u00fcnchen <b>1972<\/b>. Auch das israelische Au\u00dfenministerium hat die Schie\u00dferei best\u00e4tigt und klargestellt <b>Kein Mitarbeiter des Konsulats wurde verletzt<\/b>da das Zentrum wegen einer Ehrungszeremonie anl\u00e4sslich dieses fatalen Jahrestages geschlossen war.<\/p>\n<div><\/div>\n<p>Au\u00dfer dem Verd\u00e4chtigen gab es keine weiteren Verletzten, wie aus Informationen hervorgeht, die die deutsche Polizei in sozialen Netzwerken geteilt hat und die B\u00fcrger aufgefordert hat, diesen Bereich zu meiden.<\/p>\n","protected":false},"excerpt":{"rendered":"<p>Die Sicherheitskr\u00e4fte der deutschen Stadt M\u00fcnchen haben das Leben einer \u201everd\u00e4chtigen\u201c Person beendet Er soll mehrere Sch\u00fcsse abgegeben haben in der N\u00e4he des israelischen Konsulats<\/p>\n","protected":false},"author":1,"featured_media":180,"comment_status":"closed","ping_status":"","sticky":false,"template":"","format":"standard","meta":{"footnotes":""},"categories":[4],"tags":[340,81,281,299,9,166,303,344,339,345,348,341,343,347,342,346,349,21],"class_list":["post-179","post","type-post","status-publish","format-standard","has-post-thumbnail","hentry","category-aktuelle-nachrichten","tag-anschlaege","tag-der","tag-des","tag-deutsche","tag-die","tag-einen","tag-einer","tag-israelischen","tag-jahrestag","tag-konsulats","tag-muenchen","tag-nach","tag-naehe","tag-polizei","tag-schiesserei","tag-toetet","tag-verdaechtigen","tag-von","generate-columns","tablet-grid-50","mobile-grid-100","grid-parent","grid-50"],"yoast_head":"<!-- This site is optimized with the Yoast SEO plugin v27.3 - https:\/\/yoast.com\/product\/yoast-seo-wordpress\/ -->\n<title>Jahrestag der Anschl\u00e4ge von 1972: Nach einer Schie\u00dferei in der N\u00e4he des israelischen Konsulats t\u00f6tet die deutsche Polizei in M\u00fcnchen einen Verd\u00e4chtigen - Nachrichten - Stra\u00dfenweb<\/title>\n<meta name=\"robots\" content=\"index, follow, max-snippet:-1, max-image-preview:large, max-video-preview:-1\" \/>\n<link rel=\"canonical\" href=\"https:\/\/www.strassenweb.de\/nachrichten\/jahrestag-der-anschlaege-von-1972-nach-einer-schiesserei-in-der-naehe-des-israelischen-konsulats-toetet-die-deutsche-polizei-in-muenchen-einen-verdaechtigen\/\" \/>\n<meta property=\"og:locale\" content=\"de_DE\" \/>\n<meta property=\"og:type\" content=\"article\" \/>\n<meta property=\"og:title\" content=\"Jahrestag der Anschl\u00e4ge von 1972: Nach einer Schie\u00dferei in der N\u00e4he des israelischen Konsulats t\u00f6tet die deutsche Polizei in M\u00fcnchen einen Verd\u00e4chtigen - Nachrichten - Stra\u00dfenweb\" \/>\n<meta property=\"og:description\" content=\"Die Sicherheitskr\u00e4fte der deutschen Stadt M\u00fcnchen haben das Leben einer \u201everd\u00e4chtigen\u201c Person beendet Er soll mehrere Sch\u00fcsse abgegeben haben in der N\u00e4he des israelischen Konsulats\" \/>\n<meta property=\"og:url\" content=\"https:\/\/www.strassenweb.de\/nachrichten\/jahrestag-der-anschlaege-von-1972-nach-einer-schiesserei-in-der-naehe-des-israelischen-konsulats-toetet-die-deutsche-polizei-in-muenchen-einen-verdaechtigen\/\" \/>\n<meta property=\"og:site_name\" content=\"Stra\u00dfenweb\" \/>\n<meta property=\"article:publisher\" content=\"https:\/\/www.facebook.com\/strassenweb\/\" \/>\n<meta property=\"article:published_time\" content=\"2024-09-24T17:04:07+00:00\" \/>\n<meta property=\"article:modified_time\" content=\"2024-09-24T17:04:08+00:00\" \/>\n<meta property=\"og:image\" content=\"https:\/\/www.strassenweb.de\/nachrichten\/wp-content\/uploads\/2024\/09\/Jahrestag-der-Anschlaege-von-1972-Nach-einer-Schiesserei-in-der.jpg\" \/>\n\t<meta property=\"og:image:width\" content=\"1280\" \/>\n\t<meta property=\"og:image:height\" content=\"720\" \/>\n\t<meta property=\"og:image:type\" content=\"image\/jpeg\" \/>\n<meta name=\"author\" content=\"Robert Hoffmann\" \/>\n<meta name=\"twitter:card\" content=\"summary_large_image\" \/>\n<meta name=\"twitter:label1\" content=\"Verfasst von\" \/>\n\t<meta name=\"twitter:data1\" content=\"Robert Hoffmann\" \/>\n\t<meta name=\"twitter:label2\" content=\"Gesch\u00e4tzte Lesezeit\" \/>\n\t<meta name=\"twitter:data2\" content=\"1\u00a0Minute\" \/>\n<script type=\"application\/ld+json\" class=\"yoast-schema-graph\">{\"@context\":\"https:\\\/\\\/schema.org\",\"@graph\":[{\"@type\":\"Article\",\"@id\":\"https:\\\/\\\/www.strassenweb.de\\\/nachrichten\\\/jahrestag-der-anschlaege-von-1972-nach-einer-schiesserei-in-der-naehe-des-israelischen-konsulats-toetet-die-deutsche-polizei-in-muenchen-einen-verdaechtigen\\\/#article\",\"isPartOf\":{\"@id\":\"https:\\\/\\\/www.strassenweb.de\\\/nachrichten\\\/jahrestag-der-anschlaege-von-1972-nach-einer-schiesserei-in-der-naehe-des-israelischen-konsulats-toetet-die-deutsche-polizei-in-muenchen-einen-verdaechtigen\\\/\"},\"author\":{\"name\":\"Robert Hoffmann\",\"@id\":\"https:\\\/\\\/www.strassenweb.de\\\/nachrichten\\\/#\\\/schema\\\/person\\\/87c9c9067f1211da429a744dc5a5aa41\"},\"headline\":\"Jahrestag der Anschl\u00e4ge von 1972: Nach einer Schie\u00dferei in der N\u00e4he des israelischen Konsulats t\u00f6tet die deutsche Polizei in M\u00fcnchen einen Verd\u00e4chtigen\",\"datePublished\":\"2024-09-24T17:04:07+00:00\",\"dateModified\":\"2024-09-24T17:04:08+00:00\",\"mainEntityOfPage\":{\"@id\":\"https:\\\/\\\/www.strassenweb.de\\\/nachrichten\\\/jahrestag-der-anschlaege-von-1972-nach-einer-schiesserei-in-der-naehe-des-israelischen-konsulats-toetet-die-deutsche-polizei-in-muenchen-einen-verdaechtigen\\\/\"},\"wordCount\":230,\"publisher\":{\"@id\":\"https:\\\/\\\/www.strassenweb.de\\\/nachrichten\\\/#organization\"},\"image\":{\"@id\":\"https:\\\/\\\/www.strassenweb.de\\\/nachrichten\\\/jahrestag-der-anschlaege-von-1972-nach-einer-schiesserei-in-der-naehe-des-israelischen-konsulats-toetet-die-deutsche-polizei-in-muenchen-einen-verdaechtigen\\\/#primaryimage\"},\"thumbnailUrl\":\"https:\\\/\\\/www.strassenweb.de\\\/nachrichten\\\/wp-content\\\/uploads\\\/2024\\\/09\\\/Jahrestag-der-Anschlaege-von-1972-Nach-einer-Schiesserei-in-der.jpg\",\"keywords\":[\"Anschl\u00e4ge\",\"der\",\"des\",\"Deutsche\",\"die\",\"einen\",\"einer\",\"israelischen\",\"Jahrestag\",\"Konsulats\",\"M\u00fcnchen\",\"Nach\",\"N\u00e4he\",\"Polizei\",\"Schie\u00dferei\",\"t\u00f6tet\",\"Verd\u00e4chtigen\",\"von\"],\"articleSection\":[\"Aktuelle Nachrichten\"],\"inLanguage\":\"de\"},{\"@type\":\"WebPage\",\"@id\":\"https:\\\/\\\/www.strassenweb.de\\\/nachrichten\\\/jahrestag-der-anschlaege-von-1972-nach-einer-schiesserei-in-der-naehe-des-israelischen-konsulats-toetet-die-deutsche-polizei-in-muenchen-einen-verdaechtigen\\\/\",\"url\":\"https:\\\/\\\/www.strassenweb.de\\\/nachrichten\\\/jahrestag-der-anschlaege-von-1972-nach-einer-schiesserei-in-der-naehe-des-israelischen-konsulats-toetet-die-deutsche-polizei-in-muenchen-einen-verdaechtigen\\\/\",\"name\":\"Jahrestag der Anschl\u00e4ge von 1972: Nach einer Schie\u00dferei in der N\u00e4he des israelischen Konsulats t\u00f6tet die deutsche Polizei in M\u00fcnchen einen Verd\u00e4chtigen - Nachrichten - Stra\u00dfenweb\",\"isPartOf\":{\"@id\":\"https:\\\/\\\/www.strassenweb.de\\\/nachrichten\\\/#website\"},\"primaryImageOfPage\":{\"@id\":\"https:\\\/\\\/www.strassenweb.de\\\/nachrichten\\\/jahrestag-der-anschlaege-von-1972-nach-einer-schiesserei-in-der-naehe-des-israelischen-konsulats-toetet-die-deutsche-polizei-in-muenchen-einen-verdaechtigen\\\/#primaryimage\"},\"image\":{\"@id\":\"https:\\\/\\\/www.strassenweb.de\\\/nachrichten\\\/jahrestag-der-anschlaege-von-1972-nach-einer-schiesserei-in-der-naehe-des-israelischen-konsulats-toetet-die-deutsche-polizei-in-muenchen-einen-verdaechtigen\\\/#primaryimage\"},\"thumbnailUrl\":\"https:\\\/\\\/www.strassenweb.de\\\/nachrichten\\\/wp-content\\\/uploads\\\/2024\\\/09\\\/Jahrestag-der-Anschlaege-von-1972-Nach-einer-Schiesserei-in-der.jpg\",\"datePublished\":\"2024-09-24T17:04:07+00:00\",\"dateModified\":\"2024-09-24T17:04:08+00:00\",\"breadcrumb\":{\"@id\":\"https:\\\/\\\/www.strassenweb.de\\\/nachrichten\\\/jahrestag-der-anschlaege-von-1972-nach-einer-schiesserei-in-der-naehe-des-israelischen-konsulats-toetet-die-deutsche-polizei-in-muenchen-einen-verdaechtigen\\\/#breadcrumb\"},\"inLanguage\":\"de\",\"potentialAction\":[{\"@type\":\"ReadAction\",\"target\":[\"https:\\\/\\\/www.strassenweb.de\\\/nachrichten\\\/jahrestag-der-anschlaege-von-1972-nach-einer-schiesserei-in-der-naehe-des-israelischen-konsulats-toetet-die-deutsche-polizei-in-muenchen-einen-verdaechtigen\\\/\"]}]},{\"@type\":\"ImageObject\",\"inLanguage\":\"de\",\"@id\":\"https:\\\/\\\/www.strassenweb.de\\\/nachrichten\\\/jahrestag-der-anschlaege-von-1972-nach-einer-schiesserei-in-der-naehe-des-israelischen-konsulats-toetet-die-deutsche-polizei-in-muenchen-einen-verdaechtigen\\\/#primaryimage\",\"url\":\"https:\\\/\\\/www.strassenweb.de\\\/nachrichten\\\/wp-content\\\/uploads\\\/2024\\\/09\\\/Jahrestag-der-Anschlaege-von-1972-Nach-einer-Schiesserei-in-der.jpg\",\"contentUrl\":\"https:\\\/\\\/www.strassenweb.de\\\/nachrichten\\\/wp-content\\\/uploads\\\/2024\\\/09\\\/Jahrestag-der-Anschlaege-von-1972-Nach-einer-Schiesserei-in-der.jpg\",\"width\":1280,\"height\":720,\"caption\":\"Jahrestag der Anschl\u00e4ge von 1972: Nach einer Schie\u00dferei in der N\u00e4he des israelischen Konsulats t\u00f6tet die deutsche Polizei in M\u00fcnchen einen Verd\u00e4chtigen\"},{\"@type\":\"BreadcrumbList\",\"@id\":\"https:\\\/\\\/www.strassenweb.de\\\/nachrichten\\\/jahrestag-der-anschlaege-von-1972-nach-einer-schiesserei-in-der-naehe-des-israelischen-konsulats-toetet-die-deutsche-polizei-in-muenchen-einen-verdaechtigen\\\/#breadcrumb\",\"itemListElement\":[{\"@type\":\"ListItem\",\"position\":1,\"name\":\"Home\",\"item\":\"https:\\\/\\\/www.strassenweb.de\\\/nachrichten\\\/\"},{\"@type\":\"ListItem\",\"position\":2,\"name\":\"Jahrestag der Anschl\u00e4ge von 1972: Nach einer Schie\u00dferei in der N\u00e4he des israelischen Konsulats t\u00f6tet die deutsche Polizei in M\u00fcnchen einen Verd\u00e4chtigen\"}]},{\"@type\":\"WebSite\",\"@id\":\"https:\\\/\\\/www.strassenweb.de\\\/nachrichten\\\/#website\",\"url\":\"https:\\\/\\\/www.strassenweb.de\\\/nachrichten\\\/\",\"name\":\"Stra\u00dfenweb\",\"description\":\"Stra\u00dfenverzeichnis f\u00fcr Deutschland\",\"publisher\":{\"@id\":\"https:\\\/\\\/www.strassenweb.de\\\/nachrichten\\\/#organization\"},\"potentialAction\":[{\"@type\":\"SearchAction\",\"target\":{\"@type\":\"EntryPoint\",\"urlTemplate\":\"https:\\\/\\\/www.strassenweb.de\\\/nachrichten\\\/?s={search_term_string}\"},\"query-input\":{\"@type\":\"PropertyValueSpecification\",\"valueRequired\":true,\"valueName\":\"search_term_string\"}}],\"inLanguage\":\"de\"},{\"@type\":\"Organization\",\"@id\":\"https:\\\/\\\/www.strassenweb.de\\\/nachrichten\\\/#organization\",\"name\":\"Stra\u00dfenweb\",\"url\":\"https:\\\/\\\/www.strassenweb.de\\\/nachrichten\\\/\",\"logo\":{\"@type\":\"ImageObject\",\"inLanguage\":\"de\",\"@id\":\"https:\\\/\\\/www.strassenweb.de\\\/nachrichten\\\/#\\\/schema\\\/logo\\\/image\\\/\",\"url\":\"https:\\\/\\\/www.strassenweb.de\\\/nachrichten\\\/wp-content\\\/uploads\\\/2024\\\/09\\\/cropped-favicon.png\",\"contentUrl\":\"https:\\\/\\\/www.strassenweb.de\\\/nachrichten\\\/wp-content\\\/uploads\\\/2024\\\/09\\\/cropped-favicon.png\",\"width\":512,\"height\":512,\"caption\":\"Stra\u00dfenweb\"},\"image\":{\"@id\":\"https:\\\/\\\/www.strassenweb.de\\\/nachrichten\\\/#\\\/schema\\\/logo\\\/image\\\/\"},\"sameAs\":[\"https:\\\/\\\/www.facebook.com\\\/strassenweb\\\/\"]},{\"@type\":\"Person\",\"@id\":\"https:\\\/\\\/www.strassenweb.de\\\/nachrichten\\\/#\\\/schema\\\/person\\\/87c9c9067f1211da429a744dc5a5aa41\",\"name\":\"Robert Hoffmann\",\"image\":{\"@type\":\"ImageObject\",\"inLanguage\":\"de\",\"@id\":\"https:\\\/\\\/www.strassenweb.de\\\/nachrichten\\\/wp-content\\\/uploads\\\/2024\\\/09\\\/strassenweb-150x150.jpg\",\"url\":\"https:\\\/\\\/www.strassenweb.de\\\/nachrichten\\\/wp-content\\\/uploads\\\/2024\\\/09\\\/strassenweb-150x150.jpg\",\"contentUrl\":\"https:\\\/\\\/www.strassenweb.de\\\/nachrichten\\\/wp-content\\\/uploads\\\/2024\\\/09\\\/strassenweb-150x150.jpg\",\"caption\":\"Robert Hoffmann\"},\"description\":\"Ich hei\u00dfe Robert Hoffmann und ich bin ein leidenschaftlicher Verfechter von \u00d6kologie und Biodiversit\u00e4t. Seit meiner Kindheit in den W\u00e4ldern Bayerns f\u00fchle ich mich mit der Natur verbunden und bin entschlossen, sie zu sch\u00fctzen. Heute widme ich mein Leben der Sensibilisierung anderer f\u00fcr die Bedeutung des Umweltschutzes f\u00fcr zuk\u00fcnftige Generationen.\",\"sameAs\":[\"https:\\\/\\\/www.strassenweb.de\\\/\"]}]}<\/script>\n<!-- \/ Yoast SEO plugin. -->","yoast_head_json":{"title":"Jahrestag der Anschl\u00e4ge von 1972: Nach einer Schie\u00dferei in der N\u00e4he des israelischen Konsulats t\u00f6tet die deutsche Polizei in M\u00fcnchen einen Verd\u00e4chtigen - Nachrichten - Stra\u00dfenweb","robots":{"index":"index","follow":"follow","max-snippet":"max-snippet:-1","max-image-preview":"max-image-preview:large","max-video-preview":"max-video-preview:-1"},"canonical":"https:\/\/www.strassenweb.de\/nachrichten\/jahrestag-der-anschlaege-von-1972-nach-einer-schiesserei-in-der-naehe-des-israelischen-konsulats-toetet-die-deutsche-polizei-in-muenchen-einen-verdaechtigen\/","og_locale":"de_DE","og_type":"article","og_title":"Jahrestag der Anschl\u00e4ge von 1972: Nach einer Schie\u00dferei in der N\u00e4he des israelischen Konsulats t\u00f6tet die deutsche Polizei in M\u00fcnchen einen Verd\u00e4chtigen - Nachrichten - Stra\u00dfenweb","og_description":"Die Sicherheitskr\u00e4fte der deutschen Stadt M\u00fcnchen haben das Leben einer \u201everd\u00e4chtigen\u201c Person beendet Er soll mehrere Sch\u00fcsse abgegeben haben in der N\u00e4he des israelischen Konsulats","og_url":"https:\/\/www.strassenweb.de\/nachrichten\/jahrestag-der-anschlaege-von-1972-nach-einer-schiesserei-in-der-naehe-des-israelischen-konsulats-toetet-die-deutsche-polizei-in-muenchen-einen-verdaechtigen\/","og_site_name":"Stra\u00dfenweb","article_publisher":"https:\/\/www.facebook.com\/strassenweb\/","article_published_time":"2024-09-24T17:04:07+00:00","article_modified_time":"2024-09-24T17:04:08+00:00","og_image":[{"width":1280,"height":720,"url":"https:\/\/www.strassenweb.de\/nachrichten\/wp-content\/uploads\/2024\/09\/Jahrestag-der-Anschlaege-von-1972-Nach-einer-Schiesserei-in-der.jpg","type":"image\/jpeg"}],"author":"Robert Hoffmann","twitter_card":"summary_large_image","twitter_misc":{"Verfasst von":"Robert Hoffmann","Gesch\u00e4tzte Lesezeit":"1\u00a0Minute"},"schema":{"@context":"https:\/\/schema.org","@graph":[{"@type":"Article","@id":"https:\/\/www.strassenweb.de\/nachrichten\/jahrestag-der-anschlaege-von-1972-nach-einer-schiesserei-in-der-naehe-des-israelischen-konsulats-toetet-die-deutsche-polizei-in-muenchen-einen-verdaechtigen\/#article","isPartOf":{"@id":"https:\/\/www.strassenweb.de\/nachrichten\/jahrestag-der-anschlaege-von-1972-nach-einer-schiesserei-in-der-naehe-des-israelischen-konsulats-toetet-die-deutsche-polizei-in-muenchen-einen-verdaechtigen\/"},"author":{"name":"Robert Hoffmann","@id":"https:\/\/www.strassenweb.de\/nachrichten\/#\/schema\/person\/87c9c9067f1211da429a744dc5a5aa41"},"headline":"Jahrestag der Anschl\u00e4ge von 1972: Nach einer Schie\u00dferei in der N\u00e4he des israelischen Konsulats t\u00f6tet die deutsche Polizei in M\u00fcnchen einen Verd\u00e4chtigen","datePublished":"2024-09-24T17:04:07+00:00","dateModified":"2024-09-24T17:04:08+00:00","mainEntityOfPage":{"@id":"https:\/\/www.strassenweb.de\/nachrichten\/jahrestag-der-anschlaege-von-1972-nach-einer-schiesserei-in-der-naehe-des-israelischen-konsulats-toetet-die-deutsche-polizei-in-muenchen-einen-verdaechtigen\/"},"wordCount":230,"publisher":{"@id":"https:\/\/www.strassenweb.de\/nachrichten\/#organization"},"image":{"@id":"https:\/\/www.strassenweb.de\/nachrichten\/jahrestag-der-anschlaege-von-1972-nach-einer-schiesserei-in-der-naehe-des-israelischen-konsulats-toetet-die-deutsche-polizei-in-muenchen-einen-verdaechtigen\/#primaryimage"},"thumbnailUrl":"https:\/\/www.strassenweb.de\/nachrichten\/wp-content\/uploads\/2024\/09\/Jahrestag-der-Anschlaege-von-1972-Nach-einer-Schiesserei-in-der.jpg","keywords":["Anschl\u00e4ge","der","des","Deutsche","die","einen","einer","israelischen","Jahrestag","Konsulats","M\u00fcnchen","Nach","N\u00e4he","Polizei","Schie\u00dferei","t\u00f6tet","Verd\u00e4chtigen","von"],"articleSection":["Aktuelle Nachrichten"],"inLanguage":"de"},{"@type":"WebPage","@id":"https:\/\/www.strassenweb.de\/nachrichten\/jahrestag-der-anschlaege-von-1972-nach-einer-schiesserei-in-der-naehe-des-israelischen-konsulats-toetet-die-deutsche-polizei-in-muenchen-einen-verdaechtigen\/","url":"https:\/\/www.strassenweb.de\/nachrichten\/jahrestag-der-anschlaege-von-1972-nach-einer-schiesserei-in-der-naehe-des-israelischen-konsulats-toetet-die-deutsche-polizei-in-muenchen-einen-verdaechtigen\/","name":"Jahrestag der Anschl\u00e4ge von 1972: Nach einer Schie\u00dferei in der N\u00e4he des israelischen Konsulats t\u00f6tet die deutsche Polizei in M\u00fcnchen einen Verd\u00e4chtigen - Nachrichten - Stra\u00dfenweb","isPartOf":{"@id":"https:\/\/www.strassenweb.de\/nachrichten\/#website"},"primaryImageOfPage":{"@id":"https:\/\/www.strassenweb.de\/nachrichten\/jahrestag-der-anschlaege-von-1972-nach-einer-schiesserei-in-der-naehe-des-israelischen-konsulats-toetet-die-deutsche-polizei-in-muenchen-einen-verdaechtigen\/#primaryimage"},"image":{"@id":"https:\/\/www.strassenweb.de\/nachrichten\/jahrestag-der-anschlaege-von-1972-nach-einer-schiesserei-in-der-naehe-des-israelischen-konsulats-toetet-die-deutsche-polizei-in-muenchen-einen-verdaechtigen\/#primaryimage"},"thumbnailUrl":"https:\/\/www.strassenweb.de\/nachrichten\/wp-content\/uploads\/2024\/09\/Jahrestag-der-Anschlaege-von-1972-Nach-einer-Schiesserei-in-der.jpg","datePublished":"2024-09-24T17:04:07+00:00","dateModified":"2024-09-24T17:04:08+00:00","breadcrumb":{"@id":"https:\/\/www.strassenweb.de\/nachrichten\/jahrestag-der-anschlaege-von-1972-nach-einer-schiesserei-in-der-naehe-des-israelischen-konsulats-toetet-die-deutsche-polizei-in-muenchen-einen-verdaechtigen\/#breadcrumb"},"inLanguage":"de","potentialAction":[{"@type":"ReadAction","target":["https:\/\/www.strassenweb.de\/nachrichten\/jahrestag-der-anschlaege-von-1972-nach-einer-schiesserei-in-der-naehe-des-israelischen-konsulats-toetet-die-deutsche-polizei-in-muenchen-einen-verdaechtigen\/"]}]},{"@type":"ImageObject","inLanguage":"de","@id":"https:\/\/www.strassenweb.de\/nachrichten\/jahrestag-der-anschlaege-von-1972-nach-einer-schiesserei-in-der-naehe-des-israelischen-konsulats-toetet-die-deutsche-polizei-in-muenchen-einen-verdaechtigen\/#primaryimage","url":"https:\/\/www.strassenweb.de\/nachrichten\/wp-content\/uploads\/2024\/09\/Jahrestag-der-Anschlaege-von-1972-Nach-einer-Schiesserei-in-der.jpg","contentUrl":"https:\/\/www.strassenweb.de\/nachrichten\/wp-content\/uploads\/2024\/09\/Jahrestag-der-Anschlaege-von-1972-Nach-einer-Schiesserei-in-der.jpg","width":1280,"height":720,"caption":"Jahrestag der Anschl\u00e4ge von 1972: Nach einer Schie\u00dferei in der N\u00e4he des israelischen Konsulats t\u00f6tet die deutsche Polizei in M\u00fcnchen einen Verd\u00e4chtigen"},{"@type":"BreadcrumbList","@id":"https:\/\/www.strassenweb.de\/nachrichten\/jahrestag-der-anschlaege-von-1972-nach-einer-schiesserei-in-der-naehe-des-israelischen-konsulats-toetet-die-deutsche-polizei-in-muenchen-einen-verdaechtigen\/#breadcrumb","itemListElement":[{"@type":"ListItem","position":1,"name":"Home","item":"https:\/\/www.strassenweb.de\/nachrichten\/"},{"@type":"ListItem","position":2,"name":"Jahrestag der Anschl\u00e4ge von 1972: Nach einer Schie\u00dferei in der N\u00e4he des israelischen Konsulats t\u00f6tet die deutsche Polizei in M\u00fcnchen einen Verd\u00e4chtigen"}]},{"@type":"WebSite","@id":"https:\/\/www.strassenweb.de\/nachrichten\/#website","url":"https:\/\/www.strassenweb.de\/nachrichten\/","name":"Stra\u00dfenweb","description":"Stra\u00dfenverzeichnis f\u00fcr Deutschland","publisher":{"@id":"https:\/\/www.strassenweb.de\/nachrichten\/#organization"},"potentialAction":[{"@type":"SearchAction","target":{"@type":"EntryPoint","urlTemplate":"https:\/\/www.strassenweb.de\/nachrichten\/?s={search_term_string}"},"query-input":{"@type":"PropertyValueSpecification","valueRequired":true,"valueName":"search_term_string"}}],"inLanguage":"de"},{"@type":"Organization","@id":"https:\/\/www.strassenweb.de\/nachrichten\/#organization","name":"Stra\u00dfenweb","url":"https:\/\/www.strassenweb.de\/nachrichten\/","logo":{"@type":"ImageObject","inLanguage":"de","@id":"https:\/\/www.strassenweb.de\/nachrichten\/#\/schema\/logo\/image\/","url":"https:\/\/www.strassenweb.de\/nachrichten\/wp-content\/uploads\/2024\/09\/cropped-favicon.png","contentUrl":"https:\/\/www.strassenweb.de\/nachrichten\/wp-content\/uploads\/2024\/09\/cropped-favicon.png","width":512,"height":512,"caption":"Stra\u00dfenweb"},"image":{"@id":"https:\/\/www.strassenweb.de\/nachrichten\/#\/schema\/logo\/image\/"},"sameAs":["https:\/\/www.facebook.com\/strassenweb\/"]},{"@type":"Person","@id":"https:\/\/www.strassenweb.de\/nachrichten\/#\/schema\/person\/87c9c9067f1211da429a744dc5a5aa41","name":"Robert Hoffmann","image":{"@type":"ImageObject","inLanguage":"de","@id":"https:\/\/www.strassenweb.de\/nachrichten\/wp-content\/uploads\/2024\/09\/strassenweb-150x150.jpg","url":"https:\/\/www.strassenweb.de\/nachrichten\/wp-content\/uploads\/2024\/09\/strassenweb-150x150.jpg","contentUrl":"https:\/\/www.strassenweb.de\/nachrichten\/wp-content\/uploads\/2024\/09\/strassenweb-150x150.jpg","caption":"Robert Hoffmann"},"description":"Ich hei\u00dfe Robert Hoffmann und ich bin ein leidenschaftlicher Verfechter von \u00d6kologie und Biodiversit\u00e4t. Seit meiner Kindheit in den W\u00e4ldern Bayerns f\u00fchle ich mich mit der Natur verbunden und bin entschlossen, sie zu sch\u00fctzen. Heute widme ich mein Leben der Sensibilisierung anderer f\u00fcr die Bedeutung des Umweltschutzes f\u00fcr zuk\u00fcnftige Generationen.","sameAs":["https:\/\/www.strassenweb.de\/"]}]}},"_links":{"self":[{"href":"https:\/\/www.strassenweb.de\/nachrichten\/wp-json\/wp\/v2\/posts\/179","targetHints":{"allow":["GET"]}}],"collection":[{"href":"https:\/\/www.strassenweb.de\/nachrichten\/wp-json\/wp\/v2\/posts"}],"about":[{"href":"https:\/\/www.strassenweb.de\/nachrichten\/wp-json\/wp\/v2\/types\/post"}],"author":[{"embeddable":true,"href":"https:\/\/www.strassenweb.de\/nachrichten\/wp-json\/wp\/v2\/users\/1"}],"replies":[{"embeddable":true,"href":"https:\/\/www.strassenweb.de\/nachrichten\/wp-json\/wp\/v2\/comments?post=179"}],"version-history":[{"count":0,"href":"https:\/\/www.strassenweb.de\/nachrichten\/wp-json\/wp\/v2\/posts\/179\/revisions"}],"wp:featuredmedia":[{"embeddable":true,"href":"https:\/\/www.strassenweb.de\/nachrichten\/wp-json\/wp\/v2\/media\/180"}],"wp:attachment":[{"href":"https:\/\/www.strassenweb.de\/nachrichten\/wp-json\/wp\/v2\/media?parent=179"}],"wp:term":[{"taxonomy":"category","embeddable":true,"href":"https:\/\/www.strassenweb.de\/nachrichten\/wp-json\/wp\/v2\/categories?post=179"},{"taxonomy":"post_tag","embeddable":true,"href":"https:\/\/www.strassenweb.de\/nachrichten\/wp-json\/wp\/v2\/tags?post=179"}],"curies":[{"name":"wp","href":"https:\/\/api.w.org\/{rel}","templated":true}]}}