{"id":1786,"date":"2024-11-27T05:50:45","date_gmt":"2024-11-27T04:50:45","guid":{"rendered":"https:\/\/www.strassenweb.de\/nachrichten\/die-5-seltsamsten-trends-die-wir-fuer-2025-sehen-und-was-designer-darueber-denken\/"},"modified":"2024-11-27T05:50:47","modified_gmt":"2024-11-27T04:50:47","slug":"die-5-seltsamsten-trends-die-wir-fuer-2025-sehen-und-was-designer-darueber-denken","status":"publish","type":"post","link":"https:\/\/www.strassenweb.de\/nachrichten\/die-5-seltsamsten-trends-die-wir-fuer-2025-sehen-und-was-designer-darueber-denken\/","title":{"rendered":"Die 5 seltsamsten Trends, die wir f\u00fcr 2025 sehen, und was Designer dar\u00fcber denken"},"content":{"rendered":"<p><\/p>\n<div id=\"article-body\" class=\"article__body \">\n<p>Die Innenarchitekturtrends sind etwas seltsam geworden. Das klingt abf\u00e4llig, aber ich meine es keineswegs als Beleidigung. Stattdessen ist \u201eseltsam\u201c das perfekte Wort, um die unerwarteten Formen, die Wellen, das Glitzern, die mit Zitronen bedeckten Lampen zu beschreiben, die im Moment alle so hei\u00df sind. Seltsam und doch wunderbar.<\/p>\n<div id=\"ad-unit-1\" class=\"ad-unit\"><\/div>\n<p>Aber sind diese etwas veralteten Einrichtungstrends tats\u00e4chlich brauchbare Stile? Ich habe einige Innenarchitekten gefragt, was sie von ihnen halten, wie sie sie verwenden w\u00fcrden und warum sie glauben, dass sie im Moment richtig sind.<\/p>\n<h3 class=\"article-body__section\" id=\"section-1-chainmail\"><span>1. Kettenhemd<\/span><\/h3>\n<figure class=\"van-image-figure inline-layout \" data-bordeaux-image-check>\n<div class=\"image-full-width-wrapper\">\n<div class=\"image-widthsetter\" style=\"max-width:2400px;\"><\/div>\n<\/div>\n<\/figure>\n<aside class=\"hawk-nest\" data-block-type=\"embed\" data-render-type=\"fte\" data-skip=\"dealsy\" data-widget-type=\"seasonal\">\n<div class=\"hawk-master-widget-hawk-base-wrapper\"><\/div>\n<\/aside>\n<p>Der vielleicht unerwartetste Designtrend, der pl\u00f6tzlich auftaucht, ist der f\u00fcr Kettenhemden. Das mexikanische Studio Panorama hat einen Kettenhemdstuhl entworfen, w\u00e4hrend das in New England ans\u00e4ssige Unternehmen Wretched Flowers diese oben abgebildete Kettenhemd-Stehlampe entworfen hat. Es ist ein lichteinfangender Trick, der daf\u00fcr sorgt, dass sich Zuhause wie eine Party anf\u00fchlt, eine gehobene Discokugel-Atmosph\u00e4re.<\/p>\n<div id=\"desktop-in-article\" class=\"in-article ad-unit\">\n<div id=\"desktop-taboola-mid-article\"><\/div>\n<\/div>\n<div id=\"mobile-in-article\" class=\"in-article ad-unit\">\n<div id=\"mobile-taboola-mid-article\"><\/div>\n<\/div>\n<p>\u201eEs ist so extra!\u201c sagt Designerin Lonika Chande. \u201eEs erinnert mich an einen gro\u00dfen Ohrring und ich bin ein Fan von solchen Dingen.\u201c Ob ich Kunden \u00fcberzeugen konnte, bin ich mir nicht so sicher! Wir k\u00f6nnten uns auf jeden Fall vorstellen, es in Form einer skulpturalen Wandleuchte zu versuchen. Kann ich es stattdessen tragen?! Daf\u00fcr w\u00e4re ich sehr dankbar!\u2018<\/p>\n<div class=\"van_vid_carousel\">\n<div class=\"van_vid_carousel__padding\">\n<div class=\"van_vid_carousel__container\"><\/div>\n<\/div>\n<\/div>\n<h3 class=\"article-body__section\" id=\"section-2-flared-legs\"><span>2. Ausgestellte Beine<\/span><\/h3>\n<figure class=\"van-image-figure inline-layout \" data-bordeaux-image-check>\n<div class=\"image-full-width-wrapper\">\n<div class=\"image-widthsetter\" style=\"max-width:2400px;\"><\/div>\n<\/div>\n<\/figure>\n<p>Da die 1970er-Jahre ein Comeback erleben, sollte es vielleicht keine \u00dcberraschung sein, dass M\u00f6beldesigner einen Weg gefunden haben, Schlaghosen neu zu interpretieren. Ja, die ausgestellte Hose ist die seltsamste Deko-Inspiration der Saison, bei der hochwertige Esstische und St\u00fchle \u00fcber gro\u00dfe zylindrische Untergestelle verf\u00fcgen, die nach oben hin immer schmaler werden.<\/p>\n<div id=\"ad-unit-2\" class=\"ad-unit\"><\/div>\n<p>Und das Ergebnis ist ziemlich elegant. \u201eWir sind absolut besessen!\u201c sagen Azar Fattahi und Lia McNally vom in LA ans\u00e4ssigen Studio LALA Reimagined. \u201eWenn ein Stuhl eine geschwungene R\u00fcckenlehne und ausgestellte Beine hat, entstehen Schichten und Dimensionen, was eine sch\u00f6ne Balance ist, die uns einfach so anzieht.\u201c<\/p>\n<h3 class=\"article-body__section\" id=\"section-3-squashy-furniture\"><span>3. Weiche M\u00f6bel<\/span><\/h3>\n<figure class=\"van-image-figure inline-layout \" data-bordeaux-image-check>\n<div class=\"image-full-width-wrapper\">\n<div class=\"image-widthsetter\" style=\"max-width:2400px;\"><\/div>\n<\/div>\n<\/figure>\n<p>Weitere Formen im Stil der 1970er Jahre, aber anstelle des modischen Hosenbeins ist dies die Silhouette des alten Sofas Ihrer Gro\u00dfmutter. Gro\u00df, rund und weich \u2013 ein leuchtendes Beispiel f\u00fcr diesen Look ist die oben abgebildete Kollektion der britischen Designerin Faye Toogood f\u00fcr die italienische Luxusmarke Poltrona Frau.<\/p>\n<p>\u201eDie auff\u00e4llige skulpturale Form dieses Trends hat Vintage-Charme, die gewagten Farbkombinationen regen dazu an, bei der Auswahl mutig zu sein, und schon beim blo\u00dfen Anblick des Squash-Sessels tr\u00e4umt man davon, sich darin einzukuscheln\u201c, sagt die Innenarchitektin Sophie Frank von Sophie Frank Designs. \u201eEs ist der Inbegriff von Verspieltheit und genau das r\u00fchmen wir auch gerne mit unseren Designs, denn das Leben ist zu kurz f\u00fcr langweilige Innenr\u00e4ume, und vergessen dabei nicht, wie unglaublich bequem es ist, darauf zu sitzen.\u201c<\/p>\n<h3 class=\"article-body__section\" id=\"section-4-wiggles\"><span>4. Wackelt<\/span><\/h3>\n<figure class=\"van-image-figure inline-layout \" data-bordeaux-image-check>\n<div class=\"image-full-width-wrapper\">\n<div class=\"image-widthsetter\" style=\"max-width:2400px;\"><\/div>\n<\/div>\n<\/figure>\n<p>Unregelm\u00e4\u00dfige Formen und Wellenformen sind ein wachsender M\u00f6beltrend \u2013 sie haben dazu beigetragen, die Arme von Vasen zu formen, die in den Ausstellungsr\u00e4umen aller italienischen M\u00f6belmarken in Mailand als Requisiten dienen. Aber jetzt entfernen sie sich von gr\u00f6\u00dferen St\u00fccken und werden stattdessen dazu verwendet, funktionalen Objekten Spa\u00df zu machen, wie dieses Tablett der in New York ans\u00e4ssigen Designerin Sophie Lou Jacobsen.<\/p>\n<p>\u201eWas ich mit meinen Objekten versuche, ist, das Ritual zu verst\u00e4rken, indem ich ihnen unregelm\u00e4\u00dfige Formen gebe\u201c, sagt Sophie Lou. \u201eWenn jemand das St\u00fcck benutzt, ist die Art und Weise, wie er es h\u00e4lt, \u00fcberraschend und zwingt ihn dazu, genauer \u00fcber das Objekt und sein Ritual nachzudenken.\u201c Sie sind \u00fcberrascht, lassen sich von der Sch\u00f6nheit des St\u00fccks, das sie in der Hand halten, begeistern und sch\u00e4tzen sein Design.\u201c<\/p>\n<div class=\"product-container hero-product-container product-block-no-wrap\"><\/div>\n<h3 class=\"article-body__section\" id=\"section-5-fruity-forms\"><span>5. Fruchtige Formen<\/span><\/h3>\n<figure class=\"van-image-figure inline-layout \" data-bordeaux-image-check>\n<div class=\"image-full-width-wrapper\">\n<div class=\"image-widthsetter\" style=\"max-width:2400px;\"><\/div>\n<\/div>\n<\/figure>\n<p>Denken Sie an Carmen Miranda im Urlaub in einem Obstgarten, und Sie sind halb dabei, den seltsamen Trend zu Obst zu verstehen. Nicht nur Fruchtmotive, sondern Fruchtformen \u2013 apfelf\u00f6rmige Kissen, birnenf\u00f6rmige Tabletts und im Fall der Innenarchitektin Stephanie Barba Mendoza eine mit Mini-Zitronen bedeckte Lampe, die der Star ihrer eigenen K\u00fcche ist (sie hat sie gefunden). auf einem Vintage-Markt, aber es gibt ein SEHR \u00e4hnliches Paar bei 1st Dibs, und Chairish hat auch eine sch\u00f6ne Alternative).<\/p>\n<p>\u201eEs gibt ein ber\u00fchmtes Zitat der Modeikone Diana Vreeland, dass \u00dcbertreibung ihre einzige Realit\u00e4t ist, und ich verstehe das so, dass nichts zu viel ist!\u201c sagt Stephanie. \u201eEs ist wichtig, Spa\u00df zu haben, nicht in dem Ma\u00dfe, dass die Dekoration zu einer Spielerei wird, aber ich m\u00f6chte immer etwas Theatralisches oder Unerwartetes haben.\u201c \u201eIm Fall der Zitronenlampe ist sie einer meiner Lieblingsgegenst\u00e4nde, weil sie einfach so viel Spa\u00df macht und die Leute beim Betreten immer einen Kommentar dazu abgeben.\u201c Sie werden feststellen, dass es die Wirkung aller auf Fr\u00fcchten basierenden Dekorationen ist.<\/p>\n<hr>\n<p>All diese Trends m\u00f6gen seltsam sein, aber sie sind auch vom Designer anerkannt. Und fragen Sie bei jedem Trend nach, es gibt Ebenen, auf denen Sie ihn in Ihr Zuhause bringen k\u00f6nnen. Dies sind alles gewagte Looks, aber Sie k\u00f6nnen immer subtile M\u00f6glichkeiten finden, sie in Ihren eigenen Einrichtungsstil zu integrieren.<\/p>\n<\/div>\n","protected":false},"excerpt":{"rendered":"<p>Die Innenarchitekturtrends sind etwas seltsam geworden. Das klingt abf\u00e4llig, aber ich meine es keineswegs als Beleidigung. Stattdessen ist \u201eseltsam\u201c das perfekte Wort, um die unerwarteten<\/p>\n","protected":false},"author":1,"featured_media":1787,"comment_status":"closed","ping_status":"","sticky":false,"template":"","format":"standard","meta":{"footnotes":""},"categories":[118],"tags":[249,502,216,9,55,1559,3218,1733,37,411],"class_list":["post-1786","post","type-post","status-publish","format-standard","has-post-thumbnail","hentry","category-haus-garten","tag-darueber","tag-denken","tag-designer","tag-die","tag-fuer","tag-sehen","tag-seltsamsten","tag-trends","tag-und","tag-wir","generate-columns","tablet-grid-50","mobile-grid-100","grid-parent","grid-50"],"yoast_head":"<!-- This site is optimized with the Yoast SEO plugin v27.3 - https:\/\/yoast.com\/product\/yoast-seo-wordpress\/ -->\n<title>Die 5 seltsamsten Trends, die wir f\u00fcr 2025 sehen, und was Designer dar\u00fcber denken - Nachrichten - Stra\u00dfenweb<\/title>\n<meta name=\"robots\" content=\"index, follow, max-snippet:-1, max-image-preview:large, max-video-preview:-1\" \/>\n<link rel=\"canonical\" href=\"https:\/\/www.strassenweb.de\/nachrichten\/die-5-seltsamsten-trends-die-wir-fuer-2025-sehen-und-was-designer-darueber-denken\/\" \/>\n<meta property=\"og:locale\" content=\"de_DE\" \/>\n<meta property=\"og:type\" content=\"article\" \/>\n<meta property=\"og:title\" content=\"Die 5 seltsamsten Trends, die wir f\u00fcr 2025 sehen, und was Designer dar\u00fcber denken - Nachrichten - Stra\u00dfenweb\" \/>\n<meta property=\"og:description\" content=\"Die Innenarchitekturtrends sind etwas seltsam geworden. Das klingt abf\u00e4llig, aber ich meine es keineswegs als Beleidigung. Stattdessen ist \u201eseltsam\u201c das perfekte Wort, um die unerwarteten\" \/>\n<meta property=\"og:url\" content=\"https:\/\/www.strassenweb.de\/nachrichten\/die-5-seltsamsten-trends-die-wir-fuer-2025-sehen-und-was-designer-darueber-denken\/\" \/>\n<meta property=\"og:site_name\" content=\"Stra\u00dfenweb\" \/>\n<meta property=\"article:publisher\" content=\"https:\/\/www.facebook.com\/strassenweb\/\" \/>\n<meta property=\"article:published_time\" content=\"2024-11-27T04:50:45+00:00\" \/>\n<meta property=\"article:modified_time\" content=\"2024-11-27T04:50:47+00:00\" \/>\n<meta property=\"og:image\" content=\"https:\/\/www.strassenweb.de\/nachrichten\/wp-content\/uploads\/2024\/11\/Die-5-seltsamsten-Trends-die-wir-fuer-2025-sehen-und.jpg\" \/>\n\t<meta property=\"og:image:width\" content=\"1200\" \/>\n\t<meta property=\"og:image:height\" content=\"675\" \/>\n\t<meta property=\"og:image:type\" content=\"image\/jpeg\" \/>\n<meta name=\"author\" content=\"Robert Hoffmann\" \/>\n<meta name=\"twitter:card\" content=\"summary_large_image\" \/>\n<meta name=\"twitter:label1\" content=\"Verfasst von\" \/>\n\t<meta name=\"twitter:data1\" content=\"Robert Hoffmann\" \/>\n\t<meta name=\"twitter:label2\" content=\"Gesch\u00e4tzte Lesezeit\" \/>\n\t<meta name=\"twitter:data2\" content=\"4\u00a0Minuten\" \/>\n<script type=\"application\/ld+json\" class=\"yoast-schema-graph\">{\"@context\":\"https:\\\/\\\/schema.org\",\"@graph\":[{\"@type\":\"Article\",\"@id\":\"https:\\\/\\\/www.strassenweb.de\\\/nachrichten\\\/die-5-seltsamsten-trends-die-wir-fuer-2025-sehen-und-was-designer-darueber-denken\\\/#article\",\"isPartOf\":{\"@id\":\"https:\\\/\\\/www.strassenweb.de\\\/nachrichten\\\/die-5-seltsamsten-trends-die-wir-fuer-2025-sehen-und-was-designer-darueber-denken\\\/\"},\"author\":{\"name\":\"Robert Hoffmann\",\"@id\":\"https:\\\/\\\/www.strassenweb.de\\\/nachrichten\\\/#\\\/schema\\\/person\\\/87c9c9067f1211da429a744dc5a5aa41\"},\"headline\":\"Die 5 seltsamsten Trends, die wir f\u00fcr 2025 sehen, und was Designer dar\u00fcber denken\",\"datePublished\":\"2024-11-27T04:50:45+00:00\",\"dateModified\":\"2024-11-27T04:50:47+00:00\",\"mainEntityOfPage\":{\"@id\":\"https:\\\/\\\/www.strassenweb.de\\\/nachrichten\\\/die-5-seltsamsten-trends-die-wir-fuer-2025-sehen-und-was-designer-darueber-denken\\\/\"},\"wordCount\":843,\"publisher\":{\"@id\":\"https:\\\/\\\/www.strassenweb.de\\\/nachrichten\\\/#organization\"},\"image\":{\"@id\":\"https:\\\/\\\/www.strassenweb.de\\\/nachrichten\\\/die-5-seltsamsten-trends-die-wir-fuer-2025-sehen-und-was-designer-darueber-denken\\\/#primaryimage\"},\"thumbnailUrl\":\"https:\\\/\\\/www.strassenweb.de\\\/nachrichten\\\/wp-content\\\/uploads\\\/2024\\\/11\\\/Die-5-seltsamsten-Trends-die-wir-fuer-2025-sehen-und.jpg\",\"keywords\":[\"dar\u00fcber\",\"denken\",\"Designer\",\"die\",\"f\u00fcr\",\"sehen\",\"seltsamsten\",\"Trends\",\"und\",\"wir\"],\"articleSection\":[\"Haus &amp; Garten\"],\"inLanguage\":\"de\"},{\"@type\":\"WebPage\",\"@id\":\"https:\\\/\\\/www.strassenweb.de\\\/nachrichten\\\/die-5-seltsamsten-trends-die-wir-fuer-2025-sehen-und-was-designer-darueber-denken\\\/\",\"url\":\"https:\\\/\\\/www.strassenweb.de\\\/nachrichten\\\/die-5-seltsamsten-trends-die-wir-fuer-2025-sehen-und-was-designer-darueber-denken\\\/\",\"name\":\"Die 5 seltsamsten Trends, die wir f\u00fcr 2025 sehen, und was Designer dar\u00fcber denken - Nachrichten - Stra\u00dfenweb\",\"isPartOf\":{\"@id\":\"https:\\\/\\\/www.strassenweb.de\\\/nachrichten\\\/#website\"},\"primaryImageOfPage\":{\"@id\":\"https:\\\/\\\/www.strassenweb.de\\\/nachrichten\\\/die-5-seltsamsten-trends-die-wir-fuer-2025-sehen-und-was-designer-darueber-denken\\\/#primaryimage\"},\"image\":{\"@id\":\"https:\\\/\\\/www.strassenweb.de\\\/nachrichten\\\/die-5-seltsamsten-trends-die-wir-fuer-2025-sehen-und-was-designer-darueber-denken\\\/#primaryimage\"},\"thumbnailUrl\":\"https:\\\/\\\/www.strassenweb.de\\\/nachrichten\\\/wp-content\\\/uploads\\\/2024\\\/11\\\/Die-5-seltsamsten-Trends-die-wir-fuer-2025-sehen-und.jpg\",\"datePublished\":\"2024-11-27T04:50:45+00:00\",\"dateModified\":\"2024-11-27T04:50:47+00:00\",\"breadcrumb\":{\"@id\":\"https:\\\/\\\/www.strassenweb.de\\\/nachrichten\\\/die-5-seltsamsten-trends-die-wir-fuer-2025-sehen-und-was-designer-darueber-denken\\\/#breadcrumb\"},\"inLanguage\":\"de\",\"potentialAction\":[{\"@type\":\"ReadAction\",\"target\":[\"https:\\\/\\\/www.strassenweb.de\\\/nachrichten\\\/die-5-seltsamsten-trends-die-wir-fuer-2025-sehen-und-was-designer-darueber-denken\\\/\"]}]},{\"@type\":\"ImageObject\",\"inLanguage\":\"de\",\"@id\":\"https:\\\/\\\/www.strassenweb.de\\\/nachrichten\\\/die-5-seltsamsten-trends-die-wir-fuer-2025-sehen-und-was-designer-darueber-denken\\\/#primaryimage\",\"url\":\"https:\\\/\\\/www.strassenweb.de\\\/nachrichten\\\/wp-content\\\/uploads\\\/2024\\\/11\\\/Die-5-seltsamsten-Trends-die-wir-fuer-2025-sehen-und.jpg\",\"contentUrl\":\"https:\\\/\\\/www.strassenweb.de\\\/nachrichten\\\/wp-content\\\/uploads\\\/2024\\\/11\\\/Die-5-seltsamsten-Trends-die-wir-fuer-2025-sehen-und.jpg\",\"width\":1200,\"height\":675,\"caption\":\"Die 5 seltsamsten Trends, die wir f\u00fcr 2025 sehen, und was Designer dar\u00fcber denken\"},{\"@type\":\"BreadcrumbList\",\"@id\":\"https:\\\/\\\/www.strassenweb.de\\\/nachrichten\\\/die-5-seltsamsten-trends-die-wir-fuer-2025-sehen-und-was-designer-darueber-denken\\\/#breadcrumb\",\"itemListElement\":[{\"@type\":\"ListItem\",\"position\":1,\"name\":\"Home\",\"item\":\"https:\\\/\\\/www.strassenweb.de\\\/nachrichten\\\/\"},{\"@type\":\"ListItem\",\"position\":2,\"name\":\"Die 5 seltsamsten Trends, die wir f\u00fcr 2025 sehen, und was Designer dar\u00fcber denken\"}]},{\"@type\":\"WebSite\",\"@id\":\"https:\\\/\\\/www.strassenweb.de\\\/nachrichten\\\/#website\",\"url\":\"https:\\\/\\\/www.strassenweb.de\\\/nachrichten\\\/\",\"name\":\"Stra\u00dfenweb\",\"description\":\"Stra\u00dfenverzeichnis f\u00fcr Deutschland\",\"publisher\":{\"@id\":\"https:\\\/\\\/www.strassenweb.de\\\/nachrichten\\\/#organization\"},\"potentialAction\":[{\"@type\":\"SearchAction\",\"target\":{\"@type\":\"EntryPoint\",\"urlTemplate\":\"https:\\\/\\\/www.strassenweb.de\\\/nachrichten\\\/?s={search_term_string}\"},\"query-input\":{\"@type\":\"PropertyValueSpecification\",\"valueRequired\":true,\"valueName\":\"search_term_string\"}}],\"inLanguage\":\"de\"},{\"@type\":\"Organization\",\"@id\":\"https:\\\/\\\/www.strassenweb.de\\\/nachrichten\\\/#organization\",\"name\":\"Stra\u00dfenweb\",\"url\":\"https:\\\/\\\/www.strassenweb.de\\\/nachrichten\\\/\",\"logo\":{\"@type\":\"ImageObject\",\"inLanguage\":\"de\",\"@id\":\"https:\\\/\\\/www.strassenweb.de\\\/nachrichten\\\/#\\\/schema\\\/logo\\\/image\\\/\",\"url\":\"https:\\\/\\\/www.strassenweb.de\\\/nachrichten\\\/wp-content\\\/uploads\\\/2024\\\/09\\\/cropped-favicon.png\",\"contentUrl\":\"https:\\\/\\\/www.strassenweb.de\\\/nachrichten\\\/wp-content\\\/uploads\\\/2024\\\/09\\\/cropped-favicon.png\",\"width\":512,\"height\":512,\"caption\":\"Stra\u00dfenweb\"},\"image\":{\"@id\":\"https:\\\/\\\/www.strassenweb.de\\\/nachrichten\\\/#\\\/schema\\\/logo\\\/image\\\/\"},\"sameAs\":[\"https:\\\/\\\/www.facebook.com\\\/strassenweb\\\/\"]},{\"@type\":\"Person\",\"@id\":\"https:\\\/\\\/www.strassenweb.de\\\/nachrichten\\\/#\\\/schema\\\/person\\\/87c9c9067f1211da429a744dc5a5aa41\",\"name\":\"Robert Hoffmann\",\"image\":{\"@type\":\"ImageObject\",\"inLanguage\":\"de\",\"@id\":\"https:\\\/\\\/www.strassenweb.de\\\/nachrichten\\\/wp-content\\\/uploads\\\/2024\\\/09\\\/strassenweb-150x150.jpg\",\"url\":\"https:\\\/\\\/www.strassenweb.de\\\/nachrichten\\\/wp-content\\\/uploads\\\/2024\\\/09\\\/strassenweb-150x150.jpg\",\"contentUrl\":\"https:\\\/\\\/www.strassenweb.de\\\/nachrichten\\\/wp-content\\\/uploads\\\/2024\\\/09\\\/strassenweb-150x150.jpg\",\"caption\":\"Robert Hoffmann\"},\"description\":\"Ich hei\u00dfe Robert Hoffmann und ich bin ein leidenschaftlicher Verfechter von \u00d6kologie und Biodiversit\u00e4t. Seit meiner Kindheit in den W\u00e4ldern Bayerns f\u00fchle ich mich mit der Natur verbunden und bin entschlossen, sie zu sch\u00fctzen. Heute widme ich mein Leben der Sensibilisierung anderer f\u00fcr die Bedeutung des Umweltschutzes f\u00fcr zuk\u00fcnftige Generationen.\",\"sameAs\":[\"https:\\\/\\\/www.strassenweb.de\\\/\"]}]}<\/script>\n<!-- \/ Yoast SEO plugin. -->","yoast_head_json":{"title":"Die 5 seltsamsten Trends, die wir f\u00fcr 2025 sehen, und was Designer dar\u00fcber denken - Nachrichten - Stra\u00dfenweb","robots":{"index":"index","follow":"follow","max-snippet":"max-snippet:-1","max-image-preview":"max-image-preview:large","max-video-preview":"max-video-preview:-1"},"canonical":"https:\/\/www.strassenweb.de\/nachrichten\/die-5-seltsamsten-trends-die-wir-fuer-2025-sehen-und-was-designer-darueber-denken\/","og_locale":"de_DE","og_type":"article","og_title":"Die 5 seltsamsten Trends, die wir f\u00fcr 2025 sehen, und was Designer dar\u00fcber denken - Nachrichten - Stra\u00dfenweb","og_description":"Die Innenarchitekturtrends sind etwas seltsam geworden. Das klingt abf\u00e4llig, aber ich meine es keineswegs als Beleidigung. Stattdessen ist \u201eseltsam\u201c das perfekte Wort, um die unerwarteten","og_url":"https:\/\/www.strassenweb.de\/nachrichten\/die-5-seltsamsten-trends-die-wir-fuer-2025-sehen-und-was-designer-darueber-denken\/","og_site_name":"Stra\u00dfenweb","article_publisher":"https:\/\/www.facebook.com\/strassenweb\/","article_published_time":"2024-11-27T04:50:45+00:00","article_modified_time":"2024-11-27T04:50:47+00:00","og_image":[{"width":1200,"height":675,"url":"https:\/\/www.strassenweb.de\/nachrichten\/wp-content\/uploads\/2024\/11\/Die-5-seltsamsten-Trends-die-wir-fuer-2025-sehen-und.jpg","type":"image\/jpeg"}],"author":"Robert Hoffmann","twitter_card":"summary_large_image","twitter_misc":{"Verfasst von":"Robert Hoffmann","Gesch\u00e4tzte Lesezeit":"4\u00a0Minuten"},"schema":{"@context":"https:\/\/schema.org","@graph":[{"@type":"Article","@id":"https:\/\/www.strassenweb.de\/nachrichten\/die-5-seltsamsten-trends-die-wir-fuer-2025-sehen-und-was-designer-darueber-denken\/#article","isPartOf":{"@id":"https:\/\/www.strassenweb.de\/nachrichten\/die-5-seltsamsten-trends-die-wir-fuer-2025-sehen-und-was-designer-darueber-denken\/"},"author":{"name":"Robert Hoffmann","@id":"https:\/\/www.strassenweb.de\/nachrichten\/#\/schema\/person\/87c9c9067f1211da429a744dc5a5aa41"},"headline":"Die 5 seltsamsten Trends, die wir f\u00fcr 2025 sehen, und was Designer dar\u00fcber denken","datePublished":"2024-11-27T04:50:45+00:00","dateModified":"2024-11-27T04:50:47+00:00","mainEntityOfPage":{"@id":"https:\/\/www.strassenweb.de\/nachrichten\/die-5-seltsamsten-trends-die-wir-fuer-2025-sehen-und-was-designer-darueber-denken\/"},"wordCount":843,"publisher":{"@id":"https:\/\/www.strassenweb.de\/nachrichten\/#organization"},"image":{"@id":"https:\/\/www.strassenweb.de\/nachrichten\/die-5-seltsamsten-trends-die-wir-fuer-2025-sehen-und-was-designer-darueber-denken\/#primaryimage"},"thumbnailUrl":"https:\/\/www.strassenweb.de\/nachrichten\/wp-content\/uploads\/2024\/11\/Die-5-seltsamsten-Trends-die-wir-fuer-2025-sehen-und.jpg","keywords":["dar\u00fcber","denken","Designer","die","f\u00fcr","sehen","seltsamsten","Trends","und","wir"],"articleSection":["Haus &amp; Garten"],"inLanguage":"de"},{"@type":"WebPage","@id":"https:\/\/www.strassenweb.de\/nachrichten\/die-5-seltsamsten-trends-die-wir-fuer-2025-sehen-und-was-designer-darueber-denken\/","url":"https:\/\/www.strassenweb.de\/nachrichten\/die-5-seltsamsten-trends-die-wir-fuer-2025-sehen-und-was-designer-darueber-denken\/","name":"Die 5 seltsamsten Trends, die wir f\u00fcr 2025 sehen, und was Designer dar\u00fcber denken - Nachrichten - Stra\u00dfenweb","isPartOf":{"@id":"https:\/\/www.strassenweb.de\/nachrichten\/#website"},"primaryImageOfPage":{"@id":"https:\/\/www.strassenweb.de\/nachrichten\/die-5-seltsamsten-trends-die-wir-fuer-2025-sehen-und-was-designer-darueber-denken\/#primaryimage"},"image":{"@id":"https:\/\/www.strassenweb.de\/nachrichten\/die-5-seltsamsten-trends-die-wir-fuer-2025-sehen-und-was-designer-darueber-denken\/#primaryimage"},"thumbnailUrl":"https:\/\/www.strassenweb.de\/nachrichten\/wp-content\/uploads\/2024\/11\/Die-5-seltsamsten-Trends-die-wir-fuer-2025-sehen-und.jpg","datePublished":"2024-11-27T04:50:45+00:00","dateModified":"2024-11-27T04:50:47+00:00","breadcrumb":{"@id":"https:\/\/www.strassenweb.de\/nachrichten\/die-5-seltsamsten-trends-die-wir-fuer-2025-sehen-und-was-designer-darueber-denken\/#breadcrumb"},"inLanguage":"de","potentialAction":[{"@type":"ReadAction","target":["https:\/\/www.strassenweb.de\/nachrichten\/die-5-seltsamsten-trends-die-wir-fuer-2025-sehen-und-was-designer-darueber-denken\/"]}]},{"@type":"ImageObject","inLanguage":"de","@id":"https:\/\/www.strassenweb.de\/nachrichten\/die-5-seltsamsten-trends-die-wir-fuer-2025-sehen-und-was-designer-darueber-denken\/#primaryimage","url":"https:\/\/www.strassenweb.de\/nachrichten\/wp-content\/uploads\/2024\/11\/Die-5-seltsamsten-Trends-die-wir-fuer-2025-sehen-und.jpg","contentUrl":"https:\/\/www.strassenweb.de\/nachrichten\/wp-content\/uploads\/2024\/11\/Die-5-seltsamsten-Trends-die-wir-fuer-2025-sehen-und.jpg","width":1200,"height":675,"caption":"Die 5 seltsamsten Trends, die wir f\u00fcr 2025 sehen, und was Designer dar\u00fcber denken"},{"@type":"BreadcrumbList","@id":"https:\/\/www.strassenweb.de\/nachrichten\/die-5-seltsamsten-trends-die-wir-fuer-2025-sehen-und-was-designer-darueber-denken\/#breadcrumb","itemListElement":[{"@type":"ListItem","position":1,"name":"Home","item":"https:\/\/www.strassenweb.de\/nachrichten\/"},{"@type":"ListItem","position":2,"name":"Die 5 seltsamsten Trends, die wir f\u00fcr 2025 sehen, und was Designer dar\u00fcber denken"}]},{"@type":"WebSite","@id":"https:\/\/www.strassenweb.de\/nachrichten\/#website","url":"https:\/\/www.strassenweb.de\/nachrichten\/","name":"Stra\u00dfenweb","description":"Stra\u00dfenverzeichnis f\u00fcr Deutschland","publisher":{"@id":"https:\/\/www.strassenweb.de\/nachrichten\/#organization"},"potentialAction":[{"@type":"SearchAction","target":{"@type":"EntryPoint","urlTemplate":"https:\/\/www.strassenweb.de\/nachrichten\/?s={search_term_string}"},"query-input":{"@type":"PropertyValueSpecification","valueRequired":true,"valueName":"search_term_string"}}],"inLanguage":"de"},{"@type":"Organization","@id":"https:\/\/www.strassenweb.de\/nachrichten\/#organization","name":"Stra\u00dfenweb","url":"https:\/\/www.strassenweb.de\/nachrichten\/","logo":{"@type":"ImageObject","inLanguage":"de","@id":"https:\/\/www.strassenweb.de\/nachrichten\/#\/schema\/logo\/image\/","url":"https:\/\/www.strassenweb.de\/nachrichten\/wp-content\/uploads\/2024\/09\/cropped-favicon.png","contentUrl":"https:\/\/www.strassenweb.de\/nachrichten\/wp-content\/uploads\/2024\/09\/cropped-favicon.png","width":512,"height":512,"caption":"Stra\u00dfenweb"},"image":{"@id":"https:\/\/www.strassenweb.de\/nachrichten\/#\/schema\/logo\/image\/"},"sameAs":["https:\/\/www.facebook.com\/strassenweb\/"]},{"@type":"Person","@id":"https:\/\/www.strassenweb.de\/nachrichten\/#\/schema\/person\/87c9c9067f1211da429a744dc5a5aa41","name":"Robert Hoffmann","image":{"@type":"ImageObject","inLanguage":"de","@id":"https:\/\/www.strassenweb.de\/nachrichten\/wp-content\/uploads\/2024\/09\/strassenweb-150x150.jpg","url":"https:\/\/www.strassenweb.de\/nachrichten\/wp-content\/uploads\/2024\/09\/strassenweb-150x150.jpg","contentUrl":"https:\/\/www.strassenweb.de\/nachrichten\/wp-content\/uploads\/2024\/09\/strassenweb-150x150.jpg","caption":"Robert Hoffmann"},"description":"Ich hei\u00dfe Robert Hoffmann und ich bin ein leidenschaftlicher Verfechter von \u00d6kologie und Biodiversit\u00e4t. Seit meiner Kindheit in den W\u00e4ldern Bayerns f\u00fchle ich mich mit der Natur verbunden und bin entschlossen, sie zu sch\u00fctzen. Heute widme ich mein Leben der Sensibilisierung anderer f\u00fcr die Bedeutung des Umweltschutzes f\u00fcr zuk\u00fcnftige Generationen.","sameAs":["https:\/\/www.strassenweb.de\/"]}]}},"_links":{"self":[{"href":"https:\/\/www.strassenweb.de\/nachrichten\/wp-json\/wp\/v2\/posts\/1786","targetHints":{"allow":["GET"]}}],"collection":[{"href":"https:\/\/www.strassenweb.de\/nachrichten\/wp-json\/wp\/v2\/posts"}],"about":[{"href":"https:\/\/www.strassenweb.de\/nachrichten\/wp-json\/wp\/v2\/types\/post"}],"author":[{"embeddable":true,"href":"https:\/\/www.strassenweb.de\/nachrichten\/wp-json\/wp\/v2\/users\/1"}],"replies":[{"embeddable":true,"href":"https:\/\/www.strassenweb.de\/nachrichten\/wp-json\/wp\/v2\/comments?post=1786"}],"version-history":[{"count":0,"href":"https:\/\/www.strassenweb.de\/nachrichten\/wp-json\/wp\/v2\/posts\/1786\/revisions"}],"wp:featuredmedia":[{"embeddable":true,"href":"https:\/\/www.strassenweb.de\/nachrichten\/wp-json\/wp\/v2\/media\/1787"}],"wp:attachment":[{"href":"https:\/\/www.strassenweb.de\/nachrichten\/wp-json\/wp\/v2\/media?parent=1786"}],"wp:term":[{"taxonomy":"category","embeddable":true,"href":"https:\/\/www.strassenweb.de\/nachrichten\/wp-json\/wp\/v2\/categories?post=1786"},{"taxonomy":"post_tag","embeddable":true,"href":"https:\/\/www.strassenweb.de\/nachrichten\/wp-json\/wp\/v2\/tags?post=1786"}],"curies":[{"name":"wp","href":"https:\/\/api.w.org\/{rel}","templated":true}]}}