{"id":1755,"date":"2024-11-25T09:43:05","date_gmt":"2024-11-25T08:43:05","guid":{"rendered":"https:\/\/www.strassenweb.de\/nachrichten\/kris-jenner-nutzt-diese-kultige-eismaschine-fuer-ihre-gaeste-sie-ist-derzeit-zu-einem-der-niedrigsten-preise-erhaeltlich-die-wir-je-gesehen-haben\/"},"modified":"2024-11-25T09:43:06","modified_gmt":"2024-11-25T08:43:06","slug":"kris-jenner-nutzt-diese-kultige-eismaschine-fuer-ihre-gaeste-sie-ist-derzeit-zu-einem-der-niedrigsten-preise-erhaeltlich-die-wir-je-gesehen-haben","status":"publish","type":"post","link":"https:\/\/www.strassenweb.de\/nachrichten\/kris-jenner-nutzt-diese-kultige-eismaschine-fuer-ihre-gaeste-sie-ist-derzeit-zu-einem-der-niedrigsten-preise-erhaeltlich-die-wir-je-gesehen-haben\/","title":{"rendered":"Kris Jenner nutzt diese kultige Eismaschine f\u00fcr ihre G\u00e4ste \u2013 sie ist derzeit zu einem der niedrigsten Preise erh\u00e4ltlich, die wir je gesehen haben"},"content":{"rendered":"<p><\/p>\n<div id=\"article-body\" class=\"article__body \">\n<p>Wir glauben, dass Eis das ganze Jahr \u00fcber genossen werden kann und sollte; In den k\u00e4lteren Monaten ist der Gedanke, das Haus zu verlassen, um sich ein Eis zu holen, jedoch wenig verlockend. Hier kommen die Eismacher ins Spiel \u2013 und es scheint, dass die ber\u00fchmteste Familie Kaliforniens ihre Kr\u00e4fte bereits nicht fremd ist.<\/p>\n<div id=\"ad-unit-1\" class=\"ad-unit\"><\/div>\n<p>Kris Jenner, die Prominente und Kardashian-\u201eMama\u201c, ist ein Fan eines bestimmten Modells: der Ninja CREAMi, einer Eismaschine (erh\u00e4ltlich \u00fcber Walmart), die auch Milchshakes, Sorbets und mehr zubereitet. Es ist eines der <u>beste Eismaschinen<\/u> derzeit verf\u00fcgbar, daher ist es nicht verwunderlich, dass es seinen Weg in Jenners K\u00fcche gefunden hat.<\/p>\n<aside class=\"hawk-nest\" data-block-type=\"embed\" data-render-type=\"fte\" data-skip=\"dealsy\" data-widget-type=\"seasonal\">\n<div class=\"hawk-master-widget-hawk-base-wrapper\"><\/div>\n<\/aside>\n<p>\u201eLernen Sie meine neue Obsession kennen, vor allem w\u00e4hrend wir uns den Feiertagen n\u00e4hern, mache ich jede Menge Unterhaltung\u201c, erkl\u00e4rt Jenner in einem Clip, der auf ihrer Instagram-Seite gepostet wurde. \u201eMan kann fast alles in Eis verwandeln, von gesunden Fruchtsorbets bis hin zu dekadentem Eis.\u201c Sie k\u00f6nnen es mit S\u00fc\u00dfigkeiten- oder Nussmischungen Ihrer Wahl personalisieren, wie zum Beispiel diesen Schokoladenmischungen. \u201eIch habe mit dem Ninja-Team zusammengearbeitet, um eine individuelle Lieblingssorte zu entwickeln \u2013 Kaffee mit schokoladigem Crunch.\u201c<\/p>\n<div id=\"desktop-in-article\" class=\"in-article ad-unit\">\n<div id=\"desktop-taboola-mid-article\"><\/div>\n<\/div>\n<div id=\"mobile-in-article\" class=\"in-article ad-unit\">\n<div id=\"mobile-taboola-mid-article\"><\/div>\n<\/div>\n<div class=\"instagram-embed\">\n<blockquote class=\"instagram-media\" data-instgrm-captioned data-instgrm-version=\"6\" style=\"width:99.375%; width:-webkit-calc(100% - 2px); width:calc(100% - 2px);\">\n<p>Ein von Kris Jenner (@krisjenner) geteilter Beitrag<\/p>\n<p>Ein Foto gepostet von am <\/p>\n<\/blockquote>\n<\/div>\n<p>Die Maschine ist hochgradig anpassbar, sodass Benutzer eine gefrorene Basis ausw\u00e4hlen und diese dann in etwas Cremiges verwandeln k\u00f6nnen, egal ob s\u00fc\u00df oder herzhaft.<\/p>\n<div class=\"van_vid_carousel\">\n<div class=\"van_vid_carousel__padding\">\n<div class=\"van_vid_carousel__container\"><\/div>\n<\/div>\n<\/div>\n<p>Nachdem Sie Ihre Basis 24 Stunden lang eingefroren haben, schl\u00e4gt der CREAMi sie zu einem weichen und l\u00f6ffelbaren Leckerbissen auf. Das schlanke Design, die kompakte Gr\u00f6\u00dfe und der benutzerfreundliche Touchscreen der Maschine sind neben den k\u00f6stlichen Kreationen, die sie zubereiten kann, allesamt Verkaufsargumente. Kein Wunder also, dass unsere hauseigene Testerin dem Ninja Creami Deluxe in ihrer Bewertung viereinhalb Sterne gab. \u201eDie Creamimade hat das perfekte Vanilleeis gemacht.\u201c Es war leicht, kalt, frisch und glatt. Es gab keine K\u00f6rnigkeit oder Eiskristalle. \u201eEs war ein voller Erfolg\u201c, sagt sie.<\/p>\n<div id=\"ad-unit-2\" class=\"ad-unit\"><\/div>\n<p>Bei einem so niedrigen Preis und mit Empfehlungen von Jenner (und unserem Rezensenten) sind wir vom Ninja CREAMi \u00fcberzeugt. Es macht jedoch wenig Sinn, eine Eismaschine ohne stilvolle Accessoires zu haben, um das Erlebnis noch besser zu machen (besonders in dieser Gastgebersaison).<\/p>\n<div class=\"product-container hero-product-container product-block-no-wrap\"><\/div>\n<div id=\"slice-container-newsletterForm-articleInbodyContent-3gCt49qdDh3rdKqcB5qKG3\" class=\"slice-container newsletter-inbodyContent-slice newsletterForm-articleInbodyContent-3gCt49qdDh3rdKqcB5qKG3 slice-container-newsletterForm\"><\/div>\n<\/div>\n<p><script async src=\"\/\/www.instagram.com\/embed.js\"><\/script><\/p>\n","protected":false},"excerpt":{"rendered":"<p>Wir glauben, dass Eis das ganze Jahr \u00fcber genossen werden kann und sollte; In den k\u00e4lteren Monaten ist der Gedanke, das Haus zu verlassen, um<\/p>\n","protected":false},"author":1,"featured_media":1756,"comment_status":"closed","ping_status":"","sticky":false,"template":"","format":"standard","meta":{"footnotes":""},"categories":[118],"tags":[81,1473,9,143,22,3167,2759,55,3158,1905,469,225,15,2927,2926,3166,3168,621,3085,165,411],"class_list":["post-1755","post","type-post","status-publish","format-standard","has-post-thumbnail","hentry","category-haus-garten","tag-der","tag-derzeit","tag-die","tag-diese","tag-einem","tag-eismaschine","tag-erhaeltlich","tag-fuer","tag-gaeste","tag-gesehen","tag-haben","tag-ihre","tag-ist","tag-jenner","tag-kris","tag-kultige","tag-niedrigsten","tag-nutzt","tag-preise","tag-sie","tag-wir","generate-columns","tablet-grid-50","mobile-grid-100","grid-parent","grid-50"],"yoast_head":"<!-- This site is optimized with the Yoast SEO plugin v27.3 - https:\/\/yoast.com\/product\/yoast-seo-wordpress\/ -->\n<title>Kris Jenner nutzt diese kultige Eismaschine f\u00fcr ihre G\u00e4ste \u2013 sie ist derzeit zu einem der niedrigsten Preise erh\u00e4ltlich, die wir je gesehen haben - Nachrichten - Stra\u00dfenweb<\/title>\n<meta name=\"robots\" content=\"index, follow, max-snippet:-1, max-image-preview:large, max-video-preview:-1\" \/>\n<link rel=\"canonical\" href=\"https:\/\/www.strassenweb.de\/nachrichten\/kris-jenner-nutzt-diese-kultige-eismaschine-fuer-ihre-gaeste-sie-ist-derzeit-zu-einem-der-niedrigsten-preise-erhaeltlich-die-wir-je-gesehen-haben\/\" \/>\n<meta property=\"og:locale\" content=\"de_DE\" \/>\n<meta property=\"og:type\" content=\"article\" \/>\n<meta property=\"og:title\" content=\"Kris Jenner nutzt diese kultige Eismaschine f\u00fcr ihre G\u00e4ste \u2013 sie ist derzeit zu einem der niedrigsten Preise erh\u00e4ltlich, die wir je gesehen haben - Nachrichten - Stra\u00dfenweb\" \/>\n<meta property=\"og:description\" content=\"Wir glauben, dass Eis das ganze Jahr \u00fcber genossen werden kann und sollte; In den k\u00e4lteren Monaten ist der Gedanke, das Haus zu verlassen, um\" \/>\n<meta property=\"og:url\" content=\"https:\/\/www.strassenweb.de\/nachrichten\/kris-jenner-nutzt-diese-kultige-eismaschine-fuer-ihre-gaeste-sie-ist-derzeit-zu-einem-der-niedrigsten-preise-erhaeltlich-die-wir-je-gesehen-haben\/\" \/>\n<meta property=\"og:site_name\" content=\"Stra\u00dfenweb\" \/>\n<meta property=\"article:publisher\" content=\"https:\/\/www.facebook.com\/strassenweb\/\" \/>\n<meta property=\"article:published_time\" content=\"2024-11-25T08:43:05+00:00\" \/>\n<meta property=\"article:modified_time\" content=\"2024-11-25T08:43:06+00:00\" \/>\n<meta property=\"og:image\" content=\"https:\/\/www.strassenweb.de\/nachrichten\/wp-content\/uploads\/2024\/11\/Kris-Jenner-nutzt-diese-kultige-Eismaschine-fuer-ihre-Gaeste-\u2013.jpg\" \/>\n\t<meta property=\"og:image:width\" content=\"1200\" \/>\n\t<meta property=\"og:image:height\" content=\"675\" \/>\n\t<meta property=\"og:image:type\" content=\"image\/jpeg\" \/>\n<meta name=\"author\" content=\"Robert Hoffmann\" \/>\n<meta name=\"twitter:card\" content=\"summary_large_image\" \/>\n<meta name=\"twitter:label1\" content=\"Verfasst von\" \/>\n\t<meta name=\"twitter:data1\" content=\"Robert Hoffmann\" \/>\n\t<meta name=\"twitter:label2\" content=\"Gesch\u00e4tzte Lesezeit\" \/>\n\t<meta name=\"twitter:data2\" content=\"2\u00a0Minuten\" \/>\n<script type=\"application\/ld+json\" class=\"yoast-schema-graph\">{\"@context\":\"https:\\\/\\\/schema.org\",\"@graph\":[{\"@type\":\"Article\",\"@id\":\"https:\\\/\\\/www.strassenweb.de\\\/nachrichten\\\/kris-jenner-nutzt-diese-kultige-eismaschine-fuer-ihre-gaeste-sie-ist-derzeit-zu-einem-der-niedrigsten-preise-erhaeltlich-die-wir-je-gesehen-haben\\\/#article\",\"isPartOf\":{\"@id\":\"https:\\\/\\\/www.strassenweb.de\\\/nachrichten\\\/kris-jenner-nutzt-diese-kultige-eismaschine-fuer-ihre-gaeste-sie-ist-derzeit-zu-einem-der-niedrigsten-preise-erhaeltlich-die-wir-je-gesehen-haben\\\/\"},\"author\":{\"name\":\"Robert Hoffmann\",\"@id\":\"https:\\\/\\\/www.strassenweb.de\\\/nachrichten\\\/#\\\/schema\\\/person\\\/87c9c9067f1211da429a744dc5a5aa41\"},\"headline\":\"Kris Jenner nutzt diese kultige Eismaschine f\u00fcr ihre G\u00e4ste \u2013 sie ist derzeit zu einem der niedrigsten Preise erh\u00e4ltlich, die wir je gesehen haben\",\"datePublished\":\"2024-11-25T08:43:05+00:00\",\"dateModified\":\"2024-11-25T08:43:06+00:00\",\"mainEntityOfPage\":{\"@id\":\"https:\\\/\\\/www.strassenweb.de\\\/nachrichten\\\/kris-jenner-nutzt-diese-kultige-eismaschine-fuer-ihre-gaeste-sie-ist-derzeit-zu-einem-der-niedrigsten-preise-erhaeltlich-die-wir-je-gesehen-haben\\\/\"},\"wordCount\":387,\"publisher\":{\"@id\":\"https:\\\/\\\/www.strassenweb.de\\\/nachrichten\\\/#organization\"},\"image\":{\"@id\":\"https:\\\/\\\/www.strassenweb.de\\\/nachrichten\\\/kris-jenner-nutzt-diese-kultige-eismaschine-fuer-ihre-gaeste-sie-ist-derzeit-zu-einem-der-niedrigsten-preise-erhaeltlich-die-wir-je-gesehen-haben\\\/#primaryimage\"},\"thumbnailUrl\":\"https:\\\/\\\/www.strassenweb.de\\\/nachrichten\\\/wp-content\\\/uploads\\\/2024\\\/11\\\/Kris-Jenner-nutzt-diese-kultige-Eismaschine-fuer-ihre-Gaeste-\u2013.jpg\",\"keywords\":[\"der\",\"derzeit\",\"die\",\"diese\",\"einem\",\"Eismaschine\",\"erh\u00e4ltlich\",\"f\u00fcr\",\"G\u00e4ste\",\"gesehen\",\"haben\",\"ihre\",\"ist\",\"Jenner\",\"Kris\",\"kultige\",\"niedrigsten\",\"nutzt\",\"Preise\",\"Sie\",\"wir\"],\"articleSection\":[\"Haus &amp; Garten\"],\"inLanguage\":\"de\"},{\"@type\":\"WebPage\",\"@id\":\"https:\\\/\\\/www.strassenweb.de\\\/nachrichten\\\/kris-jenner-nutzt-diese-kultige-eismaschine-fuer-ihre-gaeste-sie-ist-derzeit-zu-einem-der-niedrigsten-preise-erhaeltlich-die-wir-je-gesehen-haben\\\/\",\"url\":\"https:\\\/\\\/www.strassenweb.de\\\/nachrichten\\\/kris-jenner-nutzt-diese-kultige-eismaschine-fuer-ihre-gaeste-sie-ist-derzeit-zu-einem-der-niedrigsten-preise-erhaeltlich-die-wir-je-gesehen-haben\\\/\",\"name\":\"Kris Jenner nutzt diese kultige Eismaschine f\u00fcr ihre G\u00e4ste \u2013 sie ist derzeit zu einem der niedrigsten Preise erh\u00e4ltlich, die wir je gesehen haben - Nachrichten - Stra\u00dfenweb\",\"isPartOf\":{\"@id\":\"https:\\\/\\\/www.strassenweb.de\\\/nachrichten\\\/#website\"},\"primaryImageOfPage\":{\"@id\":\"https:\\\/\\\/www.strassenweb.de\\\/nachrichten\\\/kris-jenner-nutzt-diese-kultige-eismaschine-fuer-ihre-gaeste-sie-ist-derzeit-zu-einem-der-niedrigsten-preise-erhaeltlich-die-wir-je-gesehen-haben\\\/#primaryimage\"},\"image\":{\"@id\":\"https:\\\/\\\/www.strassenweb.de\\\/nachrichten\\\/kris-jenner-nutzt-diese-kultige-eismaschine-fuer-ihre-gaeste-sie-ist-derzeit-zu-einem-der-niedrigsten-preise-erhaeltlich-die-wir-je-gesehen-haben\\\/#primaryimage\"},\"thumbnailUrl\":\"https:\\\/\\\/www.strassenweb.de\\\/nachrichten\\\/wp-content\\\/uploads\\\/2024\\\/11\\\/Kris-Jenner-nutzt-diese-kultige-Eismaschine-fuer-ihre-Gaeste-\u2013.jpg\",\"datePublished\":\"2024-11-25T08:43:05+00:00\",\"dateModified\":\"2024-11-25T08:43:06+00:00\",\"breadcrumb\":{\"@id\":\"https:\\\/\\\/www.strassenweb.de\\\/nachrichten\\\/kris-jenner-nutzt-diese-kultige-eismaschine-fuer-ihre-gaeste-sie-ist-derzeit-zu-einem-der-niedrigsten-preise-erhaeltlich-die-wir-je-gesehen-haben\\\/#breadcrumb\"},\"inLanguage\":\"de\",\"potentialAction\":[{\"@type\":\"ReadAction\",\"target\":[\"https:\\\/\\\/www.strassenweb.de\\\/nachrichten\\\/kris-jenner-nutzt-diese-kultige-eismaschine-fuer-ihre-gaeste-sie-ist-derzeit-zu-einem-der-niedrigsten-preise-erhaeltlich-die-wir-je-gesehen-haben\\\/\"]}]},{\"@type\":\"ImageObject\",\"inLanguage\":\"de\",\"@id\":\"https:\\\/\\\/www.strassenweb.de\\\/nachrichten\\\/kris-jenner-nutzt-diese-kultige-eismaschine-fuer-ihre-gaeste-sie-ist-derzeit-zu-einem-der-niedrigsten-preise-erhaeltlich-die-wir-je-gesehen-haben\\\/#primaryimage\",\"url\":\"https:\\\/\\\/www.strassenweb.de\\\/nachrichten\\\/wp-content\\\/uploads\\\/2024\\\/11\\\/Kris-Jenner-nutzt-diese-kultige-Eismaschine-fuer-ihre-Gaeste-\u2013.jpg\",\"contentUrl\":\"https:\\\/\\\/www.strassenweb.de\\\/nachrichten\\\/wp-content\\\/uploads\\\/2024\\\/11\\\/Kris-Jenner-nutzt-diese-kultige-Eismaschine-fuer-ihre-Gaeste-\u2013.jpg\",\"width\":1200,\"height\":675,\"caption\":\"Kris Jenner nutzt diese kultige Eismaschine f\u00fcr ihre G\u00e4ste \u2013 sie ist derzeit zu einem der niedrigsten Preise erh\u00e4ltlich, die wir je gesehen haben\"},{\"@type\":\"BreadcrumbList\",\"@id\":\"https:\\\/\\\/www.strassenweb.de\\\/nachrichten\\\/kris-jenner-nutzt-diese-kultige-eismaschine-fuer-ihre-gaeste-sie-ist-derzeit-zu-einem-der-niedrigsten-preise-erhaeltlich-die-wir-je-gesehen-haben\\\/#breadcrumb\",\"itemListElement\":[{\"@type\":\"ListItem\",\"position\":1,\"name\":\"Home\",\"item\":\"https:\\\/\\\/www.strassenweb.de\\\/nachrichten\\\/\"},{\"@type\":\"ListItem\",\"position\":2,\"name\":\"Kris Jenner nutzt diese kultige Eismaschine f\u00fcr ihre G\u00e4ste \u2013 sie ist derzeit zu einem der niedrigsten Preise erh\u00e4ltlich, die wir je gesehen haben\"}]},{\"@type\":\"WebSite\",\"@id\":\"https:\\\/\\\/www.strassenweb.de\\\/nachrichten\\\/#website\",\"url\":\"https:\\\/\\\/www.strassenweb.de\\\/nachrichten\\\/\",\"name\":\"Stra\u00dfenweb\",\"description\":\"Stra\u00dfenverzeichnis f\u00fcr Deutschland\",\"publisher\":{\"@id\":\"https:\\\/\\\/www.strassenweb.de\\\/nachrichten\\\/#organization\"},\"potentialAction\":[{\"@type\":\"SearchAction\",\"target\":{\"@type\":\"EntryPoint\",\"urlTemplate\":\"https:\\\/\\\/www.strassenweb.de\\\/nachrichten\\\/?s={search_term_string}\"},\"query-input\":{\"@type\":\"PropertyValueSpecification\",\"valueRequired\":true,\"valueName\":\"search_term_string\"}}],\"inLanguage\":\"de\"},{\"@type\":\"Organization\",\"@id\":\"https:\\\/\\\/www.strassenweb.de\\\/nachrichten\\\/#organization\",\"name\":\"Stra\u00dfenweb\",\"url\":\"https:\\\/\\\/www.strassenweb.de\\\/nachrichten\\\/\",\"logo\":{\"@type\":\"ImageObject\",\"inLanguage\":\"de\",\"@id\":\"https:\\\/\\\/www.strassenweb.de\\\/nachrichten\\\/#\\\/schema\\\/logo\\\/image\\\/\",\"url\":\"https:\\\/\\\/www.strassenweb.de\\\/nachrichten\\\/wp-content\\\/uploads\\\/2024\\\/09\\\/cropped-favicon.png\",\"contentUrl\":\"https:\\\/\\\/www.strassenweb.de\\\/nachrichten\\\/wp-content\\\/uploads\\\/2024\\\/09\\\/cropped-favicon.png\",\"width\":512,\"height\":512,\"caption\":\"Stra\u00dfenweb\"},\"image\":{\"@id\":\"https:\\\/\\\/www.strassenweb.de\\\/nachrichten\\\/#\\\/schema\\\/logo\\\/image\\\/\"},\"sameAs\":[\"https:\\\/\\\/www.facebook.com\\\/strassenweb\\\/\"]},{\"@type\":\"Person\",\"@id\":\"https:\\\/\\\/www.strassenweb.de\\\/nachrichten\\\/#\\\/schema\\\/person\\\/87c9c9067f1211da429a744dc5a5aa41\",\"name\":\"Robert Hoffmann\",\"image\":{\"@type\":\"ImageObject\",\"inLanguage\":\"de\",\"@id\":\"https:\\\/\\\/www.strassenweb.de\\\/nachrichten\\\/wp-content\\\/uploads\\\/2024\\\/09\\\/strassenweb-150x150.jpg\",\"url\":\"https:\\\/\\\/www.strassenweb.de\\\/nachrichten\\\/wp-content\\\/uploads\\\/2024\\\/09\\\/strassenweb-150x150.jpg\",\"contentUrl\":\"https:\\\/\\\/www.strassenweb.de\\\/nachrichten\\\/wp-content\\\/uploads\\\/2024\\\/09\\\/strassenweb-150x150.jpg\",\"caption\":\"Robert Hoffmann\"},\"description\":\"Ich hei\u00dfe Robert Hoffmann und ich bin ein leidenschaftlicher Verfechter von \u00d6kologie und Biodiversit\u00e4t. Seit meiner Kindheit in den W\u00e4ldern Bayerns f\u00fchle ich mich mit der Natur verbunden und bin entschlossen, sie zu sch\u00fctzen. Heute widme ich mein Leben der Sensibilisierung anderer f\u00fcr die Bedeutung des Umweltschutzes f\u00fcr zuk\u00fcnftige Generationen.\",\"sameAs\":[\"https:\\\/\\\/www.strassenweb.de\\\/\"]}]}<\/script>\n<!-- \/ Yoast SEO plugin. -->","yoast_head_json":{"title":"Kris Jenner nutzt diese kultige Eismaschine f\u00fcr ihre G\u00e4ste \u2013 sie ist derzeit zu einem der niedrigsten Preise erh\u00e4ltlich, die wir je gesehen haben - Nachrichten - Stra\u00dfenweb","robots":{"index":"index","follow":"follow","max-snippet":"max-snippet:-1","max-image-preview":"max-image-preview:large","max-video-preview":"max-video-preview:-1"},"canonical":"https:\/\/www.strassenweb.de\/nachrichten\/kris-jenner-nutzt-diese-kultige-eismaschine-fuer-ihre-gaeste-sie-ist-derzeit-zu-einem-der-niedrigsten-preise-erhaeltlich-die-wir-je-gesehen-haben\/","og_locale":"de_DE","og_type":"article","og_title":"Kris Jenner nutzt diese kultige Eismaschine f\u00fcr ihre G\u00e4ste \u2013 sie ist derzeit zu einem der niedrigsten Preise erh\u00e4ltlich, die wir je gesehen haben - Nachrichten - Stra\u00dfenweb","og_description":"Wir glauben, dass Eis das ganze Jahr \u00fcber genossen werden kann und sollte; In den k\u00e4lteren Monaten ist der Gedanke, das Haus zu verlassen, um","og_url":"https:\/\/www.strassenweb.de\/nachrichten\/kris-jenner-nutzt-diese-kultige-eismaschine-fuer-ihre-gaeste-sie-ist-derzeit-zu-einem-der-niedrigsten-preise-erhaeltlich-die-wir-je-gesehen-haben\/","og_site_name":"Stra\u00dfenweb","article_publisher":"https:\/\/www.facebook.com\/strassenweb\/","article_published_time":"2024-11-25T08:43:05+00:00","article_modified_time":"2024-11-25T08:43:06+00:00","og_image":[{"width":1200,"height":675,"url":"https:\/\/www.strassenweb.de\/nachrichten\/wp-content\/uploads\/2024\/11\/Kris-Jenner-nutzt-diese-kultige-Eismaschine-fuer-ihre-Gaeste-\u2013.jpg","type":"image\/jpeg"}],"author":"Robert Hoffmann","twitter_card":"summary_large_image","twitter_misc":{"Verfasst von":"Robert Hoffmann","Gesch\u00e4tzte Lesezeit":"2\u00a0Minuten"},"schema":{"@context":"https:\/\/schema.org","@graph":[{"@type":"Article","@id":"https:\/\/www.strassenweb.de\/nachrichten\/kris-jenner-nutzt-diese-kultige-eismaschine-fuer-ihre-gaeste-sie-ist-derzeit-zu-einem-der-niedrigsten-preise-erhaeltlich-die-wir-je-gesehen-haben\/#article","isPartOf":{"@id":"https:\/\/www.strassenweb.de\/nachrichten\/kris-jenner-nutzt-diese-kultige-eismaschine-fuer-ihre-gaeste-sie-ist-derzeit-zu-einem-der-niedrigsten-preise-erhaeltlich-die-wir-je-gesehen-haben\/"},"author":{"name":"Robert Hoffmann","@id":"https:\/\/www.strassenweb.de\/nachrichten\/#\/schema\/person\/87c9c9067f1211da429a744dc5a5aa41"},"headline":"Kris Jenner nutzt diese kultige Eismaschine f\u00fcr ihre G\u00e4ste \u2013 sie ist derzeit zu einem der niedrigsten Preise erh\u00e4ltlich, die wir je gesehen haben","datePublished":"2024-11-25T08:43:05+00:00","dateModified":"2024-11-25T08:43:06+00:00","mainEntityOfPage":{"@id":"https:\/\/www.strassenweb.de\/nachrichten\/kris-jenner-nutzt-diese-kultige-eismaschine-fuer-ihre-gaeste-sie-ist-derzeit-zu-einem-der-niedrigsten-preise-erhaeltlich-die-wir-je-gesehen-haben\/"},"wordCount":387,"publisher":{"@id":"https:\/\/www.strassenweb.de\/nachrichten\/#organization"},"image":{"@id":"https:\/\/www.strassenweb.de\/nachrichten\/kris-jenner-nutzt-diese-kultige-eismaschine-fuer-ihre-gaeste-sie-ist-derzeit-zu-einem-der-niedrigsten-preise-erhaeltlich-die-wir-je-gesehen-haben\/#primaryimage"},"thumbnailUrl":"https:\/\/www.strassenweb.de\/nachrichten\/wp-content\/uploads\/2024\/11\/Kris-Jenner-nutzt-diese-kultige-Eismaschine-fuer-ihre-Gaeste-\u2013.jpg","keywords":["der","derzeit","die","diese","einem","Eismaschine","erh\u00e4ltlich","f\u00fcr","G\u00e4ste","gesehen","haben","ihre","ist","Jenner","Kris","kultige","niedrigsten","nutzt","Preise","Sie","wir"],"articleSection":["Haus &amp; Garten"],"inLanguage":"de"},{"@type":"WebPage","@id":"https:\/\/www.strassenweb.de\/nachrichten\/kris-jenner-nutzt-diese-kultige-eismaschine-fuer-ihre-gaeste-sie-ist-derzeit-zu-einem-der-niedrigsten-preise-erhaeltlich-die-wir-je-gesehen-haben\/","url":"https:\/\/www.strassenweb.de\/nachrichten\/kris-jenner-nutzt-diese-kultige-eismaschine-fuer-ihre-gaeste-sie-ist-derzeit-zu-einem-der-niedrigsten-preise-erhaeltlich-die-wir-je-gesehen-haben\/","name":"Kris Jenner nutzt diese kultige Eismaschine f\u00fcr ihre G\u00e4ste \u2013 sie ist derzeit zu einem der niedrigsten Preise erh\u00e4ltlich, die wir je gesehen haben - Nachrichten - Stra\u00dfenweb","isPartOf":{"@id":"https:\/\/www.strassenweb.de\/nachrichten\/#website"},"primaryImageOfPage":{"@id":"https:\/\/www.strassenweb.de\/nachrichten\/kris-jenner-nutzt-diese-kultige-eismaschine-fuer-ihre-gaeste-sie-ist-derzeit-zu-einem-der-niedrigsten-preise-erhaeltlich-die-wir-je-gesehen-haben\/#primaryimage"},"image":{"@id":"https:\/\/www.strassenweb.de\/nachrichten\/kris-jenner-nutzt-diese-kultige-eismaschine-fuer-ihre-gaeste-sie-ist-derzeit-zu-einem-der-niedrigsten-preise-erhaeltlich-die-wir-je-gesehen-haben\/#primaryimage"},"thumbnailUrl":"https:\/\/www.strassenweb.de\/nachrichten\/wp-content\/uploads\/2024\/11\/Kris-Jenner-nutzt-diese-kultige-Eismaschine-fuer-ihre-Gaeste-\u2013.jpg","datePublished":"2024-11-25T08:43:05+00:00","dateModified":"2024-11-25T08:43:06+00:00","breadcrumb":{"@id":"https:\/\/www.strassenweb.de\/nachrichten\/kris-jenner-nutzt-diese-kultige-eismaschine-fuer-ihre-gaeste-sie-ist-derzeit-zu-einem-der-niedrigsten-preise-erhaeltlich-die-wir-je-gesehen-haben\/#breadcrumb"},"inLanguage":"de","potentialAction":[{"@type":"ReadAction","target":["https:\/\/www.strassenweb.de\/nachrichten\/kris-jenner-nutzt-diese-kultige-eismaschine-fuer-ihre-gaeste-sie-ist-derzeit-zu-einem-der-niedrigsten-preise-erhaeltlich-die-wir-je-gesehen-haben\/"]}]},{"@type":"ImageObject","inLanguage":"de","@id":"https:\/\/www.strassenweb.de\/nachrichten\/kris-jenner-nutzt-diese-kultige-eismaschine-fuer-ihre-gaeste-sie-ist-derzeit-zu-einem-der-niedrigsten-preise-erhaeltlich-die-wir-je-gesehen-haben\/#primaryimage","url":"https:\/\/www.strassenweb.de\/nachrichten\/wp-content\/uploads\/2024\/11\/Kris-Jenner-nutzt-diese-kultige-Eismaschine-fuer-ihre-Gaeste-\u2013.jpg","contentUrl":"https:\/\/www.strassenweb.de\/nachrichten\/wp-content\/uploads\/2024\/11\/Kris-Jenner-nutzt-diese-kultige-Eismaschine-fuer-ihre-Gaeste-\u2013.jpg","width":1200,"height":675,"caption":"Kris Jenner nutzt diese kultige Eismaschine f\u00fcr ihre G\u00e4ste \u2013 sie ist derzeit zu einem der niedrigsten Preise erh\u00e4ltlich, die wir je gesehen haben"},{"@type":"BreadcrumbList","@id":"https:\/\/www.strassenweb.de\/nachrichten\/kris-jenner-nutzt-diese-kultige-eismaschine-fuer-ihre-gaeste-sie-ist-derzeit-zu-einem-der-niedrigsten-preise-erhaeltlich-die-wir-je-gesehen-haben\/#breadcrumb","itemListElement":[{"@type":"ListItem","position":1,"name":"Home","item":"https:\/\/www.strassenweb.de\/nachrichten\/"},{"@type":"ListItem","position":2,"name":"Kris Jenner nutzt diese kultige Eismaschine f\u00fcr ihre G\u00e4ste \u2013 sie ist derzeit zu einem der niedrigsten Preise erh\u00e4ltlich, die wir je gesehen haben"}]},{"@type":"WebSite","@id":"https:\/\/www.strassenweb.de\/nachrichten\/#website","url":"https:\/\/www.strassenweb.de\/nachrichten\/","name":"Stra\u00dfenweb","description":"Stra\u00dfenverzeichnis f\u00fcr Deutschland","publisher":{"@id":"https:\/\/www.strassenweb.de\/nachrichten\/#organization"},"potentialAction":[{"@type":"SearchAction","target":{"@type":"EntryPoint","urlTemplate":"https:\/\/www.strassenweb.de\/nachrichten\/?s={search_term_string}"},"query-input":{"@type":"PropertyValueSpecification","valueRequired":true,"valueName":"search_term_string"}}],"inLanguage":"de"},{"@type":"Organization","@id":"https:\/\/www.strassenweb.de\/nachrichten\/#organization","name":"Stra\u00dfenweb","url":"https:\/\/www.strassenweb.de\/nachrichten\/","logo":{"@type":"ImageObject","inLanguage":"de","@id":"https:\/\/www.strassenweb.de\/nachrichten\/#\/schema\/logo\/image\/","url":"https:\/\/www.strassenweb.de\/nachrichten\/wp-content\/uploads\/2024\/09\/cropped-favicon.png","contentUrl":"https:\/\/www.strassenweb.de\/nachrichten\/wp-content\/uploads\/2024\/09\/cropped-favicon.png","width":512,"height":512,"caption":"Stra\u00dfenweb"},"image":{"@id":"https:\/\/www.strassenweb.de\/nachrichten\/#\/schema\/logo\/image\/"},"sameAs":["https:\/\/www.facebook.com\/strassenweb\/"]},{"@type":"Person","@id":"https:\/\/www.strassenweb.de\/nachrichten\/#\/schema\/person\/87c9c9067f1211da429a744dc5a5aa41","name":"Robert Hoffmann","image":{"@type":"ImageObject","inLanguage":"de","@id":"https:\/\/www.strassenweb.de\/nachrichten\/wp-content\/uploads\/2024\/09\/strassenweb-150x150.jpg","url":"https:\/\/www.strassenweb.de\/nachrichten\/wp-content\/uploads\/2024\/09\/strassenweb-150x150.jpg","contentUrl":"https:\/\/www.strassenweb.de\/nachrichten\/wp-content\/uploads\/2024\/09\/strassenweb-150x150.jpg","caption":"Robert Hoffmann"},"description":"Ich hei\u00dfe Robert Hoffmann und ich bin ein leidenschaftlicher Verfechter von \u00d6kologie und Biodiversit\u00e4t. Seit meiner Kindheit in den W\u00e4ldern Bayerns f\u00fchle ich mich mit der Natur verbunden und bin entschlossen, sie zu sch\u00fctzen. Heute widme ich mein Leben der Sensibilisierung anderer f\u00fcr die Bedeutung des Umweltschutzes f\u00fcr zuk\u00fcnftige Generationen.","sameAs":["https:\/\/www.strassenweb.de\/"]}]}},"_links":{"self":[{"href":"https:\/\/www.strassenweb.de\/nachrichten\/wp-json\/wp\/v2\/posts\/1755","targetHints":{"allow":["GET"]}}],"collection":[{"href":"https:\/\/www.strassenweb.de\/nachrichten\/wp-json\/wp\/v2\/posts"}],"about":[{"href":"https:\/\/www.strassenweb.de\/nachrichten\/wp-json\/wp\/v2\/types\/post"}],"author":[{"embeddable":true,"href":"https:\/\/www.strassenweb.de\/nachrichten\/wp-json\/wp\/v2\/users\/1"}],"replies":[{"embeddable":true,"href":"https:\/\/www.strassenweb.de\/nachrichten\/wp-json\/wp\/v2\/comments?post=1755"}],"version-history":[{"count":0,"href":"https:\/\/www.strassenweb.de\/nachrichten\/wp-json\/wp\/v2\/posts\/1755\/revisions"}],"wp:featuredmedia":[{"embeddable":true,"href":"https:\/\/www.strassenweb.de\/nachrichten\/wp-json\/wp\/v2\/media\/1756"}],"wp:attachment":[{"href":"https:\/\/www.strassenweb.de\/nachrichten\/wp-json\/wp\/v2\/media?parent=1755"}],"wp:term":[{"taxonomy":"category","embeddable":true,"href":"https:\/\/www.strassenweb.de\/nachrichten\/wp-json\/wp\/v2\/categories?post=1755"},{"taxonomy":"post_tag","embeddable":true,"href":"https:\/\/www.strassenweb.de\/nachrichten\/wp-json\/wp\/v2\/tags?post=1755"}],"curies":[{"name":"wp","href":"https:\/\/api.w.org\/{rel}","templated":true}]}}