{"id":1741,"date":"2024-11-24T14:01:03","date_gmt":"2024-11-24T13:01:03","guid":{"rendered":"https:\/\/www.strassenweb.de\/nachrichten\/kris-jenners-weihnachtsdekoration-bietet-eine-moderne-variante-eines-nostalgischen-trends-sie-kombiniert-eine-minimalistische-girlande-mit-figuren-fuer-den-ultimativen-festlichen-rahmen\/"},"modified":"2024-11-24T14:01:03","modified_gmt":"2024-11-24T13:01:03","slug":"kris-jenners-weihnachtsdekoration-bietet-eine-moderne-variante-eines-nostalgischen-trends-sie-kombiniert-eine-minimalistische-girlande-mit-figuren-fuer-den-ultimativen-festlichen-rahmen","status":"publish","type":"post","link":"https:\/\/www.strassenweb.de\/nachrichten\/kris-jenners-weihnachtsdekoration-bietet-eine-moderne-variante-eines-nostalgischen-trends-sie-kombiniert-eine-minimalistische-girlande-mit-figuren-fuer-den-ultimativen-festlichen-rahmen\/","title":{"rendered":"Kris Jenners Weihnachtsdekoration bietet eine moderne Variante eines nostalgischen Trends \u2013 sie kombiniert eine minimalistische Girlande mit Figuren f\u00fcr den ultimativen festlichen Rahmen"},"content":{"rendered":"<p><\/p>\n<div id=\"article-body\" class=\"article__body \">\n<p>Kris-mas ist da! Die Kardashian-Matriarchin zeigt auf Instagram ihr saisonales Flair, und es geh\u00f6rt zu den festlichsten, die wir je gesehen haben.<\/p>\n<div id=\"ad-unit-1\" class=\"ad-unit\"><\/div>\n<p>In einem Karussell auf ihrem pers\u00f6nlichen Account teilte Jenner die Weihnachtsdekoration in ihrem Wohnzimmer, im Eingangsbereich und in ihrer K\u00fcche. Die erste Folie zeigt eine minimalistische, mit wei\u00dfen Lichtern bedeckte Girlande, die romantisch \u00fcber ihrem Kaminsims drapiert ist. Darunter h\u00e4ngen klassische Str\u00fcmpfe im Nussknacker-Design mit den Namen von ihr und ihrem Partner. In der K\u00fcche wurde Jenners gesamte Insel von einer Ausstellung mit Mini-Weihnachtsm\u00e4nnern, winzigen B\u00e4umen und einem atemberaubenden Lebkuchenhaus eingenommen. Mein pers\u00f6nlicher Favorit: Im Eingangsbereich des Prominenten steht ein minimalistischer Weihnachtsbaum, umgeben von einem Weihnachtsmann auf einer Karussellfigur und flauschigen wei\u00dfen k\u00fcnstlichen Rentieren. Auf der letzten Folie sehen wir ihren hohen Weihnachtsbaum, der mit verschiedenen Ornamenten geschm\u00fcckt ist. Es ist klar, dass es nicht sorgf\u00e4ltig kuratiert wurde, sondern vielmehr sentimentale St\u00fccke enth\u00e4lt, die im Laufe der Jahre sorgf\u00e4ltig ausgew\u00e4hlt wurden.<\/p>\n<aside class=\"hawk-nest\" data-block-type=\"embed\" data-render-type=\"fte\" data-skip=\"dealsy\" data-widget-type=\"seasonal\">\n<div class=\"hawk-master-widget-hawk-base-wrapper\"><\/div>\n<\/aside>\n<p>Der herzerw\u00e4rmende, r\u00fcckw\u00e4rtsgewandte Stil von Jenners Dekor liegt genau im Trend der Weihnachtsdekoration. \u201eNostalgie ist in den letzten Jahren zu einem wichtigen Trend in der Welt der Innenarchitektur geworden, und wir erleben ein weiteres Wiederaufleben, w\u00e4hrend wir in die nostalgischste Zeit des Jahres eintreten\u201c, sagt Danielle Castagna, Innenarchitektin. Bei Nostalgie geht es mehr um ein \u201eGef\u00fchl\u201c als um ein \u201eAussehen\u201c, was bei der Innenarchitektur eine Herausforderung sein kann.\u201c Dieses Gef\u00fchl spiegelt sich in jedem Aspekt von Jenners Dekor wider<\/p>\n<div id=\"desktop-in-article\" class=\"in-article ad-unit\">\n<div id=\"desktop-taboola-mid-article\"><\/div>\n<\/div>\n<div id=\"mobile-in-article\" class=\"in-article ad-unit\">\n<div id=\"mobile-taboola-mid-article\"><\/div>\n<\/div>\n<div class=\"instagram-embed\">\n<blockquote class=\"instagram-media\" data-instgrm-captioned data-instgrm-version=\"6\" style=\"width:99.375%; width:-webkit-calc(100% - 2px); width:calc(100% - 2px);\">\n<p>Ein von Kris Jenner (@krisjenner) geteilter Beitrag<\/p>\n<p>Ein Foto gepostet von am <\/p>\n<\/blockquote>\n<\/div>\n<div class=\"product-container hero-product-container product-block-no-wrap\"><\/div>\n<p>Trotz der sentimentalen Atmosph\u00e4re von Jenners Einrichtung lehnt sie sich nicht so sehr an den Vintage-Weihnachtstrend an, dass sie den Bezug zu ihrem modern gestalteten Zuhause verlieren w\u00fcrde. Beispielsweise kombiniert sie die kitschigen Str\u00fcmpfe in ihrem Wohnzimmer mit erfrischend modernen und minimalistischen Girlanden, die mit wei\u00dfen Lichtern gesprenkelt sind. Der campy Weihnachtsbaum steht neben einem raumhohen Fenster und erf\u00fcllt den Raum mit Licht und moderner Energie.<\/p>\n<div class=\"van_vid_carousel\">\n<div class=\"van_vid_carousel__padding\">\n<div class=\"van_vid_carousel__container\"><\/div>\n<\/div>\n<\/div>\n<p>Wenn Sie den Trend nachahmen m\u00f6chten, m\u00fcssen Sie sich auf eine Einrichtung einlassen, die Sie an Familie und Zuhause erinnert. Eine einfache M\u00f6glichkeit, dies zu tun, besteht darin, einen nicht kuratierten Weihnachtsbaum zu erstellen. Castagna empfiehlt: \u201eSie k\u00f6nnten einen Weihnachtsbaum mit Dekorationen und Ornamenten zusammenstellen, die eine Geschichte haben.\u201c Gegenst\u00e4nde wie handgefertigte Kindheitsdekorationen oder Reisesouvenirs w\u00fcrden gut funktionieren. \u201eJedes Jahr k\u00f6nnen dem Baum neue Ornamente hinzugef\u00fcgt werden, um besondere Familienerinnerungen darzustellen und die gemeinsame Reise Ihrer Familie im Laufe der Zeit zu zeigen.\u201c<\/p>\n<div id=\"ad-unit-2\" class=\"ad-unit\"><\/div>\n<hr>\n<p>Unabh\u00e4ngig von Ihrem Designstil ist es nie eine schlechte Idee, der Einrichtung Pers\u00f6nlichkeit und Gef\u00fchl zu verleihen. Nehmen Sie es von Kris Jenner.<\/p>\n<hr>\n<div id=\"slice-container-newsletterForm-articleInbodyContent-XUJRDcpzuCcXpzJpSd2Htb\" class=\"slice-container newsletter-inbodyContent-slice newsletterForm-articleInbodyContent-XUJRDcpzuCcXpzJpSd2Htb slice-container-newsletterForm\"><\/div>\n<\/div>\n<p><script async src=\"\/\/www.instagram.com\/embed.js\"><\/script><\/p>\n","protected":false},"excerpt":{"rendered":"<p>Kris-mas ist da! Die Kardashian-Matriarchin zeigt auf Instagram ihr saisonales Flair, und es geh\u00f6rt zu den festlichsten, die wir je gesehen haben. In einem Karussell<\/p>\n","protected":false},"author":1,"featured_media":1590,"comment_status":"closed","ping_status":"","sticky":false,"template":"","format":"standard","meta":{"footnotes":""},"categories":[118],"tags":[1977,78,74,827,2650,3148,55,3147,3145,1233,2926,3146,146,387,2563,2797,165,1733,3149,1238,1592],"class_list":["post-1741","post","type-post","status-publish","format-standard","has-post-thumbnail","hentry","category-haus-garten","tag-bietet","tag-den","tag-eine","tag-eines","tag-festlichen","tag-figuren","tag-fuer","tag-girlande","tag-jenners","tag-kombiniert","tag-kris","tag-minimalistische","tag-mit","tag-moderne","tag-nostalgischen","tag-rahmen","tag-sie","tag-trends","tag-ultimativen","tag-variante","tag-weihnachtsdekoration","generate-columns","tablet-grid-50","mobile-grid-100","grid-parent","grid-50"],"yoast_head":"<!-- This site is optimized with the Yoast SEO plugin v27.3 - https:\/\/yoast.com\/product\/yoast-seo-wordpress\/ -->\n<title>Kris Jenners Weihnachtsdekoration bietet eine moderne Variante eines nostalgischen Trends \u2013 sie kombiniert eine minimalistische Girlande mit Figuren f\u00fcr den ultimativen festlichen Rahmen - Nachrichten - Stra\u00dfenweb<\/title>\n<meta name=\"robots\" content=\"index, follow, max-snippet:-1, max-image-preview:large, max-video-preview:-1\" \/>\n<link rel=\"canonical\" href=\"https:\/\/www.strassenweb.de\/nachrichten\/kris-jenners-weihnachtsdekoration-bietet-eine-moderne-variante-eines-nostalgischen-trends-sie-kombiniert-eine-minimalistische-girlande-mit-figuren-fuer-den-ultimativen-festlichen-rahmen\/\" \/>\n<meta property=\"og:locale\" content=\"de_DE\" \/>\n<meta property=\"og:type\" content=\"article\" \/>\n<meta property=\"og:title\" content=\"Kris Jenners Weihnachtsdekoration bietet eine moderne Variante eines nostalgischen Trends \u2013 sie kombiniert eine minimalistische Girlande mit Figuren f\u00fcr den ultimativen festlichen Rahmen - Nachrichten - Stra\u00dfenweb\" \/>\n<meta property=\"og:description\" content=\"Kris-mas ist da! Die Kardashian-Matriarchin zeigt auf Instagram ihr saisonales Flair, und es geh\u00f6rt zu den festlichsten, die wir je gesehen haben. In einem Karussell\" \/>\n<meta property=\"og:url\" content=\"https:\/\/www.strassenweb.de\/nachrichten\/kris-jenners-weihnachtsdekoration-bietet-eine-moderne-variante-eines-nostalgischen-trends-sie-kombiniert-eine-minimalistische-girlande-mit-figuren-fuer-den-ultimativen-festlichen-rahmen\/\" \/>\n<meta property=\"og:site_name\" content=\"Stra\u00dfenweb\" \/>\n<meta property=\"article:publisher\" content=\"https:\/\/www.facebook.com\/strassenweb\/\" \/>\n<meta property=\"article:published_time\" content=\"2024-11-24T13:01:03+00:00\" \/>\n<meta property=\"og:image\" content=\"https:\/\/www.strassenweb.de\/nachrichten\/wp-content\/uploads\/2024\/11\/Kris-Jenner-nutzt-einen-luxurioesen-Blickfang-um-ihren-schlichten-weissen.jpg\" \/>\n\t<meta property=\"og:image:width\" content=\"1200\" \/>\n\t<meta property=\"og:image:height\" content=\"675\" \/>\n\t<meta property=\"og:image:type\" content=\"image\/jpeg\" \/>\n<meta name=\"author\" content=\"Robert Hoffmann\" \/>\n<meta name=\"twitter:card\" content=\"summary_large_image\" \/>\n<meta name=\"twitter:label1\" content=\"Verfasst von\" \/>\n\t<meta name=\"twitter:data1\" content=\"Robert Hoffmann\" \/>\n\t<meta name=\"twitter:label2\" content=\"Gesch\u00e4tzte Lesezeit\" \/>\n\t<meta name=\"twitter:data2\" content=\"2\u00a0Minuten\" \/>\n<script type=\"application\/ld+json\" class=\"yoast-schema-graph\">{\"@context\":\"https:\\\/\\\/schema.org\",\"@graph\":[{\"@type\":\"Article\",\"@id\":\"https:\\\/\\\/www.strassenweb.de\\\/nachrichten\\\/kris-jenners-weihnachtsdekoration-bietet-eine-moderne-variante-eines-nostalgischen-trends-sie-kombiniert-eine-minimalistische-girlande-mit-figuren-fuer-den-ultimativen-festlichen-rahmen\\\/#article\",\"isPartOf\":{\"@id\":\"https:\\\/\\\/www.strassenweb.de\\\/nachrichten\\\/kris-jenners-weihnachtsdekoration-bietet-eine-moderne-variante-eines-nostalgischen-trends-sie-kombiniert-eine-minimalistische-girlande-mit-figuren-fuer-den-ultimativen-festlichen-rahmen\\\/\"},\"author\":{\"name\":\"Robert Hoffmann\",\"@id\":\"https:\\\/\\\/www.strassenweb.de\\\/nachrichten\\\/#\\\/schema\\\/person\\\/87c9c9067f1211da429a744dc5a5aa41\"},\"headline\":\"Kris Jenners Weihnachtsdekoration bietet eine moderne Variante eines nostalgischen Trends \u2013 sie kombiniert eine minimalistische Girlande mit Figuren f\u00fcr den ultimativen festlichen Rahmen\",\"datePublished\":\"2024-11-24T13:01:03+00:00\",\"mainEntityOfPage\":{\"@id\":\"https:\\\/\\\/www.strassenweb.de\\\/nachrichten\\\/kris-jenners-weihnachtsdekoration-bietet-eine-moderne-variante-eines-nostalgischen-trends-sie-kombiniert-eine-minimalistische-girlande-mit-figuren-fuer-den-ultimativen-festlichen-rahmen\\\/\"},\"wordCount\":479,\"publisher\":{\"@id\":\"https:\\\/\\\/www.strassenweb.de\\\/nachrichten\\\/#organization\"},\"image\":{\"@id\":\"https:\\\/\\\/www.strassenweb.de\\\/nachrichten\\\/kris-jenners-weihnachtsdekoration-bietet-eine-moderne-variante-eines-nostalgischen-trends-sie-kombiniert-eine-minimalistische-girlande-mit-figuren-fuer-den-ultimativen-festlichen-rahmen\\\/#primaryimage\"},\"thumbnailUrl\":\"https:\\\/\\\/www.strassenweb.de\\\/nachrichten\\\/wp-content\\\/uploads\\\/2024\\\/11\\\/Kris-Jenner-nutzt-einen-luxurioesen-Blickfang-um-ihren-schlichten-weissen.jpg\",\"keywords\":[\"bietet\",\"den\",\"eine\",\"eines\",\"festlichen\",\"Figuren\",\"f\u00fcr\",\"Girlande\",\"Jenners\",\"kombiniert\",\"Kris\",\"minimalistische\",\"mit\",\"Moderne\",\"nostalgischen\",\"Rahmen\",\"Sie\",\"Trends\",\"ultimativen\",\"Variante\",\"Weihnachtsdekoration\"],\"articleSection\":[\"Haus &amp; Garten\"],\"inLanguage\":\"de\"},{\"@type\":\"WebPage\",\"@id\":\"https:\\\/\\\/www.strassenweb.de\\\/nachrichten\\\/kris-jenners-weihnachtsdekoration-bietet-eine-moderne-variante-eines-nostalgischen-trends-sie-kombiniert-eine-minimalistische-girlande-mit-figuren-fuer-den-ultimativen-festlichen-rahmen\\\/\",\"url\":\"https:\\\/\\\/www.strassenweb.de\\\/nachrichten\\\/kris-jenners-weihnachtsdekoration-bietet-eine-moderne-variante-eines-nostalgischen-trends-sie-kombiniert-eine-minimalistische-girlande-mit-figuren-fuer-den-ultimativen-festlichen-rahmen\\\/\",\"name\":\"Kris Jenners Weihnachtsdekoration bietet eine moderne Variante eines nostalgischen Trends \u2013 sie kombiniert eine minimalistische Girlande mit Figuren f\u00fcr den ultimativen festlichen Rahmen - Nachrichten - Stra\u00dfenweb\",\"isPartOf\":{\"@id\":\"https:\\\/\\\/www.strassenweb.de\\\/nachrichten\\\/#website\"},\"primaryImageOfPage\":{\"@id\":\"https:\\\/\\\/www.strassenweb.de\\\/nachrichten\\\/kris-jenners-weihnachtsdekoration-bietet-eine-moderne-variante-eines-nostalgischen-trends-sie-kombiniert-eine-minimalistische-girlande-mit-figuren-fuer-den-ultimativen-festlichen-rahmen\\\/#primaryimage\"},\"image\":{\"@id\":\"https:\\\/\\\/www.strassenweb.de\\\/nachrichten\\\/kris-jenners-weihnachtsdekoration-bietet-eine-moderne-variante-eines-nostalgischen-trends-sie-kombiniert-eine-minimalistische-girlande-mit-figuren-fuer-den-ultimativen-festlichen-rahmen\\\/#primaryimage\"},\"thumbnailUrl\":\"https:\\\/\\\/www.strassenweb.de\\\/nachrichten\\\/wp-content\\\/uploads\\\/2024\\\/11\\\/Kris-Jenner-nutzt-einen-luxurioesen-Blickfang-um-ihren-schlichten-weissen.jpg\",\"datePublished\":\"2024-11-24T13:01:03+00:00\",\"breadcrumb\":{\"@id\":\"https:\\\/\\\/www.strassenweb.de\\\/nachrichten\\\/kris-jenners-weihnachtsdekoration-bietet-eine-moderne-variante-eines-nostalgischen-trends-sie-kombiniert-eine-minimalistische-girlande-mit-figuren-fuer-den-ultimativen-festlichen-rahmen\\\/#breadcrumb\"},\"inLanguage\":\"de\",\"potentialAction\":[{\"@type\":\"ReadAction\",\"target\":[\"https:\\\/\\\/www.strassenweb.de\\\/nachrichten\\\/kris-jenners-weihnachtsdekoration-bietet-eine-moderne-variante-eines-nostalgischen-trends-sie-kombiniert-eine-minimalistische-girlande-mit-figuren-fuer-den-ultimativen-festlichen-rahmen\\\/\"]}]},{\"@type\":\"ImageObject\",\"inLanguage\":\"de\",\"@id\":\"https:\\\/\\\/www.strassenweb.de\\\/nachrichten\\\/kris-jenners-weihnachtsdekoration-bietet-eine-moderne-variante-eines-nostalgischen-trends-sie-kombiniert-eine-minimalistische-girlande-mit-figuren-fuer-den-ultimativen-festlichen-rahmen\\\/#primaryimage\",\"url\":\"https:\\\/\\\/www.strassenweb.de\\\/nachrichten\\\/wp-content\\\/uploads\\\/2024\\\/11\\\/Kris-Jenner-nutzt-einen-luxurioesen-Blickfang-um-ihren-schlichten-weissen.jpg\",\"contentUrl\":\"https:\\\/\\\/www.strassenweb.de\\\/nachrichten\\\/wp-content\\\/uploads\\\/2024\\\/11\\\/Kris-Jenner-nutzt-einen-luxurioesen-Blickfang-um-ihren-schlichten-weissen.jpg\",\"width\":1200,\"height\":675,\"caption\":\"Kris Jenner nutzt einen luxuri\u00f6sen Blickfang, um ihren schlichten wei\u00dfen Eingangsbereich aufzuwerten \u2013 ich liebe die k\u00fchne Wirkung dieser einfach nachzubildenden Aufwertung\"},{\"@type\":\"BreadcrumbList\",\"@id\":\"https:\\\/\\\/www.strassenweb.de\\\/nachrichten\\\/kris-jenners-weihnachtsdekoration-bietet-eine-moderne-variante-eines-nostalgischen-trends-sie-kombiniert-eine-minimalistische-girlande-mit-figuren-fuer-den-ultimativen-festlichen-rahmen\\\/#breadcrumb\",\"itemListElement\":[{\"@type\":\"ListItem\",\"position\":1,\"name\":\"Home\",\"item\":\"https:\\\/\\\/www.strassenweb.de\\\/nachrichten\\\/\"},{\"@type\":\"ListItem\",\"position\":2,\"name\":\"Kris Jenners Weihnachtsdekoration bietet eine moderne Variante eines nostalgischen Trends \u2013 sie kombiniert eine minimalistische Girlande mit Figuren f\u00fcr den ultimativen festlichen Rahmen\"}]},{\"@type\":\"WebSite\",\"@id\":\"https:\\\/\\\/www.strassenweb.de\\\/nachrichten\\\/#website\",\"url\":\"https:\\\/\\\/www.strassenweb.de\\\/nachrichten\\\/\",\"name\":\"Stra\u00dfenweb\",\"description\":\"Stra\u00dfenverzeichnis f\u00fcr Deutschland\",\"publisher\":{\"@id\":\"https:\\\/\\\/www.strassenweb.de\\\/nachrichten\\\/#organization\"},\"potentialAction\":[{\"@type\":\"SearchAction\",\"target\":{\"@type\":\"EntryPoint\",\"urlTemplate\":\"https:\\\/\\\/www.strassenweb.de\\\/nachrichten\\\/?s={search_term_string}\"},\"query-input\":{\"@type\":\"PropertyValueSpecification\",\"valueRequired\":true,\"valueName\":\"search_term_string\"}}],\"inLanguage\":\"de\"},{\"@type\":\"Organization\",\"@id\":\"https:\\\/\\\/www.strassenweb.de\\\/nachrichten\\\/#organization\",\"name\":\"Stra\u00dfenweb\",\"url\":\"https:\\\/\\\/www.strassenweb.de\\\/nachrichten\\\/\",\"logo\":{\"@type\":\"ImageObject\",\"inLanguage\":\"de\",\"@id\":\"https:\\\/\\\/www.strassenweb.de\\\/nachrichten\\\/#\\\/schema\\\/logo\\\/image\\\/\",\"url\":\"https:\\\/\\\/www.strassenweb.de\\\/nachrichten\\\/wp-content\\\/uploads\\\/2024\\\/09\\\/cropped-favicon.png\",\"contentUrl\":\"https:\\\/\\\/www.strassenweb.de\\\/nachrichten\\\/wp-content\\\/uploads\\\/2024\\\/09\\\/cropped-favicon.png\",\"width\":512,\"height\":512,\"caption\":\"Stra\u00dfenweb\"},\"image\":{\"@id\":\"https:\\\/\\\/www.strassenweb.de\\\/nachrichten\\\/#\\\/schema\\\/logo\\\/image\\\/\"},\"sameAs\":[\"https:\\\/\\\/www.facebook.com\\\/strassenweb\\\/\"]},{\"@type\":\"Person\",\"@id\":\"https:\\\/\\\/www.strassenweb.de\\\/nachrichten\\\/#\\\/schema\\\/person\\\/87c9c9067f1211da429a744dc5a5aa41\",\"name\":\"Robert Hoffmann\",\"image\":{\"@type\":\"ImageObject\",\"inLanguage\":\"de\",\"@id\":\"https:\\\/\\\/www.strassenweb.de\\\/nachrichten\\\/wp-content\\\/uploads\\\/2024\\\/09\\\/strassenweb-150x150.jpg\",\"url\":\"https:\\\/\\\/www.strassenweb.de\\\/nachrichten\\\/wp-content\\\/uploads\\\/2024\\\/09\\\/strassenweb-150x150.jpg\",\"contentUrl\":\"https:\\\/\\\/www.strassenweb.de\\\/nachrichten\\\/wp-content\\\/uploads\\\/2024\\\/09\\\/strassenweb-150x150.jpg\",\"caption\":\"Robert Hoffmann\"},\"description\":\"Ich hei\u00dfe Robert Hoffmann und ich bin ein leidenschaftlicher Verfechter von \u00d6kologie und Biodiversit\u00e4t. Seit meiner Kindheit in den W\u00e4ldern Bayerns f\u00fchle ich mich mit der Natur verbunden und bin entschlossen, sie zu sch\u00fctzen. Heute widme ich mein Leben der Sensibilisierung anderer f\u00fcr die Bedeutung des Umweltschutzes f\u00fcr zuk\u00fcnftige Generationen.\",\"sameAs\":[\"https:\\\/\\\/www.strassenweb.de\\\/\"]}]}<\/script>\n<!-- \/ Yoast SEO plugin. -->","yoast_head_json":{"title":"Kris Jenners Weihnachtsdekoration bietet eine moderne Variante eines nostalgischen Trends \u2013 sie kombiniert eine minimalistische Girlande mit Figuren f\u00fcr den ultimativen festlichen Rahmen - Nachrichten - Stra\u00dfenweb","robots":{"index":"index","follow":"follow","max-snippet":"max-snippet:-1","max-image-preview":"max-image-preview:large","max-video-preview":"max-video-preview:-1"},"canonical":"https:\/\/www.strassenweb.de\/nachrichten\/kris-jenners-weihnachtsdekoration-bietet-eine-moderne-variante-eines-nostalgischen-trends-sie-kombiniert-eine-minimalistische-girlande-mit-figuren-fuer-den-ultimativen-festlichen-rahmen\/","og_locale":"de_DE","og_type":"article","og_title":"Kris Jenners Weihnachtsdekoration bietet eine moderne Variante eines nostalgischen Trends \u2013 sie kombiniert eine minimalistische Girlande mit Figuren f\u00fcr den ultimativen festlichen Rahmen - Nachrichten - Stra\u00dfenweb","og_description":"Kris-mas ist da! Die Kardashian-Matriarchin zeigt auf Instagram ihr saisonales Flair, und es geh\u00f6rt zu den festlichsten, die wir je gesehen haben. In einem Karussell","og_url":"https:\/\/www.strassenweb.de\/nachrichten\/kris-jenners-weihnachtsdekoration-bietet-eine-moderne-variante-eines-nostalgischen-trends-sie-kombiniert-eine-minimalistische-girlande-mit-figuren-fuer-den-ultimativen-festlichen-rahmen\/","og_site_name":"Stra\u00dfenweb","article_publisher":"https:\/\/www.facebook.com\/strassenweb\/","article_published_time":"2024-11-24T13:01:03+00:00","og_image":[{"width":1200,"height":675,"url":"https:\/\/www.strassenweb.de\/nachrichten\/wp-content\/uploads\/2024\/11\/Kris-Jenner-nutzt-einen-luxurioesen-Blickfang-um-ihren-schlichten-weissen.jpg","type":"image\/jpeg"}],"author":"Robert Hoffmann","twitter_card":"summary_large_image","twitter_misc":{"Verfasst von":"Robert Hoffmann","Gesch\u00e4tzte Lesezeit":"2\u00a0Minuten"},"schema":{"@context":"https:\/\/schema.org","@graph":[{"@type":"Article","@id":"https:\/\/www.strassenweb.de\/nachrichten\/kris-jenners-weihnachtsdekoration-bietet-eine-moderne-variante-eines-nostalgischen-trends-sie-kombiniert-eine-minimalistische-girlande-mit-figuren-fuer-den-ultimativen-festlichen-rahmen\/#article","isPartOf":{"@id":"https:\/\/www.strassenweb.de\/nachrichten\/kris-jenners-weihnachtsdekoration-bietet-eine-moderne-variante-eines-nostalgischen-trends-sie-kombiniert-eine-minimalistische-girlande-mit-figuren-fuer-den-ultimativen-festlichen-rahmen\/"},"author":{"name":"Robert Hoffmann","@id":"https:\/\/www.strassenweb.de\/nachrichten\/#\/schema\/person\/87c9c9067f1211da429a744dc5a5aa41"},"headline":"Kris Jenners Weihnachtsdekoration bietet eine moderne Variante eines nostalgischen Trends \u2013 sie kombiniert eine minimalistische Girlande mit Figuren f\u00fcr den ultimativen festlichen Rahmen","datePublished":"2024-11-24T13:01:03+00:00","mainEntityOfPage":{"@id":"https:\/\/www.strassenweb.de\/nachrichten\/kris-jenners-weihnachtsdekoration-bietet-eine-moderne-variante-eines-nostalgischen-trends-sie-kombiniert-eine-minimalistische-girlande-mit-figuren-fuer-den-ultimativen-festlichen-rahmen\/"},"wordCount":479,"publisher":{"@id":"https:\/\/www.strassenweb.de\/nachrichten\/#organization"},"image":{"@id":"https:\/\/www.strassenweb.de\/nachrichten\/kris-jenners-weihnachtsdekoration-bietet-eine-moderne-variante-eines-nostalgischen-trends-sie-kombiniert-eine-minimalistische-girlande-mit-figuren-fuer-den-ultimativen-festlichen-rahmen\/#primaryimage"},"thumbnailUrl":"https:\/\/www.strassenweb.de\/nachrichten\/wp-content\/uploads\/2024\/11\/Kris-Jenner-nutzt-einen-luxurioesen-Blickfang-um-ihren-schlichten-weissen.jpg","keywords":["bietet","den","eine","eines","festlichen","Figuren","f\u00fcr","Girlande","Jenners","kombiniert","Kris","minimalistische","mit","Moderne","nostalgischen","Rahmen","Sie","Trends","ultimativen","Variante","Weihnachtsdekoration"],"articleSection":["Haus &amp; Garten"],"inLanguage":"de"},{"@type":"WebPage","@id":"https:\/\/www.strassenweb.de\/nachrichten\/kris-jenners-weihnachtsdekoration-bietet-eine-moderne-variante-eines-nostalgischen-trends-sie-kombiniert-eine-minimalistische-girlande-mit-figuren-fuer-den-ultimativen-festlichen-rahmen\/","url":"https:\/\/www.strassenweb.de\/nachrichten\/kris-jenners-weihnachtsdekoration-bietet-eine-moderne-variante-eines-nostalgischen-trends-sie-kombiniert-eine-minimalistische-girlande-mit-figuren-fuer-den-ultimativen-festlichen-rahmen\/","name":"Kris Jenners Weihnachtsdekoration bietet eine moderne Variante eines nostalgischen Trends \u2013 sie kombiniert eine minimalistische Girlande mit Figuren f\u00fcr den ultimativen festlichen Rahmen - Nachrichten - Stra\u00dfenweb","isPartOf":{"@id":"https:\/\/www.strassenweb.de\/nachrichten\/#website"},"primaryImageOfPage":{"@id":"https:\/\/www.strassenweb.de\/nachrichten\/kris-jenners-weihnachtsdekoration-bietet-eine-moderne-variante-eines-nostalgischen-trends-sie-kombiniert-eine-minimalistische-girlande-mit-figuren-fuer-den-ultimativen-festlichen-rahmen\/#primaryimage"},"image":{"@id":"https:\/\/www.strassenweb.de\/nachrichten\/kris-jenners-weihnachtsdekoration-bietet-eine-moderne-variante-eines-nostalgischen-trends-sie-kombiniert-eine-minimalistische-girlande-mit-figuren-fuer-den-ultimativen-festlichen-rahmen\/#primaryimage"},"thumbnailUrl":"https:\/\/www.strassenweb.de\/nachrichten\/wp-content\/uploads\/2024\/11\/Kris-Jenner-nutzt-einen-luxurioesen-Blickfang-um-ihren-schlichten-weissen.jpg","datePublished":"2024-11-24T13:01:03+00:00","breadcrumb":{"@id":"https:\/\/www.strassenweb.de\/nachrichten\/kris-jenners-weihnachtsdekoration-bietet-eine-moderne-variante-eines-nostalgischen-trends-sie-kombiniert-eine-minimalistische-girlande-mit-figuren-fuer-den-ultimativen-festlichen-rahmen\/#breadcrumb"},"inLanguage":"de","potentialAction":[{"@type":"ReadAction","target":["https:\/\/www.strassenweb.de\/nachrichten\/kris-jenners-weihnachtsdekoration-bietet-eine-moderne-variante-eines-nostalgischen-trends-sie-kombiniert-eine-minimalistische-girlande-mit-figuren-fuer-den-ultimativen-festlichen-rahmen\/"]}]},{"@type":"ImageObject","inLanguage":"de","@id":"https:\/\/www.strassenweb.de\/nachrichten\/kris-jenners-weihnachtsdekoration-bietet-eine-moderne-variante-eines-nostalgischen-trends-sie-kombiniert-eine-minimalistische-girlande-mit-figuren-fuer-den-ultimativen-festlichen-rahmen\/#primaryimage","url":"https:\/\/www.strassenweb.de\/nachrichten\/wp-content\/uploads\/2024\/11\/Kris-Jenner-nutzt-einen-luxurioesen-Blickfang-um-ihren-schlichten-weissen.jpg","contentUrl":"https:\/\/www.strassenweb.de\/nachrichten\/wp-content\/uploads\/2024\/11\/Kris-Jenner-nutzt-einen-luxurioesen-Blickfang-um-ihren-schlichten-weissen.jpg","width":1200,"height":675,"caption":"Kris Jenner nutzt einen luxuri\u00f6sen Blickfang, um ihren schlichten wei\u00dfen Eingangsbereich aufzuwerten \u2013 ich liebe die k\u00fchne Wirkung dieser einfach nachzubildenden Aufwertung"},{"@type":"BreadcrumbList","@id":"https:\/\/www.strassenweb.de\/nachrichten\/kris-jenners-weihnachtsdekoration-bietet-eine-moderne-variante-eines-nostalgischen-trends-sie-kombiniert-eine-minimalistische-girlande-mit-figuren-fuer-den-ultimativen-festlichen-rahmen\/#breadcrumb","itemListElement":[{"@type":"ListItem","position":1,"name":"Home","item":"https:\/\/www.strassenweb.de\/nachrichten\/"},{"@type":"ListItem","position":2,"name":"Kris Jenners Weihnachtsdekoration bietet eine moderne Variante eines nostalgischen Trends \u2013 sie kombiniert eine minimalistische Girlande mit Figuren f\u00fcr den ultimativen festlichen Rahmen"}]},{"@type":"WebSite","@id":"https:\/\/www.strassenweb.de\/nachrichten\/#website","url":"https:\/\/www.strassenweb.de\/nachrichten\/","name":"Stra\u00dfenweb","description":"Stra\u00dfenverzeichnis f\u00fcr Deutschland","publisher":{"@id":"https:\/\/www.strassenweb.de\/nachrichten\/#organization"},"potentialAction":[{"@type":"SearchAction","target":{"@type":"EntryPoint","urlTemplate":"https:\/\/www.strassenweb.de\/nachrichten\/?s={search_term_string}"},"query-input":{"@type":"PropertyValueSpecification","valueRequired":true,"valueName":"search_term_string"}}],"inLanguage":"de"},{"@type":"Organization","@id":"https:\/\/www.strassenweb.de\/nachrichten\/#organization","name":"Stra\u00dfenweb","url":"https:\/\/www.strassenweb.de\/nachrichten\/","logo":{"@type":"ImageObject","inLanguage":"de","@id":"https:\/\/www.strassenweb.de\/nachrichten\/#\/schema\/logo\/image\/","url":"https:\/\/www.strassenweb.de\/nachrichten\/wp-content\/uploads\/2024\/09\/cropped-favicon.png","contentUrl":"https:\/\/www.strassenweb.de\/nachrichten\/wp-content\/uploads\/2024\/09\/cropped-favicon.png","width":512,"height":512,"caption":"Stra\u00dfenweb"},"image":{"@id":"https:\/\/www.strassenweb.de\/nachrichten\/#\/schema\/logo\/image\/"},"sameAs":["https:\/\/www.facebook.com\/strassenweb\/"]},{"@type":"Person","@id":"https:\/\/www.strassenweb.de\/nachrichten\/#\/schema\/person\/87c9c9067f1211da429a744dc5a5aa41","name":"Robert Hoffmann","image":{"@type":"ImageObject","inLanguage":"de","@id":"https:\/\/www.strassenweb.de\/nachrichten\/wp-content\/uploads\/2024\/09\/strassenweb-150x150.jpg","url":"https:\/\/www.strassenweb.de\/nachrichten\/wp-content\/uploads\/2024\/09\/strassenweb-150x150.jpg","contentUrl":"https:\/\/www.strassenweb.de\/nachrichten\/wp-content\/uploads\/2024\/09\/strassenweb-150x150.jpg","caption":"Robert Hoffmann"},"description":"Ich hei\u00dfe Robert Hoffmann und ich bin ein leidenschaftlicher Verfechter von \u00d6kologie und Biodiversit\u00e4t. Seit meiner Kindheit in den W\u00e4ldern Bayerns f\u00fchle ich mich mit der Natur verbunden und bin entschlossen, sie zu sch\u00fctzen. Heute widme ich mein Leben der Sensibilisierung anderer f\u00fcr die Bedeutung des Umweltschutzes f\u00fcr zuk\u00fcnftige Generationen.","sameAs":["https:\/\/www.strassenweb.de\/"]}]}},"_links":{"self":[{"href":"https:\/\/www.strassenweb.de\/nachrichten\/wp-json\/wp\/v2\/posts\/1741","targetHints":{"allow":["GET"]}}],"collection":[{"href":"https:\/\/www.strassenweb.de\/nachrichten\/wp-json\/wp\/v2\/posts"}],"about":[{"href":"https:\/\/www.strassenweb.de\/nachrichten\/wp-json\/wp\/v2\/types\/post"}],"author":[{"embeddable":true,"href":"https:\/\/www.strassenweb.de\/nachrichten\/wp-json\/wp\/v2\/users\/1"}],"replies":[{"embeddable":true,"href":"https:\/\/www.strassenweb.de\/nachrichten\/wp-json\/wp\/v2\/comments?post=1741"}],"version-history":[{"count":0,"href":"https:\/\/www.strassenweb.de\/nachrichten\/wp-json\/wp\/v2\/posts\/1741\/revisions"}],"wp:featuredmedia":[{"embeddable":true,"href":"https:\/\/www.strassenweb.de\/nachrichten\/wp-json\/wp\/v2\/media\/1590"}],"wp:attachment":[{"href":"https:\/\/www.strassenweb.de\/nachrichten\/wp-json\/wp\/v2\/media?parent=1741"}],"wp:term":[{"taxonomy":"category","embeddable":true,"href":"https:\/\/www.strassenweb.de\/nachrichten\/wp-json\/wp\/v2\/categories?post=1741"},{"taxonomy":"post_tag","embeddable":true,"href":"https:\/\/www.strassenweb.de\/nachrichten\/wp-json\/wp\/v2\/tags?post=1741"}],"curies":[{"name":"wp","href":"https:\/\/api.w.org\/{rel}","templated":true}]}}