{"id":1732,"date":"2024-11-24T00:48:12","date_gmt":"2024-11-23T23:48:12","guid":{"rendered":"https:\/\/www.strassenweb.de\/nachrichten\/martha-stewart-ist-verliebt-in-dieses-klassische-grundnahrungsmittel-der-franzoesischen-kueche-es-dient-gleichzeitig-als-perfekte-dekoration-fuer-den-typischen-landhaus-kue\/"},"modified":"2024-11-24T00:48:13","modified_gmt":"2024-11-23T23:48:13","slug":"martha-stewart-ist-verliebt-in-dieses-klassische-grundnahrungsmittel-der-franzoesischen-kueche-es-dient-gleichzeitig-als-perfekte-dekoration-fuer-den-typischen-landhaus-kue","status":"publish","type":"post","link":"https:\/\/www.strassenweb.de\/nachrichten\/martha-stewart-ist-verliebt-in-dieses-klassische-grundnahrungsmittel-der-franzoesischen-kueche-es-dient-gleichzeitig-als-perfekte-dekoration-fuer-den-typischen-landhaus-kue\/","title":{"rendered":"Martha Stewart ist \u201everliebt\u201c in dieses klassische Grundnahrungsmittel der franz\u00f6sischen K\u00fcche \u2013 es dient gleichzeitig als perfekte Dekoration f\u00fcr den typischen Landhaus-K\u00fcchen-Look"},"content":{"rendered":"<p><\/p>\n<div id=\"article-body\" class=\"article__body \">\n<p>Franz\u00f6sische Landhausk\u00fcchen geh\u00f6ren zu den beliebtesten Designstilen des Jahres 2024. Der zeitlose, romantische Stil begr\u00fc\u00dft antike Oberfl\u00e4chen, luxuri\u00f6se Details und rustikale Akzente. Gl\u00fccklicherweise gen\u00fcgt ein sch\u00f6nes Accessoire, um den Look zu unterstreichen: Kupfert\u00f6pfe.<\/p>\n<div id=\"ad-unit-1\" class=\"ad-unit\"><\/div>\n<p>Wenn Sie mehr \u00dcberzeugungsarbeit brauchen, schw\u00f6rt Martha Stewart darauf, ihr Topflager mit Kupfert\u00f6pfen zu f\u00fcllen. Auf ihrem Blog teilte Marthas Team mit: \u201eF\u00fcr Martha bedeutete die Liebe zur klassischen franz\u00f6sischen K\u00fcche, sich auch in Kochgeschirr aus Kupfer zu verlieben.\u201c Jahre \u2013 und viele T\u00f6pfe und Pfannen \u2013 sp\u00e4ter geht ihre Leidenschaft weiter. Von Kupfert\u00f6pfen mit Deckel in vielen Gr\u00f6\u00dfen bis hin zu kunstvollem Backgeschirr und vielen wundersch\u00f6nen Kupferschalen ist Marthas Sammlung in der K\u00fcche ihres Hauses in Bedford ausgestellt und wird dort regelm\u00e4\u00dfig verwendet.\u201c<\/p>\n<aside class=\"hawk-nest\" data-block-type=\"embed\" data-render-type=\"fte\" data-skip=\"dealsy\" data-widget-type=\"seasonal\">\n<div class=\"hawk-master-widget-hawk-base-wrapper\"><\/div>\n<\/aside>\n<p>Fotos zeigen die T\u00f6pfe, die von ihrer Decke h\u00e4ngen, die Regale s\u00e4umen und in Reihen unter ihrer K\u00fccheninsel gestapelt sind. Auf einen Blick ist klar, dass der Look nie aus der Mode kommen wird. \u201eIn der Innenarchitektur vereinen bestimmte Kombinationen m\u00fchelos zeitlose Eleganz und zeitgen\u00f6ssischen Charme.\u201c \u201eKupfer, das in den K\u00fcchen unserer Gro\u00dfeltern eine herausragende Rolle spielte, ist nach wie vor eine herausragende Wahl, wenn es darum geht, Pers\u00f6nlichkeit zu verleihen und gleichzeitig die Gef\u00fchle von Antike und Moderne auf wunderbare Weise zu verbinden\u201c, sagt die in Westchester ans\u00e4ssige Innenarchitektin Nina Lichtenstein.<\/p>\n<div id=\"desktop-in-article\" class=\"in-article ad-unit\">\n<div id=\"desktop-taboola-mid-article\"><\/div>\n<\/div>\n<div id=\"mobile-in-article\" class=\"in-article ad-unit\">\n<div id=\"mobile-taboola-mid-article\"><\/div>\n<\/div>\n<div class=\"instagram-embed\">\n<blockquote class=\"instagram-media\" data-instgrm-captioned data-instgrm-version=\"6\" style=\"width:99.375%; width:-webkit-calc(100% - 2px); width:calc(100% - 2px);\">\n<p>Ein von Martha Stewart (@marthastewart) geteilter Beitrag<\/p>\n<p>Ein Foto gepostet von am <\/p>\n<\/blockquote>\n<\/div>\n<div class=\"product-container hero-product-container product-block-no-wrap\"><\/div>\n<p>Gl\u00fccklicherweise ist dieser Look ein aufkeimender K\u00fcchentrend. Lichtenstein erz\u00e4hlt <em>H\u00e4user und G\u00e4rten<\/em>: \u201eDie Kombination aus Kupfert\u00f6pfen und wei\u00dfem K\u00fcchendesign ist auf dem besten Weg, ein bemerkenswerter Trend im Innendesign zu werden.\u201c Da Hausbesitzer und Designer eine Balance zwischen Tradition und Moderne suchen, bietet diese Kombination eine perfekte L\u00f6sung. \u201eDer zeitlose Reiz von Kupfer, gepaart mit der anhaltenden Beliebtheit von Wei\u00df, passt zum aktuellen Wandel hin zu einer warmen, einladenden K\u00fcchen\u00e4sthetik.\u201c<\/p>\n<div class=\"van_vid_carousel\">\n<div class=\"van_vid_carousel__padding\">\n<div class=\"van_vid_carousel__container\"><\/div>\n<\/div>\n<\/div>\n<p>Sie f\u00e4hrt fort: \u201eDar\u00fcber hinaus verk\u00f6rpert diese Kombination sowohl Raffinesse als auch unaufdringlichen Luxus, was dem wachsenden Interesse an der Schaffung einladender und funktionaler K\u00fcchenr\u00e4ume entspricht.\u201c \u201eDa immer mehr Menschen das Konzept annehmen, klassische Elemente mit zeitgen\u00f6ssischem Design zu verbinden, gehen wir davon aus, dass bei K\u00fcchenrenovierungen und Inneneinrichtungsprojekten zunehmend Kupfert\u00f6pfe und Wei\u00df verwendet werden.\u201c<\/p>\n<div id=\"ad-unit-2\" class=\"ad-unit\"><\/div>\n<p>Unabh\u00e4ngig vom Stil Ihrer K\u00fcche sind Kupfert\u00f6pfe eine gro\u00dfartige M\u00f6glichkeit, sie aufzuwerten. Lichtenstein erkl\u00e4rt: \u201eWichtig ist, dass Kupfer eine Reihe von K\u00fcchenstilen erg\u00e4nzt, vom rustikalen Bauernhaus bis zum eleganten modernen Stil.\u201c Ob sparsam mit ein paar Akzentst\u00fccken oder als dominantes Thema eingesetzt, Kupfert\u00f6pfe auf wei\u00dfen U-Bahn-Fliesen passen sich m\u00fchelos unterschiedlichen Designvorlieben an.\u201c<\/p>\n<hr>\n<p>Um das Aussehen von Martha Stewarts K\u00fcche nachzubilden, sollte das Ziel darin bestehen, an m\u00f6glichst vielen Stellen Kupfert\u00f6pfe aufzustellen. Von der Decke h\u00e4ngend und auf offenen Regalen gestapelt sind tolle Aufbewahrungsideen f\u00fcr die K\u00fcche, die die nat\u00fcrliche Sch\u00f6nheit dieser Art von Kochgeschirr unterstreichen.<\/p>\n<div id=\"slice-container-newsletterForm-articleInbodyContent-Tm5kTRKtnedUnaFZgcvVAh\" class=\"slice-container newsletter-inbodyContent-slice newsletterForm-articleInbodyContent-Tm5kTRKtnedUnaFZgcvVAh slice-container-newsletterForm\"><\/div>\n<p>Kupfert\u00f6pfe erinnern daran, absichtlich Unordnung zu vermeiden und dass die funktionalsten Gegenst\u00e4nde kein Schandfleck sein m\u00fcssen.<\/p>\n<hr>\n<\/div>\n<p><script async src=\"\/\/www.instagram.com\/embed.js\"><\/script><\/p>\n","protected":false},"excerpt":{"rendered":"<p>Franz\u00f6sische Landhausk\u00fcchen geh\u00f6ren zu den beliebtesten Designstilen des Jahres 2024. Der zeitlose, romantische Stil begr\u00fc\u00dft antike Oberfl\u00e4chen, luxuri\u00f6se Details und rustikale Akzente. Gl\u00fccklicherweise gen\u00fcgt ein<\/p>\n","protected":false},"author":1,"featured_media":1733,"comment_status":"closed","ping_status":"","sticky":false,"template":"","format":"standard","meta":{"footnotes":""},"categories":[118],"tags":[935,2874,78,81,3133,531,1894,55,3134,2256,15,2478,468,3136,2894,2188,3131,3135,3132],"class_list":["post-1732","post","type-post","status-publish","format-standard","has-post-thumbnail","hentry","category-haus-garten","tag-als","tag-dekoration","tag-den","tag-der","tag-dient","tag-dieses","tag-franzoesischen","tag-fuer","tag-gleichzeitig","tag-grundnahrungsmittel","tag-ist","tag-klassische","tag-kueche","tag-landhauskuechenlook","tag-martha","tag-perfekte","tag-stewart","tag-typischen","tag-verliebt","generate-columns","tablet-grid-50","mobile-grid-100","grid-parent","grid-50"],"yoast_head":"<!-- This site is optimized with the Yoast SEO plugin v27.3 - https:\/\/yoast.com\/product\/yoast-seo-wordpress\/ -->\n<title>Martha Stewart ist \u201everliebt\u201c in dieses klassische Grundnahrungsmittel der franz\u00f6sischen K\u00fcche \u2013 es dient gleichzeitig als perfekte Dekoration f\u00fcr den typischen Landhaus-K\u00fcchen-Look - Nachrichten - Stra\u00dfenweb<\/title>\n<meta name=\"robots\" content=\"index, follow, max-snippet:-1, max-image-preview:large, max-video-preview:-1\" \/>\n<link rel=\"canonical\" href=\"https:\/\/www.strassenweb.de\/nachrichten\/martha-stewart-ist-verliebt-in-dieses-klassische-grundnahrungsmittel-der-franzoesischen-kueche-es-dient-gleichzeitig-als-perfekte-dekoration-fuer-den-typischen-landhaus-kue\/\" \/>\n<meta property=\"og:locale\" content=\"de_DE\" \/>\n<meta property=\"og:type\" content=\"article\" \/>\n<meta property=\"og:title\" content=\"Martha Stewart ist \u201everliebt\u201c in dieses klassische Grundnahrungsmittel der franz\u00f6sischen K\u00fcche \u2013 es dient gleichzeitig als perfekte Dekoration f\u00fcr den typischen Landhaus-K\u00fcchen-Look - Nachrichten - Stra\u00dfenweb\" \/>\n<meta property=\"og:description\" content=\"Franz\u00f6sische Landhausk\u00fcchen geh\u00f6ren zu den beliebtesten Designstilen des Jahres 2024. Der zeitlose, romantische Stil begr\u00fc\u00dft antike Oberfl\u00e4chen, luxuri\u00f6se Details und rustikale Akzente. Gl\u00fccklicherweise gen\u00fcgt ein\" \/>\n<meta property=\"og:url\" content=\"https:\/\/www.strassenweb.de\/nachrichten\/martha-stewart-ist-verliebt-in-dieses-klassische-grundnahrungsmittel-der-franzoesischen-kueche-es-dient-gleichzeitig-als-perfekte-dekoration-fuer-den-typischen-landhaus-kue\/\" \/>\n<meta property=\"og:site_name\" content=\"Stra\u00dfenweb\" \/>\n<meta property=\"article:publisher\" content=\"https:\/\/www.facebook.com\/strassenweb\/\" \/>\n<meta property=\"article:published_time\" content=\"2024-11-23T23:48:12+00:00\" \/>\n<meta property=\"article:modified_time\" content=\"2024-11-23T23:48:13+00:00\" \/>\n<meta property=\"og:image\" content=\"https:\/\/www.strassenweb.de\/nachrichten\/wp-content\/uploads\/2024\/11\/Martha-Stewart-ist-\u201everliebt-in-dieses-klassische-Grundnahrungsmittel-der-franzoesischen.jpg\" \/>\n\t<meta property=\"og:image:width\" content=\"1200\" \/>\n\t<meta property=\"og:image:height\" content=\"675\" \/>\n\t<meta property=\"og:image:type\" content=\"image\/jpeg\" \/>\n<meta name=\"author\" content=\"Robert Hoffmann\" \/>\n<meta name=\"twitter:card\" content=\"summary_large_image\" \/>\n<meta name=\"twitter:label1\" content=\"Verfasst von\" \/>\n\t<meta name=\"twitter:data1\" content=\"Robert Hoffmann\" \/>\n\t<meta name=\"twitter:label2\" content=\"Gesch\u00e4tzte Lesezeit\" \/>\n\t<meta name=\"twitter:data2\" content=\"3\u00a0Minuten\" \/>\n<script type=\"application\/ld+json\" class=\"yoast-schema-graph\">{\"@context\":\"https:\\\/\\\/schema.org\",\"@graph\":[{\"@type\":\"Article\",\"@id\":\"https:\\\/\\\/www.strassenweb.de\\\/nachrichten\\\/martha-stewart-ist-verliebt-in-dieses-klassische-grundnahrungsmittel-der-franzoesischen-kueche-es-dient-gleichzeitig-als-perfekte-dekoration-fuer-den-typischen-landhaus-kue\\\/#article\",\"isPartOf\":{\"@id\":\"https:\\\/\\\/www.strassenweb.de\\\/nachrichten\\\/martha-stewart-ist-verliebt-in-dieses-klassische-grundnahrungsmittel-der-franzoesischen-kueche-es-dient-gleichzeitig-als-perfekte-dekoration-fuer-den-typischen-landhaus-kue\\\/\"},\"author\":{\"name\":\"Robert Hoffmann\",\"@id\":\"https:\\\/\\\/www.strassenweb.de\\\/nachrichten\\\/#\\\/schema\\\/person\\\/87c9c9067f1211da429a744dc5a5aa41\"},\"headline\":\"Martha Stewart ist \u201everliebt\u201c in dieses klassische Grundnahrungsmittel der franz\u00f6sischen K\u00fcche \u2013 es dient gleichzeitig als perfekte Dekoration f\u00fcr den typischen Landhaus-K\u00fcchen-Look\",\"datePublished\":\"2024-11-23T23:48:12+00:00\",\"dateModified\":\"2024-11-23T23:48:13+00:00\",\"mainEntityOfPage\":{\"@id\":\"https:\\\/\\\/www.strassenweb.de\\\/nachrichten\\\/martha-stewart-ist-verliebt-in-dieses-klassische-grundnahrungsmittel-der-franzoesischen-kueche-es-dient-gleichzeitig-als-perfekte-dekoration-fuer-den-typischen-landhaus-kue\\\/\"},\"wordCount\":555,\"publisher\":{\"@id\":\"https:\\\/\\\/www.strassenweb.de\\\/nachrichten\\\/#organization\"},\"image\":{\"@id\":\"https:\\\/\\\/www.strassenweb.de\\\/nachrichten\\\/martha-stewart-ist-verliebt-in-dieses-klassische-grundnahrungsmittel-der-franzoesischen-kueche-es-dient-gleichzeitig-als-perfekte-dekoration-fuer-den-typischen-landhaus-kue\\\/#primaryimage\"},\"thumbnailUrl\":\"https:\\\/\\\/www.strassenweb.de\\\/nachrichten\\\/wp-content\\\/uploads\\\/2024\\\/11\\\/Martha-Stewart-ist-\u201everliebt-in-dieses-klassische-Grundnahrungsmittel-der-franzoesischen.jpg\",\"keywords\":[\"als\",\"Dekoration\",\"den\",\"der\",\"dient\",\"dieses\",\"franz\u00f6sischen\",\"f\u00fcr\",\"gleichzeitig\",\"Grundnahrungsmittel\",\"ist\",\"klassische\",\"K\u00fcche\",\"LandhausK\u00fcchenLook\",\"Martha\",\"perfekte\",\"Stewart\",\"typischen\",\"verliebt\"],\"articleSection\":[\"Haus &amp; Garten\"],\"inLanguage\":\"de\"},{\"@type\":\"WebPage\",\"@id\":\"https:\\\/\\\/www.strassenweb.de\\\/nachrichten\\\/martha-stewart-ist-verliebt-in-dieses-klassische-grundnahrungsmittel-der-franzoesischen-kueche-es-dient-gleichzeitig-als-perfekte-dekoration-fuer-den-typischen-landhaus-kue\\\/\",\"url\":\"https:\\\/\\\/www.strassenweb.de\\\/nachrichten\\\/martha-stewart-ist-verliebt-in-dieses-klassische-grundnahrungsmittel-der-franzoesischen-kueche-es-dient-gleichzeitig-als-perfekte-dekoration-fuer-den-typischen-landhaus-kue\\\/\",\"name\":\"Martha Stewart ist \u201everliebt\u201c in dieses klassische Grundnahrungsmittel der franz\u00f6sischen K\u00fcche \u2013 es dient gleichzeitig als perfekte Dekoration f\u00fcr den typischen Landhaus-K\u00fcchen-Look - Nachrichten - Stra\u00dfenweb\",\"isPartOf\":{\"@id\":\"https:\\\/\\\/www.strassenweb.de\\\/nachrichten\\\/#website\"},\"primaryImageOfPage\":{\"@id\":\"https:\\\/\\\/www.strassenweb.de\\\/nachrichten\\\/martha-stewart-ist-verliebt-in-dieses-klassische-grundnahrungsmittel-der-franzoesischen-kueche-es-dient-gleichzeitig-als-perfekte-dekoration-fuer-den-typischen-landhaus-kue\\\/#primaryimage\"},\"image\":{\"@id\":\"https:\\\/\\\/www.strassenweb.de\\\/nachrichten\\\/martha-stewart-ist-verliebt-in-dieses-klassische-grundnahrungsmittel-der-franzoesischen-kueche-es-dient-gleichzeitig-als-perfekte-dekoration-fuer-den-typischen-landhaus-kue\\\/#primaryimage\"},\"thumbnailUrl\":\"https:\\\/\\\/www.strassenweb.de\\\/nachrichten\\\/wp-content\\\/uploads\\\/2024\\\/11\\\/Martha-Stewart-ist-\u201everliebt-in-dieses-klassische-Grundnahrungsmittel-der-franzoesischen.jpg\",\"datePublished\":\"2024-11-23T23:48:12+00:00\",\"dateModified\":\"2024-11-23T23:48:13+00:00\",\"breadcrumb\":{\"@id\":\"https:\\\/\\\/www.strassenweb.de\\\/nachrichten\\\/martha-stewart-ist-verliebt-in-dieses-klassische-grundnahrungsmittel-der-franzoesischen-kueche-es-dient-gleichzeitig-als-perfekte-dekoration-fuer-den-typischen-landhaus-kue\\\/#breadcrumb\"},\"inLanguage\":\"de\",\"potentialAction\":[{\"@type\":\"ReadAction\",\"target\":[\"https:\\\/\\\/www.strassenweb.de\\\/nachrichten\\\/martha-stewart-ist-verliebt-in-dieses-klassische-grundnahrungsmittel-der-franzoesischen-kueche-es-dient-gleichzeitig-als-perfekte-dekoration-fuer-den-typischen-landhaus-kue\\\/\"]}]},{\"@type\":\"ImageObject\",\"inLanguage\":\"de\",\"@id\":\"https:\\\/\\\/www.strassenweb.de\\\/nachrichten\\\/martha-stewart-ist-verliebt-in-dieses-klassische-grundnahrungsmittel-der-franzoesischen-kueche-es-dient-gleichzeitig-als-perfekte-dekoration-fuer-den-typischen-landhaus-kue\\\/#primaryimage\",\"url\":\"https:\\\/\\\/www.strassenweb.de\\\/nachrichten\\\/wp-content\\\/uploads\\\/2024\\\/11\\\/Martha-Stewart-ist-\u201everliebt-in-dieses-klassische-Grundnahrungsmittel-der-franzoesischen.jpg\",\"contentUrl\":\"https:\\\/\\\/www.strassenweb.de\\\/nachrichten\\\/wp-content\\\/uploads\\\/2024\\\/11\\\/Martha-Stewart-ist-\u201everliebt-in-dieses-klassische-Grundnahrungsmittel-der-franzoesischen.jpg\",\"width\":1200,\"height\":675,\"caption\":\"Martha Stewart ist \u201everliebt\u201c in dieses klassische Grundnahrungsmittel der franz\u00f6sischen K\u00fcche \u2013 es dient gleichzeitig als perfekte Dekoration f\u00fcr den typischen Landhaus-K\u00fcchen-Look\"},{\"@type\":\"BreadcrumbList\",\"@id\":\"https:\\\/\\\/www.strassenweb.de\\\/nachrichten\\\/martha-stewart-ist-verliebt-in-dieses-klassische-grundnahrungsmittel-der-franzoesischen-kueche-es-dient-gleichzeitig-als-perfekte-dekoration-fuer-den-typischen-landhaus-kue\\\/#breadcrumb\",\"itemListElement\":[{\"@type\":\"ListItem\",\"position\":1,\"name\":\"Home\",\"item\":\"https:\\\/\\\/www.strassenweb.de\\\/nachrichten\\\/\"},{\"@type\":\"ListItem\",\"position\":2,\"name\":\"Martha Stewart ist \u201everliebt\u201c in dieses klassische Grundnahrungsmittel der franz\u00f6sischen K\u00fcche \u2013 es dient gleichzeitig als perfekte Dekoration f\u00fcr den typischen Landhaus-K\u00fcchen-Look\"}]},{\"@type\":\"WebSite\",\"@id\":\"https:\\\/\\\/www.strassenweb.de\\\/nachrichten\\\/#website\",\"url\":\"https:\\\/\\\/www.strassenweb.de\\\/nachrichten\\\/\",\"name\":\"Stra\u00dfenweb\",\"description\":\"Stra\u00dfenverzeichnis f\u00fcr Deutschland\",\"publisher\":{\"@id\":\"https:\\\/\\\/www.strassenweb.de\\\/nachrichten\\\/#organization\"},\"potentialAction\":[{\"@type\":\"SearchAction\",\"target\":{\"@type\":\"EntryPoint\",\"urlTemplate\":\"https:\\\/\\\/www.strassenweb.de\\\/nachrichten\\\/?s={search_term_string}\"},\"query-input\":{\"@type\":\"PropertyValueSpecification\",\"valueRequired\":true,\"valueName\":\"search_term_string\"}}],\"inLanguage\":\"de\"},{\"@type\":\"Organization\",\"@id\":\"https:\\\/\\\/www.strassenweb.de\\\/nachrichten\\\/#organization\",\"name\":\"Stra\u00dfenweb\",\"url\":\"https:\\\/\\\/www.strassenweb.de\\\/nachrichten\\\/\",\"logo\":{\"@type\":\"ImageObject\",\"inLanguage\":\"de\",\"@id\":\"https:\\\/\\\/www.strassenweb.de\\\/nachrichten\\\/#\\\/schema\\\/logo\\\/image\\\/\",\"url\":\"https:\\\/\\\/www.strassenweb.de\\\/nachrichten\\\/wp-content\\\/uploads\\\/2024\\\/09\\\/cropped-favicon.png\",\"contentUrl\":\"https:\\\/\\\/www.strassenweb.de\\\/nachrichten\\\/wp-content\\\/uploads\\\/2024\\\/09\\\/cropped-favicon.png\",\"width\":512,\"height\":512,\"caption\":\"Stra\u00dfenweb\"},\"image\":{\"@id\":\"https:\\\/\\\/www.strassenweb.de\\\/nachrichten\\\/#\\\/schema\\\/logo\\\/image\\\/\"},\"sameAs\":[\"https:\\\/\\\/www.facebook.com\\\/strassenweb\\\/\"]},{\"@type\":\"Person\",\"@id\":\"https:\\\/\\\/www.strassenweb.de\\\/nachrichten\\\/#\\\/schema\\\/person\\\/87c9c9067f1211da429a744dc5a5aa41\",\"name\":\"Robert Hoffmann\",\"image\":{\"@type\":\"ImageObject\",\"inLanguage\":\"de\",\"@id\":\"https:\\\/\\\/www.strassenweb.de\\\/nachrichten\\\/wp-content\\\/uploads\\\/2024\\\/09\\\/strassenweb-150x150.jpg\",\"url\":\"https:\\\/\\\/www.strassenweb.de\\\/nachrichten\\\/wp-content\\\/uploads\\\/2024\\\/09\\\/strassenweb-150x150.jpg\",\"contentUrl\":\"https:\\\/\\\/www.strassenweb.de\\\/nachrichten\\\/wp-content\\\/uploads\\\/2024\\\/09\\\/strassenweb-150x150.jpg\",\"caption\":\"Robert Hoffmann\"},\"description\":\"Ich hei\u00dfe Robert Hoffmann und ich bin ein leidenschaftlicher Verfechter von \u00d6kologie und Biodiversit\u00e4t. Seit meiner Kindheit in den W\u00e4ldern Bayerns f\u00fchle ich mich mit der Natur verbunden und bin entschlossen, sie zu sch\u00fctzen. Heute widme ich mein Leben der Sensibilisierung anderer f\u00fcr die Bedeutung des Umweltschutzes f\u00fcr zuk\u00fcnftige Generationen.\",\"sameAs\":[\"https:\\\/\\\/www.strassenweb.de\\\/\"]}]}<\/script>\n<!-- \/ Yoast SEO plugin. -->","yoast_head_json":{"title":"Martha Stewart ist \u201everliebt\u201c in dieses klassische Grundnahrungsmittel der franz\u00f6sischen K\u00fcche \u2013 es dient gleichzeitig als perfekte Dekoration f\u00fcr den typischen Landhaus-K\u00fcchen-Look - Nachrichten - Stra\u00dfenweb","robots":{"index":"index","follow":"follow","max-snippet":"max-snippet:-1","max-image-preview":"max-image-preview:large","max-video-preview":"max-video-preview:-1"},"canonical":"https:\/\/www.strassenweb.de\/nachrichten\/martha-stewart-ist-verliebt-in-dieses-klassische-grundnahrungsmittel-der-franzoesischen-kueche-es-dient-gleichzeitig-als-perfekte-dekoration-fuer-den-typischen-landhaus-kue\/","og_locale":"de_DE","og_type":"article","og_title":"Martha Stewart ist \u201everliebt\u201c in dieses klassische Grundnahrungsmittel der franz\u00f6sischen K\u00fcche \u2013 es dient gleichzeitig als perfekte Dekoration f\u00fcr den typischen Landhaus-K\u00fcchen-Look - Nachrichten - Stra\u00dfenweb","og_description":"Franz\u00f6sische Landhausk\u00fcchen geh\u00f6ren zu den beliebtesten Designstilen des Jahres 2024. Der zeitlose, romantische Stil begr\u00fc\u00dft antike Oberfl\u00e4chen, luxuri\u00f6se Details und rustikale Akzente. Gl\u00fccklicherweise gen\u00fcgt ein","og_url":"https:\/\/www.strassenweb.de\/nachrichten\/martha-stewart-ist-verliebt-in-dieses-klassische-grundnahrungsmittel-der-franzoesischen-kueche-es-dient-gleichzeitig-als-perfekte-dekoration-fuer-den-typischen-landhaus-kue\/","og_site_name":"Stra\u00dfenweb","article_publisher":"https:\/\/www.facebook.com\/strassenweb\/","article_published_time":"2024-11-23T23:48:12+00:00","article_modified_time":"2024-11-23T23:48:13+00:00","og_image":[{"width":1200,"height":675,"url":"https:\/\/www.strassenweb.de\/nachrichten\/wp-content\/uploads\/2024\/11\/Martha-Stewart-ist-\u201everliebt-in-dieses-klassische-Grundnahrungsmittel-der-franzoesischen.jpg","type":"image\/jpeg"}],"author":"Robert Hoffmann","twitter_card":"summary_large_image","twitter_misc":{"Verfasst von":"Robert Hoffmann","Gesch\u00e4tzte Lesezeit":"3\u00a0Minuten"},"schema":{"@context":"https:\/\/schema.org","@graph":[{"@type":"Article","@id":"https:\/\/www.strassenweb.de\/nachrichten\/martha-stewart-ist-verliebt-in-dieses-klassische-grundnahrungsmittel-der-franzoesischen-kueche-es-dient-gleichzeitig-als-perfekte-dekoration-fuer-den-typischen-landhaus-kue\/#article","isPartOf":{"@id":"https:\/\/www.strassenweb.de\/nachrichten\/martha-stewart-ist-verliebt-in-dieses-klassische-grundnahrungsmittel-der-franzoesischen-kueche-es-dient-gleichzeitig-als-perfekte-dekoration-fuer-den-typischen-landhaus-kue\/"},"author":{"name":"Robert Hoffmann","@id":"https:\/\/www.strassenweb.de\/nachrichten\/#\/schema\/person\/87c9c9067f1211da429a744dc5a5aa41"},"headline":"Martha Stewart ist \u201everliebt\u201c in dieses klassische Grundnahrungsmittel der franz\u00f6sischen K\u00fcche \u2013 es dient gleichzeitig als perfekte Dekoration f\u00fcr den typischen Landhaus-K\u00fcchen-Look","datePublished":"2024-11-23T23:48:12+00:00","dateModified":"2024-11-23T23:48:13+00:00","mainEntityOfPage":{"@id":"https:\/\/www.strassenweb.de\/nachrichten\/martha-stewart-ist-verliebt-in-dieses-klassische-grundnahrungsmittel-der-franzoesischen-kueche-es-dient-gleichzeitig-als-perfekte-dekoration-fuer-den-typischen-landhaus-kue\/"},"wordCount":555,"publisher":{"@id":"https:\/\/www.strassenweb.de\/nachrichten\/#organization"},"image":{"@id":"https:\/\/www.strassenweb.de\/nachrichten\/martha-stewart-ist-verliebt-in-dieses-klassische-grundnahrungsmittel-der-franzoesischen-kueche-es-dient-gleichzeitig-als-perfekte-dekoration-fuer-den-typischen-landhaus-kue\/#primaryimage"},"thumbnailUrl":"https:\/\/www.strassenweb.de\/nachrichten\/wp-content\/uploads\/2024\/11\/Martha-Stewart-ist-\u201everliebt-in-dieses-klassische-Grundnahrungsmittel-der-franzoesischen.jpg","keywords":["als","Dekoration","den","der","dient","dieses","franz\u00f6sischen","f\u00fcr","gleichzeitig","Grundnahrungsmittel","ist","klassische","K\u00fcche","LandhausK\u00fcchenLook","Martha","perfekte","Stewart","typischen","verliebt"],"articleSection":["Haus &amp; Garten"],"inLanguage":"de"},{"@type":"WebPage","@id":"https:\/\/www.strassenweb.de\/nachrichten\/martha-stewart-ist-verliebt-in-dieses-klassische-grundnahrungsmittel-der-franzoesischen-kueche-es-dient-gleichzeitig-als-perfekte-dekoration-fuer-den-typischen-landhaus-kue\/","url":"https:\/\/www.strassenweb.de\/nachrichten\/martha-stewart-ist-verliebt-in-dieses-klassische-grundnahrungsmittel-der-franzoesischen-kueche-es-dient-gleichzeitig-als-perfekte-dekoration-fuer-den-typischen-landhaus-kue\/","name":"Martha Stewart ist \u201everliebt\u201c in dieses klassische Grundnahrungsmittel der franz\u00f6sischen K\u00fcche \u2013 es dient gleichzeitig als perfekte Dekoration f\u00fcr den typischen Landhaus-K\u00fcchen-Look - Nachrichten - Stra\u00dfenweb","isPartOf":{"@id":"https:\/\/www.strassenweb.de\/nachrichten\/#website"},"primaryImageOfPage":{"@id":"https:\/\/www.strassenweb.de\/nachrichten\/martha-stewart-ist-verliebt-in-dieses-klassische-grundnahrungsmittel-der-franzoesischen-kueche-es-dient-gleichzeitig-als-perfekte-dekoration-fuer-den-typischen-landhaus-kue\/#primaryimage"},"image":{"@id":"https:\/\/www.strassenweb.de\/nachrichten\/martha-stewart-ist-verliebt-in-dieses-klassische-grundnahrungsmittel-der-franzoesischen-kueche-es-dient-gleichzeitig-als-perfekte-dekoration-fuer-den-typischen-landhaus-kue\/#primaryimage"},"thumbnailUrl":"https:\/\/www.strassenweb.de\/nachrichten\/wp-content\/uploads\/2024\/11\/Martha-Stewart-ist-\u201everliebt-in-dieses-klassische-Grundnahrungsmittel-der-franzoesischen.jpg","datePublished":"2024-11-23T23:48:12+00:00","dateModified":"2024-11-23T23:48:13+00:00","breadcrumb":{"@id":"https:\/\/www.strassenweb.de\/nachrichten\/martha-stewart-ist-verliebt-in-dieses-klassische-grundnahrungsmittel-der-franzoesischen-kueche-es-dient-gleichzeitig-als-perfekte-dekoration-fuer-den-typischen-landhaus-kue\/#breadcrumb"},"inLanguage":"de","potentialAction":[{"@type":"ReadAction","target":["https:\/\/www.strassenweb.de\/nachrichten\/martha-stewart-ist-verliebt-in-dieses-klassische-grundnahrungsmittel-der-franzoesischen-kueche-es-dient-gleichzeitig-als-perfekte-dekoration-fuer-den-typischen-landhaus-kue\/"]}]},{"@type":"ImageObject","inLanguage":"de","@id":"https:\/\/www.strassenweb.de\/nachrichten\/martha-stewart-ist-verliebt-in-dieses-klassische-grundnahrungsmittel-der-franzoesischen-kueche-es-dient-gleichzeitig-als-perfekte-dekoration-fuer-den-typischen-landhaus-kue\/#primaryimage","url":"https:\/\/www.strassenweb.de\/nachrichten\/wp-content\/uploads\/2024\/11\/Martha-Stewart-ist-\u201everliebt-in-dieses-klassische-Grundnahrungsmittel-der-franzoesischen.jpg","contentUrl":"https:\/\/www.strassenweb.de\/nachrichten\/wp-content\/uploads\/2024\/11\/Martha-Stewart-ist-\u201everliebt-in-dieses-klassische-Grundnahrungsmittel-der-franzoesischen.jpg","width":1200,"height":675,"caption":"Martha Stewart ist \u201everliebt\u201c in dieses klassische Grundnahrungsmittel der franz\u00f6sischen K\u00fcche \u2013 es dient gleichzeitig als perfekte Dekoration f\u00fcr den typischen Landhaus-K\u00fcchen-Look"},{"@type":"BreadcrumbList","@id":"https:\/\/www.strassenweb.de\/nachrichten\/martha-stewart-ist-verliebt-in-dieses-klassische-grundnahrungsmittel-der-franzoesischen-kueche-es-dient-gleichzeitig-als-perfekte-dekoration-fuer-den-typischen-landhaus-kue\/#breadcrumb","itemListElement":[{"@type":"ListItem","position":1,"name":"Home","item":"https:\/\/www.strassenweb.de\/nachrichten\/"},{"@type":"ListItem","position":2,"name":"Martha Stewart ist \u201everliebt\u201c in dieses klassische Grundnahrungsmittel der franz\u00f6sischen K\u00fcche \u2013 es dient gleichzeitig als perfekte Dekoration f\u00fcr den typischen Landhaus-K\u00fcchen-Look"}]},{"@type":"WebSite","@id":"https:\/\/www.strassenweb.de\/nachrichten\/#website","url":"https:\/\/www.strassenweb.de\/nachrichten\/","name":"Stra\u00dfenweb","description":"Stra\u00dfenverzeichnis f\u00fcr Deutschland","publisher":{"@id":"https:\/\/www.strassenweb.de\/nachrichten\/#organization"},"potentialAction":[{"@type":"SearchAction","target":{"@type":"EntryPoint","urlTemplate":"https:\/\/www.strassenweb.de\/nachrichten\/?s={search_term_string}"},"query-input":{"@type":"PropertyValueSpecification","valueRequired":true,"valueName":"search_term_string"}}],"inLanguage":"de"},{"@type":"Organization","@id":"https:\/\/www.strassenweb.de\/nachrichten\/#organization","name":"Stra\u00dfenweb","url":"https:\/\/www.strassenweb.de\/nachrichten\/","logo":{"@type":"ImageObject","inLanguage":"de","@id":"https:\/\/www.strassenweb.de\/nachrichten\/#\/schema\/logo\/image\/","url":"https:\/\/www.strassenweb.de\/nachrichten\/wp-content\/uploads\/2024\/09\/cropped-favicon.png","contentUrl":"https:\/\/www.strassenweb.de\/nachrichten\/wp-content\/uploads\/2024\/09\/cropped-favicon.png","width":512,"height":512,"caption":"Stra\u00dfenweb"},"image":{"@id":"https:\/\/www.strassenweb.de\/nachrichten\/#\/schema\/logo\/image\/"},"sameAs":["https:\/\/www.facebook.com\/strassenweb\/"]},{"@type":"Person","@id":"https:\/\/www.strassenweb.de\/nachrichten\/#\/schema\/person\/87c9c9067f1211da429a744dc5a5aa41","name":"Robert Hoffmann","image":{"@type":"ImageObject","inLanguage":"de","@id":"https:\/\/www.strassenweb.de\/nachrichten\/wp-content\/uploads\/2024\/09\/strassenweb-150x150.jpg","url":"https:\/\/www.strassenweb.de\/nachrichten\/wp-content\/uploads\/2024\/09\/strassenweb-150x150.jpg","contentUrl":"https:\/\/www.strassenweb.de\/nachrichten\/wp-content\/uploads\/2024\/09\/strassenweb-150x150.jpg","caption":"Robert Hoffmann"},"description":"Ich hei\u00dfe Robert Hoffmann und ich bin ein leidenschaftlicher Verfechter von \u00d6kologie und Biodiversit\u00e4t. Seit meiner Kindheit in den W\u00e4ldern Bayerns f\u00fchle ich mich mit der Natur verbunden und bin entschlossen, sie zu sch\u00fctzen. Heute widme ich mein Leben der Sensibilisierung anderer f\u00fcr die Bedeutung des Umweltschutzes f\u00fcr zuk\u00fcnftige Generationen.","sameAs":["https:\/\/www.strassenweb.de\/"]}]}},"_links":{"self":[{"href":"https:\/\/www.strassenweb.de\/nachrichten\/wp-json\/wp\/v2\/posts\/1732","targetHints":{"allow":["GET"]}}],"collection":[{"href":"https:\/\/www.strassenweb.de\/nachrichten\/wp-json\/wp\/v2\/posts"}],"about":[{"href":"https:\/\/www.strassenweb.de\/nachrichten\/wp-json\/wp\/v2\/types\/post"}],"author":[{"embeddable":true,"href":"https:\/\/www.strassenweb.de\/nachrichten\/wp-json\/wp\/v2\/users\/1"}],"replies":[{"embeddable":true,"href":"https:\/\/www.strassenweb.de\/nachrichten\/wp-json\/wp\/v2\/comments?post=1732"}],"version-history":[{"count":0,"href":"https:\/\/www.strassenweb.de\/nachrichten\/wp-json\/wp\/v2\/posts\/1732\/revisions"}],"wp:featuredmedia":[{"embeddable":true,"href":"https:\/\/www.strassenweb.de\/nachrichten\/wp-json\/wp\/v2\/media\/1733"}],"wp:attachment":[{"href":"https:\/\/www.strassenweb.de\/nachrichten\/wp-json\/wp\/v2\/media?parent=1732"}],"wp:term":[{"taxonomy":"category","embeddable":true,"href":"https:\/\/www.strassenweb.de\/nachrichten\/wp-json\/wp\/v2\/categories?post=1732"},{"taxonomy":"post_tag","embeddable":true,"href":"https:\/\/www.strassenweb.de\/nachrichten\/wp-json\/wp\/v2\/tags?post=1732"}],"curies":[{"name":"wp","href":"https:\/\/api.w.org\/{rel}","templated":true}]}}