{"id":1729,"date":"2024-11-23T20:39:23","date_gmt":"2024-11-23T19:39:23","guid":{"rendered":"https:\/\/www.strassenweb.de\/nachrichten\/so-gestalten-sie-den-perfekten-raum-fuer-geselliges-beisammensein-expertentipps-von-innenarchitekten\/"},"modified":"2024-11-23T20:39:24","modified_gmt":"2024-11-23T19:39:24","slug":"so-gestalten-sie-den-perfekten-raum-fuer-geselliges-beisammensein-expertentipps-von-innenarchitekten","status":"publish","type":"post","link":"https:\/\/www.strassenweb.de\/nachrichten\/so-gestalten-sie-den-perfekten-raum-fuer-geselliges-beisammensein-expertentipps-von-innenarchitekten\/","title":{"rendered":"So gestalten Sie den perfekten Raum f\u00fcr geselliges Beisammensein \u2013 Expertentipps von Innenarchitekten"},"content":{"rendered":"<p><\/p>\n<div id=\"article-body\" class=\"article__body \">\n<p>Wenn Sie einen Raum schaffen, in dem Sie sich unterhalten m\u00f6chten, ist es am wichtigsten, einen Ort zu schaffen, der die richtige Atmosph\u00e4re hat, einladend wirkt und in dem sich alle wohlf\u00fchlen.<\/p>\n<div id=\"ad-unit-1\" class=\"ad-unit\"><\/div>\n<p>Wenn wir uns unterhalten, gestalten wir beide die Dinge gerne so informell wie m\u00f6glich. Wenn Menschen bei Ihnen zu Hause sind, geht es darum, Spa\u00df zu haben, sich zu entspannen und sich gegenseitig zu genie\u00dfen. Sie m\u00f6chten kein Interieur schaffen, das schlicht, steif und pr\u00e4tenti\u00f6s ist.<\/p>\n<h3 class=\"article-body__section\" id=\"section-1-bring-in-a-variety-of-seating\"><span>1. Bringen Sie verschiedene Sitzgelegenheiten mit<\/span><\/h3>\n<figure class=\"van-image-figure inline-layout \" data-bordeaux-image-check>\n<div class=\"image-full-width-wrapper\">\n<div class=\"image-widthsetter\" style=\"max-width:2400px;\"><\/div>\n<\/div>\n<\/figure>\n<p>Eines der ersten Dinge, die bei der Raumaufteilung ber\u00fccksichtigt werden m\u00fcssen, sind Sitzideen. Wenn wir bei Martin Hulbert Design ein Hotel oder ein Restaurant planen, lassen wir uns von der Gestaltung eines gro\u00dfen Wohnzimmers im Landhausstil inspirieren. Verschiedene Arten von M\u00f6beln, von Sofas und formellen St\u00fchlen bis hin zu Hockern unterschiedlicher H\u00f6he, helfen dabei, den Raum in verschiedene Zonen zu unterteilen und erm\u00f6glichen den Menschen, sich frei zu bewegen.<\/p>\n<div id=\"desktop-in-article\" class=\"in-article ad-unit\">\n<div id=\"desktop-taboola-mid-article\"><\/div>\n<\/div>\n<div id=\"mobile-in-article\" class=\"in-article ad-unit\">\n<div id=\"mobile-taboola-mid-article\"><\/div>\n<\/div>\n<aside class=\"hawk-nest\" data-block-type=\"embed\" data-render-type=\"fte\" data-skip=\"dealsy\" data-widget-type=\"seasonal\">\n<div class=\"hawk-master-widget-hawk-base-wrapper\"><\/div>\n<\/aside>\n<p>Ein kleiner Tisch in einer Ecke kann ein guter Platz zum Sitzen sein. Wir haben oft Hocker unter dem Couchtisch, was verhindert, dass der Raum wie ein Meer aus St\u00fchlen aussieht.<\/p>\n<div class=\"van_vid_carousel\">\n<div class=\"van_vid_carousel__padding\">\n<div class=\"van_vid_carousel__container\"><\/div>\n<\/div>\n<\/div>\n<h3 class=\"article-body__section\" id=\"section-2-consider-how-the-room-will-sound\"><span>2. \u00dcberlegen Sie, wie der Raum klingen wird<\/span><\/h3>\n<p>Wenn Sie einen Raum gestalten, der voller Menschen ist, ist der Klang ein wichtiger Aspekt, den Sie ber\u00fccksichtigen sollten. Um das blecherne Ger\u00e4usch zu vermeiden, das die G\u00e4ste vielleicht nicht bewusst wahrnehmen, aber ein seltsames Gef\u00fchl hervorrufen, ist es wichtig, gen\u00fcgend Polsterm\u00f6bel zur Verf\u00fcgung zu haben. Stoffw\u00e4nde in Esszimmern sind unglaublich luxuri\u00f6s, aber wenn das nicht m\u00f6glich ist, sollten Sie die Verwendung riesiger Stoffbanner in Betracht ziehen, um mehr Schall zu absorbieren und dem Raum eine w\u00e4rmere Atmosph\u00e4re zu verleihen.<\/p>\n<div id=\"ad-unit-2\" class=\"ad-unit\"><\/div>\n<p>Auch Vorh\u00e4nge eignen sich hervorragend zum D\u00e4mpfen von Ger\u00e4uschen und f\u00fcr eine sanftere Atmosph\u00e4re, insbesondere aus wundersch\u00f6n verarbeitetem Leinen, das perfekt f\u00e4llt.<\/p>\n<h3 class=\"article-body__section\" id=\"section-3-keep-the-lighting-soft-and-dim\"><span>3. Halten Sie die Beleuchtung sanft und gedimmt<\/span><\/h3>\n<figure class=\"van-image-figure inline-layout \" data-bordeaux-image-check>\n<div class=\"image-full-width-wrapper\">\n<div class=\"image-widthsetter\" style=\"max-width:2000px;\"><\/div>\n<\/div>\n<\/figure>\n<p>Auch die Beleuchtung ist entscheidend f\u00fcr die richtige Atmosph\u00e4re. Lassen Sie niemals Oberlichter an; Streben Sie stattdessen nach einem leicht unterbeleuchteten Raum. Lampen in unterschiedlichen H\u00f6hen sorgen f\u00fcr das n\u00f6tige Licht und Lampenschirme in warmen Farben sorgen f\u00fcr eine gem\u00fctliche Atmosph\u00e4re. Manchmal spr\u00fche ich sogar die Innenseiten mit Goldfarbe ein, um einen sanfteren Glanz zu erzielen.<\/p>\n<h3 class=\"article-body__section\" id=\"section-4-be-flexible\"><span>4. Seien Sie flexibel<\/span><\/h3>\n<p>Sie m\u00fcssen mit Ihrem Raum flexibel sein. Menschen neigen dazu, nicht dort zu landen, wo Sie es erwarten. Es kann sch\u00f6n sein, Ihre G\u00e4ste im Haus herumzubewegen. F\u00fcr das Weihnachtsessen ist es sch\u00f6n, mit Canap\u00e9s in einem informellen Raum \u2013 nicht im Esszimmer \u2013 zu beginnen, damit der Gastgeber in die K\u00fcche zur\u00fcckkehren kann, um den Rest des Essens zu essen, und dann Ihre G\u00e4ste in den Speisesaal zu schicken, um das Abendessen zu servieren. Wenn die Dinge informell bleiben, f\u00fchlen sich alle entspannter.<\/p>\n<h3 class=\"article-body__section\" id=\"section-5-think-about-how-to-encourage-conversation\"><span>5. \u00dcberlegen Sie, wie Sie Gespr\u00e4che anregen k\u00f6nnen <\/span><\/h3>\n<p>Wir veranstalten gelegentlich gemeinsam einen Abendessenclub und haben festgestellt, dass das Teilen kleiner Teller die perfekte M\u00f6glichkeit ist, die Geselligkeit zu f\u00f6rdern. Wir w\u00fcrden selten passende Teller verwenden; Es ist besser, dar\u00fcber nachzudenken, wie ein Gericht auf einem Teller aussehen w\u00fcrde.<\/p>\n<p>Wir sammeln beide gerne T\u00f6pferwaren, daher ist es sch\u00f6n, die gefundenen Gegenst\u00e4nde verwenden zu k\u00f6nnen. Wenn Ihr Esstisch nicht gro\u00df genug ist, um alle G\u00e4ste unterzubringen, k\u00f6nnen Sie ein gro\u00dfes Brett kaufen, es \u00fcber den Tisch legen und dann ein Tuch dar\u00fcber werfen. Anstelle eines langen rechteckigen Tisches kann ein quadratischer Tisch sch\u00f6n sein, da alle einander gegen\u00fcberstehen und kein Kopf vorhanden ist und au\u00dferdem in der Mitte mehr Platz f\u00fcr Blumen und Essen entsteht.<\/p>\n<div class=\"product-container hero-product-container product-block-no-wrap\"><\/div>\n<\/div>\n","protected":false},"excerpt":{"rendered":"<p>Wenn Sie einen Raum schaffen, in dem Sie sich unterhalten m\u00f6chten, ist es am wichtigsten, einen Ort zu schaffen, der die richtige Atmosph\u00e4re hat, einladend<\/p>\n","protected":false},"author":1,"featured_media":1730,"comment_status":"closed","ping_status":"","sticky":false,"template":"","format":"standard","meta":{"footnotes":""},"categories":[118],"tags":[3130,78,416,55,3129,323,717,319,182,165,21],"class_list":["post-1729","post","type-post","status-publish","format-standard","has-post-thumbnail","hentry","category-haus-garten","tag-beisammensein","tag-den","tag-expertentipps","tag-fuer","tag-geselliges","tag-gestalten","tag-innenarchitekten","tag-perfekten","tag-raum","tag-sie","tag-von","generate-columns","tablet-grid-50","mobile-grid-100","grid-parent","grid-50"],"yoast_head":"<!-- This site is optimized with the Yoast SEO plugin v27.3 - https:\/\/yoast.com\/product\/yoast-seo-wordpress\/ -->\n<title>So gestalten Sie den perfekten Raum f\u00fcr geselliges Beisammensein \u2013 Expertentipps von Innenarchitekten - Nachrichten - Stra\u00dfenweb<\/title>\n<meta name=\"robots\" content=\"index, follow, max-snippet:-1, max-image-preview:large, max-video-preview:-1\" \/>\n<link rel=\"canonical\" href=\"https:\/\/www.strassenweb.de\/nachrichten\/so-gestalten-sie-den-perfekten-raum-fuer-geselliges-beisammensein-expertentipps-von-innenarchitekten\/\" \/>\n<meta property=\"og:locale\" content=\"de_DE\" \/>\n<meta property=\"og:type\" content=\"article\" \/>\n<meta property=\"og:title\" content=\"So gestalten Sie den perfekten Raum f\u00fcr geselliges Beisammensein \u2013 Expertentipps von Innenarchitekten - Nachrichten - Stra\u00dfenweb\" \/>\n<meta property=\"og:description\" content=\"Wenn Sie einen Raum schaffen, in dem Sie sich unterhalten m\u00f6chten, ist es am wichtigsten, einen Ort zu schaffen, der die richtige Atmosph\u00e4re hat, einladend\" \/>\n<meta property=\"og:url\" content=\"https:\/\/www.strassenweb.de\/nachrichten\/so-gestalten-sie-den-perfekten-raum-fuer-geselliges-beisammensein-expertentipps-von-innenarchitekten\/\" \/>\n<meta property=\"og:site_name\" content=\"Stra\u00dfenweb\" \/>\n<meta property=\"article:publisher\" content=\"https:\/\/www.facebook.com\/strassenweb\/\" \/>\n<meta property=\"article:published_time\" content=\"2024-11-23T19:39:23+00:00\" \/>\n<meta property=\"article:modified_time\" content=\"2024-11-23T19:39:24+00:00\" \/>\n<meta property=\"og:image\" content=\"https:\/\/www.strassenweb.de\/nachrichten\/wp-content\/uploads\/2024\/11\/So-gestalten-Sie-den-perfekten-Raum-fuer-geselliges-Beisammensein-\u2013.jpg\" \/>\n\t<meta property=\"og:image:width\" content=\"1200\" \/>\n\t<meta property=\"og:image:height\" content=\"675\" \/>\n\t<meta property=\"og:image:type\" content=\"image\/jpeg\" \/>\n<meta name=\"author\" content=\"Robert Hoffmann\" \/>\n<meta name=\"twitter:card\" content=\"summary_large_image\" \/>\n<meta name=\"twitter:label1\" content=\"Verfasst von\" \/>\n\t<meta name=\"twitter:data1\" content=\"Robert Hoffmann\" \/>\n\t<meta name=\"twitter:label2\" content=\"Gesch\u00e4tzte Lesezeit\" \/>\n\t<meta name=\"twitter:data2\" content=\"3\u00a0Minuten\" \/>\n<script type=\"application\/ld+json\" class=\"yoast-schema-graph\">{\"@context\":\"https:\\\/\\\/schema.org\",\"@graph\":[{\"@type\":\"Article\",\"@id\":\"https:\\\/\\\/www.strassenweb.de\\\/nachrichten\\\/so-gestalten-sie-den-perfekten-raum-fuer-geselliges-beisammensein-expertentipps-von-innenarchitekten\\\/#article\",\"isPartOf\":{\"@id\":\"https:\\\/\\\/www.strassenweb.de\\\/nachrichten\\\/so-gestalten-sie-den-perfekten-raum-fuer-geselliges-beisammensein-expertentipps-von-innenarchitekten\\\/\"},\"author\":{\"name\":\"Robert Hoffmann\",\"@id\":\"https:\\\/\\\/www.strassenweb.de\\\/nachrichten\\\/#\\\/schema\\\/person\\\/87c9c9067f1211da429a744dc5a5aa41\"},\"headline\":\"So gestalten Sie den perfekten Raum f\u00fcr geselliges Beisammensein \u2013 Expertentipps von Innenarchitekten\",\"datePublished\":\"2024-11-23T19:39:23+00:00\",\"dateModified\":\"2024-11-23T19:39:24+00:00\",\"mainEntityOfPage\":{\"@id\":\"https:\\\/\\\/www.strassenweb.de\\\/nachrichten\\\/so-gestalten-sie-den-perfekten-raum-fuer-geselliges-beisammensein-expertentipps-von-innenarchitekten\\\/\"},\"wordCount\":649,\"publisher\":{\"@id\":\"https:\\\/\\\/www.strassenweb.de\\\/nachrichten\\\/#organization\"},\"image\":{\"@id\":\"https:\\\/\\\/www.strassenweb.de\\\/nachrichten\\\/so-gestalten-sie-den-perfekten-raum-fuer-geselliges-beisammensein-expertentipps-von-innenarchitekten\\\/#primaryimage\"},\"thumbnailUrl\":\"https:\\\/\\\/www.strassenweb.de\\\/nachrichten\\\/wp-content\\\/uploads\\\/2024\\\/11\\\/So-gestalten-Sie-den-perfekten-Raum-fuer-geselliges-Beisammensein-\u2013.jpg\",\"keywords\":[\"Beisammensein\",\"den\",\"Expertentipps\",\"f\u00fcr\",\"geselliges\",\"gestalten\",\"Innenarchitekten\",\"perfekten\",\"Raum\",\"Sie\",\"von\"],\"articleSection\":[\"Haus &amp; Garten\"],\"inLanguage\":\"de\"},{\"@type\":\"WebPage\",\"@id\":\"https:\\\/\\\/www.strassenweb.de\\\/nachrichten\\\/so-gestalten-sie-den-perfekten-raum-fuer-geselliges-beisammensein-expertentipps-von-innenarchitekten\\\/\",\"url\":\"https:\\\/\\\/www.strassenweb.de\\\/nachrichten\\\/so-gestalten-sie-den-perfekten-raum-fuer-geselliges-beisammensein-expertentipps-von-innenarchitekten\\\/\",\"name\":\"So gestalten Sie den perfekten Raum f\u00fcr geselliges Beisammensein \u2013 Expertentipps von Innenarchitekten - Nachrichten - Stra\u00dfenweb\",\"isPartOf\":{\"@id\":\"https:\\\/\\\/www.strassenweb.de\\\/nachrichten\\\/#website\"},\"primaryImageOfPage\":{\"@id\":\"https:\\\/\\\/www.strassenweb.de\\\/nachrichten\\\/so-gestalten-sie-den-perfekten-raum-fuer-geselliges-beisammensein-expertentipps-von-innenarchitekten\\\/#primaryimage\"},\"image\":{\"@id\":\"https:\\\/\\\/www.strassenweb.de\\\/nachrichten\\\/so-gestalten-sie-den-perfekten-raum-fuer-geselliges-beisammensein-expertentipps-von-innenarchitekten\\\/#primaryimage\"},\"thumbnailUrl\":\"https:\\\/\\\/www.strassenweb.de\\\/nachrichten\\\/wp-content\\\/uploads\\\/2024\\\/11\\\/So-gestalten-Sie-den-perfekten-Raum-fuer-geselliges-Beisammensein-\u2013.jpg\",\"datePublished\":\"2024-11-23T19:39:23+00:00\",\"dateModified\":\"2024-11-23T19:39:24+00:00\",\"breadcrumb\":{\"@id\":\"https:\\\/\\\/www.strassenweb.de\\\/nachrichten\\\/so-gestalten-sie-den-perfekten-raum-fuer-geselliges-beisammensein-expertentipps-von-innenarchitekten\\\/#breadcrumb\"},\"inLanguage\":\"de\",\"potentialAction\":[{\"@type\":\"ReadAction\",\"target\":[\"https:\\\/\\\/www.strassenweb.de\\\/nachrichten\\\/so-gestalten-sie-den-perfekten-raum-fuer-geselliges-beisammensein-expertentipps-von-innenarchitekten\\\/\"]}]},{\"@type\":\"ImageObject\",\"inLanguage\":\"de\",\"@id\":\"https:\\\/\\\/www.strassenweb.de\\\/nachrichten\\\/so-gestalten-sie-den-perfekten-raum-fuer-geselliges-beisammensein-expertentipps-von-innenarchitekten\\\/#primaryimage\",\"url\":\"https:\\\/\\\/www.strassenweb.de\\\/nachrichten\\\/wp-content\\\/uploads\\\/2024\\\/11\\\/So-gestalten-Sie-den-perfekten-Raum-fuer-geselliges-Beisammensein-\u2013.jpg\",\"contentUrl\":\"https:\\\/\\\/www.strassenweb.de\\\/nachrichten\\\/wp-content\\\/uploads\\\/2024\\\/11\\\/So-gestalten-Sie-den-perfekten-Raum-fuer-geselliges-Beisammensein-\u2013.jpg\",\"width\":1200,\"height\":675,\"caption\":\"So gestalten Sie den perfekten Raum f\u00fcr geselliges Beisammensein \u2013 Expertentipps von Innenarchitekten\"},{\"@type\":\"BreadcrumbList\",\"@id\":\"https:\\\/\\\/www.strassenweb.de\\\/nachrichten\\\/so-gestalten-sie-den-perfekten-raum-fuer-geselliges-beisammensein-expertentipps-von-innenarchitekten\\\/#breadcrumb\",\"itemListElement\":[{\"@type\":\"ListItem\",\"position\":1,\"name\":\"Home\",\"item\":\"https:\\\/\\\/www.strassenweb.de\\\/nachrichten\\\/\"},{\"@type\":\"ListItem\",\"position\":2,\"name\":\"So gestalten Sie den perfekten Raum f\u00fcr geselliges Beisammensein \u2013 Expertentipps von Innenarchitekten\"}]},{\"@type\":\"WebSite\",\"@id\":\"https:\\\/\\\/www.strassenweb.de\\\/nachrichten\\\/#website\",\"url\":\"https:\\\/\\\/www.strassenweb.de\\\/nachrichten\\\/\",\"name\":\"Stra\u00dfenweb\",\"description\":\"Stra\u00dfenverzeichnis f\u00fcr Deutschland\",\"publisher\":{\"@id\":\"https:\\\/\\\/www.strassenweb.de\\\/nachrichten\\\/#organization\"},\"potentialAction\":[{\"@type\":\"SearchAction\",\"target\":{\"@type\":\"EntryPoint\",\"urlTemplate\":\"https:\\\/\\\/www.strassenweb.de\\\/nachrichten\\\/?s={search_term_string}\"},\"query-input\":{\"@type\":\"PropertyValueSpecification\",\"valueRequired\":true,\"valueName\":\"search_term_string\"}}],\"inLanguage\":\"de\"},{\"@type\":\"Organization\",\"@id\":\"https:\\\/\\\/www.strassenweb.de\\\/nachrichten\\\/#organization\",\"name\":\"Stra\u00dfenweb\",\"url\":\"https:\\\/\\\/www.strassenweb.de\\\/nachrichten\\\/\",\"logo\":{\"@type\":\"ImageObject\",\"inLanguage\":\"de\",\"@id\":\"https:\\\/\\\/www.strassenweb.de\\\/nachrichten\\\/#\\\/schema\\\/logo\\\/image\\\/\",\"url\":\"https:\\\/\\\/www.strassenweb.de\\\/nachrichten\\\/wp-content\\\/uploads\\\/2024\\\/09\\\/cropped-favicon.png\",\"contentUrl\":\"https:\\\/\\\/www.strassenweb.de\\\/nachrichten\\\/wp-content\\\/uploads\\\/2024\\\/09\\\/cropped-favicon.png\",\"width\":512,\"height\":512,\"caption\":\"Stra\u00dfenweb\"},\"image\":{\"@id\":\"https:\\\/\\\/www.strassenweb.de\\\/nachrichten\\\/#\\\/schema\\\/logo\\\/image\\\/\"},\"sameAs\":[\"https:\\\/\\\/www.facebook.com\\\/strassenweb\\\/\"]},{\"@type\":\"Person\",\"@id\":\"https:\\\/\\\/www.strassenweb.de\\\/nachrichten\\\/#\\\/schema\\\/person\\\/87c9c9067f1211da429a744dc5a5aa41\",\"name\":\"Robert Hoffmann\",\"image\":{\"@type\":\"ImageObject\",\"inLanguage\":\"de\",\"@id\":\"https:\\\/\\\/www.strassenweb.de\\\/nachrichten\\\/wp-content\\\/uploads\\\/2024\\\/09\\\/strassenweb-150x150.jpg\",\"url\":\"https:\\\/\\\/www.strassenweb.de\\\/nachrichten\\\/wp-content\\\/uploads\\\/2024\\\/09\\\/strassenweb-150x150.jpg\",\"contentUrl\":\"https:\\\/\\\/www.strassenweb.de\\\/nachrichten\\\/wp-content\\\/uploads\\\/2024\\\/09\\\/strassenweb-150x150.jpg\",\"caption\":\"Robert Hoffmann\"},\"description\":\"Ich hei\u00dfe Robert Hoffmann und ich bin ein leidenschaftlicher Verfechter von \u00d6kologie und Biodiversit\u00e4t. Seit meiner Kindheit in den W\u00e4ldern Bayerns f\u00fchle ich mich mit der Natur verbunden und bin entschlossen, sie zu sch\u00fctzen. Heute widme ich mein Leben der Sensibilisierung anderer f\u00fcr die Bedeutung des Umweltschutzes f\u00fcr zuk\u00fcnftige Generationen.\",\"sameAs\":[\"https:\\\/\\\/www.strassenweb.de\\\/\"]}]}<\/script>\n<!-- \/ Yoast SEO plugin. -->","yoast_head_json":{"title":"So gestalten Sie den perfekten Raum f\u00fcr geselliges Beisammensein \u2013 Expertentipps von Innenarchitekten - Nachrichten - Stra\u00dfenweb","robots":{"index":"index","follow":"follow","max-snippet":"max-snippet:-1","max-image-preview":"max-image-preview:large","max-video-preview":"max-video-preview:-1"},"canonical":"https:\/\/www.strassenweb.de\/nachrichten\/so-gestalten-sie-den-perfekten-raum-fuer-geselliges-beisammensein-expertentipps-von-innenarchitekten\/","og_locale":"de_DE","og_type":"article","og_title":"So gestalten Sie den perfekten Raum f\u00fcr geselliges Beisammensein \u2013 Expertentipps von Innenarchitekten - Nachrichten - Stra\u00dfenweb","og_description":"Wenn Sie einen Raum schaffen, in dem Sie sich unterhalten m\u00f6chten, ist es am wichtigsten, einen Ort zu schaffen, der die richtige Atmosph\u00e4re hat, einladend","og_url":"https:\/\/www.strassenweb.de\/nachrichten\/so-gestalten-sie-den-perfekten-raum-fuer-geselliges-beisammensein-expertentipps-von-innenarchitekten\/","og_site_name":"Stra\u00dfenweb","article_publisher":"https:\/\/www.facebook.com\/strassenweb\/","article_published_time":"2024-11-23T19:39:23+00:00","article_modified_time":"2024-11-23T19:39:24+00:00","og_image":[{"width":1200,"height":675,"url":"https:\/\/www.strassenweb.de\/nachrichten\/wp-content\/uploads\/2024\/11\/So-gestalten-Sie-den-perfekten-Raum-fuer-geselliges-Beisammensein-\u2013.jpg","type":"image\/jpeg"}],"author":"Robert Hoffmann","twitter_card":"summary_large_image","twitter_misc":{"Verfasst von":"Robert Hoffmann","Gesch\u00e4tzte Lesezeit":"3\u00a0Minuten"},"schema":{"@context":"https:\/\/schema.org","@graph":[{"@type":"Article","@id":"https:\/\/www.strassenweb.de\/nachrichten\/so-gestalten-sie-den-perfekten-raum-fuer-geselliges-beisammensein-expertentipps-von-innenarchitekten\/#article","isPartOf":{"@id":"https:\/\/www.strassenweb.de\/nachrichten\/so-gestalten-sie-den-perfekten-raum-fuer-geselliges-beisammensein-expertentipps-von-innenarchitekten\/"},"author":{"name":"Robert Hoffmann","@id":"https:\/\/www.strassenweb.de\/nachrichten\/#\/schema\/person\/87c9c9067f1211da429a744dc5a5aa41"},"headline":"So gestalten Sie den perfekten Raum f\u00fcr geselliges Beisammensein \u2013 Expertentipps von Innenarchitekten","datePublished":"2024-11-23T19:39:23+00:00","dateModified":"2024-11-23T19:39:24+00:00","mainEntityOfPage":{"@id":"https:\/\/www.strassenweb.de\/nachrichten\/so-gestalten-sie-den-perfekten-raum-fuer-geselliges-beisammensein-expertentipps-von-innenarchitekten\/"},"wordCount":649,"publisher":{"@id":"https:\/\/www.strassenweb.de\/nachrichten\/#organization"},"image":{"@id":"https:\/\/www.strassenweb.de\/nachrichten\/so-gestalten-sie-den-perfekten-raum-fuer-geselliges-beisammensein-expertentipps-von-innenarchitekten\/#primaryimage"},"thumbnailUrl":"https:\/\/www.strassenweb.de\/nachrichten\/wp-content\/uploads\/2024\/11\/So-gestalten-Sie-den-perfekten-Raum-fuer-geselliges-Beisammensein-\u2013.jpg","keywords":["Beisammensein","den","Expertentipps","f\u00fcr","geselliges","gestalten","Innenarchitekten","perfekten","Raum","Sie","von"],"articleSection":["Haus &amp; Garten"],"inLanguage":"de"},{"@type":"WebPage","@id":"https:\/\/www.strassenweb.de\/nachrichten\/so-gestalten-sie-den-perfekten-raum-fuer-geselliges-beisammensein-expertentipps-von-innenarchitekten\/","url":"https:\/\/www.strassenweb.de\/nachrichten\/so-gestalten-sie-den-perfekten-raum-fuer-geselliges-beisammensein-expertentipps-von-innenarchitekten\/","name":"So gestalten Sie den perfekten Raum f\u00fcr geselliges Beisammensein \u2013 Expertentipps von Innenarchitekten - Nachrichten - Stra\u00dfenweb","isPartOf":{"@id":"https:\/\/www.strassenweb.de\/nachrichten\/#website"},"primaryImageOfPage":{"@id":"https:\/\/www.strassenweb.de\/nachrichten\/so-gestalten-sie-den-perfekten-raum-fuer-geselliges-beisammensein-expertentipps-von-innenarchitekten\/#primaryimage"},"image":{"@id":"https:\/\/www.strassenweb.de\/nachrichten\/so-gestalten-sie-den-perfekten-raum-fuer-geselliges-beisammensein-expertentipps-von-innenarchitekten\/#primaryimage"},"thumbnailUrl":"https:\/\/www.strassenweb.de\/nachrichten\/wp-content\/uploads\/2024\/11\/So-gestalten-Sie-den-perfekten-Raum-fuer-geselliges-Beisammensein-\u2013.jpg","datePublished":"2024-11-23T19:39:23+00:00","dateModified":"2024-11-23T19:39:24+00:00","breadcrumb":{"@id":"https:\/\/www.strassenweb.de\/nachrichten\/so-gestalten-sie-den-perfekten-raum-fuer-geselliges-beisammensein-expertentipps-von-innenarchitekten\/#breadcrumb"},"inLanguage":"de","potentialAction":[{"@type":"ReadAction","target":["https:\/\/www.strassenweb.de\/nachrichten\/so-gestalten-sie-den-perfekten-raum-fuer-geselliges-beisammensein-expertentipps-von-innenarchitekten\/"]}]},{"@type":"ImageObject","inLanguage":"de","@id":"https:\/\/www.strassenweb.de\/nachrichten\/so-gestalten-sie-den-perfekten-raum-fuer-geselliges-beisammensein-expertentipps-von-innenarchitekten\/#primaryimage","url":"https:\/\/www.strassenweb.de\/nachrichten\/wp-content\/uploads\/2024\/11\/So-gestalten-Sie-den-perfekten-Raum-fuer-geselliges-Beisammensein-\u2013.jpg","contentUrl":"https:\/\/www.strassenweb.de\/nachrichten\/wp-content\/uploads\/2024\/11\/So-gestalten-Sie-den-perfekten-Raum-fuer-geselliges-Beisammensein-\u2013.jpg","width":1200,"height":675,"caption":"So gestalten Sie den perfekten Raum f\u00fcr geselliges Beisammensein \u2013 Expertentipps von Innenarchitekten"},{"@type":"BreadcrumbList","@id":"https:\/\/www.strassenweb.de\/nachrichten\/so-gestalten-sie-den-perfekten-raum-fuer-geselliges-beisammensein-expertentipps-von-innenarchitekten\/#breadcrumb","itemListElement":[{"@type":"ListItem","position":1,"name":"Home","item":"https:\/\/www.strassenweb.de\/nachrichten\/"},{"@type":"ListItem","position":2,"name":"So gestalten Sie den perfekten Raum f\u00fcr geselliges Beisammensein \u2013 Expertentipps von Innenarchitekten"}]},{"@type":"WebSite","@id":"https:\/\/www.strassenweb.de\/nachrichten\/#website","url":"https:\/\/www.strassenweb.de\/nachrichten\/","name":"Stra\u00dfenweb","description":"Stra\u00dfenverzeichnis f\u00fcr Deutschland","publisher":{"@id":"https:\/\/www.strassenweb.de\/nachrichten\/#organization"},"potentialAction":[{"@type":"SearchAction","target":{"@type":"EntryPoint","urlTemplate":"https:\/\/www.strassenweb.de\/nachrichten\/?s={search_term_string}"},"query-input":{"@type":"PropertyValueSpecification","valueRequired":true,"valueName":"search_term_string"}}],"inLanguage":"de"},{"@type":"Organization","@id":"https:\/\/www.strassenweb.de\/nachrichten\/#organization","name":"Stra\u00dfenweb","url":"https:\/\/www.strassenweb.de\/nachrichten\/","logo":{"@type":"ImageObject","inLanguage":"de","@id":"https:\/\/www.strassenweb.de\/nachrichten\/#\/schema\/logo\/image\/","url":"https:\/\/www.strassenweb.de\/nachrichten\/wp-content\/uploads\/2024\/09\/cropped-favicon.png","contentUrl":"https:\/\/www.strassenweb.de\/nachrichten\/wp-content\/uploads\/2024\/09\/cropped-favicon.png","width":512,"height":512,"caption":"Stra\u00dfenweb"},"image":{"@id":"https:\/\/www.strassenweb.de\/nachrichten\/#\/schema\/logo\/image\/"},"sameAs":["https:\/\/www.facebook.com\/strassenweb\/"]},{"@type":"Person","@id":"https:\/\/www.strassenweb.de\/nachrichten\/#\/schema\/person\/87c9c9067f1211da429a744dc5a5aa41","name":"Robert Hoffmann","image":{"@type":"ImageObject","inLanguage":"de","@id":"https:\/\/www.strassenweb.de\/nachrichten\/wp-content\/uploads\/2024\/09\/strassenweb-150x150.jpg","url":"https:\/\/www.strassenweb.de\/nachrichten\/wp-content\/uploads\/2024\/09\/strassenweb-150x150.jpg","contentUrl":"https:\/\/www.strassenweb.de\/nachrichten\/wp-content\/uploads\/2024\/09\/strassenweb-150x150.jpg","caption":"Robert Hoffmann"},"description":"Ich hei\u00dfe Robert Hoffmann und ich bin ein leidenschaftlicher Verfechter von \u00d6kologie und Biodiversit\u00e4t. Seit meiner Kindheit in den W\u00e4ldern Bayerns f\u00fchle ich mich mit der Natur verbunden und bin entschlossen, sie zu sch\u00fctzen. Heute widme ich mein Leben der Sensibilisierung anderer f\u00fcr die Bedeutung des Umweltschutzes f\u00fcr zuk\u00fcnftige Generationen.","sameAs":["https:\/\/www.strassenweb.de\/"]}]}},"_links":{"self":[{"href":"https:\/\/www.strassenweb.de\/nachrichten\/wp-json\/wp\/v2\/posts\/1729","targetHints":{"allow":["GET"]}}],"collection":[{"href":"https:\/\/www.strassenweb.de\/nachrichten\/wp-json\/wp\/v2\/posts"}],"about":[{"href":"https:\/\/www.strassenweb.de\/nachrichten\/wp-json\/wp\/v2\/types\/post"}],"author":[{"embeddable":true,"href":"https:\/\/www.strassenweb.de\/nachrichten\/wp-json\/wp\/v2\/users\/1"}],"replies":[{"embeddable":true,"href":"https:\/\/www.strassenweb.de\/nachrichten\/wp-json\/wp\/v2\/comments?post=1729"}],"version-history":[{"count":0,"href":"https:\/\/www.strassenweb.de\/nachrichten\/wp-json\/wp\/v2\/posts\/1729\/revisions"}],"wp:featuredmedia":[{"embeddable":true,"href":"https:\/\/www.strassenweb.de\/nachrichten\/wp-json\/wp\/v2\/media\/1730"}],"wp:attachment":[{"href":"https:\/\/www.strassenweb.de\/nachrichten\/wp-json\/wp\/v2\/media?parent=1729"}],"wp:term":[{"taxonomy":"category","embeddable":true,"href":"https:\/\/www.strassenweb.de\/nachrichten\/wp-json\/wp\/v2\/categories?post=1729"},{"taxonomy":"post_tag","embeddable":true,"href":"https:\/\/www.strassenweb.de\/nachrichten\/wp-json\/wp\/v2\/tags?post=1729"}],"curies":[{"name":"wp","href":"https:\/\/api.w.org\/{rel}","templated":true}]}}