{"id":16800,"date":"2026-09-06T14:39:22","date_gmt":"2026-09-06T12:39:22","guid":{"rendered":"https:\/\/www.strassenweb.de\/nachrichten\/bluetenblaetter-und-wurzeln-wie-man-die-schoenheit-des-spaetsommers-in-einem-im-garten-gesammelten-blumenstrauss-einfaengt\/"},"modified":"2026-09-06T14:39:37","modified_gmt":"2026-09-06T12:39:37","slug":"bluetenblaetter-und-wurzeln-wie-man-die-schoenheit-des-spaetsommers-in-einem-im-garten-gesammelten-blumenstrauss-einfaengt","status":"publish","type":"post","link":"https:\/\/www.strassenweb.de\/nachrichten\/bluetenblaetter-und-wurzeln-wie-man-die-schoenheit-des-spaetsommers-in-einem-im-garten-gesammelten-blumenstrauss-einfaengt\/","title":{"rendered":"Bl\u00fctenbl\u00e4tter und Wurzeln: Wie man die Sch\u00f6nheit des Sp\u00e4tsommers in einem im Garten gesammelten Blumenstrau\u00df einf\u00e4ngt"},"content":{"rendered":"<div id=\"article-body\" class=\"article__body \">\n<div data-analytics-id=\"utility-bar\" analytics-name=\"utility-bar\" id=\"utility-bar\" class=\"font-ui-heading flex justify-between items-center py-2 border-t border-b border-gray-300 border-solid mb-5 mx-auto\" data-component-name=\"UtilityBar\" data-mrf-recirculation=\"utility-bar\">\n<div class=\"flex gap-2 text-(#333) subcontainer\">\n<div class=\"relative tooltip-container\" role=\"tooltip\">\n<button id=\"utilitybar__button--share\" type=\"button\" aria-label=\"Share this article\" aria-expanded=\"false\" aria-controls=\"utilitybar__dropdown--share\" aria-haspopup=\"true\" data-analytics-id=\"article-social\" analytics-label=\"utility-bar-share\" analytics-name=\"utility-bar\" data-component-name=\"UtilityBar:ShareArticle:Button\" class=\"relative text-inherit leading-none text-xs flex items-center gap-1 font-ui-heading\" data-mrf-recirculation=\"article-social\"><br \/>\n<svg class=\"m-auto pointer-events-none size-5 text-inherit\" data-component-name=\"Icon\" aria-hidden=\"true\" width=\"23\" height=\"21\" viewbox=\"0 0 23 21\" fill=\"none\" xmlns=\"http:\/\/www.w3.org\/2000\/svg\">\n<path d=\"M13.8583 1.82131L18.7293 6.12806C20.6528 7.82875 21.6146 8.67912 21.6146 9.77454C21.6146 10.8701 20.6528 11.7204 18.7293 13.4211L13.8583 17.7279C12.9803 18.5041 12.5414 18.8923 12.1794 18.7306C11.8174 18.5689 11.8174 17.9847 11.8174 16.8162V13.9565C7.40295 13.9565 2.62061 16.0475 0.78125 19.5323C0.78125 8.38058 7.3212 5.59268 11.8174 5.59268V2.73294C11.8174 1.56445 11.8174 0.980213 12.1794 0.818536C12.5414 0.656859 12.9803 1.045 13.8583 1.82131Z\" stroke=\"#1B1B1B\" stroke-width=\"1.5625\" stroke-linecap=\"round\" stroke-linejoin=\"round\"><\/path>\n<\/svg><\/p>\n<p>Aktie<\/button><\/p>\n<div data-component-name=\"Social:Dropdown\" role=\"menu\" id=\"utilitybar__dropdown--share\" aria-labelledby=\"utilitybar__button--share\" class=\"absolute left-0 top-full w-44 bg-white rounded-md shadow-md border border-neutral-200 z-(9996) list-none m-0 py-2 px-3 border-solid\" style=\"grid-area: social-icons;\">\n<ul class=\"m-0!\">\n<li class=\"!p-0 !m-0 list-none border-b border-gray-200 border-solid\">\n<button type=\"button\" onclick=\"navigator.clipboard.writeText(window.location.href).then(() =&gt; {alert('Link copied')}).catch(err =&gt; {console.error('Failed to copy: ', err)})\" data-platform=\"copy_link\" data-action=\"\" class=\"font-ui-heading py-2 text-sm text-neutral-700 hover:bg-neutral-100 transition-colors no-underline block cursor-pointer border-0 bg-transparent hover:(&amp;_svg):filter-none w-full text-left normal-case\" aria-label=\"Copy link\" role=\"menuitem\" data-analytics-id=\"article-social\" analytics-label=\"utility-bar-social-share-copy-link\" analytics-name=\"utility-bar-secondary\" data-mrf-recirculation=\"article-social\"><br \/>\n<svg class=\"text-black size-8 w-6 h-6 inline-block mr-1.5\" data-component-name=\"Icon\" aria-hidden=\"true\" xmlns=\"http:\/\/www.w3.org\/2000\/svg\" fill=\"none\" viewbox=\"0 0 24 24\" stroke-width=\"1.5\" stroke=\"currentColor\" data-slot=\"icon\">\n<path stroke-linecap=\"round\" stroke-linejoin=\"round\" d=\"M13.19 8.688a4.5 4.5 0 0 1 1.242 7.244l-4.5 4.5a4.5 4.5 0 0 1-6.364-6.364l1.757-1.757m13.35-.622 1.757-1.757a4.5 4.5 0 0 0-6.364-6.364l-4.5 4.5a4.5 4.5 0 0 0 1.242 7.244\"><\/path>\n<\/svg><\/p>\n<p>Link kopieren<br \/>\n<\/button>\n<\/li>\n<li class=\"!p-0 !m-0 list-none border-b border-gray-200 border-solid\">\n<p><svg class=\"size-8 w-6 h-6 inline-block mr-1.5 text-primary-500\" data-component-name=\"Icon\" aria-hidden=\"true\" height=\"24\" viewbox=\"0 0 24 24\" width=\"24\" xmlns=\"http:\/\/www.w3.org\/2000\/svg\">\n<circle cx=\"12\" cy=\"12\" fill=\"#3b5998\" r=\"12\"><\/circle>\n<path d=\"m13.079 19h-2.9v-7h-1.441v-2.408h1.442v-1.456c0-1.96.813-3.136 3.136-3.136h1.933v2.408h-1.2c-.91 0-.965.35-.965.966v1.218h2.183l-.257 2.408h-1.931z\" fill=\"#fff\"><\/path>\n<\/svg><\/p>\n<p>Facebook<\/p>\n<\/li>\n<li class=\"!p-0 !m-0 list-none border-b border-gray-200 border-solid\">\n<a rel=\"nofollow\" href=\"https:\/\/twitter.com\/intent\/tweet?text=Petals+%26+Roots%3A+How+to+Capture+the+Beauty+of+Late+Summer+in+a+Garden-Gathered+Bouquet&amp;url=https%3A%2F%2Fwww.homesandgardens.com%2Fgardens%2Fpetals-and-roots-how-to-make-a-late-summer-bouquet\" data-platform=\"X\" class=\"font-ui-heading py-2 text-sm text-neutral-700 hover:bg-neutral-100 transition-colors no-underline block cursor-pointer border-0 bg-transparent hover:(&amp;_svg):filter-none\" aria-label=\"Share this page on X\" role=\"menuitem\" data-analytics-id=\"article-social\" analytics-label=\"utility-bar-social-share-X\" analytics-name=\"utility-bar-secondary\" target=\"_blank\" data-mrf-recirculation=\"article-social\"><br \/>\n<svg class=\"size-8 w-6 h-6 inline-block mr-1.5 text-primary-500\" data-component-name=\"Icon\" aria-hidden=\"true\" width=\"24\" height=\"24\" viewbox=\"0 0 24 24\" fill=\"none\" xmlns=\"http:\/\/www.w3.org\/2000\/svg\">\n<path fill-rule=\"evenodd\" clip-rule=\"evenodd\" d=\"M12 24C5.372 24 0 18.627 0 12C0 5.373 5.372 0 12 0C18.627 0 24 5.373 24 12C24 18.627 18.627 24 12 24Z\" fill=\"black\"><\/path>\n<path d=\"M13.1403 11.0842L17.6068 6H16.5488L12.6689 10.4137L9.57237 6H6L10.6836 12.6749L6 18.0059H7.05804L11.1526 13.3439L14.4235 18.0059H17.9959M7.4399 6.78133H9.06534L16.548 17.2629H14.9221\" fill=\"white\"><\/path>\n<\/svg><\/p>\n<p>X<br \/>\n<\/a>\n<\/li>\n<li class=\"!p-0 !m-0 list-none border-b border-gray-200 border-solid sm:hidden\">\n<p><svg class=\"size-8 w-6 h-6 inline-block mr-1.5 text-primary-500\" data-component-name=\"Icon\" aria-hidden=\"true\" width=\"24\" height=\"24\" viewbox=\"0 0 24 24\" fill=\"none\" xmlns=\"http:\/\/www.w3.org\/2000\/svg\">\n<g clip-path=\"url(#clip0_7607_1303)\">\n<path d=\"M12 24C18.6274 24 24 18.6274 24 12C24 5.37258 18.6274 0 12 0C5.37258 0 0 5.37258 0 12C0 18.6274 5.37258 24 12 24Z\" fill=\"#25D366\"><\/path>\n<path d=\"M16.9074 7.03131C16.2656 6.38465 15.5016 5.87206 14.6599 5.52334C13.8182 5.17462 12.9155 4.99674 12.0044 5.00005C10.7864 5.00124 9.59004 5.32242 8.53521 5.93143C7.48037 6.54045 6.60407 7.41592 5.99404 8.47015C5.38402 9.5244 5.06169 10.7204 5.05933 11.9384C5.05697 13.1565 5.37467 14.3537 5.98061 15.4103L5 19.0088L8.6773 18.0457C9.69271 18.6106 10.8337 18.9117 11.9956 18.9213C13.8428 18.9213 15.6151 18.1917 16.9269 16.8914C18.2387 15.5911 18.9838 13.8252 19 11.9782C18.9939 11.0565 18.8058 10.1451 18.4467 9.29619C18.0877 8.4473 17.5645 7.67764 16.9074 7.03131ZM12.0044 17.7218C10.9692 17.7225 9.95298 17.4442 9.06254 16.9163L8.85241 16.7849L6.6723 17.3628L7.25016 15.2352L7.11007 15.0163C6.3652 13.8139 6.0872 12.38 6.32875 10.9863C6.57029 9.59269 7.31461 8.33602 8.42068 7.4544C9.52675 6.57278 10.9177 6.12745 12.3302 6.20278C13.7426 6.27809 15.0784 6.86883 16.0844 7.86308C17.1841 8.93842 17.8136 10.4052 17.8355 11.9431C17.8217 13.4805 17.2012 14.9502 16.1091 16.0325C15.0171 17.1146 13.5418 17.7218 12.0044 17.7218ZM15.1651 13.3966C14.99 13.309 14.1407 12.8887 13.9831 12.8362C13.8255 12.7837 13.7029 12.7486 13.5891 12.9238C13.4179 13.1585 13.2336 13.3835 13.0375 13.5979C12.9412 13.7205 12.8361 13.7293 12.661 13.5979C11.6627 13.2034 10.8309 12.4767 10.3058 11.5404C10.122 11.2339 10.4809 11.2515 10.8136 10.5948C10.8382 10.5474 10.851 10.4949 10.851 10.4416C10.851 10.3883 10.8382 10.3357 10.8136 10.2884C10.8136 10.2008 10.4196 9.34276 10.2795 9.0013C10.1395 8.65983 9.99937 8.71236 9.88555 8.70361H9.54409C9.45562 8.70497 9.36846 8.7252 9.28843 8.76295C9.20841 8.80069 9.13736 8.85509 9.08005 8.9225C8.88359 9.11352 8.73037 9.34444 8.63068 9.59968C8.531 9.85492 8.48719 10.1286 8.50219 10.4022C8.55709 11.0572 8.80375 11.6814 9.21138 12.1971C9.95752 13.3141 10.9801 14.219 12.1795 14.8237C12.8086 15.1909 13.5396 15.3445 14.2633 15.2615C14.5042 15.2137 14.7325 15.1157 14.9331 14.9738C15.1338 14.8321 15.3023 14.6496 15.4278 14.4385C15.544 14.1807 15.5806 13.8941 15.5328 13.6154C15.454 13.5279 15.3402 13.4841 15.1651 13.3966Z\" fill=\"white\"><\/path>\n<\/g>\n<defs>\n<clippath id=\"clip0_7607_1303\">\n<rect width=\"24\" height=\"24\" fill=\"white\"><\/rect>\n<\/clippath>\n<\/defs>\n<\/svg><\/p>\n<p>WhatsApp<\/p>\n<\/li>\n<li class=\"!p-0 !m-0 list-none border-b border-gray-200 border-solid\">\n<p><svg class=\"size-8 w-6 h-6 inline-block mr-1.5 text-primary-500\" data-component-name=\"Icon\" aria-hidden=\"true\" height=\"24\" viewbox=\"0 0 24 24\" width=\"24\" xmlns=\"http:\/\/www.w3.org\/2000\/svg\">\n<circle cx=\"12\" cy=\"12\" fill=\"#bd081c\" r=\"12\"><\/circle>\n<path d=\"m12.336 5c-3.822 0-5.754 2.744-5.754 5.025a3.065 3.065 0 0 0 1.652 3.066.279.279 0 0 0 .407-.2l.154-.644a.373.373 0 0 0 -.113-.448 2.341 2.341 0 0 1 -.532-1.582 3.812 3.812 0 0 1 3.961-3.849 3.009 3.009 0 0 1 3.346 3.08c0 2.323-1.022 4.283-2.547 4.283a1.253 1.253 0 0 1 -1.273-1.554 17.616 17.616 0 0 0 .713-2.856 1.081 1.081 0 0 0 -1.092-1.2c-.854 0-1.553.881-1.553 2.071a2.954 2.954 0 0 0 .266 1.274l-1.038 4.383a9.389 9.389 0 0 0 -.027 3.065.109.109 0 0 0 .2.042 8.737 8.737 0 0 0 1.457-2.631l.561-2.212a2.3 2.3 0 0 0 1.959 1.008c2.59 0 4.34-2.366 4.34-5.516a4.8 4.8 0 0 0 -5.087-4.605z\" fill=\"#fff\"><\/path>\n<\/svg><\/p>\n<p>Pinterest<\/p>\n<\/li>\n<\/ul>\n<\/div>\n<div class=\"font-ui-heading max-sm:hidden tooltip absolute left-1\/2 bg-gray-900 text-white text-xs leading-none px-3 py-1.5 rounded-md z-(10001) whitespace-nowrap\" id=\"tooltip-share-this-article\" role=\"tooltip\" aria-hidden=\"true\">\n<p>Teilen Sie diesen Artikel\n<\/p><\/div>\n<\/div>\n<div class=\"relative tooltip-container\" role=\"tooltip\">\n<div class=\"font-ui-heading max-sm:hidden tooltip absolute left-1\/2 bg-gray-900 text-white text-xs leading-none px-3 py-1.5 rounded-md z-(10001) whitespace-nowrap\" id=\"tooltip-join-the-conversation\" role=\"tooltip\" aria-hidden=\"true\">\n<p>Beteiligen Sie sich an der Unterhaltung\n<\/p><\/div>\n<\/div>\n<\/div>\n<div class=\"flex gap-2 text-(#333) subcontainer\">\n<div class=\"relative tooltip-container\" role=\"tooltip\">\n<p><svg class=\"inline-block m-auto size-5 text-inherit filter grayscale brightness-0 contrast-100\" data-component-name=\"Icon\" aria-hidden=\"true\" xmlns=\"http:\/\/www.w3.org\/2000\/svg\" width=\"20\" height=\"20\" fill=\"none\" viewbox=\"0 0 20 20\">\n<path fill=\"#4285F4\" d=\"M18.8 10.208c0-.65-.058-1.275-.167-1.875H10v3.55h4.933a4.226 4.226 0 0 1-1.841 2.759v2.308h2.975C17.8 15.35 18.8 13 18.8 10.208Z\"><\/path>\n<path fill=\"#34A853\" d=\"M10 19.167c2.475 0 4.55-.817 6.066-2.217l-2.975-2.308c-.816.55-1.858.883-3.091.883-2.384 0-4.409-1.608-5.134-3.775h-3.05v2.367c1.509 2.991 4.6 5.05 8.184 5.05Z\"><\/path>\n<path fill=\"#FBBC05\" d=\"M4.865 11.742A5.493 5.493 0 0 1 4.574 10c0-.608.108-1.192.291-1.742V5.892h-3.05A9.054 9.054 0 0 0 .832 10c0 1.483.358 2.875.983 4.108l2.375-1.85.675-.516Z\"><\/path>\n<path fill=\"#EA4335\" d=\"M10 4.483c1.35 0 2.55.467 3.508 1.367l2.625-2.625C14.541 1.742 12.475.833 10 .833c-3.584 0-6.675 2.059-8.184 5.059l3.05 2.366C5.591 6.092 7.616 4.483 10 4.483Z\"><\/path>\n<\/svg><\/p>\n<p>Folgen Sie uns<\/p>\n<div class=\"font-ui-heading max-sm:hidden tooltip absolute left-1\/2 bg-gray-900 text-white text-xs leading-none px-3 py-1.5 rounded-md z-(10001) whitespace-nowrap\" id=\"tooltip-add-us-as-a-preferred-source-on-google\" role=\"tooltip\" aria-hidden=\"true\">\nF\u00fcgen Sie uns als bevorzugte Quelle bei Google hinzu\n<\/div>\n<\/div>\n<div class=\"relative tooltip-container\" role=\"tooltip\">\n<button type=\"button\" class=\"no-underline hover:no-underline newsletter-pop-up-trigger relative text-inherit leading-none text-xs flex items-center gap-1 font-ui-heading\" data-component-name=\"UtilityBar:Newsletter:Button\" id=\"utilitybar__button--newsletter\" aria-label=\"Newsletter\" data-analytics-id=\"article-social\" analytics-label=\"utility-bar-newsletters\" analytics-name=\"utility-bar\" data-mrf-recirculation=\"article-social\"><br \/>\n<svg class=\"inline-block m-auto size-5 text-inherit\" data-component-name=\"Icon\" aria-hidden=\"true\" xmlns=\"http:\/\/www.w3.org\/2000\/svg\" fill=\"none\" viewbox=\"0 0 24 24\" stroke-width=\"1.5\" stroke=\"currentColor\" data-slot=\"icon\">\n<path stroke-linecap=\"round\" stroke-linejoin=\"round\" d=\"M21.75 6.75v10.5a2.25 2.25 0 0 1-2.25 2.25h-15a2.25 2.25 0 0 1-2.25-2.25V6.75m19.5 0A2.25 2.25 0 0 0 19.5 4.5h-15a2.25 2.25 0 0 0-2.25 2.25m19.5 0v.243a2.25 2.25 0 0 1-1.07 1.916l-7.5 4.615a2.25 2.25 0 0 1-2.36 0L3.32 8.91a2.25 2.25 0 0 1-1.07-1.916V6.75\"><\/path>\n<\/svg><\/p>\n<p>Newsletter<br \/>\n<\/button><\/p>\n<div class=\"font-ui-heading max-sm:hidden tooltip absolute left-1\/2 bg-gray-900 text-white text-xs leading-none px-3 py-1.5 rounded-md z-(10001) whitespace-nowrap\" id=\"tooltip-subscribe-to-our-newsletter\" role=\"tooltip\" aria-hidden=\"true\">\n<p>Abonnieren Sie unseren Newsletter\n<\/p><\/div>\n<\/div>\n<\/div>\n<\/div>\n<p id=\"elk-67a1fe7e-a135-11f1-9b88-b7594cfdf1ef\">Es ist Anfang September und die Stecklingsbeete in meinem Garten sehen unweigerlich etwas ersch\u00f6pft aus. Die Zinnien und Korbbl\u00fctler bl\u00fchen, aber es gibt viel weniger, von denen man schneiden kann.<\/p>\n<div id=\"ad-unit-1\" class=\"ad-unit\"><\/div>\n<p>Ich gerate oft in Panik, weil ich keine Bl\u00fcten mehr zum Gestalten habe, aber tats\u00e4chlich ist es so einfach, aus nur zwei oder drei Stielen von allem einen Blumenstrau\u00df zu basteln. In Wahrheit sieht es viel nat\u00fcrlicher und saisonaler aus; eine echte Darstellung Ihres Gartens im Moment.<\/p>\n<aside data-article-category=\"gardens\" data-block-type=\"embed\" data-render-type=\"fte\" data-skip=\"dealsy\" data-widget-type=\"seasonal\" class=\"ecom-root\"><\/aside>\n<p id=\"elk-67a1fe7e-a135-11f1-9b88-b7594cfdf1ef-2\">In der Folge von Petals &#038; Roots von diesem Wochenende, die Sie unten sehen k\u00f6nnen, zeige ich Ihnen, wie Sie Ihre Sp\u00e4tsommer-Gartenblumen pfl\u00fccken und arrangieren, um einen wundersch\u00f6nen Blumenstrau\u00df zu kreieren. Und hier spreche ich mehr \u00fcber die Blumen, die ich verwendet habe, und warum ich sie n\u00e4chstes Jahr wieder anbauen werde.<\/p>\n<div class=\"youtube-video\" data-nosnippet id=\"elk-cSi7I5sbutk\">\n<div class=\"video-aspect-box\"><iframe data-lazy-priority=\"low\" data-lazy-src=\"https:\/\/www.youtube-nocookie.com\/embed\/cSi7I5sbutk\" allowfullscreen><\/iframe><\/div>\n<\/div>\n<h2 class=\"article-body__section\" id=\"section-what-you-need-to-create-a-late-summer-bouquet\"><span>Was Sie brauchen, um einen Sp\u00e4tsommerstrau\u00df zu kreieren<\/span><\/h2>\n<figure class=\"van-image-figure full-width-layout \" data-bordeaux-image-check id=\"elk-67a20022-a135-11f1-94e8-bf7dacfa3c39\">\n<div class=\"image-full-width-wrapper\">\n<div class=\"image-widthsetter\"><\/div>\n<\/div>\n<\/figure>\n<ul id=\"elk-67a2009a-a135-11f1-a37e-f394ad6fff8e\">\n<li>Eine gro\u00dfe Handvoll saisonaler, im Garten angebauter Blumen in einer Mischung aus Formen, Gr\u00f6\u00dfen und Farben.<\/li>\n<li>Scharfe, saubere Floristikschere; Ich empfehle diese Blumenschere von Walmart f\u00fcr weiche Stiele.<\/li>\n<li>Halten Sie f\u00fcr h\u00e4rtere, holzigere Stiele eine Schere bereit, beispielsweise diese Fiskars-Schere von Amazon.<\/li>\n<li>Eine klare Glasvase, genau wie diese von IKEA.<\/li>\n<li>Nat\u00fcrliches Garn, genau wie dieses von Walmart.<\/li>\n<\/ul>\n<h2 class=\"article-body__section\" id=\"section-tips-on-creating-your-garden-grown-bouquet\"><span>Tipps zum Gestalten Ihres Gartenstrau\u00dfes<\/span><\/h2>\n<figure class=\"van-image-figure full-width-layout \" data-bordeaux-image-check id=\"elk-67a20180-a135-11f1-a78e-89d337c58f81\">\n<div class=\"image-full-width-wrapper\">\n<div class=\"image-widthsetter\"><\/div>\n<\/div>\n<\/figure>\n<p id=\"elk-67a201f8-a135-11f1-af66-5da946450377\">Die Idee bei einem Blumenstrau\u00df wie diesem ist, dass er v\u00f6llig nat\u00fcrlich aussehen und das nat\u00fcrliche Wachstum jeder Blume widerspiegeln muss. Mein erster Tipp ist also, nicht zu viel dar\u00fcber nachzudenken! Halten Sie Ihre Schultern tief und die Arme entspannt und genie\u00dfen Sie die Form und Bewegung jedes einzelnen Stiels.<\/p>\n<div id=\"ad-unit-2\" class=\"ad-unit\"><\/div>\n<p>Beginnen Sie mit einigen h\u00f6heren Stielen und platzieren Sie sie in der Mitte Ihrer Sammlung. Dadurch erhalten Sie eine gewisse Arbeitsh\u00f6he.<\/p>\n<aside data-component-name=\"Recirculation:ArticleRiver\" data-recirculation-type=\"inline\" data-mrf-recirculation=\"Trending Bar\" data-nosnippet class=\"clear-both pt-2 pb-0 mb-4\">\n        <span class=\"\n            flex\n            after:content-('') after:flex-1 after:ml-4 after:my-(0.7rem) after:border-t after:border-solid after:border-(#333)\n            before:content-('') before:flex-1 before:mr-4 before:my-(0.7rem) before:border-t before:border-solid before:border-(#333)\n            font-article-heading pb-0 text-(length:var(--article-river-title--font-size,1em)) uppercase sm:text-(length:var(--article-river-title--font-size,0.875em)) font-normal\n        \"><\/p>\n<p>            Vielleicht gef\u00e4llt es Ihnen<br \/>\n        <\/span><\/p>\n<ul class=\"flex flex-col gap-0 m-0 max-w-full\">\n<li class=\"m-0 list-none border-b border-solid border-(#ededed) py-2.5\" data-recirculation-id=\"recirculation-card-1\" id=\"recirculation-inline-1\" data-analytics-id=\"recirculation-inline-1\" analytics-label=\"\" data-mrf-recirculation=\"recirculation-inline-1\">\n<picture data-new-v2-image=\"true\" class=\"aspect-square size-(85px) md:size-20 shrink-0\"><source type=\"image\/webp\"  ><\/source><\/p>\n<\/picture>\n                        <span class=\"w-full text-base font-(var(--article-river-item--font-weight,500)) font-article-heading line-clamp-3 md:line-clamp-2\">Bl\u00fctenbl\u00e4tter und Wurzeln: So arrangieren Sie Gartenrosen so, dass sie auf Ihrem Sommertisch m\u00fchelos sch\u00f6n aussehen<\/span><\/p>\n<\/li>\n<li class=\"m-0 list-none border-b border-solid border-(#ededed) py-2.5\" data-recirculation-id=\"recirculation-card-2\" id=\"recirculation-inline-2\" data-analytics-id=\"recirculation-inline-2\" analytics-label=\"\" data-mrf-recirculation=\"recirculation-inline-2\">\n<picture data-new-v2-image=\"true\" class=\"aspect-square size-(85px) md:size-20 shrink-0\"><source type=\"image\/webp\"  ><\/source><br \/>\n    <img decoding=\"async\" alt=\"Nahaufnahme von Alliumbl\u00fcten vor einem hellen Holzschrank\"   loading=\"lazy\" data-new-v2-image=\"true\" src=\"https:\/\/www.strassenweb.de\/nachrichten\/wp-content\/uploads\/2026\/09\/Q3MbiN75qax7tFfFaSmj9d.png\" data-pin-media=\"https:\/\/www.strassenweb.de\/nachrichten\/wp-content\/uploads\/2026\/09\/Q3MbiN75qax7tFfFaSmj9d.png\" class=\"rounded-(var(--image--border-radius,0)) aspect-square size-(85px) md:size-20 object-cover shrink-0\" data-pin-nopin=\"true\">\n    <\/picture>\n                        <span class=\"w-full text-base font-(var(--article-river-item--font-weight,500)) font-article-heading line-clamp-3 md:line-clamp-2\">Bl\u00fctenbl\u00e4tter und Wurzeln: So kreieren Sie eine wirkungsvolle Alliumvase \u2013 f\u00fcr einen m\u00fchelosen floralen Mittelpunkt in diesem Sommer<\/span><\/p>\n<\/li>\n<li class=\"m-0 list-none border-b border-solid border-(#333) py-2.5\" data-recirculation-id=\"recirculation-card-3\" id=\"recirculation-inline-3\" data-analytics-id=\"recirculation-inline-3\" analytics-label=\"\" data-mrf-recirculation=\"recirculation-inline-3\">\n<picture data-new-v2-image=\"true\" class=\"aspect-square size-(85px) md:size-20 shrink-0\"><source type=\"image\/webp\"  ><\/source><br \/>\n    <img decoding=\"async\" alt=\"Blumenmuster aus lila und gr\u00fcnem Viburnum opulus in einer wei\u00dfen Keramik-Bootsvase\"   loading=\"lazy\" data-new-v2-image=\"true\" src=\"https:\/\/www.strassenweb.de\/nachrichten\/wp-content\/uploads\/2026\/09\/JwrAfsYL4p6rvmrWtbB6E.png\" data-pin-media=\"https:\/\/www.strassenweb.de\/nachrichten\/wp-content\/uploads\/2026\/09\/JwrAfsYL4p6rvmrWtbB6E.png\" class=\"rounded-(var(--image--border-radius,0)) aspect-square size-(85px) md:size-20 object-cover shrink-0\" data-pin-nopin=\"true\">\n    <\/picture>\n                        <span class=\"w-full text-base font-(var(--article-river-item--font-weight,500)) font-article-heading line-clamp-3 md:line-clamp-2\">Bl\u00fctenbl\u00e4tter und Wurzeln: Eine \u00fcppige Tischgestaltung mit saisonalen Blumen zu gestalten ist einfacher als Sie denken \u2013 hier sind meine Profi-Tipps<\/span><\/p>\n<\/li>\n<\/ul>\n<\/aside>\n<p>Sie k\u00f6nnen k\u00fcrzere, gr\u00f6\u00dfere Bl\u00fcten weiter unten hinzuf\u00fcgen, wie ich es bei den Zinnien getan habe, um Tiefe und Bewegung zu erzeugen.<\/p>\n<figure class=\"van-image-figure full-width-layout \" data-bordeaux-image-check id=\"elk-67a20270-a135-11f1-9cbc-97e4d5df340d\">\n<div class=\"image-full-width-wrapper\">\n<div class=\"image-widthsetter\"><\/div>\n<\/div>\n<\/figure>\n<p id=\"elk-67a202de-a135-11f1-8958-1988c8257a41\">Sobald Sie ein paar Stiele in der Hand haben, k\u00f6nnen Sie Ihre Blumen schichten und Ihre Form weiterentwickeln. Versuchen Sie, die gr\u00f6\u00dferen Bl\u00fcten in ausreichendem Abstand zu halten (bei mir spreche ich vom Antirrhinum) und spielen Sie dann mit den helleren, luftigeren Stielen, damit sie h\u00f6her erscheinen und \u00fcber allem anderen tanzen.<\/p>\n<p>Es sieht auch gut aus, einige der gleichen Sorte zu gruppieren, wie ich es mit den Zinnien getan habe, und sie weiter unten und in der Mitte meines Designs erscheinen zu lassen.<\/p>\n<p>Es ist wichtig zu bedenken, dass sich die St\u00e4ngel bewegen wollen, und das ist in Ordnung!<\/p>\n<p>Sobald Sie Ihre Grundform haben und das Gef\u00fchl haben, dass L\u00fccken vorhanden sind, k\u00f6nnen Sie die Blumen an der gew\u00fcnschten Stelle durch den Blumenstrau\u00df stecken. L\u00f6sen Sie Ihre Hand, drehen Sie den Stiel vorsichtig, um ihn durchzuarbeiten, und versuchen Sie dann, ihn von unten herauszuziehen, um ihn zu befestigen. (Dies ist eine n\u00fctzliche Technik, da sie Stielbr\u00fcche vermeidet!)<\/p>\n<aside data-component-name=\"Recirculation:ArticleRiver\" data-recirculation-type=\"inline\" data-mrf-recirculation=\"Trending Bar\" data-nosnippet class=\"clear-both pt-2 pb-0 mb-4\">\n        <span class=\"\n            flex\n            after:content-('') after:flex-1 after:ml-4 after:my-(0.7rem) after:border-t after:border-solid after:border-(#333)\n            before:content-('') before:flex-1 before:mr-4 before:my-(0.7rem) before:border-t before:border-solid before:border-(#333)\n            font-article-heading pb-0 text-(length:var(--article-river-title--font-size,1em)) uppercase sm:text-(length:var(--article-river-title--font-size,0.875em)) font-normal\n        \"><\/p>\n<p>            Was Sie als n\u00e4chstes lesen sollten<br \/>\n        <\/span><\/p>\n<ul class=\"flex flex-col gap-0 m-0 max-w-full\">\n<li class=\"m-0 list-none border-b border-solid border-(#ededed) py-2.5\" data-recirculation-id=\"recirculation-card-1\" id=\"recirculation-inline-2-1\" data-analytics-id=\"recirculation-2-inline-1\" analytics-label=\"\" data-mrf-recirculation=\"recirculation-2-inline-1\">\n<picture data-new-v2-image=\"true\" class=\"aspect-square size-(85px) md:size-20 shrink-0\"><source type=\"image\/webp\"  ><\/source><br \/>\n    <img decoding=\"async\" alt=\"Mein Co-Leben\"   loading=\"lazy\" data-new-v2-image=\"true\" src=\"https:\/\/www.strassenweb.de\/nachrichten\/wp-content\/uploads\/2026\/09\/m5xN7DhtCe3XvJYVM3Dz57.jpg\" data-pin-media=\"https:\/\/www.strassenweb.de\/nachrichten\/wp-content\/uploads\/2026\/09\/m5xN7DhtCe3XvJYVM3Dz57.jpg\" class=\"rounded-(var(--image--border-radius,0)) aspect-square size-(85px) md:size-20 object-cover shrink-0\" data-pin-nopin=\"true\">\n    <\/picture>\n                        <span class=\"w-full text-base font-(var(--article-river-item--font-weight,500)) font-article-heading line-clamp-3 md:line-clamp-2\">Mein Leben in Connecticut: Wie ich Blumen konserviere, um ein bisschen Sommer in den Herbst zu bringen<\/span><\/p>\n<\/li>\n<li class=\"m-0 list-none border-b border-solid border-(#ededed) py-2.5\" data-recirculation-id=\"recirculation-card-2\" id=\"recirculation-inline-2-2\" data-analytics-id=\"recirculation-2-inline-2\" analytics-label=\"\" data-mrf-recirculation=\"recirculation-2-inline-2\">\n<picture data-new-v2-image=\"true\" class=\"aspect-square size-(85px) md:size-20 shrink-0\"><source type=\"image\/webp\"  ><\/source><br \/>\n    <img decoding=\"async\" alt=\"Ein Blumenbeet mit Sorbus, Calamagrostis, Helenium und Chrysanthemen, die im Herbst bl\u00fchen\"   loading=\"lazy\" data-new-v2-image=\"true\" src=\"https:\/\/www.strassenweb.de\/nachrichten\/wp-content\/uploads\/2026\/06\/HNWhQ8VERBVseHmAkE8xgB.jpg\" data-pin-media=\"https:\/\/www.strassenweb.de\/nachrichten\/wp-content\/uploads\/2026\/06\/HNWhQ8VERBVseHmAkE8xgB.jpg\" class=\"rounded-(var(--image--border-radius,0)) aspect-square size-(85px) md:size-20 object-cover shrink-0\" data-pin-nopin=\"true\">\n    <\/picture>\n                        <span class=\"w-full text-base font-(var(--article-river-item--font-weight,500)) font-article-heading line-clamp-3 md:line-clamp-2\">Der Garten-Reset im August bedeutet weniger Arbeit im Herbst \u2013 und ist einfacher, als Sie vielleicht denken<\/span><\/p>\n<\/li>\n<li class=\"m-0 list-none border-b border-solid border-(#333) py-2.5\" data-recirculation-id=\"recirculation-card-3\" id=\"recirculation-inline-2-3\" data-analytics-id=\"recirculation-2-inline-3\" analytics-label=\"\" data-mrf-recirculation=\"recirculation-2-inline-3\">\n<picture data-new-v2-image=\"true\" class=\"aspect-square size-(85px) md:size-20 shrink-0\"><source type=\"image\/webp\"  ><\/source><br \/>\n    <img decoding=\"async\" alt=\"gelbe Sonnenblumen\"   loading=\"lazy\" data-new-v2-image=\"true\" src=\"https:\/\/www.strassenweb.de\/nachrichten\/wp-content\/uploads\/2026\/06\/PwtqjrAvWsfQDHG8X5idXa.jpg\" data-pin-media=\"https:\/\/www.strassenweb.de\/nachrichten\/wp-content\/uploads\/2026\/06\/PwtqjrAvWsfQDHG8X5idXa.jpg\" class=\"rounded-(var(--image--border-radius,0)) aspect-square size-(85px) md:size-20 object-cover shrink-0\" data-pin-nopin=\"true\">\n    <\/picture>\n                        <span class=\"w-full text-base font-(var(--article-river-item--font-weight,500)) font-article-heading line-clamp-3 md:line-clamp-2\">Was Ihre Sonnenblumen im August brauchen, um ihre leuchtende, fr\u00f6hliche Pracht bis in den Herbst hinein zu verl\u00e4ngern<\/span><\/p>\n<\/li>\n<\/ul>\n<\/aside>\n<h3 class=\"article-body__section\" id=\"section-a-few-of-my-favorite-stems\"><span>Ein paar meiner Lieblingsstiele<\/span><\/h3>\n<figure class=\"van-image-figure full-width-layout \" data-bordeaux-image-check id=\"elk-67a20356-a135-11f1-a229-efb89a9cc3e6\">\n<div class=\"image-full-width-wrapper\">\n<div class=\"image-widthsetter\"><\/div>\n<\/div>\n<\/figure>\n<p id=\"elk-67a203ce-a135-11f1-a046-35118a2e4a52\">Hier sind meine Lieblingszutaten aus diesem Strau\u00df und warum ich sie n\u00e4chstes Jahr auf jeden Fall wieder anbauen werde:<\/p>\n<p><strong>Echinops: <\/strong>Kugeldisteln sind brillante Blumen f\u00fcr Struktur und Textur. Ihre architektonischen, silbrig-blauen Bl\u00fctenk\u00f6pfe verleihen Blumenstr\u00e4u\u00dfen eine beeindruckende skulpturale Qualit\u00e4t, und die Hitzewelle hat ihnen \u00fcberhaupt nichts ausgemacht! Sie k\u00f6nnen die Samenk\u00f6pfe auch f\u00fcr den Herbst stehen lassen.<\/p>\n<p><strong>Zinnien: <\/strong>Die Zinnien sind ein weiterer Star eines sehr hei\u00dfen Sommers und bl\u00fchen weiterhin sehr gut und halten in der Vase lange. Auch die Bienen lieben sie. Auf dem True Leaf Market finden Sie wundersch\u00f6ne Pompom-Zinnia-Samen.<\/p>\n<p><strong>Celosia argentea:<\/strong> Ich liebe diese blassrosa Turmspitze, weil sie einem Blumenmuster einen Hauch zarter, subtiler Textur verleiht. In Arrangements beh\u00e4lt es seine Farbe wunderbar und die Blumen k\u00f6nnen getrocknet werden, um sie noch lange nach dem Sommer zu verwenden.<\/p>\n<p><strong>Bidens Aurea: <\/strong>Dies ist eine sch\u00f6ne, etwas ungew\u00f6hnliche Schnittblume mit zarten gelb-wei\u00dfen, g\u00e4nsebl\u00fcmchen\u00e4hnlichen Bl\u00fcten, die Arrangements eine leichte, luftige Note verleihen. Es hat eine wunderbar nat\u00fcrliche, wiesen\u00e4hnliche Atmosph\u00e4re. Au\u00dferdem bl\u00fcht sie sehr fruchtbar, so dass viele St\u00e4ngel abgeschnitten werden m\u00fcssen, w\u00e4hrend im Garten noch Blumen f\u00fcr Best\u00e4uber \u00fcbrig bleiben.<\/p>\n<p><strong>Aprikosen-Limonaden-Kosmos: <\/strong>Auch wenn es diesen Sommer in meinem Garten nicht besonders gut lief, liebe ich sie immer noch und werde diese Blume jedes Jahr weiter z\u00fcchten. Ich kann einfach nicht genug von diesem Pfirsichton bekommen. Aprikosen-Limonaden-Kosmos-Samen finden Sie bei Amazon.<\/p>\n<figure class=\"van-image-figure full-width-layout \" data-bordeaux-image-check id=\"elk-67a2043c-a135-11f1-b90c-d9e55a224b62\">\n<div class=\"image-full-width-wrapper\">\n<div class=\"image-widthsetter\"><\/div>\n<\/div>\n<\/figure>\n<h2 id=\"what-to-shop-3\">Was man einkaufen sollte<\/h2>\n<div class=\"product-container hero-product-container product-block-no-wrap\">\n<div class=\"product-block-row\"><\/div>\n<div class=\"product-block-row\"><\/div>\n<div class=\"product-block-row\"><\/div>\n<\/div>\n<hr id=\"elk-67a20680-a135-11f1-94bb-f9b7993eb44d\">\n<div class=\"block mb-5\" id=\"articleTag\" data-component-name=\"PostArticleLinks\" data-nosnippet data-mrf-recirculation=\"post-article-links\">\n<div class=\"border-b border-b-black border-solid py-2.5 text-black font-bold uppercase\">THEMEN<\/div>\n<nav class=\"py-2.5 flex gap-2.5 flex-wrap\" data-analytics-id=\"article-tag\" data-mrf-recirculation=\"article-tag\">\n<p>Bl\u00fctenbl\u00e4tter und Wurzeln<\/p>\n<\/nav>\n<\/div>\n<\/div>\n<p><script async src=\"https:\/\/platform.twitter.com\/widgets.js\" charset=\"utf-8\"><\/script><\/p>\n","protected":false},"excerpt":{"rendered":"<p>Aktie Link kopieren Facebook X WhatsApp Pinterest Teilen Sie diesen Artikel Beteiligen Sie sich an der Unterhaltung Folgen Sie uns F\u00fcgen Sie uns als bevorzugte<\/p>\n","protected":false},"author":1,"featured_media":16801,"comment_status":"closed","ping_status":"","sticky":false,"template":"","format":"standard","meta":{"footnotes":""},"categories":[118],"tags":[3031,11292,281,9,22,11464,320,17303,134,3566,17302,37,26,1849],"class_list":["post-16800","post","type-post","status-publish","format-standard","has-post-thumbnail","hentry","category-haus-garten","tag-blumenstrauss","tag-bluetenblaetter","tag-des","tag-die","tag-einem","tag-einfaengt","tag-garten","tag-gesammelten","tag-man","tag-schoenheit","tag-spaetsommers","tag-und","tag-wie","tag-wurzeln","generate-columns","tablet-grid-50","mobile-grid-100","grid-parent","grid-50"],"yoast_head":"<!-- This site is optimized with the Yoast SEO plugin v27.3 - https:\/\/yoast.com\/product\/yoast-seo-wordpress\/ -->\n<title>Bl\u00fctenbl\u00e4tter und Wurzeln: Wie man die Sch\u00f6nheit des Sp\u00e4tsommers in einem im Garten gesammelten Blumenstrau\u00df einf\u00e4ngt - Nachrichten - Stra\u00dfenweb<\/title>\n<meta name=\"robots\" content=\"index, follow, max-snippet:-1, max-image-preview:large, max-video-preview:-1\" \/>\n<link rel=\"canonical\" href=\"https:\/\/www.strassenweb.de\/nachrichten\/bluetenblaetter-und-wurzeln-wie-man-die-schoenheit-des-spaetsommers-in-einem-im-garten-gesammelten-blumenstrauss-einfaengt\/\" \/>\n<meta property=\"og:locale\" content=\"de_DE\" \/>\n<meta property=\"og:type\" content=\"article\" \/>\n<meta property=\"og:title\" content=\"Bl\u00fctenbl\u00e4tter und Wurzeln: Wie man die Sch\u00f6nheit des Sp\u00e4tsommers in einem im Garten gesammelten Blumenstrau\u00df einf\u00e4ngt - Nachrichten - Stra\u00dfenweb\" \/>\n<meta property=\"og:description\" content=\"Aktie Link kopieren Facebook X WhatsApp Pinterest Teilen Sie diesen Artikel Beteiligen Sie sich an der Unterhaltung Folgen Sie uns F\u00fcgen Sie uns als bevorzugte\" \/>\n<meta property=\"og:url\" content=\"https:\/\/www.strassenweb.de\/nachrichten\/bluetenblaetter-und-wurzeln-wie-man-die-schoenheit-des-spaetsommers-in-einem-im-garten-gesammelten-blumenstrauss-einfaengt\/\" \/>\n<meta property=\"og:site_name\" content=\"Stra\u00dfenweb\" \/>\n<meta property=\"article:publisher\" content=\"https:\/\/www.facebook.com\/strassenweb\/\" \/>\n<meta property=\"article:published_time\" content=\"2026-09-06T12:39:22+00:00\" \/>\n<meta property=\"article:modified_time\" content=\"2026-09-06T12:39:37+00:00\" \/>\n<meta property=\"og:image\" content=\"https:\/\/www.strassenweb.de\/nachrichten\/wp-content\/uploads\/2026\/09\/Bluetenblaetter-und-Wurzeln-Wie-man-die-Schoenheit-des-Spaetsommers-in-1024x614.png\" \/>\n\t<meta property=\"og:image:width\" content=\"1024\" \/>\n\t<meta property=\"og:image:height\" content=\"614\" \/>\n\t<meta property=\"og:image:type\" content=\"image\/png\" \/>\n<meta name=\"author\" content=\"Robert Hoffmann\" \/>\n<meta name=\"twitter:card\" content=\"summary_large_image\" \/>\n<meta name=\"twitter:label1\" content=\"Verfasst von\" \/>\n\t<meta name=\"twitter:data1\" content=\"Robert Hoffmann\" \/>\n\t<meta name=\"twitter:label2\" content=\"Gesch\u00e4tzte Lesezeit\" \/>\n\t<meta name=\"twitter:data2\" content=\"5\u00a0Minuten\" \/>\n<script type=\"application\/ld+json\" class=\"yoast-schema-graph\">{\"@context\":\"https:\\\/\\\/schema.org\",\"@graph\":[{\"@type\":\"Article\",\"@id\":\"https:\\\/\\\/www.strassenweb.de\\\/nachrichten\\\/bluetenblaetter-und-wurzeln-wie-man-die-schoenheit-des-spaetsommers-in-einem-im-garten-gesammelten-blumenstrauss-einfaengt\\\/#article\",\"isPartOf\":{\"@id\":\"https:\\\/\\\/www.strassenweb.de\\\/nachrichten\\\/bluetenblaetter-und-wurzeln-wie-man-die-schoenheit-des-spaetsommers-in-einem-im-garten-gesammelten-blumenstrauss-einfaengt\\\/\"},\"author\":{\"name\":\"Robert Hoffmann\",\"@id\":\"https:\\\/\\\/www.strassenweb.de\\\/nachrichten\\\/#\\\/schema\\\/person\\\/87c9c9067f1211da429a744dc5a5aa41\"},\"headline\":\"Bl\u00fctenbl\u00e4tter und Wurzeln: Wie man die Sch\u00f6nheit des Sp\u00e4tsommers in einem im Garten gesammelten Blumenstrau\u00df einf\u00e4ngt\",\"datePublished\":\"2026-09-06T12:39:22+00:00\",\"dateModified\":\"2026-09-06T12:39:37+00:00\",\"mainEntityOfPage\":{\"@id\":\"https:\\\/\\\/www.strassenweb.de\\\/nachrichten\\\/bluetenblaetter-und-wurzeln-wie-man-die-schoenheit-des-spaetsommers-in-einem-im-garten-gesammelten-blumenstrauss-einfaengt\\\/\"},\"wordCount\":943,\"publisher\":{\"@id\":\"https:\\\/\\\/www.strassenweb.de\\\/nachrichten\\\/#organization\"},\"image\":{\"@id\":\"https:\\\/\\\/www.strassenweb.de\\\/nachrichten\\\/bluetenblaetter-und-wurzeln-wie-man-die-schoenheit-des-spaetsommers-in-einem-im-garten-gesammelten-blumenstrauss-einfaengt\\\/#primaryimage\"},\"thumbnailUrl\":\"https:\\\/\\\/www.strassenweb.de\\\/nachrichten\\\/wp-content\\\/uploads\\\/2026\\\/09\\\/Bluetenblaetter-und-Wurzeln-Wie-man-die-Schoenheit-des-Spaetsommers-in.png\",\"keywords\":[\"Blumenstrau\u00df\",\"Bl\u00fctenbl\u00e4tter\",\"des\",\"die\",\"einem\",\"einf\u00e4ngt\",\"Garten\",\"gesammelten\",\"man\",\"Sch\u00f6nheit\",\"Sp\u00e4tsommers\",\"und\",\"Wie\",\"Wurzeln\"],\"articleSection\":[\"Haus &amp; Garten\"],\"inLanguage\":\"de\"},{\"@type\":\"WebPage\",\"@id\":\"https:\\\/\\\/www.strassenweb.de\\\/nachrichten\\\/bluetenblaetter-und-wurzeln-wie-man-die-schoenheit-des-spaetsommers-in-einem-im-garten-gesammelten-blumenstrauss-einfaengt\\\/\",\"url\":\"https:\\\/\\\/www.strassenweb.de\\\/nachrichten\\\/bluetenblaetter-und-wurzeln-wie-man-die-schoenheit-des-spaetsommers-in-einem-im-garten-gesammelten-blumenstrauss-einfaengt\\\/\",\"name\":\"Bl\u00fctenbl\u00e4tter und Wurzeln: Wie man die Sch\u00f6nheit des Sp\u00e4tsommers in einem im Garten gesammelten Blumenstrau\u00df einf\u00e4ngt - Nachrichten - Stra\u00dfenweb\",\"isPartOf\":{\"@id\":\"https:\\\/\\\/www.strassenweb.de\\\/nachrichten\\\/#website\"},\"primaryImageOfPage\":{\"@id\":\"https:\\\/\\\/www.strassenweb.de\\\/nachrichten\\\/bluetenblaetter-und-wurzeln-wie-man-die-schoenheit-des-spaetsommers-in-einem-im-garten-gesammelten-blumenstrauss-einfaengt\\\/#primaryimage\"},\"image\":{\"@id\":\"https:\\\/\\\/www.strassenweb.de\\\/nachrichten\\\/bluetenblaetter-und-wurzeln-wie-man-die-schoenheit-des-spaetsommers-in-einem-im-garten-gesammelten-blumenstrauss-einfaengt\\\/#primaryimage\"},\"thumbnailUrl\":\"https:\\\/\\\/www.strassenweb.de\\\/nachrichten\\\/wp-content\\\/uploads\\\/2026\\\/09\\\/Bluetenblaetter-und-Wurzeln-Wie-man-die-Schoenheit-des-Spaetsommers-in.png\",\"datePublished\":\"2026-09-06T12:39:22+00:00\",\"dateModified\":\"2026-09-06T12:39:37+00:00\",\"breadcrumb\":{\"@id\":\"https:\\\/\\\/www.strassenweb.de\\\/nachrichten\\\/bluetenblaetter-und-wurzeln-wie-man-die-schoenheit-des-spaetsommers-in-einem-im-garten-gesammelten-blumenstrauss-einfaengt\\\/#breadcrumb\"},\"inLanguage\":\"de\",\"potentialAction\":[{\"@type\":\"ReadAction\",\"target\":[\"https:\\\/\\\/www.strassenweb.de\\\/nachrichten\\\/bluetenblaetter-und-wurzeln-wie-man-die-schoenheit-des-spaetsommers-in-einem-im-garten-gesammelten-blumenstrauss-einfaengt\\\/\"]}]},{\"@type\":\"ImageObject\",\"inLanguage\":\"de\",\"@id\":\"https:\\\/\\\/www.strassenweb.de\\\/nachrichten\\\/bluetenblaetter-und-wurzeln-wie-man-die-schoenheit-des-spaetsommers-in-einem-im-garten-gesammelten-blumenstrauss-einfaengt\\\/#primaryimage\",\"url\":\"https:\\\/\\\/www.strassenweb.de\\\/nachrichten\\\/wp-content\\\/uploads\\\/2026\\\/09\\\/Bluetenblaetter-und-Wurzeln-Wie-man-die-Schoenheit-des-Spaetsommers-in.png\",\"contentUrl\":\"https:\\\/\\\/www.strassenweb.de\\\/nachrichten\\\/wp-content\\\/uploads\\\/2026\\\/09\\\/Bluetenblaetter-und-Wurzeln-Wie-man-die-Schoenheit-des-Spaetsommers-in.png\",\"width\":2560,\"height\":1536,\"caption\":\"Bouquet of late summer garden flowers in glass vase\"},{\"@type\":\"BreadcrumbList\",\"@id\":\"https:\\\/\\\/www.strassenweb.de\\\/nachrichten\\\/bluetenblaetter-und-wurzeln-wie-man-die-schoenheit-des-spaetsommers-in-einem-im-garten-gesammelten-blumenstrauss-einfaengt\\\/#breadcrumb\",\"itemListElement\":[{\"@type\":\"ListItem\",\"position\":1,\"name\":\"Home\",\"item\":\"https:\\\/\\\/www.strassenweb.de\\\/nachrichten\\\/\"},{\"@type\":\"ListItem\",\"position\":2,\"name\":\"Bl\u00fctenbl\u00e4tter und Wurzeln: Wie man die Sch\u00f6nheit des Sp\u00e4tsommers in einem im Garten gesammelten Blumenstrau\u00df einf\u00e4ngt\"}]},{\"@type\":\"WebSite\",\"@id\":\"https:\\\/\\\/www.strassenweb.de\\\/nachrichten\\\/#website\",\"url\":\"https:\\\/\\\/www.strassenweb.de\\\/nachrichten\\\/\",\"name\":\"Stra\u00dfenweb\",\"description\":\"Stra\u00dfenverzeichnis f\u00fcr Deutschland\",\"publisher\":{\"@id\":\"https:\\\/\\\/www.strassenweb.de\\\/nachrichten\\\/#organization\"},\"potentialAction\":[{\"@type\":\"SearchAction\",\"target\":{\"@type\":\"EntryPoint\",\"urlTemplate\":\"https:\\\/\\\/www.strassenweb.de\\\/nachrichten\\\/?s={search_term_string}\"},\"query-input\":{\"@type\":\"PropertyValueSpecification\",\"valueRequired\":true,\"valueName\":\"search_term_string\"}}],\"inLanguage\":\"de\"},{\"@type\":\"Organization\",\"@id\":\"https:\\\/\\\/www.strassenweb.de\\\/nachrichten\\\/#organization\",\"name\":\"Stra\u00dfenweb\",\"url\":\"https:\\\/\\\/www.strassenweb.de\\\/nachrichten\\\/\",\"logo\":{\"@type\":\"ImageObject\",\"inLanguage\":\"de\",\"@id\":\"https:\\\/\\\/www.strassenweb.de\\\/nachrichten\\\/#\\\/schema\\\/logo\\\/image\\\/\",\"url\":\"https:\\\/\\\/www.strassenweb.de\\\/nachrichten\\\/wp-content\\\/uploads\\\/2024\\\/09\\\/cropped-favicon.png\",\"contentUrl\":\"https:\\\/\\\/www.strassenweb.de\\\/nachrichten\\\/wp-content\\\/uploads\\\/2024\\\/09\\\/cropped-favicon.png\",\"width\":512,\"height\":512,\"caption\":\"Stra\u00dfenweb\"},\"image\":{\"@id\":\"https:\\\/\\\/www.strassenweb.de\\\/nachrichten\\\/#\\\/schema\\\/logo\\\/image\\\/\"},\"sameAs\":[\"https:\\\/\\\/www.facebook.com\\\/strassenweb\\\/\"]},{\"@type\":\"Person\",\"@id\":\"https:\\\/\\\/www.strassenweb.de\\\/nachrichten\\\/#\\\/schema\\\/person\\\/87c9c9067f1211da429a744dc5a5aa41\",\"name\":\"Robert Hoffmann\",\"image\":{\"@type\":\"ImageObject\",\"inLanguage\":\"de\",\"@id\":\"https:\\\/\\\/www.strassenweb.de\\\/nachrichten\\\/wp-content\\\/uploads\\\/2024\\\/09\\\/strassenweb-150x150.jpg\",\"url\":\"https:\\\/\\\/www.strassenweb.de\\\/nachrichten\\\/wp-content\\\/uploads\\\/2024\\\/09\\\/strassenweb-150x150.jpg\",\"contentUrl\":\"https:\\\/\\\/www.strassenweb.de\\\/nachrichten\\\/wp-content\\\/uploads\\\/2024\\\/09\\\/strassenweb-150x150.jpg\",\"caption\":\"Robert Hoffmann\"},\"description\":\"Ich hei\u00dfe Robert Hoffmann und ich bin ein leidenschaftlicher Verfechter von \u00d6kologie und Biodiversit\u00e4t. Seit meiner Kindheit in den W\u00e4ldern Bayerns f\u00fchle ich mich mit der Natur verbunden und bin entschlossen, sie zu sch\u00fctzen. Heute widme ich mein Leben der Sensibilisierung anderer f\u00fcr die Bedeutung des Umweltschutzes f\u00fcr zuk\u00fcnftige Generationen.\",\"sameAs\":[\"https:\\\/\\\/www.strassenweb.de\\\/\"]}]}<\/script>\n<!-- \/ Yoast SEO plugin. -->","yoast_head_json":{"title":"Bl\u00fctenbl\u00e4tter und Wurzeln: Wie man die Sch\u00f6nheit des Sp\u00e4tsommers in einem im Garten gesammelten Blumenstrau\u00df einf\u00e4ngt - Nachrichten - Stra\u00dfenweb","robots":{"index":"index","follow":"follow","max-snippet":"max-snippet:-1","max-image-preview":"max-image-preview:large","max-video-preview":"max-video-preview:-1"},"canonical":"https:\/\/www.strassenweb.de\/nachrichten\/bluetenblaetter-und-wurzeln-wie-man-die-schoenheit-des-spaetsommers-in-einem-im-garten-gesammelten-blumenstrauss-einfaengt\/","og_locale":"de_DE","og_type":"article","og_title":"Bl\u00fctenbl\u00e4tter und Wurzeln: Wie man die Sch\u00f6nheit des Sp\u00e4tsommers in einem im Garten gesammelten Blumenstrau\u00df einf\u00e4ngt - Nachrichten - Stra\u00dfenweb","og_description":"Aktie Link kopieren Facebook X WhatsApp Pinterest Teilen Sie diesen Artikel Beteiligen Sie sich an der Unterhaltung Folgen Sie uns F\u00fcgen Sie uns als bevorzugte","og_url":"https:\/\/www.strassenweb.de\/nachrichten\/bluetenblaetter-und-wurzeln-wie-man-die-schoenheit-des-spaetsommers-in-einem-im-garten-gesammelten-blumenstrauss-einfaengt\/","og_site_name":"Stra\u00dfenweb","article_publisher":"https:\/\/www.facebook.com\/strassenweb\/","article_published_time":"2026-09-06T12:39:22+00:00","article_modified_time":"2026-09-06T12:39:37+00:00","og_image":[{"width":1024,"height":614,"url":"https:\/\/www.strassenweb.de\/nachrichten\/wp-content\/uploads\/2026\/09\/Bluetenblaetter-und-Wurzeln-Wie-man-die-Schoenheit-des-Spaetsommers-in-1024x614.png","type":"image\/png"}],"author":"Robert Hoffmann","twitter_card":"summary_large_image","twitter_misc":{"Verfasst von":"Robert Hoffmann","Gesch\u00e4tzte Lesezeit":"5\u00a0Minuten"},"schema":{"@context":"https:\/\/schema.org","@graph":[{"@type":"Article","@id":"https:\/\/www.strassenweb.de\/nachrichten\/bluetenblaetter-und-wurzeln-wie-man-die-schoenheit-des-spaetsommers-in-einem-im-garten-gesammelten-blumenstrauss-einfaengt\/#article","isPartOf":{"@id":"https:\/\/www.strassenweb.de\/nachrichten\/bluetenblaetter-und-wurzeln-wie-man-die-schoenheit-des-spaetsommers-in-einem-im-garten-gesammelten-blumenstrauss-einfaengt\/"},"author":{"name":"Robert Hoffmann","@id":"https:\/\/www.strassenweb.de\/nachrichten\/#\/schema\/person\/87c9c9067f1211da429a744dc5a5aa41"},"headline":"Bl\u00fctenbl\u00e4tter und Wurzeln: Wie man die Sch\u00f6nheit des Sp\u00e4tsommers in einem im Garten gesammelten Blumenstrau\u00df einf\u00e4ngt","datePublished":"2026-09-06T12:39:22+00:00","dateModified":"2026-09-06T12:39:37+00:00","mainEntityOfPage":{"@id":"https:\/\/www.strassenweb.de\/nachrichten\/bluetenblaetter-und-wurzeln-wie-man-die-schoenheit-des-spaetsommers-in-einem-im-garten-gesammelten-blumenstrauss-einfaengt\/"},"wordCount":943,"publisher":{"@id":"https:\/\/www.strassenweb.de\/nachrichten\/#organization"},"image":{"@id":"https:\/\/www.strassenweb.de\/nachrichten\/bluetenblaetter-und-wurzeln-wie-man-die-schoenheit-des-spaetsommers-in-einem-im-garten-gesammelten-blumenstrauss-einfaengt\/#primaryimage"},"thumbnailUrl":"https:\/\/www.strassenweb.de\/nachrichten\/wp-content\/uploads\/2026\/09\/Bluetenblaetter-und-Wurzeln-Wie-man-die-Schoenheit-des-Spaetsommers-in.png","keywords":["Blumenstrau\u00df","Bl\u00fctenbl\u00e4tter","des","die","einem","einf\u00e4ngt","Garten","gesammelten","man","Sch\u00f6nheit","Sp\u00e4tsommers","und","Wie","Wurzeln"],"articleSection":["Haus &amp; Garten"],"inLanguage":"de"},{"@type":"WebPage","@id":"https:\/\/www.strassenweb.de\/nachrichten\/bluetenblaetter-und-wurzeln-wie-man-die-schoenheit-des-spaetsommers-in-einem-im-garten-gesammelten-blumenstrauss-einfaengt\/","url":"https:\/\/www.strassenweb.de\/nachrichten\/bluetenblaetter-und-wurzeln-wie-man-die-schoenheit-des-spaetsommers-in-einem-im-garten-gesammelten-blumenstrauss-einfaengt\/","name":"Bl\u00fctenbl\u00e4tter und Wurzeln: Wie man die Sch\u00f6nheit des Sp\u00e4tsommers in einem im Garten gesammelten Blumenstrau\u00df einf\u00e4ngt - Nachrichten - Stra\u00dfenweb","isPartOf":{"@id":"https:\/\/www.strassenweb.de\/nachrichten\/#website"},"primaryImageOfPage":{"@id":"https:\/\/www.strassenweb.de\/nachrichten\/bluetenblaetter-und-wurzeln-wie-man-die-schoenheit-des-spaetsommers-in-einem-im-garten-gesammelten-blumenstrauss-einfaengt\/#primaryimage"},"image":{"@id":"https:\/\/www.strassenweb.de\/nachrichten\/bluetenblaetter-und-wurzeln-wie-man-die-schoenheit-des-spaetsommers-in-einem-im-garten-gesammelten-blumenstrauss-einfaengt\/#primaryimage"},"thumbnailUrl":"https:\/\/www.strassenweb.de\/nachrichten\/wp-content\/uploads\/2026\/09\/Bluetenblaetter-und-Wurzeln-Wie-man-die-Schoenheit-des-Spaetsommers-in.png","datePublished":"2026-09-06T12:39:22+00:00","dateModified":"2026-09-06T12:39:37+00:00","breadcrumb":{"@id":"https:\/\/www.strassenweb.de\/nachrichten\/bluetenblaetter-und-wurzeln-wie-man-die-schoenheit-des-spaetsommers-in-einem-im-garten-gesammelten-blumenstrauss-einfaengt\/#breadcrumb"},"inLanguage":"de","potentialAction":[{"@type":"ReadAction","target":["https:\/\/www.strassenweb.de\/nachrichten\/bluetenblaetter-und-wurzeln-wie-man-die-schoenheit-des-spaetsommers-in-einem-im-garten-gesammelten-blumenstrauss-einfaengt\/"]}]},{"@type":"ImageObject","inLanguage":"de","@id":"https:\/\/www.strassenweb.de\/nachrichten\/bluetenblaetter-und-wurzeln-wie-man-die-schoenheit-des-spaetsommers-in-einem-im-garten-gesammelten-blumenstrauss-einfaengt\/#primaryimage","url":"https:\/\/www.strassenweb.de\/nachrichten\/wp-content\/uploads\/2026\/09\/Bluetenblaetter-und-Wurzeln-Wie-man-die-Schoenheit-des-Spaetsommers-in.png","contentUrl":"https:\/\/www.strassenweb.de\/nachrichten\/wp-content\/uploads\/2026\/09\/Bluetenblaetter-und-Wurzeln-Wie-man-die-Schoenheit-des-Spaetsommers-in.png","width":2560,"height":1536,"caption":"Bouquet of late summer garden flowers in glass vase"},{"@type":"BreadcrumbList","@id":"https:\/\/www.strassenweb.de\/nachrichten\/bluetenblaetter-und-wurzeln-wie-man-die-schoenheit-des-spaetsommers-in-einem-im-garten-gesammelten-blumenstrauss-einfaengt\/#breadcrumb","itemListElement":[{"@type":"ListItem","position":1,"name":"Home","item":"https:\/\/www.strassenweb.de\/nachrichten\/"},{"@type":"ListItem","position":2,"name":"Bl\u00fctenbl\u00e4tter und Wurzeln: Wie man die Sch\u00f6nheit des Sp\u00e4tsommers in einem im Garten gesammelten Blumenstrau\u00df einf\u00e4ngt"}]},{"@type":"WebSite","@id":"https:\/\/www.strassenweb.de\/nachrichten\/#website","url":"https:\/\/www.strassenweb.de\/nachrichten\/","name":"Stra\u00dfenweb","description":"Stra\u00dfenverzeichnis f\u00fcr Deutschland","publisher":{"@id":"https:\/\/www.strassenweb.de\/nachrichten\/#organization"},"potentialAction":[{"@type":"SearchAction","target":{"@type":"EntryPoint","urlTemplate":"https:\/\/www.strassenweb.de\/nachrichten\/?s={search_term_string}"},"query-input":{"@type":"PropertyValueSpecification","valueRequired":true,"valueName":"search_term_string"}}],"inLanguage":"de"},{"@type":"Organization","@id":"https:\/\/www.strassenweb.de\/nachrichten\/#organization","name":"Stra\u00dfenweb","url":"https:\/\/www.strassenweb.de\/nachrichten\/","logo":{"@type":"ImageObject","inLanguage":"de","@id":"https:\/\/www.strassenweb.de\/nachrichten\/#\/schema\/logo\/image\/","url":"https:\/\/www.strassenweb.de\/nachrichten\/wp-content\/uploads\/2024\/09\/cropped-favicon.png","contentUrl":"https:\/\/www.strassenweb.de\/nachrichten\/wp-content\/uploads\/2024\/09\/cropped-favicon.png","width":512,"height":512,"caption":"Stra\u00dfenweb"},"image":{"@id":"https:\/\/www.strassenweb.de\/nachrichten\/#\/schema\/logo\/image\/"},"sameAs":["https:\/\/www.facebook.com\/strassenweb\/"]},{"@type":"Person","@id":"https:\/\/www.strassenweb.de\/nachrichten\/#\/schema\/person\/87c9c9067f1211da429a744dc5a5aa41","name":"Robert Hoffmann","image":{"@type":"ImageObject","inLanguage":"de","@id":"https:\/\/www.strassenweb.de\/nachrichten\/wp-content\/uploads\/2024\/09\/strassenweb-150x150.jpg","url":"https:\/\/www.strassenweb.de\/nachrichten\/wp-content\/uploads\/2024\/09\/strassenweb-150x150.jpg","contentUrl":"https:\/\/www.strassenweb.de\/nachrichten\/wp-content\/uploads\/2024\/09\/strassenweb-150x150.jpg","caption":"Robert Hoffmann"},"description":"Ich hei\u00dfe Robert Hoffmann und ich bin ein leidenschaftlicher Verfechter von \u00d6kologie und Biodiversit\u00e4t. Seit meiner Kindheit in den W\u00e4ldern Bayerns f\u00fchle ich mich mit der Natur verbunden und bin entschlossen, sie zu sch\u00fctzen. Heute widme ich mein Leben der Sensibilisierung anderer f\u00fcr die Bedeutung des Umweltschutzes f\u00fcr zuk\u00fcnftige Generationen.","sameAs":["https:\/\/www.strassenweb.de\/"]}]}},"_links":{"self":[{"href":"https:\/\/www.strassenweb.de\/nachrichten\/wp-json\/wp\/v2\/posts\/16800","targetHints":{"allow":["GET"]}}],"collection":[{"href":"https:\/\/www.strassenweb.de\/nachrichten\/wp-json\/wp\/v2\/posts"}],"about":[{"href":"https:\/\/www.strassenweb.de\/nachrichten\/wp-json\/wp\/v2\/types\/post"}],"author":[{"embeddable":true,"href":"https:\/\/www.strassenweb.de\/nachrichten\/wp-json\/wp\/v2\/users\/1"}],"replies":[{"embeddable":true,"href":"https:\/\/www.strassenweb.de\/nachrichten\/wp-json\/wp\/v2\/comments?post=16800"}],"version-history":[{"count":1,"href":"https:\/\/www.strassenweb.de\/nachrichten\/wp-json\/wp\/v2\/posts\/16800\/revisions"}],"predecessor-version":[{"id":16802,"href":"https:\/\/www.strassenweb.de\/nachrichten\/wp-json\/wp\/v2\/posts\/16800\/revisions\/16802"}],"wp:featuredmedia":[{"embeddable":true,"href":"https:\/\/www.strassenweb.de\/nachrichten\/wp-json\/wp\/v2\/media\/16801"}],"wp:attachment":[{"href":"https:\/\/www.strassenweb.de\/nachrichten\/wp-json\/wp\/v2\/media?parent=16800"}],"wp:term":[{"taxonomy":"category","embeddable":true,"href":"https:\/\/www.strassenweb.de\/nachrichten\/wp-json\/wp\/v2\/categories?post=16800"},{"taxonomy":"post_tag","embeddable":true,"href":"https:\/\/www.strassenweb.de\/nachrichten\/wp-json\/wp\/v2\/tags?post=16800"}],"curies":[{"name":"wp","href":"https:\/\/api.w.org\/{rel}","templated":true}]}}