{"id":16797,"date":"2026-09-06T11:40:04","date_gmt":"2026-09-06T09:40:04","guid":{"rendered":"https:\/\/www.strassenweb.de\/nachrichten\/ich-habe-meine-felco-f2-gartenscheren-seit-meinem-ersten-tag-als-professioneller-gaertner-und-verwende-sie-auch-ueber-ein-jahrzehnt-spaeter-immer-noch-hier-erfahren-sie-warum-sie-nach-wie-v\/"},"modified":"2026-09-06T11:40:17","modified_gmt":"2026-09-06T09:40:17","slug":"ich-habe-meine-felco-f2-gartenscheren-seit-meinem-ersten-tag-als-professioneller-gaertner-und-verwende-sie-auch-ueber-ein-jahrzehnt-spaeter-immer-noch-hier-erfahren-sie-warum-sie-nach-wie-v","status":"publish","type":"post","link":"https:\/\/www.strassenweb.de\/nachrichten\/ich-habe-meine-felco-f2-gartenscheren-seit-meinem-ersten-tag-als-professioneller-gaertner-und-verwende-sie-auch-ueber-ein-jahrzehnt-spaeter-immer-noch-hier-erfahren-sie-warum-sie-nach-wie-v\/","title":{"rendered":"Ich habe meine Felco F2-Gartenscheren seit meinem ersten Tag als professioneller G\u00e4rtner und verwende sie auch \u00fcber ein Jahrzehnt sp\u00e4ter immer noch \u2013 hier erfahren Sie, warum sie nach wie vor mein bevorzugtes Werkzeug sind"},"content":{"rendered":"<div id=\"article-body\" class=\"article__body \">\n<div data-analytics-id=\"utility-bar\" analytics-name=\"utility-bar\" id=\"utility-bar\" class=\"font-ui-heading flex justify-between items-center py-2 border-t border-b border-gray-300 border-solid mb-5 mx-auto\" data-component-name=\"UtilityBar\" data-mrf-recirculation=\"utility-bar\">\n<div class=\"flex gap-2 text-(#333) subcontainer\">\n<div class=\"relative tooltip-container\" role=\"tooltip\">\n<button id=\"utilitybar__button--share\" type=\"button\" aria-label=\"Share this article\" aria-expanded=\"false\" aria-controls=\"utilitybar__dropdown--share\" aria-haspopup=\"true\" data-analytics-id=\"article-social\" analytics-label=\"utility-bar-share\" analytics-name=\"utility-bar\" data-component-name=\"UtilityBar:ShareArticle:Button\" class=\"relative text-inherit leading-none text-xs flex items-center gap-1 font-ui-heading\" data-mrf-recirculation=\"article-social\"><br \/>\n<svg class=\"m-auto pointer-events-none size-5 text-inherit\" data-component-name=\"Icon\" aria-hidden=\"true\" width=\"23\" height=\"21\" viewbox=\"0 0 23 21\" fill=\"none\" xmlns=\"http:\/\/www.w3.org\/2000\/svg\">\n<path d=\"M13.8583 1.82131L18.7293 6.12806C20.6528 7.82875 21.6146 8.67912 21.6146 9.77454C21.6146 10.8701 20.6528 11.7204 18.7293 13.4211L13.8583 17.7279C12.9803 18.5041 12.5414 18.8923 12.1794 18.7306C11.8174 18.5689 11.8174 17.9847 11.8174 16.8162V13.9565C7.40295 13.9565 2.62061 16.0475 0.78125 19.5323C0.78125 8.38058 7.3212 5.59268 11.8174 5.59268V2.73294C11.8174 1.56445 11.8174 0.980213 12.1794 0.818536C12.5414 0.656859 12.9803 1.045 13.8583 1.82131Z\" stroke=\"#1B1B1B\" stroke-width=\"1.5625\" stroke-linecap=\"round\" stroke-linejoin=\"round\"><\/path>\n<\/svg><\/p>\n<p>Aktie<\/button><\/p>\n<div data-component-name=\"Social:Dropdown\" role=\"menu\" id=\"utilitybar__dropdown--share\" aria-labelledby=\"utilitybar__button--share\" class=\"absolute left-0 top-full w-44 bg-white rounded-md shadow-md border border-neutral-200 z-(9996) list-none m-0 py-2 px-3 border-solid\" style=\"grid-area: social-icons;\">\n<ul class=\"m-0!\">\n<li class=\"!p-0 !m-0 list-none border-b border-gray-200 border-solid\">\n<button type=\"button\" onclick=\"navigator.clipboard.writeText(window.location.href).then(() =&gt; {alert('Link copied')}).catch(err =&gt; {console.error('Failed to copy: ', err)})\" data-platform=\"copy_link\" data-action=\"\" class=\"font-ui-heading py-2 text-sm text-neutral-700 hover:bg-neutral-100 transition-colors no-underline block cursor-pointer border-0 bg-transparent hover:(&amp;_svg):filter-none w-full text-left normal-case\" aria-label=\"Copy link\" role=\"menuitem\" data-analytics-id=\"article-social\" analytics-label=\"utility-bar-social-share-copy-link\" analytics-name=\"utility-bar-secondary\" data-mrf-recirculation=\"article-social\"><br \/>\n<svg class=\"text-black size-8 w-6 h-6 inline-block mr-1.5\" data-component-name=\"Icon\" aria-hidden=\"true\" xmlns=\"http:\/\/www.w3.org\/2000\/svg\" fill=\"none\" viewbox=\"0 0 24 24\" stroke-width=\"1.5\" stroke=\"currentColor\" data-slot=\"icon\">\n<path stroke-linecap=\"round\" stroke-linejoin=\"round\" d=\"M13.19 8.688a4.5 4.5 0 0 1 1.242 7.244l-4.5 4.5a4.5 4.5 0 0 1-6.364-6.364l1.757-1.757m13.35-.622 1.757-1.757a4.5 4.5 0 0 0-6.364-6.364l-4.5 4.5a4.5 4.5 0 0 0 1.242 7.244\"><\/path>\n<\/svg><\/p>\n<p>Link kopieren<br \/>\n<\/button>\n<\/li>\n<li class=\"!p-0 !m-0 list-none border-b border-gray-200 border-solid\">\n<p><svg class=\"size-8 w-6 h-6 inline-block mr-1.5 text-primary-500\" data-component-name=\"Icon\" aria-hidden=\"true\" height=\"24\" viewbox=\"0 0 24 24\" width=\"24\" xmlns=\"http:\/\/www.w3.org\/2000\/svg\">\n<circle cx=\"12\" cy=\"12\" fill=\"#3b5998\" r=\"12\"><\/circle>\n<path d=\"m13.079 19h-2.9v-7h-1.441v-2.408h1.442v-1.456c0-1.96.813-3.136 3.136-3.136h1.933v2.408h-1.2c-.91 0-.965.35-.965.966v1.218h2.183l-.257 2.408h-1.931z\" fill=\"#fff\"><\/path>\n<\/svg><\/p>\n<p>Facebook<\/p>\n<\/li>\n<li class=\"!p-0 !m-0 list-none border-b border-gray-200 border-solid\">\n<a rel=\"nofollow\" href=\"https:\/\/twitter.com\/intent\/tweet?text=I%E2%80%99ve+Had+My+Felco+F2+Pruners+Since+My+First+Day+as+a+Professional+Gardener%2C+and+I+Still+Use+Them+Over+a+Decade+Later+%E2%80%93+Here%E2%80%99s+Why+They+Remain+My+Go-to+Tool&amp;url=https%3A%2F%2Fwww.homesandgardens.com%2Fgardens%2Ffelco-f2-pruning-shears\" data-platform=\"X\" class=\"font-ui-heading py-2 text-sm text-neutral-700 hover:bg-neutral-100 transition-colors no-underline block cursor-pointer border-0 bg-transparent hover:(&amp;_svg):filter-none\" aria-label=\"Share this page on X\" role=\"menuitem\" data-analytics-id=\"article-social\" analytics-label=\"utility-bar-social-share-X\" analytics-name=\"utility-bar-secondary\" target=\"_blank\" data-mrf-recirculation=\"article-social\"><br \/>\n<svg class=\"size-8 w-6 h-6 inline-block mr-1.5 text-primary-500\" data-component-name=\"Icon\" aria-hidden=\"true\" width=\"24\" height=\"24\" viewbox=\"0 0 24 24\" fill=\"none\" xmlns=\"http:\/\/www.w3.org\/2000\/svg\">\n<path fill-rule=\"evenodd\" clip-rule=\"evenodd\" d=\"M12 24C5.372 24 0 18.627 0 12C0 5.373 5.372 0 12 0C18.627 0 24 5.373 24 12C24 18.627 18.627 24 12 24Z\" fill=\"black\"><\/path>\n<path d=\"M13.1403 11.0842L17.6068 6H16.5488L12.6689 10.4137L9.57237 6H6L10.6836 12.6749L6 18.0059H7.05804L11.1526 13.3439L14.4235 18.0059H17.9959M7.4399 6.78133H9.06534L16.548 17.2629H14.9221\" fill=\"white\"><\/path>\n<\/svg><\/p>\n<p>X<br \/>\n<\/a>\n<\/li>\n<li class=\"!p-0 !m-0 list-none border-b border-gray-200 border-solid sm:hidden\">\n<p><svg class=\"size-8 w-6 h-6 inline-block mr-1.5 text-primary-500\" data-component-name=\"Icon\" aria-hidden=\"true\" width=\"24\" height=\"24\" viewbox=\"0 0 24 24\" fill=\"none\" xmlns=\"http:\/\/www.w3.org\/2000\/svg\">\n<g clip-path=\"url(#clip0_7607_1303)\">\n<path d=\"M12 24C18.6274 24 24 18.6274 24 12C24 5.37258 18.6274 0 12 0C5.37258 0 0 5.37258 0 12C0 18.6274 5.37258 24 12 24Z\" fill=\"#25D366\"><\/path>\n<path d=\"M16.9074 7.03131C16.2656 6.38465 15.5016 5.87206 14.6599 5.52334C13.8182 5.17462 12.9155 4.99674 12.0044 5.00005C10.7864 5.00124 9.59004 5.32242 8.53521 5.93143C7.48037 6.54045 6.60407 7.41592 5.99404 8.47015C5.38402 9.5244 5.06169 10.7204 5.05933 11.9384C5.05697 13.1565 5.37467 14.3537 5.98061 15.4103L5 19.0088L8.6773 18.0457C9.69271 18.6106 10.8337 18.9117 11.9956 18.9213C13.8428 18.9213 15.6151 18.1917 16.9269 16.8914C18.2387 15.5911 18.9838 13.8252 19 11.9782C18.9939 11.0565 18.8058 10.1451 18.4467 9.29619C18.0877 8.4473 17.5645 7.67764 16.9074 7.03131ZM12.0044 17.7218C10.9692 17.7225 9.95298 17.4442 9.06254 16.9163L8.85241 16.7849L6.6723 17.3628L7.25016 15.2352L7.11007 15.0163C6.3652 13.8139 6.0872 12.38 6.32875 10.9863C6.57029 9.59269 7.31461 8.33602 8.42068 7.4544C9.52675 6.57278 10.9177 6.12745 12.3302 6.20278C13.7426 6.27809 15.0784 6.86883 16.0844 7.86308C17.1841 8.93842 17.8136 10.4052 17.8355 11.9431C17.8217 13.4805 17.2012 14.9502 16.1091 16.0325C15.0171 17.1146 13.5418 17.7218 12.0044 17.7218ZM15.1651 13.3966C14.99 13.309 14.1407 12.8887 13.9831 12.8362C13.8255 12.7837 13.7029 12.7486 13.5891 12.9238C13.4179 13.1585 13.2336 13.3835 13.0375 13.5979C12.9412 13.7205 12.8361 13.7293 12.661 13.5979C11.6627 13.2034 10.8309 12.4767 10.3058 11.5404C10.122 11.2339 10.4809 11.2515 10.8136 10.5948C10.8382 10.5474 10.851 10.4949 10.851 10.4416C10.851 10.3883 10.8382 10.3357 10.8136 10.2884C10.8136 10.2008 10.4196 9.34276 10.2795 9.0013C10.1395 8.65983 9.99937 8.71236 9.88555 8.70361H9.54409C9.45562 8.70497 9.36846 8.7252 9.28843 8.76295C9.20841 8.80069 9.13736 8.85509 9.08005 8.9225C8.88359 9.11352 8.73037 9.34444 8.63068 9.59968C8.531 9.85492 8.48719 10.1286 8.50219 10.4022C8.55709 11.0572 8.80375 11.6814 9.21138 12.1971C9.95752 13.3141 10.9801 14.219 12.1795 14.8237C12.8086 15.1909 13.5396 15.3445 14.2633 15.2615C14.5042 15.2137 14.7325 15.1157 14.9331 14.9738C15.1338 14.8321 15.3023 14.6496 15.4278 14.4385C15.544 14.1807 15.5806 13.8941 15.5328 13.6154C15.454 13.5279 15.3402 13.4841 15.1651 13.3966Z\" fill=\"white\"><\/path>\n<\/g>\n<defs>\n<clippath id=\"clip0_7607_1303\">\n<rect width=\"24\" height=\"24\" fill=\"white\"><\/rect>\n<\/clippath>\n<\/defs>\n<\/svg><\/p>\n<p>WhatsApp<\/p>\n<\/li>\n<li class=\"!p-0 !m-0 list-none border-b border-gray-200 border-solid\">\n<p><svg class=\"size-8 w-6 h-6 inline-block mr-1.5 text-primary-500\" data-component-name=\"Icon\" aria-hidden=\"true\" height=\"24\" viewbox=\"0 0 24 24\" width=\"24\" xmlns=\"http:\/\/www.w3.org\/2000\/svg\">\n<circle cx=\"12\" cy=\"12\" fill=\"#bd081c\" r=\"12\"><\/circle>\n<path d=\"m12.336 5c-3.822 0-5.754 2.744-5.754 5.025a3.065 3.065 0 0 0 1.652 3.066.279.279 0 0 0 .407-.2l.154-.644a.373.373 0 0 0 -.113-.448 2.341 2.341 0 0 1 -.532-1.582 3.812 3.812 0 0 1 3.961-3.849 3.009 3.009 0 0 1 3.346 3.08c0 2.323-1.022 4.283-2.547 4.283a1.253 1.253 0 0 1 -1.273-1.554 17.616 17.616 0 0 0 .713-2.856 1.081 1.081 0 0 0 -1.092-1.2c-.854 0-1.553.881-1.553 2.071a2.954 2.954 0 0 0 .266 1.274l-1.038 4.383a9.389 9.389 0 0 0 -.027 3.065.109.109 0 0 0 .2.042 8.737 8.737 0 0 0 1.457-2.631l.561-2.212a2.3 2.3 0 0 0 1.959 1.008c2.59 0 4.34-2.366 4.34-5.516a4.8 4.8 0 0 0 -5.087-4.605z\" fill=\"#fff\"><\/path>\n<\/svg><\/p>\n<p>Pinterest<\/p>\n<\/li>\n<\/ul>\n<\/div>\n<div class=\"font-ui-heading max-sm:hidden tooltip absolute left-1\/2 bg-gray-900 text-white text-xs leading-none px-3 py-1.5 rounded-md z-(10001) whitespace-nowrap\" id=\"tooltip-share-this-article\" role=\"tooltip\" aria-hidden=\"true\">\n<p>Teilen Sie diesen Artikel\n<\/p><\/div>\n<\/div>\n<div class=\"relative tooltip-container\" role=\"tooltip\">\n<div class=\"font-ui-heading max-sm:hidden tooltip absolute left-1\/2 bg-gray-900 text-white text-xs leading-none px-3 py-1.5 rounded-md z-(10001) whitespace-nowrap\" id=\"tooltip-join-the-conversation\" role=\"tooltip\" aria-hidden=\"true\">\n<p>Beteiligen Sie sich an der Unterhaltung\n<\/p><\/div>\n<\/div>\n<\/div>\n<div class=\"flex gap-2 text-(#333) subcontainer\">\n<div class=\"relative tooltip-container\" role=\"tooltip\">\n<p><svg class=\"inline-block m-auto size-5 text-inherit filter grayscale brightness-0 contrast-100\" data-component-name=\"Icon\" aria-hidden=\"true\" xmlns=\"http:\/\/www.w3.org\/2000\/svg\" width=\"20\" height=\"20\" fill=\"none\" viewbox=\"0 0 20 20\">\n<path fill=\"#4285F4\" d=\"M18.8 10.208c0-.65-.058-1.275-.167-1.875H10v3.55h4.933a4.226 4.226 0 0 1-1.841 2.759v2.308h2.975C17.8 15.35 18.8 13 18.8 10.208Z\"><\/path>\n<path fill=\"#34A853\" d=\"M10 19.167c2.475 0 4.55-.817 6.066-2.217l-2.975-2.308c-.816.55-1.858.883-3.091.883-2.384 0-4.409-1.608-5.134-3.775h-3.05v2.367c1.509 2.991 4.6 5.05 8.184 5.05Z\"><\/path>\n<path fill=\"#FBBC05\" d=\"M4.865 11.742A5.493 5.493 0 0 1 4.574 10c0-.608.108-1.192.291-1.742V5.892h-3.05A9.054 9.054 0 0 0 .832 10c0 1.483.358 2.875.983 4.108l2.375-1.85.675-.516Z\"><\/path>\n<path fill=\"#EA4335\" d=\"M10 4.483c1.35 0 2.55.467 3.508 1.367l2.625-2.625C14.541 1.742 12.475.833 10 .833c-3.584 0-6.675 2.059-8.184 5.059l3.05 2.366C5.591 6.092 7.616 4.483 10 4.483Z\"><\/path>\n<\/svg><\/p>\n<p>Folgen Sie uns<\/p>\n<div class=\"font-ui-heading max-sm:hidden tooltip absolute left-1\/2 bg-gray-900 text-white text-xs leading-none px-3 py-1.5 rounded-md z-(10001) whitespace-nowrap\" id=\"tooltip-add-us-as-a-preferred-source-on-google\" role=\"tooltip\" aria-hidden=\"true\">\nF\u00fcgen Sie uns als bevorzugte Quelle bei Google hinzu\n<\/div>\n<\/div>\n<div class=\"relative tooltip-container\" role=\"tooltip\">\n<button type=\"button\" class=\"no-underline hover:no-underline newsletter-pop-up-trigger relative text-inherit leading-none text-xs flex items-center gap-1 font-ui-heading\" data-component-name=\"UtilityBar:Newsletter:Button\" id=\"utilitybar__button--newsletter\" aria-label=\"Newsletter\" data-analytics-id=\"article-social\" analytics-label=\"utility-bar-newsletters\" analytics-name=\"utility-bar\" data-mrf-recirculation=\"article-social\"><br \/>\n<svg class=\"inline-block m-auto size-5 text-inherit\" data-component-name=\"Icon\" aria-hidden=\"true\" xmlns=\"http:\/\/www.w3.org\/2000\/svg\" fill=\"none\" viewbox=\"0 0 24 24\" stroke-width=\"1.5\" stroke=\"currentColor\" data-slot=\"icon\">\n<path stroke-linecap=\"round\" stroke-linejoin=\"round\" d=\"M21.75 6.75v10.5a2.25 2.25 0 0 1-2.25 2.25h-15a2.25 2.25 0 0 1-2.25-2.25V6.75m19.5 0A2.25 2.25 0 0 0 19.5 4.5h-15a2.25 2.25 0 0 0-2.25 2.25m19.5 0v.243a2.25 2.25 0 0 1-1.07 1.916l-7.5 4.615a2.25 2.25 0 0 1-2.36 0L3.32 8.91a2.25 2.25 0 0 1-1.07-1.916V6.75\"><\/path>\n<\/svg><\/p>\n<p>Newsletter<br \/>\n<\/button><\/p>\n<div class=\"font-ui-heading max-sm:hidden tooltip absolute left-1\/2 bg-gray-900 text-white text-xs leading-none px-3 py-1.5 rounded-md z-(10001) whitespace-nowrap\" id=\"tooltip-subscribe-to-our-newsletter\" role=\"tooltip\" aria-hidden=\"true\">\n<p>Abonnieren Sie unseren Newsletter\n<\/p><\/div>\n<\/div>\n<\/div>\n<\/div>\n<p id=\"elk-fb599c8e-a794-11f1-a43a-69d9263a0110\">Als ich zu meinem ersten Arbeitstag im Hidcote Manor Garden in den Cotswolds erschien, wurde mir eine Felco F2-Gartenschere \u00fcberreicht. Ich wusste nicht, dass sie f\u00fcr mehr als ein Jahrzehnt bei verschiedenen Arbeiten und in sehr unterschiedlichen G\u00e4rten im ganzen Land zu meinem bevorzugten Schnittwerkzeug werden w\u00fcrden.<\/p>\n<div id=\"ad-unit-1\" class=\"ad-unit\"><\/div>\n<p>Nach einem Jahr meiner g\u00e4rtnerischen Ausbildung und dem Erwerb meiner Qualifikationen war Hidcote \u2013 einer der einflussreichsten Kunst- und Handwerksg\u00e4rten der Welt \u2013 mein erster Ausflug in die professionelle Gartenarbeit. Ein Willkommenspaket enthielt meine Uniform, mein Namensschild, Arbeitsstiefel, eine Asts\u00e4ge und die Felcos. \u00dcbrig bleibt nur noch die Gartenschere. Ich verwende sie immer noch f\u00fcr den Gro\u00dfteil meiner Schnittarbeiten und werde dies auch weiterhin tun, da es sich um starke, zuverl\u00e4ssige und komfortable Schnittwerkzeuge handelt.<\/p>\n<aside data-article-category=\"gardens\" data-block-type=\"embed\" data-render-type=\"fte\" data-skip=\"dealsy\" data-widget-type=\"seasonal\" class=\"ecom-root\"><\/aside>\n<p id=\"elk-fb599c8e-a794-11f1-a43a-69d9263a0110-2\">Ich habe die Astschere Felco F2 im Laufe der Jahre f\u00fcr eine umfangreiche Liste von Arbeiten verwendet, darunter das Zur\u00fcckschneiden von Stauden, das Beschneiden von B\u00e4umen und Str\u00e4uchern, das Ernten von Feldfr\u00fcchten, das Schneiden von Blumen und das Schneiden von Formschnitten. Die Liste geht weiter und weiter. Ich habe andere Gartenscheren verwendet und habe Alternativen in meinem Ger\u00e4teschuppen, aber die, zu denen ich mich zuerst hingezogen f\u00fchle, sind die zuverl\u00e4ssigen F2-Gartenscheren, die mich im Laufe der Jahre nie im Stich gelassen haben. Bei Amazon k\u00f6nnen Sie Ihre eigene Felco F2-Gartenschere erwerben, die m\u00f6glicherweise ein Leben lang h\u00e4lt.<\/p>\n<div class=\"my-6 w-full overflow-hidden rounded-(10px) lg:my-8\" data-component-name=\"JwPlayer:Carousel\" data-jwp-carousel data-jwp-carousel-payload='{\"ids\":{\"playerID\":\"nH5qbfDS\",\"searchPlaylistID\":\"JWjbv5QN\",\"divID\":\"botr_JWjbv5QN_nH5qbfDS_div\",\"fallbackPlaylistID\":\"JWjbv5QN\",\"fallbackDivID\":\"botr_JWjbv5QN_nH5qbfDS_div\",\"key\":\"fLxvNqAkFSgQANz9Ytp9fXXsYH5UjXbuR9iNv02Ze7eiW9wL\",\"tintLogo\":true,\"useSearchPlaylist\":false,\"enabled\":true},\"signPostingEnabled\":true,\"signPostingLinkEnabled\":true,\"waitForAdLoad\":false,\"hidePlayerOnDesktop\":false,\"hidePlayerOnMobile\":false,\"hidePlayerOnTablet\":false}'>\n<div class=\"flex flex-nowrap items-center justify-between gap-3 bg-zinc-900 px-(14px) py-3\" data-jwp-carousel-header>\n<div class=\"flex min-w-0 shrink items-center\"><span class=\"inline-flex items-center gap-1.5 text-sm font-article-heading capitalize leading-5 text-white whitespace-nowrap\"><span class=\"jwp-carousel-title-mobile\"><\/span><span class=\"jwp-carousel-title-desktop\">Neueste Videos von<\/span><span class=\"jwp-carousel-brand\">H\u00e4user und G\u00e4rten<\/span><\/span><\/div>\n<\/div>\n<div class=\"aspect-video w-full min-h-(200px) lg:min-h-(330px) relative overflow-hidden bg-black\" data-jwp-carousel-container>\n<div class=\"absolute inset-0 size-full\" data-jwp-carousel-player-host><\/div>\n<div class=\"absolute inset-0 size-full items-center justify-center bg-white\" data-jwp-carousel-fallback><\/div>\n<\/div>\n<div class=\"min-h-(44px) bg-zinc-900 px-(14px) py-3\" data-jwp-carousel-signposting><span data-jwp-carousel-signposting-title>Sehen Sie sich hier das vollst\u00e4ndige Video an: <\/span><\/div>\n<\/div>\n<div class=\"product-container horizontal-product-container\">\n<div class=\"product-block-row\"><\/div>\n<\/div>\n<div class=\"slice-container table-wrapper slice-container-table\" data-component-name=\"Slice:Table\" id=\"elk-fb599e14-a794-11f1-8ea9-25a17849e2aa\">\n<div class=\"table__instruction\">\n<p>Wischen Sie, um horizontal zu scrollen<br \/>\n<svg fill=\"none\" viewbox=\"0 0 23 30\" xmlns=\"http:\/\/www.w3.org\/2000\/svg\">\n<path d=\"M21.554 15.726a2.878 2.878 0 0 0-1.705-.374 2.881 2.881 0 0 0-1.388-3.068 2.877 2.877 0 0 0-1.992-.333 2.884 2.884 0 0 0-.1-.766 2.865 2.865 0 0 0-1.346-1.75c-.47-.27-.996-.4-1.527-.385l2.742-4.73a2.87 2.87 0 0 0 .323-.83h2.612V2.084h-2.661A2.861 2.861 0 0 0 15.18.385a2.903 2.903 0 0 0-3.952 1.055l-.373.644H2.983l1.003-1L2.99.09 1.28 1.793l-.999.995L2.99 5.484l.998-.994-1.003-.999h7.054L6.505 9.586c-.34.066-.905.186-1.523.366-1.405.41-2.321.895-2.8 1.483-.742.911-1.159 2.513-1.277 4.898l-.001.01c-.067 1.816.946 6.943.99 7.16a.688.688 0 0 0 1.35-.266c-.01-.051-1.023-5.177-.963-6.84.127-2.556.598-3.64.97-4.098.133-.163.602-.587 2.104-1.027l.206-.058-1.425 2.458a.685.685 0 0 0 .252.937c.33.19.75.077.94-.251L12.42 2.126a1.52 1.52 0 0 1 2.07-.552c.35.2.6.527.705.916.105.39.051.797-.15 1.145l-4.767 8.222a.685.685 0 0 0 .252.937c.33.19.75.077.94-.25l.794-1.368c.201-.348.529-.597.92-.702a1.508 1.508 0 0 1 1.854 1.066c.105.39.052.796-.15 1.144l-.377.652-.002.002-.898 1.55a.685.685 0 0 0 .252.938c.329.189.75.077.94-.251l.9-1.551c.201-.348.528-.597.92-.702a1.512 1.512 0 0 1 1.703 2.21l-1.223 2.11a.685.685 0 0 0 .252.938c.33.189.75.076.941-.252l.5-.862c.202-.348.529-.597.92-.702.392-.104.8-.051 1.15.15.723.416.972 1.34.554 2.06l-3.525 6.08c-.517.892-1.57 1.795-3.044 2.611-1.156.64-2.163.998-2.173 1.002a.685.685 0 0 0 .23 1.333.688.688 0 0 0 .229-.04c.18-.062 4.419-1.575 5.952-4.22l3.524-6.08a2.878 2.878 0 0 0-1.059-3.934Z\" fill=\"#333\"><\/path>\n<\/svg>\n<\/div>\n<div class=\"table__container\">\n<table tabindex=\"0\" class=\"table__wrapper table__wrapper--inbodyContent table__wrapper--sticky table__wrapper--divider\">\n<tbody>\n<caption class=\"table__caption table__caption--top table__caption--left\">\n<p>Spezifikationen<br \/>\n<\/caption>\n<\/tbody>\n<tbody class=\"table__body\">\n<tr class=\"table__body__row\">\n<td class=\"table_body__data\" colspan=\"1\" style=\"text-align: left;\">\n<p>Werkzeugtyp<\/p>\n<\/td>\n<td class=\"table_body__data\" colspan=\"1\" style=\"text-align: left;\">\n<p>Bypass-Gartenschere<\/p>\n<\/td>\n<\/tr>\n<tr class=\"table__body__row\">\n<td class=\"table_body__data\" colspan=\"1\" style=\"text-align: left;\">\n<p>Klingenmaterial<\/p>\n<\/td>\n<td class=\"table_body__data\" colspan=\"1\" style=\"text-align: left;\">\n<p>Geh\u00e4rteter Stahl<\/p>\n<\/td>\n<\/tr>\n<tr class=\"table__body__row\">\n<td class=\"table_body__data\" colspan=\"1\" style=\"text-align: left;\">\n<p>Griffmaterial<\/p>\n<\/td>\n<td class=\"table_body__data\" colspan=\"1\" style=\"text-align: left;\">\n<p>Geschmiedetes Aluminium<\/p>\n<\/td>\n<\/tr>\n<tr class=\"table__body__row\">\n<td class=\"table_body__data\" colspan=\"1\" style=\"text-align: left;\">\n<p>Maximaler Schnittdurchmesser<\/p>\n<\/td>\n<td class=\"table_body__data\" colspan=\"1\" style=\"text-align: left;\">\n<p>25mm<\/p>\n<\/td>\n<\/tr>\n<tr class=\"table__body__row\">\n<td class=\"table_body__data\" colspan=\"1\" style=\"text-align: left;\">\n<p>L\u00e4nge<\/p>\n<\/td>\n<td class=\"table_body__data\" colspan=\"1\" style=\"text-align: left;\">\n<p>215mm<\/p>\n<\/td>\n<\/tr>\n<tr class=\"table__body__row\">\n<td class=\"table_body__data\" colspan=\"1\" style=\"text-align: left;\">\n<p>Gewicht<\/p>\n<\/td>\n<td class=\"table_body__data\" colspan=\"1\" style=\"text-align: left;\">\n<p>  251 g<\/p>\n<\/td>\n<\/tr>\n<\/tbody>\n<\/table>\n<\/div>\n<\/div>\n<h3 class=\"article-body__section\" id=\"section-a-premium-cutting-performance\"><span>Eine Premium-Schneidleistung<\/span><\/h3>\n<figure class=\"van-image-figure inline-layout \" data-bordeaux-image-check id=\"elk-13e6042e-a838-11f1-9579-a11fcaa3323f\">\n<div class=\"image-full-width-wrapper\">\n<div class=\"image-widthsetter\" style=\"max-width:2000px;\"><\/div>\n<\/div>\n<\/figure>\n<p id=\"elk-79dcf852-a796-11f1-a93e-256d32646240\">Meine Felcos haben in den Jahren, in denen ich sie habe, viel Action erlebt. Ich habe sie in zwei historischen G\u00e4rten mit jeweils vielen unterschiedlichen Hauptmerkmalen und in zwei produktiven Gem\u00fcseg\u00e4rten verwendet.<\/p>\n<div id=\"ad-unit-2\" class=\"ad-unit\"><\/div>\n<p>Sie waren an meiner Seite in Staudenrabatten, formellen Parterres, Obstg\u00e4rten, ummauerten G\u00e4rten, Gem\u00fcseg\u00e4rten, Gew\u00e4chsh\u00e4usern, Schnittblumenbeeten und wahrscheinlich an weiteren Orten, an die ich mich erinnern kann. \u00dcberraschenderweise habe ich sie in all der Zeit nicht verloren (es war allerdings fast so weit, als ich sie einmal aus einem Komposthaufen ausgraben musste), aber die leuchtend roten Griffe helfen Ihnen auf jeden Fall, das Werkzeug zu erkennen, wenn Sie sie fallen lassen.<\/p>\n<aside data-component-name=\"Recirculation:ArticleRiver\" data-recirculation-type=\"inline\" data-mrf-recirculation=\"Trending Bar\" data-nosnippet class=\"clear-both pt-2 pb-0 mb-4\">\n        <span class=\"\n            flex\n            after:content-('') after:flex-1 after:ml-4 after:my-(0.7rem) after:border-t after:border-solid after:border-(#333)\n            before:content-('') before:flex-1 before:mr-4 before:my-(0.7rem) before:border-t before:border-solid before:border-(#333)\n            font-article-heading pb-0 text-(length:var(--article-river-title--font-size,1em)) uppercase sm:text-(length:var(--article-river-title--font-size,0.875em)) font-normal\n        \"><\/p>\n<p>            Vielleicht gef\u00e4llt es Ihnen<br \/>\n        <\/span><\/p>\n<ul class=\"flex flex-col gap-0 m-0 max-w-full\">\n<li class=\"m-0 list-none border-b border-solid border-(#ededed) py-2.5\" data-recirculation-id=\"recirculation-card-1\" id=\"recirculation-inline-1\" data-analytics-id=\"recirculation-inline-1\" analytics-label=\"\" data-mrf-recirculation=\"recirculation-inline-1\">\n<picture data-new-v2-image=\"true\" class=\"aspect-square size-(85px) md:size-20 shrink-0\"><source type=\"image\/webp\"  ><\/source><\/p>\n<\/picture>\n                        <span class=\"w-full text-base font-(var(--article-river-item--font-weight,500)) font-article-heading line-clamp-3 md:line-clamp-2\">Beschneiden: Die vollst\u00e4ndige Anleitung, wann, wie und was beschnitten werden sollte<\/span><\/p>\n<\/li>\n<li class=\"m-0 list-none border-b border-solid border-(#ededed) py-2.5\" data-recirculation-id=\"recirculation-card-2\" id=\"recirculation-inline-2\" data-analytics-id=\"recirculation-inline-2\" analytics-label=\"\" data-mrf-recirculation=\"recirculation-inline-2\">\n<picture data-new-v2-image=\"true\" class=\"aspect-square size-(85px) md:size-20 shrink-0\"><source type=\"image\/webp\"  ><\/source><br \/>\n    <img decoding=\"async\" alt=\"Das Heldenbild der Cut-Erntewerkzeuge\"   loading=\"lazy\" data-new-v2-image=\"true\" src=\"https:\/\/www.strassenweb.de\/nachrichten\/wp-content\/uploads\/2026\/08\/yjN5b3Y44W7NW9SL2njhd9.png\" data-pin-media=\"https:\/\/www.strassenweb.de\/nachrichten\/wp-content\/uploads\/2026\/08\/yjN5b3Y44W7NW9SL2njhd9.png\" class=\"rounded-(var(--image--border-radius,0)) aspect-square size-(85px) md:size-20 object-cover shrink-0\" data-pin-nopin=\"true\">\n    <\/picture>\n                        <span class=\"w-full text-base font-(var(--article-river-item--font-weight,500)) font-article-heading line-clamp-3 md:line-clamp-2\">16 Erntewerkzeuge, die jeder K\u00fccheng\u00e4rtner lieben wird \u2013 praktische und dennoch sch\u00f6ne Fundst\u00fccke f\u00fcr eine einfachere Ernte<\/span><\/p>\n<\/li>\n<li class=\"m-0 list-none border-b border-solid border-(#333) py-2.5\" data-recirculation-id=\"recirculation-card-3\" id=\"recirculation-inline-3\" data-analytics-id=\"recirculation-inline-3\" analytics-label=\"\" data-mrf-recirculation=\"recirculation-inline-3\">\n<picture data-new-v2-image=\"true\" class=\"aspect-square size-(85px) md:size-20 shrink-0\"><source type=\"image\/webp\"  ><\/source><br \/>\n    <img decoding=\"async\" alt=\"Eine Holzbank in einem kleinen Balkongarten, umgeben von erh\u00f6hten Pflanzgef\u00e4\u00dfen auf der Chelsea Flower Show\"   loading=\"lazy\" data-new-v2-image=\"true\" src=\"https:\/\/www.strassenweb.de\/nachrichten\/wp-content\/uploads\/2026\/08\/38eB8ZKJUE5NHMdUBZgJSf.jpg\" data-pin-media=\"https:\/\/www.strassenweb.de\/nachrichten\/wp-content\/uploads\/2026\/08\/38eB8ZKJUE5NHMdUBZgJSf.jpg\" class=\"rounded-(var(--image--border-radius,0)) aspect-square size-(85px) md:size-20 object-cover shrink-0\" data-pin-nopin=\"true\">\n    <\/picture>\n                        <span class=\"w-full text-base font-(var(--article-river-item--font-weight,500)) font-article-heading line-clamp-3 md:line-clamp-2\">5 Werkzeuge, die jeder Kleingarteng\u00e4rtner tats\u00e4chlich braucht \u2013 ein minimalistisches Werkzeugset, das alle Anforderungen erf\u00fcllt<\/span><\/p>\n<\/li>\n<\/ul>\n<\/aside>\n<p>Ich kenne viele professionelle G\u00e4rtner, die Felco F2-Gartenscheren verwenden. In den letzten Jahren gab es einen wachsenden Trend zu japanischen Gartenger\u00e4ten (z. B. Niwaki-Gartenscheren), aber Felcos erfreuen sich nach wie vor gro\u00dfer Beliebtheit. Warum ist das so?<\/p>\n<p>Ich kann nicht f\u00fcr alle sprechen, aber f\u00fcr mich sind es ihre Zuverl\u00e4ssigkeit, Haltbarkeit und ihr Komfort, die bedeuten, dass ich nicht ohne sie leben k\u00f6nnte. Ich kann die Stunden, die ich damit verbracht habe, sie zu beschneiden, nicht zusammenz\u00e4hlen, aber ich wei\u00df, dass ich sie regelm\u00e4\u00dfig viele Stunden lang verwendet habe, bevor ich M\u00fcdigkeit oder Unbehagen versp\u00fcrte. Wenn ich dar\u00fcber nachdenke, wie lange ich zum Beispiel mit ihnen an den langen Rabatten von Hidcote arbeiten w\u00fcrde, um abgestorbene Rosen zu schneiden, kann ich mich nicht erinnern, dass meine Gartenschere mir Schmerzen verursacht hat.<\/p>\n<div id=\"slice-container-newsletterForm-articleInbodyContent-kRmL7VgT8bdMRQ8yEiuJjn\" class=\"slice-container newsletter-inbodyContent-slice newsletterForm-articleInbodyContent-kRmL7VgT8bdMRQ8yEiuJjn slice-container-newsletterForm\"><\/div>\n<p>Jede Felco F2-Gartenschere verf\u00fcgt \u00fcber geschmiedete Aluminiumgriffe und eine Klinge aus geh\u00e4rtetem Stahl. Das Aluminium macht es stabil und dennoch leicht \u2013 das Werkzeug wiegt 251 g \u2013 und die Schneidklinge bleibt scharf und sorgt lange Zeit f\u00fcr saubere Schnitte. Sie m\u00fcssen die Gartenschere zwar ein paar Mal pro Saison sch\u00e4rfen (wie oft, h\u00e4ngt davon ab, wie oft Sie sie verwenden), aber sie beh\u00e4lt die scharfe Kante l\u00e4nger als andere Gartenscheren.<\/p>\n<p>Ich habe das leichte Werkzeug immer in einer H\u00fclle dabei und es war bei allen m\u00f6glichen Aufgaben praktisch. Beim Schneiden von Formgeh\u00f6lzen (darunter \u00fcber 120 Buchsbaumzapfen in einem Garten) kann es schnell erledigt werden, um alle ausgefransten St\u00e4ngel zu s\u00e4ubern und zu s\u00e4ubern, nachdem man mit der Heckenschere \u00fcber den Kegel gegriffen hat. Ich habe es auch regelm\u00e4\u00dfig verwendet, um beim Heckenschneiden widerspenstige St\u00e4ngel abzuschneiden, insbesondere entlang der Basis, um der Hecke ein endg\u00fcltiges, sauberes Finish zu verleihen.<\/p>\n<p>Meine Astschere Felco F2 war ein unverzichtbarer Helfer beim Beschneiden von Str\u00e4uchern und beim Zur\u00fcckschneiden von mehrj\u00e4hrigen Pflanzen. Die Gartenschere kann St\u00e4ngel und kleine \u00c4ste mit einem Durchmesser von bis zu 2,5 cm sauber abschneiden, was sich ideal zum Aufr\u00e4umen von Blumenbeeten und Rabatten am Ende der Saison, zum Zur\u00fcckschneiden von Stauden im Sommer f\u00fcr eine zweite Bl\u00fcte oder zum Formen von Str\u00e4uchern eignet.<\/p>\n<aside data-component-name=\"Recirculation:ArticleRiver\" data-recirculation-type=\"inline\" data-mrf-recirculation=\"Trending Bar\" data-nosnippet class=\"clear-both pt-2 pb-0 mb-4\">\n        <span class=\"\n            flex\n            after:content-('') after:flex-1 after:ml-4 after:my-(0.7rem) after:border-t after:border-solid after:border-(#333)\n            before:content-('') before:flex-1 before:mr-4 before:my-(0.7rem) before:border-t before:border-solid before:border-(#333)\n            font-article-heading pb-0 text-(length:var(--article-river-title--font-size,1em)) uppercase sm:text-(length:var(--article-river-title--font-size,0.875em)) font-normal\n        \"><\/p>\n<p>            Was Sie als n\u00e4chstes lesen sollten<br \/>\n        <\/span><\/p>\n<ul class=\"flex flex-col gap-0 m-0 max-w-full\">\n<li class=\"m-0 list-none border-b border-solid border-(#ededed) py-2.5\" data-recirculation-id=\"recirculation-card-1\" id=\"recirculation-inline-2-1\" data-analytics-id=\"recirculation-2-inline-1\" analytics-label=\"\" data-mrf-recirculation=\"recirculation-2-inline-1\">\n<picture data-new-v2-image=\"true\" class=\"aspect-square size-(85px) md:size-20 shrink-0\"><source type=\"image\/webp\"  ><\/source><br \/>\n    <img decoding=\"async\" alt=\"Ein Gem\u00fcsegarten mit Feldfr\u00fcchten, die in Hochbeeten wachsen\"   loading=\"lazy\" data-new-v2-image=\"true\" src=\"https:\/\/www.strassenweb.de\/nachrichten\/wp-content\/uploads\/2026\/08\/Z6UvCrTzHNQkTduWPLJgAe.jpg\" data-pin-media=\"https:\/\/www.strassenweb.de\/nachrichten\/wp-content\/uploads\/2026\/08\/Z6UvCrTzHNQkTduWPLJgAe.jpg\" class=\"rounded-(var(--image--border-radius,0)) aspect-square size-(85px) md:size-20 object-cover shrink-0\" data-pin-nopin=\"true\">\n    <\/picture>\n                        <span class=\"w-full text-base font-(var(--article-river-item--font-weight,500)) font-article-heading line-clamp-3 md:line-clamp-2\">Dieses japanische Werkzeug f\u00fcr 40 US-Dollar ersetzt die H\u00e4lfte des Kits, das ich in meinem Garten verwende \u2013 es j\u00e4tet, bearbeitet und pflanzt<\/span><\/p>\n<\/li>\n<li class=\"m-0 list-none border-b border-solid border-(#ededed) py-2.5\" data-recirculation-id=\"recirculation-card-2\" id=\"recirculation-inline-2-2\" data-analytics-id=\"recirculation-2-inline-2\" analytics-label=\"\" data-mrf-recirculation=\"recirculation-2-inline-2\">\n<picture data-new-v2-image=\"true\" class=\"aspect-square size-(85px) md:size-20 shrink-0\"><source type=\"image\/webp\"  ><\/source><br \/>\n    <img decoding=\"async\" alt=\"Die wei\u00dfen Bl\u00fcten und rosa Knospen einer Clematis armandii \"   loading=\"lazy\" data-new-v2-image=\"true\" src=\"https:\/\/www.strassenweb.de\/nachrichten\/wp-content\/uploads\/2026\/09\/rNZPTV7R6gLW43iWYqoULK.jpg\" data-pin-media=\"https:\/\/www.strassenweb.de\/nachrichten\/wp-content\/uploads\/2026\/09\/rNZPTV7R6gLW43iWYqoULK.jpg\" class=\"rounded-(var(--image--border-radius,0)) aspect-square size-(85px) md:size-20 object-cover shrink-0\" data-pin-nopin=\"true\">\n    <\/picture>\n                        <span class=\"w-full text-base font-(var(--article-river-item--font-weight,500)) font-article-heading line-clamp-3 md:line-clamp-2\">So entfernen Sie Kletterpflanzen, ohne das Wachstum des n\u00e4chsten Jahres zu beeintr\u00e4chtigen \u2013 Was und wann Sie schneiden sollten<\/span><\/p>\n<\/li>\n<li class=\"m-0 list-none border-b border-solid border-(#333) py-2.5\" data-recirculation-id=\"recirculation-card-3\" id=\"recirculation-inline-2-3\" data-analytics-id=\"recirculation-2-inline-3\" analytics-label=\"\" data-mrf-recirculation=\"recirculation-2-inline-3\">\n<picture data-new-v2-image=\"true\" class=\"aspect-square size-(85px) md:size-20 shrink-0\"><source type=\"image\/webp\"  ><\/source><br \/>\n    <img decoding=\"async\" alt=\"Kr\u00e4utergarten mit Lavendel \"   loading=\"lazy\" data-new-v2-image=\"true\" src=\"https:\/\/www.strassenweb.de\/nachrichten\/wp-content\/uploads\/2026\/09\/8rkea4WPXnwqiyNpCgsgj3.jpg\" data-pin-media=\"https:\/\/www.strassenweb.de\/nachrichten\/wp-content\/uploads\/2026\/09\/8rkea4WPXnwqiyNpCgsgj3.jpg\" class=\"rounded-(var(--image--border-radius,0)) aspect-square size-(85px) md:size-20 object-cover shrink-0\" data-pin-nopin=\"true\">\n    <\/picture>\n                        <span class=\"w-full text-base font-(var(--article-river-item--font-weight,500)) font-article-heading line-clamp-3 md:line-clamp-2\">7 Pflanzen, die Sie im September beschneiden sollten \u2013 f\u00f6rdern Sie ein letztes Gedeihen und bereiten Sie Ihren Garten auf den Herbst vor<\/span><\/p>\n<\/li>\n<\/ul>\n<\/aside>\n<p>Das Werkzeug kann beim Beschneiden von B\u00e4umen auch kleinere St\u00e4mme schneiden, und ich habe es h\u00e4ufig bei einer gro\u00dfen Anzahl von Spalierobstb\u00e4umen in einem ummauerten Garten verwendet. Ich habe immer festgestellt, dass man mit der Astschere Felco F2 keine gro\u00dfe Kraft aufwenden muss \u2013 sie schneidet bequem bis zum maximalen Durchmesser.<\/p>\n<p>Die Griffe verf\u00fcgen \u00fcber ergonomische Griffe und gepolsterte Sto\u00dfd\u00e4mpfer, um das Beschneiden komfortabler zu gestalten und Erm\u00fcdungserscheinungen zu reduzieren. Ich habe schon fr\u00fcher eine Gartenschere benutzt, bei der man jeden Schnitt in H\u00e4nden und Handgelenken sp\u00fcrt, aber nicht mit dieser.<\/p>\n<p>Der Schneidvorgang ist sanft und nat\u00fcrlich und Sie sp\u00fcren keine Vibrationen an den Handgelenken. Das bedeutet, dass Sie \u00fcber l\u00e4ngere Zeitr\u00e4ume schneiden k\u00f6nnen, ohne Schmerzen, Belastung oder Erm\u00fcdung zu versp\u00fcren \u2013 was eine gute Nachricht ist, wenn man bedenkt, wie viel Zeit Sie in den kommenden Jahren mit Ihren Gartenscheren verbringen werden.<\/p>\n<p>Die Werkzeuge sind f\u00fcr rechtsh\u00e4ndige G\u00e4rtner geeignet, Felco selbst sagt jedoch, dass sie f\u00fcr diejenigen mit gr\u00f6\u00dferen H\u00e4nden geeignet sind. F\u00fcr G\u00e4rtner mit kleineren H\u00e4nden ist m\u00f6glicherweise die Astschere Felco 14 geeignet, die kompakteste und leichteste Gartenschere, die das Unternehmen anbietet. Bei Walmart erhalten Sie eine Gartenschere Felco 14.<\/p>\n<h3 class=\"article-body__section\" id=\"section-a-quality-long-lasting-pruning-tool\"><span>Ein hochwertiges, langlebiges Schnittwerkzeug<\/span><\/h3>\n<figure class=\"van-image-figure inline-layout \" data-bordeaux-image-check id=\"elk-1c003570-a799-11f1-ad2c-e9c1f36d70e8\">\n<div class=\"image-full-width-wrapper\">\n<div class=\"image-widthsetter\" style=\"max-width:2000px;\"><\/div>\n<\/div>\n<\/figure>\n<p id=\"elk-79dcf92e-a796-11f1-bdde-735fa8e1e09c\">Die Gartenschere Felco F2 ist zuverl\u00e4ssig und aus hochwertigen Materialien gefertigt. Dies spielt neben der Tatsache, dass alle Teile austauschbar sind, eine entscheidende Rolle f\u00fcr ihre Langlebigkeit \u2013 sodass dieses Werkzeug theoretisch ein Leben lang halten kann.<\/p>\n<p>In den \u00fcber zehn Jahren, in denen ich damit arbeite, musste ich noch keine Komponenten austauschen. Ich musste die Schraube am Verriegelungsmechanismus anpassen, da er sich nach jedem Schnitt zu schlie\u00dfen begann, aber das war eine zweimin\u00fctige Reparatur. Im Laufe der Jahre habe ich mein Paar oft gereinigt, gesch\u00e4rft und ge\u00f6lt, damit es optimal funktioniert, aber es ist beruhigend zu wissen, dass ich, falls etwas passieren sollte, problemlos Ersatzteile auf der Felco-Website (oder bei anderen Einzelh\u00e4ndlern) finden kann.<\/p>\n<p>Das Werkzeug f\u00fchlt sich robust und gut verarbeitet an und alle beweglichen Teile funktionieren weiterhin wie erwartet. Die Klingen lassen sich leicht reinigen, und ich denke daran, WD-40 auf die beweglichen Teile zu spr\u00fchen und \u00d6l \u00fcber die Klingen zu wischen, um sie geschmiert zu halten und zu verhindern, dass meine Gartenschere rostet.<\/p>\n<p>Der Verriegelungsmechanismus ist einfach und effektiv. Ein Riegel verhindert das \u00d6ffnen der Klingen und Sie k\u00f6nnen den Mechanismus einfach mit dem Daumen verriegeln oder entriegeln. Sie k\u00f6nnen sicher sein, dass das Werkzeug geschlossen bleibt, wenn es verriegelt ist. Wie bereits erw\u00e4hnt, kann der Riegel angepasst werden, wenn er zu locker oder zu fest wird, und selbst im schlimmsten Fall ist ein Ersatzriegelsatz erh\u00e4ltlich.<\/p>\n<h3 class=\"article-body__section\" id=\"section-an-essential-piece-of-kit\"><span>Ein unverzichtbares Teil der Ausr\u00fcstung<\/span><\/h3>\n<figure class=\"van-image-figure inline-layout \" data-bordeaux-image-check id=\"elk-13e604e2-a838-11f1-a435-1b4ffcd12dce\">\n<div class=\"image-full-width-wrapper\">\n<div class=\"image-widthsetter\" style=\"max-width:2000px;\"><\/div>\n<\/div><figcaption class=\"inline-layout \">\n<div class=\"caption-text\">\n<p>Meine Felco F2-Gartenschere sieht jetzt gut gebraucht aus, bleibt aber f\u00fcr mich ein wichtiges Werkzeug <\/p>\n<\/div>\n<\/figcaption><\/figure>\n<p id=\"elk-79dcfa0a-a796-11f1-9ef4-8316c626e8f3\">F\u00fcr mich ist meine Gartenschere Felco F2 seit dem Tag, an dem ich sie bekam, ein wesentlicher Bestandteil meiner Gartenausr\u00fcstung geworden. Aufgrund der vielf\u00e4ltigen Einsatzm\u00f6glichkeiten und des hohen Bedienkomforts sind die Gartenscheren meine erste Anlaufstelle f\u00fcr alle Schnittarbeiten, die ich erledigen muss.<\/p>\n<p>Wenn Sie einen mittelgro\u00dfen bis gro\u00dfen Garten mit vielen Str\u00e4uchern und Stauden haben, sind diese von entscheidender Bedeutung. Sie eignen sich perfekt zum Beschneiden von Rosen, Hortensien, Azaleen und anderen Landschaftsstr\u00e4uchern oder zum Zur\u00fcckschneiden von Schwarzaugen-Susanne, Taglilien, Salvia, Phlox, Pfingstrosen oder beliebten Stauden. Die Gartenschere ist auch praktisch, um den ganzen Sommer \u00fcber abgestorbene Blumen an den R\u00e4ndern zu entfernen.<\/p>\n<p>An anderer Stelle in Ihrem Garten kann die Felco F2-Gartenschere zum Beschneiden von Pflanzen in Containerg\u00e4rten und zum Ernten aller Arten von Gem\u00fcse, Kr\u00e4utern und Fr\u00fcchten verwendet werden. Sie k\u00f6nnen zum Ernten zwar Gartenscheren oder Gartenscheren verwenden, es ist jedoch nichts Falsches daran, eine Gartenschere zu verwenden \u2013 und Mehrzweckwerkzeuge wie diese sind ideal f\u00fcr kleine G\u00e4rtner.<\/p>\n<p>Felco F2s sind professionelle Gartenscheren. Damit verbunden ist ein Premiumpreis. Sie kosten derzeit bei Amazon 76 US-Dollar, was ungef\u00e4hr dem Durchschnittspreis f\u00fcr sie entspricht. Sie kosten mehr als andere Gartenscheren auf dem Markt, sind aber erstklassige Gartenscheren, die Ihnen viele, viele Jahre lang Freude bereiten werden.<\/p>\n<p>Wenn Sie ein leidenschaftlicher G\u00e4rtner sind, der das ganze Jahr \u00fcber viel beschneidet, k\u00f6nnen diese Gartenscheren ein Leben lang Ihre bevorzugten Gartenscheren sein. Es handelt sich um eine Investition, aber meiner Erfahrung nach mit der Felco F2-Gartenschere ist sie eine Investition, die sich lohnt.<\/p>\n<h2 id=\"shop-for-pruning-shears-3\">Kaufen Sie Gartenscheren<\/h2>\n<div class=\"product-container hero-product-container product-block-no-wrap\">\n<div class=\"product-block-row\"><\/div>\n<div class=\"product-block-row\"><\/div>\n<div class=\"product-block-row\"><\/div>\n<\/div>\n<hr id=\"elk-79dcfa78-a796-11f1-a378-e14de3e5dacf\">\n<p id=\"elk-79dcfae6-a796-11f1-ba40-2bac5c4fb103\">Das Beschneiden ist f\u00fcr jeden G\u00e4rtner eine Grundvoraussetzung, daher ist die Wahl der richtigen Schere wichtig. Da es jedoch viele verschiedene Arten von Gartenscheren gibt und man sich mit der Fachsprache vertraut machen muss, kann es entmutigend werden. Entspannen Sie sich, wir sind f\u00fcr Sie da. Unser Leitfaden zum Kauf von Gartenscheren verr\u00e4t f\u00fcnf goldene Regeln, die Sie bei der Suche nach einer neuen Gartenschere beachten sollten.<\/p>\n<p>Wenn Sie inspirierende Gartenideen, Outdoor-Ratschl\u00e4ge und die neuesten Nachrichten lieben, warum nicht <u>Melden Sie sich f\u00fcr unseren Newsletter an <\/u>und die neuesten Funktionen direkt in Ihren Posteingang geliefert bekommen?<\/p>\n<div class=\"block mb-5\" id=\"articleTag\" data-component-name=\"PostArticleLinks\" data-nosnippet data-mrf-recirculation=\"post-article-links\">\n<div class=\"border-b border-b-black border-solid py-2.5 text-black font-bold uppercase\">THEMEN<\/div>\n<nav class=\"py-2.5 flex gap-2.5 flex-wrap\" data-analytics-id=\"article-tag\" data-mrf-recirculation=\"article-tag\">\n<p>Beschneidung<\/p>\n<\/nav>\n<\/div>\n<\/div>\n<p><script async src=\"https:\/\/platform.twitter.com\/widgets.js\" charset=\"utf-8\"><\/script><\/p>\n","protected":false},"excerpt":{"rendered":"<p>Aktie Link kopieren Facebook X WhatsApp Pinterest Teilen Sie diesen Artikel Beteiligen Sie sich an der Unterhaltung Folgen Sie uns F\u00fcgen Sie uns als bevorzugte<\/p>\n","protected":false},"author":1,"featured_media":16798,"comment_status":"closed","ping_status":"","sticky":false,"template":"","format":"standard","meta":{"footnotes":""},"categories":[118],"tags":[935,436,3211,43,164,1189,17301,3963,2098,823,163,129,175,4825,778,1054,1860,341,2659,6299,836,165,58,1163,4325,260,37,1511,524,744,4099,26],"class_list":["post-16797","post","type-post","status-publish","format-standard","has-post-thumbnail","hentry","category-haus-garten","tag-als","tag-auch","tag-bevorzugtes","tag-ein","tag-erfahren","tag-ersten","tag-f2gartenscheren","tag-felco","tag-gaertner","tag-habe","tag-hier","tag-ich","tag-immer","tag-jahrzehnt","tag-mein","tag-meine","tag-meinem","tag-nach","tag-noch","tag-professioneller","tag-seit","tag-sie","tag-sind","tag-spaeter","tag-tag","tag-ueber","tag-und","tag-verwende","tag-vor","tag-warum","tag-werkzeug","tag-wie","generate-columns","tablet-grid-50","mobile-grid-100","grid-parent","grid-50"],"yoast_head":"<!-- This site is optimized with the Yoast SEO plugin v27.3 - https:\/\/yoast.com\/product\/yoast-seo-wordpress\/ -->\n<title>Ich habe meine Felco F2-Gartenscheren seit meinem ersten Tag als professioneller G\u00e4rtner und verwende sie auch \u00fcber ein Jahrzehnt sp\u00e4ter immer noch \u2013 hier erfahren Sie, warum sie nach wie vor mein bevorzugtes Werkzeug sind - Nachrichten - Stra\u00dfenweb<\/title>\n<meta name=\"robots\" content=\"index, follow, max-snippet:-1, max-image-preview:large, max-video-preview:-1\" \/>\n<link rel=\"canonical\" href=\"https:\/\/www.strassenweb.de\/nachrichten\/ich-habe-meine-felco-f2-gartenscheren-seit-meinem-ersten-tag-als-professioneller-gaertner-und-verwende-sie-auch-ueber-ein-jahrzehnt-spaeter-immer-noch-hier-erfahren-sie-warum-sie-nach-wie-v\/\" \/>\n<meta property=\"og:locale\" content=\"de_DE\" \/>\n<meta property=\"og:type\" content=\"article\" \/>\n<meta property=\"og:title\" content=\"Ich habe meine Felco F2-Gartenscheren seit meinem ersten Tag als professioneller G\u00e4rtner und verwende sie auch \u00fcber ein Jahrzehnt sp\u00e4ter immer noch \u2013 hier erfahren Sie, warum sie nach wie vor mein bevorzugtes Werkzeug sind - Nachrichten - Stra\u00dfenweb\" \/>\n<meta property=\"og:description\" content=\"Aktie Link kopieren Facebook X WhatsApp Pinterest Teilen Sie diesen Artikel Beteiligen Sie sich an der Unterhaltung Folgen Sie uns F\u00fcgen Sie uns als bevorzugte\" \/>\n<meta property=\"og:url\" content=\"https:\/\/www.strassenweb.de\/nachrichten\/ich-habe-meine-felco-f2-gartenscheren-seit-meinem-ersten-tag-als-professioneller-gaertner-und-verwende-sie-auch-ueber-ein-jahrzehnt-spaeter-immer-noch-hier-erfahren-sie-warum-sie-nach-wie-v\/\" \/>\n<meta property=\"og:site_name\" content=\"Stra\u00dfenweb\" \/>\n<meta property=\"article:publisher\" content=\"https:\/\/www.facebook.com\/strassenweb\/\" \/>\n<meta property=\"article:published_time\" content=\"2026-09-06T09:40:04+00:00\" \/>\n<meta property=\"article:modified_time\" content=\"2026-09-06T09:40:17+00:00\" \/>\n<meta property=\"og:image\" content=\"https:\/\/www.strassenweb.de\/nachrichten\/wp-content\/uploads\/2026\/09\/Ich-habe-meine-Felco-F2-Gartenscheren-seit-meinem-ersten-Tag-als.jpg\" \/>\n\t<meta property=\"og:image:width\" content=\"2560\" \/>\n\t<meta property=\"og:image:height\" content=\"1440\" \/>\n\t<meta property=\"og:image:type\" content=\"image\/jpeg\" \/>\n<meta name=\"author\" content=\"Robert Hoffmann\" \/>\n<meta name=\"twitter:card\" content=\"summary_large_image\" \/>\n<meta name=\"twitter:label1\" content=\"Verfasst von\" \/>\n\t<meta name=\"twitter:data1\" content=\"Robert Hoffmann\" \/>\n\t<meta name=\"twitter:label2\" content=\"Gesch\u00e4tzte Lesezeit\" \/>\n\t<meta name=\"twitter:data2\" content=\"9\u00a0Minuten\" \/>\n<script type=\"application\/ld+json\" class=\"yoast-schema-graph\">{\"@context\":\"https:\\\/\\\/schema.org\",\"@graph\":[{\"@type\":\"Article\",\"@id\":\"https:\\\/\\\/www.strassenweb.de\\\/nachrichten\\\/ich-habe-meine-felco-f2-gartenscheren-seit-meinem-ersten-tag-als-professioneller-gaertner-und-verwende-sie-auch-ueber-ein-jahrzehnt-spaeter-immer-noch-hier-erfahren-sie-warum-sie-nach-wie-v\\\/#article\",\"isPartOf\":{\"@id\":\"https:\\\/\\\/www.strassenweb.de\\\/nachrichten\\\/ich-habe-meine-felco-f2-gartenscheren-seit-meinem-ersten-tag-als-professioneller-gaertner-und-verwende-sie-auch-ueber-ein-jahrzehnt-spaeter-immer-noch-hier-erfahren-sie-warum-sie-nach-wie-v\\\/\"},\"author\":{\"name\":\"Robert Hoffmann\",\"@id\":\"https:\\\/\\\/www.strassenweb.de\\\/nachrichten\\\/#\\\/schema\\\/person\\\/87c9c9067f1211da429a744dc5a5aa41\"},\"headline\":\"Ich habe meine Felco F2-Gartenscheren seit meinem ersten Tag als professioneller G\u00e4rtner und verwende sie auch \u00fcber ein Jahrzehnt sp\u00e4ter immer noch \u2013 hier erfahren Sie, warum sie nach wie vor mein bevorzugtes Werkzeug sind\",\"datePublished\":\"2026-09-06T09:40:04+00:00\",\"dateModified\":\"2026-09-06T09:40:17+00:00\",\"mainEntityOfPage\":{\"@id\":\"https:\\\/\\\/www.strassenweb.de\\\/nachrichten\\\/ich-habe-meine-felco-f2-gartenscheren-seit-meinem-ersten-tag-als-professioneller-gaertner-und-verwende-sie-auch-ueber-ein-jahrzehnt-spaeter-immer-noch-hier-erfahren-sie-warum-sie-nach-wie-v\\\/\"},\"wordCount\":1840,\"publisher\":{\"@id\":\"https:\\\/\\\/www.strassenweb.de\\\/nachrichten\\\/#organization\"},\"image\":{\"@id\":\"https:\\\/\\\/www.strassenweb.de\\\/nachrichten\\\/ich-habe-meine-felco-f2-gartenscheren-seit-meinem-ersten-tag-als-professioneller-gaertner-und-verwende-sie-auch-ueber-ein-jahrzehnt-spaeter-immer-noch-hier-erfahren-sie-warum-sie-nach-wie-v\\\/#primaryimage\"},\"thumbnailUrl\":\"https:\\\/\\\/www.strassenweb.de\\\/nachrichten\\\/wp-content\\\/uploads\\\/2026\\\/09\\\/Ich-habe-meine-Felco-F2-Gartenscheren-seit-meinem-ersten-Tag-als.jpg\",\"keywords\":[\"als\",\"Auch\",\"bevorzugtes\",\"ein\",\"erfahren\",\"ersten\",\"F2Gartenscheren\",\"Felco\",\"G\u00e4rtner\",\"habe\",\"hier\",\"ich\",\"immer\",\"Jahrzehnt\",\"mein\",\"meine\",\"meinem\",\"Nach\",\"noch\",\"professioneller\",\"seit\",\"Sie\",\"sind\",\"sp\u00e4ter\",\"Tag\",\"\u00fcber\",\"und\",\"verwende\",\"vor\",\"warum\",\"Werkzeug\",\"Wie\"],\"articleSection\":[\"Haus &amp; Garten\"],\"inLanguage\":\"de\"},{\"@type\":\"WebPage\",\"@id\":\"https:\\\/\\\/www.strassenweb.de\\\/nachrichten\\\/ich-habe-meine-felco-f2-gartenscheren-seit-meinem-ersten-tag-als-professioneller-gaertner-und-verwende-sie-auch-ueber-ein-jahrzehnt-spaeter-immer-noch-hier-erfahren-sie-warum-sie-nach-wie-v\\\/\",\"url\":\"https:\\\/\\\/www.strassenweb.de\\\/nachrichten\\\/ich-habe-meine-felco-f2-gartenscheren-seit-meinem-ersten-tag-als-professioneller-gaertner-und-verwende-sie-auch-ueber-ein-jahrzehnt-spaeter-immer-noch-hier-erfahren-sie-warum-sie-nach-wie-v\\\/\",\"name\":\"Ich habe meine Felco F2-Gartenscheren seit meinem ersten Tag als professioneller G\u00e4rtner und verwende sie auch \u00fcber ein Jahrzehnt sp\u00e4ter immer noch \u2013 hier erfahren Sie, warum sie nach wie vor mein bevorzugtes Werkzeug sind - Nachrichten - Stra\u00dfenweb\",\"isPartOf\":{\"@id\":\"https:\\\/\\\/www.strassenweb.de\\\/nachrichten\\\/#website\"},\"primaryImageOfPage\":{\"@id\":\"https:\\\/\\\/www.strassenweb.de\\\/nachrichten\\\/ich-habe-meine-felco-f2-gartenscheren-seit-meinem-ersten-tag-als-professioneller-gaertner-und-verwende-sie-auch-ueber-ein-jahrzehnt-spaeter-immer-noch-hier-erfahren-sie-warum-sie-nach-wie-v\\\/#primaryimage\"},\"image\":{\"@id\":\"https:\\\/\\\/www.strassenweb.de\\\/nachrichten\\\/ich-habe-meine-felco-f2-gartenscheren-seit-meinem-ersten-tag-als-professioneller-gaertner-und-verwende-sie-auch-ueber-ein-jahrzehnt-spaeter-immer-noch-hier-erfahren-sie-warum-sie-nach-wie-v\\\/#primaryimage\"},\"thumbnailUrl\":\"https:\\\/\\\/www.strassenweb.de\\\/nachrichten\\\/wp-content\\\/uploads\\\/2026\\\/09\\\/Ich-habe-meine-Felco-F2-Gartenscheren-seit-meinem-ersten-Tag-als.jpg\",\"datePublished\":\"2026-09-06T09:40:04+00:00\",\"dateModified\":\"2026-09-06T09:40:17+00:00\",\"breadcrumb\":{\"@id\":\"https:\\\/\\\/www.strassenweb.de\\\/nachrichten\\\/ich-habe-meine-felco-f2-gartenscheren-seit-meinem-ersten-tag-als-professioneller-gaertner-und-verwende-sie-auch-ueber-ein-jahrzehnt-spaeter-immer-noch-hier-erfahren-sie-warum-sie-nach-wie-v\\\/#breadcrumb\"},\"inLanguage\":\"de\",\"potentialAction\":[{\"@type\":\"ReadAction\",\"target\":[\"https:\\\/\\\/www.strassenweb.de\\\/nachrichten\\\/ich-habe-meine-felco-f2-gartenscheren-seit-meinem-ersten-tag-als-professioneller-gaertner-und-verwende-sie-auch-ueber-ein-jahrzehnt-spaeter-immer-noch-hier-erfahren-sie-warum-sie-nach-wie-v\\\/\"]}]},{\"@type\":\"ImageObject\",\"inLanguage\":\"de\",\"@id\":\"https:\\\/\\\/www.strassenweb.de\\\/nachrichten\\\/ich-habe-meine-felco-f2-gartenscheren-seit-meinem-ersten-tag-als-professioneller-gaertner-und-verwende-sie-auch-ueber-ein-jahrzehnt-spaeter-immer-noch-hier-erfahren-sie-warum-sie-nach-wie-v\\\/#primaryimage\",\"url\":\"https:\\\/\\\/www.strassenweb.de\\\/nachrichten\\\/wp-content\\\/uploads\\\/2026\\\/09\\\/Ich-habe-meine-Felco-F2-Gartenscheren-seit-meinem-ersten-Tag-als.jpg\",\"contentUrl\":\"https:\\\/\\\/www.strassenweb.de\\\/nachrichten\\\/wp-content\\\/uploads\\\/2026\\\/09\\\/Ich-habe-meine-Felco-F2-Gartenscheren-seit-meinem-ersten-Tag-als.jpg\",\"width\":2560,\"height\":1440,\"caption\":\"Ich habe meine Felco F2-Gartenscheren seit meinem ersten Tag als professioneller G\u00e4rtner und verwende sie auch \u00fcber ein Jahrzehnt sp\u00e4ter immer noch \u2013 hier erfahren Sie, warum sie nach wie vor mein bevorzugtes Werkzeug sind\"},{\"@type\":\"BreadcrumbList\",\"@id\":\"https:\\\/\\\/www.strassenweb.de\\\/nachrichten\\\/ich-habe-meine-felco-f2-gartenscheren-seit-meinem-ersten-tag-als-professioneller-gaertner-und-verwende-sie-auch-ueber-ein-jahrzehnt-spaeter-immer-noch-hier-erfahren-sie-warum-sie-nach-wie-v\\\/#breadcrumb\",\"itemListElement\":[{\"@type\":\"ListItem\",\"position\":1,\"name\":\"Home\",\"item\":\"https:\\\/\\\/www.strassenweb.de\\\/nachrichten\\\/\"},{\"@type\":\"ListItem\",\"position\":2,\"name\":\"Ich habe meine Felco F2-Gartenscheren seit meinem ersten Tag als professioneller G\u00e4rtner und verwende sie auch \u00fcber ein Jahrzehnt sp\u00e4ter immer noch \u2013 hier erfahren Sie, warum sie nach wie vor mein bevorzugtes Werkzeug sind\"}]},{\"@type\":\"WebSite\",\"@id\":\"https:\\\/\\\/www.strassenweb.de\\\/nachrichten\\\/#website\",\"url\":\"https:\\\/\\\/www.strassenweb.de\\\/nachrichten\\\/\",\"name\":\"Stra\u00dfenweb\",\"description\":\"Stra\u00dfenverzeichnis f\u00fcr Deutschland\",\"publisher\":{\"@id\":\"https:\\\/\\\/www.strassenweb.de\\\/nachrichten\\\/#organization\"},\"potentialAction\":[{\"@type\":\"SearchAction\",\"target\":{\"@type\":\"EntryPoint\",\"urlTemplate\":\"https:\\\/\\\/www.strassenweb.de\\\/nachrichten\\\/?s={search_term_string}\"},\"query-input\":{\"@type\":\"PropertyValueSpecification\",\"valueRequired\":true,\"valueName\":\"search_term_string\"}}],\"inLanguage\":\"de\"},{\"@type\":\"Organization\",\"@id\":\"https:\\\/\\\/www.strassenweb.de\\\/nachrichten\\\/#organization\",\"name\":\"Stra\u00dfenweb\",\"url\":\"https:\\\/\\\/www.strassenweb.de\\\/nachrichten\\\/\",\"logo\":{\"@type\":\"ImageObject\",\"inLanguage\":\"de\",\"@id\":\"https:\\\/\\\/www.strassenweb.de\\\/nachrichten\\\/#\\\/schema\\\/logo\\\/image\\\/\",\"url\":\"https:\\\/\\\/www.strassenweb.de\\\/nachrichten\\\/wp-content\\\/uploads\\\/2024\\\/09\\\/cropped-favicon.png\",\"contentUrl\":\"https:\\\/\\\/www.strassenweb.de\\\/nachrichten\\\/wp-content\\\/uploads\\\/2024\\\/09\\\/cropped-favicon.png\",\"width\":512,\"height\":512,\"caption\":\"Stra\u00dfenweb\"},\"image\":{\"@id\":\"https:\\\/\\\/www.strassenweb.de\\\/nachrichten\\\/#\\\/schema\\\/logo\\\/image\\\/\"},\"sameAs\":[\"https:\\\/\\\/www.facebook.com\\\/strassenweb\\\/\"]},{\"@type\":\"Person\",\"@id\":\"https:\\\/\\\/www.strassenweb.de\\\/nachrichten\\\/#\\\/schema\\\/person\\\/87c9c9067f1211da429a744dc5a5aa41\",\"name\":\"Robert Hoffmann\",\"image\":{\"@type\":\"ImageObject\",\"inLanguage\":\"de\",\"@id\":\"https:\\\/\\\/www.strassenweb.de\\\/nachrichten\\\/wp-content\\\/uploads\\\/2024\\\/09\\\/strassenweb-150x150.jpg\",\"url\":\"https:\\\/\\\/www.strassenweb.de\\\/nachrichten\\\/wp-content\\\/uploads\\\/2024\\\/09\\\/strassenweb-150x150.jpg\",\"contentUrl\":\"https:\\\/\\\/www.strassenweb.de\\\/nachrichten\\\/wp-content\\\/uploads\\\/2024\\\/09\\\/strassenweb-150x150.jpg\",\"caption\":\"Robert Hoffmann\"},\"description\":\"Ich hei\u00dfe Robert Hoffmann und ich bin ein leidenschaftlicher Verfechter von \u00d6kologie und Biodiversit\u00e4t. Seit meiner Kindheit in den W\u00e4ldern Bayerns f\u00fchle ich mich mit der Natur verbunden und bin entschlossen, sie zu sch\u00fctzen. Heute widme ich mein Leben der Sensibilisierung anderer f\u00fcr die Bedeutung des Umweltschutzes f\u00fcr zuk\u00fcnftige Generationen.\",\"sameAs\":[\"https:\\\/\\\/www.strassenweb.de\\\/\"]}]}<\/script>\n<!-- \/ Yoast SEO plugin. -->","yoast_head_json":{"title":"Ich habe meine Felco F2-Gartenscheren seit meinem ersten Tag als professioneller G\u00e4rtner und verwende sie auch \u00fcber ein Jahrzehnt sp\u00e4ter immer noch \u2013 hier erfahren Sie, warum sie nach wie vor mein bevorzugtes Werkzeug sind - Nachrichten - Stra\u00dfenweb","robots":{"index":"index","follow":"follow","max-snippet":"max-snippet:-1","max-image-preview":"max-image-preview:large","max-video-preview":"max-video-preview:-1"},"canonical":"https:\/\/www.strassenweb.de\/nachrichten\/ich-habe-meine-felco-f2-gartenscheren-seit-meinem-ersten-tag-als-professioneller-gaertner-und-verwende-sie-auch-ueber-ein-jahrzehnt-spaeter-immer-noch-hier-erfahren-sie-warum-sie-nach-wie-v\/","og_locale":"de_DE","og_type":"article","og_title":"Ich habe meine Felco F2-Gartenscheren seit meinem ersten Tag als professioneller G\u00e4rtner und verwende sie auch \u00fcber ein Jahrzehnt sp\u00e4ter immer noch \u2013 hier erfahren Sie, warum sie nach wie vor mein bevorzugtes Werkzeug sind - Nachrichten - Stra\u00dfenweb","og_description":"Aktie Link kopieren Facebook X WhatsApp Pinterest Teilen Sie diesen Artikel Beteiligen Sie sich an der Unterhaltung Folgen Sie uns F\u00fcgen Sie uns als bevorzugte","og_url":"https:\/\/www.strassenweb.de\/nachrichten\/ich-habe-meine-felco-f2-gartenscheren-seit-meinem-ersten-tag-als-professioneller-gaertner-und-verwende-sie-auch-ueber-ein-jahrzehnt-spaeter-immer-noch-hier-erfahren-sie-warum-sie-nach-wie-v\/","og_site_name":"Stra\u00dfenweb","article_publisher":"https:\/\/www.facebook.com\/strassenweb\/","article_published_time":"2026-09-06T09:40:04+00:00","article_modified_time":"2026-09-06T09:40:17+00:00","og_image":[{"width":2560,"height":1440,"url":"https:\/\/www.strassenweb.de\/nachrichten\/wp-content\/uploads\/2026\/09\/Ich-habe-meine-Felco-F2-Gartenscheren-seit-meinem-ersten-Tag-als.jpg","type":"image\/jpeg"}],"author":"Robert Hoffmann","twitter_card":"summary_large_image","twitter_misc":{"Verfasst von":"Robert Hoffmann","Gesch\u00e4tzte Lesezeit":"9\u00a0Minuten"},"schema":{"@context":"https:\/\/schema.org","@graph":[{"@type":"Article","@id":"https:\/\/www.strassenweb.de\/nachrichten\/ich-habe-meine-felco-f2-gartenscheren-seit-meinem-ersten-tag-als-professioneller-gaertner-und-verwende-sie-auch-ueber-ein-jahrzehnt-spaeter-immer-noch-hier-erfahren-sie-warum-sie-nach-wie-v\/#article","isPartOf":{"@id":"https:\/\/www.strassenweb.de\/nachrichten\/ich-habe-meine-felco-f2-gartenscheren-seit-meinem-ersten-tag-als-professioneller-gaertner-und-verwende-sie-auch-ueber-ein-jahrzehnt-spaeter-immer-noch-hier-erfahren-sie-warum-sie-nach-wie-v\/"},"author":{"name":"Robert Hoffmann","@id":"https:\/\/www.strassenweb.de\/nachrichten\/#\/schema\/person\/87c9c9067f1211da429a744dc5a5aa41"},"headline":"Ich habe meine Felco F2-Gartenscheren seit meinem ersten Tag als professioneller G\u00e4rtner und verwende sie auch \u00fcber ein Jahrzehnt sp\u00e4ter immer noch \u2013 hier erfahren Sie, warum sie nach wie vor mein bevorzugtes Werkzeug sind","datePublished":"2026-09-06T09:40:04+00:00","dateModified":"2026-09-06T09:40:17+00:00","mainEntityOfPage":{"@id":"https:\/\/www.strassenweb.de\/nachrichten\/ich-habe-meine-felco-f2-gartenscheren-seit-meinem-ersten-tag-als-professioneller-gaertner-und-verwende-sie-auch-ueber-ein-jahrzehnt-spaeter-immer-noch-hier-erfahren-sie-warum-sie-nach-wie-v\/"},"wordCount":1840,"publisher":{"@id":"https:\/\/www.strassenweb.de\/nachrichten\/#organization"},"image":{"@id":"https:\/\/www.strassenweb.de\/nachrichten\/ich-habe-meine-felco-f2-gartenscheren-seit-meinem-ersten-tag-als-professioneller-gaertner-und-verwende-sie-auch-ueber-ein-jahrzehnt-spaeter-immer-noch-hier-erfahren-sie-warum-sie-nach-wie-v\/#primaryimage"},"thumbnailUrl":"https:\/\/www.strassenweb.de\/nachrichten\/wp-content\/uploads\/2026\/09\/Ich-habe-meine-Felco-F2-Gartenscheren-seit-meinem-ersten-Tag-als.jpg","keywords":["als","Auch","bevorzugtes","ein","erfahren","ersten","F2Gartenscheren","Felco","G\u00e4rtner","habe","hier","ich","immer","Jahrzehnt","mein","meine","meinem","Nach","noch","professioneller","seit","Sie","sind","sp\u00e4ter","Tag","\u00fcber","und","verwende","vor","warum","Werkzeug","Wie"],"articleSection":["Haus &amp; Garten"],"inLanguage":"de"},{"@type":"WebPage","@id":"https:\/\/www.strassenweb.de\/nachrichten\/ich-habe-meine-felco-f2-gartenscheren-seit-meinem-ersten-tag-als-professioneller-gaertner-und-verwende-sie-auch-ueber-ein-jahrzehnt-spaeter-immer-noch-hier-erfahren-sie-warum-sie-nach-wie-v\/","url":"https:\/\/www.strassenweb.de\/nachrichten\/ich-habe-meine-felco-f2-gartenscheren-seit-meinem-ersten-tag-als-professioneller-gaertner-und-verwende-sie-auch-ueber-ein-jahrzehnt-spaeter-immer-noch-hier-erfahren-sie-warum-sie-nach-wie-v\/","name":"Ich habe meine Felco F2-Gartenscheren seit meinem ersten Tag als professioneller G\u00e4rtner und verwende sie auch \u00fcber ein Jahrzehnt sp\u00e4ter immer noch \u2013 hier erfahren Sie, warum sie nach wie vor mein bevorzugtes Werkzeug sind - Nachrichten - Stra\u00dfenweb","isPartOf":{"@id":"https:\/\/www.strassenweb.de\/nachrichten\/#website"},"primaryImageOfPage":{"@id":"https:\/\/www.strassenweb.de\/nachrichten\/ich-habe-meine-felco-f2-gartenscheren-seit-meinem-ersten-tag-als-professioneller-gaertner-und-verwende-sie-auch-ueber-ein-jahrzehnt-spaeter-immer-noch-hier-erfahren-sie-warum-sie-nach-wie-v\/#primaryimage"},"image":{"@id":"https:\/\/www.strassenweb.de\/nachrichten\/ich-habe-meine-felco-f2-gartenscheren-seit-meinem-ersten-tag-als-professioneller-gaertner-und-verwende-sie-auch-ueber-ein-jahrzehnt-spaeter-immer-noch-hier-erfahren-sie-warum-sie-nach-wie-v\/#primaryimage"},"thumbnailUrl":"https:\/\/www.strassenweb.de\/nachrichten\/wp-content\/uploads\/2026\/09\/Ich-habe-meine-Felco-F2-Gartenscheren-seit-meinem-ersten-Tag-als.jpg","datePublished":"2026-09-06T09:40:04+00:00","dateModified":"2026-09-06T09:40:17+00:00","breadcrumb":{"@id":"https:\/\/www.strassenweb.de\/nachrichten\/ich-habe-meine-felco-f2-gartenscheren-seit-meinem-ersten-tag-als-professioneller-gaertner-und-verwende-sie-auch-ueber-ein-jahrzehnt-spaeter-immer-noch-hier-erfahren-sie-warum-sie-nach-wie-v\/#breadcrumb"},"inLanguage":"de","potentialAction":[{"@type":"ReadAction","target":["https:\/\/www.strassenweb.de\/nachrichten\/ich-habe-meine-felco-f2-gartenscheren-seit-meinem-ersten-tag-als-professioneller-gaertner-und-verwende-sie-auch-ueber-ein-jahrzehnt-spaeter-immer-noch-hier-erfahren-sie-warum-sie-nach-wie-v\/"]}]},{"@type":"ImageObject","inLanguage":"de","@id":"https:\/\/www.strassenweb.de\/nachrichten\/ich-habe-meine-felco-f2-gartenscheren-seit-meinem-ersten-tag-als-professioneller-gaertner-und-verwende-sie-auch-ueber-ein-jahrzehnt-spaeter-immer-noch-hier-erfahren-sie-warum-sie-nach-wie-v\/#primaryimage","url":"https:\/\/www.strassenweb.de\/nachrichten\/wp-content\/uploads\/2026\/09\/Ich-habe-meine-Felco-F2-Gartenscheren-seit-meinem-ersten-Tag-als.jpg","contentUrl":"https:\/\/www.strassenweb.de\/nachrichten\/wp-content\/uploads\/2026\/09\/Ich-habe-meine-Felco-F2-Gartenscheren-seit-meinem-ersten-Tag-als.jpg","width":2560,"height":1440,"caption":"Ich habe meine Felco F2-Gartenscheren seit meinem ersten Tag als professioneller G\u00e4rtner und verwende sie auch \u00fcber ein Jahrzehnt sp\u00e4ter immer noch \u2013 hier erfahren Sie, warum sie nach wie vor mein bevorzugtes Werkzeug sind"},{"@type":"BreadcrumbList","@id":"https:\/\/www.strassenweb.de\/nachrichten\/ich-habe-meine-felco-f2-gartenscheren-seit-meinem-ersten-tag-als-professioneller-gaertner-und-verwende-sie-auch-ueber-ein-jahrzehnt-spaeter-immer-noch-hier-erfahren-sie-warum-sie-nach-wie-v\/#breadcrumb","itemListElement":[{"@type":"ListItem","position":1,"name":"Home","item":"https:\/\/www.strassenweb.de\/nachrichten\/"},{"@type":"ListItem","position":2,"name":"Ich habe meine Felco F2-Gartenscheren seit meinem ersten Tag als professioneller G\u00e4rtner und verwende sie auch \u00fcber ein Jahrzehnt sp\u00e4ter immer noch \u2013 hier erfahren Sie, warum sie nach wie vor mein bevorzugtes Werkzeug sind"}]},{"@type":"WebSite","@id":"https:\/\/www.strassenweb.de\/nachrichten\/#website","url":"https:\/\/www.strassenweb.de\/nachrichten\/","name":"Stra\u00dfenweb","description":"Stra\u00dfenverzeichnis f\u00fcr Deutschland","publisher":{"@id":"https:\/\/www.strassenweb.de\/nachrichten\/#organization"},"potentialAction":[{"@type":"SearchAction","target":{"@type":"EntryPoint","urlTemplate":"https:\/\/www.strassenweb.de\/nachrichten\/?s={search_term_string}"},"query-input":{"@type":"PropertyValueSpecification","valueRequired":true,"valueName":"search_term_string"}}],"inLanguage":"de"},{"@type":"Organization","@id":"https:\/\/www.strassenweb.de\/nachrichten\/#organization","name":"Stra\u00dfenweb","url":"https:\/\/www.strassenweb.de\/nachrichten\/","logo":{"@type":"ImageObject","inLanguage":"de","@id":"https:\/\/www.strassenweb.de\/nachrichten\/#\/schema\/logo\/image\/","url":"https:\/\/www.strassenweb.de\/nachrichten\/wp-content\/uploads\/2024\/09\/cropped-favicon.png","contentUrl":"https:\/\/www.strassenweb.de\/nachrichten\/wp-content\/uploads\/2024\/09\/cropped-favicon.png","width":512,"height":512,"caption":"Stra\u00dfenweb"},"image":{"@id":"https:\/\/www.strassenweb.de\/nachrichten\/#\/schema\/logo\/image\/"},"sameAs":["https:\/\/www.facebook.com\/strassenweb\/"]},{"@type":"Person","@id":"https:\/\/www.strassenweb.de\/nachrichten\/#\/schema\/person\/87c9c9067f1211da429a744dc5a5aa41","name":"Robert Hoffmann","image":{"@type":"ImageObject","inLanguage":"de","@id":"https:\/\/www.strassenweb.de\/nachrichten\/wp-content\/uploads\/2024\/09\/strassenweb-150x150.jpg","url":"https:\/\/www.strassenweb.de\/nachrichten\/wp-content\/uploads\/2024\/09\/strassenweb-150x150.jpg","contentUrl":"https:\/\/www.strassenweb.de\/nachrichten\/wp-content\/uploads\/2024\/09\/strassenweb-150x150.jpg","caption":"Robert Hoffmann"},"description":"Ich hei\u00dfe Robert Hoffmann und ich bin ein leidenschaftlicher Verfechter von \u00d6kologie und Biodiversit\u00e4t. Seit meiner Kindheit in den W\u00e4ldern Bayerns f\u00fchle ich mich mit der Natur verbunden und bin entschlossen, sie zu sch\u00fctzen. Heute widme ich mein Leben der Sensibilisierung anderer f\u00fcr die Bedeutung des Umweltschutzes f\u00fcr zuk\u00fcnftige Generationen.","sameAs":["https:\/\/www.strassenweb.de\/"]}]}},"_links":{"self":[{"href":"https:\/\/www.strassenweb.de\/nachrichten\/wp-json\/wp\/v2\/posts\/16797","targetHints":{"allow":["GET"]}}],"collection":[{"href":"https:\/\/www.strassenweb.de\/nachrichten\/wp-json\/wp\/v2\/posts"}],"about":[{"href":"https:\/\/www.strassenweb.de\/nachrichten\/wp-json\/wp\/v2\/types\/post"}],"author":[{"embeddable":true,"href":"https:\/\/www.strassenweb.de\/nachrichten\/wp-json\/wp\/v2\/users\/1"}],"replies":[{"embeddable":true,"href":"https:\/\/www.strassenweb.de\/nachrichten\/wp-json\/wp\/v2\/comments?post=16797"}],"version-history":[{"count":1,"href":"https:\/\/www.strassenweb.de\/nachrichten\/wp-json\/wp\/v2\/posts\/16797\/revisions"}],"predecessor-version":[{"id":16799,"href":"https:\/\/www.strassenweb.de\/nachrichten\/wp-json\/wp\/v2\/posts\/16797\/revisions\/16799"}],"wp:featuredmedia":[{"embeddable":true,"href":"https:\/\/www.strassenweb.de\/nachrichten\/wp-json\/wp\/v2\/media\/16798"}],"wp:attachment":[{"href":"https:\/\/www.strassenweb.de\/nachrichten\/wp-json\/wp\/v2\/media?parent=16797"}],"wp:term":[{"taxonomy":"category","embeddable":true,"href":"https:\/\/www.strassenweb.de\/nachrichten\/wp-json\/wp\/v2\/categories?post=16797"},{"taxonomy":"post_tag","embeddable":true,"href":"https:\/\/www.strassenweb.de\/nachrichten\/wp-json\/wp\/v2\/tags?post=16797"}],"curies":[{"name":"wp","href":"https:\/\/api.w.org\/{rel}","templated":true}]}}