{"id":16773,"date":"2026-09-05T11:39:16","date_gmt":"2026-09-05T09:39:16","guid":{"rendered":"https:\/\/www.strassenweb.de\/nachrichten\/der-september-ist-der-perfekte-monat-fuer-die-vermehrung-6-pflanzen-zum-abschneiden-oder-teilen-vor-dem-frost\/"},"modified":"2026-09-05T11:39:27","modified_gmt":"2026-09-05T09:39:27","slug":"der-september-ist-der-perfekte-monat-fuer-die-vermehrung-6-pflanzen-zum-abschneiden-oder-teilen-vor-dem-frost","status":"publish","type":"post","link":"https:\/\/www.strassenweb.de\/nachrichten\/der-september-ist-der-perfekte-monat-fuer-die-vermehrung-6-pflanzen-zum-abschneiden-oder-teilen-vor-dem-frost\/","title":{"rendered":"Der September ist der perfekte Monat f\u00fcr die Vermehrung \u2013 6 Pflanzen zum Abschneiden oder Teilen vor dem Frost"},"content":{"rendered":"<div id=\"article-body\" class=\"article__body \">\n<div data-analytics-id=\"utility-bar\" analytics-name=\"utility-bar\" id=\"utility-bar\" class=\"font-ui-heading flex justify-between items-center py-2 border-t border-b border-gray-300 border-solid mb-5 mx-auto\" data-component-name=\"UtilityBar\" data-mrf-recirculation=\"utility-bar\">\n<div class=\"flex gap-2 text-(#333) subcontainer\">\n<div class=\"relative tooltip-container\" role=\"tooltip\">\n<button id=\"utilitybar__button--share\" type=\"button\" aria-label=\"Share this article\" aria-expanded=\"false\" aria-controls=\"utilitybar__dropdown--share\" aria-haspopup=\"true\" data-analytics-id=\"article-social\" analytics-label=\"utility-bar-share\" analytics-name=\"utility-bar\" data-component-name=\"UtilityBar:ShareArticle:Button\" class=\"relative text-inherit leading-none text-xs flex items-center gap-1 font-ui-heading\" data-mrf-recirculation=\"article-social\"><br \/>\n<svg class=\"m-auto pointer-events-none size-5 text-inherit\" data-component-name=\"Icon\" aria-hidden=\"true\" width=\"23\" height=\"21\" viewbox=\"0 0 23 21\" fill=\"none\" xmlns=\"http:\/\/www.w3.org\/2000\/svg\">\n<path d=\"M13.8583 1.82131L18.7293 6.12806C20.6528 7.82875 21.6146 8.67912 21.6146 9.77454C21.6146 10.8701 20.6528 11.7204 18.7293 13.4211L13.8583 17.7279C12.9803 18.5041 12.5414 18.8923 12.1794 18.7306C11.8174 18.5689 11.8174 17.9847 11.8174 16.8162V13.9565C7.40295 13.9565 2.62061 16.0475 0.78125 19.5323C0.78125 8.38058 7.3212 5.59268 11.8174 5.59268V2.73294C11.8174 1.56445 11.8174 0.980213 12.1794 0.818536C12.5414 0.656859 12.9803 1.045 13.8583 1.82131Z\" stroke=\"#1B1B1B\" stroke-width=\"1.5625\" stroke-linecap=\"round\" stroke-linejoin=\"round\"><\/path>\n<\/svg><\/p>\n<p>Aktie<\/button><\/p>\n<div data-component-name=\"Social:Dropdown\" role=\"menu\" id=\"utilitybar__dropdown--share\" aria-labelledby=\"utilitybar__button--share\" class=\"absolute left-0 top-full w-44 bg-white rounded-md shadow-md border border-neutral-200 z-(9996) list-none m-0 py-2 px-3 border-solid\" style=\"grid-area: social-icons;\">\n<ul class=\"m-0!\">\n<li class=\"!p-0 !m-0 list-none border-b border-gray-200 border-solid\">\n<button type=\"button\" onclick=\"navigator.clipboard.writeText(window.location.href).then(() =&gt; {alert('Link copied')}).catch(err =&gt; {console.error('Failed to copy: ', err)})\" data-platform=\"copy_link\" data-action=\"\" class=\"font-ui-heading py-2 text-sm text-neutral-700 hover:bg-neutral-100 transition-colors no-underline block cursor-pointer border-0 bg-transparent hover:(&amp;_svg):filter-none w-full text-left normal-case\" aria-label=\"Copy link\" role=\"menuitem\" data-analytics-id=\"article-social\" analytics-label=\"utility-bar-social-share-copy-link\" analytics-name=\"utility-bar-secondary\" data-mrf-recirculation=\"article-social\"><br \/>\n<svg class=\"text-black size-8 w-6 h-6 inline-block mr-1.5\" data-component-name=\"Icon\" aria-hidden=\"true\" xmlns=\"http:\/\/www.w3.org\/2000\/svg\" fill=\"none\" viewbox=\"0 0 24 24\" stroke-width=\"1.5\" stroke=\"currentColor\" data-slot=\"icon\">\n<path stroke-linecap=\"round\" stroke-linejoin=\"round\" d=\"M13.19 8.688a4.5 4.5 0 0 1 1.242 7.244l-4.5 4.5a4.5 4.5 0 0 1-6.364-6.364l1.757-1.757m13.35-.622 1.757-1.757a4.5 4.5 0 0 0-6.364-6.364l-4.5 4.5a4.5 4.5 0 0 0 1.242 7.244\"><\/path>\n<\/svg><\/p>\n<p>Link kopieren<br \/>\n<\/button>\n<\/li>\n<li class=\"!p-0 !m-0 list-none border-b border-gray-200 border-solid\">\n<p><svg class=\"size-8 w-6 h-6 inline-block mr-1.5 text-primary-500\" data-component-name=\"Icon\" aria-hidden=\"true\" height=\"24\" viewbox=\"0 0 24 24\" width=\"24\" xmlns=\"http:\/\/www.w3.org\/2000\/svg\">\n<circle cx=\"12\" cy=\"12\" fill=\"#3b5998\" r=\"12\"><\/circle>\n<path d=\"m13.079 19h-2.9v-7h-1.441v-2.408h1.442v-1.456c0-1.96.813-3.136 3.136-3.136h1.933v2.408h-1.2c-.91 0-.965.35-.965.966v1.218h2.183l-.257 2.408h-1.931z\" fill=\"#fff\"><\/path>\n<\/svg><\/p>\n<p>Facebook<\/p>\n<\/li>\n<li class=\"!p-0 !m-0 list-none border-b border-gray-200 border-solid\">\n<a rel=\"nofollow\" href=\"https:\/\/twitter.com\/intent\/tweet?text=September+Is+the+Perfect+Month+for+Propagating+%E2%80%93+6+Plants+to+Take+Cuttings+From+or+Divide+Before+Frost&amp;url=https%3A%2F%2Fwww.homesandgardens.com%2Fgardens%2Fplants-to-propagate-in-september-2026\" data-platform=\"X\" class=\"font-ui-heading py-2 text-sm text-neutral-700 hover:bg-neutral-100 transition-colors no-underline block cursor-pointer border-0 bg-transparent hover:(&amp;_svg):filter-none\" aria-label=\"Share this page on X\" role=\"menuitem\" data-analytics-id=\"article-social\" analytics-label=\"utility-bar-social-share-X\" analytics-name=\"utility-bar-secondary\" target=\"_blank\" data-mrf-recirculation=\"article-social\"><br \/>\n<svg class=\"size-8 w-6 h-6 inline-block mr-1.5 text-primary-500\" data-component-name=\"Icon\" aria-hidden=\"true\" width=\"24\" height=\"24\" viewbox=\"0 0 24 24\" fill=\"none\" xmlns=\"http:\/\/www.w3.org\/2000\/svg\">\n<path fill-rule=\"evenodd\" clip-rule=\"evenodd\" d=\"M12 24C5.372 24 0 18.627 0 12C0 5.373 5.372 0 12 0C18.627 0 24 5.373 24 12C24 18.627 18.627 24 12 24Z\" fill=\"black\"><\/path>\n<path d=\"M13.1403 11.0842L17.6068 6H16.5488L12.6689 10.4137L9.57237 6H6L10.6836 12.6749L6 18.0059H7.05804L11.1526 13.3439L14.4235 18.0059H17.9959M7.4399 6.78133H9.06534L16.548 17.2629H14.9221\" fill=\"white\"><\/path>\n<\/svg><\/p>\n<p>X<br \/>\n<\/a>\n<\/li>\n<li class=\"!p-0 !m-0 list-none border-b border-gray-200 border-solid sm:hidden\">\n<p><svg class=\"size-8 w-6 h-6 inline-block mr-1.5 text-primary-500\" data-component-name=\"Icon\" aria-hidden=\"true\" width=\"24\" height=\"24\" viewbox=\"0 0 24 24\" fill=\"none\" xmlns=\"http:\/\/www.w3.org\/2000\/svg\">\n<g clip-path=\"url(#clip0_7607_1303)\">\n<path d=\"M12 24C18.6274 24 24 18.6274 24 12C24 5.37258 18.6274 0 12 0C5.37258 0 0 5.37258 0 12C0 18.6274 5.37258 24 12 24Z\" fill=\"#25D366\"><\/path>\n<path d=\"M16.9074 7.03131C16.2656 6.38465 15.5016 5.87206 14.6599 5.52334C13.8182 5.17462 12.9155 4.99674 12.0044 5.00005C10.7864 5.00124 9.59004 5.32242 8.53521 5.93143C7.48037 6.54045 6.60407 7.41592 5.99404 8.47015C5.38402 9.5244 5.06169 10.7204 5.05933 11.9384C5.05697 13.1565 5.37467 14.3537 5.98061 15.4103L5 19.0088L8.6773 18.0457C9.69271 18.6106 10.8337 18.9117 11.9956 18.9213C13.8428 18.9213 15.6151 18.1917 16.9269 16.8914C18.2387 15.5911 18.9838 13.8252 19 11.9782C18.9939 11.0565 18.8058 10.1451 18.4467 9.29619C18.0877 8.4473 17.5645 7.67764 16.9074 7.03131ZM12.0044 17.7218C10.9692 17.7225 9.95298 17.4442 9.06254 16.9163L8.85241 16.7849L6.6723 17.3628L7.25016 15.2352L7.11007 15.0163C6.3652 13.8139 6.0872 12.38 6.32875 10.9863C6.57029 9.59269 7.31461 8.33602 8.42068 7.4544C9.52675 6.57278 10.9177 6.12745 12.3302 6.20278C13.7426 6.27809 15.0784 6.86883 16.0844 7.86308C17.1841 8.93842 17.8136 10.4052 17.8355 11.9431C17.8217 13.4805 17.2012 14.9502 16.1091 16.0325C15.0171 17.1146 13.5418 17.7218 12.0044 17.7218ZM15.1651 13.3966C14.99 13.309 14.1407 12.8887 13.9831 12.8362C13.8255 12.7837 13.7029 12.7486 13.5891 12.9238C13.4179 13.1585 13.2336 13.3835 13.0375 13.5979C12.9412 13.7205 12.8361 13.7293 12.661 13.5979C11.6627 13.2034 10.8309 12.4767 10.3058 11.5404C10.122 11.2339 10.4809 11.2515 10.8136 10.5948C10.8382 10.5474 10.851 10.4949 10.851 10.4416C10.851 10.3883 10.8382 10.3357 10.8136 10.2884C10.8136 10.2008 10.4196 9.34276 10.2795 9.0013C10.1395 8.65983 9.99937 8.71236 9.88555 8.70361H9.54409C9.45562 8.70497 9.36846 8.7252 9.28843 8.76295C9.20841 8.80069 9.13736 8.85509 9.08005 8.9225C8.88359 9.11352 8.73037 9.34444 8.63068 9.59968C8.531 9.85492 8.48719 10.1286 8.50219 10.4022C8.55709 11.0572 8.80375 11.6814 9.21138 12.1971C9.95752 13.3141 10.9801 14.219 12.1795 14.8237C12.8086 15.1909 13.5396 15.3445 14.2633 15.2615C14.5042 15.2137 14.7325 15.1157 14.9331 14.9738C15.1338 14.8321 15.3023 14.6496 15.4278 14.4385C15.544 14.1807 15.5806 13.8941 15.5328 13.6154C15.454 13.5279 15.3402 13.4841 15.1651 13.3966Z\" fill=\"white\"><\/path>\n<\/g>\n<defs>\n<clippath id=\"clip0_7607_1303\">\n<rect width=\"24\" height=\"24\" fill=\"white\"><\/rect>\n<\/clippath>\n<\/defs>\n<\/svg><\/p>\n<p>WhatsApp<\/p>\n<\/li>\n<li class=\"!p-0 !m-0 list-none border-b border-gray-200 border-solid\">\n<p><svg class=\"size-8 w-6 h-6 inline-block mr-1.5 text-primary-500\" data-component-name=\"Icon\" aria-hidden=\"true\" height=\"24\" viewbox=\"0 0 24 24\" width=\"24\" xmlns=\"http:\/\/www.w3.org\/2000\/svg\">\n<circle cx=\"12\" cy=\"12\" fill=\"#bd081c\" r=\"12\"><\/circle>\n<path d=\"m12.336 5c-3.822 0-5.754 2.744-5.754 5.025a3.065 3.065 0 0 0 1.652 3.066.279.279 0 0 0 .407-.2l.154-.644a.373.373 0 0 0 -.113-.448 2.341 2.341 0 0 1 -.532-1.582 3.812 3.812 0 0 1 3.961-3.849 3.009 3.009 0 0 1 3.346 3.08c0 2.323-1.022 4.283-2.547 4.283a1.253 1.253 0 0 1 -1.273-1.554 17.616 17.616 0 0 0 .713-2.856 1.081 1.081 0 0 0 -1.092-1.2c-.854 0-1.553.881-1.553 2.071a2.954 2.954 0 0 0 .266 1.274l-1.038 4.383a9.389 9.389 0 0 0 -.027 3.065.109.109 0 0 0 .2.042 8.737 8.737 0 0 0 1.457-2.631l.561-2.212a2.3 2.3 0 0 0 1.959 1.008c2.59 0 4.34-2.366 4.34-5.516a4.8 4.8 0 0 0 -5.087-4.605z\" fill=\"#fff\"><\/path>\n<\/svg><\/p>\n<p>Pinterest<\/p>\n<\/li>\n<\/ul>\n<\/div>\n<div class=\"font-ui-heading max-sm:hidden tooltip absolute left-1\/2 bg-gray-900 text-white text-xs leading-none px-3 py-1.5 rounded-md z-(10001) whitespace-nowrap\" id=\"tooltip-share-this-article\" role=\"tooltip\" aria-hidden=\"true\">\n<p>Teilen Sie diesen Artikel\n<\/p><\/div>\n<\/div>\n<div class=\"relative tooltip-container\" role=\"tooltip\">\n<div class=\"font-ui-heading max-sm:hidden tooltip absolute left-1\/2 bg-gray-900 text-white text-xs leading-none px-3 py-1.5 rounded-md z-(10001) whitespace-nowrap\" id=\"tooltip-join-the-conversation\" role=\"tooltip\" aria-hidden=\"true\">\n<p>Beteiligen Sie sich an der Unterhaltung\n<\/p><\/div>\n<\/div>\n<\/div>\n<div class=\"flex gap-2 text-(#333) subcontainer\">\n<div class=\"relative tooltip-container\" role=\"tooltip\">\n<p><svg class=\"inline-block m-auto size-5 text-inherit filter grayscale brightness-0 contrast-100\" data-component-name=\"Icon\" aria-hidden=\"true\" xmlns=\"http:\/\/www.w3.org\/2000\/svg\" width=\"20\" height=\"20\" fill=\"none\" viewbox=\"0 0 20 20\">\n<path fill=\"#4285F4\" d=\"M18.8 10.208c0-.65-.058-1.275-.167-1.875H10v3.55h4.933a4.226 4.226 0 0 1-1.841 2.759v2.308h2.975C17.8 15.35 18.8 13 18.8 10.208Z\"><\/path>\n<path fill=\"#34A853\" d=\"M10 19.167c2.475 0 4.55-.817 6.066-2.217l-2.975-2.308c-.816.55-1.858.883-3.091.883-2.384 0-4.409-1.608-5.134-3.775h-3.05v2.367c1.509 2.991 4.6 5.05 8.184 5.05Z\"><\/path>\n<path fill=\"#FBBC05\" d=\"M4.865 11.742A5.493 5.493 0 0 1 4.574 10c0-.608.108-1.192.291-1.742V5.892h-3.05A9.054 9.054 0 0 0 .832 10c0 1.483.358 2.875.983 4.108l2.375-1.85.675-.516Z\"><\/path>\n<path fill=\"#EA4335\" d=\"M10 4.483c1.35 0 2.55.467 3.508 1.367l2.625-2.625C14.541 1.742 12.475.833 10 .833c-3.584 0-6.675 2.059-8.184 5.059l3.05 2.366C5.591 6.092 7.616 4.483 10 4.483Z\"><\/path>\n<\/svg><\/p>\n<p>Folgen Sie uns<\/p>\n<div class=\"font-ui-heading max-sm:hidden tooltip absolute left-1\/2 bg-gray-900 text-white text-xs leading-none px-3 py-1.5 rounded-md z-(10001) whitespace-nowrap\" id=\"tooltip-add-us-as-a-preferred-source-on-google\" role=\"tooltip\" aria-hidden=\"true\">\nF\u00fcgen Sie uns als bevorzugte Quelle bei Google hinzu\n<\/div>\n<\/div>\n<div class=\"relative tooltip-container\" role=\"tooltip\">\n<button type=\"button\" class=\"no-underline hover:no-underline newsletter-pop-up-trigger relative text-inherit leading-none text-xs flex items-center gap-1 font-ui-heading\" data-component-name=\"UtilityBar:Newsletter:Button\" id=\"utilitybar__button--newsletter\" aria-label=\"Newsletter\" data-analytics-id=\"article-social\" analytics-label=\"utility-bar-newsletters\" analytics-name=\"utility-bar\" data-mrf-recirculation=\"article-social\"><br \/>\n<svg class=\"inline-block m-auto size-5 text-inherit\" data-component-name=\"Icon\" aria-hidden=\"true\" xmlns=\"http:\/\/www.w3.org\/2000\/svg\" fill=\"none\" viewbox=\"0 0 24 24\" stroke-width=\"1.5\" stroke=\"currentColor\" data-slot=\"icon\">\n<path stroke-linecap=\"round\" stroke-linejoin=\"round\" d=\"M21.75 6.75v10.5a2.25 2.25 0 0 1-2.25 2.25h-15a2.25 2.25 0 0 1-2.25-2.25V6.75m19.5 0A2.25 2.25 0 0 0 19.5 4.5h-15a2.25 2.25 0 0 0-2.25 2.25m19.5 0v.243a2.25 2.25 0 0 1-1.07 1.916l-7.5 4.615a2.25 2.25 0 0 1-2.36 0L3.32 8.91a2.25 2.25 0 0 1-1.07-1.916V6.75\"><\/path>\n<\/svg><\/p>\n<p>Newsletter<br \/>\n<\/button><\/p>\n<div class=\"font-ui-heading max-sm:hidden tooltip absolute left-1\/2 bg-gray-900 text-white text-xs leading-none px-3 py-1.5 rounded-md z-(10001) whitespace-nowrap\" id=\"tooltip-subscribe-to-our-newsletter\" role=\"tooltip\" aria-hidden=\"true\">\n<p>Abonnieren Sie unseren Newsletter\n<\/p><\/div>\n<\/div>\n<\/div>\n<\/div>\n<p id=\"elk-710e11e0-a51e-11f1-8ec2-63902124f4b0\">Es ist \u00e4u\u00dferst befriedigend, neue Pflanzen kostenlos zu vermehren und ihnen beim Gedeihen zuzusehen. Ob es darum geht, den eigenen Garten zu vergr\u00f6\u00dfern oder es an Familie oder Freunde zu verschenken, die Vermehrung ist eine F\u00e4higkeit, die jeder G\u00e4rtner erlernen sollte.<\/p>\n<div id=\"ad-unit-1\" class=\"ad-unit\"><\/div>\n<p>Nachdem das letzte hei\u00dfe Wetter hinter uns liegt, sind die Bedingungen im September ideal f\u00fcr die Wurzelbildung von Stecklingen und Teilungen. Da der Frost nicht mehr so \u200b\u200bweit entfernt ist, ist jetzt au\u00dferdem der perfekte Zeitpunkt, um Reserven anzulegen, f\u00fcr den Fall, dass einige zarte Exemplare den Winter nicht \u00fcberstehen.<\/p>\n<aside data-article-category=\"gardens\" data-block-type=\"embed\" data-render-type=\"fte\" data-skip=\"dealsy\" data-widget-type=\"seasonal\" class=\"ecom-root\"><\/aside>\n<p id=\"elk-710e11e0-a51e-11f1-8ec2-63902124f4b0-2\">Wenn Sie jedoch L\u00fccken in den Rabatten oder im Gem\u00fcsebeet entdecken, bleibt im September noch Zeit, Blumen und Feldfr\u00fcchte zu pflanzen. Wenn der Boden noch hart ist, kann ein Nisaku Hori Hori (erh\u00e4ltlich bei Amazon) mit seiner spitzen Spitze und seinem schlanken Profil das Graben oder Pflanzen in kurzer Zeit erledigen.<\/p>\n<div class=\"my-6 w-full overflow-hidden rounded-(10px) lg:my-8\" data-component-name=\"JwPlayer:Carousel\" data-jwp-carousel data-jwp-carousel-payload='{\"ids\":{\"playerID\":\"nH5qbfDS\",\"searchPlaylistID\":\"JWjbv5QN\",\"divID\":\"botr_JWjbv5QN_nH5qbfDS_div\",\"fallbackPlaylistID\":\"JWjbv5QN\",\"fallbackDivID\":\"botr_JWjbv5QN_nH5qbfDS_div\",\"key\":\"fLxvNqAkFSgQANz9Ytp9fXXsYH5UjXbuR9iNv02Ze7eiW9wL\",\"tintLogo\":true,\"useSearchPlaylist\":false,\"enabled\":true},\"signPostingEnabled\":true,\"signPostingLinkEnabled\":true,\"waitForAdLoad\":false,\"hidePlayerOnDesktop\":false,\"hidePlayerOnMobile\":false,\"hidePlayerOnTablet\":false}'>\n<div class=\"flex flex-nowrap items-center justify-between gap-3 bg-zinc-900 px-(14px) py-3\" data-jwp-carousel-header>\n<div class=\"flex min-w-0 shrink items-center\"><span class=\"inline-flex items-center gap-1.5 text-sm font-article-heading capitalize leading-5 text-white whitespace-nowrap\"><span class=\"jwp-carousel-title-mobile\"><\/span><span class=\"jwp-carousel-title-desktop\">Neueste Videos von<\/span><span class=\"jwp-carousel-brand\">H\u00e4user und G\u00e4rten<\/span><\/span><\/div>\n<\/div>\n<div class=\"aspect-video w-full min-h-(200px) lg:min-h-(330px) relative overflow-hidden bg-black\" data-jwp-carousel-container>\n<div class=\"absolute inset-0 size-full\" data-jwp-carousel-player-host><\/div>\n<div class=\"absolute inset-0 size-full items-center justify-center bg-white\" data-jwp-carousel-fallback><\/div>\n<\/div>\n<div class=\"min-h-(44px) bg-zinc-900 px-(14px) py-3\" data-jwp-carousel-signposting><span data-jwp-carousel-signposting-title>Sehen Sie sich hier das vollst\u00e4ndige Video an: <\/span><\/div>\n<\/div>\n<h3 class=\"article-body__section\" id=\"section-1-hardy-geranium\"><span>1. Winterharte Geranie<\/span><\/h3>\n<figure class=\"van-image-figure inline-layout \" data-bordeaux-image-check id=\"elk-710e142e-a51e-11f1-b9c0-d72336c1a006\">\n<div class=\"image-full-width-wrapper\">\n<div class=\"image-widthsetter\" style=\"max-width:2400px;\"><\/div>\n<\/div>\n<\/figure>\n<p id=\"elk-710e14a6-a51e-11f1-9700-875e5be6ab04\">Winterharte Geranien, auch Storchschn\u00e4bel genannt, sind eine gute Investition, da sie monatelang bl\u00fchen k\u00f6nnen und als Staude jedes Jahr zuverl\u00e4ssig nachwachsen.<\/p>\n<div id=\"ad-unit-2\" class=\"ad-unit\"><\/div>\n<p>Allerdings k\u00f6nnen Storchschn\u00e4bel mit der Zeit gro\u00dfe Horste bilden und \u00fcberf\u00fcllt werden. Um dies zu verhindern, k\u00f6nnen Sie die Pflanzen alle 3-5 Jahre teilen, um sie zu revitalisieren. Und der September ist nicht nur eine gute Zeit, um winterharte Geranien zu pflanzen, sondern auch die perfekte Zeit, sie durch Teilung zu vermehren.<\/p>\n<aside data-component-name=\"Recirculation:ArticleRiver\" data-recirculation-type=\"inline\" data-mrf-recirculation=\"Trending Bar\" data-nosnippet class=\"clear-both pt-2 pb-0 mb-4\">\n        <span class=\"\n            flex\n            after:content-('') after:flex-1 after:ml-4 after:my-(0.7rem) after:border-t after:border-solid after:border-(#333)\n            before:content-('') before:flex-1 before:mr-4 before:my-(0.7rem) before:border-t before:border-solid before:border-(#333)\n            font-article-heading pb-0 text-(length:var(--article-river-title--font-size,1em)) uppercase sm:text-(length:var(--article-river-title--font-size,0.875em)) font-normal\n        \"><\/p>\n<p>            Vielleicht gef\u00e4llt es Ihnen<br \/>\n        <\/span><\/p>\n<ul class=\"flex flex-col gap-0 m-0 max-w-full\">\n<li class=\"m-0 list-none border-b border-solid border-(#ededed) py-2.5\" data-recirculation-id=\"recirculation-card-1\" id=\"recirculation-inline-1\" data-analytics-id=\"recirculation-inline-1\" analytics-label=\"\" data-mrf-recirculation=\"recirculation-inline-1\">\n<picture data-new-v2-image=\"true\" class=\"aspect-square size-(85px) md:size-20 shrink-0\"><source type=\"image\/webp\"  ><\/source><\/p>\n<\/picture>\n                        <span class=\"w-full text-base font-(var(--article-river-item--font-weight,500)) font-article-heading line-clamp-3 md:line-clamp-2\">August ist die perfekte Zeit, um Strauchstecklinge zu nehmen \u2013 So erhalten Sie im Sp\u00e4tsommer kostenlos neue Pflanzen<\/span><\/p>\n<\/li>\n<li class=\"m-0 list-none border-b border-solid border-(#ededed) py-2.5\" data-recirculation-id=\"recirculation-card-2\" id=\"recirculation-inline-2\" data-analytics-id=\"recirculation-inline-2\" analytics-label=\"\" data-mrf-recirculation=\"recirculation-inline-2\">\n<picture data-new-v2-image=\"true\" class=\"aspect-square size-(85px) md:size-20 shrink-0\"><source type=\"image\/webp\"  ><\/source><br \/>\n    <img decoding=\"async\" alt=\"In einem trockenen Garten auf der Chelsea Flower Show 2026 stehen Sukkulenten in T\u00f6pfen auf einem Holztisch\"   loading=\"lazy\" data-new-v2-image=\"true\" src=\"https:\/\/www.strassenweb.de\/nachrichten\/wp-content\/uploads\/2026\/08\/XXoCjCz8mmJShK9eBcXXfm.jpg\" data-pin-media=\"https:\/\/www.strassenweb.de\/nachrichten\/wp-content\/uploads\/2026\/08\/XXoCjCz8mmJShK9eBcXXfm.jpg\" class=\"rounded-(var(--image--border-radius,0)) aspect-square size-(85px) md:size-20 object-cover shrink-0\" data-pin-nopin=\"true\">\n    <\/picture>\n                        <span class=\"w-full text-base font-(var(--article-river-item--font-weight,500)) font-article-heading line-clamp-3 md:line-clamp-2\">Nehmen Sie im Juli Blattstecklinge dieser 5 Pflanzen \u2013 und erhalten Sie bis zum Herbst Dutzende kostenlose Pflanzen<\/span><\/p>\n<\/li>\n<li class=\"m-0 list-none border-b border-solid border-(#333) py-2.5\" data-recirculation-id=\"recirculation-card-3\" id=\"recirculation-inline-3\" data-analytics-id=\"recirculation-inline-3\" analytics-label=\"\" data-mrf-recirculation=\"recirculation-inline-3\">\n<picture data-new-v2-image=\"true\" class=\"aspect-square size-(85px) md:size-20 shrink-0\"><source type=\"image\/webp\"  ><\/source><br \/>\n    <img decoding=\"async\" alt=\"Ein G\u00e4rtner pflanzt Lavendels\u00e4mlinge in einzelne T\u00f6pfe auf einem hellen Holztisch\"   loading=\"lazy\" data-new-v2-image=\"true\" src=\"https:\/\/www.strassenweb.de\/nachrichten\/wp-content\/uploads\/2026\/07\/YMJp8Bws2ytxnuGMjgg82R.jpg\" data-pin-media=\"https:\/\/www.strassenweb.de\/nachrichten\/wp-content\/uploads\/2026\/07\/YMJp8Bws2ytxnuGMjgg82R.jpg\" class=\"rounded-(var(--image--border-radius,0)) aspect-square size-(85px) md:size-20 object-cover shrink-0\" data-pin-nopin=\"true\">\n    <\/picture>\n                        <span class=\"w-full text-base font-(var(--article-river-item--font-weight,500)) font-article-heading line-clamp-3 md:line-clamp-2\">Der Juli ist die perfekte Zeit, um Ihre Lieblingspflanzen zu vermehren \u2013 und Ihren Garten im Jahr 2027 kostenlos zu f\u00fcllen<\/span><\/p>\n<\/li>\n<\/ul>\n<\/aside>\n<p>Um winterharte Geranien zu teilen, graben Sie die Pflanze vorsichtig aus und teilen Sie sie in Abschnitte auf. Achten Sie dabei darauf, dass jeder Teil Wurzeln hat. Verwenden Sie dazu ein scharfes Werkzeug wie ein Hori-Hori-Messer oder einen mehrj\u00e4hrigen Spaten von Berry &#038; Bird, erh\u00e4ltlich bei Amazon.<\/p>\n<p>Pflanzen Sie die neuen Abteilungen aus oder pflanzen Sie sie ein und gie\u00dfen Sie sie regelm\u00e4\u00dfig, bis sie sich etabliert haben.<\/p>\n<div id=\"slice-container-newsletterForm-articleInbodyContent-xGQqeViQS23FBuQ2Zr4d8N\" class=\"slice-container newsletter-inbodyContent-slice newsletterForm-articleInbodyContent-xGQqeViQS23FBuQ2Zr4d8N slice-container-newsletterForm\"><\/div>\n<h3 class=\"article-body__section\" id=\"section-2-sweet-pea\"><span>2. Zuckererbse<\/span><\/h3>\n<figure class=\"van-image-figure inline-layout \" data-bordeaux-image-check id=\"elk-710e156e-a51e-11f1-91a6-e9778b14f2e5\">\n<div class=\"image-full-width-wrapper\">\n<div class=\"image-widthsetter\" style=\"max-width:2000px;\"><\/div>\n<\/div>\n<\/figure>\n<p id=\"elk-710e15dc-a51e-11f1-8891-4d7918e17802\">Ein fester Bestandteil von Bauerng\u00e4rten und Schnittblumenbeeten, Edelwicken (<em>Lathyrus<\/em> <em>odoratus<\/em>) sind bekannt f\u00fcr ihre wundersch\u00f6nen und duftenden Blumen, die auf einer Wigwam-St\u00fctze genauso gut aussehen wie aufgeschnitten in einer Vase in einem Zuhause.<\/p>\n<p>Da es sich um eine der am einfachsten zu erntenden Pflanzen handelt, m\u00fcssen Sie die verbl\u00fchten Bl\u00fcten lediglich Schoten bilden und trocknen lassen, bevor Sie sie sammeln und lagern.<\/p>\n<p>Da es sich um winterharte einj\u00e4hrige Pflanzen handelt, k\u00f6nnen Edelwicken jederzeit von Ende September bis April ges\u00e4t werden. Wenn Sie sie also direkt sp\u00e4ter in diesem Monat in der USDA-Zone 8 und h\u00f6her pflanzen, haben sie Zeit, starke Wurzeln zu bilden, bevor der Winter einsetzt, und beginnen im n\u00e4chsten Jahr zu bl\u00fchen. In den Zonen 7 und darunter s\u00e4en Sie vom sp\u00e4ten Winter bis zum fr\u00fchen Fr\u00fchling oder beginnen Sie 4 bis 6 Wochen vor dem letzten Frost verdeckt mit der Aussaat.<\/p>\n<aside data-component-name=\"Recirculation:ArticleRiver\" data-recirculation-type=\"inline\" data-mrf-recirculation=\"Trending Bar\" data-nosnippet class=\"clear-both pt-2 pb-0 mb-4\">\n        <span class=\"\n            flex\n            after:content-('') after:flex-1 after:ml-4 after:my-(0.7rem) after:border-t after:border-solid after:border-(#333)\n            before:content-('') before:flex-1 before:mr-4 before:my-(0.7rem) before:border-t before:border-solid before:border-(#333)\n            font-article-heading pb-0 text-(length:var(--article-river-title--font-size,1em)) uppercase sm:text-(length:var(--article-river-title--font-size,0.875em)) font-normal\n        \"><\/p>\n<p>            Was Sie als n\u00e4chstes lesen sollten<br \/>\n        <\/span><\/p>\n<ul class=\"flex flex-col gap-0 m-0 max-w-full\">\n<li class=\"m-0 list-none border-b border-solid border-(#ededed) py-2.5\" data-recirculation-id=\"recirculation-card-1\" id=\"recirculation-inline-2-1\" data-analytics-id=\"recirculation-2-inline-1\" analytics-label=\"\" data-mrf-recirculation=\"recirculation-2-inline-1\">\n<picture data-new-v2-image=\"true\" class=\"aspect-square size-(85px) md:size-20 shrink-0\"><source type=\"image\/webp\"  ><\/source><br \/>\n    <img decoding=\"async\" alt=\"Narzissen bl\u00fchen in einem Garten in der Fr\u00fchlingssonne\"   loading=\"lazy\" data-new-v2-image=\"true\" src=\"https:\/\/www.strassenweb.de\/nachrichten\/wp-content\/uploads\/2026\/02\/76jTfbK7zqRDjUH97UejWb.jpg\" data-pin-media=\"https:\/\/www.strassenweb.de\/nachrichten\/wp-content\/uploads\/2026\/02\/76jTfbK7zqRDjUH97UejWb.jpg\" class=\"rounded-(var(--image--border-radius,0)) aspect-square size-(85px) md:size-20 object-cover shrink-0\" data-pin-nopin=\"true\">\n    <\/picture>\n                        <span class=\"w-full text-base font-(var(--article-river-item--font-weight,500)) font-article-heading line-clamp-3 md:line-clamp-2\">Was Sie im September pflanzen sollten, um im n\u00e4chsten Jahr erfolgreich im Fr\u00fchling und Sommer zu sein<\/span><\/p>\n<\/li>\n<li class=\"m-0 list-none border-b border-solid border-(#ededed) py-2.5\" data-recirculation-id=\"recirculation-card-2\" id=\"recirculation-inline-2-2\" data-analytics-id=\"recirculation-2-inline-2\" analytics-label=\"\" data-mrf-recirculation=\"recirculation-2-inline-2\">\n<picture data-new-v2-image=\"true\" class=\"aspect-square size-(85px) md:size-20 shrink-0\"><source type=\"image\/webp\"  ><\/source><br \/>\n    <img decoding=\"async\" alt=\"Bartiris-Sorten wachsen im Sommerbeet\"   loading=\"lazy\" data-new-v2-image=\"true\" src=\"https:\/\/www.strassenweb.de\/nachrichten\/wp-content\/uploads\/2026\/08\/kPwB7H4QTtpv6M9uETfS7A.jpg\" data-pin-media=\"https:\/\/www.strassenweb.de\/nachrichten\/wp-content\/uploads\/2026\/08\/kPwB7H4QTtpv6M9uETfS7A.jpg\" class=\"rounded-(var(--image--border-radius,0)) aspect-square size-(85px) md:size-20 object-cover shrink-0\" data-pin-nopin=\"true\">\n    <\/picture>\n                        <span class=\"w-full text-base font-(var(--article-river-item--font-weight,500)) font-article-heading line-clamp-3 md:line-clamp-2\">Teilen Sie diese 8 Pflanzen im August \u2013 das ist das Geheimnis f\u00fcr gr\u00f6\u00dfere, ges\u00fcndere Beete im n\u00e4chsten Jahr<\/span><\/p>\n<\/li>\n<li class=\"m-0 list-none border-b border-solid border-(#333) py-2.5\" data-recirculation-id=\"recirculation-card-3\" id=\"recirculation-inline-2-3\" data-analytics-id=\"recirculation-2-inline-3\" analytics-label=\"\" data-mrf-recirculation=\"recirculation-2-inline-3\">\n<picture data-new-v2-image=\"true\" class=\"aspect-square size-(85px) md:size-20 shrink-0\"><source type=\"image\/webp\"  ><\/source><br \/>\n    <img decoding=\"async\" alt=\"Pelargonien in einem Gew\u00e4chshaus\"   loading=\"lazy\" data-new-v2-image=\"true\" src=\"https:\/\/www.strassenweb.de\/nachrichten\/wp-content\/uploads\/2026\/09\/8kwvVuqdbdNVipxzkcJR7R.jpg\" data-pin-media=\"https:\/\/www.strassenweb.de\/nachrichten\/wp-content\/uploads\/2026\/09\/8kwvVuqdbdNVipxzkcJR7R.jpg\" class=\"rounded-(var(--image--border-radius,0)) aspect-square size-(85px) md:size-20 object-cover shrink-0\" data-pin-nopin=\"true\">\n    <\/picture>\n                        <span class=\"w-full text-base font-(var(--article-river-item--font-weight,500)) font-article-heading line-clamp-3 md:line-clamp-2\">Wenn Sie Geranien anbauen, sollten Sie nicht damit warten, sie auf den Frost vorzubereiten \u2013 5 Dinge, die Sie im September tun sollten, damit sie im n\u00e4chsten Jahr mehr bl\u00fchen<\/span><\/p>\n<\/li>\n<\/ul>\n<\/aside>\n<p>Haxnicks Rootrainer f\u00f6rdern tiefe und starke Wurzelsysteme und sind bei Amazon erh\u00e4ltlich.<\/p>\n<p>Ob Sie junge Pflanzen oder einen Blumenstrau\u00df verschenken, Duftwicken werden immer dankbar angenommen. Duftwicken von Perfume Delight sind bei Botanical Interests erh\u00e4ltlich.<\/p>\n<h3 class=\"article-body__section\" id=\"section-3-rose\"><span>3. Rose<\/span><\/h3>\n<figure class=\"van-image-figure inline-layout \" data-bordeaux-image-check id=\"elk-710e16a4-a51e-11f1-836c-45cae481cc03\">\n<div class=\"image-full-width-wrapper\">\n<div class=\"image-widthsetter\" style=\"max-width:2400px;\"><\/div>\n<\/div>\n<\/figure>\n<p id=\"elk-710e1708-a51e-11f1-8774-055576fd7b5b\">Der einfachste Weg, Rosen zu vermehren, besteht darin, Rosenstecklinge zu nehmen. Wenn Sie die Gelegenheit verpasst haben, fr\u00fcher im Fr\u00fchling und Sommer Weichholzstecklinge zu pfl\u00fccken, machen Sie sich keine Sorgen, denn Sie k\u00f6nnen Ihre Lieblingsrosen jetzt aus Halbhartholzstecklingen oder sp\u00e4ter in diesem Winter aus Hartholzstecklingen vermehren.<\/p>\n<p>Um im September Rosenstecklinge aus halbhartem Holz zu ernten, schneiden Sie fr\u00fchmorgens mit einer sauberen und scharfen Gartenschere, z. B. einer Felco 2 Bypass-Handschere, die bei Lowe&#8217;s erh\u00e4ltlich ist, ein 15 bis 20 cm langes St\u00e4ngelst\u00fcck ab. Um die besten Erfolgsaussichten zu erzielen, w\u00e4hlen Sie nur gesundes, krankheitsfreies Material mit fester Basis und flexibler Spitze.<\/p>\n<p>Schneiden Sie den ausgew\u00e4hlten Stiel unten gerade ab, knapp unter einem Blattknoten, und entfernen Sie alle Bl\u00e4tter bis auf einen Satz oben. Tauchen Sie das Ende in Pflanzenwurzelhormon, das bei Amazon erh\u00e4ltlich ist, und stecken Sie es in einen Topf, der zu gleichen Teilen mit Blumenerde und Sand gef\u00fcllt ist.<\/p>\n<p>Gut gie\u00dfen und in einem Gew\u00e4chshaus unter einer Gew\u00e4chshauskuppel platzieren, wo es indirektes Licht erh\u00e4lt. Sobald die Pflanze Wurzeln geschlagen hat, pflanzen Sie sie in einen Topf und lassen Sie sie unter Schutz wachsen, bis sie zum Aush\u00e4rten bereit ist.<\/p>\n<h3 class=\"article-body__section\" id=\"section-4-lamb-s-ear\"><span>4. Lammohr<\/span><\/h3>\n<figure class=\"van-image-figure inline-layout \" data-bordeaux-image-check id=\"elk-710e17da-a51e-11f1-8c40-b1dbafe8b28e\">\n<div class=\"image-full-width-wrapper\">\n<div class=\"image-widthsetter\" style=\"max-width:2000px;\"><\/div>\n<\/div>\n<\/figure>\n<p id=\"elk-710e1834-a51e-11f1-8076-f5078ba56075\">Das Lammohr (<em>Stachys<\/em> <em>byzantinisch<\/em>) ist aufgrund seiner d\u00fcrretoleranten Natur eine gute Wahl f\u00fcr trockene G\u00e4rten und hei\u00dfe Rabatten.<\/p>\n<p>Da es sich um eine pflegeleichte Staude handelt, breitet es sich \u00fcber den Boden aus und macht das Lammohr zu einem ausgezeichneten Bodendecker, der bei Vernachl\u00e4ssigung gedeiht.<\/p>\n<p>Sie k\u00f6nnen Lammohren vermehren, indem Sie die Samen sammeln und auss\u00e4en, aber das Ausheben und Teilen im Herbst oder Fr\u00fchling ist einfacher und schneller f\u00fcr die Produktion neuer Pflanzen. Teilen <em>Stachys<\/em> <em>Byzanz, <\/em>Graben Sie eine gesunde, reife Pflanze vorsichtig aus und trennen Sie sie mit einem scharfen Spaten oder Messer (ich finde, ein altes Brotmesser funktioniert perfekt) und achten Sie darauf, dass an jedem B\u00fcschel ein Wurzelabschnitt befestigt ist.<\/p>\n<p>Die Teilst\u00fccke austopfen oder im Garten umpflanzen und regelm\u00e4\u00dfig gie\u00dfen. Da der Boden im September noch warm ist, werden sich schnell neue Wurzeln entwickeln und etablieren.<\/p>\n<p>Welche Methode Sie auch zur Vermehrung von Pflanzen verwenden, die Kennzeichnung ist f\u00fcr deren Identifizierung und fortlaufende Pflege unerl\u00e4sslich, insbesondere wenn Sie gro\u00dfe Mengen vermehren oder sie an Freunde verschenken. Als Alternative zu Plastik k\u00f6nnen Sie Pflanzenetiketten aus Holz kaufen, die bei Amazon erh\u00e4ltlich sind, oder diese selbst herstellen.<\/p>\n<h3 class=\"article-body__section\" id=\"section-5-lemon-verbena\"><span>5. Zitronenverbene<\/span><\/h3>\n<figure class=\"van-image-figure inline-layout \" data-bordeaux-image-check id=\"elk-710e1906-a51e-11f1-80f9-71970687abdd\">\n<div class=\"image-full-width-wrapper\">\n<div class=\"image-widthsetter\" style=\"max-width:2400px;\"><\/div>\n<\/div>\n<\/figure>\n<p id=\"elk-710e196a-a51e-11f1-a766-db5aad322b66\">Eine weitere Pflanze, die man im September vermehren kann, ist das etwas ungew\u00f6hnliche aromatische Kraut Zitronenverbene (<em>Aloysia citrodora<\/em>). Zitronenverbene wird in Kr\u00e4utertees und Desserts verwendet und produziert in den Sommermonaten schmale, spitze gr\u00fcne Bl\u00e4tter und kleine, zarte wei\u00dfe Bl\u00fcten.<\/p>\n<p>Mit der Zeit kann er eine H\u00f6he und Breite von 1,80 m erreichen, eignet sich aber gut f\u00fcr einen Pflanzk\u00fcbel im Kr\u00e4utergarten, wo seine Gr\u00f6\u00dfe begrenzt ist.<\/p>\n<p>Sie wird in den USDA-Zonen 8\u201311 als mehrj\u00e4hrige Pflanze angebaut und in k\u00e4lteren Gegenden normalerweise als einj\u00e4hrige Pflanze behandelt. Dennoch k\u00f6nnen Z\u00fcchter in Zone 7 und darunter im September halbreife Stecklinge nehmen, um sie verdeckt zu \u00fcberwintern und weiterzuwachsen, bevor sie abh\u00e4rten und im sp\u00e4ten Fr\u00fchjahr oder Fr\u00fchsommer wieder ins Freie gepflanzt werden.<\/p>\n<p>Zur Verwendung in Tees schneiden Sie Bl\u00e4tter oder die Spitzen der St\u00e4ngel mit einer scharfen, sauberen Schere oder einer Gartenschere Felco F322 ab, die bei Amazon erh\u00e4ltlich ist.<\/p>\n<h3 class=\"article-body__section\" id=\"section-6-pelargonium\"><span>6. Pelargonie<\/span><\/h3>\n<figure class=\"van-image-figure inline-layout \" data-bordeaux-image-check id=\"elk-710e1a32-a51e-11f1-8d58-ade30025a2e7\">\n<div class=\"image-full-width-wrapper\">\n<div class=\"image-widthsetter\" style=\"max-width:2400px;\"><\/div>\n<\/div>\n<\/figure>\n<p id=\"elk-710e1a96-a51e-11f1-8807-29d64a16cb95\">Pelargonien werden wegen ihres duftenden Laubs, ihrer langen Bl\u00fctezeit und ihres geringen Pflegeaufwands gesch\u00e4tzt und sind ein echter Sammler und einer meiner Favoriten. Sie sind mit wei\u00dfen, rosa, orangen oder roten Bl\u00fcten erh\u00e4ltlich und haben oft attraktive Bl\u00e4tter, die beim Zerdr\u00fccken oder Reiben einen herrlichen Duft verstr\u00f6men k\u00f6nnen.<\/p>\n<p>Im Gegensatz zu winterharten Geranien sind Pelargonien jedoch empfindlich und \u00fcberwintern selten im Freien in den Zonen 8 und darunter. Daher werden sie in der Regel als einj\u00e4hrige Pflanzen angebaut oder f\u00fcr die k\u00e4lteren Monate ins Haus gebracht, was sie zu einer gro\u00dfartigen Pflanze f\u00fcr die Vermehrung im September macht.<\/p>\n<p>Als Ersatz und um mehr Pflanzen kostenlos zur Verf\u00fcgung zu stellen, k\u00f6nnen Sie 7,6\u201310 cm lange Pelargonienstecklinge nehmen und diese in T\u00f6pfe mit durchl\u00e4ssiger Erde, wie z. B. Pflanzenvermehrungs-Blumenerde von Lowe&#8217;s, legen, um die anf\u00e4ngliche Wurzelbildung zu f\u00f6rdern.<\/p>\n<p>Um Ihren Stecklingen die besten Chancen zu geben, entfernen Sie alle Bl\u00e4tter bis auf die obersten Bl\u00e4tter mit einem scharfen, desinfizierten Gartenmesser (erh\u00e4ltlich bei Amazon) und legen Sie sie unter eine Luftfeuchtigkeitskuppel, um den Feuchtigkeitsverlust zu reduzieren.<\/p>\n<h2 id=\"what-to-shop-3\">Was man einkaufen sollte<\/h2>\n<aside data-article-category=\"gardens\" data-block-type=\"embed\" data-hawk-json=\"{&quot;collection&quot;:{&quot;blocks&quot;:({&quot;modelName&quot;:&quot;Rooting Hormone Powder&quot;,&quot;productName&quot;:&quot;Rooting Hormone Powder&quot;,&quot;productDescription&quot;:&quot;&quot;,&quot;brand&quot;:null,&quot;price&quot;:&quot;7.99&quot;,&quot;wasPrice&quot;:null,&quot;currency&quot;:&quot;USD&quot;,&quot;review&quot;:{&quot;rating&quot;:0,&quot;pros&quot;:(),&quot;cons&quot;:()},&quot;label&quot;:&quot;&quot;,&quot;image&quot;:{&quot;copyright&quot;:&quot;&quot;,&quot;height&quot;:500,&quot;id&quot;:&quot;626hdQkiK3XeUE3yKDjxXQ&quot;,&quot;mimeType&quot;:&quot;image\/jpeg&quot;,&quot;mos&quot;:&quot;https:\/\/cdn.mos.cms.futurecdn.net\/626hdQkiK3XeUE3yKDjxXQ.jpg&quot;,&quot;role&quot;:&quot;&quot;,&quot;width&quot;:500,&quot;credit&quot;:&quot;Bonide&quot;,&quot;alt&quot;:&quot;Bonide Bontone Ii Rooting Powder, 1.25 Oz Ready-To-Use Dust for Houseplants and Transplants Speeds Root Development&quot;,&quot;caption&quot;:&quot;&quot;},&quot;link&quot;:{&quot;url&quot;:&quot;https:\/\/target.georiot.com\/Proxy.ashx?tsid=107655&amp;GR_URL=https%3A%2F%2Famazon.com%2FBonide-BND925-Bontone-Rooting-Fertilizer%2Fdp%2FB000BX1HGC%3Ftag%3Dftr-homesandgardens-us-20%26ascsubtag%3Dhawk-custom-tracking-20&quot;,&quot;linkText&quot;:&quot;&quot;,&quot;editorialMerchantName&quot;:&quot;&quot;,&quot;merchantName&quot;:&quot;Amazon US&quot;,&quot;merchantId&quot;:1471,&quot;merchantNetwork&quot;:&quot;Amazonus&quot;,&quot;merchantUrl&quot;:&quot;amazon.com&quot;},&quot;noAffiliateTracking&quot;:false,&quot;linkMerchant&quot;:&quot;Amazon US&quot;},{&quot;modelName&quot;:&quot;Felco F2 Pruning Shears&quot;,&quot;productName&quot;:&quot;Felco F2 Pruning Shears&quot;,&quot;productDescription&quot;:&quot;&quot;,&quot;brand&quot;:null,&quot;price&quot;:&quot;76.98&quot;,&quot;wasPrice&quot;:null,&quot;currency&quot;:&quot;USD&quot;,&quot;review&quot;:{&quot;rating&quot;:0,&quot;pros&quot;:(),&quot;cons&quot;:()},&quot;label&quot;:&quot;&quot;,&quot;image&quot;:{&quot;copyright&quot;:&quot;&quot;,&quot;height&quot;:900,&quot;id&quot;:&quot;CNudfovshC8nAnFgHndNnf&quot;,&quot;mimeType&quot;:&quot;image\/png&quot;,&quot;mos&quot;:&quot;https:\/\/cdn.mos.cms.futurecdn.net\/CNudfovshC8nAnFgHndNnf.png&quot;,&quot;role&quot;:&quot;&quot;,&quot;width&quot;:1079,&quot;credit&quot;:&quot;Lowe&amp;#39;s&quot;,&quot;alt&quot;:&quot;Lowe's Felco F2 pruning shears&quot;,&quot;caption&quot;:&quot;&quot;},&quot;link&quot;:{&quot;url&quot;:&quot;https:\/\/lowes.sjv.io\/c\/221109\/897039\/12374?subId1=hawk-custom-tracking&amp;sharedId=hawk-prefix&amp;u=https%3A%2F%2Fwww.lowes.com%2Fpd%2FFelco-F2-Large-Right-Hand-Carbon-steel-Bypass-Hand-Pruner-with-Standard-handle%2F5019264431&quot;,&quot;linkText&quot;:&quot;&quot;,&quot;editorialMerchantName&quot;:&quot;&quot;,&quot;merchantName&quot;:&quot;Lowe's&quot;,&quot;merchantId&quot;:199898,&quot;merchantNetwork&quot;:&quot;ImpactRad&quot;,&quot;merchantUrl&quot;:&quot;lowes.com&quot;},&quot;noAffiliateTracking&quot;:false,&quot;linkMerchant&quot;:&quot;Lowe's&quot;},{&quot;modelName&quot;:&quot;Miracle-Gro Potting Mix&quot;,&quot;productName&quot;:&quot;Miracle-Gro Potting Mix&quot;,&quot;productDescription&quot;:&quot;&quot;,&quot;brand&quot;:null,&quot;price&quot;:&quot;22.16&quot;,&quot;wasPrice&quot;:null,&quot;currency&quot;:&quot;USD&quot;,&quot;review&quot;:{&quot;rating&quot;:0,&quot;pros&quot;:(),&quot;cons&quot;:()},&quot;label&quot;:&quot;&quot;,&quot;image&quot;:{&quot;copyright&quot;:&quot;&quot;,&quot;height&quot;:800,&quot;id&quot;:&quot;pXNH5ZzeKM7KM2hcDoeYmn&quot;,&quot;mimeType&quot;:&quot;image\/jpeg&quot;,&quot;mos&quot;:&quot;https:\/\/cdn.mos.cms.futurecdn.net\/pXNH5ZzeKM7KM2hcDoeYmn.jpg&quot;,&quot;role&quot;:&quot;&quot;,&quot;width&quot;:800,&quot;credit&quot;:&quot;Miracle-Gro&quot;,&quot;alt&quot;:&quot;Miracle-Gro Potting Mix 16 Qt.&quot;,&quot;caption&quot;:&quot;&quot;},&quot;link&quot;:{&quot;url&quot;:&quot;https:\/\/target.georiot.com\/Proxy.ashx?tsid=107655&amp;GR_URL=https%3A%2F%2Famazon.com%2FMiracle-75686300-Miracle-Gro%25C2%25AE-Potting-0-21-0-11-0-16%2Fdp%2FB00GRTKKKI%3Ftag%3Dftr-homesandgardens-us-20%26ascsubtag%3Dhawk-custom-tracking-20&quot;,&quot;linkText&quot;:&quot;&quot;,&quot;editorialMerchantName&quot;:&quot;&quot;,&quot;merchantName&quot;:&quot;Amazon US&quot;,&quot;merchantId&quot;:1471,&quot;merchantNetwork&quot;:&quot;Amazonus&quot;,&quot;merchantUrl&quot;:&quot;amazon.com&quot;},&quot;noAffiliateTracking&quot;:false,&quot;linkMerchant&quot;:&quot;Amazon US&quot;},{&quot;modelName&quot;:&quot;Soil Moisture Meter&quot;,&quot;productName&quot;:&quot;Soil Moisture Meter&quot;,&quot;productDescription&quot;:&quot;&quot;,&quot;brand&quot;:null,&quot;price&quot;:&quot;10&quot;,&quot;wasPrice&quot;:null,&quot;currency&quot;:&quot;USD&quot;,&quot;review&quot;:{&quot;rating&quot;:0,&quot;pros&quot;:(),&quot;cons&quot;:()},&quot;label&quot;:&quot;&quot;,&quot;image&quot;:{&quot;copyright&quot;:&quot;&quot;,&quot;height&quot;:809,&quot;id&quot;:&quot;yGhQnT989T4SiABfPsgtAN&quot;,&quot;mimeType&quot;:&quot;image\/png&quot;,&quot;mos&quot;:&quot;https:\/\/cdn.mos.cms.futurecdn.net\/yGhQnT989T4SiABfPsgtAN.png&quot;,&quot;role&quot;:&quot;&quot;,&quot;width&quot;:834,&quot;credit&quot;:&quot;Walmart&quot;,&quot;alt&quot;:&quot;Walmart soil moisture meter&quot;,&quot;caption&quot;:&quot;&quot;},&quot;link&quot;:{&quot;url&quot;:&quot;https:\/\/goto.walmart.com\/c\/1943169\/568844\/9383?subId1=hawk-custom-tracking&amp;sharedId=hawk-prefix&amp;u=https%3A%2F%2Fwww.walmart.com%2Fip%2FSoil-Moisture-Meter-KEYAHAPPY-Plant-Water-Monitor-Soil-Hygrometer-Sensor-for-Gardening-Farming-Indoor-and-Outdoor-Plants%2F952536084%3FclassType%3DREGULAR%26athbdg%3DL1900%26adsRedirect%3Dtrue&quot;,&quot;linkText&quot;:&quot;&quot;,&quot;editorialMerchantName&quot;:&quot;&quot;,&quot;merchantName&quot;:&quot;Walmart&quot;,&quot;merchantId&quot;:108180,&quot;merchantNetwork&quot;:&quot;ImpactRadfutureusLlc&quot;,&quot;merchantUrl&quot;:&quot;walmart.com&quot;},&quot;noAffiliateTracking&quot;:false,&quot;linkMerchant&quot;:&quot;Walmart&quot;})}}\" data-model-name=\"Rooting Hormone Powder,Felco F2 Pruning Shears,Miracle-Gro Potting Mix,Soil Moisture Meter\" data-render-type=\"fte\" data-source-blocks=\"featured-products\" data-widget-type=\"collection\" class=\"ecom-root\">\n<div class=\"hawk-collection-collection-container\">\n<div class=\"hawk-collection-collection-grid\">\n<div>\n<div class=\"hawk-hawk-x-metadata-metadata-wrapper\">\n<div class=\"hawk-collection-card-card\">\n<div class=\"hawk-collection-card-shadow\">\n<figure class=\"hawk-collection-card-info-figure\"><img decoding=\"async\" src=\"https:\/\/www.strassenweb.de\/nachrichten\/wp-content\/uploads\/2026\/09\/626hdQkiK3XeUE3yKDjxXQ-500-80.jpg\" alt=\"Wurzelhormonpulver\" class=\"hawk-collection-card-info-image\"><\/figure>\n<div class=\"hawk-collection-card-info-card-content\">\n<div class=\"hawk-collection-card-info-details\">\n<div class=\"hawk-collection-card-info-title\">  Wurzelhormonpulver<\/div>\n<\/div>\n<div>\n<div class=\"hawk-collection-card-info-price-at-merchant\">\n<div class=\"hawk-collection-card-info-merchant-name\" title=\"Amazon US\">Amazon USA<\/div>\n<div class=\"hawk-collection-card-info-prices\"><span class=\"\">7,99 $<\/span><\/div>\n<\/div>\n<p><button type=\"button\" class=\"hawk-cta-button-cta-button\">Jetzt einkaufen<\/button><\/div>\n<\/div>\n<\/div>\n<div class=\"hawk-collection-card-view-details-container\"><\/div>\n<\/div>\n<\/div>\n<\/div>\n<div>\n<div class=\"hawk-hawk-x-metadata-metadata-wrapper\">\n<div class=\"hawk-collection-card-card\">\n<div class=\"hawk-collection-card-shadow\">\n<figure class=\"hawk-collection-card-info-figure\"><img decoding=\"async\" src=\"https:\/\/www.strassenweb.de\/nachrichten\/wp-content\/uploads\/2026\/09\/CNudfovshC8nAnFgHndNnf-500-80.png\" alt=\"Felco F2 Gartenschere\" class=\"hawk-collection-card-info-image\"><\/figure>\n<div class=\"hawk-collection-card-info-card-content\">\n<div class=\"hawk-collection-card-info-details\">\n<div class=\"hawk-collection-card-info-title\">  Felco F2 Gartenschere<\/div>\n<\/div>\n<div>\n<div class=\"hawk-collection-card-info-price-at-merchant\">\n<div class=\"hawk-collection-card-info-merchant-name\" title=\"Lowe's\">Lowes<\/div>\n<div class=\"hawk-collection-card-info-prices\"><span class=\"\">76,98 $<\/span><\/div>\n<\/div>\n<p><button type=\"button\" class=\"hawk-cta-button-cta-button\">Jetzt einkaufen<\/button><\/div>\n<\/div>\n<\/div>\n<div class=\"hawk-collection-card-view-details-container\"><\/div>\n<\/div>\n<\/div>\n<\/div>\n<div>\n<div class=\"hawk-hawk-x-metadata-metadata-wrapper\">\n<div class=\"hawk-collection-card-card\">\n<div class=\"hawk-collection-card-shadow\">\n<figure class=\"hawk-collection-card-info-figure\"><img decoding=\"async\" src=\"https:\/\/www.strassenweb.de\/nachrichten\/wp-content\/uploads\/2026\/09\/pXNH5ZzeKM7KM2hcDoeYmn-500-80.jpg\" alt=\"Miracle-Gro-Blumenerde\" class=\"hawk-collection-card-info-image\"><\/figure>\n<div class=\"hawk-collection-card-info-card-content\">\n<div class=\"hawk-collection-card-info-details\">\n<div class=\"hawk-collection-card-info-title\">  Miracle-Gro-Blumenerde<\/div>\n<\/div>\n<div>\n<div class=\"hawk-collection-card-info-price-at-merchant\">\n<div class=\"hawk-collection-card-info-merchant-name\" title=\"Amazon US\">Amazon USA<\/div>\n<div class=\"hawk-collection-card-info-prices\"><span class=\"\">22,16 $<\/span><\/div>\n<\/div>\n<p><button type=\"button\" class=\"hawk-cta-button-cta-button\">Jetzt einkaufen<\/button><\/div>\n<\/div>\n<\/div>\n<div class=\"hawk-collection-card-view-details-container\"><\/div>\n<\/div>\n<\/div>\n<\/div>\n<div>\n<div class=\"hawk-hawk-x-metadata-metadata-wrapper\">\n<div class=\"hawk-collection-card-card\">\n<div class=\"hawk-collection-card-shadow\">\n<figure class=\"hawk-collection-card-info-figure\"><img decoding=\"async\" src=\"https:\/\/www.strassenweb.de\/nachrichten\/wp-content\/uploads\/2026\/09\/yGhQnT989T4SiABfPsgtAN-500-80.png\" alt=\"Bodenfeuchtemessger\u00e4t\" class=\"hawk-collection-card-info-image\"><\/figure>\n<div class=\"hawk-collection-card-info-card-content\">\n<div class=\"hawk-collection-card-info-details\">\n<div class=\"hawk-collection-card-info-title\">  Bodenfeuchtemessger\u00e4t<\/div>\n<\/div>\n<div>\n<div class=\"hawk-collection-card-info-price-at-merchant\">\n<div class=\"hawk-collection-card-info-merchant-name\" title=\"Walmart\">Walmart<\/div>\n<div class=\"hawk-collection-card-info-prices\"><span class=\"\">10 $<\/span><\/div>\n<\/div>\n<p><button type=\"button\" class=\"hawk-cta-button-cta-button\">Jetzt einkaufen<\/button><\/div>\n<\/div>\n<\/div>\n<div class=\"hawk-collection-card-view-details-container\"><\/div>\n<\/div>\n<\/div>\n<\/div>\n<\/div>\n<\/div>\n<\/aside>\n<hr id=\"elk-710e1b04-a51e-11f1-b72a-819589a98fd4\">\n<p id=\"elk-710e1b72-a51e-11f1-aeb3-c335c4617be5\">Wenn Sie dieses Jahr neben den oben aufgef\u00fchrten Pflanzen noch mehr Pflanzen kostenlos anbauen m\u00f6chten, haben Sie noch Zeit, da Sie von Mitte Herbst bis Sp\u00e4twinter jederzeit Hartholzstecklinge nehmen k\u00f6nnen.<\/p>\n<p>F\u00fcr die Vermehrung der meisten laubabwerfenden Kletterpflanzen, Str\u00e4ucher und B\u00e4ume ist die Entnahme von Hartholzstecklingen vielleicht die einfachste Methode und kann f\u00fcr Schmetterlingsstr\u00e4ucher, Rosen und Hartriegel verwendet werden.<\/p>\n<p>Wenn Sie inspirierende Gartenideen, Outdoor-Ratschl\u00e4ge und die neuesten Nachrichten lieben, warum nicht <u>Melden Sie sich f\u00fcr unseren Newsletter an <\/u>und die neuesten Funktionen direkt in Ihren Posteingang geliefert bekommen?<\/p>\n<\/div>\n<p><script async src=\"https:\/\/platform.twitter.com\/widgets.js\" charset=\"utf-8\"><\/script><\/p>\n","protected":false},"excerpt":{"rendered":"<p>Aktie Link kopieren Facebook X WhatsApp Pinterest Teilen Sie diesen Artikel Beteiligen Sie sich an der Unterhaltung Folgen Sie uns F\u00fcgen Sie uns als bevorzugte<\/p>\n","protected":false},"author":1,"featured_media":16774,"comment_status":"closed","ping_status":"","sticky":false,"template":"","format":"standard","meta":{"footnotes":""},"categories":[118],"tags":[1961,91,81,9,1400,55,15,2512,60,2188,246,92,1866,16459,524,67],"class_list":["post-16773","post","type-post","status-publish","format-standard","has-post-thumbnail","hentry","category-haus-garten","tag-abschneiden","tag-dem","tag-der","tag-die","tag-frost","tag-fuer","tag-ist","tag-monat","tag-oder","tag-perfekte","tag-pflanzen","tag-september","tag-teilen","tag-vermehrung","tag-vor","tag-zum","generate-columns","tablet-grid-50","mobile-grid-100","grid-parent","grid-50"],"yoast_head":"<!-- This site is optimized with the Yoast SEO plugin v27.3 - https:\/\/yoast.com\/product\/yoast-seo-wordpress\/ -->\n<title>Der September ist der perfekte Monat f\u00fcr die Vermehrung \u2013 6 Pflanzen zum Abschneiden oder Teilen vor dem Frost - Nachrichten - Stra\u00dfenweb<\/title>\n<meta name=\"robots\" content=\"index, follow, max-snippet:-1, max-image-preview:large, max-video-preview:-1\" \/>\n<link rel=\"canonical\" href=\"https:\/\/www.strassenweb.de\/nachrichten\/der-september-ist-der-perfekte-monat-fuer-die-vermehrung-6-pflanzen-zum-abschneiden-oder-teilen-vor-dem-frost\/\" \/>\n<meta property=\"og:locale\" content=\"de_DE\" \/>\n<meta property=\"og:type\" content=\"article\" \/>\n<meta property=\"og:title\" content=\"Der September ist der perfekte Monat f\u00fcr die Vermehrung \u2013 6 Pflanzen zum Abschneiden oder Teilen vor dem Frost - Nachrichten - Stra\u00dfenweb\" \/>\n<meta property=\"og:description\" content=\"Aktie Link kopieren Facebook X WhatsApp Pinterest Teilen Sie diesen Artikel Beteiligen Sie sich an der Unterhaltung Folgen Sie uns F\u00fcgen Sie uns als bevorzugte\" \/>\n<meta property=\"og:url\" content=\"https:\/\/www.strassenweb.de\/nachrichten\/der-september-ist-der-perfekte-monat-fuer-die-vermehrung-6-pflanzen-zum-abschneiden-oder-teilen-vor-dem-frost\/\" \/>\n<meta property=\"og:site_name\" content=\"Stra\u00dfenweb\" \/>\n<meta property=\"article:publisher\" content=\"https:\/\/www.facebook.com\/strassenweb\/\" \/>\n<meta property=\"article:published_time\" content=\"2026-09-05T09:39:16+00:00\" \/>\n<meta property=\"article:modified_time\" content=\"2026-09-05T09:39:27+00:00\" \/>\n<meta property=\"og:image\" content=\"https:\/\/www.strassenweb.de\/nachrichten\/wp-content\/uploads\/2026\/09\/Der-September-ist-der-perfekte-Monat-fuer-die-Vermehrung-\u2013.jpg\" \/>\n\t<meta property=\"og:image:width\" content=\"2560\" \/>\n\t<meta property=\"og:image:height\" content=\"1440\" \/>\n\t<meta property=\"og:image:type\" content=\"image\/jpeg\" \/>\n<meta name=\"author\" content=\"Robert Hoffmann\" \/>\n<meta name=\"twitter:card\" content=\"summary_large_image\" \/>\n<meta name=\"twitter:label1\" content=\"Verfasst von\" \/>\n\t<meta name=\"twitter:data1\" content=\"Robert Hoffmann\" \/>\n\t<meta name=\"twitter:label2\" content=\"Gesch\u00e4tzte Lesezeit\" \/>\n\t<meta name=\"twitter:data2\" content=\"8\u00a0Minuten\" \/>\n<script type=\"application\/ld+json\" class=\"yoast-schema-graph\">{\"@context\":\"https:\\\/\\\/schema.org\",\"@graph\":[{\"@type\":\"Article\",\"@id\":\"https:\\\/\\\/www.strassenweb.de\\\/nachrichten\\\/der-september-ist-der-perfekte-monat-fuer-die-vermehrung-6-pflanzen-zum-abschneiden-oder-teilen-vor-dem-frost\\\/#article\",\"isPartOf\":{\"@id\":\"https:\\\/\\\/www.strassenweb.de\\\/nachrichten\\\/der-september-ist-der-perfekte-monat-fuer-die-vermehrung-6-pflanzen-zum-abschneiden-oder-teilen-vor-dem-frost\\\/\"},\"author\":{\"name\":\"Robert Hoffmann\",\"@id\":\"https:\\\/\\\/www.strassenweb.de\\\/nachrichten\\\/#\\\/schema\\\/person\\\/87c9c9067f1211da429a744dc5a5aa41\"},\"headline\":\"Der September ist der perfekte Monat f\u00fcr die Vermehrung \u2013 6 Pflanzen zum Abschneiden oder Teilen vor dem Frost\",\"datePublished\":\"2026-09-05T09:39:16+00:00\",\"dateModified\":\"2026-09-05T09:39:27+00:00\",\"mainEntityOfPage\":{\"@id\":\"https:\\\/\\\/www.strassenweb.de\\\/nachrichten\\\/der-september-ist-der-perfekte-monat-fuer-die-vermehrung-6-pflanzen-zum-abschneiden-oder-teilen-vor-dem-frost\\\/\"},\"wordCount\":1615,\"publisher\":{\"@id\":\"https:\\\/\\\/www.strassenweb.de\\\/nachrichten\\\/#organization\"},\"image\":{\"@id\":\"https:\\\/\\\/www.strassenweb.de\\\/nachrichten\\\/der-september-ist-der-perfekte-monat-fuer-die-vermehrung-6-pflanzen-zum-abschneiden-oder-teilen-vor-dem-frost\\\/#primaryimage\"},\"thumbnailUrl\":\"https:\\\/\\\/www.strassenweb.de\\\/nachrichten\\\/wp-content\\\/uploads\\\/2026\\\/09\\\/Der-September-ist-der-perfekte-Monat-fuer-die-Vermehrung-\u2013.jpg\",\"keywords\":[\"abschneiden\",\"dem\",\"der\",\"die\",\"Frost\",\"f\u00fcr\",\"ist\",\"Monat\",\"oder\",\"perfekte\",\"Pflanzen\",\"September\",\"teilen\",\"Vermehrung\",\"vor\",\"zum\"],\"articleSection\":[\"Haus &amp; Garten\"],\"inLanguage\":\"de\"},{\"@type\":\"WebPage\",\"@id\":\"https:\\\/\\\/www.strassenweb.de\\\/nachrichten\\\/der-september-ist-der-perfekte-monat-fuer-die-vermehrung-6-pflanzen-zum-abschneiden-oder-teilen-vor-dem-frost\\\/\",\"url\":\"https:\\\/\\\/www.strassenweb.de\\\/nachrichten\\\/der-september-ist-der-perfekte-monat-fuer-die-vermehrung-6-pflanzen-zum-abschneiden-oder-teilen-vor-dem-frost\\\/\",\"name\":\"Der September ist der perfekte Monat f\u00fcr die Vermehrung \u2013 6 Pflanzen zum Abschneiden oder Teilen vor dem Frost - Nachrichten - Stra\u00dfenweb\",\"isPartOf\":{\"@id\":\"https:\\\/\\\/www.strassenweb.de\\\/nachrichten\\\/#website\"},\"primaryImageOfPage\":{\"@id\":\"https:\\\/\\\/www.strassenweb.de\\\/nachrichten\\\/der-september-ist-der-perfekte-monat-fuer-die-vermehrung-6-pflanzen-zum-abschneiden-oder-teilen-vor-dem-frost\\\/#primaryimage\"},\"image\":{\"@id\":\"https:\\\/\\\/www.strassenweb.de\\\/nachrichten\\\/der-september-ist-der-perfekte-monat-fuer-die-vermehrung-6-pflanzen-zum-abschneiden-oder-teilen-vor-dem-frost\\\/#primaryimage\"},\"thumbnailUrl\":\"https:\\\/\\\/www.strassenweb.de\\\/nachrichten\\\/wp-content\\\/uploads\\\/2026\\\/09\\\/Der-September-ist-der-perfekte-Monat-fuer-die-Vermehrung-\u2013.jpg\",\"datePublished\":\"2026-09-05T09:39:16+00:00\",\"dateModified\":\"2026-09-05T09:39:27+00:00\",\"breadcrumb\":{\"@id\":\"https:\\\/\\\/www.strassenweb.de\\\/nachrichten\\\/der-september-ist-der-perfekte-monat-fuer-die-vermehrung-6-pflanzen-zum-abschneiden-oder-teilen-vor-dem-frost\\\/#breadcrumb\"},\"inLanguage\":\"de\",\"potentialAction\":[{\"@type\":\"ReadAction\",\"target\":[\"https:\\\/\\\/www.strassenweb.de\\\/nachrichten\\\/der-september-ist-der-perfekte-monat-fuer-die-vermehrung-6-pflanzen-zum-abschneiden-oder-teilen-vor-dem-frost\\\/\"]}]},{\"@type\":\"ImageObject\",\"inLanguage\":\"de\",\"@id\":\"https:\\\/\\\/www.strassenweb.de\\\/nachrichten\\\/der-september-ist-der-perfekte-monat-fuer-die-vermehrung-6-pflanzen-zum-abschneiden-oder-teilen-vor-dem-frost\\\/#primaryimage\",\"url\":\"https:\\\/\\\/www.strassenweb.de\\\/nachrichten\\\/wp-content\\\/uploads\\\/2026\\\/09\\\/Der-September-ist-der-perfekte-Monat-fuer-die-Vermehrung-\u2013.jpg\",\"contentUrl\":\"https:\\\/\\\/www.strassenweb.de\\\/nachrichten\\\/wp-content\\\/uploads\\\/2026\\\/09\\\/Der-September-ist-der-perfekte-Monat-fuer-die-Vermehrung-\u2013.jpg\",\"width\":2560,\"height\":1440,\"caption\":\"Der September ist der perfekte Monat f\u00fcr die Vermehrung \u2013 6 Pflanzen zum Abschneiden oder Teilen vor dem Frost\"},{\"@type\":\"BreadcrumbList\",\"@id\":\"https:\\\/\\\/www.strassenweb.de\\\/nachrichten\\\/der-september-ist-der-perfekte-monat-fuer-die-vermehrung-6-pflanzen-zum-abschneiden-oder-teilen-vor-dem-frost\\\/#breadcrumb\",\"itemListElement\":[{\"@type\":\"ListItem\",\"position\":1,\"name\":\"Home\",\"item\":\"https:\\\/\\\/www.strassenweb.de\\\/nachrichten\\\/\"},{\"@type\":\"ListItem\",\"position\":2,\"name\":\"Der September ist der perfekte Monat f\u00fcr die Vermehrung \u2013 6 Pflanzen zum Abschneiden oder Teilen vor dem Frost\"}]},{\"@type\":\"WebSite\",\"@id\":\"https:\\\/\\\/www.strassenweb.de\\\/nachrichten\\\/#website\",\"url\":\"https:\\\/\\\/www.strassenweb.de\\\/nachrichten\\\/\",\"name\":\"Stra\u00dfenweb\",\"description\":\"Stra\u00dfenverzeichnis f\u00fcr Deutschland\",\"publisher\":{\"@id\":\"https:\\\/\\\/www.strassenweb.de\\\/nachrichten\\\/#organization\"},\"potentialAction\":[{\"@type\":\"SearchAction\",\"target\":{\"@type\":\"EntryPoint\",\"urlTemplate\":\"https:\\\/\\\/www.strassenweb.de\\\/nachrichten\\\/?s={search_term_string}\"},\"query-input\":{\"@type\":\"PropertyValueSpecification\",\"valueRequired\":true,\"valueName\":\"search_term_string\"}}],\"inLanguage\":\"de\"},{\"@type\":\"Organization\",\"@id\":\"https:\\\/\\\/www.strassenweb.de\\\/nachrichten\\\/#organization\",\"name\":\"Stra\u00dfenweb\",\"url\":\"https:\\\/\\\/www.strassenweb.de\\\/nachrichten\\\/\",\"logo\":{\"@type\":\"ImageObject\",\"inLanguage\":\"de\",\"@id\":\"https:\\\/\\\/www.strassenweb.de\\\/nachrichten\\\/#\\\/schema\\\/logo\\\/image\\\/\",\"url\":\"https:\\\/\\\/www.strassenweb.de\\\/nachrichten\\\/wp-content\\\/uploads\\\/2024\\\/09\\\/cropped-favicon.png\",\"contentUrl\":\"https:\\\/\\\/www.strassenweb.de\\\/nachrichten\\\/wp-content\\\/uploads\\\/2024\\\/09\\\/cropped-favicon.png\",\"width\":512,\"height\":512,\"caption\":\"Stra\u00dfenweb\"},\"image\":{\"@id\":\"https:\\\/\\\/www.strassenweb.de\\\/nachrichten\\\/#\\\/schema\\\/logo\\\/image\\\/\"},\"sameAs\":[\"https:\\\/\\\/www.facebook.com\\\/strassenweb\\\/\"]},{\"@type\":\"Person\",\"@id\":\"https:\\\/\\\/www.strassenweb.de\\\/nachrichten\\\/#\\\/schema\\\/person\\\/87c9c9067f1211da429a744dc5a5aa41\",\"name\":\"Robert Hoffmann\",\"image\":{\"@type\":\"ImageObject\",\"inLanguage\":\"de\",\"@id\":\"https:\\\/\\\/www.strassenweb.de\\\/nachrichten\\\/wp-content\\\/uploads\\\/2024\\\/09\\\/strassenweb-150x150.jpg\",\"url\":\"https:\\\/\\\/www.strassenweb.de\\\/nachrichten\\\/wp-content\\\/uploads\\\/2024\\\/09\\\/strassenweb-150x150.jpg\",\"contentUrl\":\"https:\\\/\\\/www.strassenweb.de\\\/nachrichten\\\/wp-content\\\/uploads\\\/2024\\\/09\\\/strassenweb-150x150.jpg\",\"caption\":\"Robert Hoffmann\"},\"description\":\"Ich hei\u00dfe Robert Hoffmann und ich bin ein leidenschaftlicher Verfechter von \u00d6kologie und Biodiversit\u00e4t. Seit meiner Kindheit in den W\u00e4ldern Bayerns f\u00fchle ich mich mit der Natur verbunden und bin entschlossen, sie zu sch\u00fctzen. Heute widme ich mein Leben der Sensibilisierung anderer f\u00fcr die Bedeutung des Umweltschutzes f\u00fcr zuk\u00fcnftige Generationen.\",\"sameAs\":[\"https:\\\/\\\/www.strassenweb.de\\\/\"]}]}<\/script>\n<!-- \/ Yoast SEO plugin. -->","yoast_head_json":{"title":"Der September ist der perfekte Monat f\u00fcr die Vermehrung \u2013 6 Pflanzen zum Abschneiden oder Teilen vor dem Frost - Nachrichten - Stra\u00dfenweb","robots":{"index":"index","follow":"follow","max-snippet":"max-snippet:-1","max-image-preview":"max-image-preview:large","max-video-preview":"max-video-preview:-1"},"canonical":"https:\/\/www.strassenweb.de\/nachrichten\/der-september-ist-der-perfekte-monat-fuer-die-vermehrung-6-pflanzen-zum-abschneiden-oder-teilen-vor-dem-frost\/","og_locale":"de_DE","og_type":"article","og_title":"Der September ist der perfekte Monat f\u00fcr die Vermehrung \u2013 6 Pflanzen zum Abschneiden oder Teilen vor dem Frost - Nachrichten - Stra\u00dfenweb","og_description":"Aktie Link kopieren Facebook X WhatsApp Pinterest Teilen Sie diesen Artikel Beteiligen Sie sich an der Unterhaltung Folgen Sie uns F\u00fcgen Sie uns als bevorzugte","og_url":"https:\/\/www.strassenweb.de\/nachrichten\/der-september-ist-der-perfekte-monat-fuer-die-vermehrung-6-pflanzen-zum-abschneiden-oder-teilen-vor-dem-frost\/","og_site_name":"Stra\u00dfenweb","article_publisher":"https:\/\/www.facebook.com\/strassenweb\/","article_published_time":"2026-09-05T09:39:16+00:00","article_modified_time":"2026-09-05T09:39:27+00:00","og_image":[{"width":2560,"height":1440,"url":"https:\/\/www.strassenweb.de\/nachrichten\/wp-content\/uploads\/2026\/09\/Der-September-ist-der-perfekte-Monat-fuer-die-Vermehrung-\u2013.jpg","type":"image\/jpeg"}],"author":"Robert Hoffmann","twitter_card":"summary_large_image","twitter_misc":{"Verfasst von":"Robert Hoffmann","Gesch\u00e4tzte Lesezeit":"8\u00a0Minuten"},"schema":{"@context":"https:\/\/schema.org","@graph":[{"@type":"Article","@id":"https:\/\/www.strassenweb.de\/nachrichten\/der-september-ist-der-perfekte-monat-fuer-die-vermehrung-6-pflanzen-zum-abschneiden-oder-teilen-vor-dem-frost\/#article","isPartOf":{"@id":"https:\/\/www.strassenweb.de\/nachrichten\/der-september-ist-der-perfekte-monat-fuer-die-vermehrung-6-pflanzen-zum-abschneiden-oder-teilen-vor-dem-frost\/"},"author":{"name":"Robert Hoffmann","@id":"https:\/\/www.strassenweb.de\/nachrichten\/#\/schema\/person\/87c9c9067f1211da429a744dc5a5aa41"},"headline":"Der September ist der perfekte Monat f\u00fcr die Vermehrung \u2013 6 Pflanzen zum Abschneiden oder Teilen vor dem Frost","datePublished":"2026-09-05T09:39:16+00:00","dateModified":"2026-09-05T09:39:27+00:00","mainEntityOfPage":{"@id":"https:\/\/www.strassenweb.de\/nachrichten\/der-september-ist-der-perfekte-monat-fuer-die-vermehrung-6-pflanzen-zum-abschneiden-oder-teilen-vor-dem-frost\/"},"wordCount":1615,"publisher":{"@id":"https:\/\/www.strassenweb.de\/nachrichten\/#organization"},"image":{"@id":"https:\/\/www.strassenweb.de\/nachrichten\/der-september-ist-der-perfekte-monat-fuer-die-vermehrung-6-pflanzen-zum-abschneiden-oder-teilen-vor-dem-frost\/#primaryimage"},"thumbnailUrl":"https:\/\/www.strassenweb.de\/nachrichten\/wp-content\/uploads\/2026\/09\/Der-September-ist-der-perfekte-Monat-fuer-die-Vermehrung-\u2013.jpg","keywords":["abschneiden","dem","der","die","Frost","f\u00fcr","ist","Monat","oder","perfekte","Pflanzen","September","teilen","Vermehrung","vor","zum"],"articleSection":["Haus &amp; Garten"],"inLanguage":"de"},{"@type":"WebPage","@id":"https:\/\/www.strassenweb.de\/nachrichten\/der-september-ist-der-perfekte-monat-fuer-die-vermehrung-6-pflanzen-zum-abschneiden-oder-teilen-vor-dem-frost\/","url":"https:\/\/www.strassenweb.de\/nachrichten\/der-september-ist-der-perfekte-monat-fuer-die-vermehrung-6-pflanzen-zum-abschneiden-oder-teilen-vor-dem-frost\/","name":"Der September ist der perfekte Monat f\u00fcr die Vermehrung \u2013 6 Pflanzen zum Abschneiden oder Teilen vor dem Frost - Nachrichten - Stra\u00dfenweb","isPartOf":{"@id":"https:\/\/www.strassenweb.de\/nachrichten\/#website"},"primaryImageOfPage":{"@id":"https:\/\/www.strassenweb.de\/nachrichten\/der-september-ist-der-perfekte-monat-fuer-die-vermehrung-6-pflanzen-zum-abschneiden-oder-teilen-vor-dem-frost\/#primaryimage"},"image":{"@id":"https:\/\/www.strassenweb.de\/nachrichten\/der-september-ist-der-perfekte-monat-fuer-die-vermehrung-6-pflanzen-zum-abschneiden-oder-teilen-vor-dem-frost\/#primaryimage"},"thumbnailUrl":"https:\/\/www.strassenweb.de\/nachrichten\/wp-content\/uploads\/2026\/09\/Der-September-ist-der-perfekte-Monat-fuer-die-Vermehrung-\u2013.jpg","datePublished":"2026-09-05T09:39:16+00:00","dateModified":"2026-09-05T09:39:27+00:00","breadcrumb":{"@id":"https:\/\/www.strassenweb.de\/nachrichten\/der-september-ist-der-perfekte-monat-fuer-die-vermehrung-6-pflanzen-zum-abschneiden-oder-teilen-vor-dem-frost\/#breadcrumb"},"inLanguage":"de","potentialAction":[{"@type":"ReadAction","target":["https:\/\/www.strassenweb.de\/nachrichten\/der-september-ist-der-perfekte-monat-fuer-die-vermehrung-6-pflanzen-zum-abschneiden-oder-teilen-vor-dem-frost\/"]}]},{"@type":"ImageObject","inLanguage":"de","@id":"https:\/\/www.strassenweb.de\/nachrichten\/der-september-ist-der-perfekte-monat-fuer-die-vermehrung-6-pflanzen-zum-abschneiden-oder-teilen-vor-dem-frost\/#primaryimage","url":"https:\/\/www.strassenweb.de\/nachrichten\/wp-content\/uploads\/2026\/09\/Der-September-ist-der-perfekte-Monat-fuer-die-Vermehrung-\u2013.jpg","contentUrl":"https:\/\/www.strassenweb.de\/nachrichten\/wp-content\/uploads\/2026\/09\/Der-September-ist-der-perfekte-Monat-fuer-die-Vermehrung-\u2013.jpg","width":2560,"height":1440,"caption":"Der September ist der perfekte Monat f\u00fcr die Vermehrung \u2013 6 Pflanzen zum Abschneiden oder Teilen vor dem Frost"},{"@type":"BreadcrumbList","@id":"https:\/\/www.strassenweb.de\/nachrichten\/der-september-ist-der-perfekte-monat-fuer-die-vermehrung-6-pflanzen-zum-abschneiden-oder-teilen-vor-dem-frost\/#breadcrumb","itemListElement":[{"@type":"ListItem","position":1,"name":"Home","item":"https:\/\/www.strassenweb.de\/nachrichten\/"},{"@type":"ListItem","position":2,"name":"Der September ist der perfekte Monat f\u00fcr die Vermehrung \u2013 6 Pflanzen zum Abschneiden oder Teilen vor dem Frost"}]},{"@type":"WebSite","@id":"https:\/\/www.strassenweb.de\/nachrichten\/#website","url":"https:\/\/www.strassenweb.de\/nachrichten\/","name":"Stra\u00dfenweb","description":"Stra\u00dfenverzeichnis f\u00fcr Deutschland","publisher":{"@id":"https:\/\/www.strassenweb.de\/nachrichten\/#organization"},"potentialAction":[{"@type":"SearchAction","target":{"@type":"EntryPoint","urlTemplate":"https:\/\/www.strassenweb.de\/nachrichten\/?s={search_term_string}"},"query-input":{"@type":"PropertyValueSpecification","valueRequired":true,"valueName":"search_term_string"}}],"inLanguage":"de"},{"@type":"Organization","@id":"https:\/\/www.strassenweb.de\/nachrichten\/#organization","name":"Stra\u00dfenweb","url":"https:\/\/www.strassenweb.de\/nachrichten\/","logo":{"@type":"ImageObject","inLanguage":"de","@id":"https:\/\/www.strassenweb.de\/nachrichten\/#\/schema\/logo\/image\/","url":"https:\/\/www.strassenweb.de\/nachrichten\/wp-content\/uploads\/2024\/09\/cropped-favicon.png","contentUrl":"https:\/\/www.strassenweb.de\/nachrichten\/wp-content\/uploads\/2024\/09\/cropped-favicon.png","width":512,"height":512,"caption":"Stra\u00dfenweb"},"image":{"@id":"https:\/\/www.strassenweb.de\/nachrichten\/#\/schema\/logo\/image\/"},"sameAs":["https:\/\/www.facebook.com\/strassenweb\/"]},{"@type":"Person","@id":"https:\/\/www.strassenweb.de\/nachrichten\/#\/schema\/person\/87c9c9067f1211da429a744dc5a5aa41","name":"Robert Hoffmann","image":{"@type":"ImageObject","inLanguage":"de","@id":"https:\/\/www.strassenweb.de\/nachrichten\/wp-content\/uploads\/2024\/09\/strassenweb-150x150.jpg","url":"https:\/\/www.strassenweb.de\/nachrichten\/wp-content\/uploads\/2024\/09\/strassenweb-150x150.jpg","contentUrl":"https:\/\/www.strassenweb.de\/nachrichten\/wp-content\/uploads\/2024\/09\/strassenweb-150x150.jpg","caption":"Robert Hoffmann"},"description":"Ich hei\u00dfe Robert Hoffmann und ich bin ein leidenschaftlicher Verfechter von \u00d6kologie und Biodiversit\u00e4t. Seit meiner Kindheit in den W\u00e4ldern Bayerns f\u00fchle ich mich mit der Natur verbunden und bin entschlossen, sie zu sch\u00fctzen. Heute widme ich mein Leben der Sensibilisierung anderer f\u00fcr die Bedeutung des Umweltschutzes f\u00fcr zuk\u00fcnftige Generationen.","sameAs":["https:\/\/www.strassenweb.de\/"]}]}},"_links":{"self":[{"href":"https:\/\/www.strassenweb.de\/nachrichten\/wp-json\/wp\/v2\/posts\/16773","targetHints":{"allow":["GET"]}}],"collection":[{"href":"https:\/\/www.strassenweb.de\/nachrichten\/wp-json\/wp\/v2\/posts"}],"about":[{"href":"https:\/\/www.strassenweb.de\/nachrichten\/wp-json\/wp\/v2\/types\/post"}],"author":[{"embeddable":true,"href":"https:\/\/www.strassenweb.de\/nachrichten\/wp-json\/wp\/v2\/users\/1"}],"replies":[{"embeddable":true,"href":"https:\/\/www.strassenweb.de\/nachrichten\/wp-json\/wp\/v2\/comments?post=16773"}],"version-history":[{"count":1,"href":"https:\/\/www.strassenweb.de\/nachrichten\/wp-json\/wp\/v2\/posts\/16773\/revisions"}],"predecessor-version":[{"id":16775,"href":"https:\/\/www.strassenweb.de\/nachrichten\/wp-json\/wp\/v2\/posts\/16773\/revisions\/16775"}],"wp:featuredmedia":[{"embeddable":true,"href":"https:\/\/www.strassenweb.de\/nachrichten\/wp-json\/wp\/v2\/media\/16774"}],"wp:attachment":[{"href":"https:\/\/www.strassenweb.de\/nachrichten\/wp-json\/wp\/v2\/media?parent=16773"}],"wp:term":[{"taxonomy":"category","embeddable":true,"href":"https:\/\/www.strassenweb.de\/nachrichten\/wp-json\/wp\/v2\/categories?post=16773"},{"taxonomy":"post_tag","embeddable":true,"href":"https:\/\/www.strassenweb.de\/nachrichten\/wp-json\/wp\/v2\/tags?post=16773"}],"curies":[{"name":"wp","href":"https:\/\/api.w.org\/{rel}","templated":true}]}}