{"id":16770,"date":"2026-09-05T08:39:16","date_gmt":"2026-09-05T06:39:16","guid":{"rendered":"https:\/\/www.strassenweb.de\/nachrichten\/fuegen-sie-diese-pflanzen-im-september-in-container-ein-um-einen-garten-voller-winterfarben-und-interessen-zu-erhalten\/"},"modified":"2026-09-05T08:39:31","modified_gmt":"2026-09-05T06:39:31","slug":"fuegen-sie-diese-pflanzen-im-september-in-container-ein-um-einen-garten-voller-winterfarben-und-interessen-zu-erhalten","status":"publish","type":"post","link":"https:\/\/www.strassenweb.de\/nachrichten\/fuegen-sie-diese-pflanzen-im-september-in-container-ein-um-einen-garten-voller-winterfarben-und-interessen-zu-erhalten\/","title":{"rendered":"F\u00fcgen Sie diese Pflanzen im September in Container ein, um einen Garten voller Winterfarben und -interessen zu erhalten"},"content":{"rendered":"<div id=\"article-body\" class=\"article__body \">\n<div data-analytics-id=\"utility-bar\" analytics-name=\"utility-bar\" id=\"utility-bar\" class=\"font-ui-heading flex justify-between items-center py-2 border-t border-b border-gray-300 border-solid mb-5 mx-auto\" data-component-name=\"UtilityBar\" data-mrf-recirculation=\"utility-bar\">\n<div class=\"flex gap-2 text-(#333) subcontainer\">\n<div class=\"relative tooltip-container\" role=\"tooltip\">\n<button id=\"utilitybar__button--share\" type=\"button\" aria-label=\"Share this article\" aria-expanded=\"false\" aria-controls=\"utilitybar__dropdown--share\" aria-haspopup=\"true\" data-analytics-id=\"article-social\" analytics-label=\"utility-bar-share\" analytics-name=\"utility-bar\" data-component-name=\"UtilityBar:ShareArticle:Button\" class=\"relative text-inherit leading-none text-xs flex items-center gap-1 font-ui-heading\" data-mrf-recirculation=\"article-social\"><br \/>\n<svg class=\"m-auto pointer-events-none size-5 text-inherit\" data-component-name=\"Icon\" aria-hidden=\"true\" width=\"23\" height=\"21\" viewbox=\"0 0 23 21\" fill=\"none\" xmlns=\"http:\/\/www.w3.org\/2000\/svg\">\n<path d=\"M13.8583 1.82131L18.7293 6.12806C20.6528 7.82875 21.6146 8.67912 21.6146 9.77454C21.6146 10.8701 20.6528 11.7204 18.7293 13.4211L13.8583 17.7279C12.9803 18.5041 12.5414 18.8923 12.1794 18.7306C11.8174 18.5689 11.8174 17.9847 11.8174 16.8162V13.9565C7.40295 13.9565 2.62061 16.0475 0.78125 19.5323C0.78125 8.38058 7.3212 5.59268 11.8174 5.59268V2.73294C11.8174 1.56445 11.8174 0.980213 12.1794 0.818536C12.5414 0.656859 12.9803 1.045 13.8583 1.82131Z\" stroke=\"#1B1B1B\" stroke-width=\"1.5625\" stroke-linecap=\"round\" stroke-linejoin=\"round\"><\/path>\n<\/svg><\/p>\n<p>Aktie<\/button><\/p>\n<div data-component-name=\"Social:Dropdown\" role=\"menu\" id=\"utilitybar__dropdown--share\" aria-labelledby=\"utilitybar__button--share\" class=\"absolute left-0 top-full w-44 bg-white rounded-md shadow-md border border-neutral-200 z-(9996) list-none m-0 py-2 px-3 border-solid\" style=\"grid-area: social-icons;\">\n<ul class=\"m-0!\">\n<li class=\"!p-0 !m-0 list-none border-b border-gray-200 border-solid\">\n<button type=\"button\" onclick=\"navigator.clipboard.writeText(window.location.href).then(() =&gt; {alert('Link copied')}).catch(err =&gt; {console.error('Failed to copy: ', err)})\" data-platform=\"copy_link\" data-action=\"\" class=\"font-ui-heading py-2 text-sm text-neutral-700 hover:bg-neutral-100 transition-colors no-underline block cursor-pointer border-0 bg-transparent hover:(&amp;_svg):filter-none w-full text-left normal-case\" aria-label=\"Copy link\" role=\"menuitem\" data-analytics-id=\"article-social\" analytics-label=\"utility-bar-social-share-copy-link\" analytics-name=\"utility-bar-secondary\" data-mrf-recirculation=\"article-social\"><br \/>\n<svg class=\"text-black size-8 w-6 h-6 inline-block mr-1.5\" data-component-name=\"Icon\" aria-hidden=\"true\" xmlns=\"http:\/\/www.w3.org\/2000\/svg\" fill=\"none\" viewbox=\"0 0 24 24\" stroke-width=\"1.5\" stroke=\"currentColor\" data-slot=\"icon\">\n<path stroke-linecap=\"round\" stroke-linejoin=\"round\" d=\"M13.19 8.688a4.5 4.5 0 0 1 1.242 7.244l-4.5 4.5a4.5 4.5 0 0 1-6.364-6.364l1.757-1.757m13.35-.622 1.757-1.757a4.5 4.5 0 0 0-6.364-6.364l-4.5 4.5a4.5 4.5 0 0 0 1.242 7.244\"><\/path>\n<\/svg><\/p>\n<p>Link kopieren<br \/>\n<\/button>\n<\/li>\n<li class=\"!p-0 !m-0 list-none border-b border-gray-200 border-solid\">\n<p><svg class=\"size-8 w-6 h-6 inline-block mr-1.5 text-primary-500\" data-component-name=\"Icon\" aria-hidden=\"true\" height=\"24\" viewbox=\"0 0 24 24\" width=\"24\" xmlns=\"http:\/\/www.w3.org\/2000\/svg\">\n<circle cx=\"12\" cy=\"12\" fill=\"#3b5998\" r=\"12\"><\/circle>\n<path d=\"m13.079 19h-2.9v-7h-1.441v-2.408h1.442v-1.456c0-1.96.813-3.136 3.136-3.136h1.933v2.408h-1.2c-.91 0-.965.35-.965.966v1.218h2.183l-.257 2.408h-1.931z\" fill=\"#fff\"><\/path>\n<\/svg><\/p>\n<p>Facebook<\/p>\n<\/li>\n<li class=\"!p-0 !m-0 list-none border-b border-gray-200 border-solid\">\n<a rel=\"nofollow\" href=\"https:\/\/twitter.com\/intent\/tweet?text=Add+These+Plants+to+Containers+in+September+for+a+Garden+Full+of+Winter+Color+and+Interest&amp;url=https%3A%2F%2Fwww.homesandgardens.com%2Fgardens%2Fplants-for-pots-in-september\" data-platform=\"X\" class=\"font-ui-heading py-2 text-sm text-neutral-700 hover:bg-neutral-100 transition-colors no-underline block cursor-pointer border-0 bg-transparent hover:(&amp;_svg):filter-none\" aria-label=\"Share this page on X\" role=\"menuitem\" data-analytics-id=\"article-social\" analytics-label=\"utility-bar-social-share-X\" analytics-name=\"utility-bar-secondary\" target=\"_blank\" data-mrf-recirculation=\"article-social\"><br \/>\n<svg class=\"size-8 w-6 h-6 inline-block mr-1.5 text-primary-500\" data-component-name=\"Icon\" aria-hidden=\"true\" width=\"24\" height=\"24\" viewbox=\"0 0 24 24\" fill=\"none\" xmlns=\"http:\/\/www.w3.org\/2000\/svg\">\n<path fill-rule=\"evenodd\" clip-rule=\"evenodd\" d=\"M12 24C5.372 24 0 18.627 0 12C0 5.373 5.372 0 12 0C18.627 0 24 5.373 24 12C24 18.627 18.627 24 12 24Z\" fill=\"black\"><\/path>\n<path d=\"M13.1403 11.0842L17.6068 6H16.5488L12.6689 10.4137L9.57237 6H6L10.6836 12.6749L6 18.0059H7.05804L11.1526 13.3439L14.4235 18.0059H17.9959M7.4399 6.78133H9.06534L16.548 17.2629H14.9221\" fill=\"white\"><\/path>\n<\/svg><\/p>\n<p>X<br \/>\n<\/a>\n<\/li>\n<li class=\"!p-0 !m-0 list-none border-b border-gray-200 border-solid sm:hidden\">\n<p><svg class=\"size-8 w-6 h-6 inline-block mr-1.5 text-primary-500\" data-component-name=\"Icon\" aria-hidden=\"true\" width=\"24\" height=\"24\" viewbox=\"0 0 24 24\" fill=\"none\" xmlns=\"http:\/\/www.w3.org\/2000\/svg\">\n<g clip-path=\"url(#clip0_7607_1303)\">\n<path d=\"M12 24C18.6274 24 24 18.6274 24 12C24 5.37258 18.6274 0 12 0C5.37258 0 0 5.37258 0 12C0 18.6274 5.37258 24 12 24Z\" fill=\"#25D366\"><\/path>\n<path d=\"M16.9074 7.03131C16.2656 6.38465 15.5016 5.87206 14.6599 5.52334C13.8182 5.17462 12.9155 4.99674 12.0044 5.00005C10.7864 5.00124 9.59004 5.32242 8.53521 5.93143C7.48037 6.54045 6.60407 7.41592 5.99404 8.47015C5.38402 9.5244 5.06169 10.7204 5.05933 11.9384C5.05697 13.1565 5.37467 14.3537 5.98061 15.4103L5 19.0088L8.6773 18.0457C9.69271 18.6106 10.8337 18.9117 11.9956 18.9213C13.8428 18.9213 15.6151 18.1917 16.9269 16.8914C18.2387 15.5911 18.9838 13.8252 19 11.9782C18.9939 11.0565 18.8058 10.1451 18.4467 9.29619C18.0877 8.4473 17.5645 7.67764 16.9074 7.03131ZM12.0044 17.7218C10.9692 17.7225 9.95298 17.4442 9.06254 16.9163L8.85241 16.7849L6.6723 17.3628L7.25016 15.2352L7.11007 15.0163C6.3652 13.8139 6.0872 12.38 6.32875 10.9863C6.57029 9.59269 7.31461 8.33602 8.42068 7.4544C9.52675 6.57278 10.9177 6.12745 12.3302 6.20278C13.7426 6.27809 15.0784 6.86883 16.0844 7.86308C17.1841 8.93842 17.8136 10.4052 17.8355 11.9431C17.8217 13.4805 17.2012 14.9502 16.1091 16.0325C15.0171 17.1146 13.5418 17.7218 12.0044 17.7218ZM15.1651 13.3966C14.99 13.309 14.1407 12.8887 13.9831 12.8362C13.8255 12.7837 13.7029 12.7486 13.5891 12.9238C13.4179 13.1585 13.2336 13.3835 13.0375 13.5979C12.9412 13.7205 12.8361 13.7293 12.661 13.5979C11.6627 13.2034 10.8309 12.4767 10.3058 11.5404C10.122 11.2339 10.4809 11.2515 10.8136 10.5948C10.8382 10.5474 10.851 10.4949 10.851 10.4416C10.851 10.3883 10.8382 10.3357 10.8136 10.2884C10.8136 10.2008 10.4196 9.34276 10.2795 9.0013C10.1395 8.65983 9.99937 8.71236 9.88555 8.70361H9.54409C9.45562 8.70497 9.36846 8.7252 9.28843 8.76295C9.20841 8.80069 9.13736 8.85509 9.08005 8.9225C8.88359 9.11352 8.73037 9.34444 8.63068 9.59968C8.531 9.85492 8.48719 10.1286 8.50219 10.4022C8.55709 11.0572 8.80375 11.6814 9.21138 12.1971C9.95752 13.3141 10.9801 14.219 12.1795 14.8237C12.8086 15.1909 13.5396 15.3445 14.2633 15.2615C14.5042 15.2137 14.7325 15.1157 14.9331 14.9738C15.1338 14.8321 15.3023 14.6496 15.4278 14.4385C15.544 14.1807 15.5806 13.8941 15.5328 13.6154C15.454 13.5279 15.3402 13.4841 15.1651 13.3966Z\" fill=\"white\"><\/path>\n<\/g>\n<defs>\n<clippath id=\"clip0_7607_1303\">\n<rect width=\"24\" height=\"24\" fill=\"white\"><\/rect>\n<\/clippath>\n<\/defs>\n<\/svg><\/p>\n<p>WhatsApp<\/p>\n<\/li>\n<li class=\"!p-0 !m-0 list-none border-b border-gray-200 border-solid\">\n<p><svg class=\"size-8 w-6 h-6 inline-block mr-1.5 text-primary-500\" data-component-name=\"Icon\" aria-hidden=\"true\" height=\"24\" viewbox=\"0 0 24 24\" width=\"24\" xmlns=\"http:\/\/www.w3.org\/2000\/svg\">\n<circle cx=\"12\" cy=\"12\" fill=\"#bd081c\" r=\"12\"><\/circle>\n<path d=\"m12.336 5c-3.822 0-5.754 2.744-5.754 5.025a3.065 3.065 0 0 0 1.652 3.066.279.279 0 0 0 .407-.2l.154-.644a.373.373 0 0 0 -.113-.448 2.341 2.341 0 0 1 -.532-1.582 3.812 3.812 0 0 1 3.961-3.849 3.009 3.009 0 0 1 3.346 3.08c0 2.323-1.022 4.283-2.547 4.283a1.253 1.253 0 0 1 -1.273-1.554 17.616 17.616 0 0 0 .713-2.856 1.081 1.081 0 0 0 -1.092-1.2c-.854 0-1.553.881-1.553 2.071a2.954 2.954 0 0 0 .266 1.274l-1.038 4.383a9.389 9.389 0 0 0 -.027 3.065.109.109 0 0 0 .2.042 8.737 8.737 0 0 0 1.457-2.631l.561-2.212a2.3 2.3 0 0 0 1.959 1.008c2.59 0 4.34-2.366 4.34-5.516a4.8 4.8 0 0 0 -5.087-4.605z\" fill=\"#fff\"><\/path>\n<\/svg><\/p>\n<p>Pinterest<\/p>\n<\/li>\n<\/ul>\n<\/div>\n<div class=\"font-ui-heading max-sm:hidden tooltip absolute left-1\/2 bg-gray-900 text-white text-xs leading-none px-3 py-1.5 rounded-md z-(10001) whitespace-nowrap\" id=\"tooltip-share-this-article\" role=\"tooltip\" aria-hidden=\"true\">\n<p>Teilen Sie diesen Artikel\n<\/p><\/div>\n<\/div>\n<div class=\"relative tooltip-container\" role=\"tooltip\">\n<div class=\"font-ui-heading max-sm:hidden tooltip absolute left-1\/2 bg-gray-900 text-white text-xs leading-none px-3 py-1.5 rounded-md z-(10001) whitespace-nowrap\" id=\"tooltip-join-the-conversation\" role=\"tooltip\" aria-hidden=\"true\">\n<p>Beteiligen Sie sich an der Unterhaltung\n<\/p><\/div>\n<\/div>\n<\/div>\n<div class=\"flex gap-2 text-(#333) subcontainer\">\n<div class=\"relative tooltip-container\" role=\"tooltip\">\n<p><svg class=\"inline-block m-auto size-5 text-inherit filter grayscale brightness-0 contrast-100\" data-component-name=\"Icon\" aria-hidden=\"true\" xmlns=\"http:\/\/www.w3.org\/2000\/svg\" width=\"20\" height=\"20\" fill=\"none\" viewbox=\"0 0 20 20\">\n<path fill=\"#4285F4\" d=\"M18.8 10.208c0-.65-.058-1.275-.167-1.875H10v3.55h4.933a4.226 4.226 0 0 1-1.841 2.759v2.308h2.975C17.8 15.35 18.8 13 18.8 10.208Z\"><\/path>\n<path fill=\"#34A853\" d=\"M10 19.167c2.475 0 4.55-.817 6.066-2.217l-2.975-2.308c-.816.55-1.858.883-3.091.883-2.384 0-4.409-1.608-5.134-3.775h-3.05v2.367c1.509 2.991 4.6 5.05 8.184 5.05Z\"><\/path>\n<path fill=\"#FBBC05\" d=\"M4.865 11.742A5.493 5.493 0 0 1 4.574 10c0-.608.108-1.192.291-1.742V5.892h-3.05A9.054 9.054 0 0 0 .832 10c0 1.483.358 2.875.983 4.108l2.375-1.85.675-.516Z\"><\/path>\n<path fill=\"#EA4335\" d=\"M10 4.483c1.35 0 2.55.467 3.508 1.367l2.625-2.625C14.541 1.742 12.475.833 10 .833c-3.584 0-6.675 2.059-8.184 5.059l3.05 2.366C5.591 6.092 7.616 4.483 10 4.483Z\"><\/path>\n<\/svg><\/p>\n<p>Folgen Sie uns<\/p>\n<div class=\"font-ui-heading max-sm:hidden tooltip absolute left-1\/2 bg-gray-900 text-white text-xs leading-none px-3 py-1.5 rounded-md z-(10001) whitespace-nowrap\" id=\"tooltip-add-us-as-a-preferred-source-on-google\" role=\"tooltip\" aria-hidden=\"true\">\nF\u00fcgen Sie uns als bevorzugte Quelle bei Google hinzu\n<\/div>\n<\/div>\n<div class=\"relative tooltip-container\" role=\"tooltip\">\n<button type=\"button\" class=\"no-underline hover:no-underline newsletter-pop-up-trigger relative text-inherit leading-none text-xs flex items-center gap-1 font-ui-heading\" data-component-name=\"UtilityBar:Newsletter:Button\" id=\"utilitybar__button--newsletter\" aria-label=\"Newsletter\" data-analytics-id=\"article-social\" analytics-label=\"utility-bar-newsletters\" analytics-name=\"utility-bar\" data-mrf-recirculation=\"article-social\"><br \/>\n<svg class=\"inline-block m-auto size-5 text-inherit\" data-component-name=\"Icon\" aria-hidden=\"true\" xmlns=\"http:\/\/www.w3.org\/2000\/svg\" fill=\"none\" viewbox=\"0 0 24 24\" stroke-width=\"1.5\" stroke=\"currentColor\" data-slot=\"icon\">\n<path stroke-linecap=\"round\" stroke-linejoin=\"round\" d=\"M21.75 6.75v10.5a2.25 2.25 0 0 1-2.25 2.25h-15a2.25 2.25 0 0 1-2.25-2.25V6.75m19.5 0A2.25 2.25 0 0 0 19.5 4.5h-15a2.25 2.25 0 0 0-2.25 2.25m19.5 0v.243a2.25 2.25 0 0 1-1.07 1.916l-7.5 4.615a2.25 2.25 0 0 1-2.36 0L3.32 8.91a2.25 2.25 0 0 1-1.07-1.916V6.75\"><\/path>\n<\/svg><\/p>\n<p>Newsletter<br \/>\n<\/button><\/p>\n<div class=\"font-ui-heading max-sm:hidden tooltip absolute left-1\/2 bg-gray-900 text-white text-xs leading-none px-3 py-1.5 rounded-md z-(10001) whitespace-nowrap\" id=\"tooltip-subscribe-to-our-newsletter\" role=\"tooltip\" aria-hidden=\"true\">\n<p>Abonnieren Sie unseren Newsletter\n<\/p><\/div>\n<\/div>\n<\/div>\n<\/div>\n<p id=\"elk-a74d981c-a612-11f1-901d-b1d484ae4555\">Der September ist die perfekte Zeit, um Ihren Containergarten aufzuh\u00fcbschen und ihn f\u00fcr die kommenden k\u00e4lteren Monate fit zu machen. Sie k\u00f6nnen aus einer gro\u00dfen Auswahl an Pflanzen w\u00e4hlen, die den ganzen Winter \u00fcber f\u00fcr entscheidende Farbe, Struktur und Interesse sorgen.<\/p>\n<div id=\"ad-unit-1\" class=\"ad-unit\"><\/div>\n<p>Str\u00e4ucher, immergr\u00fcne Pflanzen, Stauden und k\u00e4lteliebende einj\u00e4hrige Pflanzen k\u00f6nnen dazu beitragen, dass jeder m\u00fcde Containergarten erfolgreich vom Sommer in den Herbst \u00fcbergeht und auch im Winter und dar\u00fcber hinaus gut aussieht. Mit Ihren T\u00f6pfen k\u00f6nnen Sie das Gartenjahr mit einem Knall beenden, und in den traditionell mageren Monaten erhalten Sie etwas Atemberaubendes zum Anschauen.<\/p>\n<aside data-article-category=\"gardens\" data-block-type=\"embed\" data-render-type=\"fte\" data-skip=\"dealsy\" data-widget-type=\"seasonal\" class=\"ecom-root\"><\/aside>\n<p id=\"elk-a74d981c-a612-11f1-901d-b1d484ae4555-2\">Wenn Sie dar\u00fcber nachdenken, was Sie im September pflanzen m\u00f6chten, haben wir etwas, das Ihnen in den k\u00e4lteren Monaten Sch\u00f6nheit verleiht. Tats\u00e4chlich k\u00f6nnen bestimmte Str\u00e4ucher und kleine Nadelb\u00e4ume wie die Dwarf Alberta Spruce (erh\u00e4ltlich bei Trees.com, fr\u00fcher bekannt als Fast Growing Trees) das ganze Jahr \u00fcber Interesse an einem Container wecken. Verwenden Sie sie allein in einem Winterpflanzgef\u00e4\u00df oder -topf oder erg\u00e4nzen Sie sie, indem Sie sie im September mit einigen dieser anderen Pflanzen f\u00fcr T\u00f6pfe kombinieren.<\/p>\n<div class=\"my-6 w-full overflow-hidden rounded-(10px) lg:my-8\" data-component-name=\"JwPlayer:Carousel\" data-jwp-carousel data-jwp-carousel-payload='{\"ids\":{\"playerID\":\"nH5qbfDS\",\"searchPlaylistID\":\"JWjbv5QN\",\"divID\":\"botr_JWjbv5QN_nH5qbfDS_div\",\"fallbackPlaylistID\":\"JWjbv5QN\",\"fallbackDivID\":\"botr_JWjbv5QN_nH5qbfDS_div\",\"key\":\"fLxvNqAkFSgQANz9Ytp9fXXsYH5UjXbuR9iNv02Ze7eiW9wL\",\"tintLogo\":true,\"useSearchPlaylist\":false,\"enabled\":true},\"signPostingEnabled\":true,\"signPostingLinkEnabled\":true,\"waitForAdLoad\":false,\"hidePlayerOnDesktop\":false,\"hidePlayerOnMobile\":false,\"hidePlayerOnTablet\":false}'>\n<div class=\"flex flex-nowrap items-center justify-between gap-3 bg-zinc-900 px-(14px) py-3\" data-jwp-carousel-header>\n<div class=\"flex min-w-0 shrink items-center\"><span class=\"inline-flex items-center gap-1.5 text-sm font-article-heading capitalize leading-5 text-white whitespace-nowrap\"><span class=\"jwp-carousel-title-mobile\"><\/span><span class=\"jwp-carousel-title-desktop\">Neueste Videos von<\/span><span class=\"jwp-carousel-brand\">H\u00e4user und G\u00e4rten<\/span><\/span><\/div>\n<\/div>\n<div class=\"aspect-video w-full min-h-(200px) lg:min-h-(330px) relative overflow-hidden bg-black\" data-jwp-carousel-container>\n<div class=\"absolute inset-0 size-full\" data-jwp-carousel-player-host><\/div>\n<div class=\"absolute inset-0 size-full items-center justify-center bg-white\" data-jwp-carousel-fallback><\/div>\n<\/div>\n<div class=\"min-h-(44px) bg-zinc-900 px-(14px) py-3\" data-jwp-carousel-signposting><span data-jwp-carousel-signposting-title>Sehen Sie sich hier das vollst\u00e4ndige Video an: <\/span><\/div>\n<\/div>\n<h3 class=\"article-body__section\" id=\"section-1-violas-pansies\"><span>1. Veilchen und Stiefm\u00fctterchen<\/span><\/h3>\n<figure class=\"van-image-figure inline-layout \" data-bordeaux-image-check id=\"elk-29f8f518-a613-11f1-b507-3739f52f2af3\">\n<div class=\"image-full-width-wrapper\">\n<div class=\"image-widthsetter\" style=\"max-width:2000px;\"><\/div>\n<\/div>\n<\/figure>\n<p id=\"elk-a74d998e-a612-11f1-8ec9-ad98a4f4235e\">Veilchen und Stiefm\u00fctterchen sind zwei klassische Winterblumen f\u00fcr T\u00f6pfe. Die zart bl\u00fchenden, einj\u00e4hrigen Kaltwetterpflanzen sind regelm\u00e4\u00dfig im September als Plug-Pflanzen in Gartencentern, Baumschulen und online erh\u00e4ltlich, um schnell Farbe in jeden Beh\u00e4lter zu bringen. Sie k\u00f6nnen auch Samen f\u00fcr den Anbau von Veilchen und Stiefm\u00fctterchen f\u00fcr h\u00e4ngende Winterk\u00f6rbe kaufen, wie zum Beispiel diese Violensamen von Johnny Jump-Up bei Amazon.<\/p>\n<div id=\"ad-unit-2\" class=\"ad-unit\"><\/div>\n<p>Winterstiefm\u00fctterchen geh\u00f6ren zur Familie der Stiefm\u00fctterchen, bieten aber gr\u00f6\u00dfere Bl\u00fcten. Sowohl Veilchen als auch Stiefm\u00fctterchen gibt es in einer gro\u00dfen Auswahl an Farben und zweifarbigen Kombinationen, die einem Wintertopf elegante Sch\u00f6nheit verleihen k\u00f6nnen. In gro\u00dfen Mengen verpackt in Beh\u00e4ltern sehen sie toll aus, eignen sich aber auch gut gemischt mit Fr\u00fchlingszwiebeln oder Gr\u00fcnpflanzen. Beide Pflanzen sind sehr k\u00e4ltetolerant und die Bl\u00fcten sind widerstandsf\u00e4hig gegen Schnee und Frost.<\/p>\n<aside data-component-name=\"Recirculation:ArticleRiver\" data-recirculation-type=\"inline\" data-mrf-recirculation=\"Trending Bar\" data-nosnippet class=\"clear-both pt-2 pb-0 mb-4\">\n        <span class=\"\n            flex\n            after:content-('') after:flex-1 after:ml-4 after:my-(0.7rem) after:border-t after:border-solid after:border-(#333)\n            before:content-('') before:flex-1 before:mr-4 before:my-(0.7rem) before:border-t before:border-solid before:border-(#333)\n            font-article-heading pb-0 text-(length:var(--article-river-title--font-size,1em)) uppercase sm:text-(length:var(--article-river-title--font-size,0.875em)) font-normal\n        \"><\/p>\n<p>            Vielleicht gef\u00e4llt es Ihnen<br \/>\n        <\/span><\/p>\n<ul class=\"flex flex-col gap-0 m-0 max-w-full\">\n<li class=\"m-0 list-none border-b border-solid border-(#ededed) py-2.5\" data-recirculation-id=\"recirculation-card-1\" id=\"recirculation-inline-1\" data-analytics-id=\"recirculation-inline-1\" analytics-label=\"\" data-mrf-recirculation=\"recirculation-inline-1\">\n<picture data-new-v2-image=\"true\" class=\"aspect-square size-(85px) md:size-20 shrink-0\"><source type=\"image\/webp\"  ><\/source><\/p>\n<\/picture>\n                        <span class=\"w-full text-base font-(var(--article-river-item--font-weight,500)) font-article-heading line-clamp-3 md:line-clamp-2\">7 Pflanzen, die jetzt in T\u00f6pfen wachsen, um m\u00fcde Beh\u00e4lter wiederzubeleben und sie bis in den Herbst hinein farbenfroh zu halten<\/span><\/p>\n<\/li>\n<li class=\"m-0 list-none border-b border-solid border-(#ededed) py-2.5\" data-recirculation-id=\"recirculation-card-2\" id=\"recirculation-inline-2\" data-analytics-id=\"recirculation-inline-2\" analytics-label=\"\" data-mrf-recirculation=\"recirculation-inline-2\">\n<picture data-new-v2-image=\"true\" class=\"aspect-square size-(85px) md:size-20 shrink-0\"><source type=\"image\/webp\"  ><\/source><br \/>\n    <img decoding=\"async\" alt=\"Narzissen bl\u00fchen in einem Garten in der Fr\u00fchlingssonne\"   loading=\"lazy\" data-new-v2-image=\"true\" src=\"https:\/\/www.strassenweb.de\/nachrichten\/wp-content\/uploads\/2026\/02\/76jTfbK7zqRDjUH97UejWb.jpg\" data-pin-media=\"https:\/\/www.strassenweb.de\/nachrichten\/wp-content\/uploads\/2026\/02\/76jTfbK7zqRDjUH97UejWb.jpg\" class=\"rounded-(var(--image--border-radius,0)) aspect-square size-(85px) md:size-20 object-cover shrink-0\" data-pin-nopin=\"true\">\n    <\/picture>\n                        <span class=\"w-full text-base font-(var(--article-river-item--font-weight,500)) font-article-heading line-clamp-3 md:line-clamp-2\">Was Sie im September pflanzen sollten, um im n\u00e4chsten Jahr erfolgreich im Fr\u00fchling und Sommer zu sein<\/span><\/p>\n<\/li>\n<li class=\"m-0 list-none border-b border-solid border-(#333) py-2.5\" data-recirculation-id=\"recirculation-card-3\" id=\"recirculation-inline-3\" data-analytics-id=\"recirculation-inline-3\" analytics-label=\"\" data-mrf-recirculation=\"recirculation-inline-3\">\n<picture data-new-v2-image=\"true\" class=\"aspect-square size-(85px) md:size-20 shrink-0\"><source type=\"image\/webp\"  ><\/source><br \/>\n    <img decoding=\"async\" alt=\"Hochbeet aus Corton-Stahl, gef\u00fcllt mit orangefarbenem Geum, Korallenglocken und Senecio vor einem Holzzaun\"   loading=\"lazy\" data-new-v2-image=\"true\" src=\"https:\/\/www.strassenweb.de\/nachrichten\/wp-content\/uploads\/2026\/07\/nqnkwAqhLozmaXyf8dPXTQ.jpg\" data-pin-media=\"https:\/\/www.strassenweb.de\/nachrichten\/wp-content\/uploads\/2026\/07\/nqnkwAqhLozmaXyf8dPXTQ.jpg\" class=\"rounded-(var(--image--border-radius,0)) aspect-square size-(85px) md:size-20 object-cover shrink-0\" data-pin-nopin=\"true\">\n    <\/picture>\n                        <span class=\"w-full text-base font-(var(--article-river-item--font-weight,500)) font-article-heading line-clamp-3 md:line-clamp-2\">7 Blumen, die Ihren Sommert\u00f6pfen sofort neuen Schwung verleihen \u2013 und daf\u00fcr sorgen, dass Ihre Terrasse \u00fcber Monate hinweg voller Farbe erstrahlt<\/span><\/p>\n<\/li>\n<\/ul>\n<\/aside>\n<h3 class=\"article-body__section\" id=\"section-2-coral-bells\"><span>2. Korallenglocken<\/span><\/h3>\n<figure class=\"van-image-figure inline-layout \" data-bordeaux-image-check id=\"elk-29f8f5a4-a613-11f1-934d-eb2a8dcd9cfe\">\n<div class=\"image-full-width-wrapper\">\n<div class=\"image-widthsetter\" style=\"max-width:2400px;\"><\/div>\n<\/div>\n<\/figure>\n<p id=\"elk-a74d9a56-a612-11f1-b18c-15f6b6c63842\">Sie k\u00f6nnen Korallenglocken in T\u00f6pfe pflanzen, um in den k\u00e4lteren Monaten Streifen mit lebendigen Farben und Mustern zu erzeugen. Die immergr\u00fcnen Pflanzen sorgen das ganze Jahr \u00fcber f\u00fcr Interesse, wobei das sch\u00f6ne Laub im Sommer durch zarte Bl\u00fcten erg\u00e4nzt wird.<\/p>\n<p>Dieses Laub gibt es in einem Kaleidoskop an Farben \u2013 Sie k\u00f6nnen Heuchera-Sorten von dunkelviolett bis lindgr\u00fcn und allem dazwischen bekommen. Diese \u201eKaramell\u201c-Korallenglocke von Nature Hills h\u00e4lt, was sie verspricht, mit ganzj\u00e4hrig herzf\u00f6rmigen, karamellorangefarbenen Bl\u00e4ttern.<\/p>\n<div id=\"slice-container-newsletterForm-articleInbodyContent-NBxXSfs3pWnyakmoPH5pmX\" class=\"slice-container newsletter-inbodyContent-slice newsletterForm-articleInbodyContent-NBxXSfs3pWnyakmoPH5pmX slice-container-newsletterForm\"><\/div>\n<p>Das Pfl\u00fccken von Korallengl\u00f6ckchen eignet sich besonders gut, wenn Sie einen Beh\u00e4lter an einem schattigeren Platz im Garten haben. Viele Pflanzen schmollen m\u00f6glicherweise bei begrenzter Sonneneinstrahlung, nicht jedoch Korallengl\u00f6ckchen, die Halbschatten oder gesprenkelten Schatten bevorzugen. Korallengl\u00f6ckchen bleiben kompakt in einem Beh\u00e4lter und harmonieren gut mit anderen schattenliebenden Topfpflanzen wie Farnen oder Lungenkraut.<\/p>\n<h3 class=\"article-body__section\" id=\"section-3-black-mondo-grass\"><span>3. Schwarzes Mondo-Gras<\/span><\/h3>\n<figure class=\"van-image-figure inline-layout \" data-bordeaux-image-check id=\"elk-29f8f626-a613-11f1-bc1a-5f2a5cb5d1b5\">\n<div class=\"image-full-width-wrapper\">\n<div class=\"image-widthsetter\" style=\"max-width:2400px;\"><\/div>\n<\/div>\n<\/figure>\n<p id=\"elk-a74d9b1e-a612-11f1-b5d9-d55ad99c53b1\">Ophiopogon oder schwarzes Mondogras macht in Winterbeh\u00e4ltern einen dramatischen Eindruck. Seine dunklen, fast schwarzen, bandf\u00f6rmigen Bl\u00e4tter wachsen in B\u00fcscheln und werden nicht h\u00f6her als 30 cm. Es ist eine auff\u00e4llige Erg\u00e4nzung f\u00fcr Beh\u00e4lter und bietet einen Hintergrund f\u00fcr Pflanzen mit silbernem Blattwerk oder leuchtende Blumen, die richtig zur Geltung kommen.<\/p>\n<p>Schwarzes Mondogras ist bis zur US-Winterh\u00e4rtezone sechs winterhart. Es kann in der vollen Sonne oder im Halbschatten gedeihen und beh\u00e4lt den ganzen Winter \u00fcber sein einzigartiges Laub. Sie k\u00f6nnen bei Amazon drei lebende, im Topf gez\u00fcchtete schwarze Mondo-Graspflanzen erwerben, die Sie Ihren Winterbeh\u00e4ltern hinzuf\u00fcgen k\u00f6nnen.<\/p>\n<aside data-component-name=\"Recirculation:ArticleRiver\" data-recirculation-type=\"inline\" data-mrf-recirculation=\"Trending Bar\" data-nosnippet class=\"clear-both pt-2 pb-0 mb-4\">\n        <span class=\"\n            flex\n            after:content-('') after:flex-1 after:ml-4 after:my-(0.7rem) after:border-t after:border-solid after:border-(#333)\n            before:content-('') before:flex-1 before:mr-4 before:my-(0.7rem) before:border-t before:border-solid before:border-(#333)\n            font-article-heading pb-0 text-(length:var(--article-river-title--font-size,1em)) uppercase sm:text-(length:var(--article-river-title--font-size,0.875em)) font-normal\n        \"><\/p>\n<p>            Was Sie als n\u00e4chstes lesen sollten<br \/>\n        <\/span><\/p>\n<ul class=\"flex flex-col gap-0 m-0 max-w-full\">\n<li class=\"m-0 list-none border-b border-solid border-(#ededed) py-2.5\" data-recirculation-id=\"recirculation-card-1\" id=\"recirculation-inline-2-1\" data-analytics-id=\"recirculation-2-inline-1\" analytics-label=\"\" data-mrf-recirculation=\"recirculation-2-inline-1\">\n<picture data-new-v2-image=\"true\" class=\"aspect-square size-(85px) md:size-20 shrink-0\"><source type=\"image\/webp\"  ><\/source><br \/>\n    <img decoding=\"async\" alt=\"Hosta-Bl\u00e4tter und -Bl\u00fcten\"   loading=\"lazy\" data-new-v2-image=\"true\" src=\"https:\/\/www.strassenweb.de\/nachrichten\/wp-content\/uploads\/2026\/08\/HDQzsf2bTZ99oDTcg4F3Cc.jpg\" data-pin-media=\"https:\/\/www.strassenweb.de\/nachrichten\/wp-content\/uploads\/2026\/08\/HDQzsf2bTZ99oDTcg4F3Cc.jpg\" class=\"rounded-(var(--image--border-radius,0)) aspect-square size-(85px) md:size-20 object-cover shrink-0\" data-pin-nopin=\"true\">\n    <\/picture>\n                        <span class=\"w-full text-base font-(var(--article-river-item--font-weight,500)) font-article-heading line-clamp-3 md:line-clamp-2\">7 K\u00fcbelpflanzen, die in nach Norden ausgerichteten G\u00e4rten gedeihen \u2013 und Farbe an schattige Pl\u00e4tze bringen<\/span><\/p>\n<\/li>\n<li class=\"m-0 list-none border-b border-solid border-(#ededed) py-2.5\" data-recirculation-id=\"recirculation-card-2\" id=\"recirculation-inline-2-2\" data-analytics-id=\"recirculation-2-inline-2\" analytics-label=\"\" data-mrf-recirculation=\"recirculation-2-inline-2\">\n<picture data-new-v2-image=\"true\" class=\"aspect-square size-(85px) md:size-20 shrink-0\"><source type=\"image\/webp\"  ><\/source><br \/>\n    <img decoding=\"async\" alt=\"Acer gepflanzt in einem Kupferbeh\u00e4lter, unterbepflanzt mit mexikanischem Berufkraut und Witwenblume, auf Terrassenpflastersteinen mit R\u00e4ndern aus Pflanzen, darunter Funkien\"   loading=\"lazy\" data-new-v2-image=\"true\" src=\"https:\/\/www.strassenweb.de\/nachrichten\/wp-content\/uploads\/2026\/03\/qgQNE9HTgPvneFHYG58tXL.jpg\" data-pin-media=\"https:\/\/www.strassenweb.de\/nachrichten\/wp-content\/uploads\/2026\/03\/qgQNE9HTgPvneFHYG58tXL.jpg\" class=\"rounded-(var(--image--border-radius,0)) aspect-square size-(85px) md:size-20 object-cover shrink-0\" data-pin-nopin=\"true\">\n    <\/picture>\n                        <span class=\"w-full text-base font-(var(--article-river-item--font-weight,500)) font-article-heading line-clamp-3 md:line-clamp-2\">6 Terrassenpflanzen, die Sie im Juli hinzuf\u00fcgen k\u00f6nnen, um Ihren Garten sofort luxuri\u00f6s aufzuwerten<\/span><\/p>\n<\/li>\n<li class=\"m-0 list-none border-b border-solid border-(#333) py-2.5\" data-recirculation-id=\"recirculation-card-3\" id=\"recirculation-inline-2-3\" data-analytics-id=\"recirculation-2-inline-3\" analytics-label=\"\" data-mrf-recirculation=\"recirculation-2-inline-3\">\n<picture data-new-v2-image=\"true\" class=\"aspect-square size-(85px) md:size-20 shrink-0\"><source type=\"image\/webp\"  ><\/source><br \/>\n    <img decoding=\"async\" alt=\"bunte Herbstblumen\"   loading=\"lazy\" data-new-v2-image=\"true\" src=\"https:\/\/www.strassenweb.de\/nachrichten\/wp-content\/uploads\/2026\/08\/pb8RQQJRLL4CYN8ubntxNn.jpg\" data-pin-media=\"https:\/\/www.strassenweb.de\/nachrichten\/wp-content\/uploads\/2026\/08\/pb8RQQJRLL4CYN8ubntxNn.jpg\" class=\"rounded-(var(--image--border-radius,0)) aspect-square size-(85px) md:size-20 object-cover shrink-0\" data-pin-nopin=\"true\">\n    <\/picture>\n                        <span class=\"w-full text-base font-(var(--article-river-item--font-weight,500)) font-article-heading line-clamp-3 md:line-clamp-2\">Was Sie im August pflanzen sollten, damit Ihr Garten bis in den Herbst hinein voll und sch\u00f6n aussieht<\/span><\/p>\n<\/li>\n<\/ul>\n<\/aside>\n<p>Schwarzes Mondogras eignet sich auch als gruselige Pflanze, wenn Sie einen aufregenden Halloween-Beh\u00e4lter gestalten m\u00f6chten.<\/p>\n<h3 class=\"article-body__section\" id=\"section-4-nandina\"><span>4. Nandina<\/span><\/h3>\n<figure class=\"van-image-figure inline-layout \" data-bordeaux-image-check id=\"elk-29f8f6a8-a613-11f1-be57-f7205137d7c8\">\n<div class=\"image-full-width-wrapper\">\n<div class=\"image-widthsetter\" style=\"max-width:2400px;\"><\/div>\n<\/div>\n<\/figure>\n<p id=\"elk-a74d9bd2-a612-11f1-8c8b-550f3c89fc86\">Auch als himmlischer Bambus bekannt, aber eigentlich kein Bambus, bietet Nandina G\u00e4rtnern das ganze Jahr \u00fcber eine Show in einem Beh\u00e4lter.<\/p>\n<p>Es ist ein immergr\u00fcner Strauch mit attraktiven Bl\u00e4ttern, die im Fr\u00fchling rosarot beginnen, dann gr\u00fcn werden, bevor sie im Herbst eine leuchtend rote, bronzefarbene oder violette Farbe annehmen. Der Strauch hat im Sp\u00e4tfr\u00fchling und im Sommer auch sternf\u00f6rmige Bl\u00fcten, die sich nach der Bl\u00fcte verwandeln und Nandina zu einem der besten Str\u00e4ucher f\u00fcr Herbstbeeren machen.<\/p>\n<p>Kompakte Sorten dieses pflegeleichten immergr\u00fcnen Strauchs k\u00f6nnen in gro\u00dfen Beh\u00e4ltern angebaut werden. Tiefe ist der Schl\u00fcssel, da Nandina weitreichende Wurzeln hat. Das gilt auch f\u00fcr das Einpflanzen in eine normale Blumenerde, aber das Hinzuf\u00fcgen einer Schicht Heidekrautkompost oder Kiefernrindenmulch (erh\u00e4ltlich bei Lowe&#8217;s), um den Boden etwas saurer zu machen.<\/p>\n<p>Diese \u201eFire Power\u201c-Nandina von Trees.com, fr\u00fcher bekannt als Fast Growing Trees, ist ein Zwergstrauch, der nur 2 bis 2,5 Fu\u00df hoch wird. Sie eignet sich f\u00fcr die Zonen 6\u201310 und beeindruckt das ganze Jahr \u00fcber mit tiefgr\u00fcnem Laub, wei\u00dfen Bl\u00fcten im Fr\u00fchling und (wie der Name schon sagt) leuchtend roten Herbstfarben.<\/p>\n<p>Himmlischer Bambus gilt in vielen Regionen im S\u00fcdosten der USA als invasive Pflanze. Die Verbreitung erfolgt durch Saugn\u00e4pfe und V\u00f6gel, die Samen verbreiten. Der Anbau von Nandina in einem Topf schr\u00e4nkt jedoch die Austriebsbildung ein, und \u201eFire Power\u201c ist eine sterile, nichtinvasive Sorte, die weder Beeren noch lebensf\u00e4hige Samen produziert.<\/p>\n<h3 class=\"article-body__section\" id=\"section-5-small-conifers\"><span>5. Kleine Nadelb\u00e4ume <\/span><\/h3>\n<figure class=\"van-image-figure inline-layout \" data-bordeaux-image-check id=\"elk-29f8f72a-a613-11f1-b65d-7dab2882a8ea\">\n<div class=\"image-full-width-wrapper\">\n<div class=\"image-widthsetter\" style=\"max-width:2000px;\"><\/div>\n<\/div>\n<\/figure>\n<p id=\"elk-a74d9cae-a612-11f1-bd14-d9c7f1ba8068\">Zwergkoniferen bringen Struktur und ganzj\u00e4hriges Gr\u00fcn in jedes Gef\u00e4\u00df. Selbst in den magereren Monaten, in denen m\u00f6glicherweise nicht viel bl\u00fcht, bieten die Form, Formalit\u00e4t und Best\u00e4ndigkeit dieser immergr\u00fcnen, treuen Pflanzen so viel.<\/p>\n<p>Nadelb\u00e4ume wie die Zwerg-Alberta-Fichte (erh\u00e4ltlich bei Trees.com), die Miniatur-Korea-Tanne, der Zwerg-Wacholder oder der kompakte Lebensbaum bieten K\u00e4lteh\u00e4rte und Vielseitigkeit. G\u00e4rtner k\u00f6nnen sie fest in einen formellen Look stecken oder sie als eine nat\u00fcrlichere Weihnachtsbaumsilhouette belassen. Oder Sie k\u00f6nnen ein wundersch\u00f6nes Profil erstellen, um einen Eingang mit italienischen Zwergzypressen (erh\u00e4ltlich bei Trees.com) in K\u00fcbeln zu flankieren.<\/p>\n<p>Nadelb\u00e4ume ben\u00f6tigen einen gro\u00dfen, k\u00fcrzeren Beh\u00e4lter, damit sie nicht durch den Wind umfallen. Au\u00dferdem ben\u00f6tigen sie immer eine gute Drainage. Geben Sie also etwas Perlit (besorgen Sie sich Beutel mit Bio-Perlit bei Amazon) zur Blumenerde und stellen Sie den Beh\u00e4lter auf Topff\u00fc\u00dfe.<\/p>\n<h3 class=\"article-body__section\" id=\"section-6-american-wintergreen\"><span>6. Amerikanisches Wintergr\u00fcn<\/span><\/h3>\n<figure class=\"van-image-figure inline-layout \" data-bordeaux-image-check id=\"elk-29f8f7ac-a613-11f1-b4b5-ffa5b6e0d74b\">\n<div class=\"image-full-width-wrapper\">\n<div class=\"image-widthsetter\" style=\"max-width:2400px;\"><\/div>\n<\/div>\n<\/figure>\n<p id=\"elk-a74d9d6c-a612-11f1-9524-c7d7eeec0baa\">Amerikanisches Wintergr\u00fcn (<em>Gaultheria procumbens<\/em>) ist eine einheimische Pflanze, die sich aufgrund ihrer kompakten Gr\u00f6\u00dfe ideal f\u00fcr Winterk\u00fcbel eignet. Er wird 15 cm hoch und 15 bis 25 cm breit und kann in den k\u00e4lteren Monaten in einer halbschattigen Ecke des Gartens gedeihen.<\/p>\n<p>Der immergr\u00fcne Strauch hat im Herbst r\u00f6tliches Laub und leuchtend rote Beeren, die den ganzen Winter \u00fcber bleiben. Das Laub verstr\u00f6mt einen Kr\u00e4uter-Minz-Duft, wenn es zerdr\u00fcckt oder gequetscht wird. Zu Beginn des Jahres sind die abgerundeten Bl\u00e4tter tiefgr\u00fcn und die Pflanzen bringen glockenf\u00f6rmige wei\u00dfe oder rosa Bl\u00fcten hervor.<\/p>\n<p>Wenn anderswo im Winter wenig Interesse besteht, k\u00f6nnen das bunte Herbstlaub und die Beeren ein willkommener Anblick sein. Dieses \u201eWinter Fiesta\u201c-Wintergr\u00fcn von Plant Addicts bietet etwas anderes, mit wei\u00dfen Beeren, die sich rosa verf\u00e4rben, wenn die Temperaturen sinken. Diese k\u00f6nnen im Winter f\u00fcr einen Farbtupfer sorgen.<\/p>\n<h3 class=\"article-body__section\" id=\"section-7-ornamental-cabbages\"><span>7. Zierkohl<\/span><\/h3>\n<figure class=\"van-image-figure inline-layout \" data-bordeaux-image-check id=\"elk-29f8f82e-a613-11f1-98a3-179d15ef857c\">\n<div class=\"image-full-width-wrapper\">\n<div class=\"image-widthsetter\" style=\"max-width:2400px;\"><\/div>\n<\/div>\n<\/figure>\n<p id=\"elk-a74d9e2a-a612-11f1-9a27-a10aacb684dd\">Diese Winterpflanzen sind eine einzigartige M\u00f6glichkeit, T\u00f6pfen die Farbe der kalten Jahreszeit zu verleihen. Zierkohl hat Rosetten aus Bl\u00e4ttern in verschiedenen leuchtenden Farben, darunter verschiedene Schattierungen von Wei\u00df, Gelb, Rosa, Rot und Lila. Sobald die Temperaturen sinken, intensivieren sich diese Farben und sorgen in einem Herbstpflanzgef\u00e4\u00df f\u00fcr ein dramatisches Schauspiel.<\/p>\n<p>Wenn Sie Zierkohl in Winterbeh\u00e4ltern anbauen m\u00f6chten, pflanzen Sie ihn in gro\u00dfen Mengen, um einen auff\u00e4lligen Farbteppich zu erhalten. Alternativ k\u00f6nnen Sie sie um die R\u00e4nder gro\u00dfer Pflanzgef\u00e4\u00dfe legen, um einen schillernden Rock um die Pflanzen in der Mitte zu schaffen. Diese winterharten Erg\u00e4nzungen vertragen Frost und vertragen Temperaturen bis zu 5 \u00b0F.<\/p>\n<p>Bei Amazon erhalten Sie Packungen mit Zierkohlsamen zur Aussaat im Fr\u00fchherbst.<\/p>\n<hr id=\"elk-a74d9e84-a612-11f1-b645-198605f8e6bb\">\n<p id=\"elk-a74d9ee8-a612-11f1-82ac-af7e16575e48\">Wenn Sie T\u00f6pfe vor Frost sch\u00fctzen m\u00fcssen, sollten Sie sich eine einfache Technik merken. Wenn Sie Ihre T\u00f6pfe f\u00fcr den Winter zusammenstellen, profitieren alle von der Strahlungsw\u00e4rme. Durch die Gruppierung von T\u00f6pfen entsteht ein Mikroklima, das die W\u00e4rme speichert und sie vor kalten Winden sch\u00fctzt. Wenn Sie sie an einer Hauswand platzieren, profitieren sie auch von der Restw\u00e4rme.<\/p>\n<p>Wenn Sie inspirierende Gartenideen, Outdoor-Ratschl\u00e4ge und die neuesten Nachrichten lieben, warum nicht <u>Melden Sie sich f\u00fcr unseren Newsletter an <\/u>und die neuesten Funktionen direkt in Ihren Posteingang geliefert bekommen?<\/p>\n<div class=\"block mb-5\" id=\"articleTag\" data-component-name=\"PostArticleLinks\" data-nosnippet data-mrf-recirculation=\"post-article-links\">\n<div class=\"border-b border-b-black border-solid py-2.5 text-black font-bold uppercase\">THEMEN<\/div>\n<nav class=\"py-2.5 flex gap-2.5 flex-wrap\" data-analytics-id=\"article-tag\" data-mrf-recirculation=\"article-tag\">\n<p>Saisonale Gartenarbeit<\/p>\n<\/nav>\n<\/div>\n<\/div>\n<p><script async src=\"https:\/\/platform.twitter.com\/widgets.js\" charset=\"utf-8\"><\/script><\/p>\n","protected":false},"excerpt":{"rendered":"<p>Aktie Link kopieren Facebook X WhatsApp Pinterest Teilen Sie diesen Artikel Beteiligen Sie sich an der Unterhaltung Folgen Sie uns F\u00fcgen Sie uns als bevorzugte<\/p>\n","protected":false},"author":1,"featured_media":16771,"comment_status":"closed","ping_status":"","sticky":false,"template":"","format":"standard","meta":{"footnotes":""},"categories":[118],"tags":[7246,143,43,166,2089,7734,320,17276,246,92,165,37,792,17275],"class_list":["post-16770","post","type-post","status-publish","format-standard","has-post-thumbnail","hentry","category-haus-garten","tag-container","tag-diese","tag-ein","tag-einen","tag-erhalten","tag-fuegen","tag-garten","tag-interessen","tag-pflanzen","tag-september","tag-sie","tag-und","tag-voller","tag-winterfarben","generate-columns","tablet-grid-50","mobile-grid-100","grid-parent","grid-50"],"yoast_head":"<!-- This site is optimized with the Yoast SEO plugin v27.3 - https:\/\/yoast.com\/product\/yoast-seo-wordpress\/ -->\n<title>F\u00fcgen Sie diese Pflanzen im September in Container ein, um einen Garten voller Winterfarben und -interessen zu erhalten - Nachrichten - Stra\u00dfenweb<\/title>\n<meta name=\"robots\" content=\"index, follow, max-snippet:-1, max-image-preview:large, max-video-preview:-1\" \/>\n<link rel=\"canonical\" href=\"https:\/\/www.strassenweb.de\/nachrichten\/fuegen-sie-diese-pflanzen-im-september-in-container-ein-um-einen-garten-voller-winterfarben-und-interessen-zu-erhalten\/\" \/>\n<meta property=\"og:locale\" content=\"de_DE\" \/>\n<meta property=\"og:type\" content=\"article\" \/>\n<meta property=\"og:title\" content=\"F\u00fcgen Sie diese Pflanzen im September in Container ein, um einen Garten voller Winterfarben und -interessen zu erhalten - Nachrichten - Stra\u00dfenweb\" \/>\n<meta property=\"og:description\" content=\"Aktie Link kopieren Facebook X WhatsApp Pinterest Teilen Sie diesen Artikel Beteiligen Sie sich an der Unterhaltung Folgen Sie uns F\u00fcgen Sie uns als bevorzugte\" \/>\n<meta property=\"og:url\" content=\"https:\/\/www.strassenweb.de\/nachrichten\/fuegen-sie-diese-pflanzen-im-september-in-container-ein-um-einen-garten-voller-winterfarben-und-interessen-zu-erhalten\/\" \/>\n<meta property=\"og:site_name\" content=\"Stra\u00dfenweb\" \/>\n<meta property=\"article:publisher\" content=\"https:\/\/www.facebook.com\/strassenweb\/\" \/>\n<meta property=\"article:published_time\" content=\"2026-09-05T06:39:16+00:00\" \/>\n<meta property=\"article:modified_time\" content=\"2026-09-05T06:39:31+00:00\" \/>\n<meta property=\"og:image\" content=\"https:\/\/www.strassenweb.de\/nachrichten\/wp-content\/uploads\/2026\/09\/Fuegen-Sie-diese-Pflanzen-im-September-in-Container-ein-um.jpg\" \/>\n\t<meta property=\"og:image:width\" content=\"2560\" \/>\n\t<meta property=\"og:image:height\" content=\"1440\" \/>\n\t<meta property=\"og:image:type\" content=\"image\/jpeg\" \/>\n<meta name=\"author\" content=\"Robert Hoffmann\" \/>\n<meta name=\"twitter:card\" content=\"summary_large_image\" \/>\n<meta name=\"twitter:label1\" content=\"Verfasst von\" \/>\n\t<meta name=\"twitter:data1\" content=\"Robert Hoffmann\" \/>\n\t<meta name=\"twitter:label2\" content=\"Gesch\u00e4tzte Lesezeit\" \/>\n\t<meta name=\"twitter:data2\" content=\"8\u00a0Minuten\" \/>\n<script type=\"application\/ld+json\" class=\"yoast-schema-graph\">{\"@context\":\"https:\\\/\\\/schema.org\",\"@graph\":[{\"@type\":\"Article\",\"@id\":\"https:\\\/\\\/www.strassenweb.de\\\/nachrichten\\\/fuegen-sie-diese-pflanzen-im-september-in-container-ein-um-einen-garten-voller-winterfarben-und-interessen-zu-erhalten\\\/#article\",\"isPartOf\":{\"@id\":\"https:\\\/\\\/www.strassenweb.de\\\/nachrichten\\\/fuegen-sie-diese-pflanzen-im-september-in-container-ein-um-einen-garten-voller-winterfarben-und-interessen-zu-erhalten\\\/\"},\"author\":{\"name\":\"Robert Hoffmann\",\"@id\":\"https:\\\/\\\/www.strassenweb.de\\\/nachrichten\\\/#\\\/schema\\\/person\\\/87c9c9067f1211da429a744dc5a5aa41\"},\"headline\":\"F\u00fcgen Sie diese Pflanzen im September in Container ein, um einen Garten voller Winterfarben und -interessen zu erhalten\",\"datePublished\":\"2026-09-05T06:39:16+00:00\",\"dateModified\":\"2026-09-05T06:39:31+00:00\",\"mainEntityOfPage\":{\"@id\":\"https:\\\/\\\/www.strassenweb.de\\\/nachrichten\\\/fuegen-sie-diese-pflanzen-im-september-in-container-ein-um-einen-garten-voller-winterfarben-und-interessen-zu-erhalten\\\/\"},\"wordCount\":1648,\"publisher\":{\"@id\":\"https:\\\/\\\/www.strassenweb.de\\\/nachrichten\\\/#organization\"},\"image\":{\"@id\":\"https:\\\/\\\/www.strassenweb.de\\\/nachrichten\\\/fuegen-sie-diese-pflanzen-im-september-in-container-ein-um-einen-garten-voller-winterfarben-und-interessen-zu-erhalten\\\/#primaryimage\"},\"thumbnailUrl\":\"https:\\\/\\\/www.strassenweb.de\\\/nachrichten\\\/wp-content\\\/uploads\\\/2026\\\/09\\\/Fuegen-Sie-diese-Pflanzen-im-September-in-Container-ein-um.jpg\",\"keywords\":[\"Container\",\"diese\",\"ein\",\"einen\",\"erhalten\",\"f\u00fcgen\",\"Garten\",\"interessen\",\"Pflanzen\",\"September\",\"Sie\",\"und\",\"voller\",\"Winterfarben\"],\"articleSection\":[\"Haus &amp; Garten\"],\"inLanguage\":\"de\"},{\"@type\":\"WebPage\",\"@id\":\"https:\\\/\\\/www.strassenweb.de\\\/nachrichten\\\/fuegen-sie-diese-pflanzen-im-september-in-container-ein-um-einen-garten-voller-winterfarben-und-interessen-zu-erhalten\\\/\",\"url\":\"https:\\\/\\\/www.strassenweb.de\\\/nachrichten\\\/fuegen-sie-diese-pflanzen-im-september-in-container-ein-um-einen-garten-voller-winterfarben-und-interessen-zu-erhalten\\\/\",\"name\":\"F\u00fcgen Sie diese Pflanzen im September in Container ein, um einen Garten voller Winterfarben und -interessen zu erhalten - Nachrichten - Stra\u00dfenweb\",\"isPartOf\":{\"@id\":\"https:\\\/\\\/www.strassenweb.de\\\/nachrichten\\\/#website\"},\"primaryImageOfPage\":{\"@id\":\"https:\\\/\\\/www.strassenweb.de\\\/nachrichten\\\/fuegen-sie-diese-pflanzen-im-september-in-container-ein-um-einen-garten-voller-winterfarben-und-interessen-zu-erhalten\\\/#primaryimage\"},\"image\":{\"@id\":\"https:\\\/\\\/www.strassenweb.de\\\/nachrichten\\\/fuegen-sie-diese-pflanzen-im-september-in-container-ein-um-einen-garten-voller-winterfarben-und-interessen-zu-erhalten\\\/#primaryimage\"},\"thumbnailUrl\":\"https:\\\/\\\/www.strassenweb.de\\\/nachrichten\\\/wp-content\\\/uploads\\\/2026\\\/09\\\/Fuegen-Sie-diese-Pflanzen-im-September-in-Container-ein-um.jpg\",\"datePublished\":\"2026-09-05T06:39:16+00:00\",\"dateModified\":\"2026-09-05T06:39:31+00:00\",\"breadcrumb\":{\"@id\":\"https:\\\/\\\/www.strassenweb.de\\\/nachrichten\\\/fuegen-sie-diese-pflanzen-im-september-in-container-ein-um-einen-garten-voller-winterfarben-und-interessen-zu-erhalten\\\/#breadcrumb\"},\"inLanguage\":\"de\",\"potentialAction\":[{\"@type\":\"ReadAction\",\"target\":[\"https:\\\/\\\/www.strassenweb.de\\\/nachrichten\\\/fuegen-sie-diese-pflanzen-im-september-in-container-ein-um-einen-garten-voller-winterfarben-und-interessen-zu-erhalten\\\/\"]}]},{\"@type\":\"ImageObject\",\"inLanguage\":\"de\",\"@id\":\"https:\\\/\\\/www.strassenweb.de\\\/nachrichten\\\/fuegen-sie-diese-pflanzen-im-september-in-container-ein-um-einen-garten-voller-winterfarben-und-interessen-zu-erhalten\\\/#primaryimage\",\"url\":\"https:\\\/\\\/www.strassenweb.de\\\/nachrichten\\\/wp-content\\\/uploads\\\/2026\\\/09\\\/Fuegen-Sie-diese-Pflanzen-im-September-in-Container-ein-um.jpg\",\"contentUrl\":\"https:\\\/\\\/www.strassenweb.de\\\/nachrichten\\\/wp-content\\\/uploads\\\/2026\\\/09\\\/Fuegen-Sie-diese-Pflanzen-im-September-in-Container-ein-um.jpg\",\"width\":2560,\"height\":1440,\"caption\":\"F\u00fcgen Sie diese Pflanzen im September in Container ein, um einen Garten voller Winterfarben und -interessen zu erhalten\"},{\"@type\":\"BreadcrumbList\",\"@id\":\"https:\\\/\\\/www.strassenweb.de\\\/nachrichten\\\/fuegen-sie-diese-pflanzen-im-september-in-container-ein-um-einen-garten-voller-winterfarben-und-interessen-zu-erhalten\\\/#breadcrumb\",\"itemListElement\":[{\"@type\":\"ListItem\",\"position\":1,\"name\":\"Home\",\"item\":\"https:\\\/\\\/www.strassenweb.de\\\/nachrichten\\\/\"},{\"@type\":\"ListItem\",\"position\":2,\"name\":\"F\u00fcgen Sie diese Pflanzen im September in Container ein, um einen Garten voller Winterfarben und -interessen zu erhalten\"}]},{\"@type\":\"WebSite\",\"@id\":\"https:\\\/\\\/www.strassenweb.de\\\/nachrichten\\\/#website\",\"url\":\"https:\\\/\\\/www.strassenweb.de\\\/nachrichten\\\/\",\"name\":\"Stra\u00dfenweb\",\"description\":\"Stra\u00dfenverzeichnis f\u00fcr Deutschland\",\"publisher\":{\"@id\":\"https:\\\/\\\/www.strassenweb.de\\\/nachrichten\\\/#organization\"},\"potentialAction\":[{\"@type\":\"SearchAction\",\"target\":{\"@type\":\"EntryPoint\",\"urlTemplate\":\"https:\\\/\\\/www.strassenweb.de\\\/nachrichten\\\/?s={search_term_string}\"},\"query-input\":{\"@type\":\"PropertyValueSpecification\",\"valueRequired\":true,\"valueName\":\"search_term_string\"}}],\"inLanguage\":\"de\"},{\"@type\":\"Organization\",\"@id\":\"https:\\\/\\\/www.strassenweb.de\\\/nachrichten\\\/#organization\",\"name\":\"Stra\u00dfenweb\",\"url\":\"https:\\\/\\\/www.strassenweb.de\\\/nachrichten\\\/\",\"logo\":{\"@type\":\"ImageObject\",\"inLanguage\":\"de\",\"@id\":\"https:\\\/\\\/www.strassenweb.de\\\/nachrichten\\\/#\\\/schema\\\/logo\\\/image\\\/\",\"url\":\"https:\\\/\\\/www.strassenweb.de\\\/nachrichten\\\/wp-content\\\/uploads\\\/2024\\\/09\\\/cropped-favicon.png\",\"contentUrl\":\"https:\\\/\\\/www.strassenweb.de\\\/nachrichten\\\/wp-content\\\/uploads\\\/2024\\\/09\\\/cropped-favicon.png\",\"width\":512,\"height\":512,\"caption\":\"Stra\u00dfenweb\"},\"image\":{\"@id\":\"https:\\\/\\\/www.strassenweb.de\\\/nachrichten\\\/#\\\/schema\\\/logo\\\/image\\\/\"},\"sameAs\":[\"https:\\\/\\\/www.facebook.com\\\/strassenweb\\\/\"]},{\"@type\":\"Person\",\"@id\":\"https:\\\/\\\/www.strassenweb.de\\\/nachrichten\\\/#\\\/schema\\\/person\\\/87c9c9067f1211da429a744dc5a5aa41\",\"name\":\"Robert Hoffmann\",\"image\":{\"@type\":\"ImageObject\",\"inLanguage\":\"de\",\"@id\":\"https:\\\/\\\/www.strassenweb.de\\\/nachrichten\\\/wp-content\\\/uploads\\\/2024\\\/09\\\/strassenweb-150x150.jpg\",\"url\":\"https:\\\/\\\/www.strassenweb.de\\\/nachrichten\\\/wp-content\\\/uploads\\\/2024\\\/09\\\/strassenweb-150x150.jpg\",\"contentUrl\":\"https:\\\/\\\/www.strassenweb.de\\\/nachrichten\\\/wp-content\\\/uploads\\\/2024\\\/09\\\/strassenweb-150x150.jpg\",\"caption\":\"Robert Hoffmann\"},\"description\":\"Ich hei\u00dfe Robert Hoffmann und ich bin ein leidenschaftlicher Verfechter von \u00d6kologie und Biodiversit\u00e4t. Seit meiner Kindheit in den W\u00e4ldern Bayerns f\u00fchle ich mich mit der Natur verbunden und bin entschlossen, sie zu sch\u00fctzen. Heute widme ich mein Leben der Sensibilisierung anderer f\u00fcr die Bedeutung des Umweltschutzes f\u00fcr zuk\u00fcnftige Generationen.\",\"sameAs\":[\"https:\\\/\\\/www.strassenweb.de\\\/\"]}]}<\/script>\n<!-- \/ Yoast SEO plugin. -->","yoast_head_json":{"title":"F\u00fcgen Sie diese Pflanzen im September in Container ein, um einen Garten voller Winterfarben und -interessen zu erhalten - Nachrichten - Stra\u00dfenweb","robots":{"index":"index","follow":"follow","max-snippet":"max-snippet:-1","max-image-preview":"max-image-preview:large","max-video-preview":"max-video-preview:-1"},"canonical":"https:\/\/www.strassenweb.de\/nachrichten\/fuegen-sie-diese-pflanzen-im-september-in-container-ein-um-einen-garten-voller-winterfarben-und-interessen-zu-erhalten\/","og_locale":"de_DE","og_type":"article","og_title":"F\u00fcgen Sie diese Pflanzen im September in Container ein, um einen Garten voller Winterfarben und -interessen zu erhalten - Nachrichten - Stra\u00dfenweb","og_description":"Aktie Link kopieren Facebook X WhatsApp Pinterest Teilen Sie diesen Artikel Beteiligen Sie sich an der Unterhaltung Folgen Sie uns F\u00fcgen Sie uns als bevorzugte","og_url":"https:\/\/www.strassenweb.de\/nachrichten\/fuegen-sie-diese-pflanzen-im-september-in-container-ein-um-einen-garten-voller-winterfarben-und-interessen-zu-erhalten\/","og_site_name":"Stra\u00dfenweb","article_publisher":"https:\/\/www.facebook.com\/strassenweb\/","article_published_time":"2026-09-05T06:39:16+00:00","article_modified_time":"2026-09-05T06:39:31+00:00","og_image":[{"width":2560,"height":1440,"url":"https:\/\/www.strassenweb.de\/nachrichten\/wp-content\/uploads\/2026\/09\/Fuegen-Sie-diese-Pflanzen-im-September-in-Container-ein-um.jpg","type":"image\/jpeg"}],"author":"Robert Hoffmann","twitter_card":"summary_large_image","twitter_misc":{"Verfasst von":"Robert Hoffmann","Gesch\u00e4tzte Lesezeit":"8\u00a0Minuten"},"schema":{"@context":"https:\/\/schema.org","@graph":[{"@type":"Article","@id":"https:\/\/www.strassenweb.de\/nachrichten\/fuegen-sie-diese-pflanzen-im-september-in-container-ein-um-einen-garten-voller-winterfarben-und-interessen-zu-erhalten\/#article","isPartOf":{"@id":"https:\/\/www.strassenweb.de\/nachrichten\/fuegen-sie-diese-pflanzen-im-september-in-container-ein-um-einen-garten-voller-winterfarben-und-interessen-zu-erhalten\/"},"author":{"name":"Robert Hoffmann","@id":"https:\/\/www.strassenweb.de\/nachrichten\/#\/schema\/person\/87c9c9067f1211da429a744dc5a5aa41"},"headline":"F\u00fcgen Sie diese Pflanzen im September in Container ein, um einen Garten voller Winterfarben und -interessen zu erhalten","datePublished":"2026-09-05T06:39:16+00:00","dateModified":"2026-09-05T06:39:31+00:00","mainEntityOfPage":{"@id":"https:\/\/www.strassenweb.de\/nachrichten\/fuegen-sie-diese-pflanzen-im-september-in-container-ein-um-einen-garten-voller-winterfarben-und-interessen-zu-erhalten\/"},"wordCount":1648,"publisher":{"@id":"https:\/\/www.strassenweb.de\/nachrichten\/#organization"},"image":{"@id":"https:\/\/www.strassenweb.de\/nachrichten\/fuegen-sie-diese-pflanzen-im-september-in-container-ein-um-einen-garten-voller-winterfarben-und-interessen-zu-erhalten\/#primaryimage"},"thumbnailUrl":"https:\/\/www.strassenweb.de\/nachrichten\/wp-content\/uploads\/2026\/09\/Fuegen-Sie-diese-Pflanzen-im-September-in-Container-ein-um.jpg","keywords":["Container","diese","ein","einen","erhalten","f\u00fcgen","Garten","interessen","Pflanzen","September","Sie","und","voller","Winterfarben"],"articleSection":["Haus &amp; Garten"],"inLanguage":"de"},{"@type":"WebPage","@id":"https:\/\/www.strassenweb.de\/nachrichten\/fuegen-sie-diese-pflanzen-im-september-in-container-ein-um-einen-garten-voller-winterfarben-und-interessen-zu-erhalten\/","url":"https:\/\/www.strassenweb.de\/nachrichten\/fuegen-sie-diese-pflanzen-im-september-in-container-ein-um-einen-garten-voller-winterfarben-und-interessen-zu-erhalten\/","name":"F\u00fcgen Sie diese Pflanzen im September in Container ein, um einen Garten voller Winterfarben und -interessen zu erhalten - Nachrichten - Stra\u00dfenweb","isPartOf":{"@id":"https:\/\/www.strassenweb.de\/nachrichten\/#website"},"primaryImageOfPage":{"@id":"https:\/\/www.strassenweb.de\/nachrichten\/fuegen-sie-diese-pflanzen-im-september-in-container-ein-um-einen-garten-voller-winterfarben-und-interessen-zu-erhalten\/#primaryimage"},"image":{"@id":"https:\/\/www.strassenweb.de\/nachrichten\/fuegen-sie-diese-pflanzen-im-september-in-container-ein-um-einen-garten-voller-winterfarben-und-interessen-zu-erhalten\/#primaryimage"},"thumbnailUrl":"https:\/\/www.strassenweb.de\/nachrichten\/wp-content\/uploads\/2026\/09\/Fuegen-Sie-diese-Pflanzen-im-September-in-Container-ein-um.jpg","datePublished":"2026-09-05T06:39:16+00:00","dateModified":"2026-09-05T06:39:31+00:00","breadcrumb":{"@id":"https:\/\/www.strassenweb.de\/nachrichten\/fuegen-sie-diese-pflanzen-im-september-in-container-ein-um-einen-garten-voller-winterfarben-und-interessen-zu-erhalten\/#breadcrumb"},"inLanguage":"de","potentialAction":[{"@type":"ReadAction","target":["https:\/\/www.strassenweb.de\/nachrichten\/fuegen-sie-diese-pflanzen-im-september-in-container-ein-um-einen-garten-voller-winterfarben-und-interessen-zu-erhalten\/"]}]},{"@type":"ImageObject","inLanguage":"de","@id":"https:\/\/www.strassenweb.de\/nachrichten\/fuegen-sie-diese-pflanzen-im-september-in-container-ein-um-einen-garten-voller-winterfarben-und-interessen-zu-erhalten\/#primaryimage","url":"https:\/\/www.strassenweb.de\/nachrichten\/wp-content\/uploads\/2026\/09\/Fuegen-Sie-diese-Pflanzen-im-September-in-Container-ein-um.jpg","contentUrl":"https:\/\/www.strassenweb.de\/nachrichten\/wp-content\/uploads\/2026\/09\/Fuegen-Sie-diese-Pflanzen-im-September-in-Container-ein-um.jpg","width":2560,"height":1440,"caption":"F\u00fcgen Sie diese Pflanzen im September in Container ein, um einen Garten voller Winterfarben und -interessen zu erhalten"},{"@type":"BreadcrumbList","@id":"https:\/\/www.strassenweb.de\/nachrichten\/fuegen-sie-diese-pflanzen-im-september-in-container-ein-um-einen-garten-voller-winterfarben-und-interessen-zu-erhalten\/#breadcrumb","itemListElement":[{"@type":"ListItem","position":1,"name":"Home","item":"https:\/\/www.strassenweb.de\/nachrichten\/"},{"@type":"ListItem","position":2,"name":"F\u00fcgen Sie diese Pflanzen im September in Container ein, um einen Garten voller Winterfarben und -interessen zu erhalten"}]},{"@type":"WebSite","@id":"https:\/\/www.strassenweb.de\/nachrichten\/#website","url":"https:\/\/www.strassenweb.de\/nachrichten\/","name":"Stra\u00dfenweb","description":"Stra\u00dfenverzeichnis f\u00fcr Deutschland","publisher":{"@id":"https:\/\/www.strassenweb.de\/nachrichten\/#organization"},"potentialAction":[{"@type":"SearchAction","target":{"@type":"EntryPoint","urlTemplate":"https:\/\/www.strassenweb.de\/nachrichten\/?s={search_term_string}"},"query-input":{"@type":"PropertyValueSpecification","valueRequired":true,"valueName":"search_term_string"}}],"inLanguage":"de"},{"@type":"Organization","@id":"https:\/\/www.strassenweb.de\/nachrichten\/#organization","name":"Stra\u00dfenweb","url":"https:\/\/www.strassenweb.de\/nachrichten\/","logo":{"@type":"ImageObject","inLanguage":"de","@id":"https:\/\/www.strassenweb.de\/nachrichten\/#\/schema\/logo\/image\/","url":"https:\/\/www.strassenweb.de\/nachrichten\/wp-content\/uploads\/2024\/09\/cropped-favicon.png","contentUrl":"https:\/\/www.strassenweb.de\/nachrichten\/wp-content\/uploads\/2024\/09\/cropped-favicon.png","width":512,"height":512,"caption":"Stra\u00dfenweb"},"image":{"@id":"https:\/\/www.strassenweb.de\/nachrichten\/#\/schema\/logo\/image\/"},"sameAs":["https:\/\/www.facebook.com\/strassenweb\/"]},{"@type":"Person","@id":"https:\/\/www.strassenweb.de\/nachrichten\/#\/schema\/person\/87c9c9067f1211da429a744dc5a5aa41","name":"Robert Hoffmann","image":{"@type":"ImageObject","inLanguage":"de","@id":"https:\/\/www.strassenweb.de\/nachrichten\/wp-content\/uploads\/2024\/09\/strassenweb-150x150.jpg","url":"https:\/\/www.strassenweb.de\/nachrichten\/wp-content\/uploads\/2024\/09\/strassenweb-150x150.jpg","contentUrl":"https:\/\/www.strassenweb.de\/nachrichten\/wp-content\/uploads\/2024\/09\/strassenweb-150x150.jpg","caption":"Robert Hoffmann"},"description":"Ich hei\u00dfe Robert Hoffmann und ich bin ein leidenschaftlicher Verfechter von \u00d6kologie und Biodiversit\u00e4t. Seit meiner Kindheit in den W\u00e4ldern Bayerns f\u00fchle ich mich mit der Natur verbunden und bin entschlossen, sie zu sch\u00fctzen. Heute widme ich mein Leben der Sensibilisierung anderer f\u00fcr die Bedeutung des Umweltschutzes f\u00fcr zuk\u00fcnftige Generationen.","sameAs":["https:\/\/www.strassenweb.de\/"]}]}},"_links":{"self":[{"href":"https:\/\/www.strassenweb.de\/nachrichten\/wp-json\/wp\/v2\/posts\/16770","targetHints":{"allow":["GET"]}}],"collection":[{"href":"https:\/\/www.strassenweb.de\/nachrichten\/wp-json\/wp\/v2\/posts"}],"about":[{"href":"https:\/\/www.strassenweb.de\/nachrichten\/wp-json\/wp\/v2\/types\/post"}],"author":[{"embeddable":true,"href":"https:\/\/www.strassenweb.de\/nachrichten\/wp-json\/wp\/v2\/users\/1"}],"replies":[{"embeddable":true,"href":"https:\/\/www.strassenweb.de\/nachrichten\/wp-json\/wp\/v2\/comments?post=16770"}],"version-history":[{"count":1,"href":"https:\/\/www.strassenweb.de\/nachrichten\/wp-json\/wp\/v2\/posts\/16770\/revisions"}],"predecessor-version":[{"id":16772,"href":"https:\/\/www.strassenweb.de\/nachrichten\/wp-json\/wp\/v2\/posts\/16770\/revisions\/16772"}],"wp:featuredmedia":[{"embeddable":true,"href":"https:\/\/www.strassenweb.de\/nachrichten\/wp-json\/wp\/v2\/media\/16771"}],"wp:attachment":[{"href":"https:\/\/www.strassenweb.de\/nachrichten\/wp-json\/wp\/v2\/media?parent=16770"}],"wp:term":[{"taxonomy":"category","embeddable":true,"href":"https:\/\/www.strassenweb.de\/nachrichten\/wp-json\/wp\/v2\/categories?post=16770"},{"taxonomy":"post_tag","embeddable":true,"href":"https:\/\/www.strassenweb.de\/nachrichten\/wp-json\/wp\/v2\/tags?post=16770"}],"curies":[{"name":"wp","href":"https:\/\/api.w.org\/{rel}","templated":true}]}}