{"id":16761,"date":"2026-09-05T00:39:48","date_gmt":"2026-09-04T22:39:48","guid":{"rendered":"https:\/\/www.strassenweb.de\/nachrichten\/el-nino-wird-voraussichtlich-sehr-stark-werden-und-das-risiko-extremer-erhoehen\/"},"modified":"2026-09-05T00:39:56","modified_gmt":"2026-09-04T22:39:56","slug":"el-nino-wird-voraussichtlich-sehr-stark-werden-und-das-risiko-extremer-erhoehen","status":"publish","type":"post","link":"https:\/\/www.strassenweb.de\/nachrichten\/el-nino-wird-voraussichtlich-sehr-stark-werden-und-das-risiko-extremer-erhoehen\/","title":{"rendered":"El Ni\u00f1o wird voraussichtlich sehr stark werden und das Risiko extremer&#8230; erh\u00f6hen."},"content":{"rendered":"<p class=\"wp-block-paragraph\">Genf, Schweiz (WMO) \u2013 Laut einem neuen Update der Weltorganisation f\u00fcr Meteorologie (WMO) ist El Ni\u00f1o fest etabliert und wird sich in den kommenden Monaten zu einem sehr starken Ereignis mit gro\u00dfen Auswirkungen auf Niederschlags- und Temperaturmuster und den damit verbundenen Risiken von \u00dcberschwemmungen, D\u00fcrre und extremer Hitze verst\u00e4rken. <\/p>\n<ul class=\"wp-block-list\">\n<li>El Ni\u00f1o ist fest etabliert und wird sich voraussichtlich weiter verst\u00e4rken<\/li>\n<li>WMO-Prognosen zeigen eine nahezu 100-prozentige Wahrscheinlichkeit, dass die Erkrankung bis Februar 2027 andauern wird<\/li>\n<li>Au\u00dfergew\u00f6hnlich warme tropische Bedingungen im Pazifischen Ozean unterst\u00fctzen eine weitere Intensivierung<\/li>\n<li>Ein sehr starker El Ni\u00f1o kann die Niederschlags- und Temperaturmuster weltweit erheblich ver\u00e4ndern und zu extremen Wetterbedingungen f\u00fchren<\/li>\n<li>Die WMO und die National Meteorological and Hydrological Services verst\u00e4rken ihre Vorbereitungs- und Fr\u00fchwarnbem\u00fchungen f\u00fcr ein au\u00dfergew\u00f6hnliches Ereignis<\/li>\n<\/ul>\n<p class=\"wp-block-paragraph\">Prognosen der globalen Produktionszentren der WMO deuten auf eine \u201eau\u00dfergew\u00f6hnlich hohe Wahrscheinlichkeit von nahezu 100 %\u201c hin, dass El Ni\u00f1o bis Februar 2027 andauern wird. Dies ist das erste Mal, dass ein El Ni\u00f1o\/La Ni\u00f1a-Update der WMO so eindeutig ist, was die starke \u00dcbereinstimmung innerhalb des umfangreichen Netzwerks der WMO widerspiegelt.<\/p>\n<p class=\"wp-block-paragraph\">Aufgrund der au\u00dfergew\u00f6hnlich warmen Meeresbedingungen im tropischen Pazifik d\u00fcrfte sich El Ni\u00f1o in den kommenden Monaten weiter verst\u00e4rken und eine sehr starke Intensit\u00e4t erreichen, bevor es gegen Ende dieses Jahres seinen H\u00f6hepunkt erreicht, wobei die Klimaauswirkungen bis weit in das Jahr 2027 hinein anhalten.<\/p>\n<p class=\"wp-block-paragraph\">\u201eEl Ni\u00f1o wird vor unseren Augen immer gr\u00f6\u00dfer. Die Wissenschaft l\u00e4sst keinen Raum f\u00fcr Zweifel: Der Planet befindet sich in unbekannten Gew\u00e4ssern, und diese Gew\u00e4sser erw\u00e4rmen sich. Die Meeresoberfl\u00e4chentemperaturen steigen, die Temperaturen steigen weiter, und die Welt befindet sich in der Gefahrenzone extremer Wetterbedingungen. Der Wettlauf findet jetzt statt zwischen steigenden Risiken und unserem Engagement, Klimaschutzma\u00dfnahmen zu ergreifen und die Menschen zu sch\u00fctzen. Wir m\u00fcssen diesen Wettlauf gewinnen\u201c, sagte UN-Generalsekret\u00e4r Ant\u00f3nio Guterres<\/p>\n<p class=\"wp-block-paragraph\">\u201eEl Ni\u00f1o bedeutet auf Spanisch Junge \u2013 aber es hat das Potenzial, Gemeinden und Volkswirtschaften auf der ganzen Welt einen schweren Schlag zu versetzen. Wir erleben bereits St\u00f6rungen und Verw\u00fcstungen durch D\u00fcrren und \u00dcberschwemmungen und gehen davon aus, dass diese Auswirkungen mit der Intensivierung von El Ni\u00f1o zunehmen\u201c, sagte WMO-Generalsekret\u00e4rin Celeste Saulo.<\/p>\n<p class=\"wp-block-paragraph\">\u201eDieser au\u00dfergew\u00f6hnliche El Ni\u00f1o erfordert au\u00dfergew\u00f6hnliche Vorbereitung und Reaktion. Noch nie in der 50-j\u00e4hrigen Geschichte der Weltorganisation f\u00fcr Meteorologie haben wir eine so gro\u00dfe Mobilisierung mit den Nationalen Meteorologischen und Hydrologischen Diensten gestartet, die an vorderster Front bei der Bereitstellung von Vorhersagen und Diensten zur Rettung von Leben und Lebensgrundlagen stehen\u201c, sagte sie.<\/p>\n<p class=\"wp-block-paragraph\">\u201eDie WMO ist bestrebt, eng mit Partnern in den Vereinten Nationen und im humanit\u00e4ren System zusammenzuarbeiten, um die Klimainformationen und Erkenntnisse bereitzustellen, die zur Unterst\u00fctzung des Katastrophenmanagements und klimasensibler Sektoren wie Landwirtschaft, Gesundheit, Energie und Wasserressourcen erforderlich sind\u201c, sagte sie.  \u201eWir d\u00fcrfen keine Zeit verlieren.\u201c<\/p>\n<p class=\"wp-block-paragraph\">WMO El Ni\u00f1o\/La Ni\u00f1a Updates sind die weltweit ma\u00dfgeblichste Informationsquelle f\u00fcr Regierungen und Entscheidungstr\u00e4ger. Diese saisonalen Vorhersagen basieren auf einem Konsens von Modellen der WMO Global Producing Centres, Experten der National Meteorological and Hydrological Services und Klimavorhersagezentren auf der ganzen Welt.<\/p>\n<figure class=\"wp-block-image size-full\"><\/figure>\n<h2 class=\"wp-block-heading\">Au\u00dfergew\u00f6hnliche Meereshitze im tropischen Pazifik  <\/h2>\n<p class=\"wp-block-paragraph\">Die Meeresoberfl\u00e4chentemperaturen im zentral\u00f6stlichen \u00e4quatorialen Pazifik, der Region im Herzen von El Ni\u00f1o, liegen bereits deutlich \u00fcber dem Durchschnitt \u2013 eines der verr\u00e4terischen Anzeichen von El Ni\u00f1o \u2013 und steigen weiter an.<\/p>\n<p class=\"wp-block-paragraph\">Der weit verbreitete Ni\u00f1o 3.4-Index, der Anomalien der Meeresoberfl\u00e4chentemperatur im zentral\u00f6stlichen \u00c4quatorialpazifik misst, ist von durchschnittlich +1,5 \u00b0C \u00fcber dem Normalwert im Mai-Juli 2026 und +2,0 \u00b0C \u00fcber dem Normalwert im Juli deutlich gestiegen. Anschlie\u00dfend stiegen die w\u00f6chentlichen Werte zwischen Ende Juli und Mitte August weiter an und lagen zwischen etwa +2,2 \u00b0C und +2,6 \u00b0C \u00fcber dem Durchschnitt, was auf eine weitere Intensivierung hindeutet.<\/p>\n<p class=\"wp-block-paragraph\">Unter der Meeresoberfl\u00e4che herrscht noch mehr au\u00dfergew\u00f6hnliche W\u00e4rme. In einigen Gebieten lagen die Temperaturen unter der Meeresoberfl\u00e4che im Juli und Anfang August mehr als 8 \u00b0C \u00fcber dem Durchschnitt.<\/p>\n<p class=\"wp-block-paragraph\">Zusammengenommen bieten die Oberfl\u00e4chen- und Untergrundbedingungen des Ozeans starke Unterst\u00fctzung f\u00fcr anhaltende El-Ni\u00f1o-Bedingungen und das Potenzial f\u00fcr eine weitere Verst\u00e4rkung in den kommenden Monaten, hei\u00dft es in dem Update.<\/p>\n<p class=\"wp-block-paragraph\">Das Vertrauen in die Aussichten ist gro\u00df. Starke und sich gegenseitig verst\u00e4rkende ozeanische und atmosph\u00e4rische Signale sowie eine enge \u00dcbereinstimmung zwischen saisonalen Vorhersagesystemen deuten darauf hin, dass El Ni\u00f1o mindestens bis Anfang 2027 andauern wird.<\/p>\n<h2 class=\"wp-block-heading\">Sehr starkes El Ni\u00f1o bedeutet nicht \u00fcberall die gleichen Auswirkungen<\/h2>\n<p class=\"wp-block-paragraph\">El Ni\u00f1o und La Ni\u00f1a geh\u00f6ren zu den st\u00e4rksten nat\u00fcrlichen Einfl\u00fcssen auf das globale Klimasystem. Ein sehr starkes Ereignis erh\u00f6ht die Wahrscheinlichkeit erheblicher Ver\u00e4nderungen der Niederschlagsmenge, der Temperaturen und der atmosph\u00e4rischen Zirkulation in vielen Regionen der Welt.<\/p>\n<p class=\"wp-block-paragraph\">Die St\u00e4rke eines El Ni\u00f1o-Ereignisses allein bestimmt jedoch nicht, wie schwerwiegend seine Auswirkungen in einem einzelnen Land oder einer einzelnen Region sein werden.<\/p>\n<p class=\"wp-block-paragraph\">Seine Auswirkungen variieren je nach Standort und Jahreszeit und k\u00f6nnen durch andere Klimafaktoren, einschlie\u00dflich der Bedingungen im Indischen und Atlantischen Ozean, ver\u00e4ndert werden.<\/p>\n<p class=\"wp-block-paragraph\">Die WMO hat daher ein erg\u00e4nzendes globales saisonales Klima-Update herausgegeben, das Informationen \u00fcber El Ni\u00f1o und andere wichtige Klimatreiber zusammenfasst und so ein genaueres Bild der erwarteten Bedingungen erm\u00f6glicht.<\/p>\n<p class=\"wp-block-paragraph\">F\u00fcr September\u2013November 2026 deuten WMO-Multimodellprognosen auf eine erh\u00f6hte Wahrscheinlichkeit \u00fcberdurchschnittlicher Temperaturen in fast allen Landgebieten hin, zusammen mit Niederschlagsmustern, die eine ausgepr\u00e4gte und klassische atmosph\u00e4rische Reaktion auf den starken pazifischen El Ni\u00f1o zeigen.<\/p>\n<p class=\"wp-block-paragraph\">Es wird erwartet, dass sich auch eine positive Phase des Indischen Ozean-Dipols (IOD) entwickelt, die im September-Oktober-November 2026 einen saisonalen Mittelwert von 0,9 \u00b0C erreicht. Unterdessen wird prognostiziert, dass das \u00e4quatoriale Atlantikbecken im Allgemeinen warm bleibt, wobei die SSTs sowohl im n\u00f6rdlichen als auch im s\u00fcdlichen tropischen Atlantik \u00fcber dem Normalwert bleiben.  Diese Bedingungen k\u00f6nnen typische El Ni\u00f1o-Auswirkungen in verschiedenen Regionen verst\u00e4rken, abschw\u00e4chen oder ver\u00e4ndern.<\/p>\n<figure class=\"wp-block-image size-full\"><img loading=\"lazy\" decoding=\"async\" width=\"461\" height=\"345\" src=\"https:\/\/www.strassenweb.de\/nachrichten\/wp-content\/uploads\/2026\/09\/1788561588_155_El-Nino-wird-voraussichtlich-sehr-stark-werden-und-das-Risiko.png\" alt=\"Wahrscheinlichkeitsprognosen\" class=\"wp-image-34454\"  ><\/figure>\n<figure class=\"wp-block-image size-full\"><img loading=\"lazy\" decoding=\"async\" width=\"461\" height=\"345\" src=\"https:\/\/www.strassenweb.de\/nachrichten\/wp-content\/uploads\/2026\/09\/1788561588_725_El-Nino-wird-voraussichtlich-sehr-stark-werden-und-das-Risiko.png\" alt=\"Wahrscheinlichkeitsprognosen\" class=\"wp-image-34455\"  ><\/figure>\n<p class=\"wp-block-paragraph\"><em><sub>Probabilistische Vorhersagen der Oberfl\u00e4chenlufttemperatur und des Niederschlags f\u00fcr die Saison September\u2013November 2026. Die Terzilkategorie mit der h\u00f6chsten Vorhersagewahrscheinlichkeit wird durch schattierte Bereiche angezeigt. Die wahrscheinlichste Kategorie f\u00fcr \u201eunter dem Normalwert\u201c, \u201e\u00fcber dem Normalwert\u201c und \u201enahe dem Normalwert\u201c wird in Blau-, Rot- und Grauschattierungen f\u00fcr die Temperatur bzw. in Gelb-, Gr\u00fcn- und Grauschattierungen f\u00fcr Niederschlag dargestellt. Wei\u00dfe Bereiche bedeuten in beiden F\u00e4llen gleiche Chancen f\u00fcr alle Kategorien. Der Basiszeitraum ist 1993\u20132009. (Quelle: Das WMO Lead Center for Seasonal Prediction Multi-Model Ensemble)<\/sub><\/em><\/p>\n<p class=\"wp-block-paragraph\">Detailliertere und lokal anwendbare Informationen werden von den WMO Regional Climate Centres, den WMO Regional Climate Outlook Forums und den National Meteorological and Hydrological Services bereitgestellt.<\/p>\n<h2 class=\"wp-block-heading\">Prognosen in fr\u00fchzeitiges Handeln umwandeln<\/h2>\n<p class=\"wp-block-paragraph\">El Ni\u00f1o und La Ni\u00f1a sind entgegengesetzte Phasen der El Ni\u00f1o-Southern Oscillation (ENSO); eines der st\u00e4rksten nat\u00fcrlich vorkommenden Klimamuster auf der Erde.<\/p>\n<p class=\"wp-block-paragraph\">El Ni\u00f1o ist durch eine Erw\u00e4rmung der Meeresoberfl\u00e4chentemperaturen im zentralen und \u00f6stlichen \u00c4quatorialpazifik gekennzeichnet. Sie tritt typischerweise alle zwei bis sieben Jahre auf und dauert etwa neun bis zw\u00f6lf Monate.<\/p>\n<p class=\"wp-block-paragraph\">El Ni\u00f1o beginnt sich im Allgemeinen zwischen M\u00e4rz und Juni zu entwickeln und erreicht zwischen November und Februar seinen H\u00f6hepunkt.  Sein Einfluss auf die globalen Temperaturen kann \u00fcber den Zeitraum der h\u00f6chsten Meereserw\u00e4rmung hinausgehen und im Jahr nach der Entwicklung am st\u00e4rksten ausgepr\u00e4gt sein.<\/p>\n<p class=\"wp-block-paragraph\">Da El Ni\u00f1o Wetter- und Klimamuster Tausende von Kilometern vom tropischen Pazifik entfernt ver\u00e4ndern kann, verschaffen zuverl\u00e4ssige Vorhersagen Regierungen, humanit\u00e4ren Organisationen, Unternehmen und Gemeinden wertvolle Zeit zur Vorbereitung.<\/p>\n<p class=\"wp-block-paragraph\">WMO-Mitglieder und Partner werden daher die Entwicklung des Ereignisses weiterhin genau beobachten und die Prognosen zu seinen wahrscheinlichen regionalen Auswirkungen regelm\u00e4\u00dfig aktualisieren.<\/p>\n<p class=\"wp-block-paragraph\">Die nationalen meteorologischen und hydrologischen Dienste bleiben die ma\u00dfgebliche Quelle f\u00fcr offizielle Warnungen und lokal relevante Klimainformationen. <\/p>\n<p>El Ni\u00f1o ist ein nat\u00fcrliches Klimaph\u00e4nomen und wird nicht durch den Klimawandel verursacht.<\/p>\n<p class=\"wp-block-paragraph\">Quelle: Weltorganisation f\u00fcr Meteorologie (WMO), \u201eEl Ni\u00f1o wird voraussichtlich sehr stark werden und das Risiko extremer Wetterereignisse bis 2027 erh\u00f6hen\u201c<\/p>\n<p class=\"wp-block-paragraph\">Haftungsausschluss:<br \/>Die in Artikeln oder in hier erscheinenden Anzeigen ge\u00e4u\u00dferten Meinungen sind die Meinungen des Autors oder Werbetreibenden und spiegeln nicht unbedingt die Meinung der WMO oder ihrer Mitglieder wider.<\/p>\n<p class=\"wp-block-paragraph\">Die Nutzung von WMO-Material erfolgt auf alleinige Gefahr des Nutzers. Die WMO haftet unter keinen Umst\u00e4nden f\u00fcr Verluste, Sch\u00e4den, Verbindlichkeiten oder Ausgaben, die angeblich aus der Verwendung von WMO-Material resultieren, und zwar ohne Einschr\u00e4nkung f\u00fcr diesbez\u00fcgliche Fehler, Fehler, Auslassungen, Unterbrechungen oder Verz\u00f6gerungen. Keine der hierin enthaltenen Bestimmungen stellt eine Einschr\u00e4nkung oder einen Verzicht auf die Vorrechte und Immunit\u00e4ten der WMO dar, die ausdr\u00fccklich vorbehalten sind.<\/p>\n<p class=\"wp-block-paragraph\"><em>Foto von Rory McKeever auf Unsplash<\/em><\/p>\n<p class=\"wp-block-paragraph\">\n<p><!-- Error, Advert is not available at this time due to schedule\/geolocation restrictions! --><\/p>\n","protected":false},"excerpt":{"rendered":"<p>Genf, Schweiz (WMO) \u2013 Laut einem neuen Update der Weltorganisation f\u00fcr Meteorologie (WMO) ist El Ni\u00f1o fest etabliert und wird sich in den kommenden Monaten<\/p>\n","protected":false},"author":1,"featured_media":16762,"comment_status":"closed","ping_status":"","sticky":false,"template":"","format":"standard","meta":{"footnotes":""},"categories":[101],"tags":[112,1151,8677,111,575,3385,8755,37,13096,27,71],"class_list":["post-16761","post","type-post","status-publish","format-standard","has-post-thumbnail","hentry","category-oekologie","tag-das","tag-erhoehen","tag-extremer","tag-nino","tag-risiko","tag-sehr","tag-stark","tag-und","tag-voraussichtlich","tag-werden","tag-wird","generate-columns","tablet-grid-50","mobile-grid-100","grid-parent","grid-50"],"yoast_head":"<!-- This site is optimized with the Yoast SEO plugin v27.3 - https:\/\/yoast.com\/product\/yoast-seo-wordpress\/ -->\n<title>El Ni\u00f1o wird voraussichtlich sehr stark werden und das Risiko extremer... erh\u00f6hen. - Nachrichten - Stra\u00dfenweb<\/title>\n<meta name=\"robots\" content=\"index, follow, max-snippet:-1, max-image-preview:large, max-video-preview:-1\" \/>\n<link rel=\"canonical\" href=\"https:\/\/www.strassenweb.de\/nachrichten\/el-nino-wird-voraussichtlich-sehr-stark-werden-und-das-risiko-extremer-erhoehen\/\" \/>\n<meta property=\"og:locale\" content=\"de_DE\" \/>\n<meta property=\"og:type\" content=\"article\" \/>\n<meta property=\"og:title\" content=\"El Ni\u00f1o wird voraussichtlich sehr stark werden und das Risiko extremer... erh\u00f6hen. - Nachrichten - Stra\u00dfenweb\" \/>\n<meta property=\"og:description\" content=\"Genf, Schweiz (WMO) \u2013 Laut einem neuen Update der Weltorganisation f\u00fcr Meteorologie (WMO) ist El Ni\u00f1o fest etabliert und wird sich in den kommenden Monaten\" \/>\n<meta property=\"og:url\" content=\"https:\/\/www.strassenweb.de\/nachrichten\/el-nino-wird-voraussichtlich-sehr-stark-werden-und-das-risiko-extremer-erhoehen\/\" \/>\n<meta property=\"og:site_name\" content=\"Stra\u00dfenweb\" \/>\n<meta property=\"article:publisher\" content=\"https:\/\/www.facebook.com\/strassenweb\/\" \/>\n<meta property=\"article:published_time\" content=\"2026-09-04T22:39:48+00:00\" \/>\n<meta property=\"article:modified_time\" content=\"2026-09-04T22:39:56+00:00\" \/>\n<meta property=\"og:image\" content=\"https:\/\/www.strassenweb.de\/nachrichten\/wp-content\/uploads\/2026\/09\/El-Nino-wird-voraussichtlich-sehr-stark-werden-und-das-Risiko.jpg\" \/>\n\t<meta property=\"og:image:width\" content=\"900\" \/>\n\t<meta property=\"og:image:height\" content=\"600\" \/>\n\t<meta property=\"og:image:type\" content=\"image\/jpeg\" \/>\n<meta name=\"author\" content=\"Robert Hoffmann\" \/>\n<meta name=\"twitter:card\" content=\"summary_large_image\" \/>\n<meta name=\"twitter:label1\" content=\"Verfasst von\" \/>\n\t<meta name=\"twitter:data1\" content=\"Robert Hoffmann\" \/>\n\t<meta name=\"twitter:label2\" content=\"Gesch\u00e4tzte Lesezeit\" \/>\n\t<meta name=\"twitter:data2\" content=\"7\u00a0Minuten\" \/>\n<script type=\"application\/ld+json\" class=\"yoast-schema-graph\">{\"@context\":\"https:\\\/\\\/schema.org\",\"@graph\":[{\"@type\":\"Article\",\"@id\":\"https:\\\/\\\/www.strassenweb.de\\\/nachrichten\\\/el-nino-wird-voraussichtlich-sehr-stark-werden-und-das-risiko-extremer-erhoehen\\\/#article\",\"isPartOf\":{\"@id\":\"https:\\\/\\\/www.strassenweb.de\\\/nachrichten\\\/el-nino-wird-voraussichtlich-sehr-stark-werden-und-das-risiko-extremer-erhoehen\\\/\"},\"author\":{\"name\":\"Robert Hoffmann\",\"@id\":\"https:\\\/\\\/www.strassenweb.de\\\/nachrichten\\\/#\\\/schema\\\/person\\\/87c9c9067f1211da429a744dc5a5aa41\"},\"headline\":\"El Ni\u00f1o wird voraussichtlich sehr stark werden und das Risiko extremer&#8230; erh\u00f6hen.\",\"datePublished\":\"2026-09-04T22:39:48+00:00\",\"dateModified\":\"2026-09-04T22:39:56+00:00\",\"mainEntityOfPage\":{\"@id\":\"https:\\\/\\\/www.strassenweb.de\\\/nachrichten\\\/el-nino-wird-voraussichtlich-sehr-stark-werden-und-das-risiko-extremer-erhoehen\\\/\"},\"wordCount\":1473,\"publisher\":{\"@id\":\"https:\\\/\\\/www.strassenweb.de\\\/nachrichten\\\/#organization\"},\"image\":{\"@id\":\"https:\\\/\\\/www.strassenweb.de\\\/nachrichten\\\/el-nino-wird-voraussichtlich-sehr-stark-werden-und-das-risiko-extremer-erhoehen\\\/#primaryimage\"},\"thumbnailUrl\":\"https:\\\/\\\/www.strassenweb.de\\\/nachrichten\\\/wp-content\\\/uploads\\\/2026\\\/09\\\/El-Nino-wird-voraussichtlich-sehr-stark-werden-und-das-Risiko.jpg\",\"keywords\":[\"das\",\"erh\u00f6hen\",\"extremer\",\"Ni\u00f1o\",\"Risiko\",\"sehr\",\"stark\",\"und\",\"voraussichtlich\",\"werden\",\"wird\"],\"articleSection\":[\"\u00d6kologie\"],\"inLanguage\":\"de\"},{\"@type\":\"WebPage\",\"@id\":\"https:\\\/\\\/www.strassenweb.de\\\/nachrichten\\\/el-nino-wird-voraussichtlich-sehr-stark-werden-und-das-risiko-extremer-erhoehen\\\/\",\"url\":\"https:\\\/\\\/www.strassenweb.de\\\/nachrichten\\\/el-nino-wird-voraussichtlich-sehr-stark-werden-und-das-risiko-extremer-erhoehen\\\/\",\"name\":\"El Ni\u00f1o wird voraussichtlich sehr stark werden und das Risiko extremer... erh\u00f6hen. - Nachrichten - Stra\u00dfenweb\",\"isPartOf\":{\"@id\":\"https:\\\/\\\/www.strassenweb.de\\\/nachrichten\\\/#website\"},\"primaryImageOfPage\":{\"@id\":\"https:\\\/\\\/www.strassenweb.de\\\/nachrichten\\\/el-nino-wird-voraussichtlich-sehr-stark-werden-und-das-risiko-extremer-erhoehen\\\/#primaryimage\"},\"image\":{\"@id\":\"https:\\\/\\\/www.strassenweb.de\\\/nachrichten\\\/el-nino-wird-voraussichtlich-sehr-stark-werden-und-das-risiko-extremer-erhoehen\\\/#primaryimage\"},\"thumbnailUrl\":\"https:\\\/\\\/www.strassenweb.de\\\/nachrichten\\\/wp-content\\\/uploads\\\/2026\\\/09\\\/El-Nino-wird-voraussichtlich-sehr-stark-werden-und-das-Risiko.jpg\",\"datePublished\":\"2026-09-04T22:39:48+00:00\",\"dateModified\":\"2026-09-04T22:39:56+00:00\",\"breadcrumb\":{\"@id\":\"https:\\\/\\\/www.strassenweb.de\\\/nachrichten\\\/el-nino-wird-voraussichtlich-sehr-stark-werden-und-das-risiko-extremer-erhoehen\\\/#breadcrumb\"},\"inLanguage\":\"de\",\"potentialAction\":[{\"@type\":\"ReadAction\",\"target\":[\"https:\\\/\\\/www.strassenweb.de\\\/nachrichten\\\/el-nino-wird-voraussichtlich-sehr-stark-werden-und-das-risiko-extremer-erhoehen\\\/\"]}]},{\"@type\":\"ImageObject\",\"inLanguage\":\"de\",\"@id\":\"https:\\\/\\\/www.strassenweb.de\\\/nachrichten\\\/el-nino-wird-voraussichtlich-sehr-stark-werden-und-das-risiko-extremer-erhoehen\\\/#primaryimage\",\"url\":\"https:\\\/\\\/www.strassenweb.de\\\/nachrichten\\\/wp-content\\\/uploads\\\/2026\\\/09\\\/El-Nino-wird-voraussichtlich-sehr-stark-werden-und-das-Risiko.jpg\",\"contentUrl\":\"https:\\\/\\\/www.strassenweb.de\\\/nachrichten\\\/wp-content\\\/uploads\\\/2026\\\/09\\\/El-Nino-wird-voraussichtlich-sehr-stark-werden-und-das-Risiko.jpg\",\"width\":900,\"height\":600,\"caption\":\"El Ni\u00f1o set to become very strong, raising risks of extreme weather into 2027\"},{\"@type\":\"BreadcrumbList\",\"@id\":\"https:\\\/\\\/www.strassenweb.de\\\/nachrichten\\\/el-nino-wird-voraussichtlich-sehr-stark-werden-und-das-risiko-extremer-erhoehen\\\/#breadcrumb\",\"itemListElement\":[{\"@type\":\"ListItem\",\"position\":1,\"name\":\"Home\",\"item\":\"https:\\\/\\\/www.strassenweb.de\\\/nachrichten\\\/\"},{\"@type\":\"ListItem\",\"position\":2,\"name\":\"El Ni\u00f1o wird voraussichtlich sehr stark werden und das Risiko extremer&#8230; erh\u00f6hen.\"}]},{\"@type\":\"WebSite\",\"@id\":\"https:\\\/\\\/www.strassenweb.de\\\/nachrichten\\\/#website\",\"url\":\"https:\\\/\\\/www.strassenweb.de\\\/nachrichten\\\/\",\"name\":\"Stra\u00dfenweb\",\"description\":\"Stra\u00dfenverzeichnis f\u00fcr Deutschland\",\"publisher\":{\"@id\":\"https:\\\/\\\/www.strassenweb.de\\\/nachrichten\\\/#organization\"},\"potentialAction\":[{\"@type\":\"SearchAction\",\"target\":{\"@type\":\"EntryPoint\",\"urlTemplate\":\"https:\\\/\\\/www.strassenweb.de\\\/nachrichten\\\/?s={search_term_string}\"},\"query-input\":{\"@type\":\"PropertyValueSpecification\",\"valueRequired\":true,\"valueName\":\"search_term_string\"}}],\"inLanguage\":\"de\"},{\"@type\":\"Organization\",\"@id\":\"https:\\\/\\\/www.strassenweb.de\\\/nachrichten\\\/#organization\",\"name\":\"Stra\u00dfenweb\",\"url\":\"https:\\\/\\\/www.strassenweb.de\\\/nachrichten\\\/\",\"logo\":{\"@type\":\"ImageObject\",\"inLanguage\":\"de\",\"@id\":\"https:\\\/\\\/www.strassenweb.de\\\/nachrichten\\\/#\\\/schema\\\/logo\\\/image\\\/\",\"url\":\"https:\\\/\\\/www.strassenweb.de\\\/nachrichten\\\/wp-content\\\/uploads\\\/2024\\\/09\\\/cropped-favicon.png\",\"contentUrl\":\"https:\\\/\\\/www.strassenweb.de\\\/nachrichten\\\/wp-content\\\/uploads\\\/2024\\\/09\\\/cropped-favicon.png\",\"width\":512,\"height\":512,\"caption\":\"Stra\u00dfenweb\"},\"image\":{\"@id\":\"https:\\\/\\\/www.strassenweb.de\\\/nachrichten\\\/#\\\/schema\\\/logo\\\/image\\\/\"},\"sameAs\":[\"https:\\\/\\\/www.facebook.com\\\/strassenweb\\\/\"]},{\"@type\":\"Person\",\"@id\":\"https:\\\/\\\/www.strassenweb.de\\\/nachrichten\\\/#\\\/schema\\\/person\\\/87c9c9067f1211da429a744dc5a5aa41\",\"name\":\"Robert Hoffmann\",\"image\":{\"@type\":\"ImageObject\",\"inLanguage\":\"de\",\"@id\":\"https:\\\/\\\/www.strassenweb.de\\\/nachrichten\\\/wp-content\\\/uploads\\\/2024\\\/09\\\/strassenweb-150x150.jpg\",\"url\":\"https:\\\/\\\/www.strassenweb.de\\\/nachrichten\\\/wp-content\\\/uploads\\\/2024\\\/09\\\/strassenweb-150x150.jpg\",\"contentUrl\":\"https:\\\/\\\/www.strassenweb.de\\\/nachrichten\\\/wp-content\\\/uploads\\\/2024\\\/09\\\/strassenweb-150x150.jpg\",\"caption\":\"Robert Hoffmann\"},\"description\":\"Ich hei\u00dfe Robert Hoffmann und ich bin ein leidenschaftlicher Verfechter von \u00d6kologie und Biodiversit\u00e4t. Seit meiner Kindheit in den W\u00e4ldern Bayerns f\u00fchle ich mich mit der Natur verbunden und bin entschlossen, sie zu sch\u00fctzen. Heute widme ich mein Leben der Sensibilisierung anderer f\u00fcr die Bedeutung des Umweltschutzes f\u00fcr zuk\u00fcnftige Generationen.\",\"sameAs\":[\"https:\\\/\\\/www.strassenweb.de\\\/\"]}]}<\/script>\n<!-- \/ Yoast SEO plugin. -->","yoast_head_json":{"title":"El Ni\u00f1o wird voraussichtlich sehr stark werden und das Risiko extremer... erh\u00f6hen. - Nachrichten - Stra\u00dfenweb","robots":{"index":"index","follow":"follow","max-snippet":"max-snippet:-1","max-image-preview":"max-image-preview:large","max-video-preview":"max-video-preview:-1"},"canonical":"https:\/\/www.strassenweb.de\/nachrichten\/el-nino-wird-voraussichtlich-sehr-stark-werden-und-das-risiko-extremer-erhoehen\/","og_locale":"de_DE","og_type":"article","og_title":"El Ni\u00f1o wird voraussichtlich sehr stark werden und das Risiko extremer... erh\u00f6hen. - Nachrichten - Stra\u00dfenweb","og_description":"Genf, Schweiz (WMO) \u2013 Laut einem neuen Update der Weltorganisation f\u00fcr Meteorologie (WMO) ist El Ni\u00f1o fest etabliert und wird sich in den kommenden Monaten","og_url":"https:\/\/www.strassenweb.de\/nachrichten\/el-nino-wird-voraussichtlich-sehr-stark-werden-und-das-risiko-extremer-erhoehen\/","og_site_name":"Stra\u00dfenweb","article_publisher":"https:\/\/www.facebook.com\/strassenweb\/","article_published_time":"2026-09-04T22:39:48+00:00","article_modified_time":"2026-09-04T22:39:56+00:00","og_image":[{"width":900,"height":600,"url":"https:\/\/www.strassenweb.de\/nachrichten\/wp-content\/uploads\/2026\/09\/El-Nino-wird-voraussichtlich-sehr-stark-werden-und-das-Risiko.jpg","type":"image\/jpeg"}],"author":"Robert Hoffmann","twitter_card":"summary_large_image","twitter_misc":{"Verfasst von":"Robert Hoffmann","Gesch\u00e4tzte Lesezeit":"7\u00a0Minuten"},"schema":{"@context":"https:\/\/schema.org","@graph":[{"@type":"Article","@id":"https:\/\/www.strassenweb.de\/nachrichten\/el-nino-wird-voraussichtlich-sehr-stark-werden-und-das-risiko-extremer-erhoehen\/#article","isPartOf":{"@id":"https:\/\/www.strassenweb.de\/nachrichten\/el-nino-wird-voraussichtlich-sehr-stark-werden-und-das-risiko-extremer-erhoehen\/"},"author":{"name":"Robert Hoffmann","@id":"https:\/\/www.strassenweb.de\/nachrichten\/#\/schema\/person\/87c9c9067f1211da429a744dc5a5aa41"},"headline":"El Ni\u00f1o wird voraussichtlich sehr stark werden und das Risiko extremer&#8230; erh\u00f6hen.","datePublished":"2026-09-04T22:39:48+00:00","dateModified":"2026-09-04T22:39:56+00:00","mainEntityOfPage":{"@id":"https:\/\/www.strassenweb.de\/nachrichten\/el-nino-wird-voraussichtlich-sehr-stark-werden-und-das-risiko-extremer-erhoehen\/"},"wordCount":1473,"publisher":{"@id":"https:\/\/www.strassenweb.de\/nachrichten\/#organization"},"image":{"@id":"https:\/\/www.strassenweb.de\/nachrichten\/el-nino-wird-voraussichtlich-sehr-stark-werden-und-das-risiko-extremer-erhoehen\/#primaryimage"},"thumbnailUrl":"https:\/\/www.strassenweb.de\/nachrichten\/wp-content\/uploads\/2026\/09\/El-Nino-wird-voraussichtlich-sehr-stark-werden-und-das-Risiko.jpg","keywords":["das","erh\u00f6hen","extremer","Ni\u00f1o","Risiko","sehr","stark","und","voraussichtlich","werden","wird"],"articleSection":["\u00d6kologie"],"inLanguage":"de"},{"@type":"WebPage","@id":"https:\/\/www.strassenweb.de\/nachrichten\/el-nino-wird-voraussichtlich-sehr-stark-werden-und-das-risiko-extremer-erhoehen\/","url":"https:\/\/www.strassenweb.de\/nachrichten\/el-nino-wird-voraussichtlich-sehr-stark-werden-und-das-risiko-extremer-erhoehen\/","name":"El Ni\u00f1o wird voraussichtlich sehr stark werden und das Risiko extremer... erh\u00f6hen. - Nachrichten - Stra\u00dfenweb","isPartOf":{"@id":"https:\/\/www.strassenweb.de\/nachrichten\/#website"},"primaryImageOfPage":{"@id":"https:\/\/www.strassenweb.de\/nachrichten\/el-nino-wird-voraussichtlich-sehr-stark-werden-und-das-risiko-extremer-erhoehen\/#primaryimage"},"image":{"@id":"https:\/\/www.strassenweb.de\/nachrichten\/el-nino-wird-voraussichtlich-sehr-stark-werden-und-das-risiko-extremer-erhoehen\/#primaryimage"},"thumbnailUrl":"https:\/\/www.strassenweb.de\/nachrichten\/wp-content\/uploads\/2026\/09\/El-Nino-wird-voraussichtlich-sehr-stark-werden-und-das-Risiko.jpg","datePublished":"2026-09-04T22:39:48+00:00","dateModified":"2026-09-04T22:39:56+00:00","breadcrumb":{"@id":"https:\/\/www.strassenweb.de\/nachrichten\/el-nino-wird-voraussichtlich-sehr-stark-werden-und-das-risiko-extremer-erhoehen\/#breadcrumb"},"inLanguage":"de","potentialAction":[{"@type":"ReadAction","target":["https:\/\/www.strassenweb.de\/nachrichten\/el-nino-wird-voraussichtlich-sehr-stark-werden-und-das-risiko-extremer-erhoehen\/"]}]},{"@type":"ImageObject","inLanguage":"de","@id":"https:\/\/www.strassenweb.de\/nachrichten\/el-nino-wird-voraussichtlich-sehr-stark-werden-und-das-risiko-extremer-erhoehen\/#primaryimage","url":"https:\/\/www.strassenweb.de\/nachrichten\/wp-content\/uploads\/2026\/09\/El-Nino-wird-voraussichtlich-sehr-stark-werden-und-das-Risiko.jpg","contentUrl":"https:\/\/www.strassenweb.de\/nachrichten\/wp-content\/uploads\/2026\/09\/El-Nino-wird-voraussichtlich-sehr-stark-werden-und-das-Risiko.jpg","width":900,"height":600,"caption":"El Ni\u00f1o set to become very strong, raising risks of extreme weather into 2027"},{"@type":"BreadcrumbList","@id":"https:\/\/www.strassenweb.de\/nachrichten\/el-nino-wird-voraussichtlich-sehr-stark-werden-und-das-risiko-extremer-erhoehen\/#breadcrumb","itemListElement":[{"@type":"ListItem","position":1,"name":"Home","item":"https:\/\/www.strassenweb.de\/nachrichten\/"},{"@type":"ListItem","position":2,"name":"El Ni\u00f1o wird voraussichtlich sehr stark werden und das Risiko extremer&#8230; erh\u00f6hen."}]},{"@type":"WebSite","@id":"https:\/\/www.strassenweb.de\/nachrichten\/#website","url":"https:\/\/www.strassenweb.de\/nachrichten\/","name":"Stra\u00dfenweb","description":"Stra\u00dfenverzeichnis f\u00fcr Deutschland","publisher":{"@id":"https:\/\/www.strassenweb.de\/nachrichten\/#organization"},"potentialAction":[{"@type":"SearchAction","target":{"@type":"EntryPoint","urlTemplate":"https:\/\/www.strassenweb.de\/nachrichten\/?s={search_term_string}"},"query-input":{"@type":"PropertyValueSpecification","valueRequired":true,"valueName":"search_term_string"}}],"inLanguage":"de"},{"@type":"Organization","@id":"https:\/\/www.strassenweb.de\/nachrichten\/#organization","name":"Stra\u00dfenweb","url":"https:\/\/www.strassenweb.de\/nachrichten\/","logo":{"@type":"ImageObject","inLanguage":"de","@id":"https:\/\/www.strassenweb.de\/nachrichten\/#\/schema\/logo\/image\/","url":"https:\/\/www.strassenweb.de\/nachrichten\/wp-content\/uploads\/2024\/09\/cropped-favicon.png","contentUrl":"https:\/\/www.strassenweb.de\/nachrichten\/wp-content\/uploads\/2024\/09\/cropped-favicon.png","width":512,"height":512,"caption":"Stra\u00dfenweb"},"image":{"@id":"https:\/\/www.strassenweb.de\/nachrichten\/#\/schema\/logo\/image\/"},"sameAs":["https:\/\/www.facebook.com\/strassenweb\/"]},{"@type":"Person","@id":"https:\/\/www.strassenweb.de\/nachrichten\/#\/schema\/person\/87c9c9067f1211da429a744dc5a5aa41","name":"Robert Hoffmann","image":{"@type":"ImageObject","inLanguage":"de","@id":"https:\/\/www.strassenweb.de\/nachrichten\/wp-content\/uploads\/2024\/09\/strassenweb-150x150.jpg","url":"https:\/\/www.strassenweb.de\/nachrichten\/wp-content\/uploads\/2024\/09\/strassenweb-150x150.jpg","contentUrl":"https:\/\/www.strassenweb.de\/nachrichten\/wp-content\/uploads\/2024\/09\/strassenweb-150x150.jpg","caption":"Robert Hoffmann"},"description":"Ich hei\u00dfe Robert Hoffmann und ich bin ein leidenschaftlicher Verfechter von \u00d6kologie und Biodiversit\u00e4t. Seit meiner Kindheit in den W\u00e4ldern Bayerns f\u00fchle ich mich mit der Natur verbunden und bin entschlossen, sie zu sch\u00fctzen. Heute widme ich mein Leben der Sensibilisierung anderer f\u00fcr die Bedeutung des Umweltschutzes f\u00fcr zuk\u00fcnftige Generationen.","sameAs":["https:\/\/www.strassenweb.de\/"]}]}},"_links":{"self":[{"href":"https:\/\/www.strassenweb.de\/nachrichten\/wp-json\/wp\/v2\/posts\/16761","targetHints":{"allow":["GET"]}}],"collection":[{"href":"https:\/\/www.strassenweb.de\/nachrichten\/wp-json\/wp\/v2\/posts"}],"about":[{"href":"https:\/\/www.strassenweb.de\/nachrichten\/wp-json\/wp\/v2\/types\/post"}],"author":[{"embeddable":true,"href":"https:\/\/www.strassenweb.de\/nachrichten\/wp-json\/wp\/v2\/users\/1"}],"replies":[{"embeddable":true,"href":"https:\/\/www.strassenweb.de\/nachrichten\/wp-json\/wp\/v2\/comments?post=16761"}],"version-history":[{"count":1,"href":"https:\/\/www.strassenweb.de\/nachrichten\/wp-json\/wp\/v2\/posts\/16761\/revisions"}],"predecessor-version":[{"id":16763,"href":"https:\/\/www.strassenweb.de\/nachrichten\/wp-json\/wp\/v2\/posts\/16761\/revisions\/16763"}],"wp:featuredmedia":[{"embeddable":true,"href":"https:\/\/www.strassenweb.de\/nachrichten\/wp-json\/wp\/v2\/media\/16762"}],"wp:attachment":[{"href":"https:\/\/www.strassenweb.de\/nachrichten\/wp-json\/wp\/v2\/media?parent=16761"}],"wp:term":[{"taxonomy":"category","embeddable":true,"href":"https:\/\/www.strassenweb.de\/nachrichten\/wp-json\/wp\/v2\/categories?post=16761"},{"taxonomy":"post_tag","embeddable":true,"href":"https:\/\/www.strassenweb.de\/nachrichten\/wp-json\/wp\/v2\/tags?post=16761"}],"curies":[{"name":"wp","href":"https:\/\/api.w.org\/{rel}","templated":true}]}}