{"id":16752,"date":"2026-09-04T18:41:17","date_gmt":"2026-09-04T16:41:17","guid":{"rendered":"https:\/\/www.strassenweb.de\/nachrichten\/mulls-wunderadler-kehrt-drei-jahre-nach-seinem-beinahe-toedlichen-sturz-zurueck\/"},"modified":"2026-09-04T18:41:26","modified_gmt":"2026-09-04T16:41:26","slug":"mulls-wunderadler-kehrt-drei-jahre-nach-seinem-beinahe-toedlichen-sturz-zurueck","status":"publish","type":"post","link":"https:\/\/www.strassenweb.de\/nachrichten\/mulls-wunderadler-kehrt-drei-jahre-nach-seinem-beinahe-toedlichen-sturz-zurueck\/","title":{"rendered":"Mulls Wunderadler kehrt drei Jahre nach seinem beinahe t\u00f6dlichen Sturz zur\u00fcck"},"content":{"rendered":"<p class=\"wp-block-paragraph\">Drei Jahre nachdem er als K\u00fcken aus seinem Nest gefallen war und sich einen Fl\u00fcgel gebrochen hatte, wurde in Mull ein \u201einspirierender\u201c Seeadler gesichtet.<\/p>\n<p class=\"wp-block-paragraph\">W\u00e4hrend eines Unwetters im Juli 2023 fiel ein m\u00e4nnliches Seeadlerk\u00fcken aus einem Nest in Mull und erlitt einen schweren Bruch seines linken Fl\u00fcgels.<\/p>\n<p class=\"wp-block-paragraph\">Obwohl das K\u00fcken \u2013 das von einem \u00f6rtlichen Skipper aufgrund des charakteristischen \u201eKnicks\u201c in seinem Fl\u00fcgel \u201eKinky\u201c genannt wurde \u2013 schlie\u00dflich fl\u00fcgge wurde, bef\u00fcrchteten Experten, dass es nicht in der Lage sein w\u00fcrde, unabh\u00e4ngig zu \u00fcberleben.<\/p>\n<p class=\"wp-block-paragraph\">Im folgenden Jahr wurde Kinky an einem neuen Nistplatz gesichtet, w\u00e4hrend er weiterhin von seinen Eltern gef\u00fcttert wurde \u2013 ein Verhalten, das bei dieser Art noch nie zuvor beobachtet wurde.<\/p>\n<p class=\"wp-block-paragraph\">Im Jahr 2025 legte RSPB Scotland Berufung ein, nachdem Kinkys Eltern erneut beim Br\u00fcten gesichtet wurden, was Anlass zur Sorge gab, dass Kinky seinen ersten Winter nicht alleine \u00fcberlebt hatte.<\/p>\n<p class=\"wp-block-paragraph\">Zum Gl\u00fcck wurde Kinky im Juli 2025 von Blair Ketteringham, einem Besatzungsmitglied des Mull Charters-Schiffes Lady Jayne, entdeckt, als er die Insel Eorsa im Loch na Keal in Mull umrundete.<\/p>\n<p class=\"wp-block-paragraph\">Jetzt wurde Kinky erneut auf der Insel gesichtet und es scheint ihm gut zu gehen.<\/p>\n<p class=\"wp-block-paragraph\">Der Naturforscher und Moderator Iolo Williams arbeitete als Wildtierf\u00fchrer f\u00fcr Nature Scotland Wildlife Tours, als Kinky auf Mull wieder auftauchte.<\/p>\n<p class=\"wp-block-paragraph\">Er sagte: \u201eIch hatte die unglaubliche Geschichte geh\u00f6rt, wie Kinky im Jahr 2023 allen Widrigkeiten zum Trotz \u00fcberlebte und dass seine Eltern sich \u00fcber ein Jahr sp\u00e4ter immer noch um ihn k\u00fcmmerten.<\/p>\n<p class=\"wp-block-paragraph\">\u201eEs ist also eine absolute Freude, ihn jetzt lebend und wohlauf zu sehen, im Alter von drei Jahren und nahe der Reife.<\/p>\n<p class=\"wp-block-paragraph\">\u201eKinky ist ein wirklich inspirierender Adler.\u201c<\/p>\n<p class=\"wp-block-paragraph\">Kinky wird erst mit etwa 5 Jahren geschlechtsreif und findet einen Partner.<\/p>\n<p class=\"wp-block-paragraph\">Allerdings entwickelt er bereits die Anf\u00e4nge seines erwachsenen Gefieders, zu dem auch die Ver\u00e4nderung seines Schwanzes von Braun zu dem charakteristischen Wei\u00df geh\u00f6rt, das der Art ihren Namen gibt.<\/p>\n<p class=\"wp-block-paragraph\">Mit zunehmendem Alter steigt das Konfliktpotenzial mit anderen Adlern.<\/p>\n<p class=\"wp-block-paragraph\">\u201eIch habe Ehrfurcht vor diesem Vogel!\u201c sagte RSPB-Botschafter Dave Sexton.<\/p>\n<p class=\"wp-block-paragraph\">\u201eEr hatte einen todesmutigen Start ins Leben, aber die Dinge werden noch schwieriger.<\/p>\n<p class=\"wp-block-paragraph\">\u201eWenn er sich der Reife n\u00e4hert und auf der Suche nach einem Partner und einem eigenen Revier ist, kann es sein, dass er mit etablierten Paaren in Konflikt ger\u00e4t, und das endet nicht immer gut.<\/p>\n<p class=\"wp-block-paragraph\">\u201eAber Kinky ist ein geborener \u00dcberlebensk\u00fcnstler; ich lasse ihm alles durchgehen.\u201c<\/p>\n<p class=\"wp-block-paragraph\">Im Jahr 1918 wurde der letzte in Gro\u00dfbritannien heimische Seeadler auf den Shetlandinseln geschossen.<\/p>\n<p class=\"wp-block-paragraph\">In Schottland wurde 1975 ein Wiederansiedlungsprojekt gestartet, mit dem sie eine sich selbst erhaltende Population aufbauen konnten.<\/p>\n<p class=\"wp-block-paragraph\">Bei weiteren Wiederansiedlungsprojekten kehrte die Art nach England und Nordirland zur\u00fcck.<\/p>\n<p class=\"wp-block-paragraph\">Mittlerweile gibt es in ganz Gro\u00dfbritannien rund 200 Paare.<\/p>\n<p class=\"wp-block-paragraph\"><em>Foto: Kinky the Eagle von Martin Keivers, 2024<\/em><\/p>\n<p><!-- Error, Advert is not available at this time due to schedule\/geolocation restrictions! --><\/p>\n","protected":false},"excerpt":{"rendered":"<p>Drei Jahre nachdem er als K\u00fcken aus seinem Nest gefallen war und sich einen Fl\u00fcgel gebrochen hatte, wurde in Mull ein \u201einspirierender\u201c Seeadler gesichtet. W\u00e4hrend<\/p>\n","protected":false},"author":1,"featured_media":16753,"comment_status":"closed","ping_status":"","sticky":false,"template":"","format":"standard","meta":{"footnotes":""},"categories":[101],"tags":[17269,851,831,12714,17267,341,1255,10000,16353,17268,309],"class_list":["post-16752","post","type-post","status-publish","format-standard","has-post-thumbnail","hentry","category-oekologie","tag-beinahe","tag-drei","tag-jahre","tag-kehrt","tag-mulls","tag-nach","tag-seinem","tag-sturz","tag-toedlichen","tag-wunderadler","tag-zurueck","generate-columns","tablet-grid-50","mobile-grid-100","grid-parent","grid-50"],"yoast_head":"<!-- This site is optimized with the Yoast SEO plugin v27.3 - https:\/\/yoast.com\/product\/yoast-seo-wordpress\/ -->\n<title>Mulls Wunderadler kehrt drei Jahre nach seinem beinahe t\u00f6dlichen Sturz zur\u00fcck - Nachrichten - Stra\u00dfenweb<\/title>\n<meta name=\"robots\" content=\"index, follow, max-snippet:-1, max-image-preview:large, max-video-preview:-1\" \/>\n<link rel=\"canonical\" href=\"https:\/\/www.strassenweb.de\/nachrichten\/mulls-wunderadler-kehrt-drei-jahre-nach-seinem-beinahe-toedlichen-sturz-zurueck\/\" \/>\n<meta property=\"og:locale\" content=\"de_DE\" \/>\n<meta property=\"og:type\" content=\"article\" \/>\n<meta property=\"og:title\" content=\"Mulls Wunderadler kehrt drei Jahre nach seinem beinahe t\u00f6dlichen Sturz zur\u00fcck - Nachrichten - Stra\u00dfenweb\" \/>\n<meta property=\"og:description\" content=\"Drei Jahre nachdem er als K\u00fcken aus seinem Nest gefallen war und sich einen Fl\u00fcgel gebrochen hatte, wurde in Mull ein \u201einspirierender\u201c Seeadler gesichtet. W\u00e4hrend\" \/>\n<meta property=\"og:url\" content=\"https:\/\/www.strassenweb.de\/nachrichten\/mulls-wunderadler-kehrt-drei-jahre-nach-seinem-beinahe-toedlichen-sturz-zurueck\/\" \/>\n<meta property=\"og:site_name\" content=\"Stra\u00dfenweb\" \/>\n<meta property=\"article:publisher\" content=\"https:\/\/www.facebook.com\/strassenweb\/\" \/>\n<meta property=\"article:published_time\" content=\"2026-09-04T16:41:17+00:00\" \/>\n<meta property=\"article:modified_time\" content=\"2026-09-04T16:41:26+00:00\" \/>\n<meta property=\"og:image\" content=\"https:\/\/www.strassenweb.de\/nachrichten\/wp-content\/uploads\/2026\/09\/Mulls-Wunderadler-kehrt-drei-Jahre-nach-seinem-beinahe-toedlichen-Sturz.jpg\" \/>\n\t<meta property=\"og:image:width\" content=\"900\" \/>\n\t<meta property=\"og:image:height\" content=\"650\" \/>\n\t<meta property=\"og:image:type\" content=\"image\/jpeg\" \/>\n<meta name=\"author\" content=\"Robert Hoffmann\" \/>\n<meta name=\"twitter:card\" content=\"summary_large_image\" \/>\n<meta name=\"twitter:label1\" content=\"Verfasst von\" \/>\n\t<meta name=\"twitter:data1\" content=\"Robert Hoffmann\" \/>\n\t<meta name=\"twitter:label2\" content=\"Gesch\u00e4tzte Lesezeit\" \/>\n\t<meta name=\"twitter:data2\" content=\"2\u00a0Minuten\" \/>\n<script type=\"application\/ld+json\" class=\"yoast-schema-graph\">{\"@context\":\"https:\\\/\\\/schema.org\",\"@graph\":[{\"@type\":\"Article\",\"@id\":\"https:\\\/\\\/www.strassenweb.de\\\/nachrichten\\\/mulls-wunderadler-kehrt-drei-jahre-nach-seinem-beinahe-toedlichen-sturz-zurueck\\\/#article\",\"isPartOf\":{\"@id\":\"https:\\\/\\\/www.strassenweb.de\\\/nachrichten\\\/mulls-wunderadler-kehrt-drei-jahre-nach-seinem-beinahe-toedlichen-sturz-zurueck\\\/\"},\"author\":{\"name\":\"Robert Hoffmann\",\"@id\":\"https:\\\/\\\/www.strassenweb.de\\\/nachrichten\\\/#\\\/schema\\\/person\\\/87c9c9067f1211da429a744dc5a5aa41\"},\"headline\":\"Mulls Wunderadler kehrt drei Jahre nach seinem beinahe t\u00f6dlichen Sturz zur\u00fcck\",\"datePublished\":\"2026-09-04T16:41:17+00:00\",\"dateModified\":\"2026-09-04T16:41:26+00:00\",\"mainEntityOfPage\":{\"@id\":\"https:\\\/\\\/www.strassenweb.de\\\/nachrichten\\\/mulls-wunderadler-kehrt-drei-jahre-nach-seinem-beinahe-toedlichen-sturz-zurueck\\\/\"},\"wordCount\":478,\"publisher\":{\"@id\":\"https:\\\/\\\/www.strassenweb.de\\\/nachrichten\\\/#organization\"},\"image\":{\"@id\":\"https:\\\/\\\/www.strassenweb.de\\\/nachrichten\\\/mulls-wunderadler-kehrt-drei-jahre-nach-seinem-beinahe-toedlichen-sturz-zurueck\\\/#primaryimage\"},\"thumbnailUrl\":\"https:\\\/\\\/www.strassenweb.de\\\/nachrichten\\\/wp-content\\\/uploads\\\/2026\\\/09\\\/Mulls-Wunderadler-kehrt-drei-Jahre-nach-seinem-beinahe-toedlichen-Sturz.jpg\",\"keywords\":[\"beinahe\",\"drei\",\"Jahre\",\"kehrt\",\"Mulls\",\"Nach\",\"seinem\",\"Sturz\",\"t\u00f6dlichen\",\"Wunderadler\",\"zur\u00fcck\"],\"articleSection\":[\"\u00d6kologie\"],\"inLanguage\":\"de\"},{\"@type\":\"WebPage\",\"@id\":\"https:\\\/\\\/www.strassenweb.de\\\/nachrichten\\\/mulls-wunderadler-kehrt-drei-jahre-nach-seinem-beinahe-toedlichen-sturz-zurueck\\\/\",\"url\":\"https:\\\/\\\/www.strassenweb.de\\\/nachrichten\\\/mulls-wunderadler-kehrt-drei-jahre-nach-seinem-beinahe-toedlichen-sturz-zurueck\\\/\",\"name\":\"Mulls Wunderadler kehrt drei Jahre nach seinem beinahe t\u00f6dlichen Sturz zur\u00fcck - Nachrichten - Stra\u00dfenweb\",\"isPartOf\":{\"@id\":\"https:\\\/\\\/www.strassenweb.de\\\/nachrichten\\\/#website\"},\"primaryImageOfPage\":{\"@id\":\"https:\\\/\\\/www.strassenweb.de\\\/nachrichten\\\/mulls-wunderadler-kehrt-drei-jahre-nach-seinem-beinahe-toedlichen-sturz-zurueck\\\/#primaryimage\"},\"image\":{\"@id\":\"https:\\\/\\\/www.strassenweb.de\\\/nachrichten\\\/mulls-wunderadler-kehrt-drei-jahre-nach-seinem-beinahe-toedlichen-sturz-zurueck\\\/#primaryimage\"},\"thumbnailUrl\":\"https:\\\/\\\/www.strassenweb.de\\\/nachrichten\\\/wp-content\\\/uploads\\\/2026\\\/09\\\/Mulls-Wunderadler-kehrt-drei-Jahre-nach-seinem-beinahe-toedlichen-Sturz.jpg\",\"datePublished\":\"2026-09-04T16:41:17+00:00\",\"dateModified\":\"2026-09-04T16:41:26+00:00\",\"breadcrumb\":{\"@id\":\"https:\\\/\\\/www.strassenweb.de\\\/nachrichten\\\/mulls-wunderadler-kehrt-drei-jahre-nach-seinem-beinahe-toedlichen-sturz-zurueck\\\/#breadcrumb\"},\"inLanguage\":\"de\",\"potentialAction\":[{\"@type\":\"ReadAction\",\"target\":[\"https:\\\/\\\/www.strassenweb.de\\\/nachrichten\\\/mulls-wunderadler-kehrt-drei-jahre-nach-seinem-beinahe-toedlichen-sturz-zurueck\\\/\"]}]},{\"@type\":\"ImageObject\",\"inLanguage\":\"de\",\"@id\":\"https:\\\/\\\/www.strassenweb.de\\\/nachrichten\\\/mulls-wunderadler-kehrt-drei-jahre-nach-seinem-beinahe-toedlichen-sturz-zurueck\\\/#primaryimage\",\"url\":\"https:\\\/\\\/www.strassenweb.de\\\/nachrichten\\\/wp-content\\\/uploads\\\/2026\\\/09\\\/Mulls-Wunderadler-kehrt-drei-Jahre-nach-seinem-beinahe-toedlichen-Sturz.jpg\",\"contentUrl\":\"https:\\\/\\\/www.strassenweb.de\\\/nachrichten\\\/wp-content\\\/uploads\\\/2026\\\/09\\\/Mulls-Wunderadler-kehrt-drei-Jahre-nach-seinem-beinahe-toedlichen-Sturz.jpg\",\"width\":900,\"height\":650,\"caption\":\"Mull\u2019s miracle Eagle returns three years on from near-fatal fall\"},{\"@type\":\"BreadcrumbList\",\"@id\":\"https:\\\/\\\/www.strassenweb.de\\\/nachrichten\\\/mulls-wunderadler-kehrt-drei-jahre-nach-seinem-beinahe-toedlichen-sturz-zurueck\\\/#breadcrumb\",\"itemListElement\":[{\"@type\":\"ListItem\",\"position\":1,\"name\":\"Home\",\"item\":\"https:\\\/\\\/www.strassenweb.de\\\/nachrichten\\\/\"},{\"@type\":\"ListItem\",\"position\":2,\"name\":\"Mulls Wunderadler kehrt drei Jahre nach seinem beinahe t\u00f6dlichen Sturz zur\u00fcck\"}]},{\"@type\":\"WebSite\",\"@id\":\"https:\\\/\\\/www.strassenweb.de\\\/nachrichten\\\/#website\",\"url\":\"https:\\\/\\\/www.strassenweb.de\\\/nachrichten\\\/\",\"name\":\"Stra\u00dfenweb\",\"description\":\"Stra\u00dfenverzeichnis f\u00fcr Deutschland\",\"publisher\":{\"@id\":\"https:\\\/\\\/www.strassenweb.de\\\/nachrichten\\\/#organization\"},\"potentialAction\":[{\"@type\":\"SearchAction\",\"target\":{\"@type\":\"EntryPoint\",\"urlTemplate\":\"https:\\\/\\\/www.strassenweb.de\\\/nachrichten\\\/?s={search_term_string}\"},\"query-input\":{\"@type\":\"PropertyValueSpecification\",\"valueRequired\":true,\"valueName\":\"search_term_string\"}}],\"inLanguage\":\"de\"},{\"@type\":\"Organization\",\"@id\":\"https:\\\/\\\/www.strassenweb.de\\\/nachrichten\\\/#organization\",\"name\":\"Stra\u00dfenweb\",\"url\":\"https:\\\/\\\/www.strassenweb.de\\\/nachrichten\\\/\",\"logo\":{\"@type\":\"ImageObject\",\"inLanguage\":\"de\",\"@id\":\"https:\\\/\\\/www.strassenweb.de\\\/nachrichten\\\/#\\\/schema\\\/logo\\\/image\\\/\",\"url\":\"https:\\\/\\\/www.strassenweb.de\\\/nachrichten\\\/wp-content\\\/uploads\\\/2024\\\/09\\\/cropped-favicon.png\",\"contentUrl\":\"https:\\\/\\\/www.strassenweb.de\\\/nachrichten\\\/wp-content\\\/uploads\\\/2024\\\/09\\\/cropped-favicon.png\",\"width\":512,\"height\":512,\"caption\":\"Stra\u00dfenweb\"},\"image\":{\"@id\":\"https:\\\/\\\/www.strassenweb.de\\\/nachrichten\\\/#\\\/schema\\\/logo\\\/image\\\/\"},\"sameAs\":[\"https:\\\/\\\/www.facebook.com\\\/strassenweb\\\/\"]},{\"@type\":\"Person\",\"@id\":\"https:\\\/\\\/www.strassenweb.de\\\/nachrichten\\\/#\\\/schema\\\/person\\\/87c9c9067f1211da429a744dc5a5aa41\",\"name\":\"Robert Hoffmann\",\"image\":{\"@type\":\"ImageObject\",\"inLanguage\":\"de\",\"@id\":\"https:\\\/\\\/www.strassenweb.de\\\/nachrichten\\\/wp-content\\\/uploads\\\/2024\\\/09\\\/strassenweb-150x150.jpg\",\"url\":\"https:\\\/\\\/www.strassenweb.de\\\/nachrichten\\\/wp-content\\\/uploads\\\/2024\\\/09\\\/strassenweb-150x150.jpg\",\"contentUrl\":\"https:\\\/\\\/www.strassenweb.de\\\/nachrichten\\\/wp-content\\\/uploads\\\/2024\\\/09\\\/strassenweb-150x150.jpg\",\"caption\":\"Robert Hoffmann\"},\"description\":\"Ich hei\u00dfe Robert Hoffmann und ich bin ein leidenschaftlicher Verfechter von \u00d6kologie und Biodiversit\u00e4t. Seit meiner Kindheit in den W\u00e4ldern Bayerns f\u00fchle ich mich mit der Natur verbunden und bin entschlossen, sie zu sch\u00fctzen. Heute widme ich mein Leben der Sensibilisierung anderer f\u00fcr die Bedeutung des Umweltschutzes f\u00fcr zuk\u00fcnftige Generationen.\",\"sameAs\":[\"https:\\\/\\\/www.strassenweb.de\\\/\"]}]}<\/script>\n<!-- \/ Yoast SEO plugin. -->","yoast_head_json":{"title":"Mulls Wunderadler kehrt drei Jahre nach seinem beinahe t\u00f6dlichen Sturz zur\u00fcck - Nachrichten - Stra\u00dfenweb","robots":{"index":"index","follow":"follow","max-snippet":"max-snippet:-1","max-image-preview":"max-image-preview:large","max-video-preview":"max-video-preview:-1"},"canonical":"https:\/\/www.strassenweb.de\/nachrichten\/mulls-wunderadler-kehrt-drei-jahre-nach-seinem-beinahe-toedlichen-sturz-zurueck\/","og_locale":"de_DE","og_type":"article","og_title":"Mulls Wunderadler kehrt drei Jahre nach seinem beinahe t\u00f6dlichen Sturz zur\u00fcck - Nachrichten - Stra\u00dfenweb","og_description":"Drei Jahre nachdem er als K\u00fcken aus seinem Nest gefallen war und sich einen Fl\u00fcgel gebrochen hatte, wurde in Mull ein \u201einspirierender\u201c Seeadler gesichtet. W\u00e4hrend","og_url":"https:\/\/www.strassenweb.de\/nachrichten\/mulls-wunderadler-kehrt-drei-jahre-nach-seinem-beinahe-toedlichen-sturz-zurueck\/","og_site_name":"Stra\u00dfenweb","article_publisher":"https:\/\/www.facebook.com\/strassenweb\/","article_published_time":"2026-09-04T16:41:17+00:00","article_modified_time":"2026-09-04T16:41:26+00:00","og_image":[{"width":900,"height":650,"url":"https:\/\/www.strassenweb.de\/nachrichten\/wp-content\/uploads\/2026\/09\/Mulls-Wunderadler-kehrt-drei-Jahre-nach-seinem-beinahe-toedlichen-Sturz.jpg","type":"image\/jpeg"}],"author":"Robert Hoffmann","twitter_card":"summary_large_image","twitter_misc":{"Verfasst von":"Robert Hoffmann","Gesch\u00e4tzte Lesezeit":"2\u00a0Minuten"},"schema":{"@context":"https:\/\/schema.org","@graph":[{"@type":"Article","@id":"https:\/\/www.strassenweb.de\/nachrichten\/mulls-wunderadler-kehrt-drei-jahre-nach-seinem-beinahe-toedlichen-sturz-zurueck\/#article","isPartOf":{"@id":"https:\/\/www.strassenweb.de\/nachrichten\/mulls-wunderadler-kehrt-drei-jahre-nach-seinem-beinahe-toedlichen-sturz-zurueck\/"},"author":{"name":"Robert Hoffmann","@id":"https:\/\/www.strassenweb.de\/nachrichten\/#\/schema\/person\/87c9c9067f1211da429a744dc5a5aa41"},"headline":"Mulls Wunderadler kehrt drei Jahre nach seinem beinahe t\u00f6dlichen Sturz zur\u00fcck","datePublished":"2026-09-04T16:41:17+00:00","dateModified":"2026-09-04T16:41:26+00:00","mainEntityOfPage":{"@id":"https:\/\/www.strassenweb.de\/nachrichten\/mulls-wunderadler-kehrt-drei-jahre-nach-seinem-beinahe-toedlichen-sturz-zurueck\/"},"wordCount":478,"publisher":{"@id":"https:\/\/www.strassenweb.de\/nachrichten\/#organization"},"image":{"@id":"https:\/\/www.strassenweb.de\/nachrichten\/mulls-wunderadler-kehrt-drei-jahre-nach-seinem-beinahe-toedlichen-sturz-zurueck\/#primaryimage"},"thumbnailUrl":"https:\/\/www.strassenweb.de\/nachrichten\/wp-content\/uploads\/2026\/09\/Mulls-Wunderadler-kehrt-drei-Jahre-nach-seinem-beinahe-toedlichen-Sturz.jpg","keywords":["beinahe","drei","Jahre","kehrt","Mulls","Nach","seinem","Sturz","t\u00f6dlichen","Wunderadler","zur\u00fcck"],"articleSection":["\u00d6kologie"],"inLanguage":"de"},{"@type":"WebPage","@id":"https:\/\/www.strassenweb.de\/nachrichten\/mulls-wunderadler-kehrt-drei-jahre-nach-seinem-beinahe-toedlichen-sturz-zurueck\/","url":"https:\/\/www.strassenweb.de\/nachrichten\/mulls-wunderadler-kehrt-drei-jahre-nach-seinem-beinahe-toedlichen-sturz-zurueck\/","name":"Mulls Wunderadler kehrt drei Jahre nach seinem beinahe t\u00f6dlichen Sturz zur\u00fcck - Nachrichten - Stra\u00dfenweb","isPartOf":{"@id":"https:\/\/www.strassenweb.de\/nachrichten\/#website"},"primaryImageOfPage":{"@id":"https:\/\/www.strassenweb.de\/nachrichten\/mulls-wunderadler-kehrt-drei-jahre-nach-seinem-beinahe-toedlichen-sturz-zurueck\/#primaryimage"},"image":{"@id":"https:\/\/www.strassenweb.de\/nachrichten\/mulls-wunderadler-kehrt-drei-jahre-nach-seinem-beinahe-toedlichen-sturz-zurueck\/#primaryimage"},"thumbnailUrl":"https:\/\/www.strassenweb.de\/nachrichten\/wp-content\/uploads\/2026\/09\/Mulls-Wunderadler-kehrt-drei-Jahre-nach-seinem-beinahe-toedlichen-Sturz.jpg","datePublished":"2026-09-04T16:41:17+00:00","dateModified":"2026-09-04T16:41:26+00:00","breadcrumb":{"@id":"https:\/\/www.strassenweb.de\/nachrichten\/mulls-wunderadler-kehrt-drei-jahre-nach-seinem-beinahe-toedlichen-sturz-zurueck\/#breadcrumb"},"inLanguage":"de","potentialAction":[{"@type":"ReadAction","target":["https:\/\/www.strassenweb.de\/nachrichten\/mulls-wunderadler-kehrt-drei-jahre-nach-seinem-beinahe-toedlichen-sturz-zurueck\/"]}]},{"@type":"ImageObject","inLanguage":"de","@id":"https:\/\/www.strassenweb.de\/nachrichten\/mulls-wunderadler-kehrt-drei-jahre-nach-seinem-beinahe-toedlichen-sturz-zurueck\/#primaryimage","url":"https:\/\/www.strassenweb.de\/nachrichten\/wp-content\/uploads\/2026\/09\/Mulls-Wunderadler-kehrt-drei-Jahre-nach-seinem-beinahe-toedlichen-Sturz.jpg","contentUrl":"https:\/\/www.strassenweb.de\/nachrichten\/wp-content\/uploads\/2026\/09\/Mulls-Wunderadler-kehrt-drei-Jahre-nach-seinem-beinahe-toedlichen-Sturz.jpg","width":900,"height":650,"caption":"Mull\u2019s miracle Eagle returns three years on from near-fatal fall"},{"@type":"BreadcrumbList","@id":"https:\/\/www.strassenweb.de\/nachrichten\/mulls-wunderadler-kehrt-drei-jahre-nach-seinem-beinahe-toedlichen-sturz-zurueck\/#breadcrumb","itemListElement":[{"@type":"ListItem","position":1,"name":"Home","item":"https:\/\/www.strassenweb.de\/nachrichten\/"},{"@type":"ListItem","position":2,"name":"Mulls Wunderadler kehrt drei Jahre nach seinem beinahe t\u00f6dlichen Sturz zur\u00fcck"}]},{"@type":"WebSite","@id":"https:\/\/www.strassenweb.de\/nachrichten\/#website","url":"https:\/\/www.strassenweb.de\/nachrichten\/","name":"Stra\u00dfenweb","description":"Stra\u00dfenverzeichnis f\u00fcr Deutschland","publisher":{"@id":"https:\/\/www.strassenweb.de\/nachrichten\/#organization"},"potentialAction":[{"@type":"SearchAction","target":{"@type":"EntryPoint","urlTemplate":"https:\/\/www.strassenweb.de\/nachrichten\/?s={search_term_string}"},"query-input":{"@type":"PropertyValueSpecification","valueRequired":true,"valueName":"search_term_string"}}],"inLanguage":"de"},{"@type":"Organization","@id":"https:\/\/www.strassenweb.de\/nachrichten\/#organization","name":"Stra\u00dfenweb","url":"https:\/\/www.strassenweb.de\/nachrichten\/","logo":{"@type":"ImageObject","inLanguage":"de","@id":"https:\/\/www.strassenweb.de\/nachrichten\/#\/schema\/logo\/image\/","url":"https:\/\/www.strassenweb.de\/nachrichten\/wp-content\/uploads\/2024\/09\/cropped-favicon.png","contentUrl":"https:\/\/www.strassenweb.de\/nachrichten\/wp-content\/uploads\/2024\/09\/cropped-favicon.png","width":512,"height":512,"caption":"Stra\u00dfenweb"},"image":{"@id":"https:\/\/www.strassenweb.de\/nachrichten\/#\/schema\/logo\/image\/"},"sameAs":["https:\/\/www.facebook.com\/strassenweb\/"]},{"@type":"Person","@id":"https:\/\/www.strassenweb.de\/nachrichten\/#\/schema\/person\/87c9c9067f1211da429a744dc5a5aa41","name":"Robert Hoffmann","image":{"@type":"ImageObject","inLanguage":"de","@id":"https:\/\/www.strassenweb.de\/nachrichten\/wp-content\/uploads\/2024\/09\/strassenweb-150x150.jpg","url":"https:\/\/www.strassenweb.de\/nachrichten\/wp-content\/uploads\/2024\/09\/strassenweb-150x150.jpg","contentUrl":"https:\/\/www.strassenweb.de\/nachrichten\/wp-content\/uploads\/2024\/09\/strassenweb-150x150.jpg","caption":"Robert Hoffmann"},"description":"Ich hei\u00dfe Robert Hoffmann und ich bin ein leidenschaftlicher Verfechter von \u00d6kologie und Biodiversit\u00e4t. Seit meiner Kindheit in den W\u00e4ldern Bayerns f\u00fchle ich mich mit der Natur verbunden und bin entschlossen, sie zu sch\u00fctzen. Heute widme ich mein Leben der Sensibilisierung anderer f\u00fcr die Bedeutung des Umweltschutzes f\u00fcr zuk\u00fcnftige Generationen.","sameAs":["https:\/\/www.strassenweb.de\/"]}]}},"_links":{"self":[{"href":"https:\/\/www.strassenweb.de\/nachrichten\/wp-json\/wp\/v2\/posts\/16752","targetHints":{"allow":["GET"]}}],"collection":[{"href":"https:\/\/www.strassenweb.de\/nachrichten\/wp-json\/wp\/v2\/posts"}],"about":[{"href":"https:\/\/www.strassenweb.de\/nachrichten\/wp-json\/wp\/v2\/types\/post"}],"author":[{"embeddable":true,"href":"https:\/\/www.strassenweb.de\/nachrichten\/wp-json\/wp\/v2\/users\/1"}],"replies":[{"embeddable":true,"href":"https:\/\/www.strassenweb.de\/nachrichten\/wp-json\/wp\/v2\/comments?post=16752"}],"version-history":[{"count":1,"href":"https:\/\/www.strassenweb.de\/nachrichten\/wp-json\/wp\/v2\/posts\/16752\/revisions"}],"predecessor-version":[{"id":16754,"href":"https:\/\/www.strassenweb.de\/nachrichten\/wp-json\/wp\/v2\/posts\/16752\/revisions\/16754"}],"wp:featuredmedia":[{"embeddable":true,"href":"https:\/\/www.strassenweb.de\/nachrichten\/wp-json\/wp\/v2\/media\/16753"}],"wp:attachment":[{"href":"https:\/\/www.strassenweb.de\/nachrichten\/wp-json\/wp\/v2\/media?parent=16752"}],"wp:term":[{"taxonomy":"category","embeddable":true,"href":"https:\/\/www.strassenweb.de\/nachrichten\/wp-json\/wp\/v2\/categories?post=16752"},{"taxonomy":"post_tag","embeddable":true,"href":"https:\/\/www.strassenweb.de\/nachrichten\/wp-json\/wp\/v2\/tags?post=16752"}],"curies":[{"name":"wp","href":"https:\/\/api.w.org\/{rel}","templated":true}]}}