{"id":16746,"date":"2026-09-04T15:39:17","date_gmt":"2026-09-04T13:39:17","guid":{"rendered":"https:\/\/www.strassenweb.de\/nachrichten\/der-verlust-der-biologischen-vielfalt-wird-als-wachsendes-nationales-sicherheitsproblem-erkannt-und\/"},"modified":"2026-09-04T15:39:28","modified_gmt":"2026-09-04T13:39:28","slug":"der-verlust-der-biologischen-vielfalt-wird-als-wachsendes-nationales-sicherheitsproblem-erkannt-und","status":"publish","type":"post","link":"https:\/\/www.strassenweb.de\/nachrichten\/der-verlust-der-biologischen-vielfalt-wird-als-wachsendes-nationales-sicherheitsproblem-erkannt-und\/","title":{"rendered":"Der Verlust der biologischen Vielfalt wird als wachsendes nationales Sicherheitsproblem erkannt und &#8230;"},"content":{"rendered":"<p class=\"wp-block-paragraph\">Der weltweite Verlust der biologischen Vielfalt und der Zusammenbruch von \u00d6kosystemen stellen Risiken f\u00fcr die nationale Sicherheit, Ern\u00e4hrungssicherheit und den Wohlstand Gro\u00dfbritanniens dar, hei\u00dft es in einer Einsch\u00e4tzung der Regierung, die diese Woche von Abgeordneten in Westminster Hall diskutiert wurde.<\/p>\n<p class=\"wp-block-paragraph\">Die im Januar von Defra ver\u00f6ffentlichte Bewertung untersucht, wie sich die Verschlechterung und der m\u00f6gliche Zusammenbruch kritischer \u00d6kosysteme auf das Vereinigte K\u00f6nigreich auswirken k\u00f6nnten. Es kommt zu dem Schluss, dass die Verschlechterung und der Zusammenbruch globaler \u00d6kosysteme die nationale Sicherheit und den Wohlstand des Vereinigten K\u00f6nigreichs gef\u00e4hrden, mit Auswirkungen wie St\u00f6rungen der Nahrungsmittel- und Wasserversorgung, verst\u00e4rkten Naturkatastrophen und allgemeiner geopolitischer Instabilit\u00e4t.<\/p>\n<p class=\"wp-block-paragraph\">Die Bewertung identifiziert sechs weltweit wichtige \u00d6kosystemregionen als entscheidend f\u00fcr die nationale Sicherheit des Vereinigten K\u00f6nigreichs: den Amazonas-Regenwald, das Kongobecken, s\u00fcdostasiatische Korallenriffe und Mangroven, den Himalaya und die borealen W\u00e4lder Russlands und Kanadas. Es kommt zu dem Schluss, dass alle diese \u00d6kosysteme auf dem Weg zum Zusammenbruch sind, wenn der derzeitige Verlust an biologischer Vielfalt anh\u00e4lt.<\/p>\n<p class=\"wp-block-paragraph\">Am 3. September fand in Westminster Hall eine Debatte \u00fcber die Bewertung statt, die den Abgeordneten Gelegenheit bot, \u00fcber die Auswirkungen der Verschlechterung und des Zusammenbruchs des \u00d6kosystems auf das Vereinigte K\u00f6nigreich nachzudenken.<\/p>\n<h4 class=\"wp-block-heading\">Naturverlust und nationale Widerstandsf\u00e4higkeit<\/h4>\n<p class=\"wp-block-paragraph\">Die staatliche Beurteilung unterscheidet zwischen \u00d6kosystemdegradation und \u00d6kosystemkollaps. Es definiert Degradation als eine langfristige Verringerung der Struktur, Funktionalit\u00e4t oder F\u00e4higkeit eines \u00d6kosystems, den Menschen Vorteile zu bieten, w\u00e4hrend ein Zusammenbruch auftritt, wenn ein \u00d6kosystem eine kritische Schwelle \u00fcberschreitet und wesentliche Funktionen oder Strukturen nicht mehr aufrechterhalten kann.<\/p>\n<p class=\"wp-block-paragraph\">Darin wird davor gewarnt, dass der Zusammenbruch des \u00d6kosystems Folgen haben k\u00f6nnte, die weit \u00fcber die direkt betroffenen Gebiete hinausgehen. Zu den m\u00f6glichen Auswirkungen z\u00e4hlen geringere Ernteertr\u00e4ge, Wasserunsicherheit, Zusammenbruch der Fischerei, Ver\u00e4nderungen des globalen Wettergeschehens, verst\u00e4rkter Wettbewerb um Ressourcen und gr\u00f6\u00dfere geopolitische Instabilit\u00e4t.<\/p>\n<p class=\"wp-block-paragraph\">Die Bewertung verdeutlicht auch die Ungewissheit \u00fcber den Zeitpunkt des Zusammenbruchs des \u00d6kosystems. Sie kommt zwar zu dem Schluss, dass jedes kritische \u00d6kosystem auf dem Weg zum Zusammenbruch ist, verleiht einigen Sch\u00e4tzungen dar\u00fcber, wann ein Zusammenbruch beginnen k\u00f6nnte, jedoch nur geringes oder mittleres Vertrauen.<\/p>\n<p class=\"wp-block-paragraph\">F\u00fcr das Vereinigte K\u00f6nigreich sind die Auswirkungen besonders relevant f\u00fcr die Ern\u00e4hrungssicherheit. Der Einsch\u00e4tzung zufolge ist das Land f\u00fcr einen Teil seiner Nahrungsmittel und D\u00fcngemittel auf Importe angewiesen und k\u00f6nnte einer gr\u00f6\u00dferen Anf\u00e4lligkeit ausgesetzt sein, wenn die Zerst\u00f6rung des \u00d6kosystems zum internationalen Wettbewerb um Nahrungsmittel und andere Ressourcen f\u00fchren w\u00fcrde.<\/p>\n<h4 class=\"wp-block-heading\">Der Zustand der Landschaft erh\u00f6ht die Klimaanf\u00e4lligkeit<\/h4>\n<p class=\"wp-block-paragraph\">Die Wildlife Trusts haben diese umfassenderen nationalen Sicherheitsbedenken mit dem Zustand der britischen Landschaften in Verbindung gebracht und argumentiert, dass jahrzehntelange Entw\u00e4sserung und Lebensraumzerst\u00f6rung ihre F\u00e4higkeit, extremen Wetterbedingungen standzuhalten, verringert haben.<\/p>\n<p class=\"wp-block-paragraph\">Die Organisation sagt, dass hei\u00dfere, trockenere Sommer und feuchtere Winter Landschaften zunehmenden Risiken durch Waldbr\u00e4nde, D\u00fcrre und \u00dcberschwemmungen aussetzen. Es wird argumentiert, dass die Wiederherstellung von Feuchtgebieten, Torfmooren, Fl\u00fcssen und \u00dcberschwemmungsgebieten dazu beitragen kann, dass Landschaften Wasser speichern und sie widerstandsf\u00e4higer gegen Klimaextreme machen.<\/p>\n<p class=\"wp-block-paragraph\">Laut The Wildlife Trusts hat England 90 % seiner Feuchtgebiete verloren, darunter fast eine halbe Million Teiche. Es weist auch auf die Entw\u00e4sserung von Hochmooren und Tieflandmooren, die Ver\u00e4nderung von Fl\u00fcssen und die weit verbreitete Nutzung von Feldentw\u00e4sserungen als Ver\u00e4nderungen hin, die die nat\u00fcrliche F\u00e4higkeit der Landschaft, Wasser zu speichern, verringert haben.<\/p>\n<p class=\"wp-block-paragraph\">Das Argument ist, dass die Wiederherstellung der Natur neben der Verbesserung der biologischen Vielfalt auch Vorteile bei der Anpassung an das Klima bringen kann, insbesondere wenn durch die Wiederherstellung nat\u00fcrliche hydrologische Prozesse wiederhergestellt werden.<\/p>\n<h4 class=\"wp-block-heading\">Zeugnisse aus wiederhergestellten Lebensr\u00e4umen<\/h4>\n<p class=\"wp-block-paragraph\">Der Wildlife Trusts verweist auf Beispiele aus seinem gesamten Netzwerk als Beweis f\u00fcr den potenziellen Beitrag naturbasierter Ans\u00e4tze.<\/p>\n<p class=\"wp-block-paragraph\">In Upton Heath in Dorset sagte die Organisation, dass der Lebensraum feuchter Moore letztes Jahr dazu beigetragen habe, die Ausbreitung eines Heidebrandes zu verlangsamen, und dass sich der Standort anschlie\u00dfend aufgrund der feuchten Bedingungen schneller erholt habe.<\/p>\n<p class=\"wp-block-paragraph\">In Shropshire haben nat\u00fcrliche Hochwasserschutzma\u00dfnahmen dazu beigetragen, Wasser zur\u00fcckzuhalten und Feuchtgebiete trotz D\u00fcrrebedingungen feucht zu halten.<\/p>\n<p class=\"wp-block-paragraph\">In Devon haben Biber Feuchtgebiete geschaffen, die w\u00e4hrend der D\u00fcrre Wasser zur\u00fcckhielten, und ihre D\u00e4mme schufen auch feuchtere Gebiete in ansonsten trockenen Landschaften.<\/p>\n<p class=\"wp-block-paragraph\">Dr. Rob Stoneman, Direktor f\u00fcr Landschaftswiederherstellung bei The Wildlife Trusts, sagte: \u201eDie Wiederherstellung der Natur ist eine der kosteng\u00fcnstigsten M\u00f6glichkeiten, um Gemeinden vor Klimaauswirkungen zu sch\u00fctzen \u2013 von Brandgefahr \u00fcber \u00dcberschwemmungen bis hin zum Anstieg des Meeresspiegels.\u201c<\/p>\n<p class=\"wp-block-paragraph\">Die Organisation argumentiert, dass diese Beispiele das Potenzial gesunder \u00d6kosysteme zeigen, als eine Art nat\u00fcrliche Infrastruktur zu fungieren und Dienste bereitzustellen, die Gemeinden und Landschaften bei der Bew\u00e4ltigung von Klimaextremen helfen k\u00f6nnen.<\/p>\n<h4 class=\"wp-block-heading\">Waldbrandrisiko und Lebensraummanagement<\/h4>\n<p class=\"wp-block-paragraph\">Waldbr\u00e4nde waren in diesem Jahr ein besonders sichtbares Beispiel f\u00fcr die Wechselwirkung zwischen Klimabedingungen und der Widerstandsf\u00e4higkeit der Landschaft.<\/p>\n<p class=\"wp-block-paragraph\">Laut Wildlife Trusts waren im Jahr 2026 mehr als 21.000 Hektar britischer Landschaft von Waldbr\u00e4nden betroffen. Sie f\u00fchren das erh\u00f6hte Risiko auf hei\u00dfere und trockenere Bedingungen in Kombination mit degradierten und entw\u00e4sserten Landschaften zur\u00fcck.<\/p>\n<p class=\"wp-block-paragraph\">Das Problem hat auch Kritik an einigen Formen der Wiederherstellung von Wildtieren hervorgerufen, wobei behauptet wird, dass Lebensr\u00e4ume wie Gestr\u00fcpp und Totholz die Menge der zum Verbrennen verf\u00fcgbaren Vegetation erh\u00f6hen k\u00f6nnen.<\/p>\n<p class=\"wp-block-paragraph\">Der Wildlife Trust lehnt dies als ausreichende Erkl\u00e4rung f\u00fcr die zunehmende Waldbrandgefahr ab. Darin wird argumentiert, dass die Entfernung von Wildtierhabitaten keine nachhaltige langfristige Reaktion sei, und es wird betont, dass sorgf\u00e4ltig platzierte Feuerschneisen, wo angebracht, weiterhin eine Rolle spielen.<\/p>\n<p class=\"wp-block-paragraph\">Sein Standpunkt ist, dass das Waldbrandrisiko zusammen mit den in seiner Analyse identifizierten zugrunde liegenden Faktoren angegangen werden muss: ein hei\u00dferes und trockeneres Klima, degradierte B\u00f6den und Landschaften mit verringerter nat\u00fcrlicher Widerstandsf\u00e4higkeit.<\/p>\n<h4 class=\"wp-block-heading\">Reaktion der Regierung<\/h4>\n<p class=\"wp-block-paragraph\">Umweltministerin Angela Eagle hat au\u00dferdem argumentiert, dass die Wiederherstellung nat\u00fcrlicher Systeme Teil der britischen Reaktion auf den Klimawandel sein sollte.<\/p>\n<p class=\"wp-block-paragraph\">Eagle schrieb im August im Guardian, dass die D\u00fcrre, Hitze und Waldbr\u00e4nde des Sommers die Argumente f\u00fcr Ma\u00dfnahmen verst\u00e4rken sollten, anstatt die Bem\u00fchungen zur Wiederherstellung der nat\u00fcrlichen Umwelt zu schw\u00e4chen.<\/p>\n<p class=\"wp-block-paragraph\">Sie schrieb: \u201eEs sollte ein Weckruf f\u00fcr diejenigen sein, die sagen, dass die Besorgnis \u00fcber die Klimakrise \u00fcbertrieben ist; dass wir uns einfach zur\u00fccklehnen und nichts tun sollten; oder Versuche, unsere nat\u00fcrliche Umwelt wiederherzustellen, zur\u00fcckweisen sollten. Als neue Umweltministerin werde ich das nicht zulassen.\u201c<\/p>\n<p class=\"wp-block-paragraph\">Eagle argumentierte au\u00dferdem, dass gesunde \u00d6kosysteme Wasser zur\u00fcckhalten und als nat\u00fcrliche Feuerschneise fungieren k\u00f6nnen, w\u00e4hrend die Anpassung an den Klimawandel kontinuierliche Aufmerksamkeit und Investitionen der Regierung erfordern w\u00fcrde.<\/p>\n<p class=\"wp-block-paragraph\">Die Wildlife Trusts begr\u00fc\u00dften diese Anerkennung der Rolle gesunder \u00d6kosysteme bei der Wasserspeicherung, der Reduzierung der Waldbrandgefahr und der Unterst\u00fctzung von Gemeinden bei der Anpassung an den Klimawandel. Sie fordert, st\u00e4rker in naturbasierte L\u00f6sungen zu investieren, anstatt sich vorrangig auf kurzfristige Reaktionen auf einzelne Extremwetterereignisse zu verlassen.<\/p>\n<h4 class=\"wp-block-heading\">Wiederherstellung der Widerstandsf\u00e4higkeit durch Erholung der Natur<\/h4>\n<p class=\"wp-block-paragraph\">Die Wildlife Trusts fordern staatliche Ma\u00dfnahmen in drei Bereichen.<\/p>\n<p class=\"wp-block-paragraph\">Erstens m\u00f6chte sie einen st\u00e4rkeren Schwerpunkt auf die Wiederherstellung feuchterer und widerstandsf\u00e4higerer Landschaften legen, und zwar durch Ma\u00dfnahmen wie die Wiedervern\u00e4ssung von Torfmooren, die Schaffung von Feuchtgebieten und eine naturfreundlichere Landbewirtschaftung.<\/p>\n<p class=\"wp-block-paragraph\">Zweitens fordert sie schnellere Ma\u00dfnahmen zur Reduzierung der Treibhausgasemissionen und ein Ende der Abh\u00e4ngigkeit von fossilen Brennstoffen und argumentiert, dass die Anpassung mit Bem\u00fchungen zur Begrenzung des weiteren Klimawandels einhergehen muss.<\/p>\n<p class=\"wp-block-paragraph\">Drittens m\u00f6chte sie, dass die Natur als wesentliche Infrastruktur behandelt wird, wenn Entscheidungen \u00fcber Wohnen, Verkehr und andere Entwicklungen getroffen werden. Als Beispiele daf\u00fcr, wie nat\u00fcrliche Systeme zur Klimaresilienz beitragen k\u00f6nnen, nennt die Organisation Ma\u00dfnahmen wie von B\u00e4umen ges\u00e4umte Stra\u00dfen und st\u00e4dtische Entw\u00e4sserungssysteme.<\/p>\n<p class=\"wp-block-paragraph\">Sie fordert au\u00dferdem, dass die R\u00e4te im Rahmen des Regierungsansatzes zur englischen Dezentralisierung gr\u00f6\u00dfere Befugnisse erhalten, um naturbasierte Ma\u00dfnahmen zum Schutz der Gemeinden vor zunehmenden Klimarisiken einzusetzen.<\/p>\n<p class=\"wp-block-paragraph\">Die umfassendere Bedeutung der Westminster-Hall-Debatte besteht darin, dass der Verlust der biologischen Vielfalt zunehmend neben herk\u00f6mmlichen Risiken f\u00fcr die nationale Sicherheit und Widerstandsf\u00e4higkeit betrachtet wird. In der Einsch\u00e4tzung der Regierung wird das Potenzial einer Verschlechterung und eines Zusammenbruchs von \u00d6kosystemen festgestellt, die Auswirkungen auf Ern\u00e4hrung, Wasser, wirtschaftliche Stabilit\u00e4t und geopolitische Sicherheit haben k\u00f6nnten, w\u00e4hrend The Wildlife Trusts argumentiert, dass die Wiederherstellung von \u00d6kosystemen im Vereinigten K\u00f6nigreich Teil der Reaktion des Landes auf diese Risiken sein sollte.<\/p>\n<p class=\"wp-block-paragraph\"><em>Weitere Informationen zu diesem Thema finden Sie im neuesten Blog von The Wildlife Trust: Wir haben Gro\u00dfbritannien trockengelegt. Jetzt sehen wir zu, wie es brennt | Die Wildlife Trusts<\/em><\/p>\n<p class=\"wp-block-paragraph\"><em>Foto von Valentin Salja auf Unsplash<\/em><\/p>\n<p class=\"wp-block-paragraph\">\n<p><!-- Error, Advert is not available at this time due to schedule\/geolocation restrictions! --><\/p>\n","protected":false},"excerpt":{"rendered":"<p>Der weltweite Verlust der biologischen Vielfalt und der Zusammenbruch von \u00d6kosystemen stellen Risiken f\u00fcr die nationale Sicherheit, Ern\u00e4hrungssicherheit und den Wohlstand Gro\u00dfbritanniens dar, hei\u00dft es<\/p>\n","protected":false},"author":1,"featured_media":16747,"comment_status":"closed","ping_status":"","sticky":false,"template":"","format":"standard","meta":{"footnotes":""},"categories":[101],"tags":[935,3022,81,17264,17262,17263,37,8847,3023,17261,71],"class_list":["post-16746","post","type-post","status-publish","format-standard","has-post-thumbnail","hentry","category-oekologie","tag-als","tag-biologischen","tag-der","tag-erkannt","tag-nationales","tag-sicherheitsproblem","tag-und","tag-verlust","tag-vielfalt","tag-wachsendes","tag-wird","generate-columns","tablet-grid-50","mobile-grid-100","grid-parent","grid-50"],"yoast_head":"<!-- This site is optimized with the Yoast SEO plugin v27.3 - https:\/\/yoast.com\/product\/yoast-seo-wordpress\/ -->\n<title>Der Verlust der biologischen Vielfalt wird als wachsendes nationales Sicherheitsproblem erkannt und ... - Nachrichten - Stra\u00dfenweb<\/title>\n<meta name=\"robots\" content=\"index, follow, max-snippet:-1, max-image-preview:large, max-video-preview:-1\" \/>\n<link rel=\"canonical\" href=\"https:\/\/www.strassenweb.de\/nachrichten\/der-verlust-der-biologischen-vielfalt-wird-als-wachsendes-nationales-sicherheitsproblem-erkannt-und\/\" \/>\n<meta property=\"og:locale\" content=\"de_DE\" \/>\n<meta property=\"og:type\" content=\"article\" \/>\n<meta property=\"og:title\" content=\"Der Verlust der biologischen Vielfalt wird als wachsendes nationales Sicherheitsproblem erkannt und ... - Nachrichten - Stra\u00dfenweb\" \/>\n<meta property=\"og:description\" content=\"Der weltweite Verlust der biologischen Vielfalt und der Zusammenbruch von \u00d6kosystemen stellen Risiken f\u00fcr die nationale Sicherheit, Ern\u00e4hrungssicherheit und den Wohlstand Gro\u00dfbritanniens dar, hei\u00dft es\" \/>\n<meta property=\"og:url\" content=\"https:\/\/www.strassenweb.de\/nachrichten\/der-verlust-der-biologischen-vielfalt-wird-als-wachsendes-nationales-sicherheitsproblem-erkannt-und\/\" \/>\n<meta property=\"og:site_name\" content=\"Stra\u00dfenweb\" \/>\n<meta property=\"article:publisher\" content=\"https:\/\/www.facebook.com\/strassenweb\/\" \/>\n<meta property=\"article:published_time\" content=\"2026-09-04T13:39:17+00:00\" \/>\n<meta property=\"article:modified_time\" content=\"2026-09-04T13:39:28+00:00\" \/>\n<meta property=\"og:image\" content=\"https:\/\/www.strassenweb.de\/nachrichten\/wp-content\/uploads\/2026\/09\/Der-Verlust-der-biologischen-Vielfalt-wird-als-wachsendes-nationales-Sicherheitsproblem.jpg\" \/>\n\t<meta property=\"og:image:width\" content=\"900\" \/>\n\t<meta property=\"og:image:height\" content=\"561\" \/>\n\t<meta property=\"og:image:type\" content=\"image\/jpeg\" \/>\n<meta name=\"author\" content=\"Robert Hoffmann\" \/>\n<meta name=\"twitter:card\" content=\"summary_large_image\" \/>\n<meta name=\"twitter:label1\" content=\"Verfasst von\" \/>\n\t<meta name=\"twitter:data1\" content=\"Robert Hoffmann\" \/>\n\t<meta name=\"twitter:label2\" content=\"Gesch\u00e4tzte Lesezeit\" \/>\n\t<meta name=\"twitter:data2\" content=\"7\u00a0Minuten\" \/>\n<script type=\"application\/ld+json\" class=\"yoast-schema-graph\">{\"@context\":\"https:\\\/\\\/schema.org\",\"@graph\":[{\"@type\":\"Article\",\"@id\":\"https:\\\/\\\/www.strassenweb.de\\\/nachrichten\\\/der-verlust-der-biologischen-vielfalt-wird-als-wachsendes-nationales-sicherheitsproblem-erkannt-und\\\/#article\",\"isPartOf\":{\"@id\":\"https:\\\/\\\/www.strassenweb.de\\\/nachrichten\\\/der-verlust-der-biologischen-vielfalt-wird-als-wachsendes-nationales-sicherheitsproblem-erkannt-und\\\/\"},\"author\":{\"name\":\"Robert Hoffmann\",\"@id\":\"https:\\\/\\\/www.strassenweb.de\\\/nachrichten\\\/#\\\/schema\\\/person\\\/87c9c9067f1211da429a744dc5a5aa41\"},\"headline\":\"Der Verlust der biologischen Vielfalt wird als wachsendes nationales Sicherheitsproblem erkannt und &#8230;\",\"datePublished\":\"2026-09-04T13:39:17+00:00\",\"dateModified\":\"2026-09-04T13:39:28+00:00\",\"mainEntityOfPage\":{\"@id\":\"https:\\\/\\\/www.strassenweb.de\\\/nachrichten\\\/der-verlust-der-biologischen-vielfalt-wird-als-wachsendes-nationales-sicherheitsproblem-erkannt-und\\\/\"},\"wordCount\":1472,\"publisher\":{\"@id\":\"https:\\\/\\\/www.strassenweb.de\\\/nachrichten\\\/#organization\"},\"image\":{\"@id\":\"https:\\\/\\\/www.strassenweb.de\\\/nachrichten\\\/der-verlust-der-biologischen-vielfalt-wird-als-wachsendes-nationales-sicherheitsproblem-erkannt-und\\\/#primaryimage\"},\"thumbnailUrl\":\"https:\\\/\\\/www.strassenweb.de\\\/nachrichten\\\/wp-content\\\/uploads\\\/2026\\\/09\\\/Der-Verlust-der-biologischen-Vielfalt-wird-als-wachsendes-nationales-Sicherheitsproblem.jpg\",\"keywords\":[\"als\",\"biologischen\",\"der\",\"erkannt\",\"nationales\",\"Sicherheitsproblem\",\"und\",\"Verlust\",\"Vielfalt\",\"wachsendes\",\"wird\"],\"articleSection\":[\"\u00d6kologie\"],\"inLanguage\":\"de\"},{\"@type\":\"WebPage\",\"@id\":\"https:\\\/\\\/www.strassenweb.de\\\/nachrichten\\\/der-verlust-der-biologischen-vielfalt-wird-als-wachsendes-nationales-sicherheitsproblem-erkannt-und\\\/\",\"url\":\"https:\\\/\\\/www.strassenweb.de\\\/nachrichten\\\/der-verlust-der-biologischen-vielfalt-wird-als-wachsendes-nationales-sicherheitsproblem-erkannt-und\\\/\",\"name\":\"Der Verlust der biologischen Vielfalt wird als wachsendes nationales Sicherheitsproblem erkannt und ... - Nachrichten - Stra\u00dfenweb\",\"isPartOf\":{\"@id\":\"https:\\\/\\\/www.strassenweb.de\\\/nachrichten\\\/#website\"},\"primaryImageOfPage\":{\"@id\":\"https:\\\/\\\/www.strassenweb.de\\\/nachrichten\\\/der-verlust-der-biologischen-vielfalt-wird-als-wachsendes-nationales-sicherheitsproblem-erkannt-und\\\/#primaryimage\"},\"image\":{\"@id\":\"https:\\\/\\\/www.strassenweb.de\\\/nachrichten\\\/der-verlust-der-biologischen-vielfalt-wird-als-wachsendes-nationales-sicherheitsproblem-erkannt-und\\\/#primaryimage\"},\"thumbnailUrl\":\"https:\\\/\\\/www.strassenweb.de\\\/nachrichten\\\/wp-content\\\/uploads\\\/2026\\\/09\\\/Der-Verlust-der-biologischen-Vielfalt-wird-als-wachsendes-nationales-Sicherheitsproblem.jpg\",\"datePublished\":\"2026-09-04T13:39:17+00:00\",\"dateModified\":\"2026-09-04T13:39:28+00:00\",\"breadcrumb\":{\"@id\":\"https:\\\/\\\/www.strassenweb.de\\\/nachrichten\\\/der-verlust-der-biologischen-vielfalt-wird-als-wachsendes-nationales-sicherheitsproblem-erkannt-und\\\/#breadcrumb\"},\"inLanguage\":\"de\",\"potentialAction\":[{\"@type\":\"ReadAction\",\"target\":[\"https:\\\/\\\/www.strassenweb.de\\\/nachrichten\\\/der-verlust-der-biologischen-vielfalt-wird-als-wachsendes-nationales-sicherheitsproblem-erkannt-und\\\/\"]}]},{\"@type\":\"ImageObject\",\"inLanguage\":\"de\",\"@id\":\"https:\\\/\\\/www.strassenweb.de\\\/nachrichten\\\/der-verlust-der-biologischen-vielfalt-wird-als-wachsendes-nationales-sicherheitsproblem-erkannt-und\\\/#primaryimage\",\"url\":\"https:\\\/\\\/www.strassenweb.de\\\/nachrichten\\\/wp-content\\\/uploads\\\/2026\\\/09\\\/Der-Verlust-der-biologischen-Vielfalt-wird-als-wachsendes-nationales-Sicherheitsproblem.jpg\",\"contentUrl\":\"https:\\\/\\\/www.strassenweb.de\\\/nachrichten\\\/wp-content\\\/uploads\\\/2026\\\/09\\\/Der-Verlust-der-biologischen-Vielfalt-wird-als-wachsendes-nationales-Sicherheitsproblem.jpg\",\"width\":900,\"height\":561,\"caption\":\"Biodiversity loss recognised as a growing national security and resilience risk\"},{\"@type\":\"BreadcrumbList\",\"@id\":\"https:\\\/\\\/www.strassenweb.de\\\/nachrichten\\\/der-verlust-der-biologischen-vielfalt-wird-als-wachsendes-nationales-sicherheitsproblem-erkannt-und\\\/#breadcrumb\",\"itemListElement\":[{\"@type\":\"ListItem\",\"position\":1,\"name\":\"Home\",\"item\":\"https:\\\/\\\/www.strassenweb.de\\\/nachrichten\\\/\"},{\"@type\":\"ListItem\",\"position\":2,\"name\":\"Der Verlust der biologischen Vielfalt wird als wachsendes nationales Sicherheitsproblem erkannt und &#8230;\"}]},{\"@type\":\"WebSite\",\"@id\":\"https:\\\/\\\/www.strassenweb.de\\\/nachrichten\\\/#website\",\"url\":\"https:\\\/\\\/www.strassenweb.de\\\/nachrichten\\\/\",\"name\":\"Stra\u00dfenweb\",\"description\":\"Stra\u00dfenverzeichnis f\u00fcr Deutschland\",\"publisher\":{\"@id\":\"https:\\\/\\\/www.strassenweb.de\\\/nachrichten\\\/#organization\"},\"potentialAction\":[{\"@type\":\"SearchAction\",\"target\":{\"@type\":\"EntryPoint\",\"urlTemplate\":\"https:\\\/\\\/www.strassenweb.de\\\/nachrichten\\\/?s={search_term_string}\"},\"query-input\":{\"@type\":\"PropertyValueSpecification\",\"valueRequired\":true,\"valueName\":\"search_term_string\"}}],\"inLanguage\":\"de\"},{\"@type\":\"Organization\",\"@id\":\"https:\\\/\\\/www.strassenweb.de\\\/nachrichten\\\/#organization\",\"name\":\"Stra\u00dfenweb\",\"url\":\"https:\\\/\\\/www.strassenweb.de\\\/nachrichten\\\/\",\"logo\":{\"@type\":\"ImageObject\",\"inLanguage\":\"de\",\"@id\":\"https:\\\/\\\/www.strassenweb.de\\\/nachrichten\\\/#\\\/schema\\\/logo\\\/image\\\/\",\"url\":\"https:\\\/\\\/www.strassenweb.de\\\/nachrichten\\\/wp-content\\\/uploads\\\/2024\\\/09\\\/cropped-favicon.png\",\"contentUrl\":\"https:\\\/\\\/www.strassenweb.de\\\/nachrichten\\\/wp-content\\\/uploads\\\/2024\\\/09\\\/cropped-favicon.png\",\"width\":512,\"height\":512,\"caption\":\"Stra\u00dfenweb\"},\"image\":{\"@id\":\"https:\\\/\\\/www.strassenweb.de\\\/nachrichten\\\/#\\\/schema\\\/logo\\\/image\\\/\"},\"sameAs\":[\"https:\\\/\\\/www.facebook.com\\\/strassenweb\\\/\"]},{\"@type\":\"Person\",\"@id\":\"https:\\\/\\\/www.strassenweb.de\\\/nachrichten\\\/#\\\/schema\\\/person\\\/87c9c9067f1211da429a744dc5a5aa41\",\"name\":\"Robert Hoffmann\",\"image\":{\"@type\":\"ImageObject\",\"inLanguage\":\"de\",\"@id\":\"https:\\\/\\\/www.strassenweb.de\\\/nachrichten\\\/wp-content\\\/uploads\\\/2024\\\/09\\\/strassenweb-150x150.jpg\",\"url\":\"https:\\\/\\\/www.strassenweb.de\\\/nachrichten\\\/wp-content\\\/uploads\\\/2024\\\/09\\\/strassenweb-150x150.jpg\",\"contentUrl\":\"https:\\\/\\\/www.strassenweb.de\\\/nachrichten\\\/wp-content\\\/uploads\\\/2024\\\/09\\\/strassenweb-150x150.jpg\",\"caption\":\"Robert Hoffmann\"},\"description\":\"Ich hei\u00dfe Robert Hoffmann und ich bin ein leidenschaftlicher Verfechter von \u00d6kologie und Biodiversit\u00e4t. Seit meiner Kindheit in den W\u00e4ldern Bayerns f\u00fchle ich mich mit der Natur verbunden und bin entschlossen, sie zu sch\u00fctzen. Heute widme ich mein Leben der Sensibilisierung anderer f\u00fcr die Bedeutung des Umweltschutzes f\u00fcr zuk\u00fcnftige Generationen.\",\"sameAs\":[\"https:\\\/\\\/www.strassenweb.de\\\/\"]}]}<\/script>\n<!-- \/ Yoast SEO plugin. -->","yoast_head_json":{"title":"Der Verlust der biologischen Vielfalt wird als wachsendes nationales Sicherheitsproblem erkannt und ... - Nachrichten - Stra\u00dfenweb","robots":{"index":"index","follow":"follow","max-snippet":"max-snippet:-1","max-image-preview":"max-image-preview:large","max-video-preview":"max-video-preview:-1"},"canonical":"https:\/\/www.strassenweb.de\/nachrichten\/der-verlust-der-biologischen-vielfalt-wird-als-wachsendes-nationales-sicherheitsproblem-erkannt-und\/","og_locale":"de_DE","og_type":"article","og_title":"Der Verlust der biologischen Vielfalt wird als wachsendes nationales Sicherheitsproblem erkannt und ... - Nachrichten - Stra\u00dfenweb","og_description":"Der weltweite Verlust der biologischen Vielfalt und der Zusammenbruch von \u00d6kosystemen stellen Risiken f\u00fcr die nationale Sicherheit, Ern\u00e4hrungssicherheit und den Wohlstand Gro\u00dfbritanniens dar, hei\u00dft es","og_url":"https:\/\/www.strassenweb.de\/nachrichten\/der-verlust-der-biologischen-vielfalt-wird-als-wachsendes-nationales-sicherheitsproblem-erkannt-und\/","og_site_name":"Stra\u00dfenweb","article_publisher":"https:\/\/www.facebook.com\/strassenweb\/","article_published_time":"2026-09-04T13:39:17+00:00","article_modified_time":"2026-09-04T13:39:28+00:00","og_image":[{"width":900,"height":561,"url":"https:\/\/www.strassenweb.de\/nachrichten\/wp-content\/uploads\/2026\/09\/Der-Verlust-der-biologischen-Vielfalt-wird-als-wachsendes-nationales-Sicherheitsproblem.jpg","type":"image\/jpeg"}],"author":"Robert Hoffmann","twitter_card":"summary_large_image","twitter_misc":{"Verfasst von":"Robert Hoffmann","Gesch\u00e4tzte Lesezeit":"7\u00a0Minuten"},"schema":{"@context":"https:\/\/schema.org","@graph":[{"@type":"Article","@id":"https:\/\/www.strassenweb.de\/nachrichten\/der-verlust-der-biologischen-vielfalt-wird-als-wachsendes-nationales-sicherheitsproblem-erkannt-und\/#article","isPartOf":{"@id":"https:\/\/www.strassenweb.de\/nachrichten\/der-verlust-der-biologischen-vielfalt-wird-als-wachsendes-nationales-sicherheitsproblem-erkannt-und\/"},"author":{"name":"Robert Hoffmann","@id":"https:\/\/www.strassenweb.de\/nachrichten\/#\/schema\/person\/87c9c9067f1211da429a744dc5a5aa41"},"headline":"Der Verlust der biologischen Vielfalt wird als wachsendes nationales Sicherheitsproblem erkannt und &#8230;","datePublished":"2026-09-04T13:39:17+00:00","dateModified":"2026-09-04T13:39:28+00:00","mainEntityOfPage":{"@id":"https:\/\/www.strassenweb.de\/nachrichten\/der-verlust-der-biologischen-vielfalt-wird-als-wachsendes-nationales-sicherheitsproblem-erkannt-und\/"},"wordCount":1472,"publisher":{"@id":"https:\/\/www.strassenweb.de\/nachrichten\/#organization"},"image":{"@id":"https:\/\/www.strassenweb.de\/nachrichten\/der-verlust-der-biologischen-vielfalt-wird-als-wachsendes-nationales-sicherheitsproblem-erkannt-und\/#primaryimage"},"thumbnailUrl":"https:\/\/www.strassenweb.de\/nachrichten\/wp-content\/uploads\/2026\/09\/Der-Verlust-der-biologischen-Vielfalt-wird-als-wachsendes-nationales-Sicherheitsproblem.jpg","keywords":["als","biologischen","der","erkannt","nationales","Sicherheitsproblem","und","Verlust","Vielfalt","wachsendes","wird"],"articleSection":["\u00d6kologie"],"inLanguage":"de"},{"@type":"WebPage","@id":"https:\/\/www.strassenweb.de\/nachrichten\/der-verlust-der-biologischen-vielfalt-wird-als-wachsendes-nationales-sicherheitsproblem-erkannt-und\/","url":"https:\/\/www.strassenweb.de\/nachrichten\/der-verlust-der-biologischen-vielfalt-wird-als-wachsendes-nationales-sicherheitsproblem-erkannt-und\/","name":"Der Verlust der biologischen Vielfalt wird als wachsendes nationales Sicherheitsproblem erkannt und ... - Nachrichten - Stra\u00dfenweb","isPartOf":{"@id":"https:\/\/www.strassenweb.de\/nachrichten\/#website"},"primaryImageOfPage":{"@id":"https:\/\/www.strassenweb.de\/nachrichten\/der-verlust-der-biologischen-vielfalt-wird-als-wachsendes-nationales-sicherheitsproblem-erkannt-und\/#primaryimage"},"image":{"@id":"https:\/\/www.strassenweb.de\/nachrichten\/der-verlust-der-biologischen-vielfalt-wird-als-wachsendes-nationales-sicherheitsproblem-erkannt-und\/#primaryimage"},"thumbnailUrl":"https:\/\/www.strassenweb.de\/nachrichten\/wp-content\/uploads\/2026\/09\/Der-Verlust-der-biologischen-Vielfalt-wird-als-wachsendes-nationales-Sicherheitsproblem.jpg","datePublished":"2026-09-04T13:39:17+00:00","dateModified":"2026-09-04T13:39:28+00:00","breadcrumb":{"@id":"https:\/\/www.strassenweb.de\/nachrichten\/der-verlust-der-biologischen-vielfalt-wird-als-wachsendes-nationales-sicherheitsproblem-erkannt-und\/#breadcrumb"},"inLanguage":"de","potentialAction":[{"@type":"ReadAction","target":["https:\/\/www.strassenweb.de\/nachrichten\/der-verlust-der-biologischen-vielfalt-wird-als-wachsendes-nationales-sicherheitsproblem-erkannt-und\/"]}]},{"@type":"ImageObject","inLanguage":"de","@id":"https:\/\/www.strassenweb.de\/nachrichten\/der-verlust-der-biologischen-vielfalt-wird-als-wachsendes-nationales-sicherheitsproblem-erkannt-und\/#primaryimage","url":"https:\/\/www.strassenweb.de\/nachrichten\/wp-content\/uploads\/2026\/09\/Der-Verlust-der-biologischen-Vielfalt-wird-als-wachsendes-nationales-Sicherheitsproblem.jpg","contentUrl":"https:\/\/www.strassenweb.de\/nachrichten\/wp-content\/uploads\/2026\/09\/Der-Verlust-der-biologischen-Vielfalt-wird-als-wachsendes-nationales-Sicherheitsproblem.jpg","width":900,"height":561,"caption":"Biodiversity loss recognised as a growing national security and resilience risk"},{"@type":"BreadcrumbList","@id":"https:\/\/www.strassenweb.de\/nachrichten\/der-verlust-der-biologischen-vielfalt-wird-als-wachsendes-nationales-sicherheitsproblem-erkannt-und\/#breadcrumb","itemListElement":[{"@type":"ListItem","position":1,"name":"Home","item":"https:\/\/www.strassenweb.de\/nachrichten\/"},{"@type":"ListItem","position":2,"name":"Der Verlust der biologischen Vielfalt wird als wachsendes nationales Sicherheitsproblem erkannt und &#8230;"}]},{"@type":"WebSite","@id":"https:\/\/www.strassenweb.de\/nachrichten\/#website","url":"https:\/\/www.strassenweb.de\/nachrichten\/","name":"Stra\u00dfenweb","description":"Stra\u00dfenverzeichnis f\u00fcr Deutschland","publisher":{"@id":"https:\/\/www.strassenweb.de\/nachrichten\/#organization"},"potentialAction":[{"@type":"SearchAction","target":{"@type":"EntryPoint","urlTemplate":"https:\/\/www.strassenweb.de\/nachrichten\/?s={search_term_string}"},"query-input":{"@type":"PropertyValueSpecification","valueRequired":true,"valueName":"search_term_string"}}],"inLanguage":"de"},{"@type":"Organization","@id":"https:\/\/www.strassenweb.de\/nachrichten\/#organization","name":"Stra\u00dfenweb","url":"https:\/\/www.strassenweb.de\/nachrichten\/","logo":{"@type":"ImageObject","inLanguage":"de","@id":"https:\/\/www.strassenweb.de\/nachrichten\/#\/schema\/logo\/image\/","url":"https:\/\/www.strassenweb.de\/nachrichten\/wp-content\/uploads\/2024\/09\/cropped-favicon.png","contentUrl":"https:\/\/www.strassenweb.de\/nachrichten\/wp-content\/uploads\/2024\/09\/cropped-favicon.png","width":512,"height":512,"caption":"Stra\u00dfenweb"},"image":{"@id":"https:\/\/www.strassenweb.de\/nachrichten\/#\/schema\/logo\/image\/"},"sameAs":["https:\/\/www.facebook.com\/strassenweb\/"]},{"@type":"Person","@id":"https:\/\/www.strassenweb.de\/nachrichten\/#\/schema\/person\/87c9c9067f1211da429a744dc5a5aa41","name":"Robert Hoffmann","image":{"@type":"ImageObject","inLanguage":"de","@id":"https:\/\/www.strassenweb.de\/nachrichten\/wp-content\/uploads\/2024\/09\/strassenweb-150x150.jpg","url":"https:\/\/www.strassenweb.de\/nachrichten\/wp-content\/uploads\/2024\/09\/strassenweb-150x150.jpg","contentUrl":"https:\/\/www.strassenweb.de\/nachrichten\/wp-content\/uploads\/2024\/09\/strassenweb-150x150.jpg","caption":"Robert Hoffmann"},"description":"Ich hei\u00dfe Robert Hoffmann und ich bin ein leidenschaftlicher Verfechter von \u00d6kologie und Biodiversit\u00e4t. Seit meiner Kindheit in den W\u00e4ldern Bayerns f\u00fchle ich mich mit der Natur verbunden und bin entschlossen, sie zu sch\u00fctzen. Heute widme ich mein Leben der Sensibilisierung anderer f\u00fcr die Bedeutung des Umweltschutzes f\u00fcr zuk\u00fcnftige Generationen.","sameAs":["https:\/\/www.strassenweb.de\/"]}]}},"_links":{"self":[{"href":"https:\/\/www.strassenweb.de\/nachrichten\/wp-json\/wp\/v2\/posts\/16746","targetHints":{"allow":["GET"]}}],"collection":[{"href":"https:\/\/www.strassenweb.de\/nachrichten\/wp-json\/wp\/v2\/posts"}],"about":[{"href":"https:\/\/www.strassenweb.de\/nachrichten\/wp-json\/wp\/v2\/types\/post"}],"author":[{"embeddable":true,"href":"https:\/\/www.strassenweb.de\/nachrichten\/wp-json\/wp\/v2\/users\/1"}],"replies":[{"embeddable":true,"href":"https:\/\/www.strassenweb.de\/nachrichten\/wp-json\/wp\/v2\/comments?post=16746"}],"version-history":[{"count":1,"href":"https:\/\/www.strassenweb.de\/nachrichten\/wp-json\/wp\/v2\/posts\/16746\/revisions"}],"predecessor-version":[{"id":16748,"href":"https:\/\/www.strassenweb.de\/nachrichten\/wp-json\/wp\/v2\/posts\/16746\/revisions\/16748"}],"wp:featuredmedia":[{"embeddable":true,"href":"https:\/\/www.strassenweb.de\/nachrichten\/wp-json\/wp\/v2\/media\/16747"}],"wp:attachment":[{"href":"https:\/\/www.strassenweb.de\/nachrichten\/wp-json\/wp\/v2\/media?parent=16746"}],"wp:term":[{"taxonomy":"category","embeddable":true,"href":"https:\/\/www.strassenweb.de\/nachrichten\/wp-json\/wp\/v2\/categories?post=16746"},{"taxonomy":"post_tag","embeddable":true,"href":"https:\/\/www.strassenweb.de\/nachrichten\/wp-json\/wp\/v2\/tags?post=16746"}],"curies":[{"name":"wp","href":"https:\/\/api.w.org\/{rel}","templated":true}]}}