{"id":16725,"date":"2026-09-04T00:39:37","date_gmt":"2026-09-03T22:39:37","guid":{"rendered":"https:\/\/www.strassenweb.de\/nachrichten\/projekt-zur-schaffung-wilder-raeume-fuer-schmetterlinge-und-motten-in-ganz\/"},"modified":"2026-09-04T00:39:44","modified_gmt":"2026-09-03T22:39:44","slug":"projekt-zur-schaffung-wilder-raeume-fuer-schmetterlinge-und-motten-in-ganz","status":"publish","type":"post","link":"https:\/\/www.strassenweb.de\/nachrichten\/projekt-zur-schaffung-wilder-raeume-fuer-schmetterlinge-und-motten-in-ganz\/","title":{"rendered":"Projekt zur Schaffung wilder R\u00e4ume f\u00fcr Schmetterlinge und Motten in ganz &#8230;"},"content":{"rendered":"<p class=\"wp-block-paragraph\">Mehr als 1.000 Erwachsene und Kinder haben sich an einem Projekt zur Schaffung neuer Wildr\u00e4ume f\u00fcr Schmetterlinge, Motten und andere Wildtiere in ganz Leeds beteiligt.<\/p>\n<p class=\"wp-block-paragraph\">In diesem Sommer haben sich mehr als 570 B\u00fcrger, 300 Schulkinder und 30 Freiwillige f\u00fcr das Leeds Wild Spaces-Projekt engagiert.<\/p>\n<p class=\"wp-block-paragraph\">Die Partnerschaft zwischen der nationalen Wohlt\u00e4tigkeitsorganisation Butterfly Conservation und dem Stadtrat von Leeds hat sieben neue Wildblumenwiesen in \u00f6ffentlichen Parks geschaffen und Hunderte von Paketen verteilt, damit Menschen zu Hause ihre eigenen Wild Spaces schaffen k\u00f6nnen.<\/p>\n<p class=\"wp-block-paragraph\">Das Projekt hat nun das Ende seiner aktuellen Laufzeit erreicht, aber das Team hofft, sein Erbe am Leben zu erhalten.<\/p>\n<p class=\"wp-block-paragraph\"><strong>Josh Shaw, Projektleiter von Leeds Wild Spaces bei Butterfly Conservation, sagte:<\/strong> <em>\u201eEs war gro\u00dfartig, am Leeds Wild Spaces-Projekt zu arbeiten und mit unseren gro\u00dfartigen Freiwilligen zusammenzuarbeiten. In kurzer Zeit ist es uns gelungen, einige sch\u00f6ne Wiesen zu schaffen, und wir haben diesen Sommer bereits viele aufregende Arten beobachten k\u00f6nnen.<\/em><\/p>\n<p class=\"wp-block-paragraph\"><em>\u201eDer Stadtrat von Leeds und die Friends of Parks-Gruppen haben zusammen mit der Yorkshire Branch von Butterfly Conservation entscheidend zum Erfolg des Projekts beigetragen. Vielen Dank an alle Beteiligten. Es war sch\u00f6n, mit so vielen begeisterten Menschen in der ganzen Stadt zusammenzuarbeiten, die in den kommenden Jahren Schmetterlinge und Nachtfalter in ganz Leeds sehen m\u00f6chten.\u201c<\/em><\/p>\n<p class=\"wp-block-paragraph\">Das Leeds Wild Spaces-Projekt startete im Jahr 2024 und wird vom Community Climate Grants-Programm der West Yorkshire Combined Authority, der Yorkshire Branch von Butterfly Conservation, der Hiscox Foundation und der Peter Sowerby Foundation finanziert.<\/p>\n<p class=\"wp-block-paragraph\">Es war Teil des landesweiten Wild Spaces-Programms von Butterfly Conservation, das Menschen dabei helfen soll, Orte f\u00fcr Wildtiere zu schaffen und sich mit der Natur zu verbinden. Ziel des Programms ist es insbesondere, neue Zielgruppen wie junge Menschen und Menschen in St\u00e4dten anzusprechen.<\/p>\n<p class=\"wp-block-paragraph\">In den letzten 18 Monaten hat das Team aus Leeds auf sieben gemeindeeigenen Gr\u00fcnfl\u00e4chen neue Wildblumenwiesen angelegt \u2013 Roundhay Park, Temple Newsam, Woodhouse Moor, Hunslet Moor, Rein Park, Middleton Park und Wortley Recreation Ground.<\/p>\n<p class=\"wp-block-paragraph\">An jedem Standort musste der Boden vorbereitet werden, indem vorhandene Pflanzen entweder mit dem Traktor oder von Hand entfernt, dann Samen ausgestreut und Setzlinge von Pflanzen gepflanzt wurden, die von einheimischen Schmetterlings- und Mottenarten genutzt werden.<\/p>\n<p class=\"wp-block-paragraph\"><strong>Josh sagte:<\/strong> <em>\u201e\u00d6rtliche Gemeindemitglieder und Gruppen waren bei der Schaffung unserer Wiesen wirklich wichtig, indem sie die Aussaat unterst\u00fctzten und gute lokale Verbindungen herstellten. Im Hunslet Moor Park wurden wir von Menschen jeden Alters und jeder Herkunft unterst\u00fctzt, die einfach dazu beitragen wollten, einen sch\u00f6nen Raum in ihrer \u00f6rtlichen Gemeinde zu schaffen.\u201c<\/em><\/p>\n<p class=\"wp-block-paragraph\">Josh war au\u00dferdem Gastgeber oder Teilnehmer von mehr als 30 Engagement-Veranstaltungen, darunter Schulworkshops, Schulungskurse zum Erkennen von Schmetterlingen und Motten sowie Gemeinschaftsaktivit\u00e4ten.<\/p>\n<p class=\"wp-block-paragraph\">W\u00e4hrend des gesamten Projekts erhielt das Team begeistertes Feedback.<\/p>\n<p class=\"wp-block-paragraph\"><strong>Ein Teilnehmer kommentierte:<\/strong> <em>\u201eEs war ein wundersch\u00f6ner Abend an einem wundersch\u00f6nen Ort. Josh war ein sehr guter Kommunikator und lieferte genau die richtige Menge an Informationen mit Details dar\u00fcber, wie wir bei Bedarf auf detailliertere Informationen zugreifen k\u00f6nnen. Auch die Brosch\u00fcren fand ich sehr interessant und hilfreich.\u201c<\/em><\/p>\n<p class=\"wp-block-paragraph\"><strong>Ein Grundschullehrer sagte:<\/strong> <em>\u201eEs hat (unseren Sch\u00fclern) dabei geholfen, tiefer in die Naturwissenschaften einzutauchen, und es hat auch dazu beigetragen, der Wissenschaft etwas Ehrfurcht und Staunen zu verleihen. Die Kinder waren nach ihren Unterrichtseinheiten begeistert.\u201c<\/em><\/p>\n<p class=\"wp-block-paragraph\">Etwa 76 % der Teilnehmer gaben an, dass sie planen, an weiteren Veranstaltungen zum Schutz von Schmetterlingen teilzunehmen oder zu Hause einen Wild Space zu schaffen, und 85 % gaben an, dass sie mehr \u00fcber Schmetterlinge und Nachtfalter erfahren wollten.<\/p>\n<p class=\"wp-block-paragraph\">Insgesamt 36 Freiwillige halfen bei der praktischen Arbeit und der Einbindung der \u00d6ffentlichkeit und eigneten sich dabei neue F\u00e4higkeiten an.<\/p>\n<p class=\"wp-block-paragraph\">Am wichtigsten ist jedoch, dass das Team bereits zahlreiche Schmetterlinge und Motten an den neuen Wiesenstandorten registriert hat, darunter ungew\u00f6hnliche Arten wie den Geweihspinner und den Gelben Muschelspinner sowie eine Vielzahl anderer Wildtiere wie Heuschrecken, K\u00e4fer, V\u00f6gel und Bienen. Sie gehen nun zuversichtlich davon aus, dass die Artenzahl mit zunehmender Reife der Wild Spaces jedes Jahr zunimmt.<\/p>\n<p class=\"wp-block-paragraph\">Butterfly Conservation hat au\u00dferdem mit dem Stadtrat von Leeds einen langfristigen Managementplan f\u00fcr die Wild Spaces entworfen, um das Erbe des Projekts sicherzustellen.<\/p>\n<p class=\"wp-block-paragraph\"><strong>Stadtrat James Gibson, Exekutivmitglied f\u00fcr Umwelt im Stadtrat von Leeds, sagte: <\/strong><em>\u201eDie Schaffung neuer Wildtier- und Biodiversit\u00e4tsgebiete ist eines der Kernprinzipien unserer Park- und Gr\u00fcnfl\u00e4chenstrategie. Und wir freuen uns \u00fcber die Arbeit, die Butterfly Conservation, Anwohner, Gemeindegruppen, Schulen und Ratskollegen bei der Schaffung der sieben neuen Wild Spaces-Wiesen geleistet haben.<\/em><\/p>\n<p class=\"wp-block-paragraph\"><em>\u201eWir m\u00f6chten allen f\u00fcr ihre harte Arbeit in den letzten 18 Monaten danken und freuen uns darauf, die zuk\u00fcnftige Entwicklung der Wiesen und Wildtiere zu beobachten.\u201c<\/em><\/p>\n<p class=\"wp-block-paragraph\">Jeder, der daran interessiert ist, sich an den zuk\u00fcnftigen Aktivit\u00e4ten von Butterfly Conservation in der Region zu beteiligen, kann mehr auf der Website der Yorkshire Branch yorkshirebutterflies.org.uk erfahren<\/p>\n<p class=\"wp-block-paragraph\">Erfahren Sie mehr \u00fcber das Wild Spaces-Programm unter wild-spaces.co.uk<\/p>\n<p class=\"wp-block-paragraph\"><em>Bildnachweis: Woodhouse Moor-Bepflanzung von Simon Wiffen <\/em><\/p>\n<p class=\"wp-block-paragraph\">\n<p><!-- Error, Advert is not available at this time due to schedule\/geolocation restrictions! --><\/p>\n","protected":false},"excerpt":{"rendered":"<p>Mehr als 1.000 Erwachsene und Kinder haben sich an einem Projekt zur Schaffung neuer Wildr\u00e4ume f\u00fcr Schmetterlinge, Motten und andere Wildtiere in ganz Leeds beteiligt.<\/p>\n","protected":false},"author":1,"featured_media":16726,"comment_status":"closed","ping_status":"","sticky":false,"template":"","format":"standard","meta":{"footnotes":""},"categories":[101],"tags":[55,480,3872,5137,1728,5817,5139,37,13687,99],"class_list":["post-16725","post","type-post","status-publish","format-standard","has-post-thumbnail","hentry","category-oekologie","tag-fuer","tag-ganz","tag-motten","tag-projekt","tag-raeume","tag-schaffung","tag-schmetterlinge","tag-und","tag-wilder","tag-zur","generate-columns","tablet-grid-50","mobile-grid-100","grid-parent","grid-50"],"yoast_head":"<!-- This site is optimized with the Yoast SEO plugin v27.3 - https:\/\/yoast.com\/product\/yoast-seo-wordpress\/ -->\n<title>Projekt zur Schaffung wilder R\u00e4ume f\u00fcr Schmetterlinge und Motten in ganz ... - Nachrichten - Stra\u00dfenweb<\/title>\n<meta name=\"robots\" content=\"index, follow, max-snippet:-1, max-image-preview:large, max-video-preview:-1\" \/>\n<link rel=\"canonical\" href=\"https:\/\/www.strassenweb.de\/nachrichten\/projekt-zur-schaffung-wilder-raeume-fuer-schmetterlinge-und-motten-in-ganz\/\" \/>\n<meta property=\"og:locale\" content=\"de_DE\" \/>\n<meta property=\"og:type\" content=\"article\" \/>\n<meta property=\"og:title\" content=\"Projekt zur Schaffung wilder R\u00e4ume f\u00fcr Schmetterlinge und Motten in ganz ... - Nachrichten - Stra\u00dfenweb\" \/>\n<meta property=\"og:description\" content=\"Mehr als 1.000 Erwachsene und Kinder haben sich an einem Projekt zur Schaffung neuer Wildr\u00e4ume f\u00fcr Schmetterlinge, Motten und andere Wildtiere in ganz Leeds beteiligt.\" \/>\n<meta property=\"og:url\" content=\"https:\/\/www.strassenweb.de\/nachrichten\/projekt-zur-schaffung-wilder-raeume-fuer-schmetterlinge-und-motten-in-ganz\/\" \/>\n<meta property=\"og:site_name\" content=\"Stra\u00dfenweb\" \/>\n<meta property=\"article:publisher\" content=\"https:\/\/www.facebook.com\/strassenweb\/\" \/>\n<meta property=\"article:published_time\" content=\"2026-09-03T22:39:37+00:00\" \/>\n<meta property=\"article:modified_time\" content=\"2026-09-03T22:39:44+00:00\" \/>\n<meta property=\"og:image\" content=\"https:\/\/www.strassenweb.de\/nachrichten\/wp-content\/uploads\/2026\/09\/Projekt-zur-Schaffung-wilder-Raeume-fuer-Schmetterlinge-und-Motten-in.jpg\" \/>\n\t<meta property=\"og:image:width\" content=\"900\" \/>\n\t<meta property=\"og:image:height\" content=\"600\" \/>\n\t<meta property=\"og:image:type\" content=\"image\/jpeg\" \/>\n<meta name=\"author\" content=\"Robert Hoffmann\" \/>\n<meta name=\"twitter:card\" content=\"summary_large_image\" \/>\n<meta name=\"twitter:label1\" content=\"Verfasst von\" \/>\n\t<meta name=\"twitter:data1\" content=\"Robert Hoffmann\" \/>\n\t<meta name=\"twitter:label2\" content=\"Gesch\u00e4tzte Lesezeit\" \/>\n\t<meta name=\"twitter:data2\" content=\"4\u00a0Minuten\" \/>\n<script type=\"application\/ld+json\" class=\"yoast-schema-graph\">{\"@context\":\"https:\\\/\\\/schema.org\",\"@graph\":[{\"@type\":\"Article\",\"@id\":\"https:\\\/\\\/www.strassenweb.de\\\/nachrichten\\\/projekt-zur-schaffung-wilder-raeume-fuer-schmetterlinge-und-motten-in-ganz\\\/#article\",\"isPartOf\":{\"@id\":\"https:\\\/\\\/www.strassenweb.de\\\/nachrichten\\\/projekt-zur-schaffung-wilder-raeume-fuer-schmetterlinge-und-motten-in-ganz\\\/\"},\"author\":{\"name\":\"Robert Hoffmann\",\"@id\":\"https:\\\/\\\/www.strassenweb.de\\\/nachrichten\\\/#\\\/schema\\\/person\\\/87c9c9067f1211da429a744dc5a5aa41\"},\"headline\":\"Projekt zur Schaffung wilder R\u00e4ume f\u00fcr Schmetterlinge und Motten in ganz &#8230;\",\"datePublished\":\"2026-09-03T22:39:37+00:00\",\"dateModified\":\"2026-09-03T22:39:44+00:00\",\"mainEntityOfPage\":{\"@id\":\"https:\\\/\\\/www.strassenweb.de\\\/nachrichten\\\/projekt-zur-schaffung-wilder-raeume-fuer-schmetterlinge-und-motten-in-ganz\\\/\"},\"wordCount\":822,\"publisher\":{\"@id\":\"https:\\\/\\\/www.strassenweb.de\\\/nachrichten\\\/#organization\"},\"image\":{\"@id\":\"https:\\\/\\\/www.strassenweb.de\\\/nachrichten\\\/projekt-zur-schaffung-wilder-raeume-fuer-schmetterlinge-und-motten-in-ganz\\\/#primaryimage\"},\"thumbnailUrl\":\"https:\\\/\\\/www.strassenweb.de\\\/nachrichten\\\/wp-content\\\/uploads\\\/2026\\\/09\\\/Projekt-zur-Schaffung-wilder-Raeume-fuer-Schmetterlinge-und-Motten-in.jpg\",\"keywords\":[\"f\u00fcr\",\"ganz\",\"Motten\",\"Projekt\",\"R\u00e4ume\",\"Schaffung\",\"Schmetterlinge\",\"und\",\"wilder\",\"zur\"],\"articleSection\":[\"\u00d6kologie\"],\"inLanguage\":\"de\"},{\"@type\":\"WebPage\",\"@id\":\"https:\\\/\\\/www.strassenweb.de\\\/nachrichten\\\/projekt-zur-schaffung-wilder-raeume-fuer-schmetterlinge-und-motten-in-ganz\\\/\",\"url\":\"https:\\\/\\\/www.strassenweb.de\\\/nachrichten\\\/projekt-zur-schaffung-wilder-raeume-fuer-schmetterlinge-und-motten-in-ganz\\\/\",\"name\":\"Projekt zur Schaffung wilder R\u00e4ume f\u00fcr Schmetterlinge und Motten in ganz ... - Nachrichten - Stra\u00dfenweb\",\"isPartOf\":{\"@id\":\"https:\\\/\\\/www.strassenweb.de\\\/nachrichten\\\/#website\"},\"primaryImageOfPage\":{\"@id\":\"https:\\\/\\\/www.strassenweb.de\\\/nachrichten\\\/projekt-zur-schaffung-wilder-raeume-fuer-schmetterlinge-und-motten-in-ganz\\\/#primaryimage\"},\"image\":{\"@id\":\"https:\\\/\\\/www.strassenweb.de\\\/nachrichten\\\/projekt-zur-schaffung-wilder-raeume-fuer-schmetterlinge-und-motten-in-ganz\\\/#primaryimage\"},\"thumbnailUrl\":\"https:\\\/\\\/www.strassenweb.de\\\/nachrichten\\\/wp-content\\\/uploads\\\/2026\\\/09\\\/Projekt-zur-Schaffung-wilder-Raeume-fuer-Schmetterlinge-und-Motten-in.jpg\",\"datePublished\":\"2026-09-03T22:39:37+00:00\",\"dateModified\":\"2026-09-03T22:39:44+00:00\",\"breadcrumb\":{\"@id\":\"https:\\\/\\\/www.strassenweb.de\\\/nachrichten\\\/projekt-zur-schaffung-wilder-raeume-fuer-schmetterlinge-und-motten-in-ganz\\\/#breadcrumb\"},\"inLanguage\":\"de\",\"potentialAction\":[{\"@type\":\"ReadAction\",\"target\":[\"https:\\\/\\\/www.strassenweb.de\\\/nachrichten\\\/projekt-zur-schaffung-wilder-raeume-fuer-schmetterlinge-und-motten-in-ganz\\\/\"]}]},{\"@type\":\"ImageObject\",\"inLanguage\":\"de\",\"@id\":\"https:\\\/\\\/www.strassenweb.de\\\/nachrichten\\\/projekt-zur-schaffung-wilder-raeume-fuer-schmetterlinge-und-motten-in-ganz\\\/#primaryimage\",\"url\":\"https:\\\/\\\/www.strassenweb.de\\\/nachrichten\\\/wp-content\\\/uploads\\\/2026\\\/09\\\/Projekt-zur-Schaffung-wilder-Raeume-fuer-Schmetterlinge-und-Motten-in.jpg\",\"contentUrl\":\"https:\\\/\\\/www.strassenweb.de\\\/nachrichten\\\/wp-content\\\/uploads\\\/2026\\\/09\\\/Projekt-zur-Schaffung-wilder-Raeume-fuer-Schmetterlinge-und-Motten-in.jpg\",\"width\":900,\"height\":600,\"caption\":\"Project to create Wild Spaces for butterflies and moths across Leeds\"},{\"@type\":\"BreadcrumbList\",\"@id\":\"https:\\\/\\\/www.strassenweb.de\\\/nachrichten\\\/projekt-zur-schaffung-wilder-raeume-fuer-schmetterlinge-und-motten-in-ganz\\\/#breadcrumb\",\"itemListElement\":[{\"@type\":\"ListItem\",\"position\":1,\"name\":\"Home\",\"item\":\"https:\\\/\\\/www.strassenweb.de\\\/nachrichten\\\/\"},{\"@type\":\"ListItem\",\"position\":2,\"name\":\"Projekt zur Schaffung wilder R\u00e4ume f\u00fcr Schmetterlinge und Motten in ganz &#8230;\"}]},{\"@type\":\"WebSite\",\"@id\":\"https:\\\/\\\/www.strassenweb.de\\\/nachrichten\\\/#website\",\"url\":\"https:\\\/\\\/www.strassenweb.de\\\/nachrichten\\\/\",\"name\":\"Stra\u00dfenweb\",\"description\":\"Stra\u00dfenverzeichnis f\u00fcr Deutschland\",\"publisher\":{\"@id\":\"https:\\\/\\\/www.strassenweb.de\\\/nachrichten\\\/#organization\"},\"potentialAction\":[{\"@type\":\"SearchAction\",\"target\":{\"@type\":\"EntryPoint\",\"urlTemplate\":\"https:\\\/\\\/www.strassenweb.de\\\/nachrichten\\\/?s={search_term_string}\"},\"query-input\":{\"@type\":\"PropertyValueSpecification\",\"valueRequired\":true,\"valueName\":\"search_term_string\"}}],\"inLanguage\":\"de\"},{\"@type\":\"Organization\",\"@id\":\"https:\\\/\\\/www.strassenweb.de\\\/nachrichten\\\/#organization\",\"name\":\"Stra\u00dfenweb\",\"url\":\"https:\\\/\\\/www.strassenweb.de\\\/nachrichten\\\/\",\"logo\":{\"@type\":\"ImageObject\",\"inLanguage\":\"de\",\"@id\":\"https:\\\/\\\/www.strassenweb.de\\\/nachrichten\\\/#\\\/schema\\\/logo\\\/image\\\/\",\"url\":\"https:\\\/\\\/www.strassenweb.de\\\/nachrichten\\\/wp-content\\\/uploads\\\/2024\\\/09\\\/cropped-favicon.png\",\"contentUrl\":\"https:\\\/\\\/www.strassenweb.de\\\/nachrichten\\\/wp-content\\\/uploads\\\/2024\\\/09\\\/cropped-favicon.png\",\"width\":512,\"height\":512,\"caption\":\"Stra\u00dfenweb\"},\"image\":{\"@id\":\"https:\\\/\\\/www.strassenweb.de\\\/nachrichten\\\/#\\\/schema\\\/logo\\\/image\\\/\"},\"sameAs\":[\"https:\\\/\\\/www.facebook.com\\\/strassenweb\\\/\"]},{\"@type\":\"Person\",\"@id\":\"https:\\\/\\\/www.strassenweb.de\\\/nachrichten\\\/#\\\/schema\\\/person\\\/87c9c9067f1211da429a744dc5a5aa41\",\"name\":\"Robert Hoffmann\",\"image\":{\"@type\":\"ImageObject\",\"inLanguage\":\"de\",\"@id\":\"https:\\\/\\\/www.strassenweb.de\\\/nachrichten\\\/wp-content\\\/uploads\\\/2024\\\/09\\\/strassenweb-150x150.jpg\",\"url\":\"https:\\\/\\\/www.strassenweb.de\\\/nachrichten\\\/wp-content\\\/uploads\\\/2024\\\/09\\\/strassenweb-150x150.jpg\",\"contentUrl\":\"https:\\\/\\\/www.strassenweb.de\\\/nachrichten\\\/wp-content\\\/uploads\\\/2024\\\/09\\\/strassenweb-150x150.jpg\",\"caption\":\"Robert Hoffmann\"},\"description\":\"Ich hei\u00dfe Robert Hoffmann und ich bin ein leidenschaftlicher Verfechter von \u00d6kologie und Biodiversit\u00e4t. Seit meiner Kindheit in den W\u00e4ldern Bayerns f\u00fchle ich mich mit der Natur verbunden und bin entschlossen, sie zu sch\u00fctzen. Heute widme ich mein Leben der Sensibilisierung anderer f\u00fcr die Bedeutung des Umweltschutzes f\u00fcr zuk\u00fcnftige Generationen.\",\"sameAs\":[\"https:\\\/\\\/www.strassenweb.de\\\/\"]}]}<\/script>\n<!-- \/ Yoast SEO plugin. -->","yoast_head_json":{"title":"Projekt zur Schaffung wilder R\u00e4ume f\u00fcr Schmetterlinge und Motten in ganz ... - Nachrichten - Stra\u00dfenweb","robots":{"index":"index","follow":"follow","max-snippet":"max-snippet:-1","max-image-preview":"max-image-preview:large","max-video-preview":"max-video-preview:-1"},"canonical":"https:\/\/www.strassenweb.de\/nachrichten\/projekt-zur-schaffung-wilder-raeume-fuer-schmetterlinge-und-motten-in-ganz\/","og_locale":"de_DE","og_type":"article","og_title":"Projekt zur Schaffung wilder R\u00e4ume f\u00fcr Schmetterlinge und Motten in ganz ... - Nachrichten - Stra\u00dfenweb","og_description":"Mehr als 1.000 Erwachsene und Kinder haben sich an einem Projekt zur Schaffung neuer Wildr\u00e4ume f\u00fcr Schmetterlinge, Motten und andere Wildtiere in ganz Leeds beteiligt.","og_url":"https:\/\/www.strassenweb.de\/nachrichten\/projekt-zur-schaffung-wilder-raeume-fuer-schmetterlinge-und-motten-in-ganz\/","og_site_name":"Stra\u00dfenweb","article_publisher":"https:\/\/www.facebook.com\/strassenweb\/","article_published_time":"2026-09-03T22:39:37+00:00","article_modified_time":"2026-09-03T22:39:44+00:00","og_image":[{"width":900,"height":600,"url":"https:\/\/www.strassenweb.de\/nachrichten\/wp-content\/uploads\/2026\/09\/Projekt-zur-Schaffung-wilder-Raeume-fuer-Schmetterlinge-und-Motten-in.jpg","type":"image\/jpeg"}],"author":"Robert Hoffmann","twitter_card":"summary_large_image","twitter_misc":{"Verfasst von":"Robert Hoffmann","Gesch\u00e4tzte Lesezeit":"4\u00a0Minuten"},"schema":{"@context":"https:\/\/schema.org","@graph":[{"@type":"Article","@id":"https:\/\/www.strassenweb.de\/nachrichten\/projekt-zur-schaffung-wilder-raeume-fuer-schmetterlinge-und-motten-in-ganz\/#article","isPartOf":{"@id":"https:\/\/www.strassenweb.de\/nachrichten\/projekt-zur-schaffung-wilder-raeume-fuer-schmetterlinge-und-motten-in-ganz\/"},"author":{"name":"Robert Hoffmann","@id":"https:\/\/www.strassenweb.de\/nachrichten\/#\/schema\/person\/87c9c9067f1211da429a744dc5a5aa41"},"headline":"Projekt zur Schaffung wilder R\u00e4ume f\u00fcr Schmetterlinge und Motten in ganz &#8230;","datePublished":"2026-09-03T22:39:37+00:00","dateModified":"2026-09-03T22:39:44+00:00","mainEntityOfPage":{"@id":"https:\/\/www.strassenweb.de\/nachrichten\/projekt-zur-schaffung-wilder-raeume-fuer-schmetterlinge-und-motten-in-ganz\/"},"wordCount":822,"publisher":{"@id":"https:\/\/www.strassenweb.de\/nachrichten\/#organization"},"image":{"@id":"https:\/\/www.strassenweb.de\/nachrichten\/projekt-zur-schaffung-wilder-raeume-fuer-schmetterlinge-und-motten-in-ganz\/#primaryimage"},"thumbnailUrl":"https:\/\/www.strassenweb.de\/nachrichten\/wp-content\/uploads\/2026\/09\/Projekt-zur-Schaffung-wilder-Raeume-fuer-Schmetterlinge-und-Motten-in.jpg","keywords":["f\u00fcr","ganz","Motten","Projekt","R\u00e4ume","Schaffung","Schmetterlinge","und","wilder","zur"],"articleSection":["\u00d6kologie"],"inLanguage":"de"},{"@type":"WebPage","@id":"https:\/\/www.strassenweb.de\/nachrichten\/projekt-zur-schaffung-wilder-raeume-fuer-schmetterlinge-und-motten-in-ganz\/","url":"https:\/\/www.strassenweb.de\/nachrichten\/projekt-zur-schaffung-wilder-raeume-fuer-schmetterlinge-und-motten-in-ganz\/","name":"Projekt zur Schaffung wilder R\u00e4ume f\u00fcr Schmetterlinge und Motten in ganz ... - Nachrichten - Stra\u00dfenweb","isPartOf":{"@id":"https:\/\/www.strassenweb.de\/nachrichten\/#website"},"primaryImageOfPage":{"@id":"https:\/\/www.strassenweb.de\/nachrichten\/projekt-zur-schaffung-wilder-raeume-fuer-schmetterlinge-und-motten-in-ganz\/#primaryimage"},"image":{"@id":"https:\/\/www.strassenweb.de\/nachrichten\/projekt-zur-schaffung-wilder-raeume-fuer-schmetterlinge-und-motten-in-ganz\/#primaryimage"},"thumbnailUrl":"https:\/\/www.strassenweb.de\/nachrichten\/wp-content\/uploads\/2026\/09\/Projekt-zur-Schaffung-wilder-Raeume-fuer-Schmetterlinge-und-Motten-in.jpg","datePublished":"2026-09-03T22:39:37+00:00","dateModified":"2026-09-03T22:39:44+00:00","breadcrumb":{"@id":"https:\/\/www.strassenweb.de\/nachrichten\/projekt-zur-schaffung-wilder-raeume-fuer-schmetterlinge-und-motten-in-ganz\/#breadcrumb"},"inLanguage":"de","potentialAction":[{"@type":"ReadAction","target":["https:\/\/www.strassenweb.de\/nachrichten\/projekt-zur-schaffung-wilder-raeume-fuer-schmetterlinge-und-motten-in-ganz\/"]}]},{"@type":"ImageObject","inLanguage":"de","@id":"https:\/\/www.strassenweb.de\/nachrichten\/projekt-zur-schaffung-wilder-raeume-fuer-schmetterlinge-und-motten-in-ganz\/#primaryimage","url":"https:\/\/www.strassenweb.de\/nachrichten\/wp-content\/uploads\/2026\/09\/Projekt-zur-Schaffung-wilder-Raeume-fuer-Schmetterlinge-und-Motten-in.jpg","contentUrl":"https:\/\/www.strassenweb.de\/nachrichten\/wp-content\/uploads\/2026\/09\/Projekt-zur-Schaffung-wilder-Raeume-fuer-Schmetterlinge-und-Motten-in.jpg","width":900,"height":600,"caption":"Project to create Wild Spaces for butterflies and moths across Leeds"},{"@type":"BreadcrumbList","@id":"https:\/\/www.strassenweb.de\/nachrichten\/projekt-zur-schaffung-wilder-raeume-fuer-schmetterlinge-und-motten-in-ganz\/#breadcrumb","itemListElement":[{"@type":"ListItem","position":1,"name":"Home","item":"https:\/\/www.strassenweb.de\/nachrichten\/"},{"@type":"ListItem","position":2,"name":"Projekt zur Schaffung wilder R\u00e4ume f\u00fcr Schmetterlinge und Motten in ganz &#8230;"}]},{"@type":"WebSite","@id":"https:\/\/www.strassenweb.de\/nachrichten\/#website","url":"https:\/\/www.strassenweb.de\/nachrichten\/","name":"Stra\u00dfenweb","description":"Stra\u00dfenverzeichnis f\u00fcr Deutschland","publisher":{"@id":"https:\/\/www.strassenweb.de\/nachrichten\/#organization"},"potentialAction":[{"@type":"SearchAction","target":{"@type":"EntryPoint","urlTemplate":"https:\/\/www.strassenweb.de\/nachrichten\/?s={search_term_string}"},"query-input":{"@type":"PropertyValueSpecification","valueRequired":true,"valueName":"search_term_string"}}],"inLanguage":"de"},{"@type":"Organization","@id":"https:\/\/www.strassenweb.de\/nachrichten\/#organization","name":"Stra\u00dfenweb","url":"https:\/\/www.strassenweb.de\/nachrichten\/","logo":{"@type":"ImageObject","inLanguage":"de","@id":"https:\/\/www.strassenweb.de\/nachrichten\/#\/schema\/logo\/image\/","url":"https:\/\/www.strassenweb.de\/nachrichten\/wp-content\/uploads\/2024\/09\/cropped-favicon.png","contentUrl":"https:\/\/www.strassenweb.de\/nachrichten\/wp-content\/uploads\/2024\/09\/cropped-favicon.png","width":512,"height":512,"caption":"Stra\u00dfenweb"},"image":{"@id":"https:\/\/www.strassenweb.de\/nachrichten\/#\/schema\/logo\/image\/"},"sameAs":["https:\/\/www.facebook.com\/strassenweb\/"]},{"@type":"Person","@id":"https:\/\/www.strassenweb.de\/nachrichten\/#\/schema\/person\/87c9c9067f1211da429a744dc5a5aa41","name":"Robert Hoffmann","image":{"@type":"ImageObject","inLanguage":"de","@id":"https:\/\/www.strassenweb.de\/nachrichten\/wp-content\/uploads\/2024\/09\/strassenweb-150x150.jpg","url":"https:\/\/www.strassenweb.de\/nachrichten\/wp-content\/uploads\/2024\/09\/strassenweb-150x150.jpg","contentUrl":"https:\/\/www.strassenweb.de\/nachrichten\/wp-content\/uploads\/2024\/09\/strassenweb-150x150.jpg","caption":"Robert Hoffmann"},"description":"Ich hei\u00dfe Robert Hoffmann und ich bin ein leidenschaftlicher Verfechter von \u00d6kologie und Biodiversit\u00e4t. Seit meiner Kindheit in den W\u00e4ldern Bayerns f\u00fchle ich mich mit der Natur verbunden und bin entschlossen, sie zu sch\u00fctzen. Heute widme ich mein Leben der Sensibilisierung anderer f\u00fcr die Bedeutung des Umweltschutzes f\u00fcr zuk\u00fcnftige Generationen.","sameAs":["https:\/\/www.strassenweb.de\/"]}]}},"_links":{"self":[{"href":"https:\/\/www.strassenweb.de\/nachrichten\/wp-json\/wp\/v2\/posts\/16725","targetHints":{"allow":["GET"]}}],"collection":[{"href":"https:\/\/www.strassenweb.de\/nachrichten\/wp-json\/wp\/v2\/posts"}],"about":[{"href":"https:\/\/www.strassenweb.de\/nachrichten\/wp-json\/wp\/v2\/types\/post"}],"author":[{"embeddable":true,"href":"https:\/\/www.strassenweb.de\/nachrichten\/wp-json\/wp\/v2\/users\/1"}],"replies":[{"embeddable":true,"href":"https:\/\/www.strassenweb.de\/nachrichten\/wp-json\/wp\/v2\/comments?post=16725"}],"version-history":[{"count":1,"href":"https:\/\/www.strassenweb.de\/nachrichten\/wp-json\/wp\/v2\/posts\/16725\/revisions"}],"predecessor-version":[{"id":16727,"href":"https:\/\/www.strassenweb.de\/nachrichten\/wp-json\/wp\/v2\/posts\/16725\/revisions\/16727"}],"wp:featuredmedia":[{"embeddable":true,"href":"https:\/\/www.strassenweb.de\/nachrichten\/wp-json\/wp\/v2\/media\/16726"}],"wp:attachment":[{"href":"https:\/\/www.strassenweb.de\/nachrichten\/wp-json\/wp\/v2\/media?parent=16725"}],"wp:term":[{"taxonomy":"category","embeddable":true,"href":"https:\/\/www.strassenweb.de\/nachrichten\/wp-json\/wp\/v2\/categories?post=16725"},{"taxonomy":"post_tag","embeddable":true,"href":"https:\/\/www.strassenweb.de\/nachrichten\/wp-json\/wp\/v2\/tags?post=16725"}],"curies":[{"name":"wp","href":"https:\/\/api.w.org\/{rel}","templated":true}]}}