{"id":16713,"date":"2026-09-03T17:39:44","date_gmt":"2026-09-03T15:39:44","guid":{"rendered":"https:\/\/www.strassenweb.de\/nachrichten\/raeume-zum-erinnern-stimmen-sie-jetzt-beim-homes-gardens-readers-choice-award-ab\/"},"modified":"2026-09-03T17:39:58","modified_gmt":"2026-09-03T15:39:58","slug":"raeume-zum-erinnern-stimmen-sie-jetzt-beim-homes-gardens-readers-choice-award-ab","status":"publish","type":"post","link":"https:\/\/www.strassenweb.de\/nachrichten\/raeume-zum-erinnern-stimmen-sie-jetzt-beim-homes-gardens-readers-choice-award-ab\/","title":{"rendered":"R\u00e4ume zum Erinnern: Stimmen Sie jetzt beim Homes &#038; Gardens Readers&#8216; Choice Award ab"},"content":{"rendered":"<div id=\"article-body\" class=\"article__body \">\n<div data-analytics-id=\"utility-bar\" analytics-name=\"utility-bar\" id=\"utility-bar\" class=\"font-ui-heading flex justify-between items-center py-2 border-t border-b border-gray-300 border-solid mb-5 mx-auto\" data-component-name=\"UtilityBar\" data-mrf-recirculation=\"utility-bar\">\n<div class=\"flex gap-2 text-(#333) subcontainer\">\n<div class=\"relative tooltip-container\" role=\"tooltip\">\n<button id=\"utilitybar__button--share\" type=\"button\" aria-label=\"Share this article\" aria-expanded=\"false\" aria-controls=\"utilitybar__dropdown--share\" aria-haspopup=\"true\" data-analytics-id=\"article-social\" analytics-label=\"utility-bar-share\" analytics-name=\"utility-bar\" data-component-name=\"UtilityBar:ShareArticle:Button\" class=\"relative text-inherit leading-none text-xs flex items-center gap-1 font-ui-heading\" data-mrf-recirculation=\"article-social\"><br \/>\n<svg class=\"m-auto pointer-events-none size-5 text-inherit\" data-component-name=\"Icon\" aria-hidden=\"true\" width=\"23\" height=\"21\" viewbox=\"0 0 23 21\" fill=\"none\" xmlns=\"http:\/\/www.w3.org\/2000\/svg\">\n<path d=\"M13.8583 1.82131L18.7293 6.12806C20.6528 7.82875 21.6146 8.67912 21.6146 9.77454C21.6146 10.8701 20.6528 11.7204 18.7293 13.4211L13.8583 17.7279C12.9803 18.5041 12.5414 18.8923 12.1794 18.7306C11.8174 18.5689 11.8174 17.9847 11.8174 16.8162V13.9565C7.40295 13.9565 2.62061 16.0475 0.78125 19.5323C0.78125 8.38058 7.3212 5.59268 11.8174 5.59268V2.73294C11.8174 1.56445 11.8174 0.980213 12.1794 0.818536C12.5414 0.656859 12.9803 1.045 13.8583 1.82131Z\" stroke=\"#1B1B1B\" stroke-width=\"1.5625\" stroke-linecap=\"round\" stroke-linejoin=\"round\"><\/path>\n<\/svg><\/p>\n<p>Aktie<\/button><\/p>\n<div data-component-name=\"Social:Dropdown\" role=\"menu\" id=\"utilitybar__dropdown--share\" aria-labelledby=\"utilitybar__button--share\" class=\"absolute left-0 top-full w-44 bg-white rounded-md shadow-md border border-neutral-200 z-(9996) list-none m-0 py-2 px-3 border-solid\" style=\"grid-area: social-icons;\">\n<ul class=\"m-0!\">\n<li class=\"!p-0 !m-0 list-none border-b border-gray-200 border-solid\">\n<button type=\"button\" onclick=\"navigator.clipboard.writeText(window.location.href).then(() =&gt; {alert('Link copied')}).catch(err =&gt; {console.error('Failed to copy: ', err)})\" data-platform=\"copy_link\" data-action=\"\" class=\"font-ui-heading py-2 text-sm text-neutral-700 hover:bg-neutral-100 transition-colors no-underline block cursor-pointer border-0 bg-transparent hover:(&amp;_svg):filter-none w-full text-left normal-case\" aria-label=\"Copy link\" role=\"menuitem\" data-analytics-id=\"article-social\" analytics-label=\"utility-bar-social-share-copy-link\" analytics-name=\"utility-bar-secondary\" data-mrf-recirculation=\"article-social\"><br \/>\n<svg class=\"text-black size-8 w-6 h-6 inline-block mr-1.5\" data-component-name=\"Icon\" aria-hidden=\"true\" xmlns=\"http:\/\/www.w3.org\/2000\/svg\" fill=\"none\" viewbox=\"0 0 24 24\" stroke-width=\"1.5\" stroke=\"currentColor\" data-slot=\"icon\">\n<path stroke-linecap=\"round\" stroke-linejoin=\"round\" d=\"M13.19 8.688a4.5 4.5 0 0 1 1.242 7.244l-4.5 4.5a4.5 4.5 0 0 1-6.364-6.364l1.757-1.757m13.35-.622 1.757-1.757a4.5 4.5 0 0 0-6.364-6.364l-4.5 4.5a4.5 4.5 0 0 0 1.242 7.244\"><\/path>\n<\/svg><\/p>\n<p>Link kopieren<br \/>\n<\/button>\n<\/li>\n<li class=\"!p-0 !m-0 list-none border-b border-gray-200 border-solid\">\n<p><svg class=\"size-8 w-6 h-6 inline-block mr-1.5 text-primary-500\" data-component-name=\"Icon\" aria-hidden=\"true\" height=\"24\" viewbox=\"0 0 24 24\" width=\"24\" xmlns=\"http:\/\/www.w3.org\/2000\/svg\">\n<circle cx=\"12\" cy=\"12\" fill=\"#3b5998\" r=\"12\"><\/circle>\n<path d=\"m13.079 19h-2.9v-7h-1.441v-2.408h1.442v-1.456c0-1.96.813-3.136 3.136-3.136h1.933v2.408h-1.2c-.91 0-.965.35-.965.966v1.218h2.183l-.257 2.408h-1.931z\" fill=\"#fff\"><\/path>\n<\/svg><\/p>\n<p>Facebook<\/p>\n<\/li>\n<li class=\"!p-0 !m-0 list-none border-b border-gray-200 border-solid\">\n<a rel=\"nofollow\" href=\"https:\/\/twitter.com\/intent\/tweet?text=Rooms+to+Remember%3A+Vote+Now+in+Homes+%26+Gardens+Readers%E2%80%99+Choice+Award&amp;url=https%3A%2F%2Fwww.homesandgardens.com%2Fdecor%2Fvote-now-in-homes-and-gardens-rooms-to-remember-award\" data-platform=\"X\" class=\"font-ui-heading py-2 text-sm text-neutral-700 hover:bg-neutral-100 transition-colors no-underline block cursor-pointer border-0 bg-transparent hover:(&amp;_svg):filter-none\" aria-label=\"Share this page on X\" role=\"menuitem\" data-analytics-id=\"article-social\" analytics-label=\"utility-bar-social-share-X\" analytics-name=\"utility-bar-secondary\" target=\"_blank\" data-mrf-recirculation=\"article-social\"><br \/>\n<svg class=\"size-8 w-6 h-6 inline-block mr-1.5 text-primary-500\" data-component-name=\"Icon\" aria-hidden=\"true\" width=\"24\" height=\"24\" viewbox=\"0 0 24 24\" fill=\"none\" xmlns=\"http:\/\/www.w3.org\/2000\/svg\">\n<path fill-rule=\"evenodd\" clip-rule=\"evenodd\" d=\"M12 24C5.372 24 0 18.627 0 12C0 5.373 5.372 0 12 0C18.627 0 24 5.373 24 12C24 18.627 18.627 24 12 24Z\" fill=\"black\"><\/path>\n<path d=\"M13.1403 11.0842L17.6068 6H16.5488L12.6689 10.4137L9.57237 6H6L10.6836 12.6749L6 18.0059H7.05804L11.1526 13.3439L14.4235 18.0059H17.9959M7.4399 6.78133H9.06534L16.548 17.2629H14.9221\" fill=\"white\"><\/path>\n<\/svg><\/p>\n<p>X<br \/>\n<\/a>\n<\/li>\n<li class=\"!p-0 !m-0 list-none border-b border-gray-200 border-solid sm:hidden\">\n<p><svg class=\"size-8 w-6 h-6 inline-block mr-1.5 text-primary-500\" data-component-name=\"Icon\" aria-hidden=\"true\" width=\"24\" height=\"24\" viewbox=\"0 0 24 24\" fill=\"none\" xmlns=\"http:\/\/www.w3.org\/2000\/svg\">\n<g clip-path=\"url(#clip0_7607_1303)\">\n<path d=\"M12 24C18.6274 24 24 18.6274 24 12C24 5.37258 18.6274 0 12 0C5.37258 0 0 5.37258 0 12C0 18.6274 5.37258 24 12 24Z\" fill=\"#25D366\"><\/path>\n<path d=\"M16.9074 7.03131C16.2656 6.38465 15.5016 5.87206 14.6599 5.52334C13.8182 5.17462 12.9155 4.99674 12.0044 5.00005C10.7864 5.00124 9.59004 5.32242 8.53521 5.93143C7.48037 6.54045 6.60407 7.41592 5.99404 8.47015C5.38402 9.5244 5.06169 10.7204 5.05933 11.9384C5.05697 13.1565 5.37467 14.3537 5.98061 15.4103L5 19.0088L8.6773 18.0457C9.69271 18.6106 10.8337 18.9117 11.9956 18.9213C13.8428 18.9213 15.6151 18.1917 16.9269 16.8914C18.2387 15.5911 18.9838 13.8252 19 11.9782C18.9939 11.0565 18.8058 10.1451 18.4467 9.29619C18.0877 8.4473 17.5645 7.67764 16.9074 7.03131ZM12.0044 17.7218C10.9692 17.7225 9.95298 17.4442 9.06254 16.9163L8.85241 16.7849L6.6723 17.3628L7.25016 15.2352L7.11007 15.0163C6.3652 13.8139 6.0872 12.38 6.32875 10.9863C6.57029 9.59269 7.31461 8.33602 8.42068 7.4544C9.52675 6.57278 10.9177 6.12745 12.3302 6.20278C13.7426 6.27809 15.0784 6.86883 16.0844 7.86308C17.1841 8.93842 17.8136 10.4052 17.8355 11.9431C17.8217 13.4805 17.2012 14.9502 16.1091 16.0325C15.0171 17.1146 13.5418 17.7218 12.0044 17.7218ZM15.1651 13.3966C14.99 13.309 14.1407 12.8887 13.9831 12.8362C13.8255 12.7837 13.7029 12.7486 13.5891 12.9238C13.4179 13.1585 13.2336 13.3835 13.0375 13.5979C12.9412 13.7205 12.8361 13.7293 12.661 13.5979C11.6627 13.2034 10.8309 12.4767 10.3058 11.5404C10.122 11.2339 10.4809 11.2515 10.8136 10.5948C10.8382 10.5474 10.851 10.4949 10.851 10.4416C10.851 10.3883 10.8382 10.3357 10.8136 10.2884C10.8136 10.2008 10.4196 9.34276 10.2795 9.0013C10.1395 8.65983 9.99937 8.71236 9.88555 8.70361H9.54409C9.45562 8.70497 9.36846 8.7252 9.28843 8.76295C9.20841 8.80069 9.13736 8.85509 9.08005 8.9225C8.88359 9.11352 8.73037 9.34444 8.63068 9.59968C8.531 9.85492 8.48719 10.1286 8.50219 10.4022C8.55709 11.0572 8.80375 11.6814 9.21138 12.1971C9.95752 13.3141 10.9801 14.219 12.1795 14.8237C12.8086 15.1909 13.5396 15.3445 14.2633 15.2615C14.5042 15.2137 14.7325 15.1157 14.9331 14.9738C15.1338 14.8321 15.3023 14.6496 15.4278 14.4385C15.544 14.1807 15.5806 13.8941 15.5328 13.6154C15.454 13.5279 15.3402 13.4841 15.1651 13.3966Z\" fill=\"white\"><\/path>\n<\/g>\n<defs>\n<clippath id=\"clip0_7607_1303\">\n<rect width=\"24\" height=\"24\" fill=\"white\"><\/rect>\n<\/clippath>\n<\/defs>\n<\/svg><\/p>\n<p>WhatsApp<\/p>\n<\/li>\n<li class=\"!p-0 !m-0 list-none border-b border-gray-200 border-solid\">\n<p><svg class=\"size-8 w-6 h-6 inline-block mr-1.5 text-primary-500\" data-component-name=\"Icon\" aria-hidden=\"true\" height=\"24\" viewbox=\"0 0 24 24\" width=\"24\" xmlns=\"http:\/\/www.w3.org\/2000\/svg\">\n<circle cx=\"12\" cy=\"12\" fill=\"#bd081c\" r=\"12\"><\/circle>\n<path d=\"m12.336 5c-3.822 0-5.754 2.744-5.754 5.025a3.065 3.065 0 0 0 1.652 3.066.279.279 0 0 0 .407-.2l.154-.644a.373.373 0 0 0 -.113-.448 2.341 2.341 0 0 1 -.532-1.582 3.812 3.812 0 0 1 3.961-3.849 3.009 3.009 0 0 1 3.346 3.08c0 2.323-1.022 4.283-2.547 4.283a1.253 1.253 0 0 1 -1.273-1.554 17.616 17.616 0 0 0 .713-2.856 1.081 1.081 0 0 0 -1.092-1.2c-.854 0-1.553.881-1.553 2.071a2.954 2.954 0 0 0 .266 1.274l-1.038 4.383a9.389 9.389 0 0 0 -.027 3.065.109.109 0 0 0 .2.042 8.737 8.737 0 0 0 1.457-2.631l.561-2.212a2.3 2.3 0 0 0 1.959 1.008c2.59 0 4.34-2.366 4.34-5.516a4.8 4.8 0 0 0 -5.087-4.605z\" fill=\"#fff\"><\/path>\n<\/svg><\/p>\n<p>Pinterest<\/p>\n<\/li>\n<\/ul>\n<\/div>\n<div class=\"font-ui-heading max-sm:hidden tooltip absolute left-1\/2 bg-gray-900 text-white text-xs leading-none px-3 py-1.5 rounded-md z-(10001) whitespace-nowrap\" id=\"tooltip-share-this-article\" role=\"tooltip\" aria-hidden=\"true\">\n<p>Teilen Sie diesen Artikel\n<\/p><\/div>\n<\/div>\n<div class=\"relative tooltip-container\" role=\"tooltip\">\n<div class=\"font-ui-heading max-sm:hidden tooltip absolute left-1\/2 bg-gray-900 text-white text-xs leading-none px-3 py-1.5 rounded-md z-(10001) whitespace-nowrap\" id=\"tooltip-join-the-conversation\" role=\"tooltip\" aria-hidden=\"true\">\n<p>Beteiligen Sie sich an der Unterhaltung\n<\/p><\/div>\n<\/div>\n<\/div>\n<div class=\"flex gap-2 text-(#333) subcontainer\">\n<div class=\"relative tooltip-container\" role=\"tooltip\">\n<p><svg class=\"inline-block m-auto size-5 text-inherit filter grayscale brightness-0 contrast-100\" data-component-name=\"Icon\" aria-hidden=\"true\" xmlns=\"http:\/\/www.w3.org\/2000\/svg\" width=\"20\" height=\"20\" fill=\"none\" viewbox=\"0 0 20 20\">\n<path fill=\"#4285F4\" d=\"M18.8 10.208c0-.65-.058-1.275-.167-1.875H10v3.55h4.933a4.226 4.226 0 0 1-1.841 2.759v2.308h2.975C17.8 15.35 18.8 13 18.8 10.208Z\"><\/path>\n<path fill=\"#34A853\" d=\"M10 19.167c2.475 0 4.55-.817 6.066-2.217l-2.975-2.308c-.816.55-1.858.883-3.091.883-2.384 0-4.409-1.608-5.134-3.775h-3.05v2.367c1.509 2.991 4.6 5.05 8.184 5.05Z\"><\/path>\n<path fill=\"#FBBC05\" d=\"M4.865 11.742A5.493 5.493 0 0 1 4.574 10c0-.608.108-1.192.291-1.742V5.892h-3.05A9.054 9.054 0 0 0 .832 10c0 1.483.358 2.875.983 4.108l2.375-1.85.675-.516Z\"><\/path>\n<path fill=\"#EA4335\" d=\"M10 4.483c1.35 0 2.55.467 3.508 1.367l2.625-2.625C14.541 1.742 12.475.833 10 .833c-3.584 0-6.675 2.059-8.184 5.059l3.05 2.366C5.591 6.092 7.616 4.483 10 4.483Z\"><\/path>\n<\/svg><\/p>\n<p>Folgen Sie uns<\/p>\n<div class=\"font-ui-heading max-sm:hidden tooltip absolute left-1\/2 bg-gray-900 text-white text-xs leading-none px-3 py-1.5 rounded-md z-(10001) whitespace-nowrap\" id=\"tooltip-add-us-as-a-preferred-source-on-google\" role=\"tooltip\" aria-hidden=\"true\">\nF\u00fcgen Sie uns als bevorzugte Quelle bei Google hinzu\n<\/div>\n<\/div>\n<div class=\"relative tooltip-container\" role=\"tooltip\">\n<button type=\"button\" class=\"no-underline hover:no-underline newsletter-pop-up-trigger relative text-inherit leading-none text-xs flex items-center gap-1 font-ui-heading\" data-component-name=\"UtilityBar:Newsletter:Button\" id=\"utilitybar__button--newsletter\" aria-label=\"Newsletter\" data-analytics-id=\"article-social\" analytics-label=\"utility-bar-newsletters\" analytics-name=\"utility-bar\" data-mrf-recirculation=\"article-social\"><br \/>\n<svg class=\"inline-block m-auto size-5 text-inherit\" data-component-name=\"Icon\" aria-hidden=\"true\" xmlns=\"http:\/\/www.w3.org\/2000\/svg\" fill=\"none\" viewbox=\"0 0 24 24\" stroke-width=\"1.5\" stroke=\"currentColor\" data-slot=\"icon\">\n<path stroke-linecap=\"round\" stroke-linejoin=\"round\" d=\"M21.75 6.75v10.5a2.25 2.25 0 0 1-2.25 2.25h-15a2.25 2.25 0 0 1-2.25-2.25V6.75m19.5 0A2.25 2.25 0 0 0 19.5 4.5h-15a2.25 2.25 0 0 0-2.25 2.25m19.5 0v.243a2.25 2.25 0 0 1-1.07 1.916l-7.5 4.615a2.25 2.25 0 0 1-2.36 0L3.32 8.91a2.25 2.25 0 0 1-1.07-1.916V6.75\"><\/path>\n<\/svg><\/p>\n<p>Newsletter<br \/>\n<\/button><\/p>\n<div class=\"font-ui-heading max-sm:hidden tooltip absolute left-1\/2 bg-gray-900 text-white text-xs leading-none px-3 py-1.5 rounded-md z-(10001) whitespace-nowrap\" id=\"tooltip-subscribe-to-our-newsletter\" role=\"tooltip\" aria-hidden=\"true\">\n<p>Abonnieren Sie unseren Newsletter\n<\/p><\/div>\n<\/div>\n<\/div>\n<\/div>\n<p id=\"elk-61aac2da-94c4-11f1-98a6-258acde29a4a\">Einige Zimmer haben einfach <em>Es<\/em>. Es kann eine gewagte Farbkombination sein, ein M\u00f6belst\u00fcck, das man sofort stehlen m\u00f6chte, eine geniale Dekorationsidee \u2013 oder einfach dieses schwer zu definierende Gef\u00fchl, das Lust macht, noch etwas l\u00e4nger zu verweilen. Tolle R\u00e4ume haben jedoch etwas Pers\u00f6nliches, und wir waren neugierig, welche die gleiche Wirkung auf Sie haben.<\/p>\n<div id=\"ad-unit-1\" class=\"ad-unit\"><\/div>\n<aside data-article-category=\"decor\" data-block-type=\"embed\" data-render-type=\"fte\" data-skip=\"dealsy\" data-widget-type=\"seasonal\" class=\"ecom-root\"><\/aside>\n<h2 id=\"1-a-sunset-orange-living-room-by-bryony-richardson-3\">1. Ein Sunset-Orange-Wohnzimmer von Bryony Richardson<\/h2>\n<figure class=\"van-image-figure extended-layout \" data-bordeaux-image-check id=\"elk-a669b310-94c7-11f1-b55f-fb7b75da782f\">\n<div class=\"image-full-width-wrapper\">\n<div class=\"image-widthsetter\" style=\"max-width:3200px;\"><\/div>\n<\/div><figcaption class=\"extended-layout \">\n<div class=\"caption-text\">\n<p>Dieses in Korallent\u00f6nen gehaltene Wohnzimmer kombiniert tiefgr\u00fcne Samtsitze mit Polstern im Bl\u00e4tter- und Pflanzenmuster und einer Wand aus stilisierten B\u00fccherregalen.<\/p>\n<\/div>\n<\/figcaption><\/figure>\n<p id=\"elk-a669b40a-94c7-11f1-a511-33bff305d745\">Das vom Sonnenaufgang inspirierte Wohnzimmer in diesem 400 Jahre alten, von Bryony Richardson entworfenen Bauernhaus beweist, wie transformativ Farbe in einem historischen Zuhause sein kann. Gewebte Seidentapeten verleihen den W\u00e4nden sowohl Muster als auch Textur, w\u00e4hrend die warme Farbpalette diesem Familienhaus die einladende, leicht eskapistische Qualit\u00e4t verleiht, die Bryony angestrebt hat.<\/p>\n<div id=\"ad-unit-2\" class=\"ad-unit\"><\/div>\n<p><strong>Lieben Sie diesen Raum? Stimmen Sie hier ab!<\/strong><\/p>\n<aside data-component-name=\"Recirculation:ArticleRiver\" data-recirculation-type=\"inline\" data-mrf-recirculation=\"Trending Bar\" data-nosnippet class=\"clear-both pt-2 pb-0 mb-4\">\n        <span class=\"\n            flex\n            after:content-('') after:flex-1 after:ml-4 after:my-(0.7rem) after:border-t after:border-solid after:border-(#333)\n            before:content-('') before:flex-1 before:mr-4 before:my-(0.7rem) before:border-t before:border-solid before:border-(#333)\n            font-article-heading pb-0 text-(length:var(--article-river-title--font-size,1em)) uppercase sm:text-(length:var(--article-river-title--font-size,0.875em)) font-normal\n        \"><\/p>\n<p>            Vielleicht gef\u00e4llt es Ihnen<br \/>\n        <\/span><\/p>\n<ul class=\"flex flex-col gap-0 m-0 max-w-full\">\n<li class=\"m-0 list-none border-b border-solid border-(#ededed) py-2.5\" data-recirculation-id=\"recirculation-card-1\" id=\"recirculation-inline-1\" data-analytics-id=\"recirculation-inline-1\" analytics-label=\"\" data-mrf-recirculation=\"recirculation-inline-1\">\n<picture data-new-v2-image=\"true\" class=\"aspect-square size-(85px) md:size-20 shrink-0\"><source type=\"image\/webp\"  ><\/source><\/p>\n<\/picture>\n                        <span class=\"w-full text-base font-(var(--article-river-item--font-weight,500)) font-article-heading line-clamp-3 md:line-clamp-2\">Vergessen Sie passende R\u00e4ume \u2013 dieser Designer nutzte Antiquit\u00e4ten, Erbst\u00fccke und \u201egesammelte Farben\u201c, um ein veraltetes Haus aus den 90ern in Colorado zu verwandeln<\/span><\/p>\n<\/li>\n<li class=\"m-0 list-none border-b border-solid border-(#ededed) py-2.5\" data-recirculation-id=\"recirculation-card-2\" id=\"recirculation-inline-2\" data-analytics-id=\"recirculation-inline-2\" analytics-label=\"\" data-mrf-recirculation=\"recirculation-inline-2\">\n<picture data-new-v2-image=\"true\" class=\"aspect-square size-(85px) md:size-20 shrink-0\"><source type=\"image\/webp\"  ><\/source><br \/>\n    <img decoding=\"async\" alt=\"ein warmes gelbes Wohnzimmer mit gebl\u00fcmtem Sofa, gebl\u00fcmten Vorh\u00e4ngen, Vintage-Holzm\u00f6beln und einem brennenden Kachelofen\"   loading=\"lazy\" data-new-v2-image=\"true\" src=\"https:\/\/www.strassenweb.de\/nachrichten\/wp-content\/uploads\/2026\/08\/ZUvst9NacAA6QaGRMYcPnc.jpg\" data-pin-media=\"https:\/\/www.strassenweb.de\/nachrichten\/wp-content\/uploads\/2026\/08\/ZUvst9NacAA6QaGRMYcPnc.jpg\" class=\"rounded-(var(--image--border-radius,0)) aspect-square size-(85px) md:size-20 object-cover shrink-0\" data-pin-nopin=\"true\">\n    <\/picture>\n                        <span class=\"w-full text-base font-(var(--article-river-item--font-weight,500)) font-article-heading line-clamp-3 md:line-clamp-2\">Dieses englisch inspirierte Haus nutzt 18 warme Farben, um den Innenr\u00e4umen von 2015 neues Leben einzuhauchen \u2013 fast 90 % der M\u00f6bel waren bereits vorhanden<\/span><\/p>\n<\/li>\n<li class=\"m-0 list-none border-b border-solid border-(#333) py-2.5\" data-recirculation-id=\"recirculation-card-3\" id=\"recirculation-inline-3\" data-analytics-id=\"recirculation-inline-3\" analytics-label=\"\" data-mrf-recirculation=\"recirculation-inline-3\">\n<picture data-new-v2-image=\"true\" class=\"aspect-square size-(85px) md:size-20 shrink-0\"><source type=\"image\/webp\"  ><\/source><br \/>\n    <img decoding=\"async\" alt=\"Zwei nebeneinander liegende Bilder eines mehrschichtigen Esszimmers und Wohnzimmers in einem viktorianischen Haus in Toronto\"   loading=\"lazy\" data-new-v2-image=\"true\" src=\"https:\/\/www.strassenweb.de\/nachrichten\/wp-content\/uploads\/2026\/08\/qrz2D2eyDYE8VrS3q2YruG.jpg\" data-pin-media=\"https:\/\/www.strassenweb.de\/nachrichten\/wp-content\/uploads\/2026\/08\/qrz2D2eyDYE8VrS3q2YruG.jpg\" class=\"rounded-(var(--image--border-radius,0)) aspect-square size-(85px) md:size-20 object-cover shrink-0\" data-pin-nopin=\"true\">\n    <\/picture>\n                        <span class=\"w-full text-base font-(var(--article-river-item--font-weight,500)) font-article-heading line-clamp-3 md:line-clamp-2\">Nach einem fragw\u00fcrdigen Umbau in den 1980er Jahren hat jedes Zimmer in diesem viktorianischen Haus endlich seine eigene Pers\u00f6nlichkeit<\/span><\/p>\n<\/li>\n<\/ul>\n<\/aside>\n<h2 id=\"2-a-characterful-cedar-clad-kitchen-by-neal-beckstedt-3\">2. Eine charaktervolle K\u00fcche mit Zedernholzverkleidung von Neal Beckstedt<\/h2>\n<figure class=\"van-image-figure extended-layout \" data-bordeaux-image-check id=\"elk-3800003c-94d1-11f1-af31-cb1feb7ebf03\">\n<div class=\"image-full-width-wrapper\">\n<div class=\"image-widthsetter\" style=\"max-width:2000px;\"><\/div>\n<\/div><figcaption class=\"extended-layout \">\n<div class=\"caption-text\">\n<p>Holz, offene Regale und ein klassisches schwarzes AGA verleihen dieser charaktervollen K\u00fcche ein gelassenes Landhausgef\u00fchl.<\/p>\n<\/div>\n<\/figcaption><\/figure>\n<p id=\"elk-11fba2a0-97f7-11f1-8054-e973ae7e3070\">Wiedergewonnene gelbe Fliesen und viel blaues und wei\u00dfes Porzellan verleihen dieser holzverkleideten K\u00fcche des New Yorker Innenarchitekten Neal Beckstedt eine wundersch\u00f6n gealterte Qualit\u00e4t. Ein antiker schwedischer Tisch, freistehende M\u00f6bel und ein klassischer Aga unterstreichen den Charakter der 1890er-Jahre. Neal hat hier bewusst das Flair der Epoche aufgegriffen und eine K\u00fcche geschaffen, die sich authentisch an das Haus anpasst, ohne ins Pastiche zu verfallen.<\/p>\n<p><strong>Lieben Sie diesen Raum? Stimmen Sie hier ab!<\/strong><\/p>\n<h2 id=\"3-a-soft-serene-bedroom-by-nancy-gouldstone-3\">3. Ein weiches, ruhiges Schlafzimmer von Nancy Gouldstone<\/h2>\n<figure class=\"van-image-figure extended-layout \" data-bordeaux-image-check id=\"elk-b03c6156-94d3-11f1-9dc8-73f905db7d7a\">\n<div class=\"image-full-width-wrapper\">\n<div class=\"image-widthsetter\" style=\"max-width:2000px;\"><\/div>\n<\/div><figcaption class=\"extended-layout \">\n<div class=\"caption-text\">\n<p>Sanfte Rouge- und Salbeit\u00f6ne verleihen diesem Schlafzimmer eine ruhige, vielschichtige Atmosph\u00e4re, wobei eine gew\u00f6lbte T\u00fcr f\u00fcr zus\u00e4tzliches Interesse sorgt.<\/p>\n<\/div>\n<\/figcaption><\/figure>\n<p id=\"elk-7a229628-97f1-11f1-9608-6f7d29ac5573\">Dieses Schlafzimmer f\u00e4ngt die weichere Seite der Architektin Nancy Gouldstone ein, mit einem umh\u00fcllenden, aber bewusst niedrigen gepolsterten Kopfteil, ged\u00e4mpften Rosa- und Salbeigr\u00fcnt\u00f6nen, die eine ruhige Boutique-Hotel-Atmosph\u00e4re schaffen. Der Designer hat auch Details zwischen angrenzenden R\u00e4umen umgesetzt: Der Stoff des Kopfteils und die Holzverkleidung werden im Ankleidezimmer wiederholt und verleihen dem Gesamtkonzept ein Gef\u00fchl von Zusammenhalt.<\/p>\n<p><strong>Lieben Sie diesen Raum? Stimmen Sie hier ab!<\/strong><\/p>\n<h2 id=\"4-a-folk-inspired-ski-loft-by-heather-peterson-3\">4. Ein volkst\u00fcmlich inspiriertes Ski-Loft von Heather Peterson<\/h2>\n<figure class=\"van-image-figure extended-layout \" data-bordeaux-image-check id=\"elk-184fb79c-94d0-11f1-a986-5ddecb161be5\">\n<div class=\"image-full-width-wrapper\">\n<div class=\"image-widthsetter\" style=\"max-width:3200px;\"><\/div>\n<\/div><figcaption class=\"extended-layout \">\n<div class=\"caption-text\">\n<p>Dieses gem\u00fctliche Loft-Wohnzimmer kombiniert Blumentapeten mit warmem Holz, Vintage-inspirierten M\u00f6beln und Blick auf die umliegenden B\u00e4ume.<\/p>\n<\/div>\n<\/figcaption><\/figure>\n<p id=\"elk-184fba3a-94d0-11f1-8a20-5d654ed5dc16\">Dieses Loft im Baumhaus-Stil in einem franz\u00f6sischen Landhaus- und Folk-Ski-Refugium von Heather Peterson ist unvergesslich, weil es Muster und W\u00e4rme vereint, ohne dabei das Gef\u00fchl der Gelassenheit zu verlieren, das von der Waldumgebung ausgeht. Die gro\u00dfz\u00fcgige Sitzordnung, die Holzarchitektur und die reich gemusterten Textilien vermitteln den Eindruck eines Raumes, der in erster Linie zum Abschalten gedacht ist.<\/p>\n<aside data-component-name=\"Recirculation:ArticleRiver\" data-recirculation-type=\"inline\" data-mrf-recirculation=\"Trending Bar\" data-nosnippet class=\"clear-both pt-2 pb-0 mb-4\">\n        <span class=\"\n            flex\n            after:content-('') after:flex-1 after:ml-4 after:my-(0.7rem) after:border-t after:border-solid after:border-(#333)\n            before:content-('') before:flex-1 before:mr-4 before:my-(0.7rem) before:border-t before:border-solid before:border-(#333)\n            font-article-heading pb-0 text-(length:var(--article-river-title--font-size,1em)) uppercase sm:text-(length:var(--article-river-title--font-size,0.875em)) font-normal\n        \"><\/p>\n<p>            Was Sie als n\u00e4chstes lesen sollten<br \/>\n        <\/span><\/p>\n<ul class=\"flex flex-col gap-0 m-0 max-w-full\">\n<li class=\"m-0 list-none border-b border-solid border-(#ededed) py-2.5\" data-recirculation-id=\"recirculation-card-1\" id=\"recirculation-inline-2-1\" data-analytics-id=\"recirculation-2-inline-1\" analytics-label=\"\" data-mrf-recirculation=\"recirculation-2-inline-1\">\n<picture data-new-v2-image=\"true\" class=\"aspect-square size-(85px) md:size-20 shrink-0\"><source type=\"image\/webp\"  ><\/source><br \/>\n    <img decoding=\"async\" alt=\"Frau steht links und Bild der K\u00fcche und des Sofabereichs rechts mit warmen Farben und kr\u00e4ftigem Muster\"   loading=\"lazy\" data-new-v2-image=\"true\" src=\"https:\/\/www.strassenweb.de\/nachrichten\/wp-content\/uploads\/2026\/08\/adLqLndAr7ENRFSeDLrnJS.jpg\" data-pin-media=\"https:\/\/www.strassenweb.de\/nachrichten\/wp-content\/uploads\/2026\/08\/adLqLndAr7ENRFSeDLrnJS.jpg\" class=\"rounded-(var(--image--border-radius,0)) aspect-square size-(85px) md:size-20 object-cover shrink-0\" data-pin-nopin=\"true\">\n    <\/picture>\n                        <span class=\"w-full text-base font-(var(--article-river-item--font-weight,500)) font-article-heading line-clamp-3 md:line-clamp-2\">Der aufstrebende Star des britischen Designs: Ayisha Onuorahs erdiger, musterreicher und pers\u00f6nlichkeitsorientierter Ansatz f\u00fcr Innenr\u00e4ume<\/span><\/p>\n<\/li>\n<li class=\"m-0 list-none border-b border-solid border-(#ededed) py-2.5\" data-recirculation-id=\"recirculation-card-2\" id=\"recirculation-inline-2-2\" data-analytics-id=\"recirculation-2-inline-2\" analytics-label=\"\" data-mrf-recirculation=\"recirculation-2-inline-2\">\n<picture data-new-v2-image=\"true\" class=\"aspect-square size-(85px) md:size-20 shrink-0\"><source type=\"image\/webp\"  ><\/source><br \/>\n    <img decoding=\"async\" alt=\"Eine gro\u00dfe traditionelle K\u00fcche in Surrey, England, mit gro\u00dfer Insel und Dunstabzugshaube aus Schwarz und Messing, traditionellen cremefarbenen Schr\u00e4nken und gew\u00f6lbten T\u00fcren bis hin zu Speisekammern\"   loading=\"lazy\" data-new-v2-image=\"true\" src=\"https:\/\/www.strassenweb.de\/nachrichten\/wp-content\/uploads\/2026\/09\/8Wb9We8bkhXPXot26MM4Ho.jpg\" data-pin-media=\"https:\/\/www.strassenweb.de\/nachrichten\/wp-content\/uploads\/2026\/09\/8Wb9We8bkhXPXot26MM4Ho.jpg\" class=\"rounded-(var(--image--border-radius,0)) aspect-square size-(85px) md:size-20 object-cover shrink-0\" data-pin-nopin=\"true\">\n    <\/picture>\n                        <span class=\"w-full text-base font-(var(--article-river-item--font-weight,500)) font-article-heading line-clamp-3 md:line-clamp-2\">Dieses englische Landhaus wurde entworfen, um den Aufenthalt zu Hause aufregender zu machen als das Weggehen<\/span><\/p>\n<\/li>\n<li class=\"m-0 list-none border-b border-solid border-(#333) py-2.5\" data-recirculation-id=\"recirculation-card-3\" id=\"recirculation-inline-2-3\" data-analytics-id=\"recirculation-2-inline-3\" analytics-label=\"\" data-mrf-recirculation=\"recirculation-2-inline-3\">\n<picture data-new-v2-image=\"true\" class=\"aspect-square size-(85px) md:size-20 shrink-0\"><source type=\"image\/webp\"  ><\/source><br \/>\n    <img decoding=\"async\" alt=\"Eine warme, neutrale K\u00fcche mit markanten Steinarbeitsplatten und einer Holzinsel\"   loading=\"lazy\" data-new-v2-image=\"true\" src=\"https:\/\/www.strassenweb.de\/nachrichten\/wp-content\/uploads\/2026\/08\/DZVUvGB2HkvEU85FVYFk2D.jpg\" data-pin-media=\"https:\/\/www.strassenweb.de\/nachrichten\/wp-content\/uploads\/2026\/08\/DZVUvGB2HkvEU85FVYFk2D.jpg\" class=\"rounded-(var(--image--border-radius,0)) aspect-square size-(85px) md:size-20 object-cover shrink-0\" data-pin-nopin=\"true\">\n    <\/picture>\n                        <span class=\"w-full text-base font-(var(--article-river-item--font-weight,500)) font-article-heading line-clamp-3 md:line-clamp-2\">Diese warme, neutrale K\u00fcche beweist, dass die auff\u00e4lligsten Designs keine kr\u00e4ftigen Farben ben\u00f6tigen<\/span><\/p>\n<\/li>\n<\/ul>\n<\/aside>\n<p><strong>Lieben Sie diesen Raum? Stimmen Sie hier ab!<\/strong><\/p>\n<h2 id=\"5-a-rustic-french-manor-kitchen-by-pia-casal-3\">5. Eine rustikale franz\u00f6sische Herrenhausk\u00fcche von Pia Casal<\/h2>\n<figure class=\"van-image-figure extended-layout \" data-bordeaux-image-check id=\"elk-92d907ca-94cb-11f1-958e-b3ef0c54e045\">\n<div class=\"image-full-width-wrapper\">\n<div class=\"image-widthsetter\" style=\"max-width:2000px;\"><\/div>\n<\/div><figcaption class=\"extended-layout \">\n<div class=\"caption-text\">\n<p>Eine charaktervolle K\u00fcche kombiniert olivfarbene M\u00f6bel mit rustikalem Holz, gemusterten Fliesen und geflochtenen Bistrost\u00fchlen.<\/p>\n<\/div>\n<\/figcaption><\/figure>\n<p id=\"elk-851f40ec-97f3-11f1-8b54-3ffb0df248b9\">Die von Pia Casal entworfene K\u00fcche in diesem \u201eunpr\u00e4tenti\u00f6sen\u201c Schloss verbindet franz\u00f6sischen Charakter mit einer viel entspannteren, zeitgen\u00f6ssischen Sensibilit\u00e4t. Die Vintage-inspirierten Materialien, die handbemalten Fliesen, die Kupferarbeitsplatten und die zum Garten hin ausgerichtete Gestaltung verleihen dem Raum den Eindruck, als h\u00e4tte er sich auf nat\u00fcrliche Weise mit dem Haus weiterentwickelt, w\u00e4hrend der in Dublin ans\u00e4ssige Designer bewusst auf die formelleren Details verzichtete, die mit der Innenausstattung eines Schlosses verbunden sind.<\/p>\n<p><strong>Lieben Sie diesen Raum? Stimmen Sie hier ab!<\/strong><\/p>\n<h2 id=\"6-a-floral-wrapped-joyful-pantry-by-yond-interiors-3\">6. Eine mit Blumen geschm\u00fcckte, fr\u00f6hliche Speisekammer von Yond Interiors<\/h2>\n<figure class=\"van-image-figure extended-layout \" data-bordeaux-image-check id=\"elk-004437a0-94d4-11f1-b533-3f8b851c7a20\">\n<div class=\"image-full-width-wrapper\">\n<div class=\"image-widthsetter\" style=\"max-width:2000px;\"><\/div>\n<\/div><figcaption class=\"extended-layout \">\n<div class=\"caption-text\">\n<p>Tiefgelbe Schr\u00e4nke und zarte Blumentapeten verleihen dieser kompakten Speisekammer einen charmanten Charakter.<\/p>\n<\/div>\n<\/figcaption><\/figure>\n<p id=\"elk-6d2369bc-97f5-11f1-a3ae-87b82f074d61\">Diese Speisekammer von Julia Miller von Yond Interiors ist ein starkes Argument daf\u00fcr, Hauswirtschaftsr\u00e4ume als M\u00f6glichkeiten f\u00fcr Pers\u00f6nlichkeit und nicht als reine Zweckm\u00e4\u00dfigkeit zu behandeln. Der ach so bezaubernde Antoinette-Poisson-Hintergrund, die warmen ockerfarbenen M\u00f6bel und der sorgf\u00e4ltig durchdachte offene Stauraum verleihen diesem flei\u00dfigen Serviceraum den Charakter und den Reichtum eines eher vor dem Haus gelegenen Raums.<\/p>\n<h2 id=\"7-a-classic-cotswolds-drawing-room-by-vanessa-macdonald-3\">7. Ein klassischer Cotswolds-Salon von Vanessa Macdonald<\/h2>\n<figure class=\"van-image-figure extended-layout \" data-bordeaux-image-check id=\"elk-8c968a7c-94d0-11f1-a9ca-f588c5ef1ef9\">\n<div class=\"image-full-width-wrapper\">\n<div class=\"image-widthsetter\" style=\"max-width:3200px;\"><\/div>\n<\/div><figcaption class=\"extended-layout \">\n<div class=\"caption-text\">\n<p>Gemusterte Polster, antike M\u00f6bel und ein traditioneller Kamin verleihen diesem vielschichtigen Salon W\u00e4rme und Pers\u00f6nlichkeit.<\/p>\n<\/div>\n<\/figcaption><\/figure>\n<p id=\"elk-fe8a5522-97f1-11f1-8ae4-7f5ca0891460\">Dieser Salon zeigt Vanessa Macdonalds Talent und ihren Glauben an die Gestaltung von Innenr\u00e4umen, die \u201elanglebig und nicht protzig\u201c wirken. Bequeme Sofas und tiefe Sessel stehen neben antiken M\u00f6beln, durchdachter Beleuchtung und der Sammlung britischer Kunst des Paares und schaffen genau die vielschichtige Atmosph\u00e4re, die f\u00fcr ihren Ansatz von zentraler Bedeutung ist.<\/p>\n<p><strong>Lieben Sie diesen Raum? Stimmen Sie hier ab!<\/strong><\/p>\n<h2 id=\"8-a-playful-living-room-by-studio-portobello-3\">8. Ein verspieltes Wohnzimmer von Studio Portobello<\/h2>\n<figure class=\"van-image-figure extended-layout \" data-bordeaux-image-check id=\"elk-353b092c-94c8-11f1-9f9e-71e74d57cc4c\">\n<div class=\"image-full-width-wrapper\">\n<div class=\"image-widthsetter\" style=\"max-width:2000px;\"><\/div>\n<\/div><figcaption class=\"extended-layout \">\n<div class=\"caption-text\">\n<p>Das auff\u00e4llig gestreifte Sofa steht im Mittelpunkt dieses farbenfrohen Wohnzimmers, in dem leuchtendes Rot, skulpturale Beleuchtung und grafische Kunstwerke f\u00fcr zus\u00e4tzlichen Charme sorgen.<\/p>\n<\/div>\n<\/figcaption><\/figure>\n<p id=\"elk-329242aa-97f0-11f1-94b0-fbffda222559\">Dieses Wohnzimmer ist ein hervorragendes Beispiel daf\u00fcr, wie man einem historischen Zimmer das Gef\u00fchl von Geborgenheit und nicht zu traditionell verleihen kann. Studio Portobello h\u00fcllte den Raum und das angrenzende Esszimmer in B\u00fccherregale, Kunstwerke und einen Holzofen und brachte dann ein weiches Buchanan Studio-Sofa, zeitgen\u00f6ssische Kunstwerke und einen Projektor anstelle eines Fernsehers ein, um einen Raum zu schaffen, der sich wirklich bewohnt anf\u00fchlt.<\/p>\n<p><strong>Lieben Sie diesen Raum? Stimmen Sie hier ab!<\/strong><\/p>\n<h2 id=\"9-a-contemporary-green-tiled-kitchen-by-carden-cunietti-3\">9. Eine zeitgen\u00f6ssische K\u00fcche mit gr\u00fcnen Fliesen von Carden Cunietti<\/h2>\n<figure class=\"van-image-figure extended-layout \" data-bordeaux-image-check id=\"elk-cfe692c4-94c9-11f1-a61c-a9700422280b\">\n<div class=\"image-full-width-wrapper\">\n<div class=\"image-widthsetter\" style=\"max-width:2000px;\"><\/div>\n<\/div><figcaption class=\"extended-layout \">\n<div class=\"caption-text\">\n<p>Eine ma\u00dfgeschneiderte K\u00fcche kombiniert dunkle Holzm\u00f6bel und gl\u00e4nzende gr\u00fcne Fliesen mit Barhockern aus Leder und viel Gr\u00fcn.<\/p>\n<\/div>\n<\/figcaption><\/figure>\n<p id=\"elk-69c85c42-97f4-11f1-a6bc-e91686a2870a\">Die von Carden Cunietti entworfenen M\u00f6bel aus dunklem Holz in dieser gediegenen K\u00fcche bilden einen \u00fcppigen Hintergrund f\u00fcr die handgefertigten gr\u00fcnen Fliesen, die die geschwungene Insel umh\u00fcllen, w\u00e4hrend die schwebende Quarzit-Arbeitsplatte und die skulpturale Form daf\u00fcr sorgen, dass die Insel sowohl wie ein M\u00f6belst\u00fcck als auch wie ein hart arbeitender Koch- und Aufenthaltsraum wirkt.<\/p>\n<p><strong>Lieben Sie diesen Raum? Stimmen Sie hier ab!<\/strong><\/p>\n<h2 id=\"10-a-layered-pattern-filled-living-room-by-salvesen-graham-3\">10. Ein mit mehrschichtigen Mustern gef\u00fclltes Wohnzimmer von Salvesen Graham<\/h2>\n<figure class=\"van-image-figure extended-layout \" data-bordeaux-image-check id=\"elk-286694b8-94c9-11f1-bea2-69bd66a25576\">\n<div class=\"image-full-width-wrapper\">\n<div class=\"image-widthsetter\" style=\"max-width:3200px;\"><\/div>\n<\/div><figcaption class=\"extended-layout \">\n<div class=\"caption-text\">\n<p>Ein mehrschichtiges Wohnzimmer vereint florale Vorh\u00e4nge, gemusterte Polster, warme W\u00e4nde und eine vielseitige Kunstsammlung f\u00fcr eine einladende, entspannte Atmosph\u00e4re.<\/p>\n<\/div>\n<\/figcaption><\/figure>\n<p id=\"elk-f4af41f4-97f4-11f1-8ea1-415c51566825\">Dieser Lesesaal f\u00e4ngt die spielerische und typisch britische Qualit\u00e4t ein, die Salvesen Grahams Werk so unverwechselbar macht. Die Mischung aus Blumen, Chintz, Kunst, freistehenden M\u00f6beln und warmen Farben verleiht dem Raum ein im Laufe der Zeit entstandenes Gef\u00fchl, w\u00e4hrend die Designer bewusst St\u00fccke verwendeten, die sich mit der Familie bewegen lassen, anstatt dauerhaft an die Architektur gebunden zu sein.<\/p>\n<p><strong>Lieben Sie diesen Raum? Stimmen Sie hier ab!<\/strong><\/p>\n<h2 id=\"11-a-sun-baked-banco-by-french-and-french-interiors-3\">11. Ein sonnenverw\u00f6hnter Banco von French und French Interiors<\/h2>\n<figure class=\"van-image-figure extended-layout \" data-bordeaux-image-check id=\"elk-f0386132-94cf-11f1-83f8-43beeeb966ba\">\n<div class=\"image-full-width-wrapper\">\n<div class=\"image-widthsetter\" style=\"max-width:2000px;\"><\/div>\n<\/div><figcaption class=\"extended-layout \">\n<div class=\"caption-text\">\n<p>Eine eingebaute Banco mit \u00fcppiger, gemusterter Tapete schafft einen intimen und einladenden Ort zum Entspannen.<\/p>\n<\/div>\n<\/figcaption><\/figure>\n<p id=\"elk-c35ca84a-97e9-11f1-a37f-110042ec9555\">Der gem\u00fctliche Banco (oder Winkel) wird von den Designern French &#038; French als der Raum beschrieben, der den Geist dieses Hauses in Santa Fe am besten einf\u00e4ngt und der ultimative R\u00fcckzugsort im Sommer ist. Die botanischen Tapeten und mehrschichtigen M\u00f6bel schaffen durch Muster, Textur und Einfassung ein fast kokonartiges Erlebnis und verleihen dem kleinen Raum ein Gef\u00fchl der Flucht. Sie zeigen, wie eine kompakte Ecke genauso viel Wirkung haben kann wie ein Raum in voller Gr\u00f6\u00dfe.<\/p>\n<p><strong>Lieben Sie diesen Raum? Stimmen Sie hier ab!<\/strong><\/p>\n<h2 id=\"12-a-romantic-pattern-filled-bedroom-by-sarah-brown-3\">12. Ein romantisches, mit Mustern gef\u00fclltes Schlafzimmer von Sarah Brown<\/h2>\n<figure class=\"van-image-figure extended-layout \" data-bordeaux-image-check id=\"elk-4a593fd6-94cd-11f1-9b40-255ea59c2a9c\">\n<div class=\"image-full-width-wrapper\">\n<div class=\"image-widthsetter\" style=\"max-width:3200px;\"><\/div>\n<\/div><figcaption class=\"extended-layout \">\n<div class=\"caption-text\">\n<p>In diesem romantischen Schlafzimmer sind Blumenstoffe \u00fcber das Himmelbett, die Vorh\u00e4nge und die Polsterbank gelegt, mit sanften Rosat\u00f6nen, Puderblau und gelben Akzenten.<\/p>\n<\/div>\n<\/figcaption><\/figure>\n<p id=\"elk-f1c99a04-97f2-11f1-aaff-7f6caed53e09\">Das Hauptschlafzimmer in diesem Sandsteinhaus aus dem sp\u00e4ten 19. Jahrhundert ist romantisch, ohne in \u00fcberm\u00e4\u00dfig zuckers\u00fc\u00dfes Terrain abzudriften, dank der Art und Weise, wie die Designerin Sarah Brown die gebl\u00fcmten Stoffe, den halbhohen Baldachin, die gemusterten W\u00e4nde und sanften Akzente miteinander kombiniert hat. Eine gepolsterte Bank sorgt f\u00fcr einen weiteren Hauch von Muster, w\u00e4hrend am anderen Ende des Raumes ein Paar sonnengelbe Sessel zum Sitzen, Lesen oder Verweilen einl\u00e4dt.<\/p>\n<p><strong>Lieben Sie diesen Raum? Stimmen Sie hier ab!<\/strong><\/p>\n<h2 id=\"13-an-earthy-and-arty-bathroom-by-finch-interior-design-3\">13. Ein erdiges und k\u00fcnstlerisches Badezimmer von Finch Interior Design<\/h2>\n<figure class=\"van-image-figure extended-layout \" data-bordeaux-image-check id=\"elk-28d88296-94cc-11f1-8d92-0b041c2ddf24\">\n<div class=\"image-full-width-wrapper\">\n<div class=\"image-widthsetter\" style=\"max-width:2000px;\"><\/div>\n<\/div><figcaption class=\"extended-layout \">\n<div class=\"caption-text\">\n<p>Dieses stimmungsvolle Badezimmer kombiniert eine kupferfarbene Badewanne mit erdigen Fliesen, dunkler Olivfarbe und einer Sammlung von Kunstwerken.<\/p>\n<\/div>\n<\/figcaption><\/figure>\n<p id=\"elk-3fc57ce6-97f3-11f1-807a-e563ab0bdd07\">Dieses erdige Badezimmer von Finch Interior Design ist ein brillantes Beispiel daf\u00fcr, wie man einem traditionell funktionalen Raum eine vielseitigere, gesammelte Energie verleiht. Das vorhandene Slipper-Badezimmer wurde beibehalten und neu gestrichen, w\u00e4hrend neue Boden- und Wandfliesen sowie vom Kunden beschaffte Vintage-Kunstwerke den Raum in etwas verwandeln, das sich eher wie ein dekorierter Raum als wie ein rein praktisches Badezimmer anf\u00fchlt.<\/p>\n<p><strong>Lieben Sie diesen Raum? Stimmen Sie hier ab!<\/strong><\/p>\n<h2 id=\"14-a-calming-dining-area-by-studio-lio-3\">14. Ein beruhigender Essbereich von Studio Lio<\/h2>\n<figure class=\"van-image-figure extended-layout \" data-bordeaux-image-check id=\"elk-14161d94-94ce-11f1-b37a-81f32f956284\">\n<div class=\"image-full-width-wrapper\">\n<div class=\"image-widthsetter\" style=\"max-width:2000px;\"><\/div>\n<\/div><figcaption class=\"extended-layout \">\n<div class=\"caption-text\">\n<p>Eine taktile Essecke kombiniert einen klobigen Eichentisch, geflochtene St\u00fchle und skulpturale Pendelleuchten vor einer Wand aus gro\u00dfz\u00fcgigen Fenstern.<\/p>\n<\/div>\n<\/figcaption><\/figure>\n<p id=\"elk-396562ee-97f8-11f1-849a-a59b1375a1f7\">Ein quadratisches Erkerfenster bietet den perfekten Rahmen f\u00fcr diesen entspannten Familienessbereich von Studio Lio, mit einer speziell angefertigten Sitzbank und nat\u00fcrlichen Materialien, die ihm eine entspannte, sonnenverw\u00f6hnte Atmosph\u00e4re verleihen. Pendelleuchten aus Marrakesch sorgen f\u00fcr den letzten \u201eraffinierten mediterranen\u201c Touch und spiegeln die s\u00fcdfranz\u00f6sischen Einfl\u00fcsse der Designerin Aur\u00e9lie Brelivet wider.<\/p>\n<p><strong>Lieben Sie diesen Raum? Stimmen Sie hier ab!<\/strong><\/p>\n<h2 id=\"15-a-color-confident-bedroom-by-ham-3\">15. Ein farbbewusstes Schlafzimmer von H\u00c1M<\/h2>\n<figure class=\"van-image-figure extended-layout \" data-bordeaux-image-check id=\"elk-dbfead96-94cc-11f1-812e-23d90417a54a\">\n<div class=\"image-full-width-wrapper\">\n<div class=\"image-widthsetter\" style=\"max-width:2000px;\"><\/div>\n<\/div><figcaption class=\"extended-layout \">\n<div class=\"caption-text\">\n<p>Ein dramatisches Himmelbett aus Walnussholz und tiefblaugr\u00fcne W\u00e4nde werden durch ein gerafftes Kopfteil, gemusterte Drucke und ein h\u00fcbsches Sofa ausgeglichen.<\/p>\n<\/div>\n<\/figcaption><\/figure>\n<p id=\"elk-75923716-97f7-11f1-b0b3-f1ffa614847d\">Sanfte Rosat\u00f6ne und ein stimmungsvolles Blaugr\u00fcn bilden einen wunderbar erholsamen Kontrast in diesem Hauptschlafzimmer, in dem mehrlagige Textilien f\u00fcr Tiefe und eine haptische Qualit\u00e4t sorgen. Verankert in einem pr\u00e4chtigen Himmelbett ist das Ergebnis ein selbstbewusster Einsatz von Farben, die eher warm und einladend als \u00fcberw\u00e4ltigend wirken \u2013 ein Markenzeichen des Ansatzes des Mutter-Tochter-Duos Pamela und Kate von H\u00e1m Interiors im gesamten Haus.<\/p>\n<p><strong>Lieben Sie diesen Raum? Stimmen Sie hier ab!<\/strong><\/p>\n<h2 id=\"16-a-glamorous-green-and-gold-kitchen-by-suzy-hoodless-3\">16. Eine glamour\u00f6se gr\u00fcn-goldene K\u00fcche von Suzy Hoodless<\/h2>\n<figure class=\"van-image-figure extended-layout \" data-bordeaux-image-check id=\"elk-b2fa7792-94ca-11f1-8518-a7b4d45ac6f6\">\n<div class=\"image-full-width-wrapper\">\n<div class=\"image-widthsetter\" style=\"max-width:2000px;\"><\/div>\n<\/div><figcaption class=\"extended-layout \">\n<div class=\"caption-text\">\n<p>Diese moderne K\u00fcche erh\u00e4lt Pers\u00f6nlichkeit durch strukturierte gr\u00fcne Schr\u00e4nke, eine gealterte Messinginsel und einen dramatischen Boden mit Chevron-Muster.<\/p>\n<\/div>\n<\/figcaption><\/figure>\n<p id=\"elk-eed76320-97f3-11f1-8c58-51f11c0b107f\">Diese K\u00fcche von Suzy Hoodless ist eine Meisterklasse darin, einem praktischen Raum Ausdruckskraft zu verleihen. Die gewagte Kombination aus gr\u00fcn gef\u00e4rbten Schr\u00e4nken aus Tulpenholzfurnier und einer mit Messing umwickelten K\u00fccheninsel (der Kunde bevorzugte dies gegen\u00fcber einem \u201eSteinklumpen\u201c) bringt Farbe und Kontrast, w\u00e4hrend zeitgen\u00f6ssische italienische Referenzen bequem neben den Arts &#038; Crafts-Elementen des Hauses stehen.<\/p>\n<p><strong>Lieben Sie diesen Raum? Stimmen Sie hier ab!<\/strong><\/p>\n<h2 id=\"17-a-zesty-green-and-pink-bedroom-by-studio-ashby-3\">17. Ein pikantes Schlafzimmer in Gr\u00fcn und Rosa von Studio Ashby<\/h2>\n<figure class=\"van-image-figure extended-layout \" data-bordeaux-image-check id=\"elk-50bc43be-94d2-11f1-9b5a-29079809fc20\">\n<div class=\"image-full-width-wrapper\">\n<div class=\"image-widthsetter\" style=\"max-width:2000px;\"><\/div>\n<\/div><figcaption class=\"extended-layout \">\n<div class=\"caption-text\">\n<p>Ein skulpturales Kopfteil und eine lindgr\u00fcne Tagesdecke verleihen diesem eleganten Schlafzimmer einen verspielten Farbtupfer.<\/p>\n<\/div>\n<\/figcaption><\/figure>\n<p id=\"elk-ff32d02a-97f7-11f1-a449-b323ce566c63\">Sanftes Rosa, pikantes Gr\u00fcn und botanische Muster verleihen diesem kunstvollen Schlafzimmer von Studio Ashby eine sanfte Verspieltheit, wobei taktile Stoffe f\u00fcr eine weitere Ebene des Spa\u00dfes sorgen. Wie \u00fcberall in diesem Londoner Haus orientieren sich die Gr\u00fcnt\u00f6ne an der Landschaft des nahegelegenen Hampstead Heath, w\u00e4hrend Beerent\u00f6ne an den tiefroten Backstein der Au\u00dfenfassade erinnern.<\/p>\n<p><strong>Lieben Sie diesen Raum? Stimmen Sie hier ab!<\/strong><\/p>\n<h2 id=\"18-a-jewel-box-green-study-by-coal-cornwall-3\">18. Eine Jewel-Box Green-Studie von COAL Cornwall<\/h2>\n<figure class=\"van-image-figure extended-layout \" data-bordeaux-image-check id=\"elk-df4c7c6e-94d4-11f1-af39-6d5eb3ae3993\">\n<div class=\"image-full-width-wrapper\">\n<div class=\"image-widthsetter\" style=\"max-width:2000px;\"><\/div>\n<\/div><figcaption class=\"extended-layout \">\n<div class=\"caption-text\">\n<p>Dieses tiefgr\u00fcne und blaugr\u00fcne Heimb\u00fcro kombiniert farbenfrohe Regale, Vintage-St\u00fccke und einen taktilen Schreibtisch im Mid-Century-Stil.<\/p>\n<\/div>\n<\/figcaption><\/figure>\n<p id=\"elk-307e68ee-97f1-11f1-ad07-55a382891f61\">Die vom Art Deco inspirierten, satten Gr\u00fcn- und Blaugr\u00fcnm\u00f6bel, die sorgf\u00e4ltig arrangierte Sammlung von Objekten und die vielschichtige Beleuchtung machen dieses flei\u00dfige Heimb\u00fcro zu einem fr\u00f6hlichen Reiseziel und nicht zu einem Raum, der Sonntagsangst f\u00f6rdert \u2013 perfekt im Einklang mit dem Ansatz der Designerin Emily Reilly von COAL, Farbe, Kunst und Kreativit\u00e4t zu nutzen, um dem Haus in Cornwall seine Pers\u00f6nlichkeit zu verleihen.<\/p>\n<p><strong>Lieben Sie diesen Raum? Stimmen Sie hier ab!<\/strong><\/p>\n<h2 class=\"article-body__section\" id=\"section-cast-your-vote-now\"><span>Geben Sie jetzt Ihre Stimme ab<\/span><\/h2>\n<div style=\"min-height: 250px;\" id=\"elk-ee3032f4-a6c5-11f1-a438-ad7d42d7454f\">\n<div class=\"kwizly-quiz kwizly-W0RyKX\"><\/div>\n<\/div>\n<hr id=\"elk-a9d65bb6-a142-11f1-bca6-f9e2a95d0b58\">\n<p id=\"elk-a9d65c2e-a142-11f1-bc31-e7a1e13b8003\">Lieben Sie sch\u00f6ne Designideen, kompetente Beratung und inspirierende Dekortrends? Melden Sie sich f\u00fcr unseren Newsletter an und erhalten Sie die neuesten Funktionen direkt in Ihren Posteingang.<\/p>\n<\/div>\n<p><script async src=\"https:\/\/platform.twitter.com\/widgets.js\" charset=\"utf-8\"><\/script><\/p>\n","protected":false},"excerpt":{"rendered":"<p>Aktie Link kopieren Facebook X WhatsApp Pinterest Teilen Sie diesen Artikel Beteiligen Sie sich an der Unterhaltung Folgen Sie uns F\u00fcgen Sie uns als bevorzugte<\/p>\n","protected":false},"author":1,"featured_media":16714,"comment_status":"closed","ping_status":"","sticky":false,"template":"","format":"standard","meta":{"footnotes":""},"categories":[118],"tags":[17250,638,15594,2904,678,677,1272,1728,17249,165,2404,67],"class_list":["post-16713","post","type-post","status-publish","format-standard","has-post-thumbnail","hentry","category-haus-garten","tag-award","tag-beim","tag-choice","tag-erinnern","tag-gardens","tag-homes","tag-jetzt","tag-raeume","tag-readers","tag-sie","tag-stimmen","tag-zum","generate-columns","tablet-grid-50","mobile-grid-100","grid-parent","grid-50"],"yoast_head":"<!-- This site is optimized with the Yoast SEO plugin v27.3 - https:\/\/yoast.com\/product\/yoast-seo-wordpress\/ -->\n<title>R\u00e4ume zum Erinnern: Stimmen Sie jetzt beim Homes &amp; Gardens Readers&#039; Choice Award ab - Nachrichten - Stra\u00dfenweb<\/title>\n<meta name=\"robots\" content=\"index, follow, max-snippet:-1, max-image-preview:large, max-video-preview:-1\" \/>\n<link rel=\"canonical\" href=\"https:\/\/www.strassenweb.de\/nachrichten\/raeume-zum-erinnern-stimmen-sie-jetzt-beim-homes-gardens-readers-choice-award-ab\/\" \/>\n<meta property=\"og:locale\" content=\"de_DE\" \/>\n<meta property=\"og:type\" content=\"article\" \/>\n<meta property=\"og:title\" content=\"R\u00e4ume zum Erinnern: Stimmen Sie jetzt beim Homes &amp; Gardens Readers&#039; Choice Award ab - Nachrichten - Stra\u00dfenweb\" \/>\n<meta property=\"og:description\" content=\"Aktie Link kopieren Facebook X WhatsApp Pinterest Teilen Sie diesen Artikel Beteiligen Sie sich an der Unterhaltung Folgen Sie uns F\u00fcgen Sie uns als bevorzugte\" \/>\n<meta property=\"og:url\" content=\"https:\/\/www.strassenweb.de\/nachrichten\/raeume-zum-erinnern-stimmen-sie-jetzt-beim-homes-gardens-readers-choice-award-ab\/\" \/>\n<meta property=\"og:site_name\" content=\"Stra\u00dfenweb\" \/>\n<meta property=\"article:publisher\" content=\"https:\/\/www.facebook.com\/strassenweb\/\" \/>\n<meta property=\"article:published_time\" content=\"2026-09-03T15:39:44+00:00\" \/>\n<meta property=\"article:modified_time\" content=\"2026-09-03T15:39:58+00:00\" \/>\n<meta property=\"og:image\" content=\"https:\/\/www.strassenweb.de\/nachrichten\/wp-content\/uploads\/2026\/09\/Raeume-zum-Erinnern-Stimmen-Sie-jetzt-beim-Homes-Gardens-1024x576.gif\" \/>\n\t<meta property=\"og:image:width\" content=\"1024\" \/>\n\t<meta property=\"og:image:height\" content=\"576\" \/>\n\t<meta property=\"og:image:type\" content=\"image\/gif\" \/>\n<meta name=\"author\" content=\"Robert Hoffmann\" \/>\n<meta name=\"twitter:card\" content=\"summary_large_image\" \/>\n<meta name=\"twitter:label1\" content=\"Verfasst von\" \/>\n\t<meta name=\"twitter:data1\" content=\"Robert Hoffmann\" \/>\n\t<meta name=\"twitter:label2\" content=\"Gesch\u00e4tzte Lesezeit\" \/>\n\t<meta name=\"twitter:data2\" content=\"10\u00a0Minuten\" \/>\n<script type=\"application\/ld+json\" class=\"yoast-schema-graph\">{\"@context\":\"https:\\\/\\\/schema.org\",\"@graph\":[{\"@type\":\"Article\",\"@id\":\"https:\\\/\\\/www.strassenweb.de\\\/nachrichten\\\/raeume-zum-erinnern-stimmen-sie-jetzt-beim-homes-gardens-readers-choice-award-ab\\\/#article\",\"isPartOf\":{\"@id\":\"https:\\\/\\\/www.strassenweb.de\\\/nachrichten\\\/raeume-zum-erinnern-stimmen-sie-jetzt-beim-homes-gardens-readers-choice-award-ab\\\/\"},\"author\":{\"name\":\"Robert Hoffmann\",\"@id\":\"https:\\\/\\\/www.strassenweb.de\\\/nachrichten\\\/#\\\/schema\\\/person\\\/87c9c9067f1211da429a744dc5a5aa41\"},\"headline\":\"R\u00e4ume zum Erinnern: Stimmen Sie jetzt beim Homes &#038; Gardens Readers&#8216; Choice Award ab\",\"datePublished\":\"2026-09-03T15:39:44+00:00\",\"dateModified\":\"2026-09-03T15:39:58+00:00\",\"mainEntityOfPage\":{\"@id\":\"https:\\\/\\\/www.strassenweb.de\\\/nachrichten\\\/raeume-zum-erinnern-stimmen-sie-jetzt-beim-homes-gardens-readers-choice-award-ab\\\/\"},\"wordCount\":2110,\"publisher\":{\"@id\":\"https:\\\/\\\/www.strassenweb.de\\\/nachrichten\\\/#organization\"},\"image\":{\"@id\":\"https:\\\/\\\/www.strassenweb.de\\\/nachrichten\\\/raeume-zum-erinnern-stimmen-sie-jetzt-beim-homes-gardens-readers-choice-award-ab\\\/#primaryimage\"},\"thumbnailUrl\":\"https:\\\/\\\/www.strassenweb.de\\\/nachrichten\\\/wp-content\\\/uploads\\\/2026\\\/09\\\/Raeume-zum-Erinnern-Stimmen-Sie-jetzt-beim-Homes-Gardens-scaled.gif\",\"keywords\":[\"Award\",\"beim\",\"Choice\",\"erinnern\",\"Gardens\",\"Homes\",\"jetzt\",\"R\u00e4ume\",\"Readers\",\"Sie\",\"Stimmen\",\"zum\"],\"articleSection\":[\"Haus &amp; Garten\"],\"inLanguage\":\"de\"},{\"@type\":\"WebPage\",\"@id\":\"https:\\\/\\\/www.strassenweb.de\\\/nachrichten\\\/raeume-zum-erinnern-stimmen-sie-jetzt-beim-homes-gardens-readers-choice-award-ab\\\/\",\"url\":\"https:\\\/\\\/www.strassenweb.de\\\/nachrichten\\\/raeume-zum-erinnern-stimmen-sie-jetzt-beim-homes-gardens-readers-choice-award-ab\\\/\",\"name\":\"R\u00e4ume zum Erinnern: Stimmen Sie jetzt beim Homes & Gardens Readers' Choice Award ab - Nachrichten - Stra\u00dfenweb\",\"isPartOf\":{\"@id\":\"https:\\\/\\\/www.strassenweb.de\\\/nachrichten\\\/#website\"},\"primaryImageOfPage\":{\"@id\":\"https:\\\/\\\/www.strassenweb.de\\\/nachrichten\\\/raeume-zum-erinnern-stimmen-sie-jetzt-beim-homes-gardens-readers-choice-award-ab\\\/#primaryimage\"},\"image\":{\"@id\":\"https:\\\/\\\/www.strassenweb.de\\\/nachrichten\\\/raeume-zum-erinnern-stimmen-sie-jetzt-beim-homes-gardens-readers-choice-award-ab\\\/#primaryimage\"},\"thumbnailUrl\":\"https:\\\/\\\/www.strassenweb.de\\\/nachrichten\\\/wp-content\\\/uploads\\\/2026\\\/09\\\/Raeume-zum-Erinnern-Stimmen-Sie-jetzt-beim-Homes-Gardens-scaled.gif\",\"datePublished\":\"2026-09-03T15:39:44+00:00\",\"dateModified\":\"2026-09-03T15:39:58+00:00\",\"breadcrumb\":{\"@id\":\"https:\\\/\\\/www.strassenweb.de\\\/nachrichten\\\/raeume-zum-erinnern-stimmen-sie-jetzt-beim-homes-gardens-readers-choice-award-ab\\\/#breadcrumb\"},\"inLanguage\":\"de\",\"potentialAction\":[{\"@type\":\"ReadAction\",\"target\":[\"https:\\\/\\\/www.strassenweb.de\\\/nachrichten\\\/raeume-zum-erinnern-stimmen-sie-jetzt-beim-homes-gardens-readers-choice-award-ab\\\/\"]}]},{\"@type\":\"ImageObject\",\"inLanguage\":\"de\",\"@id\":\"https:\\\/\\\/www.strassenweb.de\\\/nachrichten\\\/raeume-zum-erinnern-stimmen-sie-jetzt-beim-homes-gardens-readers-choice-award-ab\\\/#primaryimage\",\"url\":\"https:\\\/\\\/www.strassenweb.de\\\/nachrichten\\\/wp-content\\\/uploads\\\/2026\\\/09\\\/Raeume-zum-Erinnern-Stimmen-Sie-jetzt-beim-Homes-Gardens-scaled.gif\",\"contentUrl\":\"https:\\\/\\\/www.strassenweb.de\\\/nachrichten\\\/wp-content\\\/uploads\\\/2026\\\/09\\\/Raeume-zum-Erinnern-Stimmen-Sie-jetzt-beim-Homes-Gardens-scaled.gif\",\"width\":2560,\"height\":1440,\"caption\":\"A GIF of images of rooms for Homes &amp;amp; Gardens Rooms to Remeber awards\"},{\"@type\":\"BreadcrumbList\",\"@id\":\"https:\\\/\\\/www.strassenweb.de\\\/nachrichten\\\/raeume-zum-erinnern-stimmen-sie-jetzt-beim-homes-gardens-readers-choice-award-ab\\\/#breadcrumb\",\"itemListElement\":[{\"@type\":\"ListItem\",\"position\":1,\"name\":\"Home\",\"item\":\"https:\\\/\\\/www.strassenweb.de\\\/nachrichten\\\/\"},{\"@type\":\"ListItem\",\"position\":2,\"name\":\"R\u00e4ume zum Erinnern: Stimmen Sie jetzt beim Homes &#038; Gardens Readers&#8216; Choice Award ab\"}]},{\"@type\":\"WebSite\",\"@id\":\"https:\\\/\\\/www.strassenweb.de\\\/nachrichten\\\/#website\",\"url\":\"https:\\\/\\\/www.strassenweb.de\\\/nachrichten\\\/\",\"name\":\"Stra\u00dfenweb\",\"description\":\"Stra\u00dfenverzeichnis f\u00fcr Deutschland\",\"publisher\":{\"@id\":\"https:\\\/\\\/www.strassenweb.de\\\/nachrichten\\\/#organization\"},\"potentialAction\":[{\"@type\":\"SearchAction\",\"target\":{\"@type\":\"EntryPoint\",\"urlTemplate\":\"https:\\\/\\\/www.strassenweb.de\\\/nachrichten\\\/?s={search_term_string}\"},\"query-input\":{\"@type\":\"PropertyValueSpecification\",\"valueRequired\":true,\"valueName\":\"search_term_string\"}}],\"inLanguage\":\"de\"},{\"@type\":\"Organization\",\"@id\":\"https:\\\/\\\/www.strassenweb.de\\\/nachrichten\\\/#organization\",\"name\":\"Stra\u00dfenweb\",\"url\":\"https:\\\/\\\/www.strassenweb.de\\\/nachrichten\\\/\",\"logo\":{\"@type\":\"ImageObject\",\"inLanguage\":\"de\",\"@id\":\"https:\\\/\\\/www.strassenweb.de\\\/nachrichten\\\/#\\\/schema\\\/logo\\\/image\\\/\",\"url\":\"https:\\\/\\\/www.strassenweb.de\\\/nachrichten\\\/wp-content\\\/uploads\\\/2024\\\/09\\\/cropped-favicon.png\",\"contentUrl\":\"https:\\\/\\\/www.strassenweb.de\\\/nachrichten\\\/wp-content\\\/uploads\\\/2024\\\/09\\\/cropped-favicon.png\",\"width\":512,\"height\":512,\"caption\":\"Stra\u00dfenweb\"},\"image\":{\"@id\":\"https:\\\/\\\/www.strassenweb.de\\\/nachrichten\\\/#\\\/schema\\\/logo\\\/image\\\/\"},\"sameAs\":[\"https:\\\/\\\/www.facebook.com\\\/strassenweb\\\/\"]},{\"@type\":\"Person\",\"@id\":\"https:\\\/\\\/www.strassenweb.de\\\/nachrichten\\\/#\\\/schema\\\/person\\\/87c9c9067f1211da429a744dc5a5aa41\",\"name\":\"Robert Hoffmann\",\"image\":{\"@type\":\"ImageObject\",\"inLanguage\":\"de\",\"@id\":\"https:\\\/\\\/www.strassenweb.de\\\/nachrichten\\\/wp-content\\\/uploads\\\/2024\\\/09\\\/strassenweb-150x150.jpg\",\"url\":\"https:\\\/\\\/www.strassenweb.de\\\/nachrichten\\\/wp-content\\\/uploads\\\/2024\\\/09\\\/strassenweb-150x150.jpg\",\"contentUrl\":\"https:\\\/\\\/www.strassenweb.de\\\/nachrichten\\\/wp-content\\\/uploads\\\/2024\\\/09\\\/strassenweb-150x150.jpg\",\"caption\":\"Robert Hoffmann\"},\"description\":\"Ich hei\u00dfe Robert Hoffmann und ich bin ein leidenschaftlicher Verfechter von \u00d6kologie und Biodiversit\u00e4t. Seit meiner Kindheit in den W\u00e4ldern Bayerns f\u00fchle ich mich mit der Natur verbunden und bin entschlossen, sie zu sch\u00fctzen. Heute widme ich mein Leben der Sensibilisierung anderer f\u00fcr die Bedeutung des Umweltschutzes f\u00fcr zuk\u00fcnftige Generationen.\",\"sameAs\":[\"https:\\\/\\\/www.strassenweb.de\\\/\"]}]}<\/script>\n<!-- \/ Yoast SEO plugin. -->","yoast_head_json":{"title":"R\u00e4ume zum Erinnern: Stimmen Sie jetzt beim Homes & Gardens Readers' Choice Award ab - Nachrichten - Stra\u00dfenweb","robots":{"index":"index","follow":"follow","max-snippet":"max-snippet:-1","max-image-preview":"max-image-preview:large","max-video-preview":"max-video-preview:-1"},"canonical":"https:\/\/www.strassenweb.de\/nachrichten\/raeume-zum-erinnern-stimmen-sie-jetzt-beim-homes-gardens-readers-choice-award-ab\/","og_locale":"de_DE","og_type":"article","og_title":"R\u00e4ume zum Erinnern: Stimmen Sie jetzt beim Homes & Gardens Readers' Choice Award ab - Nachrichten - Stra\u00dfenweb","og_description":"Aktie Link kopieren Facebook X WhatsApp Pinterest Teilen Sie diesen Artikel Beteiligen Sie sich an der Unterhaltung Folgen Sie uns F\u00fcgen Sie uns als bevorzugte","og_url":"https:\/\/www.strassenweb.de\/nachrichten\/raeume-zum-erinnern-stimmen-sie-jetzt-beim-homes-gardens-readers-choice-award-ab\/","og_site_name":"Stra\u00dfenweb","article_publisher":"https:\/\/www.facebook.com\/strassenweb\/","article_published_time":"2026-09-03T15:39:44+00:00","article_modified_time":"2026-09-03T15:39:58+00:00","og_image":[{"width":1024,"height":576,"url":"https:\/\/www.strassenweb.de\/nachrichten\/wp-content\/uploads\/2026\/09\/Raeume-zum-Erinnern-Stimmen-Sie-jetzt-beim-Homes-Gardens-1024x576.gif","type":"image\/gif"}],"author":"Robert Hoffmann","twitter_card":"summary_large_image","twitter_misc":{"Verfasst von":"Robert Hoffmann","Gesch\u00e4tzte Lesezeit":"10\u00a0Minuten"},"schema":{"@context":"https:\/\/schema.org","@graph":[{"@type":"Article","@id":"https:\/\/www.strassenweb.de\/nachrichten\/raeume-zum-erinnern-stimmen-sie-jetzt-beim-homes-gardens-readers-choice-award-ab\/#article","isPartOf":{"@id":"https:\/\/www.strassenweb.de\/nachrichten\/raeume-zum-erinnern-stimmen-sie-jetzt-beim-homes-gardens-readers-choice-award-ab\/"},"author":{"name":"Robert Hoffmann","@id":"https:\/\/www.strassenweb.de\/nachrichten\/#\/schema\/person\/87c9c9067f1211da429a744dc5a5aa41"},"headline":"R\u00e4ume zum Erinnern: Stimmen Sie jetzt beim Homes &#038; Gardens Readers&#8216; Choice Award ab","datePublished":"2026-09-03T15:39:44+00:00","dateModified":"2026-09-03T15:39:58+00:00","mainEntityOfPage":{"@id":"https:\/\/www.strassenweb.de\/nachrichten\/raeume-zum-erinnern-stimmen-sie-jetzt-beim-homes-gardens-readers-choice-award-ab\/"},"wordCount":2110,"publisher":{"@id":"https:\/\/www.strassenweb.de\/nachrichten\/#organization"},"image":{"@id":"https:\/\/www.strassenweb.de\/nachrichten\/raeume-zum-erinnern-stimmen-sie-jetzt-beim-homes-gardens-readers-choice-award-ab\/#primaryimage"},"thumbnailUrl":"https:\/\/www.strassenweb.de\/nachrichten\/wp-content\/uploads\/2026\/09\/Raeume-zum-Erinnern-Stimmen-Sie-jetzt-beim-Homes-Gardens-scaled.gif","keywords":["Award","beim","Choice","erinnern","Gardens","Homes","jetzt","R\u00e4ume","Readers","Sie","Stimmen","zum"],"articleSection":["Haus &amp; Garten"],"inLanguage":"de"},{"@type":"WebPage","@id":"https:\/\/www.strassenweb.de\/nachrichten\/raeume-zum-erinnern-stimmen-sie-jetzt-beim-homes-gardens-readers-choice-award-ab\/","url":"https:\/\/www.strassenweb.de\/nachrichten\/raeume-zum-erinnern-stimmen-sie-jetzt-beim-homes-gardens-readers-choice-award-ab\/","name":"R\u00e4ume zum Erinnern: Stimmen Sie jetzt beim Homes & Gardens Readers' Choice Award ab - Nachrichten - Stra\u00dfenweb","isPartOf":{"@id":"https:\/\/www.strassenweb.de\/nachrichten\/#website"},"primaryImageOfPage":{"@id":"https:\/\/www.strassenweb.de\/nachrichten\/raeume-zum-erinnern-stimmen-sie-jetzt-beim-homes-gardens-readers-choice-award-ab\/#primaryimage"},"image":{"@id":"https:\/\/www.strassenweb.de\/nachrichten\/raeume-zum-erinnern-stimmen-sie-jetzt-beim-homes-gardens-readers-choice-award-ab\/#primaryimage"},"thumbnailUrl":"https:\/\/www.strassenweb.de\/nachrichten\/wp-content\/uploads\/2026\/09\/Raeume-zum-Erinnern-Stimmen-Sie-jetzt-beim-Homes-Gardens-scaled.gif","datePublished":"2026-09-03T15:39:44+00:00","dateModified":"2026-09-03T15:39:58+00:00","breadcrumb":{"@id":"https:\/\/www.strassenweb.de\/nachrichten\/raeume-zum-erinnern-stimmen-sie-jetzt-beim-homes-gardens-readers-choice-award-ab\/#breadcrumb"},"inLanguage":"de","potentialAction":[{"@type":"ReadAction","target":["https:\/\/www.strassenweb.de\/nachrichten\/raeume-zum-erinnern-stimmen-sie-jetzt-beim-homes-gardens-readers-choice-award-ab\/"]}]},{"@type":"ImageObject","inLanguage":"de","@id":"https:\/\/www.strassenweb.de\/nachrichten\/raeume-zum-erinnern-stimmen-sie-jetzt-beim-homes-gardens-readers-choice-award-ab\/#primaryimage","url":"https:\/\/www.strassenweb.de\/nachrichten\/wp-content\/uploads\/2026\/09\/Raeume-zum-Erinnern-Stimmen-Sie-jetzt-beim-Homes-Gardens-scaled.gif","contentUrl":"https:\/\/www.strassenweb.de\/nachrichten\/wp-content\/uploads\/2026\/09\/Raeume-zum-Erinnern-Stimmen-Sie-jetzt-beim-Homes-Gardens-scaled.gif","width":2560,"height":1440,"caption":"A GIF of images of rooms for Homes &amp;amp; Gardens Rooms to Remeber awards"},{"@type":"BreadcrumbList","@id":"https:\/\/www.strassenweb.de\/nachrichten\/raeume-zum-erinnern-stimmen-sie-jetzt-beim-homes-gardens-readers-choice-award-ab\/#breadcrumb","itemListElement":[{"@type":"ListItem","position":1,"name":"Home","item":"https:\/\/www.strassenweb.de\/nachrichten\/"},{"@type":"ListItem","position":2,"name":"R\u00e4ume zum Erinnern: Stimmen Sie jetzt beim Homes &#038; Gardens Readers&#8216; Choice Award ab"}]},{"@type":"WebSite","@id":"https:\/\/www.strassenweb.de\/nachrichten\/#website","url":"https:\/\/www.strassenweb.de\/nachrichten\/","name":"Stra\u00dfenweb","description":"Stra\u00dfenverzeichnis f\u00fcr Deutschland","publisher":{"@id":"https:\/\/www.strassenweb.de\/nachrichten\/#organization"},"potentialAction":[{"@type":"SearchAction","target":{"@type":"EntryPoint","urlTemplate":"https:\/\/www.strassenweb.de\/nachrichten\/?s={search_term_string}"},"query-input":{"@type":"PropertyValueSpecification","valueRequired":true,"valueName":"search_term_string"}}],"inLanguage":"de"},{"@type":"Organization","@id":"https:\/\/www.strassenweb.de\/nachrichten\/#organization","name":"Stra\u00dfenweb","url":"https:\/\/www.strassenweb.de\/nachrichten\/","logo":{"@type":"ImageObject","inLanguage":"de","@id":"https:\/\/www.strassenweb.de\/nachrichten\/#\/schema\/logo\/image\/","url":"https:\/\/www.strassenweb.de\/nachrichten\/wp-content\/uploads\/2024\/09\/cropped-favicon.png","contentUrl":"https:\/\/www.strassenweb.de\/nachrichten\/wp-content\/uploads\/2024\/09\/cropped-favicon.png","width":512,"height":512,"caption":"Stra\u00dfenweb"},"image":{"@id":"https:\/\/www.strassenweb.de\/nachrichten\/#\/schema\/logo\/image\/"},"sameAs":["https:\/\/www.facebook.com\/strassenweb\/"]},{"@type":"Person","@id":"https:\/\/www.strassenweb.de\/nachrichten\/#\/schema\/person\/87c9c9067f1211da429a744dc5a5aa41","name":"Robert Hoffmann","image":{"@type":"ImageObject","inLanguage":"de","@id":"https:\/\/www.strassenweb.de\/nachrichten\/wp-content\/uploads\/2024\/09\/strassenweb-150x150.jpg","url":"https:\/\/www.strassenweb.de\/nachrichten\/wp-content\/uploads\/2024\/09\/strassenweb-150x150.jpg","contentUrl":"https:\/\/www.strassenweb.de\/nachrichten\/wp-content\/uploads\/2024\/09\/strassenweb-150x150.jpg","caption":"Robert Hoffmann"},"description":"Ich hei\u00dfe Robert Hoffmann und ich bin ein leidenschaftlicher Verfechter von \u00d6kologie und Biodiversit\u00e4t. Seit meiner Kindheit in den W\u00e4ldern Bayerns f\u00fchle ich mich mit der Natur verbunden und bin entschlossen, sie zu sch\u00fctzen. Heute widme ich mein Leben der Sensibilisierung anderer f\u00fcr die Bedeutung des Umweltschutzes f\u00fcr zuk\u00fcnftige Generationen.","sameAs":["https:\/\/www.strassenweb.de\/"]}]}},"_links":{"self":[{"href":"https:\/\/www.strassenweb.de\/nachrichten\/wp-json\/wp\/v2\/posts\/16713","targetHints":{"allow":["GET"]}}],"collection":[{"href":"https:\/\/www.strassenweb.de\/nachrichten\/wp-json\/wp\/v2\/posts"}],"about":[{"href":"https:\/\/www.strassenweb.de\/nachrichten\/wp-json\/wp\/v2\/types\/post"}],"author":[{"embeddable":true,"href":"https:\/\/www.strassenweb.de\/nachrichten\/wp-json\/wp\/v2\/users\/1"}],"replies":[{"embeddable":true,"href":"https:\/\/www.strassenweb.de\/nachrichten\/wp-json\/wp\/v2\/comments?post=16713"}],"version-history":[{"count":1,"href":"https:\/\/www.strassenweb.de\/nachrichten\/wp-json\/wp\/v2\/posts\/16713\/revisions"}],"predecessor-version":[{"id":16715,"href":"https:\/\/www.strassenweb.de\/nachrichten\/wp-json\/wp\/v2\/posts\/16713\/revisions\/16715"}],"wp:featuredmedia":[{"embeddable":true,"href":"https:\/\/www.strassenweb.de\/nachrichten\/wp-json\/wp\/v2\/media\/16714"}],"wp:attachment":[{"href":"https:\/\/www.strassenweb.de\/nachrichten\/wp-json\/wp\/v2\/media?parent=16713"}],"wp:term":[{"taxonomy":"category","embeddable":true,"href":"https:\/\/www.strassenweb.de\/nachrichten\/wp-json\/wp\/v2\/categories?post=16713"},{"taxonomy":"post_tag","embeddable":true,"href":"https:\/\/www.strassenweb.de\/nachrichten\/wp-json\/wp\/v2\/tags?post=16713"}],"curies":[{"name":"wp","href":"https:\/\/api.w.org\/{rel}","templated":true}]}}