{"id":16707,"date":"2026-09-03T11:40:00","date_gmt":"2026-09-03T09:40:00","guid":{"rendered":"https:\/\/www.strassenweb.de\/nachrichten\/kein-platz-fuer-ein-buegelbrett-die-kompakte-loesung-von-joseph-joseph-sorgt-dafuer-dass-waschraeume-aufgeraeumt-bleiben\/"},"modified":"2026-09-03T11:40:10","modified_gmt":"2026-09-03T09:40:10","slug":"kein-platz-fuer-ein-buegelbrett-die-kompakte-loesung-von-joseph-joseph-sorgt-dafuer-dass-waschraeume-aufgeraeumt-bleiben","status":"publish","type":"post","link":"https:\/\/www.strassenweb.de\/nachrichten\/kein-platz-fuer-ein-buegelbrett-die-kompakte-loesung-von-joseph-joseph-sorgt-dafuer-dass-waschraeume-aufgeraeumt-bleiben\/","title":{"rendered":"Kein Platz f\u00fcr ein B\u00fcgelbrett? Die kompakte L\u00f6sung von Joseph Joseph sorgt daf\u00fcr, dass Waschr\u00e4ume aufger\u00e4umt bleiben"},"content":{"rendered":"<div id=\"article-body\" class=\"article__body \">\n<div data-analytics-id=\"utility-bar\" analytics-name=\"utility-bar\" id=\"utility-bar\" class=\"font-ui-heading flex justify-between items-center py-2 border-t border-b border-gray-300 border-solid mb-5 mx-auto\" data-component-name=\"UtilityBar\" data-mrf-recirculation=\"utility-bar\">\n<div class=\"flex gap-2 text-(#333) subcontainer\">\n<div class=\"relative tooltip-container\" role=\"tooltip\">\n<button id=\"utilitybar__button--share\" type=\"button\" aria-label=\"Share this article\" aria-expanded=\"false\" aria-controls=\"utilitybar__dropdown--share\" aria-haspopup=\"true\" data-analytics-id=\"article-social\" analytics-label=\"utility-bar-share\" analytics-name=\"utility-bar\" data-component-name=\"UtilityBar:ShareArticle:Button\" class=\"relative text-inherit leading-none text-xs flex items-center gap-1 font-ui-heading\" data-mrf-recirculation=\"article-social\"><br \/>\n<svg class=\"m-auto pointer-events-none size-5 text-inherit\" data-component-name=\"Icon\" aria-hidden=\"true\" width=\"23\" height=\"21\" viewbox=\"0 0 23 21\" fill=\"none\" xmlns=\"http:\/\/www.w3.org\/2000\/svg\">\n<path d=\"M13.8583 1.82131L18.7293 6.12806C20.6528 7.82875 21.6146 8.67912 21.6146 9.77454C21.6146 10.8701 20.6528 11.7204 18.7293 13.4211L13.8583 17.7279C12.9803 18.5041 12.5414 18.8923 12.1794 18.7306C11.8174 18.5689 11.8174 17.9847 11.8174 16.8162V13.9565C7.40295 13.9565 2.62061 16.0475 0.78125 19.5323C0.78125 8.38058 7.3212 5.59268 11.8174 5.59268V2.73294C11.8174 1.56445 11.8174 0.980213 12.1794 0.818536C12.5414 0.656859 12.9803 1.045 13.8583 1.82131Z\" stroke=\"#1B1B1B\" stroke-width=\"1.5625\" stroke-linecap=\"round\" stroke-linejoin=\"round\"><\/path>\n<\/svg><\/p>\n<p>Aktie<\/button><\/p>\n<div data-component-name=\"Social:Dropdown\" role=\"menu\" id=\"utilitybar__dropdown--share\" aria-labelledby=\"utilitybar__button--share\" class=\"absolute left-0 top-full w-44 bg-white rounded-md shadow-md border border-neutral-200 z-(9996) list-none m-0 py-2 px-3 border-solid\" style=\"grid-area: social-icons;\">\n<ul class=\"m-0!\">\n<li class=\"!p-0 !m-0 list-none border-b border-gray-200 border-solid\">\n<button type=\"button\" onclick=\"navigator.clipboard.writeText(window.location.href).then(() =&gt; {alert('Link copied')}).catch(err =&gt; {console.error('Failed to copy: ', err)})\" data-platform=\"copy_link\" data-action=\"\" class=\"font-ui-heading py-2 text-sm text-neutral-700 hover:bg-neutral-100 transition-colors no-underline block cursor-pointer border-0 bg-transparent hover:(&amp;_svg):filter-none w-full text-left normal-case\" aria-label=\"Copy link\" role=\"menuitem\" data-analytics-id=\"article-social\" analytics-label=\"utility-bar-social-share-copy-link\" analytics-name=\"utility-bar-secondary\" data-mrf-recirculation=\"article-social\"><br \/>\n<svg class=\"text-black size-8 w-6 h-6 inline-block mr-1.5\" data-component-name=\"Icon\" aria-hidden=\"true\" xmlns=\"http:\/\/www.w3.org\/2000\/svg\" fill=\"none\" viewbox=\"0 0 24 24\" stroke-width=\"1.5\" stroke=\"currentColor\" data-slot=\"icon\">\n<path stroke-linecap=\"round\" stroke-linejoin=\"round\" d=\"M13.19 8.688a4.5 4.5 0 0 1 1.242 7.244l-4.5 4.5a4.5 4.5 0 0 1-6.364-6.364l1.757-1.757m13.35-.622 1.757-1.757a4.5 4.5 0 0 0-6.364-6.364l-4.5 4.5a4.5 4.5 0 0 0 1.242 7.244\"><\/path>\n<\/svg><\/p>\n<p>Link kopieren<br \/>\n<\/button>\n<\/li>\n<li class=\"!p-0 !m-0 list-none border-b border-gray-200 border-solid\">\n<p><svg class=\"size-8 w-6 h-6 inline-block mr-1.5 text-primary-500\" data-component-name=\"Icon\" aria-hidden=\"true\" height=\"24\" viewbox=\"0 0 24 24\" width=\"24\" xmlns=\"http:\/\/www.w3.org\/2000\/svg\">\n<circle cx=\"12\" cy=\"12\" fill=\"#3b5998\" r=\"12\"><\/circle>\n<path d=\"m13.079 19h-2.9v-7h-1.441v-2.408h1.442v-1.456c0-1.96.813-3.136 3.136-3.136h1.933v2.408h-1.2c-.91 0-.965.35-.965.966v1.218h2.183l-.257 2.408h-1.931z\" fill=\"#fff\"><\/path>\n<\/svg><\/p>\n<p>Facebook<\/p>\n<\/li>\n<li class=\"!p-0 !m-0 list-none border-b border-gray-200 border-solid\">\n<a rel=\"nofollow\" href=\"https:\/\/twitter.com\/intent\/tweet?text=No+Space+for+an+Ironing+Board%3F+Joseph+Joseph%E2%80%99s+Compact+Solution+Keeps+Laundry+Rooms+Clutter-Free&amp;url=https%3A%2F%2Fwww.homesandgardens.com%2Fhousehold%2Flaundry%2Fjoseph-joseph-tabletop-ironing-board\" data-platform=\"X\" class=\"font-ui-heading py-2 text-sm text-neutral-700 hover:bg-neutral-100 transition-colors no-underline block cursor-pointer border-0 bg-transparent hover:(&amp;_svg):filter-none\" aria-label=\"Share this page on X\" role=\"menuitem\" data-analytics-id=\"article-social\" analytics-label=\"utility-bar-social-share-X\" analytics-name=\"utility-bar-secondary\" target=\"_blank\" data-mrf-recirculation=\"article-social\"><br \/>\n<svg class=\"size-8 w-6 h-6 inline-block mr-1.5 text-primary-500\" data-component-name=\"Icon\" aria-hidden=\"true\" width=\"24\" height=\"24\" viewbox=\"0 0 24 24\" fill=\"none\" xmlns=\"http:\/\/www.w3.org\/2000\/svg\">\n<path fill-rule=\"evenodd\" clip-rule=\"evenodd\" d=\"M12 24C5.372 24 0 18.627 0 12C0 5.373 5.372 0 12 0C18.627 0 24 5.373 24 12C24 18.627 18.627 24 12 24Z\" fill=\"black\"><\/path>\n<path d=\"M13.1403 11.0842L17.6068 6H16.5488L12.6689 10.4137L9.57237 6H6L10.6836 12.6749L6 18.0059H7.05804L11.1526 13.3439L14.4235 18.0059H17.9959M7.4399 6.78133H9.06534L16.548 17.2629H14.9221\" fill=\"white\"><\/path>\n<\/svg><\/p>\n<p>X<br \/>\n<\/a>\n<\/li>\n<li class=\"!p-0 !m-0 list-none border-b border-gray-200 border-solid sm:hidden\">\n<p><svg class=\"size-8 w-6 h-6 inline-block mr-1.5 text-primary-500\" data-component-name=\"Icon\" aria-hidden=\"true\" width=\"24\" height=\"24\" viewbox=\"0 0 24 24\" fill=\"none\" xmlns=\"http:\/\/www.w3.org\/2000\/svg\">\n<g clip-path=\"url(#clip0_7607_1303)\">\n<path d=\"M12 24C18.6274 24 24 18.6274 24 12C24 5.37258 18.6274 0 12 0C5.37258 0 0 5.37258 0 12C0 18.6274 5.37258 24 12 24Z\" fill=\"#25D366\"><\/path>\n<path d=\"M16.9074 7.03131C16.2656 6.38465 15.5016 5.87206 14.6599 5.52334C13.8182 5.17462 12.9155 4.99674 12.0044 5.00005C10.7864 5.00124 9.59004 5.32242 8.53521 5.93143C7.48037 6.54045 6.60407 7.41592 5.99404 8.47015C5.38402 9.5244 5.06169 10.7204 5.05933 11.9384C5.05697 13.1565 5.37467 14.3537 5.98061 15.4103L5 19.0088L8.6773 18.0457C9.69271 18.6106 10.8337 18.9117 11.9956 18.9213C13.8428 18.9213 15.6151 18.1917 16.9269 16.8914C18.2387 15.5911 18.9838 13.8252 19 11.9782C18.9939 11.0565 18.8058 10.1451 18.4467 9.29619C18.0877 8.4473 17.5645 7.67764 16.9074 7.03131ZM12.0044 17.7218C10.9692 17.7225 9.95298 17.4442 9.06254 16.9163L8.85241 16.7849L6.6723 17.3628L7.25016 15.2352L7.11007 15.0163C6.3652 13.8139 6.0872 12.38 6.32875 10.9863C6.57029 9.59269 7.31461 8.33602 8.42068 7.4544C9.52675 6.57278 10.9177 6.12745 12.3302 6.20278C13.7426 6.27809 15.0784 6.86883 16.0844 7.86308C17.1841 8.93842 17.8136 10.4052 17.8355 11.9431C17.8217 13.4805 17.2012 14.9502 16.1091 16.0325C15.0171 17.1146 13.5418 17.7218 12.0044 17.7218ZM15.1651 13.3966C14.99 13.309 14.1407 12.8887 13.9831 12.8362C13.8255 12.7837 13.7029 12.7486 13.5891 12.9238C13.4179 13.1585 13.2336 13.3835 13.0375 13.5979C12.9412 13.7205 12.8361 13.7293 12.661 13.5979C11.6627 13.2034 10.8309 12.4767 10.3058 11.5404C10.122 11.2339 10.4809 11.2515 10.8136 10.5948C10.8382 10.5474 10.851 10.4949 10.851 10.4416C10.851 10.3883 10.8382 10.3357 10.8136 10.2884C10.8136 10.2008 10.4196 9.34276 10.2795 9.0013C10.1395 8.65983 9.99937 8.71236 9.88555 8.70361H9.54409C9.45562 8.70497 9.36846 8.7252 9.28843 8.76295C9.20841 8.80069 9.13736 8.85509 9.08005 8.9225C8.88359 9.11352 8.73037 9.34444 8.63068 9.59968C8.531 9.85492 8.48719 10.1286 8.50219 10.4022C8.55709 11.0572 8.80375 11.6814 9.21138 12.1971C9.95752 13.3141 10.9801 14.219 12.1795 14.8237C12.8086 15.1909 13.5396 15.3445 14.2633 15.2615C14.5042 15.2137 14.7325 15.1157 14.9331 14.9738C15.1338 14.8321 15.3023 14.6496 15.4278 14.4385C15.544 14.1807 15.5806 13.8941 15.5328 13.6154C15.454 13.5279 15.3402 13.4841 15.1651 13.3966Z\" fill=\"white\"><\/path>\n<\/g>\n<defs>\n<clippath id=\"clip0_7607_1303\">\n<rect width=\"24\" height=\"24\" fill=\"white\"><\/rect>\n<\/clippath>\n<\/defs>\n<\/svg><\/p>\n<p>WhatsApp<\/p>\n<\/li>\n<li class=\"!p-0 !m-0 list-none border-b border-gray-200 border-solid\">\n<p><svg class=\"size-8 w-6 h-6 inline-block mr-1.5 text-primary-500\" data-component-name=\"Icon\" aria-hidden=\"true\" height=\"24\" viewbox=\"0 0 24 24\" width=\"24\" xmlns=\"http:\/\/www.w3.org\/2000\/svg\">\n<circle cx=\"12\" cy=\"12\" fill=\"#bd081c\" r=\"12\"><\/circle>\n<path d=\"m12.336 5c-3.822 0-5.754 2.744-5.754 5.025a3.065 3.065 0 0 0 1.652 3.066.279.279 0 0 0 .407-.2l.154-.644a.373.373 0 0 0 -.113-.448 2.341 2.341 0 0 1 -.532-1.582 3.812 3.812 0 0 1 3.961-3.849 3.009 3.009 0 0 1 3.346 3.08c0 2.323-1.022 4.283-2.547 4.283a1.253 1.253 0 0 1 -1.273-1.554 17.616 17.616 0 0 0 .713-2.856 1.081 1.081 0 0 0 -1.092-1.2c-.854 0-1.553.881-1.553 2.071a2.954 2.954 0 0 0 .266 1.274l-1.038 4.383a9.389 9.389 0 0 0 -.027 3.065.109.109 0 0 0 .2.042 8.737 8.737 0 0 0 1.457-2.631l.561-2.212a2.3 2.3 0 0 0 1.959 1.008c2.59 0 4.34-2.366 4.34-5.516a4.8 4.8 0 0 0 -5.087-4.605z\" fill=\"#fff\"><\/path>\n<\/svg><\/p>\n<p>Pinterest<\/p>\n<\/li>\n<\/ul>\n<\/div>\n<div class=\"font-ui-heading max-sm:hidden tooltip absolute left-1\/2 bg-gray-900 text-white text-xs leading-none px-3 py-1.5 rounded-md z-(10001) whitespace-nowrap\" id=\"tooltip-share-this-article\" role=\"tooltip\" aria-hidden=\"true\">\n<p>Teilen Sie diesen Artikel\n<\/p><\/div>\n<\/div>\n<div class=\"relative tooltip-container\" role=\"tooltip\">\n<div class=\"font-ui-heading max-sm:hidden tooltip absolute left-1\/2 bg-gray-900 text-white text-xs leading-none px-3 py-1.5 rounded-md z-(10001) whitespace-nowrap\" id=\"tooltip-join-the-conversation\" role=\"tooltip\" aria-hidden=\"true\">\n<p>Beteiligen Sie sich an der Unterhaltung\n<\/p><\/div>\n<\/div>\n<\/div>\n<div class=\"flex gap-2 text-(#333) subcontainer\">\n<div class=\"relative tooltip-container\" role=\"tooltip\">\n<p><svg class=\"inline-block m-auto size-5 text-inherit filter grayscale brightness-0 contrast-100\" data-component-name=\"Icon\" aria-hidden=\"true\" xmlns=\"http:\/\/www.w3.org\/2000\/svg\" width=\"20\" height=\"20\" fill=\"none\" viewbox=\"0 0 20 20\">\n<path fill=\"#4285F4\" d=\"M18.8 10.208c0-.65-.058-1.275-.167-1.875H10v3.55h4.933a4.226 4.226 0 0 1-1.841 2.759v2.308h2.975C17.8 15.35 18.8 13 18.8 10.208Z\"><\/path>\n<path fill=\"#34A853\" d=\"M10 19.167c2.475 0 4.55-.817 6.066-2.217l-2.975-2.308c-.816.55-1.858.883-3.091.883-2.384 0-4.409-1.608-5.134-3.775h-3.05v2.367c1.509 2.991 4.6 5.05 8.184 5.05Z\"><\/path>\n<path fill=\"#FBBC05\" d=\"M4.865 11.742A5.493 5.493 0 0 1 4.574 10c0-.608.108-1.192.291-1.742V5.892h-3.05A9.054 9.054 0 0 0 .832 10c0 1.483.358 2.875.983 4.108l2.375-1.85.675-.516Z\"><\/path>\n<path fill=\"#EA4335\" d=\"M10 4.483c1.35 0 2.55.467 3.508 1.367l2.625-2.625C14.541 1.742 12.475.833 10 .833c-3.584 0-6.675 2.059-8.184 5.059l3.05 2.366C5.591 6.092 7.616 4.483 10 4.483Z\"><\/path>\n<\/svg><\/p>\n<p>Folgen Sie uns<\/p>\n<div class=\"font-ui-heading max-sm:hidden tooltip absolute left-1\/2 bg-gray-900 text-white text-xs leading-none px-3 py-1.5 rounded-md z-(10001) whitespace-nowrap\" id=\"tooltip-add-us-as-a-preferred-source-on-google\" role=\"tooltip\" aria-hidden=\"true\">\nF\u00fcgen Sie uns als bevorzugte Quelle bei Google hinzu\n<\/div>\n<\/div>\n<div class=\"relative tooltip-container\" role=\"tooltip\">\n<button type=\"button\" class=\"no-underline hover:no-underline newsletter-pop-up-trigger relative text-inherit leading-none text-xs flex items-center gap-1 font-ui-heading\" data-component-name=\"UtilityBar:Newsletter:Button\" id=\"utilitybar__button--newsletter\" aria-label=\"Newsletter\" data-analytics-id=\"article-social\" analytics-label=\"utility-bar-newsletters\" analytics-name=\"utility-bar\" data-mrf-recirculation=\"article-social\"><br \/>\n<svg class=\"inline-block m-auto size-5 text-inherit\" data-component-name=\"Icon\" aria-hidden=\"true\" xmlns=\"http:\/\/www.w3.org\/2000\/svg\" fill=\"none\" viewbox=\"0 0 24 24\" stroke-width=\"1.5\" stroke=\"currentColor\" data-slot=\"icon\">\n<path stroke-linecap=\"round\" stroke-linejoin=\"round\" d=\"M21.75 6.75v10.5a2.25 2.25 0 0 1-2.25 2.25h-15a2.25 2.25 0 0 1-2.25-2.25V6.75m19.5 0A2.25 2.25 0 0 0 19.5 4.5h-15a2.25 2.25 0 0 0-2.25 2.25m19.5 0v.243a2.25 2.25 0 0 1-1.07 1.916l-7.5 4.615a2.25 2.25 0 0 1-2.36 0L3.32 8.91a2.25 2.25 0 0 1-1.07-1.916V6.75\"><\/path>\n<\/svg><\/p>\n<p>Newsletter<br \/>\n<\/button><\/p>\n<div class=\"font-ui-heading max-sm:hidden tooltip absolute left-1\/2 bg-gray-900 text-white text-xs leading-none px-3 py-1.5 rounded-md z-(10001) whitespace-nowrap\" id=\"tooltip-subscribe-to-our-newsletter\" role=\"tooltip\" aria-hidden=\"true\">\n<p>Abonnieren Sie unseren Newsletter\n<\/p><\/div>\n<\/div>\n<\/div>\n<\/div>\n<p id=\"elk-2ec1f19a-a6bc-11f1-b002-2bc02b10b218\">Jedes Zuhause braucht ein B\u00fcgelbrett, aber nicht jedes Zuhause hat Platz daf\u00fcr. Selbst wenn sich die Beine flach zusammenklappen lassen, k\u00f6nnen B\u00fcgelbretter immer noch hoch und umst\u00e4ndlich zu verstauen sein, w\u00e4hrend ein Dampfgl\u00e4tter nicht immer Falten aus jedem Kleidungsst\u00fcck gl\u00e4tten kann.<\/p>\n<div id=\"ad-unit-1\" class=\"ad-unit\"><\/div>\n<p>Stattdessen ist das bei Amazon erh\u00e4ltliche Tischb\u00fcgelbrett von Joseph Joseph speziell f\u00fcr kleine R\u00e4ume konzipiert. Es ist kompakt, faltbar und leicht zu verstauen, bietet aber dennoch ausreichend Platz zum effizienten B\u00fcgeln und sorgt daf\u00fcr, dass Ihre Kleidungsst\u00fccke immer sch\u00f6n aussehen.<\/p>\n<aside data-article-category=\"household\" data-block-type=\"embed\" data-render-type=\"fte\" data-skip=\"dealsy\" data-widget-type=\"seasonal\" class=\"ecom-root\"><\/aside>\n<p id=\"elk-2ec1f19a-a6bc-11f1-b002-2bc02b10b218-2\">Es ist die einfachste und kleinste Erg\u00e4nzung f\u00fcr jedes Zuhause oder jede kleine Waschk\u00fcche, in der Sie Schwierigkeiten haben, ohne B\u00fcgelbrett (oder ohne Platz daf\u00fcr) zu b\u00fcgeln.<\/p>\n<div class=\"my-6 w-full overflow-hidden rounded-(10px) lg:my-8\" data-component-name=\"JwPlayer:Carousel\" data-jwp-carousel data-jwp-carousel-payload='{\"ids\":{\"playerID\":\"nH5qbfDS\",\"searchPlaylistID\":\"JWjbv5QN\",\"divID\":\"botr_JWjbv5QN_nH5qbfDS_div\",\"fallbackPlaylistID\":\"JWjbv5QN\",\"fallbackDivID\":\"botr_JWjbv5QN_nH5qbfDS_div\",\"key\":\"fLxvNqAkFSgQANz9Ytp9fXXsYH5UjXbuR9iNv02Ze7eiW9wL\",\"tintLogo\":true,\"useSearchPlaylist\":false,\"enabled\":true},\"signPostingEnabled\":true,\"signPostingLinkEnabled\":true,\"waitForAdLoad\":false,\"hidePlayerOnDesktop\":false,\"hidePlayerOnMobile\":false,\"hidePlayerOnTablet\":false}'>\n<div class=\"flex flex-nowrap items-center justify-between gap-3 bg-zinc-900 px-(14px) py-3\" data-jwp-carousel-header>\n<div class=\"flex min-w-0 shrink items-center\"><span class=\"inline-flex items-center gap-1.5 text-sm font-article-heading capitalize leading-5 text-white whitespace-nowrap\"><span class=\"jwp-carousel-title-mobile\"><\/span><span class=\"jwp-carousel-title-desktop\">Neueste Videos von<\/span><span class=\"jwp-carousel-brand\">H\u00e4user und G\u00e4rten<\/span><\/span><\/div>\n<\/div>\n<div class=\"aspect-video w-full min-h-(200px) lg:min-h-(330px) relative overflow-hidden bg-black\" data-jwp-carousel-container>\n<div class=\"absolute inset-0 size-full\" data-jwp-carousel-player-host><\/div>\n<div class=\"absolute inset-0 size-full items-center justify-center bg-white\" data-jwp-carousel-fallback><\/div>\n<\/div>\n<div class=\"min-h-(44px) bg-zinc-900 px-(14px) py-3\" data-jwp-carousel-signposting><span data-jwp-carousel-signposting-title>Sehen Sie sich hier das vollst\u00e4ndige Video an: <\/span><\/div>\n<\/div>\n<div class=\"product-container horizontal-product-container\">\n<div class=\"product-block-row\"><\/div>\n<\/div>\n<p id=\"elk-0049fed6-a6c4-11f1-a62c-1d0c2ceab952\">Ganz gleich, ob Sie in einem kleinen Mietshaus wohnen oder den Platz in einem kleinen Waschraum maximieren m\u00f6chten, Sie kommen nicht umhin, dass ein B\u00fcgelbrett zum W\u00e4schewaschen unverzichtbar ist. F\u00fcr kompakte R\u00e4ume oder wenn Sie einfach nicht m\u00f6chten, dass ein gro\u00dfes B\u00fcgelbrett ein optischer Schandfleck in Ihrem Zuhause ist, ist dieses klappbare B\u00fcgelbrett und Organizer ideal.<\/p>\n<div id=\"ad-unit-2\" class=\"ad-unit\"><\/div>\n<p>Anstatt ein gro\u00dfes Brett an der Wand oder aufrecht in einem Schrank balancieren zu m\u00fcssen, w\u00e4hrend das Eisen willk\u00fcrlich irgendwo in der N\u00e4he eingequetscht wird, h\u00e4lt diese H\u00e4ngel\u00f6sung beide zusammen, kompakt und zug\u00e4nglich und nutzt gleichzeitig die vertikale Lagerung, um Platz zu sparen.<\/p>\n<aside data-component-name=\"Recirculation:ArticleRiver\" data-recirculation-type=\"inline\" data-mrf-recirculation=\"Trending Bar\" data-nosnippet class=\"clear-both pt-2 pb-0 mb-4\">\n        <span class=\"\n            flex\n            after:content-('') after:flex-1 after:ml-4 after:my-(0.7rem) after:border-t after:border-solid after:border-(#333)\n            before:content-('') before:flex-1 before:mr-4 before:my-(0.7rem) before:border-t before:border-solid before:border-(#333)\n            font-article-heading pb-0 text-(length:var(--article-river-title--font-size,1em)) uppercase sm:text-(length:var(--article-river-title--font-size,0.875em)) font-normal\n        \"><\/p>\n<p>            Vielleicht gef\u00e4llt es Ihnen<br \/>\n        <\/span><\/p>\n<ul class=\"flex flex-col gap-0 m-0 max-w-full\">\n<li class=\"m-0 list-none border-b border-solid border-(#ededed) py-2.5\" data-recirculation-id=\"recirculation-card-1\" id=\"recirculation-inline-1\" data-analytics-id=\"recirculation-inline-1\" analytics-label=\"\" data-mrf-recirculation=\"recirculation-inline-1\">\n<picture data-new-v2-image=\"true\" class=\"aspect-square size-(85px) md:size-20 shrink-0\"><source type=\"image\/webp\"  ><\/source><\/p>\n<\/picture>\n                        <span class=\"w-full text-base font-(var(--article-river-item--font-weight,500)) font-article-heading line-clamp-3 md:line-clamp-2\">\u201eSo sollte ein W\u00e4schest\u00e4nder sein\u201c \u2013 Joseph Josephs AirFrame-Rack ist zusammenklappbar, kompakt und clever<\/span><\/p>\n<\/li>\n<li class=\"m-0 list-none border-b border-solid border-(#ededed) py-2.5\" data-recirculation-id=\"recirculation-card-2\" id=\"recirculation-inline-2\" data-analytics-id=\"recirculation-inline-2\" analytics-label=\"\" data-mrf-recirculation=\"recirculation-inline-2\">\n<picture data-new-v2-image=\"true\" class=\"aspect-square size-(85px) md:size-20 shrink-0\"><source type=\"image\/webp\"  ><\/source><br \/>\n    <img decoding=\"async\" alt=\"Joseph Joseph Eclipse W\u00e4schest\u00e4nder in einem wei\u00dfen Wohnzimmer mit wei\u00dfer Couch, gro\u00dfen Fenstern mit wei\u00dfen Vorh\u00e4ngen und offener wei\u00dfer T\u00fcr.\"   loading=\"lazy\" data-new-v2-image=\"true\" src=\"https:\/\/www.strassenweb.de\/nachrichten\/wp-content\/uploads\/2026\/09\/U7CBVBydLq6uxy2ri5xXeJ.jpg\" data-pin-media=\"https:\/\/www.strassenweb.de\/nachrichten\/wp-content\/uploads\/2026\/09\/U7CBVBydLq6uxy2ri5xXeJ.jpg\" class=\"rounded-(var(--image--border-radius,0)) aspect-square size-(85px) md:size-20 object-cover shrink-0\" data-pin-nopin=\"true\">\n    <\/picture>\n                        <span class=\"w-full text-base font-(var(--article-river-item--font-weight,500)) font-article-heading line-clamp-3 md:line-clamp-2\">Dieser schicke und diskrete W\u00e4schest\u00e4nder von Joseph Joseph ist ideal f\u00fcr kleine Wohnheime \u2013 ich benutze meinen seit fast zwei Jahren<\/span><\/p>\n<\/li>\n<li class=\"m-0 list-none border-b border-solid border-(#333) py-2.5\" data-recirculation-id=\"recirculation-card-3\" id=\"recirculation-inline-3\" data-analytics-id=\"recirculation-inline-3\" analytics-label=\"\" data-mrf-recirculation=\"recirculation-inline-3\">\n<picture data-new-v2-image=\"true\" class=\"aspect-square size-(85px) md:size-20 shrink-0\"><source type=\"image\/webp\"  ><\/source><br \/>\n    <img decoding=\"async\" alt=\"Eine Hand h\u00e4ngt blaue und gelbe Hemden an einer W\u00e4scheleine mit dem Joseph Joseph PegStore, dahinter blauer Himmel\"   loading=\"lazy\" data-new-v2-image=\"true\" src=\"https:\/\/www.strassenweb.de\/nachrichten\/wp-content\/uploads\/2026\/09\/yqxTpkdcLpkHDWfnmgTPxK.jpg\" data-pin-media=\"https:\/\/www.strassenweb.de\/nachrichten\/wp-content\/uploads\/2026\/09\/yqxTpkdcLpkHDWfnmgTPxK.jpg\" class=\"rounded-(var(--image--border-radius,0)) aspect-square size-(85px) md:size-20 object-cover shrink-0\" data-pin-nopin=\"true\">\n    <\/picture>\n                        <span class=\"w-full text-base font-(var(--article-river-item--font-weight,500)) font-article-heading line-clamp-3 md:line-clamp-2\">Eine sch\u00f6ner geordnete Waschk\u00fcche beginnt mit den kleinsten Details \u2013 Joseph Josephs PegStore h\u00e4lt W\u00e4scheklammern unter Kontrolle und hilft dabei, Freude am W\u00e4schewaschen zu finden.<\/span><\/p>\n<\/li>\n<\/ul>\n<\/aside>\n<p>Wenn es dann an der Zeit ist, Ihre Kleidung zu b\u00fcgeln, was zweifelsohne zu den Dingen geh\u00f6rt, die Leute, die gut im W\u00e4schewaschen sind, immer tun, m\u00fcssen Sie sie nur noch von der Wand nehmen, auf einen Tisch oder eine Arbeitsplatte ausklappen und mit dem B\u00fcgeln beginnen. Trotz der geringen Gr\u00f6\u00dfe bietet das Brett viel Platz (89,9 x 33 cm) zum m\u00fchelosen B\u00fcgeln von Hemden, Hosen, Kleidern und mehr.<\/p>\n<figure class=\"van-image-figure inline-layout \" data-bordeaux-image-check id=\"elk-1864fb96-a6c5-11f1-82ce-e3340c36fbf5\">\n<div class=\"image-full-width-wrapper\">\n<div class=\"image-widthsetter\" style=\"max-width:2000px;\"><\/div>\n<\/div><figcaption class=\"inline-layout \">\n<div class=\"caption-text\">\n<p>Im ausgeklappten Zustand bietet er ausreichend Platz zum B\u00fcgeln von Gegenst\u00e4nden aller Gr\u00f6\u00dfen.<\/p>\n<\/div>\n<\/figcaption><\/figure>\n<p id=\"elk-1864fc18-a6c5-11f1-bac7-f9850ce9267e\">Mit einer 4,6-Sterne-Bewertung in \u00fcber 2.600 Rezensionen erfreut sich dieses W\u00e4schezubeh\u00f6r f\u00fcr den Innenbereich bei K\u00e4ufern gro\u00dfer Beliebtheit.<\/p>\n<div id=\"slice-container-newsletterForm-articleInbodyContent-CW2QWuAmjJfWqvDmQJbFLA\" class=\"slice-container newsletter-inbodyContent-slice newsletterForm-articleInbodyContent-CW2QWuAmjJfWqvDmQJbFLA slice-container-newsletterForm\"><\/div>\n<p>\u201eKompakt, leicht und einfach zu bedienen\u201c, sagt Robert. \u201eDieses B\u00fcgelbrett ist superglatt! Es ist etwa 20 Zoll k\u00fcrzer als ein Full-Size-Board.<\/p>\n<p>\u201eF\u00fcr diejenigen, die ein kompaktes und leichtes B\u00fcgelbrett suchen, ist dies das Richtige! (Es) l\u00e4sst sich ordentlich zusammenfalten, verf\u00fcgt \u00fcber einen Bungee-Clip, der es im zusammengeklappten Zustand sicher h\u00e4lt, und verf\u00fcgt sogar \u00fcber ein kleines Fach, in dem problemlos ein B\u00fcgeleisen in voller Gr\u00f6\u00dfe untergebracht werden kann.<\/p>\n<p>\u201eGleitet leicht unter unser Bett, wenn wir es verstecken wollen.\u201c L\u00e4sst sich in Sekundenschnelle aufbauen und f\u00fchlt sich super hochwertig an. Wenn Sie jemals eines dieser B\u00fcgelbretter der alten Schule ge\u00f6ffnet haben und das kratzende Metallger\u00e4usch geh\u00f6rt haben, k\u00f6nnen Sie sicher sein, dass es hier nichts davon gibt!\u2018<\/p>\n<aside data-component-name=\"Recirculation:ArticleRiver\" data-recirculation-type=\"inline\" data-mrf-recirculation=\"Trending Bar\" data-nosnippet class=\"clear-both pt-2 pb-0 mb-4\">\n        <span class=\"\n            flex\n            after:content-('') after:flex-1 after:ml-4 after:my-(0.7rem) after:border-t after:border-solid after:border-(#333)\n            before:content-('') before:flex-1 before:mr-4 before:my-(0.7rem) before:border-t before:border-solid before:border-(#333)\n            font-article-heading pb-0 text-(length:var(--article-river-title--font-size,1em)) uppercase sm:text-(length:var(--article-river-title--font-size,0.875em)) font-normal\n        \"><\/p>\n<p>            Was Sie als n\u00e4chstes lesen sollten<br \/>\n        <\/span><\/p>\n<ul class=\"flex flex-col gap-0 m-0 max-w-full\">\n<li class=\"m-0 list-none border-b border-solid border-(#ededed) py-2.5\" data-recirculation-id=\"recirculation-card-1\" id=\"recirculation-inline-2-1\" data-analytics-id=\"recirculation-2-inline-1\" analytics-label=\"\" data-mrf-recirculation=\"recirculation-2-inline-1\">\n<picture data-new-v2-image=\"true\" class=\"aspect-square size-(85px) md:size-20 shrink-0\"><source type=\"image\/webp\"  ><\/source><br \/>\n    <img decoding=\"async\" alt=\"Nahaufnahme einer geriffelten Unterbausp\u00fcle mit roten Arbeitsplatten und gr\u00fcnen Regalen \u00fcber dem Sp\u00fclbecken. Links ist ein wei\u00dfer SMEG-K\u00fchlschrank zu sehen\"   loading=\"lazy\" data-new-v2-image=\"true\" src=\"https:\/\/www.strassenweb.de\/nachrichten\/wp-content\/uploads\/2025\/04\/rXx5RmvntHP5ZPsuavuiDK.jpg\" data-pin-media=\"https:\/\/www.strassenweb.de\/nachrichten\/wp-content\/uploads\/2025\/04\/rXx5RmvntHP5ZPsuavuiDK.jpg\" class=\"rounded-(var(--image--border-radius,0)) aspect-square size-(85px) md:size-20 object-cover shrink-0\" data-pin-nopin=\"true\">\n    <\/picture>\n                        <span class=\"w-full text-base font-(var(--article-river-item--font-weight,500)) font-article-heading line-clamp-3 md:line-clamp-2\">Der clevere erweiterbare Geschirrkorb von Joseph Joseph ersetzt Standarddesigns \u2013 und ist ein Game-Changer f\u00fcr kleine K\u00fcchen<\/span><\/p>\n<\/li>\n<li class=\"m-0 list-none border-b border-solid border-(#ededed) py-2.5\" data-recirculation-id=\"recirculation-card-2\" id=\"recirculation-inline-2-2\" data-analytics-id=\"recirculation-2-inline-2\" analytics-label=\"\" data-mrf-recirculation=\"recirculation-2-inline-2\">\n<picture data-new-v2-image=\"true\" class=\"aspect-square size-(85px) md:size-20 shrink-0\"><source type=\"image\/webp\"  ><\/source><br \/>\n    <img decoding=\"async\" alt=\"Wie man Kleidung in der rosa Waschk\u00fcche von Hand w\u00e4scht\"   loading=\"lazy\" data-new-v2-image=\"true\" src=\"https:\/\/www.strassenweb.de\/nachrichten\/wp-content\/uploads\/2026\/08\/aSJDGK5Q9RK4vfELhGAWuN.jpg\" data-pin-media=\"https:\/\/www.strassenweb.de\/nachrichten\/wp-content\/uploads\/2026\/08\/aSJDGK5Q9RK4vfELhGAWuN.jpg\" class=\"rounded-(var(--image--border-radius,0)) aspect-square size-(85px) md:size-20 object-cover shrink-0\" data-pin-nopin=\"true\">\n    <\/picture>\n                        <span class=\"w-full text-base font-(var(--article-river-item--font-weight,500)) font-article-heading line-clamp-3 md:line-clamp-2\">ALDI hat gerade einen ausziehbaren W\u00e4schetrockner auf den Markt gebracht \u2013 er l\u00e4sst sich in Sekundenschnelle zusammenklappen und macht das W\u00e4schewaschen auf kleinem Raum viel einfacher<\/span><\/p>\n<\/li>\n<li class=\"m-0 list-none border-b border-solid border-(#333) py-2.5\" data-recirculation-id=\"recirculation-card-3\" id=\"recirculation-inline-2-3\" data-analytics-id=\"recirculation-2-inline-3\" analytics-label=\"\" data-mrf-recirculation=\"recirculation-2-inline-3\">\n<picture data-new-v2-image=\"true\" class=\"aspect-square size-(85px) md:size-20 shrink-0\"><source type=\"image\/webp\"  ><\/source><br \/>\n    <img decoding=\"async\" alt=\"Gr\u00fcne Waschk\u00fcche mit Waschbecken und Schr\u00e4nken\"   loading=\"lazy\" data-new-v2-image=\"true\" src=\"https:\/\/www.strassenweb.de\/nachrichten\/wp-content\/uploads\/2026\/09\/bfHa5AkMxmfyuZW8WUSDYT.jpg\" data-pin-media=\"https:\/\/www.strassenweb.de\/nachrichten\/wp-content\/uploads\/2026\/09\/bfHa5AkMxmfyuZW8WUSDYT.jpg\" class=\"rounded-(var(--image--border-radius,0)) aspect-square size-(85px) md:size-20 object-cover shrink-0\" data-pin-nopin=\"true\">\n    <\/picture>\n                        <span class=\"w-full text-base font-(var(--article-river-item--font-weight,500)) font-article-heading line-clamp-3 md:line-clamp-2\">Der clevere 2-in-1-Organizer, der den Stauraum in Ihrer Waschk\u00fcche verdoppelt, ohne zus\u00e4tzlichen Platz einzunehmen<\/span><\/p>\n<\/li>\n<\/ul>\n<\/aside>\n<p>Jen, eine weitere F\u00fcnf-Sterne-Rezensentin, f\u00fcgt hinzu: \u201eDa bekomme ich Lust zu b\u00fcgeln!\u201c Mein Einbauboard ist tats\u00e4chlich durch ein n\u00fctzlicheres Regal in der Waschk\u00fcche blockiert, und es hat Jahre gedauert, bis ich endlich ein neues gekauft habe. Der Preis f\u00fcr ein B\u00fcgelbrett hat mich tats\u00e4chlich geschockt, und die Gr\u00f6\u00dfe eines herk\u00f6mmlichen B\u00fcgelbretts schreckt mich einfach ab, wenn ich daran denke, es aufzubewahren und zum Aufstellen herumschleppen zu m\u00fcssen.<\/p>\n<p>\u201eDiese kleine Einheit ist PERFEKT! Es ist leicht, aber \u00e4u\u00dferst gut verarbeitet und robust. Ich finde es toll, dass es sehr wenig Platz zum Verstauen ben\u00f6tigt und einfach \u00fcberall und in jeder gew\u00fcnschten H\u00f6he aufgestellt werden kann. Ich sch\u00e4tze auch die M\u00f6glichkeit, das B\u00fcgeleisen an Bord abzustellen. Auch der Einband ist sch\u00f6n dick.&#8216;<\/p>\n<p>Mit diesem kleinen Brett ist das B\u00fcgeln in kleinen R\u00e4umen und die Ordnung in der Waschk\u00fcche einfacher denn je.<\/p>\n<h2 class=\"article-body__section\" id=\"section-what-to-shop\"><span>Was man einkaufen sollte<\/span><\/h2>\n<p id=\"elk-79ddece6-a6d1-11f1-8728-2f3c69e3b5ce\">Unten finden Sie weitere wichtige W\u00e4scheartikel von Joseph Joseph sowie einige andere kompakte Favoriten.<\/p>\n<p><em>Alle Preise waren zum Zeitpunkt der Ver\u00f6ffentlichung korrekt.<\/em><\/p>\n<div class=\"product-container hero-product-container product-block-no-wrap\">\n<div class=\"product-block-row\"><\/div>\n<div class=\"product-block-row\"><\/div>\n<div class=\"product-block-row\"><\/div>\n<div class=\"product-block-row\"><\/div>\n<div class=\"product-block-row\"><\/div>\n<div class=\"product-block-row\"><\/div>\n<\/div>\n<hr id=\"elk-067c6cbe-a6bd-11f1-9af9-5b308c6570a3\">\n<p id=\"elk-067c6e4e-a6bd-11f1-899a-cd2fe0ea82fc\">Wenn Sie weitere Inspirationen und Empfehlungen von Joseph Joseph ben\u00f6tigen, ist dieser Joseph Joseph AirFrame-Gestell perfekt f\u00fcr die W\u00e4sche im Winter.<\/p>\n<p>Lieben Sie die neuesten Produktneuigkeiten und hilfreiche Einkaufstipps? Melden Sie sich f\u00fcr unseren Newsletter an und erhalten Sie die neuesten Funktionen direkt in Ihren Posteingang.<\/p>\n<div class=\"block mb-5\" id=\"articleTag\" data-component-name=\"PostArticleLinks\" data-nosnippet data-mrf-recirculation=\"post-article-links\">\n<div class=\"border-b border-b-black border-solid py-2.5 text-black font-bold uppercase\">THEMEN<\/div>\n<nav class=\"py-2.5 flex gap-2.5 flex-wrap\" data-analytics-id=\"article-tag\" data-mrf-recirculation=\"article-tag\">\n<p>Einkaufen<\/p>\n<\/nav>\n<\/div>\n<\/div>\n<p><script async src=\"https:\/\/platform.twitter.com\/widgets.js\" charset=\"utf-8\"><\/script><\/p>\n","protected":false},"excerpt":{"rendered":"<p>Aktie Link kopieren Facebook X WhatsApp Pinterest Teilen Sie diesen Artikel Beteiligen Sie sich an der Unterhaltung Folgen Sie uns F\u00fcgen Sie uns als bevorzugte<\/p>\n","protected":false},"author":1,"featured_media":16708,"comment_status":"closed","ping_status":"","sticky":false,"template":"","format":"standard","meta":{"footnotes":""},"categories":[118],"tags":[1621,2227,17243,932,51,9,43,55,6418,2046,3752,1759,474,931,21,17244],"class_list":["post-16707","post","type-post","status-publish","format-standard","has-post-thumbnail","hentry","category-haus-garten","tag-aufgeraeumt","tag-bleiben","tag-buegelbrett","tag-dafuer","tag-dass","tag-die","tag-ein","tag-fuer","tag-joseph","tag-kein","tag-kompakte","tag-loesung","tag-platz","tag-sorgt","tag-von","tag-waschraeume","generate-columns","tablet-grid-50","mobile-grid-100","grid-parent","grid-50"],"yoast_head":"<!-- This site is optimized with the Yoast SEO plugin v27.3 - https:\/\/yoast.com\/product\/yoast-seo-wordpress\/ -->\n<title>Kein Platz f\u00fcr ein B\u00fcgelbrett? Die kompakte L\u00f6sung von Joseph Joseph sorgt daf\u00fcr, dass Waschr\u00e4ume aufger\u00e4umt bleiben - Nachrichten - Stra\u00dfenweb<\/title>\n<meta name=\"robots\" content=\"index, follow, max-snippet:-1, max-image-preview:large, max-video-preview:-1\" \/>\n<link rel=\"canonical\" href=\"https:\/\/www.strassenweb.de\/nachrichten\/kein-platz-fuer-ein-buegelbrett-die-kompakte-loesung-von-joseph-joseph-sorgt-dafuer-dass-waschraeume-aufgeraeumt-bleiben\/\" \/>\n<meta property=\"og:locale\" content=\"de_DE\" \/>\n<meta property=\"og:type\" content=\"article\" \/>\n<meta property=\"og:title\" content=\"Kein Platz f\u00fcr ein B\u00fcgelbrett? Die kompakte L\u00f6sung von Joseph Joseph sorgt daf\u00fcr, dass Waschr\u00e4ume aufger\u00e4umt bleiben - Nachrichten - Stra\u00dfenweb\" \/>\n<meta property=\"og:description\" content=\"Aktie Link kopieren Facebook X WhatsApp Pinterest Teilen Sie diesen Artikel Beteiligen Sie sich an der Unterhaltung Folgen Sie uns F\u00fcgen Sie uns als bevorzugte\" \/>\n<meta property=\"og:url\" content=\"https:\/\/www.strassenweb.de\/nachrichten\/kein-platz-fuer-ein-buegelbrett-die-kompakte-loesung-von-joseph-joseph-sorgt-dafuer-dass-waschraeume-aufgeraeumt-bleiben\/\" \/>\n<meta property=\"og:site_name\" content=\"Stra\u00dfenweb\" \/>\n<meta property=\"article:publisher\" content=\"https:\/\/www.facebook.com\/strassenweb\/\" \/>\n<meta property=\"article:published_time\" content=\"2026-09-03T09:40:00+00:00\" \/>\n<meta property=\"article:modified_time\" content=\"2026-09-03T09:40:10+00:00\" \/>\n<meta property=\"og:image\" content=\"https:\/\/www.strassenweb.de\/nachrichten\/wp-content\/uploads\/2026\/09\/Kein-Platz-fuer-ein-Buegelbrett-Die-kompakte-Loesung-von-Joseph.jpg\" \/>\n\t<meta property=\"og:image:width\" content=\"2560\" \/>\n\t<meta property=\"og:image:height\" content=\"1440\" \/>\n\t<meta property=\"og:image:type\" content=\"image\/jpeg\" \/>\n<meta name=\"author\" content=\"Robert Hoffmann\" \/>\n<meta name=\"twitter:card\" content=\"summary_large_image\" \/>\n<meta name=\"twitter:label1\" content=\"Verfasst von\" \/>\n\t<meta name=\"twitter:data1\" content=\"Robert Hoffmann\" \/>\n\t<meta name=\"twitter:label2\" content=\"Gesch\u00e4tzte Lesezeit\" \/>\n\t<meta name=\"twitter:data2\" content=\"5\u00a0Minuten\" \/>\n<script type=\"application\/ld+json\" class=\"yoast-schema-graph\">{\"@context\":\"https:\\\/\\\/schema.org\",\"@graph\":[{\"@type\":\"Article\",\"@id\":\"https:\\\/\\\/www.strassenweb.de\\\/nachrichten\\\/kein-platz-fuer-ein-buegelbrett-die-kompakte-loesung-von-joseph-joseph-sorgt-dafuer-dass-waschraeume-aufgeraeumt-bleiben\\\/#article\",\"isPartOf\":{\"@id\":\"https:\\\/\\\/www.strassenweb.de\\\/nachrichten\\\/kein-platz-fuer-ein-buegelbrett-die-kompakte-loesung-von-joseph-joseph-sorgt-dafuer-dass-waschraeume-aufgeraeumt-bleiben\\\/\"},\"author\":{\"name\":\"Robert Hoffmann\",\"@id\":\"https:\\\/\\\/www.strassenweb.de\\\/nachrichten\\\/#\\\/schema\\\/person\\\/87c9c9067f1211da429a744dc5a5aa41\"},\"headline\":\"Kein Platz f\u00fcr ein B\u00fcgelbrett? Die kompakte L\u00f6sung von Joseph Joseph sorgt daf\u00fcr, dass Waschr\u00e4ume aufger\u00e4umt bleiben\",\"datePublished\":\"2026-09-03T09:40:00+00:00\",\"dateModified\":\"2026-09-03T09:40:10+00:00\",\"mainEntityOfPage\":{\"@id\":\"https:\\\/\\\/www.strassenweb.de\\\/nachrichten\\\/kein-platz-fuer-ein-buegelbrett-die-kompakte-loesung-von-joseph-joseph-sorgt-dafuer-dass-waschraeume-aufgeraeumt-bleiben\\\/\"},\"wordCount\":953,\"publisher\":{\"@id\":\"https:\\\/\\\/www.strassenweb.de\\\/nachrichten\\\/#organization\"},\"image\":{\"@id\":\"https:\\\/\\\/www.strassenweb.de\\\/nachrichten\\\/kein-platz-fuer-ein-buegelbrett-die-kompakte-loesung-von-joseph-joseph-sorgt-dafuer-dass-waschraeume-aufgeraeumt-bleiben\\\/#primaryimage\"},\"thumbnailUrl\":\"https:\\\/\\\/www.strassenweb.de\\\/nachrichten\\\/wp-content\\\/uploads\\\/2026\\\/09\\\/Kein-Platz-fuer-ein-Buegelbrett-Die-kompakte-Loesung-von-Joseph.jpg\",\"keywords\":[\"aufger\u00e4umt\",\"bleiben\",\"B\u00fcgelbrett\",\"daf\u00fcr\",\"dass\",\"die\",\"ein\",\"f\u00fcr\",\"Joseph\",\"kein\",\"kompakte\",\"L\u00f6sung\",\"Platz\",\"sorgt\",\"von\",\"Waschr\u00e4ume\"],\"articleSection\":[\"Haus &amp; Garten\"],\"inLanguage\":\"de\"},{\"@type\":\"WebPage\",\"@id\":\"https:\\\/\\\/www.strassenweb.de\\\/nachrichten\\\/kein-platz-fuer-ein-buegelbrett-die-kompakte-loesung-von-joseph-joseph-sorgt-dafuer-dass-waschraeume-aufgeraeumt-bleiben\\\/\",\"url\":\"https:\\\/\\\/www.strassenweb.de\\\/nachrichten\\\/kein-platz-fuer-ein-buegelbrett-die-kompakte-loesung-von-joseph-joseph-sorgt-dafuer-dass-waschraeume-aufgeraeumt-bleiben\\\/\",\"name\":\"Kein Platz f\u00fcr ein B\u00fcgelbrett? Die kompakte L\u00f6sung von Joseph Joseph sorgt daf\u00fcr, dass Waschr\u00e4ume aufger\u00e4umt bleiben - Nachrichten - Stra\u00dfenweb\",\"isPartOf\":{\"@id\":\"https:\\\/\\\/www.strassenweb.de\\\/nachrichten\\\/#website\"},\"primaryImageOfPage\":{\"@id\":\"https:\\\/\\\/www.strassenweb.de\\\/nachrichten\\\/kein-platz-fuer-ein-buegelbrett-die-kompakte-loesung-von-joseph-joseph-sorgt-dafuer-dass-waschraeume-aufgeraeumt-bleiben\\\/#primaryimage\"},\"image\":{\"@id\":\"https:\\\/\\\/www.strassenweb.de\\\/nachrichten\\\/kein-platz-fuer-ein-buegelbrett-die-kompakte-loesung-von-joseph-joseph-sorgt-dafuer-dass-waschraeume-aufgeraeumt-bleiben\\\/#primaryimage\"},\"thumbnailUrl\":\"https:\\\/\\\/www.strassenweb.de\\\/nachrichten\\\/wp-content\\\/uploads\\\/2026\\\/09\\\/Kein-Platz-fuer-ein-Buegelbrett-Die-kompakte-Loesung-von-Joseph.jpg\",\"datePublished\":\"2026-09-03T09:40:00+00:00\",\"dateModified\":\"2026-09-03T09:40:10+00:00\",\"breadcrumb\":{\"@id\":\"https:\\\/\\\/www.strassenweb.de\\\/nachrichten\\\/kein-platz-fuer-ein-buegelbrett-die-kompakte-loesung-von-joseph-joseph-sorgt-dafuer-dass-waschraeume-aufgeraeumt-bleiben\\\/#breadcrumb\"},\"inLanguage\":\"de\",\"potentialAction\":[{\"@type\":\"ReadAction\",\"target\":[\"https:\\\/\\\/www.strassenweb.de\\\/nachrichten\\\/kein-platz-fuer-ein-buegelbrett-die-kompakte-loesung-von-joseph-joseph-sorgt-dafuer-dass-waschraeume-aufgeraeumt-bleiben\\\/\"]}]},{\"@type\":\"ImageObject\",\"inLanguage\":\"de\",\"@id\":\"https:\\\/\\\/www.strassenweb.de\\\/nachrichten\\\/kein-platz-fuer-ein-buegelbrett-die-kompakte-loesung-von-joseph-joseph-sorgt-dafuer-dass-waschraeume-aufgeraeumt-bleiben\\\/#primaryimage\",\"url\":\"https:\\\/\\\/www.strassenweb.de\\\/nachrichten\\\/wp-content\\\/uploads\\\/2026\\\/09\\\/Kein-Platz-fuer-ein-Buegelbrett-Die-kompakte-Loesung-von-Joseph.jpg\",\"contentUrl\":\"https:\\\/\\\/www.strassenweb.de\\\/nachrichten\\\/wp-content\\\/uploads\\\/2026\\\/09\\\/Kein-Platz-fuer-ein-Buegelbrett-Die-kompakte-Loesung-von-Joseph.jpg\",\"width\":2560,\"height\":1440,\"caption\":\"Kein Platz f\u00fcr ein B\u00fcgelbrett? Die kompakte L\u00f6sung von Joseph Joseph sorgt daf\u00fcr, dass Waschr\u00e4ume aufger\u00e4umt bleiben\"},{\"@type\":\"BreadcrumbList\",\"@id\":\"https:\\\/\\\/www.strassenweb.de\\\/nachrichten\\\/kein-platz-fuer-ein-buegelbrett-die-kompakte-loesung-von-joseph-joseph-sorgt-dafuer-dass-waschraeume-aufgeraeumt-bleiben\\\/#breadcrumb\",\"itemListElement\":[{\"@type\":\"ListItem\",\"position\":1,\"name\":\"Home\",\"item\":\"https:\\\/\\\/www.strassenweb.de\\\/nachrichten\\\/\"},{\"@type\":\"ListItem\",\"position\":2,\"name\":\"Kein Platz f\u00fcr ein B\u00fcgelbrett? Die kompakte L\u00f6sung von Joseph Joseph sorgt daf\u00fcr, dass Waschr\u00e4ume aufger\u00e4umt bleiben\"}]},{\"@type\":\"WebSite\",\"@id\":\"https:\\\/\\\/www.strassenweb.de\\\/nachrichten\\\/#website\",\"url\":\"https:\\\/\\\/www.strassenweb.de\\\/nachrichten\\\/\",\"name\":\"Stra\u00dfenweb\",\"description\":\"Stra\u00dfenverzeichnis f\u00fcr Deutschland\",\"publisher\":{\"@id\":\"https:\\\/\\\/www.strassenweb.de\\\/nachrichten\\\/#organization\"},\"potentialAction\":[{\"@type\":\"SearchAction\",\"target\":{\"@type\":\"EntryPoint\",\"urlTemplate\":\"https:\\\/\\\/www.strassenweb.de\\\/nachrichten\\\/?s={search_term_string}\"},\"query-input\":{\"@type\":\"PropertyValueSpecification\",\"valueRequired\":true,\"valueName\":\"search_term_string\"}}],\"inLanguage\":\"de\"},{\"@type\":\"Organization\",\"@id\":\"https:\\\/\\\/www.strassenweb.de\\\/nachrichten\\\/#organization\",\"name\":\"Stra\u00dfenweb\",\"url\":\"https:\\\/\\\/www.strassenweb.de\\\/nachrichten\\\/\",\"logo\":{\"@type\":\"ImageObject\",\"inLanguage\":\"de\",\"@id\":\"https:\\\/\\\/www.strassenweb.de\\\/nachrichten\\\/#\\\/schema\\\/logo\\\/image\\\/\",\"url\":\"https:\\\/\\\/www.strassenweb.de\\\/nachrichten\\\/wp-content\\\/uploads\\\/2024\\\/09\\\/cropped-favicon.png\",\"contentUrl\":\"https:\\\/\\\/www.strassenweb.de\\\/nachrichten\\\/wp-content\\\/uploads\\\/2024\\\/09\\\/cropped-favicon.png\",\"width\":512,\"height\":512,\"caption\":\"Stra\u00dfenweb\"},\"image\":{\"@id\":\"https:\\\/\\\/www.strassenweb.de\\\/nachrichten\\\/#\\\/schema\\\/logo\\\/image\\\/\"},\"sameAs\":[\"https:\\\/\\\/www.facebook.com\\\/strassenweb\\\/\"]},{\"@type\":\"Person\",\"@id\":\"https:\\\/\\\/www.strassenweb.de\\\/nachrichten\\\/#\\\/schema\\\/person\\\/87c9c9067f1211da429a744dc5a5aa41\",\"name\":\"Robert Hoffmann\",\"image\":{\"@type\":\"ImageObject\",\"inLanguage\":\"de\",\"@id\":\"https:\\\/\\\/www.strassenweb.de\\\/nachrichten\\\/wp-content\\\/uploads\\\/2024\\\/09\\\/strassenweb-150x150.jpg\",\"url\":\"https:\\\/\\\/www.strassenweb.de\\\/nachrichten\\\/wp-content\\\/uploads\\\/2024\\\/09\\\/strassenweb-150x150.jpg\",\"contentUrl\":\"https:\\\/\\\/www.strassenweb.de\\\/nachrichten\\\/wp-content\\\/uploads\\\/2024\\\/09\\\/strassenweb-150x150.jpg\",\"caption\":\"Robert Hoffmann\"},\"description\":\"Ich hei\u00dfe Robert Hoffmann und ich bin ein leidenschaftlicher Verfechter von \u00d6kologie und Biodiversit\u00e4t. Seit meiner Kindheit in den W\u00e4ldern Bayerns f\u00fchle ich mich mit der Natur verbunden und bin entschlossen, sie zu sch\u00fctzen. Heute widme ich mein Leben der Sensibilisierung anderer f\u00fcr die Bedeutung des Umweltschutzes f\u00fcr zuk\u00fcnftige Generationen.\",\"sameAs\":[\"https:\\\/\\\/www.strassenweb.de\\\/\"]}]}<\/script>\n<!-- \/ Yoast SEO plugin. -->","yoast_head_json":{"title":"Kein Platz f\u00fcr ein B\u00fcgelbrett? Die kompakte L\u00f6sung von Joseph Joseph sorgt daf\u00fcr, dass Waschr\u00e4ume aufger\u00e4umt bleiben - Nachrichten - Stra\u00dfenweb","robots":{"index":"index","follow":"follow","max-snippet":"max-snippet:-1","max-image-preview":"max-image-preview:large","max-video-preview":"max-video-preview:-1"},"canonical":"https:\/\/www.strassenweb.de\/nachrichten\/kein-platz-fuer-ein-buegelbrett-die-kompakte-loesung-von-joseph-joseph-sorgt-dafuer-dass-waschraeume-aufgeraeumt-bleiben\/","og_locale":"de_DE","og_type":"article","og_title":"Kein Platz f\u00fcr ein B\u00fcgelbrett? Die kompakte L\u00f6sung von Joseph Joseph sorgt daf\u00fcr, dass Waschr\u00e4ume aufger\u00e4umt bleiben - Nachrichten - Stra\u00dfenweb","og_description":"Aktie Link kopieren Facebook X WhatsApp Pinterest Teilen Sie diesen Artikel Beteiligen Sie sich an der Unterhaltung Folgen Sie uns F\u00fcgen Sie uns als bevorzugte","og_url":"https:\/\/www.strassenweb.de\/nachrichten\/kein-platz-fuer-ein-buegelbrett-die-kompakte-loesung-von-joseph-joseph-sorgt-dafuer-dass-waschraeume-aufgeraeumt-bleiben\/","og_site_name":"Stra\u00dfenweb","article_publisher":"https:\/\/www.facebook.com\/strassenweb\/","article_published_time":"2026-09-03T09:40:00+00:00","article_modified_time":"2026-09-03T09:40:10+00:00","og_image":[{"width":2560,"height":1440,"url":"https:\/\/www.strassenweb.de\/nachrichten\/wp-content\/uploads\/2026\/09\/Kein-Platz-fuer-ein-Buegelbrett-Die-kompakte-Loesung-von-Joseph.jpg","type":"image\/jpeg"}],"author":"Robert Hoffmann","twitter_card":"summary_large_image","twitter_misc":{"Verfasst von":"Robert Hoffmann","Gesch\u00e4tzte Lesezeit":"5\u00a0Minuten"},"schema":{"@context":"https:\/\/schema.org","@graph":[{"@type":"Article","@id":"https:\/\/www.strassenweb.de\/nachrichten\/kein-platz-fuer-ein-buegelbrett-die-kompakte-loesung-von-joseph-joseph-sorgt-dafuer-dass-waschraeume-aufgeraeumt-bleiben\/#article","isPartOf":{"@id":"https:\/\/www.strassenweb.de\/nachrichten\/kein-platz-fuer-ein-buegelbrett-die-kompakte-loesung-von-joseph-joseph-sorgt-dafuer-dass-waschraeume-aufgeraeumt-bleiben\/"},"author":{"name":"Robert Hoffmann","@id":"https:\/\/www.strassenweb.de\/nachrichten\/#\/schema\/person\/87c9c9067f1211da429a744dc5a5aa41"},"headline":"Kein Platz f\u00fcr ein B\u00fcgelbrett? Die kompakte L\u00f6sung von Joseph Joseph sorgt daf\u00fcr, dass Waschr\u00e4ume aufger\u00e4umt bleiben","datePublished":"2026-09-03T09:40:00+00:00","dateModified":"2026-09-03T09:40:10+00:00","mainEntityOfPage":{"@id":"https:\/\/www.strassenweb.de\/nachrichten\/kein-platz-fuer-ein-buegelbrett-die-kompakte-loesung-von-joseph-joseph-sorgt-dafuer-dass-waschraeume-aufgeraeumt-bleiben\/"},"wordCount":953,"publisher":{"@id":"https:\/\/www.strassenweb.de\/nachrichten\/#organization"},"image":{"@id":"https:\/\/www.strassenweb.de\/nachrichten\/kein-platz-fuer-ein-buegelbrett-die-kompakte-loesung-von-joseph-joseph-sorgt-dafuer-dass-waschraeume-aufgeraeumt-bleiben\/#primaryimage"},"thumbnailUrl":"https:\/\/www.strassenweb.de\/nachrichten\/wp-content\/uploads\/2026\/09\/Kein-Platz-fuer-ein-Buegelbrett-Die-kompakte-Loesung-von-Joseph.jpg","keywords":["aufger\u00e4umt","bleiben","B\u00fcgelbrett","daf\u00fcr","dass","die","ein","f\u00fcr","Joseph","kein","kompakte","L\u00f6sung","Platz","sorgt","von","Waschr\u00e4ume"],"articleSection":["Haus &amp; Garten"],"inLanguage":"de"},{"@type":"WebPage","@id":"https:\/\/www.strassenweb.de\/nachrichten\/kein-platz-fuer-ein-buegelbrett-die-kompakte-loesung-von-joseph-joseph-sorgt-dafuer-dass-waschraeume-aufgeraeumt-bleiben\/","url":"https:\/\/www.strassenweb.de\/nachrichten\/kein-platz-fuer-ein-buegelbrett-die-kompakte-loesung-von-joseph-joseph-sorgt-dafuer-dass-waschraeume-aufgeraeumt-bleiben\/","name":"Kein Platz f\u00fcr ein B\u00fcgelbrett? Die kompakte L\u00f6sung von Joseph Joseph sorgt daf\u00fcr, dass Waschr\u00e4ume aufger\u00e4umt bleiben - Nachrichten - Stra\u00dfenweb","isPartOf":{"@id":"https:\/\/www.strassenweb.de\/nachrichten\/#website"},"primaryImageOfPage":{"@id":"https:\/\/www.strassenweb.de\/nachrichten\/kein-platz-fuer-ein-buegelbrett-die-kompakte-loesung-von-joseph-joseph-sorgt-dafuer-dass-waschraeume-aufgeraeumt-bleiben\/#primaryimage"},"image":{"@id":"https:\/\/www.strassenweb.de\/nachrichten\/kein-platz-fuer-ein-buegelbrett-die-kompakte-loesung-von-joseph-joseph-sorgt-dafuer-dass-waschraeume-aufgeraeumt-bleiben\/#primaryimage"},"thumbnailUrl":"https:\/\/www.strassenweb.de\/nachrichten\/wp-content\/uploads\/2026\/09\/Kein-Platz-fuer-ein-Buegelbrett-Die-kompakte-Loesung-von-Joseph.jpg","datePublished":"2026-09-03T09:40:00+00:00","dateModified":"2026-09-03T09:40:10+00:00","breadcrumb":{"@id":"https:\/\/www.strassenweb.de\/nachrichten\/kein-platz-fuer-ein-buegelbrett-die-kompakte-loesung-von-joseph-joseph-sorgt-dafuer-dass-waschraeume-aufgeraeumt-bleiben\/#breadcrumb"},"inLanguage":"de","potentialAction":[{"@type":"ReadAction","target":["https:\/\/www.strassenweb.de\/nachrichten\/kein-platz-fuer-ein-buegelbrett-die-kompakte-loesung-von-joseph-joseph-sorgt-dafuer-dass-waschraeume-aufgeraeumt-bleiben\/"]}]},{"@type":"ImageObject","inLanguage":"de","@id":"https:\/\/www.strassenweb.de\/nachrichten\/kein-platz-fuer-ein-buegelbrett-die-kompakte-loesung-von-joseph-joseph-sorgt-dafuer-dass-waschraeume-aufgeraeumt-bleiben\/#primaryimage","url":"https:\/\/www.strassenweb.de\/nachrichten\/wp-content\/uploads\/2026\/09\/Kein-Platz-fuer-ein-Buegelbrett-Die-kompakte-Loesung-von-Joseph.jpg","contentUrl":"https:\/\/www.strassenweb.de\/nachrichten\/wp-content\/uploads\/2026\/09\/Kein-Platz-fuer-ein-Buegelbrett-Die-kompakte-Loesung-von-Joseph.jpg","width":2560,"height":1440,"caption":"Kein Platz f\u00fcr ein B\u00fcgelbrett? Die kompakte L\u00f6sung von Joseph Joseph sorgt daf\u00fcr, dass Waschr\u00e4ume aufger\u00e4umt bleiben"},{"@type":"BreadcrumbList","@id":"https:\/\/www.strassenweb.de\/nachrichten\/kein-platz-fuer-ein-buegelbrett-die-kompakte-loesung-von-joseph-joseph-sorgt-dafuer-dass-waschraeume-aufgeraeumt-bleiben\/#breadcrumb","itemListElement":[{"@type":"ListItem","position":1,"name":"Home","item":"https:\/\/www.strassenweb.de\/nachrichten\/"},{"@type":"ListItem","position":2,"name":"Kein Platz f\u00fcr ein B\u00fcgelbrett? Die kompakte L\u00f6sung von Joseph Joseph sorgt daf\u00fcr, dass Waschr\u00e4ume aufger\u00e4umt bleiben"}]},{"@type":"WebSite","@id":"https:\/\/www.strassenweb.de\/nachrichten\/#website","url":"https:\/\/www.strassenweb.de\/nachrichten\/","name":"Stra\u00dfenweb","description":"Stra\u00dfenverzeichnis f\u00fcr Deutschland","publisher":{"@id":"https:\/\/www.strassenweb.de\/nachrichten\/#organization"},"potentialAction":[{"@type":"SearchAction","target":{"@type":"EntryPoint","urlTemplate":"https:\/\/www.strassenweb.de\/nachrichten\/?s={search_term_string}"},"query-input":{"@type":"PropertyValueSpecification","valueRequired":true,"valueName":"search_term_string"}}],"inLanguage":"de"},{"@type":"Organization","@id":"https:\/\/www.strassenweb.de\/nachrichten\/#organization","name":"Stra\u00dfenweb","url":"https:\/\/www.strassenweb.de\/nachrichten\/","logo":{"@type":"ImageObject","inLanguage":"de","@id":"https:\/\/www.strassenweb.de\/nachrichten\/#\/schema\/logo\/image\/","url":"https:\/\/www.strassenweb.de\/nachrichten\/wp-content\/uploads\/2024\/09\/cropped-favicon.png","contentUrl":"https:\/\/www.strassenweb.de\/nachrichten\/wp-content\/uploads\/2024\/09\/cropped-favicon.png","width":512,"height":512,"caption":"Stra\u00dfenweb"},"image":{"@id":"https:\/\/www.strassenweb.de\/nachrichten\/#\/schema\/logo\/image\/"},"sameAs":["https:\/\/www.facebook.com\/strassenweb\/"]},{"@type":"Person","@id":"https:\/\/www.strassenweb.de\/nachrichten\/#\/schema\/person\/87c9c9067f1211da429a744dc5a5aa41","name":"Robert Hoffmann","image":{"@type":"ImageObject","inLanguage":"de","@id":"https:\/\/www.strassenweb.de\/nachrichten\/wp-content\/uploads\/2024\/09\/strassenweb-150x150.jpg","url":"https:\/\/www.strassenweb.de\/nachrichten\/wp-content\/uploads\/2024\/09\/strassenweb-150x150.jpg","contentUrl":"https:\/\/www.strassenweb.de\/nachrichten\/wp-content\/uploads\/2024\/09\/strassenweb-150x150.jpg","caption":"Robert Hoffmann"},"description":"Ich hei\u00dfe Robert Hoffmann und ich bin ein leidenschaftlicher Verfechter von \u00d6kologie und Biodiversit\u00e4t. Seit meiner Kindheit in den W\u00e4ldern Bayerns f\u00fchle ich mich mit der Natur verbunden und bin entschlossen, sie zu sch\u00fctzen. Heute widme ich mein Leben der Sensibilisierung anderer f\u00fcr die Bedeutung des Umweltschutzes f\u00fcr zuk\u00fcnftige Generationen.","sameAs":["https:\/\/www.strassenweb.de\/"]}]}},"_links":{"self":[{"href":"https:\/\/www.strassenweb.de\/nachrichten\/wp-json\/wp\/v2\/posts\/16707","targetHints":{"allow":["GET"]}}],"collection":[{"href":"https:\/\/www.strassenweb.de\/nachrichten\/wp-json\/wp\/v2\/posts"}],"about":[{"href":"https:\/\/www.strassenweb.de\/nachrichten\/wp-json\/wp\/v2\/types\/post"}],"author":[{"embeddable":true,"href":"https:\/\/www.strassenweb.de\/nachrichten\/wp-json\/wp\/v2\/users\/1"}],"replies":[{"embeddable":true,"href":"https:\/\/www.strassenweb.de\/nachrichten\/wp-json\/wp\/v2\/comments?post=16707"}],"version-history":[{"count":1,"href":"https:\/\/www.strassenweb.de\/nachrichten\/wp-json\/wp\/v2\/posts\/16707\/revisions"}],"predecessor-version":[{"id":16709,"href":"https:\/\/www.strassenweb.de\/nachrichten\/wp-json\/wp\/v2\/posts\/16707\/revisions\/16709"}],"wp:featuredmedia":[{"embeddable":true,"href":"https:\/\/www.strassenweb.de\/nachrichten\/wp-json\/wp\/v2\/media\/16708"}],"wp:attachment":[{"href":"https:\/\/www.strassenweb.de\/nachrichten\/wp-json\/wp\/v2\/media?parent=16707"}],"wp:term":[{"taxonomy":"category","embeddable":true,"href":"https:\/\/www.strassenweb.de\/nachrichten\/wp-json\/wp\/v2\/categories?post=16707"},{"taxonomy":"post_tag","embeddable":true,"href":"https:\/\/www.strassenweb.de\/nachrichten\/wp-json\/wp\/v2\/tags?post=16707"}],"curies":[{"name":"wp","href":"https:\/\/api.w.org\/{rel}","templated":true}]}}