{"id":16701,"date":"2026-09-03T05:41:08","date_gmt":"2026-09-03T03:41:08","guid":{"rendered":"https:\/\/www.strassenweb.de\/nachrichten\/wenn-sie-geranien-anbauen-sollten-sie-nicht-damit-warten-sie-auf-den-frost-vorzubereiten-5-dinge-die-sie-im-september-tun-sollten-damit-sie-im-naechsten-jahr-mehr-bluehen\/"},"modified":"2026-09-03T05:41:20","modified_gmt":"2026-09-03T03:41:20","slug":"wenn-sie-geranien-anbauen-sollten-sie-nicht-damit-warten-sie-auf-den-frost-vorzubereiten-5-dinge-die-sie-im-september-tun-sollten-damit-sie-im-naechsten-jahr-mehr-bluehen","status":"publish","type":"post","link":"https:\/\/www.strassenweb.de\/nachrichten\/wenn-sie-geranien-anbauen-sollten-sie-nicht-damit-warten-sie-auf-den-frost-vorzubereiten-5-dinge-die-sie-im-september-tun-sollten-damit-sie-im-naechsten-jahr-mehr-bluehen\/","title":{"rendered":"Wenn Sie Geranien anbauen, sollten Sie nicht damit warten, sie auf den Frost vorzubereiten \u2013 5 Dinge, die Sie im September tun sollten, damit sie im n\u00e4chsten Jahr mehr bl\u00fchen"},"content":{"rendered":"<div id=\"article-body\" class=\"article__body \">\n<div data-analytics-id=\"utility-bar\" analytics-name=\"utility-bar\" id=\"utility-bar\" class=\"font-ui-heading flex justify-between items-center py-2 border-t border-b border-gray-300 border-solid mb-5 mx-auto\" data-component-name=\"UtilityBar\" data-mrf-recirculation=\"utility-bar\">\n<div class=\"flex gap-2 text-(#333) subcontainer\">\n<div class=\"relative tooltip-container\" role=\"tooltip\">\n<button id=\"utilitybar__button--share\" type=\"button\" aria-label=\"Share this article\" aria-expanded=\"false\" aria-controls=\"utilitybar__dropdown--share\" aria-haspopup=\"true\" data-analytics-id=\"article-social\" analytics-label=\"utility-bar-share\" analytics-name=\"utility-bar\" data-component-name=\"UtilityBar:ShareArticle:Button\" class=\"relative text-inherit leading-none text-xs flex items-center gap-1 font-ui-heading\" data-mrf-recirculation=\"article-social\"><br \/>\n<svg class=\"m-auto pointer-events-none size-5 text-inherit\" data-component-name=\"Icon\" aria-hidden=\"true\" width=\"23\" height=\"21\" viewbox=\"0 0 23 21\" fill=\"none\" xmlns=\"http:\/\/www.w3.org\/2000\/svg\">\n<path d=\"M13.8583 1.82131L18.7293 6.12806C20.6528 7.82875 21.6146 8.67912 21.6146 9.77454C21.6146 10.8701 20.6528 11.7204 18.7293 13.4211L13.8583 17.7279C12.9803 18.5041 12.5414 18.8923 12.1794 18.7306C11.8174 18.5689 11.8174 17.9847 11.8174 16.8162V13.9565C7.40295 13.9565 2.62061 16.0475 0.78125 19.5323C0.78125 8.38058 7.3212 5.59268 11.8174 5.59268V2.73294C11.8174 1.56445 11.8174 0.980213 12.1794 0.818536C12.5414 0.656859 12.9803 1.045 13.8583 1.82131Z\" stroke=\"#1B1B1B\" stroke-width=\"1.5625\" stroke-linecap=\"round\" stroke-linejoin=\"round\"><\/path>\n<\/svg><\/p>\n<p>Aktie<\/button><\/p>\n<div data-component-name=\"Social:Dropdown\" role=\"menu\" id=\"utilitybar__dropdown--share\" aria-labelledby=\"utilitybar__button--share\" class=\"absolute left-0 top-full w-44 bg-white rounded-md shadow-md border border-neutral-200 z-(9996) list-none m-0 py-2 px-3 border-solid\" style=\"grid-area: social-icons;\">\n<ul class=\"m-0!\">\n<li class=\"!p-0 !m-0 list-none border-b border-gray-200 border-solid\">\n<button type=\"button\" onclick=\"navigator.clipboard.writeText(window.location.href).then(() =&gt; {alert('Link copied')}).catch(err =&gt; {console.error('Failed to copy: ', err)})\" data-platform=\"copy_link\" data-action=\"\" class=\"font-ui-heading py-2 text-sm text-neutral-700 hover:bg-neutral-100 transition-colors no-underline block cursor-pointer border-0 bg-transparent hover:(&amp;_svg):filter-none w-full text-left normal-case\" aria-label=\"Copy link\" role=\"menuitem\" data-analytics-id=\"article-social\" analytics-label=\"utility-bar-social-share-copy-link\" analytics-name=\"utility-bar-secondary\" data-mrf-recirculation=\"article-social\"><br \/>\n<svg class=\"text-black size-8 w-6 h-6 inline-block mr-1.5\" data-component-name=\"Icon\" aria-hidden=\"true\" xmlns=\"http:\/\/www.w3.org\/2000\/svg\" fill=\"none\" viewbox=\"0 0 24 24\" stroke-width=\"1.5\" stroke=\"currentColor\" data-slot=\"icon\">\n<path stroke-linecap=\"round\" stroke-linejoin=\"round\" d=\"M13.19 8.688a4.5 4.5 0 0 1 1.242 7.244l-4.5 4.5a4.5 4.5 0 0 1-6.364-6.364l1.757-1.757m13.35-.622 1.757-1.757a4.5 4.5 0 0 0-6.364-6.364l-4.5 4.5a4.5 4.5 0 0 0 1.242 7.244\"><\/path>\n<\/svg><\/p>\n<p>Link kopieren<br \/>\n<\/button>\n<\/li>\n<li class=\"!p-0 !m-0 list-none border-b border-gray-200 border-solid\">\n<p><svg class=\"size-8 w-6 h-6 inline-block mr-1.5 text-primary-500\" data-component-name=\"Icon\" aria-hidden=\"true\" height=\"24\" viewbox=\"0 0 24 24\" width=\"24\" xmlns=\"http:\/\/www.w3.org\/2000\/svg\">\n<circle cx=\"12\" cy=\"12\" fill=\"#3b5998\" r=\"12\"><\/circle>\n<path d=\"m13.079 19h-2.9v-7h-1.441v-2.408h1.442v-1.456c0-1.96.813-3.136 3.136-3.136h1.933v2.408h-1.2c-.91 0-.965.35-.965.966v1.218h2.183l-.257 2.408h-1.931z\" fill=\"#fff\"><\/path>\n<\/svg><\/p>\n<p>Facebook<\/p>\n<\/li>\n<li class=\"!p-0 !m-0 list-none border-b border-gray-200 border-solid\">\n<a rel=\"nofollow\" href=\"https:\/\/twitter.com\/intent\/tweet?text=If+You+Grow+Geraniums%2C+Don%27t+Wait+to+Prepare+Them+for+Frost+%E2%80%93+5+Things+to+Do+in+September+for+More+Blooms+Next+Year&amp;url=https%3A%2F%2Fwww.homesandgardens.com%2Fgardens%2Fwhat-to-do-with-geraniums-in-september\" data-platform=\"X\" class=\"font-ui-heading py-2 text-sm text-neutral-700 hover:bg-neutral-100 transition-colors no-underline block cursor-pointer border-0 bg-transparent hover:(&amp;_svg):filter-none\" aria-label=\"Share this page on X\" role=\"menuitem\" data-analytics-id=\"article-social\" analytics-label=\"utility-bar-social-share-X\" analytics-name=\"utility-bar-secondary\" target=\"_blank\" data-mrf-recirculation=\"article-social\"><br \/>\n<svg class=\"size-8 w-6 h-6 inline-block mr-1.5 text-primary-500\" data-component-name=\"Icon\" aria-hidden=\"true\" width=\"24\" height=\"24\" viewbox=\"0 0 24 24\" fill=\"none\" xmlns=\"http:\/\/www.w3.org\/2000\/svg\">\n<path fill-rule=\"evenodd\" clip-rule=\"evenodd\" d=\"M12 24C5.372 24 0 18.627 0 12C0 5.373 5.372 0 12 0C18.627 0 24 5.373 24 12C24 18.627 18.627 24 12 24Z\" fill=\"black\"><\/path>\n<path d=\"M13.1403 11.0842L17.6068 6H16.5488L12.6689 10.4137L9.57237 6H6L10.6836 12.6749L6 18.0059H7.05804L11.1526 13.3439L14.4235 18.0059H17.9959M7.4399 6.78133H9.06534L16.548 17.2629H14.9221\" fill=\"white\"><\/path>\n<\/svg><\/p>\n<p>X<br \/>\n<\/a>\n<\/li>\n<li class=\"!p-0 !m-0 list-none border-b border-gray-200 border-solid sm:hidden\">\n<p><svg class=\"size-8 w-6 h-6 inline-block mr-1.5 text-primary-500\" data-component-name=\"Icon\" aria-hidden=\"true\" width=\"24\" height=\"24\" viewbox=\"0 0 24 24\" fill=\"none\" xmlns=\"http:\/\/www.w3.org\/2000\/svg\">\n<g clip-path=\"url(#clip0_7607_1303)\">\n<path d=\"M12 24C18.6274 24 24 18.6274 24 12C24 5.37258 18.6274 0 12 0C5.37258 0 0 5.37258 0 12C0 18.6274 5.37258 24 12 24Z\" fill=\"#25D366\"><\/path>\n<path d=\"M16.9074 7.03131C16.2656 6.38465 15.5016 5.87206 14.6599 5.52334C13.8182 5.17462 12.9155 4.99674 12.0044 5.00005C10.7864 5.00124 9.59004 5.32242 8.53521 5.93143C7.48037 6.54045 6.60407 7.41592 5.99404 8.47015C5.38402 9.5244 5.06169 10.7204 5.05933 11.9384C5.05697 13.1565 5.37467 14.3537 5.98061 15.4103L5 19.0088L8.6773 18.0457C9.69271 18.6106 10.8337 18.9117 11.9956 18.9213C13.8428 18.9213 15.6151 18.1917 16.9269 16.8914C18.2387 15.5911 18.9838 13.8252 19 11.9782C18.9939 11.0565 18.8058 10.1451 18.4467 9.29619C18.0877 8.4473 17.5645 7.67764 16.9074 7.03131ZM12.0044 17.7218C10.9692 17.7225 9.95298 17.4442 9.06254 16.9163L8.85241 16.7849L6.6723 17.3628L7.25016 15.2352L7.11007 15.0163C6.3652 13.8139 6.0872 12.38 6.32875 10.9863C6.57029 9.59269 7.31461 8.33602 8.42068 7.4544C9.52675 6.57278 10.9177 6.12745 12.3302 6.20278C13.7426 6.27809 15.0784 6.86883 16.0844 7.86308C17.1841 8.93842 17.8136 10.4052 17.8355 11.9431C17.8217 13.4805 17.2012 14.9502 16.1091 16.0325C15.0171 17.1146 13.5418 17.7218 12.0044 17.7218ZM15.1651 13.3966C14.99 13.309 14.1407 12.8887 13.9831 12.8362C13.8255 12.7837 13.7029 12.7486 13.5891 12.9238C13.4179 13.1585 13.2336 13.3835 13.0375 13.5979C12.9412 13.7205 12.8361 13.7293 12.661 13.5979C11.6627 13.2034 10.8309 12.4767 10.3058 11.5404C10.122 11.2339 10.4809 11.2515 10.8136 10.5948C10.8382 10.5474 10.851 10.4949 10.851 10.4416C10.851 10.3883 10.8382 10.3357 10.8136 10.2884C10.8136 10.2008 10.4196 9.34276 10.2795 9.0013C10.1395 8.65983 9.99937 8.71236 9.88555 8.70361H9.54409C9.45562 8.70497 9.36846 8.7252 9.28843 8.76295C9.20841 8.80069 9.13736 8.85509 9.08005 8.9225C8.88359 9.11352 8.73037 9.34444 8.63068 9.59968C8.531 9.85492 8.48719 10.1286 8.50219 10.4022C8.55709 11.0572 8.80375 11.6814 9.21138 12.1971C9.95752 13.3141 10.9801 14.219 12.1795 14.8237C12.8086 15.1909 13.5396 15.3445 14.2633 15.2615C14.5042 15.2137 14.7325 15.1157 14.9331 14.9738C15.1338 14.8321 15.3023 14.6496 15.4278 14.4385C15.544 14.1807 15.5806 13.8941 15.5328 13.6154C15.454 13.5279 15.3402 13.4841 15.1651 13.3966Z\" fill=\"white\"><\/path>\n<\/g>\n<defs>\n<clippath id=\"clip0_7607_1303\">\n<rect width=\"24\" height=\"24\" fill=\"white\"><\/rect>\n<\/clippath>\n<\/defs>\n<\/svg><\/p>\n<p>WhatsApp<\/p>\n<\/li>\n<li class=\"!p-0 !m-0 list-none border-b border-gray-200 border-solid\">\n<p><svg class=\"size-8 w-6 h-6 inline-block mr-1.5 text-primary-500\" data-component-name=\"Icon\" aria-hidden=\"true\" height=\"24\" viewbox=\"0 0 24 24\" width=\"24\" xmlns=\"http:\/\/www.w3.org\/2000\/svg\">\n<circle cx=\"12\" cy=\"12\" fill=\"#bd081c\" r=\"12\"><\/circle>\n<path d=\"m12.336 5c-3.822 0-5.754 2.744-5.754 5.025a3.065 3.065 0 0 0 1.652 3.066.279.279 0 0 0 .407-.2l.154-.644a.373.373 0 0 0 -.113-.448 2.341 2.341 0 0 1 -.532-1.582 3.812 3.812 0 0 1 3.961-3.849 3.009 3.009 0 0 1 3.346 3.08c0 2.323-1.022 4.283-2.547 4.283a1.253 1.253 0 0 1 -1.273-1.554 17.616 17.616 0 0 0 .713-2.856 1.081 1.081 0 0 0 -1.092-1.2c-.854 0-1.553.881-1.553 2.071a2.954 2.954 0 0 0 .266 1.274l-1.038 4.383a9.389 9.389 0 0 0 -.027 3.065.109.109 0 0 0 .2.042 8.737 8.737 0 0 0 1.457-2.631l.561-2.212a2.3 2.3 0 0 0 1.959 1.008c2.59 0 4.34-2.366 4.34-5.516a4.8 4.8 0 0 0 -5.087-4.605z\" fill=\"#fff\"><\/path>\n<\/svg><\/p>\n<p>Pinterest<\/p>\n<\/li>\n<\/ul>\n<\/div>\n<div class=\"font-ui-heading max-sm:hidden tooltip absolute left-1\/2 bg-gray-900 text-white text-xs leading-none px-3 py-1.5 rounded-md z-(10001) whitespace-nowrap\" id=\"tooltip-share-this-article\" role=\"tooltip\" aria-hidden=\"true\">\n<p>Teilen Sie diesen Artikel\n<\/p><\/div>\n<\/div>\n<div class=\"relative tooltip-container\" role=\"tooltip\">\n<div class=\"font-ui-heading max-sm:hidden tooltip absolute left-1\/2 bg-gray-900 text-white text-xs leading-none px-3 py-1.5 rounded-md z-(10001) whitespace-nowrap\" id=\"tooltip-join-the-conversation\" role=\"tooltip\" aria-hidden=\"true\">\n<p>Beteiligen Sie sich an der Unterhaltung\n<\/p><\/div>\n<\/div>\n<\/div>\n<div class=\"flex gap-2 text-(#333) subcontainer\">\n<div class=\"relative tooltip-container\" role=\"tooltip\">\n<p><svg class=\"inline-block m-auto size-5 text-inherit filter grayscale brightness-0 contrast-100\" data-component-name=\"Icon\" aria-hidden=\"true\" xmlns=\"http:\/\/www.w3.org\/2000\/svg\" width=\"20\" height=\"20\" fill=\"none\" viewbox=\"0 0 20 20\">\n<path fill=\"#4285F4\" d=\"M18.8 10.208c0-.65-.058-1.275-.167-1.875H10v3.55h4.933a4.226 4.226 0 0 1-1.841 2.759v2.308h2.975C17.8 15.35 18.8 13 18.8 10.208Z\"><\/path>\n<path fill=\"#34A853\" d=\"M10 19.167c2.475 0 4.55-.817 6.066-2.217l-2.975-2.308c-.816.55-1.858.883-3.091.883-2.384 0-4.409-1.608-5.134-3.775h-3.05v2.367c1.509 2.991 4.6 5.05 8.184 5.05Z\"><\/path>\n<path fill=\"#FBBC05\" d=\"M4.865 11.742A5.493 5.493 0 0 1 4.574 10c0-.608.108-1.192.291-1.742V5.892h-3.05A9.054 9.054 0 0 0 .832 10c0 1.483.358 2.875.983 4.108l2.375-1.85.675-.516Z\"><\/path>\n<path fill=\"#EA4335\" d=\"M10 4.483c1.35 0 2.55.467 3.508 1.367l2.625-2.625C14.541 1.742 12.475.833 10 .833c-3.584 0-6.675 2.059-8.184 5.059l3.05 2.366C5.591 6.092 7.616 4.483 10 4.483Z\"><\/path>\n<\/svg><\/p>\n<p>Folgen Sie uns<\/p>\n<div class=\"font-ui-heading max-sm:hidden tooltip absolute left-1\/2 bg-gray-900 text-white text-xs leading-none px-3 py-1.5 rounded-md z-(10001) whitespace-nowrap\" id=\"tooltip-add-us-as-a-preferred-source-on-google\" role=\"tooltip\" aria-hidden=\"true\">\nF\u00fcgen Sie uns als bevorzugte Quelle bei Google hinzu\n<\/div>\n<\/div>\n<div class=\"relative tooltip-container\" role=\"tooltip\">\n<button type=\"button\" class=\"no-underline hover:no-underline newsletter-pop-up-trigger relative text-inherit leading-none text-xs flex items-center gap-1 font-ui-heading\" data-component-name=\"UtilityBar:Newsletter:Button\" id=\"utilitybar__button--newsletter\" aria-label=\"Newsletter\" data-analytics-id=\"article-social\" analytics-label=\"utility-bar-newsletters\" analytics-name=\"utility-bar\" data-mrf-recirculation=\"article-social\"><br \/>\n<svg class=\"inline-block m-auto size-5 text-inherit\" data-component-name=\"Icon\" aria-hidden=\"true\" xmlns=\"http:\/\/www.w3.org\/2000\/svg\" fill=\"none\" viewbox=\"0 0 24 24\" stroke-width=\"1.5\" stroke=\"currentColor\" data-slot=\"icon\">\n<path stroke-linecap=\"round\" stroke-linejoin=\"round\" d=\"M21.75 6.75v10.5a2.25 2.25 0 0 1-2.25 2.25h-15a2.25 2.25 0 0 1-2.25-2.25V6.75m19.5 0A2.25 2.25 0 0 0 19.5 4.5h-15a2.25 2.25 0 0 0-2.25 2.25m19.5 0v.243a2.25 2.25 0 0 1-1.07 1.916l-7.5 4.615a2.25 2.25 0 0 1-2.36 0L3.32 8.91a2.25 2.25 0 0 1-1.07-1.916V6.75\"><\/path>\n<\/svg><\/p>\n<p>Newsletter<br \/>\n<\/button><\/p>\n<div class=\"font-ui-heading max-sm:hidden tooltip absolute left-1\/2 bg-gray-900 text-white text-xs leading-none px-3 py-1.5 rounded-md z-(10001) whitespace-nowrap\" id=\"tooltip-subscribe-to-our-newsletter\" role=\"tooltip\" aria-hidden=\"true\">\n<p>Abonnieren Sie unseren Newsletter\n<\/p><\/div>\n<\/div>\n<\/div>\n<\/div>\n<p id=\"elk-8b2034c6-a6ab-11f1-a797-e92de3f9752f\">Der September markiert einen \u00dcbergangsmonat im Garten, in dem wir den Sommer sanft verabschieden und an den Herbst denken. Eine Pflanze, die in diesem Monat besondere Aufmerksamkeit ben\u00f6tigt, ist die Geranie oder Pelargonie.<\/p>\n<div id=\"ad-unit-1\" class=\"ad-unit\"><\/div>\n<p>Wenn Sie Geranien anbauen, ist es wichtig zu wissen, welche Herbst- und Winterpflege sie ben\u00f6tigen, um im n\u00e4chsten Jahr zu \u00fcberleben. Da sie nur in den USDA-Zonen 10\u201311 winterhart sind, empfiehlt es sich im September, sie ins Haus zu bringen, Pelargonienstecklinge zu nehmen und sie schnell zu beschneiden, um sie nach der Sommerbl\u00fcte aufzur\u00e4umen.<\/p>\n<aside data-article-category=\"gardens\" data-block-type=\"embed\" data-render-type=\"fte\" data-skip=\"dealsy\" data-widget-type=\"seasonal\" class=\"ecom-root\"><\/aside>\n<p id=\"elk-8b2034c6-a6ab-11f1-a797-e92de3f9752f-2\">Wenn Sie diese Aufgaben jetzt erledigen, bevor sp\u00e4ter im Herbst der Frost einsetzt, werden Sie auch im n\u00e4chsten Jahr eine weitere Pracht dieser wundersch\u00f6nen, duftenden Bauerngartenbl\u00fcten genie\u00dfen. Hier spreche ich \u00fcber die f\u00fcnf Dinge, die ich im September immer mit meinen Geranien mache, um sie auf die kommenden k\u00fchleren Bedingungen vorzubereiten \u2013 Sie m\u00f6chten diese Fiskars-Mikrospitzen-Schere von Amazon zur Hand haben.<\/p>\n<div class=\"my-6 w-full overflow-hidden rounded-(10px) lg:my-8\" data-component-name=\"JwPlayer:Carousel\" data-jwp-carousel data-jwp-carousel-payload='{\"ids\":{\"playerID\":\"nH5qbfDS\",\"searchPlaylistID\":\"JWjbv5QN\",\"divID\":\"botr_JWjbv5QN_nH5qbfDS_div\",\"fallbackPlaylistID\":\"JWjbv5QN\",\"fallbackDivID\":\"botr_JWjbv5QN_nH5qbfDS_div\",\"key\":\"fLxvNqAkFSgQANz9Ytp9fXXsYH5UjXbuR9iNv02Ze7eiW9wL\",\"tintLogo\":true,\"useSearchPlaylist\":false,\"enabled\":true},\"signPostingEnabled\":true,\"signPostingLinkEnabled\":true,\"waitForAdLoad\":false,\"hidePlayerOnDesktop\":false,\"hidePlayerOnMobile\":false,\"hidePlayerOnTablet\":false}'>\n<div class=\"flex flex-nowrap items-center justify-between gap-3 bg-zinc-900 px-(14px) py-3\" data-jwp-carousel-header>\n<div class=\"flex min-w-0 shrink items-center\"><span class=\"inline-flex items-center gap-1.5 text-sm font-article-heading capitalize leading-5 text-white whitespace-nowrap\"><span class=\"jwp-carousel-title-mobile\"><\/span><span class=\"jwp-carousel-title-desktop\">Neueste Videos von<\/span><span class=\"jwp-carousel-brand\">H\u00e4user und G\u00e4rten<\/span><\/span><\/div>\n<\/div>\n<div class=\"aspect-video w-full min-h-(200px) lg:min-h-(330px) relative overflow-hidden bg-black\" data-jwp-carousel-container>\n<div class=\"absolute inset-0 size-full\" data-jwp-carousel-player-host><\/div>\n<div class=\"absolute inset-0 size-full items-center justify-center bg-white\" data-jwp-carousel-fallback><\/div>\n<\/div>\n<div class=\"min-h-(44px) bg-zinc-900 px-(14px) py-3\" data-jwp-carousel-signposting><span data-jwp-carousel-signposting-title>Sehen Sie sich hier das vollst\u00e4ndige Video an: <\/span><\/div>\n<\/div>\n<h3 class=\"article-body__section\" id=\"section-1-remove-damaged-foliage\"><span>1. Besch\u00e4digtes Laub entfernen<\/span><\/h3>\n<figure class=\"van-image-figure inline-layout \" data-bordeaux-image-check id=\"elk-2f15c10c-a6b3-11f1-89a2-99ba959eba38\">\n<div class=\"image-full-width-wrapper\">\n<div class=\"image-widthsetter\" style=\"max-width:2400px;\"><\/div>\n<\/div>\n<\/figure>\n<p id=\"elk-2f15c17a-a6b3-11f1-b258-1b8df79a5e5a\">Wenn der September vor\u00fcber ist, sind Ihre Geranien (dh Pelargonien, keine winterharten Geranien) m\u00fcde von der langen Sommerpr\u00e4sentation. Deshalb gebe ich meinen immer ein wenig Pflaume, um sie zu verj\u00fcngen.<\/p>\n<div id=\"ad-unit-2\" class=\"ad-unit\"><\/div>\n<p>W\u00e4hrend das Zur\u00fcckschneiden von Geranien f\u00fcr den Winter bis zu einem sp\u00e4teren Zeitpunkt in der Saison dauern kann, erfordert der Fr\u00fchherbst etwas leichtes Aufr\u00e4umen, w\u00e4hrend sich die Pflanze am Ende ihrer aktiven Wachstumssaison befindet.<\/p>\n<aside data-component-name=\"Recirculation:ArticleRiver\" data-recirculation-type=\"inline\" data-mrf-recirculation=\"Trending Bar\" data-nosnippet class=\"clear-both pt-2 pb-0 mb-4\">\n        <span class=\"\n            flex\n            after:content-('') after:flex-1 after:ml-4 after:my-(0.7rem) after:border-t after:border-solid after:border-(#333)\n            before:content-('') before:flex-1 before:mr-4 before:my-(0.7rem) before:border-t before:border-solid before:border-(#333)\n            font-article-heading pb-0 text-(length:var(--article-river-title--font-size,1em)) uppercase sm:text-(length:var(--article-river-title--font-size,0.875em)) font-normal\n        \"><\/p>\n<p>            Vielleicht gef\u00e4llt es Ihnen<br \/>\n        <\/span><\/p>\n<ul class=\"flex flex-col gap-0 m-0 max-w-full\">\n<li class=\"m-0 list-none border-b border-solid border-(#ededed) py-2.5\" data-recirculation-id=\"recirculation-card-1\" id=\"recirculation-inline-1\" data-analytics-id=\"recirculation-inline-1\" analytics-label=\"\" data-mrf-recirculation=\"recirculation-inline-1\">\n<picture data-new-v2-image=\"true\" class=\"aspect-square size-(85px) md:size-20 shrink-0\"><source type=\"image\/webp\"  ><\/source><\/p>\n<\/picture>\n                        <span class=\"w-full text-base font-(var(--article-river-item--font-weight,500)) font-article-heading line-clamp-3 md:line-clamp-2\">Was tun mit Lavendel im September? 7 Jobs, damit er den Winter \u00fcbersteht und im n\u00e4chsten Jahr besser bl\u00fcht<\/span><\/p>\n<\/li>\n<li class=\"m-0 list-none border-b border-solid border-(#ededed) py-2.5\" data-recirculation-id=\"recirculation-card-2\" id=\"recirculation-inline-2\" data-analytics-id=\"recirculation-inline-2\" analytics-label=\"\" data-mrf-recirculation=\"recirculation-inline-2\">\n<picture data-new-v2-image=\"true\" class=\"aspect-square size-(85px) md:size-20 shrink-0\"><source type=\"image\/webp\"  ><\/source><br \/>\n    <img decoding=\"async\" alt=\"Narzissen bl\u00fchen in einem Garten in der Fr\u00fchlingssonne\"   loading=\"lazy\" data-new-v2-image=\"true\" src=\"https:\/\/www.strassenweb.de\/nachrichten\/wp-content\/uploads\/2026\/02\/76jTfbK7zqRDjUH97UejWb.jpg\" data-pin-media=\"https:\/\/www.strassenweb.de\/nachrichten\/wp-content\/uploads\/2026\/02\/76jTfbK7zqRDjUH97UejWb.jpg\" class=\"rounded-(var(--image--border-radius,0)) aspect-square size-(85px) md:size-20 object-cover shrink-0\" data-pin-nopin=\"true\">\n    <\/picture>\n                        <span class=\"w-full text-base font-(var(--article-river-item--font-weight,500)) font-article-heading line-clamp-3 md:line-clamp-2\">Was Sie im September pflanzen sollten, um im n\u00e4chsten Jahr erfolgreich im Fr\u00fchling und Sommer zu sein<\/span><\/p>\n<\/li>\n<li class=\"m-0 list-none border-b border-solid border-(#333) py-2.5\" data-recirculation-id=\"recirculation-card-3\" id=\"recirculation-inline-3\" data-analytics-id=\"recirculation-inline-3\" analytics-label=\"\" data-mrf-recirculation=\"recirculation-inline-3\">\n<picture data-new-v2-image=\"true\" class=\"aspect-square size-(85px) md:size-20 shrink-0\"><source type=\"image\/webp\"  ><\/source><br \/>\n    <img decoding=\"async\" alt=\"Blasslila Agapanthusbl\u00fcte\"   loading=\"lazy\" data-new-v2-image=\"true\" src=\"https:\/\/www.strassenweb.de\/nachrichten\/wp-content\/uploads\/2026\/08\/u6RUdEEZHcFWFyeYSQ4KHM.jpg\" data-pin-media=\"https:\/\/www.strassenweb.de\/nachrichten\/wp-content\/uploads\/2026\/08\/u6RUdEEZHcFWFyeYSQ4KHM.jpg\" class=\"rounded-(var(--image--border-radius,0)) aspect-square size-(85px) md:size-20 object-cover shrink-0\" data-pin-nopin=\"true\">\n    <\/picture>\n                        <span class=\"w-full text-base font-(var(--article-river-item--font-weight,500)) font-article-heading line-clamp-3 md:line-clamp-2\">Was tun mit Agapanthus im August, um die Bl\u00fcte im n\u00e4chsten Jahr anzukurbeln und das Gedeihen der Pflanzen aufrechtzuerhalten?<\/span><\/p>\n<\/li>\n<\/ul>\n<\/aside>\n<p>Ich konzentriere mich darauf, verf\u00e4rbtes, besch\u00e4digtes Laub und verbl\u00fchte Bl\u00fcten zu entfernen. Gartenscheren mit Mikrospitze (wie diese von Lowe&#8217;s) haben die ideale Gr\u00f6\u00dfe, um pr\u00e4zise Schnitte an einer kleineren Pflanze wie dieser vorzunehmen.<\/p>\n<p>Diese einfache Aufr\u00e4umaktion tr\u00e4gt dazu bei, dass die Pelargonien beim \u00dcbergang in den Herbst optimal aussehen, und bereitet sie auf den Umzug ins Haus vor, wenn die Temperaturen zu sinken beginnen.<\/p>\n<div id=\"slice-container-newsletterForm-articleInbodyContent-yAAa53uwbVm4G9v76Eq4mS\" class=\"slice-container newsletter-inbodyContent-slice newsletterForm-articleInbodyContent-yAAa53uwbVm4G9v76Eq4mS slice-container-newsletterForm\"><\/div>\n<h3 class=\"article-body__section\" id=\"section-2-take-cuttings\"><span>2. Nehmen Sie Stecklinge<\/span><\/h3>\n<figure class=\"van-image-figure inline-layout \" data-bordeaux-image-check id=\"elk-2f15c242-a6b3-11f1-b0ad-d157ea3bb79e\">\n<div class=\"image-full-width-wrapper\">\n<div class=\"image-widthsetter\" style=\"max-width:2000px;\"><\/div>\n<\/div>\n<\/figure>\n<p id=\"elk-2f15c2b0-a6b3-11f1-b559-6bdd0feaa72c\">Da Geranien so zarte Stauden sind, ist es nicht immer garantiert, dass sie den Winter \u00fcberstehen. Daher schneide ich im Herbst immer Stecklinge, um mich zu vermehren und Ersatzpflanzen zu bilden.<\/p>\n<p>Um Geranien zu vermehren, nehmen Sie St\u00e4ngelstecklinge von einem nicht bl\u00fchenden Trieb, die etwa 7,6\u201310 cm lang sind. Schneiden Sie immer knapp unterhalb eines Blattknotens, um das Weiterwachsen der Mutterpflanze zu f\u00f6rdern.<\/p>\n<p>Sie sollten die unteren Bl\u00e4tter Ihres Stecklings entfernen und nur die paar oberen Bl\u00e4tterpaare \u00fcbrig lassen. Anschlie\u00dfend tauche ich die Enden meiner Stecklinge gerne in ein Wurzelhormon (wie dieses Wurzelhormonpulver von Amazon), das Chemikalien enth\u00e4lt, die die Wurzelentwicklung f\u00f6rdern.<\/p>\n<aside data-component-name=\"Recirculation:ArticleRiver\" data-recirculation-type=\"inline\" data-mrf-recirculation=\"Trending Bar\" data-nosnippet class=\"clear-both pt-2 pb-0 mb-4\">\n        <span class=\"\n            flex\n            after:content-('') after:flex-1 after:ml-4 after:my-(0.7rem) after:border-t after:border-solid after:border-(#333)\n            before:content-('') before:flex-1 before:mr-4 before:my-(0.7rem) before:border-t before:border-solid before:border-(#333)\n            font-article-heading pb-0 text-(length:var(--article-river-title--font-size,1em)) uppercase sm:text-(length:var(--article-river-title--font-size,0.875em)) font-normal\n        \"><\/p>\n<p>            Was Sie als n\u00e4chstes lesen sollten<br \/>\n        <\/span><\/p>\n<ul class=\"flex flex-col gap-0 m-0 max-w-full\">\n<li class=\"m-0 list-none border-b border-solid border-(#ededed) py-2.5\" data-recirculation-id=\"recirculation-card-1\" id=\"recirculation-inline-2-1\" data-analytics-id=\"recirculation-2-inline-1\" analytics-label=\"\" data-mrf-recirculation=\"recirculation-2-inline-1\">\n<picture data-new-v2-image=\"true\" class=\"aspect-square size-(85px) md:size-20 shrink-0\"><source type=\"image\/webp\"  ><\/source><br \/>\n    <img decoding=\"async\" alt=\"Rosa Orchideenbl\u00fcten\"   loading=\"lazy\" data-new-v2-image=\"true\" src=\"https:\/\/www.strassenweb.de\/nachrichten\/wp-content\/uploads\/2026\/07\/CJNVsdvdked4MxTHFqRns.jpg\" data-pin-media=\"https:\/\/www.strassenweb.de\/nachrichten\/wp-content\/uploads\/2026\/07\/CJNVsdvdked4MxTHFqRns.jpg\" class=\"rounded-(var(--image--border-radius,0)) aspect-square size-(85px) md:size-20 object-cover shrink-0\" data-pin-nopin=\"true\">\n    <\/picture>\n                        <span class=\"w-full text-base font-(var(--article-river-item--font-weight,500)) font-article-heading line-clamp-3 md:line-clamp-2\">Was Ihre Orchidee nach der Bl\u00fcte im August braucht \u2013 um sie f\u00fcr eine noch bessere Bl\u00fcte im n\u00e4chsten Jahr vorzubereiten<\/span><\/p>\n<\/li>\n<li class=\"m-0 list-none border-b border-solid border-(#ededed) py-2.5\" data-recirculation-id=\"recirculation-card-2\" id=\"recirculation-inline-2-2\" data-analytics-id=\"recirculation-2-inline-2\" analytics-label=\"\" data-mrf-recirculation=\"recirculation-2-inline-2\">\n<picture data-new-v2-image=\"true\" class=\"aspect-square size-(85px) md:size-20 shrink-0\"><source type=\"image\/webp\"  ><\/source><br \/>\n    <img decoding=\"async\" alt=\"rosa Thanksgiving-Kaktus\"   loading=\"lazy\" data-new-v2-image=\"true\" src=\"https:\/\/www.strassenweb.de\/nachrichten\/wp-content\/uploads\/2026\/08\/h7hJ7CvtRHzvgNN2zC5emm.jpg\" data-pin-media=\"https:\/\/www.strassenweb.de\/nachrichten\/wp-content\/uploads\/2026\/08\/h7hJ7CvtRHzvgNN2zC5emm.jpg\" class=\"rounded-(var(--image--border-radius,0)) aspect-square size-(85px) md:size-20 object-cover shrink-0\" data-pin-nopin=\"true\">\n    <\/picture>\n                        <span class=\"w-full text-base font-(var(--article-river-item--font-weight,500)) font-article-heading line-clamp-3 md:line-clamp-2\">Was Sie mit Ihrem Thanksgiving-Kaktus im September tun k\u00f6nnen, um an diesem Thanksgiving eine blumenreiche Pr\u00e4sentation zu erhalten<\/span><\/p>\n<\/li>\n<li class=\"m-0 list-none border-b border-solid border-(#333) py-2.5\" data-recirculation-id=\"recirculation-card-3\" id=\"recirculation-inline-2-3\" data-analytics-id=\"recirculation-2-inline-3\" analytics-label=\"\" data-mrf-recirculation=\"recirculation-2-inline-3\">\n<picture data-new-v2-image=\"true\" class=\"aspect-square size-(85px) md:size-20 shrink-0\"><source type=\"image\/webp\"  ><\/source><br \/>\n    <img decoding=\"async\" alt=\"Rosa Sonnenhut\"   loading=\"lazy\" data-new-v2-image=\"true\" src=\"https:\/\/www.strassenweb.de\/nachrichten\/wp-content\/uploads\/2026\/09\/UedMgys2heFVE3Vy7CS8Xb.jpg\" data-pin-media=\"https:\/\/www.strassenweb.de\/nachrichten\/wp-content\/uploads\/2026\/09\/UedMgys2heFVE3Vy7CS8Xb.jpg\" class=\"rounded-(var(--image--border-radius,0)) aspect-square size-(85px) md:size-20 object-cover shrink-0\" data-pin-nopin=\"true\">\n    <\/picture>\n                        <span class=\"w-full text-base font-(var(--article-river-item--font-weight,500)) font-article-heading line-clamp-3 md:line-clamp-2\">Das Einzige, was professionelle G\u00e4rtner im August tun, um ihre Beete bis zum Herbst frisch aussehen zu lassen \u2013 und die meisten Leute vergessen es<\/span><\/p>\n<\/li>\n<\/ul>\n<\/aside>\n<p>Legen Sie die Stecklinge in einen Topf mit gut durchl\u00e4ssigem Kompost, halten Sie ihn gleichm\u00e4\u00dfig feucht und \u00fcberwintern Sie an einem frostfreien, gesch\u00fctzten und hellen Ort \u2013 ich habe meine Stecklinge letztes Jahr in meinem ungeheizten Gew\u00e4chshaus aufbewahrt, wo sie gut wurzelten.<\/p>\n<p>Im Fr\u00fchling werden Sie brandneue Jungpflanzen haben. Und wenn Ihre urspr\u00fcnglichen Pflanzen \u00fcberlebt haben, haben Sie Extras, die Sie Ihrer Familie und Ihren Freunden schenken k\u00f6nnen.<\/p>\n<h3 class=\"article-body__section\" id=\"section-3-move-them-under-cover\"><span>3. Bringen Sie sie in Deckung<\/span><\/h3>\n<figure class=\"van-image-figure inline-layout \" data-bordeaux-image-check id=\"elk-2f15c3b4-a6b3-11f1-a0be-b793d8ba3f22\">\n<div class=\"image-full-width-wrapper\">\n<div class=\"image-widthsetter\" style=\"max-width:2000px;\"><\/div>\n<\/div>\n<\/figure>\n<p id=\"elk-2f15c418-a6b3-11f1-b8e5-d1ecdeb35b95\">Der beste Weg, diese Pflanzen vor Frost zu sch\u00fctzen, besteht darin, Ihre Geranien in eine frostfreie Umgebung zu bringen. Dies k\u00f6nnte ein Gew\u00e4chshaus sein, oder Sie k\u00f6nnen sie ins Haus bringen und als Zimmerpflanzen genie\u00dfen.<\/p>\n<p>Das \u00dcberwintern solcher Geranien ist super einfach. Um Ihre Zimmerpflanzen zu sch\u00fctzen, \u00fcberpr\u00fcfen Sie sie zun\u00e4chst unbedingt auf Sch\u00e4dlinge und w\u00e4hlen Sie einen hellen Standort, z. B. eine Fensterbank oder einen Wintergarten.<\/p>\n<p>Halten Sie sich jedoch von Heizk\u00f6rpern und Heizungs\u00f6ffnungen fern, da diese das Laub spr\u00f6de machen und den Boden austrocknen k\u00f6nnten. Vergessen Sie nicht, auch f\u00fcr ausreichend Bel\u00fcftung zu sorgen, um Pilzprobleme wie Mehltau zu vermeiden.<\/p>\n<h3 class=\"article-body__section\" id=\"section-4-only-water-when-dry\"><span>4. Nur im trockenen Zustand gie\u00dfen<\/span><\/h3>\n<figure class=\"van-image-figure inline-layout \" data-bordeaux-image-check id=\"elk-2f15c4e0-a6b3-11f1-8813-2f3c5a18c946\">\n<div class=\"image-full-width-wrapper\">\n<div class=\"image-widthsetter\" style=\"max-width:2400px;\"><\/div>\n<\/div>\n<\/figure>\n<p id=\"elk-2f15c544-a6b3-11f1-9a3e-3121fe573814\">Da Geranien anf\u00e4llig f\u00fcr Wurzelf\u00e4ule sind, achten Sie darauf, sie im Herbst und Winter nicht zu h\u00e4ufig zu gie\u00dfen.<\/p>\n<p>Sie ben\u00f6tigen viel weniger Wasser als w\u00e4hrend des aktiven Wachstums. Verwenden Sie daher dieses Amazon-Bodenfeuchtigkeitsmessger\u00e4t, um den Boden zu \u00fcberpr\u00fcfen, und f\u00fcllen Sie das Wasser erst auf, wenn er ausgetrocknet ist.<\/p>\n<p>Es ist auch eine gute Idee, Ihre Geranien in einen Topf mit Drainagel\u00f6chern und einem Untersetzer umzutopfen, damit \u00fcbersch\u00fcssige Feuchtigkeit ungehindert abflie\u00dfen kann. Diese Terrakottat\u00f6pfe mit Untertassen von Walmart haben die perfekte Gr\u00f6\u00dfe.<\/p>\n<p>Sobald im Fr\u00fchjahr neues Wachstum auftritt, k\u00f6nnen Sie die Bew\u00e4sserungsh\u00e4ufigkeit noch einmal erh\u00f6hen.<\/p>\n<h3 class=\"article-body__section\" id=\"section-5-reduce-feeding\"><span>5. Reduzieren Sie die F\u00fctterung<\/span><\/h3>\n<figure class=\"van-image-figure inline-layout \" data-bordeaux-image-check id=\"elk-2f15c602-a6b3-11f1-a7a6-3dfec6416646\">\n<div class=\"image-full-width-wrapper\">\n<div class=\"image-widthsetter\" style=\"max-width:2000px;\"><\/div>\n<\/div>\n<\/figure>\n<p id=\"elk-2f15c666-a6b3-11f1-8b9d-a1bf29f43f73\">Da die Vegetationsperiode zu Ende geht, besteht keine Notwendigkeit, die Geranien bis Ende September weiter zu d\u00fcngen. Wenn Ihre Pflanze jedoch noch bl\u00fcht, m\u00f6chten Sie ihnen m\u00f6glicherweise zu Beginn des Monats einen letzten Schub an essentiellen Pflanzenn\u00e4hrstoffen geben \u2013 verwenden Sie dazu ein kaliumreiches Futter, wie diesen Bl\u00fctebooster von Amazon.<\/p>\n<p>Wenn Sie Geranien weiterhin d\u00fcngen, w\u00e4hrend sich das Wachstum verlangsamt, kann dies ein weiches, neues Wachstum f\u00f6rdern, das bei geringerem Licht und k\u00fchleren Temperaturen m\u00f6glicherweise Probleme hat. \u00dcbersch\u00fcssiger D\u00fcnger kann auch zu einer Salzansammlung im Kompost f\u00fchren, die m\u00f6glicherweise die Wurzeln sch\u00e4digt.<\/p>\n<p>Da die Pflanze im Winter von Natur aus langsamer w\u00e4chst, ist es am besten, sie ruhen zu lassen, anstatt viel neues Wachstum zu f\u00f6rdern. Dies wird auch dazu beitragen, Energie f\u00fcr eine helle Anzeige im n\u00e4chsten Jahr zu sparen.<\/p>\n<h2 id=\"what-to-shop-3\">Was man einkaufen sollte<\/h2>\n<aside data-article-category=\"gardens\" data-block-type=\"embed\" data-hawk-json='{\"collection\":{\"blocks\":({\"modelName\":\"Fiskars Micro-Tip Pruning Snips\",\"productName\":\"Fiskars Micro-Tip Pruning Snips\",\"productDescription\":\"\",\"brand\":null,\"price\":\"12.89\",\"wasPrice\":null,\"currency\":\"USD\",\"review\":{\"rating\":0,\"pros\":(),\"cons\":()},\"label\":\"\",\"image\":{\"copyright\":\"\",\"height\":500,\"id\":\"mQdwwofmNS6wGpcnKJwi99\",\"mimeType\":\"image\/jpeg\",\"mos\":\"https:\/\/cdn.mos.cms.futurecdn.net\/mQdwwofmNS6wGpcnKJwi99.jpg\",\"role\":\"\",\"width\":500,\"credit\":\"Fiskars\",\"alt\":\"Fiskars 6\" Steel Micro-Tip Pruning Scissors, Garden Snips for Small Plants\",\"caption\":\"\"},\"link\":{\"url\":\"https:\/\/target.georiot.com\/Proxy.ashx?tsid=107655&amp;GR_URL=https%3A%2F%2Famazon.com%2FFiskars-Micro-Tip-Pruning-Snips%2Fdp%2FB07N7963CH%3Ftag%3Dftr-homesandgardens-us-20%26ascsubtag%3Dhawk-custom-tracking-20\",\"linkText\":\"\",\"editorialMerchantName\":\"\",\"merchantName\":\"Amazon US\",\"merchantId\":1471,\"merchantNetwork\":\"Amazonus\",\"merchantUrl\":\"amazon.com\"},\"noAffiliateTracking\":false,\"linkMerchant\":\"Amazon US\"},{\"modelName\":\"Portable Greenhouse\",\"productName\":\"Portable Greenhouse \",\"productDescription\":\"\",\"brand\":null,\"price\":\"35.92\",\"wasPrice\":\"39.95\",\"currency\":\"USD\",\"review\":{\"rating\":0,\"pros\":(),\"cons\":()},\"label\":\"\",\"image\":{\"copyright\":\"\",\"height\":450,\"id\":\"FqXoqsbBV6FPw3hjjk7SDb\",\"mimeType\":\"image\/jpeg\",\"mos\":\"https:\/\/cdn.mos.cms.futurecdn.net\/FqXoqsbBV6FPw3hjjk7SDb.jpg\",\"role\":\"\",\"width\":450,\"credit\":\"GarveeLife\",\"alt\":\"Heavy Duty Hexagonal Greenhouse for Outdoor Plants u2013 Portable Garden Cold Frame With Durable Pe Cover, Zippered Door, Mesh Window u2013 Weather &amp; Animal Protection for Vegetables, Flowers, Herbs, Fruits\",\"caption\":\"\"},\"link\":{\"url\":\"https:\/\/goto.walmart.com\/c\/1943169\/568844\/9383?subId1=hawk-custom-tracking&amp;sharedId=hawk-prefix&amp;u=https%3A%2F%2Fwww.walmart.com%2Fip%2FHeavy-Duty-Hexagonal-Greenhouse-Outdoor-Plants-Portable-Garden-Cold-Frame-Durable-PE-Cover-Zippered-Door-Mesh-Window-Weather-Animal-Protection-Vegeta%2F20027612563%3FclassType%3DVARIANT%26from%3D%2Fsearch\",\"linkText\":\"\",\"editorialMerchantName\":\"\",\"merchantName\":\"Walmart\",\"merchantId\":108180,\"merchantNetwork\":\"ImpactRadfutureusLlc\",\"merchantUrl\":\"walmart.com\"},\"noAffiliateTracking\":false,\"linkMerchant\":\"Walmart\"},{\"modelName\":\"Miracle-Gro Potting Mix\",\"productName\":\"Miracle-Gro Potting Mix\",\"productDescription\":\"\",\"brand\":null,\"price\":\"8\",\"wasPrice\":\"12.49\",\"currency\":\"USD\",\"review\":{\"rating\":0,\"pros\":(),\"cons\":()},\"label\":\"\",\"image\":{\"copyright\":\"\",\"height\":450,\"id\":\"fm3DMPiGWmoEQRsxeCMxJU\",\"mimeType\":\"image\/jpeg\",\"mos\":\"https:\/\/cdn.mos.cms.futurecdn.net\/fm3DMPiGWmoEQRsxeCMxJU.jpg\",\"role\":\"\",\"width\":450,\"credit\":\"Miracle-Gro\",\"alt\":\"Miracle-Gro Potting Mix, for Indoor or Outdoor Potted Plants, Flowers, Shrubs, 25 Qt.\",\"caption\":\"\"},\"link\":{\"url\":\"https:\/\/goto.walmart.com\/c\/1943169\/568844\/9383?subId1=hawk-custom-tracking&amp;sharedId=hawk-prefix&amp;u=https%3A%2F%2Fwww.walmart.com%2Fip%2FMG-POTTING-MIX%2F693067346%3FclassType%3DVARIANT%26athbdg%3DL1102%26from%3D%2Fsearch\",\"linkText\":\"\",\"editorialMerchantName\":\"\",\"merchantName\":\"Walmart\",\"merchantId\":108180,\"merchantNetwork\":\"ImpactRadfutureusLlc\",\"merchantUrl\":\"walmart.com\"},\"noAffiliateTracking\":false,\"linkMerchant\":\"Walmart\"},{\"modelName\":\"Rooting Powder\",\"productName\":\"Rooting Powder\",\"productDescription\":\"\",\"brand\":null,\"price\":\"7.99\",\"wasPrice\":null,\"currency\":\"USD\",\"review\":{\"rating\":0,\"pros\":(),\"cons\":()},\"label\":\"\",\"image\":{\"copyright\":\"\",\"height\":500,\"id\":\"GvWcgx5i654baBtkGoAgrD\",\"mimeType\":\"image\/jpeg\",\"mos\":\"https:\/\/cdn.mos.cms.futurecdn.net\/GvWcgx5i654baBtkGoAgrD.jpg\",\"role\":\"\",\"width\":500,\"credit\":\"Bonide\",\"alt\":\"Bonide Bontone Ii Rooting Powder, 1.25 Oz Ready-To-Use Dust for Houseplants and Transplants Speeds Root Development\",\"caption\":\"\"},\"link\":{\"url\":\"https:\/\/target.georiot.com\/Proxy.ashx?tsid=107655&amp;GR_URL=https%3A%2F%2Famazon.com%2FBonide-BND925-Bontone-Rooting-Fertilizer%2Fdp%2FB000BX1HGC%3Ftag%3Dftr-homesandgardens-us-20%26ascsubtag%3Dhawk-custom-tracking-20\",\"linkText\":\"\",\"editorialMerchantName\":\"\",\"merchantName\":\"Amazon US\",\"merchantId\":1471,\"merchantNetwork\":\"Amazonus\",\"merchantUrl\":\"amazon.com\"},\"noAffiliateTracking\":false,\"linkMerchant\":\"Amazon US\"})}}' data-model-name=\"Fiskars Micro-Tip Pruning Snips,Portable Greenhouse,Miracle-Gro Potting Mix,Rooting Powder\" data-render-type=\"fte\" data-source-blocks=\"featured-products\" data-widget-type=\"collection\" class=\"ecom-root\">\n<div class=\"hawk-collection-collection-container\">\n<div class=\"hawk-collection-collection-grid\">\n<div>\n<div class=\"hawk-hawk-x-metadata-metadata-wrapper\">\n<div class=\"hawk-collection-card-card\">\n<div class=\"hawk-collection-card-shadow\">\n<figure class=\"hawk-collection-card-info-figure\"><img decoding=\"async\" src=\"https:\/\/www.strassenweb.de\/nachrichten\/wp-content\/uploads\/2026\/09\/mQdwwofmNS6wGpcnKJwi99-500-80.jpg\" alt=\"Fiskars Gartenschere mit Mikrospitze\" class=\"hawk-collection-card-info-image\"><\/figure>\n<div class=\"hawk-collection-card-info-card-content\">\n<div class=\"hawk-collection-card-info-details\">\n<div class=\"hawk-collection-card-info-title\">  Fiskars Gartenschere mit Mikrospitze<\/div>\n<\/div>\n<div>\n<div class=\"hawk-collection-card-info-price-at-merchant\">\n<div class=\"hawk-collection-card-info-merchant-name\" title=\"Amazon US\">Amazon USA<\/div>\n<div class=\"hawk-collection-card-info-prices\"><span class=\"\">12,89 $<\/span><\/div>\n<\/div>\n<p><button type=\"button\" class=\"hawk-cta-button-cta-button\">Jetzt einkaufen<\/button><\/div>\n<\/div>\n<\/div>\n<div class=\"hawk-collection-card-view-details-container\"><\/div>\n<\/div>\n<\/div>\n<\/div>\n<div>\n<div class=\"hawk-hawk-x-metadata-metadata-wrapper\">\n<div class=\"hawk-collection-card-card\">\n<div class=\"hawk-collection-card-shadow\">\n<figure class=\"hawk-collection-card-info-figure\"><img decoding=\"async\" src=\"https:\/\/www.strassenweb.de\/nachrichten\/wp-content\/uploads\/2026\/09\/FqXoqsbBV6FPw3hjjk7SDb-500-80.jpg\" alt=\"Tragbares Gew\u00e4chshaus \" class=\"hawk-collection-card-info-image\"><\/figure>\n<div class=\"hawk-collection-card-info-discount\">10 % RABATT<\/div>\n<div class=\"hawk-collection-card-info-card-content\">\n<div class=\"hawk-collection-card-info-details\">\n<div class=\"hawk-collection-card-info-title\">  Tragbares Gew\u00e4chshaus <\/div>\n<\/div>\n<div>\n<div class=\"hawk-collection-card-info-price-at-merchant\">\n<div class=\"hawk-collection-card-info-merchant-name\" title=\"Walmart\">Walmart<\/div>\n<div class=\"hawk-collection-card-info-prices\"><span class=\"hawk-collection-card-info-discounted-price\">35,92 $<\/span><span class=\"hawk-collection-card-info-was-price\">39,95 $<\/span><\/div>\n<\/div>\n<p><button type=\"button\" class=\"hawk-cta-button-cta-button\">Jetzt einkaufen<\/button><\/div>\n<\/div>\n<\/div>\n<div class=\"hawk-collection-card-view-details-container\"><\/div>\n<\/div>\n<\/div>\n<\/div>\n<div>\n<div class=\"hawk-hawk-x-metadata-metadata-wrapper\">\n<div class=\"hawk-collection-card-card\">\n<div class=\"hawk-collection-card-shadow\">\n<figure class=\"hawk-collection-card-info-figure\"><img decoding=\"async\" src=\"https:\/\/www.strassenweb.de\/nachrichten\/wp-content\/uploads\/2026\/09\/fm3DMPiGWmoEQRsxeCMxJU-500-80.jpg\" alt=\"Miracle-Gro-Blumenerde\" class=\"hawk-collection-card-info-image\"><\/figure>\n<div class=\"hawk-collection-card-info-discount\">36 % RABATT<\/div>\n<div class=\"hawk-collection-card-info-card-content\">\n<div class=\"hawk-collection-card-info-details\">\n<div class=\"hawk-collection-card-info-title\">  Miracle-Gro-Blumenerde<\/div>\n<\/div>\n<div>\n<div class=\"hawk-collection-card-info-price-at-merchant\">\n<div class=\"hawk-collection-card-info-merchant-name\" title=\"Walmart\">Walmart<\/div>\n<div class=\"hawk-collection-card-info-prices\"><span class=\"hawk-collection-card-info-discounted-price\">8 $<\/span><span class=\"hawk-collection-card-info-was-price\">12,49 $<\/span><\/div>\n<\/div>\n<p><button type=\"button\" class=\"hawk-cta-button-cta-button\">Jetzt einkaufen<\/button><\/div>\n<\/div>\n<\/div>\n<div class=\"hawk-collection-card-view-details-container\"><\/div>\n<\/div>\n<\/div>\n<\/div>\n<div>\n<div class=\"hawk-hawk-x-metadata-metadata-wrapper\">\n<div class=\"hawk-collection-card-card\">\n<div class=\"hawk-collection-card-shadow\">\n<figure class=\"hawk-collection-card-info-figure\"><img decoding=\"async\" src=\"https:\/\/www.strassenweb.de\/nachrichten\/wp-content\/uploads\/2026\/09\/GvWcgx5i654baBtkGoAgrD-500-80.jpg\" alt=\"Wurzelpulver\" class=\"hawk-collection-card-info-image\"><\/figure>\n<div class=\"hawk-collection-card-info-card-content\">\n<div class=\"hawk-collection-card-info-details\">\n<div class=\"hawk-collection-card-info-title\">  Wurzelpulver<\/div>\n<\/div>\n<div>\n<div class=\"hawk-collection-card-info-price-at-merchant\">\n<div class=\"hawk-collection-card-info-merchant-name\" title=\"Amazon US\">Amazon USA<\/div>\n<div class=\"hawk-collection-card-info-prices\"><span class=\"\">7,99 $<\/span><\/div>\n<\/div>\n<p><button type=\"button\" class=\"hawk-cta-button-cta-button\">Jetzt einkaufen<\/button><\/div>\n<\/div>\n<\/div>\n<div class=\"hawk-collection-card-view-details-container\"><\/div>\n<\/div>\n<\/div>\n<\/div>\n<\/div>\n<\/div>\n<\/aside>\n<hr id=\"elk-2f15c8b4-a6b3-11f1-8ccb-2784403acdf4\">\n<p id=\"elk-2f15c90e-a6b3-11f1-bab4-5fa037c2be72\">Es bleiben noch ein paar Wochen, bis Ihre Geranien durch das Abschneiden der Bl\u00fctenbl\u00e4tter bl\u00fchen. Das Wichtigste, was Sie tun m\u00fcssen, ist, die Wettervorhersage f\u00fcr bevorstehende Frosttermine vor Ort im Auge zu behalten und sicherzustellen, dass Ihre Geranien entsprechend gesch\u00fctzt sind.<\/p>\n<p>Wenn Sie inspirierende Gartenideen, Outdoor-Ratschl\u00e4ge und die neuesten Nachrichten lieben, warum nicht <u>Melden Sie sich f\u00fcr unseren Newsletter an <\/u>und die neuesten Funktionen direkt in Ihren Posteingang geliefert bekommen?<\/p>\n<\/div>\n<p><script async src=\"https:\/\/platform.twitter.com\/widgets.js\" charset=\"utf-8\"><\/script><\/p>\n","protected":false},"excerpt":{"rendered":"<p>Aktie Link kopieren Facebook X WhatsApp Pinterest Teilen Sie diesen Artikel Beteiligen Sie sich an der Unterhaltung Folgen Sie uns F\u00fcgen Sie uns als bevorzugte<\/p>\n","protected":false},"author":1,"featured_media":16702,"comment_status":"closed","ping_status":"","sticky":false,"template":"","format":"standard","meta":{"footnotes":""},"categories":[118],"tags":[1991,46,1869,598,78,9,466,1400,17241,384,301,2490,61,92,165,560,553,1011,2667,1076],"class_list":["post-16701","post","type-post","status-publish","format-standard","has-post-thumbnail","hentry","category-haus-garten","tag-anbauen","tag-auf","tag-bluehen","tag-damit","tag-den","tag-die","tag-dinge","tag-frost","tag-geranien","tag-jahr","tag-mehr","tag-naechsten","tag-nicht","tag-september","tag-sie","tag-sollten","tag-tun","tag-vorzubereiten","tag-warten","tag-wenn","generate-columns","tablet-grid-50","mobile-grid-100","grid-parent","grid-50"],"yoast_head":"<!-- This site is optimized with the Yoast SEO plugin v27.3 - https:\/\/yoast.com\/product\/yoast-seo-wordpress\/ -->\n<title>Wenn Sie Geranien anbauen, sollten Sie nicht damit warten, sie auf den Frost vorzubereiten \u2013 5 Dinge, die Sie im September tun sollten, damit sie im n\u00e4chsten Jahr mehr bl\u00fchen - Nachrichten - Stra\u00dfenweb<\/title>\n<meta name=\"robots\" content=\"index, follow, max-snippet:-1, max-image-preview:large, max-video-preview:-1\" \/>\n<link rel=\"canonical\" href=\"https:\/\/www.strassenweb.de\/nachrichten\/wenn-sie-geranien-anbauen-sollten-sie-nicht-damit-warten-sie-auf-den-frost-vorzubereiten-5-dinge-die-sie-im-september-tun-sollten-damit-sie-im-naechsten-jahr-mehr-bluehen\/\" \/>\n<meta property=\"og:locale\" content=\"de_DE\" \/>\n<meta property=\"og:type\" content=\"article\" \/>\n<meta property=\"og:title\" content=\"Wenn Sie Geranien anbauen, sollten Sie nicht damit warten, sie auf den Frost vorzubereiten \u2013 5 Dinge, die Sie im September tun sollten, damit sie im n\u00e4chsten Jahr mehr bl\u00fchen - Nachrichten - Stra\u00dfenweb\" \/>\n<meta property=\"og:description\" content=\"Aktie Link kopieren Facebook X WhatsApp Pinterest Teilen Sie diesen Artikel Beteiligen Sie sich an der Unterhaltung Folgen Sie uns F\u00fcgen Sie uns als bevorzugte\" \/>\n<meta property=\"og:url\" content=\"https:\/\/www.strassenweb.de\/nachrichten\/wenn-sie-geranien-anbauen-sollten-sie-nicht-damit-warten-sie-auf-den-frost-vorzubereiten-5-dinge-die-sie-im-september-tun-sollten-damit-sie-im-naechsten-jahr-mehr-bluehen\/\" \/>\n<meta property=\"og:site_name\" content=\"Stra\u00dfenweb\" \/>\n<meta property=\"article:publisher\" content=\"https:\/\/www.facebook.com\/strassenweb\/\" \/>\n<meta property=\"article:published_time\" content=\"2026-09-03T03:41:08+00:00\" \/>\n<meta property=\"article:modified_time\" content=\"2026-09-03T03:41:20+00:00\" \/>\n<meta property=\"og:image\" content=\"https:\/\/www.strassenweb.de\/nachrichten\/wp-content\/uploads\/2026\/09\/Wenn-Sie-Geranien-anbauen-sollten-Sie-nicht-damit-warten-sie.jpg\" \/>\n\t<meta property=\"og:image:width\" content=\"2560\" \/>\n\t<meta property=\"og:image:height\" content=\"1440\" \/>\n\t<meta property=\"og:image:type\" content=\"image\/jpeg\" \/>\n<meta name=\"author\" content=\"Robert Hoffmann\" \/>\n<meta name=\"twitter:card\" content=\"summary_large_image\" \/>\n<meta name=\"twitter:label1\" content=\"Verfasst von\" \/>\n\t<meta name=\"twitter:data1\" content=\"Robert Hoffmann\" \/>\n\t<meta name=\"twitter:label2\" content=\"Gesch\u00e4tzte Lesezeit\" \/>\n\t<meta name=\"twitter:data2\" content=\"6\u00a0Minuten\" \/>\n<script type=\"application\/ld+json\" class=\"yoast-schema-graph\">{\"@context\":\"https:\\\/\\\/schema.org\",\"@graph\":[{\"@type\":\"Article\",\"@id\":\"https:\\\/\\\/www.strassenweb.de\\\/nachrichten\\\/wenn-sie-geranien-anbauen-sollten-sie-nicht-damit-warten-sie-auf-den-frost-vorzubereiten-5-dinge-die-sie-im-september-tun-sollten-damit-sie-im-naechsten-jahr-mehr-bluehen\\\/#article\",\"isPartOf\":{\"@id\":\"https:\\\/\\\/www.strassenweb.de\\\/nachrichten\\\/wenn-sie-geranien-anbauen-sollten-sie-nicht-damit-warten-sie-auf-den-frost-vorzubereiten-5-dinge-die-sie-im-september-tun-sollten-damit-sie-im-naechsten-jahr-mehr-bluehen\\\/\"},\"author\":{\"name\":\"Robert Hoffmann\",\"@id\":\"https:\\\/\\\/www.strassenweb.de\\\/nachrichten\\\/#\\\/schema\\\/person\\\/87c9c9067f1211da429a744dc5a5aa41\"},\"headline\":\"Wenn Sie Geranien anbauen, sollten Sie nicht damit warten, sie auf den Frost vorzubereiten \u2013 5 Dinge, die Sie im September tun sollten, damit sie im n\u00e4chsten Jahr mehr bl\u00fchen\",\"datePublished\":\"2026-09-03T03:41:08+00:00\",\"dateModified\":\"2026-09-03T03:41:20+00:00\",\"mainEntityOfPage\":{\"@id\":\"https:\\\/\\\/www.strassenweb.de\\\/nachrichten\\\/wenn-sie-geranien-anbauen-sollten-sie-nicht-damit-warten-sie-auf-den-frost-vorzubereiten-5-dinge-die-sie-im-september-tun-sollten-damit-sie-im-naechsten-jahr-mehr-bluehen\\\/\"},\"wordCount\":1227,\"publisher\":{\"@id\":\"https:\\\/\\\/www.strassenweb.de\\\/nachrichten\\\/#organization\"},\"image\":{\"@id\":\"https:\\\/\\\/www.strassenweb.de\\\/nachrichten\\\/wenn-sie-geranien-anbauen-sollten-sie-nicht-damit-warten-sie-auf-den-frost-vorzubereiten-5-dinge-die-sie-im-september-tun-sollten-damit-sie-im-naechsten-jahr-mehr-bluehen\\\/#primaryimage\"},\"thumbnailUrl\":\"https:\\\/\\\/www.strassenweb.de\\\/nachrichten\\\/wp-content\\\/uploads\\\/2026\\\/09\\\/Wenn-Sie-Geranien-anbauen-sollten-Sie-nicht-damit-warten-sie.jpg\",\"keywords\":[\"anbauen\",\"auf\",\"bl\u00fchen\",\"damit\",\"den\",\"die\",\"Dinge\",\"Frost\",\"Geranien\",\"Jahr\",\"mehr\",\"n\u00e4chsten\",\"nicht\",\"September\",\"Sie\",\"sollten\",\"tun\",\"vorzubereiten\",\"warten\",\"wenn\"],\"articleSection\":[\"Haus &amp; Garten\"],\"inLanguage\":\"de\"},{\"@type\":\"WebPage\",\"@id\":\"https:\\\/\\\/www.strassenweb.de\\\/nachrichten\\\/wenn-sie-geranien-anbauen-sollten-sie-nicht-damit-warten-sie-auf-den-frost-vorzubereiten-5-dinge-die-sie-im-september-tun-sollten-damit-sie-im-naechsten-jahr-mehr-bluehen\\\/\",\"url\":\"https:\\\/\\\/www.strassenweb.de\\\/nachrichten\\\/wenn-sie-geranien-anbauen-sollten-sie-nicht-damit-warten-sie-auf-den-frost-vorzubereiten-5-dinge-die-sie-im-september-tun-sollten-damit-sie-im-naechsten-jahr-mehr-bluehen\\\/\",\"name\":\"Wenn Sie Geranien anbauen, sollten Sie nicht damit warten, sie auf den Frost vorzubereiten \u2013 5 Dinge, die Sie im September tun sollten, damit sie im n\u00e4chsten Jahr mehr bl\u00fchen - Nachrichten - Stra\u00dfenweb\",\"isPartOf\":{\"@id\":\"https:\\\/\\\/www.strassenweb.de\\\/nachrichten\\\/#website\"},\"primaryImageOfPage\":{\"@id\":\"https:\\\/\\\/www.strassenweb.de\\\/nachrichten\\\/wenn-sie-geranien-anbauen-sollten-sie-nicht-damit-warten-sie-auf-den-frost-vorzubereiten-5-dinge-die-sie-im-september-tun-sollten-damit-sie-im-naechsten-jahr-mehr-bluehen\\\/#primaryimage\"},\"image\":{\"@id\":\"https:\\\/\\\/www.strassenweb.de\\\/nachrichten\\\/wenn-sie-geranien-anbauen-sollten-sie-nicht-damit-warten-sie-auf-den-frost-vorzubereiten-5-dinge-die-sie-im-september-tun-sollten-damit-sie-im-naechsten-jahr-mehr-bluehen\\\/#primaryimage\"},\"thumbnailUrl\":\"https:\\\/\\\/www.strassenweb.de\\\/nachrichten\\\/wp-content\\\/uploads\\\/2026\\\/09\\\/Wenn-Sie-Geranien-anbauen-sollten-Sie-nicht-damit-warten-sie.jpg\",\"datePublished\":\"2026-09-03T03:41:08+00:00\",\"dateModified\":\"2026-09-03T03:41:20+00:00\",\"breadcrumb\":{\"@id\":\"https:\\\/\\\/www.strassenweb.de\\\/nachrichten\\\/wenn-sie-geranien-anbauen-sollten-sie-nicht-damit-warten-sie-auf-den-frost-vorzubereiten-5-dinge-die-sie-im-september-tun-sollten-damit-sie-im-naechsten-jahr-mehr-bluehen\\\/#breadcrumb\"},\"inLanguage\":\"de\",\"potentialAction\":[{\"@type\":\"ReadAction\",\"target\":[\"https:\\\/\\\/www.strassenweb.de\\\/nachrichten\\\/wenn-sie-geranien-anbauen-sollten-sie-nicht-damit-warten-sie-auf-den-frost-vorzubereiten-5-dinge-die-sie-im-september-tun-sollten-damit-sie-im-naechsten-jahr-mehr-bluehen\\\/\"]}]},{\"@type\":\"ImageObject\",\"inLanguage\":\"de\",\"@id\":\"https:\\\/\\\/www.strassenweb.de\\\/nachrichten\\\/wenn-sie-geranien-anbauen-sollten-sie-nicht-damit-warten-sie-auf-den-frost-vorzubereiten-5-dinge-die-sie-im-september-tun-sollten-damit-sie-im-naechsten-jahr-mehr-bluehen\\\/#primaryimage\",\"url\":\"https:\\\/\\\/www.strassenweb.de\\\/nachrichten\\\/wp-content\\\/uploads\\\/2026\\\/09\\\/Wenn-Sie-Geranien-anbauen-sollten-Sie-nicht-damit-warten-sie.jpg\",\"contentUrl\":\"https:\\\/\\\/www.strassenweb.de\\\/nachrichten\\\/wp-content\\\/uploads\\\/2026\\\/09\\\/Wenn-Sie-Geranien-anbauen-sollten-Sie-nicht-damit-warten-sie.jpg\",\"width\":2560,\"height\":1440,\"caption\":\"Wenn Sie Geranien anbauen, sollten Sie nicht damit warten, sie auf den Frost vorzubereiten \u2013 5 Dinge, die Sie im September tun sollten, damit sie im n\u00e4chsten Jahr mehr bl\u00fchen\"},{\"@type\":\"BreadcrumbList\",\"@id\":\"https:\\\/\\\/www.strassenweb.de\\\/nachrichten\\\/wenn-sie-geranien-anbauen-sollten-sie-nicht-damit-warten-sie-auf-den-frost-vorzubereiten-5-dinge-die-sie-im-september-tun-sollten-damit-sie-im-naechsten-jahr-mehr-bluehen\\\/#breadcrumb\",\"itemListElement\":[{\"@type\":\"ListItem\",\"position\":1,\"name\":\"Home\",\"item\":\"https:\\\/\\\/www.strassenweb.de\\\/nachrichten\\\/\"},{\"@type\":\"ListItem\",\"position\":2,\"name\":\"Wenn Sie Geranien anbauen, sollten Sie nicht damit warten, sie auf den Frost vorzubereiten \u2013 5 Dinge, die Sie im September tun sollten, damit sie im n\u00e4chsten Jahr mehr bl\u00fchen\"}]},{\"@type\":\"WebSite\",\"@id\":\"https:\\\/\\\/www.strassenweb.de\\\/nachrichten\\\/#website\",\"url\":\"https:\\\/\\\/www.strassenweb.de\\\/nachrichten\\\/\",\"name\":\"Stra\u00dfenweb\",\"description\":\"Stra\u00dfenverzeichnis f\u00fcr Deutschland\",\"publisher\":{\"@id\":\"https:\\\/\\\/www.strassenweb.de\\\/nachrichten\\\/#organization\"},\"potentialAction\":[{\"@type\":\"SearchAction\",\"target\":{\"@type\":\"EntryPoint\",\"urlTemplate\":\"https:\\\/\\\/www.strassenweb.de\\\/nachrichten\\\/?s={search_term_string}\"},\"query-input\":{\"@type\":\"PropertyValueSpecification\",\"valueRequired\":true,\"valueName\":\"search_term_string\"}}],\"inLanguage\":\"de\"},{\"@type\":\"Organization\",\"@id\":\"https:\\\/\\\/www.strassenweb.de\\\/nachrichten\\\/#organization\",\"name\":\"Stra\u00dfenweb\",\"url\":\"https:\\\/\\\/www.strassenweb.de\\\/nachrichten\\\/\",\"logo\":{\"@type\":\"ImageObject\",\"inLanguage\":\"de\",\"@id\":\"https:\\\/\\\/www.strassenweb.de\\\/nachrichten\\\/#\\\/schema\\\/logo\\\/image\\\/\",\"url\":\"https:\\\/\\\/www.strassenweb.de\\\/nachrichten\\\/wp-content\\\/uploads\\\/2024\\\/09\\\/cropped-favicon.png\",\"contentUrl\":\"https:\\\/\\\/www.strassenweb.de\\\/nachrichten\\\/wp-content\\\/uploads\\\/2024\\\/09\\\/cropped-favicon.png\",\"width\":512,\"height\":512,\"caption\":\"Stra\u00dfenweb\"},\"image\":{\"@id\":\"https:\\\/\\\/www.strassenweb.de\\\/nachrichten\\\/#\\\/schema\\\/logo\\\/image\\\/\"},\"sameAs\":[\"https:\\\/\\\/www.facebook.com\\\/strassenweb\\\/\"]},{\"@type\":\"Person\",\"@id\":\"https:\\\/\\\/www.strassenweb.de\\\/nachrichten\\\/#\\\/schema\\\/person\\\/87c9c9067f1211da429a744dc5a5aa41\",\"name\":\"Robert Hoffmann\",\"image\":{\"@type\":\"ImageObject\",\"inLanguage\":\"de\",\"@id\":\"https:\\\/\\\/www.strassenweb.de\\\/nachrichten\\\/wp-content\\\/uploads\\\/2024\\\/09\\\/strassenweb-150x150.jpg\",\"url\":\"https:\\\/\\\/www.strassenweb.de\\\/nachrichten\\\/wp-content\\\/uploads\\\/2024\\\/09\\\/strassenweb-150x150.jpg\",\"contentUrl\":\"https:\\\/\\\/www.strassenweb.de\\\/nachrichten\\\/wp-content\\\/uploads\\\/2024\\\/09\\\/strassenweb-150x150.jpg\",\"caption\":\"Robert Hoffmann\"},\"description\":\"Ich hei\u00dfe Robert Hoffmann und ich bin ein leidenschaftlicher Verfechter von \u00d6kologie und Biodiversit\u00e4t. Seit meiner Kindheit in den W\u00e4ldern Bayerns f\u00fchle ich mich mit der Natur verbunden und bin entschlossen, sie zu sch\u00fctzen. Heute widme ich mein Leben der Sensibilisierung anderer f\u00fcr die Bedeutung des Umweltschutzes f\u00fcr zuk\u00fcnftige Generationen.\",\"sameAs\":[\"https:\\\/\\\/www.strassenweb.de\\\/\"]}]}<\/script>\n<!-- \/ Yoast SEO plugin. -->","yoast_head_json":{"title":"Wenn Sie Geranien anbauen, sollten Sie nicht damit warten, sie auf den Frost vorzubereiten \u2013 5 Dinge, die Sie im September tun sollten, damit sie im n\u00e4chsten Jahr mehr bl\u00fchen - Nachrichten - Stra\u00dfenweb","robots":{"index":"index","follow":"follow","max-snippet":"max-snippet:-1","max-image-preview":"max-image-preview:large","max-video-preview":"max-video-preview:-1"},"canonical":"https:\/\/www.strassenweb.de\/nachrichten\/wenn-sie-geranien-anbauen-sollten-sie-nicht-damit-warten-sie-auf-den-frost-vorzubereiten-5-dinge-die-sie-im-september-tun-sollten-damit-sie-im-naechsten-jahr-mehr-bluehen\/","og_locale":"de_DE","og_type":"article","og_title":"Wenn Sie Geranien anbauen, sollten Sie nicht damit warten, sie auf den Frost vorzubereiten \u2013 5 Dinge, die Sie im September tun sollten, damit sie im n\u00e4chsten Jahr mehr bl\u00fchen - Nachrichten - Stra\u00dfenweb","og_description":"Aktie Link kopieren Facebook X WhatsApp Pinterest Teilen Sie diesen Artikel Beteiligen Sie sich an der Unterhaltung Folgen Sie uns F\u00fcgen Sie uns als bevorzugte","og_url":"https:\/\/www.strassenweb.de\/nachrichten\/wenn-sie-geranien-anbauen-sollten-sie-nicht-damit-warten-sie-auf-den-frost-vorzubereiten-5-dinge-die-sie-im-september-tun-sollten-damit-sie-im-naechsten-jahr-mehr-bluehen\/","og_site_name":"Stra\u00dfenweb","article_publisher":"https:\/\/www.facebook.com\/strassenweb\/","article_published_time":"2026-09-03T03:41:08+00:00","article_modified_time":"2026-09-03T03:41:20+00:00","og_image":[{"width":2560,"height":1440,"url":"https:\/\/www.strassenweb.de\/nachrichten\/wp-content\/uploads\/2026\/09\/Wenn-Sie-Geranien-anbauen-sollten-Sie-nicht-damit-warten-sie.jpg","type":"image\/jpeg"}],"author":"Robert Hoffmann","twitter_card":"summary_large_image","twitter_misc":{"Verfasst von":"Robert Hoffmann","Gesch\u00e4tzte Lesezeit":"6\u00a0Minuten"},"schema":{"@context":"https:\/\/schema.org","@graph":[{"@type":"Article","@id":"https:\/\/www.strassenweb.de\/nachrichten\/wenn-sie-geranien-anbauen-sollten-sie-nicht-damit-warten-sie-auf-den-frost-vorzubereiten-5-dinge-die-sie-im-september-tun-sollten-damit-sie-im-naechsten-jahr-mehr-bluehen\/#article","isPartOf":{"@id":"https:\/\/www.strassenweb.de\/nachrichten\/wenn-sie-geranien-anbauen-sollten-sie-nicht-damit-warten-sie-auf-den-frost-vorzubereiten-5-dinge-die-sie-im-september-tun-sollten-damit-sie-im-naechsten-jahr-mehr-bluehen\/"},"author":{"name":"Robert Hoffmann","@id":"https:\/\/www.strassenweb.de\/nachrichten\/#\/schema\/person\/87c9c9067f1211da429a744dc5a5aa41"},"headline":"Wenn Sie Geranien anbauen, sollten Sie nicht damit warten, sie auf den Frost vorzubereiten \u2013 5 Dinge, die Sie im September tun sollten, damit sie im n\u00e4chsten Jahr mehr bl\u00fchen","datePublished":"2026-09-03T03:41:08+00:00","dateModified":"2026-09-03T03:41:20+00:00","mainEntityOfPage":{"@id":"https:\/\/www.strassenweb.de\/nachrichten\/wenn-sie-geranien-anbauen-sollten-sie-nicht-damit-warten-sie-auf-den-frost-vorzubereiten-5-dinge-die-sie-im-september-tun-sollten-damit-sie-im-naechsten-jahr-mehr-bluehen\/"},"wordCount":1227,"publisher":{"@id":"https:\/\/www.strassenweb.de\/nachrichten\/#organization"},"image":{"@id":"https:\/\/www.strassenweb.de\/nachrichten\/wenn-sie-geranien-anbauen-sollten-sie-nicht-damit-warten-sie-auf-den-frost-vorzubereiten-5-dinge-die-sie-im-september-tun-sollten-damit-sie-im-naechsten-jahr-mehr-bluehen\/#primaryimage"},"thumbnailUrl":"https:\/\/www.strassenweb.de\/nachrichten\/wp-content\/uploads\/2026\/09\/Wenn-Sie-Geranien-anbauen-sollten-Sie-nicht-damit-warten-sie.jpg","keywords":["anbauen","auf","bl\u00fchen","damit","den","die","Dinge","Frost","Geranien","Jahr","mehr","n\u00e4chsten","nicht","September","Sie","sollten","tun","vorzubereiten","warten","wenn"],"articleSection":["Haus &amp; Garten"],"inLanguage":"de"},{"@type":"WebPage","@id":"https:\/\/www.strassenweb.de\/nachrichten\/wenn-sie-geranien-anbauen-sollten-sie-nicht-damit-warten-sie-auf-den-frost-vorzubereiten-5-dinge-die-sie-im-september-tun-sollten-damit-sie-im-naechsten-jahr-mehr-bluehen\/","url":"https:\/\/www.strassenweb.de\/nachrichten\/wenn-sie-geranien-anbauen-sollten-sie-nicht-damit-warten-sie-auf-den-frost-vorzubereiten-5-dinge-die-sie-im-september-tun-sollten-damit-sie-im-naechsten-jahr-mehr-bluehen\/","name":"Wenn Sie Geranien anbauen, sollten Sie nicht damit warten, sie auf den Frost vorzubereiten \u2013 5 Dinge, die Sie im September tun sollten, damit sie im n\u00e4chsten Jahr mehr bl\u00fchen - Nachrichten - Stra\u00dfenweb","isPartOf":{"@id":"https:\/\/www.strassenweb.de\/nachrichten\/#website"},"primaryImageOfPage":{"@id":"https:\/\/www.strassenweb.de\/nachrichten\/wenn-sie-geranien-anbauen-sollten-sie-nicht-damit-warten-sie-auf-den-frost-vorzubereiten-5-dinge-die-sie-im-september-tun-sollten-damit-sie-im-naechsten-jahr-mehr-bluehen\/#primaryimage"},"image":{"@id":"https:\/\/www.strassenweb.de\/nachrichten\/wenn-sie-geranien-anbauen-sollten-sie-nicht-damit-warten-sie-auf-den-frost-vorzubereiten-5-dinge-die-sie-im-september-tun-sollten-damit-sie-im-naechsten-jahr-mehr-bluehen\/#primaryimage"},"thumbnailUrl":"https:\/\/www.strassenweb.de\/nachrichten\/wp-content\/uploads\/2026\/09\/Wenn-Sie-Geranien-anbauen-sollten-Sie-nicht-damit-warten-sie.jpg","datePublished":"2026-09-03T03:41:08+00:00","dateModified":"2026-09-03T03:41:20+00:00","breadcrumb":{"@id":"https:\/\/www.strassenweb.de\/nachrichten\/wenn-sie-geranien-anbauen-sollten-sie-nicht-damit-warten-sie-auf-den-frost-vorzubereiten-5-dinge-die-sie-im-september-tun-sollten-damit-sie-im-naechsten-jahr-mehr-bluehen\/#breadcrumb"},"inLanguage":"de","potentialAction":[{"@type":"ReadAction","target":["https:\/\/www.strassenweb.de\/nachrichten\/wenn-sie-geranien-anbauen-sollten-sie-nicht-damit-warten-sie-auf-den-frost-vorzubereiten-5-dinge-die-sie-im-september-tun-sollten-damit-sie-im-naechsten-jahr-mehr-bluehen\/"]}]},{"@type":"ImageObject","inLanguage":"de","@id":"https:\/\/www.strassenweb.de\/nachrichten\/wenn-sie-geranien-anbauen-sollten-sie-nicht-damit-warten-sie-auf-den-frost-vorzubereiten-5-dinge-die-sie-im-september-tun-sollten-damit-sie-im-naechsten-jahr-mehr-bluehen\/#primaryimage","url":"https:\/\/www.strassenweb.de\/nachrichten\/wp-content\/uploads\/2026\/09\/Wenn-Sie-Geranien-anbauen-sollten-Sie-nicht-damit-warten-sie.jpg","contentUrl":"https:\/\/www.strassenweb.de\/nachrichten\/wp-content\/uploads\/2026\/09\/Wenn-Sie-Geranien-anbauen-sollten-Sie-nicht-damit-warten-sie.jpg","width":2560,"height":1440,"caption":"Wenn Sie Geranien anbauen, sollten Sie nicht damit warten, sie auf den Frost vorzubereiten \u2013 5 Dinge, die Sie im September tun sollten, damit sie im n\u00e4chsten Jahr mehr bl\u00fchen"},{"@type":"BreadcrumbList","@id":"https:\/\/www.strassenweb.de\/nachrichten\/wenn-sie-geranien-anbauen-sollten-sie-nicht-damit-warten-sie-auf-den-frost-vorzubereiten-5-dinge-die-sie-im-september-tun-sollten-damit-sie-im-naechsten-jahr-mehr-bluehen\/#breadcrumb","itemListElement":[{"@type":"ListItem","position":1,"name":"Home","item":"https:\/\/www.strassenweb.de\/nachrichten\/"},{"@type":"ListItem","position":2,"name":"Wenn Sie Geranien anbauen, sollten Sie nicht damit warten, sie auf den Frost vorzubereiten \u2013 5 Dinge, die Sie im September tun sollten, damit sie im n\u00e4chsten Jahr mehr bl\u00fchen"}]},{"@type":"WebSite","@id":"https:\/\/www.strassenweb.de\/nachrichten\/#website","url":"https:\/\/www.strassenweb.de\/nachrichten\/","name":"Stra\u00dfenweb","description":"Stra\u00dfenverzeichnis f\u00fcr Deutschland","publisher":{"@id":"https:\/\/www.strassenweb.de\/nachrichten\/#organization"},"potentialAction":[{"@type":"SearchAction","target":{"@type":"EntryPoint","urlTemplate":"https:\/\/www.strassenweb.de\/nachrichten\/?s={search_term_string}"},"query-input":{"@type":"PropertyValueSpecification","valueRequired":true,"valueName":"search_term_string"}}],"inLanguage":"de"},{"@type":"Organization","@id":"https:\/\/www.strassenweb.de\/nachrichten\/#organization","name":"Stra\u00dfenweb","url":"https:\/\/www.strassenweb.de\/nachrichten\/","logo":{"@type":"ImageObject","inLanguage":"de","@id":"https:\/\/www.strassenweb.de\/nachrichten\/#\/schema\/logo\/image\/","url":"https:\/\/www.strassenweb.de\/nachrichten\/wp-content\/uploads\/2024\/09\/cropped-favicon.png","contentUrl":"https:\/\/www.strassenweb.de\/nachrichten\/wp-content\/uploads\/2024\/09\/cropped-favicon.png","width":512,"height":512,"caption":"Stra\u00dfenweb"},"image":{"@id":"https:\/\/www.strassenweb.de\/nachrichten\/#\/schema\/logo\/image\/"},"sameAs":["https:\/\/www.facebook.com\/strassenweb\/"]},{"@type":"Person","@id":"https:\/\/www.strassenweb.de\/nachrichten\/#\/schema\/person\/87c9c9067f1211da429a744dc5a5aa41","name":"Robert Hoffmann","image":{"@type":"ImageObject","inLanguage":"de","@id":"https:\/\/www.strassenweb.de\/nachrichten\/wp-content\/uploads\/2024\/09\/strassenweb-150x150.jpg","url":"https:\/\/www.strassenweb.de\/nachrichten\/wp-content\/uploads\/2024\/09\/strassenweb-150x150.jpg","contentUrl":"https:\/\/www.strassenweb.de\/nachrichten\/wp-content\/uploads\/2024\/09\/strassenweb-150x150.jpg","caption":"Robert Hoffmann"},"description":"Ich hei\u00dfe Robert Hoffmann und ich bin ein leidenschaftlicher Verfechter von \u00d6kologie und Biodiversit\u00e4t. Seit meiner Kindheit in den W\u00e4ldern Bayerns f\u00fchle ich mich mit der Natur verbunden und bin entschlossen, sie zu sch\u00fctzen. Heute widme ich mein Leben der Sensibilisierung anderer f\u00fcr die Bedeutung des Umweltschutzes f\u00fcr zuk\u00fcnftige Generationen.","sameAs":["https:\/\/www.strassenweb.de\/"]}]}},"_links":{"self":[{"href":"https:\/\/www.strassenweb.de\/nachrichten\/wp-json\/wp\/v2\/posts\/16701","targetHints":{"allow":["GET"]}}],"collection":[{"href":"https:\/\/www.strassenweb.de\/nachrichten\/wp-json\/wp\/v2\/posts"}],"about":[{"href":"https:\/\/www.strassenweb.de\/nachrichten\/wp-json\/wp\/v2\/types\/post"}],"author":[{"embeddable":true,"href":"https:\/\/www.strassenweb.de\/nachrichten\/wp-json\/wp\/v2\/users\/1"}],"replies":[{"embeddable":true,"href":"https:\/\/www.strassenweb.de\/nachrichten\/wp-json\/wp\/v2\/comments?post=16701"}],"version-history":[{"count":1,"href":"https:\/\/www.strassenweb.de\/nachrichten\/wp-json\/wp\/v2\/posts\/16701\/revisions"}],"predecessor-version":[{"id":16703,"href":"https:\/\/www.strassenweb.de\/nachrichten\/wp-json\/wp\/v2\/posts\/16701\/revisions\/16703"}],"wp:featuredmedia":[{"embeddable":true,"href":"https:\/\/www.strassenweb.de\/nachrichten\/wp-json\/wp\/v2\/media\/16702"}],"wp:attachment":[{"href":"https:\/\/www.strassenweb.de\/nachrichten\/wp-json\/wp\/v2\/media?parent=16701"}],"wp:term":[{"taxonomy":"category","embeddable":true,"href":"https:\/\/www.strassenweb.de\/nachrichten\/wp-json\/wp\/v2\/categories?post=16701"},{"taxonomy":"post_tag","embeddable":true,"href":"https:\/\/www.strassenweb.de\/nachrichten\/wp-json\/wp\/v2\/tags?post=16701"}],"curies":[{"name":"wp","href":"https:\/\/api.w.org\/{rel}","templated":true}]}}