{"id":1668,"date":"2024-11-20T08:47:05","date_gmt":"2024-11-20T07:47:05","guid":{"rendered":"https:\/\/www.strassenweb.de\/nachrichten\/wie-und-wann-sie-winterjasmin-duengen-sollten-vermeiden-sie-dass-ihre-pflanzen-durch-duengung-zum-falschen-zeitpunkt-geschaedigt-werden\/"},"modified":"2024-11-20T08:47:06","modified_gmt":"2024-11-20T07:47:06","slug":"wie-und-wann-sie-winterjasmin-duengen-sollten-vermeiden-sie-dass-ihre-pflanzen-durch-duengung-zum-falschen-zeitpunkt-geschaedigt-werden","status":"publish","type":"post","link":"https:\/\/www.strassenweb.de\/nachrichten\/wie-und-wann-sie-winterjasmin-duengen-sollten-vermeiden-sie-dass-ihre-pflanzen-durch-duengung-zum-falschen-zeitpunkt-geschaedigt-werden\/","title":{"rendered":"Wie und wann Sie Winterjasmin d\u00fcngen sollten \u2013 vermeiden Sie, dass Ihre Pflanzen durch D\u00fcngung zum falschen Zeitpunkt gesch\u00e4digt werden"},"content":{"rendered":"<p><\/p>\n<div id=\"article-body\" class=\"article__body \">\n<p>Winterjasmin, <em>Jasminum nudiflorum, <\/em>ist ein Laubstrauch, der in den Wintermonaten, wenn viele andere Pflanzen im Garten ruhen, goldgelbe Bl\u00fcten hervorbringt. Wenn das Wetter kalt und frostig ist, wird Ihnen der Anblick dieser sternf\u00f6rmigen Blumen in der Ecke Ihres Grundst\u00fccks sicherlich ein L\u00e4cheln ins Gesicht zaubern.<\/p>\n<div id=\"ad-unit-1\" class=\"ad-unit\"><\/div>\n<p>Die Pflege dieser Str\u00e4ucher ist relativ einfach, aber viele Menschen fragen sich, wann und wie man Winterjasmin d\u00fcngt, um die Bl\u00fcte zu maximieren. Das D\u00fcngen zur falschen Zeit kann Ihre Pflanze sch\u00e4digen. F\u00fcr den Pflanzenerfolg ist es entscheidend zu wissen, wann Sie d\u00fcngen sollten und wann nicht.<\/p>\n<p>Auch wenn Sie vielleicht wissen, wie man Winterjasmin anbaut, gibt es beim F\u00fcttern Ihres Strauchs bestimmte Regeln, die Sie beachten sollten. Hier geben wir Informationen zum richtigen Zeitpunkt und zum besten Ansatz f\u00fcr die D\u00fcngung von Winterjasmin, um das Beste aus Ihrer Pflanze herauszuholen.<\/p>\n<div id=\"desktop-in-article\" class=\"in-article ad-unit\">\n<div id=\"desktop-taboola-mid-article\"><\/div>\n<\/div>\n<div id=\"mobile-in-article\" class=\"in-article ad-unit\">\n<div id=\"mobile-taboola-mid-article\"><\/div>\n<\/div>\n<figure class=\"van-image-figure inline-layout \" data-bordeaux-image-check>\n<div class=\"image-full-width-wrapper\">\n<div class=\"image-widthsetter\" style=\"max-width:2400px;\"><\/div>\n<\/div>\n<\/figure>\n<h2 id=\"timing-is-everything-when-you-fertilize-winter-jasmine-3\">Bei der D\u00fcngung von Winterjasmin kommt es auf den richtigen Zeitpunkt an<\/h2>\n<aside class=\"hawk-nest\" data-block-type=\"embed\" data-render-type=\"fte\" data-skip=\"dealsy\" data-widget-type=\"seasonal\">\n<div class=\"hawk-master-widget-hawk-base-wrapper\"><\/div>\n<\/aside>\n<p>Winterjasmin kann in der Winterh\u00e4rtezone 6 der USA angebaut werden. Obwohl er in China beheimatet ist, w\u00e4chst er heute in weiten Teilen der Welt. Diese robuste Pflanze ist relativ autark, Sie k\u00f6nnen Ihre Pflanze jedoch mit D\u00fcnger st\u00e4rken. Der Trick besteht darin, den richtigen Zeitpunkt f\u00fcr die D\u00fcngung zu kennen, um die Pflanzenproduktivit\u00e4t zu verbessern, ohne sie zu sch\u00e4digen.<\/p>\n<div class=\"van_vid_carousel\">\n<div class=\"van_vid_carousel__padding\">\n<div class=\"van_vid_carousel__container\"><\/div>\n<\/div>\n<\/div>\n<h3 class=\"article-body__section\" id=\"section-when-to-fertilize-winter-jasmine\"><span>Wann sollte Winterjasmin ged\u00fcngt werden?<\/span><\/h3>\n<figure class=\"van-image-figure inline-layout \" data-bordeaux-image-check>\n<div class=\"image-full-width-wrapper\">\n<div class=\"image-widthsetter\" style=\"max-width:2400px;\"><\/div>\n<\/div>\n<\/figure>\n<p>\u201eDiese einfach anzubauende Pflanze ist in vielen G\u00e4rten in den USA ein Grundnahrungsmittel\u201c, sagt Jen McDonald, Gartenexpertin und Mitbegr\u00fcnderin von Garden Girls. \u201eIm Gegensatz zum Sternjasmin duften die Bl\u00fcten des Winterjasmins leider nicht, aber das schm\u00e4lert nicht die Besonderheit dieser Pflanze.\u201c Alles, was mitten im Winter bl\u00fcht, ist f\u00fcr mich ein Star!<\/p>\n<div id=\"ad-unit-2\" class=\"ad-unit\"><\/div>\n<p>\u201eNormalerweise bringt Winterjasmin im Dezember, Januar und Februar auff\u00e4llige gelbe Bl\u00fcten hervor\u201c, f\u00fcgt Jen hinzu, \u201eund obwohl Sie vielleicht denken, dass eine D\u00fcngung zu diesem Zeitpunkt die Bl\u00fcte f\u00f6rdert, w\u00e4re das ein Fehler.\u201c<\/p>\n<p>Tats\u00e4chlich ist die F\u00fctterung im Winter, wie Jen sagt, nicht der richtige Ansatz f\u00fcr Winterjasmin. Das D\u00fcngen zum falschen Zeitpunkt ist ein h\u00e4ufiger Fehler, den Sie beim D\u00fcngen vermeiden sollten, da es keine gro\u00dfe Wirkung hat und Ihre Pflanze sogar sch\u00e4digen kann.<\/p>\n<p>Stattdessen ist der optimale Zeitpunkt f\u00fcr die F\u00fctterung dieser Pflanze das Fr\u00fchjahr, nach der Bl\u00fcte. Wenn Sie Ihrer Pflanze zu diesem Zeitpunkt einen Schub geben, tr\u00e4gt dies dazu bei, dass sie im folgenden Jahr eine sch\u00f6ne Bl\u00fctenpracht hervorbringt. Auch wenn dies kontraintuitiv erscheinen mag oder weit in der Zukunft liegt, ist die F\u00fctterung im Fr\u00fchjahr der beste Ansatz.<\/p>\n<h3 class=\"article-body__section\" id=\"section-how-to-fertilize-winter-jasmine\"><span>So d\u00fcngen Sie Winterjasmin<\/span><\/h3>\n<figure class=\"van-image-figure inline-layout \" data-bordeaux-image-check>\n<div class=\"image-full-width-wrapper\">\n<div class=\"image-widthsetter\" style=\"max-width:2400px;\"><\/div>\n<\/div>\n<\/figure>\n<p>Im Fr\u00fchling, nachdem Ihre Winterjasminpflanze ihre Bl\u00fcte beendet hat und sich durch die Entfaltung frischer Bl\u00e4tter gr\u00fcn f\u00e4rbt, k\u00f6nnen Sie Ihre Pflanze dann f\u00fcttern.<\/p>\n<p>Um die Gesundheit des Bodens zu verbessern, k\u00f6nnen Sie entweder Kompost, Blattschimmel oder Mulch auf die Basis Ihres Winterjasmins auftragen und eine dicke Schicht von 2,5 bis 5 cm auftragen, wodurch der Boden reichlich mit frischen N\u00e4hrstoffen versorgt wird. Sie k\u00f6nnen dies zu jedem Zeitpunkt des Jahres tun, am besten jedoch im Winter oder Fr\u00fchling, um Unkraut zu unterdr\u00fccken und das Wasser in der kommenden Vegetationsperiode zur\u00fcckzuhalten. Bio-Mulch gibt es bei Amazon.<\/p>\n<p>Alternativ k\u00f6nnen Sie einen organischen Allzweckd\u00fcnger verwenden, der bei Amazon erh\u00e4ltlich ist, und eine kleine Menge mit der Erde vermischen. Graben Sie die Pflanze vorsichtig in den Boden ein und achten Sie dabei darauf, die Wurzeln der Pflanze nicht zu besch\u00e4digen, bevor Sie sie gr\u00fcndlich gie\u00dfen, um den Boden zu s\u00e4ttigen. Bez\u00fcglich der Pflanzend\u00fcngermenge sollten Sie ein ausgewogenes Produkt verwenden, etwa 5-5-5 oder 7-7-7, und ich w\u00fcrde f\u00fcr diese Pflanze immer etwas weniger als die empfohlene Menge verwenden.<\/p>\n<p>Abschlie\u00dfend empfehle ich, Winterjasmin nur einmal im Fr\u00fchling zu f\u00fcttern. Im Allgemeinen ben\u00f6tigen Winterjasminpflanzen nicht viel D\u00fcnger, und mit einer j\u00e4hrlichen Kompost- oder Mulchgabe und einer leichten D\u00fcngung im Fr\u00fchjahr sollte Ihre Pflanze im kommenden Jahr reichlich Bl\u00fcten und ein gutes Laubwachstum produzieren. Vermeiden Sie eine \u00dcberd\u00fcngung, da diese die Wurzeln verbrennen und Ihrer Pflanze schaden kann.<\/p>\n<h3 class=\"article-body__section\" id=\"section-faqs\"><span>FAQs<\/span><\/h3>\n<h2 id=\"my-winter-jasmine-has-bare-stems-with-no-flowers-or-foliage-should-i-feed-my-plant-3\">Mein Winterjasmin hat kahle St\u00e4ngel ohne Bl\u00fcten oder Bl\u00e4tter \u2013 sollte ich meine Pflanze f\u00fcttern? <\/h2>\n<p>Kahle Stellen sind nicht die Folge eines N\u00e4hrstoffmangels. Typischerweise entstehen sie durch mangelnden Schnitt. Regelm\u00e4\u00dfiges Beschneiden stellt sicher, dass Ihr Strauch kompakt und voller Bl\u00e4tter bleibt und verhindert au\u00dferdem, dass kahle Stellen entstehen. Der Schnitt sollte jedes Jahr im Fr\u00fchjahr erfolgen, sobald Ihre Pflanze ihre Bl\u00fcte beendet hat. Beschneiden Sie die Pflanze vorher nicht, da Sie sonst die Bl\u00fctenknospen entfernen, bevor sie sich ge\u00f6ffnet haben. Winterjasmin reagiert gut auf das Beschneiden. Machen Sie sich also keine Sorgen, die St\u00e4ngel um bis zu ein Drittel zu k\u00fcrzen, um ein volles, buschiges Wachstum zu f\u00f6rdern.<\/p>\n<hr>\n<p>Wenn Sie m\u00f6chten, dass Ihr Winterjasmin vertikal w\u00e4chst, ist Training erforderlich. Da es sich bei diesem Strauch eher um einen Wander- als um einen Kletterstrauch handelt, empfiehlt es sich, die Pflanze einzubinden, um sie vor dem Umfallen zu sch\u00fctzen, insbesondere bei st\u00fcrmischem Wetter und starken Regenf\u00e4llen in den Herbst- und Wintermonaten. Wiederverwendbare Klettb\u00e4nder, erh\u00e4ltlich bei Amazon, sind eine nachhaltige Option und eine gute Idee zur Sicherung Ihrer Pflanzen.<\/p>\n<p>Weitere Pflanzeninspirationen finden Sie in unserem Leitfaden zum Anbau von Jasmin in T\u00f6pfen f\u00fcr ein sommerliches Schauspiel duftender Blumen.<\/p>\n<\/div>\n","protected":false},"excerpt":{"rendered":"<p>Winterjasmin, Jasminum nudiflorum, ist ein Laubstrauch, der in den Wintermonaten, wenn viele andere Pflanzen im Garten ruhen, goldgelbe Bl\u00fcten hervorbringt. Wenn das Wetter kalt und<\/p>\n","protected":false},"author":1,"featured_media":1669,"comment_status":"closed","ping_status":"","sticky":false,"template":"","format":"standard","meta":{"footnotes":""},"categories":[118],"tags":[51,3037,3038,629,2655,3039,225,246,165,560,37,640,131,27,26,3036,1258,67],"class_list":["post-1668","post","type-post","status-publish","format-standard","has-post-thumbnail","hentry","category-haus-garten","tag-dass","tag-duengen","tag-duengung","tag-durch","tag-falschen","tag-geschaedigt","tag-ihre","tag-pflanzen","tag-sie","tag-sollten","tag-und","tag-vermeiden","tag-wann","tag-werden","tag-wie","tag-winterjasmin","tag-zeitpunkt","tag-zum","generate-columns","tablet-grid-50","mobile-grid-100","grid-parent","grid-50"],"yoast_head":"<!-- This site is optimized with the Yoast SEO plugin v27.3 - https:\/\/yoast.com\/product\/yoast-seo-wordpress\/ -->\n<title>Wie und wann Sie Winterjasmin d\u00fcngen sollten \u2013 vermeiden Sie, dass Ihre Pflanzen durch D\u00fcngung zum falschen Zeitpunkt gesch\u00e4digt werden - Nachrichten - Stra\u00dfenweb<\/title>\n<meta name=\"robots\" content=\"index, follow, max-snippet:-1, max-image-preview:large, max-video-preview:-1\" \/>\n<link rel=\"canonical\" href=\"https:\/\/www.strassenweb.de\/nachrichten\/wie-und-wann-sie-winterjasmin-duengen-sollten-vermeiden-sie-dass-ihre-pflanzen-durch-duengung-zum-falschen-zeitpunkt-geschaedigt-werden\/\" \/>\n<meta property=\"og:locale\" content=\"de_DE\" \/>\n<meta property=\"og:type\" content=\"article\" \/>\n<meta property=\"og:title\" content=\"Wie und wann Sie Winterjasmin d\u00fcngen sollten \u2013 vermeiden Sie, dass Ihre Pflanzen durch D\u00fcngung zum falschen Zeitpunkt gesch\u00e4digt werden - Nachrichten - Stra\u00dfenweb\" \/>\n<meta property=\"og:description\" content=\"Winterjasmin, Jasminum nudiflorum, ist ein Laubstrauch, der in den Wintermonaten, wenn viele andere Pflanzen im Garten ruhen, goldgelbe Bl\u00fcten hervorbringt. Wenn das Wetter kalt und\" \/>\n<meta property=\"og:url\" content=\"https:\/\/www.strassenweb.de\/nachrichten\/wie-und-wann-sie-winterjasmin-duengen-sollten-vermeiden-sie-dass-ihre-pflanzen-durch-duengung-zum-falschen-zeitpunkt-geschaedigt-werden\/\" \/>\n<meta property=\"og:site_name\" content=\"Stra\u00dfenweb\" \/>\n<meta property=\"article:publisher\" content=\"https:\/\/www.facebook.com\/strassenweb\/\" \/>\n<meta property=\"article:published_time\" content=\"2024-11-20T07:47:05+00:00\" \/>\n<meta property=\"article:modified_time\" content=\"2024-11-20T07:47:06+00:00\" \/>\n<meta property=\"og:image\" content=\"https:\/\/www.strassenweb.de\/nachrichten\/wp-content\/uploads\/2024\/11\/Wie-und-wann-Sie-Winterjasmin-duengen-sollten-\u2013-vermeiden-Sie.jpg\" \/>\n\t<meta property=\"og:image:width\" content=\"1200\" \/>\n\t<meta property=\"og:image:height\" content=\"675\" \/>\n\t<meta property=\"og:image:type\" content=\"image\/jpeg\" \/>\n<meta name=\"author\" content=\"Robert Hoffmann\" \/>\n<meta name=\"twitter:card\" content=\"summary_large_image\" \/>\n<meta name=\"twitter:label1\" content=\"Verfasst von\" \/>\n\t<meta name=\"twitter:data1\" content=\"Robert Hoffmann\" \/>\n\t<meta name=\"twitter:label2\" content=\"Gesch\u00e4tzte Lesezeit\" \/>\n\t<meta name=\"twitter:data2\" content=\"5\u00a0Minuten\" \/>\n<script type=\"application\/ld+json\" class=\"yoast-schema-graph\">{\"@context\":\"https:\\\/\\\/schema.org\",\"@graph\":[{\"@type\":\"Article\",\"@id\":\"https:\\\/\\\/www.strassenweb.de\\\/nachrichten\\\/wie-und-wann-sie-winterjasmin-duengen-sollten-vermeiden-sie-dass-ihre-pflanzen-durch-duengung-zum-falschen-zeitpunkt-geschaedigt-werden\\\/#article\",\"isPartOf\":{\"@id\":\"https:\\\/\\\/www.strassenweb.de\\\/nachrichten\\\/wie-und-wann-sie-winterjasmin-duengen-sollten-vermeiden-sie-dass-ihre-pflanzen-durch-duengung-zum-falschen-zeitpunkt-geschaedigt-werden\\\/\"},\"author\":{\"name\":\"Robert Hoffmann\",\"@id\":\"https:\\\/\\\/www.strassenweb.de\\\/nachrichten\\\/#\\\/schema\\\/person\\\/87c9c9067f1211da429a744dc5a5aa41\"},\"headline\":\"Wie und wann Sie Winterjasmin d\u00fcngen sollten \u2013 vermeiden Sie, dass Ihre Pflanzen durch D\u00fcngung zum falschen Zeitpunkt gesch\u00e4digt werden\",\"datePublished\":\"2024-11-20T07:47:05+00:00\",\"dateModified\":\"2024-11-20T07:47:06+00:00\",\"mainEntityOfPage\":{\"@id\":\"https:\\\/\\\/www.strassenweb.de\\\/nachrichten\\\/wie-und-wann-sie-winterjasmin-duengen-sollten-vermeiden-sie-dass-ihre-pflanzen-durch-duengung-zum-falschen-zeitpunkt-geschaedigt-werden\\\/\"},\"wordCount\":962,\"publisher\":{\"@id\":\"https:\\\/\\\/www.strassenweb.de\\\/nachrichten\\\/#organization\"},\"image\":{\"@id\":\"https:\\\/\\\/www.strassenweb.de\\\/nachrichten\\\/wie-und-wann-sie-winterjasmin-duengen-sollten-vermeiden-sie-dass-ihre-pflanzen-durch-duengung-zum-falschen-zeitpunkt-geschaedigt-werden\\\/#primaryimage\"},\"thumbnailUrl\":\"https:\\\/\\\/www.strassenweb.de\\\/nachrichten\\\/wp-content\\\/uploads\\\/2024\\\/11\\\/Wie-und-wann-Sie-Winterjasmin-duengen-sollten-\u2013-vermeiden-Sie.jpg\",\"keywords\":[\"dass\",\"d\u00fcngen\",\"D\u00fcngung\",\"durch\",\"falschen\",\"gesch\u00e4digt\",\"ihre\",\"Pflanzen\",\"Sie\",\"sollten\",\"und\",\"vermeiden\",\"Wann\",\"werden\",\"Wie\",\"Winterjasmin\",\"Zeitpunkt\",\"zum\"],\"articleSection\":[\"Haus &amp; Garten\"],\"inLanguage\":\"de\"},{\"@type\":\"WebPage\",\"@id\":\"https:\\\/\\\/www.strassenweb.de\\\/nachrichten\\\/wie-und-wann-sie-winterjasmin-duengen-sollten-vermeiden-sie-dass-ihre-pflanzen-durch-duengung-zum-falschen-zeitpunkt-geschaedigt-werden\\\/\",\"url\":\"https:\\\/\\\/www.strassenweb.de\\\/nachrichten\\\/wie-und-wann-sie-winterjasmin-duengen-sollten-vermeiden-sie-dass-ihre-pflanzen-durch-duengung-zum-falschen-zeitpunkt-geschaedigt-werden\\\/\",\"name\":\"Wie und wann Sie Winterjasmin d\u00fcngen sollten \u2013 vermeiden Sie, dass Ihre Pflanzen durch D\u00fcngung zum falschen Zeitpunkt gesch\u00e4digt werden - Nachrichten - Stra\u00dfenweb\",\"isPartOf\":{\"@id\":\"https:\\\/\\\/www.strassenweb.de\\\/nachrichten\\\/#website\"},\"primaryImageOfPage\":{\"@id\":\"https:\\\/\\\/www.strassenweb.de\\\/nachrichten\\\/wie-und-wann-sie-winterjasmin-duengen-sollten-vermeiden-sie-dass-ihre-pflanzen-durch-duengung-zum-falschen-zeitpunkt-geschaedigt-werden\\\/#primaryimage\"},\"image\":{\"@id\":\"https:\\\/\\\/www.strassenweb.de\\\/nachrichten\\\/wie-und-wann-sie-winterjasmin-duengen-sollten-vermeiden-sie-dass-ihre-pflanzen-durch-duengung-zum-falschen-zeitpunkt-geschaedigt-werden\\\/#primaryimage\"},\"thumbnailUrl\":\"https:\\\/\\\/www.strassenweb.de\\\/nachrichten\\\/wp-content\\\/uploads\\\/2024\\\/11\\\/Wie-und-wann-Sie-Winterjasmin-duengen-sollten-\u2013-vermeiden-Sie.jpg\",\"datePublished\":\"2024-11-20T07:47:05+00:00\",\"dateModified\":\"2024-11-20T07:47:06+00:00\",\"breadcrumb\":{\"@id\":\"https:\\\/\\\/www.strassenweb.de\\\/nachrichten\\\/wie-und-wann-sie-winterjasmin-duengen-sollten-vermeiden-sie-dass-ihre-pflanzen-durch-duengung-zum-falschen-zeitpunkt-geschaedigt-werden\\\/#breadcrumb\"},\"inLanguage\":\"de\",\"potentialAction\":[{\"@type\":\"ReadAction\",\"target\":[\"https:\\\/\\\/www.strassenweb.de\\\/nachrichten\\\/wie-und-wann-sie-winterjasmin-duengen-sollten-vermeiden-sie-dass-ihre-pflanzen-durch-duengung-zum-falschen-zeitpunkt-geschaedigt-werden\\\/\"]}]},{\"@type\":\"ImageObject\",\"inLanguage\":\"de\",\"@id\":\"https:\\\/\\\/www.strassenweb.de\\\/nachrichten\\\/wie-und-wann-sie-winterjasmin-duengen-sollten-vermeiden-sie-dass-ihre-pflanzen-durch-duengung-zum-falschen-zeitpunkt-geschaedigt-werden\\\/#primaryimage\",\"url\":\"https:\\\/\\\/www.strassenweb.de\\\/nachrichten\\\/wp-content\\\/uploads\\\/2024\\\/11\\\/Wie-und-wann-Sie-Winterjasmin-duengen-sollten-\u2013-vermeiden-Sie.jpg\",\"contentUrl\":\"https:\\\/\\\/www.strassenweb.de\\\/nachrichten\\\/wp-content\\\/uploads\\\/2024\\\/11\\\/Wie-und-wann-Sie-Winterjasmin-duengen-sollten-\u2013-vermeiden-Sie.jpg\",\"width\":1200,\"height\":675,\"caption\":\"Wie und wann Sie Winterjasmin d\u00fcngen sollten \u2013 vermeiden Sie, dass Ihre Pflanzen durch D\u00fcngung zum falschen Zeitpunkt gesch\u00e4digt werden\"},{\"@type\":\"BreadcrumbList\",\"@id\":\"https:\\\/\\\/www.strassenweb.de\\\/nachrichten\\\/wie-und-wann-sie-winterjasmin-duengen-sollten-vermeiden-sie-dass-ihre-pflanzen-durch-duengung-zum-falschen-zeitpunkt-geschaedigt-werden\\\/#breadcrumb\",\"itemListElement\":[{\"@type\":\"ListItem\",\"position\":1,\"name\":\"Home\",\"item\":\"https:\\\/\\\/www.strassenweb.de\\\/nachrichten\\\/\"},{\"@type\":\"ListItem\",\"position\":2,\"name\":\"Wie und wann Sie Winterjasmin d\u00fcngen sollten \u2013 vermeiden Sie, dass Ihre Pflanzen durch D\u00fcngung zum falschen Zeitpunkt gesch\u00e4digt werden\"}]},{\"@type\":\"WebSite\",\"@id\":\"https:\\\/\\\/www.strassenweb.de\\\/nachrichten\\\/#website\",\"url\":\"https:\\\/\\\/www.strassenweb.de\\\/nachrichten\\\/\",\"name\":\"Stra\u00dfenweb\",\"description\":\"Stra\u00dfenverzeichnis f\u00fcr Deutschland\",\"publisher\":{\"@id\":\"https:\\\/\\\/www.strassenweb.de\\\/nachrichten\\\/#organization\"},\"potentialAction\":[{\"@type\":\"SearchAction\",\"target\":{\"@type\":\"EntryPoint\",\"urlTemplate\":\"https:\\\/\\\/www.strassenweb.de\\\/nachrichten\\\/?s={search_term_string}\"},\"query-input\":{\"@type\":\"PropertyValueSpecification\",\"valueRequired\":true,\"valueName\":\"search_term_string\"}}],\"inLanguage\":\"de\"},{\"@type\":\"Organization\",\"@id\":\"https:\\\/\\\/www.strassenweb.de\\\/nachrichten\\\/#organization\",\"name\":\"Stra\u00dfenweb\",\"url\":\"https:\\\/\\\/www.strassenweb.de\\\/nachrichten\\\/\",\"logo\":{\"@type\":\"ImageObject\",\"inLanguage\":\"de\",\"@id\":\"https:\\\/\\\/www.strassenweb.de\\\/nachrichten\\\/#\\\/schema\\\/logo\\\/image\\\/\",\"url\":\"https:\\\/\\\/www.strassenweb.de\\\/nachrichten\\\/wp-content\\\/uploads\\\/2024\\\/09\\\/cropped-favicon.png\",\"contentUrl\":\"https:\\\/\\\/www.strassenweb.de\\\/nachrichten\\\/wp-content\\\/uploads\\\/2024\\\/09\\\/cropped-favicon.png\",\"width\":512,\"height\":512,\"caption\":\"Stra\u00dfenweb\"},\"image\":{\"@id\":\"https:\\\/\\\/www.strassenweb.de\\\/nachrichten\\\/#\\\/schema\\\/logo\\\/image\\\/\"},\"sameAs\":[\"https:\\\/\\\/www.facebook.com\\\/strassenweb\\\/\"]},{\"@type\":\"Person\",\"@id\":\"https:\\\/\\\/www.strassenweb.de\\\/nachrichten\\\/#\\\/schema\\\/person\\\/87c9c9067f1211da429a744dc5a5aa41\",\"name\":\"Robert Hoffmann\",\"image\":{\"@type\":\"ImageObject\",\"inLanguage\":\"de\",\"@id\":\"https:\\\/\\\/www.strassenweb.de\\\/nachrichten\\\/wp-content\\\/uploads\\\/2024\\\/09\\\/strassenweb-150x150.jpg\",\"url\":\"https:\\\/\\\/www.strassenweb.de\\\/nachrichten\\\/wp-content\\\/uploads\\\/2024\\\/09\\\/strassenweb-150x150.jpg\",\"contentUrl\":\"https:\\\/\\\/www.strassenweb.de\\\/nachrichten\\\/wp-content\\\/uploads\\\/2024\\\/09\\\/strassenweb-150x150.jpg\",\"caption\":\"Robert Hoffmann\"},\"description\":\"Ich hei\u00dfe Robert Hoffmann und ich bin ein leidenschaftlicher Verfechter von \u00d6kologie und Biodiversit\u00e4t. Seit meiner Kindheit in den W\u00e4ldern Bayerns f\u00fchle ich mich mit der Natur verbunden und bin entschlossen, sie zu sch\u00fctzen. Heute widme ich mein Leben der Sensibilisierung anderer f\u00fcr die Bedeutung des Umweltschutzes f\u00fcr zuk\u00fcnftige Generationen.\",\"sameAs\":[\"https:\\\/\\\/www.strassenweb.de\\\/\"]}]}<\/script>\n<!-- \/ Yoast SEO plugin. -->","yoast_head_json":{"title":"Wie und wann Sie Winterjasmin d\u00fcngen sollten \u2013 vermeiden Sie, dass Ihre Pflanzen durch D\u00fcngung zum falschen Zeitpunkt gesch\u00e4digt werden - Nachrichten - Stra\u00dfenweb","robots":{"index":"index","follow":"follow","max-snippet":"max-snippet:-1","max-image-preview":"max-image-preview:large","max-video-preview":"max-video-preview:-1"},"canonical":"https:\/\/www.strassenweb.de\/nachrichten\/wie-und-wann-sie-winterjasmin-duengen-sollten-vermeiden-sie-dass-ihre-pflanzen-durch-duengung-zum-falschen-zeitpunkt-geschaedigt-werden\/","og_locale":"de_DE","og_type":"article","og_title":"Wie und wann Sie Winterjasmin d\u00fcngen sollten \u2013 vermeiden Sie, dass Ihre Pflanzen durch D\u00fcngung zum falschen Zeitpunkt gesch\u00e4digt werden - Nachrichten - Stra\u00dfenweb","og_description":"Winterjasmin, Jasminum nudiflorum, ist ein Laubstrauch, der in den Wintermonaten, wenn viele andere Pflanzen im Garten ruhen, goldgelbe Bl\u00fcten hervorbringt. Wenn das Wetter kalt und","og_url":"https:\/\/www.strassenweb.de\/nachrichten\/wie-und-wann-sie-winterjasmin-duengen-sollten-vermeiden-sie-dass-ihre-pflanzen-durch-duengung-zum-falschen-zeitpunkt-geschaedigt-werden\/","og_site_name":"Stra\u00dfenweb","article_publisher":"https:\/\/www.facebook.com\/strassenweb\/","article_published_time":"2024-11-20T07:47:05+00:00","article_modified_time":"2024-11-20T07:47:06+00:00","og_image":[{"width":1200,"height":675,"url":"https:\/\/www.strassenweb.de\/nachrichten\/wp-content\/uploads\/2024\/11\/Wie-und-wann-Sie-Winterjasmin-duengen-sollten-\u2013-vermeiden-Sie.jpg","type":"image\/jpeg"}],"author":"Robert Hoffmann","twitter_card":"summary_large_image","twitter_misc":{"Verfasst von":"Robert Hoffmann","Gesch\u00e4tzte Lesezeit":"5\u00a0Minuten"},"schema":{"@context":"https:\/\/schema.org","@graph":[{"@type":"Article","@id":"https:\/\/www.strassenweb.de\/nachrichten\/wie-und-wann-sie-winterjasmin-duengen-sollten-vermeiden-sie-dass-ihre-pflanzen-durch-duengung-zum-falschen-zeitpunkt-geschaedigt-werden\/#article","isPartOf":{"@id":"https:\/\/www.strassenweb.de\/nachrichten\/wie-und-wann-sie-winterjasmin-duengen-sollten-vermeiden-sie-dass-ihre-pflanzen-durch-duengung-zum-falschen-zeitpunkt-geschaedigt-werden\/"},"author":{"name":"Robert Hoffmann","@id":"https:\/\/www.strassenweb.de\/nachrichten\/#\/schema\/person\/87c9c9067f1211da429a744dc5a5aa41"},"headline":"Wie und wann Sie Winterjasmin d\u00fcngen sollten \u2013 vermeiden Sie, dass Ihre Pflanzen durch D\u00fcngung zum falschen Zeitpunkt gesch\u00e4digt werden","datePublished":"2024-11-20T07:47:05+00:00","dateModified":"2024-11-20T07:47:06+00:00","mainEntityOfPage":{"@id":"https:\/\/www.strassenweb.de\/nachrichten\/wie-und-wann-sie-winterjasmin-duengen-sollten-vermeiden-sie-dass-ihre-pflanzen-durch-duengung-zum-falschen-zeitpunkt-geschaedigt-werden\/"},"wordCount":962,"publisher":{"@id":"https:\/\/www.strassenweb.de\/nachrichten\/#organization"},"image":{"@id":"https:\/\/www.strassenweb.de\/nachrichten\/wie-und-wann-sie-winterjasmin-duengen-sollten-vermeiden-sie-dass-ihre-pflanzen-durch-duengung-zum-falschen-zeitpunkt-geschaedigt-werden\/#primaryimage"},"thumbnailUrl":"https:\/\/www.strassenweb.de\/nachrichten\/wp-content\/uploads\/2024\/11\/Wie-und-wann-Sie-Winterjasmin-duengen-sollten-\u2013-vermeiden-Sie.jpg","keywords":["dass","d\u00fcngen","D\u00fcngung","durch","falschen","gesch\u00e4digt","ihre","Pflanzen","Sie","sollten","und","vermeiden","Wann","werden","Wie","Winterjasmin","Zeitpunkt","zum"],"articleSection":["Haus &amp; Garten"],"inLanguage":"de"},{"@type":"WebPage","@id":"https:\/\/www.strassenweb.de\/nachrichten\/wie-und-wann-sie-winterjasmin-duengen-sollten-vermeiden-sie-dass-ihre-pflanzen-durch-duengung-zum-falschen-zeitpunkt-geschaedigt-werden\/","url":"https:\/\/www.strassenweb.de\/nachrichten\/wie-und-wann-sie-winterjasmin-duengen-sollten-vermeiden-sie-dass-ihre-pflanzen-durch-duengung-zum-falschen-zeitpunkt-geschaedigt-werden\/","name":"Wie und wann Sie Winterjasmin d\u00fcngen sollten \u2013 vermeiden Sie, dass Ihre Pflanzen durch D\u00fcngung zum falschen Zeitpunkt gesch\u00e4digt werden - Nachrichten - Stra\u00dfenweb","isPartOf":{"@id":"https:\/\/www.strassenweb.de\/nachrichten\/#website"},"primaryImageOfPage":{"@id":"https:\/\/www.strassenweb.de\/nachrichten\/wie-und-wann-sie-winterjasmin-duengen-sollten-vermeiden-sie-dass-ihre-pflanzen-durch-duengung-zum-falschen-zeitpunkt-geschaedigt-werden\/#primaryimage"},"image":{"@id":"https:\/\/www.strassenweb.de\/nachrichten\/wie-und-wann-sie-winterjasmin-duengen-sollten-vermeiden-sie-dass-ihre-pflanzen-durch-duengung-zum-falschen-zeitpunkt-geschaedigt-werden\/#primaryimage"},"thumbnailUrl":"https:\/\/www.strassenweb.de\/nachrichten\/wp-content\/uploads\/2024\/11\/Wie-und-wann-Sie-Winterjasmin-duengen-sollten-\u2013-vermeiden-Sie.jpg","datePublished":"2024-11-20T07:47:05+00:00","dateModified":"2024-11-20T07:47:06+00:00","breadcrumb":{"@id":"https:\/\/www.strassenweb.de\/nachrichten\/wie-und-wann-sie-winterjasmin-duengen-sollten-vermeiden-sie-dass-ihre-pflanzen-durch-duengung-zum-falschen-zeitpunkt-geschaedigt-werden\/#breadcrumb"},"inLanguage":"de","potentialAction":[{"@type":"ReadAction","target":["https:\/\/www.strassenweb.de\/nachrichten\/wie-und-wann-sie-winterjasmin-duengen-sollten-vermeiden-sie-dass-ihre-pflanzen-durch-duengung-zum-falschen-zeitpunkt-geschaedigt-werden\/"]}]},{"@type":"ImageObject","inLanguage":"de","@id":"https:\/\/www.strassenweb.de\/nachrichten\/wie-und-wann-sie-winterjasmin-duengen-sollten-vermeiden-sie-dass-ihre-pflanzen-durch-duengung-zum-falschen-zeitpunkt-geschaedigt-werden\/#primaryimage","url":"https:\/\/www.strassenweb.de\/nachrichten\/wp-content\/uploads\/2024\/11\/Wie-und-wann-Sie-Winterjasmin-duengen-sollten-\u2013-vermeiden-Sie.jpg","contentUrl":"https:\/\/www.strassenweb.de\/nachrichten\/wp-content\/uploads\/2024\/11\/Wie-und-wann-Sie-Winterjasmin-duengen-sollten-\u2013-vermeiden-Sie.jpg","width":1200,"height":675,"caption":"Wie und wann Sie Winterjasmin d\u00fcngen sollten \u2013 vermeiden Sie, dass Ihre Pflanzen durch D\u00fcngung zum falschen Zeitpunkt gesch\u00e4digt werden"},{"@type":"BreadcrumbList","@id":"https:\/\/www.strassenweb.de\/nachrichten\/wie-und-wann-sie-winterjasmin-duengen-sollten-vermeiden-sie-dass-ihre-pflanzen-durch-duengung-zum-falschen-zeitpunkt-geschaedigt-werden\/#breadcrumb","itemListElement":[{"@type":"ListItem","position":1,"name":"Home","item":"https:\/\/www.strassenweb.de\/nachrichten\/"},{"@type":"ListItem","position":2,"name":"Wie und wann Sie Winterjasmin d\u00fcngen sollten \u2013 vermeiden Sie, dass Ihre Pflanzen durch D\u00fcngung zum falschen Zeitpunkt gesch\u00e4digt werden"}]},{"@type":"WebSite","@id":"https:\/\/www.strassenweb.de\/nachrichten\/#website","url":"https:\/\/www.strassenweb.de\/nachrichten\/","name":"Stra\u00dfenweb","description":"Stra\u00dfenverzeichnis f\u00fcr Deutschland","publisher":{"@id":"https:\/\/www.strassenweb.de\/nachrichten\/#organization"},"potentialAction":[{"@type":"SearchAction","target":{"@type":"EntryPoint","urlTemplate":"https:\/\/www.strassenweb.de\/nachrichten\/?s={search_term_string}"},"query-input":{"@type":"PropertyValueSpecification","valueRequired":true,"valueName":"search_term_string"}}],"inLanguage":"de"},{"@type":"Organization","@id":"https:\/\/www.strassenweb.de\/nachrichten\/#organization","name":"Stra\u00dfenweb","url":"https:\/\/www.strassenweb.de\/nachrichten\/","logo":{"@type":"ImageObject","inLanguage":"de","@id":"https:\/\/www.strassenweb.de\/nachrichten\/#\/schema\/logo\/image\/","url":"https:\/\/www.strassenweb.de\/nachrichten\/wp-content\/uploads\/2024\/09\/cropped-favicon.png","contentUrl":"https:\/\/www.strassenweb.de\/nachrichten\/wp-content\/uploads\/2024\/09\/cropped-favicon.png","width":512,"height":512,"caption":"Stra\u00dfenweb"},"image":{"@id":"https:\/\/www.strassenweb.de\/nachrichten\/#\/schema\/logo\/image\/"},"sameAs":["https:\/\/www.facebook.com\/strassenweb\/"]},{"@type":"Person","@id":"https:\/\/www.strassenweb.de\/nachrichten\/#\/schema\/person\/87c9c9067f1211da429a744dc5a5aa41","name":"Robert Hoffmann","image":{"@type":"ImageObject","inLanguage":"de","@id":"https:\/\/www.strassenweb.de\/nachrichten\/wp-content\/uploads\/2024\/09\/strassenweb-150x150.jpg","url":"https:\/\/www.strassenweb.de\/nachrichten\/wp-content\/uploads\/2024\/09\/strassenweb-150x150.jpg","contentUrl":"https:\/\/www.strassenweb.de\/nachrichten\/wp-content\/uploads\/2024\/09\/strassenweb-150x150.jpg","caption":"Robert Hoffmann"},"description":"Ich hei\u00dfe Robert Hoffmann und ich bin ein leidenschaftlicher Verfechter von \u00d6kologie und Biodiversit\u00e4t. Seit meiner Kindheit in den W\u00e4ldern Bayerns f\u00fchle ich mich mit der Natur verbunden und bin entschlossen, sie zu sch\u00fctzen. Heute widme ich mein Leben der Sensibilisierung anderer f\u00fcr die Bedeutung des Umweltschutzes f\u00fcr zuk\u00fcnftige Generationen.","sameAs":["https:\/\/www.strassenweb.de\/"]}]}},"_links":{"self":[{"href":"https:\/\/www.strassenweb.de\/nachrichten\/wp-json\/wp\/v2\/posts\/1668","targetHints":{"allow":["GET"]}}],"collection":[{"href":"https:\/\/www.strassenweb.de\/nachrichten\/wp-json\/wp\/v2\/posts"}],"about":[{"href":"https:\/\/www.strassenweb.de\/nachrichten\/wp-json\/wp\/v2\/types\/post"}],"author":[{"embeddable":true,"href":"https:\/\/www.strassenweb.de\/nachrichten\/wp-json\/wp\/v2\/users\/1"}],"replies":[{"embeddable":true,"href":"https:\/\/www.strassenweb.de\/nachrichten\/wp-json\/wp\/v2\/comments?post=1668"}],"version-history":[{"count":0,"href":"https:\/\/www.strassenweb.de\/nachrichten\/wp-json\/wp\/v2\/posts\/1668\/revisions"}],"wp:featuredmedia":[{"embeddable":true,"href":"https:\/\/www.strassenweb.de\/nachrichten\/wp-json\/wp\/v2\/media\/1669"}],"wp:attachment":[{"href":"https:\/\/www.strassenweb.de\/nachrichten\/wp-json\/wp\/v2\/media?parent=1668"}],"wp:term":[{"taxonomy":"category","embeddable":true,"href":"https:\/\/www.strassenweb.de\/nachrichten\/wp-json\/wp\/v2\/categories?post=1668"},{"taxonomy":"post_tag","embeddable":true,"href":"https:\/\/www.strassenweb.de\/nachrichten\/wp-json\/wp\/v2\/tags?post=1668"}],"curies":[{"name":"wp","href":"https:\/\/api.w.org\/{rel}","templated":true}]}}