{"id":16674,"date":"2026-09-02T02:39:27","date_gmt":"2026-09-02T00:39:27","guid":{"rendered":"https:\/\/www.strassenweb.de\/nachrichten\/warum-der-spaetsommer-die-beste-zeit-ist-tote-sommer-einjaehrige-auszusortieren-und-womit-man-sie-ersetzen-kann\/"},"modified":"2026-09-02T02:39:35","modified_gmt":"2026-09-02T00:39:35","slug":"warum-der-spaetsommer-die-beste-zeit-ist-tote-sommer-einjaehrige-auszusortieren-und-womit-man-sie-ersetzen-kann","status":"publish","type":"post","link":"https:\/\/www.strassenweb.de\/nachrichten\/warum-der-spaetsommer-die-beste-zeit-ist-tote-sommer-einjaehrige-auszusortieren-und-womit-man-sie-ersetzen-kann\/","title":{"rendered":"Warum der Sp\u00e4tsommer die beste Zeit ist, tote Sommer-Einj\u00e4hrige auszusortieren \u2013 und womit man sie ersetzen kann"},"content":{"rendered":"<div id=\"article-body\" class=\"article__body \">\n<div data-analytics-id=\"utility-bar\" analytics-name=\"utility-bar\" id=\"utility-bar\" class=\"font-ui-heading flex justify-between items-center py-2 border-t border-b border-gray-300 border-solid mb-5 mx-auto\" data-component-name=\"UtilityBar\" data-mrf-recirculation=\"utility-bar\">\n<div class=\"flex gap-2 text-(#333) subcontainer\">\n<div class=\"relative tooltip-container\" role=\"tooltip\">\n<button id=\"utilitybar__button--share\" type=\"button\" aria-label=\"Share this article\" aria-expanded=\"false\" aria-controls=\"utilitybar__dropdown--share\" aria-haspopup=\"true\" data-analytics-id=\"article-social\" analytics-label=\"utility-bar-share\" analytics-name=\"utility-bar\" data-component-name=\"UtilityBar:ShareArticle:Button\" class=\"relative text-inherit leading-none text-xs flex items-center gap-1 font-ui-heading\" data-mrf-recirculation=\"article-social\"><br \/>\n<svg class=\"m-auto pointer-events-none size-5 text-inherit\" data-component-name=\"Icon\" aria-hidden=\"true\" width=\"23\" height=\"21\" viewbox=\"0 0 23 21\" fill=\"none\" xmlns=\"http:\/\/www.w3.org\/2000\/svg\">\n<path d=\"M13.8583 1.82131L18.7293 6.12806C20.6528 7.82875 21.6146 8.67912 21.6146 9.77454C21.6146 10.8701 20.6528 11.7204 18.7293 13.4211L13.8583 17.7279C12.9803 18.5041 12.5414 18.8923 12.1794 18.7306C11.8174 18.5689 11.8174 17.9847 11.8174 16.8162V13.9565C7.40295 13.9565 2.62061 16.0475 0.78125 19.5323C0.78125 8.38058 7.3212 5.59268 11.8174 5.59268V2.73294C11.8174 1.56445 11.8174 0.980213 12.1794 0.818536C12.5414 0.656859 12.9803 1.045 13.8583 1.82131Z\" stroke=\"#1B1B1B\" stroke-width=\"1.5625\" stroke-linecap=\"round\" stroke-linejoin=\"round\"><\/path>\n<\/svg><\/p>\n<p>Aktie<\/button><\/p>\n<div data-component-name=\"Social:Dropdown\" role=\"menu\" id=\"utilitybar__dropdown--share\" aria-labelledby=\"utilitybar__button--share\" class=\"absolute left-0 top-full w-44 bg-white rounded-md shadow-md border border-neutral-200 z-(9996) list-none m-0 py-2 px-3 border-solid\" style=\"grid-area: social-icons;\">\n<ul class=\"m-0!\">\n<li class=\"!p-0 !m-0 list-none border-b border-gray-200 border-solid\">\n<button type=\"button\" onclick=\"navigator.clipboard.writeText(window.location.href).then(() =&gt; {alert('Link copied')}).catch(err =&gt; {console.error('Failed to copy: ', err)})\" data-platform=\"copy_link\" data-action=\"\" class=\"font-ui-heading py-2 text-sm text-neutral-700 hover:bg-neutral-100 transition-colors no-underline block cursor-pointer border-0 bg-transparent hover:(&amp;_svg):filter-none w-full text-left normal-case\" aria-label=\"Copy link\" role=\"menuitem\" data-analytics-id=\"article-social\" analytics-label=\"utility-bar-social-share-copy-link\" analytics-name=\"utility-bar-secondary\" data-mrf-recirculation=\"article-social\"><br \/>\n<svg class=\"text-black size-8 w-6 h-6 inline-block mr-1.5\" data-component-name=\"Icon\" aria-hidden=\"true\" xmlns=\"http:\/\/www.w3.org\/2000\/svg\" fill=\"none\" viewbox=\"0 0 24 24\" stroke-width=\"1.5\" stroke=\"currentColor\" data-slot=\"icon\">\n<path stroke-linecap=\"round\" stroke-linejoin=\"round\" d=\"M13.19 8.688a4.5 4.5 0 0 1 1.242 7.244l-4.5 4.5a4.5 4.5 0 0 1-6.364-6.364l1.757-1.757m13.35-.622 1.757-1.757a4.5 4.5 0 0 0-6.364-6.364l-4.5 4.5a4.5 4.5 0 0 0 1.242 7.244\"><\/path>\n<\/svg><\/p>\n<p>Link kopieren<br \/>\n<\/button>\n<\/li>\n<li class=\"!p-0 !m-0 list-none border-b border-gray-200 border-solid\">\n<p><svg class=\"size-8 w-6 h-6 inline-block mr-1.5 text-primary-500\" data-component-name=\"Icon\" aria-hidden=\"true\" height=\"24\" viewbox=\"0 0 24 24\" width=\"24\" xmlns=\"http:\/\/www.w3.org\/2000\/svg\">\n<circle cx=\"12\" cy=\"12\" fill=\"#3b5998\" r=\"12\"><\/circle>\n<path d=\"m13.079 19h-2.9v-7h-1.441v-2.408h1.442v-1.456c0-1.96.813-3.136 3.136-3.136h1.933v2.408h-1.2c-.91 0-.965.35-.965.966v1.218h2.183l-.257 2.408h-1.931z\" fill=\"#fff\"><\/path>\n<\/svg><\/p>\n<p>Facebook<\/p>\n<\/li>\n<li class=\"!p-0 !m-0 list-none border-b border-gray-200 border-solid\">\n<a rel=\"nofollow\" href=\"https:\/\/twitter.com\/intent\/tweet?text=Why+Late+Summer+is+the+Best+Time+to+Clear+Out+Dead+Summer+Annuals+%E2%80%93+and+What+to+Replace+Them+With&amp;url=https%3A%2F%2Fwww.homesandgardens.com%2Fgardens%2Flate-summer-is-the-best-time-to-clear-out-summer-annuals\" data-platform=\"X\" class=\"font-ui-heading py-2 text-sm text-neutral-700 hover:bg-neutral-100 transition-colors no-underline block cursor-pointer border-0 bg-transparent hover:(&amp;_svg):filter-none\" aria-label=\"Share this page on X\" role=\"menuitem\" data-analytics-id=\"article-social\" analytics-label=\"utility-bar-social-share-X\" analytics-name=\"utility-bar-secondary\" target=\"_blank\" data-mrf-recirculation=\"article-social\"><br \/>\n<svg class=\"size-8 w-6 h-6 inline-block mr-1.5 text-primary-500\" data-component-name=\"Icon\" aria-hidden=\"true\" width=\"24\" height=\"24\" viewbox=\"0 0 24 24\" fill=\"none\" xmlns=\"http:\/\/www.w3.org\/2000\/svg\">\n<path fill-rule=\"evenodd\" clip-rule=\"evenodd\" d=\"M12 24C5.372 24 0 18.627 0 12C0 5.373 5.372 0 12 0C18.627 0 24 5.373 24 12C24 18.627 18.627 24 12 24Z\" fill=\"black\"><\/path>\n<path d=\"M13.1403 11.0842L17.6068 6H16.5488L12.6689 10.4137L9.57237 6H6L10.6836 12.6749L6 18.0059H7.05804L11.1526 13.3439L14.4235 18.0059H17.9959M7.4399 6.78133H9.06534L16.548 17.2629H14.9221\" fill=\"white\"><\/path>\n<\/svg><\/p>\n<p>X<br \/>\n<\/a>\n<\/li>\n<li class=\"!p-0 !m-0 list-none border-b border-gray-200 border-solid sm:hidden\">\n<p><svg class=\"size-8 w-6 h-6 inline-block mr-1.5 text-primary-500\" data-component-name=\"Icon\" aria-hidden=\"true\" width=\"24\" height=\"24\" viewbox=\"0 0 24 24\" fill=\"none\" xmlns=\"http:\/\/www.w3.org\/2000\/svg\">\n<g clip-path=\"url(#clip0_7607_1303)\">\n<path d=\"M12 24C18.6274 24 24 18.6274 24 12C24 5.37258 18.6274 0 12 0C5.37258 0 0 5.37258 0 12C0 18.6274 5.37258 24 12 24Z\" fill=\"#25D366\"><\/path>\n<path d=\"M16.9074 7.03131C16.2656 6.38465 15.5016 5.87206 14.6599 5.52334C13.8182 5.17462 12.9155 4.99674 12.0044 5.00005C10.7864 5.00124 9.59004 5.32242 8.53521 5.93143C7.48037 6.54045 6.60407 7.41592 5.99404 8.47015C5.38402 9.5244 5.06169 10.7204 5.05933 11.9384C5.05697 13.1565 5.37467 14.3537 5.98061 15.4103L5 19.0088L8.6773 18.0457C9.69271 18.6106 10.8337 18.9117 11.9956 18.9213C13.8428 18.9213 15.6151 18.1917 16.9269 16.8914C18.2387 15.5911 18.9838 13.8252 19 11.9782C18.9939 11.0565 18.8058 10.1451 18.4467 9.29619C18.0877 8.4473 17.5645 7.67764 16.9074 7.03131ZM12.0044 17.7218C10.9692 17.7225 9.95298 17.4442 9.06254 16.9163L8.85241 16.7849L6.6723 17.3628L7.25016 15.2352L7.11007 15.0163C6.3652 13.8139 6.0872 12.38 6.32875 10.9863C6.57029 9.59269 7.31461 8.33602 8.42068 7.4544C9.52675 6.57278 10.9177 6.12745 12.3302 6.20278C13.7426 6.27809 15.0784 6.86883 16.0844 7.86308C17.1841 8.93842 17.8136 10.4052 17.8355 11.9431C17.8217 13.4805 17.2012 14.9502 16.1091 16.0325C15.0171 17.1146 13.5418 17.7218 12.0044 17.7218ZM15.1651 13.3966C14.99 13.309 14.1407 12.8887 13.9831 12.8362C13.8255 12.7837 13.7029 12.7486 13.5891 12.9238C13.4179 13.1585 13.2336 13.3835 13.0375 13.5979C12.9412 13.7205 12.8361 13.7293 12.661 13.5979C11.6627 13.2034 10.8309 12.4767 10.3058 11.5404C10.122 11.2339 10.4809 11.2515 10.8136 10.5948C10.8382 10.5474 10.851 10.4949 10.851 10.4416C10.851 10.3883 10.8382 10.3357 10.8136 10.2884C10.8136 10.2008 10.4196 9.34276 10.2795 9.0013C10.1395 8.65983 9.99937 8.71236 9.88555 8.70361H9.54409C9.45562 8.70497 9.36846 8.7252 9.28843 8.76295C9.20841 8.80069 9.13736 8.85509 9.08005 8.9225C8.88359 9.11352 8.73037 9.34444 8.63068 9.59968C8.531 9.85492 8.48719 10.1286 8.50219 10.4022C8.55709 11.0572 8.80375 11.6814 9.21138 12.1971C9.95752 13.3141 10.9801 14.219 12.1795 14.8237C12.8086 15.1909 13.5396 15.3445 14.2633 15.2615C14.5042 15.2137 14.7325 15.1157 14.9331 14.9738C15.1338 14.8321 15.3023 14.6496 15.4278 14.4385C15.544 14.1807 15.5806 13.8941 15.5328 13.6154C15.454 13.5279 15.3402 13.4841 15.1651 13.3966Z\" fill=\"white\"><\/path>\n<\/g>\n<defs>\n<clippath id=\"clip0_7607_1303\">\n<rect width=\"24\" height=\"24\" fill=\"white\"><\/rect>\n<\/clippath>\n<\/defs>\n<\/svg><\/p>\n<p>WhatsApp<\/p>\n<\/li>\n<li class=\"!p-0 !m-0 list-none border-b border-gray-200 border-solid\">\n<p><svg class=\"size-8 w-6 h-6 inline-block mr-1.5 text-primary-500\" data-component-name=\"Icon\" aria-hidden=\"true\" height=\"24\" viewbox=\"0 0 24 24\" width=\"24\" xmlns=\"http:\/\/www.w3.org\/2000\/svg\">\n<circle cx=\"12\" cy=\"12\" fill=\"#bd081c\" r=\"12\"><\/circle>\n<path d=\"m12.336 5c-3.822 0-5.754 2.744-5.754 5.025a3.065 3.065 0 0 0 1.652 3.066.279.279 0 0 0 .407-.2l.154-.644a.373.373 0 0 0 -.113-.448 2.341 2.341 0 0 1 -.532-1.582 3.812 3.812 0 0 1 3.961-3.849 3.009 3.009 0 0 1 3.346 3.08c0 2.323-1.022 4.283-2.547 4.283a1.253 1.253 0 0 1 -1.273-1.554 17.616 17.616 0 0 0 .713-2.856 1.081 1.081 0 0 0 -1.092-1.2c-.854 0-1.553.881-1.553 2.071a2.954 2.954 0 0 0 .266 1.274l-1.038 4.383a9.389 9.389 0 0 0 -.027 3.065.109.109 0 0 0 .2.042 8.737 8.737 0 0 0 1.457-2.631l.561-2.212a2.3 2.3 0 0 0 1.959 1.008c2.59 0 4.34-2.366 4.34-5.516a4.8 4.8 0 0 0 -5.087-4.605z\" fill=\"#fff\"><\/path>\n<\/svg><\/p>\n<p>Pinterest<\/p>\n<\/li>\n<\/ul>\n<\/div>\n<div class=\"font-ui-heading max-sm:hidden tooltip absolute left-1\/2 bg-gray-900 text-white text-xs leading-none px-3 py-1.5 rounded-md z-(10001) whitespace-nowrap\" id=\"tooltip-share-this-article\" role=\"tooltip\" aria-hidden=\"true\">\n<p>Teilen Sie diesen Artikel\n<\/p><\/div>\n<\/div>\n<div class=\"relative tooltip-container\" role=\"tooltip\">\n<div class=\"font-ui-heading max-sm:hidden tooltip absolute left-1\/2 bg-gray-900 text-white text-xs leading-none px-3 py-1.5 rounded-md z-(10001) whitespace-nowrap\" id=\"tooltip-join-the-conversation\" role=\"tooltip\" aria-hidden=\"true\">\n<p>Beteiligen Sie sich an der Unterhaltung\n<\/p><\/div>\n<\/div>\n<\/div>\n<div class=\"flex gap-2 text-(#333) subcontainer\">\n<div class=\"relative tooltip-container\" role=\"tooltip\">\n<p><svg class=\"inline-block m-auto size-5 text-inherit filter grayscale brightness-0 contrast-100\" data-component-name=\"Icon\" aria-hidden=\"true\" xmlns=\"http:\/\/www.w3.org\/2000\/svg\" width=\"20\" height=\"20\" fill=\"none\" viewbox=\"0 0 20 20\">\n<path fill=\"#4285F4\" d=\"M18.8 10.208c0-.65-.058-1.275-.167-1.875H10v3.55h4.933a4.226 4.226 0 0 1-1.841 2.759v2.308h2.975C17.8 15.35 18.8 13 18.8 10.208Z\"><\/path>\n<path fill=\"#34A853\" d=\"M10 19.167c2.475 0 4.55-.817 6.066-2.217l-2.975-2.308c-.816.55-1.858.883-3.091.883-2.384 0-4.409-1.608-5.134-3.775h-3.05v2.367c1.509 2.991 4.6 5.05 8.184 5.05Z\"><\/path>\n<path fill=\"#FBBC05\" d=\"M4.865 11.742A5.493 5.493 0 0 1 4.574 10c0-.608.108-1.192.291-1.742V5.892h-3.05A9.054 9.054 0 0 0 .832 10c0 1.483.358 2.875.983 4.108l2.375-1.85.675-.516Z\"><\/path>\n<path fill=\"#EA4335\" d=\"M10 4.483c1.35 0 2.55.467 3.508 1.367l2.625-2.625C14.541 1.742 12.475.833 10 .833c-3.584 0-6.675 2.059-8.184 5.059l3.05 2.366C5.591 6.092 7.616 4.483 10 4.483Z\"><\/path>\n<\/svg><\/p>\n<p>Folgen Sie uns<\/p>\n<div class=\"font-ui-heading max-sm:hidden tooltip absolute left-1\/2 bg-gray-900 text-white text-xs leading-none px-3 py-1.5 rounded-md z-(10001) whitespace-nowrap\" id=\"tooltip-add-us-as-a-preferred-source-on-google\" role=\"tooltip\" aria-hidden=\"true\">\nF\u00fcgen Sie uns als bevorzugte Quelle bei Google hinzu\n<\/div>\n<\/div>\n<div class=\"relative tooltip-container\" role=\"tooltip\">\n<button type=\"button\" class=\"no-underline hover:no-underline newsletter-pop-up-trigger relative text-inherit leading-none text-xs flex items-center gap-1 font-ui-heading\" data-component-name=\"UtilityBar:Newsletter:Button\" id=\"utilitybar__button--newsletter\" aria-label=\"Newsletter\" data-analytics-id=\"article-social\" analytics-label=\"utility-bar-newsletters\" analytics-name=\"utility-bar\" data-mrf-recirculation=\"article-social\"><br \/>\n<svg class=\"inline-block m-auto size-5 text-inherit\" data-component-name=\"Icon\" aria-hidden=\"true\" xmlns=\"http:\/\/www.w3.org\/2000\/svg\" fill=\"none\" viewbox=\"0 0 24 24\" stroke-width=\"1.5\" stroke=\"currentColor\" data-slot=\"icon\">\n<path stroke-linecap=\"round\" stroke-linejoin=\"round\" d=\"M21.75 6.75v10.5a2.25 2.25 0 0 1-2.25 2.25h-15a2.25 2.25 0 0 1-2.25-2.25V6.75m19.5 0A2.25 2.25 0 0 0 19.5 4.5h-15a2.25 2.25 0 0 0-2.25 2.25m19.5 0v.243a2.25 2.25 0 0 1-1.07 1.916l-7.5 4.615a2.25 2.25 0 0 1-2.36 0L3.32 8.91a2.25 2.25 0 0 1-1.07-1.916V6.75\"><\/path>\n<\/svg><\/p>\n<p>Newsletter<br \/>\n<\/button><\/p>\n<div class=\"font-ui-heading max-sm:hidden tooltip absolute left-1\/2 bg-gray-900 text-white text-xs leading-none px-3 py-1.5 rounded-md z-(10001) whitespace-nowrap\" id=\"tooltip-subscribe-to-our-newsletter\" role=\"tooltip\" aria-hidden=\"true\">\n<p>Abonnieren Sie unseren Newsletter\n<\/p><\/div>\n<\/div>\n<\/div>\n<\/div>\n<p id=\"elk-03ed83d4-9d53-11f1-9165-bd4108c33edd\">Wenn Ihre einj\u00e4hrigen Sommerpflanzen zu dieser Jahreszeit ihr Bestes geben, sind Sie nicht allein, und das ist angesichts des Sommers, den wir hatten, auch nicht verwunderlich. Nachdem sie die hei\u00dfesten Wochen des Jahres \u00fcberstanden und wochenlang gebl\u00fcht haben, n\u00e4hern sich die einj\u00e4hrigen Blumen nun dem Ende ihres nat\u00fcrlichen Lebenszyklus und ihnen geht die Kraft aus.<\/p>\n<div id=\"ad-unit-1\" class=\"ad-unit\"><\/div>\n<p>Abgesehen davon, dass sie ihre Bl\u00fctezeit bereits \u00fcberschritten haben, k\u00f6nnen verbrauchte einj\u00e4hrige Pflanzen Sch\u00e4dlinge und Pilze beherbergen. Daher ist jetzt ein guter Zeitpunkt, sie durch Pflanzen f\u00fcr Sp\u00e4tsommer-Farben und Interesse am Fr\u00fchherbst zu ersetzen, da die Saison noch nicht vorbei ist.<\/p>\n<aside data-article-category=\"gardens\" data-block-type=\"embed\" data-render-type=\"fte\" data-skip=\"dealsy\" data-widget-type=\"seasonal\" class=\"ecom-root\"><\/aside>\n<p id=\"elk-03ed83d4-9d53-11f1-9165-bd4108c33edd-2\">Wenn Sie jedoch bereits Ihre Sommerrabatten und -beh\u00e4lter f\u00fcr das n\u00e4chste Jahr planen, warum bestellen Sie nicht jetzt schnell wachsende, bl\u00fchende, einj\u00e4hrige Samen, um im n\u00e4chsten Fr\u00fchjahr einen Vorsprung zu haben? Mit einer Heizmatte, die Sie bei Amazon finden, k\u00f6nnen Sie sie unter Schutz beginnen und nach dem letzten Frost sofort auspflanzen.<\/p>\n<div class=\"my-6 w-full overflow-hidden rounded-(10px) lg:my-8\" data-component-name=\"JwPlayer:Carousel\" data-jwp-carousel data-jwp-carousel-payload='{\"ids\":{\"playerID\":\"nH5qbfDS\",\"searchPlaylistID\":\"JWjbv5QN\",\"divID\":\"botr_JWjbv5QN_nH5qbfDS_div\",\"fallbackPlaylistID\":\"JWjbv5QN\",\"fallbackDivID\":\"botr_JWjbv5QN_nH5qbfDS_div\",\"key\":\"fLxvNqAkFSgQANz9Ytp9fXXsYH5UjXbuR9iNv02Ze7eiW9wL\",\"tintLogo\":true,\"useSearchPlaylist\":false,\"enabled\":true},\"signPostingEnabled\":true,\"signPostingLinkEnabled\":true,\"waitForAdLoad\":false,\"hidePlayerOnDesktop\":false,\"hidePlayerOnMobile\":false,\"hidePlayerOnTablet\":false}'>\n<div class=\"flex flex-nowrap items-center justify-between gap-3 bg-zinc-900 px-(14px) py-3\" data-jwp-carousel-header>\n<div class=\"flex min-w-0 shrink items-center\"><span class=\"inline-flex items-center gap-1.5 text-sm font-article-heading capitalize leading-5 text-white whitespace-nowrap\"><span class=\"jwp-carousel-title-mobile\"><\/span><span class=\"jwp-carousel-title-desktop\">Neueste Videos von<\/span><span class=\"jwp-carousel-brand\">H\u00e4user und G\u00e4rten<\/span><\/span><\/div>\n<\/div>\n<div class=\"aspect-video w-full min-h-(200px) lg:min-h-(330px) relative overflow-hidden bg-black\" data-jwp-carousel-container>\n<div class=\"absolute inset-0 size-full\" data-jwp-carousel-player-host><\/div>\n<div class=\"absolute inset-0 size-full items-center justify-center bg-white\" data-jwp-carousel-fallback><\/div>\n<\/div>\n<div class=\"min-h-(44px) bg-zinc-900 px-(14px) py-3\" data-jwp-carousel-signposting><span data-jwp-carousel-signposting-title>Sehen Sie sich hier das vollst\u00e4ndige Video an: <\/span><\/div>\n<\/div>\n<h3 class=\"article-body__section\" id=\"section-why-clear-dead-summer-annuals\"><span>Warum Dead Summer Annuals l\u00f6schen?<\/span><\/h3>\n<figure class=\"van-image-figure inline-layout \" data-bordeaux-image-check id=\"elk-03ed855a-9d53-11f1-8b42-2b5040b2e0e5\">\n<div class=\"image-full-width-wrapper\">\n<div class=\"image-widthsetter\" style=\"max-width:2000px;\"><\/div>\n<\/div>\n<\/figure>\n<p id=\"elk-03ed85d2-9d53-11f1-b4dc-2752eb0f1107\">Ganz gleich, ob Sie sich nur eine Abwechslung w\u00fcnschen oder die einj\u00e4hrigen Pflanzen in Ihren Rabatten und K\u00fcbeln m\u00fcde und zerzaust aussehen: Der Sp\u00e4tsommer ist die ideale Zeit, sie aufzufrischen, bevor die Temperaturen zu sinken beginnen.<\/p>\n<div id=\"ad-unit-2\" class=\"ad-unit\"><\/div>\n<p>Dar\u00fcber hinaus kann jedes feuchte oder nasse Wetter zu dieser Jahreszeit schnell dazu f\u00fchren, dass gestresste Sommereinj\u00e4hrige verfaulen und Krankheiten entwickeln, die sich auf andere Pflanzen ausbreiten k\u00f6nnen.<\/p>\n<aside data-component-name=\"Recirculation:ArticleRiver\" data-recirculation-type=\"inline\" data-mrf-recirculation=\"Trending Bar\" data-nosnippet class=\"clear-both pt-2 pb-0 mb-4\">\n        <span class=\"\n            flex\n            after:content-('') after:flex-1 after:ml-4 after:my-(0.7rem) after:border-t after:border-solid after:border-(#333)\n            before:content-('') before:flex-1 before:mr-4 before:my-(0.7rem) before:border-t before:border-solid before:border-(#333)\n            font-article-heading pb-0 text-(length:var(--article-river-title--font-size,1em)) uppercase sm:text-(length:var(--article-river-title--font-size,0.875em)) font-normal\n        \"><\/p>\n<p>            Vielleicht gef\u00e4llt es Ihnen<br \/>\n        <\/span><\/p>\n<ul class=\"flex flex-col gap-0 m-0 max-w-full\">\n<li class=\"m-0 list-none border-b border-solid border-(#ededed) py-2.5\" data-recirculation-id=\"recirculation-card-1\" id=\"recirculation-inline-1\" data-analytics-id=\"recirculation-inline-1\" analytics-label=\"\" data-mrf-recirculation=\"recirculation-inline-1\">\n<picture data-new-v2-image=\"true\" class=\"aspect-square size-(85px) md:size-20 shrink-0\"><source type=\"image\/webp\"  ><\/source><\/p>\n<\/picture>\n                        <span class=\"w-full text-base font-(var(--article-river-item--font-weight,500)) font-article-heading line-clamp-3 md:line-clamp-2\">7 Pflanzen, die jetzt in T\u00f6pfen wachsen, um m\u00fcde Beh\u00e4lter wiederzubeleben und sie bis in den Herbst hinein farbenfroh zu halten<\/span><\/p>\n<\/li>\n<li class=\"m-0 list-none border-b border-solid border-(#ededed) py-2.5\" data-recirculation-id=\"recirculation-card-2\" id=\"recirculation-inline-2\" data-analytics-id=\"recirculation-inline-2\" analytics-label=\"\" data-mrf-recirculation=\"recirculation-inline-2\">\n<picture data-new-v2-image=\"true\" class=\"aspect-square size-(85px) md:size-20 shrink-0\"><source type=\"image\/webp\"  ><\/source><br \/>\n    <img decoding=\"async\" alt=\"Pflanzen, die in gr\u00fcnen Beh\u00e4ltern und Hochbeeten wachsen, umgeben einen Sitzbereich und eine mit Kies bestreute Terrasse auf der Chelsea Flower Show\"   loading=\"lazy\" data-new-v2-image=\"true\" src=\"https:\/\/www.strassenweb.de\/nachrichten\/wp-content\/uploads\/2026\/08\/HKMWt2nSizHDZmyrvc4VNZ.jpg\" data-pin-media=\"https:\/\/www.strassenweb.de\/nachrichten\/wp-content\/uploads\/2026\/08\/HKMWt2nSizHDZmyrvc4VNZ.jpg\" class=\"rounded-(var(--image--border-radius,0)) aspect-square size-(85px) md:size-20 object-cover shrink-0\" data-pin-nopin=\"true\">\n    <\/picture>\n                        <span class=\"w-full text-base font-(var(--article-river-item--font-weight,500)) font-article-heading line-clamp-3 md:line-clamp-2\">3 einfache Dinge, die Sie im August tun k\u00f6nnen, um Ihrem Containergarten einen sp\u00e4tsommerlichen Schwung zu verleihen<\/span><\/p>\n<\/li>\n<li class=\"m-0 list-none border-b border-solid border-(#333) py-2.5\" data-recirculation-id=\"recirculation-card-3\" id=\"recirculation-inline-3\" data-analytics-id=\"recirculation-inline-3\" analytics-label=\"\" data-mrf-recirculation=\"recirculation-inline-3\">\n<picture data-new-v2-image=\"true\" class=\"aspect-square size-(85px) md:size-20 shrink-0\"><source type=\"image\/webp\"  ><\/source><br \/>\n    <img decoding=\"async\" alt=\"Ein gro\u00dfes, wildes Blumenbeet mit Salvia, Iris, Dill und einer Terrakotta-Struktur im Hintergrund\"   loading=\"lazy\" data-new-v2-image=\"true\" src=\"https:\/\/www.strassenweb.de\/nachrichten\/wp-content\/uploads\/2026\/07\/UqFaS5Ez9eYNnCt7dLUZsT.jpg\" data-pin-media=\"https:\/\/www.strassenweb.de\/nachrichten\/wp-content\/uploads\/2026\/07\/UqFaS5Ez9eYNnCt7dLUZsT.jpg\" class=\"rounded-(var(--image--border-radius,0)) aspect-square size-(85px) md:size-20 object-cover shrink-0\" data-pin-nopin=\"true\">\n    <\/picture>\n                        <span class=\"w-full text-base font-(var(--article-river-item--font-weight,500)) font-article-heading line-clamp-3 md:line-clamp-2\">S\u00e4en Sie diese 7 schnell wachsenden einj\u00e4hrigen Pflanzen im Juli f\u00fcr frische Herbstfarben, gerade wenn andere Blumen zu verblassen beginnen<\/span><\/p>\n<\/li>\n<\/ul>\n<\/aside>\n<p>Von Zierkohl bis zu japanischen Anemonen teile ich meine bew\u00e4hrten Favoriten aus meiner fast 20-j\u00e4hrigen Karriere als Gartenbauer, um einen neuen Farbtupfer hinzuzuf\u00fcgen und die Saison zu verl\u00e4ngern.<\/p>\n<h3 class=\"article-body__section\" id=\"section-ornamental-kale\"><span>Zierkohl<\/span><\/h3>\n<figure class=\"van-image-figure inline-layout \" data-bordeaux-image-check id=\"elk-03ed86a4-9d53-11f1-9f36-af3e3467151e\">\n<div class=\"image-full-width-wrapper\">\n<div class=\"image-widthsetter\" style=\"max-width:2400px;\"><\/div>\n<\/div>\n<\/figure>\n<p id=\"elk-03ed8712-9d53-11f1-9441-774f3fb67076\">Gegen Ende August sind viele einj\u00e4hrige Sommerpflanzen wie Duftwicken und Kosmos entweder im Aussterben begriffen oder bereits ausges\u00e4t. Jetzt ist es an der Zeit, Samen f\u00fcr das n\u00e4chste Jahr zu ernten, auszurei\u00dfen und zu kompostieren.<\/p>\n<div id=\"slice-container-newsletterForm-articleInbodyContent-5FGkpvqSmmMiBtb9SKFzh\" class=\"slice-container newsletter-inbodyContent-slice newsletterForm-articleInbodyContent newsletterForm-articleInbodyContent-5FGkpvqSmmMiBtb9SKFzh slice-container-newsletterForm\" data-newsletter-form-root=\"\" data-observe-viewable=\"true\" data-component-name=\"Newsletter:NewsletterForm\" style=\"--newsletter-form-primary-color: #1b1b1b; --newsletter-form-secondary-color: #1b1b1b; --newsletter-form-background-color: #f6f6f6; --newsletter-form-text-color: #000; --newsletter-form-wrapper-padding: 40px; --newsletter-form-justify-content: center; --newsletter-form-strapline-margin: 0 0 20px; --newsletter-form-header-font-size: 2em; --newsletter-form-header-line-height: normal; --newsletter-form-header-margin-bottom: 10px; --newsletter-form-alignment: center; --newsletter-form-container-max-width: none;\">\n<\/div>\n<p>F\u00fcr Interesse im Fr\u00fchherbst und Winter: Zierkohl oder Zierkohl (<em>Brassica oleracea <\/em>var. <em>Kopf<\/em>), die eher wegen ihres Aussehens als wegen ihres kulinarischen Nutzens angebaut werden, sind eine gute Wahl. Sie sind in einer breiten Palette lebendiger Farben erh\u00e4ltlich, darunter Wei\u00df, Rosa, Rot und Lila, und eignen sich perfekt zum F\u00fcllen von L\u00fccken in R\u00e4ndern oder Beh\u00e4ltern. Dar\u00fcber hinaus k\u00f6nnen ihre auff\u00e4lligen Farbt\u00f6ne bei sinkenden Temperaturen sogar noch dunkler werden.<\/p>\n<p>Bl\u00fchende Kohlsamen sind h\u00e4ufig als Plug-Pflanzen in einer \u00f6rtlichen G\u00e4rtnerei erh\u00e4ltlich und k\u00f6nnen auch auf dem True Leaf Market erworben werden.<\/p>\n<p>Nach wochen- oder monatelangem F\u00fcttern einj\u00e4hriger Pflanzen kann es jedoch vorkommen, dass dem Boden in K\u00fcbeln die N\u00e4hrstoffe entgehen, die f\u00fcr die Unterst\u00fctzung des Pflanzenwachstums von entscheidender Bedeutung sind. Nehmen Sie sich vor dem Umpflanzen die Zeit, Ihre K\u00fcbelerde zu d\u00fcngen oder aufzufrischen, da dies Ihren neuen Pflanzen einen Schub gibt und ihnen hilft, die kommenden Monate zu \u00fcberstehen.<\/p>\n<aside data-component-name=\"Recirculation:ArticleRiver\" data-recirculation-type=\"inline\" data-mrf-recirculation=\"Trending Bar\" data-nosnippet class=\"clear-both pt-2 pb-0 mb-4\">\n        <span class=\"\n            flex\n            after:content-('') after:flex-1 after:ml-4 after:my-(0.7rem) after:border-t after:border-solid after:border-(#333)\n            before:content-('') before:flex-1 before:mr-4 before:my-(0.7rem) before:border-t before:border-solid before:border-(#333)\n            font-article-heading pb-0 text-(length:var(--article-river-title--font-size,1em)) uppercase sm:text-(length:var(--article-river-title--font-size,0.875em)) font-normal\n        \"><\/p>\n<p>            Was Sie als n\u00e4chstes lesen sollten<br \/>\n        <\/span><\/p>\n<ul class=\"flex flex-col gap-0 m-0 max-w-full\">\n<li class=\"m-0 list-none border-b border-solid border-(#ededed) py-2.5\" data-recirculation-id=\"recirculation-card-1\" id=\"recirculation-inline-2-1\" data-analytics-id=\"recirculation-2-inline-1\" analytics-label=\"\" data-mrf-recirculation=\"recirculation-2-inline-1\">\n<picture data-new-v2-image=\"true\" class=\"aspect-square size-(85px) md:size-20 shrink-0\"><source type=\"image\/webp\"  ><\/source><br \/>\n    <img decoding=\"async\" alt=\"Rosa Sonnenhut\"   loading=\"lazy\" data-new-v2-image=\"true\" src=\"https:\/\/www.strassenweb.de\/nachrichten\/wp-content\/uploads\/2026\/09\/UedMgys2heFVE3Vy7CS8Xb.jpg\" data-pin-media=\"https:\/\/www.strassenweb.de\/nachrichten\/wp-content\/uploads\/2026\/09\/UedMgys2heFVE3Vy7CS8Xb.jpg\" class=\"rounded-(var(--image--border-radius,0)) aspect-square size-(85px) md:size-20 object-cover shrink-0\" data-pin-nopin=\"true\">\n    <\/picture>\n                        <span class=\"w-full text-base font-(var(--article-river-item--font-weight,500)) font-article-heading line-clamp-3 md:line-clamp-2\">Das Einzige, was professionelle G\u00e4rtner im August tun, um ihre Beete bis zum Herbst frisch aussehen zu lassen \u2013 und die meisten Leute vergessen es<\/span><\/p>\n<\/li>\n<li class=\"m-0 list-none border-b border-solid border-(#ededed) py-2.5\" data-recirculation-id=\"recirculation-card-2\" id=\"recirculation-inline-2-2\" data-analytics-id=\"recirculation-2-inline-2\" analytics-label=\"\" data-mrf-recirculation=\"recirculation-2-inline-2\">\n<picture data-new-v2-image=\"true\" class=\"aspect-square size-(85px) md:size-20 shrink-0\"><source type=\"image\/webp\"  ><\/source><br \/>\n    <img decoding=\"async\" alt=\"bunte Herbstblumen\"   loading=\"lazy\" data-new-v2-image=\"true\" src=\"https:\/\/www.strassenweb.de\/nachrichten\/wp-content\/uploads\/2026\/08\/pb8RQQJRLL4CYN8ubntxNn.jpg\" data-pin-media=\"https:\/\/www.strassenweb.de\/nachrichten\/wp-content\/uploads\/2026\/08\/pb8RQQJRLL4CYN8ubntxNn.jpg\" class=\"rounded-(var(--image--border-radius,0)) aspect-square size-(85px) md:size-20 object-cover shrink-0\" data-pin-nopin=\"true\">\n    <\/picture>\n                        <span class=\"w-full text-base font-(var(--article-river-item--font-weight,500)) font-article-heading line-clamp-3 md:line-clamp-2\">Was Sie im August pflanzen sollten, damit Ihr Garten bis in den Herbst hinein voll und sch\u00f6n aussieht<\/span><\/p>\n<\/li>\n<li class=\"m-0 list-none border-b border-solid border-(#333) py-2.5\" data-recirculation-id=\"recirculation-card-3\" id=\"recirculation-inline-2-3\" data-analytics-id=\"recirculation-2-inline-3\" analytics-label=\"\" data-mrf-recirculation=\"recirculation-2-inline-3\">\n<picture data-new-v2-image=\"true\" class=\"aspect-square size-(85px) md:size-20 shrink-0\"><source type=\"image\/webp\"  ><\/source><br \/>\n    <img decoding=\"async\" alt=\"bunte Zinnien\"   loading=\"lazy\" data-new-v2-image=\"true\" src=\"https:\/\/www.strassenweb.de\/nachrichten\/wp-content\/uploads\/2026\/03\/eqGwmThEYiKbQKa87nrUpD.jpg\" data-pin-media=\"https:\/\/www.strassenweb.de\/nachrichten\/wp-content\/uploads\/2026\/03\/eqGwmThEYiKbQKa87nrUpD.jpg\" class=\"rounded-(var(--image--border-radius,0)) aspect-square size-(85px) md:size-20 object-cover shrink-0\" data-pin-nopin=\"true\">\n    <\/picture>\n                        <span class=\"w-full text-base font-(var(--article-river-item--font-weight,500)) font-article-heading line-clamp-3 md:line-clamp-2\">6 Blumen, die im Juni wachsen, damit sie bis August bl\u00fchen \u2013 es ist noch nicht zu sp\u00e4t f\u00fcr einen Sommer voller Farben<\/span><\/p>\n<\/li>\n<\/ul>\n<\/aside>\n<h3 class=\"article-body__section\" id=\"section-aster\"><span>Aster<\/span><\/h3>\n<figure class=\"van-image-figure inline-layout \" data-bordeaux-image-check id=\"elk-03ed87e4-9d53-11f1-a1d1-5d777998b5f6\">\n<div class=\"image-full-width-wrapper\">\n<div class=\"image-widthsetter\" style=\"max-width:2400px;\"><\/div>\n<\/div>\n<\/figure>\n<p id=\"elk-03ed8852-9d53-11f1-b8d7-53d7004be82c\">Mit einfachen, aber atemberaubenden Bl\u00fcten vom Sp\u00e4tsommer bis in den Herbst hinein sind Astern (<em>Symphyotrichum<\/em>) kommen dann voll zur Geltung, wenn die meisten Sommerbeetpflanzen zu Ende gehen, und eignen sich ideal als Ersatz f\u00fcr abgestorbene Sommereinj\u00e4hrige. Die g\u00e4nsebl\u00fcmchen\u00e4hnlichen Bl\u00fcten der Astern sind in vielen Sorten erh\u00e4ltlich und k\u00f6nnen von Wei\u00df und Rosa bis hin zu tiefem Lila und Rot reichen.<\/p>\n<p>Die in Mittel- und Ostnordamerika beheimatete Neuengland-Aster wird f\u00fcr ihre best\u00e4ubungsfreundlichen Bl\u00fcten und ihre F\u00e4higkeit, vom Sp\u00e4tsommer bis zum Herbst zu bl\u00fchen, gesch\u00e4tzt. Er wird 90 bis 180 cm hoch und gedeiht in der vollen Sonne. Neuengland-Astern sind eine einfach zu z\u00fcchtende, mehrj\u00e4hrige Pflanze, die Jahr f\u00fcr Jahr wiederkommt. Die Neuengland-Aster \u201eGrape Crush\u201c gilt bis zur USDA-Zone 3 als k\u00e4lteresistent und ist bei Nature Hills erh\u00e4ltlich.<\/p>\n<p>Wie bei allen Neupflanzungen ist das Gie\u00dfen der Schl\u00fcssel zur Etablierung der Astern, insbesondere in einem warmen Herbst. Nachdem die verbl\u00fchten Pflanzen entfernt wurden und Platz f\u00fcr die Installation vorhanden ist, ist es jetzt an der Zeit, eine Tropfbew\u00e4sserung oder einen Tr\u00e4nkerschlauch einzurichten. Durch die Minimierung des Wasserverlusts und die Wasserversorgung der Pflanzenbasis k\u00f6nnen Bew\u00e4sserungssysteme wie die bei Amazon erh\u00e4ltlichen Bonviee-System-Kits Ihnen auch Zeit sparen.<\/p>\n<h3 class=\"article-body__section\" id=\"section-japanese-anemone\"><span>Japanische Anemone<\/span><\/h3>\n<figure class=\"van-image-figure inline-layout \" data-bordeaux-image-check id=\"elk-03ed892e-9d53-11f1-a1ef-49dc4391716f\">\n<div class=\"image-full-width-wrapper\">\n<div class=\"image-widthsetter\" style=\"max-width:2400px;\"><\/div>\n<\/div>\n<\/figure>\n<p id=\"elk-03ed8992-9d53-11f1-9863-6d412f525a3a\">Japanische Anemonen bl\u00fchen vom Hochsommer bis zum ersten Frost des Winters (<em>Anemone hupehensis<\/em>,<em> Anemone \u00d7 hybrida<\/em>), auch Windblumen genannt, werden oft zur Verl\u00e4ngerung der Saison verwendet und sind ideal f\u00fcr ein Herbstbeet.<\/p>\n<p>Die eleganten mehrj\u00e4hrigen Bl\u00fcten sind in den Farben Wei\u00df, Rosa und Lila erh\u00e4ltlich und werden von d\u00fcnnen, geraden Stielen in die H\u00f6he gehalten. Sie gedeihen im Halbschatten. Obwohl japanische Anemonen in mehreren von mir verwalteten G\u00e4rten eine feste Gr\u00f6\u00dfe sind, sind sie aufgrund ihrer Tendenz, sich \u00fcber unterirdische Rhizome kr\u00e4ftig auszubreiten, als invasive Stauden bekannt und k\u00f6nnen schnell eine Grenze \u00fcberwuchern, wenn sie nicht bek\u00e4mpft werden. Zum Gl\u00fcck gedeihen sie aber auch in Beh\u00e4ltern, wo sie nur eingeschr\u00e4nkt m\u00f6glich sind.<\/p>\n<p>Da Windblumen giftig und der Saft reizend sind, sollten beim Umgang mit Pflanzenmaterial Handschuhe getragen werden. Gartenhandschuhe aus Rindsleder sind bei Amazon erh\u00e4ltlich.<\/p>\n<h3 class=\"article-body__section\" id=\"section-chrysanthemums\"><span>Chrysanthemen<\/span><\/h3>\n<figure class=\"van-image-figure inline-layout \" data-bordeaux-image-check id=\"elk-03ed8a64-9d53-11f1-bf45-d33d5edd079c\">\n<div class=\"image-full-width-wrapper\">\n<div class=\"image-widthsetter\" style=\"max-width:2400px;\"><\/div>\n<\/div>\n<\/figure>\n<p id=\"elk-03ed8ad2-9d53-11f1-b37b-a725fa141d95\">Eine weitere gro\u00dfartige Blume, mit der Sie verbrauchte Sommer-Einj\u00e4hrige ersetzen k\u00f6nnen, ist die <em>Chrysantheme<\/em>. Die winterharten, mehrj\u00e4hrigen Chrysanthemen werden wegen ihrer Bl\u00fcten im Sp\u00e4tsommer und Herbst angebaut und sind in einer gro\u00dfen Auswahl an Farben, Formen und Gr\u00f6\u00dfen erh\u00e4ltlich, was sie perfekt macht, um Ihren Rabatten und Gef\u00e4\u00dfen mehr Aufmerksamkeit und Wirkung zu verleihen.<\/p>\n<p>Von k\u00fcrzeren Zwergsorten bis hin zu h\u00f6heren Randsorten gibt es mit ziemlicher Sicherheit eine Chrysantheme, die die Vegetationsperiode in Ihrem Garten verl\u00e4ngert. Winterharte Chrysanthemen gedeihen im Allgemeinen in den USDA-Zonen 5 bis 9 und vertragen niedrige Temperaturen, wenn der Boden gut entw\u00e4ssert ist, da sie anf\u00e4llig f\u00fcr Wurzelf\u00e4ule sind, wenn sie in einem kalten, feuchten Boden stehen.<\/p>\n<p>Zum Schutz vor Frost und zur Isolierung der Wurzeln \u00fcber den Winter k\u00f6nnen Sie im Sp\u00e4therbst eine 5 bis 7 cm dicke Mulchschicht auftragen. Stroh, Kiefernnadeln und Hartholzsp\u00e4ne bilden eine hervorragende Isolierschicht f\u00fcr winterharte Chrysanthemen. Sie k\u00f6nnen CleanStraw Kiefernstrohmulch bei Walmart kaufen.<\/p>\n<h3 class=\"article-body__section\" id=\"section-pansy\"><span>Stiefm\u00fctterchen<\/span><\/h3>\n<figure class=\"van-image-figure inline-layout \" data-bordeaux-image-check id=\"elk-03ed8ba4-9d53-11f1-aca6-451ca86e8237\">\n<div class=\"image-full-width-wrapper\">\n<div class=\"image-widthsetter\" style=\"max-width:2400px;\"><\/div>\n<\/div>\n<\/figure>\n<p id=\"elk-03ed8c12-9d53-11f1-a4fe-69bb04006e60\">Eine der besten Herbstblumen f\u00fcr T\u00f6pfe, Stiefm\u00fctterchen (<em>Viola<\/em> X <em>wittrockiana<\/em>) sind eine beliebte Wahl, um einem Beh\u00e4lter schnell etwas Farbe zu verleihen. Wenn der Herbst naht, sind Stiefm\u00fctterchen dar\u00fcber hinaus ideal, um das k\u00fchle Wetter zu nutzen, da sie bei Temperaturen zwischen 20 und 20 \u00b0C gedeihen.<\/p>\n<p>Stiefm\u00fctterchen wachsen gut in der vollen Sonne oder im Halbschatten und sind eine vielseitige Wahl. Um ihnen jedoch einen guten Start zu erm\u00f6glichen, k\u00f6nnen Sie sie in frische Erde pflanzen, beispielsweise in die bei Walmart erh\u00e4ltliche Miracle-Gro-Blumenerde.<\/p>\n<p>Wenn Sie Beh\u00e4lter f\u00fcr Herbst- und Winterpr\u00e4sentationen ausw\u00e4hlen, sollten Sie frostbest\u00e4ndige Materialien w\u00e4hlen, die auch den schlimmsten Winterwetterbedingungen standhalten. Die runden Pflanzgef\u00e4\u00dfe von Veradek f\u00fcr den Au\u00dfenbereich sind sowohl licht- als auch witterungsbest\u00e4ndig und k\u00f6nnen bei Amazon erworben werden.<\/p>\n<hr id=\"elk-03ed8c80-9d53-11f1-a219-5bd39d34239f\">\n<p id=\"elk-03ed8cee-9d53-11f1-8f19-49bd691b6afc\">Da der Herbst immer n\u00e4her r\u00fcckt, steht Mulchen auf der To-Do-Liste und ist eine Aufgabe, die nicht nur das Aussehen Ihres Gartens verbessert, sondern auch den Boden verbessert.<\/p>\n<p>G\u00e4rtner neigen dazu, ihre Beete und Rabatten im Fr\u00fchjahr und Herbst zu mulchen. Der August kann jedoch auch eine gute Zeit f\u00fcr die Kompostierung sein. Das Hinzuf\u00fcgen einer Kompostschicht tr\u00e4gt dazu bei, verbrauchten Boden wiederzubeleben und verbrauchte N\u00e4hrstoffe zu ersetzen. Au\u00dferdem kann es dazu beitragen, dass sandige B\u00f6den mehr Feuchtigkeit speichern und die Entw\u00e4sserung in Lehmb\u00f6den verbessert wird.<\/p>\n<p>Wenn Sie inspirierende Gartenideen, Outdoor-Ratschl\u00e4ge und die neuesten Nachrichten lieben, warum nicht <u>Melden Sie sich f\u00fcr unseren Newsletter an <\/u>und die neuesten Funktionen direkt in Ihren Posteingang geliefert bekommen?<\/p>\n<\/div>\n<p><script async src=\"https:\/\/platform.twitter.com\/widgets.js\" charset=\"utf-8\"><\/script><\/p>\n","protected":false},"excerpt":{"rendered":"<p>Aktie Link kopieren Facebook X WhatsApp Pinterest Teilen Sie diesen Artikel Beteiligen Sie sich an der Unterhaltung Folgen Sie uns F\u00fcgen Sie uns als bevorzugte<\/p>\n","protected":false},"author":1,"featured_media":16675,"comment_status":"closed","ping_status":"","sticky":false,"template":"","format":"standard","meta":{"footnotes":""},"categories":[118],"tags":[17227,201,81,9,2172,15,781,134,165,17226,9173,16928,37,744,17228,526],"class_list":["post-16674","post","type-post","status-publish","format-standard","has-post-thumbnail","hentry","category-haus-garten","tag-auszusortieren","tag-beste","tag-der","tag-die","tag-ersetzen","tag-ist","tag-kann","tag-man","tag-sie","tag-sommereinjaehrige","tag-spaetsommer","tag-tote","tag-und","tag-warum","tag-womit","tag-zeit","generate-columns","tablet-grid-50","mobile-grid-100","grid-parent","grid-50"],"yoast_head":"<!-- This site is optimized with the Yoast SEO plugin v27.3 - https:\/\/yoast.com\/product\/yoast-seo-wordpress\/ -->\n<title>Warum der Sp\u00e4tsommer die beste Zeit ist, tote Sommer-Einj\u00e4hrige auszusortieren \u2013 und womit man sie ersetzen kann - Nachrichten - Stra\u00dfenweb<\/title>\n<meta name=\"robots\" content=\"index, follow, max-snippet:-1, max-image-preview:large, max-video-preview:-1\" \/>\n<link rel=\"canonical\" href=\"https:\/\/www.strassenweb.de\/nachrichten\/warum-der-spaetsommer-die-beste-zeit-ist-tote-sommer-einjaehrige-auszusortieren-und-womit-man-sie-ersetzen-kann\/\" \/>\n<meta property=\"og:locale\" content=\"de_DE\" \/>\n<meta property=\"og:type\" content=\"article\" \/>\n<meta property=\"og:title\" content=\"Warum der Sp\u00e4tsommer die beste Zeit ist, tote Sommer-Einj\u00e4hrige auszusortieren \u2013 und womit man sie ersetzen kann - Nachrichten - Stra\u00dfenweb\" \/>\n<meta property=\"og:description\" content=\"Aktie Link kopieren Facebook X WhatsApp Pinterest Teilen Sie diesen Artikel Beteiligen Sie sich an der Unterhaltung Folgen Sie uns F\u00fcgen Sie uns als bevorzugte\" \/>\n<meta property=\"og:url\" content=\"https:\/\/www.strassenweb.de\/nachrichten\/warum-der-spaetsommer-die-beste-zeit-ist-tote-sommer-einjaehrige-auszusortieren-und-womit-man-sie-ersetzen-kann\/\" \/>\n<meta property=\"og:site_name\" content=\"Stra\u00dfenweb\" \/>\n<meta property=\"article:publisher\" content=\"https:\/\/www.facebook.com\/strassenweb\/\" \/>\n<meta property=\"article:published_time\" content=\"2026-09-02T00:39:27+00:00\" \/>\n<meta property=\"article:modified_time\" content=\"2026-09-02T00:39:35+00:00\" \/>\n<meta property=\"og:image\" content=\"https:\/\/www.strassenweb.de\/nachrichten\/wp-content\/uploads\/2026\/09\/Warum-der-Spaetsommer-die-beste-Zeit-ist-tote-Sommer-Einjaehrige-auszusortieren.jpg\" \/>\n\t<meta property=\"og:image:width\" content=\"1600\" \/>\n\t<meta property=\"og:image:height\" content=\"900\" \/>\n\t<meta property=\"og:image:type\" content=\"image\/jpeg\" \/>\n<meta name=\"author\" content=\"Robert Hoffmann\" \/>\n<meta name=\"twitter:card\" content=\"summary_large_image\" \/>\n<meta name=\"twitter:label1\" content=\"Verfasst von\" \/>\n\t<meta name=\"twitter:data1\" content=\"Robert Hoffmann\" \/>\n\t<meta name=\"twitter:label2\" content=\"Gesch\u00e4tzte Lesezeit\" \/>\n\t<meta name=\"twitter:data2\" content=\"8\u00a0Minuten\" \/>\n<script type=\"application\/ld+json\" class=\"yoast-schema-graph\">{\"@context\":\"https:\\\/\\\/schema.org\",\"@graph\":[{\"@type\":\"Article\",\"@id\":\"https:\\\/\\\/www.strassenweb.de\\\/nachrichten\\\/warum-der-spaetsommer-die-beste-zeit-ist-tote-sommer-einjaehrige-auszusortieren-und-womit-man-sie-ersetzen-kann\\\/#article\",\"isPartOf\":{\"@id\":\"https:\\\/\\\/www.strassenweb.de\\\/nachrichten\\\/warum-der-spaetsommer-die-beste-zeit-ist-tote-sommer-einjaehrige-auszusortieren-und-womit-man-sie-ersetzen-kann\\\/\"},\"author\":{\"name\":\"Robert Hoffmann\",\"@id\":\"https:\\\/\\\/www.strassenweb.de\\\/nachrichten\\\/#\\\/schema\\\/person\\\/87c9c9067f1211da429a744dc5a5aa41\"},\"headline\":\"Warum der Sp\u00e4tsommer die beste Zeit ist, tote Sommer-Einj\u00e4hrige auszusortieren \u2013 und womit man sie ersetzen kann\",\"datePublished\":\"2026-09-02T00:39:27+00:00\",\"dateModified\":\"2026-09-02T00:39:35+00:00\",\"mainEntityOfPage\":{\"@id\":\"https:\\\/\\\/www.strassenweb.de\\\/nachrichten\\\/warum-der-spaetsommer-die-beste-zeit-ist-tote-sommer-einjaehrige-auszusortieren-und-womit-man-sie-ersetzen-kann\\\/\"},\"wordCount\":1527,\"publisher\":{\"@id\":\"https:\\\/\\\/www.strassenweb.de\\\/nachrichten\\\/#organization\"},\"image\":{\"@id\":\"https:\\\/\\\/www.strassenweb.de\\\/nachrichten\\\/warum-der-spaetsommer-die-beste-zeit-ist-tote-sommer-einjaehrige-auszusortieren-und-womit-man-sie-ersetzen-kann\\\/#primaryimage\"},\"thumbnailUrl\":\"https:\\\/\\\/www.strassenweb.de\\\/nachrichten\\\/wp-content\\\/uploads\\\/2026\\\/09\\\/Warum-der-Spaetsommer-die-beste-Zeit-ist-tote-Sommer-Einjaehrige-auszusortieren.jpg\",\"keywords\":[\"auszusortieren\",\"beste\",\"der\",\"die\",\"ersetzen\",\"ist\",\"kann\",\"man\",\"Sie\",\"SommerEinj\u00e4hrige\",\"Sp\u00e4tsommer\",\"tote\",\"und\",\"warum\",\"womit\",\"Zeit\"],\"articleSection\":[\"Haus &amp; Garten\"],\"inLanguage\":\"de\"},{\"@type\":\"WebPage\",\"@id\":\"https:\\\/\\\/www.strassenweb.de\\\/nachrichten\\\/warum-der-spaetsommer-die-beste-zeit-ist-tote-sommer-einjaehrige-auszusortieren-und-womit-man-sie-ersetzen-kann\\\/\",\"url\":\"https:\\\/\\\/www.strassenweb.de\\\/nachrichten\\\/warum-der-spaetsommer-die-beste-zeit-ist-tote-sommer-einjaehrige-auszusortieren-und-womit-man-sie-ersetzen-kann\\\/\",\"name\":\"Warum der Sp\u00e4tsommer die beste Zeit ist, tote Sommer-Einj\u00e4hrige auszusortieren \u2013 und womit man sie ersetzen kann - Nachrichten - Stra\u00dfenweb\",\"isPartOf\":{\"@id\":\"https:\\\/\\\/www.strassenweb.de\\\/nachrichten\\\/#website\"},\"primaryImageOfPage\":{\"@id\":\"https:\\\/\\\/www.strassenweb.de\\\/nachrichten\\\/warum-der-spaetsommer-die-beste-zeit-ist-tote-sommer-einjaehrige-auszusortieren-und-womit-man-sie-ersetzen-kann\\\/#primaryimage\"},\"image\":{\"@id\":\"https:\\\/\\\/www.strassenweb.de\\\/nachrichten\\\/warum-der-spaetsommer-die-beste-zeit-ist-tote-sommer-einjaehrige-auszusortieren-und-womit-man-sie-ersetzen-kann\\\/#primaryimage\"},\"thumbnailUrl\":\"https:\\\/\\\/www.strassenweb.de\\\/nachrichten\\\/wp-content\\\/uploads\\\/2026\\\/09\\\/Warum-der-Spaetsommer-die-beste-Zeit-ist-tote-Sommer-Einjaehrige-auszusortieren.jpg\",\"datePublished\":\"2026-09-02T00:39:27+00:00\",\"dateModified\":\"2026-09-02T00:39:35+00:00\",\"breadcrumb\":{\"@id\":\"https:\\\/\\\/www.strassenweb.de\\\/nachrichten\\\/warum-der-spaetsommer-die-beste-zeit-ist-tote-sommer-einjaehrige-auszusortieren-und-womit-man-sie-ersetzen-kann\\\/#breadcrumb\"},\"inLanguage\":\"de\",\"potentialAction\":[{\"@type\":\"ReadAction\",\"target\":[\"https:\\\/\\\/www.strassenweb.de\\\/nachrichten\\\/warum-der-spaetsommer-die-beste-zeit-ist-tote-sommer-einjaehrige-auszusortieren-und-womit-man-sie-ersetzen-kann\\\/\"]}]},{\"@type\":\"ImageObject\",\"inLanguage\":\"de\",\"@id\":\"https:\\\/\\\/www.strassenweb.de\\\/nachrichten\\\/warum-der-spaetsommer-die-beste-zeit-ist-tote-sommer-einjaehrige-auszusortieren-und-womit-man-sie-ersetzen-kann\\\/#primaryimage\",\"url\":\"https:\\\/\\\/www.strassenweb.de\\\/nachrichten\\\/wp-content\\\/uploads\\\/2026\\\/09\\\/Warum-der-Spaetsommer-die-beste-Zeit-ist-tote-Sommer-Einjaehrige-auszusortieren.jpg\",\"contentUrl\":\"https:\\\/\\\/www.strassenweb.de\\\/nachrichten\\\/wp-content\\\/uploads\\\/2026\\\/09\\\/Warum-der-Spaetsommer-die-beste-Zeit-ist-tote-Sommer-Einjaehrige-auszusortieren.jpg\",\"width\":1600,\"height\":900,\"caption\":\"Annual flowers growing in a metal container in a backyard\"},{\"@type\":\"BreadcrumbList\",\"@id\":\"https:\\\/\\\/www.strassenweb.de\\\/nachrichten\\\/warum-der-spaetsommer-die-beste-zeit-ist-tote-sommer-einjaehrige-auszusortieren-und-womit-man-sie-ersetzen-kann\\\/#breadcrumb\",\"itemListElement\":[{\"@type\":\"ListItem\",\"position\":1,\"name\":\"Home\",\"item\":\"https:\\\/\\\/www.strassenweb.de\\\/nachrichten\\\/\"},{\"@type\":\"ListItem\",\"position\":2,\"name\":\"Warum der Sp\u00e4tsommer die beste Zeit ist, tote Sommer-Einj\u00e4hrige auszusortieren \u2013 und womit man sie ersetzen kann\"}]},{\"@type\":\"WebSite\",\"@id\":\"https:\\\/\\\/www.strassenweb.de\\\/nachrichten\\\/#website\",\"url\":\"https:\\\/\\\/www.strassenweb.de\\\/nachrichten\\\/\",\"name\":\"Stra\u00dfenweb\",\"description\":\"Stra\u00dfenverzeichnis f\u00fcr Deutschland\",\"publisher\":{\"@id\":\"https:\\\/\\\/www.strassenweb.de\\\/nachrichten\\\/#organization\"},\"potentialAction\":[{\"@type\":\"SearchAction\",\"target\":{\"@type\":\"EntryPoint\",\"urlTemplate\":\"https:\\\/\\\/www.strassenweb.de\\\/nachrichten\\\/?s={search_term_string}\"},\"query-input\":{\"@type\":\"PropertyValueSpecification\",\"valueRequired\":true,\"valueName\":\"search_term_string\"}}],\"inLanguage\":\"de\"},{\"@type\":\"Organization\",\"@id\":\"https:\\\/\\\/www.strassenweb.de\\\/nachrichten\\\/#organization\",\"name\":\"Stra\u00dfenweb\",\"url\":\"https:\\\/\\\/www.strassenweb.de\\\/nachrichten\\\/\",\"logo\":{\"@type\":\"ImageObject\",\"inLanguage\":\"de\",\"@id\":\"https:\\\/\\\/www.strassenweb.de\\\/nachrichten\\\/#\\\/schema\\\/logo\\\/image\\\/\",\"url\":\"https:\\\/\\\/www.strassenweb.de\\\/nachrichten\\\/wp-content\\\/uploads\\\/2024\\\/09\\\/cropped-favicon.png\",\"contentUrl\":\"https:\\\/\\\/www.strassenweb.de\\\/nachrichten\\\/wp-content\\\/uploads\\\/2024\\\/09\\\/cropped-favicon.png\",\"width\":512,\"height\":512,\"caption\":\"Stra\u00dfenweb\"},\"image\":{\"@id\":\"https:\\\/\\\/www.strassenweb.de\\\/nachrichten\\\/#\\\/schema\\\/logo\\\/image\\\/\"},\"sameAs\":[\"https:\\\/\\\/www.facebook.com\\\/strassenweb\\\/\"]},{\"@type\":\"Person\",\"@id\":\"https:\\\/\\\/www.strassenweb.de\\\/nachrichten\\\/#\\\/schema\\\/person\\\/87c9c9067f1211da429a744dc5a5aa41\",\"name\":\"Robert Hoffmann\",\"image\":{\"@type\":\"ImageObject\",\"inLanguage\":\"de\",\"@id\":\"https:\\\/\\\/www.strassenweb.de\\\/nachrichten\\\/wp-content\\\/uploads\\\/2024\\\/09\\\/strassenweb-150x150.jpg\",\"url\":\"https:\\\/\\\/www.strassenweb.de\\\/nachrichten\\\/wp-content\\\/uploads\\\/2024\\\/09\\\/strassenweb-150x150.jpg\",\"contentUrl\":\"https:\\\/\\\/www.strassenweb.de\\\/nachrichten\\\/wp-content\\\/uploads\\\/2024\\\/09\\\/strassenweb-150x150.jpg\",\"caption\":\"Robert Hoffmann\"},\"description\":\"Ich hei\u00dfe Robert Hoffmann und ich bin ein leidenschaftlicher Verfechter von \u00d6kologie und Biodiversit\u00e4t. Seit meiner Kindheit in den W\u00e4ldern Bayerns f\u00fchle ich mich mit der Natur verbunden und bin entschlossen, sie zu sch\u00fctzen. Heute widme ich mein Leben der Sensibilisierung anderer f\u00fcr die Bedeutung des Umweltschutzes f\u00fcr zuk\u00fcnftige Generationen.\",\"sameAs\":[\"https:\\\/\\\/www.strassenweb.de\\\/\"]}]}<\/script>\n<!-- \/ Yoast SEO plugin. -->","yoast_head_json":{"title":"Warum der Sp\u00e4tsommer die beste Zeit ist, tote Sommer-Einj\u00e4hrige auszusortieren \u2013 und womit man sie ersetzen kann - Nachrichten - Stra\u00dfenweb","robots":{"index":"index","follow":"follow","max-snippet":"max-snippet:-1","max-image-preview":"max-image-preview:large","max-video-preview":"max-video-preview:-1"},"canonical":"https:\/\/www.strassenweb.de\/nachrichten\/warum-der-spaetsommer-die-beste-zeit-ist-tote-sommer-einjaehrige-auszusortieren-und-womit-man-sie-ersetzen-kann\/","og_locale":"de_DE","og_type":"article","og_title":"Warum der Sp\u00e4tsommer die beste Zeit ist, tote Sommer-Einj\u00e4hrige auszusortieren \u2013 und womit man sie ersetzen kann - Nachrichten - Stra\u00dfenweb","og_description":"Aktie Link kopieren Facebook X WhatsApp Pinterest Teilen Sie diesen Artikel Beteiligen Sie sich an der Unterhaltung Folgen Sie uns F\u00fcgen Sie uns als bevorzugte","og_url":"https:\/\/www.strassenweb.de\/nachrichten\/warum-der-spaetsommer-die-beste-zeit-ist-tote-sommer-einjaehrige-auszusortieren-und-womit-man-sie-ersetzen-kann\/","og_site_name":"Stra\u00dfenweb","article_publisher":"https:\/\/www.facebook.com\/strassenweb\/","article_published_time":"2026-09-02T00:39:27+00:00","article_modified_time":"2026-09-02T00:39:35+00:00","og_image":[{"width":1600,"height":900,"url":"https:\/\/www.strassenweb.de\/nachrichten\/wp-content\/uploads\/2026\/09\/Warum-der-Spaetsommer-die-beste-Zeit-ist-tote-Sommer-Einjaehrige-auszusortieren.jpg","type":"image\/jpeg"}],"author":"Robert Hoffmann","twitter_card":"summary_large_image","twitter_misc":{"Verfasst von":"Robert Hoffmann","Gesch\u00e4tzte Lesezeit":"8\u00a0Minuten"},"schema":{"@context":"https:\/\/schema.org","@graph":[{"@type":"Article","@id":"https:\/\/www.strassenweb.de\/nachrichten\/warum-der-spaetsommer-die-beste-zeit-ist-tote-sommer-einjaehrige-auszusortieren-und-womit-man-sie-ersetzen-kann\/#article","isPartOf":{"@id":"https:\/\/www.strassenweb.de\/nachrichten\/warum-der-spaetsommer-die-beste-zeit-ist-tote-sommer-einjaehrige-auszusortieren-und-womit-man-sie-ersetzen-kann\/"},"author":{"name":"Robert Hoffmann","@id":"https:\/\/www.strassenweb.de\/nachrichten\/#\/schema\/person\/87c9c9067f1211da429a744dc5a5aa41"},"headline":"Warum der Sp\u00e4tsommer die beste Zeit ist, tote Sommer-Einj\u00e4hrige auszusortieren \u2013 und womit man sie ersetzen kann","datePublished":"2026-09-02T00:39:27+00:00","dateModified":"2026-09-02T00:39:35+00:00","mainEntityOfPage":{"@id":"https:\/\/www.strassenweb.de\/nachrichten\/warum-der-spaetsommer-die-beste-zeit-ist-tote-sommer-einjaehrige-auszusortieren-und-womit-man-sie-ersetzen-kann\/"},"wordCount":1527,"publisher":{"@id":"https:\/\/www.strassenweb.de\/nachrichten\/#organization"},"image":{"@id":"https:\/\/www.strassenweb.de\/nachrichten\/warum-der-spaetsommer-die-beste-zeit-ist-tote-sommer-einjaehrige-auszusortieren-und-womit-man-sie-ersetzen-kann\/#primaryimage"},"thumbnailUrl":"https:\/\/www.strassenweb.de\/nachrichten\/wp-content\/uploads\/2026\/09\/Warum-der-Spaetsommer-die-beste-Zeit-ist-tote-Sommer-Einjaehrige-auszusortieren.jpg","keywords":["auszusortieren","beste","der","die","ersetzen","ist","kann","man","Sie","SommerEinj\u00e4hrige","Sp\u00e4tsommer","tote","und","warum","womit","Zeit"],"articleSection":["Haus &amp; Garten"],"inLanguage":"de"},{"@type":"WebPage","@id":"https:\/\/www.strassenweb.de\/nachrichten\/warum-der-spaetsommer-die-beste-zeit-ist-tote-sommer-einjaehrige-auszusortieren-und-womit-man-sie-ersetzen-kann\/","url":"https:\/\/www.strassenweb.de\/nachrichten\/warum-der-spaetsommer-die-beste-zeit-ist-tote-sommer-einjaehrige-auszusortieren-und-womit-man-sie-ersetzen-kann\/","name":"Warum der Sp\u00e4tsommer die beste Zeit ist, tote Sommer-Einj\u00e4hrige auszusortieren \u2013 und womit man sie ersetzen kann - Nachrichten - Stra\u00dfenweb","isPartOf":{"@id":"https:\/\/www.strassenweb.de\/nachrichten\/#website"},"primaryImageOfPage":{"@id":"https:\/\/www.strassenweb.de\/nachrichten\/warum-der-spaetsommer-die-beste-zeit-ist-tote-sommer-einjaehrige-auszusortieren-und-womit-man-sie-ersetzen-kann\/#primaryimage"},"image":{"@id":"https:\/\/www.strassenweb.de\/nachrichten\/warum-der-spaetsommer-die-beste-zeit-ist-tote-sommer-einjaehrige-auszusortieren-und-womit-man-sie-ersetzen-kann\/#primaryimage"},"thumbnailUrl":"https:\/\/www.strassenweb.de\/nachrichten\/wp-content\/uploads\/2026\/09\/Warum-der-Spaetsommer-die-beste-Zeit-ist-tote-Sommer-Einjaehrige-auszusortieren.jpg","datePublished":"2026-09-02T00:39:27+00:00","dateModified":"2026-09-02T00:39:35+00:00","breadcrumb":{"@id":"https:\/\/www.strassenweb.de\/nachrichten\/warum-der-spaetsommer-die-beste-zeit-ist-tote-sommer-einjaehrige-auszusortieren-und-womit-man-sie-ersetzen-kann\/#breadcrumb"},"inLanguage":"de","potentialAction":[{"@type":"ReadAction","target":["https:\/\/www.strassenweb.de\/nachrichten\/warum-der-spaetsommer-die-beste-zeit-ist-tote-sommer-einjaehrige-auszusortieren-und-womit-man-sie-ersetzen-kann\/"]}]},{"@type":"ImageObject","inLanguage":"de","@id":"https:\/\/www.strassenweb.de\/nachrichten\/warum-der-spaetsommer-die-beste-zeit-ist-tote-sommer-einjaehrige-auszusortieren-und-womit-man-sie-ersetzen-kann\/#primaryimage","url":"https:\/\/www.strassenweb.de\/nachrichten\/wp-content\/uploads\/2026\/09\/Warum-der-Spaetsommer-die-beste-Zeit-ist-tote-Sommer-Einjaehrige-auszusortieren.jpg","contentUrl":"https:\/\/www.strassenweb.de\/nachrichten\/wp-content\/uploads\/2026\/09\/Warum-der-Spaetsommer-die-beste-Zeit-ist-tote-Sommer-Einjaehrige-auszusortieren.jpg","width":1600,"height":900,"caption":"Annual flowers growing in a metal container in a backyard"},{"@type":"BreadcrumbList","@id":"https:\/\/www.strassenweb.de\/nachrichten\/warum-der-spaetsommer-die-beste-zeit-ist-tote-sommer-einjaehrige-auszusortieren-und-womit-man-sie-ersetzen-kann\/#breadcrumb","itemListElement":[{"@type":"ListItem","position":1,"name":"Home","item":"https:\/\/www.strassenweb.de\/nachrichten\/"},{"@type":"ListItem","position":2,"name":"Warum der Sp\u00e4tsommer die beste Zeit ist, tote Sommer-Einj\u00e4hrige auszusortieren \u2013 und womit man sie ersetzen kann"}]},{"@type":"WebSite","@id":"https:\/\/www.strassenweb.de\/nachrichten\/#website","url":"https:\/\/www.strassenweb.de\/nachrichten\/","name":"Stra\u00dfenweb","description":"Stra\u00dfenverzeichnis f\u00fcr Deutschland","publisher":{"@id":"https:\/\/www.strassenweb.de\/nachrichten\/#organization"},"potentialAction":[{"@type":"SearchAction","target":{"@type":"EntryPoint","urlTemplate":"https:\/\/www.strassenweb.de\/nachrichten\/?s={search_term_string}"},"query-input":{"@type":"PropertyValueSpecification","valueRequired":true,"valueName":"search_term_string"}}],"inLanguage":"de"},{"@type":"Organization","@id":"https:\/\/www.strassenweb.de\/nachrichten\/#organization","name":"Stra\u00dfenweb","url":"https:\/\/www.strassenweb.de\/nachrichten\/","logo":{"@type":"ImageObject","inLanguage":"de","@id":"https:\/\/www.strassenweb.de\/nachrichten\/#\/schema\/logo\/image\/","url":"https:\/\/www.strassenweb.de\/nachrichten\/wp-content\/uploads\/2024\/09\/cropped-favicon.png","contentUrl":"https:\/\/www.strassenweb.de\/nachrichten\/wp-content\/uploads\/2024\/09\/cropped-favicon.png","width":512,"height":512,"caption":"Stra\u00dfenweb"},"image":{"@id":"https:\/\/www.strassenweb.de\/nachrichten\/#\/schema\/logo\/image\/"},"sameAs":["https:\/\/www.facebook.com\/strassenweb\/"]},{"@type":"Person","@id":"https:\/\/www.strassenweb.de\/nachrichten\/#\/schema\/person\/87c9c9067f1211da429a744dc5a5aa41","name":"Robert Hoffmann","image":{"@type":"ImageObject","inLanguage":"de","@id":"https:\/\/www.strassenweb.de\/nachrichten\/wp-content\/uploads\/2024\/09\/strassenweb-150x150.jpg","url":"https:\/\/www.strassenweb.de\/nachrichten\/wp-content\/uploads\/2024\/09\/strassenweb-150x150.jpg","contentUrl":"https:\/\/www.strassenweb.de\/nachrichten\/wp-content\/uploads\/2024\/09\/strassenweb-150x150.jpg","caption":"Robert Hoffmann"},"description":"Ich hei\u00dfe Robert Hoffmann und ich bin ein leidenschaftlicher Verfechter von \u00d6kologie und Biodiversit\u00e4t. Seit meiner Kindheit in den W\u00e4ldern Bayerns f\u00fchle ich mich mit der Natur verbunden und bin entschlossen, sie zu sch\u00fctzen. Heute widme ich mein Leben der Sensibilisierung anderer f\u00fcr die Bedeutung des Umweltschutzes f\u00fcr zuk\u00fcnftige Generationen.","sameAs":["https:\/\/www.strassenweb.de\/"]}]}},"_links":{"self":[{"href":"https:\/\/www.strassenweb.de\/nachrichten\/wp-json\/wp\/v2\/posts\/16674","targetHints":{"allow":["GET"]}}],"collection":[{"href":"https:\/\/www.strassenweb.de\/nachrichten\/wp-json\/wp\/v2\/posts"}],"about":[{"href":"https:\/\/www.strassenweb.de\/nachrichten\/wp-json\/wp\/v2\/types\/post"}],"author":[{"embeddable":true,"href":"https:\/\/www.strassenweb.de\/nachrichten\/wp-json\/wp\/v2\/users\/1"}],"replies":[{"embeddable":true,"href":"https:\/\/www.strassenweb.de\/nachrichten\/wp-json\/wp\/v2\/comments?post=16674"}],"version-history":[{"count":1,"href":"https:\/\/www.strassenweb.de\/nachrichten\/wp-json\/wp\/v2\/posts\/16674\/revisions"}],"predecessor-version":[{"id":16676,"href":"https:\/\/www.strassenweb.de\/nachrichten\/wp-json\/wp\/v2\/posts\/16674\/revisions\/16676"}],"wp:featuredmedia":[{"embeddable":true,"href":"https:\/\/www.strassenweb.de\/nachrichten\/wp-json\/wp\/v2\/media\/16675"}],"wp:attachment":[{"href":"https:\/\/www.strassenweb.de\/nachrichten\/wp-json\/wp\/v2\/media?parent=16674"}],"wp:term":[{"taxonomy":"category","embeddable":true,"href":"https:\/\/www.strassenweb.de\/nachrichten\/wp-json\/wp\/v2\/categories?post=16674"},{"taxonomy":"post_tag","embeddable":true,"href":"https:\/\/www.strassenweb.de\/nachrichten\/wp-json\/wp\/v2\/tags?post=16674"}],"curies":[{"name":"wp","href":"https:\/\/api.w.org\/{rel}","templated":true}]}}