{"id":16643,"date":"2026-09-01T02:39:22","date_gmt":"2026-09-01T00:39:22","guid":{"rendered":"https:\/\/www.strassenweb.de\/nachrichten\/blau-koennte-der-groesste-farbtrend-dieser-saison-sein-aber-wie-koennen-sie-dieser-kuehlen-farbe-ein-gemuetliches-gefuehl-fuer-den-herbst-verleihen\/"},"modified":"2026-09-01T02:39:35","modified_gmt":"2026-09-01T00:39:35","slug":"blau-koennte-der-groesste-farbtrend-dieser-saison-sein-aber-wie-koennen-sie-dieser-kuehlen-farbe-ein-gemuetliches-gefuehl-fuer-den-herbst-verleihen","status":"publish","type":"post","link":"https:\/\/www.strassenweb.de\/nachrichten\/blau-koennte-der-groesste-farbtrend-dieser-saison-sein-aber-wie-koennen-sie-dieser-kuehlen-farbe-ein-gemuetliches-gefuehl-fuer-den-herbst-verleihen\/","title":{"rendered":"Blau k\u00f6nnte der gr\u00f6\u00dfte Farbtrend dieser Saison sein \u2013 aber wie k\u00f6nnen Sie dieser k\u00fchlen Farbe ein gem\u00fctliches Gef\u00fchl f\u00fcr den Herbst verleihen?"},"content":{"rendered":"<div id=\"article-body\" class=\"article__body \">\n<div data-analytics-id=\"utility-bar\" analytics-name=\"utility-bar\" id=\"utility-bar\" class=\"font-ui-heading flex justify-between items-center py-2 border-t border-b border-gray-300 border-solid mb-5 mx-auto\" data-component-name=\"UtilityBar\" data-mrf-recirculation=\"utility-bar\">\n<div class=\"flex gap-2 text-(#333) subcontainer\">\n<div class=\"relative tooltip-container\" role=\"tooltip\">\n<button id=\"utilitybar__button--share\" type=\"button\" aria-label=\"Share this article\" aria-expanded=\"false\" aria-controls=\"utilitybar__dropdown--share\" aria-haspopup=\"true\" data-analytics-id=\"article-social\" analytics-label=\"utility-bar-share\" analytics-name=\"utility-bar\" data-component-name=\"UtilityBar:ShareArticle:Button\" class=\"relative text-inherit leading-none text-xs flex items-center gap-1 font-ui-heading\" data-mrf-recirculation=\"article-social\"><br \/>\n<svg class=\"m-auto pointer-events-none size-5 text-inherit\" data-component-name=\"Icon\" aria-hidden=\"true\" width=\"23\" height=\"21\" viewbox=\"0 0 23 21\" fill=\"none\" xmlns=\"http:\/\/www.w3.org\/2000\/svg\">\n<path d=\"M13.8583 1.82131L18.7293 6.12806C20.6528 7.82875 21.6146 8.67912 21.6146 9.77454C21.6146 10.8701 20.6528 11.7204 18.7293 13.4211L13.8583 17.7279C12.9803 18.5041 12.5414 18.8923 12.1794 18.7306C11.8174 18.5689 11.8174 17.9847 11.8174 16.8162V13.9565C7.40295 13.9565 2.62061 16.0475 0.78125 19.5323C0.78125 8.38058 7.3212 5.59268 11.8174 5.59268V2.73294C11.8174 1.56445 11.8174 0.980213 12.1794 0.818536C12.5414 0.656859 12.9803 1.045 13.8583 1.82131Z\" stroke=\"#1B1B1B\" stroke-width=\"1.5625\" stroke-linecap=\"round\" stroke-linejoin=\"round\"><\/path>\n<\/svg><\/p>\n<p>Aktie<\/button><\/p>\n<div data-component-name=\"Social:Dropdown\" role=\"menu\" id=\"utilitybar__dropdown--share\" aria-labelledby=\"utilitybar__button--share\" class=\"absolute left-0 top-full w-44 bg-white rounded-md shadow-md border border-neutral-200 z-(9996) list-none m-0 py-2 px-3 border-solid\" style=\"grid-area: social-icons;\">\n<ul class=\"m-0!\">\n<li class=\"!p-0 !m-0 list-none border-b border-gray-200 border-solid\">\n<button type=\"button\" onclick=\"navigator.clipboard.writeText(window.location.href).then(() =&gt; {alert('Link copied')}).catch(err =&gt; {console.error('Failed to copy: ', err)})\" data-platform=\"copy_link\" data-action=\"\" class=\"font-ui-heading py-2 text-sm text-neutral-700 hover:bg-neutral-100 transition-colors no-underline block cursor-pointer border-0 bg-transparent hover:(&amp;_svg):filter-none w-full text-left normal-case\" aria-label=\"Copy link\" role=\"menuitem\" data-analytics-id=\"article-social\" analytics-label=\"utility-bar-social-share-copy-link\" analytics-name=\"utility-bar-secondary\" data-mrf-recirculation=\"article-social\"><br \/>\n<svg class=\"text-black size-8 w-6 h-6 inline-block mr-1.5\" data-component-name=\"Icon\" aria-hidden=\"true\" xmlns=\"http:\/\/www.w3.org\/2000\/svg\" fill=\"none\" viewbox=\"0 0 24 24\" stroke-width=\"1.5\" stroke=\"currentColor\" data-slot=\"icon\">\n<path stroke-linecap=\"round\" stroke-linejoin=\"round\" d=\"M13.19 8.688a4.5 4.5 0 0 1 1.242 7.244l-4.5 4.5a4.5 4.5 0 0 1-6.364-6.364l1.757-1.757m13.35-.622 1.757-1.757a4.5 4.5 0 0 0-6.364-6.364l-4.5 4.5a4.5 4.5 0 0 0 1.242 7.244\"><\/path>\n<\/svg><\/p>\n<p>Link kopieren<br \/>\n<\/button>\n<\/li>\n<li class=\"!p-0 !m-0 list-none border-b border-gray-200 border-solid\">\n<p><svg class=\"size-8 w-6 h-6 inline-block mr-1.5 text-primary-500\" data-component-name=\"Icon\" aria-hidden=\"true\" height=\"24\" viewbox=\"0 0 24 24\" width=\"24\" xmlns=\"http:\/\/www.w3.org\/2000\/svg\">\n<circle cx=\"12\" cy=\"12\" fill=\"#3b5998\" r=\"12\"><\/circle>\n<path d=\"m13.079 19h-2.9v-7h-1.441v-2.408h1.442v-1.456c0-1.96.813-3.136 3.136-3.136h1.933v2.408h-1.2c-.91 0-.965.35-.965.966v1.218h2.183l-.257 2.408h-1.931z\" fill=\"#fff\"><\/path>\n<\/svg><\/p>\n<p>Facebook<\/p>\n<\/li>\n<li class=\"!p-0 !m-0 list-none border-b border-gray-200 border-solid\">\n<a rel=\"nofollow\" href=\"https:\/\/twitter.com\/intent\/tweet?text=Blue+Might+Be+This+Season%27s+Biggest+Color+Trend+%E2%80%93+But+How+Can+You+Make+This+Cool+Color+Feel+Cozy+for+Fall%3F&amp;url=https%3A%2F%2Fwww.homesandgardens.com%2Fdecor%2Fhow-to-make-blue-feel-cozy\" data-platform=\"X\" class=\"font-ui-heading py-2 text-sm text-neutral-700 hover:bg-neutral-100 transition-colors no-underline block cursor-pointer border-0 bg-transparent hover:(&amp;_svg):filter-none\" aria-label=\"Share this page on X\" role=\"menuitem\" data-analytics-id=\"article-social\" analytics-label=\"utility-bar-social-share-X\" analytics-name=\"utility-bar-secondary\" target=\"_blank\" data-mrf-recirculation=\"article-social\"><br \/>\n<svg class=\"size-8 w-6 h-6 inline-block mr-1.5 text-primary-500\" data-component-name=\"Icon\" aria-hidden=\"true\" width=\"24\" height=\"24\" viewbox=\"0 0 24 24\" fill=\"none\" xmlns=\"http:\/\/www.w3.org\/2000\/svg\">\n<path fill-rule=\"evenodd\" clip-rule=\"evenodd\" d=\"M12 24C5.372 24 0 18.627 0 12C0 5.373 5.372 0 12 0C18.627 0 24 5.373 24 12C24 18.627 18.627 24 12 24Z\" fill=\"black\"><\/path>\n<path d=\"M13.1403 11.0842L17.6068 6H16.5488L12.6689 10.4137L9.57237 6H6L10.6836 12.6749L6 18.0059H7.05804L11.1526 13.3439L14.4235 18.0059H17.9959M7.4399 6.78133H9.06534L16.548 17.2629H14.9221\" fill=\"white\"><\/path>\n<\/svg><\/p>\n<p>X<br \/>\n<\/a>\n<\/li>\n<li class=\"!p-0 !m-0 list-none border-b border-gray-200 border-solid sm:hidden\">\n<p><svg class=\"size-8 w-6 h-6 inline-block mr-1.5 text-primary-500\" data-component-name=\"Icon\" aria-hidden=\"true\" width=\"24\" height=\"24\" viewbox=\"0 0 24 24\" fill=\"none\" xmlns=\"http:\/\/www.w3.org\/2000\/svg\">\n<g clip-path=\"url(#clip0_7607_1303)\">\n<path d=\"M12 24C18.6274 24 24 18.6274 24 12C24 5.37258 18.6274 0 12 0C5.37258 0 0 5.37258 0 12C0 18.6274 5.37258 24 12 24Z\" fill=\"#25D366\"><\/path>\n<path d=\"M16.9074 7.03131C16.2656 6.38465 15.5016 5.87206 14.6599 5.52334C13.8182 5.17462 12.9155 4.99674 12.0044 5.00005C10.7864 5.00124 9.59004 5.32242 8.53521 5.93143C7.48037 6.54045 6.60407 7.41592 5.99404 8.47015C5.38402 9.5244 5.06169 10.7204 5.05933 11.9384C5.05697 13.1565 5.37467 14.3537 5.98061 15.4103L5 19.0088L8.6773 18.0457C9.69271 18.6106 10.8337 18.9117 11.9956 18.9213C13.8428 18.9213 15.6151 18.1917 16.9269 16.8914C18.2387 15.5911 18.9838 13.8252 19 11.9782C18.9939 11.0565 18.8058 10.1451 18.4467 9.29619C18.0877 8.4473 17.5645 7.67764 16.9074 7.03131ZM12.0044 17.7218C10.9692 17.7225 9.95298 17.4442 9.06254 16.9163L8.85241 16.7849L6.6723 17.3628L7.25016 15.2352L7.11007 15.0163C6.3652 13.8139 6.0872 12.38 6.32875 10.9863C6.57029 9.59269 7.31461 8.33602 8.42068 7.4544C9.52675 6.57278 10.9177 6.12745 12.3302 6.20278C13.7426 6.27809 15.0784 6.86883 16.0844 7.86308C17.1841 8.93842 17.8136 10.4052 17.8355 11.9431C17.8217 13.4805 17.2012 14.9502 16.1091 16.0325C15.0171 17.1146 13.5418 17.7218 12.0044 17.7218ZM15.1651 13.3966C14.99 13.309 14.1407 12.8887 13.9831 12.8362C13.8255 12.7837 13.7029 12.7486 13.5891 12.9238C13.4179 13.1585 13.2336 13.3835 13.0375 13.5979C12.9412 13.7205 12.8361 13.7293 12.661 13.5979C11.6627 13.2034 10.8309 12.4767 10.3058 11.5404C10.122 11.2339 10.4809 11.2515 10.8136 10.5948C10.8382 10.5474 10.851 10.4949 10.851 10.4416C10.851 10.3883 10.8382 10.3357 10.8136 10.2884C10.8136 10.2008 10.4196 9.34276 10.2795 9.0013C10.1395 8.65983 9.99937 8.71236 9.88555 8.70361H9.54409C9.45562 8.70497 9.36846 8.7252 9.28843 8.76295C9.20841 8.80069 9.13736 8.85509 9.08005 8.9225C8.88359 9.11352 8.73037 9.34444 8.63068 9.59968C8.531 9.85492 8.48719 10.1286 8.50219 10.4022C8.55709 11.0572 8.80375 11.6814 9.21138 12.1971C9.95752 13.3141 10.9801 14.219 12.1795 14.8237C12.8086 15.1909 13.5396 15.3445 14.2633 15.2615C14.5042 15.2137 14.7325 15.1157 14.9331 14.9738C15.1338 14.8321 15.3023 14.6496 15.4278 14.4385C15.544 14.1807 15.5806 13.8941 15.5328 13.6154C15.454 13.5279 15.3402 13.4841 15.1651 13.3966Z\" fill=\"white\"><\/path>\n<\/g>\n<defs>\n<clippath id=\"clip0_7607_1303\">\n<rect width=\"24\" height=\"24\" fill=\"white\"><\/rect>\n<\/clippath>\n<\/defs>\n<\/svg><\/p>\n<p>WhatsApp<\/p>\n<\/li>\n<li class=\"!p-0 !m-0 list-none border-b border-gray-200 border-solid\">\n<p><svg class=\"size-8 w-6 h-6 inline-block mr-1.5 text-primary-500\" data-component-name=\"Icon\" aria-hidden=\"true\" height=\"24\" viewbox=\"0 0 24 24\" width=\"24\" xmlns=\"http:\/\/www.w3.org\/2000\/svg\">\n<circle cx=\"12\" cy=\"12\" fill=\"#bd081c\" r=\"12\"><\/circle>\n<path d=\"m12.336 5c-3.822 0-5.754 2.744-5.754 5.025a3.065 3.065 0 0 0 1.652 3.066.279.279 0 0 0 .407-.2l.154-.644a.373.373 0 0 0 -.113-.448 2.341 2.341 0 0 1 -.532-1.582 3.812 3.812 0 0 1 3.961-3.849 3.009 3.009 0 0 1 3.346 3.08c0 2.323-1.022 4.283-2.547 4.283a1.253 1.253 0 0 1 -1.273-1.554 17.616 17.616 0 0 0 .713-2.856 1.081 1.081 0 0 0 -1.092-1.2c-.854 0-1.553.881-1.553 2.071a2.954 2.954 0 0 0 .266 1.274l-1.038 4.383a9.389 9.389 0 0 0 -.027 3.065.109.109 0 0 0 .2.042 8.737 8.737 0 0 0 1.457-2.631l.561-2.212a2.3 2.3 0 0 0 1.959 1.008c2.59 0 4.34-2.366 4.34-5.516a4.8 4.8 0 0 0 -5.087-4.605z\" fill=\"#fff\"><\/path>\n<\/svg><\/p>\n<p>Pinterest<\/p>\n<\/li>\n<\/ul>\n<\/div>\n<div class=\"font-ui-heading max-sm:hidden tooltip absolute left-1\/2 bg-gray-900 text-white text-xs leading-none px-3 py-1.5 rounded-md z-(10001) whitespace-nowrap\" id=\"tooltip-share-this-article\" role=\"tooltip\" aria-hidden=\"true\">\n<p>Teilen Sie diesen Artikel\n<\/p><\/div>\n<\/div>\n<div class=\"relative tooltip-container\" role=\"tooltip\">\n<div class=\"font-ui-heading max-sm:hidden tooltip absolute left-1\/2 bg-gray-900 text-white text-xs leading-none px-3 py-1.5 rounded-md z-(10001) whitespace-nowrap\" id=\"tooltip-join-the-conversation\" role=\"tooltip\" aria-hidden=\"true\">\n<p>Beteiligen Sie sich an der Unterhaltung\n<\/p><\/div>\n<\/div>\n<\/div>\n<div class=\"flex gap-2 text-(#333) subcontainer\">\n<div class=\"relative tooltip-container\" role=\"tooltip\">\n<p><svg class=\"inline-block m-auto size-5 text-inherit filter grayscale brightness-0 contrast-100\" data-component-name=\"Icon\" aria-hidden=\"true\" xmlns=\"http:\/\/www.w3.org\/2000\/svg\" width=\"20\" height=\"20\" fill=\"none\" viewbox=\"0 0 20 20\">\n<path fill=\"#4285F4\" d=\"M18.8 10.208c0-.65-.058-1.275-.167-1.875H10v3.55h4.933a4.226 4.226 0 0 1-1.841 2.759v2.308h2.975C17.8 15.35 18.8 13 18.8 10.208Z\"><\/path>\n<path fill=\"#34A853\" d=\"M10 19.167c2.475 0 4.55-.817 6.066-2.217l-2.975-2.308c-.816.55-1.858.883-3.091.883-2.384 0-4.409-1.608-5.134-3.775h-3.05v2.367c1.509 2.991 4.6 5.05 8.184 5.05Z\"><\/path>\n<path fill=\"#FBBC05\" d=\"M4.865 11.742A5.493 5.493 0 0 1 4.574 10c0-.608.108-1.192.291-1.742V5.892h-3.05A9.054 9.054 0 0 0 .832 10c0 1.483.358 2.875.983 4.108l2.375-1.85.675-.516Z\"><\/path>\n<path fill=\"#EA4335\" d=\"M10 4.483c1.35 0 2.55.467 3.508 1.367l2.625-2.625C14.541 1.742 12.475.833 10 .833c-3.584 0-6.675 2.059-8.184 5.059l3.05 2.366C5.591 6.092 7.616 4.483 10 4.483Z\"><\/path>\n<\/svg><\/p>\n<p>Folgen Sie uns<\/p>\n<div class=\"font-ui-heading max-sm:hidden tooltip absolute left-1\/2 bg-gray-900 text-white text-xs leading-none px-3 py-1.5 rounded-md z-(10001) whitespace-nowrap\" id=\"tooltip-add-us-as-a-preferred-source-on-google\" role=\"tooltip\" aria-hidden=\"true\">\nF\u00fcgen Sie uns als bevorzugte Quelle bei Google hinzu\n<\/div>\n<\/div>\n<div class=\"relative tooltip-container\" role=\"tooltip\">\n<button type=\"button\" class=\"no-underline hover:no-underline newsletter-pop-up-trigger relative text-inherit leading-none text-xs flex items-center gap-1 font-ui-heading\" data-component-name=\"UtilityBar:Newsletter:Button\" id=\"utilitybar__button--newsletter\" aria-label=\"Newsletter\" data-analytics-id=\"article-social\" analytics-label=\"utility-bar-newsletters\" analytics-name=\"utility-bar\" data-mrf-recirculation=\"article-social\"><br \/>\n<svg class=\"inline-block m-auto size-5 text-inherit\" data-component-name=\"Icon\" aria-hidden=\"true\" xmlns=\"http:\/\/www.w3.org\/2000\/svg\" fill=\"none\" viewbox=\"0 0 24 24\" stroke-width=\"1.5\" stroke=\"currentColor\" data-slot=\"icon\">\n<path stroke-linecap=\"round\" stroke-linejoin=\"round\" d=\"M21.75 6.75v10.5a2.25 2.25 0 0 1-2.25 2.25h-15a2.25 2.25 0 0 1-2.25-2.25V6.75m19.5 0A2.25 2.25 0 0 0 19.5 4.5h-15a2.25 2.25 0 0 0-2.25 2.25m19.5 0v.243a2.25 2.25 0 0 1-1.07 1.916l-7.5 4.615a2.25 2.25 0 0 1-2.36 0L3.32 8.91a2.25 2.25 0 0 1-1.07-1.916V6.75\"><\/path>\n<\/svg><\/p>\n<p>Newsletter<br \/>\n<\/button><\/p>\n<div class=\"font-ui-heading max-sm:hidden tooltip absolute left-1\/2 bg-gray-900 text-white text-xs leading-none px-3 py-1.5 rounded-md z-(10001) whitespace-nowrap\" id=\"tooltip-subscribe-to-our-newsletter\" role=\"tooltip\" aria-hidden=\"true\">\n<p>Abonnieren Sie unseren Newsletter\n<\/p><\/div>\n<\/div>\n<\/div>\n<\/div>\n<p id=\"elk-52c81724-8b76-11f1-9349-2508d27531cd\">Blau hat in letzter Zeit ein starkes Comeback in der Inneneinrichtung erlebt und steht auch im Herbst, wenn die Farben normalerweise w\u00e4rmer und gem\u00fctlicher werden, immer noch ganz oben auf der Trendliste. Mit zunehmender Neutralit\u00e4tsm\u00fcdigkeit beginnen die H\u00e4user wieder, eine Palette kr\u00e4ftigerer Farbt\u00f6ne zu nutzen, die den R\u00e4umen Charakter verleihen, wozu Blau perfekt passt.<\/p>\n<div id=\"ad-unit-1\" class=\"ad-unit\"><\/div>\n<p>Allerdings besteht beim Dekorieren mit Blau das Risiko, dass es sich etwas frostig und unwillkommen anf\u00fchlen kann. Da es sich um eine k\u00fchle Farbe handelt, muss sie sorgf\u00e4ltig mit w\u00e4rmeren T\u00f6nen, Texturen und nat\u00fcrlichen Materialien in Einklang gebracht werden. Au\u00dferdem ist es wichtig, den richtigen Farbton zu w\u00e4hlen, damit sie nicht zu stark wirkt.<\/p>\n<aside data-article-category=\"decor\" data-block-type=\"embed\" data-render-type=\"fte\" data-skip=\"dealsy\" data-widget-type=\"seasonal\" class=\"ecom-root\"><\/aside>\n<p id=\"elk-52c81724-8b76-11f1-9349-2508d27531cd-2\">Und damit Sie diesen unendlich stilvollen Farbtrend auf eine warme und einladende Art und Weise umsetzen k\u00f6nnen, teilen Designer unten ihre Lieblingsdekorationsideen mit \u2013 vom Schlafzimmer bis zur K\u00fcche.<\/p>\n<div class=\"my-6 w-full overflow-hidden rounded-(10px) lg:my-8\" data-component-name=\"JwPlayer:Carousel\" data-jwp-carousel data-jwp-carousel-payload='{\"ids\":{\"playerID\":\"nH5qbfDS\",\"searchPlaylistID\":\"JWjbv5QN\",\"divID\":\"botr_JWjbv5QN_nH5qbfDS_div\",\"fallbackPlaylistID\":\"JWjbv5QN\",\"fallbackDivID\":\"botr_JWjbv5QN_nH5qbfDS_div\",\"key\":\"fLxvNqAkFSgQANz9Ytp9fXXsYH5UjXbuR9iNv02Ze7eiW9wL\",\"tintLogo\":true,\"useSearchPlaylist\":false,\"enabled\":true},\"signPostingEnabled\":true,\"signPostingLinkEnabled\":true,\"waitForAdLoad\":false,\"hidePlayerOnDesktop\":false,\"hidePlayerOnMobile\":false,\"hidePlayerOnTablet\":false}'>\n<div class=\"flex flex-nowrap items-center justify-between gap-3 bg-zinc-900 px-(14px) py-3\" data-jwp-carousel-header>\n<div class=\"flex min-w-0 shrink items-center\"><span class=\"inline-flex items-center gap-1.5 text-sm font-article-heading capitalize leading-5 text-white whitespace-nowrap\"><span class=\"jwp-carousel-title-mobile\"><\/span><span class=\"jwp-carousel-title-desktop\">Neueste Videos von<\/span><span class=\"jwp-carousel-brand\">H\u00e4user und G\u00e4rten<\/span><\/span><\/div>\n<\/div>\n<div class=\"aspect-video w-full min-h-(200px) lg:min-h-(330px) relative overflow-hidden bg-black\" data-jwp-carousel-container>\n<div class=\"absolute inset-0 size-full\" data-jwp-carousel-player-host><\/div>\n<div class=\"absolute inset-0 size-full items-center justify-center bg-white\" data-jwp-carousel-fallback><\/div>\n<\/div>\n<div class=\"min-h-(44px) bg-zinc-900 px-(14px) py-3\" data-jwp-carousel-signposting><span data-jwp-carousel-signposting-title>Sehen Sie sich hier das vollst\u00e4ndige Video an: <\/span><\/div>\n<\/div>\n<h3 class=\"article-body__section\" id=\"section-1-pair-blue-with-wood-tones-in-a-kitchen\"><span>1. Kombinieren Sie Blau mit Holzt\u00f6nen in einer K\u00fcche<\/span><\/h3>\n<figure class=\"van-image-figure inline-layout \" data-bordeaux-image-check id=\"elk-68de10d8-9a24-11f1-ac72-6d7a31558ed7\">\n<div class=\"image-full-width-wrapper\">\n<div class=\"image-widthsetter\" style=\"max-width:2000px;\"><\/div>\n<\/div><figcaption class=\"inline-layout \">\n<div class=\"caption-text\">\n<p>Diese K\u00fcchenschr\u00e4nke wurden mit Sherwin-Williams&#8216; Meditative gestrichen, einer ausgewogenen blauen Farbe mit grauen Untert\u00f6nen. <\/p>\n<\/div>\n<\/figcaption><\/figure>\n<p id=\"elk-0f085c08-9a24-11f1-bda4-370f98a00640\">Der Gedanke an eine blaue K\u00fcche kann schnell den Eindruck eines \u00fcberm\u00e4\u00dfig kalten Raums hervorrufen, aber mit den richtigen Materialpaarungen kann Blau im Herzen des Hauses unendlich w\u00e4rmend wirken. Hier werden die blauen K\u00fcchenschr\u00e4nke zusammen mit den satten Holzt\u00f6nen auf der K\u00fccheninsel und den Deckenbalken weicher und w\u00e4rmer.<\/p>\n<div id=\"ad-unit-2\" class=\"ad-unit\"><\/div>\n<p>\u201eWir wollten Gem\u00fctlichkeit und W\u00e4rme, ohne den Raum in Holz zu h\u00fcllen\u201c, erkl\u00e4rt Innenarchitektin Heather Peterson. \u201eDieser sch\u00f6ne Blaugrauton verleiht zwei M\u00f6belw\u00e4nden ansprechende Farbe und gleicht den Holzboden, die Insel und die Balken aus, ohne den Raum zu \u00fcberfordern.\u201c<\/p>\n<aside data-component-name=\"Recirculation:ArticleRiver\" data-recirculation-type=\"inline\" data-mrf-recirculation=\"Trending Bar\" data-nosnippet class=\"clear-both pt-2 pb-0 mb-4\">\n        <span class=\"\n            flex\n            after:content-('') after:flex-1 after:ml-4 after:my-(0.7rem) after:border-t after:border-solid after:border-(#333)\n            before:content-('') before:flex-1 before:mr-4 before:my-(0.7rem) before:border-t before:border-solid before:border-(#333)\n            font-article-heading pb-0 text-(length:var(--article-river-title--font-size,1em)) uppercase sm:text-(length:var(--article-river-title--font-size,0.875em)) font-normal\n        \"><\/p>\n<p>            Vielleicht gef\u00e4llt es Ihnen<br \/>\n        <\/span><\/p>\n<ul class=\"flex flex-col gap-0 m-0 max-w-full\">\n<li class=\"m-0 list-none border-b border-solid border-(#ededed) py-2.5\" data-recirculation-id=\"recirculation-card-1\" id=\"recirculation-inline-1\" data-analytics-id=\"recirculation-inline-1\" analytics-label=\"\" data-mrf-recirculation=\"recirculation-inline-1\">\n<picture data-new-v2-image=\"true\" class=\"aspect-square size-(85px) md:size-20 shrink-0\"><source type=\"image\/webp\"  ><\/source><\/p>\n<\/picture>\n                        <span class=\"w-full text-base font-(var(--article-river-item--font-weight,500)) font-article-heading line-clamp-3 md:line-clamp-2\">13 Herbstfarbschemata, auf die Designer f\u00fcr ein gem\u00fctlicheres Zuhause in dieser Saison schw\u00f6ren<\/span><\/p>\n<\/li>\n<li class=\"m-0 list-none border-b border-solid border-(#ededed) py-2.5\" data-recirculation-id=\"recirculation-card-2\" id=\"recirculation-inline-2\" data-analytics-id=\"recirculation-inline-2\" analytics-label=\"\" data-mrf-recirculation=\"recirculation-inline-2\">\n<picture data-new-v2-image=\"true\" class=\"aspect-square size-(85px) md:size-20 shrink-0\"><source type=\"image\/webp\"  ><\/source><br \/>\n    <img decoding=\"async\" alt=\"Wohnzimmer mit dunkelholzget\u00e4felten W\u00e4nden, einem hellblauen Sofa in der Mitte mit Kissen darauf, einem dunkelbraunen Ledercouchtisch, zwei Lederhockern darunter und einem senffarbenen Samtsessel.\"   loading=\"lazy\" data-new-v2-image=\"true\" src=\"https:\/\/www.strassenweb.de\/nachrichten\/wp-content\/uploads\/2026\/09\/pRyV9QmJR5f2EHV5XE2szH.jpg\" data-pin-media=\"https:\/\/www.strassenweb.de\/nachrichten\/wp-content\/uploads\/2026\/09\/pRyV9QmJR5f2EHV5XE2szH.jpg\" class=\"rounded-(var(--image--border-radius,0)) aspect-square size-(85px) md:size-20 object-cover shrink-0\" data-pin-nopin=\"true\">\n    <\/picture>\n                        <span class=\"w-full text-base font-(var(--article-river-item--font-weight,500)) font-article-heading line-clamp-3 md:line-clamp-2\">Braun und Blau ist die schicke Farbkombination, die Designer diesen Herbst lieben \u2013 kaufen Sie 20 St\u00fccke, die von diesem coolen und dennoch beruhigenden Trend inspiriert sind<\/span><\/p>\n<\/li>\n<li class=\"m-0 list-none border-b border-solid border-(#333) py-2.5\" data-recirculation-id=\"recirculation-card-3\" id=\"recirculation-inline-3\" data-analytics-id=\"recirculation-inline-3\" analytics-label=\"\" data-mrf-recirculation=\"recirculation-inline-3\">\n<picture data-new-v2-image=\"true\" class=\"aspect-square size-(85px) md:size-20 shrink-0\"><source type=\"image\/webp\"  ><\/source><br \/>\n    <img decoding=\"async\" alt=\"Ein modernes, helles und luftiges Schlafzimmer mit heller Holzdecke, wei\u00dfen W\u00e4nden, einem gro\u00dfen beigen Teppich, olivgr\u00fcnen Vorh\u00e4ngen und einem gro\u00dfen Bett mit mehrlagiger neutraler Bettw\u00e4sche. \"   loading=\"lazy\" data-new-v2-image=\"true\" src=\"https:\/\/www.strassenweb.de\/nachrichten\/wp-content\/uploads\/2026\/07\/BCYyH75eCA9UvsGGH6kk3d.jpg\" data-pin-media=\"https:\/\/www.strassenweb.de\/nachrichten\/wp-content\/uploads\/2026\/07\/BCYyH75eCA9UvsGGH6kk3d.jpg\" class=\"rounded-(var(--image--border-radius,0)) aspect-square size-(85px) md:size-20 object-cover shrink-0\" data-pin-nopin=\"true\">\n    <\/picture>\n                        <span class=\"w-full text-base font-(var(--article-river-item--font-weight,500)) font-article-heading line-clamp-3 md:line-clamp-2\">Designer sagen, dass der Farbfehler daf\u00fcr sorgt, dass H\u00e4user im Jahr 2026 garantiert veraltet wirken \u2013 und wie Sie ihn beheben k\u00f6nnen<\/span><\/p>\n<\/li>\n<\/ul>\n<\/aside>\n<p>Um den Look zu vervollst\u00e4ndigen, sorgen Messingbeschl\u00e4ge f\u00fcr zus\u00e4tzliche W\u00e4rme. \u201eEtwas an den Messingbeschl\u00e4gen bringt die warme Seite dieses Blaus zum Vorschein, und die schwarzen Metalloberfl\u00e4chen sorgen f\u00fcr einen Hauch von Eleganz\u201c, f\u00fcgt Heather hinzu. \u201eIm Allgemeinen verdoppeln wir unsere Entscheidungen gerne, damit sie sich besonders gewollt anf\u00fchlen: Hier erledigt ein marineblauer Vintage-L\u00e4ufer an der Sp\u00fcle den Job.\u201c<\/p>\n<h3 class=\"article-body__section\" id=\"section-2-use-neutrals-to-soften-a-blue-bedroom\"><span>2. Verwenden Sie Neutralt\u00f6ne, um ein blaues Schlafzimmer weicher zu machen<\/span><\/h3>\n<figure class=\"van-image-figure inline-layout \" data-bordeaux-image-check id=\"elk-e9fcdb4c-9a45-11f1-8599-19cd185323d1\">\n<div class=\"image-full-width-wrapper\">\n<div class=\"image-widthsetter\" style=\"max-width:2000px;\"><\/div>\n<\/div><figcaption class=\"inline-layout \">\n<div class=\"caption-text\">\n<p>Mount Saint Anne von Benjamin Moore, von Debbie als \u201esanftes Blaugrau mit einem Hauch von gr\u00fcnem Unterton\u201c beschrieben, verleiht diesem Schlafzimmer eine ruhige Atmosph\u00e4re, w\u00e4hrend das neutrale Dekor f\u00fcr W\u00e4rme sorgt.<\/p>\n<\/div>\n<\/figcaption><\/figure>\n<p id=\"elk-e9fcdc00-9a45-11f1-a06f-85b39b72af6e\">Blaue Schlafzimmer sind daf\u00fcr bekannt, eine erholsame Wahl zu sein, aber die falsche Kombination kann dazu f\u00fchren, dass sie eher eint\u00f6nig als gem\u00fctlich wirken. Lassen Sie sich von diesem Schlafzimmer inspirieren und kombinieren Sie blaue W\u00e4nde mit sanften, erdigen Neutralt\u00f6nen f\u00fcr den Rest der Einrichtung.<\/p>\n<div id=\"slice-container-newsletterForm-articleInbodyContent-qLHnNUfXddpkgnszjJsejG\" class=\"slice-container newsletter-inbodyContent-slice newsletterForm-articleInbodyContent-qLHnNUfXddpkgnszjJsejG slice-container-newsletterForm\"><\/div>\n<p>\u201eWir haben den Raum im Wesentlichen in dieser Farbe geh\u00fcllt, die W\u00e4nde gestrichen und in der gleichen Farbe gehalten, so dass es im Raum keinen st\u00f6renden Kontrast gab, mit Ausnahme der wei\u00dfen Decke\u201c, erkl\u00e4rt Debbie Mathews LeRoy, Gr\u00fcnderin von Debbie Mathews Antiques &#038; Designs.<\/p>\n<p>\u201eDer Hauptstoff des Bettes hat ein \u00e4hnliches sanftes blaues Blumenmuster, was f\u00fcr weitere Kontinuit\u00e4t und Zusammenhalt sorgt\u201c, sagt sie. \u201eDer Vorhangstoff hat eine sanfte Cremefarbe mit Akzenten in Blau und Braun. \u201eAlle Farben, die wir verwendet haben, sind weich und ged\u00e4mpft, im Gegensatz zu klar und stark.\u201c<\/p>\n<h3 class=\"article-body__section\" id=\"section-3-paint-the-ceiling-blue\"><span>3. Streichen Sie die Decke blau<\/span><\/h3>\n<figure class=\"van-image-figure inline-layout \" data-bordeaux-image-check id=\"elk-cbe04888-9a4a-11f1-9de3-eb639b4176c6\">\n<div class=\"image-full-width-wrapper\">\n<div class=\"image-widthsetter\" style=\"max-width:2000px;\"><\/div>\n<\/div><figcaption class=\"inline-layout \">\n<div class=\"caption-text\">\n<p>Templeton Grey von Benjamin Moore eignet sich gut f\u00fcr nach S\u00fcden ausgerichtete R\u00e4ume, da es \u00fcber ausgleichende graue Untert\u00f6ne verf\u00fcgt. <\/p>\n<\/div>\n<\/figcaption><\/figure>\n<p id=\"elk-cbe04914-9a4a-11f1-b013-49a27edf9bf9\">Das Dekorieren mit blauer Farbe muss nicht vorhersehbar sein. Anstatt alle vier W\u00e4nde blau zu streichen, warum nicht diesen lustigen Farbton an die Decke bringen? In diesem \u00dcbergangswohnzimmer vermittelt es sofort ein Gef\u00fchl von Gem\u00fctlichkeit, ohne den Raum zu \u00fcberfordern.<\/p>\n<aside data-component-name=\"Recirculation:ArticleRiver\" data-recirculation-type=\"inline\" data-mrf-recirculation=\"Trending Bar\" data-nosnippet class=\"clear-both pt-2 pb-0 mb-4\">\n        <span class=\"\n            flex\n            after:content-('') after:flex-1 after:ml-4 after:my-(0.7rem) after:border-t after:border-solid after:border-(#333)\n            before:content-('') before:flex-1 before:mr-4 before:my-(0.7rem) before:border-t before:border-solid before:border-(#333)\n            font-article-heading pb-0 text-(length:var(--article-river-title--font-size,1em)) uppercase sm:text-(length:var(--article-river-title--font-size,0.875em)) font-normal\n        \"><\/p>\n<p>            Was Sie als n\u00e4chstes lesen sollten<br \/>\n        <\/span><\/p>\n<ul class=\"flex flex-col gap-0 m-0 max-w-full\">\n<li class=\"m-0 list-none border-b border-solid border-(#ededed) py-2.5\" data-recirculation-id=\"recirculation-card-1\" id=\"recirculation-inline-2-1\" data-analytics-id=\"recirculation-2-inline-1\" analytics-label=\"\" data-mrf-recirculation=\"recirculation-2-inline-1\">\n<picture data-new-v2-image=\"true\" class=\"aspect-square size-(85px) md:size-20 shrink-0\"><source type=\"image\/webp\"  ><\/source><br \/>\n    <img decoding=\"async\" alt=\"Schlafzimmer mit blauer und gr\u00fcner Blumentapete, einem gro\u00dfen Fenster mit blauen Vorh\u00e4ngen, einem Mahagoni-Schreibtisch voller B\u00fccher und einem Stuhl darunter sowie einem wei\u00dfen Holzbett mit Bettw\u00e4sche und Blumenkissen.\"   loading=\"lazy\" data-new-v2-image=\"true\" src=\"https:\/\/www.strassenweb.de\/nachrichten\/wp-content\/uploads\/2026\/06\/UVErzMYhL4ae6hRfqPWaSF.jpg\" data-pin-media=\"https:\/\/www.strassenweb.de\/nachrichten\/wp-content\/uploads\/2026\/06\/UVErzMYhL4ae6hRfqPWaSF.jpg\" class=\"rounded-(var(--image--border-radius,0)) aspect-square size-(85px) md:size-20 object-cover shrink-0\" data-pin-nopin=\"true\">\n    <\/picture>\n                        <span class=\"w-full text-base font-(var(--article-river-item--font-weight,500)) font-article-heading line-clamp-3 md:line-clamp-2\">Diese Schlafzimmer-Farbpalette 2026 sorgt nachweislich daf\u00fcr, dass sich Ihr Zimmer sofort ruhiger und k\u00fchler anf\u00fchlt \u2013 und nein, Sie m\u00fcssen nicht neu streichen<\/span><\/p>\n<\/li>\n<li class=\"m-0 list-none border-b border-solid border-(#ededed) py-2.5\" data-recirculation-id=\"recirculation-card-2\" id=\"recirculation-inline-2-2\" data-analytics-id=\"recirculation-2-inline-2\" analytics-label=\"\" data-mrf-recirculation=\"recirculation-2-inline-2\">\n<picture data-new-v2-image=\"true\" class=\"aspect-square size-(85px) md:size-20 shrink-0\"><source type=\"image\/webp\"  ><\/source><br \/>\n    <img decoding=\"async\" alt=\"ein rot-rosa gestrichener Salon mit historischen Wandt\u00e4felungen und Zierleisten, M\u00f6beln mit Sch\u00fcrzen, winziger Kunst und einem gemusterten Sofa\"   loading=\"lazy\" data-new-v2-image=\"true\" src=\"https:\/\/www.strassenweb.de\/nachrichten\/wp-content\/uploads\/2026\/08\/onSruEtsTbUKCLPVesGFpC.jpg\" data-pin-media=\"https:\/\/www.strassenweb.de\/nachrichten\/wp-content\/uploads\/2026\/08\/onSruEtsTbUKCLPVesGFpC.jpg\" class=\"rounded-(var(--image--border-radius,0)) aspect-square size-(85px) md:size-20 object-cover shrink-0\" data-pin-nopin=\"true\">\n    <\/picture>\n                        <span class=\"w-full text-base font-(var(--article-river-item--font-weight,500)) font-article-heading line-clamp-3 md:line-clamp-2\">Vergessen Sie K\u00fcrbisgew\u00fcrz, diese 10 Herbstfarbtrends werden in dieser Saison Ihr Zuhause definieren<\/span><\/p>\n<\/li>\n<li class=\"m-0 list-none border-b border-solid border-(#333) py-2.5\" data-recirculation-id=\"recirculation-card-3\" id=\"recirculation-inline-2-3\" data-analytics-id=\"recirculation-2-inline-3\" analytics-label=\"\" data-mrf-recirculation=\"recirculation-2-inline-3\">\n<picture data-new-v2-image=\"true\" class=\"aspect-square size-(85px) md:size-20 shrink-0\"><source type=\"image\/webp\"  ><\/source><br \/>\n    <img decoding=\"async\" alt=\"Ein gemustertes Wohnzimmer in London von der Designerin Elizabeth Hay mit Terrassent\u00fcren zum Garten und einer blauen Medienwand\"   loading=\"lazy\" data-new-v2-image=\"true\" src=\"https:\/\/www.strassenweb.de\/nachrichten\/wp-content\/uploads\/2026\/09\/wYZc2A5YUXhN3DvB9wtvBc.jpg\" data-pin-media=\"https:\/\/www.strassenweb.de\/nachrichten\/wp-content\/uploads\/2026\/09\/wYZc2A5YUXhN3DvB9wtvBc.jpg\" class=\"rounded-(var(--image--border-radius,0)) aspect-square size-(85px) md:size-20 object-cover shrink-0\" data-pin-nopin=\"true\">\n    <\/picture>\n                        <span class=\"w-full text-base font-(var(--article-river-item--font-weight,500)) font-article-heading line-clamp-3 md:line-clamp-2\">Wenn Ihr Farbschema in neun von zehn F\u00e4llen fehlschl\u00e4gt, fehlt dieses eine Detail<\/span><\/p>\n<\/li>\n<\/ul>\n<\/aside>\n<p>Die Designerin Katie Bromley von Spaces by Katie erkl\u00e4rt, dass der Schl\u00fcssel zum Erfolg in diesem Raum darin bestand, das Blau der Decke im gesamten Raum zu wiederholen. \u201eWir haben Blau in jeder Skala integriert, angefangen bei der Spitze\u201c, sagt sie. \u201eBenjamin Moores Templeton Grey an der Kassettendecke, und w\u00e4hrend sich das Auge durch den Raum bewegt, wiederholt sich Blau in kleineren, unterschiedlichen Dosen: der blau gestreifte Gesimsstoff, der Sofastoff, der Rock- und Kissenbesatz, der karierte Beistellstuhl, der gemusterte Teppich, sogar die Farbt\u00f6ne im Kunstwerk \u2013 so wirkt die Farbe durch den Raum verwoben und nicht an ein oder zwei Stellen konzentriert.\u201c<\/p>\n<p>Kleinere Details sorgten daf\u00fcr, dass die verschiedenen Blaut\u00f6ne eher warm als kalt wirkten. \u201eDie Blaut\u00f6ne stehen alle vor einem warmen, neutralen Hintergrund, Benjamin Moores Edgecomb Grey, und werden mit Holz- und Rattant\u00f6nen in den M\u00f6beln sowie korallenroten Akzenten in den Kissen, Teppichen und Stuhlstoffen kombiniert, um zu verhindern, dass die Farbpalette k\u00fchl wirkt\u201c, erkl\u00e4rt sie. \u201eAuch die Textur hat einen gro\u00dfen Teil der Arbeit geleistet \u2013 genopptes Leinen, weicher Samt, gewebtes Rattan, Kronleuchter aus Kokosperlen und ein Wollteppich verleihen dem Raum Schichten und W\u00e4rme.\u201c<\/p>\n<p>Eine weitere clevere Designentscheidung, die diesem Raum W\u00e4rme verleiht, ist das Fehlen harter Oberfl\u00e4chen. Katie f\u00fcgt hinzu: \u201eIn diesem Raum gibt es nur sehr wenige harte Oberfl\u00e4chen.\u201c \u201eFast alles ist gepolstert, was das Echo reduziert und daf\u00fcr sorgt, dass fast alle Ber\u00fchrungen sanft sind.\u201c<\/p>\n<h3 class=\"article-body__section\" id=\"section-4-color-drench-with-blue-paint\"><span>4. Mit blauer Farbe durchtr\u00e4nken<\/span><\/h3>\n<figure class=\"van-image-figure inline-layout \" data-bordeaux-image-check id=\"elk-1fd15306-9af0-11f1-92d1-31b854ac9a09\">\n<div class=\"image-full-width-wrapper\">\n<div class=\"image-widthsetter\" style=\"max-width:2000px;\"><\/div>\n<\/div><figcaption class=\"inline-layout \">\n<div class=\"caption-text\">\n<p>Lulworth Blue von Farrow &#038; Ball ist ein puderblauer Farbton, der sich in diesem Schlafzimmer rundum gem\u00fctlich anf\u00fchlt.<\/p>\n<\/div>\n<\/figcaption><\/figure>\n<p id=\"elk-adbd2596-9a4b-11f1-bd55-c3ea4f7edd72\">Scheuen Sie sich nicht, sich f\u00fcr die eindringlichste Maltechnik zu entscheiden: das Durchtr\u00e4nken von Farben. In R\u00e4umen wie Schlafzimmern oder gem\u00fctlichen R\u00e4umen, in denen Sie eine behagliche Atmosph\u00e4re schaffen m\u00f6chten, ist Farbtr\u00e4nktheit die richtige Wahl.<\/p>\n<p>\u201eIch habe mich daf\u00fcr entschieden, das Schlafzimmer farblich zu durchtr\u00e4nken, weil ich wollte, dass das Blau die Atmosph\u00e4re des Raums vermittelt und nicht nur eine Farbe, die auf die W\u00e4nde aufgetragen wird\u201c, erkl\u00e4rt Designerin Anu Jain von Atelier Oleana. \u201eDas durchgehende Tragen schafft Kontinuit\u00e4t und l\u00e4sst die Architektur zur\u00fccktreten, wodurch der Raum ruhiger und einladender wirkt.\u201c Da Lulworth Blue eher hell als dunkel ist, umh\u00fcllt es den Raum, ohne dass er schwer wirkt.\u201c<\/p>\n<p>Bei der Verwendung von Allover-Farbe wie dieser ist die Wahl des richtigen Farbtons von entscheidender Bedeutung. \u201eLulworth Blue f\u00fchlt sich warm und einladend an, weil es Klarheit und Tiefe hat und keinen eisigen oder grauen Schimmer\u201c, sagt Anu. \u201eBei Tageslicht f\u00fchlt es sich frisch und belebend an; Je weicher das Licht wird, desto sanfter und einh\u00fcllender wird es. Nat\u00fcrlich existiert keine Farbe isoliert. \u201eDas ger\u00e4ucherte Taupe-Leinen, die warmen Holzt\u00f6ne und der Samt im Raum mildern die K\u00fchle des Blaus und verleihen ihm einen erdigen Kontrapunkt.\u201c<\/p>\n<p>Beim Farbdurchtr\u00e4nken ist eine Farbprobenahme unerl\u00e4sslich, warnt Anu. \u201eIch teste die Farbe immer sowohl auf vertikalen als auch auf horizontalen Fl\u00e4chen und schaue sie mir den ganzen Tag \u00fcber an\u201c, sagt sie. \u201eBlau ver\u00e4ndert sich mit dem Licht enorm, und die Decke muss m\u00f6glicherweise eine andere St\u00e4rke haben als die W\u00e4nde, selbst wenn das Ziel ein v\u00f6llig farbenfroher Raum ist.\u201c<\/p>\n<h3 class=\"article-body__section\" id=\"section-5-add-a-pop-of-blue-to-a-rustic-bathroom\"><span>5. F\u00fcgen Sie einem rustikalen Badezimmer einen Hauch von Blau hinzu<\/span><\/h3>\n<figure class=\"van-image-figure inline-layout \" data-bordeaux-image-check id=\"elk-a4b76308-9af0-11f1-9321-99610a4e8e70\">\n<div class=\"image-full-width-wrapper\">\n<div class=\"image-widthsetter\" style=\"max-width:2000px;\"><\/div>\n<\/div><figcaption class=\"inline-layout \">\n<div class=\"caption-text\">\n<p>Ein Hauch von Blau verleiht diesem Badezimmer Flair, w\u00e4hrend die warmen Holzt\u00f6ne f\u00fcr eine gem\u00fctliche Atmosph\u00e4re sorgen. <\/p>\n<\/div>\n<\/figcaption><\/figure>\n<p id=\"elk-d83c1ae6-9a48-11f1-ab2f-d36f641dae79\">Blau wird oft in Badezimmern verwendet, aber um zu verhindern, dass es neben all den wei\u00dfen Armaturen und harten Oberfl\u00e4chen zu stark wirkt, k\u00f6nnen satte Holzt\u00f6ne Abhilfe schaffen. \u201eBlau ist die Farbe, die ich in Badezimmern und Schlafzimmern am meisten w\u00e4hle, gerade weil es bei richtiger Handhabung eher zutiefst gem\u00fctlich als k\u00fchl wirkt\u201c, sagt Designerin Cathleen Gruver von Gruver Cooley.<\/p>\n<p>\u201eBei diesem Projekt habe ich im gesamten Bad handgefertigte glasierte U-Bahn-Fliesen in einem sanften, staubigen Blaugr\u00fcn verwendet\u201c, erkl\u00e4rt Cathleen. \u201eDie leichte Variation der Glasur verhindert, dass sie flach oder hart wirkt, und die Decke aus nat\u00fcrlichem Kiefernholz und die freiliegenden Balken ziehen die gesamte W\u00e4rme in den Raum. Das Ziel bestand darin, dass sich Blau wie etwas anf\u00fchlt, das schon immer da war, und nicht wie eine Aussage. \u201eDie Kombination eines ged\u00e4mpften, leicht grau get\u00f6nten Blaus mit warmen Naturmaterialien sorgt daf\u00fcr, dass es eher einladend als kalt wirkt.\u201c<\/p>\n<h2 class=\"article-body__section\" id=\"section-decor-buys-cozy-up-your-blue-rooms\"><span>Decor Buys versch\u00f6nert Ihre blauen R\u00e4ume<\/span><\/h2>\n<p id=\"elk-52c818c8-8b76-11f1-85f7-839083ecdb6c\">Egal, ob Sie Ihre W\u00e4nde blau streichen oder ein blaues Sofa w\u00e4rmen m\u00f6chten, diese Deko-K\u00e4ufe werden dazu beitragen, diese k\u00fchle Farbe weicher zu machen.<\/p>\n<div class=\"product-container hero-product-container product-block-no-wrap\">\n<div class=\"product-block-row\"><\/div>\n<div class=\"product-block-row\"><\/div>\n<div class=\"product-block-row\"><\/div>\n<div class=\"product-block-row\"><\/div>\n<div class=\"product-block-row\"><\/div>\n<div class=\"product-block-row\"><\/div>\n<\/div>\n<hr id=\"elk-dba61c6a-9af0-11f1-8e5d-f550d8595f40\">\n<p id=\"elk-52c8192c-8b76-11f1-903c-cd0b0c8928cc\">K\u00fchle Farben wie Blau m\u00fcssen nicht kalt oder abweisend wirken; Mit einer durchdachten Herangehensweise an die Einrichtung k\u00f6nnen sie voller W\u00e4rme und Gem\u00fctlichkeit sein. Welchen Raum Sie auch mit Blau dekorieren, warmes Holz und nat\u00fcrliche Texturen sorgen f\u00fcr Ausgewogenheit, w\u00e4hrend w\u00e4rmere Farben wie Rosa immer gut funktionieren.<\/p>\n<div class=\"block mb-5\" id=\"articleTag\" data-component-name=\"PostArticleLinks\" data-nosnippet data-mrf-recirculation=\"post-article-links\">\n<div class=\"border-b border-b-black border-solid py-2.5 text-black font-bold uppercase\">THEMEN<\/div>\n<nav class=\"py-2.5 flex gap-2.5 flex-wrap\" data-analytics-id=\"article-tag\" data-mrf-recirculation=\"article-tag\">\n<p>Farbschemata Herbst<\/p>\n<\/nav>\n<\/div>\n<\/div>\n<p><script async src=\"https:\/\/platform.twitter.com\/widgets.js\" charset=\"utf-8\"><\/script><\/p>\n","protected":false},"excerpt":{"rendered":"<p>Aktie Link kopieren Facebook X WhatsApp Pinterest Teilen Sie diesen Artikel Beteiligen Sie sich an der Unterhaltung Folgen Sie uns F\u00fcgen Sie uns als bevorzugte<\/p>\n","protected":false},"author":1,"featured_media":16644,"comment_status":"closed","ping_status":"","sticky":false,"template":"","format":"standard","meta":{"footnotes":""},"categories":[118],"tags":[357,5666,78,81,1554,43,1202,2771,55,3057,4667,113,203,689,694,4122,2292,306,165,783,26],"class_list":["post-16643","post","type-post","status-publish","format-standard","has-post-thumbnail","hentry","category-haus-garten","tag-aber","tag-blau","tag-den","tag-der","tag-dieser","tag-ein","tag-farbe","tag-farbtrend","tag-fuer","tag-gefuehl","tag-gemuetliches","tag-groesste","tag-herbst","tag-koennen","tag-koennte","tag-kuehlen","tag-saison","tag-sein","tag-sie","tag-verleihen","tag-wie","generate-columns","tablet-grid-50","mobile-grid-100","grid-parent","grid-50"],"yoast_head":"<!-- This site is optimized with the Yoast SEO plugin v27.3 - https:\/\/yoast.com\/product\/yoast-seo-wordpress\/ -->\n<title>Blau k\u00f6nnte der gr\u00f6\u00dfte Farbtrend dieser Saison sein \u2013 aber wie k\u00f6nnen Sie dieser k\u00fchlen Farbe ein gem\u00fctliches Gef\u00fchl f\u00fcr den Herbst verleihen? - Nachrichten - Stra\u00dfenweb<\/title>\n<meta name=\"robots\" content=\"index, follow, max-snippet:-1, max-image-preview:large, max-video-preview:-1\" \/>\n<link rel=\"canonical\" href=\"https:\/\/www.strassenweb.de\/nachrichten\/blau-koennte-der-groesste-farbtrend-dieser-saison-sein-aber-wie-koennen-sie-dieser-kuehlen-farbe-ein-gemuetliches-gefuehl-fuer-den-herbst-verleihen\/\" \/>\n<meta property=\"og:locale\" content=\"de_DE\" \/>\n<meta property=\"og:type\" content=\"article\" \/>\n<meta property=\"og:title\" content=\"Blau k\u00f6nnte der gr\u00f6\u00dfte Farbtrend dieser Saison sein \u2013 aber wie k\u00f6nnen Sie dieser k\u00fchlen Farbe ein gem\u00fctliches Gef\u00fchl f\u00fcr den Herbst verleihen? - Nachrichten - Stra\u00dfenweb\" \/>\n<meta property=\"og:description\" content=\"Aktie Link kopieren Facebook X WhatsApp Pinterest Teilen Sie diesen Artikel Beteiligen Sie sich an der Unterhaltung Folgen Sie uns F\u00fcgen Sie uns als bevorzugte\" \/>\n<meta property=\"og:url\" content=\"https:\/\/www.strassenweb.de\/nachrichten\/blau-koennte-der-groesste-farbtrend-dieser-saison-sein-aber-wie-koennen-sie-dieser-kuehlen-farbe-ein-gemuetliches-gefuehl-fuer-den-herbst-verleihen\/\" \/>\n<meta property=\"og:site_name\" content=\"Stra\u00dfenweb\" \/>\n<meta property=\"article:publisher\" content=\"https:\/\/www.facebook.com\/strassenweb\/\" \/>\n<meta property=\"article:published_time\" content=\"2026-09-01T00:39:22+00:00\" \/>\n<meta property=\"article:modified_time\" content=\"2026-09-01T00:39:35+00:00\" \/>\n<meta property=\"og:image\" content=\"https:\/\/www.strassenweb.de\/nachrichten\/wp-content\/uploads\/2026\/09\/Blau-koennte-der-groesste-Farbtrend-dieser-Saison-sein-\u2013-aber.jpg\" \/>\n\t<meta property=\"og:image:width\" content=\"1600\" \/>\n\t<meta property=\"og:image:height\" content=\"900\" \/>\n\t<meta property=\"og:image:type\" content=\"image\/jpeg\" \/>\n<meta name=\"author\" content=\"Robert Hoffmann\" \/>\n<meta name=\"twitter:card\" content=\"summary_large_image\" \/>\n<meta name=\"twitter:label1\" content=\"Verfasst von\" \/>\n\t<meta name=\"twitter:data1\" content=\"Robert Hoffmann\" \/>\n\t<meta name=\"twitter:label2\" content=\"Gesch\u00e4tzte Lesezeit\" \/>\n\t<meta name=\"twitter:data2\" content=\"8\u00a0Minuten\" \/>\n<script type=\"application\/ld+json\" class=\"yoast-schema-graph\">{\"@context\":\"https:\\\/\\\/schema.org\",\"@graph\":[{\"@type\":\"Article\",\"@id\":\"https:\\\/\\\/www.strassenweb.de\\\/nachrichten\\\/blau-koennte-der-groesste-farbtrend-dieser-saison-sein-aber-wie-koennen-sie-dieser-kuehlen-farbe-ein-gemuetliches-gefuehl-fuer-den-herbst-verleihen\\\/#article\",\"isPartOf\":{\"@id\":\"https:\\\/\\\/www.strassenweb.de\\\/nachrichten\\\/blau-koennte-der-groesste-farbtrend-dieser-saison-sein-aber-wie-koennen-sie-dieser-kuehlen-farbe-ein-gemuetliches-gefuehl-fuer-den-herbst-verleihen\\\/\"},\"author\":{\"name\":\"Robert Hoffmann\",\"@id\":\"https:\\\/\\\/www.strassenweb.de\\\/nachrichten\\\/#\\\/schema\\\/person\\\/87c9c9067f1211da429a744dc5a5aa41\"},\"headline\":\"Blau k\u00f6nnte der gr\u00f6\u00dfte Farbtrend dieser Saison sein \u2013 aber wie k\u00f6nnen Sie dieser k\u00fchlen Farbe ein gem\u00fctliches Gef\u00fchl f\u00fcr den Herbst verleihen?\",\"datePublished\":\"2026-09-01T00:39:22+00:00\",\"dateModified\":\"2026-09-01T00:39:35+00:00\",\"mainEntityOfPage\":{\"@id\":\"https:\\\/\\\/www.strassenweb.de\\\/nachrichten\\\/blau-koennte-der-groesste-farbtrend-dieser-saison-sein-aber-wie-koennen-sie-dieser-kuehlen-farbe-ein-gemuetliches-gefuehl-fuer-den-herbst-verleihen\\\/\"},\"wordCount\":1683,\"publisher\":{\"@id\":\"https:\\\/\\\/www.strassenweb.de\\\/nachrichten\\\/#organization\"},\"image\":{\"@id\":\"https:\\\/\\\/www.strassenweb.de\\\/nachrichten\\\/blau-koennte-der-groesste-farbtrend-dieser-saison-sein-aber-wie-koennen-sie-dieser-kuehlen-farbe-ein-gemuetliches-gefuehl-fuer-den-herbst-verleihen\\\/#primaryimage\"},\"thumbnailUrl\":\"https:\\\/\\\/www.strassenweb.de\\\/nachrichten\\\/wp-content\\\/uploads\\\/2026\\\/09\\\/Blau-koennte-der-groesste-Farbtrend-dieser-Saison-sein-\u2013-aber.jpg\",\"keywords\":[\"aber\",\"Blau\",\"den\",\"der\",\"dieser\",\"ein\",\"Farbe\",\"Farbtrend\",\"f\u00fcr\",\"Gef\u00fchl\",\"gem\u00fctliches\",\"gr\u00f6\u00dfte\",\"Herbst\",\"k\u00f6nnen\",\"k\u00f6nnte\",\"k\u00fchlen\",\"Saison\",\"sein\",\"Sie\",\"verleihen\",\"Wie\"],\"articleSection\":[\"Haus &amp; Garten\"],\"inLanguage\":\"de\"},{\"@type\":\"WebPage\",\"@id\":\"https:\\\/\\\/www.strassenweb.de\\\/nachrichten\\\/blau-koennte-der-groesste-farbtrend-dieser-saison-sein-aber-wie-koennen-sie-dieser-kuehlen-farbe-ein-gemuetliches-gefuehl-fuer-den-herbst-verleihen\\\/\",\"url\":\"https:\\\/\\\/www.strassenweb.de\\\/nachrichten\\\/blau-koennte-der-groesste-farbtrend-dieser-saison-sein-aber-wie-koennen-sie-dieser-kuehlen-farbe-ein-gemuetliches-gefuehl-fuer-den-herbst-verleihen\\\/\",\"name\":\"Blau k\u00f6nnte der gr\u00f6\u00dfte Farbtrend dieser Saison sein \u2013 aber wie k\u00f6nnen Sie dieser k\u00fchlen Farbe ein gem\u00fctliches Gef\u00fchl f\u00fcr den Herbst verleihen? - Nachrichten - Stra\u00dfenweb\",\"isPartOf\":{\"@id\":\"https:\\\/\\\/www.strassenweb.de\\\/nachrichten\\\/#website\"},\"primaryImageOfPage\":{\"@id\":\"https:\\\/\\\/www.strassenweb.de\\\/nachrichten\\\/blau-koennte-der-groesste-farbtrend-dieser-saison-sein-aber-wie-koennen-sie-dieser-kuehlen-farbe-ein-gemuetliches-gefuehl-fuer-den-herbst-verleihen\\\/#primaryimage\"},\"image\":{\"@id\":\"https:\\\/\\\/www.strassenweb.de\\\/nachrichten\\\/blau-koennte-der-groesste-farbtrend-dieser-saison-sein-aber-wie-koennen-sie-dieser-kuehlen-farbe-ein-gemuetliches-gefuehl-fuer-den-herbst-verleihen\\\/#primaryimage\"},\"thumbnailUrl\":\"https:\\\/\\\/www.strassenweb.de\\\/nachrichten\\\/wp-content\\\/uploads\\\/2026\\\/09\\\/Blau-koennte-der-groesste-Farbtrend-dieser-Saison-sein-\u2013-aber.jpg\",\"datePublished\":\"2026-09-01T00:39:22+00:00\",\"dateModified\":\"2026-09-01T00:39:35+00:00\",\"breadcrumb\":{\"@id\":\"https:\\\/\\\/www.strassenweb.de\\\/nachrichten\\\/blau-koennte-der-groesste-farbtrend-dieser-saison-sein-aber-wie-koennen-sie-dieser-kuehlen-farbe-ein-gemuetliches-gefuehl-fuer-den-herbst-verleihen\\\/#breadcrumb\"},\"inLanguage\":\"de\",\"potentialAction\":[{\"@type\":\"ReadAction\",\"target\":[\"https:\\\/\\\/www.strassenweb.de\\\/nachrichten\\\/blau-koennte-der-groesste-farbtrend-dieser-saison-sein-aber-wie-koennen-sie-dieser-kuehlen-farbe-ein-gemuetliches-gefuehl-fuer-den-herbst-verleihen\\\/\"]}]},{\"@type\":\"ImageObject\",\"inLanguage\":\"de\",\"@id\":\"https:\\\/\\\/www.strassenweb.de\\\/nachrichten\\\/blau-koennte-der-groesste-farbtrend-dieser-saison-sein-aber-wie-koennen-sie-dieser-kuehlen-farbe-ein-gemuetliches-gefuehl-fuer-den-herbst-verleihen\\\/#primaryimage\",\"url\":\"https:\\\/\\\/www.strassenweb.de\\\/nachrichten\\\/wp-content\\\/uploads\\\/2026\\\/09\\\/Blau-koennte-der-groesste-Farbtrend-dieser-Saison-sein-\u2013-aber.jpg\",\"contentUrl\":\"https:\\\/\\\/www.strassenweb.de\\\/nachrichten\\\/wp-content\\\/uploads\\\/2026\\\/09\\\/Blau-koennte-der-groesste-Farbtrend-dieser-Saison-sein-\u2013-aber.jpg\",\"width\":1600,\"height\":900,\"caption\":\"A transitional kitchen with blue-gray cabinets, a wooden island with white countertops, black bar stools, and wood ceiling beams. Brass wall sconces by the window and a butler&amp;#039;s sink.\"},{\"@type\":\"BreadcrumbList\",\"@id\":\"https:\\\/\\\/www.strassenweb.de\\\/nachrichten\\\/blau-koennte-der-groesste-farbtrend-dieser-saison-sein-aber-wie-koennen-sie-dieser-kuehlen-farbe-ein-gemuetliches-gefuehl-fuer-den-herbst-verleihen\\\/#breadcrumb\",\"itemListElement\":[{\"@type\":\"ListItem\",\"position\":1,\"name\":\"Home\",\"item\":\"https:\\\/\\\/www.strassenweb.de\\\/nachrichten\\\/\"},{\"@type\":\"ListItem\",\"position\":2,\"name\":\"Blau k\u00f6nnte der gr\u00f6\u00dfte Farbtrend dieser Saison sein \u2013 aber wie k\u00f6nnen Sie dieser k\u00fchlen Farbe ein gem\u00fctliches Gef\u00fchl f\u00fcr den Herbst verleihen?\"}]},{\"@type\":\"WebSite\",\"@id\":\"https:\\\/\\\/www.strassenweb.de\\\/nachrichten\\\/#website\",\"url\":\"https:\\\/\\\/www.strassenweb.de\\\/nachrichten\\\/\",\"name\":\"Stra\u00dfenweb\",\"description\":\"Stra\u00dfenverzeichnis f\u00fcr Deutschland\",\"publisher\":{\"@id\":\"https:\\\/\\\/www.strassenweb.de\\\/nachrichten\\\/#organization\"},\"potentialAction\":[{\"@type\":\"SearchAction\",\"target\":{\"@type\":\"EntryPoint\",\"urlTemplate\":\"https:\\\/\\\/www.strassenweb.de\\\/nachrichten\\\/?s={search_term_string}\"},\"query-input\":{\"@type\":\"PropertyValueSpecification\",\"valueRequired\":true,\"valueName\":\"search_term_string\"}}],\"inLanguage\":\"de\"},{\"@type\":\"Organization\",\"@id\":\"https:\\\/\\\/www.strassenweb.de\\\/nachrichten\\\/#organization\",\"name\":\"Stra\u00dfenweb\",\"url\":\"https:\\\/\\\/www.strassenweb.de\\\/nachrichten\\\/\",\"logo\":{\"@type\":\"ImageObject\",\"inLanguage\":\"de\",\"@id\":\"https:\\\/\\\/www.strassenweb.de\\\/nachrichten\\\/#\\\/schema\\\/logo\\\/image\\\/\",\"url\":\"https:\\\/\\\/www.strassenweb.de\\\/nachrichten\\\/wp-content\\\/uploads\\\/2024\\\/09\\\/cropped-favicon.png\",\"contentUrl\":\"https:\\\/\\\/www.strassenweb.de\\\/nachrichten\\\/wp-content\\\/uploads\\\/2024\\\/09\\\/cropped-favicon.png\",\"width\":512,\"height\":512,\"caption\":\"Stra\u00dfenweb\"},\"image\":{\"@id\":\"https:\\\/\\\/www.strassenweb.de\\\/nachrichten\\\/#\\\/schema\\\/logo\\\/image\\\/\"},\"sameAs\":[\"https:\\\/\\\/www.facebook.com\\\/strassenweb\\\/\"]},{\"@type\":\"Person\",\"@id\":\"https:\\\/\\\/www.strassenweb.de\\\/nachrichten\\\/#\\\/schema\\\/person\\\/87c9c9067f1211da429a744dc5a5aa41\",\"name\":\"Robert Hoffmann\",\"image\":{\"@type\":\"ImageObject\",\"inLanguage\":\"de\",\"@id\":\"https:\\\/\\\/www.strassenweb.de\\\/nachrichten\\\/wp-content\\\/uploads\\\/2024\\\/09\\\/strassenweb-150x150.jpg\",\"url\":\"https:\\\/\\\/www.strassenweb.de\\\/nachrichten\\\/wp-content\\\/uploads\\\/2024\\\/09\\\/strassenweb-150x150.jpg\",\"contentUrl\":\"https:\\\/\\\/www.strassenweb.de\\\/nachrichten\\\/wp-content\\\/uploads\\\/2024\\\/09\\\/strassenweb-150x150.jpg\",\"caption\":\"Robert Hoffmann\"},\"description\":\"Ich hei\u00dfe Robert Hoffmann und ich bin ein leidenschaftlicher Verfechter von \u00d6kologie und Biodiversit\u00e4t. Seit meiner Kindheit in den W\u00e4ldern Bayerns f\u00fchle ich mich mit der Natur verbunden und bin entschlossen, sie zu sch\u00fctzen. Heute widme ich mein Leben der Sensibilisierung anderer f\u00fcr die Bedeutung des Umweltschutzes f\u00fcr zuk\u00fcnftige Generationen.\",\"sameAs\":[\"https:\\\/\\\/www.strassenweb.de\\\/\"]}]}<\/script>\n<!-- \/ Yoast SEO plugin. -->","yoast_head_json":{"title":"Blau k\u00f6nnte der gr\u00f6\u00dfte Farbtrend dieser Saison sein \u2013 aber wie k\u00f6nnen Sie dieser k\u00fchlen Farbe ein gem\u00fctliches Gef\u00fchl f\u00fcr den Herbst verleihen? - Nachrichten - Stra\u00dfenweb","robots":{"index":"index","follow":"follow","max-snippet":"max-snippet:-1","max-image-preview":"max-image-preview:large","max-video-preview":"max-video-preview:-1"},"canonical":"https:\/\/www.strassenweb.de\/nachrichten\/blau-koennte-der-groesste-farbtrend-dieser-saison-sein-aber-wie-koennen-sie-dieser-kuehlen-farbe-ein-gemuetliches-gefuehl-fuer-den-herbst-verleihen\/","og_locale":"de_DE","og_type":"article","og_title":"Blau k\u00f6nnte der gr\u00f6\u00dfte Farbtrend dieser Saison sein \u2013 aber wie k\u00f6nnen Sie dieser k\u00fchlen Farbe ein gem\u00fctliches Gef\u00fchl f\u00fcr den Herbst verleihen? - Nachrichten - Stra\u00dfenweb","og_description":"Aktie Link kopieren Facebook X WhatsApp Pinterest Teilen Sie diesen Artikel Beteiligen Sie sich an der Unterhaltung Folgen Sie uns F\u00fcgen Sie uns als bevorzugte","og_url":"https:\/\/www.strassenweb.de\/nachrichten\/blau-koennte-der-groesste-farbtrend-dieser-saison-sein-aber-wie-koennen-sie-dieser-kuehlen-farbe-ein-gemuetliches-gefuehl-fuer-den-herbst-verleihen\/","og_site_name":"Stra\u00dfenweb","article_publisher":"https:\/\/www.facebook.com\/strassenweb\/","article_published_time":"2026-09-01T00:39:22+00:00","article_modified_time":"2026-09-01T00:39:35+00:00","og_image":[{"width":1600,"height":900,"url":"https:\/\/www.strassenweb.de\/nachrichten\/wp-content\/uploads\/2026\/09\/Blau-koennte-der-groesste-Farbtrend-dieser-Saison-sein-\u2013-aber.jpg","type":"image\/jpeg"}],"author":"Robert Hoffmann","twitter_card":"summary_large_image","twitter_misc":{"Verfasst von":"Robert Hoffmann","Gesch\u00e4tzte Lesezeit":"8\u00a0Minuten"},"schema":{"@context":"https:\/\/schema.org","@graph":[{"@type":"Article","@id":"https:\/\/www.strassenweb.de\/nachrichten\/blau-koennte-der-groesste-farbtrend-dieser-saison-sein-aber-wie-koennen-sie-dieser-kuehlen-farbe-ein-gemuetliches-gefuehl-fuer-den-herbst-verleihen\/#article","isPartOf":{"@id":"https:\/\/www.strassenweb.de\/nachrichten\/blau-koennte-der-groesste-farbtrend-dieser-saison-sein-aber-wie-koennen-sie-dieser-kuehlen-farbe-ein-gemuetliches-gefuehl-fuer-den-herbst-verleihen\/"},"author":{"name":"Robert Hoffmann","@id":"https:\/\/www.strassenweb.de\/nachrichten\/#\/schema\/person\/87c9c9067f1211da429a744dc5a5aa41"},"headline":"Blau k\u00f6nnte der gr\u00f6\u00dfte Farbtrend dieser Saison sein \u2013 aber wie k\u00f6nnen Sie dieser k\u00fchlen Farbe ein gem\u00fctliches Gef\u00fchl f\u00fcr den Herbst verleihen?","datePublished":"2026-09-01T00:39:22+00:00","dateModified":"2026-09-01T00:39:35+00:00","mainEntityOfPage":{"@id":"https:\/\/www.strassenweb.de\/nachrichten\/blau-koennte-der-groesste-farbtrend-dieser-saison-sein-aber-wie-koennen-sie-dieser-kuehlen-farbe-ein-gemuetliches-gefuehl-fuer-den-herbst-verleihen\/"},"wordCount":1683,"publisher":{"@id":"https:\/\/www.strassenweb.de\/nachrichten\/#organization"},"image":{"@id":"https:\/\/www.strassenweb.de\/nachrichten\/blau-koennte-der-groesste-farbtrend-dieser-saison-sein-aber-wie-koennen-sie-dieser-kuehlen-farbe-ein-gemuetliches-gefuehl-fuer-den-herbst-verleihen\/#primaryimage"},"thumbnailUrl":"https:\/\/www.strassenweb.de\/nachrichten\/wp-content\/uploads\/2026\/09\/Blau-koennte-der-groesste-Farbtrend-dieser-Saison-sein-\u2013-aber.jpg","keywords":["aber","Blau","den","der","dieser","ein","Farbe","Farbtrend","f\u00fcr","Gef\u00fchl","gem\u00fctliches","gr\u00f6\u00dfte","Herbst","k\u00f6nnen","k\u00f6nnte","k\u00fchlen","Saison","sein","Sie","verleihen","Wie"],"articleSection":["Haus &amp; Garten"],"inLanguage":"de"},{"@type":"WebPage","@id":"https:\/\/www.strassenweb.de\/nachrichten\/blau-koennte-der-groesste-farbtrend-dieser-saison-sein-aber-wie-koennen-sie-dieser-kuehlen-farbe-ein-gemuetliches-gefuehl-fuer-den-herbst-verleihen\/","url":"https:\/\/www.strassenweb.de\/nachrichten\/blau-koennte-der-groesste-farbtrend-dieser-saison-sein-aber-wie-koennen-sie-dieser-kuehlen-farbe-ein-gemuetliches-gefuehl-fuer-den-herbst-verleihen\/","name":"Blau k\u00f6nnte der gr\u00f6\u00dfte Farbtrend dieser Saison sein \u2013 aber wie k\u00f6nnen Sie dieser k\u00fchlen Farbe ein gem\u00fctliches Gef\u00fchl f\u00fcr den Herbst verleihen? - Nachrichten - Stra\u00dfenweb","isPartOf":{"@id":"https:\/\/www.strassenweb.de\/nachrichten\/#website"},"primaryImageOfPage":{"@id":"https:\/\/www.strassenweb.de\/nachrichten\/blau-koennte-der-groesste-farbtrend-dieser-saison-sein-aber-wie-koennen-sie-dieser-kuehlen-farbe-ein-gemuetliches-gefuehl-fuer-den-herbst-verleihen\/#primaryimage"},"image":{"@id":"https:\/\/www.strassenweb.de\/nachrichten\/blau-koennte-der-groesste-farbtrend-dieser-saison-sein-aber-wie-koennen-sie-dieser-kuehlen-farbe-ein-gemuetliches-gefuehl-fuer-den-herbst-verleihen\/#primaryimage"},"thumbnailUrl":"https:\/\/www.strassenweb.de\/nachrichten\/wp-content\/uploads\/2026\/09\/Blau-koennte-der-groesste-Farbtrend-dieser-Saison-sein-\u2013-aber.jpg","datePublished":"2026-09-01T00:39:22+00:00","dateModified":"2026-09-01T00:39:35+00:00","breadcrumb":{"@id":"https:\/\/www.strassenweb.de\/nachrichten\/blau-koennte-der-groesste-farbtrend-dieser-saison-sein-aber-wie-koennen-sie-dieser-kuehlen-farbe-ein-gemuetliches-gefuehl-fuer-den-herbst-verleihen\/#breadcrumb"},"inLanguage":"de","potentialAction":[{"@type":"ReadAction","target":["https:\/\/www.strassenweb.de\/nachrichten\/blau-koennte-der-groesste-farbtrend-dieser-saison-sein-aber-wie-koennen-sie-dieser-kuehlen-farbe-ein-gemuetliches-gefuehl-fuer-den-herbst-verleihen\/"]}]},{"@type":"ImageObject","inLanguage":"de","@id":"https:\/\/www.strassenweb.de\/nachrichten\/blau-koennte-der-groesste-farbtrend-dieser-saison-sein-aber-wie-koennen-sie-dieser-kuehlen-farbe-ein-gemuetliches-gefuehl-fuer-den-herbst-verleihen\/#primaryimage","url":"https:\/\/www.strassenweb.de\/nachrichten\/wp-content\/uploads\/2026\/09\/Blau-koennte-der-groesste-Farbtrend-dieser-Saison-sein-\u2013-aber.jpg","contentUrl":"https:\/\/www.strassenweb.de\/nachrichten\/wp-content\/uploads\/2026\/09\/Blau-koennte-der-groesste-Farbtrend-dieser-Saison-sein-\u2013-aber.jpg","width":1600,"height":900,"caption":"A transitional kitchen with blue-gray cabinets, a wooden island with white countertops, black bar stools, and wood ceiling beams. Brass wall sconces by the window and a butler&amp;#039;s sink."},{"@type":"BreadcrumbList","@id":"https:\/\/www.strassenweb.de\/nachrichten\/blau-koennte-der-groesste-farbtrend-dieser-saison-sein-aber-wie-koennen-sie-dieser-kuehlen-farbe-ein-gemuetliches-gefuehl-fuer-den-herbst-verleihen\/#breadcrumb","itemListElement":[{"@type":"ListItem","position":1,"name":"Home","item":"https:\/\/www.strassenweb.de\/nachrichten\/"},{"@type":"ListItem","position":2,"name":"Blau k\u00f6nnte der gr\u00f6\u00dfte Farbtrend dieser Saison sein \u2013 aber wie k\u00f6nnen Sie dieser k\u00fchlen Farbe ein gem\u00fctliches Gef\u00fchl f\u00fcr den Herbst verleihen?"}]},{"@type":"WebSite","@id":"https:\/\/www.strassenweb.de\/nachrichten\/#website","url":"https:\/\/www.strassenweb.de\/nachrichten\/","name":"Stra\u00dfenweb","description":"Stra\u00dfenverzeichnis f\u00fcr Deutschland","publisher":{"@id":"https:\/\/www.strassenweb.de\/nachrichten\/#organization"},"potentialAction":[{"@type":"SearchAction","target":{"@type":"EntryPoint","urlTemplate":"https:\/\/www.strassenweb.de\/nachrichten\/?s={search_term_string}"},"query-input":{"@type":"PropertyValueSpecification","valueRequired":true,"valueName":"search_term_string"}}],"inLanguage":"de"},{"@type":"Organization","@id":"https:\/\/www.strassenweb.de\/nachrichten\/#organization","name":"Stra\u00dfenweb","url":"https:\/\/www.strassenweb.de\/nachrichten\/","logo":{"@type":"ImageObject","inLanguage":"de","@id":"https:\/\/www.strassenweb.de\/nachrichten\/#\/schema\/logo\/image\/","url":"https:\/\/www.strassenweb.de\/nachrichten\/wp-content\/uploads\/2024\/09\/cropped-favicon.png","contentUrl":"https:\/\/www.strassenweb.de\/nachrichten\/wp-content\/uploads\/2024\/09\/cropped-favicon.png","width":512,"height":512,"caption":"Stra\u00dfenweb"},"image":{"@id":"https:\/\/www.strassenweb.de\/nachrichten\/#\/schema\/logo\/image\/"},"sameAs":["https:\/\/www.facebook.com\/strassenweb\/"]},{"@type":"Person","@id":"https:\/\/www.strassenweb.de\/nachrichten\/#\/schema\/person\/87c9c9067f1211da429a744dc5a5aa41","name":"Robert Hoffmann","image":{"@type":"ImageObject","inLanguage":"de","@id":"https:\/\/www.strassenweb.de\/nachrichten\/wp-content\/uploads\/2024\/09\/strassenweb-150x150.jpg","url":"https:\/\/www.strassenweb.de\/nachrichten\/wp-content\/uploads\/2024\/09\/strassenweb-150x150.jpg","contentUrl":"https:\/\/www.strassenweb.de\/nachrichten\/wp-content\/uploads\/2024\/09\/strassenweb-150x150.jpg","caption":"Robert Hoffmann"},"description":"Ich hei\u00dfe Robert Hoffmann und ich bin ein leidenschaftlicher Verfechter von \u00d6kologie und Biodiversit\u00e4t. Seit meiner Kindheit in den W\u00e4ldern Bayerns f\u00fchle ich mich mit der Natur verbunden und bin entschlossen, sie zu sch\u00fctzen. Heute widme ich mein Leben der Sensibilisierung anderer f\u00fcr die Bedeutung des Umweltschutzes f\u00fcr zuk\u00fcnftige Generationen.","sameAs":["https:\/\/www.strassenweb.de\/"]}]}},"_links":{"self":[{"href":"https:\/\/www.strassenweb.de\/nachrichten\/wp-json\/wp\/v2\/posts\/16643","targetHints":{"allow":["GET"]}}],"collection":[{"href":"https:\/\/www.strassenweb.de\/nachrichten\/wp-json\/wp\/v2\/posts"}],"about":[{"href":"https:\/\/www.strassenweb.de\/nachrichten\/wp-json\/wp\/v2\/types\/post"}],"author":[{"embeddable":true,"href":"https:\/\/www.strassenweb.de\/nachrichten\/wp-json\/wp\/v2\/users\/1"}],"replies":[{"embeddable":true,"href":"https:\/\/www.strassenweb.de\/nachrichten\/wp-json\/wp\/v2\/comments?post=16643"}],"version-history":[{"count":1,"href":"https:\/\/www.strassenweb.de\/nachrichten\/wp-json\/wp\/v2\/posts\/16643\/revisions"}],"predecessor-version":[{"id":16645,"href":"https:\/\/www.strassenweb.de\/nachrichten\/wp-json\/wp\/v2\/posts\/16643\/revisions\/16645"}],"wp:featuredmedia":[{"embeddable":true,"href":"https:\/\/www.strassenweb.de\/nachrichten\/wp-json\/wp\/v2\/media\/16644"}],"wp:attachment":[{"href":"https:\/\/www.strassenweb.de\/nachrichten\/wp-json\/wp\/v2\/media?parent=16643"}],"wp:term":[{"taxonomy":"category","embeddable":true,"href":"https:\/\/www.strassenweb.de\/nachrichten\/wp-json\/wp\/v2\/categories?post=16643"},{"taxonomy":"post_tag","embeddable":true,"href":"https:\/\/www.strassenweb.de\/nachrichten\/wp-json\/wp\/v2\/tags?post=16643"}],"curies":[{"name":"wp","href":"https:\/\/api.w.org\/{rel}","templated":true}]}}