{"id":1643,"date":"2024-11-18T22:40:02","date_gmt":"2024-11-18T21:40:02","guid":{"rendered":"https:\/\/www.strassenweb.de\/nachrichten\/die-nach-feiertagen-duftenden-reinigungsprodukte-von-kris-jenner-sind-ein-unerwarteter-stimmungsaufheller-ich-bin-kein-feiertagsmensch-aber-diese-seifen-versetzen-mich-sofort-in-festliche-s\/"},"modified":"2024-11-18T22:40:08","modified_gmt":"2024-11-18T21:40:08","slug":"die-nach-feiertagen-duftenden-reinigungsprodukte-von-kris-jenner-sind-ein-unerwarteter-stimmungsaufheller-ich-bin-kein-feiertagsmensch-aber-diese-seifen-versetzen-mich-sofort-in-festliche-s","status":"publish","type":"post","link":"https:\/\/www.strassenweb.de\/nachrichten\/die-nach-feiertagen-duftenden-reinigungsprodukte-von-kris-jenner-sind-ein-unerwarteter-stimmungsaufheller-ich-bin-kein-feiertagsmensch-aber-diese-seifen-versetzen-mich-sofort-in-festliche-s\/","title":{"rendered":"Die nach Feiertagen duftenden Reinigungsprodukte von Kris Jenner sind ein unerwarteter Stimmungsaufheller \u2013 ich bin kein Feiertagsmensch, aber diese Seifen versetzen mich sofort in festliche Stimmung"},"content":{"rendered":"<p><\/p>\n<div id=\"article-body\" class=\"article__body \">\n<p>Wenn Sie dezente Weihnachtsdekorationen m\u00f6gen, ist dies genau das Richtige f\u00fcr Sie. Ich bin kein Grinch, aber traditionelles saisonales Dekorieren kann manchmal wie zu viel Aufwand, zu hohe Kosten und zu viel K\u00e4se f\u00fcr zu wenig Gewinn wirken. Kris Jenners Reinigungsprodukte zum Thema Feiertage beseitigen all diese Probleme.<\/p>\n<div id=\"ad-unit-1\" class=\"ad-unit\"><\/div>\n<p>Ich habe bereits dar\u00fcber geschrieben, wie Kris ihre Weihnachtsdekoration mit ihrer Safely-Weihnachtskollektion aufwertet, war mir aber nicht sicher, ob das f\u00fcr mich funktionieren w\u00fcrde. Also bestellte ich drei Sets Sp\u00fclmittel, Handseife und Raumspray, um es auszuprobieren. Nachdem ich die Produkte eine Woche lang verwendet habe, kann ich nur Positives sagen. Ich habe Lust auf Weihnachten, bin gut gelaunt und mein Geschirr war noch nie sauberer.<\/p>\n<aside class=\"hawk-nest\" data-block-type=\"embed\" data-render-type=\"fte\" data-skip=\"dealsy\" data-widget-type=\"seasonal\">\n<div class=\"hawk-master-widget-hawk-base-wrapper\"><\/div>\n<\/aside>\n<p>Meine fr\u00f6hlich verpackten Reinigungsutensilien kamen in Dreiersets an, die jeweils einen von Jenners Weihnachtsd\u00fcften in limitierter Auflage enthielten: Cranberry Holly, Forest Pine und Gingerbread Chai. F\u00fcr mein Experiment war es mir wichtig, alle D\u00fcfte gleichzeitig zu testen, um ihre ganzheitliche Wirkung zu ermitteln. Ich stellte eine Lebkuchen-Chai-Handseife ins Badezimmer, eine Waldkiefern-Handseife neben die K\u00fcchensp\u00fcle und benutzte das Cranberry Holly-Sp\u00fclmittel, um mein gesamtes Geschirr f\u00fcr die Woche zu sp\u00fclen. Ich habe jedes der Raumsprays gelegentlich in meinem Wohnzimmer verwendet, insbesondere w\u00e4hrend meiner Heimarbeitstage.<\/p>\n<div id=\"desktop-in-article\" class=\"in-article ad-unit\">\n<div id=\"desktop-taboola-mid-article\"><\/div>\n<\/div>\n<div id=\"mobile-in-article\" class=\"in-article ad-unit\">\n<div id=\"mobile-taboola-mid-article\"><\/div>\n<\/div>\n<div class=\"product-container hero-product-container product-block-no-wrap\"><\/div>\n<figure class=\"van-image-figure inline-layout \" data-bordeaux-image-check>\n<div class=\"image-full-width-wrapper\">\n<div class=\"image-widthsetter\" style=\"max-width:2000px;\"><\/div>\n<\/div><figcaption class=\"inline-layout \">\n<div class=\"caption-text\">\n<p>Meine drei Geschenksets sind in einer festlichen Verpackung angekommen<\/p>\n<\/div>\n<\/figcaption><\/figure>\n<p>Ich bin ein gro\u00dfer Fan von Raumd\u00fcften, daher macht es Sinn, dass Weihnachtsdekorationen, bei denen es nur um D\u00fcfte geht, f\u00fcr mich sehr effektiv waren. Der erste Duft, den ich probierte, war der Lebkuchen-Chai, und der warme Zimtduft machte in mir sofort Lust auf Weihnachtspl\u00e4tzchen. Dieses \u201eEs ist Weihnachten\u201c-Gef\u00fchl jedes Mal, wenn ich mir die H\u00e4nde wusch. Auch diesen Kombinationsansatz kann ich w\u00e4rmstens empfehlen. Es erm\u00f6glichte mir, in jedem Raum meines Hauses eine andere Art von Feiertagsstimmung zu empfinden, und mir gefiel die Schichtung der verschiedenen D\u00fcfte. Besonders wenn Sie jemand sind, der die Freude an Weihnachten mag, sich aber nicht mit der Unordnung auseinandersetzen m\u00f6chte, ist dies meiner Meinung nach eine gro\u00dfartige M\u00f6glichkeit, die Fr\u00f6hlichkeit der Jahreszeiten zu integrieren<\/p>\n<div class=\"van_vid_carousel\">\n<div class=\"van_vid_carousel__padding\">\n<div class=\"van_vid_carousel__container\"><\/div>\n<\/div>\n<\/div>\n<p>Ich hatte erwartet, dass die Kiefernseife im Urlaub am meisten in der Nase liegt, aber eigentlich w\u00fcrde ich diesen Duft gerne das ganze Jahr \u00fcber in meinem Haus verwenden. Im Gegensatz zu herk\u00f6mmlichen Weihnachtskerzen ist sie etwas maskuliner und geerdeter. Die biophile Natur dieses Dufts hat mir diese Woche hervorragend die Laune verbessert. Besonders gut gefiel mir ein Spritzer des Raumsprays, wenn ich mich w\u00e4hrend der Arbeit von zu Hause aus etwas m\u00fcde f\u00fchlte. Es brachte mich auch in Schwung, mich auf die Feiertage vorzubereiten, und veranlasste mich, diese Woche mit dem Einkaufen von Weihnachtsgeschenken zu beginnen.<\/p>\n<div id=\"ad-unit-2\" class=\"ad-unit\"><\/div>\n<figure class=\"van-image-figure inline-layout \" data-bordeaux-image-check>\n<div class=\"image-full-width-wrapper\">\n<div class=\"image-widthsetter\" style=\"max-width:2000px;\"><\/div>\n<\/div>\n<\/figure>\n<p>Mein Favorit, den ich auf jeden Fall wieder kaufen werde, wenn mein Vorrat aufgebraucht ist, ist der Cranberry Holly-Duft. Obwohl mir die Verpackung gefiel, habe ich meinen Simple Human-Fl\u00fcssigseifenspender gef\u00fcllt, um Platz auf meiner Theke zu sparen. Es ist frisch und fruchtig und viel erhabener, als ich es von einem Urlaubsduft erwarten w\u00fcrde. Ich habe es sehr gerne als Sp\u00fclmittel verwendet, weil der Duft w\u00e4hrend der Verwendung meine K\u00fcche durchdrang. Das Wichtigste an Sp\u00fclmittel ist, dass es beim Reinigen von Geschirr effektiv ist und alles gl\u00e4nzte, nachdem ich diese Seife verwendet habe. Auch hier k\u00f6nnte es problemlos das ganze Jahr \u00fcber verwendet werden, ohne bef\u00fcrchten zu m\u00fcssen, dass es zu weihnachtlich wirkt.<\/p>\n<figure class=\"van-image-figure inline-layout \" data-bordeaux-image-check>\n<div class=\"image-full-width-wrapper\">\n<div class=\"image-widthsetter\" style=\"max-width:2000px;\"><\/div>\n<\/div>\n<\/figure>\n<hr>\n<p>Ganz gleich, ob Sie ein begeisterter Weihnachtsdekorateur sind, der nach einer M\u00f6glichkeit sucht, Ihre Dekoration aufzuwerten, oder ein z\u00f6gerlicher Dekorateur, der die Dekoration subtil integrieren m\u00f6chte, diese von Kris Jenner anerkannte Methode ist ein guter Ausgangspunkt.<\/p>\n<div id=\"slice-container-newsletterForm-articleInbodyContent-G225p7yTGa2BLYwqhGqihW\" class=\"slice-container newsletter-inbodyContent-slice newsletterForm-articleInbodyContent-G225p7yTGa2BLYwqhGqihW slice-container-newsletterForm\"><\/div>\n<hr>\n<\/div>\n","protected":false},"excerpt":{"rendered":"<p>Wenn Sie dezente Weihnachtsdekorationen m\u00f6gen, ist dies genau das Richtige f\u00fcr Sie. Ich bin kein Grinch, aber traditionelles saisonales Dekorieren kann manchmal wie zu viel<\/p>\n","protected":false},"author":1,"featured_media":1644,"comment_status":"closed","ping_status":"","sticky":false,"template":"","format":"standard","meta":{"footnotes":""},"categories":[118],"tags":[357,1210,9,143,2994,43,2993,2998,2971,129,2927,2046,2926,1122,341,2995,2999,58,197,1392,2997,2996,3000,21],"class_list":["post-1643","post","type-post","status-publish","format-standard","has-post-thumbnail","hentry","category-haus-garten","tag-aber","tag-bin","tag-die","tag-diese","tag-duftenden","tag-ein","tag-feiertagen","tag-feiertagsmensch","tag-festliche","tag-ich","tag-jenner","tag-kein","tag-kris","tag-mich","tag-nach","tag-reinigungsprodukte","tag-seifen","tag-sind","tag-sofort","tag-stimmung","tag-stimmungsaufheller","tag-unerwarteter","tag-versetzen","tag-von","generate-columns","tablet-grid-50","mobile-grid-100","grid-parent","grid-50"],"yoast_head":"<!-- This site is optimized with the Yoast SEO plugin v27.3 - https:\/\/yoast.com\/product\/yoast-seo-wordpress\/ -->\n<title>Die nach Feiertagen duftenden Reinigungsprodukte von Kris Jenner sind ein unerwarteter Stimmungsaufheller \u2013 ich bin kein Feiertagsmensch, aber diese Seifen versetzen mich sofort in festliche Stimmung - Nachrichten - Stra\u00dfenweb<\/title>\n<meta name=\"robots\" content=\"index, follow, max-snippet:-1, max-image-preview:large, max-video-preview:-1\" \/>\n<link rel=\"canonical\" href=\"https:\/\/www.strassenweb.de\/nachrichten\/die-nach-feiertagen-duftenden-reinigungsprodukte-von-kris-jenner-sind-ein-unerwarteter-stimmungsaufheller-ich-bin-kein-feiertagsmensch-aber-diese-seifen-versetzen-mich-sofort-in-festliche-s\/\" \/>\n<meta property=\"og:locale\" content=\"de_DE\" \/>\n<meta property=\"og:type\" content=\"article\" \/>\n<meta property=\"og:title\" content=\"Die nach Feiertagen duftenden Reinigungsprodukte von Kris Jenner sind ein unerwarteter Stimmungsaufheller \u2013 ich bin kein Feiertagsmensch, aber diese Seifen versetzen mich sofort in festliche Stimmung - Nachrichten - Stra\u00dfenweb\" \/>\n<meta property=\"og:description\" content=\"Wenn Sie dezente Weihnachtsdekorationen m\u00f6gen, ist dies genau das Richtige f\u00fcr Sie. Ich bin kein Grinch, aber traditionelles saisonales Dekorieren kann manchmal wie zu viel\" \/>\n<meta property=\"og:url\" content=\"https:\/\/www.strassenweb.de\/nachrichten\/die-nach-feiertagen-duftenden-reinigungsprodukte-von-kris-jenner-sind-ein-unerwarteter-stimmungsaufheller-ich-bin-kein-feiertagsmensch-aber-diese-seifen-versetzen-mich-sofort-in-festliche-s\/\" \/>\n<meta property=\"og:site_name\" content=\"Stra\u00dfenweb\" \/>\n<meta property=\"article:publisher\" content=\"https:\/\/www.facebook.com\/strassenweb\/\" \/>\n<meta property=\"article:published_time\" content=\"2024-11-18T21:40:02+00:00\" \/>\n<meta property=\"article:modified_time\" content=\"2024-11-18T21:40:08+00:00\" \/>\n<meta property=\"og:image\" content=\"https:\/\/www.strassenweb.de\/nachrichten\/wp-content\/uploads\/2024\/11\/Die-nach-Feiertagen-duftenden-Reinigungsprodukte-von-Kris-Jenner-sind-ein.png\" \/>\n\t<meta property=\"og:image:width\" content=\"1200\" \/>\n\t<meta property=\"og:image:height\" content=\"675\" \/>\n\t<meta property=\"og:image:type\" content=\"image\/png\" \/>\n<meta name=\"author\" content=\"Robert Hoffmann\" \/>\n<meta name=\"twitter:card\" content=\"summary_large_image\" \/>\n<meta name=\"twitter:label1\" content=\"Verfasst von\" \/>\n\t<meta name=\"twitter:data1\" content=\"Robert Hoffmann\" \/>\n\t<meta name=\"twitter:label2\" content=\"Gesch\u00e4tzte Lesezeit\" \/>\n\t<meta name=\"twitter:data2\" content=\"3\u00a0Minuten\" \/>\n<script type=\"application\/ld+json\" class=\"yoast-schema-graph\">{\"@context\":\"https:\\\/\\\/schema.org\",\"@graph\":[{\"@type\":\"Article\",\"@id\":\"https:\\\/\\\/www.strassenweb.de\\\/nachrichten\\\/die-nach-feiertagen-duftenden-reinigungsprodukte-von-kris-jenner-sind-ein-unerwarteter-stimmungsaufheller-ich-bin-kein-feiertagsmensch-aber-diese-seifen-versetzen-mich-sofort-in-festliche-s\\\/#article\",\"isPartOf\":{\"@id\":\"https:\\\/\\\/www.strassenweb.de\\\/nachrichten\\\/die-nach-feiertagen-duftenden-reinigungsprodukte-von-kris-jenner-sind-ein-unerwarteter-stimmungsaufheller-ich-bin-kein-feiertagsmensch-aber-diese-seifen-versetzen-mich-sofort-in-festliche-s\\\/\"},\"author\":{\"name\":\"Robert Hoffmann\",\"@id\":\"https:\\\/\\\/www.strassenweb.de\\\/nachrichten\\\/#\\\/schema\\\/person\\\/87c9c9067f1211da429a744dc5a5aa41\"},\"headline\":\"Die nach Feiertagen duftenden Reinigungsprodukte von Kris Jenner sind ein unerwarteter Stimmungsaufheller \u2013 ich bin kein Feiertagsmensch, aber diese Seifen versetzen mich sofort in festliche Stimmung\",\"datePublished\":\"2024-11-18T21:40:02+00:00\",\"dateModified\":\"2024-11-18T21:40:08+00:00\",\"mainEntityOfPage\":{\"@id\":\"https:\\\/\\\/www.strassenweb.de\\\/nachrichten\\\/die-nach-feiertagen-duftenden-reinigungsprodukte-von-kris-jenner-sind-ein-unerwarteter-stimmungsaufheller-ich-bin-kein-feiertagsmensch-aber-diese-seifen-versetzen-mich-sofort-in-festliche-s\\\/\"},\"wordCount\":646,\"publisher\":{\"@id\":\"https:\\\/\\\/www.strassenweb.de\\\/nachrichten\\\/#organization\"},\"image\":{\"@id\":\"https:\\\/\\\/www.strassenweb.de\\\/nachrichten\\\/die-nach-feiertagen-duftenden-reinigungsprodukte-von-kris-jenner-sind-ein-unerwarteter-stimmungsaufheller-ich-bin-kein-feiertagsmensch-aber-diese-seifen-versetzen-mich-sofort-in-festliche-s\\\/#primaryimage\"},\"thumbnailUrl\":\"https:\\\/\\\/www.strassenweb.de\\\/nachrichten\\\/wp-content\\\/uploads\\\/2024\\\/11\\\/Die-nach-Feiertagen-duftenden-Reinigungsprodukte-von-Kris-Jenner-sind-ein.png\",\"keywords\":[\"aber\",\"bin\",\"die\",\"diese\",\"duftenden\",\"ein\",\"Feiertagen\",\"Feiertagsmensch\",\"festliche\",\"ich\",\"Jenner\",\"kein\",\"Kris\",\"mich\",\"Nach\",\"Reinigungsprodukte\",\"Seifen\",\"sind\",\"sofort\",\"Stimmung\",\"Stimmungsaufheller\",\"unerwarteter\",\"versetzen\",\"von\"],\"articleSection\":[\"Haus &amp; Garten\"],\"inLanguage\":\"de\"},{\"@type\":\"WebPage\",\"@id\":\"https:\\\/\\\/www.strassenweb.de\\\/nachrichten\\\/die-nach-feiertagen-duftenden-reinigungsprodukte-von-kris-jenner-sind-ein-unerwarteter-stimmungsaufheller-ich-bin-kein-feiertagsmensch-aber-diese-seifen-versetzen-mich-sofort-in-festliche-s\\\/\",\"url\":\"https:\\\/\\\/www.strassenweb.de\\\/nachrichten\\\/die-nach-feiertagen-duftenden-reinigungsprodukte-von-kris-jenner-sind-ein-unerwarteter-stimmungsaufheller-ich-bin-kein-feiertagsmensch-aber-diese-seifen-versetzen-mich-sofort-in-festliche-s\\\/\",\"name\":\"Die nach Feiertagen duftenden Reinigungsprodukte von Kris Jenner sind ein unerwarteter Stimmungsaufheller \u2013 ich bin kein Feiertagsmensch, aber diese Seifen versetzen mich sofort in festliche Stimmung - Nachrichten - Stra\u00dfenweb\",\"isPartOf\":{\"@id\":\"https:\\\/\\\/www.strassenweb.de\\\/nachrichten\\\/#website\"},\"primaryImageOfPage\":{\"@id\":\"https:\\\/\\\/www.strassenweb.de\\\/nachrichten\\\/die-nach-feiertagen-duftenden-reinigungsprodukte-von-kris-jenner-sind-ein-unerwarteter-stimmungsaufheller-ich-bin-kein-feiertagsmensch-aber-diese-seifen-versetzen-mich-sofort-in-festliche-s\\\/#primaryimage\"},\"image\":{\"@id\":\"https:\\\/\\\/www.strassenweb.de\\\/nachrichten\\\/die-nach-feiertagen-duftenden-reinigungsprodukte-von-kris-jenner-sind-ein-unerwarteter-stimmungsaufheller-ich-bin-kein-feiertagsmensch-aber-diese-seifen-versetzen-mich-sofort-in-festliche-s\\\/#primaryimage\"},\"thumbnailUrl\":\"https:\\\/\\\/www.strassenweb.de\\\/nachrichten\\\/wp-content\\\/uploads\\\/2024\\\/11\\\/Die-nach-Feiertagen-duftenden-Reinigungsprodukte-von-Kris-Jenner-sind-ein.png\",\"datePublished\":\"2024-11-18T21:40:02+00:00\",\"dateModified\":\"2024-11-18T21:40:08+00:00\",\"breadcrumb\":{\"@id\":\"https:\\\/\\\/www.strassenweb.de\\\/nachrichten\\\/die-nach-feiertagen-duftenden-reinigungsprodukte-von-kris-jenner-sind-ein-unerwarteter-stimmungsaufheller-ich-bin-kein-feiertagsmensch-aber-diese-seifen-versetzen-mich-sofort-in-festliche-s\\\/#breadcrumb\"},\"inLanguage\":\"de\",\"potentialAction\":[{\"@type\":\"ReadAction\",\"target\":[\"https:\\\/\\\/www.strassenweb.de\\\/nachrichten\\\/die-nach-feiertagen-duftenden-reinigungsprodukte-von-kris-jenner-sind-ein-unerwarteter-stimmungsaufheller-ich-bin-kein-feiertagsmensch-aber-diese-seifen-versetzen-mich-sofort-in-festliche-s\\\/\"]}]},{\"@type\":\"ImageObject\",\"inLanguage\":\"de\",\"@id\":\"https:\\\/\\\/www.strassenweb.de\\\/nachrichten\\\/die-nach-feiertagen-duftenden-reinigungsprodukte-von-kris-jenner-sind-ein-unerwarteter-stimmungsaufheller-ich-bin-kein-feiertagsmensch-aber-diese-seifen-versetzen-mich-sofort-in-festliche-s\\\/#primaryimage\",\"url\":\"https:\\\/\\\/www.strassenweb.de\\\/nachrichten\\\/wp-content\\\/uploads\\\/2024\\\/11\\\/Die-nach-Feiertagen-duftenden-Reinigungsprodukte-von-Kris-Jenner-sind-ein.png\",\"contentUrl\":\"https:\\\/\\\/www.strassenweb.de\\\/nachrichten\\\/wp-content\\\/uploads\\\/2024\\\/11\\\/Die-nach-Feiertagen-duftenden-Reinigungsprodukte-von-Kris-Jenner-sind-ein.png\",\"width\":1200,\"height\":675,\"caption\":\"Die nach Feiertagen duftenden Reinigungsprodukte von Kris Jenner sind ein unerwarteter Stimmungsaufheller \u2013 ich bin kein Feiertagsmensch, aber diese Seifen versetzen mich sofort in festliche Stimmung\"},{\"@type\":\"BreadcrumbList\",\"@id\":\"https:\\\/\\\/www.strassenweb.de\\\/nachrichten\\\/die-nach-feiertagen-duftenden-reinigungsprodukte-von-kris-jenner-sind-ein-unerwarteter-stimmungsaufheller-ich-bin-kein-feiertagsmensch-aber-diese-seifen-versetzen-mich-sofort-in-festliche-s\\\/#breadcrumb\",\"itemListElement\":[{\"@type\":\"ListItem\",\"position\":1,\"name\":\"Home\",\"item\":\"https:\\\/\\\/www.strassenweb.de\\\/nachrichten\\\/\"},{\"@type\":\"ListItem\",\"position\":2,\"name\":\"Die nach Feiertagen duftenden Reinigungsprodukte von Kris Jenner sind ein unerwarteter Stimmungsaufheller \u2013 ich bin kein Feiertagsmensch, aber diese Seifen versetzen mich sofort in festliche Stimmung\"}]},{\"@type\":\"WebSite\",\"@id\":\"https:\\\/\\\/www.strassenweb.de\\\/nachrichten\\\/#website\",\"url\":\"https:\\\/\\\/www.strassenweb.de\\\/nachrichten\\\/\",\"name\":\"Stra\u00dfenweb\",\"description\":\"Stra\u00dfenverzeichnis f\u00fcr Deutschland\",\"publisher\":{\"@id\":\"https:\\\/\\\/www.strassenweb.de\\\/nachrichten\\\/#organization\"},\"potentialAction\":[{\"@type\":\"SearchAction\",\"target\":{\"@type\":\"EntryPoint\",\"urlTemplate\":\"https:\\\/\\\/www.strassenweb.de\\\/nachrichten\\\/?s={search_term_string}\"},\"query-input\":{\"@type\":\"PropertyValueSpecification\",\"valueRequired\":true,\"valueName\":\"search_term_string\"}}],\"inLanguage\":\"de\"},{\"@type\":\"Organization\",\"@id\":\"https:\\\/\\\/www.strassenweb.de\\\/nachrichten\\\/#organization\",\"name\":\"Stra\u00dfenweb\",\"url\":\"https:\\\/\\\/www.strassenweb.de\\\/nachrichten\\\/\",\"logo\":{\"@type\":\"ImageObject\",\"inLanguage\":\"de\",\"@id\":\"https:\\\/\\\/www.strassenweb.de\\\/nachrichten\\\/#\\\/schema\\\/logo\\\/image\\\/\",\"url\":\"https:\\\/\\\/www.strassenweb.de\\\/nachrichten\\\/wp-content\\\/uploads\\\/2024\\\/09\\\/cropped-favicon.png\",\"contentUrl\":\"https:\\\/\\\/www.strassenweb.de\\\/nachrichten\\\/wp-content\\\/uploads\\\/2024\\\/09\\\/cropped-favicon.png\",\"width\":512,\"height\":512,\"caption\":\"Stra\u00dfenweb\"},\"image\":{\"@id\":\"https:\\\/\\\/www.strassenweb.de\\\/nachrichten\\\/#\\\/schema\\\/logo\\\/image\\\/\"},\"sameAs\":[\"https:\\\/\\\/www.facebook.com\\\/strassenweb\\\/\"]},{\"@type\":\"Person\",\"@id\":\"https:\\\/\\\/www.strassenweb.de\\\/nachrichten\\\/#\\\/schema\\\/person\\\/87c9c9067f1211da429a744dc5a5aa41\",\"name\":\"Robert Hoffmann\",\"image\":{\"@type\":\"ImageObject\",\"inLanguage\":\"de\",\"@id\":\"https:\\\/\\\/www.strassenweb.de\\\/nachrichten\\\/wp-content\\\/uploads\\\/2024\\\/09\\\/strassenweb-150x150.jpg\",\"url\":\"https:\\\/\\\/www.strassenweb.de\\\/nachrichten\\\/wp-content\\\/uploads\\\/2024\\\/09\\\/strassenweb-150x150.jpg\",\"contentUrl\":\"https:\\\/\\\/www.strassenweb.de\\\/nachrichten\\\/wp-content\\\/uploads\\\/2024\\\/09\\\/strassenweb-150x150.jpg\",\"caption\":\"Robert Hoffmann\"},\"description\":\"Ich hei\u00dfe Robert Hoffmann und ich bin ein leidenschaftlicher Verfechter von \u00d6kologie und Biodiversit\u00e4t. Seit meiner Kindheit in den W\u00e4ldern Bayerns f\u00fchle ich mich mit der Natur verbunden und bin entschlossen, sie zu sch\u00fctzen. Heute widme ich mein Leben der Sensibilisierung anderer f\u00fcr die Bedeutung des Umweltschutzes f\u00fcr zuk\u00fcnftige Generationen.\",\"sameAs\":[\"https:\\\/\\\/www.strassenweb.de\\\/\"]}]}<\/script>\n<!-- \/ Yoast SEO plugin. -->","yoast_head_json":{"title":"Die nach Feiertagen duftenden Reinigungsprodukte von Kris Jenner sind ein unerwarteter Stimmungsaufheller \u2013 ich bin kein Feiertagsmensch, aber diese Seifen versetzen mich sofort in festliche Stimmung - Nachrichten - Stra\u00dfenweb","robots":{"index":"index","follow":"follow","max-snippet":"max-snippet:-1","max-image-preview":"max-image-preview:large","max-video-preview":"max-video-preview:-1"},"canonical":"https:\/\/www.strassenweb.de\/nachrichten\/die-nach-feiertagen-duftenden-reinigungsprodukte-von-kris-jenner-sind-ein-unerwarteter-stimmungsaufheller-ich-bin-kein-feiertagsmensch-aber-diese-seifen-versetzen-mich-sofort-in-festliche-s\/","og_locale":"de_DE","og_type":"article","og_title":"Die nach Feiertagen duftenden Reinigungsprodukte von Kris Jenner sind ein unerwarteter Stimmungsaufheller \u2013 ich bin kein Feiertagsmensch, aber diese Seifen versetzen mich sofort in festliche Stimmung - Nachrichten - Stra\u00dfenweb","og_description":"Wenn Sie dezente Weihnachtsdekorationen m\u00f6gen, ist dies genau das Richtige f\u00fcr Sie. Ich bin kein Grinch, aber traditionelles saisonales Dekorieren kann manchmal wie zu viel","og_url":"https:\/\/www.strassenweb.de\/nachrichten\/die-nach-feiertagen-duftenden-reinigungsprodukte-von-kris-jenner-sind-ein-unerwarteter-stimmungsaufheller-ich-bin-kein-feiertagsmensch-aber-diese-seifen-versetzen-mich-sofort-in-festliche-s\/","og_site_name":"Stra\u00dfenweb","article_publisher":"https:\/\/www.facebook.com\/strassenweb\/","article_published_time":"2024-11-18T21:40:02+00:00","article_modified_time":"2024-11-18T21:40:08+00:00","og_image":[{"width":1200,"height":675,"url":"https:\/\/www.strassenweb.de\/nachrichten\/wp-content\/uploads\/2024\/11\/Die-nach-Feiertagen-duftenden-Reinigungsprodukte-von-Kris-Jenner-sind-ein.png","type":"image\/png"}],"author":"Robert Hoffmann","twitter_card":"summary_large_image","twitter_misc":{"Verfasst von":"Robert Hoffmann","Gesch\u00e4tzte Lesezeit":"3\u00a0Minuten"},"schema":{"@context":"https:\/\/schema.org","@graph":[{"@type":"Article","@id":"https:\/\/www.strassenweb.de\/nachrichten\/die-nach-feiertagen-duftenden-reinigungsprodukte-von-kris-jenner-sind-ein-unerwarteter-stimmungsaufheller-ich-bin-kein-feiertagsmensch-aber-diese-seifen-versetzen-mich-sofort-in-festliche-s\/#article","isPartOf":{"@id":"https:\/\/www.strassenweb.de\/nachrichten\/die-nach-feiertagen-duftenden-reinigungsprodukte-von-kris-jenner-sind-ein-unerwarteter-stimmungsaufheller-ich-bin-kein-feiertagsmensch-aber-diese-seifen-versetzen-mich-sofort-in-festliche-s\/"},"author":{"name":"Robert Hoffmann","@id":"https:\/\/www.strassenweb.de\/nachrichten\/#\/schema\/person\/87c9c9067f1211da429a744dc5a5aa41"},"headline":"Die nach Feiertagen duftenden Reinigungsprodukte von Kris Jenner sind ein unerwarteter Stimmungsaufheller \u2013 ich bin kein Feiertagsmensch, aber diese Seifen versetzen mich sofort in festliche Stimmung","datePublished":"2024-11-18T21:40:02+00:00","dateModified":"2024-11-18T21:40:08+00:00","mainEntityOfPage":{"@id":"https:\/\/www.strassenweb.de\/nachrichten\/die-nach-feiertagen-duftenden-reinigungsprodukte-von-kris-jenner-sind-ein-unerwarteter-stimmungsaufheller-ich-bin-kein-feiertagsmensch-aber-diese-seifen-versetzen-mich-sofort-in-festliche-s\/"},"wordCount":646,"publisher":{"@id":"https:\/\/www.strassenweb.de\/nachrichten\/#organization"},"image":{"@id":"https:\/\/www.strassenweb.de\/nachrichten\/die-nach-feiertagen-duftenden-reinigungsprodukte-von-kris-jenner-sind-ein-unerwarteter-stimmungsaufheller-ich-bin-kein-feiertagsmensch-aber-diese-seifen-versetzen-mich-sofort-in-festliche-s\/#primaryimage"},"thumbnailUrl":"https:\/\/www.strassenweb.de\/nachrichten\/wp-content\/uploads\/2024\/11\/Die-nach-Feiertagen-duftenden-Reinigungsprodukte-von-Kris-Jenner-sind-ein.png","keywords":["aber","bin","die","diese","duftenden","ein","Feiertagen","Feiertagsmensch","festliche","ich","Jenner","kein","Kris","mich","Nach","Reinigungsprodukte","Seifen","sind","sofort","Stimmung","Stimmungsaufheller","unerwarteter","versetzen","von"],"articleSection":["Haus &amp; Garten"],"inLanguage":"de"},{"@type":"WebPage","@id":"https:\/\/www.strassenweb.de\/nachrichten\/die-nach-feiertagen-duftenden-reinigungsprodukte-von-kris-jenner-sind-ein-unerwarteter-stimmungsaufheller-ich-bin-kein-feiertagsmensch-aber-diese-seifen-versetzen-mich-sofort-in-festliche-s\/","url":"https:\/\/www.strassenweb.de\/nachrichten\/die-nach-feiertagen-duftenden-reinigungsprodukte-von-kris-jenner-sind-ein-unerwarteter-stimmungsaufheller-ich-bin-kein-feiertagsmensch-aber-diese-seifen-versetzen-mich-sofort-in-festliche-s\/","name":"Die nach Feiertagen duftenden Reinigungsprodukte von Kris Jenner sind ein unerwarteter Stimmungsaufheller \u2013 ich bin kein Feiertagsmensch, aber diese Seifen versetzen mich sofort in festliche Stimmung - Nachrichten - Stra\u00dfenweb","isPartOf":{"@id":"https:\/\/www.strassenweb.de\/nachrichten\/#website"},"primaryImageOfPage":{"@id":"https:\/\/www.strassenweb.de\/nachrichten\/die-nach-feiertagen-duftenden-reinigungsprodukte-von-kris-jenner-sind-ein-unerwarteter-stimmungsaufheller-ich-bin-kein-feiertagsmensch-aber-diese-seifen-versetzen-mich-sofort-in-festliche-s\/#primaryimage"},"image":{"@id":"https:\/\/www.strassenweb.de\/nachrichten\/die-nach-feiertagen-duftenden-reinigungsprodukte-von-kris-jenner-sind-ein-unerwarteter-stimmungsaufheller-ich-bin-kein-feiertagsmensch-aber-diese-seifen-versetzen-mich-sofort-in-festliche-s\/#primaryimage"},"thumbnailUrl":"https:\/\/www.strassenweb.de\/nachrichten\/wp-content\/uploads\/2024\/11\/Die-nach-Feiertagen-duftenden-Reinigungsprodukte-von-Kris-Jenner-sind-ein.png","datePublished":"2024-11-18T21:40:02+00:00","dateModified":"2024-11-18T21:40:08+00:00","breadcrumb":{"@id":"https:\/\/www.strassenweb.de\/nachrichten\/die-nach-feiertagen-duftenden-reinigungsprodukte-von-kris-jenner-sind-ein-unerwarteter-stimmungsaufheller-ich-bin-kein-feiertagsmensch-aber-diese-seifen-versetzen-mich-sofort-in-festliche-s\/#breadcrumb"},"inLanguage":"de","potentialAction":[{"@type":"ReadAction","target":["https:\/\/www.strassenweb.de\/nachrichten\/die-nach-feiertagen-duftenden-reinigungsprodukte-von-kris-jenner-sind-ein-unerwarteter-stimmungsaufheller-ich-bin-kein-feiertagsmensch-aber-diese-seifen-versetzen-mich-sofort-in-festliche-s\/"]}]},{"@type":"ImageObject","inLanguage":"de","@id":"https:\/\/www.strassenweb.de\/nachrichten\/die-nach-feiertagen-duftenden-reinigungsprodukte-von-kris-jenner-sind-ein-unerwarteter-stimmungsaufheller-ich-bin-kein-feiertagsmensch-aber-diese-seifen-versetzen-mich-sofort-in-festliche-s\/#primaryimage","url":"https:\/\/www.strassenweb.de\/nachrichten\/wp-content\/uploads\/2024\/11\/Die-nach-Feiertagen-duftenden-Reinigungsprodukte-von-Kris-Jenner-sind-ein.png","contentUrl":"https:\/\/www.strassenweb.de\/nachrichten\/wp-content\/uploads\/2024\/11\/Die-nach-Feiertagen-duftenden-Reinigungsprodukte-von-Kris-Jenner-sind-ein.png","width":1200,"height":675,"caption":"Die nach Feiertagen duftenden Reinigungsprodukte von Kris Jenner sind ein unerwarteter Stimmungsaufheller \u2013 ich bin kein Feiertagsmensch, aber diese Seifen versetzen mich sofort in festliche Stimmung"},{"@type":"BreadcrumbList","@id":"https:\/\/www.strassenweb.de\/nachrichten\/die-nach-feiertagen-duftenden-reinigungsprodukte-von-kris-jenner-sind-ein-unerwarteter-stimmungsaufheller-ich-bin-kein-feiertagsmensch-aber-diese-seifen-versetzen-mich-sofort-in-festliche-s\/#breadcrumb","itemListElement":[{"@type":"ListItem","position":1,"name":"Home","item":"https:\/\/www.strassenweb.de\/nachrichten\/"},{"@type":"ListItem","position":2,"name":"Die nach Feiertagen duftenden Reinigungsprodukte von Kris Jenner sind ein unerwarteter Stimmungsaufheller \u2013 ich bin kein Feiertagsmensch, aber diese Seifen versetzen mich sofort in festliche Stimmung"}]},{"@type":"WebSite","@id":"https:\/\/www.strassenweb.de\/nachrichten\/#website","url":"https:\/\/www.strassenweb.de\/nachrichten\/","name":"Stra\u00dfenweb","description":"Stra\u00dfenverzeichnis f\u00fcr Deutschland","publisher":{"@id":"https:\/\/www.strassenweb.de\/nachrichten\/#organization"},"potentialAction":[{"@type":"SearchAction","target":{"@type":"EntryPoint","urlTemplate":"https:\/\/www.strassenweb.de\/nachrichten\/?s={search_term_string}"},"query-input":{"@type":"PropertyValueSpecification","valueRequired":true,"valueName":"search_term_string"}}],"inLanguage":"de"},{"@type":"Organization","@id":"https:\/\/www.strassenweb.de\/nachrichten\/#organization","name":"Stra\u00dfenweb","url":"https:\/\/www.strassenweb.de\/nachrichten\/","logo":{"@type":"ImageObject","inLanguage":"de","@id":"https:\/\/www.strassenweb.de\/nachrichten\/#\/schema\/logo\/image\/","url":"https:\/\/www.strassenweb.de\/nachrichten\/wp-content\/uploads\/2024\/09\/cropped-favicon.png","contentUrl":"https:\/\/www.strassenweb.de\/nachrichten\/wp-content\/uploads\/2024\/09\/cropped-favicon.png","width":512,"height":512,"caption":"Stra\u00dfenweb"},"image":{"@id":"https:\/\/www.strassenweb.de\/nachrichten\/#\/schema\/logo\/image\/"},"sameAs":["https:\/\/www.facebook.com\/strassenweb\/"]},{"@type":"Person","@id":"https:\/\/www.strassenweb.de\/nachrichten\/#\/schema\/person\/87c9c9067f1211da429a744dc5a5aa41","name":"Robert Hoffmann","image":{"@type":"ImageObject","inLanguage":"de","@id":"https:\/\/www.strassenweb.de\/nachrichten\/wp-content\/uploads\/2024\/09\/strassenweb-150x150.jpg","url":"https:\/\/www.strassenweb.de\/nachrichten\/wp-content\/uploads\/2024\/09\/strassenweb-150x150.jpg","contentUrl":"https:\/\/www.strassenweb.de\/nachrichten\/wp-content\/uploads\/2024\/09\/strassenweb-150x150.jpg","caption":"Robert Hoffmann"},"description":"Ich hei\u00dfe Robert Hoffmann und ich bin ein leidenschaftlicher Verfechter von \u00d6kologie und Biodiversit\u00e4t. Seit meiner Kindheit in den W\u00e4ldern Bayerns f\u00fchle ich mich mit der Natur verbunden und bin entschlossen, sie zu sch\u00fctzen. Heute widme ich mein Leben der Sensibilisierung anderer f\u00fcr die Bedeutung des Umweltschutzes f\u00fcr zuk\u00fcnftige Generationen.","sameAs":["https:\/\/www.strassenweb.de\/"]}]}},"_links":{"self":[{"href":"https:\/\/www.strassenweb.de\/nachrichten\/wp-json\/wp\/v2\/posts\/1643","targetHints":{"allow":["GET"]}}],"collection":[{"href":"https:\/\/www.strassenweb.de\/nachrichten\/wp-json\/wp\/v2\/posts"}],"about":[{"href":"https:\/\/www.strassenweb.de\/nachrichten\/wp-json\/wp\/v2\/types\/post"}],"author":[{"embeddable":true,"href":"https:\/\/www.strassenweb.de\/nachrichten\/wp-json\/wp\/v2\/users\/1"}],"replies":[{"embeddable":true,"href":"https:\/\/www.strassenweb.de\/nachrichten\/wp-json\/wp\/v2\/comments?post=1643"}],"version-history":[{"count":0,"href":"https:\/\/www.strassenweb.de\/nachrichten\/wp-json\/wp\/v2\/posts\/1643\/revisions"}],"wp:featuredmedia":[{"embeddable":true,"href":"https:\/\/www.strassenweb.de\/nachrichten\/wp-json\/wp\/v2\/media\/1644"}],"wp:attachment":[{"href":"https:\/\/www.strassenweb.de\/nachrichten\/wp-json\/wp\/v2\/media?parent=1643"}],"wp:term":[{"taxonomy":"category","embeddable":true,"href":"https:\/\/www.strassenweb.de\/nachrichten\/wp-json\/wp\/v2\/categories?post=1643"},{"taxonomy":"post_tag","embeddable":true,"href":"https:\/\/www.strassenweb.de\/nachrichten\/wp-json\/wp\/v2\/tags?post=1643"}],"curies":[{"name":"wp","href":"https:\/\/api.w.org\/{rel}","templated":true}]}}