{"id":1637,"date":"2024-11-18T14:41:23","date_gmt":"2024-11-18T13:41:23","guid":{"rendered":"https:\/\/www.strassenweb.de\/nachrichten\/weltweites-aussterben-eines-vogels-auf-dem-europaeischen-festland-und-im-mittelmeerraum-von-wissenschaftlern-bestaetigt\/"},"modified":"2024-11-18T14:41:24","modified_gmt":"2024-11-18T13:41:24","slug":"weltweites-aussterben-eines-vogels-auf-dem-europaeischen-festland-und-im-mittelmeerraum-von-wissenschaftlern-bestaetigt","status":"publish","type":"post","link":"https:\/\/www.strassenweb.de\/nachrichten\/weltweites-aussterben-eines-vogels-auf-dem-europaeischen-festland-und-im-mittelmeerraum-von-wissenschaftlern-bestaetigt\/","title":{"rendered":"Weltweites Aussterben eines Vogels auf dem europ\u00e4ischen Festland und im Mittelmeerraum von Wissenschaftlern best\u00e4tigt"},"content":{"rendered":"<ul class=\"wp-block-list\">\n<li>Dies ist das erste bekannte globale Vogelsterben auf dem europ\u00e4ischen Festland, in Nordafrika und Westasien.<\/li>\n<li>Die letzte unwiderlegbare Sichtung des Gro\u00dfen Brachvogels erfolgte im Februar 1995 in Marokko.<\/li>\n<li>Diese neue Studie ist eine deutliche Warnung vor der Notwendigkeit, neben anderen Belastungen den Verlust und die Verschlechterung von Grasland- und Feuchtgebietsnistgebieten im Landesinneren sowie Nichtbrutgebieten von K\u00fcstenfeuchtgebieten anzugehen und koordinierte Ma\u00dfnahmen zu ergreifen, um ein weiteres Aussterben wandernder Wasservogelarten zu verhindern. einschlie\u00dflich des Gro\u00dfen Brachvogels.<\/li>\n<\/ul>\n<p><strong>Wissenschaftler des RSPB, von BirdLife International (UK), des Naturalis Biodiversity Centre (Niederlande) und des Natural History Museum, London haben heute eine objektive Analyse ver\u00f6ffentlicht, die auf das Aussterben des Gro\u00dfen Brachvogels hinweist, eines wandernden K\u00fcstenvogels, der in Westsibirien br\u00fctete \u00fcberwintert im Mittelmeer.<\/strong><\/p>\n<p>Die Rote Liste der IUCN erkennt derzeit nur 164 Vogelarten als ausgestorben an, von \u00fcber 11.000 Arten, deren Erhaltungszustand von BirdLife International, der weltweiten Roten-Listen-Beh\u00f6rde f\u00fcr V\u00f6gel, bewertet wurde.<\/p>\n<p>Dies ist das erste bekannte Aussterben einer Vogelart auf dem europ\u00e4ischen Festland, Nordafrika und Westasien.* Jahrzehntelang wurden umfangreiche Bem\u00fchungen unternommen, in seinen Brut- und Nichtbrutgebieten Belege f\u00fcr den Gro\u00dfen Brachvogel zu finden, aber alle waren erfolglos .<\/p>\n<p>Der Artikel wurde heute in der Zeitschrift ver\u00f6ffentlicht <em>IBIS<\/em>nutzt eine objektive statistische Analyse der Bedrohungen f\u00fcr die Art und eine Datenbank mit Aufzeichnungen, einschlie\u00dflich Museumsexemplaren und Sichtungen, um die Wahrscheinlichkeit des Aussterbens einzusch\u00e4tzen. Die Analyse zeigt, dass eine Wahrscheinlichkeit von 99,6 % besteht, dass der Vogel nicht mehr existiert und etwa zum Zeitpunkt der letzten Aufzeichnung im Jahr 1995 ausgestorben ist.<\/p>\n<p><strong>Nicola Crockford, Principal Policy Officer des RSPB, sagte:<\/strong> \u201eDies ist eine der verheerendsten Geschichten aus dem Naturschutz seit einem Jahrhundert und bringt auf den Punkt, warum RSPB und BirdLife Partnership das tun, was wir tun; das hei\u00dft letztlich, das Artensterben zu verhindern. Dies ist das erste bekannte weltweite Aussterben eines Vogels auf dem europ\u00e4ischen Festland, Nordafrika und Westasien. Dies ist zu unseren Lebzeiten geschehen. Wie k\u00f6nnen wir von L\u00e4ndern au\u00dferhalb Europas erwarten, dass sie sich f\u00fcr ihre Arten einsetzen, wenn unsere vergleichsweise wohlhabenden L\u00e4nder versagt haben?<\/p>\n<p>\u201eDas Aussterben ist f\u00fcr immer. Diese Nachricht unterstreicht, dass unsere Arbeit zur Rettung des Gro\u00dfen Brachvogels und der Uferschnepfe sowie vieler anderer wandernder Watv\u00f6gel, die f\u00fcr den Schutz von Bedeutung sind, von gr\u00f6\u00dfter Dringlichkeit ist, um zu verhindern, dass weitere Arten, die dem Gro\u00dfen Brachvogel folgen, aussterben.\u201c<\/p>\n<p><strong>Graeme Buchanan, Leiter der internationalen Naturschutzwissenschaft beim RSPB, sagte:<\/strong> \u201eEs ist nicht leichtfertig, eine Art f\u00fcr ausgestorben zu erkl\u00e4ren, und die IUCN, die die endg\u00fcltige Entscheidung \u00fcber das Aussterben auf der Roten Liste gef\u00e4hrdeter Arten trifft, ben\u00f6tigt zuvor vollst\u00e4ndige Informationen \u00fcber den Status einer Art.\u201c Es ist wichtig, dass dies nicht zu fr\u00fch geschieht, da dies dazu f\u00fchren k\u00f6nnte, dass Erhaltungsbem\u00fchungen eingestellt werden, obwohl sie m\u00f6glicherweise noch n\u00fctzlich sind. Eine l\u00e4ngere Investition in eine bereits ausgestorbene Art k\u00f6nnte jedoch eine Verschwendung begrenzter Ressourcen sein. Das hei\u00dft, wir k\u00f6nnen nicht einfach davon ausgehen, dass eine Art ausgestorben ist, wenn sie eine Zeit lang nicht gesehen wurde. Dies gilt insbesondere f\u00fcr den Gro\u00dfen Brachvogel, da seine Brutst\u00e4tten nie vollst\u00e4ndig bekannt waren und er in der Nichtbrutzeit weit verbreitet ist. Durch die Verwendung objektiver, vereinbarter Methoden k\u00f6nnen wir eine fundierte Bewertung vornehmen, aber sie machen das Ergebnis nicht weniger verheerend. Es liegt nun an der IUCN, \u00fcber den Status der Art zu entscheiden.\u201c<\/p>\n<p>Die Ursachen f\u00fcr den R\u00fcckgang des Gro\u00dfen Brachvogels werden vielleicht nie vollst\u00e4ndig gekl\u00e4rt, aber zu den m\u00f6glichen Belastungen geh\u00f6rten die weitgehende Entw\u00e4sserung ihrer Hochmoor-Brutgebiete f\u00fcr landwirtschaftliche Zwecke, der Verlust von K\u00fcstenfeuchtgebieten, die f\u00fcr die Winterf\u00fctterung genutzt wurden, und insbesondere in letzter Zeit die Jagd auf bereits vorhandene Arten reduzierte, fragmentierte und r\u00fcckl\u00e4ufige Bev\u00f6lkerung. Es k\u00f6nnte Auswirkungen durch Umweltverschmutzung, Krankheiten, Raubtiere und den Klimawandel gegeben haben, das Ausma\u00df dieser Auswirkungen ist jedoch unbekannt.<\/p>\n<p>Der Schlankschnabel-Brachvogel war ein enger Verwandter des Gro\u00dfen Brachvogels, eines K\u00fcstenvogels, dessen sprudelnder Ruf w\u00e4hrend der Brutzeit im britischen Hochland und anderen Graslandschaften wie den East Anglian Brecklands zu h\u00f6ren ist und dessen Schw\u00e4rme in unseren Flussm\u00fcndungen zu sehen sind die Wintermonate. Der Gro\u00dfe Brachvogel ist auf der globalen und europ\u00e4ischen Roten Liste gef\u00e4hrdeter Arten der IUCN nahezu gef\u00e4hrdet und steht auf der Roten Liste der britischen Vogelarten, die als Schutzgebiet gelten.<\/p>\n<p><strong>Nicola Crockford f\u00fcgte hinzu:<\/strong> \u201eDie Bedeutung der Nichtbrutgebiete von K\u00fcstenfeuchtgebieten sowie der Brutgebiete in Hochland-, Grasland- und Feuchtgebieten kann nicht hoch genug eingesch\u00e4tzt werden, und die Bedrohungen, denen sie weltweit ausgesetzt sind, sollten nicht ignoriert werden.\u201c Aus diesem Grund brauchen wir Regierungen, Geber und andere Interessengruppen, um die von diesen V\u00f6geln entlang ihrer Flugrouten ben\u00f6tigten \u00f6kologischen Netzwerke zu sichern, unter anderem durch vorteilhafte Agrarumweltprogramme und ein Ende der unangemessenen Aufforstung in den Nistgebieten sowie durch gesch\u00fctzte, nachhaltig bewirtschaftete und wiederhergestellte K\u00fcsten Feuchtgebiete, die an die Auswirkungen des Meeresspiegelanstiegs und anderer klimawandelbedingter Ereignisse angepasst sind; Es ist m\u00f6glich, dass all diese Dinge sowohl den \u00f6rtlichen menschlichen Gemeinschaften als auch den V\u00f6geln zugute kommen.\u201c<\/p>\n<p><strong>Dr. Alex Bond, leitender Kurator f\u00fcr V\u00f6gel am Naturhistorischen Museum,<\/strong> war Teil des Teams, das das Schicksal des Gro\u00dfen Brachvogels aufsp\u00fcrte.<\/p>\n<p><strong>Er sagte:<\/strong> \u201eAls der Gro\u00dfe Brachvogel nicht mehr zu seinem Haupt\u00fcberwinterungsgebiet in Merja Zerga in Marokko zur\u00fcckkehrte, wurden gro\u00dfe Anstrengungen unternommen, um ihn in Brutgebieten zu finden. Mehrere Expeditionen, Hunderttausende Quadratkilometer durchsucht. Und das alles ist leider nichts aufgetaucht.<\/p>\n<p>\u201eDa der Klimawandel weiter voranschreitet, wird dies der Status quo sein. F\u00fcr die V\u00f6gel wird es nicht besser. Die Bek\u00e4mpfung des Klimawandels, der Zerst\u00f6rung von Lebensr\u00e4umen und der Umweltverschmutzung ist die beste Chance, die wir haben, um sie zu sch\u00fctzen, im In- und Ausland.\u201c<\/p>\n<p>Diese Nachricht folgt auf die j\u00fcngste Ank\u00fcndigung von BirdLife International, dass 16 weitere wandernde K\u00fcstenvogelarten, von denen vier (Kieberregenpfeifer, Steinw\u00e4lzer, Alpenstrandl\u00e4ufer, Gro\u00dfer Brachvogel) im Vereinigten K\u00f6nigreich regelm\u00e4\u00dfig vorkommen, gerade in h\u00f6here Bedrohungskategorien auf der Roten Liste der IUCN aufgenommen wurden Bedrohte Arten aufgrund von Populationsr\u00fcckg\u00e4ngen.<\/p>\n<p><strong>Alex Berryman, Red List Officer bei BirdLife International und Mitautor der Studie, sagte:<\/strong> \u201eDer verheerende Verlust des Gro\u00dfen Brachvogels ist eine Warnung, dass kein Vogel vor der Gefahr des Aussterbens gefeit ist. Seit dem Jahr 1500 sind weltweit mehr als 150 Vogelarten ausgestorben. H\u00e4ufig sind invasive Arten die Ursache, wobei 90 % des Vogelaussterbens Inselarten betreffen. W\u00e4hrend sich die Welle des Aussterbens auf Inseln m\u00f6glicherweise verlangsamt, nimmt die Rate des Aussterbens auf kontinentalen Kontinenten zu. Dies ist eine Folge der Zerst\u00f6rung und Verschlechterung des Lebensraums, der \u00dcbernutzung und anderer Bedrohungen. Um V\u00f6gel zu retten, sind dringend Schutzma\u00dfnahmen erforderlich. Ohne sie m\u00fcssen wir uns auf eine viel gr\u00f6\u00dfere Aussterbewelle einstellen, die \u00fcber die Kontinente hinwegfegt.\u201c<\/p>\n<p><strong>Nicola Crockford kam zu dem Schluss:<\/strong> \u201eZugv\u00f6gel verbinden Nationen. Die Bem\u00fchungen einiger L\u00e4nder, eine Art zu erhalten, k\u00f6nnen durch sch\u00e4dliche Ma\u00dfnahmen in anderen L\u00e4ndern, in denen es dieselben wandernden Arten gibt, zunichte gemacht werden. So wie Kohlenstoff in der Atmosph\u00e4re ein Ma\u00df f\u00fcr die internationalen Bem\u00fchungen zur Bek\u00e4mpfung des Klimawandels ist, ist der Status wandernder Arten ein Indikator f\u00fcr den Erfolg internationaler Bem\u00fchungen zur Erhaltung der Artenvielfalt. Das Aussterben des Gro\u00dfen Brachvogels ist ebenso ein klarer Aufruf zu deutlich verst\u00e4rkten Ma\u00dfnahmen f\u00fcr die Natur, wie die \u00dcberschwemmungen, Br\u00e4nde und D\u00fcrren, die den Planeten verw\u00fcsten, Ma\u00dfnahmen zur Bek\u00e4mpfung des Klimawandels darstellen.\u201c<\/p>\n<p>Das Naturhistorische Museum veranstaltet in Zusammenarbeit mit dem RSPB eine Ausstellung mit dem Titel \u201eBirds: Brilliant and Bizarre\u201c, die bis zum 5. Januar 2025 ge\u00f6ffnet ist und in der die \u00d6ffentlichkeit mehr \u00fcber die Gefahren erfahren kann, denen V\u00f6gel ausgesetzt sind und wie man sie sch\u00fctzt, sowie \u00fcber ihre au\u00dfergew\u00f6hnliche Evolutionsgeschichte und Verhaltensweisen.<\/p>\n<p>*(obwohl zwei Arten auf den vorgelagerten Inseln dieser Region ausgestorben sind, der Gro\u00dfe Alk Mitte des 19. Jahrhunderts<sup>Th<\/sup> Jahrhundert und Kanarischer Austernfischer, Mitte des 20. Jahrhunderts<sup>Th<\/sup> Jahrhundert).<\/p>\n<hr class=\"wp-block-separator has-alpha-channel-opacity\">\n<p>: Schlankschnabelbrachvogel, Numenius tenuirostris Merja Zerga, Marokko. Chris Gomersall (rspb-images.com).<\/p>\n","protected":false},"excerpt":{"rendered":"<p>Dies ist das erste bekannte globale Vogelsterben auf dem europ\u00e4ischen Festland, in Nordafrika und Westasien. Die letzte unwiderlegbare Sichtung des Gro\u00dfen Brachvogels erfolgte im Februar<\/p>\n","protected":false},"author":1,"featured_media":1638,"comment_status":"closed","ping_status":"","sticky":false,"template":"","format":"standard","meta":{"footnotes":""},"categories":[101],"tags":[46,1614,2990,91,827,79,2987,2988,37,2986,21,2985,2989],"class_list":["post-1637","post","type-post","status-publish","format-standard","has-post-thumbnail","hentry","category-oekologie","tag-auf","tag-aussterben","tag-bestaetigt","tag-dem","tag-eines","tag-europaeischen","tag-festland","tag-mittelmeerraum","tag-und","tag-vogels","tag-von","tag-weltweites","tag-wissenschaftlern","generate-columns","tablet-grid-50","mobile-grid-100","grid-parent","grid-50"],"yoast_head":"<!-- This site is optimized with the Yoast SEO plugin v27.3 - https:\/\/yoast.com\/product\/yoast-seo-wordpress\/ -->\n<title>Weltweites Aussterben eines Vogels auf dem europ\u00e4ischen Festland und im Mittelmeerraum von Wissenschaftlern best\u00e4tigt - Nachrichten - Stra\u00dfenweb<\/title>\n<meta name=\"robots\" content=\"index, follow, max-snippet:-1, max-image-preview:large, max-video-preview:-1\" \/>\n<link rel=\"canonical\" href=\"https:\/\/www.strassenweb.de\/nachrichten\/weltweites-aussterben-eines-vogels-auf-dem-europaeischen-festland-und-im-mittelmeerraum-von-wissenschaftlern-bestaetigt\/\" \/>\n<meta property=\"og:locale\" content=\"de_DE\" \/>\n<meta property=\"og:type\" content=\"article\" \/>\n<meta property=\"og:title\" content=\"Weltweites Aussterben eines Vogels auf dem europ\u00e4ischen Festland und im Mittelmeerraum von Wissenschaftlern best\u00e4tigt - Nachrichten - Stra\u00dfenweb\" \/>\n<meta property=\"og:description\" content=\"Dies ist das erste bekannte globale Vogelsterben auf dem europ\u00e4ischen Festland, in Nordafrika und Westasien. Die letzte unwiderlegbare Sichtung des Gro\u00dfen Brachvogels erfolgte im Februar\" \/>\n<meta property=\"og:url\" content=\"https:\/\/www.strassenweb.de\/nachrichten\/weltweites-aussterben-eines-vogels-auf-dem-europaeischen-festland-und-im-mittelmeerraum-von-wissenschaftlern-bestaetigt\/\" \/>\n<meta property=\"og:site_name\" content=\"Stra\u00dfenweb\" \/>\n<meta property=\"article:publisher\" content=\"https:\/\/www.facebook.com\/strassenweb\/\" \/>\n<meta property=\"article:published_time\" content=\"2024-11-18T13:41:23+00:00\" \/>\n<meta property=\"article:modified_time\" content=\"2024-11-18T13:41:24+00:00\" \/>\n<meta property=\"og:image\" content=\"https:\/\/www.strassenweb.de\/nachrichten\/wp-content\/uploads\/2024\/11\/Weltweites-Aussterben-eines-Vogels-auf-dem-europaeischen-Festland-und-im.jpg\" \/>\n\t<meta property=\"og:image:width\" content=\"900\" \/>\n\t<meta property=\"og:image:height\" content=\"604\" \/>\n\t<meta property=\"og:image:type\" content=\"image\/jpeg\" \/>\n<meta name=\"author\" content=\"Robert Hoffmann\" \/>\n<meta name=\"twitter:card\" content=\"summary_large_image\" \/>\n<meta name=\"twitter:label1\" content=\"Verfasst von\" \/>\n\t<meta name=\"twitter:data1\" content=\"Robert Hoffmann\" \/>\n\t<meta name=\"twitter:label2\" content=\"Gesch\u00e4tzte Lesezeit\" \/>\n\t<meta name=\"twitter:data2\" content=\"7\u00a0Minuten\" \/>\n<script type=\"application\/ld+json\" class=\"yoast-schema-graph\">{\"@context\":\"https:\\\/\\\/schema.org\",\"@graph\":[{\"@type\":\"Article\",\"@id\":\"https:\\\/\\\/www.strassenweb.de\\\/nachrichten\\\/weltweites-aussterben-eines-vogels-auf-dem-europaeischen-festland-und-im-mittelmeerraum-von-wissenschaftlern-bestaetigt\\\/#article\",\"isPartOf\":{\"@id\":\"https:\\\/\\\/www.strassenweb.de\\\/nachrichten\\\/weltweites-aussterben-eines-vogels-auf-dem-europaeischen-festland-und-im-mittelmeerraum-von-wissenschaftlern-bestaetigt\\\/\"},\"author\":{\"name\":\"Robert Hoffmann\",\"@id\":\"https:\\\/\\\/www.strassenweb.de\\\/nachrichten\\\/#\\\/schema\\\/person\\\/87c9c9067f1211da429a744dc5a5aa41\"},\"headline\":\"Weltweites Aussterben eines Vogels auf dem europ\u00e4ischen Festland und im Mittelmeerraum von Wissenschaftlern best\u00e4tigt\",\"datePublished\":\"2024-11-18T13:41:23+00:00\",\"dateModified\":\"2024-11-18T13:41:24+00:00\",\"mainEntityOfPage\":{\"@id\":\"https:\\\/\\\/www.strassenweb.de\\\/nachrichten\\\/weltweites-aussterben-eines-vogels-auf-dem-europaeischen-festland-und-im-mittelmeerraum-von-wissenschaftlern-bestaetigt\\\/\"},\"wordCount\":1397,\"publisher\":{\"@id\":\"https:\\\/\\\/www.strassenweb.de\\\/nachrichten\\\/#organization\"},\"image\":{\"@id\":\"https:\\\/\\\/www.strassenweb.de\\\/nachrichten\\\/weltweites-aussterben-eines-vogels-auf-dem-europaeischen-festland-und-im-mittelmeerraum-von-wissenschaftlern-bestaetigt\\\/#primaryimage\"},\"thumbnailUrl\":\"https:\\\/\\\/www.strassenweb.de\\\/nachrichten\\\/wp-content\\\/uploads\\\/2024\\\/11\\\/Weltweites-Aussterben-eines-Vogels-auf-dem-europaeischen-Festland-und-im.jpg\",\"keywords\":[\"auf\",\"Aussterben\",\"best\u00e4tigt\",\"dem\",\"eines\",\"europ\u00e4ischen\",\"Festland\",\"Mittelmeerraum\",\"und\",\"Vogels\",\"von\",\"Weltweites\",\"Wissenschaftlern\"],\"articleSection\":[\"\u00d6kologie\"],\"inLanguage\":\"de\"},{\"@type\":\"WebPage\",\"@id\":\"https:\\\/\\\/www.strassenweb.de\\\/nachrichten\\\/weltweites-aussterben-eines-vogels-auf-dem-europaeischen-festland-und-im-mittelmeerraum-von-wissenschaftlern-bestaetigt\\\/\",\"url\":\"https:\\\/\\\/www.strassenweb.de\\\/nachrichten\\\/weltweites-aussterben-eines-vogels-auf-dem-europaeischen-festland-und-im-mittelmeerraum-von-wissenschaftlern-bestaetigt\\\/\",\"name\":\"Weltweites Aussterben eines Vogels auf dem europ\u00e4ischen Festland und im Mittelmeerraum von Wissenschaftlern best\u00e4tigt - Nachrichten - Stra\u00dfenweb\",\"isPartOf\":{\"@id\":\"https:\\\/\\\/www.strassenweb.de\\\/nachrichten\\\/#website\"},\"primaryImageOfPage\":{\"@id\":\"https:\\\/\\\/www.strassenweb.de\\\/nachrichten\\\/weltweites-aussterben-eines-vogels-auf-dem-europaeischen-festland-und-im-mittelmeerraum-von-wissenschaftlern-bestaetigt\\\/#primaryimage\"},\"image\":{\"@id\":\"https:\\\/\\\/www.strassenweb.de\\\/nachrichten\\\/weltweites-aussterben-eines-vogels-auf-dem-europaeischen-festland-und-im-mittelmeerraum-von-wissenschaftlern-bestaetigt\\\/#primaryimage\"},\"thumbnailUrl\":\"https:\\\/\\\/www.strassenweb.de\\\/nachrichten\\\/wp-content\\\/uploads\\\/2024\\\/11\\\/Weltweites-Aussterben-eines-Vogels-auf-dem-europaeischen-Festland-und-im.jpg\",\"datePublished\":\"2024-11-18T13:41:23+00:00\",\"dateModified\":\"2024-11-18T13:41:24+00:00\",\"breadcrumb\":{\"@id\":\"https:\\\/\\\/www.strassenweb.de\\\/nachrichten\\\/weltweites-aussterben-eines-vogels-auf-dem-europaeischen-festland-und-im-mittelmeerraum-von-wissenschaftlern-bestaetigt\\\/#breadcrumb\"},\"inLanguage\":\"de\",\"potentialAction\":[{\"@type\":\"ReadAction\",\"target\":[\"https:\\\/\\\/www.strassenweb.de\\\/nachrichten\\\/weltweites-aussterben-eines-vogels-auf-dem-europaeischen-festland-und-im-mittelmeerraum-von-wissenschaftlern-bestaetigt\\\/\"]}]},{\"@type\":\"ImageObject\",\"inLanguage\":\"de\",\"@id\":\"https:\\\/\\\/www.strassenweb.de\\\/nachrichten\\\/weltweites-aussterben-eines-vogels-auf-dem-europaeischen-festland-und-im-mittelmeerraum-von-wissenschaftlern-bestaetigt\\\/#primaryimage\",\"url\":\"https:\\\/\\\/www.strassenweb.de\\\/nachrichten\\\/wp-content\\\/uploads\\\/2024\\\/11\\\/Weltweites-Aussterben-eines-Vogels-auf-dem-europaeischen-Festland-und-im.jpg\",\"contentUrl\":\"https:\\\/\\\/www.strassenweb.de\\\/nachrichten\\\/wp-content\\\/uploads\\\/2024\\\/11\\\/Weltweites-Aussterben-eines-Vogels-auf-dem-europaeischen-Festland-und-im.jpg\",\"width\":900,\"height\":604,\"caption\":\"Global extinction of a bird from mainland Europe and the Mediterranean confirmed by scientists\"},{\"@type\":\"BreadcrumbList\",\"@id\":\"https:\\\/\\\/www.strassenweb.de\\\/nachrichten\\\/weltweites-aussterben-eines-vogels-auf-dem-europaeischen-festland-und-im-mittelmeerraum-von-wissenschaftlern-bestaetigt\\\/#breadcrumb\",\"itemListElement\":[{\"@type\":\"ListItem\",\"position\":1,\"name\":\"Home\",\"item\":\"https:\\\/\\\/www.strassenweb.de\\\/nachrichten\\\/\"},{\"@type\":\"ListItem\",\"position\":2,\"name\":\"Weltweites Aussterben eines Vogels auf dem europ\u00e4ischen Festland und im Mittelmeerraum von Wissenschaftlern best\u00e4tigt\"}]},{\"@type\":\"WebSite\",\"@id\":\"https:\\\/\\\/www.strassenweb.de\\\/nachrichten\\\/#website\",\"url\":\"https:\\\/\\\/www.strassenweb.de\\\/nachrichten\\\/\",\"name\":\"Stra\u00dfenweb\",\"description\":\"Stra\u00dfenverzeichnis f\u00fcr Deutschland\",\"publisher\":{\"@id\":\"https:\\\/\\\/www.strassenweb.de\\\/nachrichten\\\/#organization\"},\"potentialAction\":[{\"@type\":\"SearchAction\",\"target\":{\"@type\":\"EntryPoint\",\"urlTemplate\":\"https:\\\/\\\/www.strassenweb.de\\\/nachrichten\\\/?s={search_term_string}\"},\"query-input\":{\"@type\":\"PropertyValueSpecification\",\"valueRequired\":true,\"valueName\":\"search_term_string\"}}],\"inLanguage\":\"de\"},{\"@type\":\"Organization\",\"@id\":\"https:\\\/\\\/www.strassenweb.de\\\/nachrichten\\\/#organization\",\"name\":\"Stra\u00dfenweb\",\"url\":\"https:\\\/\\\/www.strassenweb.de\\\/nachrichten\\\/\",\"logo\":{\"@type\":\"ImageObject\",\"inLanguage\":\"de\",\"@id\":\"https:\\\/\\\/www.strassenweb.de\\\/nachrichten\\\/#\\\/schema\\\/logo\\\/image\\\/\",\"url\":\"https:\\\/\\\/www.strassenweb.de\\\/nachrichten\\\/wp-content\\\/uploads\\\/2024\\\/09\\\/cropped-favicon.png\",\"contentUrl\":\"https:\\\/\\\/www.strassenweb.de\\\/nachrichten\\\/wp-content\\\/uploads\\\/2024\\\/09\\\/cropped-favicon.png\",\"width\":512,\"height\":512,\"caption\":\"Stra\u00dfenweb\"},\"image\":{\"@id\":\"https:\\\/\\\/www.strassenweb.de\\\/nachrichten\\\/#\\\/schema\\\/logo\\\/image\\\/\"},\"sameAs\":[\"https:\\\/\\\/www.facebook.com\\\/strassenweb\\\/\"]},{\"@type\":\"Person\",\"@id\":\"https:\\\/\\\/www.strassenweb.de\\\/nachrichten\\\/#\\\/schema\\\/person\\\/87c9c9067f1211da429a744dc5a5aa41\",\"name\":\"Robert Hoffmann\",\"image\":{\"@type\":\"ImageObject\",\"inLanguage\":\"de\",\"@id\":\"https:\\\/\\\/www.strassenweb.de\\\/nachrichten\\\/wp-content\\\/uploads\\\/2024\\\/09\\\/strassenweb-150x150.jpg\",\"url\":\"https:\\\/\\\/www.strassenweb.de\\\/nachrichten\\\/wp-content\\\/uploads\\\/2024\\\/09\\\/strassenweb-150x150.jpg\",\"contentUrl\":\"https:\\\/\\\/www.strassenweb.de\\\/nachrichten\\\/wp-content\\\/uploads\\\/2024\\\/09\\\/strassenweb-150x150.jpg\",\"caption\":\"Robert Hoffmann\"},\"description\":\"Ich hei\u00dfe Robert Hoffmann und ich bin ein leidenschaftlicher Verfechter von \u00d6kologie und Biodiversit\u00e4t. Seit meiner Kindheit in den W\u00e4ldern Bayerns f\u00fchle ich mich mit der Natur verbunden und bin entschlossen, sie zu sch\u00fctzen. Heute widme ich mein Leben der Sensibilisierung anderer f\u00fcr die Bedeutung des Umweltschutzes f\u00fcr zuk\u00fcnftige Generationen.\",\"sameAs\":[\"https:\\\/\\\/www.strassenweb.de\\\/\"]}]}<\/script>\n<!-- \/ Yoast SEO plugin. -->","yoast_head_json":{"title":"Weltweites Aussterben eines Vogels auf dem europ\u00e4ischen Festland und im Mittelmeerraum von Wissenschaftlern best\u00e4tigt - Nachrichten - Stra\u00dfenweb","robots":{"index":"index","follow":"follow","max-snippet":"max-snippet:-1","max-image-preview":"max-image-preview:large","max-video-preview":"max-video-preview:-1"},"canonical":"https:\/\/www.strassenweb.de\/nachrichten\/weltweites-aussterben-eines-vogels-auf-dem-europaeischen-festland-und-im-mittelmeerraum-von-wissenschaftlern-bestaetigt\/","og_locale":"de_DE","og_type":"article","og_title":"Weltweites Aussterben eines Vogels auf dem europ\u00e4ischen Festland und im Mittelmeerraum von Wissenschaftlern best\u00e4tigt - Nachrichten - Stra\u00dfenweb","og_description":"Dies ist das erste bekannte globale Vogelsterben auf dem europ\u00e4ischen Festland, in Nordafrika und Westasien. Die letzte unwiderlegbare Sichtung des Gro\u00dfen Brachvogels erfolgte im Februar","og_url":"https:\/\/www.strassenweb.de\/nachrichten\/weltweites-aussterben-eines-vogels-auf-dem-europaeischen-festland-und-im-mittelmeerraum-von-wissenschaftlern-bestaetigt\/","og_site_name":"Stra\u00dfenweb","article_publisher":"https:\/\/www.facebook.com\/strassenweb\/","article_published_time":"2024-11-18T13:41:23+00:00","article_modified_time":"2024-11-18T13:41:24+00:00","og_image":[{"width":900,"height":604,"url":"https:\/\/www.strassenweb.de\/nachrichten\/wp-content\/uploads\/2024\/11\/Weltweites-Aussterben-eines-Vogels-auf-dem-europaeischen-Festland-und-im.jpg","type":"image\/jpeg"}],"author":"Robert Hoffmann","twitter_card":"summary_large_image","twitter_misc":{"Verfasst von":"Robert Hoffmann","Gesch\u00e4tzte Lesezeit":"7\u00a0Minuten"},"schema":{"@context":"https:\/\/schema.org","@graph":[{"@type":"Article","@id":"https:\/\/www.strassenweb.de\/nachrichten\/weltweites-aussterben-eines-vogels-auf-dem-europaeischen-festland-und-im-mittelmeerraum-von-wissenschaftlern-bestaetigt\/#article","isPartOf":{"@id":"https:\/\/www.strassenweb.de\/nachrichten\/weltweites-aussterben-eines-vogels-auf-dem-europaeischen-festland-und-im-mittelmeerraum-von-wissenschaftlern-bestaetigt\/"},"author":{"name":"Robert Hoffmann","@id":"https:\/\/www.strassenweb.de\/nachrichten\/#\/schema\/person\/87c9c9067f1211da429a744dc5a5aa41"},"headline":"Weltweites Aussterben eines Vogels auf dem europ\u00e4ischen Festland und im Mittelmeerraum von Wissenschaftlern best\u00e4tigt","datePublished":"2024-11-18T13:41:23+00:00","dateModified":"2024-11-18T13:41:24+00:00","mainEntityOfPage":{"@id":"https:\/\/www.strassenweb.de\/nachrichten\/weltweites-aussterben-eines-vogels-auf-dem-europaeischen-festland-und-im-mittelmeerraum-von-wissenschaftlern-bestaetigt\/"},"wordCount":1397,"publisher":{"@id":"https:\/\/www.strassenweb.de\/nachrichten\/#organization"},"image":{"@id":"https:\/\/www.strassenweb.de\/nachrichten\/weltweites-aussterben-eines-vogels-auf-dem-europaeischen-festland-und-im-mittelmeerraum-von-wissenschaftlern-bestaetigt\/#primaryimage"},"thumbnailUrl":"https:\/\/www.strassenweb.de\/nachrichten\/wp-content\/uploads\/2024\/11\/Weltweites-Aussterben-eines-Vogels-auf-dem-europaeischen-Festland-und-im.jpg","keywords":["auf","Aussterben","best\u00e4tigt","dem","eines","europ\u00e4ischen","Festland","Mittelmeerraum","und","Vogels","von","Weltweites","Wissenschaftlern"],"articleSection":["\u00d6kologie"],"inLanguage":"de"},{"@type":"WebPage","@id":"https:\/\/www.strassenweb.de\/nachrichten\/weltweites-aussterben-eines-vogels-auf-dem-europaeischen-festland-und-im-mittelmeerraum-von-wissenschaftlern-bestaetigt\/","url":"https:\/\/www.strassenweb.de\/nachrichten\/weltweites-aussterben-eines-vogels-auf-dem-europaeischen-festland-und-im-mittelmeerraum-von-wissenschaftlern-bestaetigt\/","name":"Weltweites Aussterben eines Vogels auf dem europ\u00e4ischen Festland und im Mittelmeerraum von Wissenschaftlern best\u00e4tigt - Nachrichten - Stra\u00dfenweb","isPartOf":{"@id":"https:\/\/www.strassenweb.de\/nachrichten\/#website"},"primaryImageOfPage":{"@id":"https:\/\/www.strassenweb.de\/nachrichten\/weltweites-aussterben-eines-vogels-auf-dem-europaeischen-festland-und-im-mittelmeerraum-von-wissenschaftlern-bestaetigt\/#primaryimage"},"image":{"@id":"https:\/\/www.strassenweb.de\/nachrichten\/weltweites-aussterben-eines-vogels-auf-dem-europaeischen-festland-und-im-mittelmeerraum-von-wissenschaftlern-bestaetigt\/#primaryimage"},"thumbnailUrl":"https:\/\/www.strassenweb.de\/nachrichten\/wp-content\/uploads\/2024\/11\/Weltweites-Aussterben-eines-Vogels-auf-dem-europaeischen-Festland-und-im.jpg","datePublished":"2024-11-18T13:41:23+00:00","dateModified":"2024-11-18T13:41:24+00:00","breadcrumb":{"@id":"https:\/\/www.strassenweb.de\/nachrichten\/weltweites-aussterben-eines-vogels-auf-dem-europaeischen-festland-und-im-mittelmeerraum-von-wissenschaftlern-bestaetigt\/#breadcrumb"},"inLanguage":"de","potentialAction":[{"@type":"ReadAction","target":["https:\/\/www.strassenweb.de\/nachrichten\/weltweites-aussterben-eines-vogels-auf-dem-europaeischen-festland-und-im-mittelmeerraum-von-wissenschaftlern-bestaetigt\/"]}]},{"@type":"ImageObject","inLanguage":"de","@id":"https:\/\/www.strassenweb.de\/nachrichten\/weltweites-aussterben-eines-vogels-auf-dem-europaeischen-festland-und-im-mittelmeerraum-von-wissenschaftlern-bestaetigt\/#primaryimage","url":"https:\/\/www.strassenweb.de\/nachrichten\/wp-content\/uploads\/2024\/11\/Weltweites-Aussterben-eines-Vogels-auf-dem-europaeischen-Festland-und-im.jpg","contentUrl":"https:\/\/www.strassenweb.de\/nachrichten\/wp-content\/uploads\/2024\/11\/Weltweites-Aussterben-eines-Vogels-auf-dem-europaeischen-Festland-und-im.jpg","width":900,"height":604,"caption":"Global extinction of a bird from mainland Europe and the Mediterranean confirmed by scientists"},{"@type":"BreadcrumbList","@id":"https:\/\/www.strassenweb.de\/nachrichten\/weltweites-aussterben-eines-vogels-auf-dem-europaeischen-festland-und-im-mittelmeerraum-von-wissenschaftlern-bestaetigt\/#breadcrumb","itemListElement":[{"@type":"ListItem","position":1,"name":"Home","item":"https:\/\/www.strassenweb.de\/nachrichten\/"},{"@type":"ListItem","position":2,"name":"Weltweites Aussterben eines Vogels auf dem europ\u00e4ischen Festland und im Mittelmeerraum von Wissenschaftlern best\u00e4tigt"}]},{"@type":"WebSite","@id":"https:\/\/www.strassenweb.de\/nachrichten\/#website","url":"https:\/\/www.strassenweb.de\/nachrichten\/","name":"Stra\u00dfenweb","description":"Stra\u00dfenverzeichnis f\u00fcr Deutschland","publisher":{"@id":"https:\/\/www.strassenweb.de\/nachrichten\/#organization"},"potentialAction":[{"@type":"SearchAction","target":{"@type":"EntryPoint","urlTemplate":"https:\/\/www.strassenweb.de\/nachrichten\/?s={search_term_string}"},"query-input":{"@type":"PropertyValueSpecification","valueRequired":true,"valueName":"search_term_string"}}],"inLanguage":"de"},{"@type":"Organization","@id":"https:\/\/www.strassenweb.de\/nachrichten\/#organization","name":"Stra\u00dfenweb","url":"https:\/\/www.strassenweb.de\/nachrichten\/","logo":{"@type":"ImageObject","inLanguage":"de","@id":"https:\/\/www.strassenweb.de\/nachrichten\/#\/schema\/logo\/image\/","url":"https:\/\/www.strassenweb.de\/nachrichten\/wp-content\/uploads\/2024\/09\/cropped-favicon.png","contentUrl":"https:\/\/www.strassenweb.de\/nachrichten\/wp-content\/uploads\/2024\/09\/cropped-favicon.png","width":512,"height":512,"caption":"Stra\u00dfenweb"},"image":{"@id":"https:\/\/www.strassenweb.de\/nachrichten\/#\/schema\/logo\/image\/"},"sameAs":["https:\/\/www.facebook.com\/strassenweb\/"]},{"@type":"Person","@id":"https:\/\/www.strassenweb.de\/nachrichten\/#\/schema\/person\/87c9c9067f1211da429a744dc5a5aa41","name":"Robert Hoffmann","image":{"@type":"ImageObject","inLanguage":"de","@id":"https:\/\/www.strassenweb.de\/nachrichten\/wp-content\/uploads\/2024\/09\/strassenweb-150x150.jpg","url":"https:\/\/www.strassenweb.de\/nachrichten\/wp-content\/uploads\/2024\/09\/strassenweb-150x150.jpg","contentUrl":"https:\/\/www.strassenweb.de\/nachrichten\/wp-content\/uploads\/2024\/09\/strassenweb-150x150.jpg","caption":"Robert Hoffmann"},"description":"Ich hei\u00dfe Robert Hoffmann und ich bin ein leidenschaftlicher Verfechter von \u00d6kologie und Biodiversit\u00e4t. Seit meiner Kindheit in den W\u00e4ldern Bayerns f\u00fchle ich mich mit der Natur verbunden und bin entschlossen, sie zu sch\u00fctzen. Heute widme ich mein Leben der Sensibilisierung anderer f\u00fcr die Bedeutung des Umweltschutzes f\u00fcr zuk\u00fcnftige Generationen.","sameAs":["https:\/\/www.strassenweb.de\/"]}]}},"_links":{"self":[{"href":"https:\/\/www.strassenweb.de\/nachrichten\/wp-json\/wp\/v2\/posts\/1637","targetHints":{"allow":["GET"]}}],"collection":[{"href":"https:\/\/www.strassenweb.de\/nachrichten\/wp-json\/wp\/v2\/posts"}],"about":[{"href":"https:\/\/www.strassenweb.de\/nachrichten\/wp-json\/wp\/v2\/types\/post"}],"author":[{"embeddable":true,"href":"https:\/\/www.strassenweb.de\/nachrichten\/wp-json\/wp\/v2\/users\/1"}],"replies":[{"embeddable":true,"href":"https:\/\/www.strassenweb.de\/nachrichten\/wp-json\/wp\/v2\/comments?post=1637"}],"version-history":[{"count":0,"href":"https:\/\/www.strassenweb.de\/nachrichten\/wp-json\/wp\/v2\/posts\/1637\/revisions"}],"wp:featuredmedia":[{"embeddable":true,"href":"https:\/\/www.strassenweb.de\/nachrichten\/wp-json\/wp\/v2\/media\/1638"}],"wp:attachment":[{"href":"https:\/\/www.strassenweb.de\/nachrichten\/wp-json\/wp\/v2\/media?parent=1637"}],"wp:term":[{"taxonomy":"category","embeddable":true,"href":"https:\/\/www.strassenweb.de\/nachrichten\/wp-json\/wp\/v2\/categories?post=1637"},{"taxonomy":"post_tag","embeddable":true,"href":"https:\/\/www.strassenweb.de\/nachrichten\/wp-json\/wp\/v2\/tags?post=1637"}],"curies":[{"name":"wp","href":"https:\/\/api.w.org\/{rel}","templated":true}]}}