{"id":162,"date":"2024-09-24T02:52:25","date_gmt":"2024-09-24T00:52:25","guid":{"rendered":"https:\/\/www.strassenweb.de\/nachrichten\/der-aktionstag-des-badger-trust-vereint-tier-und-naturschuetzer-gegen-die-dachsjagd\/"},"modified":"2024-09-24T02:52:26","modified_gmt":"2024-09-24T00:52:26","slug":"der-aktionstag-des-badger-trust-vereint-tier-und-naturschuetzer-gegen-die-dachsjagd","status":"publish","type":"post","link":"https:\/\/www.strassenweb.de\/nachrichten\/der-aktionstag-des-badger-trust-vereint-tier-und-naturschuetzer-gegen-die-dachsjagd\/","title":{"rendered":"Der Aktionstag des Badger Trust vereint Tier- und Natursch\u00fctzer gegen die Dachsjagd"},"content":{"rendered":"<p><strong>Aktivisten schlie\u00dfen sich dem friedlichen Protest der Hilfsorganisation an und fordern die neue Regierung auf, die Keulung jetzt zu beenden, da die intensive Dachsjagd wieder aufgenommen wird.  <\/strong><\/p>\n<p><strong>Chris Packham erkl\u00e4rt: \u201eDas Blut von 230.000 Dachsen tropft aus den H\u00e4nden grausamer Politiker, unf\u00e4higer Beh\u00f6rden und der erb\u00e4rmlichen Boshaftigkeit der Agrarlobby.\u201c<\/strong><\/p>\n<p>Badger Trust und verwandte Natur- und Wildtiergruppen veranstalten heute, Dienstag, 3. September, von 11 bis 14 Uhr eine Demonstration und eine gro\u00dfe Lobbyarbeit vor dem Parlament. Wir versammeln uns in einer kraftvollen Demonstration der Einigkeit, um die neue Regierung aufzufordern, die Keulung sofort zu beenden, da die intensive Dachsjagd wieder beginnt.  <\/p>\n<p>Chris Packham, der bei der Veranstaltung sprechen wird, bezeichnete die Dachsjagd als \u201ev\u00f6llig unwissenschaftlich, brutal unmenschlich, v\u00f6llig wirkungslos und unberechenbar besch\u00e4mend\u201c.<\/p>\n<p><strong><em><br \/><\/em><\/strong>\u201eDas Blut von zweihundertdrei\u00dfigtausend Dachsen tropft aus den H\u00e4nden grausamer Politiker, unf\u00e4higer Beh\u00f6rden und der erb\u00e4rmlichen Boshaftigkeit der Agrarlobby.\u201c<\/p>\n<p>Er f\u00fcgte hinzu: <\/p>\n<p>\u201eNatursch\u00fctzer sind w\u00fctend, Landwirte werden belogen und beschimpft, die \u00d6ffentlichkeit ist verwirrt \u2026 und trotzdem geht es weiter. Wer wird endlich die Integrit\u00e4t aufbringen, sich die Fakten anzuh\u00f6ren, den Landwirten wirklich zu helfen und die Ermordung unserer sch\u00f6nen und kostbaren Tierwelt zu beenden?\u201c<\/p>\n<p>Der neue DEFRA-Staatssekret\u00e4r Steve Reed MP ist in die Fu\u00dfstapfen der DEFRA-Staatssekret\u00e4re Owen Paterson und Liz Truss getreten und hat Lizenzen f\u00fcr die T\u00f6tung von Zehntausenden weiterer gesch\u00fctzter Dachse unterzeichnet, zus\u00e4tzlich zu den bereits \u00fcber 230.000 get\u00f6teten. Mit diesen von der Regierung genehmigten Lizenzen werden im Jahr 2024 rund 50.000 Dachse get\u00f6tet, und es ist geplant, im Jahr 2025 und f\u00fcr weitere f\u00fcnf Jahre im Rahmen der neuen bTB-Strategie, die die Regierung am Freitag ver\u00f6ffentlicht hat, dieselbe Anzahl zu t\u00f6ten. Dadurch ist der Dachs in Teilen Englands vom lokalen Aussterben bedroht. <\/p>\n<p>Peter Hambly, CEO von Badger Trust, sagte:<\/p>\n<p><strong><em><br \/><\/em><\/strong>\u201eDiese neue Regierung setzt die Politik der alten Regierung fort, gezielt Dachse zu verfolgen und zu S\u00fcndenb\u00f6cken zu machen. Sie verurteilt sie zum Tode, indem sie unerm\u00fcdlich Desinformation verbreitet und es vers\u00e4umt, die Unwissenheit \u00fcber die wahren Ursachen der \u00dcbertragung der bovinen Tuberkulose von Rind zu Rind zu beseitigen.<\/p>\n<p>In seinem Wahlmanifest bezeichnete Labour die Dachsjagd als \u201eineffektiv\u201c. Warum also wurde die intensive Dachsjagd an diesem Wochenende unter ihrer Aufsicht wieder aufgenommen?\u201c <\/p>\n<p>Laut staatlichen Zahlen werden 94 % der F\u00e4lle von Rinder-TB von Rindern auf andere \u00fcbertragen, und die Wahrscheinlichkeit, dass sich Dachse bei Rindern mit Rindertuberkulose anstecken, ist 800 Mal h\u00f6her als bei Rindern, die sie selbst anstecken. Eine k\u00fcrzlich erschienene BBC-Dokumentation mit Brian May als Moderator best\u00e4tigte die wiederholte Behauptung des Badger Trust, dass die Antwort auf die Bek\u00e4mpfung der Rinder-TB-Ausbreitung in Ma\u00dfnahmen liege, die sich speziell auf Rinder konzentrieren. <\/p>\n<p>Der Veranstaltungsredner Dr. Mark Jones, Tierarzt und Leiter der Politikabteilung der Born Free Foundation, erkl\u00e4rte: <\/p>\n<p>\u201eSeit 2013 wurden rund eine Viertelmillion Dachse gez\u00fcchtet, angeblich um die Verbreitung der Rindertuberkulose unter Rindern zu reduzieren. Doch die Beweise f\u00fcr einen substanziellen Nutzen der Krankheitsbek\u00e4mpfung sind v\u00f6llig unzureichend und heftig umstritten. Die Labour-Partei selbst bezeichnete die Keulungen in ihrem Wahlmanifest als \u201aineffektiv\u2018. <\/p>\n<p>Die Rindertuberkulose ist nach wie vor ein ernstes Problem f\u00fcr Viehz\u00fcchter und ihre Betriebe, aber es gibt keine Entschuldigung f\u00fcr das T\u00f6ten von Dachsen und hat es auch nie gegeben. Minister, Beamte und diejenigen in der Landwirtschaft und Veterin\u00e4rbranche, die die Botschaft verbreitet haben, dass die Dachse schuld seien, haben die Landwirte, ihr Vieh und unsere kostbare Tierwelt schwer im Stich gelassen. Damit muss Schluss sein. <\/p>\n<p>Die Erfahrungen in Wales und Brian Mays Forschung haben gezeigt, dass die Rindertuberkulose durch Ma\u00dfnahmen bei Rindern und Biosicherheit auf Farmen unter Kontrolle gebracht werden kann. Ein weiterer Dachs, der im Namen dieser unwissenschaftlichen, ineffektiven, unmenschlichen und unn\u00f6tigen Politik get\u00f6tet wird, ist einer zu viel.\u201c<\/p>\n<p>Ein weiterer Hauptredner, der gr\u00fcne Industrielle Dale Vince OBE, f\u00fcgte hinzu:<\/p>\n<p>\u201eDer Politikwechsel unserer neuen Regierung ist begr\u00fc\u00dfenswert, aber f\u00fcnf Jahre sind zu lang, um diese sinnlose Politik des Abschlachtens von Wildtieren auslaufen zu lassen \u2026 das Problem sind die K\u00fche, nicht die Dachse. Die angek\u00fcndigten Bem\u00fchungen um einen Impfstoff gegen Rindertuberkulose sind ebenso logisch wie begr\u00fc\u00dfenswert. Vor allem angesichts der Tatsache, dass Rindertuberkulose in 94 % der F\u00e4lle von Kuh zu Kuh \u00fcbertragen wird \u2013 Dachse sind kaum die eigentliche Ursache. Mit Kosten von rund 100 Millionen Pfund pro Jahr seit \u00fcber einem Jahrzehnt ist die derzeitige Politik eine teure, ineffektive Torheit.\u201c<\/p>\n<h2 class=\"wp-block-heading\">Veranstaltungsinformationen<\/h2>\n<h3 class=\"wp-block-heading\">Ab 11 Uhr versammeln sich die Menschen auf dem Parliament Square Green <\/h3>\n<p><strong>Ab 11 Uhr<\/strong> Eine vereinte Front von Vertretern von Dachsgruppen, Wildtier- und Naturorganisationen sowie Dachsunterst\u00fctzern wird sich versammeln bei <strong>Parlamentsplatz Gr\u00fcn<\/strong>gegen\u00fcber dem Parlamentsgeb\u00e4ude. Diese engagierte Koalition wird gemeinsam friedlich und legal gegen die anhaltende Dachsjagd demonstrieren.  <\/p>\n<h3 class=\"wp-block-heading\">Ab 12 Uhr Redner gegen die Keulung<\/h3>\n<p><strong>Ab 12 Uhr<\/strong> Etwa eine Stunde lang werden Aktivisten wie Chris Packham, Dale Vince, Dr. Alice Brough, Dr. Mark Jones und Rachel Bigsby auf dem Parliament Square Green Reden \u00fcber die Dachsjagd und ihre Gr\u00fcnde dagegen halten. <\/p>\n<h3 class=\"wp-block-heading\">13.30 \u2013 14.00 Uhr Gro\u00dfe Lobbyarbeit der Abgeordneten im Parlament <\/h3>\n<p><strong>Zwischen 13.30 und 14.00 Uhr<\/strong>Aktivisten und Unterst\u00fctzer werden das Parlament betreten, um an einer Massenlobby der Abgeordneten in der Central Lobby des Unterhauses teilzunehmen<\/p>\n<p>Weitere Informationen erhalten Sie von Peter Hambly:<\/p>\n<p>E-Mail: peter@badgertrust.org.uk<\/p>\n<p>W: badgertrust.org.uk.<\/p>\n","protected":false},"excerpt":{"rendered":"<p>Aktivisten schlie\u00dfen sich dem friedlichen Protest der Hilfsorganisation an und fordern die neue Regierung auf, die Keulung jetzt zu beenden, da die intensive Dachsjagd wieder<\/p>\n","protected":false},"author":1,"featured_media":96,"comment_status":"closed","ping_status":"","sticky":false,"template":"","format":"standard","meta":{"footnotes":""},"categories":[101],"tags":[288,289,295,81,281,9,294,293,292,290,37,291],"class_list":["post-162","post","type-post","status-publish","format-standard","has-post-thumbnail","hentry","category-oekologie","tag-aktionstag","tag-badger","tag-dachsjagd","tag-der","tag-des","tag-die","tag-gegen","tag-naturschuetzer","tag-tier","tag-trust","tag-und","tag-vereint","generate-columns","tablet-grid-50","mobile-grid-100","grid-parent","grid-50"],"yoast_head":"<!-- This site is optimized with the Yoast SEO plugin v27.3 - https:\/\/yoast.com\/product\/yoast-seo-wordpress\/ -->\n<title>Der Aktionstag des Badger Trust vereint Tier- und Natursch\u00fctzer gegen die Dachsjagd - Nachrichten - Stra\u00dfenweb<\/title>\n<meta name=\"robots\" content=\"index, follow, max-snippet:-1, max-image-preview:large, max-video-preview:-1\" \/>\n<link rel=\"canonical\" href=\"https:\/\/www.strassenweb.de\/nachrichten\/der-aktionstag-des-badger-trust-vereint-tier-und-naturschuetzer-gegen-die-dachsjagd\/\" \/>\n<meta property=\"og:locale\" content=\"de_DE\" \/>\n<meta property=\"og:type\" content=\"article\" \/>\n<meta property=\"og:title\" content=\"Der Aktionstag des Badger Trust vereint Tier- und Natursch\u00fctzer gegen die Dachsjagd - Nachrichten - Stra\u00dfenweb\" \/>\n<meta property=\"og:description\" content=\"Aktivisten schlie\u00dfen sich dem friedlichen Protest der Hilfsorganisation an und fordern die neue Regierung auf, die Keulung jetzt zu beenden, da die intensive Dachsjagd wieder\" \/>\n<meta property=\"og:url\" content=\"https:\/\/www.strassenweb.de\/nachrichten\/der-aktionstag-des-badger-trust-vereint-tier-und-naturschuetzer-gegen-die-dachsjagd\/\" \/>\n<meta property=\"og:site_name\" content=\"Stra\u00dfenweb\" \/>\n<meta property=\"article:publisher\" content=\"https:\/\/www.facebook.com\/strassenweb\/\" \/>\n<meta property=\"article:published_time\" content=\"2024-09-24T00:52:25+00:00\" \/>\n<meta property=\"article:modified_time\" content=\"2024-09-24T00:52:26+00:00\" \/>\n<meta property=\"og:image\" content=\"https:\/\/www.strassenweb.de\/nachrichten\/wp-content\/uploads\/2024\/09\/Die-britische-Regierung-muss-sich-diese-Woche-erneut-mit-der.jpg\" \/>\n\t<meta property=\"og:image:width\" content=\"900\" \/>\n\t<meta property=\"og:image:height\" content=\"600\" \/>\n\t<meta property=\"og:image:type\" content=\"image\/jpeg\" \/>\n<meta name=\"author\" content=\"Robert Hoffmann\" \/>\n<meta name=\"twitter:card\" content=\"summary_large_image\" \/>\n<meta name=\"twitter:label1\" content=\"Verfasst von\" \/>\n\t<meta name=\"twitter:data1\" content=\"Robert Hoffmann\" \/>\n\t<meta name=\"twitter:label2\" content=\"Gesch\u00e4tzte Lesezeit\" \/>\n\t<meta name=\"twitter:data2\" content=\"4\u00a0Minuten\" \/>\n<script type=\"application\/ld+json\" class=\"yoast-schema-graph\">{\"@context\":\"https:\\\/\\\/schema.org\",\"@graph\":[{\"@type\":\"Article\",\"@id\":\"https:\\\/\\\/www.strassenweb.de\\\/nachrichten\\\/der-aktionstag-des-badger-trust-vereint-tier-und-naturschuetzer-gegen-die-dachsjagd\\\/#article\",\"isPartOf\":{\"@id\":\"https:\\\/\\\/www.strassenweb.de\\\/nachrichten\\\/der-aktionstag-des-badger-trust-vereint-tier-und-naturschuetzer-gegen-die-dachsjagd\\\/\"},\"author\":{\"name\":\"Robert Hoffmann\",\"@id\":\"https:\\\/\\\/www.strassenweb.de\\\/nachrichten\\\/#\\\/schema\\\/person\\\/87c9c9067f1211da429a744dc5a5aa41\"},\"headline\":\"Der Aktionstag des Badger Trust vereint Tier- und Natursch\u00fctzer gegen die Dachsjagd\",\"datePublished\":\"2024-09-24T00:52:25+00:00\",\"dateModified\":\"2024-09-24T00:52:26+00:00\",\"mainEntityOfPage\":{\"@id\":\"https:\\\/\\\/www.strassenweb.de\\\/nachrichten\\\/der-aktionstag-des-badger-trust-vereint-tier-und-naturschuetzer-gegen-die-dachsjagd\\\/\"},\"wordCount\":901,\"publisher\":{\"@id\":\"https:\\\/\\\/www.strassenweb.de\\\/nachrichten\\\/#organization\"},\"image\":{\"@id\":\"https:\\\/\\\/www.strassenweb.de\\\/nachrichten\\\/der-aktionstag-des-badger-trust-vereint-tier-und-naturschuetzer-gegen-die-dachsjagd\\\/#primaryimage\"},\"thumbnailUrl\":\"https:\\\/\\\/www.strassenweb.de\\\/nachrichten\\\/wp-content\\\/uploads\\\/2024\\\/09\\\/Die-britische-Regierung-muss-sich-diese-Woche-erneut-mit-der.jpg\",\"keywords\":[\"Aktionstag\",\"Badger\",\"Dachsjagd\",\"der\",\"des\",\"die\",\"gegen\",\"Natursch\u00fctzer\",\"Tier\",\"Trust\",\"und\",\"vereint\"],\"articleSection\":[\"\u00d6kologie\"],\"inLanguage\":\"de\"},{\"@type\":\"WebPage\",\"@id\":\"https:\\\/\\\/www.strassenweb.de\\\/nachrichten\\\/der-aktionstag-des-badger-trust-vereint-tier-und-naturschuetzer-gegen-die-dachsjagd\\\/\",\"url\":\"https:\\\/\\\/www.strassenweb.de\\\/nachrichten\\\/der-aktionstag-des-badger-trust-vereint-tier-und-naturschuetzer-gegen-die-dachsjagd\\\/\",\"name\":\"Der Aktionstag des Badger Trust vereint Tier- und Natursch\u00fctzer gegen die Dachsjagd - Nachrichten - Stra\u00dfenweb\",\"isPartOf\":{\"@id\":\"https:\\\/\\\/www.strassenweb.de\\\/nachrichten\\\/#website\"},\"primaryImageOfPage\":{\"@id\":\"https:\\\/\\\/www.strassenweb.de\\\/nachrichten\\\/der-aktionstag-des-badger-trust-vereint-tier-und-naturschuetzer-gegen-die-dachsjagd\\\/#primaryimage\"},\"image\":{\"@id\":\"https:\\\/\\\/www.strassenweb.de\\\/nachrichten\\\/der-aktionstag-des-badger-trust-vereint-tier-und-naturschuetzer-gegen-die-dachsjagd\\\/#primaryimage\"},\"thumbnailUrl\":\"https:\\\/\\\/www.strassenweb.de\\\/nachrichten\\\/wp-content\\\/uploads\\\/2024\\\/09\\\/Die-britische-Regierung-muss-sich-diese-Woche-erneut-mit-der.jpg\",\"datePublished\":\"2024-09-24T00:52:25+00:00\",\"dateModified\":\"2024-09-24T00:52:26+00:00\",\"breadcrumb\":{\"@id\":\"https:\\\/\\\/www.strassenweb.de\\\/nachrichten\\\/der-aktionstag-des-badger-trust-vereint-tier-und-naturschuetzer-gegen-die-dachsjagd\\\/#breadcrumb\"},\"inLanguage\":\"de\",\"potentialAction\":[{\"@type\":\"ReadAction\",\"target\":[\"https:\\\/\\\/www.strassenweb.de\\\/nachrichten\\\/der-aktionstag-des-badger-trust-vereint-tier-und-naturschuetzer-gegen-die-dachsjagd\\\/\"]}]},{\"@type\":\"ImageObject\",\"inLanguage\":\"de\",\"@id\":\"https:\\\/\\\/www.strassenweb.de\\\/nachrichten\\\/der-aktionstag-des-badger-trust-vereint-tier-und-naturschuetzer-gegen-die-dachsjagd\\\/#primaryimage\",\"url\":\"https:\\\/\\\/www.strassenweb.de\\\/nachrichten\\\/wp-content\\\/uploads\\\/2024\\\/09\\\/Die-britische-Regierung-muss-sich-diese-Woche-erneut-mit-der.jpg\",\"contentUrl\":\"https:\\\/\\\/www.strassenweb.de\\\/nachrichten\\\/wp-content\\\/uploads\\\/2024\\\/09\\\/Die-britische-Regierung-muss-sich-diese-Woche-erneut-mit-der.jpg\",\"width\":900,\"height\":600,\"caption\":\"The UK Government is back in front of the Bern Convention this week about its badger cull policy\"},{\"@type\":\"BreadcrumbList\",\"@id\":\"https:\\\/\\\/www.strassenweb.de\\\/nachrichten\\\/der-aktionstag-des-badger-trust-vereint-tier-und-naturschuetzer-gegen-die-dachsjagd\\\/#breadcrumb\",\"itemListElement\":[{\"@type\":\"ListItem\",\"position\":1,\"name\":\"Home\",\"item\":\"https:\\\/\\\/www.strassenweb.de\\\/nachrichten\\\/\"},{\"@type\":\"ListItem\",\"position\":2,\"name\":\"Der Aktionstag des Badger Trust vereint Tier- und Natursch\u00fctzer gegen die Dachsjagd\"}]},{\"@type\":\"WebSite\",\"@id\":\"https:\\\/\\\/www.strassenweb.de\\\/nachrichten\\\/#website\",\"url\":\"https:\\\/\\\/www.strassenweb.de\\\/nachrichten\\\/\",\"name\":\"Stra\u00dfenweb\",\"description\":\"Stra\u00dfenverzeichnis f\u00fcr Deutschland\",\"publisher\":{\"@id\":\"https:\\\/\\\/www.strassenweb.de\\\/nachrichten\\\/#organization\"},\"potentialAction\":[{\"@type\":\"SearchAction\",\"target\":{\"@type\":\"EntryPoint\",\"urlTemplate\":\"https:\\\/\\\/www.strassenweb.de\\\/nachrichten\\\/?s={search_term_string}\"},\"query-input\":{\"@type\":\"PropertyValueSpecification\",\"valueRequired\":true,\"valueName\":\"search_term_string\"}}],\"inLanguage\":\"de\"},{\"@type\":\"Organization\",\"@id\":\"https:\\\/\\\/www.strassenweb.de\\\/nachrichten\\\/#organization\",\"name\":\"Stra\u00dfenweb\",\"url\":\"https:\\\/\\\/www.strassenweb.de\\\/nachrichten\\\/\",\"logo\":{\"@type\":\"ImageObject\",\"inLanguage\":\"de\",\"@id\":\"https:\\\/\\\/www.strassenweb.de\\\/nachrichten\\\/#\\\/schema\\\/logo\\\/image\\\/\",\"url\":\"https:\\\/\\\/www.strassenweb.de\\\/nachrichten\\\/wp-content\\\/uploads\\\/2024\\\/09\\\/cropped-favicon.png\",\"contentUrl\":\"https:\\\/\\\/www.strassenweb.de\\\/nachrichten\\\/wp-content\\\/uploads\\\/2024\\\/09\\\/cropped-favicon.png\",\"width\":512,\"height\":512,\"caption\":\"Stra\u00dfenweb\"},\"image\":{\"@id\":\"https:\\\/\\\/www.strassenweb.de\\\/nachrichten\\\/#\\\/schema\\\/logo\\\/image\\\/\"},\"sameAs\":[\"https:\\\/\\\/www.facebook.com\\\/strassenweb\\\/\"]},{\"@type\":\"Person\",\"@id\":\"https:\\\/\\\/www.strassenweb.de\\\/nachrichten\\\/#\\\/schema\\\/person\\\/87c9c9067f1211da429a744dc5a5aa41\",\"name\":\"Robert Hoffmann\",\"image\":{\"@type\":\"ImageObject\",\"inLanguage\":\"de\",\"@id\":\"https:\\\/\\\/www.strassenweb.de\\\/nachrichten\\\/wp-content\\\/uploads\\\/2024\\\/09\\\/strassenweb-150x150.jpg\",\"url\":\"https:\\\/\\\/www.strassenweb.de\\\/nachrichten\\\/wp-content\\\/uploads\\\/2024\\\/09\\\/strassenweb-150x150.jpg\",\"contentUrl\":\"https:\\\/\\\/www.strassenweb.de\\\/nachrichten\\\/wp-content\\\/uploads\\\/2024\\\/09\\\/strassenweb-150x150.jpg\",\"caption\":\"Robert Hoffmann\"},\"description\":\"Ich hei\u00dfe Robert Hoffmann und ich bin ein leidenschaftlicher Verfechter von \u00d6kologie und Biodiversit\u00e4t. Seit meiner Kindheit in den W\u00e4ldern Bayerns f\u00fchle ich mich mit der Natur verbunden und bin entschlossen, sie zu sch\u00fctzen. Heute widme ich mein Leben der Sensibilisierung anderer f\u00fcr die Bedeutung des Umweltschutzes f\u00fcr zuk\u00fcnftige Generationen.\",\"sameAs\":[\"https:\\\/\\\/www.strassenweb.de\\\/\"]}]}<\/script>\n<!-- \/ Yoast SEO plugin. -->","yoast_head_json":{"title":"Der Aktionstag des Badger Trust vereint Tier- und Natursch\u00fctzer gegen die Dachsjagd - Nachrichten - Stra\u00dfenweb","robots":{"index":"index","follow":"follow","max-snippet":"max-snippet:-1","max-image-preview":"max-image-preview:large","max-video-preview":"max-video-preview:-1"},"canonical":"https:\/\/www.strassenweb.de\/nachrichten\/der-aktionstag-des-badger-trust-vereint-tier-und-naturschuetzer-gegen-die-dachsjagd\/","og_locale":"de_DE","og_type":"article","og_title":"Der Aktionstag des Badger Trust vereint Tier- und Natursch\u00fctzer gegen die Dachsjagd - Nachrichten - Stra\u00dfenweb","og_description":"Aktivisten schlie\u00dfen sich dem friedlichen Protest der Hilfsorganisation an und fordern die neue Regierung auf, die Keulung jetzt zu beenden, da die intensive Dachsjagd wieder","og_url":"https:\/\/www.strassenweb.de\/nachrichten\/der-aktionstag-des-badger-trust-vereint-tier-und-naturschuetzer-gegen-die-dachsjagd\/","og_site_name":"Stra\u00dfenweb","article_publisher":"https:\/\/www.facebook.com\/strassenweb\/","article_published_time":"2024-09-24T00:52:25+00:00","article_modified_time":"2024-09-24T00:52:26+00:00","og_image":[{"width":900,"height":600,"url":"https:\/\/www.strassenweb.de\/nachrichten\/wp-content\/uploads\/2024\/09\/Die-britische-Regierung-muss-sich-diese-Woche-erneut-mit-der.jpg","type":"image\/jpeg"}],"author":"Robert Hoffmann","twitter_card":"summary_large_image","twitter_misc":{"Verfasst von":"Robert Hoffmann","Gesch\u00e4tzte Lesezeit":"4\u00a0Minuten"},"schema":{"@context":"https:\/\/schema.org","@graph":[{"@type":"Article","@id":"https:\/\/www.strassenweb.de\/nachrichten\/der-aktionstag-des-badger-trust-vereint-tier-und-naturschuetzer-gegen-die-dachsjagd\/#article","isPartOf":{"@id":"https:\/\/www.strassenweb.de\/nachrichten\/der-aktionstag-des-badger-trust-vereint-tier-und-naturschuetzer-gegen-die-dachsjagd\/"},"author":{"name":"Robert Hoffmann","@id":"https:\/\/www.strassenweb.de\/nachrichten\/#\/schema\/person\/87c9c9067f1211da429a744dc5a5aa41"},"headline":"Der Aktionstag des Badger Trust vereint Tier- und Natursch\u00fctzer gegen die Dachsjagd","datePublished":"2024-09-24T00:52:25+00:00","dateModified":"2024-09-24T00:52:26+00:00","mainEntityOfPage":{"@id":"https:\/\/www.strassenweb.de\/nachrichten\/der-aktionstag-des-badger-trust-vereint-tier-und-naturschuetzer-gegen-die-dachsjagd\/"},"wordCount":901,"publisher":{"@id":"https:\/\/www.strassenweb.de\/nachrichten\/#organization"},"image":{"@id":"https:\/\/www.strassenweb.de\/nachrichten\/der-aktionstag-des-badger-trust-vereint-tier-und-naturschuetzer-gegen-die-dachsjagd\/#primaryimage"},"thumbnailUrl":"https:\/\/www.strassenweb.de\/nachrichten\/wp-content\/uploads\/2024\/09\/Die-britische-Regierung-muss-sich-diese-Woche-erneut-mit-der.jpg","keywords":["Aktionstag","Badger","Dachsjagd","der","des","die","gegen","Natursch\u00fctzer","Tier","Trust","und","vereint"],"articleSection":["\u00d6kologie"],"inLanguage":"de"},{"@type":"WebPage","@id":"https:\/\/www.strassenweb.de\/nachrichten\/der-aktionstag-des-badger-trust-vereint-tier-und-naturschuetzer-gegen-die-dachsjagd\/","url":"https:\/\/www.strassenweb.de\/nachrichten\/der-aktionstag-des-badger-trust-vereint-tier-und-naturschuetzer-gegen-die-dachsjagd\/","name":"Der Aktionstag des Badger Trust vereint Tier- und Natursch\u00fctzer gegen die Dachsjagd - Nachrichten - Stra\u00dfenweb","isPartOf":{"@id":"https:\/\/www.strassenweb.de\/nachrichten\/#website"},"primaryImageOfPage":{"@id":"https:\/\/www.strassenweb.de\/nachrichten\/der-aktionstag-des-badger-trust-vereint-tier-und-naturschuetzer-gegen-die-dachsjagd\/#primaryimage"},"image":{"@id":"https:\/\/www.strassenweb.de\/nachrichten\/der-aktionstag-des-badger-trust-vereint-tier-und-naturschuetzer-gegen-die-dachsjagd\/#primaryimage"},"thumbnailUrl":"https:\/\/www.strassenweb.de\/nachrichten\/wp-content\/uploads\/2024\/09\/Die-britische-Regierung-muss-sich-diese-Woche-erneut-mit-der.jpg","datePublished":"2024-09-24T00:52:25+00:00","dateModified":"2024-09-24T00:52:26+00:00","breadcrumb":{"@id":"https:\/\/www.strassenweb.de\/nachrichten\/der-aktionstag-des-badger-trust-vereint-tier-und-naturschuetzer-gegen-die-dachsjagd\/#breadcrumb"},"inLanguage":"de","potentialAction":[{"@type":"ReadAction","target":["https:\/\/www.strassenweb.de\/nachrichten\/der-aktionstag-des-badger-trust-vereint-tier-und-naturschuetzer-gegen-die-dachsjagd\/"]}]},{"@type":"ImageObject","inLanguage":"de","@id":"https:\/\/www.strassenweb.de\/nachrichten\/der-aktionstag-des-badger-trust-vereint-tier-und-naturschuetzer-gegen-die-dachsjagd\/#primaryimage","url":"https:\/\/www.strassenweb.de\/nachrichten\/wp-content\/uploads\/2024\/09\/Die-britische-Regierung-muss-sich-diese-Woche-erneut-mit-der.jpg","contentUrl":"https:\/\/www.strassenweb.de\/nachrichten\/wp-content\/uploads\/2024\/09\/Die-britische-Regierung-muss-sich-diese-Woche-erneut-mit-der.jpg","width":900,"height":600,"caption":"The UK Government is back in front of the Bern Convention this week about its badger cull policy"},{"@type":"BreadcrumbList","@id":"https:\/\/www.strassenweb.de\/nachrichten\/der-aktionstag-des-badger-trust-vereint-tier-und-naturschuetzer-gegen-die-dachsjagd\/#breadcrumb","itemListElement":[{"@type":"ListItem","position":1,"name":"Home","item":"https:\/\/www.strassenweb.de\/nachrichten\/"},{"@type":"ListItem","position":2,"name":"Der Aktionstag des Badger Trust vereint Tier- und Natursch\u00fctzer gegen die Dachsjagd"}]},{"@type":"WebSite","@id":"https:\/\/www.strassenweb.de\/nachrichten\/#website","url":"https:\/\/www.strassenweb.de\/nachrichten\/","name":"Stra\u00dfenweb","description":"Stra\u00dfenverzeichnis f\u00fcr Deutschland","publisher":{"@id":"https:\/\/www.strassenweb.de\/nachrichten\/#organization"},"potentialAction":[{"@type":"SearchAction","target":{"@type":"EntryPoint","urlTemplate":"https:\/\/www.strassenweb.de\/nachrichten\/?s={search_term_string}"},"query-input":{"@type":"PropertyValueSpecification","valueRequired":true,"valueName":"search_term_string"}}],"inLanguage":"de"},{"@type":"Organization","@id":"https:\/\/www.strassenweb.de\/nachrichten\/#organization","name":"Stra\u00dfenweb","url":"https:\/\/www.strassenweb.de\/nachrichten\/","logo":{"@type":"ImageObject","inLanguage":"de","@id":"https:\/\/www.strassenweb.de\/nachrichten\/#\/schema\/logo\/image\/","url":"https:\/\/www.strassenweb.de\/nachrichten\/wp-content\/uploads\/2024\/09\/cropped-favicon.png","contentUrl":"https:\/\/www.strassenweb.de\/nachrichten\/wp-content\/uploads\/2024\/09\/cropped-favicon.png","width":512,"height":512,"caption":"Stra\u00dfenweb"},"image":{"@id":"https:\/\/www.strassenweb.de\/nachrichten\/#\/schema\/logo\/image\/"},"sameAs":["https:\/\/www.facebook.com\/strassenweb\/"]},{"@type":"Person","@id":"https:\/\/www.strassenweb.de\/nachrichten\/#\/schema\/person\/87c9c9067f1211da429a744dc5a5aa41","name":"Robert Hoffmann","image":{"@type":"ImageObject","inLanguage":"de","@id":"https:\/\/www.strassenweb.de\/nachrichten\/wp-content\/uploads\/2024\/09\/strassenweb-150x150.jpg","url":"https:\/\/www.strassenweb.de\/nachrichten\/wp-content\/uploads\/2024\/09\/strassenweb-150x150.jpg","contentUrl":"https:\/\/www.strassenweb.de\/nachrichten\/wp-content\/uploads\/2024\/09\/strassenweb-150x150.jpg","caption":"Robert Hoffmann"},"description":"Ich hei\u00dfe Robert Hoffmann und ich bin ein leidenschaftlicher Verfechter von \u00d6kologie und Biodiversit\u00e4t. Seit meiner Kindheit in den W\u00e4ldern Bayerns f\u00fchle ich mich mit der Natur verbunden und bin entschlossen, sie zu sch\u00fctzen. Heute widme ich mein Leben der Sensibilisierung anderer f\u00fcr die Bedeutung des Umweltschutzes f\u00fcr zuk\u00fcnftige Generationen.","sameAs":["https:\/\/www.strassenweb.de\/"]}]}},"_links":{"self":[{"href":"https:\/\/www.strassenweb.de\/nachrichten\/wp-json\/wp\/v2\/posts\/162","targetHints":{"allow":["GET"]}}],"collection":[{"href":"https:\/\/www.strassenweb.de\/nachrichten\/wp-json\/wp\/v2\/posts"}],"about":[{"href":"https:\/\/www.strassenweb.de\/nachrichten\/wp-json\/wp\/v2\/types\/post"}],"author":[{"embeddable":true,"href":"https:\/\/www.strassenweb.de\/nachrichten\/wp-json\/wp\/v2\/users\/1"}],"replies":[{"embeddable":true,"href":"https:\/\/www.strassenweb.de\/nachrichten\/wp-json\/wp\/v2\/comments?post=162"}],"version-history":[{"count":0,"href":"https:\/\/www.strassenweb.de\/nachrichten\/wp-json\/wp\/v2\/posts\/162\/revisions"}],"wp:featuredmedia":[{"embeddable":true,"href":"https:\/\/www.strassenweb.de\/nachrichten\/wp-json\/wp\/v2\/media\/96"}],"wp:attachment":[{"href":"https:\/\/www.strassenweb.de\/nachrichten\/wp-json\/wp\/v2\/media?parent=162"}],"wp:term":[{"taxonomy":"category","embeddable":true,"href":"https:\/\/www.strassenweb.de\/nachrichten\/wp-json\/wp\/v2\/categories?post=162"},{"taxonomy":"post_tag","embeddable":true,"href":"https:\/\/www.strassenweb.de\/nachrichten\/wp-json\/wp\/v2\/tags?post=162"}],"curies":[{"name":"wp","href":"https:\/\/api.w.org\/{rel}","templated":true}]}}