{"id":1619,"date":"2024-11-17T17:40:39","date_gmt":"2024-11-17T16:40:39","guid":{"rendered":"https:\/\/www.strassenweb.de\/nachrichten\/7-wandaufbewahrungsideen-fuer-das-badezimmer-um-die-vertikale-raumnutzung-zu-maximieren\/"},"modified":"2024-11-17T17:40:44","modified_gmt":"2024-11-17T16:40:44","slug":"7-wandaufbewahrungsideen-fuer-das-badezimmer-um-die-vertikale-raumnutzung-zu-maximieren","status":"publish","type":"post","link":"https:\/\/www.strassenweb.de\/nachrichten\/7-wandaufbewahrungsideen-fuer-das-badezimmer-um-die-vertikale-raumnutzung-zu-maximieren\/","title":{"rendered":"7 Wandaufbewahrungsideen f\u00fcr das Badezimmer, um die vertikale Raumnutzung zu maximieren"},"content":{"rendered":"<p><\/p>\n<div id=\"article-body\" class=\"article__body \">\n<p>In vollbesetzten Badezimmern gehen oft mehrere Familienmitglieder mehrmals am Tag ein und aus und enthalten oft viele wichtige Toilettenartikel und Handt\u00fccher. Auch wenn Ihr Badezimmer gut proportioniert ist, kann Stauraum in diesem Raum oft ein Problem darstellen.<\/p>\n<div id=\"ad-unit-1\" class=\"ad-unit\"><\/div>\n<p>Hier kann eine vertikale Wandaufbewahrung platzsparend sein. Hier teilen unsere Organisationsexperten ihre sieben Aufbewahrungsideen f\u00fcr Badezimmerw\u00e4nde, darunter T\u00fcrhaken, ma\u00dfgefertigte Nischen und das bescheidene Wandregal, um den Druck zu verringern.<\/p>\n<aside class=\"hawk-nest\" data-block-type=\"embed\" data-render-type=\"fte\" data-skip=\"dealsy\" data-widget-type=\"seasonal\">\n<div class=\"hawk-master-widget-hawk-base-wrapper\"><\/div>\n<\/aside>\n<p>Bei der Badezimmeraufbewahrung kann man leicht Fehler machen, aber die vertikale Anordnung, wenn Sie mehr oder mehr Stauraum ben\u00f6tigen, geh\u00f6rt nicht dazu, da dadurch die Grundfl\u00e4che unver\u00e4ndert bleibt und Fl\u00e4che genutzt wird, an deren Nutzung Sie vielleicht gar nicht gedacht h\u00e4tten.<\/p>\n<div id=\"desktop-in-article\" class=\"in-article ad-unit\">\n<div id=\"desktop-taboola-mid-article\"><\/div>\n<\/div>\n<div id=\"mobile-in-article\" class=\"in-article ad-unit\">\n<div id=\"mobile-taboola-mid-article\"><\/div>\n<\/div>\n<h3 class=\"article-body__section\" id=\"section-1-go-modular-around-your-sink\"><span>1. Gehen Sie rund um Ihr Waschbecken modular vor<\/span><\/h3>\n<figure class=\"van-image-figure inline-layout \" data-bordeaux-image-check>\n<div class=\"image-full-width-wrapper\">\n<div class=\"image-widthsetter\" style=\"max-width:2000px;\"><\/div>\n<\/div>\n<\/figure>\n<p>Modulare Systeme sind ziemlich fabelhaft. Sie sind oft schmal, multifunktional und sehr stilvoll \u2013 ideal f\u00fcr Modernisten. Sie erm\u00f6glichen es Ihnen, ein Aufbewahrungssystem zu w\u00e4hlen, das zu Ihrem individuellen Raum passt, was in einem kleinen Badezimmer, das bew\u00e4hrte Designmerkmale ben\u00f6tigt, von unsch\u00e4tzbarem Wert ist.<\/p>\n<div class=\"van_vid_carousel\">\n<div class=\"van_vid_carousel__padding\">\n<div class=\"van_vid_carousel__container\"><\/div>\n<\/div>\n<\/div>\n<p>Bo Hellberg, CMO von String Furniture, sagt: \u201eMit den modularen Regalen haben Sie kein Problem damit, den stilvollen Stauraum f\u00fcr jede Badezimmergr\u00f6\u00dfe und jeden Raumtyp zu maximieren.\u201c \u201eHandt\u00fccher und andere Badezimmerutensilien brauchen alle ihren eigenen Platz und mit modularen Regalen finden Sie einen Platz f\u00fcr alle Ihre Dinge und verleihen Ihrem Badezimmer gleichzeitig ein modernes Design.\u201c<\/p>\n<div id=\"ad-unit-2\" class=\"ad-unit\"><\/div>\n<p>Der oben abgebildete Look von String Furniture zeigt, wie Sie die Wandfl\u00e4che rund um das Waschbecken perfekt nutzen k\u00f6nnen, indem Sie jeden Abschnitt entsprechend Ihren individuellen Bed\u00fcrfnissen hinzuf\u00fcgen.<\/p>\n<h3 class=\"article-body__section\" id=\"section-2-choose-a-display-cabinet\"><span>2. W\u00e4hlen Sie eine Vitrine<\/span><\/h3>\n<figure class=\"van-image-figure inline-layout \" data-bordeaux-image-check>\n<div class=\"image-full-width-wrapper\">\n<div class=\"image-widthsetter\" style=\"max-width:2000px;\"><\/div>\n<\/div>\n<\/figure>\n<p>Vitrinen mit verglasten T\u00fcren erm\u00f6glichen es Ihnen, das N\u00f6tigste trocken und staubfrei aufzubewahren. Sie k\u00f6nnen als Medikamentenschrank oder f\u00fcr Ihre Lieblingsseifen und -lotionen verwendet werden.<\/p>\n<p>Das Sch\u00f6ne an ihnen ist, dass Sie den Innenraum sehen k\u00f6nnen, ohne die T\u00fcr \u00f6ffnen zu m\u00fcssen, was sie ideal f\u00fcr den schnellen Zugriff macht, wenn die Zeit knapp ist.<\/p>\n<p>Der Bogenwandschrank Fern aus Holz von Anthropologie ist ideal, er verf\u00fcgt \u00fcber verglaste T\u00fcren, Regale und eine Schublade, er ist au\u00dferdem in drei Farben und einer Holzoberfl\u00e4che erh\u00e4ltlich.<\/p>\n<h3 class=\"article-body__section\" id=\"section-3-tall-floating-cabinets\"><span>3. Hohe schwebende Schr\u00e4nke<\/span><\/h3>\n<figure class=\"van-image-figure inline-layout \" data-bordeaux-image-check>\n<div class=\"image-full-width-wrapper\">\n<div class=\"image-widthsetter\" style=\"max-width:2000px;\"><\/div>\n<\/div>\n<\/figure>\n<p>Wir alle lieben einen schwebenden Badezimmer-Waschtisch \u2013 er ist eine tolle Aufbewahrungsl\u00f6sung, warum also nicht einen schwebenden Wandschrank in Betracht ziehen? Sie eignen sich ideal f\u00fcr moderne Badezimmer. Wenn der Platz knapp ist, entscheiden Sie sich f\u00fcr hohe, aber schmale Modelle.<\/p>\n<p>\u201eSchwebende Schr\u00e4nke sind eine gro\u00dfartige Option f\u00fcr Gegenst\u00e4nde, die ich nicht unbedingt zur Schau stellen m\u00f6chte, und ich liebe es, diese individuell an die Abmessungen des Badezimmers anpassen zu lassen, mit dem ich arbeite\u201c, sagt Joyce Huston, leitende Innenarchitektin bei Decorilla . \u201eDies k\u00f6nnen breitere und k\u00fcrzere Schr\u00e4nke oder l\u00e4ngere und d\u00fcnnere sein, je nachdem, mit welchem \u200b\u200bRaum ich arbeite.\u201c<\/p>\n<p>Ich habe Dutzende von Designs durchgesehen und unten meine drei Favoriten ausgew\u00e4hlt.<\/p>\n<div class=\"product-container hero-product-container product-block-no-wrap\"><\/div>\n<h3 class=\"article-body__section\" id=\"section-4-add-a-recess\"><span>4. F\u00fcgen Sie eine Aussparung hinzu<\/span><\/h3>\n<figure class=\"van-image-figure inline-layout \" data-bordeaux-image-check>\n<div class=\"image-full-width-wrapper\">\n<div class=\"image-widthsetter\" style=\"max-width:2000px;\"><\/div>\n<\/div>\n<\/figure>\n<p>Wenn Sie Ihr Badezimmer umgestalten m\u00f6chten, ist der Einbau einer Aussparung in der Wand eine gro\u00dfe Hilfe. Auch wenn es nur klein ist, reicht es aus, um die t\u00e4glichen Duschgels und Shampoos aufzubewahren.<\/p>\n<p>Joyce Huston stimmt zu: \u201eEinbau-Medizinschr\u00e4nke, \u00e4hnlich denen hinter einem Spiegel, sind eine weitere beliebte Option, die ich f\u00fcr die diskrete Aufbewahrung bestimmter Gegenst\u00e4nde liebe.\u201c Ich liebe es, den Spiegel etwas zu beleuchten, damit er auch als perfekter Schminktisch dient!\u2018<\/p>\n<p>Der versenkte Badezimmer-Medizinschrank von TEHOME im Landhausstil mit verchromtem Metallrahmen von Amazon ist eine beliebte Wahl und verf\u00fcgt \u00fcber zwei Glasregale im Inneren.<\/p>\n<h3 class=\"article-body__section\" id=\"section-5-pop-up-a-shelves\"><span>5. Klappen Sie ein Regal auf<\/span><\/h3>\n<figure class=\"van-image-figure inline-layout \" data-bordeaux-image-check>\n<div class=\"image-full-width-wrapper\">\n<div class=\"image-widthsetter\" style=\"max-width:2000px;\"><\/div>\n<\/div>\n<\/figure>\n<p>Offene Regale sind sowohl in Badezimmern als auch in K\u00fcchen eine beliebte Wahl, und es ist leicht zu verstehen, warum. Es ist praktisch, stilvoll und stellt sicher, dass Ihre am h\u00e4ufigsten verwendeten Gegenst\u00e4nde in den hektischen Momenten des Morgens leicht zur Hand sind.<\/p>\n<p>\u201eWenn der Platz im Badezimmer knapp ist und es nur einen kleinen Schrank f\u00fcr Bettw\u00e4sche und Reinigungsprodukte oder nur kleine Schubladen und einen Medikamentenschrank gibt, ist die Nutzung von W\u00e4nden eine gute M\u00f6glichkeit, den Stauraum zu maximieren\u201c, sagt Barbara Brock, CEO von Barbara Brock Inc., ein professionelles Organisations- und Inszenierungsunternehmen.<\/p>\n<div class=\"product-container hero-product-container product-block-no-wrap\"><\/div>\n<h3 class=\"article-body__section\" id=\"section-6-store-towels-on-racks-or-hooks\"><span>6. Bewahren Sie Handt\u00fccher auf Gestellen oder Haken auf<\/span><\/h3>\n<figure class=\"van-image-figure inline-layout \" data-bordeaux-image-check>\n<div class=\"image-full-width-wrapper\">\n<div class=\"image-widthsetter\" style=\"max-width:2000px;\"><\/div>\n<\/div>\n<\/figure>\n<p>Nicht jedes Badezimmer verf\u00fcgt \u00fcber ausreichend Platz an der Wand f\u00fcr einen Handtuchheizk\u00f6rper oder ein Regal. Wir haben Barbara Brock um Rat gefragt, wie wir dieses Platzproblem l\u00f6sen k\u00f6nnen. \u201eH\u00e4ngen Sie eine Garderobe mit mehreren Haken an die Wand (wie den an der Wand befestigten Handtuchhaken GD453 aus Edelstahl von Wayfair). Sie bietet Platz f\u00fcr viele verschiedene Arten von Gegenst\u00e4nden in der Badezimmeraufbewahrung, einschlie\u00dflich Handt\u00fcchern und Kosmetikartikeln, die in einer Organisationstasche aufgeh\u00e4ngt werden.\u201c<\/p>\n<p>Alternativ k\u00f6nnten Sie auch einzelne Haken f\u00fcr jedes Familienmitglied haben. Wir lieben den Hummel-Badehaken von Anthropologie, der Teil eines gr\u00f6\u00dferen, von der Natur inspirierten Sortiments ist.<\/p>\n<h3 class=\"article-body__section\" id=\"section-7-custom-built-cabinetry\"><span>7. Ma\u00dfgeschneiderte M\u00f6bel<\/span><\/h3>\n<figure class=\"van-image-figure inline-layout \" data-bordeaux-image-check>\n<div class=\"image-full-width-wrapper\">\n<div class=\"image-widthsetter\" style=\"max-width:2000px;\"><\/div>\n<\/div>\n<\/figure>\n<p>In manchen Badezimmern kann der Platz schwierig sein, und hier sind ma\u00dfgefertigte Regale und Schr\u00e4nke m\u00f6glicherweise die einzige L\u00f6sung. Es gibt zwei Optionen, die beide oben dargestellt sind: offene Regale und an der Wand montierte Schr\u00e4nke (\u00e4hnlich wie in einer K\u00fcche).<\/p>\n<p>Beide haben ihren Zweck und k\u00f6nnen einzeln oder zusammen verwendet werden. So k\u00f6nnen Sie jeden Zentimeter optimal nutzen und auch bis zur Decke gehen. Wenn der Einbau nicht zu Ihrem Budget passt, k\u00f6nnen Sie einen Wandschrank w\u00e4hlen und mehrere an der Wand anbringen, um das gleiche Aussehen zu erzielen. Der zweit\u00fcrige abnehmbare Wandschrank Jaeden von Wayfair bietet die Flexibilit\u00e4t, auch das Aussehen des Designs zu \u00e4ndern.<\/p>\n<h3 class=\"article-body__section\" id=\"section-meet-our-experts\"><span>Treffen Sie unsere Experten<\/span><\/h3>\n<hr>\n<p>Es besteht kein Zweifel: Durch die Integration von Stauraum an der Badezimmerwand in Ihren Raum wird das Durcheinander auf Distanz gehalten und dieser wichtige Raum wirkt ger\u00e4umiger. Sie m\u00fcssen sich nur noch entscheiden, in welche Art Sie investieren m\u00f6chten!<\/p>\n<\/div>\n","protected":false},"excerpt":{"rendered":"<p>In vollbesetzten Badezimmern gehen oft mehrere Familienmitglieder mehrmals am Tag ein und aus und enthalten oft viele wichtige Toilettenartikel und Handt\u00fccher. Auch wenn Ihr Badezimmer<\/p>\n","protected":false},"author":1,"featured_media":1620,"comment_status":"closed","ping_status":"","sticky":false,"template":"","format":"standard","meta":{"footnotes":""},"categories":[118],"tags":[2411,112,9,55,2968,2967,658,2966],"class_list":["post-1619","post","type-post","status-publish","format-standard","has-post-thumbnail","hentry","category-haus-garten","tag-badezimmer","tag-das","tag-die","tag-fuer","tag-maximieren","tag-raumnutzung","tag-vertikale","tag-wandaufbewahrungsideen","generate-columns","tablet-grid-50","mobile-grid-100","grid-parent","grid-50"],"yoast_head":"<!-- This site is optimized with the Yoast SEO plugin v27.3 - https:\/\/yoast.com\/product\/yoast-seo-wordpress\/ -->\n<title>7 Wandaufbewahrungsideen f\u00fcr das Badezimmer, um die vertikale Raumnutzung zu maximieren - Nachrichten - Stra\u00dfenweb<\/title>\n<meta name=\"robots\" content=\"index, follow, max-snippet:-1, max-image-preview:large, max-video-preview:-1\" \/>\n<link rel=\"canonical\" href=\"https:\/\/www.strassenweb.de\/nachrichten\/7-wandaufbewahrungsideen-fuer-das-badezimmer-um-die-vertikale-raumnutzung-zu-maximieren\/\" \/>\n<meta property=\"og:locale\" content=\"de_DE\" \/>\n<meta property=\"og:type\" content=\"article\" \/>\n<meta property=\"og:title\" content=\"7 Wandaufbewahrungsideen f\u00fcr das Badezimmer, um die vertikale Raumnutzung zu maximieren - Nachrichten - Stra\u00dfenweb\" \/>\n<meta property=\"og:description\" content=\"In vollbesetzten Badezimmern gehen oft mehrere Familienmitglieder mehrmals am Tag ein und aus und enthalten oft viele wichtige Toilettenartikel und Handt\u00fccher. Auch wenn Ihr Badezimmer\" \/>\n<meta property=\"og:url\" content=\"https:\/\/www.strassenweb.de\/nachrichten\/7-wandaufbewahrungsideen-fuer-das-badezimmer-um-die-vertikale-raumnutzung-zu-maximieren\/\" \/>\n<meta property=\"og:site_name\" content=\"Stra\u00dfenweb\" \/>\n<meta property=\"article:publisher\" content=\"https:\/\/www.facebook.com\/strassenweb\/\" \/>\n<meta property=\"article:published_time\" content=\"2024-11-17T16:40:39+00:00\" \/>\n<meta property=\"article:modified_time\" content=\"2024-11-17T16:40:44+00:00\" \/>\n<meta property=\"og:image\" content=\"https:\/\/www.strassenweb.de\/nachrichten\/wp-content\/uploads\/2024\/11\/7-Wandaufbewahrungsideen-fuer-das-Badezimmer-um-die-vertikale-Raumnutzung-zu.png\" \/>\n\t<meta property=\"og:image:width\" content=\"1200\" \/>\n\t<meta property=\"og:image:height\" content=\"675\" \/>\n\t<meta property=\"og:image:type\" content=\"image\/png\" \/>\n<meta name=\"author\" content=\"Robert Hoffmann\" \/>\n<meta name=\"twitter:card\" content=\"summary_large_image\" \/>\n<meta name=\"twitter:label1\" content=\"Verfasst von\" \/>\n\t<meta name=\"twitter:data1\" content=\"Robert Hoffmann\" \/>\n\t<meta name=\"twitter:label2\" content=\"Gesch\u00e4tzte Lesezeit\" \/>\n\t<meta name=\"twitter:data2\" content=\"5\u00a0Minuten\" \/>\n<script type=\"application\/ld+json\" class=\"yoast-schema-graph\">{\"@context\":\"https:\\\/\\\/schema.org\",\"@graph\":[{\"@type\":\"Article\",\"@id\":\"https:\\\/\\\/www.strassenweb.de\\\/nachrichten\\\/7-wandaufbewahrungsideen-fuer-das-badezimmer-um-die-vertikale-raumnutzung-zu-maximieren\\\/#article\",\"isPartOf\":{\"@id\":\"https:\\\/\\\/www.strassenweb.de\\\/nachrichten\\\/7-wandaufbewahrungsideen-fuer-das-badezimmer-um-die-vertikale-raumnutzung-zu-maximieren\\\/\"},\"author\":{\"name\":\"Robert Hoffmann\",\"@id\":\"https:\\\/\\\/www.strassenweb.de\\\/nachrichten\\\/#\\\/schema\\\/person\\\/87c9c9067f1211da429a744dc5a5aa41\"},\"headline\":\"7 Wandaufbewahrungsideen f\u00fcr das Badezimmer, um die vertikale Raumnutzung zu maximieren\",\"datePublished\":\"2024-11-17T16:40:39+00:00\",\"dateModified\":\"2024-11-17T16:40:44+00:00\",\"mainEntityOfPage\":{\"@id\":\"https:\\\/\\\/www.strassenweb.de\\\/nachrichten\\\/7-wandaufbewahrungsideen-fuer-das-badezimmer-um-die-vertikale-raumnutzung-zu-maximieren\\\/\"},\"wordCount\":1014,\"publisher\":{\"@id\":\"https:\\\/\\\/www.strassenweb.de\\\/nachrichten\\\/#organization\"},\"image\":{\"@id\":\"https:\\\/\\\/www.strassenweb.de\\\/nachrichten\\\/7-wandaufbewahrungsideen-fuer-das-badezimmer-um-die-vertikale-raumnutzung-zu-maximieren\\\/#primaryimage\"},\"thumbnailUrl\":\"https:\\\/\\\/www.strassenweb.de\\\/nachrichten\\\/wp-content\\\/uploads\\\/2024\\\/11\\\/7-Wandaufbewahrungsideen-fuer-das-Badezimmer-um-die-vertikale-Raumnutzung-zu.png\",\"keywords\":[\"Badezimmer\",\"das\",\"die\",\"f\u00fcr\",\"maximieren\",\"Raumnutzung\",\"vertikale\",\"Wandaufbewahrungsideen\"],\"articleSection\":[\"Haus &amp; Garten\"],\"inLanguage\":\"de\"},{\"@type\":\"WebPage\",\"@id\":\"https:\\\/\\\/www.strassenweb.de\\\/nachrichten\\\/7-wandaufbewahrungsideen-fuer-das-badezimmer-um-die-vertikale-raumnutzung-zu-maximieren\\\/\",\"url\":\"https:\\\/\\\/www.strassenweb.de\\\/nachrichten\\\/7-wandaufbewahrungsideen-fuer-das-badezimmer-um-die-vertikale-raumnutzung-zu-maximieren\\\/\",\"name\":\"7 Wandaufbewahrungsideen f\u00fcr das Badezimmer, um die vertikale Raumnutzung zu maximieren - Nachrichten - Stra\u00dfenweb\",\"isPartOf\":{\"@id\":\"https:\\\/\\\/www.strassenweb.de\\\/nachrichten\\\/#website\"},\"primaryImageOfPage\":{\"@id\":\"https:\\\/\\\/www.strassenweb.de\\\/nachrichten\\\/7-wandaufbewahrungsideen-fuer-das-badezimmer-um-die-vertikale-raumnutzung-zu-maximieren\\\/#primaryimage\"},\"image\":{\"@id\":\"https:\\\/\\\/www.strassenweb.de\\\/nachrichten\\\/7-wandaufbewahrungsideen-fuer-das-badezimmer-um-die-vertikale-raumnutzung-zu-maximieren\\\/#primaryimage\"},\"thumbnailUrl\":\"https:\\\/\\\/www.strassenweb.de\\\/nachrichten\\\/wp-content\\\/uploads\\\/2024\\\/11\\\/7-Wandaufbewahrungsideen-fuer-das-Badezimmer-um-die-vertikale-Raumnutzung-zu.png\",\"datePublished\":\"2024-11-17T16:40:39+00:00\",\"dateModified\":\"2024-11-17T16:40:44+00:00\",\"breadcrumb\":{\"@id\":\"https:\\\/\\\/www.strassenweb.de\\\/nachrichten\\\/7-wandaufbewahrungsideen-fuer-das-badezimmer-um-die-vertikale-raumnutzung-zu-maximieren\\\/#breadcrumb\"},\"inLanguage\":\"de\",\"potentialAction\":[{\"@type\":\"ReadAction\",\"target\":[\"https:\\\/\\\/www.strassenweb.de\\\/nachrichten\\\/7-wandaufbewahrungsideen-fuer-das-badezimmer-um-die-vertikale-raumnutzung-zu-maximieren\\\/\"]}]},{\"@type\":\"ImageObject\",\"inLanguage\":\"de\",\"@id\":\"https:\\\/\\\/www.strassenweb.de\\\/nachrichten\\\/7-wandaufbewahrungsideen-fuer-das-badezimmer-um-die-vertikale-raumnutzung-zu-maximieren\\\/#primaryimage\",\"url\":\"https:\\\/\\\/www.strassenweb.de\\\/nachrichten\\\/wp-content\\\/uploads\\\/2024\\\/11\\\/7-Wandaufbewahrungsideen-fuer-das-Badezimmer-um-die-vertikale-Raumnutzung-zu.png\",\"contentUrl\":\"https:\\\/\\\/www.strassenweb.de\\\/nachrichten\\\/wp-content\\\/uploads\\\/2024\\\/11\\\/7-Wandaufbewahrungsideen-fuer-das-Badezimmer-um-die-vertikale-Raumnutzung-zu.png\",\"width\":1200,\"height\":675,\"caption\":\"7 Wandaufbewahrungsideen f\u00fcr das Badezimmer, um die vertikale Raumnutzung zu maximieren\"},{\"@type\":\"BreadcrumbList\",\"@id\":\"https:\\\/\\\/www.strassenweb.de\\\/nachrichten\\\/7-wandaufbewahrungsideen-fuer-das-badezimmer-um-die-vertikale-raumnutzung-zu-maximieren\\\/#breadcrumb\",\"itemListElement\":[{\"@type\":\"ListItem\",\"position\":1,\"name\":\"Home\",\"item\":\"https:\\\/\\\/www.strassenweb.de\\\/nachrichten\\\/\"},{\"@type\":\"ListItem\",\"position\":2,\"name\":\"7 Wandaufbewahrungsideen f\u00fcr das Badezimmer, um die vertikale Raumnutzung zu maximieren\"}]},{\"@type\":\"WebSite\",\"@id\":\"https:\\\/\\\/www.strassenweb.de\\\/nachrichten\\\/#website\",\"url\":\"https:\\\/\\\/www.strassenweb.de\\\/nachrichten\\\/\",\"name\":\"Stra\u00dfenweb\",\"description\":\"Stra\u00dfenverzeichnis f\u00fcr Deutschland\",\"publisher\":{\"@id\":\"https:\\\/\\\/www.strassenweb.de\\\/nachrichten\\\/#organization\"},\"potentialAction\":[{\"@type\":\"SearchAction\",\"target\":{\"@type\":\"EntryPoint\",\"urlTemplate\":\"https:\\\/\\\/www.strassenweb.de\\\/nachrichten\\\/?s={search_term_string}\"},\"query-input\":{\"@type\":\"PropertyValueSpecification\",\"valueRequired\":true,\"valueName\":\"search_term_string\"}}],\"inLanguage\":\"de\"},{\"@type\":\"Organization\",\"@id\":\"https:\\\/\\\/www.strassenweb.de\\\/nachrichten\\\/#organization\",\"name\":\"Stra\u00dfenweb\",\"url\":\"https:\\\/\\\/www.strassenweb.de\\\/nachrichten\\\/\",\"logo\":{\"@type\":\"ImageObject\",\"inLanguage\":\"de\",\"@id\":\"https:\\\/\\\/www.strassenweb.de\\\/nachrichten\\\/#\\\/schema\\\/logo\\\/image\\\/\",\"url\":\"https:\\\/\\\/www.strassenweb.de\\\/nachrichten\\\/wp-content\\\/uploads\\\/2024\\\/09\\\/cropped-favicon.png\",\"contentUrl\":\"https:\\\/\\\/www.strassenweb.de\\\/nachrichten\\\/wp-content\\\/uploads\\\/2024\\\/09\\\/cropped-favicon.png\",\"width\":512,\"height\":512,\"caption\":\"Stra\u00dfenweb\"},\"image\":{\"@id\":\"https:\\\/\\\/www.strassenweb.de\\\/nachrichten\\\/#\\\/schema\\\/logo\\\/image\\\/\"},\"sameAs\":[\"https:\\\/\\\/www.facebook.com\\\/strassenweb\\\/\"]},{\"@type\":\"Person\",\"@id\":\"https:\\\/\\\/www.strassenweb.de\\\/nachrichten\\\/#\\\/schema\\\/person\\\/87c9c9067f1211da429a744dc5a5aa41\",\"name\":\"Robert Hoffmann\",\"image\":{\"@type\":\"ImageObject\",\"inLanguage\":\"de\",\"@id\":\"https:\\\/\\\/www.strassenweb.de\\\/nachrichten\\\/wp-content\\\/uploads\\\/2024\\\/09\\\/strassenweb-150x150.jpg\",\"url\":\"https:\\\/\\\/www.strassenweb.de\\\/nachrichten\\\/wp-content\\\/uploads\\\/2024\\\/09\\\/strassenweb-150x150.jpg\",\"contentUrl\":\"https:\\\/\\\/www.strassenweb.de\\\/nachrichten\\\/wp-content\\\/uploads\\\/2024\\\/09\\\/strassenweb-150x150.jpg\",\"caption\":\"Robert Hoffmann\"},\"description\":\"Ich hei\u00dfe Robert Hoffmann und ich bin ein leidenschaftlicher Verfechter von \u00d6kologie und Biodiversit\u00e4t. Seit meiner Kindheit in den W\u00e4ldern Bayerns f\u00fchle ich mich mit der Natur verbunden und bin entschlossen, sie zu sch\u00fctzen. Heute widme ich mein Leben der Sensibilisierung anderer f\u00fcr die Bedeutung des Umweltschutzes f\u00fcr zuk\u00fcnftige Generationen.\",\"sameAs\":[\"https:\\\/\\\/www.strassenweb.de\\\/\"]}]}<\/script>\n<!-- \/ Yoast SEO plugin. -->","yoast_head_json":{"title":"7 Wandaufbewahrungsideen f\u00fcr das Badezimmer, um die vertikale Raumnutzung zu maximieren - Nachrichten - Stra\u00dfenweb","robots":{"index":"index","follow":"follow","max-snippet":"max-snippet:-1","max-image-preview":"max-image-preview:large","max-video-preview":"max-video-preview:-1"},"canonical":"https:\/\/www.strassenweb.de\/nachrichten\/7-wandaufbewahrungsideen-fuer-das-badezimmer-um-die-vertikale-raumnutzung-zu-maximieren\/","og_locale":"de_DE","og_type":"article","og_title":"7 Wandaufbewahrungsideen f\u00fcr das Badezimmer, um die vertikale Raumnutzung zu maximieren - Nachrichten - Stra\u00dfenweb","og_description":"In vollbesetzten Badezimmern gehen oft mehrere Familienmitglieder mehrmals am Tag ein und aus und enthalten oft viele wichtige Toilettenartikel und Handt\u00fccher. Auch wenn Ihr Badezimmer","og_url":"https:\/\/www.strassenweb.de\/nachrichten\/7-wandaufbewahrungsideen-fuer-das-badezimmer-um-die-vertikale-raumnutzung-zu-maximieren\/","og_site_name":"Stra\u00dfenweb","article_publisher":"https:\/\/www.facebook.com\/strassenweb\/","article_published_time":"2024-11-17T16:40:39+00:00","article_modified_time":"2024-11-17T16:40:44+00:00","og_image":[{"width":1200,"height":675,"url":"https:\/\/www.strassenweb.de\/nachrichten\/wp-content\/uploads\/2024\/11\/7-Wandaufbewahrungsideen-fuer-das-Badezimmer-um-die-vertikale-Raumnutzung-zu.png","type":"image\/png"}],"author":"Robert Hoffmann","twitter_card":"summary_large_image","twitter_misc":{"Verfasst von":"Robert Hoffmann","Gesch\u00e4tzte Lesezeit":"5\u00a0Minuten"},"schema":{"@context":"https:\/\/schema.org","@graph":[{"@type":"Article","@id":"https:\/\/www.strassenweb.de\/nachrichten\/7-wandaufbewahrungsideen-fuer-das-badezimmer-um-die-vertikale-raumnutzung-zu-maximieren\/#article","isPartOf":{"@id":"https:\/\/www.strassenweb.de\/nachrichten\/7-wandaufbewahrungsideen-fuer-das-badezimmer-um-die-vertikale-raumnutzung-zu-maximieren\/"},"author":{"name":"Robert Hoffmann","@id":"https:\/\/www.strassenweb.de\/nachrichten\/#\/schema\/person\/87c9c9067f1211da429a744dc5a5aa41"},"headline":"7 Wandaufbewahrungsideen f\u00fcr das Badezimmer, um die vertikale Raumnutzung zu maximieren","datePublished":"2024-11-17T16:40:39+00:00","dateModified":"2024-11-17T16:40:44+00:00","mainEntityOfPage":{"@id":"https:\/\/www.strassenweb.de\/nachrichten\/7-wandaufbewahrungsideen-fuer-das-badezimmer-um-die-vertikale-raumnutzung-zu-maximieren\/"},"wordCount":1014,"publisher":{"@id":"https:\/\/www.strassenweb.de\/nachrichten\/#organization"},"image":{"@id":"https:\/\/www.strassenweb.de\/nachrichten\/7-wandaufbewahrungsideen-fuer-das-badezimmer-um-die-vertikale-raumnutzung-zu-maximieren\/#primaryimage"},"thumbnailUrl":"https:\/\/www.strassenweb.de\/nachrichten\/wp-content\/uploads\/2024\/11\/7-Wandaufbewahrungsideen-fuer-das-Badezimmer-um-die-vertikale-Raumnutzung-zu.png","keywords":["Badezimmer","das","die","f\u00fcr","maximieren","Raumnutzung","vertikale","Wandaufbewahrungsideen"],"articleSection":["Haus &amp; Garten"],"inLanguage":"de"},{"@type":"WebPage","@id":"https:\/\/www.strassenweb.de\/nachrichten\/7-wandaufbewahrungsideen-fuer-das-badezimmer-um-die-vertikale-raumnutzung-zu-maximieren\/","url":"https:\/\/www.strassenweb.de\/nachrichten\/7-wandaufbewahrungsideen-fuer-das-badezimmer-um-die-vertikale-raumnutzung-zu-maximieren\/","name":"7 Wandaufbewahrungsideen f\u00fcr das Badezimmer, um die vertikale Raumnutzung zu maximieren - Nachrichten - Stra\u00dfenweb","isPartOf":{"@id":"https:\/\/www.strassenweb.de\/nachrichten\/#website"},"primaryImageOfPage":{"@id":"https:\/\/www.strassenweb.de\/nachrichten\/7-wandaufbewahrungsideen-fuer-das-badezimmer-um-die-vertikale-raumnutzung-zu-maximieren\/#primaryimage"},"image":{"@id":"https:\/\/www.strassenweb.de\/nachrichten\/7-wandaufbewahrungsideen-fuer-das-badezimmer-um-die-vertikale-raumnutzung-zu-maximieren\/#primaryimage"},"thumbnailUrl":"https:\/\/www.strassenweb.de\/nachrichten\/wp-content\/uploads\/2024\/11\/7-Wandaufbewahrungsideen-fuer-das-Badezimmer-um-die-vertikale-Raumnutzung-zu.png","datePublished":"2024-11-17T16:40:39+00:00","dateModified":"2024-11-17T16:40:44+00:00","breadcrumb":{"@id":"https:\/\/www.strassenweb.de\/nachrichten\/7-wandaufbewahrungsideen-fuer-das-badezimmer-um-die-vertikale-raumnutzung-zu-maximieren\/#breadcrumb"},"inLanguage":"de","potentialAction":[{"@type":"ReadAction","target":["https:\/\/www.strassenweb.de\/nachrichten\/7-wandaufbewahrungsideen-fuer-das-badezimmer-um-die-vertikale-raumnutzung-zu-maximieren\/"]}]},{"@type":"ImageObject","inLanguage":"de","@id":"https:\/\/www.strassenweb.de\/nachrichten\/7-wandaufbewahrungsideen-fuer-das-badezimmer-um-die-vertikale-raumnutzung-zu-maximieren\/#primaryimage","url":"https:\/\/www.strassenweb.de\/nachrichten\/wp-content\/uploads\/2024\/11\/7-Wandaufbewahrungsideen-fuer-das-Badezimmer-um-die-vertikale-Raumnutzung-zu.png","contentUrl":"https:\/\/www.strassenweb.de\/nachrichten\/wp-content\/uploads\/2024\/11\/7-Wandaufbewahrungsideen-fuer-das-Badezimmer-um-die-vertikale-Raumnutzung-zu.png","width":1200,"height":675,"caption":"7 Wandaufbewahrungsideen f\u00fcr das Badezimmer, um die vertikale Raumnutzung zu maximieren"},{"@type":"BreadcrumbList","@id":"https:\/\/www.strassenweb.de\/nachrichten\/7-wandaufbewahrungsideen-fuer-das-badezimmer-um-die-vertikale-raumnutzung-zu-maximieren\/#breadcrumb","itemListElement":[{"@type":"ListItem","position":1,"name":"Home","item":"https:\/\/www.strassenweb.de\/nachrichten\/"},{"@type":"ListItem","position":2,"name":"7 Wandaufbewahrungsideen f\u00fcr das Badezimmer, um die vertikale Raumnutzung zu maximieren"}]},{"@type":"WebSite","@id":"https:\/\/www.strassenweb.de\/nachrichten\/#website","url":"https:\/\/www.strassenweb.de\/nachrichten\/","name":"Stra\u00dfenweb","description":"Stra\u00dfenverzeichnis f\u00fcr Deutschland","publisher":{"@id":"https:\/\/www.strassenweb.de\/nachrichten\/#organization"},"potentialAction":[{"@type":"SearchAction","target":{"@type":"EntryPoint","urlTemplate":"https:\/\/www.strassenweb.de\/nachrichten\/?s={search_term_string}"},"query-input":{"@type":"PropertyValueSpecification","valueRequired":true,"valueName":"search_term_string"}}],"inLanguage":"de"},{"@type":"Organization","@id":"https:\/\/www.strassenweb.de\/nachrichten\/#organization","name":"Stra\u00dfenweb","url":"https:\/\/www.strassenweb.de\/nachrichten\/","logo":{"@type":"ImageObject","inLanguage":"de","@id":"https:\/\/www.strassenweb.de\/nachrichten\/#\/schema\/logo\/image\/","url":"https:\/\/www.strassenweb.de\/nachrichten\/wp-content\/uploads\/2024\/09\/cropped-favicon.png","contentUrl":"https:\/\/www.strassenweb.de\/nachrichten\/wp-content\/uploads\/2024\/09\/cropped-favicon.png","width":512,"height":512,"caption":"Stra\u00dfenweb"},"image":{"@id":"https:\/\/www.strassenweb.de\/nachrichten\/#\/schema\/logo\/image\/"},"sameAs":["https:\/\/www.facebook.com\/strassenweb\/"]},{"@type":"Person","@id":"https:\/\/www.strassenweb.de\/nachrichten\/#\/schema\/person\/87c9c9067f1211da429a744dc5a5aa41","name":"Robert Hoffmann","image":{"@type":"ImageObject","inLanguage":"de","@id":"https:\/\/www.strassenweb.de\/nachrichten\/wp-content\/uploads\/2024\/09\/strassenweb-150x150.jpg","url":"https:\/\/www.strassenweb.de\/nachrichten\/wp-content\/uploads\/2024\/09\/strassenweb-150x150.jpg","contentUrl":"https:\/\/www.strassenweb.de\/nachrichten\/wp-content\/uploads\/2024\/09\/strassenweb-150x150.jpg","caption":"Robert Hoffmann"},"description":"Ich hei\u00dfe Robert Hoffmann und ich bin ein leidenschaftlicher Verfechter von \u00d6kologie und Biodiversit\u00e4t. Seit meiner Kindheit in den W\u00e4ldern Bayerns f\u00fchle ich mich mit der Natur verbunden und bin entschlossen, sie zu sch\u00fctzen. Heute widme ich mein Leben der Sensibilisierung anderer f\u00fcr die Bedeutung des Umweltschutzes f\u00fcr zuk\u00fcnftige Generationen.","sameAs":["https:\/\/www.strassenweb.de\/"]}]}},"_links":{"self":[{"href":"https:\/\/www.strassenweb.de\/nachrichten\/wp-json\/wp\/v2\/posts\/1619","targetHints":{"allow":["GET"]}}],"collection":[{"href":"https:\/\/www.strassenweb.de\/nachrichten\/wp-json\/wp\/v2\/posts"}],"about":[{"href":"https:\/\/www.strassenweb.de\/nachrichten\/wp-json\/wp\/v2\/types\/post"}],"author":[{"embeddable":true,"href":"https:\/\/www.strassenweb.de\/nachrichten\/wp-json\/wp\/v2\/users\/1"}],"replies":[{"embeddable":true,"href":"https:\/\/www.strassenweb.de\/nachrichten\/wp-json\/wp\/v2\/comments?post=1619"}],"version-history":[{"count":0,"href":"https:\/\/www.strassenweb.de\/nachrichten\/wp-json\/wp\/v2\/posts\/1619\/revisions"}],"wp:featuredmedia":[{"embeddable":true,"href":"https:\/\/www.strassenweb.de\/nachrichten\/wp-json\/wp\/v2\/media\/1620"}],"wp:attachment":[{"href":"https:\/\/www.strassenweb.de\/nachrichten\/wp-json\/wp\/v2\/media?parent=1619"}],"wp:term":[{"taxonomy":"category","embeddable":true,"href":"https:\/\/www.strassenweb.de\/nachrichten\/wp-json\/wp\/v2\/categories?post=1619"},{"taxonomy":"post_tag","embeddable":true,"href":"https:\/\/www.strassenweb.de\/nachrichten\/wp-json\/wp\/v2\/tags?post=1619"}],"curies":[{"name":"wp","href":"https:\/\/api.w.org\/{rel}","templated":true}]}}