{"id":1613,"date":"2024-11-17T09:47:25","date_gmt":"2024-11-17T08:47:25","guid":{"rendered":"https:\/\/www.strassenweb.de\/nachrichten\/molly-ringwalds-weihnachtsdekorationen-schaffen-die-perfekte-balance-zwischen-festlich-und-schick-ihre-lektion-laesst-sich-jahr-fuer-jahr-wiederholen\/"},"modified":"2024-11-17T09:47:27","modified_gmt":"2024-11-17T08:47:27","slug":"molly-ringwalds-weihnachtsdekorationen-schaffen-die-perfekte-balance-zwischen-festlich-und-schick-ihre-lektion-laesst-sich-jahr-fuer-jahr-wiederholen","status":"publish","type":"post","link":"https:\/\/www.strassenweb.de\/nachrichten\/molly-ringwalds-weihnachtsdekorationen-schaffen-die-perfekte-balance-zwischen-festlich-und-schick-ihre-lektion-laesst-sich-jahr-fuer-jahr-wiederholen\/","title":{"rendered":"Molly Ringwalds Weihnachtsdekorationen schaffen die perfekte Balance zwischen festlich und schick \u2013 ihre Lektion l\u00e4sst sich Jahr f\u00fcr Jahr wiederholen"},"content":{"rendered":"<p><\/p>\n<div id=\"article-body\" class=\"article__body \">\n<p>F\u00fcr viele markiert das Schm\u00fccken zu Weihnachten den Beginn der festlichen Jahreszeit, und jetzt, da wir auf Ende November blicken, r\u00fcckt diese Zeit schnell n\u00e4her. Doch trotz all ihrer lustigen und freudigen Vorz\u00fcge k\u00f6nnen Weihnachtsdekorationen manchmal sch\u00e4dlich f\u00fcr einen gut kuratierten Raum wirken. Hier ist es wichtig, einen Ausgleich zu finden \u2013 und Molly Ringwald hat den Pr\u00e4zedenzfall geschaffen.<\/p>\n<div id=\"ad-unit-1\" class=\"ad-unit\"><\/div>\n<p>Letztes Weihnachten, <em>Der Fr\u00fchst\u00fccksclub<\/em> Die Schauspielerin teilte die Weihnachtsdekoration in ihrem schwarz-wei\u00dfen Wohnzimmer \u2013 insbesondere ihren nat\u00fcrlichen Weihnachtsbaum, geschm\u00fcckt mit klassischen roten Ornamenten und wei\u00dfen Lichtern. W\u00e4hrend es \u00fcblich ist, unsere Wohnzimmer mit Schmuckst\u00fccken und anderen Ornamenten zu f\u00fcllen, hat Ringwald daf\u00fcr gesorgt, dass der Rest dieses Raums nicht \u00fcbertrieben wirkt und daf\u00fcr sorgt, dass der Fokus weiterhin auf dem Baum liegt.<\/p>\n<aside class=\"hawk-nest\" data-block-type=\"embed\" data-render-type=\"fte\" data-skip=\"dealsy\" data-widget-type=\"seasonal\">\n<div class=\"hawk-master-widget-hawk-base-wrapper\"><\/div>\n<\/aside>\n<p>Laut den Designern handelt es sich um eine Meisterklasse f\u00fcr schicke Weihnachtsdekoration, die sagen, dass wir vom zeitlosen Raum der Schauspielerin lernen k\u00f6nnen. \u201eVersuchen Sie, sich darauf zu beschr\u00e4nken, nur die Schl\u00fcsselbereiche zu dekorieren \u2013 den Baum, den Kamin, den Esstisch und die Haust\u00fcr \u2013, anstatt es im ganzen Haus zu \u00fcbertreiben\u201c, sagt Designerin Claire Garner aus ihrem gleichnamigen Studio. \u201eDas tr\u00e4gt dazu bei, dass die Dinge ordentlich aussehen, und indem Sie einige R\u00e4ume frei lassen, gleichen Sie das Gesamtbild aus und heben die dekorierten Bereiche hervor.\u201c<\/p>\n<div id=\"desktop-in-article\" class=\"in-article ad-unit\">\n<div id=\"desktop-taboola-mid-article\"><\/div>\n<\/div>\n<div id=\"mobile-in-article\" class=\"in-article ad-unit\">\n<div id=\"mobile-taboola-mid-article\"><\/div>\n<\/div>\n<div class=\"instagram-embed\">\n<blockquote class=\"instagram-media\" data-instgrm-captioned data-instgrm-version=\"6\" style=\"width:99.375%; width:-webkit-calc(100% - 2px); width:calc(100% - 2px);\">\n<p>Ein von Molly Ringwald (@mollyringwald) geteilter Beitrag<\/p>\n<p>Ein Foto gepostet von am <\/p>\n<\/blockquote>\n<\/div>\n<h2 id=\"shop-the-look-3\">Kaufen Sie den Look<\/h2>\n<div class=\"product-container hero-product-container product-block-no-wrap\"><\/div>\n<p>Ringwalds Wahl eines nat\u00fcrlichen, dunkelgr\u00fcnen Baumes ist auch wichtig f\u00fcr die Beibehaltung einer klassischen Urlaubs\u00e4sthetik. Obwohl wir zugeben, dass verschiedenfarbige B\u00e4ume Spa\u00df machen (und es keine Regeln daf\u00fcr gibt, was man an Weihnachten lieben sollte), sagt Garner, dass ein nat\u00fcrlich gef\u00e4rbter Baum eine sichere L\u00f6sung sei. Es endet jedoch nicht beim Baum. Der Designer empfiehlt, ein nat\u00fcrliches Thema in alle unsere Weihnachtsdekorationen zu integrieren \u2013 auch in die St\u00fccke auf unserem Esstisch.<\/p>\n<div class=\"van_vid_carousel\">\n<div class=\"van_vid_carousel__padding\">\n<div class=\"van_vid_carousel__container\"><\/div>\n<\/div>\n<\/div>\n<p>\u201eW\u00e4hlen Sie f\u00fcr Ihren Esstisch einen einzelnen Mittelpunkt, z. B. eine Vase mit immergr\u00fcnen Zweigen oder eine Gruppe Kerzen auf einem eleganten Tablett. Indem Sie Ihren Tafelaufsatz auf diese Weise vereinfachen, bleibt Ihr Tisch sauber und aus praktischer Sicht bleibt viel Platz f\u00fcr das Essen\u201c, sagt Garner.<\/p>\n<div id=\"ad-unit-2\" class=\"ad-unit\"><\/div>\n<p>\u201eKonzentrieren Sie sich auf nat\u00fcrliche Elemente wie frische oder k\u00fcnstliche Girlanden und Kr\u00e4nze aus Eukalyptus, Zeder oder Kiefer.\u201c F\u00fcllen Sie Schalen oder Vasen mit Tannenzapfen, um ein organisches, nat\u00fcrliches Aussehen zu erzielen, und stellen Sie zwischen ihnen einfache Stumpenkerzen auf, um ein warmes, einladendes Licht zu erzeugen.\u201c<\/p>\n<p>Schlie\u00dflich k\u00f6nnen wir von Ringwalds weihnachtlichem Farbschema lernen. Wie bereits erw\u00e4hnt, entschied sie sich f\u00fcr eine klassische Farbpalette aus Wei\u00df, Gold und Rot, die allesamt ihren monochromatischen Wohnraum erg\u00e4nzt. Garner empfiehlt eine \u00e4hnliche L\u00f6sung.<\/p>\n<div id=\"slice-container-newsletterForm-articleInbodyContent-ErpzKyEzKnFAJsNxq5aUvB\" class=\"slice-container newsletter-inbodyContent-slice newsletterForm-articleInbodyContent-ErpzKyEzKnFAJsNxq5aUvB slice-container-newsletterForm\"><\/div>\n<p>\u201eWas die Farbpalette betrifft, beginnen Sie mit einer Basis aus sanften, neutralen T\u00f6nen wie Wei\u00df, Creme oder Grau und f\u00fcgen Sie dann einen Hauch von festlichem Schimmer hinzu, indem Sie Metallic-T\u00f6ne wie Gold, Silber oder Champagner hinzuf\u00fcgen.\u201c \u201eDas kann durch dezente Akzente wie Kerzenhalter und Ornamente erreicht werden\u201c, erkl\u00e4rt sie.<\/p>\n<p>\u201eIndem Sie die Farbpalette koh\u00e4rent und zur\u00fcckhaltend halten, schaffen Sie auf nat\u00fcrliche Weise eine elegante und harmonische Atmosph\u00e4re.\u201c<\/p>\n<hr>\n<\/div>\n<p><script async src=\"\/\/www.instagram.com\/embed.js\"><\/script><\/p>\n","protected":false},"excerpt":{"rendered":"<p>F\u00fcr viele markiert das Schm\u00fccken zu Weihnachten den Beginn der festlichen Jahreszeit, und jetzt, da wir auf Ende November blicken, r\u00fcckt diese Zeit schnell n\u00e4her.<\/p>\n","protected":false},"author":1,"featured_media":1614,"comment_status":"closed","ping_status":"","sticky":false,"template":"","format":"standard","meta":{"footnotes":""},"categories":[118],"tags":[2306,9,2959,55,225,384,1689,1247,2955,2188,2956,215,2960,142,37,2957,2961,2958],"class_list":["post-1613","post","type-post","status-publish","format-standard","has-post-thumbnail","hentry","category-haus-garten","tag-balance","tag-die","tag-festlich","tag-fuer","tag-ihre","tag-jahr","tag-laesst","tag-lektion","tag-molly","tag-perfekte","tag-ringwalds","tag-schaffen","tag-schick","tag-sich","tag-und","tag-weihnachtsdekorationen","tag-wiederholen","tag-zwischen","generate-columns","tablet-grid-50","mobile-grid-100","grid-parent","grid-50"],"yoast_head":"<!-- This site is optimized with the Yoast SEO plugin v27.3 - https:\/\/yoast.com\/product\/yoast-seo-wordpress\/ -->\n<title>Molly Ringwalds Weihnachtsdekorationen schaffen die perfekte Balance zwischen festlich und schick \u2013 ihre Lektion l\u00e4sst sich Jahr f\u00fcr Jahr wiederholen - Nachrichten - Stra\u00dfenweb<\/title>\n<meta name=\"robots\" content=\"index, follow, max-snippet:-1, max-image-preview:large, max-video-preview:-1\" \/>\n<link rel=\"canonical\" href=\"https:\/\/www.strassenweb.de\/nachrichten\/molly-ringwalds-weihnachtsdekorationen-schaffen-die-perfekte-balance-zwischen-festlich-und-schick-ihre-lektion-laesst-sich-jahr-fuer-jahr-wiederholen\/\" \/>\n<meta property=\"og:locale\" content=\"de_DE\" \/>\n<meta property=\"og:type\" content=\"article\" \/>\n<meta property=\"og:title\" content=\"Molly Ringwalds Weihnachtsdekorationen schaffen die perfekte Balance zwischen festlich und schick \u2013 ihre Lektion l\u00e4sst sich Jahr f\u00fcr Jahr wiederholen - Nachrichten - Stra\u00dfenweb\" \/>\n<meta property=\"og:description\" content=\"F\u00fcr viele markiert das Schm\u00fccken zu Weihnachten den Beginn der festlichen Jahreszeit, und jetzt, da wir auf Ende November blicken, r\u00fcckt diese Zeit schnell n\u00e4her.\" \/>\n<meta property=\"og:url\" content=\"https:\/\/www.strassenweb.de\/nachrichten\/molly-ringwalds-weihnachtsdekorationen-schaffen-die-perfekte-balance-zwischen-festlich-und-schick-ihre-lektion-laesst-sich-jahr-fuer-jahr-wiederholen\/\" \/>\n<meta property=\"og:site_name\" content=\"Stra\u00dfenweb\" \/>\n<meta property=\"article:publisher\" content=\"https:\/\/www.facebook.com\/strassenweb\/\" \/>\n<meta property=\"article:published_time\" content=\"2024-11-17T08:47:25+00:00\" \/>\n<meta property=\"article:modified_time\" content=\"2024-11-17T08:47:27+00:00\" \/>\n<meta property=\"og:image\" content=\"https:\/\/www.strassenweb.de\/nachrichten\/wp-content\/uploads\/2024\/11\/Molly-Ringwalds-Weihnachtsdekorationen-schaffen-die-perfekte-Balance-zwischen-festlich-und.jpg\" \/>\n\t<meta property=\"og:image:width\" content=\"1200\" \/>\n\t<meta property=\"og:image:height\" content=\"675\" \/>\n\t<meta property=\"og:image:type\" content=\"image\/jpeg\" \/>\n<meta name=\"author\" content=\"Robert Hoffmann\" \/>\n<meta name=\"twitter:card\" content=\"summary_large_image\" \/>\n<meta name=\"twitter:label1\" content=\"Verfasst von\" \/>\n\t<meta name=\"twitter:data1\" content=\"Robert Hoffmann\" \/>\n\t<meta name=\"twitter:label2\" content=\"Gesch\u00e4tzte Lesezeit\" \/>\n\t<meta name=\"twitter:data2\" content=\"3\u00a0Minuten\" \/>\n<script type=\"application\/ld+json\" class=\"yoast-schema-graph\">{\"@context\":\"https:\\\/\\\/schema.org\",\"@graph\":[{\"@type\":\"Article\",\"@id\":\"https:\\\/\\\/www.strassenweb.de\\\/nachrichten\\\/molly-ringwalds-weihnachtsdekorationen-schaffen-die-perfekte-balance-zwischen-festlich-und-schick-ihre-lektion-laesst-sich-jahr-fuer-jahr-wiederholen\\\/#article\",\"isPartOf\":{\"@id\":\"https:\\\/\\\/www.strassenweb.de\\\/nachrichten\\\/molly-ringwalds-weihnachtsdekorationen-schaffen-die-perfekte-balance-zwischen-festlich-und-schick-ihre-lektion-laesst-sich-jahr-fuer-jahr-wiederholen\\\/\"},\"author\":{\"name\":\"Robert Hoffmann\",\"@id\":\"https:\\\/\\\/www.strassenweb.de\\\/nachrichten\\\/#\\\/schema\\\/person\\\/87c9c9067f1211da429a744dc5a5aa41\"},\"headline\":\"Molly Ringwalds Weihnachtsdekorationen schaffen die perfekte Balance zwischen festlich und schick \u2013 ihre Lektion l\u00e4sst sich Jahr f\u00fcr Jahr wiederholen\",\"datePublished\":\"2024-11-17T08:47:25+00:00\",\"dateModified\":\"2024-11-17T08:47:27+00:00\",\"mainEntityOfPage\":{\"@id\":\"https:\\\/\\\/www.strassenweb.de\\\/nachrichten\\\/molly-ringwalds-weihnachtsdekorationen-schaffen-die-perfekte-balance-zwischen-festlich-und-schick-ihre-lektion-laesst-sich-jahr-fuer-jahr-wiederholen\\\/\"},\"wordCount\":570,\"publisher\":{\"@id\":\"https:\\\/\\\/www.strassenweb.de\\\/nachrichten\\\/#organization\"},\"image\":{\"@id\":\"https:\\\/\\\/www.strassenweb.de\\\/nachrichten\\\/molly-ringwalds-weihnachtsdekorationen-schaffen-die-perfekte-balance-zwischen-festlich-und-schick-ihre-lektion-laesst-sich-jahr-fuer-jahr-wiederholen\\\/#primaryimage\"},\"thumbnailUrl\":\"https:\\\/\\\/www.strassenweb.de\\\/nachrichten\\\/wp-content\\\/uploads\\\/2024\\\/11\\\/Molly-Ringwalds-Weihnachtsdekorationen-schaffen-die-perfekte-Balance-zwischen-festlich-und.jpg\",\"keywords\":[\"Balance\",\"die\",\"festlich\",\"f\u00fcr\",\"ihre\",\"Jahr\",\"l\u00e4sst\",\"Lektion\",\"Molly\",\"perfekte\",\"Ringwalds\",\"schaffen\",\"schick\",\"sich\",\"und\",\"Weihnachtsdekorationen\",\"wiederholen\",\"zwischen\"],\"articleSection\":[\"Haus &amp; Garten\"],\"inLanguage\":\"de\"},{\"@type\":\"WebPage\",\"@id\":\"https:\\\/\\\/www.strassenweb.de\\\/nachrichten\\\/molly-ringwalds-weihnachtsdekorationen-schaffen-die-perfekte-balance-zwischen-festlich-und-schick-ihre-lektion-laesst-sich-jahr-fuer-jahr-wiederholen\\\/\",\"url\":\"https:\\\/\\\/www.strassenweb.de\\\/nachrichten\\\/molly-ringwalds-weihnachtsdekorationen-schaffen-die-perfekte-balance-zwischen-festlich-und-schick-ihre-lektion-laesst-sich-jahr-fuer-jahr-wiederholen\\\/\",\"name\":\"Molly Ringwalds Weihnachtsdekorationen schaffen die perfekte Balance zwischen festlich und schick \u2013 ihre Lektion l\u00e4sst sich Jahr f\u00fcr Jahr wiederholen - Nachrichten - Stra\u00dfenweb\",\"isPartOf\":{\"@id\":\"https:\\\/\\\/www.strassenweb.de\\\/nachrichten\\\/#website\"},\"primaryImageOfPage\":{\"@id\":\"https:\\\/\\\/www.strassenweb.de\\\/nachrichten\\\/molly-ringwalds-weihnachtsdekorationen-schaffen-die-perfekte-balance-zwischen-festlich-und-schick-ihre-lektion-laesst-sich-jahr-fuer-jahr-wiederholen\\\/#primaryimage\"},\"image\":{\"@id\":\"https:\\\/\\\/www.strassenweb.de\\\/nachrichten\\\/molly-ringwalds-weihnachtsdekorationen-schaffen-die-perfekte-balance-zwischen-festlich-und-schick-ihre-lektion-laesst-sich-jahr-fuer-jahr-wiederholen\\\/#primaryimage\"},\"thumbnailUrl\":\"https:\\\/\\\/www.strassenweb.de\\\/nachrichten\\\/wp-content\\\/uploads\\\/2024\\\/11\\\/Molly-Ringwalds-Weihnachtsdekorationen-schaffen-die-perfekte-Balance-zwischen-festlich-und.jpg\",\"datePublished\":\"2024-11-17T08:47:25+00:00\",\"dateModified\":\"2024-11-17T08:47:27+00:00\",\"breadcrumb\":{\"@id\":\"https:\\\/\\\/www.strassenweb.de\\\/nachrichten\\\/molly-ringwalds-weihnachtsdekorationen-schaffen-die-perfekte-balance-zwischen-festlich-und-schick-ihre-lektion-laesst-sich-jahr-fuer-jahr-wiederholen\\\/#breadcrumb\"},\"inLanguage\":\"de\",\"potentialAction\":[{\"@type\":\"ReadAction\",\"target\":[\"https:\\\/\\\/www.strassenweb.de\\\/nachrichten\\\/molly-ringwalds-weihnachtsdekorationen-schaffen-die-perfekte-balance-zwischen-festlich-und-schick-ihre-lektion-laesst-sich-jahr-fuer-jahr-wiederholen\\\/\"]}]},{\"@type\":\"ImageObject\",\"inLanguage\":\"de\",\"@id\":\"https:\\\/\\\/www.strassenweb.de\\\/nachrichten\\\/molly-ringwalds-weihnachtsdekorationen-schaffen-die-perfekte-balance-zwischen-festlich-und-schick-ihre-lektion-laesst-sich-jahr-fuer-jahr-wiederholen\\\/#primaryimage\",\"url\":\"https:\\\/\\\/www.strassenweb.de\\\/nachrichten\\\/wp-content\\\/uploads\\\/2024\\\/11\\\/Molly-Ringwalds-Weihnachtsdekorationen-schaffen-die-perfekte-Balance-zwischen-festlich-und.jpg\",\"contentUrl\":\"https:\\\/\\\/www.strassenweb.de\\\/nachrichten\\\/wp-content\\\/uploads\\\/2024\\\/11\\\/Molly-Ringwalds-Weihnachtsdekorationen-schaffen-die-perfekte-Balance-zwischen-festlich-und.jpg\",\"width\":1200,\"height\":675,\"caption\":\"Molly Ringwalds Weihnachtsdekorationen schaffen die perfekte Balance zwischen festlich und schick \u2013 ihre Lektion l\u00e4sst sich Jahr f\u00fcr Jahr wiederholen\"},{\"@type\":\"BreadcrumbList\",\"@id\":\"https:\\\/\\\/www.strassenweb.de\\\/nachrichten\\\/molly-ringwalds-weihnachtsdekorationen-schaffen-die-perfekte-balance-zwischen-festlich-und-schick-ihre-lektion-laesst-sich-jahr-fuer-jahr-wiederholen\\\/#breadcrumb\",\"itemListElement\":[{\"@type\":\"ListItem\",\"position\":1,\"name\":\"Home\",\"item\":\"https:\\\/\\\/www.strassenweb.de\\\/nachrichten\\\/\"},{\"@type\":\"ListItem\",\"position\":2,\"name\":\"Molly Ringwalds Weihnachtsdekorationen schaffen die perfekte Balance zwischen festlich und schick \u2013 ihre Lektion l\u00e4sst sich Jahr f\u00fcr Jahr wiederholen\"}]},{\"@type\":\"WebSite\",\"@id\":\"https:\\\/\\\/www.strassenweb.de\\\/nachrichten\\\/#website\",\"url\":\"https:\\\/\\\/www.strassenweb.de\\\/nachrichten\\\/\",\"name\":\"Stra\u00dfenweb\",\"description\":\"Stra\u00dfenverzeichnis f\u00fcr Deutschland\",\"publisher\":{\"@id\":\"https:\\\/\\\/www.strassenweb.de\\\/nachrichten\\\/#organization\"},\"potentialAction\":[{\"@type\":\"SearchAction\",\"target\":{\"@type\":\"EntryPoint\",\"urlTemplate\":\"https:\\\/\\\/www.strassenweb.de\\\/nachrichten\\\/?s={search_term_string}\"},\"query-input\":{\"@type\":\"PropertyValueSpecification\",\"valueRequired\":true,\"valueName\":\"search_term_string\"}}],\"inLanguage\":\"de\"},{\"@type\":\"Organization\",\"@id\":\"https:\\\/\\\/www.strassenweb.de\\\/nachrichten\\\/#organization\",\"name\":\"Stra\u00dfenweb\",\"url\":\"https:\\\/\\\/www.strassenweb.de\\\/nachrichten\\\/\",\"logo\":{\"@type\":\"ImageObject\",\"inLanguage\":\"de\",\"@id\":\"https:\\\/\\\/www.strassenweb.de\\\/nachrichten\\\/#\\\/schema\\\/logo\\\/image\\\/\",\"url\":\"https:\\\/\\\/www.strassenweb.de\\\/nachrichten\\\/wp-content\\\/uploads\\\/2024\\\/09\\\/cropped-favicon.png\",\"contentUrl\":\"https:\\\/\\\/www.strassenweb.de\\\/nachrichten\\\/wp-content\\\/uploads\\\/2024\\\/09\\\/cropped-favicon.png\",\"width\":512,\"height\":512,\"caption\":\"Stra\u00dfenweb\"},\"image\":{\"@id\":\"https:\\\/\\\/www.strassenweb.de\\\/nachrichten\\\/#\\\/schema\\\/logo\\\/image\\\/\"},\"sameAs\":[\"https:\\\/\\\/www.facebook.com\\\/strassenweb\\\/\"]},{\"@type\":\"Person\",\"@id\":\"https:\\\/\\\/www.strassenweb.de\\\/nachrichten\\\/#\\\/schema\\\/person\\\/87c9c9067f1211da429a744dc5a5aa41\",\"name\":\"Robert Hoffmann\",\"image\":{\"@type\":\"ImageObject\",\"inLanguage\":\"de\",\"@id\":\"https:\\\/\\\/www.strassenweb.de\\\/nachrichten\\\/wp-content\\\/uploads\\\/2024\\\/09\\\/strassenweb-150x150.jpg\",\"url\":\"https:\\\/\\\/www.strassenweb.de\\\/nachrichten\\\/wp-content\\\/uploads\\\/2024\\\/09\\\/strassenweb-150x150.jpg\",\"contentUrl\":\"https:\\\/\\\/www.strassenweb.de\\\/nachrichten\\\/wp-content\\\/uploads\\\/2024\\\/09\\\/strassenweb-150x150.jpg\",\"caption\":\"Robert Hoffmann\"},\"description\":\"Ich hei\u00dfe Robert Hoffmann und ich bin ein leidenschaftlicher Verfechter von \u00d6kologie und Biodiversit\u00e4t. Seit meiner Kindheit in den W\u00e4ldern Bayerns f\u00fchle ich mich mit der Natur verbunden und bin entschlossen, sie zu sch\u00fctzen. Heute widme ich mein Leben der Sensibilisierung anderer f\u00fcr die Bedeutung des Umweltschutzes f\u00fcr zuk\u00fcnftige Generationen.\",\"sameAs\":[\"https:\\\/\\\/www.strassenweb.de\\\/\"]}]}<\/script>\n<!-- \/ Yoast SEO plugin. -->","yoast_head_json":{"title":"Molly Ringwalds Weihnachtsdekorationen schaffen die perfekte Balance zwischen festlich und schick \u2013 ihre Lektion l\u00e4sst sich Jahr f\u00fcr Jahr wiederholen - Nachrichten - Stra\u00dfenweb","robots":{"index":"index","follow":"follow","max-snippet":"max-snippet:-1","max-image-preview":"max-image-preview:large","max-video-preview":"max-video-preview:-1"},"canonical":"https:\/\/www.strassenweb.de\/nachrichten\/molly-ringwalds-weihnachtsdekorationen-schaffen-die-perfekte-balance-zwischen-festlich-und-schick-ihre-lektion-laesst-sich-jahr-fuer-jahr-wiederholen\/","og_locale":"de_DE","og_type":"article","og_title":"Molly Ringwalds Weihnachtsdekorationen schaffen die perfekte Balance zwischen festlich und schick \u2013 ihre Lektion l\u00e4sst sich Jahr f\u00fcr Jahr wiederholen - Nachrichten - Stra\u00dfenweb","og_description":"F\u00fcr viele markiert das Schm\u00fccken zu Weihnachten den Beginn der festlichen Jahreszeit, und jetzt, da wir auf Ende November blicken, r\u00fcckt diese Zeit schnell n\u00e4her.","og_url":"https:\/\/www.strassenweb.de\/nachrichten\/molly-ringwalds-weihnachtsdekorationen-schaffen-die-perfekte-balance-zwischen-festlich-und-schick-ihre-lektion-laesst-sich-jahr-fuer-jahr-wiederholen\/","og_site_name":"Stra\u00dfenweb","article_publisher":"https:\/\/www.facebook.com\/strassenweb\/","article_published_time":"2024-11-17T08:47:25+00:00","article_modified_time":"2024-11-17T08:47:27+00:00","og_image":[{"width":1200,"height":675,"url":"https:\/\/www.strassenweb.de\/nachrichten\/wp-content\/uploads\/2024\/11\/Molly-Ringwalds-Weihnachtsdekorationen-schaffen-die-perfekte-Balance-zwischen-festlich-und.jpg","type":"image\/jpeg"}],"author":"Robert Hoffmann","twitter_card":"summary_large_image","twitter_misc":{"Verfasst von":"Robert Hoffmann","Gesch\u00e4tzte Lesezeit":"3\u00a0Minuten"},"schema":{"@context":"https:\/\/schema.org","@graph":[{"@type":"Article","@id":"https:\/\/www.strassenweb.de\/nachrichten\/molly-ringwalds-weihnachtsdekorationen-schaffen-die-perfekte-balance-zwischen-festlich-und-schick-ihre-lektion-laesst-sich-jahr-fuer-jahr-wiederholen\/#article","isPartOf":{"@id":"https:\/\/www.strassenweb.de\/nachrichten\/molly-ringwalds-weihnachtsdekorationen-schaffen-die-perfekte-balance-zwischen-festlich-und-schick-ihre-lektion-laesst-sich-jahr-fuer-jahr-wiederholen\/"},"author":{"name":"Robert Hoffmann","@id":"https:\/\/www.strassenweb.de\/nachrichten\/#\/schema\/person\/87c9c9067f1211da429a744dc5a5aa41"},"headline":"Molly Ringwalds Weihnachtsdekorationen schaffen die perfekte Balance zwischen festlich und schick \u2013 ihre Lektion l\u00e4sst sich Jahr f\u00fcr Jahr wiederholen","datePublished":"2024-11-17T08:47:25+00:00","dateModified":"2024-11-17T08:47:27+00:00","mainEntityOfPage":{"@id":"https:\/\/www.strassenweb.de\/nachrichten\/molly-ringwalds-weihnachtsdekorationen-schaffen-die-perfekte-balance-zwischen-festlich-und-schick-ihre-lektion-laesst-sich-jahr-fuer-jahr-wiederholen\/"},"wordCount":570,"publisher":{"@id":"https:\/\/www.strassenweb.de\/nachrichten\/#organization"},"image":{"@id":"https:\/\/www.strassenweb.de\/nachrichten\/molly-ringwalds-weihnachtsdekorationen-schaffen-die-perfekte-balance-zwischen-festlich-und-schick-ihre-lektion-laesst-sich-jahr-fuer-jahr-wiederholen\/#primaryimage"},"thumbnailUrl":"https:\/\/www.strassenweb.de\/nachrichten\/wp-content\/uploads\/2024\/11\/Molly-Ringwalds-Weihnachtsdekorationen-schaffen-die-perfekte-Balance-zwischen-festlich-und.jpg","keywords":["Balance","die","festlich","f\u00fcr","ihre","Jahr","l\u00e4sst","Lektion","Molly","perfekte","Ringwalds","schaffen","schick","sich","und","Weihnachtsdekorationen","wiederholen","zwischen"],"articleSection":["Haus &amp; Garten"],"inLanguage":"de"},{"@type":"WebPage","@id":"https:\/\/www.strassenweb.de\/nachrichten\/molly-ringwalds-weihnachtsdekorationen-schaffen-die-perfekte-balance-zwischen-festlich-und-schick-ihre-lektion-laesst-sich-jahr-fuer-jahr-wiederholen\/","url":"https:\/\/www.strassenweb.de\/nachrichten\/molly-ringwalds-weihnachtsdekorationen-schaffen-die-perfekte-balance-zwischen-festlich-und-schick-ihre-lektion-laesst-sich-jahr-fuer-jahr-wiederholen\/","name":"Molly Ringwalds Weihnachtsdekorationen schaffen die perfekte Balance zwischen festlich und schick \u2013 ihre Lektion l\u00e4sst sich Jahr f\u00fcr Jahr wiederholen - Nachrichten - Stra\u00dfenweb","isPartOf":{"@id":"https:\/\/www.strassenweb.de\/nachrichten\/#website"},"primaryImageOfPage":{"@id":"https:\/\/www.strassenweb.de\/nachrichten\/molly-ringwalds-weihnachtsdekorationen-schaffen-die-perfekte-balance-zwischen-festlich-und-schick-ihre-lektion-laesst-sich-jahr-fuer-jahr-wiederholen\/#primaryimage"},"image":{"@id":"https:\/\/www.strassenweb.de\/nachrichten\/molly-ringwalds-weihnachtsdekorationen-schaffen-die-perfekte-balance-zwischen-festlich-und-schick-ihre-lektion-laesst-sich-jahr-fuer-jahr-wiederholen\/#primaryimage"},"thumbnailUrl":"https:\/\/www.strassenweb.de\/nachrichten\/wp-content\/uploads\/2024\/11\/Molly-Ringwalds-Weihnachtsdekorationen-schaffen-die-perfekte-Balance-zwischen-festlich-und.jpg","datePublished":"2024-11-17T08:47:25+00:00","dateModified":"2024-11-17T08:47:27+00:00","breadcrumb":{"@id":"https:\/\/www.strassenweb.de\/nachrichten\/molly-ringwalds-weihnachtsdekorationen-schaffen-die-perfekte-balance-zwischen-festlich-und-schick-ihre-lektion-laesst-sich-jahr-fuer-jahr-wiederholen\/#breadcrumb"},"inLanguage":"de","potentialAction":[{"@type":"ReadAction","target":["https:\/\/www.strassenweb.de\/nachrichten\/molly-ringwalds-weihnachtsdekorationen-schaffen-die-perfekte-balance-zwischen-festlich-und-schick-ihre-lektion-laesst-sich-jahr-fuer-jahr-wiederholen\/"]}]},{"@type":"ImageObject","inLanguage":"de","@id":"https:\/\/www.strassenweb.de\/nachrichten\/molly-ringwalds-weihnachtsdekorationen-schaffen-die-perfekte-balance-zwischen-festlich-und-schick-ihre-lektion-laesst-sich-jahr-fuer-jahr-wiederholen\/#primaryimage","url":"https:\/\/www.strassenweb.de\/nachrichten\/wp-content\/uploads\/2024\/11\/Molly-Ringwalds-Weihnachtsdekorationen-schaffen-die-perfekte-Balance-zwischen-festlich-und.jpg","contentUrl":"https:\/\/www.strassenweb.de\/nachrichten\/wp-content\/uploads\/2024\/11\/Molly-Ringwalds-Weihnachtsdekorationen-schaffen-die-perfekte-Balance-zwischen-festlich-und.jpg","width":1200,"height":675,"caption":"Molly Ringwalds Weihnachtsdekorationen schaffen die perfekte Balance zwischen festlich und schick \u2013 ihre Lektion l\u00e4sst sich Jahr f\u00fcr Jahr wiederholen"},{"@type":"BreadcrumbList","@id":"https:\/\/www.strassenweb.de\/nachrichten\/molly-ringwalds-weihnachtsdekorationen-schaffen-die-perfekte-balance-zwischen-festlich-und-schick-ihre-lektion-laesst-sich-jahr-fuer-jahr-wiederholen\/#breadcrumb","itemListElement":[{"@type":"ListItem","position":1,"name":"Home","item":"https:\/\/www.strassenweb.de\/nachrichten\/"},{"@type":"ListItem","position":2,"name":"Molly Ringwalds Weihnachtsdekorationen schaffen die perfekte Balance zwischen festlich und schick \u2013 ihre Lektion l\u00e4sst sich Jahr f\u00fcr Jahr wiederholen"}]},{"@type":"WebSite","@id":"https:\/\/www.strassenweb.de\/nachrichten\/#website","url":"https:\/\/www.strassenweb.de\/nachrichten\/","name":"Stra\u00dfenweb","description":"Stra\u00dfenverzeichnis f\u00fcr Deutschland","publisher":{"@id":"https:\/\/www.strassenweb.de\/nachrichten\/#organization"},"potentialAction":[{"@type":"SearchAction","target":{"@type":"EntryPoint","urlTemplate":"https:\/\/www.strassenweb.de\/nachrichten\/?s={search_term_string}"},"query-input":{"@type":"PropertyValueSpecification","valueRequired":true,"valueName":"search_term_string"}}],"inLanguage":"de"},{"@type":"Organization","@id":"https:\/\/www.strassenweb.de\/nachrichten\/#organization","name":"Stra\u00dfenweb","url":"https:\/\/www.strassenweb.de\/nachrichten\/","logo":{"@type":"ImageObject","inLanguage":"de","@id":"https:\/\/www.strassenweb.de\/nachrichten\/#\/schema\/logo\/image\/","url":"https:\/\/www.strassenweb.de\/nachrichten\/wp-content\/uploads\/2024\/09\/cropped-favicon.png","contentUrl":"https:\/\/www.strassenweb.de\/nachrichten\/wp-content\/uploads\/2024\/09\/cropped-favicon.png","width":512,"height":512,"caption":"Stra\u00dfenweb"},"image":{"@id":"https:\/\/www.strassenweb.de\/nachrichten\/#\/schema\/logo\/image\/"},"sameAs":["https:\/\/www.facebook.com\/strassenweb\/"]},{"@type":"Person","@id":"https:\/\/www.strassenweb.de\/nachrichten\/#\/schema\/person\/87c9c9067f1211da429a744dc5a5aa41","name":"Robert Hoffmann","image":{"@type":"ImageObject","inLanguage":"de","@id":"https:\/\/www.strassenweb.de\/nachrichten\/wp-content\/uploads\/2024\/09\/strassenweb-150x150.jpg","url":"https:\/\/www.strassenweb.de\/nachrichten\/wp-content\/uploads\/2024\/09\/strassenweb-150x150.jpg","contentUrl":"https:\/\/www.strassenweb.de\/nachrichten\/wp-content\/uploads\/2024\/09\/strassenweb-150x150.jpg","caption":"Robert Hoffmann"},"description":"Ich hei\u00dfe Robert Hoffmann und ich bin ein leidenschaftlicher Verfechter von \u00d6kologie und Biodiversit\u00e4t. Seit meiner Kindheit in den W\u00e4ldern Bayerns f\u00fchle ich mich mit der Natur verbunden und bin entschlossen, sie zu sch\u00fctzen. Heute widme ich mein Leben der Sensibilisierung anderer f\u00fcr die Bedeutung des Umweltschutzes f\u00fcr zuk\u00fcnftige Generationen.","sameAs":["https:\/\/www.strassenweb.de\/"]}]}},"_links":{"self":[{"href":"https:\/\/www.strassenweb.de\/nachrichten\/wp-json\/wp\/v2\/posts\/1613","targetHints":{"allow":["GET"]}}],"collection":[{"href":"https:\/\/www.strassenweb.de\/nachrichten\/wp-json\/wp\/v2\/posts"}],"about":[{"href":"https:\/\/www.strassenweb.de\/nachrichten\/wp-json\/wp\/v2\/types\/post"}],"author":[{"embeddable":true,"href":"https:\/\/www.strassenweb.de\/nachrichten\/wp-json\/wp\/v2\/users\/1"}],"replies":[{"embeddable":true,"href":"https:\/\/www.strassenweb.de\/nachrichten\/wp-json\/wp\/v2\/comments?post=1613"}],"version-history":[{"count":0,"href":"https:\/\/www.strassenweb.de\/nachrichten\/wp-json\/wp\/v2\/posts\/1613\/revisions"}],"wp:featuredmedia":[{"embeddable":true,"href":"https:\/\/www.strassenweb.de\/nachrichten\/wp-json\/wp\/v2\/media\/1614"}],"wp:attachment":[{"href":"https:\/\/www.strassenweb.de\/nachrichten\/wp-json\/wp\/v2\/media?parent=1613"}],"wp:term":[{"taxonomy":"category","embeddable":true,"href":"https:\/\/www.strassenweb.de\/nachrichten\/wp-json\/wp\/v2\/categories?post=1613"},{"taxonomy":"post_tag","embeddable":true,"href":"https:\/\/www.strassenweb.de\/nachrichten\/wp-json\/wp\/v2\/tags?post=1613"}],"curies":[{"name":"wp","href":"https:\/\/api.w.org\/{rel}","templated":true}]}}