{"id":1607,"date":"2024-11-17T01:59:49","date_gmt":"2024-11-17T00:59:49","guid":{"rendered":"https:\/\/www.strassenweb.de\/nachrichten\/designer-waehlen-diesen-ganz-besonderen-braunton-um-raeume-aufzuwaermen-sie-aber-neutral-zu-halten\/"},"modified":"2024-11-17T01:59:51","modified_gmt":"2024-11-17T00:59:51","slug":"designer-waehlen-diesen-ganz-besonderen-braunton-um-raeume-aufzuwaermen-sie-aber-neutral-zu-halten","status":"publish","type":"post","link":"https:\/\/www.strassenweb.de\/nachrichten\/designer-waehlen-diesen-ganz-besonderen-braunton-um-raeume-aufzuwaermen-sie-aber-neutral-zu-halten\/","title":{"rendered":"Designer w\u00e4hlen diesen ganz besonderen Braunton, um R\u00e4ume aufzuw\u00e4rmen, sie aber neutral zu halten"},"content":{"rendered":"<p><\/p>\n<div id=\"article-body\" class=\"article__body \">\n<p>Designer stellen Kastanienbraun als Dekorationsfarbe \u00e0 la mode in den Mittelpunkt, eine neue Interpretation der j\u00fcngsten Zunahme der Verwendung von Braun in der Innenarchitektur. Der satte Ton taucht in den Entw\u00fcrfen von Innenarchitekten immer wieder auf, und das aus gutem Grund. Wir haben mit einer Handvoll Innenarchitekturexperten \u00fcber diesen ganz spezifischen Farbtrend gesprochen, wie wir ihn verwenden sollten und welche Vorteile es hat, ihn in unseren R\u00e4umen willkommen zu hei\u00dfen.<\/p>\n<div id=\"ad-unit-1\" class=\"ad-unit\"><\/div>\n<p>Immer wieder wurde uns gesagt, dass diese tiefe, aber lebenswerte Farbe ein behagliches Gef\u00fchl vermittelt. Sein Bezug zur Natur als erdige Farbe stellt die wichtige Innen-Au\u00dfen-Verbindung her, und seine Neutralit\u00e4t schafft eine tolle Kulisse f\u00fcr lebendige Farbtupfer in Kontrasten. Wir haben mit Innenarchitekten gesprochen, die diesen weichen, aber leicht dramatischen Farbton lieben, und haben Tipps f\u00fcr die Verwendung erhalten.<\/p>\n<h3 class=\"article-body__section\" id=\"section-how-to-decorate-with-chestnut-brown-according-to-interior-designers\"><span>Wie man laut Innenarchitekten mit Kastanienbraun dekoriert<\/span><\/h3>\n<figure class=\"van-image-figure inline-layout \" data-bordeaux-image-check>\n<div class=\"image-full-width-wrapper\">\n<div class=\"image-widthsetter\" style=\"max-width:2000px;\"><\/div>\n<\/div>\n<\/figure>\n<p>\u201eDieses rostige, staubige, err\u00f6tende Braun vermittelt ein Gef\u00fchl von K\u00f6niglichkeit, Gelassenheit und Geborgenheit.\u201c \u201eDiese Farbe eignet sich wunderbar f\u00fcr intimere R\u00e4ume wie eine Speisekammer, eine G\u00e4stetoilette oder ein Schlafzimmer\u201c, erkl\u00e4rt Sean Anderson, Gr\u00fcnder von Sean Anderson Design.<\/p>\n<div id=\"desktop-in-article\" class=\"in-article ad-unit\">\n<div id=\"desktop-taboola-mid-article\"><\/div>\n<\/div>\n<div id=\"mobile-in-article\" class=\"in-article ad-unit\">\n<div id=\"mobile-taboola-mid-article\"><\/div>\n<\/div>\n<p>Er f\u00e4hrt fort: \u201eEs wirkt komprimierend und einschlie\u00dfend und verleiht dem Raum ein Gef\u00fchl von Behaglichkeit.\u201c \u201eDunklere H\u00f6lzer und Messingt\u00f6ne passen wunderbar zusammen, ebenso wie hellere Akzente, die sich in der Beleuchtung und dem Stuhlstoff zeigen.\u201c<\/p>\n<div class=\"van_vid_carousel\">\n<div class=\"van_vid_carousel__padding\">\n<div class=\"van_vid_carousel__container\"><\/div>\n<\/div>\n<\/div>\n<figure class=\"van-image-figure inline-layout \" data-bordeaux-image-check>\n<div class=\"image-full-width-wrapper\">\n<div class=\"image-widthsetter\" style=\"max-width:2000px;\"><\/div>\n<\/div>\n<\/figure>\n<p>Felicia Hung, Mitbegr\u00fcnderin des Concept Stores Shop Quarters, erkl\u00e4rt die Wahl der Dekoration, die sie in ihren Verkaufsr\u00e4umen getroffen hat; \u201eWir haben im gesamten Quarters eine Palette nat\u00fcrlicher, erdiger, organischer T\u00f6ne verwendet \u2013 Moosgr\u00fcn, Kastanie, ged\u00e4mpfte Rott\u00f6ne und gebranntes Umbra sind in der gesamten Oberfl\u00e4chen- und Textilauswahl zu finden.\u201c<\/p>\n<div id=\"ad-unit-2\" class=\"ad-unit\"><\/div>\n<p>Sie f\u00e4hrt fort: \u201eWir lieben die Tiefe und den Reichtum dieser T\u00f6ne und die warme, erdende Atmosph\u00e4re, die sie schaffen.\u201c \u201eWir haben uns f\u00fcr gebranntes Umbra f\u00fcr diese Bibliothek entschieden, da wir wollten, dass sie ein komfortabler Raum f\u00fcr die Zusammenarbeit ist.\u201c<\/p>\n<figure class=\"van-image-figure inline-layout \" data-bordeaux-image-check>\n<div class=\"image-full-width-wrapper\">\n<div class=\"image-widthsetter\" style=\"max-width:2000px;\"><\/div>\n<\/div>\n<\/figure>\n<p>Als wir mit Louisa Morgan, der Kreativdirektorin von Mandarin Stone, \u00fcber dieses braune Badezimmer sprachen, sagte sie uns: \u201eDie Mischung aus satten Braun- und Karamellt\u00f6nen mit einem Hauch von tiefem Waldgr\u00fcn verleiht diesem Badezimmer eine warme und einladende Atmosph\u00e4re.\u201c<\/p>\n<div id=\"slice-container-newsletterForm-articleInbodyContent-qe8bLzys6nqgUvR9ABfbhT\" class=\"slice-container newsletter-inbodyContent-slice newsletterForm-articleInbodyContent-qe8bLzys6nqgUvR9ABfbhT slice-container-newsletterForm\"><\/div>\n<p>\u201eBraun kann daf\u00fcr sorgen, dass man sich geerdeter und sicherer f\u00fchlt und eine fast einh\u00fcllende Atmosph\u00e4re schafft.\u201c \u201eDiese Braunt\u00f6ne, insbesondere im Kontrast zum blauen Sockelbecken, erinnern an die Farben der 1970er Jahre und erzeugen ein Gef\u00fchl von Nostalgie.\u201c<\/p>\n<figure class=\"van-image-figure inline-layout \" data-bordeaux-image-check>\n<div class=\"image-full-width-wrapper\">\n<div class=\"image-widthsetter\" style=\"max-width:2000px;\"><\/div>\n<\/div>\n<\/figure>\n<p>Zu der Farbe, die er hier in einem der Ausstellungsr\u00e4ume von Plain English verwendete, erkl\u00e4rte Designdirektor Merlin Wright: \u201eDas \u00c4u\u00dfere unseres Dutch Larder ist in \u201eKipper\u201c gehalten, einem warmen, schokoladenbraunen Braun. Es ist eine nat\u00fcrliche Farbe, die harmonisch zu Blaut\u00f6nen wie \u201eSplash in a Bucket\u201c und unserem \u201eCarbolic\u201c-Gr\u00fcn passt.<\/p>\n<aside class=\"hawk-nest\" data-block-type=\"embed\" data-render-type=\"fte\" data-skip=\"dealsy\" data-widget-type=\"seasonal\">\n<div class=\"hawk-master-widget-hawk-base-wrapper\"><\/div>\n<\/aside>\n<p>Er f\u00e4hrt fort: \u201eBraun, oft in kontrastierenden Farbt\u00f6nen verwendet, war eine beliebte Farbe f\u00fcr die Tischlerei unter der Treppe in georgianischen H\u00e4usern, da es angenehm zu bewohnen und praktisch zu reinigen und zu pflegen ist.\u201c <\/p>\n<hr>\n<p>Mittelbraun mit rosafarbenen Untert\u00f6nen hat sich im Laufe der Zeit bew\u00e4hrt. Die satte Farbe war in georgianischen Zeiten beliebt und sicherlich n\u00fctzlich. Es ist leicht zu reinigen, spendet W\u00e4rme und f\u00fchlt sich gem\u00fctlich an, w\u00e4hrend es mit den nat\u00fcrlichen Materialien, die viele von uns f\u00fcr ihre R\u00e4ume suchen, wie Holz und Jute, verbunden ist.<\/p>\n<p>Es passt zu anspruchsvollen Messing- und Goldakzenten, hat aber auch eine erdende Wirkung. Es wird nicht langweilig, vor allem, wenn man bedenkt, dass es einen so guten Hintergrund f\u00fcr lebhafte Akzente in Kirschrot und Kobaltblau bietet. Ja, es ist jetzt eine \u201etrendige\u201c Farbe, aber sie ist auch absolut zeitlos.<\/p>\n<\/div>\n","protected":false},"excerpt":{"rendered":"<p>Designer stellen Kastanienbraun als Dekorationsfarbe \u00e0 la mode in den Mittelpunkt, eine neue Interpretation der j\u00fcngsten Zunahme der Verwendung von Braun in der Innenarchitektur. Der<\/p>\n","protected":false},"author":1,"featured_media":1608,"comment_status":"closed","ping_status":"","sticky":false,"template":"","format":"standard","meta":{"footnotes":""},"categories":[118],"tags":[357,2950,2948,2949,216,208,480,720,2951,1728,165,490],"class_list":["post-1607","post","type-post","status-publish","format-standard","has-post-thumbnail","hentry","category-haus-garten","tag-aber","tag-aufzuwaermen","tag-besonderen","tag-braunton","tag-designer","tag-diesen","tag-ganz","tag-halten","tag-neutral","tag-raeume","tag-sie","tag-wahlen","generate-columns","tablet-grid-50","mobile-grid-100","grid-parent","grid-50"],"yoast_head":"<!-- This site is optimized with the Yoast SEO plugin v27.3 - https:\/\/yoast.com\/product\/yoast-seo-wordpress\/ -->\n<title>Designer w\u00e4hlen diesen ganz besonderen Braunton, um R\u00e4ume aufzuw\u00e4rmen, sie aber neutral zu halten - Nachrichten - Stra\u00dfenweb<\/title>\n<meta name=\"robots\" content=\"index, follow, max-snippet:-1, max-image-preview:large, max-video-preview:-1\" \/>\n<link rel=\"canonical\" href=\"https:\/\/www.strassenweb.de\/nachrichten\/designer-waehlen-diesen-ganz-besonderen-braunton-um-raeume-aufzuwaermen-sie-aber-neutral-zu-halten\/\" \/>\n<meta property=\"og:locale\" content=\"de_DE\" \/>\n<meta property=\"og:type\" content=\"article\" \/>\n<meta property=\"og:title\" content=\"Designer w\u00e4hlen diesen ganz besonderen Braunton, um R\u00e4ume aufzuw\u00e4rmen, sie aber neutral zu halten - Nachrichten - Stra\u00dfenweb\" \/>\n<meta property=\"og:description\" content=\"Designer stellen Kastanienbraun als Dekorationsfarbe \u00e0 la mode in den Mittelpunkt, eine neue Interpretation der j\u00fcngsten Zunahme der Verwendung von Braun in der Innenarchitektur. Der\" \/>\n<meta property=\"og:url\" content=\"https:\/\/www.strassenweb.de\/nachrichten\/designer-waehlen-diesen-ganz-besonderen-braunton-um-raeume-aufzuwaermen-sie-aber-neutral-zu-halten\/\" \/>\n<meta property=\"og:site_name\" content=\"Stra\u00dfenweb\" \/>\n<meta property=\"article:publisher\" content=\"https:\/\/www.facebook.com\/strassenweb\/\" \/>\n<meta property=\"article:published_time\" content=\"2024-11-17T00:59:49+00:00\" \/>\n<meta property=\"article:modified_time\" content=\"2024-11-17T00:59:51+00:00\" \/>\n<meta property=\"og:image\" content=\"https:\/\/www.strassenweb.de\/nachrichten\/wp-content\/uploads\/2024\/11\/Designer-waehlen-diesen-ganz-besonderen-Braunton-um-Raeume-aufzuwaermen-sie.jpg\" \/>\n\t<meta property=\"og:image:width\" content=\"1200\" \/>\n\t<meta property=\"og:image:height\" content=\"675\" \/>\n\t<meta property=\"og:image:type\" content=\"image\/jpeg\" \/>\n<meta name=\"author\" content=\"Robert Hoffmann\" \/>\n<meta name=\"twitter:card\" content=\"summary_large_image\" \/>\n<meta name=\"twitter:label1\" content=\"Verfasst von\" \/>\n\t<meta name=\"twitter:data1\" content=\"Robert Hoffmann\" \/>\n\t<meta name=\"twitter:label2\" content=\"Gesch\u00e4tzte Lesezeit\" \/>\n\t<meta name=\"twitter:data2\" content=\"3\u00a0Minuten\" \/>\n<script type=\"application\/ld+json\" class=\"yoast-schema-graph\">{\"@context\":\"https:\\\/\\\/schema.org\",\"@graph\":[{\"@type\":\"Article\",\"@id\":\"https:\\\/\\\/www.strassenweb.de\\\/nachrichten\\\/designer-waehlen-diesen-ganz-besonderen-braunton-um-raeume-aufzuwaermen-sie-aber-neutral-zu-halten\\\/#article\",\"isPartOf\":{\"@id\":\"https:\\\/\\\/www.strassenweb.de\\\/nachrichten\\\/designer-waehlen-diesen-ganz-besonderen-braunton-um-raeume-aufzuwaermen-sie-aber-neutral-zu-halten\\\/\"},\"author\":{\"name\":\"Robert Hoffmann\",\"@id\":\"https:\\\/\\\/www.strassenweb.de\\\/nachrichten\\\/#\\\/schema\\\/person\\\/87c9c9067f1211da429a744dc5a5aa41\"},\"headline\":\"Designer w\u00e4hlen diesen ganz besonderen Braunton, um R\u00e4ume aufzuw\u00e4rmen, sie aber neutral zu halten\",\"datePublished\":\"2024-11-17T00:59:49+00:00\",\"dateModified\":\"2024-11-17T00:59:51+00:00\",\"mainEntityOfPage\":{\"@id\":\"https:\\\/\\\/www.strassenweb.de\\\/nachrichten\\\/designer-waehlen-diesen-ganz-besonderen-braunton-um-raeume-aufzuwaermen-sie-aber-neutral-zu-halten\\\/\"},\"wordCount\":647,\"publisher\":{\"@id\":\"https:\\\/\\\/www.strassenweb.de\\\/nachrichten\\\/#organization\"},\"image\":{\"@id\":\"https:\\\/\\\/www.strassenweb.de\\\/nachrichten\\\/designer-waehlen-diesen-ganz-besonderen-braunton-um-raeume-aufzuwaermen-sie-aber-neutral-zu-halten\\\/#primaryimage\"},\"thumbnailUrl\":\"https:\\\/\\\/www.strassenweb.de\\\/nachrichten\\\/wp-content\\\/uploads\\\/2024\\\/11\\\/Designer-waehlen-diesen-ganz-besonderen-Braunton-um-Raeume-aufzuwaermen-sie.jpg\",\"keywords\":[\"aber\",\"aufzuw\u00e4rmen\",\"besonderen\",\"Braunton\",\"Designer\",\"diesen\",\"ganz\",\"halten\",\"neutral\",\"R\u00e4ume\",\"Sie\",\"Wahlen\"],\"articleSection\":[\"Haus &amp; Garten\"],\"inLanguage\":\"de\"},{\"@type\":\"WebPage\",\"@id\":\"https:\\\/\\\/www.strassenweb.de\\\/nachrichten\\\/designer-waehlen-diesen-ganz-besonderen-braunton-um-raeume-aufzuwaermen-sie-aber-neutral-zu-halten\\\/\",\"url\":\"https:\\\/\\\/www.strassenweb.de\\\/nachrichten\\\/designer-waehlen-diesen-ganz-besonderen-braunton-um-raeume-aufzuwaermen-sie-aber-neutral-zu-halten\\\/\",\"name\":\"Designer w\u00e4hlen diesen ganz besonderen Braunton, um R\u00e4ume aufzuw\u00e4rmen, sie aber neutral zu halten - Nachrichten - Stra\u00dfenweb\",\"isPartOf\":{\"@id\":\"https:\\\/\\\/www.strassenweb.de\\\/nachrichten\\\/#website\"},\"primaryImageOfPage\":{\"@id\":\"https:\\\/\\\/www.strassenweb.de\\\/nachrichten\\\/designer-waehlen-diesen-ganz-besonderen-braunton-um-raeume-aufzuwaermen-sie-aber-neutral-zu-halten\\\/#primaryimage\"},\"image\":{\"@id\":\"https:\\\/\\\/www.strassenweb.de\\\/nachrichten\\\/designer-waehlen-diesen-ganz-besonderen-braunton-um-raeume-aufzuwaermen-sie-aber-neutral-zu-halten\\\/#primaryimage\"},\"thumbnailUrl\":\"https:\\\/\\\/www.strassenweb.de\\\/nachrichten\\\/wp-content\\\/uploads\\\/2024\\\/11\\\/Designer-waehlen-diesen-ganz-besonderen-Braunton-um-Raeume-aufzuwaermen-sie.jpg\",\"datePublished\":\"2024-11-17T00:59:49+00:00\",\"dateModified\":\"2024-11-17T00:59:51+00:00\",\"breadcrumb\":{\"@id\":\"https:\\\/\\\/www.strassenweb.de\\\/nachrichten\\\/designer-waehlen-diesen-ganz-besonderen-braunton-um-raeume-aufzuwaermen-sie-aber-neutral-zu-halten\\\/#breadcrumb\"},\"inLanguage\":\"de\",\"potentialAction\":[{\"@type\":\"ReadAction\",\"target\":[\"https:\\\/\\\/www.strassenweb.de\\\/nachrichten\\\/designer-waehlen-diesen-ganz-besonderen-braunton-um-raeume-aufzuwaermen-sie-aber-neutral-zu-halten\\\/\"]}]},{\"@type\":\"ImageObject\",\"inLanguage\":\"de\",\"@id\":\"https:\\\/\\\/www.strassenweb.de\\\/nachrichten\\\/designer-waehlen-diesen-ganz-besonderen-braunton-um-raeume-aufzuwaermen-sie-aber-neutral-zu-halten\\\/#primaryimage\",\"url\":\"https:\\\/\\\/www.strassenweb.de\\\/nachrichten\\\/wp-content\\\/uploads\\\/2024\\\/11\\\/Designer-waehlen-diesen-ganz-besonderen-Braunton-um-Raeume-aufzuwaermen-sie.jpg\",\"contentUrl\":\"https:\\\/\\\/www.strassenweb.de\\\/nachrichten\\\/wp-content\\\/uploads\\\/2024\\\/11\\\/Designer-waehlen-diesen-ganz-besonderen-Braunton-um-Raeume-aufzuwaermen-sie.jpg\",\"width\":1200,\"height\":675,\"caption\":\"Designer w\u00e4hlen diesen ganz besonderen Braunton, um R\u00e4ume aufzuw\u00e4rmen, sie aber neutral zu halten\"},{\"@type\":\"BreadcrumbList\",\"@id\":\"https:\\\/\\\/www.strassenweb.de\\\/nachrichten\\\/designer-waehlen-diesen-ganz-besonderen-braunton-um-raeume-aufzuwaermen-sie-aber-neutral-zu-halten\\\/#breadcrumb\",\"itemListElement\":[{\"@type\":\"ListItem\",\"position\":1,\"name\":\"Home\",\"item\":\"https:\\\/\\\/www.strassenweb.de\\\/nachrichten\\\/\"},{\"@type\":\"ListItem\",\"position\":2,\"name\":\"Designer w\u00e4hlen diesen ganz besonderen Braunton, um R\u00e4ume aufzuw\u00e4rmen, sie aber neutral zu halten\"}]},{\"@type\":\"WebSite\",\"@id\":\"https:\\\/\\\/www.strassenweb.de\\\/nachrichten\\\/#website\",\"url\":\"https:\\\/\\\/www.strassenweb.de\\\/nachrichten\\\/\",\"name\":\"Stra\u00dfenweb\",\"description\":\"Stra\u00dfenverzeichnis f\u00fcr Deutschland\",\"publisher\":{\"@id\":\"https:\\\/\\\/www.strassenweb.de\\\/nachrichten\\\/#organization\"},\"potentialAction\":[{\"@type\":\"SearchAction\",\"target\":{\"@type\":\"EntryPoint\",\"urlTemplate\":\"https:\\\/\\\/www.strassenweb.de\\\/nachrichten\\\/?s={search_term_string}\"},\"query-input\":{\"@type\":\"PropertyValueSpecification\",\"valueRequired\":true,\"valueName\":\"search_term_string\"}}],\"inLanguage\":\"de\"},{\"@type\":\"Organization\",\"@id\":\"https:\\\/\\\/www.strassenweb.de\\\/nachrichten\\\/#organization\",\"name\":\"Stra\u00dfenweb\",\"url\":\"https:\\\/\\\/www.strassenweb.de\\\/nachrichten\\\/\",\"logo\":{\"@type\":\"ImageObject\",\"inLanguage\":\"de\",\"@id\":\"https:\\\/\\\/www.strassenweb.de\\\/nachrichten\\\/#\\\/schema\\\/logo\\\/image\\\/\",\"url\":\"https:\\\/\\\/www.strassenweb.de\\\/nachrichten\\\/wp-content\\\/uploads\\\/2024\\\/09\\\/cropped-favicon.png\",\"contentUrl\":\"https:\\\/\\\/www.strassenweb.de\\\/nachrichten\\\/wp-content\\\/uploads\\\/2024\\\/09\\\/cropped-favicon.png\",\"width\":512,\"height\":512,\"caption\":\"Stra\u00dfenweb\"},\"image\":{\"@id\":\"https:\\\/\\\/www.strassenweb.de\\\/nachrichten\\\/#\\\/schema\\\/logo\\\/image\\\/\"},\"sameAs\":[\"https:\\\/\\\/www.facebook.com\\\/strassenweb\\\/\"]},{\"@type\":\"Person\",\"@id\":\"https:\\\/\\\/www.strassenweb.de\\\/nachrichten\\\/#\\\/schema\\\/person\\\/87c9c9067f1211da429a744dc5a5aa41\",\"name\":\"Robert Hoffmann\",\"image\":{\"@type\":\"ImageObject\",\"inLanguage\":\"de\",\"@id\":\"https:\\\/\\\/www.strassenweb.de\\\/nachrichten\\\/wp-content\\\/uploads\\\/2024\\\/09\\\/strassenweb-150x150.jpg\",\"url\":\"https:\\\/\\\/www.strassenweb.de\\\/nachrichten\\\/wp-content\\\/uploads\\\/2024\\\/09\\\/strassenweb-150x150.jpg\",\"contentUrl\":\"https:\\\/\\\/www.strassenweb.de\\\/nachrichten\\\/wp-content\\\/uploads\\\/2024\\\/09\\\/strassenweb-150x150.jpg\",\"caption\":\"Robert Hoffmann\"},\"description\":\"Ich hei\u00dfe Robert Hoffmann und ich bin ein leidenschaftlicher Verfechter von \u00d6kologie und Biodiversit\u00e4t. Seit meiner Kindheit in den W\u00e4ldern Bayerns f\u00fchle ich mich mit der Natur verbunden und bin entschlossen, sie zu sch\u00fctzen. Heute widme ich mein Leben der Sensibilisierung anderer f\u00fcr die Bedeutung des Umweltschutzes f\u00fcr zuk\u00fcnftige Generationen.\",\"sameAs\":[\"https:\\\/\\\/www.strassenweb.de\\\/\"]}]}<\/script>\n<!-- \/ Yoast SEO plugin. -->","yoast_head_json":{"title":"Designer w\u00e4hlen diesen ganz besonderen Braunton, um R\u00e4ume aufzuw\u00e4rmen, sie aber neutral zu halten - Nachrichten - Stra\u00dfenweb","robots":{"index":"index","follow":"follow","max-snippet":"max-snippet:-1","max-image-preview":"max-image-preview:large","max-video-preview":"max-video-preview:-1"},"canonical":"https:\/\/www.strassenweb.de\/nachrichten\/designer-waehlen-diesen-ganz-besonderen-braunton-um-raeume-aufzuwaermen-sie-aber-neutral-zu-halten\/","og_locale":"de_DE","og_type":"article","og_title":"Designer w\u00e4hlen diesen ganz besonderen Braunton, um R\u00e4ume aufzuw\u00e4rmen, sie aber neutral zu halten - Nachrichten - Stra\u00dfenweb","og_description":"Designer stellen Kastanienbraun als Dekorationsfarbe \u00e0 la mode in den Mittelpunkt, eine neue Interpretation der j\u00fcngsten Zunahme der Verwendung von Braun in der Innenarchitektur. Der","og_url":"https:\/\/www.strassenweb.de\/nachrichten\/designer-waehlen-diesen-ganz-besonderen-braunton-um-raeume-aufzuwaermen-sie-aber-neutral-zu-halten\/","og_site_name":"Stra\u00dfenweb","article_publisher":"https:\/\/www.facebook.com\/strassenweb\/","article_published_time":"2024-11-17T00:59:49+00:00","article_modified_time":"2024-11-17T00:59:51+00:00","og_image":[{"width":1200,"height":675,"url":"https:\/\/www.strassenweb.de\/nachrichten\/wp-content\/uploads\/2024\/11\/Designer-waehlen-diesen-ganz-besonderen-Braunton-um-Raeume-aufzuwaermen-sie.jpg","type":"image\/jpeg"}],"author":"Robert Hoffmann","twitter_card":"summary_large_image","twitter_misc":{"Verfasst von":"Robert Hoffmann","Gesch\u00e4tzte Lesezeit":"3\u00a0Minuten"},"schema":{"@context":"https:\/\/schema.org","@graph":[{"@type":"Article","@id":"https:\/\/www.strassenweb.de\/nachrichten\/designer-waehlen-diesen-ganz-besonderen-braunton-um-raeume-aufzuwaermen-sie-aber-neutral-zu-halten\/#article","isPartOf":{"@id":"https:\/\/www.strassenweb.de\/nachrichten\/designer-waehlen-diesen-ganz-besonderen-braunton-um-raeume-aufzuwaermen-sie-aber-neutral-zu-halten\/"},"author":{"name":"Robert Hoffmann","@id":"https:\/\/www.strassenweb.de\/nachrichten\/#\/schema\/person\/87c9c9067f1211da429a744dc5a5aa41"},"headline":"Designer w\u00e4hlen diesen ganz besonderen Braunton, um R\u00e4ume aufzuw\u00e4rmen, sie aber neutral zu halten","datePublished":"2024-11-17T00:59:49+00:00","dateModified":"2024-11-17T00:59:51+00:00","mainEntityOfPage":{"@id":"https:\/\/www.strassenweb.de\/nachrichten\/designer-waehlen-diesen-ganz-besonderen-braunton-um-raeume-aufzuwaermen-sie-aber-neutral-zu-halten\/"},"wordCount":647,"publisher":{"@id":"https:\/\/www.strassenweb.de\/nachrichten\/#organization"},"image":{"@id":"https:\/\/www.strassenweb.de\/nachrichten\/designer-waehlen-diesen-ganz-besonderen-braunton-um-raeume-aufzuwaermen-sie-aber-neutral-zu-halten\/#primaryimage"},"thumbnailUrl":"https:\/\/www.strassenweb.de\/nachrichten\/wp-content\/uploads\/2024\/11\/Designer-waehlen-diesen-ganz-besonderen-Braunton-um-Raeume-aufzuwaermen-sie.jpg","keywords":["aber","aufzuw\u00e4rmen","besonderen","Braunton","Designer","diesen","ganz","halten","neutral","R\u00e4ume","Sie","Wahlen"],"articleSection":["Haus &amp; Garten"],"inLanguage":"de"},{"@type":"WebPage","@id":"https:\/\/www.strassenweb.de\/nachrichten\/designer-waehlen-diesen-ganz-besonderen-braunton-um-raeume-aufzuwaermen-sie-aber-neutral-zu-halten\/","url":"https:\/\/www.strassenweb.de\/nachrichten\/designer-waehlen-diesen-ganz-besonderen-braunton-um-raeume-aufzuwaermen-sie-aber-neutral-zu-halten\/","name":"Designer w\u00e4hlen diesen ganz besonderen Braunton, um R\u00e4ume aufzuw\u00e4rmen, sie aber neutral zu halten - Nachrichten - Stra\u00dfenweb","isPartOf":{"@id":"https:\/\/www.strassenweb.de\/nachrichten\/#website"},"primaryImageOfPage":{"@id":"https:\/\/www.strassenweb.de\/nachrichten\/designer-waehlen-diesen-ganz-besonderen-braunton-um-raeume-aufzuwaermen-sie-aber-neutral-zu-halten\/#primaryimage"},"image":{"@id":"https:\/\/www.strassenweb.de\/nachrichten\/designer-waehlen-diesen-ganz-besonderen-braunton-um-raeume-aufzuwaermen-sie-aber-neutral-zu-halten\/#primaryimage"},"thumbnailUrl":"https:\/\/www.strassenweb.de\/nachrichten\/wp-content\/uploads\/2024\/11\/Designer-waehlen-diesen-ganz-besonderen-Braunton-um-Raeume-aufzuwaermen-sie.jpg","datePublished":"2024-11-17T00:59:49+00:00","dateModified":"2024-11-17T00:59:51+00:00","breadcrumb":{"@id":"https:\/\/www.strassenweb.de\/nachrichten\/designer-waehlen-diesen-ganz-besonderen-braunton-um-raeume-aufzuwaermen-sie-aber-neutral-zu-halten\/#breadcrumb"},"inLanguage":"de","potentialAction":[{"@type":"ReadAction","target":["https:\/\/www.strassenweb.de\/nachrichten\/designer-waehlen-diesen-ganz-besonderen-braunton-um-raeume-aufzuwaermen-sie-aber-neutral-zu-halten\/"]}]},{"@type":"ImageObject","inLanguage":"de","@id":"https:\/\/www.strassenweb.de\/nachrichten\/designer-waehlen-diesen-ganz-besonderen-braunton-um-raeume-aufzuwaermen-sie-aber-neutral-zu-halten\/#primaryimage","url":"https:\/\/www.strassenweb.de\/nachrichten\/wp-content\/uploads\/2024\/11\/Designer-waehlen-diesen-ganz-besonderen-Braunton-um-Raeume-aufzuwaermen-sie.jpg","contentUrl":"https:\/\/www.strassenweb.de\/nachrichten\/wp-content\/uploads\/2024\/11\/Designer-waehlen-diesen-ganz-besonderen-Braunton-um-Raeume-aufzuwaermen-sie.jpg","width":1200,"height":675,"caption":"Designer w\u00e4hlen diesen ganz besonderen Braunton, um R\u00e4ume aufzuw\u00e4rmen, sie aber neutral zu halten"},{"@type":"BreadcrumbList","@id":"https:\/\/www.strassenweb.de\/nachrichten\/designer-waehlen-diesen-ganz-besonderen-braunton-um-raeume-aufzuwaermen-sie-aber-neutral-zu-halten\/#breadcrumb","itemListElement":[{"@type":"ListItem","position":1,"name":"Home","item":"https:\/\/www.strassenweb.de\/nachrichten\/"},{"@type":"ListItem","position":2,"name":"Designer w\u00e4hlen diesen ganz besonderen Braunton, um R\u00e4ume aufzuw\u00e4rmen, sie aber neutral zu halten"}]},{"@type":"WebSite","@id":"https:\/\/www.strassenweb.de\/nachrichten\/#website","url":"https:\/\/www.strassenweb.de\/nachrichten\/","name":"Stra\u00dfenweb","description":"Stra\u00dfenverzeichnis f\u00fcr Deutschland","publisher":{"@id":"https:\/\/www.strassenweb.de\/nachrichten\/#organization"},"potentialAction":[{"@type":"SearchAction","target":{"@type":"EntryPoint","urlTemplate":"https:\/\/www.strassenweb.de\/nachrichten\/?s={search_term_string}"},"query-input":{"@type":"PropertyValueSpecification","valueRequired":true,"valueName":"search_term_string"}}],"inLanguage":"de"},{"@type":"Organization","@id":"https:\/\/www.strassenweb.de\/nachrichten\/#organization","name":"Stra\u00dfenweb","url":"https:\/\/www.strassenweb.de\/nachrichten\/","logo":{"@type":"ImageObject","inLanguage":"de","@id":"https:\/\/www.strassenweb.de\/nachrichten\/#\/schema\/logo\/image\/","url":"https:\/\/www.strassenweb.de\/nachrichten\/wp-content\/uploads\/2024\/09\/cropped-favicon.png","contentUrl":"https:\/\/www.strassenweb.de\/nachrichten\/wp-content\/uploads\/2024\/09\/cropped-favicon.png","width":512,"height":512,"caption":"Stra\u00dfenweb"},"image":{"@id":"https:\/\/www.strassenweb.de\/nachrichten\/#\/schema\/logo\/image\/"},"sameAs":["https:\/\/www.facebook.com\/strassenweb\/"]},{"@type":"Person","@id":"https:\/\/www.strassenweb.de\/nachrichten\/#\/schema\/person\/87c9c9067f1211da429a744dc5a5aa41","name":"Robert Hoffmann","image":{"@type":"ImageObject","inLanguage":"de","@id":"https:\/\/www.strassenweb.de\/nachrichten\/wp-content\/uploads\/2024\/09\/strassenweb-150x150.jpg","url":"https:\/\/www.strassenweb.de\/nachrichten\/wp-content\/uploads\/2024\/09\/strassenweb-150x150.jpg","contentUrl":"https:\/\/www.strassenweb.de\/nachrichten\/wp-content\/uploads\/2024\/09\/strassenweb-150x150.jpg","caption":"Robert Hoffmann"},"description":"Ich hei\u00dfe Robert Hoffmann und ich bin ein leidenschaftlicher Verfechter von \u00d6kologie und Biodiversit\u00e4t. Seit meiner Kindheit in den W\u00e4ldern Bayerns f\u00fchle ich mich mit der Natur verbunden und bin entschlossen, sie zu sch\u00fctzen. Heute widme ich mein Leben der Sensibilisierung anderer f\u00fcr die Bedeutung des Umweltschutzes f\u00fcr zuk\u00fcnftige Generationen.","sameAs":["https:\/\/www.strassenweb.de\/"]}]}},"_links":{"self":[{"href":"https:\/\/www.strassenweb.de\/nachrichten\/wp-json\/wp\/v2\/posts\/1607","targetHints":{"allow":["GET"]}}],"collection":[{"href":"https:\/\/www.strassenweb.de\/nachrichten\/wp-json\/wp\/v2\/posts"}],"about":[{"href":"https:\/\/www.strassenweb.de\/nachrichten\/wp-json\/wp\/v2\/types\/post"}],"author":[{"embeddable":true,"href":"https:\/\/www.strassenweb.de\/nachrichten\/wp-json\/wp\/v2\/users\/1"}],"replies":[{"embeddable":true,"href":"https:\/\/www.strassenweb.de\/nachrichten\/wp-json\/wp\/v2\/comments?post=1607"}],"version-history":[{"count":0,"href":"https:\/\/www.strassenweb.de\/nachrichten\/wp-json\/wp\/v2\/posts\/1607\/revisions"}],"wp:featuredmedia":[{"embeddable":true,"href":"https:\/\/www.strassenweb.de\/nachrichten\/wp-json\/wp\/v2\/media\/1608"}],"wp:attachment":[{"href":"https:\/\/www.strassenweb.de\/nachrichten\/wp-json\/wp\/v2\/media?parent=1607"}],"wp:term":[{"taxonomy":"category","embeddable":true,"href":"https:\/\/www.strassenweb.de\/nachrichten\/wp-json\/wp\/v2\/categories?post=1607"},{"taxonomy":"post_tag","embeddable":true,"href":"https:\/\/www.strassenweb.de\/nachrichten\/wp-json\/wp\/v2\/tags?post=1607"}],"curies":[{"name":"wp","href":"https:\/\/api.w.org\/{rel}","templated":true}]}}