{"id":1604,"date":"2024-11-16T21:53:02","date_gmt":"2024-11-16T20:53:02","guid":{"rendered":"https:\/\/www.strassenweb.de\/nachrichten\/amanda-seyfrieds-schlafzimmer-im-skandinavischen-stil-ist-eine-meisterklasse-in-neutraltoenen-designer-sagen-dass-seine-farben-einen-guten-schlaf-foerdern\/"},"modified":"2024-11-16T21:53:04","modified_gmt":"2024-11-16T20:53:04","slug":"amanda-seyfrieds-schlafzimmer-im-skandinavischen-stil-ist-eine-meisterklasse-in-neutraltoenen-designer-sagen-dass-seine-farben-einen-guten-schlaf-foerdern","status":"publish","type":"post","link":"https:\/\/www.strassenweb.de\/nachrichten\/amanda-seyfrieds-schlafzimmer-im-skandinavischen-stil-ist-eine-meisterklasse-in-neutraltoenen-designer-sagen-dass-seine-farben-einen-guten-schlaf-foerdern\/","title":{"rendered":"Amanda Seyfrieds Schlafzimmer im skandinavischen Stil ist eine Meisterklasse in Neutralt\u00f6nen \u2013 Designer sagen, dass seine Farben einen guten Schlaf f\u00f6rdern"},"content":{"rendered":"<p><\/p>\n<div id=\"article-body\" class=\"article__body \">\n<p>Ein Schlafzimmer ist per Definition ein Zufluchtsort f\u00fcr den Schlaf; Daher sind Stil und Dekoration f\u00fcr unsere Erholung von entscheidender Bedeutung. Wir haben eine Vorliebe f\u00fcr neutrale Farbt\u00f6ne und weiche Materialien, und das gilt auch f\u00fcr viele andere.<\/p>\n<div id=\"ad-unit-1\" class=\"ad-unit\"><\/div>\n<p>Ein Beispiel ist Amanda Seyfried. Der <em>Mama Mia <\/em>Und <em>Mittlere M\u00e4dchen <\/em>Das Haus von Star wurde von der in Brooklyn ans\u00e4ssigen Designfirma General Assembly entworfen und sie haben sich f\u00fcr eine erholsame Wei\u00df- und Holzpalette entschieden, von der wir nicht genug bekommen k\u00f6nnen.<\/p>\n<aside class=\"hawk-nest\" data-block-type=\"embed\" data-render-type=\"fte\" data-skip=\"dealsy\" data-widget-type=\"seasonal\">\n<div class=\"hawk-master-widget-hawk-base-wrapper\"><\/div>\n<\/aside>\n<p>Auf einem Bild, das Seyfried auf Instagram geteilt hat, k\u00f6nnen wir gro\u00dfe, wei\u00dfe Erkerfenster sehen, die viel nat\u00fcrliches Licht hereinlassen, w\u00e4hrend eine Holzecke der perfekte Ort zum Entspannen und Lesen ist. Sein minimalistischer, skandinavischer Stil liegt sicherlich im Trend, aber es zeigt sich, dass diese Farben und Materialien auch zu einem guten Schlaf beitragen.<\/p>\n<div id=\"desktop-in-article\" class=\"in-article ad-unit\">\n<div id=\"desktop-taboola-mid-article\"><\/div>\n<\/div>\n<div id=\"mobile-in-article\" class=\"in-article ad-unit\">\n<div id=\"mobile-taboola-mid-article\"><\/div>\n<\/div>\n<div class=\"instagram-embed\">\n<blockquote class=\"instagram-media\" data-instgrm-captioned data-instgrm-version=\"6\" style=\"width:99.375%; width:-webkit-calc(100% - 2px); width:calc(100% - 2px);\">\n<p>Ein Beitrag geteilt von Amanda Seyfried\ud83d\udc9b (@mingey)<\/p>\n<p>Ein Foto gepostet von am <\/p>\n<\/blockquote>\n<\/div>\n<div class=\"product-container hero-product-container product-block-no-wrap\"><\/div>\n<p>Laut Experten ist die zeitlose Kombination aus Wei\u00df und Holz aufgrund ihrer Vielseitigkeit eine so beliebte Idee f\u00fcr ein wei\u00dfes Schlafzimmer, aber auch wegen ihrer F\u00e4higkeit, jeden zu entspannen, der den Raum betritt.<\/p>\n<div class=\"van_vid_carousel\">\n<div class=\"van_vid_carousel__padding\">\n<div class=\"van_vid_carousel__container\"><\/div>\n<\/div>\n<\/div>\n<p>\u201eDie Kombination von Wei\u00df und Holz in einem Schlafzimmerdesign ist mehr als nur ein Markenzeichen des skandinavischen Stils \u2013 es ist ein Rezept f\u00fcr die Schaffung eines ruhigen, schlaffreundlichen Zufluchtsortes\u201c, sagt Designerin Nina Lichtenstein. \u201eDiese Kombination basiert auf Minimalismus und nat\u00fcrlicher Sch\u00f6nheit und ist zu einer beliebten Wahl f\u00fcr diejenigen geworden, die einen Raum suchen, der Entspannung, Komfort und zeitlose Ausstrahlung f\u00f6rdert.\u201c<\/p>\n<div id=\"ad-unit-2\" class=\"ad-unit\"><\/div>\n<p>Sie f\u00e4hrt fort: \u201eDie Farbe Wei\u00df wird oft mit Sauberkeit, Einfachheit und Ruhe in Verbindung gebracht.\u201c In einem Schlafzimmer erzeugen wei\u00dfe W\u00e4nde oder Textilien ein Gef\u00fchl von Offenheit und Leichtigkeit, das dazu beitr\u00e4gt, visuelle Unordnung zu reduzieren, ein Schl\u00fcsselfaktor f\u00fcr die Beruhigung des Geistes vor dem Schlafengehen. In Kombination mit nat\u00fcrlichen Holzt\u00f6nen entsteht eine bodenst\u00e4ndige, harmonische Balance. Holz sorgt f\u00fcr W\u00e4rme und Textur, mildert die Schlichtheit von Wei\u00df und f\u00fcgt ein organisches Element hinzu, das die beruhigende Wirkung der Natur widerspiegelt. Studien deuten darauf hin, dass der Kontakt mit nat\u00fcrlichen Materialien wie Holz die Herzfrequenz senken und Stress reduzieren kann, was es zu einer idealen Erg\u00e4nzung f\u00fcr einen Schlafraum macht. \u201eZusammen schaffen Wei\u00df und Holz eine Umgebung, die sich sowohl beruhigend als auch einladend anf\u00fchlt \u2013 eine Kombination, die einen erholsamen Schlaf f\u00f6rdert.\u201c<\/p>\n<figure class=\"van-image-figure inline-layout \" data-bordeaux-image-check>\n<div class=\"image-full-width-wrapper\">\n<div class=\"image-widthsetter\" style=\"max-width:2000px;\"><\/div>\n<\/div>\n<\/figure>\n<p>Auch wenn der skandinavische Stil immer beliebter wird, liegt das Sch\u00f6ne an der Umsetzung in einem Raum wie einem Schlafzimmer darin, dass er sehr einfach anzupassen ist.<\/p>\n<div id=\"slice-container-newsletterForm-articleInbodyContent-ehgGWQSf5GZSSuLF9CcjDF\" class=\"slice-container newsletter-inbodyContent-slice newsletterForm-articleInbodyContent-ehgGWQSf5GZSSuLF9CcjDF slice-container-newsletterForm\"><\/div>\n<p>\u201eDiese Kombination verdankt ihre anhaltende Beliebtheit ihrer Vielseitigkeit und Zeitlosigkeit\u201c, erkl\u00e4rt Lichtenstein. \u201eWei\u00df dient als leerer Hintergrund und macht es einfach, die Einrichtung eines Schlafzimmers mit saisonalen Akzenten oder pers\u00f6nlichen Akzenten zu aktualisieren.\u201c Unterdessen verleiht Holz Tiefe und Charakter und sorgt daf\u00fcr, dass der Raum weder steril noch \u00fcberm\u00e4\u00dfig modern wirkt. Die skandinavische \u00c4sthetik, die Funktionalit\u00e4t und Gem\u00fctlichkeit betont, hat diesen Trend weiter gefestigt. Schlafzimmer in Wei\u00df und Holz erfreuen sich besonders in urbanen Umgebungen gro\u00dfer Beliebtheit, da sie der Hektik Ruhe entgegensetzen k\u00f6nnen. Dar\u00fcber hinaus passt diese Palette gut zu verschiedenen Stilen, von rustikal bis zeitgen\u00f6ssisch, sodass Hausbesitzer den Look an ihre Vorlieben anpassen k\u00f6nnen.\u201c<\/p>\n<p>Um den visuellen Reiz aufrechtzuerhalten, empfehlen wir die Verwendung verschiedener Texturen, wie z. B. eine Bettdecke aus Leinen, ein Kissenbezug aus Seide oder ein Nachttisch aus Rattan, \u00e4hnlich wie die oben aufgef\u00fchrten. Viel Spa\u00df beim Einkaufen \u2013 auf Seyfried-Art.<\/p>\n<hr>\n<\/div>\n<p><script async src=\"\/\/www.instagram.com\/embed.js\"><\/script><\/p>\n","protected":false},"excerpt":{"rendered":"<p>Ein Schlafzimmer ist per Definition ein Zufluchtsort f\u00fcr den Schlaf; Daher sind Stil und Dekoration f\u00fcr unsere Erholung von entscheidender Bedeutung. Wir haben eine Vorliebe<\/p>\n","protected":false},"author":1,"featured_media":1605,"comment_status":"closed","ping_status":"","sticky":false,"template":"","format":"standard","meta":{"footnotes":""},"categories":[118],"tags":[2944,51,216,74,166,874,2910,2947,15,1449,1714,284,1827,866,186,2945,2946,322],"class_list":["post-1604","post","type-post","status-publish","format-standard","has-post-thumbnail","hentry","category-haus-garten","tag-amanda","tag-dass","tag-designer","tag-eine","tag-einen","tag-farben","tag-foerdern","tag-guten","tag-ist","tag-meisterklasse","tag-neutraltoenen","tag-sagen","tag-schlaf","tag-schlafzimmer","tag-seine","tag-seyfrieds","tag-skandinavischen","tag-stil","generate-columns","tablet-grid-50","mobile-grid-100","grid-parent","grid-50"],"yoast_head":"<!-- This site is optimized with the Yoast SEO plugin v27.3 - https:\/\/yoast.com\/product\/yoast-seo-wordpress\/ -->\n<title>Amanda Seyfrieds Schlafzimmer im skandinavischen Stil ist eine Meisterklasse in Neutralt\u00f6nen \u2013 Designer sagen, dass seine Farben einen guten Schlaf f\u00f6rdern - Nachrichten - Stra\u00dfenweb<\/title>\n<meta name=\"robots\" content=\"index, follow, max-snippet:-1, max-image-preview:large, max-video-preview:-1\" \/>\n<link rel=\"canonical\" href=\"https:\/\/www.strassenweb.de\/nachrichten\/amanda-seyfrieds-schlafzimmer-im-skandinavischen-stil-ist-eine-meisterklasse-in-neutraltoenen-designer-sagen-dass-seine-farben-einen-guten-schlaf-foerdern\/\" \/>\n<meta property=\"og:locale\" content=\"de_DE\" \/>\n<meta property=\"og:type\" content=\"article\" \/>\n<meta property=\"og:title\" content=\"Amanda Seyfrieds Schlafzimmer im skandinavischen Stil ist eine Meisterklasse in Neutralt\u00f6nen \u2013 Designer sagen, dass seine Farben einen guten Schlaf f\u00f6rdern - Nachrichten - Stra\u00dfenweb\" \/>\n<meta property=\"og:description\" content=\"Ein Schlafzimmer ist per Definition ein Zufluchtsort f\u00fcr den Schlaf; Daher sind Stil und Dekoration f\u00fcr unsere Erholung von entscheidender Bedeutung. Wir haben eine Vorliebe\" \/>\n<meta property=\"og:url\" content=\"https:\/\/www.strassenweb.de\/nachrichten\/amanda-seyfrieds-schlafzimmer-im-skandinavischen-stil-ist-eine-meisterklasse-in-neutraltoenen-designer-sagen-dass-seine-farben-einen-guten-schlaf-foerdern\/\" \/>\n<meta property=\"og:site_name\" content=\"Stra\u00dfenweb\" \/>\n<meta property=\"article:publisher\" content=\"https:\/\/www.facebook.com\/strassenweb\/\" \/>\n<meta property=\"article:published_time\" content=\"2024-11-16T20:53:02+00:00\" \/>\n<meta property=\"article:modified_time\" content=\"2024-11-16T20:53:04+00:00\" \/>\n<meta property=\"og:image\" content=\"https:\/\/www.strassenweb.de\/nachrichten\/wp-content\/uploads\/2024\/11\/Amanda-Seyfrieds-Schlafzimmer-im-skandinavischen-Stil-ist-eine-Meisterklasse-in.jpg\" \/>\n\t<meta property=\"og:image:width\" content=\"1200\" \/>\n\t<meta property=\"og:image:height\" content=\"675\" \/>\n\t<meta property=\"og:image:type\" content=\"image\/jpeg\" \/>\n<meta name=\"author\" content=\"Robert Hoffmann\" \/>\n<meta name=\"twitter:card\" content=\"summary_large_image\" \/>\n<meta name=\"twitter:label1\" content=\"Verfasst von\" \/>\n\t<meta name=\"twitter:data1\" content=\"Robert Hoffmann\" \/>\n\t<meta name=\"twitter:label2\" content=\"Gesch\u00e4tzte Lesezeit\" \/>\n\t<meta name=\"twitter:data2\" content=\"3\u00a0Minuten\" \/>\n<script type=\"application\/ld+json\" class=\"yoast-schema-graph\">{\"@context\":\"https:\\\/\\\/schema.org\",\"@graph\":[{\"@type\":\"Article\",\"@id\":\"https:\\\/\\\/www.strassenweb.de\\\/nachrichten\\\/amanda-seyfrieds-schlafzimmer-im-skandinavischen-stil-ist-eine-meisterklasse-in-neutraltoenen-designer-sagen-dass-seine-farben-einen-guten-schlaf-foerdern\\\/#article\",\"isPartOf\":{\"@id\":\"https:\\\/\\\/www.strassenweb.de\\\/nachrichten\\\/amanda-seyfrieds-schlafzimmer-im-skandinavischen-stil-ist-eine-meisterklasse-in-neutraltoenen-designer-sagen-dass-seine-farben-einen-guten-schlaf-foerdern\\\/\"},\"author\":{\"name\":\"Robert Hoffmann\",\"@id\":\"https:\\\/\\\/www.strassenweb.de\\\/nachrichten\\\/#\\\/schema\\\/person\\\/87c9c9067f1211da429a744dc5a5aa41\"},\"headline\":\"Amanda Seyfrieds Schlafzimmer im skandinavischen Stil ist eine Meisterklasse in Neutralt\u00f6nen \u2013 Designer sagen, dass seine Farben einen guten Schlaf f\u00f6rdern\",\"datePublished\":\"2024-11-16T20:53:02+00:00\",\"dateModified\":\"2024-11-16T20:53:04+00:00\",\"mainEntityOfPage\":{\"@id\":\"https:\\\/\\\/www.strassenweb.de\\\/nachrichten\\\/amanda-seyfrieds-schlafzimmer-im-skandinavischen-stil-ist-eine-meisterklasse-in-neutraltoenen-designer-sagen-dass-seine-farben-einen-guten-schlaf-foerdern\\\/\"},\"wordCount\":620,\"publisher\":{\"@id\":\"https:\\\/\\\/www.strassenweb.de\\\/nachrichten\\\/#organization\"},\"image\":{\"@id\":\"https:\\\/\\\/www.strassenweb.de\\\/nachrichten\\\/amanda-seyfrieds-schlafzimmer-im-skandinavischen-stil-ist-eine-meisterklasse-in-neutraltoenen-designer-sagen-dass-seine-farben-einen-guten-schlaf-foerdern\\\/#primaryimage\"},\"thumbnailUrl\":\"https:\\\/\\\/www.strassenweb.de\\\/nachrichten\\\/wp-content\\\/uploads\\\/2024\\\/11\\\/Amanda-Seyfrieds-Schlafzimmer-im-skandinavischen-Stil-ist-eine-Meisterklasse-in.jpg\",\"keywords\":[\"Amanda\",\"dass\",\"Designer\",\"eine\",\"einen\",\"Farben\",\"f\u00f6rdern\",\"guten\",\"ist\",\"Meisterklasse\",\"Neutralt\u00f6nen\",\"sagen\",\"Schlaf\",\"Schlafzimmer\",\"seine\",\"Seyfrieds\",\"skandinavischen\",\"Stil\"],\"articleSection\":[\"Haus &amp; Garten\"],\"inLanguage\":\"de\"},{\"@type\":\"WebPage\",\"@id\":\"https:\\\/\\\/www.strassenweb.de\\\/nachrichten\\\/amanda-seyfrieds-schlafzimmer-im-skandinavischen-stil-ist-eine-meisterklasse-in-neutraltoenen-designer-sagen-dass-seine-farben-einen-guten-schlaf-foerdern\\\/\",\"url\":\"https:\\\/\\\/www.strassenweb.de\\\/nachrichten\\\/amanda-seyfrieds-schlafzimmer-im-skandinavischen-stil-ist-eine-meisterklasse-in-neutraltoenen-designer-sagen-dass-seine-farben-einen-guten-schlaf-foerdern\\\/\",\"name\":\"Amanda Seyfrieds Schlafzimmer im skandinavischen Stil ist eine Meisterklasse in Neutralt\u00f6nen \u2013 Designer sagen, dass seine Farben einen guten Schlaf f\u00f6rdern - Nachrichten - Stra\u00dfenweb\",\"isPartOf\":{\"@id\":\"https:\\\/\\\/www.strassenweb.de\\\/nachrichten\\\/#website\"},\"primaryImageOfPage\":{\"@id\":\"https:\\\/\\\/www.strassenweb.de\\\/nachrichten\\\/amanda-seyfrieds-schlafzimmer-im-skandinavischen-stil-ist-eine-meisterklasse-in-neutraltoenen-designer-sagen-dass-seine-farben-einen-guten-schlaf-foerdern\\\/#primaryimage\"},\"image\":{\"@id\":\"https:\\\/\\\/www.strassenweb.de\\\/nachrichten\\\/amanda-seyfrieds-schlafzimmer-im-skandinavischen-stil-ist-eine-meisterklasse-in-neutraltoenen-designer-sagen-dass-seine-farben-einen-guten-schlaf-foerdern\\\/#primaryimage\"},\"thumbnailUrl\":\"https:\\\/\\\/www.strassenweb.de\\\/nachrichten\\\/wp-content\\\/uploads\\\/2024\\\/11\\\/Amanda-Seyfrieds-Schlafzimmer-im-skandinavischen-Stil-ist-eine-Meisterklasse-in.jpg\",\"datePublished\":\"2024-11-16T20:53:02+00:00\",\"dateModified\":\"2024-11-16T20:53:04+00:00\",\"breadcrumb\":{\"@id\":\"https:\\\/\\\/www.strassenweb.de\\\/nachrichten\\\/amanda-seyfrieds-schlafzimmer-im-skandinavischen-stil-ist-eine-meisterklasse-in-neutraltoenen-designer-sagen-dass-seine-farben-einen-guten-schlaf-foerdern\\\/#breadcrumb\"},\"inLanguage\":\"de\",\"potentialAction\":[{\"@type\":\"ReadAction\",\"target\":[\"https:\\\/\\\/www.strassenweb.de\\\/nachrichten\\\/amanda-seyfrieds-schlafzimmer-im-skandinavischen-stil-ist-eine-meisterklasse-in-neutraltoenen-designer-sagen-dass-seine-farben-einen-guten-schlaf-foerdern\\\/\"]}]},{\"@type\":\"ImageObject\",\"inLanguage\":\"de\",\"@id\":\"https:\\\/\\\/www.strassenweb.de\\\/nachrichten\\\/amanda-seyfrieds-schlafzimmer-im-skandinavischen-stil-ist-eine-meisterklasse-in-neutraltoenen-designer-sagen-dass-seine-farben-einen-guten-schlaf-foerdern\\\/#primaryimage\",\"url\":\"https:\\\/\\\/www.strassenweb.de\\\/nachrichten\\\/wp-content\\\/uploads\\\/2024\\\/11\\\/Amanda-Seyfrieds-Schlafzimmer-im-skandinavischen-Stil-ist-eine-Meisterklasse-in.jpg\",\"contentUrl\":\"https:\\\/\\\/www.strassenweb.de\\\/nachrichten\\\/wp-content\\\/uploads\\\/2024\\\/11\\\/Amanda-Seyfrieds-Schlafzimmer-im-skandinavischen-Stil-ist-eine-Meisterklasse-in.jpg\",\"width\":1200,\"height\":675,\"caption\":\"Amanda Seyfrieds Schlafzimmer im skandinavischen Stil ist eine Meisterklasse in Neutralt\u00f6nen \u2013 Designer sagen, dass seine Farben einen guten Schlaf f\u00f6rdern\"},{\"@type\":\"BreadcrumbList\",\"@id\":\"https:\\\/\\\/www.strassenweb.de\\\/nachrichten\\\/amanda-seyfrieds-schlafzimmer-im-skandinavischen-stil-ist-eine-meisterklasse-in-neutraltoenen-designer-sagen-dass-seine-farben-einen-guten-schlaf-foerdern\\\/#breadcrumb\",\"itemListElement\":[{\"@type\":\"ListItem\",\"position\":1,\"name\":\"Home\",\"item\":\"https:\\\/\\\/www.strassenweb.de\\\/nachrichten\\\/\"},{\"@type\":\"ListItem\",\"position\":2,\"name\":\"Amanda Seyfrieds Schlafzimmer im skandinavischen Stil ist eine Meisterklasse in Neutralt\u00f6nen \u2013 Designer sagen, dass seine Farben einen guten Schlaf f\u00f6rdern\"}]},{\"@type\":\"WebSite\",\"@id\":\"https:\\\/\\\/www.strassenweb.de\\\/nachrichten\\\/#website\",\"url\":\"https:\\\/\\\/www.strassenweb.de\\\/nachrichten\\\/\",\"name\":\"Stra\u00dfenweb\",\"description\":\"Stra\u00dfenverzeichnis f\u00fcr Deutschland\",\"publisher\":{\"@id\":\"https:\\\/\\\/www.strassenweb.de\\\/nachrichten\\\/#organization\"},\"potentialAction\":[{\"@type\":\"SearchAction\",\"target\":{\"@type\":\"EntryPoint\",\"urlTemplate\":\"https:\\\/\\\/www.strassenweb.de\\\/nachrichten\\\/?s={search_term_string}\"},\"query-input\":{\"@type\":\"PropertyValueSpecification\",\"valueRequired\":true,\"valueName\":\"search_term_string\"}}],\"inLanguage\":\"de\"},{\"@type\":\"Organization\",\"@id\":\"https:\\\/\\\/www.strassenweb.de\\\/nachrichten\\\/#organization\",\"name\":\"Stra\u00dfenweb\",\"url\":\"https:\\\/\\\/www.strassenweb.de\\\/nachrichten\\\/\",\"logo\":{\"@type\":\"ImageObject\",\"inLanguage\":\"de\",\"@id\":\"https:\\\/\\\/www.strassenweb.de\\\/nachrichten\\\/#\\\/schema\\\/logo\\\/image\\\/\",\"url\":\"https:\\\/\\\/www.strassenweb.de\\\/nachrichten\\\/wp-content\\\/uploads\\\/2024\\\/09\\\/cropped-favicon.png\",\"contentUrl\":\"https:\\\/\\\/www.strassenweb.de\\\/nachrichten\\\/wp-content\\\/uploads\\\/2024\\\/09\\\/cropped-favicon.png\",\"width\":512,\"height\":512,\"caption\":\"Stra\u00dfenweb\"},\"image\":{\"@id\":\"https:\\\/\\\/www.strassenweb.de\\\/nachrichten\\\/#\\\/schema\\\/logo\\\/image\\\/\"},\"sameAs\":[\"https:\\\/\\\/www.facebook.com\\\/strassenweb\\\/\"]},{\"@type\":\"Person\",\"@id\":\"https:\\\/\\\/www.strassenweb.de\\\/nachrichten\\\/#\\\/schema\\\/person\\\/87c9c9067f1211da429a744dc5a5aa41\",\"name\":\"Robert Hoffmann\",\"image\":{\"@type\":\"ImageObject\",\"inLanguage\":\"de\",\"@id\":\"https:\\\/\\\/www.strassenweb.de\\\/nachrichten\\\/wp-content\\\/uploads\\\/2024\\\/09\\\/strassenweb-150x150.jpg\",\"url\":\"https:\\\/\\\/www.strassenweb.de\\\/nachrichten\\\/wp-content\\\/uploads\\\/2024\\\/09\\\/strassenweb-150x150.jpg\",\"contentUrl\":\"https:\\\/\\\/www.strassenweb.de\\\/nachrichten\\\/wp-content\\\/uploads\\\/2024\\\/09\\\/strassenweb-150x150.jpg\",\"caption\":\"Robert Hoffmann\"},\"description\":\"Ich hei\u00dfe Robert Hoffmann und ich bin ein leidenschaftlicher Verfechter von \u00d6kologie und Biodiversit\u00e4t. Seit meiner Kindheit in den W\u00e4ldern Bayerns f\u00fchle ich mich mit der Natur verbunden und bin entschlossen, sie zu sch\u00fctzen. Heute widme ich mein Leben der Sensibilisierung anderer f\u00fcr die Bedeutung des Umweltschutzes f\u00fcr zuk\u00fcnftige Generationen.\",\"sameAs\":[\"https:\\\/\\\/www.strassenweb.de\\\/\"]}]}<\/script>\n<!-- \/ Yoast SEO plugin. -->","yoast_head_json":{"title":"Amanda Seyfrieds Schlafzimmer im skandinavischen Stil ist eine Meisterklasse in Neutralt\u00f6nen \u2013 Designer sagen, dass seine Farben einen guten Schlaf f\u00f6rdern - Nachrichten - Stra\u00dfenweb","robots":{"index":"index","follow":"follow","max-snippet":"max-snippet:-1","max-image-preview":"max-image-preview:large","max-video-preview":"max-video-preview:-1"},"canonical":"https:\/\/www.strassenweb.de\/nachrichten\/amanda-seyfrieds-schlafzimmer-im-skandinavischen-stil-ist-eine-meisterklasse-in-neutraltoenen-designer-sagen-dass-seine-farben-einen-guten-schlaf-foerdern\/","og_locale":"de_DE","og_type":"article","og_title":"Amanda Seyfrieds Schlafzimmer im skandinavischen Stil ist eine Meisterklasse in Neutralt\u00f6nen \u2013 Designer sagen, dass seine Farben einen guten Schlaf f\u00f6rdern - Nachrichten - Stra\u00dfenweb","og_description":"Ein Schlafzimmer ist per Definition ein Zufluchtsort f\u00fcr den Schlaf; Daher sind Stil und Dekoration f\u00fcr unsere Erholung von entscheidender Bedeutung. Wir haben eine Vorliebe","og_url":"https:\/\/www.strassenweb.de\/nachrichten\/amanda-seyfrieds-schlafzimmer-im-skandinavischen-stil-ist-eine-meisterklasse-in-neutraltoenen-designer-sagen-dass-seine-farben-einen-guten-schlaf-foerdern\/","og_site_name":"Stra\u00dfenweb","article_publisher":"https:\/\/www.facebook.com\/strassenweb\/","article_published_time":"2024-11-16T20:53:02+00:00","article_modified_time":"2024-11-16T20:53:04+00:00","og_image":[{"width":1200,"height":675,"url":"https:\/\/www.strassenweb.de\/nachrichten\/wp-content\/uploads\/2024\/11\/Amanda-Seyfrieds-Schlafzimmer-im-skandinavischen-Stil-ist-eine-Meisterklasse-in.jpg","type":"image\/jpeg"}],"author":"Robert Hoffmann","twitter_card":"summary_large_image","twitter_misc":{"Verfasst von":"Robert Hoffmann","Gesch\u00e4tzte Lesezeit":"3\u00a0Minuten"},"schema":{"@context":"https:\/\/schema.org","@graph":[{"@type":"Article","@id":"https:\/\/www.strassenweb.de\/nachrichten\/amanda-seyfrieds-schlafzimmer-im-skandinavischen-stil-ist-eine-meisterklasse-in-neutraltoenen-designer-sagen-dass-seine-farben-einen-guten-schlaf-foerdern\/#article","isPartOf":{"@id":"https:\/\/www.strassenweb.de\/nachrichten\/amanda-seyfrieds-schlafzimmer-im-skandinavischen-stil-ist-eine-meisterklasse-in-neutraltoenen-designer-sagen-dass-seine-farben-einen-guten-schlaf-foerdern\/"},"author":{"name":"Robert Hoffmann","@id":"https:\/\/www.strassenweb.de\/nachrichten\/#\/schema\/person\/87c9c9067f1211da429a744dc5a5aa41"},"headline":"Amanda Seyfrieds Schlafzimmer im skandinavischen Stil ist eine Meisterklasse in Neutralt\u00f6nen \u2013 Designer sagen, dass seine Farben einen guten Schlaf f\u00f6rdern","datePublished":"2024-11-16T20:53:02+00:00","dateModified":"2024-11-16T20:53:04+00:00","mainEntityOfPage":{"@id":"https:\/\/www.strassenweb.de\/nachrichten\/amanda-seyfrieds-schlafzimmer-im-skandinavischen-stil-ist-eine-meisterklasse-in-neutraltoenen-designer-sagen-dass-seine-farben-einen-guten-schlaf-foerdern\/"},"wordCount":620,"publisher":{"@id":"https:\/\/www.strassenweb.de\/nachrichten\/#organization"},"image":{"@id":"https:\/\/www.strassenweb.de\/nachrichten\/amanda-seyfrieds-schlafzimmer-im-skandinavischen-stil-ist-eine-meisterklasse-in-neutraltoenen-designer-sagen-dass-seine-farben-einen-guten-schlaf-foerdern\/#primaryimage"},"thumbnailUrl":"https:\/\/www.strassenweb.de\/nachrichten\/wp-content\/uploads\/2024\/11\/Amanda-Seyfrieds-Schlafzimmer-im-skandinavischen-Stil-ist-eine-Meisterklasse-in.jpg","keywords":["Amanda","dass","Designer","eine","einen","Farben","f\u00f6rdern","guten","ist","Meisterklasse","Neutralt\u00f6nen","sagen","Schlaf","Schlafzimmer","seine","Seyfrieds","skandinavischen","Stil"],"articleSection":["Haus &amp; Garten"],"inLanguage":"de"},{"@type":"WebPage","@id":"https:\/\/www.strassenweb.de\/nachrichten\/amanda-seyfrieds-schlafzimmer-im-skandinavischen-stil-ist-eine-meisterklasse-in-neutraltoenen-designer-sagen-dass-seine-farben-einen-guten-schlaf-foerdern\/","url":"https:\/\/www.strassenweb.de\/nachrichten\/amanda-seyfrieds-schlafzimmer-im-skandinavischen-stil-ist-eine-meisterklasse-in-neutraltoenen-designer-sagen-dass-seine-farben-einen-guten-schlaf-foerdern\/","name":"Amanda Seyfrieds Schlafzimmer im skandinavischen Stil ist eine Meisterklasse in Neutralt\u00f6nen \u2013 Designer sagen, dass seine Farben einen guten Schlaf f\u00f6rdern - Nachrichten - Stra\u00dfenweb","isPartOf":{"@id":"https:\/\/www.strassenweb.de\/nachrichten\/#website"},"primaryImageOfPage":{"@id":"https:\/\/www.strassenweb.de\/nachrichten\/amanda-seyfrieds-schlafzimmer-im-skandinavischen-stil-ist-eine-meisterklasse-in-neutraltoenen-designer-sagen-dass-seine-farben-einen-guten-schlaf-foerdern\/#primaryimage"},"image":{"@id":"https:\/\/www.strassenweb.de\/nachrichten\/amanda-seyfrieds-schlafzimmer-im-skandinavischen-stil-ist-eine-meisterklasse-in-neutraltoenen-designer-sagen-dass-seine-farben-einen-guten-schlaf-foerdern\/#primaryimage"},"thumbnailUrl":"https:\/\/www.strassenweb.de\/nachrichten\/wp-content\/uploads\/2024\/11\/Amanda-Seyfrieds-Schlafzimmer-im-skandinavischen-Stil-ist-eine-Meisterklasse-in.jpg","datePublished":"2024-11-16T20:53:02+00:00","dateModified":"2024-11-16T20:53:04+00:00","breadcrumb":{"@id":"https:\/\/www.strassenweb.de\/nachrichten\/amanda-seyfrieds-schlafzimmer-im-skandinavischen-stil-ist-eine-meisterklasse-in-neutraltoenen-designer-sagen-dass-seine-farben-einen-guten-schlaf-foerdern\/#breadcrumb"},"inLanguage":"de","potentialAction":[{"@type":"ReadAction","target":["https:\/\/www.strassenweb.de\/nachrichten\/amanda-seyfrieds-schlafzimmer-im-skandinavischen-stil-ist-eine-meisterklasse-in-neutraltoenen-designer-sagen-dass-seine-farben-einen-guten-schlaf-foerdern\/"]}]},{"@type":"ImageObject","inLanguage":"de","@id":"https:\/\/www.strassenweb.de\/nachrichten\/amanda-seyfrieds-schlafzimmer-im-skandinavischen-stil-ist-eine-meisterklasse-in-neutraltoenen-designer-sagen-dass-seine-farben-einen-guten-schlaf-foerdern\/#primaryimage","url":"https:\/\/www.strassenweb.de\/nachrichten\/wp-content\/uploads\/2024\/11\/Amanda-Seyfrieds-Schlafzimmer-im-skandinavischen-Stil-ist-eine-Meisterklasse-in.jpg","contentUrl":"https:\/\/www.strassenweb.de\/nachrichten\/wp-content\/uploads\/2024\/11\/Amanda-Seyfrieds-Schlafzimmer-im-skandinavischen-Stil-ist-eine-Meisterklasse-in.jpg","width":1200,"height":675,"caption":"Amanda Seyfrieds Schlafzimmer im skandinavischen Stil ist eine Meisterklasse in Neutralt\u00f6nen \u2013 Designer sagen, dass seine Farben einen guten Schlaf f\u00f6rdern"},{"@type":"BreadcrumbList","@id":"https:\/\/www.strassenweb.de\/nachrichten\/amanda-seyfrieds-schlafzimmer-im-skandinavischen-stil-ist-eine-meisterklasse-in-neutraltoenen-designer-sagen-dass-seine-farben-einen-guten-schlaf-foerdern\/#breadcrumb","itemListElement":[{"@type":"ListItem","position":1,"name":"Home","item":"https:\/\/www.strassenweb.de\/nachrichten\/"},{"@type":"ListItem","position":2,"name":"Amanda Seyfrieds Schlafzimmer im skandinavischen Stil ist eine Meisterklasse in Neutralt\u00f6nen \u2013 Designer sagen, dass seine Farben einen guten Schlaf f\u00f6rdern"}]},{"@type":"WebSite","@id":"https:\/\/www.strassenweb.de\/nachrichten\/#website","url":"https:\/\/www.strassenweb.de\/nachrichten\/","name":"Stra\u00dfenweb","description":"Stra\u00dfenverzeichnis f\u00fcr Deutschland","publisher":{"@id":"https:\/\/www.strassenweb.de\/nachrichten\/#organization"},"potentialAction":[{"@type":"SearchAction","target":{"@type":"EntryPoint","urlTemplate":"https:\/\/www.strassenweb.de\/nachrichten\/?s={search_term_string}"},"query-input":{"@type":"PropertyValueSpecification","valueRequired":true,"valueName":"search_term_string"}}],"inLanguage":"de"},{"@type":"Organization","@id":"https:\/\/www.strassenweb.de\/nachrichten\/#organization","name":"Stra\u00dfenweb","url":"https:\/\/www.strassenweb.de\/nachrichten\/","logo":{"@type":"ImageObject","inLanguage":"de","@id":"https:\/\/www.strassenweb.de\/nachrichten\/#\/schema\/logo\/image\/","url":"https:\/\/www.strassenweb.de\/nachrichten\/wp-content\/uploads\/2024\/09\/cropped-favicon.png","contentUrl":"https:\/\/www.strassenweb.de\/nachrichten\/wp-content\/uploads\/2024\/09\/cropped-favicon.png","width":512,"height":512,"caption":"Stra\u00dfenweb"},"image":{"@id":"https:\/\/www.strassenweb.de\/nachrichten\/#\/schema\/logo\/image\/"},"sameAs":["https:\/\/www.facebook.com\/strassenweb\/"]},{"@type":"Person","@id":"https:\/\/www.strassenweb.de\/nachrichten\/#\/schema\/person\/87c9c9067f1211da429a744dc5a5aa41","name":"Robert Hoffmann","image":{"@type":"ImageObject","inLanguage":"de","@id":"https:\/\/www.strassenweb.de\/nachrichten\/wp-content\/uploads\/2024\/09\/strassenweb-150x150.jpg","url":"https:\/\/www.strassenweb.de\/nachrichten\/wp-content\/uploads\/2024\/09\/strassenweb-150x150.jpg","contentUrl":"https:\/\/www.strassenweb.de\/nachrichten\/wp-content\/uploads\/2024\/09\/strassenweb-150x150.jpg","caption":"Robert Hoffmann"},"description":"Ich hei\u00dfe Robert Hoffmann und ich bin ein leidenschaftlicher Verfechter von \u00d6kologie und Biodiversit\u00e4t. Seit meiner Kindheit in den W\u00e4ldern Bayerns f\u00fchle ich mich mit der Natur verbunden und bin entschlossen, sie zu sch\u00fctzen. Heute widme ich mein Leben der Sensibilisierung anderer f\u00fcr die Bedeutung des Umweltschutzes f\u00fcr zuk\u00fcnftige Generationen.","sameAs":["https:\/\/www.strassenweb.de\/"]}]}},"_links":{"self":[{"href":"https:\/\/www.strassenweb.de\/nachrichten\/wp-json\/wp\/v2\/posts\/1604","targetHints":{"allow":["GET"]}}],"collection":[{"href":"https:\/\/www.strassenweb.de\/nachrichten\/wp-json\/wp\/v2\/posts"}],"about":[{"href":"https:\/\/www.strassenweb.de\/nachrichten\/wp-json\/wp\/v2\/types\/post"}],"author":[{"embeddable":true,"href":"https:\/\/www.strassenweb.de\/nachrichten\/wp-json\/wp\/v2\/users\/1"}],"replies":[{"embeddable":true,"href":"https:\/\/www.strassenweb.de\/nachrichten\/wp-json\/wp\/v2\/comments?post=1604"}],"version-history":[{"count":0,"href":"https:\/\/www.strassenweb.de\/nachrichten\/wp-json\/wp\/v2\/posts\/1604\/revisions"}],"wp:featuredmedia":[{"embeddable":true,"href":"https:\/\/www.strassenweb.de\/nachrichten\/wp-json\/wp\/v2\/media\/1605"}],"wp:attachment":[{"href":"https:\/\/www.strassenweb.de\/nachrichten\/wp-json\/wp\/v2\/media?parent=1604"}],"wp:term":[{"taxonomy":"category","embeddable":true,"href":"https:\/\/www.strassenweb.de\/nachrichten\/wp-json\/wp\/v2\/categories?post=1604"},{"taxonomy":"post_tag","embeddable":true,"href":"https:\/\/www.strassenweb.de\/nachrichten\/wp-json\/wp\/v2\/tags?post=1604"}],"curies":[{"name":"wp","href":"https:\/\/api.w.org\/{rel}","templated":true}]}}