{"id":1589,"date":"2024-11-16T02:13:40","date_gmt":"2024-11-16T01:13:40","guid":{"rendered":"https:\/\/www.strassenweb.de\/nachrichten\/kris-jenner-nutzt-einen-luxurioesen-blickfang-um-ihren-schlichten-weissen-eingangsbereich-aufzuwerten-ich-liebe-die-kuehne-wirkung-dieser-einfach-nachzubildenden-aufwertung\/"},"modified":"2024-11-16T02:13:41","modified_gmt":"2024-11-16T01:13:41","slug":"kris-jenner-nutzt-einen-luxurioesen-blickfang-um-ihren-schlichten-weissen-eingangsbereich-aufzuwerten-ich-liebe-die-kuehne-wirkung-dieser-einfach-nachzubildenden-aufwertung","status":"publish","type":"post","link":"https:\/\/www.strassenweb.de\/nachrichten\/kris-jenner-nutzt-einen-luxurioesen-blickfang-um-ihren-schlichten-weissen-eingangsbereich-aufzuwerten-ich-liebe-die-kuehne-wirkung-dieser-einfach-nachzubildenden-aufwertung\/","title":{"rendered":"Kris Jenner nutzt einen luxuri\u00f6sen Blickfang, um ihren schlichten wei\u00dfen Eingangsbereich aufzuwerten \u2013 ich liebe die k\u00fchne Wirkung dieser einfach nachzubildenden Aufwertung"},"content":{"rendered":"<p><\/p>\n<div id=\"article-body\" class=\"article__body \">\n<p>Ich gebe ein Gest\u00e4ndnis: Ich hasse wei\u00df gestrichene R\u00e4ume. Ich wei\u00df, dass der Farbton beliebt ist, weil er vielseitig, einfach und wiederverkaufbar ist, aber f\u00fcr meinen Geschmack sieht er oft zu seelenlos aus. Gl\u00fccklicherweise habe ich in meiner Zeit als Journalist f\u00fcr Innenarchitektur gelernt, dass es einfache M\u00f6glichkeiten gibt, diese schlichten Schemata aufzuwerten, damit sie interessanter und attraktiver aussehen. Die Technik von Kris Jenner ist bisher meine Lieblingstechnik.<\/p>\n<div id=\"ad-unit-1\" class=\"ad-unit\"><\/div>\n<p>Die Matriarchin des Kardashian-Clans teilte auf Instagram ihre Idee f\u00fcr einen wei\u00dfen Eingangsbereich, den sie mit einem S\u00e4ulentisch erh\u00f6ht hat. Ihr schlichtes M\u00f6belst\u00fcck aus Wei\u00df und Marmor weckt aufgrund seiner aufwendigen Schnitzerei visuelles Interesse und ein Gef\u00fchl von Geschichte. Auf dem Tisch steht ein handbemalter blau-wei\u00dfer Blumenkasten, in dem sich mehrere gew\u00f6lbte, getrocknete gr\u00fcne Bl\u00e4tter befinden. Es verleiht dem ansonsten schmucklosen Raum Farbe, W\u00e4rme und Pers\u00f6nlichkeit.<\/p>\n<aside class=\"hawk-nest\" data-block-type=\"embed\" data-render-type=\"fte\" data-skip=\"dealsy\" data-widget-type=\"seasonal\">\n<div class=\"hawk-master-widget-hawk-base-wrapper\"><\/div>\n<\/aside>\n<p>Was ist an Jenners Umgestaltung des Eingangsbereichs optisch so interessant? Am wichtigsten ist, dass der Tisch als auff\u00e4lliger \u201eBlickpunkt\u201c Akzente setzt. Dies ist eine Designtechnik, die den Blick in einen Raum lenkt. Da unser Gehirn die Dinge, die wir anhand von Mustern am einfachsten berechnen k\u00f6nnen, als die \u201esch\u00f6nsten\u201c verarbeitet, ist dies eine todsichere, psychologische M\u00f6glichkeit, Ihre G\u00e4ste zu verzaubern. In diesem Fall sorgen der S\u00e4ulentisch und die Pflanze f\u00fcr mehr H\u00f6he und Interesse. Die \u201eFocal-Point\u201c-Technik ist besonders n\u00fctzlich in einem Eingangsbereich, in dem Sie eine unmittelbare Wirkung auf die Besucher erzielen m\u00f6chten.<\/p>\n<div id=\"desktop-in-article\" class=\"in-article ad-unit\">\n<div id=\"desktop-taboola-mid-article\"><\/div>\n<\/div>\n<div id=\"mobile-in-article\" class=\"in-article ad-unit\">\n<div id=\"mobile-taboola-mid-article\"><\/div>\n<\/div>\n<div class=\"instagram-embed\">\n<blockquote class=\"instagram-media\" data-instgrm-captioned data-instgrm-version=\"6\" style=\"width:99.375%; width:-webkit-calc(100% - 2px); width:calc(100% - 2px);\">\n<p>Ein von Kris Jenner (@krisjenner) geteilter Beitrag<\/p>\n<p>Ein Foto gepostet von am <\/p>\n<\/blockquote>\n<\/div>\n<h2 id=\"shop-the-look-3\">Kaufen Sie den Look<\/h2>\n<div class=\"product-container hero-product-container product-block-no-wrap\"><\/div>\n<p>Bei der Gestaltung eines \u00e4hnlichen Raumes ist es auch wichtig, die Interaktion zwischen S\u00e4ulentisch und Treppe zu ber\u00fccksichtigen. Jenner hat mit der Form und den Farben ihrer Treppe gearbeitet, um einen Look zu schaffen, bei dem alle Elemente harmonisch miteinander harmonieren. Die Rundung des Tisches spielt mit der Rundung der Treppe und schafft so eine einladende und attraktive Symmetrie. Jenners Farbgestaltung ist ebenso passend; Obwohl der Brennpunkt dem Raum Farbe verleiht, gibt es nichts besonders Dunkles. Stattdessen l\u00e4sst sie das schwarze Treppengel\u00e4nder den einzigen schwarzen Akzent im Raum bilden, wodurch die zarte, dunkle Farbe noch wirkungsvoller wird.<\/p>\n<div class=\"van_vid_carousel\">\n<div class=\"van_vid_carousel__padding\">\n<div class=\"van_vid_carousel__container\"><\/div>\n<\/div>\n<\/div>\n<p>Um diesen Look nachzubilden, ist es wichtig, eine kunstvolle Mischung aus moderner \u00c4sthetik und Dekoration mit Antiquit\u00e4ten zu w\u00e4hlen. Der Kontrast ist der Schl\u00fcssel. In Jenners Eingangsbereich beispielsweise harmonieren der antike Marmor des S\u00e4ulentisches und der Vintage-Teller perfekt mit der modernen Farbgebung in Wei\u00df und Creme. Gegeneinander lassen beide Elemente das jeweils andere interessanter erscheinen. Meiner Meinung nach ist eine Mischung von Elementen der wichtigste Teil eines sch\u00f6nen Designs und kommt in Kris Jenners schlichtem Eingangsbereich besonders wirkungsvoll zur Geltung.<\/p>\n<div id=\"ad-unit-2\" class=\"ad-unit\"><\/div>\n<hr>\n<p>Einen Schwerpunkt zu setzen, auf Form und Farbe zu achten und verschiedene Designelemente zu kombinieren, sind die einfachsten M\u00f6glichkeiten, einen neutralen Raum aufzuwerten. Mit solchen Techniken sind wei\u00df gestrichene R\u00e4ume gar nicht so schlecht.<\/p>\n<hr>\n<div id=\"slice-container-newsletterForm-articleInbodyContent-LHFWJErhJ46CofZzpzCyZD\" class=\"slice-container newsletter-inbodyContent-slice newsletterForm-articleInbodyContent-LHFWJErhJ46CofZzpzCyZD slice-container-newsletterForm\"><\/div>\n<\/div>\n<p><script async src=\"\/\/www.instagram.com\/embed.js\"><\/script><\/p>\n","protected":false},"excerpt":{"rendered":"<p>Ich gebe ein Gest\u00e4ndnis: Ich hasse wei\u00df gestrichene R\u00e4ume. Ich wei\u00df, dass der Farbton beliebt ist, weil er vielseitig, einfach und wiederverkaufbar ist, aber f\u00fcr<\/p>\n","protected":false},"author":1,"featured_media":1590,"comment_status":"closed","ping_status":"","sticky":false,"template":"","format":"standard","meta":{"footnotes":""},"categories":[118],"tags":[2934,1381,2807,9,1554,166,355,214,129,325,2927,2926,2932,2931,2928,2933,621,2929,2930,2282],"class_list":["post-1589","post","type-post","status-publish","format-standard","has-post-thumbnail","hentry","category-haus-garten","tag-aufwertung","tag-aufzuwerten","tag-blickfang","tag-die","tag-dieser","tag-einen","tag-einfach","tag-eingangsbereich","tag-ich","tag-ihren","tag-jenner","tag-kris","tag-kuehne","tag-liebe","tag-luxurioesen","tag-nachzubildenden","tag-nutzt","tag-schlichten","tag-weissen","tag-wirkung","generate-columns","tablet-grid-50","mobile-grid-100","grid-parent","grid-50"],"yoast_head":"<!-- This site is optimized with the Yoast SEO plugin v27.3 - https:\/\/yoast.com\/product\/yoast-seo-wordpress\/ -->\n<title>Kris Jenner nutzt einen luxuri\u00f6sen Blickfang, um ihren schlichten wei\u00dfen Eingangsbereich aufzuwerten \u2013 ich liebe die k\u00fchne Wirkung dieser einfach nachzubildenden Aufwertung - Nachrichten - Stra\u00dfenweb<\/title>\n<meta name=\"robots\" content=\"index, follow, max-snippet:-1, max-image-preview:large, max-video-preview:-1\" \/>\n<link rel=\"canonical\" href=\"https:\/\/www.strassenweb.de\/nachrichten\/kris-jenner-nutzt-einen-luxurioesen-blickfang-um-ihren-schlichten-weissen-eingangsbereich-aufzuwerten-ich-liebe-die-kuehne-wirkung-dieser-einfach-nachzubildenden-aufwertung\/\" \/>\n<meta property=\"og:locale\" content=\"de_DE\" \/>\n<meta property=\"og:type\" content=\"article\" \/>\n<meta property=\"og:title\" content=\"Kris Jenner nutzt einen luxuri\u00f6sen Blickfang, um ihren schlichten wei\u00dfen Eingangsbereich aufzuwerten \u2013 ich liebe die k\u00fchne Wirkung dieser einfach nachzubildenden Aufwertung - Nachrichten - Stra\u00dfenweb\" \/>\n<meta property=\"og:description\" content=\"Ich gebe ein Gest\u00e4ndnis: Ich hasse wei\u00df gestrichene R\u00e4ume. Ich wei\u00df, dass der Farbton beliebt ist, weil er vielseitig, einfach und wiederverkaufbar ist, aber f\u00fcr\" \/>\n<meta property=\"og:url\" content=\"https:\/\/www.strassenweb.de\/nachrichten\/kris-jenner-nutzt-einen-luxurioesen-blickfang-um-ihren-schlichten-weissen-eingangsbereich-aufzuwerten-ich-liebe-die-kuehne-wirkung-dieser-einfach-nachzubildenden-aufwertung\/\" \/>\n<meta property=\"og:site_name\" content=\"Stra\u00dfenweb\" \/>\n<meta property=\"article:publisher\" content=\"https:\/\/www.facebook.com\/strassenweb\/\" \/>\n<meta property=\"article:published_time\" content=\"2024-11-16T01:13:40+00:00\" \/>\n<meta property=\"article:modified_time\" content=\"2024-11-16T01:13:41+00:00\" \/>\n<meta property=\"og:image\" content=\"https:\/\/www.strassenweb.de\/nachrichten\/wp-content\/uploads\/2024\/11\/Kris-Jenner-nutzt-einen-luxurioesen-Blickfang-um-ihren-schlichten-weissen.jpg\" \/>\n\t<meta property=\"og:image:width\" content=\"1200\" \/>\n\t<meta property=\"og:image:height\" content=\"675\" \/>\n\t<meta property=\"og:image:type\" content=\"image\/jpeg\" \/>\n<meta name=\"author\" content=\"Robert Hoffmann\" \/>\n<meta name=\"twitter:card\" content=\"summary_large_image\" \/>\n<meta name=\"twitter:label1\" content=\"Verfasst von\" \/>\n\t<meta name=\"twitter:data1\" content=\"Robert Hoffmann\" \/>\n\t<meta name=\"twitter:label2\" content=\"Gesch\u00e4tzte Lesezeit\" \/>\n\t<meta name=\"twitter:data2\" content=\"2\u00a0Minuten\" \/>\n<script type=\"application\/ld+json\" class=\"yoast-schema-graph\">{\"@context\":\"https:\\\/\\\/schema.org\",\"@graph\":[{\"@type\":\"Article\",\"@id\":\"https:\\\/\\\/www.strassenweb.de\\\/nachrichten\\\/kris-jenner-nutzt-einen-luxurioesen-blickfang-um-ihren-schlichten-weissen-eingangsbereich-aufzuwerten-ich-liebe-die-kuehne-wirkung-dieser-einfach-nachzubildenden-aufwertung\\\/#article\",\"isPartOf\":{\"@id\":\"https:\\\/\\\/www.strassenweb.de\\\/nachrichten\\\/kris-jenner-nutzt-einen-luxurioesen-blickfang-um-ihren-schlichten-weissen-eingangsbereich-aufzuwerten-ich-liebe-die-kuehne-wirkung-dieser-einfach-nachzubildenden-aufwertung\\\/\"},\"author\":{\"name\":\"Robert Hoffmann\",\"@id\":\"https:\\\/\\\/www.strassenweb.de\\\/nachrichten\\\/#\\\/schema\\\/person\\\/87c9c9067f1211da429a744dc5a5aa41\"},\"headline\":\"Kris Jenner nutzt einen luxuri\u00f6sen Blickfang, um ihren schlichten wei\u00dfen Eingangsbereich aufzuwerten \u2013 ich liebe die k\u00fchne Wirkung dieser einfach nachzubildenden Aufwertung\",\"datePublished\":\"2024-11-16T01:13:40+00:00\",\"dateModified\":\"2024-11-16T01:13:41+00:00\",\"mainEntityOfPage\":{\"@id\":\"https:\\\/\\\/www.strassenweb.de\\\/nachrichten\\\/kris-jenner-nutzt-einen-luxurioesen-blickfang-um-ihren-schlichten-weissen-eingangsbereich-aufzuwerten-ich-liebe-die-kuehne-wirkung-dieser-einfach-nachzubildenden-aufwertung\\\/\"},\"wordCount\":519,\"publisher\":{\"@id\":\"https:\\\/\\\/www.strassenweb.de\\\/nachrichten\\\/#organization\"},\"image\":{\"@id\":\"https:\\\/\\\/www.strassenweb.de\\\/nachrichten\\\/kris-jenner-nutzt-einen-luxurioesen-blickfang-um-ihren-schlichten-weissen-eingangsbereich-aufzuwerten-ich-liebe-die-kuehne-wirkung-dieser-einfach-nachzubildenden-aufwertung\\\/#primaryimage\"},\"thumbnailUrl\":\"https:\\\/\\\/www.strassenweb.de\\\/nachrichten\\\/wp-content\\\/uploads\\\/2024\\\/11\\\/Kris-Jenner-nutzt-einen-luxurioesen-Blickfang-um-ihren-schlichten-weissen.jpg\",\"keywords\":[\"Aufwertung\",\"aufzuwerten\",\"Blickfang\",\"die\",\"dieser\",\"einen\",\"einfach\",\"Eingangsbereich\",\"ich\",\"ihren\",\"Jenner\",\"Kris\",\"k\u00fchne\",\"liebe\",\"luxuri\u00f6sen\",\"nachzubildenden\",\"nutzt\",\"schlichten\",\"wei\u00dfen\",\"Wirkung\"],\"articleSection\":[\"Haus &amp; Garten\"],\"inLanguage\":\"de\"},{\"@type\":\"WebPage\",\"@id\":\"https:\\\/\\\/www.strassenweb.de\\\/nachrichten\\\/kris-jenner-nutzt-einen-luxurioesen-blickfang-um-ihren-schlichten-weissen-eingangsbereich-aufzuwerten-ich-liebe-die-kuehne-wirkung-dieser-einfach-nachzubildenden-aufwertung\\\/\",\"url\":\"https:\\\/\\\/www.strassenweb.de\\\/nachrichten\\\/kris-jenner-nutzt-einen-luxurioesen-blickfang-um-ihren-schlichten-weissen-eingangsbereich-aufzuwerten-ich-liebe-die-kuehne-wirkung-dieser-einfach-nachzubildenden-aufwertung\\\/\",\"name\":\"Kris Jenner nutzt einen luxuri\u00f6sen Blickfang, um ihren schlichten wei\u00dfen Eingangsbereich aufzuwerten \u2013 ich liebe die k\u00fchne Wirkung dieser einfach nachzubildenden Aufwertung - Nachrichten - Stra\u00dfenweb\",\"isPartOf\":{\"@id\":\"https:\\\/\\\/www.strassenweb.de\\\/nachrichten\\\/#website\"},\"primaryImageOfPage\":{\"@id\":\"https:\\\/\\\/www.strassenweb.de\\\/nachrichten\\\/kris-jenner-nutzt-einen-luxurioesen-blickfang-um-ihren-schlichten-weissen-eingangsbereich-aufzuwerten-ich-liebe-die-kuehne-wirkung-dieser-einfach-nachzubildenden-aufwertung\\\/#primaryimage\"},\"image\":{\"@id\":\"https:\\\/\\\/www.strassenweb.de\\\/nachrichten\\\/kris-jenner-nutzt-einen-luxurioesen-blickfang-um-ihren-schlichten-weissen-eingangsbereich-aufzuwerten-ich-liebe-die-kuehne-wirkung-dieser-einfach-nachzubildenden-aufwertung\\\/#primaryimage\"},\"thumbnailUrl\":\"https:\\\/\\\/www.strassenweb.de\\\/nachrichten\\\/wp-content\\\/uploads\\\/2024\\\/11\\\/Kris-Jenner-nutzt-einen-luxurioesen-Blickfang-um-ihren-schlichten-weissen.jpg\",\"datePublished\":\"2024-11-16T01:13:40+00:00\",\"dateModified\":\"2024-11-16T01:13:41+00:00\",\"breadcrumb\":{\"@id\":\"https:\\\/\\\/www.strassenweb.de\\\/nachrichten\\\/kris-jenner-nutzt-einen-luxurioesen-blickfang-um-ihren-schlichten-weissen-eingangsbereich-aufzuwerten-ich-liebe-die-kuehne-wirkung-dieser-einfach-nachzubildenden-aufwertung\\\/#breadcrumb\"},\"inLanguage\":\"de\",\"potentialAction\":[{\"@type\":\"ReadAction\",\"target\":[\"https:\\\/\\\/www.strassenweb.de\\\/nachrichten\\\/kris-jenner-nutzt-einen-luxurioesen-blickfang-um-ihren-schlichten-weissen-eingangsbereich-aufzuwerten-ich-liebe-die-kuehne-wirkung-dieser-einfach-nachzubildenden-aufwertung\\\/\"]}]},{\"@type\":\"ImageObject\",\"inLanguage\":\"de\",\"@id\":\"https:\\\/\\\/www.strassenweb.de\\\/nachrichten\\\/kris-jenner-nutzt-einen-luxurioesen-blickfang-um-ihren-schlichten-weissen-eingangsbereich-aufzuwerten-ich-liebe-die-kuehne-wirkung-dieser-einfach-nachzubildenden-aufwertung\\\/#primaryimage\",\"url\":\"https:\\\/\\\/www.strassenweb.de\\\/nachrichten\\\/wp-content\\\/uploads\\\/2024\\\/11\\\/Kris-Jenner-nutzt-einen-luxurioesen-Blickfang-um-ihren-schlichten-weissen.jpg\",\"contentUrl\":\"https:\\\/\\\/www.strassenweb.de\\\/nachrichten\\\/wp-content\\\/uploads\\\/2024\\\/11\\\/Kris-Jenner-nutzt-einen-luxurioesen-Blickfang-um-ihren-schlichten-weissen.jpg\",\"width\":1200,\"height\":675,\"caption\":\"Kris Jenner nutzt einen luxuri\u00f6sen Blickfang, um ihren schlichten wei\u00dfen Eingangsbereich aufzuwerten \u2013 ich liebe die k\u00fchne Wirkung dieser einfach nachzubildenden Aufwertung\"},{\"@type\":\"BreadcrumbList\",\"@id\":\"https:\\\/\\\/www.strassenweb.de\\\/nachrichten\\\/kris-jenner-nutzt-einen-luxurioesen-blickfang-um-ihren-schlichten-weissen-eingangsbereich-aufzuwerten-ich-liebe-die-kuehne-wirkung-dieser-einfach-nachzubildenden-aufwertung\\\/#breadcrumb\",\"itemListElement\":[{\"@type\":\"ListItem\",\"position\":1,\"name\":\"Home\",\"item\":\"https:\\\/\\\/www.strassenweb.de\\\/nachrichten\\\/\"},{\"@type\":\"ListItem\",\"position\":2,\"name\":\"Kris Jenner nutzt einen luxuri\u00f6sen Blickfang, um ihren schlichten wei\u00dfen Eingangsbereich aufzuwerten \u2013 ich liebe die k\u00fchne Wirkung dieser einfach nachzubildenden Aufwertung\"}]},{\"@type\":\"WebSite\",\"@id\":\"https:\\\/\\\/www.strassenweb.de\\\/nachrichten\\\/#website\",\"url\":\"https:\\\/\\\/www.strassenweb.de\\\/nachrichten\\\/\",\"name\":\"Stra\u00dfenweb\",\"description\":\"Stra\u00dfenverzeichnis f\u00fcr Deutschland\",\"publisher\":{\"@id\":\"https:\\\/\\\/www.strassenweb.de\\\/nachrichten\\\/#organization\"},\"potentialAction\":[{\"@type\":\"SearchAction\",\"target\":{\"@type\":\"EntryPoint\",\"urlTemplate\":\"https:\\\/\\\/www.strassenweb.de\\\/nachrichten\\\/?s={search_term_string}\"},\"query-input\":{\"@type\":\"PropertyValueSpecification\",\"valueRequired\":true,\"valueName\":\"search_term_string\"}}],\"inLanguage\":\"de\"},{\"@type\":\"Organization\",\"@id\":\"https:\\\/\\\/www.strassenweb.de\\\/nachrichten\\\/#organization\",\"name\":\"Stra\u00dfenweb\",\"url\":\"https:\\\/\\\/www.strassenweb.de\\\/nachrichten\\\/\",\"logo\":{\"@type\":\"ImageObject\",\"inLanguage\":\"de\",\"@id\":\"https:\\\/\\\/www.strassenweb.de\\\/nachrichten\\\/#\\\/schema\\\/logo\\\/image\\\/\",\"url\":\"https:\\\/\\\/www.strassenweb.de\\\/nachrichten\\\/wp-content\\\/uploads\\\/2024\\\/09\\\/cropped-favicon.png\",\"contentUrl\":\"https:\\\/\\\/www.strassenweb.de\\\/nachrichten\\\/wp-content\\\/uploads\\\/2024\\\/09\\\/cropped-favicon.png\",\"width\":512,\"height\":512,\"caption\":\"Stra\u00dfenweb\"},\"image\":{\"@id\":\"https:\\\/\\\/www.strassenweb.de\\\/nachrichten\\\/#\\\/schema\\\/logo\\\/image\\\/\"},\"sameAs\":[\"https:\\\/\\\/www.facebook.com\\\/strassenweb\\\/\"]},{\"@type\":\"Person\",\"@id\":\"https:\\\/\\\/www.strassenweb.de\\\/nachrichten\\\/#\\\/schema\\\/person\\\/87c9c9067f1211da429a744dc5a5aa41\",\"name\":\"Robert Hoffmann\",\"image\":{\"@type\":\"ImageObject\",\"inLanguage\":\"de\",\"@id\":\"https:\\\/\\\/www.strassenweb.de\\\/nachrichten\\\/wp-content\\\/uploads\\\/2024\\\/09\\\/strassenweb-150x150.jpg\",\"url\":\"https:\\\/\\\/www.strassenweb.de\\\/nachrichten\\\/wp-content\\\/uploads\\\/2024\\\/09\\\/strassenweb-150x150.jpg\",\"contentUrl\":\"https:\\\/\\\/www.strassenweb.de\\\/nachrichten\\\/wp-content\\\/uploads\\\/2024\\\/09\\\/strassenweb-150x150.jpg\",\"caption\":\"Robert Hoffmann\"},\"description\":\"Ich hei\u00dfe Robert Hoffmann und ich bin ein leidenschaftlicher Verfechter von \u00d6kologie und Biodiversit\u00e4t. Seit meiner Kindheit in den W\u00e4ldern Bayerns f\u00fchle ich mich mit der Natur verbunden und bin entschlossen, sie zu sch\u00fctzen. Heute widme ich mein Leben der Sensibilisierung anderer f\u00fcr die Bedeutung des Umweltschutzes f\u00fcr zuk\u00fcnftige Generationen.\",\"sameAs\":[\"https:\\\/\\\/www.strassenweb.de\\\/\"]}]}<\/script>\n<!-- \/ Yoast SEO plugin. -->","yoast_head_json":{"title":"Kris Jenner nutzt einen luxuri\u00f6sen Blickfang, um ihren schlichten wei\u00dfen Eingangsbereich aufzuwerten \u2013 ich liebe die k\u00fchne Wirkung dieser einfach nachzubildenden Aufwertung - Nachrichten - Stra\u00dfenweb","robots":{"index":"index","follow":"follow","max-snippet":"max-snippet:-1","max-image-preview":"max-image-preview:large","max-video-preview":"max-video-preview:-1"},"canonical":"https:\/\/www.strassenweb.de\/nachrichten\/kris-jenner-nutzt-einen-luxurioesen-blickfang-um-ihren-schlichten-weissen-eingangsbereich-aufzuwerten-ich-liebe-die-kuehne-wirkung-dieser-einfach-nachzubildenden-aufwertung\/","og_locale":"de_DE","og_type":"article","og_title":"Kris Jenner nutzt einen luxuri\u00f6sen Blickfang, um ihren schlichten wei\u00dfen Eingangsbereich aufzuwerten \u2013 ich liebe die k\u00fchne Wirkung dieser einfach nachzubildenden Aufwertung - Nachrichten - Stra\u00dfenweb","og_description":"Ich gebe ein Gest\u00e4ndnis: Ich hasse wei\u00df gestrichene R\u00e4ume. Ich wei\u00df, dass der Farbton beliebt ist, weil er vielseitig, einfach und wiederverkaufbar ist, aber f\u00fcr","og_url":"https:\/\/www.strassenweb.de\/nachrichten\/kris-jenner-nutzt-einen-luxurioesen-blickfang-um-ihren-schlichten-weissen-eingangsbereich-aufzuwerten-ich-liebe-die-kuehne-wirkung-dieser-einfach-nachzubildenden-aufwertung\/","og_site_name":"Stra\u00dfenweb","article_publisher":"https:\/\/www.facebook.com\/strassenweb\/","article_published_time":"2024-11-16T01:13:40+00:00","article_modified_time":"2024-11-16T01:13:41+00:00","og_image":[{"width":1200,"height":675,"url":"https:\/\/www.strassenweb.de\/nachrichten\/wp-content\/uploads\/2024\/11\/Kris-Jenner-nutzt-einen-luxurioesen-Blickfang-um-ihren-schlichten-weissen.jpg","type":"image\/jpeg"}],"author":"Robert Hoffmann","twitter_card":"summary_large_image","twitter_misc":{"Verfasst von":"Robert Hoffmann","Gesch\u00e4tzte Lesezeit":"2\u00a0Minuten"},"schema":{"@context":"https:\/\/schema.org","@graph":[{"@type":"Article","@id":"https:\/\/www.strassenweb.de\/nachrichten\/kris-jenner-nutzt-einen-luxurioesen-blickfang-um-ihren-schlichten-weissen-eingangsbereich-aufzuwerten-ich-liebe-die-kuehne-wirkung-dieser-einfach-nachzubildenden-aufwertung\/#article","isPartOf":{"@id":"https:\/\/www.strassenweb.de\/nachrichten\/kris-jenner-nutzt-einen-luxurioesen-blickfang-um-ihren-schlichten-weissen-eingangsbereich-aufzuwerten-ich-liebe-die-kuehne-wirkung-dieser-einfach-nachzubildenden-aufwertung\/"},"author":{"name":"Robert Hoffmann","@id":"https:\/\/www.strassenweb.de\/nachrichten\/#\/schema\/person\/87c9c9067f1211da429a744dc5a5aa41"},"headline":"Kris Jenner nutzt einen luxuri\u00f6sen Blickfang, um ihren schlichten wei\u00dfen Eingangsbereich aufzuwerten \u2013 ich liebe die k\u00fchne Wirkung dieser einfach nachzubildenden Aufwertung","datePublished":"2024-11-16T01:13:40+00:00","dateModified":"2024-11-16T01:13:41+00:00","mainEntityOfPage":{"@id":"https:\/\/www.strassenweb.de\/nachrichten\/kris-jenner-nutzt-einen-luxurioesen-blickfang-um-ihren-schlichten-weissen-eingangsbereich-aufzuwerten-ich-liebe-die-kuehne-wirkung-dieser-einfach-nachzubildenden-aufwertung\/"},"wordCount":519,"publisher":{"@id":"https:\/\/www.strassenweb.de\/nachrichten\/#organization"},"image":{"@id":"https:\/\/www.strassenweb.de\/nachrichten\/kris-jenner-nutzt-einen-luxurioesen-blickfang-um-ihren-schlichten-weissen-eingangsbereich-aufzuwerten-ich-liebe-die-kuehne-wirkung-dieser-einfach-nachzubildenden-aufwertung\/#primaryimage"},"thumbnailUrl":"https:\/\/www.strassenweb.de\/nachrichten\/wp-content\/uploads\/2024\/11\/Kris-Jenner-nutzt-einen-luxurioesen-Blickfang-um-ihren-schlichten-weissen.jpg","keywords":["Aufwertung","aufzuwerten","Blickfang","die","dieser","einen","einfach","Eingangsbereich","ich","ihren","Jenner","Kris","k\u00fchne","liebe","luxuri\u00f6sen","nachzubildenden","nutzt","schlichten","wei\u00dfen","Wirkung"],"articleSection":["Haus &amp; Garten"],"inLanguage":"de"},{"@type":"WebPage","@id":"https:\/\/www.strassenweb.de\/nachrichten\/kris-jenner-nutzt-einen-luxurioesen-blickfang-um-ihren-schlichten-weissen-eingangsbereich-aufzuwerten-ich-liebe-die-kuehne-wirkung-dieser-einfach-nachzubildenden-aufwertung\/","url":"https:\/\/www.strassenweb.de\/nachrichten\/kris-jenner-nutzt-einen-luxurioesen-blickfang-um-ihren-schlichten-weissen-eingangsbereich-aufzuwerten-ich-liebe-die-kuehne-wirkung-dieser-einfach-nachzubildenden-aufwertung\/","name":"Kris Jenner nutzt einen luxuri\u00f6sen Blickfang, um ihren schlichten wei\u00dfen Eingangsbereich aufzuwerten \u2013 ich liebe die k\u00fchne Wirkung dieser einfach nachzubildenden Aufwertung - Nachrichten - Stra\u00dfenweb","isPartOf":{"@id":"https:\/\/www.strassenweb.de\/nachrichten\/#website"},"primaryImageOfPage":{"@id":"https:\/\/www.strassenweb.de\/nachrichten\/kris-jenner-nutzt-einen-luxurioesen-blickfang-um-ihren-schlichten-weissen-eingangsbereich-aufzuwerten-ich-liebe-die-kuehne-wirkung-dieser-einfach-nachzubildenden-aufwertung\/#primaryimage"},"image":{"@id":"https:\/\/www.strassenweb.de\/nachrichten\/kris-jenner-nutzt-einen-luxurioesen-blickfang-um-ihren-schlichten-weissen-eingangsbereich-aufzuwerten-ich-liebe-die-kuehne-wirkung-dieser-einfach-nachzubildenden-aufwertung\/#primaryimage"},"thumbnailUrl":"https:\/\/www.strassenweb.de\/nachrichten\/wp-content\/uploads\/2024\/11\/Kris-Jenner-nutzt-einen-luxurioesen-Blickfang-um-ihren-schlichten-weissen.jpg","datePublished":"2024-11-16T01:13:40+00:00","dateModified":"2024-11-16T01:13:41+00:00","breadcrumb":{"@id":"https:\/\/www.strassenweb.de\/nachrichten\/kris-jenner-nutzt-einen-luxurioesen-blickfang-um-ihren-schlichten-weissen-eingangsbereich-aufzuwerten-ich-liebe-die-kuehne-wirkung-dieser-einfach-nachzubildenden-aufwertung\/#breadcrumb"},"inLanguage":"de","potentialAction":[{"@type":"ReadAction","target":["https:\/\/www.strassenweb.de\/nachrichten\/kris-jenner-nutzt-einen-luxurioesen-blickfang-um-ihren-schlichten-weissen-eingangsbereich-aufzuwerten-ich-liebe-die-kuehne-wirkung-dieser-einfach-nachzubildenden-aufwertung\/"]}]},{"@type":"ImageObject","inLanguage":"de","@id":"https:\/\/www.strassenweb.de\/nachrichten\/kris-jenner-nutzt-einen-luxurioesen-blickfang-um-ihren-schlichten-weissen-eingangsbereich-aufzuwerten-ich-liebe-die-kuehne-wirkung-dieser-einfach-nachzubildenden-aufwertung\/#primaryimage","url":"https:\/\/www.strassenweb.de\/nachrichten\/wp-content\/uploads\/2024\/11\/Kris-Jenner-nutzt-einen-luxurioesen-Blickfang-um-ihren-schlichten-weissen.jpg","contentUrl":"https:\/\/www.strassenweb.de\/nachrichten\/wp-content\/uploads\/2024\/11\/Kris-Jenner-nutzt-einen-luxurioesen-Blickfang-um-ihren-schlichten-weissen.jpg","width":1200,"height":675,"caption":"Kris Jenner nutzt einen luxuri\u00f6sen Blickfang, um ihren schlichten wei\u00dfen Eingangsbereich aufzuwerten \u2013 ich liebe die k\u00fchne Wirkung dieser einfach nachzubildenden Aufwertung"},{"@type":"BreadcrumbList","@id":"https:\/\/www.strassenweb.de\/nachrichten\/kris-jenner-nutzt-einen-luxurioesen-blickfang-um-ihren-schlichten-weissen-eingangsbereich-aufzuwerten-ich-liebe-die-kuehne-wirkung-dieser-einfach-nachzubildenden-aufwertung\/#breadcrumb","itemListElement":[{"@type":"ListItem","position":1,"name":"Home","item":"https:\/\/www.strassenweb.de\/nachrichten\/"},{"@type":"ListItem","position":2,"name":"Kris Jenner nutzt einen luxuri\u00f6sen Blickfang, um ihren schlichten wei\u00dfen Eingangsbereich aufzuwerten \u2013 ich liebe die k\u00fchne Wirkung dieser einfach nachzubildenden Aufwertung"}]},{"@type":"WebSite","@id":"https:\/\/www.strassenweb.de\/nachrichten\/#website","url":"https:\/\/www.strassenweb.de\/nachrichten\/","name":"Stra\u00dfenweb","description":"Stra\u00dfenverzeichnis f\u00fcr Deutschland","publisher":{"@id":"https:\/\/www.strassenweb.de\/nachrichten\/#organization"},"potentialAction":[{"@type":"SearchAction","target":{"@type":"EntryPoint","urlTemplate":"https:\/\/www.strassenweb.de\/nachrichten\/?s={search_term_string}"},"query-input":{"@type":"PropertyValueSpecification","valueRequired":true,"valueName":"search_term_string"}}],"inLanguage":"de"},{"@type":"Organization","@id":"https:\/\/www.strassenweb.de\/nachrichten\/#organization","name":"Stra\u00dfenweb","url":"https:\/\/www.strassenweb.de\/nachrichten\/","logo":{"@type":"ImageObject","inLanguage":"de","@id":"https:\/\/www.strassenweb.de\/nachrichten\/#\/schema\/logo\/image\/","url":"https:\/\/www.strassenweb.de\/nachrichten\/wp-content\/uploads\/2024\/09\/cropped-favicon.png","contentUrl":"https:\/\/www.strassenweb.de\/nachrichten\/wp-content\/uploads\/2024\/09\/cropped-favicon.png","width":512,"height":512,"caption":"Stra\u00dfenweb"},"image":{"@id":"https:\/\/www.strassenweb.de\/nachrichten\/#\/schema\/logo\/image\/"},"sameAs":["https:\/\/www.facebook.com\/strassenweb\/"]},{"@type":"Person","@id":"https:\/\/www.strassenweb.de\/nachrichten\/#\/schema\/person\/87c9c9067f1211da429a744dc5a5aa41","name":"Robert Hoffmann","image":{"@type":"ImageObject","inLanguage":"de","@id":"https:\/\/www.strassenweb.de\/nachrichten\/wp-content\/uploads\/2024\/09\/strassenweb-150x150.jpg","url":"https:\/\/www.strassenweb.de\/nachrichten\/wp-content\/uploads\/2024\/09\/strassenweb-150x150.jpg","contentUrl":"https:\/\/www.strassenweb.de\/nachrichten\/wp-content\/uploads\/2024\/09\/strassenweb-150x150.jpg","caption":"Robert Hoffmann"},"description":"Ich hei\u00dfe Robert Hoffmann und ich bin ein leidenschaftlicher Verfechter von \u00d6kologie und Biodiversit\u00e4t. Seit meiner Kindheit in den W\u00e4ldern Bayerns f\u00fchle ich mich mit der Natur verbunden und bin entschlossen, sie zu sch\u00fctzen. Heute widme ich mein Leben der Sensibilisierung anderer f\u00fcr die Bedeutung des Umweltschutzes f\u00fcr zuk\u00fcnftige Generationen.","sameAs":["https:\/\/www.strassenweb.de\/"]}]}},"_links":{"self":[{"href":"https:\/\/www.strassenweb.de\/nachrichten\/wp-json\/wp\/v2\/posts\/1589","targetHints":{"allow":["GET"]}}],"collection":[{"href":"https:\/\/www.strassenweb.de\/nachrichten\/wp-json\/wp\/v2\/posts"}],"about":[{"href":"https:\/\/www.strassenweb.de\/nachrichten\/wp-json\/wp\/v2\/types\/post"}],"author":[{"embeddable":true,"href":"https:\/\/www.strassenweb.de\/nachrichten\/wp-json\/wp\/v2\/users\/1"}],"replies":[{"embeddable":true,"href":"https:\/\/www.strassenweb.de\/nachrichten\/wp-json\/wp\/v2\/comments?post=1589"}],"version-history":[{"count":0,"href":"https:\/\/www.strassenweb.de\/nachrichten\/wp-json\/wp\/v2\/posts\/1589\/revisions"}],"wp:featuredmedia":[{"embeddable":true,"href":"https:\/\/www.strassenweb.de\/nachrichten\/wp-json\/wp\/v2\/media\/1590"}],"wp:attachment":[{"href":"https:\/\/www.strassenweb.de\/nachrichten\/wp-json\/wp\/v2\/media?parent=1589"}],"wp:term":[{"taxonomy":"category","embeddable":true,"href":"https:\/\/www.strassenweb.de\/nachrichten\/wp-json\/wp\/v2\/categories?post=1589"},{"taxonomy":"post_tag","embeddable":true,"href":"https:\/\/www.strassenweb.de\/nachrichten\/wp-json\/wp\/v2\/tags?post=1589"}],"curies":[{"name":"wp","href":"https:\/\/api.w.org\/{rel}","templated":true}]}}