{"id":1586,"date":"2024-11-15T22:44:54","date_gmt":"2024-11-15T21:44:54","guid":{"rendered":"https:\/\/www.strassenweb.de\/nachrichten\/wann-sollte-man-einen-igel-retten-ein-fachkundiger-fuehrer\/"},"modified":"2024-11-15T22:44:55","modified_gmt":"2024-11-15T21:44:55","slug":"wann-sollte-man-einen-igel-retten-ein-fachkundiger-fuehrer","status":"publish","type":"post","link":"https:\/\/www.strassenweb.de\/nachrichten\/wann-sollte-man-einen-igel-retten-ein-fachkundiger-fuehrer\/","title":{"rendered":"Wann sollte man einen Igel retten? Ein fachkundiger F\u00fchrer"},"content":{"rendered":"<p>Igel sind das am h\u00e4ufigsten gerettete Wildtier im Vereinigten K\u00f6nigreich. Hier ist unser Leitfaden, der Ihnen hilft zu wissen, wann sie gerettet werden m\u00fcssen \u2013 und wann es am besten ist, sie in Ruhe zu lassen.<\/p>\n<p>Wenn die N\u00e4chte hereinbrechen, sieht man unsere stacheligen Freunde h\u00e4ufig in der Abendd\u00e4mmerung in den G\u00e4rten herumschn\u00fcffeln. Fr\u00fcher wurde der \u00d6ffentlichkeit geraten, untergewichtige Igel im Herbst einzusammeln und bis zum Fr\u00fchjahr im Haus zu lassen, da man glaubte, dass sie den Winterschlaf nicht \u00fcberleben w\u00fcrden.<\/p>\n<p>\u00d6kologen wissen mittlerweile, dass kleinere Igel den Winter \u00fcberleben k\u00f6nnen. Da der Klimawandel die Winter in Gro\u00dfbritannien w\u00e4rmer und feuchter macht und die Temperaturen den ganzen Herbst \u00fcber h\u00f6her bleiben, bleiben Igel tats\u00e4chlich l\u00e4nger aktiv. Das bedeutet, dass einige erst im Dezember oder Januar Winterschlaf halten und so gen\u00fcgend Zeit haben, an Gewicht zuzunehmen.<\/p>\n<p>Im Vereinigten K\u00f6nigreich gibt es \u00fcber 300 Igelrettungsstationen, aber im Herbst und Winter sind viele von ihnen \u00fcberf\u00fcllt und k\u00f6nnen keine Aufnahmen annehmen. Einer Studie aus dem Jahr 2006 zufolge befanden sich allein im Vereinigten K\u00f6nigreich 40.000 Igel in Rehabilitation.<\/p>\n<p>Kleine, aber gesunde Igel k\u00f6nnen einige Zeit brauchen, um ein gesundes Auswurfgewicht zu erreichen. Diese Herbstjungtiere k\u00f6nnen \u201edas Bett blockieren\u201c, indem sie Platz wegnehmen, der f\u00fcr die Behandlung eines kranken oder verletzten Schweins genutzt werden k\u00f6nnte.<\/p>\n<h2 class=\"wp-block-heading\">Wenn eine Rettung nicht n\u00f6tig ist<\/h2>\n<p>Sobald ein Igel in eine Rettung aufgenommen wurde, kann er nur dann wieder freigelassen werden, wenn er die gleichen Chancen hat wie ein gesunder ausgewachsener Wildigel. Eine Studie der Nottingham Trent University aus dem Jahr 2019 zeigte, dass rehabilitierte Igel, die \u00fcber die Wintermonate mit 600 g freigelassen werden, diese Kriterien erf\u00fcllen k\u00f6nnen. Die Studie stellte sicher, dass die Temperaturen bei der Freilassung \u00fcber dem Gefrierpunkt lagen, bot den Igeln ansonsten jedoch keine zus\u00e4tzliche Unterst\u00fctzung.<\/p>\n<p>Das bedeutet, dass es nicht mehr notwendig ist, Igel bis zum Fr\u00fchjahr in Tierrettung zu halten. Tolle Neuigkeiten f\u00fcr Igel, aber nicht jeder wei\u00df es.<\/p>\n<figure class=\"wp-block-image\"><\/figure>\n<p>Einige Wildtierrettungen halten Igel weiterhin \u00fcber den Winter im Haus und lassen sie im Fr\u00fchjahr frei \u2013 jederzeit von Ende Februar bis Mai. Igel erwachen aus dem Winterschlaf, wenn die Temperaturen konstant \u00fcber 10 \u00b0C liegen, und beginnen zu Beginn des Jahres mit der Brut. Igel, die den Winter im Haus verbringen, verpassen einen wichtigen Teil der Brutzeit.<\/p>\n<p>Bei manchen Igeln kann es sein, dass sie die Fortpflanzung ganz auslassen, wodurch sich die Gesamtzahl der W\u00fcrfe verringert, oder dass sie erst sp\u00e4ter im Jahr Junge bekommen. Die Population k\u00f6nnte einen Teil ihrer genetischen Vielfalt (ein Bollwerk gegen Krankheiten) verlieren, wenn weniger Igel br\u00fcten.<\/p>\n<p>Auch die Haltung von Tieren in Gefangenschaft kann f\u00fcr sie Stress verursachen. Wildtiere k\u00f6nnen Stress so empfinden, als w\u00fcrden sie einem Raubtier gegen\u00fcberstehen. Langfristiger Stress kann die Fortpflanzung beeintr\u00e4chtigen, die Immunit\u00e4t beeintr\u00e4chtigen und zu einer schlechten Gesundheit f\u00fchren.<\/p>\n<p>Die Gefangennahme eines Wildtiers sollte nicht leichtfertig erfolgen. Das Einfangen, der Umgang, der Transport und die Untersuchung von Tieren verursachen nachweislich Stress.<\/p>\n<p>Woher wissen Sie also, wann Igel wirklich Ihre Hilfe brauchen?<\/p>\n<h2 class=\"wp-block-heading\">Wann Sie eingreifen sollten<\/h2>\n<p>Da Igel nachtaktiv sind, brauchen Tiere, die tags\u00fcber unterwegs sind, im Herbst und Winter Hilfe. In den Sommermonaten kann man gelegentlich tr\u00e4chtige Igel beobachten, die tags\u00fcber Nester bauen, doch im Herbst und Winter geht es den einzigen Igeln, die tags\u00fcber aktiv sind, nicht gut.<\/p>\n<p>Jeder verletzte Igel muss gerettet werden. M\u00f6glicherweise schleppen sie ein Bein, bluten, wackeln oder laufen im Kreis. Igel sind in der Nachbarschaft vielen Gefahren ausgesetzt, darunter Verkehr, Rasenm\u00e4her, Hunde, Netze und Lagerfeuer.<\/p>\n<p>Der K\u00f6rperzustand ist wichtiger als das Gewicht allein. Die Fotos unten zeigen zwei Igel mit \u00e4hnlichem Gewicht. Der linke ist ein sehr gesunder Igel, w\u00e4hrend der rechte verhungert ist.<\/p>\n<figure class=\"wp-block-image\"><img decoding=\"async\" src=\"https:\/\/www.strassenweb.de\/nachrichten\/wp-content\/uploads\/2024\/11\/Wann-sollte-man-einen-Igel-retten-Ein-fachkundiger-Fuehrer.0&#038;q=45&#038;auto=format&#038;w=754&#038;fit=clip.png\" alt=\"Zwei Igel nebeneinander, einer dick und gesund, der andere d\u00fcnn und ungesund.\"><\/figure>\n<p>Zusammengerollt sind gesunde Igel rund und ihr Gewicht ist gleichm\u00e4\u00dfig auf Schultern und H\u00fcften verteilt. Igel, deren Schwanzende zugespitzt ist und deren H\u00fcften oder Schultern hervorstehen, sind in einem schlechten Zustand und sie sind diejenigen, die am meisten der Rettung bed\u00fcrfen.<\/p>\n<p>G\u00e4rten k\u00f6nnen ein toller Lebensraum f\u00fcr Igel sein. Durch die Schaffung von Bereichen, die Wildfutter bieten \u2013 Holzhaufen, hohes Gras und Komposthaufen \u2013 k\u00f6nnen sie nach W\u00fcrmern, K\u00e4fern, K\u00e4fern und anderen Insekten graben. Packen Sie auch keine Bl\u00e4tter ein, denn Haufen davon k\u00f6nnen Insekten anlocken und eignen sich hervorragend als Einstreu f\u00fcr Igelnester. Alle Wildtiere brauchen frisches Wasser. Stellen Sie daher unbedingt auch eine flache Sch\u00fcssel bereit.<\/p>\n<p>Wenn Sie einen verletzten Igel sehen oder tags\u00fcber einen finden, heben Sie ihn bitte mit einem Handtuch hoch und legen Sie ihn zusammen mit einer W\u00e4rmflasche in eine hohe Plastikbox. Wenden Sie sich an die n\u00e4chstgelegene Tierrettung, um Rat zu erhalten, oder bringen Sie das Tier zum n\u00e4chstgelegenen Tierarzt. Eine Rettung finden Sie unter www.helpwildlife.co.uk.<\/p>\n<p>Denken Sie daran: Igel, die nachts drau\u00dfen sind und gesund wirken, lassen Sie am besten in der Wildnis.<\/p>\n<hr class=\"wp-block-separator has-alpha-channel-opacity\">\n<p>Emily Harper, Doktorandin, Fakult\u00e4t f\u00fcr Tier-, Land- und Umweltwissenschaften, <em>Nottingham Trent University<\/em><\/p>\n<p>  wird von The Conversation unter einer Creative Commons-Lizenz erneut ver\u00f6ffentlicht. <\/p>\n","protected":false},"excerpt":{"rendered":"<p>Igel sind das am h\u00e4ufigsten gerettete Wildtier im Vereinigten K\u00f6nigreich. Hier ist unser Leitfaden, der Ihnen hilft zu wissen, wann sie gerettet werden m\u00fcssen \u2013<\/p>\n","protected":false},"author":1,"featured_media":1587,"comment_status":"closed","ping_status":"","sticky":false,"template":"","format":"standard","meta":{"footnotes":""},"categories":[101],"tags":[43,166,1116,2925,2332,134,230,62,131],"class_list":["post-1586","post","type-post","status-publish","format-standard","has-post-thumbnail","hentry","category-oekologie","tag-ein","tag-einen","tag-fachkundiger","tag-fuehrer","tag-igel","tag-man","tag-retten","tag-sollte","tag-wann","generate-columns","tablet-grid-50","mobile-grid-100","grid-parent","grid-50"],"yoast_head":"<!-- This site is optimized with the Yoast SEO plugin v27.3 - https:\/\/yoast.com\/product\/yoast-seo-wordpress\/ -->\n<title>Wann sollte man einen Igel retten? Ein fachkundiger F\u00fchrer - Nachrichten - Stra\u00dfenweb<\/title>\n<meta name=\"robots\" content=\"index, follow, max-snippet:-1, max-image-preview:large, max-video-preview:-1\" \/>\n<link rel=\"canonical\" href=\"https:\/\/www.strassenweb.de\/nachrichten\/wann-sollte-man-einen-igel-retten-ein-fachkundiger-fuehrer\/\" \/>\n<meta property=\"og:locale\" content=\"de_DE\" \/>\n<meta property=\"og:type\" content=\"article\" \/>\n<meta property=\"og:title\" content=\"Wann sollte man einen Igel retten? Ein fachkundiger F\u00fchrer - Nachrichten - Stra\u00dfenweb\" \/>\n<meta property=\"og:description\" content=\"Igel sind das am h\u00e4ufigsten gerettete Wildtier im Vereinigten K\u00f6nigreich. Hier ist unser Leitfaden, der Ihnen hilft zu wissen, wann sie gerettet werden m\u00fcssen \u2013\" \/>\n<meta property=\"og:url\" content=\"https:\/\/www.strassenweb.de\/nachrichten\/wann-sollte-man-einen-igel-retten-ein-fachkundiger-fuehrer\/\" \/>\n<meta property=\"og:site_name\" content=\"Stra\u00dfenweb\" \/>\n<meta property=\"article:publisher\" content=\"https:\/\/www.facebook.com\/strassenweb\/\" \/>\n<meta property=\"article:published_time\" content=\"2024-11-15T21:44:54+00:00\" \/>\n<meta property=\"article:modified_time\" content=\"2024-11-15T21:44:55+00:00\" \/>\n<meta property=\"og:image\" content=\"https:\/\/www.strassenweb.de\/nachrichten\/wp-content\/uploads\/2024\/11\/Wann-sollte-man-einen-Igel-retten-Ein-fachkundiger-Fuehrer.jpg\" \/>\n\t<meta property=\"og:image:width\" content=\"900\" \/>\n\t<meta property=\"og:image:height\" content=\"596\" \/>\n\t<meta property=\"og:image:type\" content=\"image\/jpeg\" \/>\n<meta name=\"author\" content=\"Robert Hoffmann\" \/>\n<meta name=\"twitter:card\" content=\"summary_large_image\" \/>\n<meta name=\"twitter:label1\" content=\"Verfasst von\" \/>\n\t<meta name=\"twitter:data1\" content=\"Robert Hoffmann\" \/>\n\t<meta name=\"twitter:label2\" content=\"Gesch\u00e4tzte Lesezeit\" \/>\n\t<meta name=\"twitter:data2\" content=\"4\u00a0Minuten\" \/>\n<script type=\"application\/ld+json\" class=\"yoast-schema-graph\">{\"@context\":\"https:\\\/\\\/schema.org\",\"@graph\":[{\"@type\":\"Article\",\"@id\":\"https:\\\/\\\/www.strassenweb.de\\\/nachrichten\\\/wann-sollte-man-einen-igel-retten-ein-fachkundiger-fuehrer\\\/#article\",\"isPartOf\":{\"@id\":\"https:\\\/\\\/www.strassenweb.de\\\/nachrichten\\\/wann-sollte-man-einen-igel-retten-ein-fachkundiger-fuehrer\\\/\"},\"author\":{\"name\":\"Robert Hoffmann\",\"@id\":\"https:\\\/\\\/www.strassenweb.de\\\/nachrichten\\\/#\\\/schema\\\/person\\\/87c9c9067f1211da429a744dc5a5aa41\"},\"headline\":\"Wann sollte man einen Igel retten? Ein fachkundiger F\u00fchrer\",\"datePublished\":\"2024-11-15T21:44:54+00:00\",\"dateModified\":\"2024-11-15T21:44:55+00:00\",\"mainEntityOfPage\":{\"@id\":\"https:\\\/\\\/www.strassenweb.de\\\/nachrichten\\\/wann-sollte-man-einen-igel-retten-ein-fachkundiger-fuehrer\\\/\"},\"wordCount\":882,\"publisher\":{\"@id\":\"https:\\\/\\\/www.strassenweb.de\\\/nachrichten\\\/#organization\"},\"image\":{\"@id\":\"https:\\\/\\\/www.strassenweb.de\\\/nachrichten\\\/wann-sollte-man-einen-igel-retten-ein-fachkundiger-fuehrer\\\/#primaryimage\"},\"thumbnailUrl\":\"https:\\\/\\\/www.strassenweb.de\\\/nachrichten\\\/wp-content\\\/uploads\\\/2024\\\/11\\\/Wann-sollte-man-einen-Igel-retten-Ein-fachkundiger-Fuehrer.jpg\",\"keywords\":[\"ein\",\"einen\",\"fachkundiger\",\"F\u00fchrer\",\"Igel\",\"man\",\"retten\",\"Sollte\",\"Wann\"],\"articleSection\":[\"\u00d6kologie\"],\"inLanguage\":\"de\"},{\"@type\":\"WebPage\",\"@id\":\"https:\\\/\\\/www.strassenweb.de\\\/nachrichten\\\/wann-sollte-man-einen-igel-retten-ein-fachkundiger-fuehrer\\\/\",\"url\":\"https:\\\/\\\/www.strassenweb.de\\\/nachrichten\\\/wann-sollte-man-einen-igel-retten-ein-fachkundiger-fuehrer\\\/\",\"name\":\"Wann sollte man einen Igel retten? Ein fachkundiger F\u00fchrer - Nachrichten - Stra\u00dfenweb\",\"isPartOf\":{\"@id\":\"https:\\\/\\\/www.strassenweb.de\\\/nachrichten\\\/#website\"},\"primaryImageOfPage\":{\"@id\":\"https:\\\/\\\/www.strassenweb.de\\\/nachrichten\\\/wann-sollte-man-einen-igel-retten-ein-fachkundiger-fuehrer\\\/#primaryimage\"},\"image\":{\"@id\":\"https:\\\/\\\/www.strassenweb.de\\\/nachrichten\\\/wann-sollte-man-einen-igel-retten-ein-fachkundiger-fuehrer\\\/#primaryimage\"},\"thumbnailUrl\":\"https:\\\/\\\/www.strassenweb.de\\\/nachrichten\\\/wp-content\\\/uploads\\\/2024\\\/11\\\/Wann-sollte-man-einen-Igel-retten-Ein-fachkundiger-Fuehrer.jpg\",\"datePublished\":\"2024-11-15T21:44:54+00:00\",\"dateModified\":\"2024-11-15T21:44:55+00:00\",\"breadcrumb\":{\"@id\":\"https:\\\/\\\/www.strassenweb.de\\\/nachrichten\\\/wann-sollte-man-einen-igel-retten-ein-fachkundiger-fuehrer\\\/#breadcrumb\"},\"inLanguage\":\"de\",\"potentialAction\":[{\"@type\":\"ReadAction\",\"target\":[\"https:\\\/\\\/www.strassenweb.de\\\/nachrichten\\\/wann-sollte-man-einen-igel-retten-ein-fachkundiger-fuehrer\\\/\"]}]},{\"@type\":\"ImageObject\",\"inLanguage\":\"de\",\"@id\":\"https:\\\/\\\/www.strassenweb.de\\\/nachrichten\\\/wann-sollte-man-einen-igel-retten-ein-fachkundiger-fuehrer\\\/#primaryimage\",\"url\":\"https:\\\/\\\/www.strassenweb.de\\\/nachrichten\\\/wp-content\\\/uploads\\\/2024\\\/11\\\/Wann-sollte-man-einen-Igel-retten-Ein-fachkundiger-Fuehrer.jpg\",\"contentUrl\":\"https:\\\/\\\/www.strassenweb.de\\\/nachrichten\\\/wp-content\\\/uploads\\\/2024\\\/11\\\/Wann-sollte-man-einen-Igel-retten-Ein-fachkundiger-Fuehrer.jpg\",\"width\":900,\"height\":596,\"caption\":\"When should you rescue a hedgehog? An expert\u00a0guide\"},{\"@type\":\"BreadcrumbList\",\"@id\":\"https:\\\/\\\/www.strassenweb.de\\\/nachrichten\\\/wann-sollte-man-einen-igel-retten-ein-fachkundiger-fuehrer\\\/#breadcrumb\",\"itemListElement\":[{\"@type\":\"ListItem\",\"position\":1,\"name\":\"Home\",\"item\":\"https:\\\/\\\/www.strassenweb.de\\\/nachrichten\\\/\"},{\"@type\":\"ListItem\",\"position\":2,\"name\":\"Wann sollte man einen Igel retten? Ein fachkundiger F\u00fchrer\"}]},{\"@type\":\"WebSite\",\"@id\":\"https:\\\/\\\/www.strassenweb.de\\\/nachrichten\\\/#website\",\"url\":\"https:\\\/\\\/www.strassenweb.de\\\/nachrichten\\\/\",\"name\":\"Stra\u00dfenweb\",\"description\":\"Stra\u00dfenverzeichnis f\u00fcr Deutschland\",\"publisher\":{\"@id\":\"https:\\\/\\\/www.strassenweb.de\\\/nachrichten\\\/#organization\"},\"potentialAction\":[{\"@type\":\"SearchAction\",\"target\":{\"@type\":\"EntryPoint\",\"urlTemplate\":\"https:\\\/\\\/www.strassenweb.de\\\/nachrichten\\\/?s={search_term_string}\"},\"query-input\":{\"@type\":\"PropertyValueSpecification\",\"valueRequired\":true,\"valueName\":\"search_term_string\"}}],\"inLanguage\":\"de\"},{\"@type\":\"Organization\",\"@id\":\"https:\\\/\\\/www.strassenweb.de\\\/nachrichten\\\/#organization\",\"name\":\"Stra\u00dfenweb\",\"url\":\"https:\\\/\\\/www.strassenweb.de\\\/nachrichten\\\/\",\"logo\":{\"@type\":\"ImageObject\",\"inLanguage\":\"de\",\"@id\":\"https:\\\/\\\/www.strassenweb.de\\\/nachrichten\\\/#\\\/schema\\\/logo\\\/image\\\/\",\"url\":\"https:\\\/\\\/www.strassenweb.de\\\/nachrichten\\\/wp-content\\\/uploads\\\/2024\\\/09\\\/cropped-favicon.png\",\"contentUrl\":\"https:\\\/\\\/www.strassenweb.de\\\/nachrichten\\\/wp-content\\\/uploads\\\/2024\\\/09\\\/cropped-favicon.png\",\"width\":512,\"height\":512,\"caption\":\"Stra\u00dfenweb\"},\"image\":{\"@id\":\"https:\\\/\\\/www.strassenweb.de\\\/nachrichten\\\/#\\\/schema\\\/logo\\\/image\\\/\"},\"sameAs\":[\"https:\\\/\\\/www.facebook.com\\\/strassenweb\\\/\"]},{\"@type\":\"Person\",\"@id\":\"https:\\\/\\\/www.strassenweb.de\\\/nachrichten\\\/#\\\/schema\\\/person\\\/87c9c9067f1211da429a744dc5a5aa41\",\"name\":\"Robert Hoffmann\",\"image\":{\"@type\":\"ImageObject\",\"inLanguage\":\"de\",\"@id\":\"https:\\\/\\\/www.strassenweb.de\\\/nachrichten\\\/wp-content\\\/uploads\\\/2024\\\/09\\\/strassenweb-150x150.jpg\",\"url\":\"https:\\\/\\\/www.strassenweb.de\\\/nachrichten\\\/wp-content\\\/uploads\\\/2024\\\/09\\\/strassenweb-150x150.jpg\",\"contentUrl\":\"https:\\\/\\\/www.strassenweb.de\\\/nachrichten\\\/wp-content\\\/uploads\\\/2024\\\/09\\\/strassenweb-150x150.jpg\",\"caption\":\"Robert Hoffmann\"},\"description\":\"Ich hei\u00dfe Robert Hoffmann und ich bin ein leidenschaftlicher Verfechter von \u00d6kologie und Biodiversit\u00e4t. Seit meiner Kindheit in den W\u00e4ldern Bayerns f\u00fchle ich mich mit der Natur verbunden und bin entschlossen, sie zu sch\u00fctzen. Heute widme ich mein Leben der Sensibilisierung anderer f\u00fcr die Bedeutung des Umweltschutzes f\u00fcr zuk\u00fcnftige Generationen.\",\"sameAs\":[\"https:\\\/\\\/www.strassenweb.de\\\/\"]}]}<\/script>\n<!-- \/ Yoast SEO plugin. -->","yoast_head_json":{"title":"Wann sollte man einen Igel retten? Ein fachkundiger F\u00fchrer - Nachrichten - Stra\u00dfenweb","robots":{"index":"index","follow":"follow","max-snippet":"max-snippet:-1","max-image-preview":"max-image-preview:large","max-video-preview":"max-video-preview:-1"},"canonical":"https:\/\/www.strassenweb.de\/nachrichten\/wann-sollte-man-einen-igel-retten-ein-fachkundiger-fuehrer\/","og_locale":"de_DE","og_type":"article","og_title":"Wann sollte man einen Igel retten? Ein fachkundiger F\u00fchrer - Nachrichten - Stra\u00dfenweb","og_description":"Igel sind das am h\u00e4ufigsten gerettete Wildtier im Vereinigten K\u00f6nigreich. Hier ist unser Leitfaden, der Ihnen hilft zu wissen, wann sie gerettet werden m\u00fcssen \u2013","og_url":"https:\/\/www.strassenweb.de\/nachrichten\/wann-sollte-man-einen-igel-retten-ein-fachkundiger-fuehrer\/","og_site_name":"Stra\u00dfenweb","article_publisher":"https:\/\/www.facebook.com\/strassenweb\/","article_published_time":"2024-11-15T21:44:54+00:00","article_modified_time":"2024-11-15T21:44:55+00:00","og_image":[{"width":900,"height":596,"url":"https:\/\/www.strassenweb.de\/nachrichten\/wp-content\/uploads\/2024\/11\/Wann-sollte-man-einen-Igel-retten-Ein-fachkundiger-Fuehrer.jpg","type":"image\/jpeg"}],"author":"Robert Hoffmann","twitter_card":"summary_large_image","twitter_misc":{"Verfasst von":"Robert Hoffmann","Gesch\u00e4tzte Lesezeit":"4\u00a0Minuten"},"schema":{"@context":"https:\/\/schema.org","@graph":[{"@type":"Article","@id":"https:\/\/www.strassenweb.de\/nachrichten\/wann-sollte-man-einen-igel-retten-ein-fachkundiger-fuehrer\/#article","isPartOf":{"@id":"https:\/\/www.strassenweb.de\/nachrichten\/wann-sollte-man-einen-igel-retten-ein-fachkundiger-fuehrer\/"},"author":{"name":"Robert Hoffmann","@id":"https:\/\/www.strassenweb.de\/nachrichten\/#\/schema\/person\/87c9c9067f1211da429a744dc5a5aa41"},"headline":"Wann sollte man einen Igel retten? Ein fachkundiger F\u00fchrer","datePublished":"2024-11-15T21:44:54+00:00","dateModified":"2024-11-15T21:44:55+00:00","mainEntityOfPage":{"@id":"https:\/\/www.strassenweb.de\/nachrichten\/wann-sollte-man-einen-igel-retten-ein-fachkundiger-fuehrer\/"},"wordCount":882,"publisher":{"@id":"https:\/\/www.strassenweb.de\/nachrichten\/#organization"},"image":{"@id":"https:\/\/www.strassenweb.de\/nachrichten\/wann-sollte-man-einen-igel-retten-ein-fachkundiger-fuehrer\/#primaryimage"},"thumbnailUrl":"https:\/\/www.strassenweb.de\/nachrichten\/wp-content\/uploads\/2024\/11\/Wann-sollte-man-einen-Igel-retten-Ein-fachkundiger-Fuehrer.jpg","keywords":["ein","einen","fachkundiger","F\u00fchrer","Igel","man","retten","Sollte","Wann"],"articleSection":["\u00d6kologie"],"inLanguage":"de"},{"@type":"WebPage","@id":"https:\/\/www.strassenweb.de\/nachrichten\/wann-sollte-man-einen-igel-retten-ein-fachkundiger-fuehrer\/","url":"https:\/\/www.strassenweb.de\/nachrichten\/wann-sollte-man-einen-igel-retten-ein-fachkundiger-fuehrer\/","name":"Wann sollte man einen Igel retten? Ein fachkundiger F\u00fchrer - Nachrichten - Stra\u00dfenweb","isPartOf":{"@id":"https:\/\/www.strassenweb.de\/nachrichten\/#website"},"primaryImageOfPage":{"@id":"https:\/\/www.strassenweb.de\/nachrichten\/wann-sollte-man-einen-igel-retten-ein-fachkundiger-fuehrer\/#primaryimage"},"image":{"@id":"https:\/\/www.strassenweb.de\/nachrichten\/wann-sollte-man-einen-igel-retten-ein-fachkundiger-fuehrer\/#primaryimage"},"thumbnailUrl":"https:\/\/www.strassenweb.de\/nachrichten\/wp-content\/uploads\/2024\/11\/Wann-sollte-man-einen-Igel-retten-Ein-fachkundiger-Fuehrer.jpg","datePublished":"2024-11-15T21:44:54+00:00","dateModified":"2024-11-15T21:44:55+00:00","breadcrumb":{"@id":"https:\/\/www.strassenweb.de\/nachrichten\/wann-sollte-man-einen-igel-retten-ein-fachkundiger-fuehrer\/#breadcrumb"},"inLanguage":"de","potentialAction":[{"@type":"ReadAction","target":["https:\/\/www.strassenweb.de\/nachrichten\/wann-sollte-man-einen-igel-retten-ein-fachkundiger-fuehrer\/"]}]},{"@type":"ImageObject","inLanguage":"de","@id":"https:\/\/www.strassenweb.de\/nachrichten\/wann-sollte-man-einen-igel-retten-ein-fachkundiger-fuehrer\/#primaryimage","url":"https:\/\/www.strassenweb.de\/nachrichten\/wp-content\/uploads\/2024\/11\/Wann-sollte-man-einen-Igel-retten-Ein-fachkundiger-Fuehrer.jpg","contentUrl":"https:\/\/www.strassenweb.de\/nachrichten\/wp-content\/uploads\/2024\/11\/Wann-sollte-man-einen-Igel-retten-Ein-fachkundiger-Fuehrer.jpg","width":900,"height":596,"caption":"When should you rescue a hedgehog? An expert\u00a0guide"},{"@type":"BreadcrumbList","@id":"https:\/\/www.strassenweb.de\/nachrichten\/wann-sollte-man-einen-igel-retten-ein-fachkundiger-fuehrer\/#breadcrumb","itemListElement":[{"@type":"ListItem","position":1,"name":"Home","item":"https:\/\/www.strassenweb.de\/nachrichten\/"},{"@type":"ListItem","position":2,"name":"Wann sollte man einen Igel retten? Ein fachkundiger F\u00fchrer"}]},{"@type":"WebSite","@id":"https:\/\/www.strassenweb.de\/nachrichten\/#website","url":"https:\/\/www.strassenweb.de\/nachrichten\/","name":"Stra\u00dfenweb","description":"Stra\u00dfenverzeichnis f\u00fcr Deutschland","publisher":{"@id":"https:\/\/www.strassenweb.de\/nachrichten\/#organization"},"potentialAction":[{"@type":"SearchAction","target":{"@type":"EntryPoint","urlTemplate":"https:\/\/www.strassenweb.de\/nachrichten\/?s={search_term_string}"},"query-input":{"@type":"PropertyValueSpecification","valueRequired":true,"valueName":"search_term_string"}}],"inLanguage":"de"},{"@type":"Organization","@id":"https:\/\/www.strassenweb.de\/nachrichten\/#organization","name":"Stra\u00dfenweb","url":"https:\/\/www.strassenweb.de\/nachrichten\/","logo":{"@type":"ImageObject","inLanguage":"de","@id":"https:\/\/www.strassenweb.de\/nachrichten\/#\/schema\/logo\/image\/","url":"https:\/\/www.strassenweb.de\/nachrichten\/wp-content\/uploads\/2024\/09\/cropped-favicon.png","contentUrl":"https:\/\/www.strassenweb.de\/nachrichten\/wp-content\/uploads\/2024\/09\/cropped-favicon.png","width":512,"height":512,"caption":"Stra\u00dfenweb"},"image":{"@id":"https:\/\/www.strassenweb.de\/nachrichten\/#\/schema\/logo\/image\/"},"sameAs":["https:\/\/www.facebook.com\/strassenweb\/"]},{"@type":"Person","@id":"https:\/\/www.strassenweb.de\/nachrichten\/#\/schema\/person\/87c9c9067f1211da429a744dc5a5aa41","name":"Robert Hoffmann","image":{"@type":"ImageObject","inLanguage":"de","@id":"https:\/\/www.strassenweb.de\/nachrichten\/wp-content\/uploads\/2024\/09\/strassenweb-150x150.jpg","url":"https:\/\/www.strassenweb.de\/nachrichten\/wp-content\/uploads\/2024\/09\/strassenweb-150x150.jpg","contentUrl":"https:\/\/www.strassenweb.de\/nachrichten\/wp-content\/uploads\/2024\/09\/strassenweb-150x150.jpg","caption":"Robert Hoffmann"},"description":"Ich hei\u00dfe Robert Hoffmann und ich bin ein leidenschaftlicher Verfechter von \u00d6kologie und Biodiversit\u00e4t. Seit meiner Kindheit in den W\u00e4ldern Bayerns f\u00fchle ich mich mit der Natur verbunden und bin entschlossen, sie zu sch\u00fctzen. Heute widme ich mein Leben der Sensibilisierung anderer f\u00fcr die Bedeutung des Umweltschutzes f\u00fcr zuk\u00fcnftige Generationen.","sameAs":["https:\/\/www.strassenweb.de\/"]}]}},"_links":{"self":[{"href":"https:\/\/www.strassenweb.de\/nachrichten\/wp-json\/wp\/v2\/posts\/1586","targetHints":{"allow":["GET"]}}],"collection":[{"href":"https:\/\/www.strassenweb.de\/nachrichten\/wp-json\/wp\/v2\/posts"}],"about":[{"href":"https:\/\/www.strassenweb.de\/nachrichten\/wp-json\/wp\/v2\/types\/post"}],"author":[{"embeddable":true,"href":"https:\/\/www.strassenweb.de\/nachrichten\/wp-json\/wp\/v2\/users\/1"}],"replies":[{"embeddable":true,"href":"https:\/\/www.strassenweb.de\/nachrichten\/wp-json\/wp\/v2\/comments?post=1586"}],"version-history":[{"count":0,"href":"https:\/\/www.strassenweb.de\/nachrichten\/wp-json\/wp\/v2\/posts\/1586\/revisions"}],"wp:featuredmedia":[{"embeddable":true,"href":"https:\/\/www.strassenweb.de\/nachrichten\/wp-json\/wp\/v2\/media\/1587"}],"wp:attachment":[{"href":"https:\/\/www.strassenweb.de\/nachrichten\/wp-json\/wp\/v2\/media?parent=1586"}],"wp:term":[{"taxonomy":"category","embeddable":true,"href":"https:\/\/www.strassenweb.de\/nachrichten\/wp-json\/wp\/v2\/categories?post=1586"},{"taxonomy":"post_tag","embeddable":true,"href":"https:\/\/www.strassenweb.de\/nachrichten\/wp-json\/wp\/v2\/tags?post=1586"}],"curies":[{"name":"wp","href":"https:\/\/api.w.org\/{rel}","templated":true}]}}