{"id":1581,"date":"2024-11-15T18:39:50","date_gmt":"2024-11-15T17:39:50","guid":{"rendered":"https:\/\/www.strassenweb.de\/nachrichten\/wir-haben-in-diesem-jahr-die-vom-menschen-verursachte-erwaermung-um-15-c-ueberschritten-nur-nicht-so-wie-es-das-pariser-abkommen-vorsieht\/"},"modified":"2024-11-15T18:39:51","modified_gmt":"2024-11-15T17:39:51","slug":"wir-haben-in-diesem-jahr-die-vom-menschen-verursachte-erwaermung-um-15-c-ueberschritten-nur-nicht-so-wie-es-das-pariser-abkommen-vorsieht","status":"publish","type":"post","link":"https:\/\/www.strassenweb.de\/nachrichten\/wir-haben-in-diesem-jahr-die-vom-menschen-verursachte-erwaermung-um-15-c-ueberschritten-nur-nicht-so-wie-es-das-pariser-abkommen-vorsieht\/","title":{"rendered":"Wir haben in diesem Jahr die vom Menschen verursachte Erw\u00e4rmung um 1,5 \u00b0C \u00fcberschritten (nur nicht so, wie es das Pariser Abkommen vorsieht)"},"content":{"rendered":"<p>Laut einer von uns entwickelten neuen Methode hat die vom Menschen verursachte globale Erw\u00e4rmung gerade die Marke von 1,5 \u00b0C \u00fcberschritten. Das sind fast 0,2 \u00b0C mehr als bisher angenommen.<\/p>\n<p>Dies bedeutet jedoch nicht, dass das Ziel, die Erw\u00e4rmung unter 1,5 \u00b0C zu halten, tot ist, da das Pariser Abkommen und die UN-Klimagipfel auf unterschiedlichen Methoden basieren.<\/p>\n<p>Diese zus\u00e4tzliche Erw\u00e4rmung ergibt sich aus der Art und Weise, wie wir definieren, was vorindustriell war, wobei unsere Methode im antarktischen Eis vergrabene Luftblasen verwendet, um Daten zu sammeln, die weit vor dem Industriezeitalter zur\u00fcckreichen. Aktuelle Methoden schlie\u00dfen einen Teil der fr\u00fchen Erw\u00e4rmung aus. Wir verbessern auch radikal die Kenntnis dieser Zahlen.<\/p>\n<p>Die Messung der vom Menschen verursachten Erw\u00e4rmung erfolgt in zwei Schritten. Die erste erfordert, dass wir Temperaturmessungen mit ihrem vorindustriellen Gegenst\u00fcck vergleichen \u2013 wir nennen dies die vorindustrielle Basislinie. Der zweite Schritt besteht darin, den menschlichen Beitrag von dem Teil zu trennen, f\u00fcr den der Mensch nicht verantwortlich ist, wie etwa Vulkanausbr\u00fcche, El Ni\u00f1o oder zuf\u00e4llige Wetterereignisse \u2013 wir nennen das nat\u00fcrliche Variabilit\u00e4t.<\/p>\n<figure class=\"wp-block-image\"><\/figure>\n<p>Der Zwischenstaatliche Ausschuss f\u00fcr Klima\u00e4nderungen (IPCC) w\u00e4hlte den Zeitraum 1850\u20131900 als vorindustriellen Ausgangspunkt, da wir zu diesem Zeitpunkt begannen, die Temperatur auf der ganzen Welt aussagekr\u00e4ftig zu messen, auch wenn die industrielle Revolution tats\u00e4chlich fr\u00fcher begann. Eine Erw\u00e4rmung seit dieser Zeit h\u00e4tten die Verhandlungsf\u00fchrer bei der Ausarbeitung des Pariser Abkommens im Sinn gehabt. Anschlie\u00dfend werden Klimamodelle und statistische Analysen verwendet, um die Vulkane und kurzfristigen Wetterschwankungen in den Daten herauszufiltern, sodass nur der vom Menschen verursachte Teil \u00fcbrig bleibt.<\/p>\n<p>Mit diesen Methoden betrug die vom Menschen verursachte Erw\u00e4rmung seit 1850\u20131900 bis zum Jahr 2023 1,31 \u00b0C. Allerdings bergen Zahlen wie diese eine erhebliche Unsicherheit, und die Realit\u00e4t k\u00f6nnte irgendwo zwischen 1,1 \u00b0C und 1,6 \u00b0C liegen. Obwohl wir also wahrscheinlich rund 0,2 \u00b0C unter der 1,5 \u00b0C-Grenze liegen, k\u00f6nnen wir mit diesen bisherigen Ans\u00e4tzen nicht sicher sein, dass wir sie nicht bereits \u00fcberschritten haben.<\/p>\n<p>Bedauerlicherweise ist in den vorindustriellen Zeitraum von 1850 bis 1900 wahrscheinlich eine vom Menschen verursachte Erw\u00e4rmung eingebaut, da die industrielle Revolution deutlich fr\u00fcher begann. Daher wird die vom Menschen verursachte Erw\u00e4rmung, \u00fcber die wir derzeit verhandeln, untersch\u00e4tzt.<\/p>\n<h2 class=\"wp-block-heading\">Ein neuer Ansatz<\/h2>\n<p>Gl\u00fccklicherweise k\u00f6nnen wir mit unserer neuen Methode deutlich genauere Sch\u00e4tzungen vornehmen. Das liegt an einem einfachen, aber bisher \u00fcbersehenen Zusammenhang zwischen der CO\u2082-Konzentration, die wir in der Atmosph\u00e4re messen, und der beobachteten Temperatur\u00e4nderung.<\/p>\n<figure class=\"wp-block-image\"><img decoding=\"async\" src=\"https:\/\/www.strassenweb.de\/nachrichten\/wp-content\/uploads\/2024\/11\/Wir-haben-in-diesem-Jahr-die-vom-Menschen-verursachte-Erwaermung.0&#038;q=45&#038;auto=format&#038;w=754&#038;fit=clip.png\" alt=\"Streudiagramm mit starker Korrelation\"><\/figure>\n<p>Wir betrachten diesen Zusammenhang als eine gerade Linie, was bedeutet, dass eine bestimmte Menge zus\u00e4tzlichen atmosph\u00e4rischen Kohlenstoffs immer mit der gleichen Erw\u00e4rmung verbunden ist. Das ist etwas umstritten, erm\u00f6glicht uns aber, eine Reihe sehr n\u00fctzlicher Dinge zu tun.<\/p>\n<p>Erstens erm\u00f6glicht es uns, auf einer vorindustriellen Basis weit vor 1850 aufzubauen. Dies liegt daran, dass wir im Gegensatz zu globalen Temperaturmessungen \u00fcber CO\u2082-Daten aus Eiskernen verf\u00fcgen, die Tausende von Jahren zur\u00fcckreichen, also lange vor Beginn der industriellen Revolution. Diese Daten werden durch Bohrungen durch die antarktische Eiskappe und Gewinnung der in den Blasen im Eis eingeschlossenen Luft gesammelt. Je tiefer Sie den Drilldown durchf\u00fchren, desto \u00e4lter ist die Luft.<\/p>\n<p>Diese Daten zeigen uns, dass die CO\u2082-Konzentration in der Atmosph\u00e4re zwei Jahrtausende lang ziemlich konstant bei 280 Teilen pro Million lag, bevor sie ab etwa 1700 zu steigen begann. Wir k\u00f6nnen dann die mit diesem zus\u00e4tzlichen Kohlenstoff verbundene Temperatur\u00e4nderung absch\u00e4tzen, die uns sagt, wie stark die Erw\u00e4rmung war Eingebettet in die Basislinie von 1850\u20131900, die derzeit vom IPCC verwendet wird.<\/p>\n<p>Zweitens erm\u00f6glicht uns die geradlinige Beziehung zwischen CO\u2082 und Temperatur auch, die vom Menschen verursachte Erw\u00e4rmung von der nat\u00fcrlichen Variabilit\u00e4t zu trennen, da der von uns gesuchte Erw\u00e4rmungstrend so eng mit dem von uns gemessenen Anstieg des CO\u2082 zusammenh\u00e4ngt.<\/p>\n<h2 class=\"wp-block-heading\">Eine genauere Sch\u00e4tzung<\/h2>\n<p>Mit unserer neuen Methode k\u00f6nnen wir die vom Menschen verursachte Erw\u00e4rmung entweder anhand unserer Basislinie vor 1700 oder anhand der Basislinie des IPCC von 1850 bis 1900 absch\u00e4tzen. Unter Verwendung der Basislinie 1850\u20131900 sch\u00e4tzen wir die vom Menschen verursachte Erw\u00e4rmung f\u00fcr 2023 auf 1,31 \u00b0C und stimmen damit mit der besten Sch\u00e4tzung des IPCC \u00fcberein. Allerdings ist unsere Sch\u00e4tzung dreimal besser definiert. Obwohl wir im Jahr 2024 eine Rekorderw\u00e4rmung erlebt haben, k\u00f6nnen wir sicher sein, dass die vom Menschen verursachte Erw\u00e4rmung im Zeitraum 1850\u20131900 noch nicht 1,5 \u00b0C \u00fcberschritten hat.<\/p>\n<figure class=\"wp-block-image\"><img decoding=\"async\" src=\"https:\/\/www.strassenweb.de\/nachrichten\/wp-content\/uploads\/2024\/11\/1731692390_220_Wir-haben-in-diesem-Jahr-die-vom-Menschen-verursachte-Erwaermung.0&#038;q=45&#038;auto=format&#038;w=754&#038;fit=clip.jpeg\" alt=\"Gravur eines Kanals mit Industriegeb\u00e4ude im Hintergrund\"><\/figure>\n<p>Gemessen am Basiswert vor 1700 hat der Mensch eine Erw\u00e4rmung verursacht, die im Jahr 2023 fast 1,5 \u00b0C erreichte und im Oktober 2024 bei 1,53 \u00b0C liegt (innerhalb einer Spanne von 0,11 \u00b0C). Dies vermittelt ein umfassenderes Bild der Erw\u00e4rmung, die durch jahrhundertelange menschliche Aktivit\u00e4ten verursacht wurde, da zunehmende Entwaldung, Landwirtschaft und fr\u00fche Industrien alle zum Anstieg des Kohlendioxidgehalts beitrugen. Dieses Ergebnis zeigt uns, dass in der Basislinie von 1850 bis 1900 eine Erw\u00e4rmung von ann\u00e4hernd 0,2 \u00b0C eingebrannt ist, weil die Auswirkungen der fr\u00fchen Emissionen, die vor Beginn der Temperaturaufzeichnungen freigesetzt wurden, ignoriert wurden.<\/p>\n<h2 class=\"wp-block-heading\">1,5, tot oder lebendig?<\/h2>\n<p>Da das Pariser Abkommen auf wissenschaftlichen Erkenntnissen basiert, die den Zeitraum von 1850 bis 1900 als Grundlage verwenden, kann es sein, dass die von uns gemeldete zus\u00e4tzliche fr\u00fche Erw\u00e4rmung letztendlich nicht auf die Temperaturziele angerechnet wird. Daher ist es unfair zu sagen, dass die 1,5\u00b0C-Grenze durch unsere j\u00fcngste Sch\u00e4tzung \u00fcberschritten wurde. Doch selbst wenn wir uns an den vorindustriellen Zeitraum von 1850 bis 1900 halten, ist eine vom Menschen verursachte Erw\u00e4rmung um 1,5 \u00b0C bei den derzeitigen Erw\u00e4rmungsraten weniger als ein Jahrzehnt entfernt. Die 1,5\u00b0C-Grenze in Paris ist sicherlich lebensgef\u00e4hrlich.<\/p>\n<p>Aber vielleicht ist das nicht der richtige Weg, die Rolle von 1.5 zu sehen. Das vereinbarte Ziel besteht darin, den Temperaturanstieg \u201edeutlich unter 2 Grad\u201c zu halten, und der Supertanker der Weltwirtschaft wird etwas Starkes brauchen, um den Kurs zu \u00e4ndern. Der Ankerpunkt liegt derzeit darin, 1,5 in Reichweite zu halten. Es wird entscheidend sein, genau zu wissen, wo wir uns in Bezug auf diesen Anker befinden. Und vielleicht hilft unsere Forschung hier am meisten.<\/p>\n<hr class=\"wp-block-separator has-alpha-channel-opacity\">\n<p>Andrew Jarvis, Dozent, Lancaster Environment Centre, <em>Lancaster-Universit\u00e4t<\/em> und Piers Forster, Professor f\u00fcr physikalischen Klimawandel; Direktor des Priestley International Centre for Climate, <em>Universit\u00e4t Leeds<\/em><\/p>\n<p>  wird von The Conversation unter einer Creative Commons-Lizenz erneut ver\u00f6ffentlicht. <\/p>\n","protected":false},"excerpt":{"rendered":"<p>Laut einer von uns entwickelten neuen Methode hat die vom Menschen verursachte globale Erw\u00e4rmung gerade die Marke von 1,5 \u00b0C \u00fcberschritten. Das sind fast 0,2<\/p>\n","protected":false},"author":1,"featured_media":1582,"comment_status":"closed","ping_status":"","sticky":false,"template":"","format":"standard","meta":{"footnotes":""},"categories":[101],"tags":[2919,112,9,32,2916,469,384,408,61,54,2918,2917,117,758,86,26,411],"class_list":["post-1581","post","type-post","status-publish","format-standard","has-post-thumbnail","hentry","category-oekologie","tag-abkommen","tag-das","tag-die","tag-diesem","tag-erwaermung","tag-haben","tag-jahr","tag-menschen","tag-nicht","tag-nur","tag-pariser","tag-ueberschritten","tag-verursachte","tag-vom","tag-vorsieht","tag-wie","tag-wir","generate-columns","tablet-grid-50","mobile-grid-100","grid-parent","grid-50"],"yoast_head":"<!-- This site is optimized with the Yoast SEO plugin v27.3 - https:\/\/yoast.com\/product\/yoast-seo-wordpress\/ -->\n<title>Wir haben in diesem Jahr die vom Menschen verursachte Erw\u00e4rmung um 1,5 \u00b0C \u00fcberschritten (nur nicht so, wie es das Pariser Abkommen vorsieht) - Nachrichten - Stra\u00dfenweb<\/title>\n<meta name=\"robots\" content=\"index, follow, max-snippet:-1, max-image-preview:large, max-video-preview:-1\" \/>\n<link rel=\"canonical\" href=\"https:\/\/www.strassenweb.de\/nachrichten\/wir-haben-in-diesem-jahr-die-vom-menschen-verursachte-erwaermung-um-15-c-ueberschritten-nur-nicht-so-wie-es-das-pariser-abkommen-vorsieht\/\" \/>\n<meta property=\"og:locale\" content=\"de_DE\" \/>\n<meta property=\"og:type\" content=\"article\" \/>\n<meta property=\"og:title\" content=\"Wir haben in diesem Jahr die vom Menschen verursachte Erw\u00e4rmung um 1,5 \u00b0C \u00fcberschritten (nur nicht so, wie es das Pariser Abkommen vorsieht) - Nachrichten - Stra\u00dfenweb\" \/>\n<meta property=\"og:description\" content=\"Laut einer von uns entwickelten neuen Methode hat die vom Menschen verursachte globale Erw\u00e4rmung gerade die Marke von 1,5 \u00b0C \u00fcberschritten. Das sind fast 0,2\" \/>\n<meta property=\"og:url\" content=\"https:\/\/www.strassenweb.de\/nachrichten\/wir-haben-in-diesem-jahr-die-vom-menschen-verursachte-erwaermung-um-15-c-ueberschritten-nur-nicht-so-wie-es-das-pariser-abkommen-vorsieht\/\" \/>\n<meta property=\"og:site_name\" content=\"Stra\u00dfenweb\" \/>\n<meta property=\"article:publisher\" content=\"https:\/\/www.facebook.com\/strassenweb\/\" \/>\n<meta property=\"article:published_time\" content=\"2024-11-15T17:39:50+00:00\" \/>\n<meta property=\"article:modified_time\" content=\"2024-11-15T17:39:51+00:00\" \/>\n<meta property=\"og:image\" content=\"https:\/\/www.strassenweb.de\/nachrichten\/wp-content\/uploads\/2024\/11\/Wir-haben-in-diesem-Jahr-die-vom-Menschen-verursachte-Erwaermung.jpg\" \/>\n\t<meta property=\"og:image:width\" content=\"900\" \/>\n\t<meta property=\"og:image:height\" content=\"600\" \/>\n\t<meta property=\"og:image:type\" content=\"image\/jpeg\" \/>\n<meta name=\"author\" content=\"Robert Hoffmann\" \/>\n<meta name=\"twitter:card\" content=\"summary_large_image\" \/>\n<meta name=\"twitter:label1\" content=\"Verfasst von\" \/>\n\t<meta name=\"twitter:data1\" content=\"Robert Hoffmann\" \/>\n\t<meta name=\"twitter:label2\" content=\"Gesch\u00e4tzte Lesezeit\" \/>\n\t<meta name=\"twitter:data2\" content=\"5\u00a0Minuten\" \/>\n<script type=\"application\/ld+json\" class=\"yoast-schema-graph\">{\"@context\":\"https:\\\/\\\/schema.org\",\"@graph\":[{\"@type\":\"Article\",\"@id\":\"https:\\\/\\\/www.strassenweb.de\\\/nachrichten\\\/wir-haben-in-diesem-jahr-die-vom-menschen-verursachte-erwaermung-um-15-c-ueberschritten-nur-nicht-so-wie-es-das-pariser-abkommen-vorsieht\\\/#article\",\"isPartOf\":{\"@id\":\"https:\\\/\\\/www.strassenweb.de\\\/nachrichten\\\/wir-haben-in-diesem-jahr-die-vom-menschen-verursachte-erwaermung-um-15-c-ueberschritten-nur-nicht-so-wie-es-das-pariser-abkommen-vorsieht\\\/\"},\"author\":{\"name\":\"Robert Hoffmann\",\"@id\":\"https:\\\/\\\/www.strassenweb.de\\\/nachrichten\\\/#\\\/schema\\\/person\\\/87c9c9067f1211da429a744dc5a5aa41\"},\"headline\":\"Wir haben in diesem Jahr die vom Menschen verursachte Erw\u00e4rmung um 1,5 \u00b0C \u00fcberschritten (nur nicht so, wie es das Pariser Abkommen vorsieht)\",\"datePublished\":\"2024-11-15T17:39:50+00:00\",\"dateModified\":\"2024-11-15T17:39:51+00:00\",\"mainEntityOfPage\":{\"@id\":\"https:\\\/\\\/www.strassenweb.de\\\/nachrichten\\\/wir-haben-in-diesem-jahr-die-vom-menschen-verursachte-erwaermung-um-15-c-ueberschritten-nur-nicht-so-wie-es-das-pariser-abkommen-vorsieht\\\/\"},\"wordCount\":1058,\"publisher\":{\"@id\":\"https:\\\/\\\/www.strassenweb.de\\\/nachrichten\\\/#organization\"},\"image\":{\"@id\":\"https:\\\/\\\/www.strassenweb.de\\\/nachrichten\\\/wir-haben-in-diesem-jahr-die-vom-menschen-verursachte-erwaermung-um-15-c-ueberschritten-nur-nicht-so-wie-es-das-pariser-abkommen-vorsieht\\\/#primaryimage\"},\"thumbnailUrl\":\"https:\\\/\\\/www.strassenweb.de\\\/nachrichten\\\/wp-content\\\/uploads\\\/2024\\\/11\\\/Wir-haben-in-diesem-Jahr-die-vom-Menschen-verursachte-Erwaermung.jpg\",\"keywords\":[\"Abkommen\",\"das\",\"die\",\"diesem\",\"Erw\u00e4rmung\",\"haben\",\"Jahr\",\"Menschen\",\"nicht\",\"nur\",\"Pariser\",\"\u00fcberschritten\",\"verursachte\",\"vom\",\"vorsieht\",\"Wie\",\"wir\"],\"articleSection\":[\"\u00d6kologie\"],\"inLanguage\":\"de\"},{\"@type\":\"WebPage\",\"@id\":\"https:\\\/\\\/www.strassenweb.de\\\/nachrichten\\\/wir-haben-in-diesem-jahr-die-vom-menschen-verursachte-erwaermung-um-15-c-ueberschritten-nur-nicht-so-wie-es-das-pariser-abkommen-vorsieht\\\/\",\"url\":\"https:\\\/\\\/www.strassenweb.de\\\/nachrichten\\\/wir-haben-in-diesem-jahr-die-vom-menschen-verursachte-erwaermung-um-15-c-ueberschritten-nur-nicht-so-wie-es-das-pariser-abkommen-vorsieht\\\/\",\"name\":\"Wir haben in diesem Jahr die vom Menschen verursachte Erw\u00e4rmung um 1,5 \u00b0C \u00fcberschritten (nur nicht so, wie es das Pariser Abkommen vorsieht) - Nachrichten - Stra\u00dfenweb\",\"isPartOf\":{\"@id\":\"https:\\\/\\\/www.strassenweb.de\\\/nachrichten\\\/#website\"},\"primaryImageOfPage\":{\"@id\":\"https:\\\/\\\/www.strassenweb.de\\\/nachrichten\\\/wir-haben-in-diesem-jahr-die-vom-menschen-verursachte-erwaermung-um-15-c-ueberschritten-nur-nicht-so-wie-es-das-pariser-abkommen-vorsieht\\\/#primaryimage\"},\"image\":{\"@id\":\"https:\\\/\\\/www.strassenweb.de\\\/nachrichten\\\/wir-haben-in-diesem-jahr-die-vom-menschen-verursachte-erwaermung-um-15-c-ueberschritten-nur-nicht-so-wie-es-das-pariser-abkommen-vorsieht\\\/#primaryimage\"},\"thumbnailUrl\":\"https:\\\/\\\/www.strassenweb.de\\\/nachrichten\\\/wp-content\\\/uploads\\\/2024\\\/11\\\/Wir-haben-in-diesem-Jahr-die-vom-Menschen-verursachte-Erwaermung.jpg\",\"datePublished\":\"2024-11-15T17:39:50+00:00\",\"dateModified\":\"2024-11-15T17:39:51+00:00\",\"breadcrumb\":{\"@id\":\"https:\\\/\\\/www.strassenweb.de\\\/nachrichten\\\/wir-haben-in-diesem-jahr-die-vom-menschen-verursachte-erwaermung-um-15-c-ueberschritten-nur-nicht-so-wie-es-das-pariser-abkommen-vorsieht\\\/#breadcrumb\"},\"inLanguage\":\"de\",\"potentialAction\":[{\"@type\":\"ReadAction\",\"target\":[\"https:\\\/\\\/www.strassenweb.de\\\/nachrichten\\\/wir-haben-in-diesem-jahr-die-vom-menschen-verursachte-erwaermung-um-15-c-ueberschritten-nur-nicht-so-wie-es-das-pariser-abkommen-vorsieht\\\/\"]}]},{\"@type\":\"ImageObject\",\"inLanguage\":\"de\",\"@id\":\"https:\\\/\\\/www.strassenweb.de\\\/nachrichten\\\/wir-haben-in-diesem-jahr-die-vom-menschen-verursachte-erwaermung-um-15-c-ueberschritten-nur-nicht-so-wie-es-das-pariser-abkommen-vorsieht\\\/#primaryimage\",\"url\":\"https:\\\/\\\/www.strassenweb.de\\\/nachrichten\\\/wp-content\\\/uploads\\\/2024\\\/11\\\/Wir-haben-in-diesem-Jahr-die-vom-Menschen-verursachte-Erwaermung.jpg\",\"contentUrl\":\"https:\\\/\\\/www.strassenweb.de\\\/nachrichten\\\/wp-content\\\/uploads\\\/2024\\\/11\\\/Wir-haben-in-diesem-Jahr-die-vom-Menschen-verursachte-Erwaermung.jpg\",\"width\":900,\"height\":600,\"caption\":\"We passed 1.5\u00b0C of human-caused warming this year\"},{\"@type\":\"BreadcrumbList\",\"@id\":\"https:\\\/\\\/www.strassenweb.de\\\/nachrichten\\\/wir-haben-in-diesem-jahr-die-vom-menschen-verursachte-erwaermung-um-15-c-ueberschritten-nur-nicht-so-wie-es-das-pariser-abkommen-vorsieht\\\/#breadcrumb\",\"itemListElement\":[{\"@type\":\"ListItem\",\"position\":1,\"name\":\"Home\",\"item\":\"https:\\\/\\\/www.strassenweb.de\\\/nachrichten\\\/\"},{\"@type\":\"ListItem\",\"position\":2,\"name\":\"Wir haben in diesem Jahr die vom Menschen verursachte Erw\u00e4rmung um 1,5 \u00b0C \u00fcberschritten (nur nicht so, wie es das Pariser Abkommen vorsieht)\"}]},{\"@type\":\"WebSite\",\"@id\":\"https:\\\/\\\/www.strassenweb.de\\\/nachrichten\\\/#website\",\"url\":\"https:\\\/\\\/www.strassenweb.de\\\/nachrichten\\\/\",\"name\":\"Stra\u00dfenweb\",\"description\":\"Stra\u00dfenverzeichnis f\u00fcr Deutschland\",\"publisher\":{\"@id\":\"https:\\\/\\\/www.strassenweb.de\\\/nachrichten\\\/#organization\"},\"potentialAction\":[{\"@type\":\"SearchAction\",\"target\":{\"@type\":\"EntryPoint\",\"urlTemplate\":\"https:\\\/\\\/www.strassenweb.de\\\/nachrichten\\\/?s={search_term_string}\"},\"query-input\":{\"@type\":\"PropertyValueSpecification\",\"valueRequired\":true,\"valueName\":\"search_term_string\"}}],\"inLanguage\":\"de\"},{\"@type\":\"Organization\",\"@id\":\"https:\\\/\\\/www.strassenweb.de\\\/nachrichten\\\/#organization\",\"name\":\"Stra\u00dfenweb\",\"url\":\"https:\\\/\\\/www.strassenweb.de\\\/nachrichten\\\/\",\"logo\":{\"@type\":\"ImageObject\",\"inLanguage\":\"de\",\"@id\":\"https:\\\/\\\/www.strassenweb.de\\\/nachrichten\\\/#\\\/schema\\\/logo\\\/image\\\/\",\"url\":\"https:\\\/\\\/www.strassenweb.de\\\/nachrichten\\\/wp-content\\\/uploads\\\/2024\\\/09\\\/cropped-favicon.png\",\"contentUrl\":\"https:\\\/\\\/www.strassenweb.de\\\/nachrichten\\\/wp-content\\\/uploads\\\/2024\\\/09\\\/cropped-favicon.png\",\"width\":512,\"height\":512,\"caption\":\"Stra\u00dfenweb\"},\"image\":{\"@id\":\"https:\\\/\\\/www.strassenweb.de\\\/nachrichten\\\/#\\\/schema\\\/logo\\\/image\\\/\"},\"sameAs\":[\"https:\\\/\\\/www.facebook.com\\\/strassenweb\\\/\"]},{\"@type\":\"Person\",\"@id\":\"https:\\\/\\\/www.strassenweb.de\\\/nachrichten\\\/#\\\/schema\\\/person\\\/87c9c9067f1211da429a744dc5a5aa41\",\"name\":\"Robert Hoffmann\",\"image\":{\"@type\":\"ImageObject\",\"inLanguage\":\"de\",\"@id\":\"https:\\\/\\\/www.strassenweb.de\\\/nachrichten\\\/wp-content\\\/uploads\\\/2024\\\/09\\\/strassenweb-150x150.jpg\",\"url\":\"https:\\\/\\\/www.strassenweb.de\\\/nachrichten\\\/wp-content\\\/uploads\\\/2024\\\/09\\\/strassenweb-150x150.jpg\",\"contentUrl\":\"https:\\\/\\\/www.strassenweb.de\\\/nachrichten\\\/wp-content\\\/uploads\\\/2024\\\/09\\\/strassenweb-150x150.jpg\",\"caption\":\"Robert Hoffmann\"},\"description\":\"Ich hei\u00dfe Robert Hoffmann und ich bin ein leidenschaftlicher Verfechter von \u00d6kologie und Biodiversit\u00e4t. Seit meiner Kindheit in den W\u00e4ldern Bayerns f\u00fchle ich mich mit der Natur verbunden und bin entschlossen, sie zu sch\u00fctzen. Heute widme ich mein Leben der Sensibilisierung anderer f\u00fcr die Bedeutung des Umweltschutzes f\u00fcr zuk\u00fcnftige Generationen.\",\"sameAs\":[\"https:\\\/\\\/www.strassenweb.de\\\/\"]}]}<\/script>\n<!-- \/ Yoast SEO plugin. -->","yoast_head_json":{"title":"Wir haben in diesem Jahr die vom Menschen verursachte Erw\u00e4rmung um 1,5 \u00b0C \u00fcberschritten (nur nicht so, wie es das Pariser Abkommen vorsieht) - Nachrichten - Stra\u00dfenweb","robots":{"index":"index","follow":"follow","max-snippet":"max-snippet:-1","max-image-preview":"max-image-preview:large","max-video-preview":"max-video-preview:-1"},"canonical":"https:\/\/www.strassenweb.de\/nachrichten\/wir-haben-in-diesem-jahr-die-vom-menschen-verursachte-erwaermung-um-15-c-ueberschritten-nur-nicht-so-wie-es-das-pariser-abkommen-vorsieht\/","og_locale":"de_DE","og_type":"article","og_title":"Wir haben in diesem Jahr die vom Menschen verursachte Erw\u00e4rmung um 1,5 \u00b0C \u00fcberschritten (nur nicht so, wie es das Pariser Abkommen vorsieht) - Nachrichten - Stra\u00dfenweb","og_description":"Laut einer von uns entwickelten neuen Methode hat die vom Menschen verursachte globale Erw\u00e4rmung gerade die Marke von 1,5 \u00b0C \u00fcberschritten. Das sind fast 0,2","og_url":"https:\/\/www.strassenweb.de\/nachrichten\/wir-haben-in-diesem-jahr-die-vom-menschen-verursachte-erwaermung-um-15-c-ueberschritten-nur-nicht-so-wie-es-das-pariser-abkommen-vorsieht\/","og_site_name":"Stra\u00dfenweb","article_publisher":"https:\/\/www.facebook.com\/strassenweb\/","article_published_time":"2024-11-15T17:39:50+00:00","article_modified_time":"2024-11-15T17:39:51+00:00","og_image":[{"width":900,"height":600,"url":"https:\/\/www.strassenweb.de\/nachrichten\/wp-content\/uploads\/2024\/11\/Wir-haben-in-diesem-Jahr-die-vom-Menschen-verursachte-Erwaermung.jpg","type":"image\/jpeg"}],"author":"Robert Hoffmann","twitter_card":"summary_large_image","twitter_misc":{"Verfasst von":"Robert Hoffmann","Gesch\u00e4tzte Lesezeit":"5\u00a0Minuten"},"schema":{"@context":"https:\/\/schema.org","@graph":[{"@type":"Article","@id":"https:\/\/www.strassenweb.de\/nachrichten\/wir-haben-in-diesem-jahr-die-vom-menschen-verursachte-erwaermung-um-15-c-ueberschritten-nur-nicht-so-wie-es-das-pariser-abkommen-vorsieht\/#article","isPartOf":{"@id":"https:\/\/www.strassenweb.de\/nachrichten\/wir-haben-in-diesem-jahr-die-vom-menschen-verursachte-erwaermung-um-15-c-ueberschritten-nur-nicht-so-wie-es-das-pariser-abkommen-vorsieht\/"},"author":{"name":"Robert Hoffmann","@id":"https:\/\/www.strassenweb.de\/nachrichten\/#\/schema\/person\/87c9c9067f1211da429a744dc5a5aa41"},"headline":"Wir haben in diesem Jahr die vom Menschen verursachte Erw\u00e4rmung um 1,5 \u00b0C \u00fcberschritten (nur nicht so, wie es das Pariser Abkommen vorsieht)","datePublished":"2024-11-15T17:39:50+00:00","dateModified":"2024-11-15T17:39:51+00:00","mainEntityOfPage":{"@id":"https:\/\/www.strassenweb.de\/nachrichten\/wir-haben-in-diesem-jahr-die-vom-menschen-verursachte-erwaermung-um-15-c-ueberschritten-nur-nicht-so-wie-es-das-pariser-abkommen-vorsieht\/"},"wordCount":1058,"publisher":{"@id":"https:\/\/www.strassenweb.de\/nachrichten\/#organization"},"image":{"@id":"https:\/\/www.strassenweb.de\/nachrichten\/wir-haben-in-diesem-jahr-die-vom-menschen-verursachte-erwaermung-um-15-c-ueberschritten-nur-nicht-so-wie-es-das-pariser-abkommen-vorsieht\/#primaryimage"},"thumbnailUrl":"https:\/\/www.strassenweb.de\/nachrichten\/wp-content\/uploads\/2024\/11\/Wir-haben-in-diesem-Jahr-die-vom-Menschen-verursachte-Erwaermung.jpg","keywords":["Abkommen","das","die","diesem","Erw\u00e4rmung","haben","Jahr","Menschen","nicht","nur","Pariser","\u00fcberschritten","verursachte","vom","vorsieht","Wie","wir"],"articleSection":["\u00d6kologie"],"inLanguage":"de"},{"@type":"WebPage","@id":"https:\/\/www.strassenweb.de\/nachrichten\/wir-haben-in-diesem-jahr-die-vom-menschen-verursachte-erwaermung-um-15-c-ueberschritten-nur-nicht-so-wie-es-das-pariser-abkommen-vorsieht\/","url":"https:\/\/www.strassenweb.de\/nachrichten\/wir-haben-in-diesem-jahr-die-vom-menschen-verursachte-erwaermung-um-15-c-ueberschritten-nur-nicht-so-wie-es-das-pariser-abkommen-vorsieht\/","name":"Wir haben in diesem Jahr die vom Menschen verursachte Erw\u00e4rmung um 1,5 \u00b0C \u00fcberschritten (nur nicht so, wie es das Pariser Abkommen vorsieht) - Nachrichten - Stra\u00dfenweb","isPartOf":{"@id":"https:\/\/www.strassenweb.de\/nachrichten\/#website"},"primaryImageOfPage":{"@id":"https:\/\/www.strassenweb.de\/nachrichten\/wir-haben-in-diesem-jahr-die-vom-menschen-verursachte-erwaermung-um-15-c-ueberschritten-nur-nicht-so-wie-es-das-pariser-abkommen-vorsieht\/#primaryimage"},"image":{"@id":"https:\/\/www.strassenweb.de\/nachrichten\/wir-haben-in-diesem-jahr-die-vom-menschen-verursachte-erwaermung-um-15-c-ueberschritten-nur-nicht-so-wie-es-das-pariser-abkommen-vorsieht\/#primaryimage"},"thumbnailUrl":"https:\/\/www.strassenweb.de\/nachrichten\/wp-content\/uploads\/2024\/11\/Wir-haben-in-diesem-Jahr-die-vom-Menschen-verursachte-Erwaermung.jpg","datePublished":"2024-11-15T17:39:50+00:00","dateModified":"2024-11-15T17:39:51+00:00","breadcrumb":{"@id":"https:\/\/www.strassenweb.de\/nachrichten\/wir-haben-in-diesem-jahr-die-vom-menschen-verursachte-erwaermung-um-15-c-ueberschritten-nur-nicht-so-wie-es-das-pariser-abkommen-vorsieht\/#breadcrumb"},"inLanguage":"de","potentialAction":[{"@type":"ReadAction","target":["https:\/\/www.strassenweb.de\/nachrichten\/wir-haben-in-diesem-jahr-die-vom-menschen-verursachte-erwaermung-um-15-c-ueberschritten-nur-nicht-so-wie-es-das-pariser-abkommen-vorsieht\/"]}]},{"@type":"ImageObject","inLanguage":"de","@id":"https:\/\/www.strassenweb.de\/nachrichten\/wir-haben-in-diesem-jahr-die-vom-menschen-verursachte-erwaermung-um-15-c-ueberschritten-nur-nicht-so-wie-es-das-pariser-abkommen-vorsieht\/#primaryimage","url":"https:\/\/www.strassenweb.de\/nachrichten\/wp-content\/uploads\/2024\/11\/Wir-haben-in-diesem-Jahr-die-vom-Menschen-verursachte-Erwaermung.jpg","contentUrl":"https:\/\/www.strassenweb.de\/nachrichten\/wp-content\/uploads\/2024\/11\/Wir-haben-in-diesem-Jahr-die-vom-Menschen-verursachte-Erwaermung.jpg","width":900,"height":600,"caption":"We passed 1.5\u00b0C of human-caused warming this year"},{"@type":"BreadcrumbList","@id":"https:\/\/www.strassenweb.de\/nachrichten\/wir-haben-in-diesem-jahr-die-vom-menschen-verursachte-erwaermung-um-15-c-ueberschritten-nur-nicht-so-wie-es-das-pariser-abkommen-vorsieht\/#breadcrumb","itemListElement":[{"@type":"ListItem","position":1,"name":"Home","item":"https:\/\/www.strassenweb.de\/nachrichten\/"},{"@type":"ListItem","position":2,"name":"Wir haben in diesem Jahr die vom Menschen verursachte Erw\u00e4rmung um 1,5 \u00b0C \u00fcberschritten (nur nicht so, wie es das Pariser Abkommen vorsieht)"}]},{"@type":"WebSite","@id":"https:\/\/www.strassenweb.de\/nachrichten\/#website","url":"https:\/\/www.strassenweb.de\/nachrichten\/","name":"Stra\u00dfenweb","description":"Stra\u00dfenverzeichnis f\u00fcr Deutschland","publisher":{"@id":"https:\/\/www.strassenweb.de\/nachrichten\/#organization"},"potentialAction":[{"@type":"SearchAction","target":{"@type":"EntryPoint","urlTemplate":"https:\/\/www.strassenweb.de\/nachrichten\/?s={search_term_string}"},"query-input":{"@type":"PropertyValueSpecification","valueRequired":true,"valueName":"search_term_string"}}],"inLanguage":"de"},{"@type":"Organization","@id":"https:\/\/www.strassenweb.de\/nachrichten\/#organization","name":"Stra\u00dfenweb","url":"https:\/\/www.strassenweb.de\/nachrichten\/","logo":{"@type":"ImageObject","inLanguage":"de","@id":"https:\/\/www.strassenweb.de\/nachrichten\/#\/schema\/logo\/image\/","url":"https:\/\/www.strassenweb.de\/nachrichten\/wp-content\/uploads\/2024\/09\/cropped-favicon.png","contentUrl":"https:\/\/www.strassenweb.de\/nachrichten\/wp-content\/uploads\/2024\/09\/cropped-favicon.png","width":512,"height":512,"caption":"Stra\u00dfenweb"},"image":{"@id":"https:\/\/www.strassenweb.de\/nachrichten\/#\/schema\/logo\/image\/"},"sameAs":["https:\/\/www.facebook.com\/strassenweb\/"]},{"@type":"Person","@id":"https:\/\/www.strassenweb.de\/nachrichten\/#\/schema\/person\/87c9c9067f1211da429a744dc5a5aa41","name":"Robert Hoffmann","image":{"@type":"ImageObject","inLanguage":"de","@id":"https:\/\/www.strassenweb.de\/nachrichten\/wp-content\/uploads\/2024\/09\/strassenweb-150x150.jpg","url":"https:\/\/www.strassenweb.de\/nachrichten\/wp-content\/uploads\/2024\/09\/strassenweb-150x150.jpg","contentUrl":"https:\/\/www.strassenweb.de\/nachrichten\/wp-content\/uploads\/2024\/09\/strassenweb-150x150.jpg","caption":"Robert Hoffmann"},"description":"Ich hei\u00dfe Robert Hoffmann und ich bin ein leidenschaftlicher Verfechter von \u00d6kologie und Biodiversit\u00e4t. Seit meiner Kindheit in den W\u00e4ldern Bayerns f\u00fchle ich mich mit der Natur verbunden und bin entschlossen, sie zu sch\u00fctzen. Heute widme ich mein Leben der Sensibilisierung anderer f\u00fcr die Bedeutung des Umweltschutzes f\u00fcr zuk\u00fcnftige Generationen.","sameAs":["https:\/\/www.strassenweb.de\/"]}]}},"_links":{"self":[{"href":"https:\/\/www.strassenweb.de\/nachrichten\/wp-json\/wp\/v2\/posts\/1581","targetHints":{"allow":["GET"]}}],"collection":[{"href":"https:\/\/www.strassenweb.de\/nachrichten\/wp-json\/wp\/v2\/posts"}],"about":[{"href":"https:\/\/www.strassenweb.de\/nachrichten\/wp-json\/wp\/v2\/types\/post"}],"author":[{"embeddable":true,"href":"https:\/\/www.strassenweb.de\/nachrichten\/wp-json\/wp\/v2\/users\/1"}],"replies":[{"embeddable":true,"href":"https:\/\/www.strassenweb.de\/nachrichten\/wp-json\/wp\/v2\/comments?post=1581"}],"version-history":[{"count":0,"href":"https:\/\/www.strassenweb.de\/nachrichten\/wp-json\/wp\/v2\/posts\/1581\/revisions"}],"wp:featuredmedia":[{"embeddable":true,"href":"https:\/\/www.strassenweb.de\/nachrichten\/wp-json\/wp\/v2\/media\/1582"}],"wp:attachment":[{"href":"https:\/\/www.strassenweb.de\/nachrichten\/wp-json\/wp\/v2\/media?parent=1581"}],"wp:term":[{"taxonomy":"category","embeddable":true,"href":"https:\/\/www.strassenweb.de\/nachrichten\/wp-json\/wp\/v2\/categories?post=1581"},{"taxonomy":"post_tag","embeddable":true,"href":"https:\/\/www.strassenweb.de\/nachrichten\/wp-json\/wp\/v2\/tags?post=1581"}],"curies":[{"name":"wp","href":"https:\/\/api.w.org\/{rel}","templated":true}]}}