{"id":1552,"date":"2024-11-14T09:40:11","date_gmt":"2024-11-14T08:40:11","guid":{"rendered":"https:\/\/www.strassenweb.de\/nachrichten\/wie-man-kolibris-im-winter-pflegt-und-zug-oder-standvoegel-in-den-kommenden-kalten-monaten-unterstuetzt\/"},"modified":"2024-11-14T09:40:13","modified_gmt":"2024-11-14T08:40:13","slug":"wie-man-kolibris-im-winter-pflegt-und-zug-oder-standvoegel-in-den-kommenden-kalten-monaten-unterstuetzt","status":"publish","type":"post","link":"https:\/\/www.strassenweb.de\/nachrichten\/wie-man-kolibris-im-winter-pflegt-und-zug-oder-standvoegel-in-den-kommenden-kalten-monaten-unterstuetzt\/","title":{"rendered":"Wie man Kolibris im Winter pflegt \u2013 und Zug- oder Standv\u00f6gel in den kommenden kalten Monaten unterst\u00fctzt"},"content":{"rendered":"<p><\/p>\n<div id=\"article-body\" class=\"article__body \">\n<p>Kolibris sind vielleicht die beliebtesten V\u00f6gel in den Vereinigten Staaten. Diese einheimischen Miniaturv\u00f6gel sieht man im Fr\u00fchling und Sommer oft umherfliegen und umherfliegen, in den Wintermonaten ziehen sie jedoch normalerweise nach S\u00fcden.<\/p>\n<div id=\"ad-unit-1\" class=\"ad-unit\"><\/div>\n<p>Einige Arten bleiben jedoch trotz des Wechsels der Jahreszeiten in Nordamerika erhalten. Daher ist es wichtig zu wissen, wie man Kolibris im Winter pflegt. Annas Kolibri zum Beispiel bleibt an der Pazifikk\u00fcste beheimatet und wird h\u00e4ufig in Kalifornien, Oregon und Washington gesichtet. Dar\u00fcber hinaus bleiben eine Handvoll Kolibriarten in den Wintermonaten in den milden S\u00fcdstaaten, darunter in Texas und Florida, wo Frost und Schnee weniger h\u00e4ufig sind.<\/p>\n<p>Wenn Sie sich also fragen, wie Sie Gartenv\u00f6geln im Winter helfen k\u00f6nnen, und sowohl heimische V\u00f6gel als auch Arten unterst\u00fctzen m\u00f6chten, die zu sp\u00e4t kommen oder den Kolibri-Zug \u00fcbersprungen haben, hat unser Ratgeber alle Informationen, die Sie brauchen.<\/p>\n<div id=\"desktop-in-article\" class=\"in-article ad-unit\">\n<div id=\"desktop-taboola-mid-article\"><\/div>\n<\/div>\n<div id=\"mobile-in-article\" class=\"in-article ad-unit\">\n<div id=\"mobile-taboola-mid-article\"><\/div>\n<\/div>\n<figure class=\"van-image-figure inline-layout \" data-bordeaux-image-check>\n<div class=\"image-full-width-wrapper\">\n<div class=\"image-widthsetter\" style=\"max-width:2400px;\"><\/div>\n<\/div>\n<\/figure>\n<h2 id=\"how-to-care-for-hummingbirds-in-winter-3\">So pflegen Sie Kolibris im Winter<\/h2>\n<aside class=\"hawk-nest\" data-block-type=\"embed\" data-render-type=\"fte\" data-skip=\"dealsy\" data-widget-type=\"seasonal\">\n<div class=\"hawk-master-widget-hawk-base-wrapper\"><\/div>\n<\/aside>\n<p>Wie bei allen Wildtieren im Garten ist es im Winter wichtig, f\u00fcr Nahrung, Wasser und Schutz zu sorgen. Wenn die Temperatur sinkt, m\u00fcssen wir als G\u00e4rtner unseren Teil dazu beitragen, V\u00f6gel und S\u00e4ugetiere bis zum Fr\u00fchling zu unterst\u00fctzen. Wenn Sie also lernen m\u00f6chten, wie Sie Kolibris anlocken und sie durch die bevorstehende K\u00e4lte unterst\u00fctzen k\u00f6nnen, finden Sie hier drei einfache Dinge, die Sie tun k\u00f6nnen, um zu helfen.<\/p>\n<div class=\"van_vid_carousel\">\n<div class=\"van_vid_carousel__padding\">\n<div class=\"van_vid_carousel__container\"><\/div>\n<\/div>\n<\/div>\n<h3 class=\"article-body__section\" id=\"section-1-use-heated-feeders-for-hummingbird-in-winter\"><span>1. Verwenden Sie im Winter beheizte Futterh\u00e4uschen f\u00fcr Kolibri<\/span><\/h3>\n<figure class=\"van-image-figure inline-layout \" data-bordeaux-image-check>\n<div class=\"image-full-width-wrapper\">\n<div class=\"image-widthsetter\" style=\"max-width:2400px;\"><\/div>\n<\/div>\n<\/figure>\n<p>Viele G\u00e4rtner fragen: Wann sollte ich mein Kolibri-Futterh\u00e4uschen abbauen? Nun, wenn Sie an der Pazifikk\u00fcste oder in einer s\u00fcdlichen Region leben, ist es am besten, das ganze Jahr \u00fcber ein Kolibri-Futterh\u00e4uschen in Ihrem Garten zu haben.<\/p>\n<div id=\"ad-unit-2\" class=\"ad-unit\"><\/div>\n<p>In k\u00fchleren Winterh\u00e4rtezonen in den USA, beispielsweise in der Winterh\u00e4rtezone 5, in der sich Oregon befindet, empfehle ich die Investition in einen beheizten Kolibri-Futterspender. Diese einfachen Ger\u00e4te verhindern, dass der Nektar w\u00e4hrend K\u00e4lteperioden gefriert, und stellen so sicher, dass alle ans\u00e4ssigen Kolibris oder Nachz\u00fcgler, die sich der Migration zu sp\u00e4t anschlie\u00dfen, trotz des k\u00fchlen Wetters fressen k\u00f6nnen.<\/p>\n<p>Beheizte Kolibri-Futterspender sind bei Amazon erh\u00e4ltlich und lassen sich unglaublich einfach einrichten. Einfach einstecken und die Kolibris den ganzen Winter \u00fcber mit Futter versorgen. Welchen Nektar Sie auch verwenden, verd\u00fcnnen Sie ihn unbedingt gem\u00e4\u00df den Anweisungen auf der Verpackung.<\/p>\n<p>Schlie\u00dflich besteht ein h\u00e4ufiger Fehler bei Kolibri-Futterspendern darin, sie nicht regelm\u00e4\u00dfig zu reinigen. Auch im Winter ist es eine gute Idee, Futtertr\u00f6ge zu reinigen, um die Bildung von Schimmel oder Bakterien zu verhindern, die besonders in beheizten Futtertr\u00f6gen schnell passieren k\u00f6nnen. Mischen Sie einfach eine 1:4-L\u00f6sung aus wei\u00dfem Essig und Wasser, um die Einf\u00fcll\u00f6ffnungen zweimal im Monat abzuwischen und auszusp\u00fclen.<\/p>\n<div class=\"product-container hero-product-container product-block-no-wrap\"><\/div>\n<h3 class=\"article-body__section\" id=\"section-2-protect-hummingbird-nests-in-winter\"><span>2. Kolibri-Nester im Winter sch\u00fctzen<\/span><\/h3>\n<figure class=\"van-image-figure inline-layout \" data-bordeaux-image-check>\n<div class=\"image-full-width-wrapper\">\n<div class=\"image-widthsetter\" style=\"max-width:2400px;\"><\/div>\n<\/div>\n<\/figure>\n<p>Kolibris suchen Schutz in offenen Nestern, die sie aus Gartenabf\u00e4llen bauen. Auch wenn Sie vielleicht sehen, dass Kolibri-H\u00e4user online erh\u00e4ltlich sind, sind sie unn\u00f6tig und f\u00fcr diese winzigen V\u00f6gel nicht geeignet \u2013 eine Lektion darin, nicht alles zu glauben oder zu kaufen, was man online sieht. Anstatt Schutzr\u00e4ume f\u00fcr Kolibris zu bauen oder zu kaufen, m\u00fcssen wir nur das sch\u00fctzen, was sie bereits geschaffen haben.<\/p>\n<p>\u201eKolibri-Nester sind winzig, oft etwa so gro\u00df wie ein Golfball und normalerweise gut in B\u00e4umen oder Str\u00e4uchern versteckt\u201c, sagt Reese Robbins, Gartenexpertin und Gr\u00fcnderin von Just Pure Gardening. \u201eSie befinden sich normalerweise 10 bis 20 Fu\u00df \u00fcber dem Boden und bestehen aus weichem Pflanzenmaterial.<\/p>\n<p>\u201eDiese winzigen V\u00f6gel bauen ihre Nester normalerweise auf einem Ast oder an der Verbindung zweier \u00c4ste.\u201c Um eine St\u00f6rung der Nester zu vermeiden, schneiden Sie keine B\u00e4ume, Str\u00e4ucher oder Hecken, an denen im Herbst oder Winter Kolibris nisten k\u00f6nnten. Warten Sie stattdessen bis zum fr\u00fchen Fr\u00fchling, bevor die Brutzeit beginnt und der Gro\u00dfteil der Kolibris im April in die USA zur\u00fcckkehrt.\u201c<\/p>\n<h3 class=\"article-body__section\" id=\"section-3-plant-winter-flowering-shrubs-for-hummingbirds\"><span>3. Pflanzen Sie winterbl\u00fchende Str\u00e4ucher f\u00fcr Kolibris<\/span><\/h3>\n<figure class=\"van-image-figure inline-layout \" data-bordeaux-image-check>\n<div class=\"image-full-width-wrapper\">\n<div class=\"image-widthsetter\" style=\"max-width:2400px;\"><\/div>\n<\/div>\n<\/figure>\n<p>Obwohl es eine gute Idee ist, ein Futterh\u00e4uschen in Ihrem Garten aufzuh\u00e4ngen, ist es weitaus besser, gen\u00fcgend winterbl\u00fchende einheimische Pflanzen bereitzustellen, an denen sich Kolibris erfreuen werden. Dar\u00fcber hinaus wird die Bereitstellung zahlreicher nektarreicher Pflanzen auch Kolibris dazu ermutigen, in der N\u00e4he ein Zuhause zu finden, und sie dazu ermutigen, dort anzuhalten, egal ob sie wandern oder \u00fcberwintern.<\/p>\n<p>Ein farbenfroher Strauch ist die Oregon-Traube. <em>Berberis aquifolium<\/em>die im Westen Nordamerikas beheimatet ist und von der US-Winterh\u00e4rtezone 5 bis zur Zone 8 angebaut werden kann. Kolibris str\u00f6men zu den langlebigen gelben Bl\u00fcten, die sich im Dezember und Januar \u00f6ffnen.<\/p>\n<p>Obwohl es viele B\u00e4ume gibt, die Kolibris anlocken, wie zum Beispiel europ\u00e4ische Spindelb\u00e4ume, warum lernen Sie nicht, wie man Hamamelis als winterbl\u00fchendes Exemplar anbaut? Die heimische Hamamelis, <em>Hamamelis virginiana<\/em>kann in Zone 5 gez\u00fcchtet werden und produziert ab Januar leuchtende, spinnenartige Bl\u00fcten, die bei Kolibris beliebt sein werden. Einheimische Hamamelisstr\u00e4ucher k\u00f6nnen online bei Amazon bestellt werden.<\/p>\n<h3 class=\"article-body__section\" id=\"section-faqs\"><span>FAQs<\/span><\/h3>\n<h2 id=\"should-i-keep-a-bird-bath-in-my-yard-for-hummingbirds-3\">Sollte ich in meinem Garten ein Vogelbad f\u00fcr Kolibris einrichten?<\/h2>\n<p>Kolibris trinken oft aus Regenpf\u00fctzen, Teichen oder sogar aus schmelzendem Schnee, aber es ist eine gute Idee, als Ersatz ein Vogelbad in jedem Garten aufzustellen. Behalten Sie bei der Vogelbad-Winterpflege das Wasser im Auge und brechen Sie eventuell entstehende Eisschichten auf, um sicherzustellen, dass Kolibris Feuchtigkeit spenden k\u00f6nnen.<\/p>\n<hr>\n<p>Wenn Sie diese wunderbaren Miniaturv\u00f6gel aus n\u00e4chster N\u00e4he erleben m\u00f6chten, sollten Sie dieses Jahr \u00fcber die Investition in eine Kolibri-Futterhauskamera nachdenken. Mit diesem Ger\u00e4t k\u00f6nnen Sie hochwertige Bilder aufnehmen, w\u00e4hrend Kolibris fressen, und so die Farben und Details ihrer Federn und langen Schn\u00e4bel genie\u00dfen.<\/p>\n<p>Weitere Ratschl\u00e4ge zur Tierwelt im Winter finden Sie in unserem Leitfaden zur Pflege von Spechten im Winter, damit diese einheimischen V\u00f6gel die k\u00e4ltesten Monate des Jahres \u00fcberstehen.<\/p>\n<\/div>\n","protected":false},"excerpt":{"rendered":"<p>Kolibris sind vielleicht die beliebtesten V\u00f6gel in den Vereinigten Staaten. Diese einheimischen Miniaturv\u00f6gel sieht man im Fr\u00fchling und Sommer oft umherfliegen und umherfliegen, in den<\/p>\n","protected":false},"author":1,"featured_media":1553,"comment_status":"closed","ping_status":"","sticky":false,"template":"","format":"standard","meta":{"footnotes":""},"categories":[118],"tags":[78,2863,2858,2862,134,1699,60,2859,2861,37,2864,26,204,2860],"class_list":["post-1552","post","type-post","status-publish","format-standard","has-post-thumbnail","hentry","category-haus-garten","tag-den","tag-kalten","tag-kolibris","tag-kommenden","tag-man","tag-monaten","tag-oder","tag-pflegt","tag-standvoegel","tag-und","tag-unterstuetzt","tag-wie","tag-winter","tag-zug","generate-columns","tablet-grid-50","mobile-grid-100","grid-parent","grid-50"],"yoast_head":"<!-- This site is optimized with the Yoast SEO plugin v27.3 - https:\/\/yoast.com\/product\/yoast-seo-wordpress\/ -->\n<title>Wie man Kolibris im Winter pflegt \u2013 und Zug- oder Standv\u00f6gel in den kommenden kalten Monaten unterst\u00fctzt - Nachrichten - Stra\u00dfenweb<\/title>\n<meta name=\"robots\" content=\"index, follow, max-snippet:-1, max-image-preview:large, max-video-preview:-1\" \/>\n<link rel=\"canonical\" href=\"https:\/\/www.strassenweb.de\/nachrichten\/wie-man-kolibris-im-winter-pflegt-und-zug-oder-standvoegel-in-den-kommenden-kalten-monaten-unterstuetzt\/\" \/>\n<meta property=\"og:locale\" content=\"de_DE\" \/>\n<meta property=\"og:type\" content=\"article\" \/>\n<meta property=\"og:title\" content=\"Wie man Kolibris im Winter pflegt \u2013 und Zug- oder Standv\u00f6gel in den kommenden kalten Monaten unterst\u00fctzt - Nachrichten - Stra\u00dfenweb\" \/>\n<meta property=\"og:description\" content=\"Kolibris sind vielleicht die beliebtesten V\u00f6gel in den Vereinigten Staaten. Diese einheimischen Miniaturv\u00f6gel sieht man im Fr\u00fchling und Sommer oft umherfliegen und umherfliegen, in den\" \/>\n<meta property=\"og:url\" content=\"https:\/\/www.strassenweb.de\/nachrichten\/wie-man-kolibris-im-winter-pflegt-und-zug-oder-standvoegel-in-den-kommenden-kalten-monaten-unterstuetzt\/\" \/>\n<meta property=\"og:site_name\" content=\"Stra\u00dfenweb\" \/>\n<meta property=\"article:publisher\" content=\"https:\/\/www.facebook.com\/strassenweb\/\" \/>\n<meta property=\"article:published_time\" content=\"2024-11-14T08:40:11+00:00\" \/>\n<meta property=\"article:modified_time\" content=\"2024-11-14T08:40:13+00:00\" \/>\n<meta property=\"og:image\" content=\"https:\/\/www.strassenweb.de\/nachrichten\/wp-content\/uploads\/2024\/11\/Wie-man-Kolibris-im-Winter-pflegt-\u2013-und-Zug-oder.jpg\" \/>\n\t<meta property=\"og:image:width\" content=\"1200\" \/>\n\t<meta property=\"og:image:height\" content=\"675\" \/>\n\t<meta property=\"og:image:type\" content=\"image\/jpeg\" \/>\n<meta name=\"author\" content=\"Robert Hoffmann\" \/>\n<meta name=\"twitter:card\" content=\"summary_large_image\" \/>\n<meta name=\"twitter:label1\" content=\"Verfasst von\" \/>\n\t<meta name=\"twitter:data1\" content=\"Robert Hoffmann\" \/>\n\t<meta name=\"twitter:label2\" content=\"Gesch\u00e4tzte Lesezeit\" \/>\n\t<meta name=\"twitter:data2\" content=\"5\u00a0Minuten\" \/>\n<script type=\"application\/ld+json\" class=\"yoast-schema-graph\">{\"@context\":\"https:\\\/\\\/schema.org\",\"@graph\":[{\"@type\":\"Article\",\"@id\":\"https:\\\/\\\/www.strassenweb.de\\\/nachrichten\\\/wie-man-kolibris-im-winter-pflegt-und-zug-oder-standvoegel-in-den-kommenden-kalten-monaten-unterstuetzt\\\/#article\",\"isPartOf\":{\"@id\":\"https:\\\/\\\/www.strassenweb.de\\\/nachrichten\\\/wie-man-kolibris-im-winter-pflegt-und-zug-oder-standvoegel-in-den-kommenden-kalten-monaten-unterstuetzt\\\/\"},\"author\":{\"name\":\"Robert Hoffmann\",\"@id\":\"https:\\\/\\\/www.strassenweb.de\\\/nachrichten\\\/#\\\/schema\\\/person\\\/87c9c9067f1211da429a744dc5a5aa41\"},\"headline\":\"Wie man Kolibris im Winter pflegt \u2013 und Zug- oder Standv\u00f6gel in den kommenden kalten Monaten unterst\u00fctzt\",\"datePublished\":\"2024-11-14T08:40:11+00:00\",\"dateModified\":\"2024-11-14T08:40:13+00:00\",\"mainEntityOfPage\":{\"@id\":\"https:\\\/\\\/www.strassenweb.de\\\/nachrichten\\\/wie-man-kolibris-im-winter-pflegt-und-zug-oder-standvoegel-in-den-kommenden-kalten-monaten-unterstuetzt\\\/\"},\"wordCount\":1001,\"publisher\":{\"@id\":\"https:\\\/\\\/www.strassenweb.de\\\/nachrichten\\\/#organization\"},\"image\":{\"@id\":\"https:\\\/\\\/www.strassenweb.de\\\/nachrichten\\\/wie-man-kolibris-im-winter-pflegt-und-zug-oder-standvoegel-in-den-kommenden-kalten-monaten-unterstuetzt\\\/#primaryimage\"},\"thumbnailUrl\":\"https:\\\/\\\/www.strassenweb.de\\\/nachrichten\\\/wp-content\\\/uploads\\\/2024\\\/11\\\/Wie-man-Kolibris-im-Winter-pflegt-\u2013-und-Zug-oder.jpg\",\"keywords\":[\"den\",\"kalten\",\"Kolibris\",\"kommenden\",\"man\",\"Monaten\",\"oder\",\"pflegt\",\"Standv\u00f6gel\",\"und\",\"unterst\u00fctzt\",\"Wie\",\"Winter\",\"Zug\"],\"articleSection\":[\"Haus &amp; Garten\"],\"inLanguage\":\"de\"},{\"@type\":\"WebPage\",\"@id\":\"https:\\\/\\\/www.strassenweb.de\\\/nachrichten\\\/wie-man-kolibris-im-winter-pflegt-und-zug-oder-standvoegel-in-den-kommenden-kalten-monaten-unterstuetzt\\\/\",\"url\":\"https:\\\/\\\/www.strassenweb.de\\\/nachrichten\\\/wie-man-kolibris-im-winter-pflegt-und-zug-oder-standvoegel-in-den-kommenden-kalten-monaten-unterstuetzt\\\/\",\"name\":\"Wie man Kolibris im Winter pflegt \u2013 und Zug- oder Standv\u00f6gel in den kommenden kalten Monaten unterst\u00fctzt - Nachrichten - Stra\u00dfenweb\",\"isPartOf\":{\"@id\":\"https:\\\/\\\/www.strassenweb.de\\\/nachrichten\\\/#website\"},\"primaryImageOfPage\":{\"@id\":\"https:\\\/\\\/www.strassenweb.de\\\/nachrichten\\\/wie-man-kolibris-im-winter-pflegt-und-zug-oder-standvoegel-in-den-kommenden-kalten-monaten-unterstuetzt\\\/#primaryimage\"},\"image\":{\"@id\":\"https:\\\/\\\/www.strassenweb.de\\\/nachrichten\\\/wie-man-kolibris-im-winter-pflegt-und-zug-oder-standvoegel-in-den-kommenden-kalten-monaten-unterstuetzt\\\/#primaryimage\"},\"thumbnailUrl\":\"https:\\\/\\\/www.strassenweb.de\\\/nachrichten\\\/wp-content\\\/uploads\\\/2024\\\/11\\\/Wie-man-Kolibris-im-Winter-pflegt-\u2013-und-Zug-oder.jpg\",\"datePublished\":\"2024-11-14T08:40:11+00:00\",\"dateModified\":\"2024-11-14T08:40:13+00:00\",\"breadcrumb\":{\"@id\":\"https:\\\/\\\/www.strassenweb.de\\\/nachrichten\\\/wie-man-kolibris-im-winter-pflegt-und-zug-oder-standvoegel-in-den-kommenden-kalten-monaten-unterstuetzt\\\/#breadcrumb\"},\"inLanguage\":\"de\",\"potentialAction\":[{\"@type\":\"ReadAction\",\"target\":[\"https:\\\/\\\/www.strassenweb.de\\\/nachrichten\\\/wie-man-kolibris-im-winter-pflegt-und-zug-oder-standvoegel-in-den-kommenden-kalten-monaten-unterstuetzt\\\/\"]}]},{\"@type\":\"ImageObject\",\"inLanguage\":\"de\",\"@id\":\"https:\\\/\\\/www.strassenweb.de\\\/nachrichten\\\/wie-man-kolibris-im-winter-pflegt-und-zug-oder-standvoegel-in-den-kommenden-kalten-monaten-unterstuetzt\\\/#primaryimage\",\"url\":\"https:\\\/\\\/www.strassenweb.de\\\/nachrichten\\\/wp-content\\\/uploads\\\/2024\\\/11\\\/Wie-man-Kolibris-im-Winter-pflegt-\u2013-und-Zug-oder.jpg\",\"contentUrl\":\"https:\\\/\\\/www.strassenweb.de\\\/nachrichten\\\/wp-content\\\/uploads\\\/2024\\\/11\\\/Wie-man-Kolibris-im-Winter-pflegt-\u2013-und-Zug-oder.jpg\",\"width\":1200,\"height\":675,\"caption\":\"Wie man Kolibris im Winter pflegt \u2013 und Zug- oder Standv\u00f6gel in den kommenden kalten Monaten unterst\u00fctzt\"},{\"@type\":\"BreadcrumbList\",\"@id\":\"https:\\\/\\\/www.strassenweb.de\\\/nachrichten\\\/wie-man-kolibris-im-winter-pflegt-und-zug-oder-standvoegel-in-den-kommenden-kalten-monaten-unterstuetzt\\\/#breadcrumb\",\"itemListElement\":[{\"@type\":\"ListItem\",\"position\":1,\"name\":\"Home\",\"item\":\"https:\\\/\\\/www.strassenweb.de\\\/nachrichten\\\/\"},{\"@type\":\"ListItem\",\"position\":2,\"name\":\"Wie man Kolibris im Winter pflegt \u2013 und Zug- oder Standv\u00f6gel in den kommenden kalten Monaten unterst\u00fctzt\"}]},{\"@type\":\"WebSite\",\"@id\":\"https:\\\/\\\/www.strassenweb.de\\\/nachrichten\\\/#website\",\"url\":\"https:\\\/\\\/www.strassenweb.de\\\/nachrichten\\\/\",\"name\":\"Stra\u00dfenweb\",\"description\":\"Stra\u00dfenverzeichnis f\u00fcr Deutschland\",\"publisher\":{\"@id\":\"https:\\\/\\\/www.strassenweb.de\\\/nachrichten\\\/#organization\"},\"potentialAction\":[{\"@type\":\"SearchAction\",\"target\":{\"@type\":\"EntryPoint\",\"urlTemplate\":\"https:\\\/\\\/www.strassenweb.de\\\/nachrichten\\\/?s={search_term_string}\"},\"query-input\":{\"@type\":\"PropertyValueSpecification\",\"valueRequired\":true,\"valueName\":\"search_term_string\"}}],\"inLanguage\":\"de\"},{\"@type\":\"Organization\",\"@id\":\"https:\\\/\\\/www.strassenweb.de\\\/nachrichten\\\/#organization\",\"name\":\"Stra\u00dfenweb\",\"url\":\"https:\\\/\\\/www.strassenweb.de\\\/nachrichten\\\/\",\"logo\":{\"@type\":\"ImageObject\",\"inLanguage\":\"de\",\"@id\":\"https:\\\/\\\/www.strassenweb.de\\\/nachrichten\\\/#\\\/schema\\\/logo\\\/image\\\/\",\"url\":\"https:\\\/\\\/www.strassenweb.de\\\/nachrichten\\\/wp-content\\\/uploads\\\/2024\\\/09\\\/cropped-favicon.png\",\"contentUrl\":\"https:\\\/\\\/www.strassenweb.de\\\/nachrichten\\\/wp-content\\\/uploads\\\/2024\\\/09\\\/cropped-favicon.png\",\"width\":512,\"height\":512,\"caption\":\"Stra\u00dfenweb\"},\"image\":{\"@id\":\"https:\\\/\\\/www.strassenweb.de\\\/nachrichten\\\/#\\\/schema\\\/logo\\\/image\\\/\"},\"sameAs\":[\"https:\\\/\\\/www.facebook.com\\\/strassenweb\\\/\"]},{\"@type\":\"Person\",\"@id\":\"https:\\\/\\\/www.strassenweb.de\\\/nachrichten\\\/#\\\/schema\\\/person\\\/87c9c9067f1211da429a744dc5a5aa41\",\"name\":\"Robert Hoffmann\",\"image\":{\"@type\":\"ImageObject\",\"inLanguage\":\"de\",\"@id\":\"https:\\\/\\\/www.strassenweb.de\\\/nachrichten\\\/wp-content\\\/uploads\\\/2024\\\/09\\\/strassenweb-150x150.jpg\",\"url\":\"https:\\\/\\\/www.strassenweb.de\\\/nachrichten\\\/wp-content\\\/uploads\\\/2024\\\/09\\\/strassenweb-150x150.jpg\",\"contentUrl\":\"https:\\\/\\\/www.strassenweb.de\\\/nachrichten\\\/wp-content\\\/uploads\\\/2024\\\/09\\\/strassenweb-150x150.jpg\",\"caption\":\"Robert Hoffmann\"},\"description\":\"Ich hei\u00dfe Robert Hoffmann und ich bin ein leidenschaftlicher Verfechter von \u00d6kologie und Biodiversit\u00e4t. Seit meiner Kindheit in den W\u00e4ldern Bayerns f\u00fchle ich mich mit der Natur verbunden und bin entschlossen, sie zu sch\u00fctzen. Heute widme ich mein Leben der Sensibilisierung anderer f\u00fcr die Bedeutung des Umweltschutzes f\u00fcr zuk\u00fcnftige Generationen.\",\"sameAs\":[\"https:\\\/\\\/www.strassenweb.de\\\/\"]}]}<\/script>\n<!-- \/ Yoast SEO plugin. -->","yoast_head_json":{"title":"Wie man Kolibris im Winter pflegt \u2013 und Zug- oder Standv\u00f6gel in den kommenden kalten Monaten unterst\u00fctzt - Nachrichten - Stra\u00dfenweb","robots":{"index":"index","follow":"follow","max-snippet":"max-snippet:-1","max-image-preview":"max-image-preview:large","max-video-preview":"max-video-preview:-1"},"canonical":"https:\/\/www.strassenweb.de\/nachrichten\/wie-man-kolibris-im-winter-pflegt-und-zug-oder-standvoegel-in-den-kommenden-kalten-monaten-unterstuetzt\/","og_locale":"de_DE","og_type":"article","og_title":"Wie man Kolibris im Winter pflegt \u2013 und Zug- oder Standv\u00f6gel in den kommenden kalten Monaten unterst\u00fctzt - Nachrichten - Stra\u00dfenweb","og_description":"Kolibris sind vielleicht die beliebtesten V\u00f6gel in den Vereinigten Staaten. Diese einheimischen Miniaturv\u00f6gel sieht man im Fr\u00fchling und Sommer oft umherfliegen und umherfliegen, in den","og_url":"https:\/\/www.strassenweb.de\/nachrichten\/wie-man-kolibris-im-winter-pflegt-und-zug-oder-standvoegel-in-den-kommenden-kalten-monaten-unterstuetzt\/","og_site_name":"Stra\u00dfenweb","article_publisher":"https:\/\/www.facebook.com\/strassenweb\/","article_published_time":"2024-11-14T08:40:11+00:00","article_modified_time":"2024-11-14T08:40:13+00:00","og_image":[{"width":1200,"height":675,"url":"https:\/\/www.strassenweb.de\/nachrichten\/wp-content\/uploads\/2024\/11\/Wie-man-Kolibris-im-Winter-pflegt-\u2013-und-Zug-oder.jpg","type":"image\/jpeg"}],"author":"Robert Hoffmann","twitter_card":"summary_large_image","twitter_misc":{"Verfasst von":"Robert Hoffmann","Gesch\u00e4tzte Lesezeit":"5\u00a0Minuten"},"schema":{"@context":"https:\/\/schema.org","@graph":[{"@type":"Article","@id":"https:\/\/www.strassenweb.de\/nachrichten\/wie-man-kolibris-im-winter-pflegt-und-zug-oder-standvoegel-in-den-kommenden-kalten-monaten-unterstuetzt\/#article","isPartOf":{"@id":"https:\/\/www.strassenweb.de\/nachrichten\/wie-man-kolibris-im-winter-pflegt-und-zug-oder-standvoegel-in-den-kommenden-kalten-monaten-unterstuetzt\/"},"author":{"name":"Robert Hoffmann","@id":"https:\/\/www.strassenweb.de\/nachrichten\/#\/schema\/person\/87c9c9067f1211da429a744dc5a5aa41"},"headline":"Wie man Kolibris im Winter pflegt \u2013 und Zug- oder Standv\u00f6gel in den kommenden kalten Monaten unterst\u00fctzt","datePublished":"2024-11-14T08:40:11+00:00","dateModified":"2024-11-14T08:40:13+00:00","mainEntityOfPage":{"@id":"https:\/\/www.strassenweb.de\/nachrichten\/wie-man-kolibris-im-winter-pflegt-und-zug-oder-standvoegel-in-den-kommenden-kalten-monaten-unterstuetzt\/"},"wordCount":1001,"publisher":{"@id":"https:\/\/www.strassenweb.de\/nachrichten\/#organization"},"image":{"@id":"https:\/\/www.strassenweb.de\/nachrichten\/wie-man-kolibris-im-winter-pflegt-und-zug-oder-standvoegel-in-den-kommenden-kalten-monaten-unterstuetzt\/#primaryimage"},"thumbnailUrl":"https:\/\/www.strassenweb.de\/nachrichten\/wp-content\/uploads\/2024\/11\/Wie-man-Kolibris-im-Winter-pflegt-\u2013-und-Zug-oder.jpg","keywords":["den","kalten","Kolibris","kommenden","man","Monaten","oder","pflegt","Standv\u00f6gel","und","unterst\u00fctzt","Wie","Winter","Zug"],"articleSection":["Haus &amp; Garten"],"inLanguage":"de"},{"@type":"WebPage","@id":"https:\/\/www.strassenweb.de\/nachrichten\/wie-man-kolibris-im-winter-pflegt-und-zug-oder-standvoegel-in-den-kommenden-kalten-monaten-unterstuetzt\/","url":"https:\/\/www.strassenweb.de\/nachrichten\/wie-man-kolibris-im-winter-pflegt-und-zug-oder-standvoegel-in-den-kommenden-kalten-monaten-unterstuetzt\/","name":"Wie man Kolibris im Winter pflegt \u2013 und Zug- oder Standv\u00f6gel in den kommenden kalten Monaten unterst\u00fctzt - Nachrichten - Stra\u00dfenweb","isPartOf":{"@id":"https:\/\/www.strassenweb.de\/nachrichten\/#website"},"primaryImageOfPage":{"@id":"https:\/\/www.strassenweb.de\/nachrichten\/wie-man-kolibris-im-winter-pflegt-und-zug-oder-standvoegel-in-den-kommenden-kalten-monaten-unterstuetzt\/#primaryimage"},"image":{"@id":"https:\/\/www.strassenweb.de\/nachrichten\/wie-man-kolibris-im-winter-pflegt-und-zug-oder-standvoegel-in-den-kommenden-kalten-monaten-unterstuetzt\/#primaryimage"},"thumbnailUrl":"https:\/\/www.strassenweb.de\/nachrichten\/wp-content\/uploads\/2024\/11\/Wie-man-Kolibris-im-Winter-pflegt-\u2013-und-Zug-oder.jpg","datePublished":"2024-11-14T08:40:11+00:00","dateModified":"2024-11-14T08:40:13+00:00","breadcrumb":{"@id":"https:\/\/www.strassenweb.de\/nachrichten\/wie-man-kolibris-im-winter-pflegt-und-zug-oder-standvoegel-in-den-kommenden-kalten-monaten-unterstuetzt\/#breadcrumb"},"inLanguage":"de","potentialAction":[{"@type":"ReadAction","target":["https:\/\/www.strassenweb.de\/nachrichten\/wie-man-kolibris-im-winter-pflegt-und-zug-oder-standvoegel-in-den-kommenden-kalten-monaten-unterstuetzt\/"]}]},{"@type":"ImageObject","inLanguage":"de","@id":"https:\/\/www.strassenweb.de\/nachrichten\/wie-man-kolibris-im-winter-pflegt-und-zug-oder-standvoegel-in-den-kommenden-kalten-monaten-unterstuetzt\/#primaryimage","url":"https:\/\/www.strassenweb.de\/nachrichten\/wp-content\/uploads\/2024\/11\/Wie-man-Kolibris-im-Winter-pflegt-\u2013-und-Zug-oder.jpg","contentUrl":"https:\/\/www.strassenweb.de\/nachrichten\/wp-content\/uploads\/2024\/11\/Wie-man-Kolibris-im-Winter-pflegt-\u2013-und-Zug-oder.jpg","width":1200,"height":675,"caption":"Wie man Kolibris im Winter pflegt \u2013 und Zug- oder Standv\u00f6gel in den kommenden kalten Monaten unterst\u00fctzt"},{"@type":"BreadcrumbList","@id":"https:\/\/www.strassenweb.de\/nachrichten\/wie-man-kolibris-im-winter-pflegt-und-zug-oder-standvoegel-in-den-kommenden-kalten-monaten-unterstuetzt\/#breadcrumb","itemListElement":[{"@type":"ListItem","position":1,"name":"Home","item":"https:\/\/www.strassenweb.de\/nachrichten\/"},{"@type":"ListItem","position":2,"name":"Wie man Kolibris im Winter pflegt \u2013 und Zug- oder Standv\u00f6gel in den kommenden kalten Monaten unterst\u00fctzt"}]},{"@type":"WebSite","@id":"https:\/\/www.strassenweb.de\/nachrichten\/#website","url":"https:\/\/www.strassenweb.de\/nachrichten\/","name":"Stra\u00dfenweb","description":"Stra\u00dfenverzeichnis f\u00fcr Deutschland","publisher":{"@id":"https:\/\/www.strassenweb.de\/nachrichten\/#organization"},"potentialAction":[{"@type":"SearchAction","target":{"@type":"EntryPoint","urlTemplate":"https:\/\/www.strassenweb.de\/nachrichten\/?s={search_term_string}"},"query-input":{"@type":"PropertyValueSpecification","valueRequired":true,"valueName":"search_term_string"}}],"inLanguage":"de"},{"@type":"Organization","@id":"https:\/\/www.strassenweb.de\/nachrichten\/#organization","name":"Stra\u00dfenweb","url":"https:\/\/www.strassenweb.de\/nachrichten\/","logo":{"@type":"ImageObject","inLanguage":"de","@id":"https:\/\/www.strassenweb.de\/nachrichten\/#\/schema\/logo\/image\/","url":"https:\/\/www.strassenweb.de\/nachrichten\/wp-content\/uploads\/2024\/09\/cropped-favicon.png","contentUrl":"https:\/\/www.strassenweb.de\/nachrichten\/wp-content\/uploads\/2024\/09\/cropped-favicon.png","width":512,"height":512,"caption":"Stra\u00dfenweb"},"image":{"@id":"https:\/\/www.strassenweb.de\/nachrichten\/#\/schema\/logo\/image\/"},"sameAs":["https:\/\/www.facebook.com\/strassenweb\/"]},{"@type":"Person","@id":"https:\/\/www.strassenweb.de\/nachrichten\/#\/schema\/person\/87c9c9067f1211da429a744dc5a5aa41","name":"Robert Hoffmann","image":{"@type":"ImageObject","inLanguage":"de","@id":"https:\/\/www.strassenweb.de\/nachrichten\/wp-content\/uploads\/2024\/09\/strassenweb-150x150.jpg","url":"https:\/\/www.strassenweb.de\/nachrichten\/wp-content\/uploads\/2024\/09\/strassenweb-150x150.jpg","contentUrl":"https:\/\/www.strassenweb.de\/nachrichten\/wp-content\/uploads\/2024\/09\/strassenweb-150x150.jpg","caption":"Robert Hoffmann"},"description":"Ich hei\u00dfe Robert Hoffmann und ich bin ein leidenschaftlicher Verfechter von \u00d6kologie und Biodiversit\u00e4t. Seit meiner Kindheit in den W\u00e4ldern Bayerns f\u00fchle ich mich mit der Natur verbunden und bin entschlossen, sie zu sch\u00fctzen. Heute widme ich mein Leben der Sensibilisierung anderer f\u00fcr die Bedeutung des Umweltschutzes f\u00fcr zuk\u00fcnftige Generationen.","sameAs":["https:\/\/www.strassenweb.de\/"]}]}},"_links":{"self":[{"href":"https:\/\/www.strassenweb.de\/nachrichten\/wp-json\/wp\/v2\/posts\/1552","targetHints":{"allow":["GET"]}}],"collection":[{"href":"https:\/\/www.strassenweb.de\/nachrichten\/wp-json\/wp\/v2\/posts"}],"about":[{"href":"https:\/\/www.strassenweb.de\/nachrichten\/wp-json\/wp\/v2\/types\/post"}],"author":[{"embeddable":true,"href":"https:\/\/www.strassenweb.de\/nachrichten\/wp-json\/wp\/v2\/users\/1"}],"replies":[{"embeddable":true,"href":"https:\/\/www.strassenweb.de\/nachrichten\/wp-json\/wp\/v2\/comments?post=1552"}],"version-history":[{"count":0,"href":"https:\/\/www.strassenweb.de\/nachrichten\/wp-json\/wp\/v2\/posts\/1552\/revisions"}],"wp:featuredmedia":[{"embeddable":true,"href":"https:\/\/www.strassenweb.de\/nachrichten\/wp-json\/wp\/v2\/media\/1553"}],"wp:attachment":[{"href":"https:\/\/www.strassenweb.de\/nachrichten\/wp-json\/wp\/v2\/media?parent=1552"}],"wp:term":[{"taxonomy":"category","embeddable":true,"href":"https:\/\/www.strassenweb.de\/nachrichten\/wp-json\/wp\/v2\/categories?post=1552"},{"taxonomy":"post_tag","embeddable":true,"href":"https:\/\/www.strassenweb.de\/nachrichten\/wp-json\/wp\/v2\/tags?post=1552"}],"curies":[{"name":"wp","href":"https:\/\/api.w.org\/{rel}","templated":true}]}}