{"id":1537,"date":"2024-11-13T13:58:31","date_gmt":"2024-11-13T12:58:31","guid":{"rendered":"https:\/\/www.strassenweb.de\/nachrichten\/victoria-beckhams-kleideraufbewahrung-aus-glas-ist-die-beste-die-ich-je-gesehen-habe-ihre-unorthodoxe-schrankorganisation-schuetzt-und-praesentiert-ihre-beeindruckende-garderobe\/"},"modified":"2024-11-13T13:58:32","modified_gmt":"2024-11-13T12:58:32","slug":"victoria-beckhams-kleideraufbewahrung-aus-glas-ist-die-beste-die-ich-je-gesehen-habe-ihre-unorthodoxe-schrankorganisation-schuetzt-und-praesentiert-ihre-beeindruckende-garderobe","status":"publish","type":"post","link":"https:\/\/www.strassenweb.de\/nachrichten\/victoria-beckhams-kleideraufbewahrung-aus-glas-ist-die-beste-die-ich-je-gesehen-habe-ihre-unorthodoxe-schrankorganisation-schuetzt-und-praesentiert-ihre-beeindruckende-garderobe\/","title":{"rendered":"Victoria Beckhams Kleideraufbewahrung aus Glas ist die beste, die ich je gesehen habe \u2013 ihre unorthodoxe Schrankorganisation sch\u00fctzt und pr\u00e4sentiert ihre beeindruckende Garderobe"},"content":{"rendered":"<p><\/p>\n<div id=\"article-body\" class=\"article__body \">\n<p>\u00dcberlassen Sie es der Modedesignerin Victoria Beckham, die Kleideraufbewahrung, wie wir sie kennen, neu zu gestalten. Die Schauspielerin nutzt Vitrinen, um ihre h\u00e4ngenden Kleidungsst\u00fccke und Schuhe zu organisieren, und ich finde das absolut genial.<\/p>\n<div id=\"ad-unit-1\" class=\"ad-unit\"><\/div>\n<p>Ich habe Beckhams Idee zur Organisation des Kleiderschranks in einem TikTok entdeckt, den ihr Ehemann David Beckham gepostet hatte, als er ihre neueste Handcreme-Ver\u00f6ffentlichung f\u00fcr VB Beauty ausprobierte. Obwohl er der Lotion eine begeisterte Kritik gab, schenkte ich den farblich abgestimmten, in der L\u00e4nge ausgerichteten Kleidungsst\u00fccken und den ordentlich arrangierten Schuhen im Hintergrund viel mehr Aufmerksamkeit. Obwohl ich schon vorher transparente Organisatoren gesehen habe, hatte ich noch nie erlebt, dass sie mit diesem Ma\u00df an Geschick und Pr\u00e4zision hergestellt wurden. Jeder Gegenstand hat seinen genauen Platz. Es ist stilvoll, funktional und einfach zu bedienen.<\/p>\n<aside class=\"hawk-nest\" data-block-type=\"embed\" data-render-type=\"fte\" data-skip=\"dealsy\" data-widget-type=\"seasonal\">\n<div class=\"hawk-master-widget-hawk-base-wrapper\"><\/div>\n<\/aside>\n<p>Viele der Vorteile des Designs f\u00fcr die Organisation von Kleidung ergeben sich aus den Vitrinen. Erstens sch\u00fctzen diese durchsichtigen T\u00fcren die Kleidung vor Staub, Motten und Schmutz. Dies ist die Art der Pflege, die sogar dazu beitragen kann, dass Ihre Kleidung l\u00e4nger h\u00e4lt. Aufgrund ihrer klaren Fronten erleichtern diese T\u00fcren das morgendliche Anziehen. Es ist einfach, alles zu sehen, was Sie vor sich liegen, und ein Outfit mit allen Ihnen zur Verf\u00fcgung stehenden Werkzeugen auszuw\u00e4hlen.<\/p>\n<div id=\"desktop-in-article\" class=\"in-article ad-unit\">\n<div id=\"desktop-taboola-mid-article\"><\/div>\n<\/div>\n<div id=\"mobile-in-article\" class=\"in-article ad-unit\">\n<div id=\"mobile-taboola-mid-article\"><\/div>\n<\/div>\n<blockquote class=\"tiktok-embed\" cite=\"https:\/\/www.tiktok.com\/@victoriabeckham\/video\/7435668738604567840\" data-video-id=\"7435668738604567840\" style=\"max-width: 605px; min-width: 325px;\">\n<section>\n<p>@victoriabeckham<\/p>\n<p>\u266c Originalton &#8211; Victoria Beckham<\/section>\n<\/blockquote>\n<p>Wenn Sie genauso fasziniert sind wie ich, l\u00e4sst sich die Kleideraufbewahrung in Beckhams Umkleidekabine gl\u00fccklicherweise leicht in einem Kleiderschrank jeder Gr\u00f6\u00dfe nachbauen. Um den Look zu reproduzieren, kaufen Sie zun\u00e4chst ein Set mit ausreichend Kleiderb\u00fcgeln, um alle Ihre Kleidungsst\u00fccke aufzuh\u00e4ngen (ich schw\u00f6re auf diese Samt-Kleiderb\u00fcgel von Amazon wegen ihrer rutschfesten Eigenschaften). Ein Teil der Sch\u00f6nheit dieses Raumes ist seine Einheitlichkeit; Wenn Sie dieselben Kleiderb\u00fcgel verwenden, sieht der Kleiderschrank sofort organisiert und zusammengesetzt aus.<\/p>\n<div class=\"van_vid_carousel\">\n<div class=\"van_vid_carousel__padding\">\n<div class=\"van_vid_carousel__container\"><\/div>\n<\/div>\n<\/div>\n<p>Wenn Sie m\u00f6chten, dass Ihr Kleiderschrank \u00e4hnlich aussieht, ordnen Sie die Kleidung anschlie\u00dfend nach ihrer Farbe. Ein farblich abgestimmter Kleiderschrank wirkt sofort elegant und organisiert, egal, was sich darin befindet. Zur weiteren Optimierung k\u00f6nnen Sie Ihre Artikel nach ihrer H\u00f6he im Schrank ordnen. Lange Kleider passen zum Beispiel zu Jumpsuits, Blusen zu Blazern, mittellange M\u00e4ntel zu anderen mittellangen M\u00e4nteln.<\/p>\n<div id=\"ad-unit-2\" class=\"ad-unit\"><\/div>\n<p>Endlich ist es an der Zeit, Ihren Schutz einzubauen. Selbst wenn Sie keinen Platz f\u00fcr den Einbau von Glasschr\u00e4nken in Ihrem Kleiderschrank haben, k\u00f6nnen Sie mit transparenten Schrankorganisatoren die sch\u00fctzenden, stilvollen Eigenschaften von Victoria Beckhams Ankleidezimmer nachbilden. Hier sind einige meiner Favoriten.<\/p>\n<h2 id=\"shop-transparent-closet-organization-3\">Kaufen Sie transparente Schrankorganisation<\/h2>\n<div class=\"product-container hero-product-container product-block-no-wrap\"><\/div>\n<hr>\n<p>Die Aufbewahrung von Schuhen in den Regalen ist ein wesentlicher Bestandteil dessen, was Beckhams Kleiderschrank so elegant aussehen l\u00e4sst. Um ein \u00e4hnliches Aussehen zu bewahren und Ihre Schuhe zu pflegen, sollten Sie Kunststoff- oder Holzeinlagen in Betracht ziehen, um Ihre Schuhe in ihrer urspr\u00fcnglichen Form und ihrem urspr\u00fcnglichen Zustand zu halten.<\/p>\n<div id=\"slice-container-newsletterForm-articleInbodyContent-XHYJcJ22uUpCeqnmrehcxC\" class=\"slice-container newsletter-inbodyContent-slice newsletterForm-articleInbodyContent-XHYJcJ22uUpCeqnmrehcxC slice-container-newsletterForm\"><\/div>\n<p>Ich bin gerade dabei, Eink\u00e4ufe zu t\u00e4tigen, um meinen Kleiderschrank in eine Version von Victoria Beckhams zu verwandeln. Ich halte euch auf dem Laufenden, wie es weitergeht.<\/p>\n<hr>\n<\/div>\n<p><script async src=\"\/\/www.tiktok.com\/embed.js\"><\/script><\/p>\n","protected":false},"excerpt":{"rendered":"<p>\u00dcberlassen Sie es der Modedesignerin Victoria Beckham, die Kleideraufbewahrung, wie wir sie kennen, neu zu gestalten. Die Schauspielerin nutzt Vitrinen, um ihre h\u00e4ngenden Kleidungsst\u00fccke und<\/p>\n","protected":false},"author":1,"featured_media":1538,"comment_status":"closed","ping_status":"","sticky":false,"template":"","format":"standard","meta":{"footnotes":""},"categories":[118],"tags":[287,2824,2830,201,9,2831,1905,2826,823,129,225,15,2825,2829,2827,2828,37,187,515],"class_list":["post-1537","post","type-post","status-publish","format-standard","has-post-thumbnail","hentry","category-haus-garten","tag-aus","tag-beckhams","tag-beeindruckende","tag-beste","tag-die","tag-garderobe","tag-gesehen","tag-glas","tag-habe","tag-ich","tag-ihre","tag-ist","tag-kleideraufbewahrung","tag-praesentiert","tag-schrankorganisation","tag-schuetzt","tag-und","tag-unorthodoxe","tag-victoria","generate-columns","tablet-grid-50","mobile-grid-100","grid-parent","grid-50"],"yoast_head":"<!-- This site is optimized with the Yoast SEO plugin v27.3 - https:\/\/yoast.com\/product\/yoast-seo-wordpress\/ -->\n<title>Victoria Beckhams Kleideraufbewahrung aus Glas ist die beste, die ich je gesehen habe \u2013 ihre unorthodoxe Schrankorganisation sch\u00fctzt und pr\u00e4sentiert ihre beeindruckende Garderobe - Nachrichten - Stra\u00dfenweb<\/title>\n<meta name=\"robots\" content=\"index, follow, max-snippet:-1, max-image-preview:large, max-video-preview:-1\" \/>\n<link rel=\"canonical\" href=\"https:\/\/www.strassenweb.de\/nachrichten\/victoria-beckhams-kleideraufbewahrung-aus-glas-ist-die-beste-die-ich-je-gesehen-habe-ihre-unorthodoxe-schrankorganisation-schuetzt-und-praesentiert-ihre-beeindruckende-garderobe\/\" \/>\n<meta property=\"og:locale\" content=\"de_DE\" \/>\n<meta property=\"og:type\" content=\"article\" \/>\n<meta property=\"og:title\" content=\"Victoria Beckhams Kleideraufbewahrung aus Glas ist die beste, die ich je gesehen habe \u2013 ihre unorthodoxe Schrankorganisation sch\u00fctzt und pr\u00e4sentiert ihre beeindruckende Garderobe - Nachrichten - Stra\u00dfenweb\" \/>\n<meta property=\"og:description\" content=\"\u00dcberlassen Sie es der Modedesignerin Victoria Beckham, die Kleideraufbewahrung, wie wir sie kennen, neu zu gestalten. Die Schauspielerin nutzt Vitrinen, um ihre h\u00e4ngenden Kleidungsst\u00fccke und\" \/>\n<meta property=\"og:url\" content=\"https:\/\/www.strassenweb.de\/nachrichten\/victoria-beckhams-kleideraufbewahrung-aus-glas-ist-die-beste-die-ich-je-gesehen-habe-ihre-unorthodoxe-schrankorganisation-schuetzt-und-praesentiert-ihre-beeindruckende-garderobe\/\" \/>\n<meta property=\"og:site_name\" content=\"Stra\u00dfenweb\" \/>\n<meta property=\"article:publisher\" content=\"https:\/\/www.facebook.com\/strassenweb\/\" \/>\n<meta property=\"article:published_time\" content=\"2024-11-13T12:58:31+00:00\" \/>\n<meta property=\"article:modified_time\" content=\"2024-11-13T12:58:32+00:00\" \/>\n<meta property=\"og:image\" content=\"https:\/\/www.strassenweb.de\/nachrichten\/wp-content\/uploads\/2024\/11\/Victoria-Beckhams-Kleideraufbewahrung-aus-Glas-ist-die-beste-die-ich.jpg\" \/>\n\t<meta property=\"og:image:width\" content=\"1200\" \/>\n\t<meta property=\"og:image:height\" content=\"675\" \/>\n\t<meta property=\"og:image:type\" content=\"image\/jpeg\" \/>\n<meta name=\"author\" content=\"Robert Hoffmann\" \/>\n<meta name=\"twitter:card\" content=\"summary_large_image\" \/>\n<meta name=\"twitter:label1\" content=\"Verfasst von\" \/>\n\t<meta name=\"twitter:data1\" content=\"Robert Hoffmann\" \/>\n\t<meta name=\"twitter:label2\" content=\"Gesch\u00e4tzte Lesezeit\" \/>\n\t<meta name=\"twitter:data2\" content=\"3\u00a0Minuten\" \/>\n<script type=\"application\/ld+json\" class=\"yoast-schema-graph\">{\"@context\":\"https:\\\/\\\/schema.org\",\"@graph\":[{\"@type\":\"Article\",\"@id\":\"https:\\\/\\\/www.strassenweb.de\\\/nachrichten\\\/victoria-beckhams-kleideraufbewahrung-aus-glas-ist-die-beste-die-ich-je-gesehen-habe-ihre-unorthodoxe-schrankorganisation-schuetzt-und-praesentiert-ihre-beeindruckende-garderobe\\\/#article\",\"isPartOf\":{\"@id\":\"https:\\\/\\\/www.strassenweb.de\\\/nachrichten\\\/victoria-beckhams-kleideraufbewahrung-aus-glas-ist-die-beste-die-ich-je-gesehen-habe-ihre-unorthodoxe-schrankorganisation-schuetzt-und-praesentiert-ihre-beeindruckende-garderobe\\\/\"},\"author\":{\"name\":\"Robert Hoffmann\",\"@id\":\"https:\\\/\\\/www.strassenweb.de\\\/nachrichten\\\/#\\\/schema\\\/person\\\/87c9c9067f1211da429a744dc5a5aa41\"},\"headline\":\"Victoria Beckhams Kleideraufbewahrung aus Glas ist die beste, die ich je gesehen habe \u2013 ihre unorthodoxe Schrankorganisation sch\u00fctzt und pr\u00e4sentiert ihre beeindruckende Garderobe\",\"datePublished\":\"2024-11-13T12:58:31+00:00\",\"dateModified\":\"2024-11-13T12:58:32+00:00\",\"mainEntityOfPage\":{\"@id\":\"https:\\\/\\\/www.strassenweb.de\\\/nachrichten\\\/victoria-beckhams-kleideraufbewahrung-aus-glas-ist-die-beste-die-ich-je-gesehen-habe-ihre-unorthodoxe-schrankorganisation-schuetzt-und-praesentiert-ihre-beeindruckende-garderobe\\\/\"},\"wordCount\":529,\"publisher\":{\"@id\":\"https:\\\/\\\/www.strassenweb.de\\\/nachrichten\\\/#organization\"},\"image\":{\"@id\":\"https:\\\/\\\/www.strassenweb.de\\\/nachrichten\\\/victoria-beckhams-kleideraufbewahrung-aus-glas-ist-die-beste-die-ich-je-gesehen-habe-ihre-unorthodoxe-schrankorganisation-schuetzt-und-praesentiert-ihre-beeindruckende-garderobe\\\/#primaryimage\"},\"thumbnailUrl\":\"https:\\\/\\\/www.strassenweb.de\\\/nachrichten\\\/wp-content\\\/uploads\\\/2024\\\/11\\\/Victoria-Beckhams-Kleideraufbewahrung-aus-Glas-ist-die-beste-die-ich.jpg\",\"keywords\":[\"aus\",\"Beckhams\",\"beeindruckende\",\"beste\",\"die\",\"Garderobe\",\"gesehen\",\"Glas\",\"habe\",\"ich\",\"ihre\",\"ist\",\"Kleideraufbewahrung\",\"pr\u00e4sentiert\",\"Schrankorganisation\",\"sch\u00fctzt\",\"und\",\"unorthodoxe\",\"Victoria\"],\"articleSection\":[\"Haus &amp; Garten\"],\"inLanguage\":\"de\"},{\"@type\":\"WebPage\",\"@id\":\"https:\\\/\\\/www.strassenweb.de\\\/nachrichten\\\/victoria-beckhams-kleideraufbewahrung-aus-glas-ist-die-beste-die-ich-je-gesehen-habe-ihre-unorthodoxe-schrankorganisation-schuetzt-und-praesentiert-ihre-beeindruckende-garderobe\\\/\",\"url\":\"https:\\\/\\\/www.strassenweb.de\\\/nachrichten\\\/victoria-beckhams-kleideraufbewahrung-aus-glas-ist-die-beste-die-ich-je-gesehen-habe-ihre-unorthodoxe-schrankorganisation-schuetzt-und-praesentiert-ihre-beeindruckende-garderobe\\\/\",\"name\":\"Victoria Beckhams Kleideraufbewahrung aus Glas ist die beste, die ich je gesehen habe \u2013 ihre unorthodoxe Schrankorganisation sch\u00fctzt und pr\u00e4sentiert ihre beeindruckende Garderobe - Nachrichten - Stra\u00dfenweb\",\"isPartOf\":{\"@id\":\"https:\\\/\\\/www.strassenweb.de\\\/nachrichten\\\/#website\"},\"primaryImageOfPage\":{\"@id\":\"https:\\\/\\\/www.strassenweb.de\\\/nachrichten\\\/victoria-beckhams-kleideraufbewahrung-aus-glas-ist-die-beste-die-ich-je-gesehen-habe-ihre-unorthodoxe-schrankorganisation-schuetzt-und-praesentiert-ihre-beeindruckende-garderobe\\\/#primaryimage\"},\"image\":{\"@id\":\"https:\\\/\\\/www.strassenweb.de\\\/nachrichten\\\/victoria-beckhams-kleideraufbewahrung-aus-glas-ist-die-beste-die-ich-je-gesehen-habe-ihre-unorthodoxe-schrankorganisation-schuetzt-und-praesentiert-ihre-beeindruckende-garderobe\\\/#primaryimage\"},\"thumbnailUrl\":\"https:\\\/\\\/www.strassenweb.de\\\/nachrichten\\\/wp-content\\\/uploads\\\/2024\\\/11\\\/Victoria-Beckhams-Kleideraufbewahrung-aus-Glas-ist-die-beste-die-ich.jpg\",\"datePublished\":\"2024-11-13T12:58:31+00:00\",\"dateModified\":\"2024-11-13T12:58:32+00:00\",\"breadcrumb\":{\"@id\":\"https:\\\/\\\/www.strassenweb.de\\\/nachrichten\\\/victoria-beckhams-kleideraufbewahrung-aus-glas-ist-die-beste-die-ich-je-gesehen-habe-ihre-unorthodoxe-schrankorganisation-schuetzt-und-praesentiert-ihre-beeindruckende-garderobe\\\/#breadcrumb\"},\"inLanguage\":\"de\",\"potentialAction\":[{\"@type\":\"ReadAction\",\"target\":[\"https:\\\/\\\/www.strassenweb.de\\\/nachrichten\\\/victoria-beckhams-kleideraufbewahrung-aus-glas-ist-die-beste-die-ich-je-gesehen-habe-ihre-unorthodoxe-schrankorganisation-schuetzt-und-praesentiert-ihre-beeindruckende-garderobe\\\/\"]}]},{\"@type\":\"ImageObject\",\"inLanguage\":\"de\",\"@id\":\"https:\\\/\\\/www.strassenweb.de\\\/nachrichten\\\/victoria-beckhams-kleideraufbewahrung-aus-glas-ist-die-beste-die-ich-je-gesehen-habe-ihre-unorthodoxe-schrankorganisation-schuetzt-und-praesentiert-ihre-beeindruckende-garderobe\\\/#primaryimage\",\"url\":\"https:\\\/\\\/www.strassenweb.de\\\/nachrichten\\\/wp-content\\\/uploads\\\/2024\\\/11\\\/Victoria-Beckhams-Kleideraufbewahrung-aus-Glas-ist-die-beste-die-ich.jpg\",\"contentUrl\":\"https:\\\/\\\/www.strassenweb.de\\\/nachrichten\\\/wp-content\\\/uploads\\\/2024\\\/11\\\/Victoria-Beckhams-Kleideraufbewahrung-aus-Glas-ist-die-beste-die-ich.jpg\",\"width\":1200,\"height\":675,\"caption\":\"Victoria Beckhams Kleideraufbewahrung aus Glas ist die beste, die ich je gesehen habe \u2013 ihre unorthodoxe Schrankorganisation sch\u00fctzt und pr\u00e4sentiert ihre beeindruckende Garderobe\"},{\"@type\":\"BreadcrumbList\",\"@id\":\"https:\\\/\\\/www.strassenweb.de\\\/nachrichten\\\/victoria-beckhams-kleideraufbewahrung-aus-glas-ist-die-beste-die-ich-je-gesehen-habe-ihre-unorthodoxe-schrankorganisation-schuetzt-und-praesentiert-ihre-beeindruckende-garderobe\\\/#breadcrumb\",\"itemListElement\":[{\"@type\":\"ListItem\",\"position\":1,\"name\":\"Home\",\"item\":\"https:\\\/\\\/www.strassenweb.de\\\/nachrichten\\\/\"},{\"@type\":\"ListItem\",\"position\":2,\"name\":\"Victoria Beckhams Kleideraufbewahrung aus Glas ist die beste, die ich je gesehen habe \u2013 ihre unorthodoxe Schrankorganisation sch\u00fctzt und pr\u00e4sentiert ihre beeindruckende Garderobe\"}]},{\"@type\":\"WebSite\",\"@id\":\"https:\\\/\\\/www.strassenweb.de\\\/nachrichten\\\/#website\",\"url\":\"https:\\\/\\\/www.strassenweb.de\\\/nachrichten\\\/\",\"name\":\"Stra\u00dfenweb\",\"description\":\"Stra\u00dfenverzeichnis f\u00fcr Deutschland\",\"publisher\":{\"@id\":\"https:\\\/\\\/www.strassenweb.de\\\/nachrichten\\\/#organization\"},\"potentialAction\":[{\"@type\":\"SearchAction\",\"target\":{\"@type\":\"EntryPoint\",\"urlTemplate\":\"https:\\\/\\\/www.strassenweb.de\\\/nachrichten\\\/?s={search_term_string}\"},\"query-input\":{\"@type\":\"PropertyValueSpecification\",\"valueRequired\":true,\"valueName\":\"search_term_string\"}}],\"inLanguage\":\"de\"},{\"@type\":\"Organization\",\"@id\":\"https:\\\/\\\/www.strassenweb.de\\\/nachrichten\\\/#organization\",\"name\":\"Stra\u00dfenweb\",\"url\":\"https:\\\/\\\/www.strassenweb.de\\\/nachrichten\\\/\",\"logo\":{\"@type\":\"ImageObject\",\"inLanguage\":\"de\",\"@id\":\"https:\\\/\\\/www.strassenweb.de\\\/nachrichten\\\/#\\\/schema\\\/logo\\\/image\\\/\",\"url\":\"https:\\\/\\\/www.strassenweb.de\\\/nachrichten\\\/wp-content\\\/uploads\\\/2024\\\/09\\\/cropped-favicon.png\",\"contentUrl\":\"https:\\\/\\\/www.strassenweb.de\\\/nachrichten\\\/wp-content\\\/uploads\\\/2024\\\/09\\\/cropped-favicon.png\",\"width\":512,\"height\":512,\"caption\":\"Stra\u00dfenweb\"},\"image\":{\"@id\":\"https:\\\/\\\/www.strassenweb.de\\\/nachrichten\\\/#\\\/schema\\\/logo\\\/image\\\/\"},\"sameAs\":[\"https:\\\/\\\/www.facebook.com\\\/strassenweb\\\/\"]},{\"@type\":\"Person\",\"@id\":\"https:\\\/\\\/www.strassenweb.de\\\/nachrichten\\\/#\\\/schema\\\/person\\\/87c9c9067f1211da429a744dc5a5aa41\",\"name\":\"Robert Hoffmann\",\"image\":{\"@type\":\"ImageObject\",\"inLanguage\":\"de\",\"@id\":\"https:\\\/\\\/www.strassenweb.de\\\/nachrichten\\\/wp-content\\\/uploads\\\/2024\\\/09\\\/strassenweb-150x150.jpg\",\"url\":\"https:\\\/\\\/www.strassenweb.de\\\/nachrichten\\\/wp-content\\\/uploads\\\/2024\\\/09\\\/strassenweb-150x150.jpg\",\"contentUrl\":\"https:\\\/\\\/www.strassenweb.de\\\/nachrichten\\\/wp-content\\\/uploads\\\/2024\\\/09\\\/strassenweb-150x150.jpg\",\"caption\":\"Robert Hoffmann\"},\"description\":\"Ich hei\u00dfe Robert Hoffmann und ich bin ein leidenschaftlicher Verfechter von \u00d6kologie und Biodiversit\u00e4t. Seit meiner Kindheit in den W\u00e4ldern Bayerns f\u00fchle ich mich mit der Natur verbunden und bin entschlossen, sie zu sch\u00fctzen. Heute widme ich mein Leben der Sensibilisierung anderer f\u00fcr die Bedeutung des Umweltschutzes f\u00fcr zuk\u00fcnftige Generationen.\",\"sameAs\":[\"https:\\\/\\\/www.strassenweb.de\\\/\"]}]}<\/script>\n<!-- \/ Yoast SEO plugin. -->","yoast_head_json":{"title":"Victoria Beckhams Kleideraufbewahrung aus Glas ist die beste, die ich je gesehen habe \u2013 ihre unorthodoxe Schrankorganisation sch\u00fctzt und pr\u00e4sentiert ihre beeindruckende Garderobe - Nachrichten - Stra\u00dfenweb","robots":{"index":"index","follow":"follow","max-snippet":"max-snippet:-1","max-image-preview":"max-image-preview:large","max-video-preview":"max-video-preview:-1"},"canonical":"https:\/\/www.strassenweb.de\/nachrichten\/victoria-beckhams-kleideraufbewahrung-aus-glas-ist-die-beste-die-ich-je-gesehen-habe-ihre-unorthodoxe-schrankorganisation-schuetzt-und-praesentiert-ihre-beeindruckende-garderobe\/","og_locale":"de_DE","og_type":"article","og_title":"Victoria Beckhams Kleideraufbewahrung aus Glas ist die beste, die ich je gesehen habe \u2013 ihre unorthodoxe Schrankorganisation sch\u00fctzt und pr\u00e4sentiert ihre beeindruckende Garderobe - Nachrichten - Stra\u00dfenweb","og_description":"\u00dcberlassen Sie es der Modedesignerin Victoria Beckham, die Kleideraufbewahrung, wie wir sie kennen, neu zu gestalten. Die Schauspielerin nutzt Vitrinen, um ihre h\u00e4ngenden Kleidungsst\u00fccke und","og_url":"https:\/\/www.strassenweb.de\/nachrichten\/victoria-beckhams-kleideraufbewahrung-aus-glas-ist-die-beste-die-ich-je-gesehen-habe-ihre-unorthodoxe-schrankorganisation-schuetzt-und-praesentiert-ihre-beeindruckende-garderobe\/","og_site_name":"Stra\u00dfenweb","article_publisher":"https:\/\/www.facebook.com\/strassenweb\/","article_published_time":"2024-11-13T12:58:31+00:00","article_modified_time":"2024-11-13T12:58:32+00:00","og_image":[{"width":1200,"height":675,"url":"https:\/\/www.strassenweb.de\/nachrichten\/wp-content\/uploads\/2024\/11\/Victoria-Beckhams-Kleideraufbewahrung-aus-Glas-ist-die-beste-die-ich.jpg","type":"image\/jpeg"}],"author":"Robert Hoffmann","twitter_card":"summary_large_image","twitter_misc":{"Verfasst von":"Robert Hoffmann","Gesch\u00e4tzte Lesezeit":"3\u00a0Minuten"},"schema":{"@context":"https:\/\/schema.org","@graph":[{"@type":"Article","@id":"https:\/\/www.strassenweb.de\/nachrichten\/victoria-beckhams-kleideraufbewahrung-aus-glas-ist-die-beste-die-ich-je-gesehen-habe-ihre-unorthodoxe-schrankorganisation-schuetzt-und-praesentiert-ihre-beeindruckende-garderobe\/#article","isPartOf":{"@id":"https:\/\/www.strassenweb.de\/nachrichten\/victoria-beckhams-kleideraufbewahrung-aus-glas-ist-die-beste-die-ich-je-gesehen-habe-ihre-unorthodoxe-schrankorganisation-schuetzt-und-praesentiert-ihre-beeindruckende-garderobe\/"},"author":{"name":"Robert Hoffmann","@id":"https:\/\/www.strassenweb.de\/nachrichten\/#\/schema\/person\/87c9c9067f1211da429a744dc5a5aa41"},"headline":"Victoria Beckhams Kleideraufbewahrung aus Glas ist die beste, die ich je gesehen habe \u2013 ihre unorthodoxe Schrankorganisation sch\u00fctzt und pr\u00e4sentiert ihre beeindruckende Garderobe","datePublished":"2024-11-13T12:58:31+00:00","dateModified":"2024-11-13T12:58:32+00:00","mainEntityOfPage":{"@id":"https:\/\/www.strassenweb.de\/nachrichten\/victoria-beckhams-kleideraufbewahrung-aus-glas-ist-die-beste-die-ich-je-gesehen-habe-ihre-unorthodoxe-schrankorganisation-schuetzt-und-praesentiert-ihre-beeindruckende-garderobe\/"},"wordCount":529,"publisher":{"@id":"https:\/\/www.strassenweb.de\/nachrichten\/#organization"},"image":{"@id":"https:\/\/www.strassenweb.de\/nachrichten\/victoria-beckhams-kleideraufbewahrung-aus-glas-ist-die-beste-die-ich-je-gesehen-habe-ihre-unorthodoxe-schrankorganisation-schuetzt-und-praesentiert-ihre-beeindruckende-garderobe\/#primaryimage"},"thumbnailUrl":"https:\/\/www.strassenweb.de\/nachrichten\/wp-content\/uploads\/2024\/11\/Victoria-Beckhams-Kleideraufbewahrung-aus-Glas-ist-die-beste-die-ich.jpg","keywords":["aus","Beckhams","beeindruckende","beste","die","Garderobe","gesehen","Glas","habe","ich","ihre","ist","Kleideraufbewahrung","pr\u00e4sentiert","Schrankorganisation","sch\u00fctzt","und","unorthodoxe","Victoria"],"articleSection":["Haus &amp; Garten"],"inLanguage":"de"},{"@type":"WebPage","@id":"https:\/\/www.strassenweb.de\/nachrichten\/victoria-beckhams-kleideraufbewahrung-aus-glas-ist-die-beste-die-ich-je-gesehen-habe-ihre-unorthodoxe-schrankorganisation-schuetzt-und-praesentiert-ihre-beeindruckende-garderobe\/","url":"https:\/\/www.strassenweb.de\/nachrichten\/victoria-beckhams-kleideraufbewahrung-aus-glas-ist-die-beste-die-ich-je-gesehen-habe-ihre-unorthodoxe-schrankorganisation-schuetzt-und-praesentiert-ihre-beeindruckende-garderobe\/","name":"Victoria Beckhams Kleideraufbewahrung aus Glas ist die beste, die ich je gesehen habe \u2013 ihre unorthodoxe Schrankorganisation sch\u00fctzt und pr\u00e4sentiert ihre beeindruckende Garderobe - Nachrichten - Stra\u00dfenweb","isPartOf":{"@id":"https:\/\/www.strassenweb.de\/nachrichten\/#website"},"primaryImageOfPage":{"@id":"https:\/\/www.strassenweb.de\/nachrichten\/victoria-beckhams-kleideraufbewahrung-aus-glas-ist-die-beste-die-ich-je-gesehen-habe-ihre-unorthodoxe-schrankorganisation-schuetzt-und-praesentiert-ihre-beeindruckende-garderobe\/#primaryimage"},"image":{"@id":"https:\/\/www.strassenweb.de\/nachrichten\/victoria-beckhams-kleideraufbewahrung-aus-glas-ist-die-beste-die-ich-je-gesehen-habe-ihre-unorthodoxe-schrankorganisation-schuetzt-und-praesentiert-ihre-beeindruckende-garderobe\/#primaryimage"},"thumbnailUrl":"https:\/\/www.strassenweb.de\/nachrichten\/wp-content\/uploads\/2024\/11\/Victoria-Beckhams-Kleideraufbewahrung-aus-Glas-ist-die-beste-die-ich.jpg","datePublished":"2024-11-13T12:58:31+00:00","dateModified":"2024-11-13T12:58:32+00:00","breadcrumb":{"@id":"https:\/\/www.strassenweb.de\/nachrichten\/victoria-beckhams-kleideraufbewahrung-aus-glas-ist-die-beste-die-ich-je-gesehen-habe-ihre-unorthodoxe-schrankorganisation-schuetzt-und-praesentiert-ihre-beeindruckende-garderobe\/#breadcrumb"},"inLanguage":"de","potentialAction":[{"@type":"ReadAction","target":["https:\/\/www.strassenweb.de\/nachrichten\/victoria-beckhams-kleideraufbewahrung-aus-glas-ist-die-beste-die-ich-je-gesehen-habe-ihre-unorthodoxe-schrankorganisation-schuetzt-und-praesentiert-ihre-beeindruckende-garderobe\/"]}]},{"@type":"ImageObject","inLanguage":"de","@id":"https:\/\/www.strassenweb.de\/nachrichten\/victoria-beckhams-kleideraufbewahrung-aus-glas-ist-die-beste-die-ich-je-gesehen-habe-ihre-unorthodoxe-schrankorganisation-schuetzt-und-praesentiert-ihre-beeindruckende-garderobe\/#primaryimage","url":"https:\/\/www.strassenweb.de\/nachrichten\/wp-content\/uploads\/2024\/11\/Victoria-Beckhams-Kleideraufbewahrung-aus-Glas-ist-die-beste-die-ich.jpg","contentUrl":"https:\/\/www.strassenweb.de\/nachrichten\/wp-content\/uploads\/2024\/11\/Victoria-Beckhams-Kleideraufbewahrung-aus-Glas-ist-die-beste-die-ich.jpg","width":1200,"height":675,"caption":"Victoria Beckhams Kleideraufbewahrung aus Glas ist die beste, die ich je gesehen habe \u2013 ihre unorthodoxe Schrankorganisation sch\u00fctzt und pr\u00e4sentiert ihre beeindruckende Garderobe"},{"@type":"BreadcrumbList","@id":"https:\/\/www.strassenweb.de\/nachrichten\/victoria-beckhams-kleideraufbewahrung-aus-glas-ist-die-beste-die-ich-je-gesehen-habe-ihre-unorthodoxe-schrankorganisation-schuetzt-und-praesentiert-ihre-beeindruckende-garderobe\/#breadcrumb","itemListElement":[{"@type":"ListItem","position":1,"name":"Home","item":"https:\/\/www.strassenweb.de\/nachrichten\/"},{"@type":"ListItem","position":2,"name":"Victoria Beckhams Kleideraufbewahrung aus Glas ist die beste, die ich je gesehen habe \u2013 ihre unorthodoxe Schrankorganisation sch\u00fctzt und pr\u00e4sentiert ihre beeindruckende Garderobe"}]},{"@type":"WebSite","@id":"https:\/\/www.strassenweb.de\/nachrichten\/#website","url":"https:\/\/www.strassenweb.de\/nachrichten\/","name":"Stra\u00dfenweb","description":"Stra\u00dfenverzeichnis f\u00fcr Deutschland","publisher":{"@id":"https:\/\/www.strassenweb.de\/nachrichten\/#organization"},"potentialAction":[{"@type":"SearchAction","target":{"@type":"EntryPoint","urlTemplate":"https:\/\/www.strassenweb.de\/nachrichten\/?s={search_term_string}"},"query-input":{"@type":"PropertyValueSpecification","valueRequired":true,"valueName":"search_term_string"}}],"inLanguage":"de"},{"@type":"Organization","@id":"https:\/\/www.strassenweb.de\/nachrichten\/#organization","name":"Stra\u00dfenweb","url":"https:\/\/www.strassenweb.de\/nachrichten\/","logo":{"@type":"ImageObject","inLanguage":"de","@id":"https:\/\/www.strassenweb.de\/nachrichten\/#\/schema\/logo\/image\/","url":"https:\/\/www.strassenweb.de\/nachrichten\/wp-content\/uploads\/2024\/09\/cropped-favicon.png","contentUrl":"https:\/\/www.strassenweb.de\/nachrichten\/wp-content\/uploads\/2024\/09\/cropped-favicon.png","width":512,"height":512,"caption":"Stra\u00dfenweb"},"image":{"@id":"https:\/\/www.strassenweb.de\/nachrichten\/#\/schema\/logo\/image\/"},"sameAs":["https:\/\/www.facebook.com\/strassenweb\/"]},{"@type":"Person","@id":"https:\/\/www.strassenweb.de\/nachrichten\/#\/schema\/person\/87c9c9067f1211da429a744dc5a5aa41","name":"Robert Hoffmann","image":{"@type":"ImageObject","inLanguage":"de","@id":"https:\/\/www.strassenweb.de\/nachrichten\/wp-content\/uploads\/2024\/09\/strassenweb-150x150.jpg","url":"https:\/\/www.strassenweb.de\/nachrichten\/wp-content\/uploads\/2024\/09\/strassenweb-150x150.jpg","contentUrl":"https:\/\/www.strassenweb.de\/nachrichten\/wp-content\/uploads\/2024\/09\/strassenweb-150x150.jpg","caption":"Robert Hoffmann"},"description":"Ich hei\u00dfe Robert Hoffmann und ich bin ein leidenschaftlicher Verfechter von \u00d6kologie und Biodiversit\u00e4t. Seit meiner Kindheit in den W\u00e4ldern Bayerns f\u00fchle ich mich mit der Natur verbunden und bin entschlossen, sie zu sch\u00fctzen. Heute widme ich mein Leben der Sensibilisierung anderer f\u00fcr die Bedeutung des Umweltschutzes f\u00fcr zuk\u00fcnftige Generationen.","sameAs":["https:\/\/www.strassenweb.de\/"]}]}},"_links":{"self":[{"href":"https:\/\/www.strassenweb.de\/nachrichten\/wp-json\/wp\/v2\/posts\/1537","targetHints":{"allow":["GET"]}}],"collection":[{"href":"https:\/\/www.strassenweb.de\/nachrichten\/wp-json\/wp\/v2\/posts"}],"about":[{"href":"https:\/\/www.strassenweb.de\/nachrichten\/wp-json\/wp\/v2\/types\/post"}],"author":[{"embeddable":true,"href":"https:\/\/www.strassenweb.de\/nachrichten\/wp-json\/wp\/v2\/users\/1"}],"replies":[{"embeddable":true,"href":"https:\/\/www.strassenweb.de\/nachrichten\/wp-json\/wp\/v2\/comments?post=1537"}],"version-history":[{"count":0,"href":"https:\/\/www.strassenweb.de\/nachrichten\/wp-json\/wp\/v2\/posts\/1537\/revisions"}],"wp:featuredmedia":[{"embeddable":true,"href":"https:\/\/www.strassenweb.de\/nachrichten\/wp-json\/wp\/v2\/media\/1538"}],"wp:attachment":[{"href":"https:\/\/www.strassenweb.de\/nachrichten\/wp-json\/wp\/v2\/media?parent=1537"}],"wp:term":[{"taxonomy":"category","embeddable":true,"href":"https:\/\/www.strassenweb.de\/nachrichten\/wp-json\/wp\/v2\/categories?post=1537"},{"taxonomy":"post_tag","embeddable":true,"href":"https:\/\/www.strassenweb.de\/nachrichten\/wp-json\/wp\/v2\/tags?post=1537"}],"curies":[{"name":"wp","href":"https:\/\/api.w.org\/{rel}","templated":true}]}}