{"id":1516,"date":"2024-11-12T21:21:58","date_gmt":"2024-11-12T20:21:58","guid":{"rendered":"https:\/\/www.strassenweb.de\/nachrichten\/benny-blancos-uebergrosses-gemustertes-sofa-ist-ein-auffaelliger-blickfang-im-wohnzimmer-es-bringt-mich-dazu-ueber-meine-eigene-couch-nachzudenken\/"},"modified":"2024-11-12T21:22:00","modified_gmt":"2024-11-12T20:22:00","slug":"benny-blancos-uebergrosses-gemustertes-sofa-ist-ein-auffaelliger-blickfang-im-wohnzimmer-es-bringt-mich-dazu-ueber-meine-eigene-couch-nachzudenken","status":"publish","type":"post","link":"https:\/\/www.strassenweb.de\/nachrichten\/benny-blancos-uebergrosses-gemustertes-sofa-ist-ein-auffaelliger-blickfang-im-wohnzimmer-es-bringt-mich-dazu-ueber-meine-eigene-couch-nachzudenken\/","title":{"rendered":"Benny Blancos \u00fcbergro\u00dfes, gemustertes Sofa ist ein auff\u00e4lliger Blickfang im Wohnzimmer \u2013 es bringt mich dazu, \u00fcber meine eigene Couch nachzudenken"},"content":{"rendered":"<p><\/p>\n<div id=\"article-body\" class=\"article__body \">\n<p>Wenn es um die Einrichtung eines Wohnzimmers geht, bevorzuge ich normalerweise eine schlichte und neutrale Einrichtung. Ich tendiere dazu, Farben und Muster mit Accessoires wie Teppichen, h\u00e4ngender Kunst und Kerzen umzusetzen.<\/p>\n<div id=\"ad-unit-1\" class=\"ad-unit\"><\/div>\n<p>Benny Blancos atemberaubendes Sofa bringt mich jedoch dazu, meine Ideen f\u00fcr die Wohnzimmergestaltung zu \u00fcberdenken. Sein gro\u00dfes, gr\u00fcn gemustertes Sofa, wie es auf einem Schnappschuss seiner Innenarchitekten Dana Vitrano und Rachel Leigh Ward von bonVivant Interiors zu sehen ist, bildet den perfekten Kontrast zu seinen wei\u00dfen W\u00e4nden. Ein dar\u00fcber h\u00e4ngendes Kunstwerk dient als weiterer Blickfang im Raum.<\/p>\n<aside class=\"hawk-nest\" data-block-type=\"embed\" data-render-type=\"fte\" data-skip=\"dealsy\" data-widget-type=\"seasonal\">\n<div class=\"hawk-master-widget-hawk-base-wrapper\"><\/div>\n<\/aside>\n<p>Der Designer verriet, dass das Wohnzimmersofa individuell mit House of Hackney-Stoff gepolstert ist, viele bedruckte und gemusterte Sofas auf dem Markt jedoch keine Heimwerkerarbeiten erfordern. Unabh\u00e4ngig davon, ob Sie versuchen, ein vorhandenes Sofa individuell anzupassen oder ein vorgemustertes Sofa zu kaufen, ist das Styling entscheidend, um sicherzustellen, dass es elegant und ansprechend aussieht.<\/p>\n<div id=\"desktop-in-article\" class=\"in-article ad-unit\">\n<div id=\"desktop-taboola-mid-article\"><\/div>\n<\/div>\n<div id=\"mobile-in-article\" class=\"in-article ad-unit\">\n<div id=\"mobile-taboola-mid-article\"><\/div>\n<\/div>\n<div class=\"instagram-embed\">\n<blockquote class=\"instagram-media\" data-instgrm-captioned data-instgrm-version=\"6\" style=\"width:99.375%; width:-webkit-calc(100% - 2px); width:calc(100% - 2px);\">\n<p>Ein Beitrag geteilt von DANA VITRANO + RACHEL LEIGH WARD \u2013 bonVIVANT INTERIORS (@bonvivantinteriors)<\/p>\n<p>Ein Foto gepostet von am <\/p>\n<\/blockquote>\n<\/div>\n<p>Wenn Sie ein Statement-Sofa in einen Raum integrieren, ist es in erster Linie wichtig, die Gr\u00f6\u00dfe des Raums zu ber\u00fccksichtigen. Obwohl Blancos Sofa betr\u00e4chtlich gro\u00df ist, k\u00f6nnte ein Sofa dieser Gr\u00f6\u00dfe in einem Raum, in den es gerade noch hineinpasst, fehl am Platz wirken. Stellen Sie sicher, dass rund um das Sofa gen\u00fcgend Freiraum vorhanden ist, sodass es nicht den Anschein erweckt, als sei es eingequetscht worden.<\/p>\n<div class=\"van_vid_carousel\">\n<div class=\"van_vid_carousel__padding\">\n<div class=\"van_vid_carousel__container\"><\/div>\n<\/div>\n<\/div>\n<p>Ber\u00fccksichtigen Sie au\u00dferdem die bestehende Gestaltung Ihres Wohnraums. Sind die W\u00e4nde in einer hellen Farbe oder in einem Eierschalenton gestrichen? Besitzen Sie bereits einen ausgefallenen Couchtisch oder ein auff\u00e4lliges B\u00fccherregal? Wenn ja, k\u00f6nnte ein Statement-Sofa wie das von Blanco in einem Raum, in dem bereits eine einzigartige Einrichtung bevorzugt wird, zu unruhig wirken.<\/p>\n<div id=\"ad-unit-2\" class=\"ad-unit\"><\/div>\n<p>Ich empfehle, ein Statement-Sofa in einem neutralen (und ver\u00e4nderbaren) Raum zu platzieren. Das hei\u00dft aber nicht, dass es langweilig sein muss; Strukturierte, nat\u00fcrliche Materialien wie Rattan und Leinen harmonieren wunderbar mit der Weichheit eines Sofas und w\u00fcrden neben einem tiefgr\u00fcnen Sofa wie dem von Blanco besonders sch\u00f6n aussehen.<\/p>\n<figure class=\"van-image-figure inline-layout \" data-bordeaux-image-check>\n<div class=\"image-full-width-wrapper\">\n<div class=\"image-widthsetter\" style=\"max-width:2000px;\"><\/div>\n<\/div>\n<\/figure>\n<p>Es ist auch wichtig, ein Muster zu w\u00e4hlen, das Sie anspricht. Blumen sind nicht ohne Grund ein Klassiker, aber sie sind nicht jedermanns Sache. Karomuster und Streifen sind ebenfalls fantastische Optionen und k\u00f6nnen einem Raum je nach Farbpalette des Sofas einen adretten oder maritimen Touch verleihen.<\/p>\n<div id=\"slice-container-newsletterForm-articleInbodyContent-diKegt2MRWMRQVVeygJPNE\" class=\"slice-container newsletter-inbodyContent-slice newsletterForm-articleInbodyContent-diKegt2MRWMRQVVeygJPNE slice-container-newsletterForm\"><\/div>\n<p>Wir lieben Blancos kunstvolles, von der Natur inspiriertes Sofa, und die goldenen Flecken lassen sich problemlos mit goldenen Akzenten in einem Wohnraum kombinieren, beispielsweise einer Lampe, einem Bilderrahmen oder sogar Couchtischbeinen.<\/p>\n<p>Alternativ k\u00f6nnen diejenigen, die noch nicht bereit sind, sich f\u00fcr ein vollst\u00e4ndig gemustertes Sofa zu entscheiden, stattdessen mit Farben und Texturen experimentieren. Samtsofas sind trendig und dennoch zeitlos, w\u00e4hrend im Rahmen des anhaltenden Dopamin-Dekortrends Farben wie Orange und Pink auftauchen.<\/p>\n<p>Unten finden Sie ein Statement-Sofa und einige neutrale Accessoires, um den Benny Blanco-Look zu erzielen.<\/p>\n<div class=\"product-container hero-product-container product-block-no-wrap\"><\/div>\n<p>Ich empfehle au\u00dferdem, Dekokissen und Decken bei einem Statement-Sofa auf ein Minimum zu beschr\u00e4nken, damit es ein klarer und aufger\u00e4umter Blickfang im Wohnraum bleibt.<\/p>\n<p>Unabh\u00e4ngig von Ihrem Einrichtungsstil kann ein gemustertes Sofa wie das von Blanco Ihrem Zuhause eine gehobene, designorientierte Atmosph\u00e4re verleihen.<\/p>\n<\/div>\n<p><script async src=\"\/\/www.instagram.com\/embed.js\"><\/script><\/p>\n","protected":false},"excerpt":{"rendered":"<p>Wenn es um die Einrichtung eines Wohnzimmers geht, bevorzuge ich normalerweise eine schlichte und neutrale Einrichtung. Ich tendiere dazu, Farben und Muster mit Accessoires wie<\/p>\n","protected":false},"author":1,"featured_media":1517,"comment_status":"closed","ping_status":"","sticky":false,"template":"","format":"standard","meta":{"footnotes":""},"categories":[118],"tags":[1715,2802,2803,2807,563,2809,803,2808,43,2805,15,1054,1122,1956,2806,260,2804,1229],"class_list":["post-1516","post","type-post","status-publish","format-standard","has-post-thumbnail","hentry","category-haus-garten","tag-auffaelliger","tag-benny","tag-blancos","tag-blickfang","tag-bringt","tag-couch","tag-dazu","tag-eigene","tag-ein","tag-gemustertes","tag-ist","tag-meine","tag-mich","tag-nachzudenken","tag-sofa","tag-ueber","tag-uebergrosses","tag-wohnzimmer","generate-columns","tablet-grid-50","mobile-grid-100","grid-parent","grid-50"],"yoast_head":"<!-- This site is optimized with the Yoast SEO plugin v27.3 - https:\/\/yoast.com\/product\/yoast-seo-wordpress\/ -->\n<title>Benny Blancos \u00fcbergro\u00dfes, gemustertes Sofa ist ein auff\u00e4lliger Blickfang im Wohnzimmer \u2013 es bringt mich dazu, \u00fcber meine eigene Couch nachzudenken - Nachrichten - Stra\u00dfenweb<\/title>\n<meta name=\"robots\" content=\"index, follow, max-snippet:-1, max-image-preview:large, max-video-preview:-1\" \/>\n<link rel=\"canonical\" href=\"https:\/\/www.strassenweb.de\/nachrichten\/benny-blancos-uebergrosses-gemustertes-sofa-ist-ein-auffaelliger-blickfang-im-wohnzimmer-es-bringt-mich-dazu-ueber-meine-eigene-couch-nachzudenken\/\" \/>\n<meta property=\"og:locale\" content=\"de_DE\" \/>\n<meta property=\"og:type\" content=\"article\" \/>\n<meta property=\"og:title\" content=\"Benny Blancos \u00fcbergro\u00dfes, gemustertes Sofa ist ein auff\u00e4lliger Blickfang im Wohnzimmer \u2013 es bringt mich dazu, \u00fcber meine eigene Couch nachzudenken - Nachrichten - Stra\u00dfenweb\" \/>\n<meta property=\"og:description\" content=\"Wenn es um die Einrichtung eines Wohnzimmers geht, bevorzuge ich normalerweise eine schlichte und neutrale Einrichtung. Ich tendiere dazu, Farben und Muster mit Accessoires wie\" \/>\n<meta property=\"og:url\" content=\"https:\/\/www.strassenweb.de\/nachrichten\/benny-blancos-uebergrosses-gemustertes-sofa-ist-ein-auffaelliger-blickfang-im-wohnzimmer-es-bringt-mich-dazu-ueber-meine-eigene-couch-nachzudenken\/\" \/>\n<meta property=\"og:site_name\" content=\"Stra\u00dfenweb\" \/>\n<meta property=\"article:publisher\" content=\"https:\/\/www.facebook.com\/strassenweb\/\" \/>\n<meta property=\"article:published_time\" content=\"2024-11-12T20:21:58+00:00\" \/>\n<meta property=\"article:modified_time\" content=\"2024-11-12T20:22:00+00:00\" \/>\n<meta property=\"og:image\" content=\"https:\/\/www.strassenweb.de\/nachrichten\/wp-content\/uploads\/2024\/11\/Benny-Blancos-uebergrosses-gemustertes-Sofa-ist-ein-auffaelliger-Blickfang-im.jpg\" \/>\n\t<meta property=\"og:image:width\" content=\"1200\" \/>\n\t<meta property=\"og:image:height\" content=\"675\" \/>\n\t<meta property=\"og:image:type\" content=\"image\/jpeg\" \/>\n<meta name=\"author\" content=\"Robert Hoffmann\" \/>\n<meta name=\"twitter:card\" content=\"summary_large_image\" \/>\n<meta name=\"twitter:label1\" content=\"Verfasst von\" \/>\n\t<meta name=\"twitter:data1\" content=\"Robert Hoffmann\" \/>\n\t<meta name=\"twitter:label2\" content=\"Gesch\u00e4tzte Lesezeit\" \/>\n\t<meta name=\"twitter:data2\" content=\"3\u00a0Minuten\" \/>\n<script type=\"application\/ld+json\" class=\"yoast-schema-graph\">{\"@context\":\"https:\\\/\\\/schema.org\",\"@graph\":[{\"@type\":\"Article\",\"@id\":\"https:\\\/\\\/www.strassenweb.de\\\/nachrichten\\\/benny-blancos-uebergrosses-gemustertes-sofa-ist-ein-auffaelliger-blickfang-im-wohnzimmer-es-bringt-mich-dazu-ueber-meine-eigene-couch-nachzudenken\\\/#article\",\"isPartOf\":{\"@id\":\"https:\\\/\\\/www.strassenweb.de\\\/nachrichten\\\/benny-blancos-uebergrosses-gemustertes-sofa-ist-ein-auffaelliger-blickfang-im-wohnzimmer-es-bringt-mich-dazu-ueber-meine-eigene-couch-nachzudenken\\\/\"},\"author\":{\"name\":\"Robert Hoffmann\",\"@id\":\"https:\\\/\\\/www.strassenweb.de\\\/nachrichten\\\/#\\\/schema\\\/person\\\/87c9c9067f1211da429a744dc5a5aa41\"},\"headline\":\"Benny Blancos \u00fcbergro\u00dfes, gemustertes Sofa ist ein auff\u00e4lliger Blickfang im Wohnzimmer \u2013 es bringt mich dazu, \u00fcber meine eigene Couch nachzudenken\",\"datePublished\":\"2024-11-12T20:21:58+00:00\",\"dateModified\":\"2024-11-12T20:22:00+00:00\",\"mainEntityOfPage\":{\"@id\":\"https:\\\/\\\/www.strassenweb.de\\\/nachrichten\\\/benny-blancos-uebergrosses-gemustertes-sofa-ist-ein-auffaelliger-blickfang-im-wohnzimmer-es-bringt-mich-dazu-ueber-meine-eigene-couch-nachzudenken\\\/\"},\"wordCount\":561,\"publisher\":{\"@id\":\"https:\\\/\\\/www.strassenweb.de\\\/nachrichten\\\/#organization\"},\"image\":{\"@id\":\"https:\\\/\\\/www.strassenweb.de\\\/nachrichten\\\/benny-blancos-uebergrosses-gemustertes-sofa-ist-ein-auffaelliger-blickfang-im-wohnzimmer-es-bringt-mich-dazu-ueber-meine-eigene-couch-nachzudenken\\\/#primaryimage\"},\"thumbnailUrl\":\"https:\\\/\\\/www.strassenweb.de\\\/nachrichten\\\/wp-content\\\/uploads\\\/2024\\\/11\\\/Benny-Blancos-uebergrosses-gemustertes-Sofa-ist-ein-auffaelliger-Blickfang-im.jpg\",\"keywords\":[\"auff\u00e4lliger\",\"Benny\",\"Blancos\",\"Blickfang\",\"bringt\",\"Couch\",\"dazu\",\"eigene\",\"ein\",\"gemustertes\",\"ist\",\"meine\",\"mich\",\"nachzudenken\",\"Sofa\",\"\u00fcber\",\"\u00fcbergro\u00dfes\",\"Wohnzimmer\"],\"articleSection\":[\"Haus &amp; Garten\"],\"inLanguage\":\"de\"},{\"@type\":\"WebPage\",\"@id\":\"https:\\\/\\\/www.strassenweb.de\\\/nachrichten\\\/benny-blancos-uebergrosses-gemustertes-sofa-ist-ein-auffaelliger-blickfang-im-wohnzimmer-es-bringt-mich-dazu-ueber-meine-eigene-couch-nachzudenken\\\/\",\"url\":\"https:\\\/\\\/www.strassenweb.de\\\/nachrichten\\\/benny-blancos-uebergrosses-gemustertes-sofa-ist-ein-auffaelliger-blickfang-im-wohnzimmer-es-bringt-mich-dazu-ueber-meine-eigene-couch-nachzudenken\\\/\",\"name\":\"Benny Blancos \u00fcbergro\u00dfes, gemustertes Sofa ist ein auff\u00e4lliger Blickfang im Wohnzimmer \u2013 es bringt mich dazu, \u00fcber meine eigene Couch nachzudenken - Nachrichten - Stra\u00dfenweb\",\"isPartOf\":{\"@id\":\"https:\\\/\\\/www.strassenweb.de\\\/nachrichten\\\/#website\"},\"primaryImageOfPage\":{\"@id\":\"https:\\\/\\\/www.strassenweb.de\\\/nachrichten\\\/benny-blancos-uebergrosses-gemustertes-sofa-ist-ein-auffaelliger-blickfang-im-wohnzimmer-es-bringt-mich-dazu-ueber-meine-eigene-couch-nachzudenken\\\/#primaryimage\"},\"image\":{\"@id\":\"https:\\\/\\\/www.strassenweb.de\\\/nachrichten\\\/benny-blancos-uebergrosses-gemustertes-sofa-ist-ein-auffaelliger-blickfang-im-wohnzimmer-es-bringt-mich-dazu-ueber-meine-eigene-couch-nachzudenken\\\/#primaryimage\"},\"thumbnailUrl\":\"https:\\\/\\\/www.strassenweb.de\\\/nachrichten\\\/wp-content\\\/uploads\\\/2024\\\/11\\\/Benny-Blancos-uebergrosses-gemustertes-Sofa-ist-ein-auffaelliger-Blickfang-im.jpg\",\"datePublished\":\"2024-11-12T20:21:58+00:00\",\"dateModified\":\"2024-11-12T20:22:00+00:00\",\"breadcrumb\":{\"@id\":\"https:\\\/\\\/www.strassenweb.de\\\/nachrichten\\\/benny-blancos-uebergrosses-gemustertes-sofa-ist-ein-auffaelliger-blickfang-im-wohnzimmer-es-bringt-mich-dazu-ueber-meine-eigene-couch-nachzudenken\\\/#breadcrumb\"},\"inLanguage\":\"de\",\"potentialAction\":[{\"@type\":\"ReadAction\",\"target\":[\"https:\\\/\\\/www.strassenweb.de\\\/nachrichten\\\/benny-blancos-uebergrosses-gemustertes-sofa-ist-ein-auffaelliger-blickfang-im-wohnzimmer-es-bringt-mich-dazu-ueber-meine-eigene-couch-nachzudenken\\\/\"]}]},{\"@type\":\"ImageObject\",\"inLanguage\":\"de\",\"@id\":\"https:\\\/\\\/www.strassenweb.de\\\/nachrichten\\\/benny-blancos-uebergrosses-gemustertes-sofa-ist-ein-auffaelliger-blickfang-im-wohnzimmer-es-bringt-mich-dazu-ueber-meine-eigene-couch-nachzudenken\\\/#primaryimage\",\"url\":\"https:\\\/\\\/www.strassenweb.de\\\/nachrichten\\\/wp-content\\\/uploads\\\/2024\\\/11\\\/Benny-Blancos-uebergrosses-gemustertes-Sofa-ist-ein-auffaelliger-Blickfang-im.jpg\",\"contentUrl\":\"https:\\\/\\\/www.strassenweb.de\\\/nachrichten\\\/wp-content\\\/uploads\\\/2024\\\/11\\\/Benny-Blancos-uebergrosses-gemustertes-Sofa-ist-ein-auffaelliger-Blickfang-im.jpg\",\"width\":1200,\"height\":675,\"caption\":\"Benny Blancos \u00fcbergro\u00dfes, gemustertes Sofa ist ein auff\u00e4lliger Blickfang im Wohnzimmer \u2013 es bringt mich dazu, \u00fcber meine eigene Couch nachzudenken\"},{\"@type\":\"BreadcrumbList\",\"@id\":\"https:\\\/\\\/www.strassenweb.de\\\/nachrichten\\\/benny-blancos-uebergrosses-gemustertes-sofa-ist-ein-auffaelliger-blickfang-im-wohnzimmer-es-bringt-mich-dazu-ueber-meine-eigene-couch-nachzudenken\\\/#breadcrumb\",\"itemListElement\":[{\"@type\":\"ListItem\",\"position\":1,\"name\":\"Home\",\"item\":\"https:\\\/\\\/www.strassenweb.de\\\/nachrichten\\\/\"},{\"@type\":\"ListItem\",\"position\":2,\"name\":\"Benny Blancos \u00fcbergro\u00dfes, gemustertes Sofa ist ein auff\u00e4lliger Blickfang im Wohnzimmer \u2013 es bringt mich dazu, \u00fcber meine eigene Couch nachzudenken\"}]},{\"@type\":\"WebSite\",\"@id\":\"https:\\\/\\\/www.strassenweb.de\\\/nachrichten\\\/#website\",\"url\":\"https:\\\/\\\/www.strassenweb.de\\\/nachrichten\\\/\",\"name\":\"Stra\u00dfenweb\",\"description\":\"Stra\u00dfenverzeichnis f\u00fcr Deutschland\",\"publisher\":{\"@id\":\"https:\\\/\\\/www.strassenweb.de\\\/nachrichten\\\/#organization\"},\"potentialAction\":[{\"@type\":\"SearchAction\",\"target\":{\"@type\":\"EntryPoint\",\"urlTemplate\":\"https:\\\/\\\/www.strassenweb.de\\\/nachrichten\\\/?s={search_term_string}\"},\"query-input\":{\"@type\":\"PropertyValueSpecification\",\"valueRequired\":true,\"valueName\":\"search_term_string\"}}],\"inLanguage\":\"de\"},{\"@type\":\"Organization\",\"@id\":\"https:\\\/\\\/www.strassenweb.de\\\/nachrichten\\\/#organization\",\"name\":\"Stra\u00dfenweb\",\"url\":\"https:\\\/\\\/www.strassenweb.de\\\/nachrichten\\\/\",\"logo\":{\"@type\":\"ImageObject\",\"inLanguage\":\"de\",\"@id\":\"https:\\\/\\\/www.strassenweb.de\\\/nachrichten\\\/#\\\/schema\\\/logo\\\/image\\\/\",\"url\":\"https:\\\/\\\/www.strassenweb.de\\\/nachrichten\\\/wp-content\\\/uploads\\\/2024\\\/09\\\/cropped-favicon.png\",\"contentUrl\":\"https:\\\/\\\/www.strassenweb.de\\\/nachrichten\\\/wp-content\\\/uploads\\\/2024\\\/09\\\/cropped-favicon.png\",\"width\":512,\"height\":512,\"caption\":\"Stra\u00dfenweb\"},\"image\":{\"@id\":\"https:\\\/\\\/www.strassenweb.de\\\/nachrichten\\\/#\\\/schema\\\/logo\\\/image\\\/\"},\"sameAs\":[\"https:\\\/\\\/www.facebook.com\\\/strassenweb\\\/\"]},{\"@type\":\"Person\",\"@id\":\"https:\\\/\\\/www.strassenweb.de\\\/nachrichten\\\/#\\\/schema\\\/person\\\/87c9c9067f1211da429a744dc5a5aa41\",\"name\":\"Robert Hoffmann\",\"image\":{\"@type\":\"ImageObject\",\"inLanguage\":\"de\",\"@id\":\"https:\\\/\\\/www.strassenweb.de\\\/nachrichten\\\/wp-content\\\/uploads\\\/2024\\\/09\\\/strassenweb-150x150.jpg\",\"url\":\"https:\\\/\\\/www.strassenweb.de\\\/nachrichten\\\/wp-content\\\/uploads\\\/2024\\\/09\\\/strassenweb-150x150.jpg\",\"contentUrl\":\"https:\\\/\\\/www.strassenweb.de\\\/nachrichten\\\/wp-content\\\/uploads\\\/2024\\\/09\\\/strassenweb-150x150.jpg\",\"caption\":\"Robert Hoffmann\"},\"description\":\"Ich hei\u00dfe Robert Hoffmann und ich bin ein leidenschaftlicher Verfechter von \u00d6kologie und Biodiversit\u00e4t. Seit meiner Kindheit in den W\u00e4ldern Bayerns f\u00fchle ich mich mit der Natur verbunden und bin entschlossen, sie zu sch\u00fctzen. Heute widme ich mein Leben der Sensibilisierung anderer f\u00fcr die Bedeutung des Umweltschutzes f\u00fcr zuk\u00fcnftige Generationen.\",\"sameAs\":[\"https:\\\/\\\/www.strassenweb.de\\\/\"]}]}<\/script>\n<!-- \/ Yoast SEO plugin. -->","yoast_head_json":{"title":"Benny Blancos \u00fcbergro\u00dfes, gemustertes Sofa ist ein auff\u00e4lliger Blickfang im Wohnzimmer \u2013 es bringt mich dazu, \u00fcber meine eigene Couch nachzudenken - Nachrichten - Stra\u00dfenweb","robots":{"index":"index","follow":"follow","max-snippet":"max-snippet:-1","max-image-preview":"max-image-preview:large","max-video-preview":"max-video-preview:-1"},"canonical":"https:\/\/www.strassenweb.de\/nachrichten\/benny-blancos-uebergrosses-gemustertes-sofa-ist-ein-auffaelliger-blickfang-im-wohnzimmer-es-bringt-mich-dazu-ueber-meine-eigene-couch-nachzudenken\/","og_locale":"de_DE","og_type":"article","og_title":"Benny Blancos \u00fcbergro\u00dfes, gemustertes Sofa ist ein auff\u00e4lliger Blickfang im Wohnzimmer \u2013 es bringt mich dazu, \u00fcber meine eigene Couch nachzudenken - Nachrichten - Stra\u00dfenweb","og_description":"Wenn es um die Einrichtung eines Wohnzimmers geht, bevorzuge ich normalerweise eine schlichte und neutrale Einrichtung. Ich tendiere dazu, Farben und Muster mit Accessoires wie","og_url":"https:\/\/www.strassenweb.de\/nachrichten\/benny-blancos-uebergrosses-gemustertes-sofa-ist-ein-auffaelliger-blickfang-im-wohnzimmer-es-bringt-mich-dazu-ueber-meine-eigene-couch-nachzudenken\/","og_site_name":"Stra\u00dfenweb","article_publisher":"https:\/\/www.facebook.com\/strassenweb\/","article_published_time":"2024-11-12T20:21:58+00:00","article_modified_time":"2024-11-12T20:22:00+00:00","og_image":[{"width":1200,"height":675,"url":"https:\/\/www.strassenweb.de\/nachrichten\/wp-content\/uploads\/2024\/11\/Benny-Blancos-uebergrosses-gemustertes-Sofa-ist-ein-auffaelliger-Blickfang-im.jpg","type":"image\/jpeg"}],"author":"Robert Hoffmann","twitter_card":"summary_large_image","twitter_misc":{"Verfasst von":"Robert Hoffmann","Gesch\u00e4tzte Lesezeit":"3\u00a0Minuten"},"schema":{"@context":"https:\/\/schema.org","@graph":[{"@type":"Article","@id":"https:\/\/www.strassenweb.de\/nachrichten\/benny-blancos-uebergrosses-gemustertes-sofa-ist-ein-auffaelliger-blickfang-im-wohnzimmer-es-bringt-mich-dazu-ueber-meine-eigene-couch-nachzudenken\/#article","isPartOf":{"@id":"https:\/\/www.strassenweb.de\/nachrichten\/benny-blancos-uebergrosses-gemustertes-sofa-ist-ein-auffaelliger-blickfang-im-wohnzimmer-es-bringt-mich-dazu-ueber-meine-eigene-couch-nachzudenken\/"},"author":{"name":"Robert Hoffmann","@id":"https:\/\/www.strassenweb.de\/nachrichten\/#\/schema\/person\/87c9c9067f1211da429a744dc5a5aa41"},"headline":"Benny Blancos \u00fcbergro\u00dfes, gemustertes Sofa ist ein auff\u00e4lliger Blickfang im Wohnzimmer \u2013 es bringt mich dazu, \u00fcber meine eigene Couch nachzudenken","datePublished":"2024-11-12T20:21:58+00:00","dateModified":"2024-11-12T20:22:00+00:00","mainEntityOfPage":{"@id":"https:\/\/www.strassenweb.de\/nachrichten\/benny-blancos-uebergrosses-gemustertes-sofa-ist-ein-auffaelliger-blickfang-im-wohnzimmer-es-bringt-mich-dazu-ueber-meine-eigene-couch-nachzudenken\/"},"wordCount":561,"publisher":{"@id":"https:\/\/www.strassenweb.de\/nachrichten\/#organization"},"image":{"@id":"https:\/\/www.strassenweb.de\/nachrichten\/benny-blancos-uebergrosses-gemustertes-sofa-ist-ein-auffaelliger-blickfang-im-wohnzimmer-es-bringt-mich-dazu-ueber-meine-eigene-couch-nachzudenken\/#primaryimage"},"thumbnailUrl":"https:\/\/www.strassenweb.de\/nachrichten\/wp-content\/uploads\/2024\/11\/Benny-Blancos-uebergrosses-gemustertes-Sofa-ist-ein-auffaelliger-Blickfang-im.jpg","keywords":["auff\u00e4lliger","Benny","Blancos","Blickfang","bringt","Couch","dazu","eigene","ein","gemustertes","ist","meine","mich","nachzudenken","Sofa","\u00fcber","\u00fcbergro\u00dfes","Wohnzimmer"],"articleSection":["Haus &amp; Garten"],"inLanguage":"de"},{"@type":"WebPage","@id":"https:\/\/www.strassenweb.de\/nachrichten\/benny-blancos-uebergrosses-gemustertes-sofa-ist-ein-auffaelliger-blickfang-im-wohnzimmer-es-bringt-mich-dazu-ueber-meine-eigene-couch-nachzudenken\/","url":"https:\/\/www.strassenweb.de\/nachrichten\/benny-blancos-uebergrosses-gemustertes-sofa-ist-ein-auffaelliger-blickfang-im-wohnzimmer-es-bringt-mich-dazu-ueber-meine-eigene-couch-nachzudenken\/","name":"Benny Blancos \u00fcbergro\u00dfes, gemustertes Sofa ist ein auff\u00e4lliger Blickfang im Wohnzimmer \u2013 es bringt mich dazu, \u00fcber meine eigene Couch nachzudenken - Nachrichten - Stra\u00dfenweb","isPartOf":{"@id":"https:\/\/www.strassenweb.de\/nachrichten\/#website"},"primaryImageOfPage":{"@id":"https:\/\/www.strassenweb.de\/nachrichten\/benny-blancos-uebergrosses-gemustertes-sofa-ist-ein-auffaelliger-blickfang-im-wohnzimmer-es-bringt-mich-dazu-ueber-meine-eigene-couch-nachzudenken\/#primaryimage"},"image":{"@id":"https:\/\/www.strassenweb.de\/nachrichten\/benny-blancos-uebergrosses-gemustertes-sofa-ist-ein-auffaelliger-blickfang-im-wohnzimmer-es-bringt-mich-dazu-ueber-meine-eigene-couch-nachzudenken\/#primaryimage"},"thumbnailUrl":"https:\/\/www.strassenweb.de\/nachrichten\/wp-content\/uploads\/2024\/11\/Benny-Blancos-uebergrosses-gemustertes-Sofa-ist-ein-auffaelliger-Blickfang-im.jpg","datePublished":"2024-11-12T20:21:58+00:00","dateModified":"2024-11-12T20:22:00+00:00","breadcrumb":{"@id":"https:\/\/www.strassenweb.de\/nachrichten\/benny-blancos-uebergrosses-gemustertes-sofa-ist-ein-auffaelliger-blickfang-im-wohnzimmer-es-bringt-mich-dazu-ueber-meine-eigene-couch-nachzudenken\/#breadcrumb"},"inLanguage":"de","potentialAction":[{"@type":"ReadAction","target":["https:\/\/www.strassenweb.de\/nachrichten\/benny-blancos-uebergrosses-gemustertes-sofa-ist-ein-auffaelliger-blickfang-im-wohnzimmer-es-bringt-mich-dazu-ueber-meine-eigene-couch-nachzudenken\/"]}]},{"@type":"ImageObject","inLanguage":"de","@id":"https:\/\/www.strassenweb.de\/nachrichten\/benny-blancos-uebergrosses-gemustertes-sofa-ist-ein-auffaelliger-blickfang-im-wohnzimmer-es-bringt-mich-dazu-ueber-meine-eigene-couch-nachzudenken\/#primaryimage","url":"https:\/\/www.strassenweb.de\/nachrichten\/wp-content\/uploads\/2024\/11\/Benny-Blancos-uebergrosses-gemustertes-Sofa-ist-ein-auffaelliger-Blickfang-im.jpg","contentUrl":"https:\/\/www.strassenweb.de\/nachrichten\/wp-content\/uploads\/2024\/11\/Benny-Blancos-uebergrosses-gemustertes-Sofa-ist-ein-auffaelliger-Blickfang-im.jpg","width":1200,"height":675,"caption":"Benny Blancos \u00fcbergro\u00dfes, gemustertes Sofa ist ein auff\u00e4lliger Blickfang im Wohnzimmer \u2013 es bringt mich dazu, \u00fcber meine eigene Couch nachzudenken"},{"@type":"BreadcrumbList","@id":"https:\/\/www.strassenweb.de\/nachrichten\/benny-blancos-uebergrosses-gemustertes-sofa-ist-ein-auffaelliger-blickfang-im-wohnzimmer-es-bringt-mich-dazu-ueber-meine-eigene-couch-nachzudenken\/#breadcrumb","itemListElement":[{"@type":"ListItem","position":1,"name":"Home","item":"https:\/\/www.strassenweb.de\/nachrichten\/"},{"@type":"ListItem","position":2,"name":"Benny Blancos \u00fcbergro\u00dfes, gemustertes Sofa ist ein auff\u00e4lliger Blickfang im Wohnzimmer \u2013 es bringt mich dazu, \u00fcber meine eigene Couch nachzudenken"}]},{"@type":"WebSite","@id":"https:\/\/www.strassenweb.de\/nachrichten\/#website","url":"https:\/\/www.strassenweb.de\/nachrichten\/","name":"Stra\u00dfenweb","description":"Stra\u00dfenverzeichnis f\u00fcr Deutschland","publisher":{"@id":"https:\/\/www.strassenweb.de\/nachrichten\/#organization"},"potentialAction":[{"@type":"SearchAction","target":{"@type":"EntryPoint","urlTemplate":"https:\/\/www.strassenweb.de\/nachrichten\/?s={search_term_string}"},"query-input":{"@type":"PropertyValueSpecification","valueRequired":true,"valueName":"search_term_string"}}],"inLanguage":"de"},{"@type":"Organization","@id":"https:\/\/www.strassenweb.de\/nachrichten\/#organization","name":"Stra\u00dfenweb","url":"https:\/\/www.strassenweb.de\/nachrichten\/","logo":{"@type":"ImageObject","inLanguage":"de","@id":"https:\/\/www.strassenweb.de\/nachrichten\/#\/schema\/logo\/image\/","url":"https:\/\/www.strassenweb.de\/nachrichten\/wp-content\/uploads\/2024\/09\/cropped-favicon.png","contentUrl":"https:\/\/www.strassenweb.de\/nachrichten\/wp-content\/uploads\/2024\/09\/cropped-favicon.png","width":512,"height":512,"caption":"Stra\u00dfenweb"},"image":{"@id":"https:\/\/www.strassenweb.de\/nachrichten\/#\/schema\/logo\/image\/"},"sameAs":["https:\/\/www.facebook.com\/strassenweb\/"]},{"@type":"Person","@id":"https:\/\/www.strassenweb.de\/nachrichten\/#\/schema\/person\/87c9c9067f1211da429a744dc5a5aa41","name":"Robert Hoffmann","image":{"@type":"ImageObject","inLanguage":"de","@id":"https:\/\/www.strassenweb.de\/nachrichten\/wp-content\/uploads\/2024\/09\/strassenweb-150x150.jpg","url":"https:\/\/www.strassenweb.de\/nachrichten\/wp-content\/uploads\/2024\/09\/strassenweb-150x150.jpg","contentUrl":"https:\/\/www.strassenweb.de\/nachrichten\/wp-content\/uploads\/2024\/09\/strassenweb-150x150.jpg","caption":"Robert Hoffmann"},"description":"Ich hei\u00dfe Robert Hoffmann und ich bin ein leidenschaftlicher Verfechter von \u00d6kologie und Biodiversit\u00e4t. Seit meiner Kindheit in den W\u00e4ldern Bayerns f\u00fchle ich mich mit der Natur verbunden und bin entschlossen, sie zu sch\u00fctzen. Heute widme ich mein Leben der Sensibilisierung anderer f\u00fcr die Bedeutung des Umweltschutzes f\u00fcr zuk\u00fcnftige Generationen.","sameAs":["https:\/\/www.strassenweb.de\/"]}]}},"_links":{"self":[{"href":"https:\/\/www.strassenweb.de\/nachrichten\/wp-json\/wp\/v2\/posts\/1516","targetHints":{"allow":["GET"]}}],"collection":[{"href":"https:\/\/www.strassenweb.de\/nachrichten\/wp-json\/wp\/v2\/posts"}],"about":[{"href":"https:\/\/www.strassenweb.de\/nachrichten\/wp-json\/wp\/v2\/types\/post"}],"author":[{"embeddable":true,"href":"https:\/\/www.strassenweb.de\/nachrichten\/wp-json\/wp\/v2\/users\/1"}],"replies":[{"embeddable":true,"href":"https:\/\/www.strassenweb.de\/nachrichten\/wp-json\/wp\/v2\/comments?post=1516"}],"version-history":[{"count":0,"href":"https:\/\/www.strassenweb.de\/nachrichten\/wp-json\/wp\/v2\/posts\/1516\/revisions"}],"wp:featuredmedia":[{"embeddable":true,"href":"https:\/\/www.strassenweb.de\/nachrichten\/wp-json\/wp\/v2\/media\/1517"}],"wp:attachment":[{"href":"https:\/\/www.strassenweb.de\/nachrichten\/wp-json\/wp\/v2\/media?parent=1516"}],"wp:term":[{"taxonomy":"category","embeddable":true,"href":"https:\/\/www.strassenweb.de\/nachrichten\/wp-json\/wp\/v2\/categories?post=1516"},{"taxonomy":"post_tag","embeddable":true,"href":"https:\/\/www.strassenweb.de\/nachrichten\/wp-json\/wp\/v2\/tags?post=1516"}],"curies":[{"name":"wp","href":"https:\/\/api.w.org\/{rel}","templated":true}]}}