{"id":1504,"date":"2024-11-12T08:48:50","date_gmt":"2024-11-12T07:48:50","guid":{"rendered":"https:\/\/www.strassenweb.de\/nachrichten\/7-von-minimalisten-bewaehrte-aufbewahrungsloesungen-fuer-ihr-zuhause-sie-eignen-sich-perfekt-fuer-kleine-raeume-und-sorgen-nicht-fuer-optische-unordnung\/"},"modified":"2024-11-12T08:48:51","modified_gmt":"2024-11-12T07:48:51","slug":"7-von-minimalisten-bewaehrte-aufbewahrungsloesungen-fuer-ihr-zuhause-sie-eignen-sich-perfekt-fuer-kleine-raeume-und-sorgen-nicht-fuer-optische-unordnung","status":"publish","type":"post","link":"https:\/\/www.strassenweb.de\/nachrichten\/7-von-minimalisten-bewaehrte-aufbewahrungsloesungen-fuer-ihr-zuhause-sie-eignen-sich-perfekt-fuer-kleine-raeume-und-sorgen-nicht-fuer-optische-unordnung\/","title":{"rendered":"7 von Minimalisten bew\u00e4hrte Aufbewahrungsl\u00f6sungen f\u00fcr Ihr Zuhause \u2013 sie eignen sich perfekt f\u00fcr kleine R\u00e4ume und sorgen nicht f\u00fcr optische Unordnung"},"content":{"rendered":"<p><\/p>\n<div id=\"article-body\" class=\"article__body \">\n<p>M\u00f6glicherweise w\u00fcnscht sich ein Teil von uns allen, wir k\u00f6nnten minimalistischer sein \u2013 es sei denn, Sie lieben den Maximalismus, denn seien wir ehrlich, niemand mag unbeabsichtigtes Durcheinander. Dadurch f\u00fchlt sich unser Zuhause unordentlich, chaotisch und oft stressig an.<\/p>\n<div id=\"ad-unit-1\" class=\"ad-unit\"><\/div>\n<p>Beim Minimalismus geht es darum, funktionale L\u00f6sungen zu schaffen, die stilvoll aussehen und \u00fcbersichtlich sind. Aber das ist leichter gesagt als getan, und es erfordert ein ordentliches Ma\u00df an Ordnung und die richtige Aufbewahrungsl\u00f6sung, die Funktionalit\u00e4t bietet, ohne Ihren Raum zu \u00fcberladen.<\/p>\n<aside class=\"hawk-nest\" data-block-type=\"embed\" data-render-type=\"fte\" data-skip=\"dealsy\" data-widget-type=\"seasonal\">\n<div class=\"hawk-master-widget-hawk-base-wrapper\"><\/div>\n<\/aside>\n<p>Hier verraten unsere Organz-Profis, wie man ein Zuhause schafft, in dem man nur minimale Dinge im Blick hat, das aber ordentlich und aufger\u00e4umt ist, und zwar mit sieben brillanten, von Minimalisten anerkannten Aufbewahrungsl\u00f6sungen, die daf\u00fcr sorgen, dass Ihr Zuhause schlicht und stilvoll aussieht.<\/p>\n<div id=\"desktop-in-article\" class=\"in-article ad-unit\">\n<div id=\"desktop-taboola-mid-article\"><\/div>\n<\/div>\n<div id=\"mobile-in-article\" class=\"in-article ad-unit\">\n<div id=\"mobile-taboola-mid-article\"><\/div>\n<\/div>\n<h2 id=\"home-storage-solutions-minimalists-love-3\">Aufbewahrungsl\u00f6sungen f\u00fcr zu Hause, die Minimalisten lieben<\/h2>\n<h3 class=\"article-body__section\" id=\"section-1-opt-for-modular-storage\"><span>1. Entscheiden Sie sich f\u00fcr modularen Speicher <\/span><\/h3>\n<figure class=\"van-image-figure inline-layout \" data-bordeaux-image-check>\n<div class=\"image-full-width-wrapper\">\n<div class=\"image-widthsetter\" style=\"max-width:2000px;\"><\/div>\n<\/div>\n<\/figure>\n<p>Modularer Stauraum ist eine fantastische Option, wenn es um clevere L\u00f6sungen geht, die zu einem minimalistischen Schema passen, da Sie die Elemente ausw\u00e4hlen k\u00f6nnen, die am besten zu Ihren Bed\u00fcrfnissen passen und jeder Quadratzentimeter Platz optimal genutzt wird.<\/p>\n<div class=\"van_vid_carousel\">\n<div class=\"van_vid_carousel__padding\">\n<div class=\"van_vid_carousel__container\"><\/div>\n<\/div>\n<\/div>\n<p>\u201eModulare, offene Regale bieten eine gro\u00dfartige M\u00f6glichkeit, in kleinen R\u00e4umen Stauraum unterzubringen\u201c, erkl\u00e4rt Bo Hellberg, CMO bei String Furniture. Bo sagt, dass das Sch\u00f6ne an modularen Regalen darin besteht, dass sie \u00fcberall installiert werden k\u00f6nnen, und wir stimmen zu, dass sie unglaublich vielseitig sind.<\/p>\n<div id=\"ad-unit-2\" class=\"ad-unit\"><\/div>\n<p>Er f\u00e4hrt fort: \u201eEs gibt nur zwei Dinge, die Sie ber\u00fccksichtigen m\u00fcssen.\u201c Die erste besteht darin, sicherzustellen, dass Ihr Regal tief und hoch genug ist, um Ihre Sachen aufzubewahren, aber schmal genug, damit Ihre kostbare Fl\u00e4che nicht beeintr\u00e4chtigt wird. Die zweite besteht darin, sicherzustellen, dass Sie eine Mischung aus offenen Regalen und Schrankstilen verwenden, um eine Ausstellungseinheit zu schaffen, die flexibel genug ist, um die Dinge zu verstecken, die Sie nicht zur Schau stellen m\u00f6chten.\u201c<\/p>\n<p>Wayfair bietet eine Vielzahl modularer Aufbewahrungsm\u00f6glichkeiten. <\/p>\n<h3 class=\"article-body__section\" id=\"section-2-floor-to-ceiling-cabinetry-is-space-saving\"><span>2. Vom Boden bis zur Decke reichende Schr\u00e4nke sind platzsparend<\/span><\/h3>\n<figure class=\"van-image-figure inline-layout \" data-bordeaux-image-check>\n<div class=\"image-full-width-wrapper\">\n<div class=\"image-widthsetter\" style=\"max-width:2000px;\"><\/div>\n<\/div>\n<\/figure>\n<p>Wenn m\u00f6glich, bieten gut verarbeitete Schr\u00e4nke mit einer klaren \u00c4sthetik nicht nur reichlich Stauraum, sondern passen auch zum minimalistischen Stil.<\/p>\n<p>Tony Ditzler, Pr\u00e4sident von ShelfGenie, erkl\u00e4rt: \u201eEine minimalistische Atmosph\u00e4re in Ihrem Zuhause schaffen Sie nicht einfach dadurch, dass Sie Ihre Gegenst\u00e4nde wegr\u00e4umen oder mehr Stauraum hinzuf\u00fcgen \u2013 es gelingt durch die geschickte Integration von Aufbewahrungsl\u00f6sungen in Ihr bestehendes Layout und schafft so einen offenen und organisierten Raum, der es schafft.\u201c \u201eIhr Zuhause wirkt weitl\u00e4ufig und einladend, egal wie gro\u00df es ist.\u201c<\/p>\n<p>Vom Boden bis zur Decke reichende Sonderanfertigungen sind eine tolle Investition, aber es geht nicht nur darum, Gegenst\u00e4nde zu verstecken, auch der Innenraum muss organisiert werden. Auch bei einem Hintereingang wie diesem, der gleichzeitig als Speisekammer dient, sollten Sie clevere Organisationstechniken in Betracht ziehen, insbesondere wenn Sie diesen Raum zum Aufbewahren von Reinigungsmitteln nutzen. Uns gef\u00e4llt der wandmontierte Mopp- und Besenhalter von Amazon aus Edelstahl, er ist stilvoll und sorgt daf\u00fcr, dass diese Gegenst\u00e4nde perfekt versteckt bleiben.<\/p>\n<p>Die Leiterin von Solved, Punteha van Terheyden, kaufte ein 950 Quadratmeter gro\u00dfes Neubauhaus und lie\u00df raumhohe Kleiderschr\u00e4nke nach Ma\u00df anfertigen und f\u00fcr ihr Hauptschlafzimmer anpassen. Sie sagt: \u201eWir hatten nur begrenzten Platz und wollten das, was wir hatten, optimal nutzen.\u201c Ich habe einen Schreiner gebeten, uns einen dreit\u00fcrigen Kleiderschrank zu bauen, der den gesamten vertikalen Raum ausnutzt und meinem Mann und einem einzelnen Schrank jeweils einen individuellen Stauraum im Inneren bietet, der auf jeden unserer Bed\u00fcrfnisse zugeschnitten ist, mit einem gemeinsamen Regalbereich in der Mitte. Es hat f\u00fcr uns perfekt geklappt und bleibt einer der modernsten Bereiche unseres Hauses. Es war jeden Cent wert.\u2018<\/p>\n<h3 class=\"article-body__section\" id=\"section-3-use-smart-drawer-dividers\"><span>3. Verwenden Sie intelligente Schubladenteiler <\/span><\/h3>\n<figure class=\"van-image-figure inline-layout \" data-bordeaux-image-check>\n<div class=\"image-full-width-wrapper\">\n<div class=\"image-widthsetter\" style=\"max-width:2000px;\"><\/div>\n<\/div>\n<\/figure>\n<p>W\u00e4hlen Sie Aufbewahrungstools wie Trennw\u00e4nde, die minimalistisch sind oder einen minimalistischen Stil haben. Wir wollen kein elegantes \u00c4u\u00dferes haben, w\u00e4hrend das Innere das Gegenteil ist. Daher ist die Suche nach einer wirklich sch\u00f6nen Aufbewahrung der Schl\u00fcssel zu diesem Look.<\/p>\n<p>W\u00e4hlen Sie beispielsweise f\u00fcr K\u00fcchenschubladen moderne Erg\u00e4nzungen. Liz Bacon, professionelle Organisatorin und Direktorin bei ClutterFree, sagt: \u201eErw\u00e4gen Sie Schubladenteiler, um den Platz zu maximieren und gleichzeitig eine minimalistische \u00c4sthetik beizubehalten. Ich liebe diese Akaziendesigns von Neat Method, und sie werden in den Ausf\u00fchrungen kurz, lang, flach und tief verkauft.\u201c<\/p>\n<h3 class=\"article-body__section\" id=\"section-4-pull-out-storage\"><span>4. Ausziehbarer Stauraum<\/span><\/h3>\n<figure class=\"van-image-figure inline-layout \" data-bordeaux-image-check>\n<div class=\"image-full-width-wrapper\">\n<div class=\"image-widthsetter\" style=\"max-width:2000px;\"><\/div>\n<\/div>\n<\/figure>\n<p>Minimaler Stauraum in einem Badezimmer kann schwierig sein, all die Lotionen, Tr\u00e4nke, Make-up und Handt\u00fccher m\u00fcssen ordentlich und ordentlich aufbewahrt werden! Betreten Sie den ausziehbaren Stauraum.<\/p>\n<p>\u201eAusziehbare Regale bieten eine 50-prozentige Vergr\u00f6\u00dferung des Stauraums und f\u00fcgen sich gleichzeitig nahtlos in Ihr Zuhause ein\u201c, sagt Tony Ditzler. \u201eDiese Art von Regalen schafft wertvollen Platz wie Arbeitsplatten und sorgt daf\u00fcr, dass Gegenst\u00e4nde organisiert und leicht erreichbar bleiben. Sie sind in jedem Raum des Hauses n\u00fctzlich, von der Organisation von Kosmetikprodukten unter dem Waschbecken im Badezimmer bis hin zum ordentlichen Stapeln von Dosen oder Gew\u00fcrzen in der K\u00fcche.\u201c , bis hin zu leicht zug\u00e4nglichen Reinigungsutensilien in der Besenkammer.&#8216;<\/p>\n<p>Aber kann ausziehbarer Stauraum sowohl gut aussehen als auch praktisch sein? Wir denken schon, schauen Sie sich unten unsere Top-K\u00e4ufe an.<\/p>\n<div class=\"product-container hero-product-container product-block-no-wrap\"><\/div>\n<h3 class=\"article-body__section\" id=\"section-5-consider-a-storage-bed\"><span>5. Erw\u00e4gen Sie ein Bett mit Stauraum<\/span><\/h3>\n<figure class=\"van-image-figure inline-layout \" data-bordeaux-image-check>\n<div class=\"image-full-width-wrapper\">\n<div class=\"image-widthsetter\" style=\"max-width:2000px;\"><\/div>\n<\/div>\n<\/figure>\n<p>Haben Sie schon einmal \u00fcber ein Bett mit Stauraum nachgedacht? Sie sind ideal, wenn Ihr Schlafzimmer klein ist, der Stauraum begrenzt ist oder Sie eine minimalistische \u00c4sthetik lieben. Sie k\u00f6nnen sie buchst\u00e4blich mit Kleidung, Bettw\u00e4sche und Ersatzartikeln wie Handt\u00fcchern und Urlaubsartikeln f\u00fcllen, ohne Ihr Schlafzimmer sichtbar unordentlich zu machen.<\/p>\n<p>\u201eEin Bett mit Stauraum ist eine hervorragende Investition f\u00fcr minimalistische Schlafzimmer (ich mag Saatvas Halle-Lagerplattform-Design besonders gut), denn es erm\u00f6glicht eine nahtlose Koexistenz von Funktionalit\u00e4t und Sch\u00f6nheit\u201c, sagt Lori Miller, Inhaberin von LGC Interior Design. \u201eSie maximieren den Platz, indem sie Schubladen oder F\u00e4cher unter der Matratze integrieren, und reduzieren den Bedarf an zus\u00e4tzlichen M\u00f6beln wie Kommoden oder Nachttischen.\u201c<\/p>\n<p>Wenn ein Bett mit Stauraum nicht das Richtige f\u00fcr Sie ist, k\u00f6nnte eine unserer beliebtesten Staurauml\u00f6sungen unter dem Bett genau das Richtige f\u00fcr Sie sein. <\/p>\n<div class=\"product-container hero-product-container product-block-no-wrap\"><\/div>\n<h3 class=\"article-body__section\" id=\"section-6-add-stackables-to-tall-cupboards\"><span>6. Erg\u00e4nzen Sie Hochschr\u00e4nke mit stapelbaren Elementen<\/span><\/h3>\n<figure class=\"van-image-figure inline-layout \" data-bordeaux-image-check>\n<div class=\"image-full-width-wrapper\">\n<div class=\"image-widthsetter\" style=\"max-width:2000px;\"><\/div>\n<\/div>\n<\/figure>\n<p>Wenn Sie sich f\u00fcr einen minimalistischen Look entscheiden, m\u00fcssen die Gegenst\u00e4nde, die Sie haben, au\u00dfer Sichtweite aufbewahrt werden, und hier m\u00fcssen Sie geschickt vorgehen und jeden Zentimeter optimal nutzen, um optische Unordnung zu vermeiden. <\/p>\n<p>Wenn Ihr Zuhause \u00e4lter ist, verf\u00fcgt es m\u00f6glicherweise \u00fcber ungew\u00f6hnlich geformte Originalschr\u00e4nke, die Sie verwenden m\u00fcssen. Hier kommt die stapelbare Aufbewahrung ins Spiel. Tony stimmt zu: \u201eVerwenden Sie bei hohen Schr\u00e4nken, bei denen es sich im Wesentlichen um einen offenen Kasten handelt, stapelbare Beh\u00e4lter, unabh\u00e4ngige Regale oder ausziehbare Regale, um den gesamten ungenutzten vertikalen Raum zu optimieren.\u201c<\/p>\n<p>Wir lieben die Holzbeh\u00e4lter unten, super stylisch und sehr funktional.<\/p>\n<h3 class=\"article-body__section\" id=\"section-7-furniture-with-a-double-use\"><span>7. M\u00f6bel mit doppeltem Verwendungszweck <\/span><\/h3>\n<figure class=\"van-image-figure inline-layout \" data-bordeaux-image-check>\n<div class=\"image-full-width-wrapper\">\n<div class=\"image-widthsetter\" style=\"max-width:2000px;\"><\/div>\n<\/div>\n<\/figure>\n<p>Eine sichere M\u00f6glichkeit, M\u00f6bel in einem minimalistischen Wohnzimmer geschickt einzusetzen, ist die Wahl multifunktionaler Designs.<\/p>\n<p>\u201eF\u00fcr einen Minimalisten ist eine perfekt organisierte und klare \u00c4sthetik von gr\u00f6\u00dfter Bedeutung und es gibt viele elegante L\u00f6sungen, die Ihre \u00c4sthetik erg\u00e4nzen, anstatt sie zu beeintr\u00e4chtigen\u201c, sagt Sue Jones, Mitbegr\u00fcnderin von OKA. \u201eIch w\u00fcrde vorschlagen, multifunktionale St\u00fccke zu w\u00e4hlen, da Sie dadurch weniger gro\u00dfe Gegenst\u00e4nde ben\u00f6tigen, die den Platz verstopfen, zum Beispiel ein modernes Sideboard, das viel Stauraum im Inneren bietet, aber auch viel Platz auf der Oberfl\u00e4che f\u00fcr einen Stapel B\u00fccher, ein Tablett mit Getr\u00e4nken usw.\u201c \u201eEine Ottomane mit Stauraum, die auch als Couchtisch dient.\u201c<em> <\/em><\/p>\n<p>Der Manhattan Comfort Wiener Hochglanz-Langbuffetschrank von Amazon ist elegant, gro\u00df genug f\u00fcr Ihren gesamten Stauraum und das moderne Design passt perfekt zum minimalistischen Look.<\/p>\n<h3 class=\"article-body__section\" id=\"section-meet-the-experts\"><span>Treffen Sie die Experten<\/span><\/h3>\n<hr>\n<p>Die Integration minimalistischer bew\u00e4hrter Aufbewahrungsl\u00f6sungen ist einfach genug, wenn Sie die richtigen Teile ausw\u00e4hlen, die ein stromlinienf\u00f6rmiges Schema erg\u00e4nzen. F\u00fcr Minimalisten ist das Aufr\u00e4umen von entscheidender Bedeutung, denn Sie m\u00f6chten nicht, dass Ihr Stauraum mit Dingen gef\u00fcllt wird, die Sie nicht brauchen. W\u00e4hlen Sie stattdessen einen inneren Stauraum, der sowohl praktisch als auch sch\u00f6n anzusehen ist.<\/p>\n<\/div>\n","protected":false},"excerpt":{"rendered":"<p>M\u00f6glicherweise w\u00fcnscht sich ein Teil von uns allen, wir k\u00f6nnten minimalistischer sein \u2013 es sei denn, Sie lieben den Maximalismus, denn seien wir ehrlich, niemand<\/p>\n","protected":false},"author":1,"featured_media":1505,"comment_status":"closed","ping_status":"","sticky":false,"template":"","format":"standard","meta":{"footnotes":""},"categories":[118],"tags":[2779,2778,2003,55,170,1672,2777,61,2780,393,1728,142,165,253,37,471,21,171],"class_list":["post-1504","post","type-post","status-publish","format-standard","has-post-thumbnail","hentry","category-haus-garten","tag-aufbewahrungsloesungen","tag-bewaehrte","tag-eignen","tag-fuer","tag-ihr","tag-kleine","tag-minimalisten","tag-nicht","tag-optische","tag-perfekt","tag-raeume","tag-sich","tag-sie","tag-sorgen","tag-und","tag-unordnung","tag-von","tag-zuhause","generate-columns","tablet-grid-50","mobile-grid-100","grid-parent","grid-50"],"yoast_head":"<!-- This site is optimized with the Yoast SEO plugin v27.3 - https:\/\/yoast.com\/product\/yoast-seo-wordpress\/ -->\n<title>7 von Minimalisten bew\u00e4hrte Aufbewahrungsl\u00f6sungen f\u00fcr Ihr Zuhause \u2013 sie eignen sich perfekt f\u00fcr kleine R\u00e4ume und sorgen nicht f\u00fcr optische Unordnung - Nachrichten - Stra\u00dfenweb<\/title>\n<meta name=\"robots\" content=\"index, follow, max-snippet:-1, max-image-preview:large, max-video-preview:-1\" \/>\n<link rel=\"canonical\" href=\"https:\/\/www.strassenweb.de\/nachrichten\/7-von-minimalisten-bewaehrte-aufbewahrungsloesungen-fuer-ihr-zuhause-sie-eignen-sich-perfekt-fuer-kleine-raeume-und-sorgen-nicht-fuer-optische-unordnung\/\" \/>\n<meta property=\"og:locale\" content=\"de_DE\" \/>\n<meta property=\"og:type\" content=\"article\" \/>\n<meta property=\"og:title\" content=\"7 von Minimalisten bew\u00e4hrte Aufbewahrungsl\u00f6sungen f\u00fcr Ihr Zuhause \u2013 sie eignen sich perfekt f\u00fcr kleine R\u00e4ume und sorgen nicht f\u00fcr optische Unordnung - Nachrichten - Stra\u00dfenweb\" \/>\n<meta property=\"og:description\" content=\"M\u00f6glicherweise w\u00fcnscht sich ein Teil von uns allen, wir k\u00f6nnten minimalistischer sein \u2013 es sei denn, Sie lieben den Maximalismus, denn seien wir ehrlich, niemand\" \/>\n<meta property=\"og:url\" content=\"https:\/\/www.strassenweb.de\/nachrichten\/7-von-minimalisten-bewaehrte-aufbewahrungsloesungen-fuer-ihr-zuhause-sie-eignen-sich-perfekt-fuer-kleine-raeume-und-sorgen-nicht-fuer-optische-unordnung\/\" \/>\n<meta property=\"og:site_name\" content=\"Stra\u00dfenweb\" \/>\n<meta property=\"article:publisher\" content=\"https:\/\/www.facebook.com\/strassenweb\/\" \/>\n<meta property=\"article:published_time\" content=\"2024-11-12T07:48:50+00:00\" \/>\n<meta property=\"article:modified_time\" content=\"2024-11-12T07:48:51+00:00\" \/>\n<meta property=\"og:image\" content=\"https:\/\/www.strassenweb.de\/nachrichten\/wp-content\/uploads\/2024\/11\/7-von-Minimalisten-bewaehrte-Aufbewahrungsloesungen-fuer-Ihr-Zuhause-\u2013-sie.jpg\" \/>\n\t<meta property=\"og:image:width\" content=\"1200\" \/>\n\t<meta property=\"og:image:height\" content=\"675\" \/>\n\t<meta property=\"og:image:type\" content=\"image\/jpeg\" \/>\n<meta name=\"author\" content=\"Robert Hoffmann\" \/>\n<meta name=\"twitter:card\" content=\"summary_large_image\" \/>\n<meta name=\"twitter:label1\" content=\"Verfasst von\" \/>\n\t<meta name=\"twitter:data1\" content=\"Robert Hoffmann\" \/>\n\t<meta name=\"twitter:label2\" content=\"Gesch\u00e4tzte Lesezeit\" \/>\n\t<meta name=\"twitter:data2\" content=\"7\u00a0Minuten\" \/>\n<script type=\"application\/ld+json\" class=\"yoast-schema-graph\">{\"@context\":\"https:\\\/\\\/schema.org\",\"@graph\":[{\"@type\":\"Article\",\"@id\":\"https:\\\/\\\/www.strassenweb.de\\\/nachrichten\\\/7-von-minimalisten-bewaehrte-aufbewahrungsloesungen-fuer-ihr-zuhause-sie-eignen-sich-perfekt-fuer-kleine-raeume-und-sorgen-nicht-fuer-optische-unordnung\\\/#article\",\"isPartOf\":{\"@id\":\"https:\\\/\\\/www.strassenweb.de\\\/nachrichten\\\/7-von-minimalisten-bewaehrte-aufbewahrungsloesungen-fuer-ihr-zuhause-sie-eignen-sich-perfekt-fuer-kleine-raeume-und-sorgen-nicht-fuer-optische-unordnung\\\/\"},\"author\":{\"name\":\"Robert Hoffmann\",\"@id\":\"https:\\\/\\\/www.strassenweb.de\\\/nachrichten\\\/#\\\/schema\\\/person\\\/87c9c9067f1211da429a744dc5a5aa41\"},\"headline\":\"7 von Minimalisten bew\u00e4hrte Aufbewahrungsl\u00f6sungen f\u00fcr Ihr Zuhause \u2013 sie eignen sich perfekt f\u00fcr kleine R\u00e4ume und sorgen nicht f\u00fcr optische Unordnung\",\"datePublished\":\"2024-11-12T07:48:50+00:00\",\"dateModified\":\"2024-11-12T07:48:51+00:00\",\"mainEntityOfPage\":{\"@id\":\"https:\\\/\\\/www.strassenweb.de\\\/nachrichten\\\/7-von-minimalisten-bewaehrte-aufbewahrungsloesungen-fuer-ihr-zuhause-sie-eignen-sich-perfekt-fuer-kleine-raeume-und-sorgen-nicht-fuer-optische-unordnung\\\/\"},\"wordCount\":1388,\"publisher\":{\"@id\":\"https:\\\/\\\/www.strassenweb.de\\\/nachrichten\\\/#organization\"},\"image\":{\"@id\":\"https:\\\/\\\/www.strassenweb.de\\\/nachrichten\\\/7-von-minimalisten-bewaehrte-aufbewahrungsloesungen-fuer-ihr-zuhause-sie-eignen-sich-perfekt-fuer-kleine-raeume-und-sorgen-nicht-fuer-optische-unordnung\\\/#primaryimage\"},\"thumbnailUrl\":\"https:\\\/\\\/www.strassenweb.de\\\/nachrichten\\\/wp-content\\\/uploads\\\/2024\\\/11\\\/7-von-Minimalisten-bewaehrte-Aufbewahrungsloesungen-fuer-Ihr-Zuhause-\u2013-sie.jpg\",\"keywords\":[\"Aufbewahrungsl\u00f6sungen\",\"bew\u00e4hrte\",\"eignen\",\"f\u00fcr\",\"Ihr\",\"kleine\",\"Minimalisten\",\"nicht\",\"optische\",\"perfekt\",\"R\u00e4ume\",\"sich\",\"Sie\",\"sorgen\",\"und\",\"Unordnung\",\"von\",\"Zuhause\"],\"articleSection\":[\"Haus &amp; Garten\"],\"inLanguage\":\"de\"},{\"@type\":\"WebPage\",\"@id\":\"https:\\\/\\\/www.strassenweb.de\\\/nachrichten\\\/7-von-minimalisten-bewaehrte-aufbewahrungsloesungen-fuer-ihr-zuhause-sie-eignen-sich-perfekt-fuer-kleine-raeume-und-sorgen-nicht-fuer-optische-unordnung\\\/\",\"url\":\"https:\\\/\\\/www.strassenweb.de\\\/nachrichten\\\/7-von-minimalisten-bewaehrte-aufbewahrungsloesungen-fuer-ihr-zuhause-sie-eignen-sich-perfekt-fuer-kleine-raeume-und-sorgen-nicht-fuer-optische-unordnung\\\/\",\"name\":\"7 von Minimalisten bew\u00e4hrte Aufbewahrungsl\u00f6sungen f\u00fcr Ihr Zuhause \u2013 sie eignen sich perfekt f\u00fcr kleine R\u00e4ume und sorgen nicht f\u00fcr optische Unordnung - Nachrichten - Stra\u00dfenweb\",\"isPartOf\":{\"@id\":\"https:\\\/\\\/www.strassenweb.de\\\/nachrichten\\\/#website\"},\"primaryImageOfPage\":{\"@id\":\"https:\\\/\\\/www.strassenweb.de\\\/nachrichten\\\/7-von-minimalisten-bewaehrte-aufbewahrungsloesungen-fuer-ihr-zuhause-sie-eignen-sich-perfekt-fuer-kleine-raeume-und-sorgen-nicht-fuer-optische-unordnung\\\/#primaryimage\"},\"image\":{\"@id\":\"https:\\\/\\\/www.strassenweb.de\\\/nachrichten\\\/7-von-minimalisten-bewaehrte-aufbewahrungsloesungen-fuer-ihr-zuhause-sie-eignen-sich-perfekt-fuer-kleine-raeume-und-sorgen-nicht-fuer-optische-unordnung\\\/#primaryimage\"},\"thumbnailUrl\":\"https:\\\/\\\/www.strassenweb.de\\\/nachrichten\\\/wp-content\\\/uploads\\\/2024\\\/11\\\/7-von-Minimalisten-bewaehrte-Aufbewahrungsloesungen-fuer-Ihr-Zuhause-\u2013-sie.jpg\",\"datePublished\":\"2024-11-12T07:48:50+00:00\",\"dateModified\":\"2024-11-12T07:48:51+00:00\",\"breadcrumb\":{\"@id\":\"https:\\\/\\\/www.strassenweb.de\\\/nachrichten\\\/7-von-minimalisten-bewaehrte-aufbewahrungsloesungen-fuer-ihr-zuhause-sie-eignen-sich-perfekt-fuer-kleine-raeume-und-sorgen-nicht-fuer-optische-unordnung\\\/#breadcrumb\"},\"inLanguage\":\"de\",\"potentialAction\":[{\"@type\":\"ReadAction\",\"target\":[\"https:\\\/\\\/www.strassenweb.de\\\/nachrichten\\\/7-von-minimalisten-bewaehrte-aufbewahrungsloesungen-fuer-ihr-zuhause-sie-eignen-sich-perfekt-fuer-kleine-raeume-und-sorgen-nicht-fuer-optische-unordnung\\\/\"]}]},{\"@type\":\"ImageObject\",\"inLanguage\":\"de\",\"@id\":\"https:\\\/\\\/www.strassenweb.de\\\/nachrichten\\\/7-von-minimalisten-bewaehrte-aufbewahrungsloesungen-fuer-ihr-zuhause-sie-eignen-sich-perfekt-fuer-kleine-raeume-und-sorgen-nicht-fuer-optische-unordnung\\\/#primaryimage\",\"url\":\"https:\\\/\\\/www.strassenweb.de\\\/nachrichten\\\/wp-content\\\/uploads\\\/2024\\\/11\\\/7-von-Minimalisten-bewaehrte-Aufbewahrungsloesungen-fuer-Ihr-Zuhause-\u2013-sie.jpg\",\"contentUrl\":\"https:\\\/\\\/www.strassenweb.de\\\/nachrichten\\\/wp-content\\\/uploads\\\/2024\\\/11\\\/7-von-Minimalisten-bewaehrte-Aufbewahrungsloesungen-fuer-Ihr-Zuhause-\u2013-sie.jpg\",\"width\":1200,\"height\":675,\"caption\":\"7 von Minimalisten bew\u00e4hrte Aufbewahrungsl\u00f6sungen f\u00fcr Ihr Zuhause \u2013 sie eignen sich perfekt f\u00fcr kleine R\u00e4ume und sorgen nicht f\u00fcr optische Unordnung\"},{\"@type\":\"BreadcrumbList\",\"@id\":\"https:\\\/\\\/www.strassenweb.de\\\/nachrichten\\\/7-von-minimalisten-bewaehrte-aufbewahrungsloesungen-fuer-ihr-zuhause-sie-eignen-sich-perfekt-fuer-kleine-raeume-und-sorgen-nicht-fuer-optische-unordnung\\\/#breadcrumb\",\"itemListElement\":[{\"@type\":\"ListItem\",\"position\":1,\"name\":\"Home\",\"item\":\"https:\\\/\\\/www.strassenweb.de\\\/nachrichten\\\/\"},{\"@type\":\"ListItem\",\"position\":2,\"name\":\"7 von Minimalisten bew\u00e4hrte Aufbewahrungsl\u00f6sungen f\u00fcr Ihr Zuhause \u2013 sie eignen sich perfekt f\u00fcr kleine R\u00e4ume und sorgen nicht f\u00fcr optische Unordnung\"}]},{\"@type\":\"WebSite\",\"@id\":\"https:\\\/\\\/www.strassenweb.de\\\/nachrichten\\\/#website\",\"url\":\"https:\\\/\\\/www.strassenweb.de\\\/nachrichten\\\/\",\"name\":\"Stra\u00dfenweb\",\"description\":\"Stra\u00dfenverzeichnis f\u00fcr Deutschland\",\"publisher\":{\"@id\":\"https:\\\/\\\/www.strassenweb.de\\\/nachrichten\\\/#organization\"},\"potentialAction\":[{\"@type\":\"SearchAction\",\"target\":{\"@type\":\"EntryPoint\",\"urlTemplate\":\"https:\\\/\\\/www.strassenweb.de\\\/nachrichten\\\/?s={search_term_string}\"},\"query-input\":{\"@type\":\"PropertyValueSpecification\",\"valueRequired\":true,\"valueName\":\"search_term_string\"}}],\"inLanguage\":\"de\"},{\"@type\":\"Organization\",\"@id\":\"https:\\\/\\\/www.strassenweb.de\\\/nachrichten\\\/#organization\",\"name\":\"Stra\u00dfenweb\",\"url\":\"https:\\\/\\\/www.strassenweb.de\\\/nachrichten\\\/\",\"logo\":{\"@type\":\"ImageObject\",\"inLanguage\":\"de\",\"@id\":\"https:\\\/\\\/www.strassenweb.de\\\/nachrichten\\\/#\\\/schema\\\/logo\\\/image\\\/\",\"url\":\"https:\\\/\\\/www.strassenweb.de\\\/nachrichten\\\/wp-content\\\/uploads\\\/2024\\\/09\\\/cropped-favicon.png\",\"contentUrl\":\"https:\\\/\\\/www.strassenweb.de\\\/nachrichten\\\/wp-content\\\/uploads\\\/2024\\\/09\\\/cropped-favicon.png\",\"width\":512,\"height\":512,\"caption\":\"Stra\u00dfenweb\"},\"image\":{\"@id\":\"https:\\\/\\\/www.strassenweb.de\\\/nachrichten\\\/#\\\/schema\\\/logo\\\/image\\\/\"},\"sameAs\":[\"https:\\\/\\\/www.facebook.com\\\/strassenweb\\\/\"]},{\"@type\":\"Person\",\"@id\":\"https:\\\/\\\/www.strassenweb.de\\\/nachrichten\\\/#\\\/schema\\\/person\\\/87c9c9067f1211da429a744dc5a5aa41\",\"name\":\"Robert Hoffmann\",\"image\":{\"@type\":\"ImageObject\",\"inLanguage\":\"de\",\"@id\":\"https:\\\/\\\/www.strassenweb.de\\\/nachrichten\\\/wp-content\\\/uploads\\\/2024\\\/09\\\/strassenweb-150x150.jpg\",\"url\":\"https:\\\/\\\/www.strassenweb.de\\\/nachrichten\\\/wp-content\\\/uploads\\\/2024\\\/09\\\/strassenweb-150x150.jpg\",\"contentUrl\":\"https:\\\/\\\/www.strassenweb.de\\\/nachrichten\\\/wp-content\\\/uploads\\\/2024\\\/09\\\/strassenweb-150x150.jpg\",\"caption\":\"Robert Hoffmann\"},\"description\":\"Ich hei\u00dfe Robert Hoffmann und ich bin ein leidenschaftlicher Verfechter von \u00d6kologie und Biodiversit\u00e4t. Seit meiner Kindheit in den W\u00e4ldern Bayerns f\u00fchle ich mich mit der Natur verbunden und bin entschlossen, sie zu sch\u00fctzen. Heute widme ich mein Leben der Sensibilisierung anderer f\u00fcr die Bedeutung des Umweltschutzes f\u00fcr zuk\u00fcnftige Generationen.\",\"sameAs\":[\"https:\\\/\\\/www.strassenweb.de\\\/\"]}]}<\/script>\n<!-- \/ Yoast SEO plugin. -->","yoast_head_json":{"title":"7 von Minimalisten bew\u00e4hrte Aufbewahrungsl\u00f6sungen f\u00fcr Ihr Zuhause \u2013 sie eignen sich perfekt f\u00fcr kleine R\u00e4ume und sorgen nicht f\u00fcr optische Unordnung - Nachrichten - Stra\u00dfenweb","robots":{"index":"index","follow":"follow","max-snippet":"max-snippet:-1","max-image-preview":"max-image-preview:large","max-video-preview":"max-video-preview:-1"},"canonical":"https:\/\/www.strassenweb.de\/nachrichten\/7-von-minimalisten-bewaehrte-aufbewahrungsloesungen-fuer-ihr-zuhause-sie-eignen-sich-perfekt-fuer-kleine-raeume-und-sorgen-nicht-fuer-optische-unordnung\/","og_locale":"de_DE","og_type":"article","og_title":"7 von Minimalisten bew\u00e4hrte Aufbewahrungsl\u00f6sungen f\u00fcr Ihr Zuhause \u2013 sie eignen sich perfekt f\u00fcr kleine R\u00e4ume und sorgen nicht f\u00fcr optische Unordnung - Nachrichten - Stra\u00dfenweb","og_description":"M\u00f6glicherweise w\u00fcnscht sich ein Teil von uns allen, wir k\u00f6nnten minimalistischer sein \u2013 es sei denn, Sie lieben den Maximalismus, denn seien wir ehrlich, niemand","og_url":"https:\/\/www.strassenweb.de\/nachrichten\/7-von-minimalisten-bewaehrte-aufbewahrungsloesungen-fuer-ihr-zuhause-sie-eignen-sich-perfekt-fuer-kleine-raeume-und-sorgen-nicht-fuer-optische-unordnung\/","og_site_name":"Stra\u00dfenweb","article_publisher":"https:\/\/www.facebook.com\/strassenweb\/","article_published_time":"2024-11-12T07:48:50+00:00","article_modified_time":"2024-11-12T07:48:51+00:00","og_image":[{"width":1200,"height":675,"url":"https:\/\/www.strassenweb.de\/nachrichten\/wp-content\/uploads\/2024\/11\/7-von-Minimalisten-bewaehrte-Aufbewahrungsloesungen-fuer-Ihr-Zuhause-\u2013-sie.jpg","type":"image\/jpeg"}],"author":"Robert Hoffmann","twitter_card":"summary_large_image","twitter_misc":{"Verfasst von":"Robert Hoffmann","Gesch\u00e4tzte Lesezeit":"7\u00a0Minuten"},"schema":{"@context":"https:\/\/schema.org","@graph":[{"@type":"Article","@id":"https:\/\/www.strassenweb.de\/nachrichten\/7-von-minimalisten-bewaehrte-aufbewahrungsloesungen-fuer-ihr-zuhause-sie-eignen-sich-perfekt-fuer-kleine-raeume-und-sorgen-nicht-fuer-optische-unordnung\/#article","isPartOf":{"@id":"https:\/\/www.strassenweb.de\/nachrichten\/7-von-minimalisten-bewaehrte-aufbewahrungsloesungen-fuer-ihr-zuhause-sie-eignen-sich-perfekt-fuer-kleine-raeume-und-sorgen-nicht-fuer-optische-unordnung\/"},"author":{"name":"Robert Hoffmann","@id":"https:\/\/www.strassenweb.de\/nachrichten\/#\/schema\/person\/87c9c9067f1211da429a744dc5a5aa41"},"headline":"7 von Minimalisten bew\u00e4hrte Aufbewahrungsl\u00f6sungen f\u00fcr Ihr Zuhause \u2013 sie eignen sich perfekt f\u00fcr kleine R\u00e4ume und sorgen nicht f\u00fcr optische Unordnung","datePublished":"2024-11-12T07:48:50+00:00","dateModified":"2024-11-12T07:48:51+00:00","mainEntityOfPage":{"@id":"https:\/\/www.strassenweb.de\/nachrichten\/7-von-minimalisten-bewaehrte-aufbewahrungsloesungen-fuer-ihr-zuhause-sie-eignen-sich-perfekt-fuer-kleine-raeume-und-sorgen-nicht-fuer-optische-unordnung\/"},"wordCount":1388,"publisher":{"@id":"https:\/\/www.strassenweb.de\/nachrichten\/#organization"},"image":{"@id":"https:\/\/www.strassenweb.de\/nachrichten\/7-von-minimalisten-bewaehrte-aufbewahrungsloesungen-fuer-ihr-zuhause-sie-eignen-sich-perfekt-fuer-kleine-raeume-und-sorgen-nicht-fuer-optische-unordnung\/#primaryimage"},"thumbnailUrl":"https:\/\/www.strassenweb.de\/nachrichten\/wp-content\/uploads\/2024\/11\/7-von-Minimalisten-bewaehrte-Aufbewahrungsloesungen-fuer-Ihr-Zuhause-\u2013-sie.jpg","keywords":["Aufbewahrungsl\u00f6sungen","bew\u00e4hrte","eignen","f\u00fcr","Ihr","kleine","Minimalisten","nicht","optische","perfekt","R\u00e4ume","sich","Sie","sorgen","und","Unordnung","von","Zuhause"],"articleSection":["Haus &amp; Garten"],"inLanguage":"de"},{"@type":"WebPage","@id":"https:\/\/www.strassenweb.de\/nachrichten\/7-von-minimalisten-bewaehrte-aufbewahrungsloesungen-fuer-ihr-zuhause-sie-eignen-sich-perfekt-fuer-kleine-raeume-und-sorgen-nicht-fuer-optische-unordnung\/","url":"https:\/\/www.strassenweb.de\/nachrichten\/7-von-minimalisten-bewaehrte-aufbewahrungsloesungen-fuer-ihr-zuhause-sie-eignen-sich-perfekt-fuer-kleine-raeume-und-sorgen-nicht-fuer-optische-unordnung\/","name":"7 von Minimalisten bew\u00e4hrte Aufbewahrungsl\u00f6sungen f\u00fcr Ihr Zuhause \u2013 sie eignen sich perfekt f\u00fcr kleine R\u00e4ume und sorgen nicht f\u00fcr optische Unordnung - Nachrichten - Stra\u00dfenweb","isPartOf":{"@id":"https:\/\/www.strassenweb.de\/nachrichten\/#website"},"primaryImageOfPage":{"@id":"https:\/\/www.strassenweb.de\/nachrichten\/7-von-minimalisten-bewaehrte-aufbewahrungsloesungen-fuer-ihr-zuhause-sie-eignen-sich-perfekt-fuer-kleine-raeume-und-sorgen-nicht-fuer-optische-unordnung\/#primaryimage"},"image":{"@id":"https:\/\/www.strassenweb.de\/nachrichten\/7-von-minimalisten-bewaehrte-aufbewahrungsloesungen-fuer-ihr-zuhause-sie-eignen-sich-perfekt-fuer-kleine-raeume-und-sorgen-nicht-fuer-optische-unordnung\/#primaryimage"},"thumbnailUrl":"https:\/\/www.strassenweb.de\/nachrichten\/wp-content\/uploads\/2024\/11\/7-von-Minimalisten-bewaehrte-Aufbewahrungsloesungen-fuer-Ihr-Zuhause-\u2013-sie.jpg","datePublished":"2024-11-12T07:48:50+00:00","dateModified":"2024-11-12T07:48:51+00:00","breadcrumb":{"@id":"https:\/\/www.strassenweb.de\/nachrichten\/7-von-minimalisten-bewaehrte-aufbewahrungsloesungen-fuer-ihr-zuhause-sie-eignen-sich-perfekt-fuer-kleine-raeume-und-sorgen-nicht-fuer-optische-unordnung\/#breadcrumb"},"inLanguage":"de","potentialAction":[{"@type":"ReadAction","target":["https:\/\/www.strassenweb.de\/nachrichten\/7-von-minimalisten-bewaehrte-aufbewahrungsloesungen-fuer-ihr-zuhause-sie-eignen-sich-perfekt-fuer-kleine-raeume-und-sorgen-nicht-fuer-optische-unordnung\/"]}]},{"@type":"ImageObject","inLanguage":"de","@id":"https:\/\/www.strassenweb.de\/nachrichten\/7-von-minimalisten-bewaehrte-aufbewahrungsloesungen-fuer-ihr-zuhause-sie-eignen-sich-perfekt-fuer-kleine-raeume-und-sorgen-nicht-fuer-optische-unordnung\/#primaryimage","url":"https:\/\/www.strassenweb.de\/nachrichten\/wp-content\/uploads\/2024\/11\/7-von-Minimalisten-bewaehrte-Aufbewahrungsloesungen-fuer-Ihr-Zuhause-\u2013-sie.jpg","contentUrl":"https:\/\/www.strassenweb.de\/nachrichten\/wp-content\/uploads\/2024\/11\/7-von-Minimalisten-bewaehrte-Aufbewahrungsloesungen-fuer-Ihr-Zuhause-\u2013-sie.jpg","width":1200,"height":675,"caption":"7 von Minimalisten bew\u00e4hrte Aufbewahrungsl\u00f6sungen f\u00fcr Ihr Zuhause \u2013 sie eignen sich perfekt f\u00fcr kleine R\u00e4ume und sorgen nicht f\u00fcr optische Unordnung"},{"@type":"BreadcrumbList","@id":"https:\/\/www.strassenweb.de\/nachrichten\/7-von-minimalisten-bewaehrte-aufbewahrungsloesungen-fuer-ihr-zuhause-sie-eignen-sich-perfekt-fuer-kleine-raeume-und-sorgen-nicht-fuer-optische-unordnung\/#breadcrumb","itemListElement":[{"@type":"ListItem","position":1,"name":"Home","item":"https:\/\/www.strassenweb.de\/nachrichten\/"},{"@type":"ListItem","position":2,"name":"7 von Minimalisten bew\u00e4hrte Aufbewahrungsl\u00f6sungen f\u00fcr Ihr Zuhause \u2013 sie eignen sich perfekt f\u00fcr kleine R\u00e4ume und sorgen nicht f\u00fcr optische Unordnung"}]},{"@type":"WebSite","@id":"https:\/\/www.strassenweb.de\/nachrichten\/#website","url":"https:\/\/www.strassenweb.de\/nachrichten\/","name":"Stra\u00dfenweb","description":"Stra\u00dfenverzeichnis f\u00fcr Deutschland","publisher":{"@id":"https:\/\/www.strassenweb.de\/nachrichten\/#organization"},"potentialAction":[{"@type":"SearchAction","target":{"@type":"EntryPoint","urlTemplate":"https:\/\/www.strassenweb.de\/nachrichten\/?s={search_term_string}"},"query-input":{"@type":"PropertyValueSpecification","valueRequired":true,"valueName":"search_term_string"}}],"inLanguage":"de"},{"@type":"Organization","@id":"https:\/\/www.strassenweb.de\/nachrichten\/#organization","name":"Stra\u00dfenweb","url":"https:\/\/www.strassenweb.de\/nachrichten\/","logo":{"@type":"ImageObject","inLanguage":"de","@id":"https:\/\/www.strassenweb.de\/nachrichten\/#\/schema\/logo\/image\/","url":"https:\/\/www.strassenweb.de\/nachrichten\/wp-content\/uploads\/2024\/09\/cropped-favicon.png","contentUrl":"https:\/\/www.strassenweb.de\/nachrichten\/wp-content\/uploads\/2024\/09\/cropped-favicon.png","width":512,"height":512,"caption":"Stra\u00dfenweb"},"image":{"@id":"https:\/\/www.strassenweb.de\/nachrichten\/#\/schema\/logo\/image\/"},"sameAs":["https:\/\/www.facebook.com\/strassenweb\/"]},{"@type":"Person","@id":"https:\/\/www.strassenweb.de\/nachrichten\/#\/schema\/person\/87c9c9067f1211da429a744dc5a5aa41","name":"Robert Hoffmann","image":{"@type":"ImageObject","inLanguage":"de","@id":"https:\/\/www.strassenweb.de\/nachrichten\/wp-content\/uploads\/2024\/09\/strassenweb-150x150.jpg","url":"https:\/\/www.strassenweb.de\/nachrichten\/wp-content\/uploads\/2024\/09\/strassenweb-150x150.jpg","contentUrl":"https:\/\/www.strassenweb.de\/nachrichten\/wp-content\/uploads\/2024\/09\/strassenweb-150x150.jpg","caption":"Robert Hoffmann"},"description":"Ich hei\u00dfe Robert Hoffmann und ich bin ein leidenschaftlicher Verfechter von \u00d6kologie und Biodiversit\u00e4t. Seit meiner Kindheit in den W\u00e4ldern Bayerns f\u00fchle ich mich mit der Natur verbunden und bin entschlossen, sie zu sch\u00fctzen. Heute widme ich mein Leben der Sensibilisierung anderer f\u00fcr die Bedeutung des Umweltschutzes f\u00fcr zuk\u00fcnftige Generationen.","sameAs":["https:\/\/www.strassenweb.de\/"]}]}},"_links":{"self":[{"href":"https:\/\/www.strassenweb.de\/nachrichten\/wp-json\/wp\/v2\/posts\/1504","targetHints":{"allow":["GET"]}}],"collection":[{"href":"https:\/\/www.strassenweb.de\/nachrichten\/wp-json\/wp\/v2\/posts"}],"about":[{"href":"https:\/\/www.strassenweb.de\/nachrichten\/wp-json\/wp\/v2\/types\/post"}],"author":[{"embeddable":true,"href":"https:\/\/www.strassenweb.de\/nachrichten\/wp-json\/wp\/v2\/users\/1"}],"replies":[{"embeddable":true,"href":"https:\/\/www.strassenweb.de\/nachrichten\/wp-json\/wp\/v2\/comments?post=1504"}],"version-history":[{"count":0,"href":"https:\/\/www.strassenweb.de\/nachrichten\/wp-json\/wp\/v2\/posts\/1504\/revisions"}],"wp:featuredmedia":[{"embeddable":true,"href":"https:\/\/www.strassenweb.de\/nachrichten\/wp-json\/wp\/v2\/media\/1505"}],"wp:attachment":[{"href":"https:\/\/www.strassenweb.de\/nachrichten\/wp-json\/wp\/v2\/media?parent=1504"}],"wp:term":[{"taxonomy":"category","embeddable":true,"href":"https:\/\/www.strassenweb.de\/nachrichten\/wp-json\/wp\/v2\/categories?post=1504"},{"taxonomy":"post_tag","embeddable":true,"href":"https:\/\/www.strassenweb.de\/nachrichten\/wp-json\/wp\/v2\/tags?post=1504"}],"curies":[{"name":"wp","href":"https:\/\/api.w.org\/{rel}","templated":true}]}}