{"id":1478,"date":"2024-11-10T15:11:21","date_gmt":"2024-11-10T14:11:21","guid":{"rendered":"https:\/\/www.strassenweb.de\/nachrichten\/janelle-monaes-auffaellige-und-doch-schlichte-wohnzimmeraufbewahrung-stellt-ihre-leidenschaft-fuer-musik-mit-einem-stilvollen-mittelpunkt-zur-schau\/"},"modified":"2024-11-10T15:11:22","modified_gmt":"2024-11-10T14:11:22","slug":"janelle-monaes-auffaellige-und-doch-schlichte-wohnzimmeraufbewahrung-stellt-ihre-leidenschaft-fuer-musik-mit-einem-stilvollen-mittelpunkt-zur-schau","status":"publish","type":"post","link":"https:\/\/www.strassenweb.de\/nachrichten\/janelle-monaes-auffaellige-und-doch-schlichte-wohnzimmeraufbewahrung-stellt-ihre-leidenschaft-fuer-musik-mit-einem-stilvollen-mittelpunkt-zur-schau\/","title":{"rendered":"Janelle Mon\u00e1es auff\u00e4llige und doch schlichte Wohnzimmeraufbewahrung stellt ihre Leidenschaft f\u00fcr Musik mit einem stilvollen Mittelpunkt zur Schau"},"content":{"rendered":"<p><\/p>\n<div id=\"article-body\" class=\"article__body \">\n<p>Die besten Innenr\u00e4ume f\u00fchlen sich der Person, die dort lebt, treu an. Eine der einfachsten M\u00f6glichkeiten, Ihr Zuhause zu personalisieren, besteht darin, Regale zu verwenden, um Ihre Lieblingsb\u00fccher, Kunstwerke und Krimskrams zu pr\u00e4sentieren. Im Haus der Grammy-nominierten Musikerin Janelle Mon\u00e1e sind ihre offenen Regale so gestaltet, dass sie ihre Liebe zur Musik zum Ausdruck bringen.<\/p>\n<div id=\"ad-unit-1\" class=\"ad-unit\"><\/div>\n<p>Ein k\u00fcrzlich von der Musikerin gepostetes Instagram-Reel zeigt, dass ihr Stauraum im Wohnzimmer durch Regale vom Boden bis zur Decke definiert ist. In jeder Vignette der quadratischen, h\u00f6lzernen Einbauten hat Mon\u00e1e eine Reihe von Schallplatten gestapelt, die jeden Sammler in Eifersucht versetzen w\u00fcrden. Sie hat B\u00fccher und kleine Statuen zwischen das Vinyl gestapelt, um es aufzulockern. Die leuchtenden Farben der Schallplatten bilden den perfekten Akzent gegen\u00fcber ihrem neutralen Ledersofa.<\/p>\n<aside class=\"hawk-nest\" data-block-type=\"embed\" data-render-type=\"fte\" data-skip=\"dealsy\" data-widget-type=\"seasonal\">\n<div class=\"hawk-master-widget-hawk-base-wrapper\"><\/div>\n<\/aside>\n<p>Die Wirkung des Wohnzimmerregals ist beeindruckend. Soledad Alzaga, Innenarchitektin aus San Francisco, erkl\u00e4rt: \u201eDie vom Boden bis zur Decke reichenden Plattenregale von Janelle Mon\u00e1e bilden einen Blickfang im Raum und sorgen f\u00fcr Stil und Funktionalit\u00e4t.\u201c Die Regale pr\u00e4sentieren nicht nur ihre Vinyl-Sammlung, sondern werden auch Teil der Raumgestaltung und -dekoration. Die Pr\u00e4sentation von Schallplatten auf diese Weise zeigt ihre Leidenschaft f\u00fcr Musik und sorgt gleichzeitig daf\u00fcr, dass alles ordentlich und organisiert bleibt und leicht zug\u00e4nglich ist. \u201eEs ist eine gro\u00dfartige M\u00f6glichkeit, Aufbewahrung und Stil zu kombinieren und ihre coole pers\u00f6nliche \u00c4sthetik zu unterstreichen.\u201c<\/p>\n<div id=\"desktop-in-article\" class=\"in-article ad-unit\">\n<div id=\"desktop-taboola-mid-article\"><\/div>\n<\/div>\n<div id=\"mobile-in-article\" class=\"in-article ad-unit\">\n<div id=\"mobile-taboola-mid-article\"><\/div>\n<\/div>\n<div class=\"instagram-embed\">\n<blockquote class=\"instagram-media\" data-instgrm-captioned data-instgrm-version=\"6\" style=\"width:99.375%; width:-webkit-calc(100% - 2px); width:calc(100% - 2px);\">\n<p>Ein von Janelle Mon\u00e1e (@janellemonae) geteilter Beitrag<\/p>\n<p>Ein Foto gepostet von am <\/p>\n<\/blockquote>\n<\/div>\n<p>Die Wahl nat\u00fcrlicher Materialien f\u00fcr die Regale verleiht dem Design eine nat\u00fcrliche W\u00e4rme. \u201eDas aus warmem Holz gefertigte Regal erstreckt sich \u00fcber mindestens zwei W\u00e4nde und schafft eine einheitliche und dennoch dynamische Kulisse, die weitl\u00e4ufig und architektonisch wirkt\u201c, sagt die in Westchester ans\u00e4ssige Innenarchitektin Nina Lichtenstein. \u201eEs betont die H\u00f6he und Gr\u00f6\u00dfe des Raums, schafft Ordnung und Organisation und verleiht dem Raum gleichzeitig Charakter.\u201c<\/p>\n<div class=\"van_vid_carousel\">\n<div class=\"van_vid_carousel__padding\">\n<div class=\"van_vid_carousel__container\"><\/div>\n<\/div>\n<\/div>\n<p>Wenn Sie ein Musikliebhaber sind und dar\u00fcber nachdenken, dieses Schema nachzubilden, warum probieren Sie dann nicht etwas Unkonventionelles aus? W\u00e4hrend Schallplatten traditionell als Kunstwerke ausgestellt werden, scheut Mon\u00e1e diese Taktik. \u201eDurch die Pr\u00e4sentation der Schallplatten mit nach au\u00dfen gerichteten Buchr\u00fccken weicht Mon\u00e1es Ansatz von der typischen Galeriepr\u00e4sentation von Albumcovern ab.\u201c \u201eDiese Spine-out-Methode sorgt f\u00fcr einen minimalistischeren, bibliotheks\u00e4hnlichen Look, der sich verfeinert und kuratiert anf\u00fchlt\u201c, erkl\u00e4rt Lichtenstein. \u201eOhne die farbenfrohen Kunstwerke vorne und in der Mitte wird die Anordnung subtiler, sodass die Texturen und Farbt\u00f6ne der Buchr\u00fccken Tiefe und visuelle Faszination verleihen, ohne den Raum zu \u00fcberfordern.\u201c Es erg\u00e4nzt die gem\u00fctliche, etwas hellere Ledercouch in L-Form, die an den Regalen positioniert ist, und schafft so eine harmonische Balance zwischen Funktionalit\u00e4t und \u00e4sthetischer Zur\u00fcckhaltung.\u201c<\/p>\n<div id=\"ad-unit-2\" class=\"ad-unit\"><\/div>\n<p>Sie f\u00e4hrt fort: \u201eDieser Ansatz hebt nicht nur Monaes beeindruckende Sammlung hervor, sondern l\u00e4dt auch zu einer engeren, intimeren Auseinandersetzung damit ein.\u201c \u201eDie Einrichtung weist auf die reiche Vielfalt ihrer Sammlung hin und bewahrt gleichzeitig ein ruhiges, anspruchsvolles Ambiente.\u201c Es ist eine neue Interpretation der Galeriewand.<\/p>\n<h2 id=\"shop-the-living-room-shelving-edit-3\">Kaufen Sie The Living Room Shelving Edit<\/h2>\n<p>Auch wenn Sie in Ihrem Wohnzimmer keine vertikalen Einbauregale haben, k\u00f6nnen Sie offene Regale nutzen, um Ihre B\u00fccher, Musik oder andere Sammlungen zur Schau zu stellen. Hier sind einige unserer Top-Tipps f\u00fcr Haltbarkeit, Vielseitigkeit und Erschwinglichkeit.<\/p>\n<div id=\"slice-container-newsletterForm-articleInbodyContent-iUot4j2WupXNHhgqzUBfVc\" class=\"slice-container newsletter-inbodyContent-slice newsletterForm-articleInbodyContent-iUot4j2WupXNHhgqzUBfVc slice-container-newsletterForm\"><\/div>\n<div class=\"product-container hero-product-container product-block-no-wrap\"><\/div>\n<hr>\n<p>Wenn Sie erw\u00e4gen, den Look in Ihrem eigenen Zuhause zu reproduzieren, ist jetzt ein guter Zeitpunkt. Lichtenstein r\u00e4t: \u201eEs handelt sich um eine Designentscheidung, die einen modernen Innendesign-Trend widerspiegelt, pers\u00f6nliche Gegenst\u00e4nde als Dekoration zu verwenden und dabei Funktion mit einem raffinierten Ausdruck von Individualit\u00e4t zu verbinden.\u201c Durch die Verbindung von Aufbewahrung und k\u00fcnstlerischer Absicht hat Mon\u00e1e einen Raum geschaffen, der ebenso sorgf\u00e4ltig kuratiert wie pers\u00f6nlich ist und einen Einblick in ihre Leidenschaften auf eine Weise bietet, die sowohl stilvoll als auch echt wirkt.\u201c<\/p>\n<p>Was auch immer Ihre Leidenschaft ist, die Pr\u00e4sentation mit cleveren Regalen wird Ihre Innenr\u00e4ume sofort pers\u00f6nlicher und bewusster wirken lassen.<\/p>\n<hr>\n<\/div>\n<p><script async src=\"\/\/www.instagram.com\/embed.js\"><\/script><\/p>\n","protected":false},"excerpt":{"rendered":"<p>Die besten Innenr\u00e4ume f\u00fchlen sich der Person, die dort lebt, treu an. Eine der einfachsten M\u00f6glichkeiten, Ihr Zuhause zu personalisieren, besteht darin, Regale zu verwenden,<\/p>\n","protected":false},"author":1,"featured_media":1479,"comment_status":"closed","ping_status":"","sticky":false,"template":"","format":"standard","meta":{"footnotes":""},"categories":[118],"tags":[2731,212,22,55,225,2729,2734,146,1486,2730,2735,2736,2732,2612,1376,37,2733,99],"class_list":["post-1478","post","type-post","status-publish","format-standard","has-post-thumbnail","hentry","category-haus-garten","tag-auffaellige","tag-doch","tag-einem","tag-fuer","tag-ihre","tag-janelle","tag-leidenschaft","tag-mit","tag-mittelpunkt","tag-monaes","tag-musik","tag-schau","tag-schlichte","tag-stellt","tag-stilvollen","tag-und","tag-wohnzimmeraufbewahrung","tag-zur","generate-columns","tablet-grid-50","mobile-grid-100","grid-parent","grid-50"],"yoast_head":"<!-- This site is optimized with the Yoast SEO plugin v27.3 - https:\/\/yoast.com\/product\/yoast-seo-wordpress\/ -->\n<title>Janelle Mon\u00e1es auff\u00e4llige und doch schlichte Wohnzimmeraufbewahrung stellt ihre Leidenschaft f\u00fcr Musik mit einem stilvollen Mittelpunkt zur Schau - Nachrichten - Stra\u00dfenweb<\/title>\n<meta name=\"robots\" content=\"index, follow, max-snippet:-1, max-image-preview:large, max-video-preview:-1\" \/>\n<link rel=\"canonical\" href=\"https:\/\/www.strassenweb.de\/nachrichten\/janelle-monaes-auffaellige-und-doch-schlichte-wohnzimmeraufbewahrung-stellt-ihre-leidenschaft-fuer-musik-mit-einem-stilvollen-mittelpunkt-zur-schau\/\" \/>\n<meta property=\"og:locale\" content=\"de_DE\" \/>\n<meta property=\"og:type\" content=\"article\" \/>\n<meta property=\"og:title\" content=\"Janelle Mon\u00e1es auff\u00e4llige und doch schlichte Wohnzimmeraufbewahrung stellt ihre Leidenschaft f\u00fcr Musik mit einem stilvollen Mittelpunkt zur Schau - Nachrichten - Stra\u00dfenweb\" \/>\n<meta property=\"og:description\" content=\"Die besten Innenr\u00e4ume f\u00fchlen sich der Person, die dort lebt, treu an. Eine der einfachsten M\u00f6glichkeiten, Ihr Zuhause zu personalisieren, besteht darin, Regale zu verwenden,\" \/>\n<meta property=\"og:url\" content=\"https:\/\/www.strassenweb.de\/nachrichten\/janelle-monaes-auffaellige-und-doch-schlichte-wohnzimmeraufbewahrung-stellt-ihre-leidenschaft-fuer-musik-mit-einem-stilvollen-mittelpunkt-zur-schau\/\" \/>\n<meta property=\"og:site_name\" content=\"Stra\u00dfenweb\" \/>\n<meta property=\"article:publisher\" content=\"https:\/\/www.facebook.com\/strassenweb\/\" \/>\n<meta property=\"article:published_time\" content=\"2024-11-10T14:11:21+00:00\" \/>\n<meta property=\"article:modified_time\" content=\"2024-11-10T14:11:22+00:00\" \/>\n<meta property=\"og:image\" content=\"https:\/\/www.strassenweb.de\/nachrichten\/wp-content\/uploads\/2024\/11\/Janelle-Monaes-auffaellige-und-doch-schlichte-Wohnzimmeraufbewahrung-stellt-ihre-Leidenschaft.jpg\" \/>\n\t<meta property=\"og:image:width\" content=\"1200\" \/>\n\t<meta property=\"og:image:height\" content=\"675\" \/>\n\t<meta property=\"og:image:type\" content=\"image\/jpeg\" \/>\n<meta name=\"author\" content=\"Robert Hoffmann\" \/>\n<meta name=\"twitter:card\" content=\"summary_large_image\" \/>\n<meta name=\"twitter:label1\" content=\"Verfasst von\" \/>\n\t<meta name=\"twitter:data1\" content=\"Robert Hoffmann\" \/>\n\t<meta name=\"twitter:label2\" content=\"Gesch\u00e4tzte Lesezeit\" \/>\n\t<meta name=\"twitter:data2\" content=\"3\u00a0Minuten\" \/>\n<script type=\"application\/ld+json\" class=\"yoast-schema-graph\">{\"@context\":\"https:\\\/\\\/schema.org\",\"@graph\":[{\"@type\":\"Article\",\"@id\":\"https:\\\/\\\/www.strassenweb.de\\\/nachrichten\\\/janelle-monaes-auffaellige-und-doch-schlichte-wohnzimmeraufbewahrung-stellt-ihre-leidenschaft-fuer-musik-mit-einem-stilvollen-mittelpunkt-zur-schau\\\/#article\",\"isPartOf\":{\"@id\":\"https:\\\/\\\/www.strassenweb.de\\\/nachrichten\\\/janelle-monaes-auffaellige-und-doch-schlichte-wohnzimmeraufbewahrung-stellt-ihre-leidenschaft-fuer-musik-mit-einem-stilvollen-mittelpunkt-zur-schau\\\/\"},\"author\":{\"name\":\"Robert Hoffmann\",\"@id\":\"https:\\\/\\\/www.strassenweb.de\\\/nachrichten\\\/#\\\/schema\\\/person\\\/87c9c9067f1211da429a744dc5a5aa41\"},\"headline\":\"Janelle Mon\u00e1es auff\u00e4llige und doch schlichte Wohnzimmeraufbewahrung stellt ihre Leidenschaft f\u00fcr Musik mit einem stilvollen Mittelpunkt zur Schau\",\"datePublished\":\"2024-11-10T14:11:21+00:00\",\"dateModified\":\"2024-11-10T14:11:22+00:00\",\"mainEntityOfPage\":{\"@id\":\"https:\\\/\\\/www.strassenweb.de\\\/nachrichten\\\/janelle-monaes-auffaellige-und-doch-schlichte-wohnzimmeraufbewahrung-stellt-ihre-leidenschaft-fuer-musik-mit-einem-stilvollen-mittelpunkt-zur-schau\\\/\"},\"wordCount\":697,\"publisher\":{\"@id\":\"https:\\\/\\\/www.strassenweb.de\\\/nachrichten\\\/#organization\"},\"image\":{\"@id\":\"https:\\\/\\\/www.strassenweb.de\\\/nachrichten\\\/janelle-monaes-auffaellige-und-doch-schlichte-wohnzimmeraufbewahrung-stellt-ihre-leidenschaft-fuer-musik-mit-einem-stilvollen-mittelpunkt-zur-schau\\\/#primaryimage\"},\"thumbnailUrl\":\"https:\\\/\\\/www.strassenweb.de\\\/nachrichten\\\/wp-content\\\/uploads\\\/2024\\\/11\\\/Janelle-Monaes-auffaellige-und-doch-schlichte-Wohnzimmeraufbewahrung-stellt-ihre-Leidenschaft.jpg\",\"keywords\":[\"auff\u00e4llige\",\"doch\",\"einem\",\"f\u00fcr\",\"ihre\",\"Janelle\",\"Leidenschaft\",\"mit\",\"Mittelpunkt\",\"Mon\u00e1es\",\"Musik\",\"Schau\",\"schlichte\",\"stellt\",\"stilvollen\",\"und\",\"Wohnzimmeraufbewahrung\",\"zur\"],\"articleSection\":[\"Haus &amp; Garten\"],\"inLanguage\":\"de\"},{\"@type\":\"WebPage\",\"@id\":\"https:\\\/\\\/www.strassenweb.de\\\/nachrichten\\\/janelle-monaes-auffaellige-und-doch-schlichte-wohnzimmeraufbewahrung-stellt-ihre-leidenschaft-fuer-musik-mit-einem-stilvollen-mittelpunkt-zur-schau\\\/\",\"url\":\"https:\\\/\\\/www.strassenweb.de\\\/nachrichten\\\/janelle-monaes-auffaellige-und-doch-schlichte-wohnzimmeraufbewahrung-stellt-ihre-leidenschaft-fuer-musik-mit-einem-stilvollen-mittelpunkt-zur-schau\\\/\",\"name\":\"Janelle Mon\u00e1es auff\u00e4llige und doch schlichte Wohnzimmeraufbewahrung stellt ihre Leidenschaft f\u00fcr Musik mit einem stilvollen Mittelpunkt zur Schau - Nachrichten - Stra\u00dfenweb\",\"isPartOf\":{\"@id\":\"https:\\\/\\\/www.strassenweb.de\\\/nachrichten\\\/#website\"},\"primaryImageOfPage\":{\"@id\":\"https:\\\/\\\/www.strassenweb.de\\\/nachrichten\\\/janelle-monaes-auffaellige-und-doch-schlichte-wohnzimmeraufbewahrung-stellt-ihre-leidenschaft-fuer-musik-mit-einem-stilvollen-mittelpunkt-zur-schau\\\/#primaryimage\"},\"image\":{\"@id\":\"https:\\\/\\\/www.strassenweb.de\\\/nachrichten\\\/janelle-monaes-auffaellige-und-doch-schlichte-wohnzimmeraufbewahrung-stellt-ihre-leidenschaft-fuer-musik-mit-einem-stilvollen-mittelpunkt-zur-schau\\\/#primaryimage\"},\"thumbnailUrl\":\"https:\\\/\\\/www.strassenweb.de\\\/nachrichten\\\/wp-content\\\/uploads\\\/2024\\\/11\\\/Janelle-Monaes-auffaellige-und-doch-schlichte-Wohnzimmeraufbewahrung-stellt-ihre-Leidenschaft.jpg\",\"datePublished\":\"2024-11-10T14:11:21+00:00\",\"dateModified\":\"2024-11-10T14:11:22+00:00\",\"breadcrumb\":{\"@id\":\"https:\\\/\\\/www.strassenweb.de\\\/nachrichten\\\/janelle-monaes-auffaellige-und-doch-schlichte-wohnzimmeraufbewahrung-stellt-ihre-leidenschaft-fuer-musik-mit-einem-stilvollen-mittelpunkt-zur-schau\\\/#breadcrumb\"},\"inLanguage\":\"de\",\"potentialAction\":[{\"@type\":\"ReadAction\",\"target\":[\"https:\\\/\\\/www.strassenweb.de\\\/nachrichten\\\/janelle-monaes-auffaellige-und-doch-schlichte-wohnzimmeraufbewahrung-stellt-ihre-leidenschaft-fuer-musik-mit-einem-stilvollen-mittelpunkt-zur-schau\\\/\"]}]},{\"@type\":\"ImageObject\",\"inLanguage\":\"de\",\"@id\":\"https:\\\/\\\/www.strassenweb.de\\\/nachrichten\\\/janelle-monaes-auffaellige-und-doch-schlichte-wohnzimmeraufbewahrung-stellt-ihre-leidenschaft-fuer-musik-mit-einem-stilvollen-mittelpunkt-zur-schau\\\/#primaryimage\",\"url\":\"https:\\\/\\\/www.strassenweb.de\\\/nachrichten\\\/wp-content\\\/uploads\\\/2024\\\/11\\\/Janelle-Monaes-auffaellige-und-doch-schlichte-Wohnzimmeraufbewahrung-stellt-ihre-Leidenschaft.jpg\",\"contentUrl\":\"https:\\\/\\\/www.strassenweb.de\\\/nachrichten\\\/wp-content\\\/uploads\\\/2024\\\/11\\\/Janelle-Monaes-auffaellige-und-doch-schlichte-Wohnzimmeraufbewahrung-stellt-ihre-Leidenschaft.jpg\",\"width\":1200,\"height\":675,\"caption\":\"Janelle Mon\u00e1es auff\u00e4llige und doch schlichte Wohnzimmeraufbewahrung stellt ihre Leidenschaft f\u00fcr Musik mit einem stilvollen Mittelpunkt zur Schau\"},{\"@type\":\"BreadcrumbList\",\"@id\":\"https:\\\/\\\/www.strassenweb.de\\\/nachrichten\\\/janelle-monaes-auffaellige-und-doch-schlichte-wohnzimmeraufbewahrung-stellt-ihre-leidenschaft-fuer-musik-mit-einem-stilvollen-mittelpunkt-zur-schau\\\/#breadcrumb\",\"itemListElement\":[{\"@type\":\"ListItem\",\"position\":1,\"name\":\"Home\",\"item\":\"https:\\\/\\\/www.strassenweb.de\\\/nachrichten\\\/\"},{\"@type\":\"ListItem\",\"position\":2,\"name\":\"Janelle Mon\u00e1es auff\u00e4llige und doch schlichte Wohnzimmeraufbewahrung stellt ihre Leidenschaft f\u00fcr Musik mit einem stilvollen Mittelpunkt zur Schau\"}]},{\"@type\":\"WebSite\",\"@id\":\"https:\\\/\\\/www.strassenweb.de\\\/nachrichten\\\/#website\",\"url\":\"https:\\\/\\\/www.strassenweb.de\\\/nachrichten\\\/\",\"name\":\"Stra\u00dfenweb\",\"description\":\"Stra\u00dfenverzeichnis f\u00fcr Deutschland\",\"publisher\":{\"@id\":\"https:\\\/\\\/www.strassenweb.de\\\/nachrichten\\\/#organization\"},\"potentialAction\":[{\"@type\":\"SearchAction\",\"target\":{\"@type\":\"EntryPoint\",\"urlTemplate\":\"https:\\\/\\\/www.strassenweb.de\\\/nachrichten\\\/?s={search_term_string}\"},\"query-input\":{\"@type\":\"PropertyValueSpecification\",\"valueRequired\":true,\"valueName\":\"search_term_string\"}}],\"inLanguage\":\"de\"},{\"@type\":\"Organization\",\"@id\":\"https:\\\/\\\/www.strassenweb.de\\\/nachrichten\\\/#organization\",\"name\":\"Stra\u00dfenweb\",\"url\":\"https:\\\/\\\/www.strassenweb.de\\\/nachrichten\\\/\",\"logo\":{\"@type\":\"ImageObject\",\"inLanguage\":\"de\",\"@id\":\"https:\\\/\\\/www.strassenweb.de\\\/nachrichten\\\/#\\\/schema\\\/logo\\\/image\\\/\",\"url\":\"https:\\\/\\\/www.strassenweb.de\\\/nachrichten\\\/wp-content\\\/uploads\\\/2024\\\/09\\\/cropped-favicon.png\",\"contentUrl\":\"https:\\\/\\\/www.strassenweb.de\\\/nachrichten\\\/wp-content\\\/uploads\\\/2024\\\/09\\\/cropped-favicon.png\",\"width\":512,\"height\":512,\"caption\":\"Stra\u00dfenweb\"},\"image\":{\"@id\":\"https:\\\/\\\/www.strassenweb.de\\\/nachrichten\\\/#\\\/schema\\\/logo\\\/image\\\/\"},\"sameAs\":[\"https:\\\/\\\/www.facebook.com\\\/strassenweb\\\/\"]},{\"@type\":\"Person\",\"@id\":\"https:\\\/\\\/www.strassenweb.de\\\/nachrichten\\\/#\\\/schema\\\/person\\\/87c9c9067f1211da429a744dc5a5aa41\",\"name\":\"Robert Hoffmann\",\"image\":{\"@type\":\"ImageObject\",\"inLanguage\":\"de\",\"@id\":\"https:\\\/\\\/www.strassenweb.de\\\/nachrichten\\\/wp-content\\\/uploads\\\/2024\\\/09\\\/strassenweb-150x150.jpg\",\"url\":\"https:\\\/\\\/www.strassenweb.de\\\/nachrichten\\\/wp-content\\\/uploads\\\/2024\\\/09\\\/strassenweb-150x150.jpg\",\"contentUrl\":\"https:\\\/\\\/www.strassenweb.de\\\/nachrichten\\\/wp-content\\\/uploads\\\/2024\\\/09\\\/strassenweb-150x150.jpg\",\"caption\":\"Robert Hoffmann\"},\"description\":\"Ich hei\u00dfe Robert Hoffmann und ich bin ein leidenschaftlicher Verfechter von \u00d6kologie und Biodiversit\u00e4t. Seit meiner Kindheit in den W\u00e4ldern Bayerns f\u00fchle ich mich mit der Natur verbunden und bin entschlossen, sie zu sch\u00fctzen. Heute widme ich mein Leben der Sensibilisierung anderer f\u00fcr die Bedeutung des Umweltschutzes f\u00fcr zuk\u00fcnftige Generationen.\",\"sameAs\":[\"https:\\\/\\\/www.strassenweb.de\\\/\"]}]}<\/script>\n<!-- \/ Yoast SEO plugin. -->","yoast_head_json":{"title":"Janelle Mon\u00e1es auff\u00e4llige und doch schlichte Wohnzimmeraufbewahrung stellt ihre Leidenschaft f\u00fcr Musik mit einem stilvollen Mittelpunkt zur Schau - Nachrichten - Stra\u00dfenweb","robots":{"index":"index","follow":"follow","max-snippet":"max-snippet:-1","max-image-preview":"max-image-preview:large","max-video-preview":"max-video-preview:-1"},"canonical":"https:\/\/www.strassenweb.de\/nachrichten\/janelle-monaes-auffaellige-und-doch-schlichte-wohnzimmeraufbewahrung-stellt-ihre-leidenschaft-fuer-musik-mit-einem-stilvollen-mittelpunkt-zur-schau\/","og_locale":"de_DE","og_type":"article","og_title":"Janelle Mon\u00e1es auff\u00e4llige und doch schlichte Wohnzimmeraufbewahrung stellt ihre Leidenschaft f\u00fcr Musik mit einem stilvollen Mittelpunkt zur Schau - Nachrichten - Stra\u00dfenweb","og_description":"Die besten Innenr\u00e4ume f\u00fchlen sich der Person, die dort lebt, treu an. Eine der einfachsten M\u00f6glichkeiten, Ihr Zuhause zu personalisieren, besteht darin, Regale zu verwenden,","og_url":"https:\/\/www.strassenweb.de\/nachrichten\/janelle-monaes-auffaellige-und-doch-schlichte-wohnzimmeraufbewahrung-stellt-ihre-leidenschaft-fuer-musik-mit-einem-stilvollen-mittelpunkt-zur-schau\/","og_site_name":"Stra\u00dfenweb","article_publisher":"https:\/\/www.facebook.com\/strassenweb\/","article_published_time":"2024-11-10T14:11:21+00:00","article_modified_time":"2024-11-10T14:11:22+00:00","og_image":[{"width":1200,"height":675,"url":"https:\/\/www.strassenweb.de\/nachrichten\/wp-content\/uploads\/2024\/11\/Janelle-Monaes-auffaellige-und-doch-schlichte-Wohnzimmeraufbewahrung-stellt-ihre-Leidenschaft.jpg","type":"image\/jpeg"}],"author":"Robert Hoffmann","twitter_card":"summary_large_image","twitter_misc":{"Verfasst von":"Robert Hoffmann","Gesch\u00e4tzte Lesezeit":"3\u00a0Minuten"},"schema":{"@context":"https:\/\/schema.org","@graph":[{"@type":"Article","@id":"https:\/\/www.strassenweb.de\/nachrichten\/janelle-monaes-auffaellige-und-doch-schlichte-wohnzimmeraufbewahrung-stellt-ihre-leidenschaft-fuer-musik-mit-einem-stilvollen-mittelpunkt-zur-schau\/#article","isPartOf":{"@id":"https:\/\/www.strassenweb.de\/nachrichten\/janelle-monaes-auffaellige-und-doch-schlichte-wohnzimmeraufbewahrung-stellt-ihre-leidenschaft-fuer-musik-mit-einem-stilvollen-mittelpunkt-zur-schau\/"},"author":{"name":"Robert Hoffmann","@id":"https:\/\/www.strassenweb.de\/nachrichten\/#\/schema\/person\/87c9c9067f1211da429a744dc5a5aa41"},"headline":"Janelle Mon\u00e1es auff\u00e4llige und doch schlichte Wohnzimmeraufbewahrung stellt ihre Leidenschaft f\u00fcr Musik mit einem stilvollen Mittelpunkt zur Schau","datePublished":"2024-11-10T14:11:21+00:00","dateModified":"2024-11-10T14:11:22+00:00","mainEntityOfPage":{"@id":"https:\/\/www.strassenweb.de\/nachrichten\/janelle-monaes-auffaellige-und-doch-schlichte-wohnzimmeraufbewahrung-stellt-ihre-leidenschaft-fuer-musik-mit-einem-stilvollen-mittelpunkt-zur-schau\/"},"wordCount":697,"publisher":{"@id":"https:\/\/www.strassenweb.de\/nachrichten\/#organization"},"image":{"@id":"https:\/\/www.strassenweb.de\/nachrichten\/janelle-monaes-auffaellige-und-doch-schlichte-wohnzimmeraufbewahrung-stellt-ihre-leidenschaft-fuer-musik-mit-einem-stilvollen-mittelpunkt-zur-schau\/#primaryimage"},"thumbnailUrl":"https:\/\/www.strassenweb.de\/nachrichten\/wp-content\/uploads\/2024\/11\/Janelle-Monaes-auffaellige-und-doch-schlichte-Wohnzimmeraufbewahrung-stellt-ihre-Leidenschaft.jpg","keywords":["auff\u00e4llige","doch","einem","f\u00fcr","ihre","Janelle","Leidenschaft","mit","Mittelpunkt","Mon\u00e1es","Musik","Schau","schlichte","stellt","stilvollen","und","Wohnzimmeraufbewahrung","zur"],"articleSection":["Haus &amp; Garten"],"inLanguage":"de"},{"@type":"WebPage","@id":"https:\/\/www.strassenweb.de\/nachrichten\/janelle-monaes-auffaellige-und-doch-schlichte-wohnzimmeraufbewahrung-stellt-ihre-leidenschaft-fuer-musik-mit-einem-stilvollen-mittelpunkt-zur-schau\/","url":"https:\/\/www.strassenweb.de\/nachrichten\/janelle-monaes-auffaellige-und-doch-schlichte-wohnzimmeraufbewahrung-stellt-ihre-leidenschaft-fuer-musik-mit-einem-stilvollen-mittelpunkt-zur-schau\/","name":"Janelle Mon\u00e1es auff\u00e4llige und doch schlichte Wohnzimmeraufbewahrung stellt ihre Leidenschaft f\u00fcr Musik mit einem stilvollen Mittelpunkt zur Schau - Nachrichten - Stra\u00dfenweb","isPartOf":{"@id":"https:\/\/www.strassenweb.de\/nachrichten\/#website"},"primaryImageOfPage":{"@id":"https:\/\/www.strassenweb.de\/nachrichten\/janelle-monaes-auffaellige-und-doch-schlichte-wohnzimmeraufbewahrung-stellt-ihre-leidenschaft-fuer-musik-mit-einem-stilvollen-mittelpunkt-zur-schau\/#primaryimage"},"image":{"@id":"https:\/\/www.strassenweb.de\/nachrichten\/janelle-monaes-auffaellige-und-doch-schlichte-wohnzimmeraufbewahrung-stellt-ihre-leidenschaft-fuer-musik-mit-einem-stilvollen-mittelpunkt-zur-schau\/#primaryimage"},"thumbnailUrl":"https:\/\/www.strassenweb.de\/nachrichten\/wp-content\/uploads\/2024\/11\/Janelle-Monaes-auffaellige-und-doch-schlichte-Wohnzimmeraufbewahrung-stellt-ihre-Leidenschaft.jpg","datePublished":"2024-11-10T14:11:21+00:00","dateModified":"2024-11-10T14:11:22+00:00","breadcrumb":{"@id":"https:\/\/www.strassenweb.de\/nachrichten\/janelle-monaes-auffaellige-und-doch-schlichte-wohnzimmeraufbewahrung-stellt-ihre-leidenschaft-fuer-musik-mit-einem-stilvollen-mittelpunkt-zur-schau\/#breadcrumb"},"inLanguage":"de","potentialAction":[{"@type":"ReadAction","target":["https:\/\/www.strassenweb.de\/nachrichten\/janelle-monaes-auffaellige-und-doch-schlichte-wohnzimmeraufbewahrung-stellt-ihre-leidenschaft-fuer-musik-mit-einem-stilvollen-mittelpunkt-zur-schau\/"]}]},{"@type":"ImageObject","inLanguage":"de","@id":"https:\/\/www.strassenweb.de\/nachrichten\/janelle-monaes-auffaellige-und-doch-schlichte-wohnzimmeraufbewahrung-stellt-ihre-leidenschaft-fuer-musik-mit-einem-stilvollen-mittelpunkt-zur-schau\/#primaryimage","url":"https:\/\/www.strassenweb.de\/nachrichten\/wp-content\/uploads\/2024\/11\/Janelle-Monaes-auffaellige-und-doch-schlichte-Wohnzimmeraufbewahrung-stellt-ihre-Leidenschaft.jpg","contentUrl":"https:\/\/www.strassenweb.de\/nachrichten\/wp-content\/uploads\/2024\/11\/Janelle-Monaes-auffaellige-und-doch-schlichte-Wohnzimmeraufbewahrung-stellt-ihre-Leidenschaft.jpg","width":1200,"height":675,"caption":"Janelle Mon\u00e1es auff\u00e4llige und doch schlichte Wohnzimmeraufbewahrung stellt ihre Leidenschaft f\u00fcr Musik mit einem stilvollen Mittelpunkt zur Schau"},{"@type":"BreadcrumbList","@id":"https:\/\/www.strassenweb.de\/nachrichten\/janelle-monaes-auffaellige-und-doch-schlichte-wohnzimmeraufbewahrung-stellt-ihre-leidenschaft-fuer-musik-mit-einem-stilvollen-mittelpunkt-zur-schau\/#breadcrumb","itemListElement":[{"@type":"ListItem","position":1,"name":"Home","item":"https:\/\/www.strassenweb.de\/nachrichten\/"},{"@type":"ListItem","position":2,"name":"Janelle Mon\u00e1es auff\u00e4llige und doch schlichte Wohnzimmeraufbewahrung stellt ihre Leidenschaft f\u00fcr Musik mit einem stilvollen Mittelpunkt zur Schau"}]},{"@type":"WebSite","@id":"https:\/\/www.strassenweb.de\/nachrichten\/#website","url":"https:\/\/www.strassenweb.de\/nachrichten\/","name":"Stra\u00dfenweb","description":"Stra\u00dfenverzeichnis f\u00fcr Deutschland","publisher":{"@id":"https:\/\/www.strassenweb.de\/nachrichten\/#organization"},"potentialAction":[{"@type":"SearchAction","target":{"@type":"EntryPoint","urlTemplate":"https:\/\/www.strassenweb.de\/nachrichten\/?s={search_term_string}"},"query-input":{"@type":"PropertyValueSpecification","valueRequired":true,"valueName":"search_term_string"}}],"inLanguage":"de"},{"@type":"Organization","@id":"https:\/\/www.strassenweb.de\/nachrichten\/#organization","name":"Stra\u00dfenweb","url":"https:\/\/www.strassenweb.de\/nachrichten\/","logo":{"@type":"ImageObject","inLanguage":"de","@id":"https:\/\/www.strassenweb.de\/nachrichten\/#\/schema\/logo\/image\/","url":"https:\/\/www.strassenweb.de\/nachrichten\/wp-content\/uploads\/2024\/09\/cropped-favicon.png","contentUrl":"https:\/\/www.strassenweb.de\/nachrichten\/wp-content\/uploads\/2024\/09\/cropped-favicon.png","width":512,"height":512,"caption":"Stra\u00dfenweb"},"image":{"@id":"https:\/\/www.strassenweb.de\/nachrichten\/#\/schema\/logo\/image\/"},"sameAs":["https:\/\/www.facebook.com\/strassenweb\/"]},{"@type":"Person","@id":"https:\/\/www.strassenweb.de\/nachrichten\/#\/schema\/person\/87c9c9067f1211da429a744dc5a5aa41","name":"Robert Hoffmann","image":{"@type":"ImageObject","inLanguage":"de","@id":"https:\/\/www.strassenweb.de\/nachrichten\/wp-content\/uploads\/2024\/09\/strassenweb-150x150.jpg","url":"https:\/\/www.strassenweb.de\/nachrichten\/wp-content\/uploads\/2024\/09\/strassenweb-150x150.jpg","contentUrl":"https:\/\/www.strassenweb.de\/nachrichten\/wp-content\/uploads\/2024\/09\/strassenweb-150x150.jpg","caption":"Robert Hoffmann"},"description":"Ich hei\u00dfe Robert Hoffmann und ich bin ein leidenschaftlicher Verfechter von \u00d6kologie und Biodiversit\u00e4t. Seit meiner Kindheit in den W\u00e4ldern Bayerns f\u00fchle ich mich mit der Natur verbunden und bin entschlossen, sie zu sch\u00fctzen. Heute widme ich mein Leben der Sensibilisierung anderer f\u00fcr die Bedeutung des Umweltschutzes f\u00fcr zuk\u00fcnftige Generationen.","sameAs":["https:\/\/www.strassenweb.de\/"]}]}},"_links":{"self":[{"href":"https:\/\/www.strassenweb.de\/nachrichten\/wp-json\/wp\/v2\/posts\/1478","targetHints":{"allow":["GET"]}}],"collection":[{"href":"https:\/\/www.strassenweb.de\/nachrichten\/wp-json\/wp\/v2\/posts"}],"about":[{"href":"https:\/\/www.strassenweb.de\/nachrichten\/wp-json\/wp\/v2\/types\/post"}],"author":[{"embeddable":true,"href":"https:\/\/www.strassenweb.de\/nachrichten\/wp-json\/wp\/v2\/users\/1"}],"replies":[{"embeddable":true,"href":"https:\/\/www.strassenweb.de\/nachrichten\/wp-json\/wp\/v2\/comments?post=1478"}],"version-history":[{"count":0,"href":"https:\/\/www.strassenweb.de\/nachrichten\/wp-json\/wp\/v2\/posts\/1478\/revisions"}],"wp:featuredmedia":[{"embeddable":true,"href":"https:\/\/www.strassenweb.de\/nachrichten\/wp-json\/wp\/v2\/media\/1479"}],"wp:attachment":[{"href":"https:\/\/www.strassenweb.de\/nachrichten\/wp-json\/wp\/v2\/media?parent=1478"}],"wp:term":[{"taxonomy":"category","embeddable":true,"href":"https:\/\/www.strassenweb.de\/nachrichten\/wp-json\/wp\/v2\/categories?post=1478"},{"taxonomy":"post_tag","embeddable":true,"href":"https:\/\/www.strassenweb.de\/nachrichten\/wp-json\/wp\/v2\/tags?post=1478"}],"curies":[{"name":"wp","href":"https:\/\/api.w.org\/{rel}","templated":true}]}}