{"id":1469,"date":"2024-11-10T02:43:03","date_gmt":"2024-11-10T01:43:03","guid":{"rendered":"https:\/\/www.strassenweb.de\/nachrichten\/7-anti-trend-farben-die-designer-im-jahr-2025-und-darueber-hinaus-verwenden-werden\/"},"modified":"2024-11-10T02:43:04","modified_gmt":"2024-11-10T01:43:04","slug":"7-anti-trend-farben-die-designer-im-jahr-2025-und-darueber-hinaus-verwenden-werden","status":"publish","type":"post","link":"https:\/\/www.strassenweb.de\/nachrichten\/7-anti-trend-farben-die-designer-im-jahr-2025-und-darueber-hinaus-verwenden-werden\/","title":{"rendered":"7 Anti-Trend-Farben, die Designer im Jahr 2025 (und dar\u00fcber hinaus) verwenden werden"},"content":{"rendered":"<p><\/p>\n<div id=\"article-body\" class=\"article__body \">\n<p>Anti-Trendfarben haben sich bew\u00e4hrt, weil sie vor allem lebenswerte, praktische und vielseitige Farben sind.<\/p>\n<div id=\"ad-unit-1\" class=\"ad-unit\"><\/div>\n<p>\u00c4hnlich wie ein kleines Schwarzes kann ein in einer Anti-Trend-Farbe gestrichener Raum jeder Jahreszeit und jedem Einrichtungswechsel standhalten und je nach Geschmack und Stil elegant oder l\u00e4ssig gekleidet werden.<\/p>\n<aside class=\"hawk-nest\" data-block-type=\"embed\" data-render-type=\"fte\" data-skip=\"dealsy\" data-widget-type=\"seasonal\">\n<div class=\"hawk-master-widget-hawk-base-wrapper\"><\/div>\n<\/aside>\n<p>W\u00e4hrend Farbtrends gro\u00dfartig sind und uns neue Perspektiven, mutige Designentscheidungen und eine ernsthafte Umgestaltung Ihres Raums bieten, gibt es einen Grund, warum so viele scheinbar mit einer bew\u00e4hrten Farbpalette \u201eauf Nummer sicher gehen\u201c. Und es kommt nicht von mangelnder Vorstellungskraft.<\/p>\n<div id=\"desktop-in-article\" class=\"in-article ad-unit\">\n<div id=\"desktop-taboola-mid-article\"><\/div>\n<\/div>\n<div id=\"mobile-in-article\" class=\"in-article ad-unit\">\n<div id=\"mobile-taboola-mid-article\"><\/div>\n<\/div>\n<p>Emily Kantz, Farbmarketingmanagerin bei Sherwin Williams, erinnert uns daran: \u201eAnti-Trend-Farben haben sich bew\u00e4hrt, sie haben sich bew\u00e4hrt und gelten als gute Grundlagen im Design.\u201c<\/p>\n<div class=\"van_vid_carousel\">\n<div class=\"van_vid_carousel__padding\">\n<div class=\"van_vid_carousel__container\"><\/div>\n<\/div>\n<\/div>\n<p>Vor diesem Hintergrund haben wir eine Gruppe von Innenarchitekten und Farbexperten gefragt, warum sie bei jedem Projekt immer wieder auf diese sieben wichtigen Anti-Trend-Farben zur\u00fcckgreifen, und geben uns ihre Experteneinsch\u00e4tzung, warum diese Farben dauerhafte Favoriten sind.<\/p>\n<div id=\"ad-unit-2\" class=\"ad-unit\"><\/div>\n<h3 class=\"article-body__section\" id=\"section-1-sage-green\"><span>1. Salbeigr\u00fcn<\/span><\/h3>\n<figure class=\"van-image-figure inline-layout \" data-bordeaux-image-check>\n<div class=\"image-full-width-wrapper\">\n<div class=\"image-widthsetter\" style=\"max-width:2000px;\"><\/div>\n<\/div>\n<\/figure>\n<p>Wenn Sie sich zu Salbeigr\u00fcn hingezogen f\u00fchlen, sind Sie in guter Gesellschaft. Dieser sanfte, ged\u00e4mpfte Farbton ist nicht ohne Grund zu einem Design-Grundnahrungsmittel geworden.<\/p>\n<p>Salbeigr\u00fcn wird seit Jahrhunderten im Design verwendet, von traditionellen englischen Cottages bis hin zu Herrenh\u00e4usern. Aufgrund seiner F\u00e4higkeit, schlanke Linien und harte Kanten abzumildern, ist es auch in modernen und minimalistischen Innenr\u00e4umen beliebt.<\/p>\n<p>Es ist eine leicht zu handhabende, sanfte Farbe, die Saison f\u00fcr Saison und Jahr f\u00fcr Jahr funktioniert, und Salbeigr\u00fcn sorgt f\u00fcr einen Hauch von Farbe, ohne den Raum zu \u00fcberfordern. Dadurch l\u00e4sst es sich leicht mit anderen Farbt\u00f6nen, Mustern und Materialien kombinieren. Das ist eine der Schl\u00fcsselkomponenten, wenn wir an zeitlose Farben f\u00fcr die Innenarchitektur denken.<\/p>\n<p>Sein zur\u00fcckhaltender Charme stellt auch eine Verbindung zur Natur her, und wie Innenarchitektin Nina Lichenstein uns erinnert, <em>&#8218;<\/em>Sage ist weiterhin f\u00fchrend bei der Schaffung ruhiger, von der Natur inspirierter Innenr\u00e4ume. \u201eDieses ged\u00e4mpfte Gr\u00fcn hat sich \u00fcber den Trendstatus hinaus zu einem Design-Klassiker entwickelt, der f\u00fcr seine beruhigende, organische Qualit\u00e4t beliebt ist.\u201c<\/p>\n<h3 class=\"article-body__section\" id=\"section-2-plaster-pink\"><span>2. Gips rosa<\/span><\/h3>\n<figure class=\"van-image-figure inline-layout \" data-bordeaux-image-check>\n<div class=\"image-full-width-wrapper\">\n<div class=\"image-widthsetter\" style=\"max-width:2000px;\"><\/div>\n<\/div>\n<\/figure>\n<p>Dieser weiche, nuancierte Farbton wird oft als \u201eGipsrosa\u201c bezeichnet und schafft eine perfekte Balance zwischen Rosa und Beige. Kein Wunder, dass diese Farbe ein fester Bestandteil der Innenarchitektur ist und m\u00fchelos alles erg\u00e4nzt, von Bauernk\u00fcchen bis hin zu den klaren Linien eines modernen, minimalistischen Raums.<\/p>\n<p>Sanft genug, um eine beruhigende Atmosph\u00e4re zu schaffen, aber dennoch markant genug, um Pers\u00f6nlichkeit zu verleihen, passt Gipsrosa wunderbar in jeden Raum. Dekorieren mit Rosa wird seit langem mit Weiblichkeit in Verbindung gebracht, aber dieser dezente Farbton verliert diesen Ruf und macht diese vielseitige Farbe zu einem Hauptbestandteil der Innenarchitektur. Sein ged\u00e4mpfter, staubiger Farbton passt nahtlos zu nat\u00fcrlichen Texturen, Holzt\u00f6nen und verschiedenen Farbschemata.<\/p>\n<p>Das Geheimnis eines guten Rosas liegt in seiner Grundtonalit\u00e4t, die ihm W\u00e4rme und Zartheit verleiht, aber verhindert, dass es zu einem duftenden Rosa wird. Wie die Innenarchitektin Laetitia Laurent, Gr\u00fcnderin von Laure Nell Interiors, sagt: \u201eGipsrosa ist ged\u00e4mpft und dennoch unverwechselbar.\u201c Es ist nicht das typische \u201eRosa\u201c, an das wir denken \u2013 es hat eine Weichheit und Erdigkeit, die W\u00e4rme bringt, ohne \u00fcberm\u00e4\u00dfig feminin zu wirken.\u201c<\/p>\n<h3 class=\"article-body__section\" id=\"section-3-cream\"><span>3. Sahne<\/span><\/h3>\n<figure class=\"van-image-figure inline-layout \" data-bordeaux-image-check>\n<div class=\"image-full-width-wrapper\">\n<div class=\"image-widthsetter\" style=\"max-width:2000px;\"><\/div>\n<\/div>\n<\/figure>\n<p>Wenn Ihnen helles Wei\u00df zu hart vorkommt, freuen Sie sich \u00fcber die sanfte W\u00e4rme von Creme. Cremet\u00f6ne eignen sich perfekt f\u00fcr R\u00e4ume, die W\u00e4rme ben\u00f6tigen, ohne andere Dekore zu \u00fcbert\u00f6nen. Es geh\u00f6rt zur \u201ewei\u00dfen Familie\u201c, ist aber weicher als k\u00fchlere, strahlende Wei\u00dft\u00f6ne.<\/p>\n<p>Cremefarbe ist nie wirklich aus der Mode gekommen und wie Patrick O&#8217;Donnell, Markenbotschafter bei Farrow and Ball, sagt: \u201eWir scheinen alle vorgefasst zu haben, dass Creme ein \u00dcberbleibsel der 80er und 90er Jahre ist.\u201c Aber denken Sie daran, wenn es als Holzfarbe verwendet wird, erzeugt es Weichheit gegen\u00fcber herk\u00f6mmlichen Wei\u00dft\u00f6nen und kann als Wandfarbe sanfte W\u00e4rme liefern.\u201c<\/p>\n<p>Es ist ein Grundbestandteil der Innenarchitektur und bei der Gestaltung dieses Raumes w\u00e4hlte Kristina Khersonsky, Gr\u00fcnderin von Studio Keeta, einen zur\u00fcckhaltenden milchigen Farbton und erkl\u00e4rte: \u201eDie in diesem Schema verwendete Farbe ist Benjamin Moores \u201aPutnam Ivory\u2018.\u201c Es hat einen pfirsichfarbenen Unterton zum nat\u00fcrlichen blassen Beigeton. \u201eWir haben einen Schichteffekt geschaffen: Das obere Drittel des Raumes war heller, um den Raum aufzuwerten, w\u00e4hrend die unteren zwei Drittel mit Putnam-Elfenbein ausgestattet waren, was f\u00fcr subtile Tiefe sorgte.\u201c<\/p>\n<p>Die Auswahl der idealen Creme h\u00e4ngt vom nat\u00fcrlichen Licht, den architektonischen Details und der Gesamt\u00e4sthetik des Raumes ab. In einem Raum im skandinavischen Stil passen w\u00e4rmere Cremet\u00f6ne zu hellem Holz, w\u00e4hrend k\u00fchlere Cremet\u00f6ne f\u00fcr Ausgewogenheit in der modernen Einrichtung sorgen.<\/p>\n<h3 class=\"article-body__section\" id=\"section-4-black\"><span>4. Schwarz<\/span><\/h3>\n<figure class=\"van-image-figure inline-layout \" data-bordeaux-image-check>\n<div class=\"image-full-width-wrapper\">\n<div class=\"image-widthsetter\" style=\"max-width:2000px;\"><\/div>\n<\/div>\n<\/figure>\n<p>Wenn wir an ein Grundelement unserer Garderobe denken, kommt uns das kleine Schwarze in den Sinn. Es passt zu allem, ist unbestreitbar elegant und \u00fcberdauert die Zeit<em>. <\/em><\/p>\n<p>Das Gleiche gilt f\u00fcr die Dekoration mit Schwarz.<em> <\/em>Wie die Innenarchitektin Laetitia Laurent, Gr\u00fcnderin von Laure Nell Interiors, es ausdr\u00fcckt: \u201eSchwarz ist elegant und erdend.\u201c Es kann dramatisch sein, vermittelt aber auch ein Gef\u00fchl von Zur\u00fcckhaltung und Raffinesse. Strategisch eingesetzt sorgt es f\u00fcr Kontrast und Klarheit in der Raumkomposition, sodass andere Elemente gezielter und definierter wirken.\u201c<\/p>\n<p>\u00c4hnlich wie sein Gegenteil, Wei\u00df, dient Schwarz als ultimativer Hintergrund f\u00fcr die Pr\u00e4sentation anderer Farben, Materialien und Texturen in einem Raum. Vor schwarzen W\u00e4nden heben sich metallische Oberfl\u00e4chen, Naturholz und sogar farbenfrohe Kunstwerke wunderbar hervor, ohne um Aufmerksamkeit zu konkurrieren oder etwas ausw\u00e4hlen zu m\u00fcssen, das zur Farbe \u201epasst\u201c. Diese Vielseitigkeit macht Schwarz zu einem Favoriten in der Innenarchitektur.<\/p>\n<p>Schwarz hat auch tiefe Wurzeln in traditionellen Innenr\u00e4umen. Denken Sie an schwarz lackierte T\u00fcren, schmiedeeiserne Armaturen und klassische Holzvert\u00e4felungen. W\u00e4hrend Wei\u00df R\u00e4ume aufhellt und \u00f6ffnet, hat Schwarz die einzigartige F\u00e4higkeit, Umgebungslicht zu absorbieren, Schwarz bewirkt das Gegenteil und schafft eine warme, gem\u00fctliche Atmosph\u00e4re. Es ist der ideale dezente Neutralton f\u00fcr R\u00e4ume, in denen Sie ein Gef\u00fchl von Intimit\u00e4t w\u00fcnschen.<\/p>\n<h3 class=\"article-body__section\" id=\"section-5-taupe\"><span>5. Taupe<\/span><\/h3>\n<figure class=\"van-image-figure inline-layout \" data-bordeaux-image-check>\n<div class=\"image-full-width-wrapper\">\n<div class=\"image-widthsetter\" style=\"max-width:2000px;\"><\/div>\n<\/div>\n<\/figure>\n<p>Wenn Sie auf der Suche nach einem weichen, eleganten Neutralton sind, k\u00f6nnte Taupe genau das Richtige f\u00fcr Sie sein. Taupe liegt zwischen Wei\u00df, Grau und Braun und bietet im Vergleich zu den warmen gelben Untert\u00f6nen von Creme eine k\u00fchlere, dezentere Atmosph\u00e4re.<\/p>\n<p>Im Zeitalter des \u201estillen Luxus\u201c verlangt Taupe keine Aufmerksamkeit und f\u00fcr die Innenarchitektin Laetitia Laurent ist dieser Farbton eine offensichtliche Wahl \u201eTaupe ist ein raffinierter, erdfarbener Neutralton, der nicht nach Aufmerksamkeit schreit, sondern eine Schicht von \u2026\u201c hinzuf\u00fcgt Tiefe in jeden Raum. Sein leicht warmer, graubrauner Farbton f\u00fchlt sich satt an und eignet sich wunderbar f\u00fcr R\u00e4ume, die eine nat\u00fcrliche, dezente Eleganz bevorzugen.\u201c<\/p>\n<p>Mit Untert\u00f6nen, die von warmem, staubigem Rosa bis hin zu k\u00fchlem Steingrau reichen, habe ich gesehen, dass einige Farbmarken \u00fcber zwanzig Taupe-T\u00f6ne anbieten, was Ihnen zeigt, wie viele M\u00f6glichkeiten es beim Dekorieren mit dieser Farbe gibt.<\/p>\n<p>Nach S\u00fcden und Westen ausgerichtete R\u00e4ume harmonieren mit ihrem warmen, goldenen Licht wunderbar mit tieferen Taupe-T\u00f6nen. Im Gegensatz dazu k\u00f6nnen k\u00fchlere R\u00e4ume, beispielsweise solche mit Nordausrichtung, von helleren Taupet\u00f6nen profitieren, um einen schattigen Graustich zu vermeiden.<\/p>\n<h3 class=\"article-body__section\" id=\"section-6-navy\"><span>6. Marine<\/span><\/h3>\n<figure class=\"van-image-figure inline-layout \" data-bordeaux-image-check>\n<div class=\"image-full-width-wrapper\">\n<div class=\"image-widthsetter\" style=\"max-width:2000px;\"><\/div>\n<\/div>\n<\/figure>\n<p>Wenn wir an klassische, zeitlose Farbt\u00f6ne denken, tendieren unsere Gedanken oft zu helleren Farben. Manche R\u00e4ume verlangen jedoch nach tieferen, dramatischeren Farbt\u00f6nen, und einige ausgew\u00e4hlte Farben sind zu Hauptbestandteilen der Innenarchitektur geworden.<\/p>\n<p>Die Marine beispielsweise blickt auf eine bemerkenswerte Geschichte zur\u00fcck und ist in Uniformen, im k\u00f6niglichen Umfeld und in herrschaftlichen H\u00e4usern zu sehen, was ihr ein unbestreitbares Gef\u00fchl von W\u00fcrde und zeitloser Anziehungskraft verleiht. Die Farbe ist dezent genug, um als vielseitige neutrale Alternative zu den g\u00e4ngigeren Grau- und Schwarzt\u00f6nen zu dienen.<\/p>\n<p>F\u00fcr einen Hauch von k\u00f6niglichem Luxus passt ein marineblauer Raum hervorragend mit Gold- oder Messingakzenten, oder f\u00fcr ein modernes skandinavisches Flair passt dieser vielseitige Farbton genauso gut zu hellen H\u00f6lzern und blassen Rosat\u00f6nen.<\/p>\n<p>Trotz seiner stimmungsvollen Anziehungskraft gl\u00e4nzt Marineblau wirklich, wenn es farblich durchtr\u00e4nkt wird. Und wenn Ihnen die Farb\u00fcberflutung zu intensiv vorkommt, versuchen Sie, architektonische Details hervorzuheben, indem Sie marineblaue W\u00e4nde mit klaren wei\u00dfen Verzierungen kontrastieren.<\/p>\n<p>Ruth Mottershead, Kreativdirektorin bei Little Greene, betont: \u201eDie Verwendung verschiedener Blaut\u00f6ne auf verschiedenen Elementen mit einem \u201eDouble Drenching\u201c-Ansatz weckt Designinteresse, lenkt den Blick auf architektonische Details und bleibt gleichzeitig beruhigend und harmonisch. Kombinieren Sie das kr\u00e4ftige \u201eRoyal Navy\u201c an den W\u00e4nden mit einem verwandten Blau wie dem tiefen Indigo \u201eDock Blue\u201c an der Decke.\u201c<\/p>\n<h3 class=\"article-body__section\" id=\"section-7-white\"><span>7. Wei\u00df<\/span><\/h3>\n<figure class=\"van-image-figure inline-layout \" data-bordeaux-image-check>\n<div class=\"image-full-width-wrapper\">\n<div class=\"image-widthsetter\" style=\"max-width:2000px;\"><\/div>\n<\/div>\n<\/figure>\n<p>Rein, schlicht und unbestreitbar zeitlos: Wei\u00df ist der Klassiker, der nie aus der Mode verschwindet. Es ist die ultimative leere Leinwand und bietet endlose Vielseitigkeit in jedem Raum.<\/p>\n<p>Egal, ob Sie sich f\u00fcr ein k\u00fchles, helles Wei\u00df oder einen w\u00e4rmeren, weicheren Farbton entscheiden, Wei\u00df bleibt der ideale Hintergrund, um Ihren Stil zur Geltung zu bringen, und passt zu jeder Farbe, jedem M\u00f6bel oder jeder Dekoration, die Sie darauf werfen.<\/p>\n<p>Oder wenn Ihr Stil Minimalismus ist, ist Wei\u00df die offensichtliche Wahl. Da es sauber, ruhig und schlicht ist, ist es die Farbe, mit der man am wenigsten anspruchsvoll arbeiten kann. Und nichts steht so sehr f\u00fcr Minimalismus wie Wei\u00df.<\/p>\n<p>Patrick O&#8217;Donnell sagt: \u201eDie Farbe (oder Nichtfarbe) Wei\u00df bietet uns Frieden und Ruhe in einem Raum.\u201c \u201eDie Farbe der Reinheit ist der Inbegriff einer sauberen und geordneten Umgebung und l\u00e4sst sich leicht mit vielen anderen Elementen wie Kunstwerken und sorgf\u00e4ltig ausgew\u00e4hlten M\u00f6belst\u00fccken in einem Raum kombinieren.\u201c<\/p>\n<p>Doch das Dekorieren mit Wei\u00df ist nicht so einfach, wie es scheint. Dieser absolute Favorit ist alles andere als schlicht, er ist in einem ganzen Spektrum an Farbt\u00f6nen erh\u00e4ltlich, von warmen Cremet\u00f6nen bis hin zu k\u00fchlen Wei\u00dft\u00f6nen. Bei den Hunderten verf\u00fcgbaren Farbt\u00f6nen haben Sie bei der Wahl des perfekten Farbtons die Qual der Wahl.<\/p>\n<\/div>\n","protected":false},"excerpt":{"rendered":"<p>Anti-Trendfarben haben sich bew\u00e4hrt, weil sie vor allem lebenswerte, praktische und vielseitige Farben sind. \u00c4hnlich wie ein kleines Schwarzes kann ein in einer Anti-Trend-Farbe gestrichener<\/p>\n","protected":false},"author":1,"featured_media":1470,"comment_status":"closed","ping_status":"","sticky":false,"template":"","format":"standard","meta":{"footnotes":""},"categories":[118],"tags":[2724,249,216,9,250,384,37,126,27],"class_list":["post-1469","post","type-post","status-publish","format-standard","has-post-thumbnail","hentry","category-haus-garten","tag-antitrendfarben","tag-darueber","tag-designer","tag-die","tag-hinaus","tag-jahr","tag-und","tag-verwenden","tag-werden","generate-columns","tablet-grid-50","mobile-grid-100","grid-parent","grid-50"],"yoast_head":"<!-- This site is optimized with the Yoast SEO plugin v27.3 - https:\/\/yoast.com\/product\/yoast-seo-wordpress\/ -->\n<title>7 Anti-Trend-Farben, die Designer im Jahr 2025 (und dar\u00fcber hinaus) verwenden werden - Nachrichten - Stra\u00dfenweb<\/title>\n<meta name=\"robots\" content=\"index, follow, max-snippet:-1, max-image-preview:large, max-video-preview:-1\" \/>\n<link rel=\"canonical\" href=\"https:\/\/www.strassenweb.de\/nachrichten\/7-anti-trend-farben-die-designer-im-jahr-2025-und-darueber-hinaus-verwenden-werden\/\" \/>\n<meta property=\"og:locale\" content=\"de_DE\" \/>\n<meta property=\"og:type\" content=\"article\" \/>\n<meta property=\"og:title\" content=\"7 Anti-Trend-Farben, die Designer im Jahr 2025 (und dar\u00fcber hinaus) verwenden werden - Nachrichten - Stra\u00dfenweb\" \/>\n<meta property=\"og:description\" content=\"Anti-Trendfarben haben sich bew\u00e4hrt, weil sie vor allem lebenswerte, praktische und vielseitige Farben sind. \u00c4hnlich wie ein kleines Schwarzes kann ein in einer Anti-Trend-Farbe gestrichener\" \/>\n<meta property=\"og:url\" content=\"https:\/\/www.strassenweb.de\/nachrichten\/7-anti-trend-farben-die-designer-im-jahr-2025-und-darueber-hinaus-verwenden-werden\/\" \/>\n<meta property=\"og:site_name\" content=\"Stra\u00dfenweb\" \/>\n<meta property=\"article:publisher\" content=\"https:\/\/www.facebook.com\/strassenweb\/\" \/>\n<meta property=\"article:published_time\" content=\"2024-11-10T01:43:03+00:00\" \/>\n<meta property=\"article:modified_time\" content=\"2024-11-10T01:43:04+00:00\" \/>\n<meta property=\"og:image\" content=\"https:\/\/www.strassenweb.de\/nachrichten\/wp-content\/uploads\/2024\/11\/7-Anti-Trend-Farben-die-Designer-im-Jahr-2025-und-darueber-hinaus.jpg\" \/>\n\t<meta property=\"og:image:width\" content=\"1200\" \/>\n\t<meta property=\"og:image:height\" content=\"675\" \/>\n\t<meta property=\"og:image:type\" content=\"image\/jpeg\" \/>\n<meta name=\"author\" content=\"Robert Hoffmann\" \/>\n<meta name=\"twitter:card\" content=\"summary_large_image\" \/>\n<meta name=\"twitter:label1\" content=\"Verfasst von\" \/>\n\t<meta name=\"twitter:data1\" content=\"Robert Hoffmann\" \/>\n\t<meta name=\"twitter:label2\" content=\"Gesch\u00e4tzte Lesezeit\" \/>\n\t<meta name=\"twitter:data2\" content=\"8\u00a0Minuten\" \/>\n<script type=\"application\/ld+json\" class=\"yoast-schema-graph\">{\"@context\":\"https:\\\/\\\/schema.org\",\"@graph\":[{\"@type\":\"Article\",\"@id\":\"https:\\\/\\\/www.strassenweb.de\\\/nachrichten\\\/7-anti-trend-farben-die-designer-im-jahr-2025-und-darueber-hinaus-verwenden-werden\\\/#article\",\"isPartOf\":{\"@id\":\"https:\\\/\\\/www.strassenweb.de\\\/nachrichten\\\/7-anti-trend-farben-die-designer-im-jahr-2025-und-darueber-hinaus-verwenden-werden\\\/\"},\"author\":{\"name\":\"Robert Hoffmann\",\"@id\":\"https:\\\/\\\/www.strassenweb.de\\\/nachrichten\\\/#\\\/schema\\\/person\\\/87c9c9067f1211da429a744dc5a5aa41\"},\"headline\":\"7 Anti-Trend-Farben, die Designer im Jahr 2025 (und dar\u00fcber hinaus) verwenden werden\",\"datePublished\":\"2024-11-10T01:43:03+00:00\",\"dateModified\":\"2024-11-10T01:43:04+00:00\",\"mainEntityOfPage\":{\"@id\":\"https:\\\/\\\/www.strassenweb.de\\\/nachrichten\\\/7-anti-trend-farben-die-designer-im-jahr-2025-und-darueber-hinaus-verwenden-werden\\\/\"},\"wordCount\":1672,\"publisher\":{\"@id\":\"https:\\\/\\\/www.strassenweb.de\\\/nachrichten\\\/#organization\"},\"image\":{\"@id\":\"https:\\\/\\\/www.strassenweb.de\\\/nachrichten\\\/7-anti-trend-farben-die-designer-im-jahr-2025-und-darueber-hinaus-verwenden-werden\\\/#primaryimage\"},\"thumbnailUrl\":\"https:\\\/\\\/www.strassenweb.de\\\/nachrichten\\\/wp-content\\\/uploads\\\/2024\\\/11\\\/7-Anti-Trend-Farben-die-Designer-im-Jahr-2025-und-darueber-hinaus.jpg\",\"keywords\":[\"AntiTrendFarben\",\"dar\u00fcber\",\"Designer\",\"die\",\"hinaus\",\"Jahr\",\"und\",\"verwenden\",\"werden\"],\"articleSection\":[\"Haus &amp; Garten\"],\"inLanguage\":\"de\"},{\"@type\":\"WebPage\",\"@id\":\"https:\\\/\\\/www.strassenweb.de\\\/nachrichten\\\/7-anti-trend-farben-die-designer-im-jahr-2025-und-darueber-hinaus-verwenden-werden\\\/\",\"url\":\"https:\\\/\\\/www.strassenweb.de\\\/nachrichten\\\/7-anti-trend-farben-die-designer-im-jahr-2025-und-darueber-hinaus-verwenden-werden\\\/\",\"name\":\"7 Anti-Trend-Farben, die Designer im Jahr 2025 (und dar\u00fcber hinaus) verwenden werden - Nachrichten - Stra\u00dfenweb\",\"isPartOf\":{\"@id\":\"https:\\\/\\\/www.strassenweb.de\\\/nachrichten\\\/#website\"},\"primaryImageOfPage\":{\"@id\":\"https:\\\/\\\/www.strassenweb.de\\\/nachrichten\\\/7-anti-trend-farben-die-designer-im-jahr-2025-und-darueber-hinaus-verwenden-werden\\\/#primaryimage\"},\"image\":{\"@id\":\"https:\\\/\\\/www.strassenweb.de\\\/nachrichten\\\/7-anti-trend-farben-die-designer-im-jahr-2025-und-darueber-hinaus-verwenden-werden\\\/#primaryimage\"},\"thumbnailUrl\":\"https:\\\/\\\/www.strassenweb.de\\\/nachrichten\\\/wp-content\\\/uploads\\\/2024\\\/11\\\/7-Anti-Trend-Farben-die-Designer-im-Jahr-2025-und-darueber-hinaus.jpg\",\"datePublished\":\"2024-11-10T01:43:03+00:00\",\"dateModified\":\"2024-11-10T01:43:04+00:00\",\"breadcrumb\":{\"@id\":\"https:\\\/\\\/www.strassenweb.de\\\/nachrichten\\\/7-anti-trend-farben-die-designer-im-jahr-2025-und-darueber-hinaus-verwenden-werden\\\/#breadcrumb\"},\"inLanguage\":\"de\",\"potentialAction\":[{\"@type\":\"ReadAction\",\"target\":[\"https:\\\/\\\/www.strassenweb.de\\\/nachrichten\\\/7-anti-trend-farben-die-designer-im-jahr-2025-und-darueber-hinaus-verwenden-werden\\\/\"]}]},{\"@type\":\"ImageObject\",\"inLanguage\":\"de\",\"@id\":\"https:\\\/\\\/www.strassenweb.de\\\/nachrichten\\\/7-anti-trend-farben-die-designer-im-jahr-2025-und-darueber-hinaus-verwenden-werden\\\/#primaryimage\",\"url\":\"https:\\\/\\\/www.strassenweb.de\\\/nachrichten\\\/wp-content\\\/uploads\\\/2024\\\/11\\\/7-Anti-Trend-Farben-die-Designer-im-Jahr-2025-und-darueber-hinaus.jpg\",\"contentUrl\":\"https:\\\/\\\/www.strassenweb.de\\\/nachrichten\\\/wp-content\\\/uploads\\\/2024\\\/11\\\/7-Anti-Trend-Farben-die-Designer-im-Jahr-2025-und-darueber-hinaus.jpg\",\"width\":1200,\"height\":675,\"caption\":\"7 Anti-Trend-Farben, die Designer im Jahr 2025 (und dar\u00fcber hinaus) verwenden werden\"},{\"@type\":\"BreadcrumbList\",\"@id\":\"https:\\\/\\\/www.strassenweb.de\\\/nachrichten\\\/7-anti-trend-farben-die-designer-im-jahr-2025-und-darueber-hinaus-verwenden-werden\\\/#breadcrumb\",\"itemListElement\":[{\"@type\":\"ListItem\",\"position\":1,\"name\":\"Home\",\"item\":\"https:\\\/\\\/www.strassenweb.de\\\/nachrichten\\\/\"},{\"@type\":\"ListItem\",\"position\":2,\"name\":\"7 Anti-Trend-Farben, die Designer im Jahr 2025 (und dar\u00fcber hinaus) verwenden werden\"}]},{\"@type\":\"WebSite\",\"@id\":\"https:\\\/\\\/www.strassenweb.de\\\/nachrichten\\\/#website\",\"url\":\"https:\\\/\\\/www.strassenweb.de\\\/nachrichten\\\/\",\"name\":\"Stra\u00dfenweb\",\"description\":\"Stra\u00dfenverzeichnis f\u00fcr Deutschland\",\"publisher\":{\"@id\":\"https:\\\/\\\/www.strassenweb.de\\\/nachrichten\\\/#organization\"},\"potentialAction\":[{\"@type\":\"SearchAction\",\"target\":{\"@type\":\"EntryPoint\",\"urlTemplate\":\"https:\\\/\\\/www.strassenweb.de\\\/nachrichten\\\/?s={search_term_string}\"},\"query-input\":{\"@type\":\"PropertyValueSpecification\",\"valueRequired\":true,\"valueName\":\"search_term_string\"}}],\"inLanguage\":\"de\"},{\"@type\":\"Organization\",\"@id\":\"https:\\\/\\\/www.strassenweb.de\\\/nachrichten\\\/#organization\",\"name\":\"Stra\u00dfenweb\",\"url\":\"https:\\\/\\\/www.strassenweb.de\\\/nachrichten\\\/\",\"logo\":{\"@type\":\"ImageObject\",\"inLanguage\":\"de\",\"@id\":\"https:\\\/\\\/www.strassenweb.de\\\/nachrichten\\\/#\\\/schema\\\/logo\\\/image\\\/\",\"url\":\"https:\\\/\\\/www.strassenweb.de\\\/nachrichten\\\/wp-content\\\/uploads\\\/2024\\\/09\\\/cropped-favicon.png\",\"contentUrl\":\"https:\\\/\\\/www.strassenweb.de\\\/nachrichten\\\/wp-content\\\/uploads\\\/2024\\\/09\\\/cropped-favicon.png\",\"width\":512,\"height\":512,\"caption\":\"Stra\u00dfenweb\"},\"image\":{\"@id\":\"https:\\\/\\\/www.strassenweb.de\\\/nachrichten\\\/#\\\/schema\\\/logo\\\/image\\\/\"},\"sameAs\":[\"https:\\\/\\\/www.facebook.com\\\/strassenweb\\\/\"]},{\"@type\":\"Person\",\"@id\":\"https:\\\/\\\/www.strassenweb.de\\\/nachrichten\\\/#\\\/schema\\\/person\\\/87c9c9067f1211da429a744dc5a5aa41\",\"name\":\"Robert Hoffmann\",\"image\":{\"@type\":\"ImageObject\",\"inLanguage\":\"de\",\"@id\":\"https:\\\/\\\/www.strassenweb.de\\\/nachrichten\\\/wp-content\\\/uploads\\\/2024\\\/09\\\/strassenweb-150x150.jpg\",\"url\":\"https:\\\/\\\/www.strassenweb.de\\\/nachrichten\\\/wp-content\\\/uploads\\\/2024\\\/09\\\/strassenweb-150x150.jpg\",\"contentUrl\":\"https:\\\/\\\/www.strassenweb.de\\\/nachrichten\\\/wp-content\\\/uploads\\\/2024\\\/09\\\/strassenweb-150x150.jpg\",\"caption\":\"Robert Hoffmann\"},\"description\":\"Ich hei\u00dfe Robert Hoffmann und ich bin ein leidenschaftlicher Verfechter von \u00d6kologie und Biodiversit\u00e4t. Seit meiner Kindheit in den W\u00e4ldern Bayerns f\u00fchle ich mich mit der Natur verbunden und bin entschlossen, sie zu sch\u00fctzen. Heute widme ich mein Leben der Sensibilisierung anderer f\u00fcr die Bedeutung des Umweltschutzes f\u00fcr zuk\u00fcnftige Generationen.\",\"sameAs\":[\"https:\\\/\\\/www.strassenweb.de\\\/\"]}]}<\/script>\n<!-- \/ Yoast SEO plugin. -->","yoast_head_json":{"title":"7 Anti-Trend-Farben, die Designer im Jahr 2025 (und dar\u00fcber hinaus) verwenden werden - Nachrichten - Stra\u00dfenweb","robots":{"index":"index","follow":"follow","max-snippet":"max-snippet:-1","max-image-preview":"max-image-preview:large","max-video-preview":"max-video-preview:-1"},"canonical":"https:\/\/www.strassenweb.de\/nachrichten\/7-anti-trend-farben-die-designer-im-jahr-2025-und-darueber-hinaus-verwenden-werden\/","og_locale":"de_DE","og_type":"article","og_title":"7 Anti-Trend-Farben, die Designer im Jahr 2025 (und dar\u00fcber hinaus) verwenden werden - Nachrichten - Stra\u00dfenweb","og_description":"Anti-Trendfarben haben sich bew\u00e4hrt, weil sie vor allem lebenswerte, praktische und vielseitige Farben sind. \u00c4hnlich wie ein kleines Schwarzes kann ein in einer Anti-Trend-Farbe gestrichener","og_url":"https:\/\/www.strassenweb.de\/nachrichten\/7-anti-trend-farben-die-designer-im-jahr-2025-und-darueber-hinaus-verwenden-werden\/","og_site_name":"Stra\u00dfenweb","article_publisher":"https:\/\/www.facebook.com\/strassenweb\/","article_published_time":"2024-11-10T01:43:03+00:00","article_modified_time":"2024-11-10T01:43:04+00:00","og_image":[{"width":1200,"height":675,"url":"https:\/\/www.strassenweb.de\/nachrichten\/wp-content\/uploads\/2024\/11\/7-Anti-Trend-Farben-die-Designer-im-Jahr-2025-und-darueber-hinaus.jpg","type":"image\/jpeg"}],"author":"Robert Hoffmann","twitter_card":"summary_large_image","twitter_misc":{"Verfasst von":"Robert Hoffmann","Gesch\u00e4tzte Lesezeit":"8\u00a0Minuten"},"schema":{"@context":"https:\/\/schema.org","@graph":[{"@type":"Article","@id":"https:\/\/www.strassenweb.de\/nachrichten\/7-anti-trend-farben-die-designer-im-jahr-2025-und-darueber-hinaus-verwenden-werden\/#article","isPartOf":{"@id":"https:\/\/www.strassenweb.de\/nachrichten\/7-anti-trend-farben-die-designer-im-jahr-2025-und-darueber-hinaus-verwenden-werden\/"},"author":{"name":"Robert Hoffmann","@id":"https:\/\/www.strassenweb.de\/nachrichten\/#\/schema\/person\/87c9c9067f1211da429a744dc5a5aa41"},"headline":"7 Anti-Trend-Farben, die Designer im Jahr 2025 (und dar\u00fcber hinaus) verwenden werden","datePublished":"2024-11-10T01:43:03+00:00","dateModified":"2024-11-10T01:43:04+00:00","mainEntityOfPage":{"@id":"https:\/\/www.strassenweb.de\/nachrichten\/7-anti-trend-farben-die-designer-im-jahr-2025-und-darueber-hinaus-verwenden-werden\/"},"wordCount":1672,"publisher":{"@id":"https:\/\/www.strassenweb.de\/nachrichten\/#organization"},"image":{"@id":"https:\/\/www.strassenweb.de\/nachrichten\/7-anti-trend-farben-die-designer-im-jahr-2025-und-darueber-hinaus-verwenden-werden\/#primaryimage"},"thumbnailUrl":"https:\/\/www.strassenweb.de\/nachrichten\/wp-content\/uploads\/2024\/11\/7-Anti-Trend-Farben-die-Designer-im-Jahr-2025-und-darueber-hinaus.jpg","keywords":["AntiTrendFarben","dar\u00fcber","Designer","die","hinaus","Jahr","und","verwenden","werden"],"articleSection":["Haus &amp; Garten"],"inLanguage":"de"},{"@type":"WebPage","@id":"https:\/\/www.strassenweb.de\/nachrichten\/7-anti-trend-farben-die-designer-im-jahr-2025-und-darueber-hinaus-verwenden-werden\/","url":"https:\/\/www.strassenweb.de\/nachrichten\/7-anti-trend-farben-die-designer-im-jahr-2025-und-darueber-hinaus-verwenden-werden\/","name":"7 Anti-Trend-Farben, die Designer im Jahr 2025 (und dar\u00fcber hinaus) verwenden werden - Nachrichten - Stra\u00dfenweb","isPartOf":{"@id":"https:\/\/www.strassenweb.de\/nachrichten\/#website"},"primaryImageOfPage":{"@id":"https:\/\/www.strassenweb.de\/nachrichten\/7-anti-trend-farben-die-designer-im-jahr-2025-und-darueber-hinaus-verwenden-werden\/#primaryimage"},"image":{"@id":"https:\/\/www.strassenweb.de\/nachrichten\/7-anti-trend-farben-die-designer-im-jahr-2025-und-darueber-hinaus-verwenden-werden\/#primaryimage"},"thumbnailUrl":"https:\/\/www.strassenweb.de\/nachrichten\/wp-content\/uploads\/2024\/11\/7-Anti-Trend-Farben-die-Designer-im-Jahr-2025-und-darueber-hinaus.jpg","datePublished":"2024-11-10T01:43:03+00:00","dateModified":"2024-11-10T01:43:04+00:00","breadcrumb":{"@id":"https:\/\/www.strassenweb.de\/nachrichten\/7-anti-trend-farben-die-designer-im-jahr-2025-und-darueber-hinaus-verwenden-werden\/#breadcrumb"},"inLanguage":"de","potentialAction":[{"@type":"ReadAction","target":["https:\/\/www.strassenweb.de\/nachrichten\/7-anti-trend-farben-die-designer-im-jahr-2025-und-darueber-hinaus-verwenden-werden\/"]}]},{"@type":"ImageObject","inLanguage":"de","@id":"https:\/\/www.strassenweb.de\/nachrichten\/7-anti-trend-farben-die-designer-im-jahr-2025-und-darueber-hinaus-verwenden-werden\/#primaryimage","url":"https:\/\/www.strassenweb.de\/nachrichten\/wp-content\/uploads\/2024\/11\/7-Anti-Trend-Farben-die-Designer-im-Jahr-2025-und-darueber-hinaus.jpg","contentUrl":"https:\/\/www.strassenweb.de\/nachrichten\/wp-content\/uploads\/2024\/11\/7-Anti-Trend-Farben-die-Designer-im-Jahr-2025-und-darueber-hinaus.jpg","width":1200,"height":675,"caption":"7 Anti-Trend-Farben, die Designer im Jahr 2025 (und dar\u00fcber hinaus) verwenden werden"},{"@type":"BreadcrumbList","@id":"https:\/\/www.strassenweb.de\/nachrichten\/7-anti-trend-farben-die-designer-im-jahr-2025-und-darueber-hinaus-verwenden-werden\/#breadcrumb","itemListElement":[{"@type":"ListItem","position":1,"name":"Home","item":"https:\/\/www.strassenweb.de\/nachrichten\/"},{"@type":"ListItem","position":2,"name":"7 Anti-Trend-Farben, die Designer im Jahr 2025 (und dar\u00fcber hinaus) verwenden werden"}]},{"@type":"WebSite","@id":"https:\/\/www.strassenweb.de\/nachrichten\/#website","url":"https:\/\/www.strassenweb.de\/nachrichten\/","name":"Stra\u00dfenweb","description":"Stra\u00dfenverzeichnis f\u00fcr Deutschland","publisher":{"@id":"https:\/\/www.strassenweb.de\/nachrichten\/#organization"},"potentialAction":[{"@type":"SearchAction","target":{"@type":"EntryPoint","urlTemplate":"https:\/\/www.strassenweb.de\/nachrichten\/?s={search_term_string}"},"query-input":{"@type":"PropertyValueSpecification","valueRequired":true,"valueName":"search_term_string"}}],"inLanguage":"de"},{"@type":"Organization","@id":"https:\/\/www.strassenweb.de\/nachrichten\/#organization","name":"Stra\u00dfenweb","url":"https:\/\/www.strassenweb.de\/nachrichten\/","logo":{"@type":"ImageObject","inLanguage":"de","@id":"https:\/\/www.strassenweb.de\/nachrichten\/#\/schema\/logo\/image\/","url":"https:\/\/www.strassenweb.de\/nachrichten\/wp-content\/uploads\/2024\/09\/cropped-favicon.png","contentUrl":"https:\/\/www.strassenweb.de\/nachrichten\/wp-content\/uploads\/2024\/09\/cropped-favicon.png","width":512,"height":512,"caption":"Stra\u00dfenweb"},"image":{"@id":"https:\/\/www.strassenweb.de\/nachrichten\/#\/schema\/logo\/image\/"},"sameAs":["https:\/\/www.facebook.com\/strassenweb\/"]},{"@type":"Person","@id":"https:\/\/www.strassenweb.de\/nachrichten\/#\/schema\/person\/87c9c9067f1211da429a744dc5a5aa41","name":"Robert Hoffmann","image":{"@type":"ImageObject","inLanguage":"de","@id":"https:\/\/www.strassenweb.de\/nachrichten\/wp-content\/uploads\/2024\/09\/strassenweb-150x150.jpg","url":"https:\/\/www.strassenweb.de\/nachrichten\/wp-content\/uploads\/2024\/09\/strassenweb-150x150.jpg","contentUrl":"https:\/\/www.strassenweb.de\/nachrichten\/wp-content\/uploads\/2024\/09\/strassenweb-150x150.jpg","caption":"Robert Hoffmann"},"description":"Ich hei\u00dfe Robert Hoffmann und ich bin ein leidenschaftlicher Verfechter von \u00d6kologie und Biodiversit\u00e4t. Seit meiner Kindheit in den W\u00e4ldern Bayerns f\u00fchle ich mich mit der Natur verbunden und bin entschlossen, sie zu sch\u00fctzen. Heute widme ich mein Leben der Sensibilisierung anderer f\u00fcr die Bedeutung des Umweltschutzes f\u00fcr zuk\u00fcnftige Generationen.","sameAs":["https:\/\/www.strassenweb.de\/"]}]}},"_links":{"self":[{"href":"https:\/\/www.strassenweb.de\/nachrichten\/wp-json\/wp\/v2\/posts\/1469","targetHints":{"allow":["GET"]}}],"collection":[{"href":"https:\/\/www.strassenweb.de\/nachrichten\/wp-json\/wp\/v2\/posts"}],"about":[{"href":"https:\/\/www.strassenweb.de\/nachrichten\/wp-json\/wp\/v2\/types\/post"}],"author":[{"embeddable":true,"href":"https:\/\/www.strassenweb.de\/nachrichten\/wp-json\/wp\/v2\/users\/1"}],"replies":[{"embeddable":true,"href":"https:\/\/www.strassenweb.de\/nachrichten\/wp-json\/wp\/v2\/comments?post=1469"}],"version-history":[{"count":0,"href":"https:\/\/www.strassenweb.de\/nachrichten\/wp-json\/wp\/v2\/posts\/1469\/revisions"}],"wp:featuredmedia":[{"embeddable":true,"href":"https:\/\/www.strassenweb.de\/nachrichten\/wp-json\/wp\/v2\/media\/1470"}],"wp:attachment":[{"href":"https:\/\/www.strassenweb.de\/nachrichten\/wp-json\/wp\/v2\/media?parent=1469"}],"wp:term":[{"taxonomy":"category","embeddable":true,"href":"https:\/\/www.strassenweb.de\/nachrichten\/wp-json\/wp\/v2\/categories?post=1469"},{"taxonomy":"post_tag","embeddable":true,"href":"https:\/\/www.strassenweb.de\/nachrichten\/wp-json\/wp\/v2\/tags?post=1469"}],"curies":[{"name":"wp","href":"https:\/\/api.w.org\/{rel}","templated":true}]}}